{"id":9121,"date":"2025-02-21T12:09:00","date_gmt":"2025-02-21T15:09:00","guid":{"rendered":"https:\/\/www.mobly.com.br\/blog\/?p=9121"},"modified":"2025-05-21T15:38:04","modified_gmt":"2025-05-21T18:38:04","slug":"como-escolher-sofa","status":"publish","type":"post","link":"https:\/\/www.mobly.com.br\/blog\/dicas\/como-escolher-sofa\/","title":{"rendered":"O guia definitivo em 7 passos para saber como escolher o sof\u00e1 perfeito"},"content":{"rendered":"\n<p>Afinal, <strong>como escolher sof\u00e1<\/strong>? N\u00e3o h\u00e1 d\u00favidas quanto ao protagonismo desse m\u00f3vel na sua casa, seja na sala de estar ou no escrit\u00f3rio, ele tem um lugar de destaque na decora\u00e7\u00e3o &#8211; e no uso. Vers\u00e1til, ele pode desempenhar in\u00fameras fun\u00e7\u00f5es, desde acomodar a fam\u00edlia e amigos para um bom papo ou assistir alguma programa\u00e7\u00e3o na TV, at\u00e9 servir de cama para eventuais h\u00f3spedes.<\/p>\n\n\n\n<p>Al\u00e9m disso, o <strong>sof\u00e1 para sala pequena<\/strong> ou grande tem a fun\u00e7\u00e3o de delimitar o espa\u00e7o no ambiente em rela\u00e7\u00e3o ao resto dos m\u00f3veis, servindo como um par\u00e2metro para a mesa de centro, poltronas, tapete, rack e outros m\u00f3veis.&nbsp;<\/p>\n\n\n\n<p>Mas esse \u00e9 o tipo de <a href=\"https:\/\/www.mobly.com.br\/moveis?utm_source=blog&amp;utm_medium=link&amp;utm_campaign=post_Dicas_NA_como-escolher-o-sofa-perfeito\">m\u00f3vel<\/a> que possui in\u00fameras configura\u00e7\u00f5es diferentes, assim como tamanhos, cores e formatos. Por isso, al\u00e9m do destaque est\u00e9tico que o sof\u00e1 proporciona \u00e0 decora\u00e7\u00e3o, ele pode trazer muitas outras vantagens. Veja as nossas dicas para ajudar a escolher o seu!<\/p>\n\n\n\n<h2 class=\"wp-block-heading\">1 \u2013 Decida o ambiente em que o sof\u00e1 ser\u00e1 usado<\/h2>\n\n\n\n<figure class=\"wp-block-image size-full\"><img loading=\"lazy\" decoding=\"async\" width=\"792\" height=\"489\" src=\"https:\/\/www.mobly.com.br\/blog\/wp-content\/uploads\/2025\/02\/como-escolher-sofa.jpg\" alt=\"sugest\u00f5es para saber como escolher sof\u00e1 em uma sala de estar com sof\u00e1 branco, mesa de centro, bancos e itens decorativos\" class=\"wp-image-20833\" srcset=\"https:\/\/www.mobly.com.br\/blog\/wp-content\/uploads\/2025\/02\/como-escolher-sofa.jpg 792w, https:\/\/www.mobly.com.br\/blog\/wp-content\/uploads\/2025\/02\/como-escolher-sofa-512x316.jpg 512w, https:\/\/www.mobly.com.br\/blog\/wp-content\/uploads\/2025\/02\/como-escolher-sofa-768x474.jpg 768w\" sizes=\"auto, (max-width: 792px) 100vw, 792px\" \/><\/figure>\n\n\n\n<p>Na hora de escolher o sof\u00e1 ideal, o primeiro passo \u00e9 determinar o lugar em que ele vai ser usado, ou seja, na sala de estar, de TV, no quarto de h\u00f3spedes ou no <a href=\"https:\/\/www.mobly.com.br\/moveis\/moveis-escritorio?utm_source=blog&amp;utm_medium=link&amp;utm_campaign=post_Dicas_NA_como-escolher-o-sofa-perfeito\">escrit\u00f3rio<\/a>, por exemplo.<\/p>\n\n\n\n<p>Isso porque o ambiente vai influenciar diretamente no tipo de sof\u00e1 e na finalidade dele. Um modelo para uma sala grande de TV, por exemplo, deve ser macio e profundo, podendo at\u00e9 ser alongado por uma chaise, para ter mais conforto e esticar as pernas enquanto aproveita um bom filme.<\/p>\n\n\n\n<p>Por outro lado, o mesmo sof\u00e1 n\u00e3o seria ideal em uma sala de estar pequena, onde \u00e9 preciso otimizar o espa\u00e7o dispon\u00edvel. Nesse caso, voc\u00ea pode optar por um modelo retr\u00e1til ou do tipo sof\u00e1-cama. Outra dica \u00e9 maximizar o espa\u00e7o usando puffs e <a href=\"https:\/\/www.mobly.com.br\/moveis\/poltronas-sala\">poltronas<\/a> para adicionar ainda mais conforto e esticar os p\u00e9s, al\u00e9m de almofadas confort\u00e1veis.<\/p>\n\n\n\n<h2 class=\"wp-block-heading\">2 \u2013 Escolha o modelo de sof\u00e1 baseado na utilidade<\/h2>\n\n\n\n<p>Outro fator importante a ser considerado ao escolher entre os <strong>modelos de sof\u00e1 para sala<\/strong>, \u00e9&nbsp; em rela\u00e7\u00e3o \u00e0 utilidade. Assim como considerar o ambiente, definir o que voc\u00ea espera do sof\u00e1 \u00e9 fundamental para que ele seja \u00fatil. Como vimos acima, cada op\u00e7\u00e3o vai desempenhar uma fun\u00e7\u00e3o espec\u00edfica, dependendo do ambiente em que vai ser colocado.<\/p>\n\n\n\n<h3 class=\"wp-block-heading\">Sof\u00e1 retr\u00e1til ou reclin\u00e1vel<\/h3>\n\n\n\n<p>Um modelo de <a href=\"https:\/\/www.mobly.com.br\/moveis\/sofas?utm_source=blog&amp;utm_medium=link&amp;utm_campaign=post_Dicas_NA_como-escolher-o-sofa-perfeito\">sof\u00e1 retr\u00e1til<\/a> ou reclin\u00e1vel traz a vantagem de poder se adaptar \u00e0s suas necessidades do momento, ou seja, reclinar quando quiser relaxar com mais conforto, esticando as pernas ou deitando para tirar um cochilo.<\/p>\n\n\n\n<h3 class=\"wp-block-heading\">Sof\u00e1 fixo<\/h3>\n\n\n\n<p>A op\u00e7\u00e3o de sof\u00e1 fixo \u00e9 a mais simples e tradicional, porque estruturalmente n\u00e3o tem qualquer tipo de movimenta\u00e7\u00e3o de assento e de encosto. Essa \u00e9 uma escolha bastante popular, j\u00e1 que \u00e9 f\u00e1cil de ser inserido em qualquer ambiente, mesmo sendo menor, com a possibilidade de escolher entre 2 a 3 lugares, ou at\u00e9 mais, dependendo do espa\u00e7o dispon\u00edvel.<\/p>\n\n\n\n<h3 class=\"wp-block-heading\">Sof\u00e1-cama<\/h3>\n\n\n\n<p>Esse modelo de <strong>sof\u00e1 para sala de estar<\/strong> vale o investimento, principalmente para quem mora em casa ou apartamento com pouco espa\u00e7o ou menos c\u00f4modos. Atualmente, existem diversos modelos bastante confort\u00e1veis, tanto quando usados para sentar e receber quanto para dormir. Ele pode ser usado em v\u00e1rios ambientes, seja sala, quarto ou escrit\u00f3rio.<\/p>\n\n\n\n<p>O <a href=\"https:\/\/www.mobly.com.br\/moveis\/sofas-camas?utm_source=blog&amp;utm_medium=link&amp;utm_campaign=post_Dicas_NA_como-escolher-o-sofa-perfeito\">sof\u00e1-cama<\/a> tamb\u00e9m permite movimentar a estrutura para se transformar em cama e vice-versa, com muita facilidade. Essa \u00e9 uma solu\u00e7\u00e3o bem pr\u00e1tica para quem costuma receber h\u00f3spedes ou n\u00e3o tem muito espa\u00e7o dispon\u00edvel. Eles podem ser encontrados em vers\u00f5es de casal ou solteiro, em v\u00e1rios modelos.<\/p>\n\n\n\n<h3 class=\"wp-block-heading\">Sof\u00e1 de canto<\/h3>\n\n\n\n<p>Se o espa\u00e7o n\u00e3o \u00e9 um problema na sua casa, o sof\u00e1 de canto \u00e9 uma excelente escolha. Isso porque ele foi desenvolvido para acomodar v\u00e1rias pessoas (4, 5 ou 6 lugares, e varia\u00e7\u00f5es), al\u00e9m de ter v\u00e1rias configura\u00e7\u00f5es diferentes, oferecendo mais possibilidades para explorar o espa\u00e7o \u00fatil do c\u00f4modo.<\/p>\n\n\n\n<p>Ent\u00e3o, outra vantagem desse <strong>sof\u00e1 para salas grandes<\/strong> \u00e9 que, embora ocupe mais espa\u00e7o por ser uma pe\u00e7a maior, o formato em \u201cL\u201d ajuda a aproximar as pessoas no ambiente, tornando-se excelente para entreter visitas. Eles podem ser encontrados em modelos fixo, retr\u00e1til ou com chaise, que pode ficar do lado direito ou esquerdo da pe\u00e7a, conforme a necessidade.<\/p>\n\n\n\n<h3 class=\"wp-block-heading\">3 \u2013 Determine o tamanho ideal do sof\u00e1<\/h3>\n\n\n\n<figure class=\"wp-block-image size-full\"><img loading=\"lazy\" decoding=\"async\" width=\"792\" height=\"489\" src=\"https:\/\/www.mobly.com.br\/blog\/wp-content\/uploads\/2025\/02\/sofa-para-sala-pequena\u200b.jpg\" alt=\"sof\u00e1 para sala pequena em um ambiente com parede azul, nichos, sof\u00e1 fixo cinza e diversas almofadas e mantas\" class=\"wp-image-20835\" srcset=\"https:\/\/www.mobly.com.br\/blog\/wp-content\/uploads\/2025\/02\/sofa-para-sala-pequena\u200b.jpg 792w, https:\/\/www.mobly.com.br\/blog\/wp-content\/uploads\/2025\/02\/sofa-para-sala-pequena\u200b-512x316.jpg 512w, https:\/\/www.mobly.com.br\/blog\/wp-content\/uploads\/2025\/02\/sofa-para-sala-pequena\u200b-768x474.jpg 768w\" sizes=\"auto, (max-width: 792px) 100vw, 792px\" \/><\/figure>\n\n\n\n<p>O tamanho do sof\u00e1 vai ser determinado pelo espa\u00e7o dispon\u00edvel no seu ambiente. O melhor a fazer \u00e9 medir o c\u00f4modo com um todo e fazer uma esp\u00e9cie de planta baixa com todos os m\u00f3veis que deseja combinar.<\/p>\n\n\n\n<p>Considere um m\u00ednimo de 60 cm livre de cada lado do sof\u00e1, al\u00e9m do espa\u00e7o de circula\u00e7\u00e3o entre os outros m\u00f3veis, como poltronas, <a href=\"https:\/\/www.mobly.com.br\/moveis\/mesas-de-centro?utm_source=blog&amp;utm_medium=link&amp;utm_campaign=post_Dicas_NA_como-escolher-o-sofa-perfeito\">mesas de centro<\/a> e de canto. Os modelos de 2 lugares, por exemplo, costumam medir em torno de 160 cm e os de 3 lugares em torno de 200 cm.<\/p>\n\n\n\n<p>Tente evitar sof\u00e1s com profundidade maior do que 100 cm em ambientes pequenos. As op\u00e7\u00f5es com p\u00e9s aparentes d\u00e3o impress\u00e3o de leveza aos espa\u00e7os e funcionam bem em ambientes pequenos. N\u00e3o se esque\u00e7a de medir a largura das portas, elevadores, escadas e outras passagens para garantir que o sof\u00e1 vai poder ser entregue sem dificuldade.<\/p>\n\n\n\n<h3 class=\"wp-block-heading\">4 \u2013 Aten\u00e7\u00e3o ao tecido e \u00e0 espuma do estofado<\/h3>\n\n\n\n<p>Tanto o revestimento do sof\u00e1 quanto a espuma fazem toda a diferen\u00e7a, mas a escolha vai de gosto e do seu estilo preferido. No caso da espuma, \u00e9 preciso considerar o peso de quem vai usar esse m\u00f3vel com frequ\u00eancia.<\/p>\n\n\n\n<p>Em geral, os assentos entre D28 e D33 s\u00e3o os mais utilizados, oferecendo mais firmeza e conforto. J\u00e1 as percintas el\u00e1sticas, que ajudam a sustentar toda essa espuma, conferem uma camada extra de maciez e flexibilidade. E o revestimento \u00e9 o que vai dar a apar\u00eancia e charme est\u00e9tico, determinando tamb\u00e9m o estilo em rela\u00e7\u00e3o \u00e0 decora\u00e7\u00e3o do ambiente.&nbsp;<\/p>\n\n\n\n<p>Mas o tecido de revestimento tamb\u00e9m est\u00e1 ligado diretamente ao uso. O suede, por exemplo, \u00e9 um dos tecidos mais usados, por ser macio ao toque e n\u00e3o arranhar. Outras op\u00e7\u00f5es como linho cotton, linho poli\u00e9ster, corino e couro tem propostas diferentes ao toque, mas atendem a maioria dos gostos.<\/p>\n\n\n\n<h4 class=\"wp-block-heading\">Linho<\/h4>\n\n\n\n<p>Pode ser natural ou misto, com fibras sint\u00e9ticas para maior durabilidade. O linho sint\u00e9tico tem a vantagem de poder ser impermeabilizado e n\u00e3o amassar, mas o linho natural tem toque macio e textura \u201camassada\u201d que d\u00e3o uma apar\u00eancia aconchegante e r\u00fastica.<\/p>\n\n\n\n<h4 class=\"wp-block-heading\">Chenille<\/h4>\n\n\n\n<p>Muito popular pela durabilidade e pre\u00e7o, embora n\u00e3o seja um dos mais bonitos. Caso o seu or\u00e7amento s\u00f3 permita esse revestimento, opte por modelos de pouco brilho e trama fechada.<\/p>\n\n\n\n<h4 class=\"wp-block-heading\">Suede<\/h4>\n\n\n\n<p>Muito popular e resistente, mas com um toque mais macio que o chenille. Mas evite o estilo \u201cmolhado\u201d e brilhante. Ele parece muito com o veludo, mas tem a composi\u00e7\u00e3o com poli\u00e9ster, o que oferece mais conforto e durabilidade, uma boa op\u00e7\u00e3o para ter um <strong>sof\u00e1 moderno para sala grande<\/strong>\u200b.<\/p>\n\n\n\n<h3 class=\"wp-block-heading\">5 \u2013 Determine a cor do tecido<\/h3>\n\n\n\n<figure class=\"wp-block-image size-large\"><img loading=\"lazy\" decoding=\"async\" width=\"1024\" height=\"685\" src=\"https:\/\/www.mobly.com.br\/blog\/wp-content\/uploads\/2023\/04\/Limpeza-de-sofa-com-manchas-1024x685.jpg\" alt=\"entre os modelos de sof\u00e1 para sala, um modelo pequeno fixo de dois lugares, com puff, mesas laterais e diversos itens de decora\u00e7\u00e3o\" class=\"wp-image-20144\" srcset=\"https:\/\/www.mobly.com.br\/blog\/wp-content\/uploads\/2023\/04\/Limpeza-de-sofa-com-manchas-1024x685.jpg 1024w, https:\/\/www.mobly.com.br\/blog\/wp-content\/uploads\/2023\/04\/Limpeza-de-sofa-com-manchas-512x343.jpg 512w, https:\/\/www.mobly.com.br\/blog\/wp-content\/uploads\/2023\/04\/Limpeza-de-sofa-com-manchas-768x514.jpg 768w, https:\/\/www.mobly.com.br\/blog\/wp-content\/uploads\/2023\/04\/Limpeza-de-sofa-com-manchas-1536x1028.jpg 1536w, https:\/\/www.mobly.com.br\/blog\/wp-content\/uploads\/2023\/04\/Limpeza-de-sofa-com-manchas.jpg 1674w\" sizes=\"auto, (max-width: 1024px) 100vw, 1024px\" \/><\/figure>\n\n\n\n<p>A cor do tecido que reveste o sof\u00e1 \u00e9 importante para que ele componha a decora\u00e7\u00e3o do ambiente de forma adequada e combine com o resto dos m\u00f3veis. Mas, ela tamb\u00e9m depende do destaque que voc\u00ea quer dar \u00e0 pe\u00e7a, al\u00e9m de impactar no uso.<\/p>\n\n\n\n<p>Cores escuras, por exemplo, podem esconder melhor a sujeira e eventuais manchas, sendo mais indicadas para quem tem crian\u00e7as e animais de estima\u00e7\u00e3o em casa. Caso a sua op\u00e7\u00e3o seja um sof\u00e1 escuro, mas o piso tamb\u00e9m \u00e9 escuro, utilize um tapete claro para criar contraste e destacar esse m\u00f3vel, criando tamb\u00e9m uma harmonia no ambiente.<\/p>\n\n\n\n<p>Assim, avalie tamb\u00e9m a cor \u201cbase\u201d do ambiente, ou seja, as cores do piso e das paredes. Se as suas paredes e o piso s\u00e3o claros, voc\u00ea pode usar um sof\u00e1 escuro ou claro, mesclando acess\u00f3rios com texturas naturais ou cores vibrantes.<\/p>\n\n\n\n<p>J\u00e1 os sof\u00e1s em cores neutras s\u00e3o uma escolha segura e voc\u00ea vai poder abusar de muitas texturas e outras cores para acentuar a decora\u00e7\u00e3o. Agora, se voc\u00ea quiser ousar com uma op\u00e7\u00e3o com um tom vibrante ou estampado, escolha primeiro a pe\u00e7a, depois o resto dos m\u00f3veis e <a href=\"https:\/\/www.mobly.com.br\/decoracao\/acessorios-decoracao?utm_source=blog&amp;utm_medium=link&amp;utm_campaign=post_Dicas_NA_como-escolher-o-sofa-perfeito\">acess\u00f3rios decorativos<\/a> em fun\u00e7\u00e3o dele.<\/p>\n\n\n\n<h3 class=\"wp-block-heading\">6 \u2013 Defina o seu or\u00e7amento e pesquise<\/h3>\n\n\n\n<p>Al\u00e9m das varia\u00e7\u00f5es em modelos, os sof\u00e1s tamb\u00e9m trazem uma infinita variedade de pre\u00e7os. Por isso, defina o seu or\u00e7amento, entre uma faixa consider\u00e1vel de pre\u00e7os. pesquise na internet os modelos de sof\u00e1 dispon\u00edveis no mercado para descobrir os quais se encaixam na sua faixa de pre\u00e7o.&nbsp;<\/p>\n\n\n\n<p>Se o or\u00e7amento \u00e9 apertado, procure por modelos simples, de linhas retas e propor\u00e7\u00f5es equilibradas, mas fuja dos modelos baratos demais, eles costumam pecar pela qualidade, durabilidade e, principalmente, conforto. Depois de pesquisar bastante, mantenha a sua mente aberta para as adequa\u00e7\u00f5es, mudando a cor, tecido, estilo ou tamanho desejado.<\/p>\n\n\n\n<h3 class=\"wp-block-heading\">7 \u2013 Compare o modelo com o restante dos m\u00f3veis<\/h3>\n\n\n\n<p>Antes de decidir pelo modelo definitivo, selecione 2 ou 3 modelos, que atendam \u00e0s suas prefer\u00eancias e expectativas para compar\u00e1-los com o que voc\u00ea j\u00e1 tem em casa e que ser\u00e1 usado no mesmo c\u00f4modo. Como por exemplo, o <a href=\"https:\/\/www.mobly.com.br\/decoracao\/tapetes?utm_source=blog&amp;utm_medium=link&amp;utm_campaign=post_Dicas_NA_como-escolher-o-sofa-perfeito\">tapete<\/a>, mesas, poltronas, almofadas, quadros, etc.<\/p>\n\n\n\n<h2 class=\"wp-block-heading\">Hora de escolher o seu novo sof\u00e1 para deixar sua sala confort\u00e1vel e com sua personalidade!<\/h2>\n\n\n\n<figure class=\"wp-block-image size-full\"><img loading=\"lazy\" decoding=\"async\" width=\"1000\" height=\"618\" src=\"https:\/\/www.mobly.com.br\/blog\/wp-content\/uploads\/2023\/02\/tons_de_rosa_12.jpg\" alt=\"sof\u00e1 para sala pequena, mesa lateral, poltrona, estantes e v\u00e1rios itens de decora\u00e7\u00e3o\" class=\"wp-image-19987\" srcset=\"https:\/\/www.mobly.com.br\/blog\/wp-content\/uploads\/2023\/02\/tons_de_rosa_12.jpg 1000w, https:\/\/www.mobly.com.br\/blog\/wp-content\/uploads\/2023\/02\/tons_de_rosa_12-512x316.jpg 512w, https:\/\/www.mobly.com.br\/blog\/wp-content\/uploads\/2023\/02\/tons_de_rosa_12-768x475.jpg 768w\" sizes=\"auto, (max-width: 1000px) 100vw, 1000px\" \/><\/figure>\n\n\n\n<p>Pronto! Agora s\u00f3 vai faltar comprar o <a href=\"https:\/\/www.mobly.com.br\/moveis\/sofas?utm_source=blog&amp;utm_medium=link&amp;utm_campaign=post_Dicas_NA_como-escolher-o-sofa-perfeito\">sof\u00e1<\/a>! Encontre o seu modelo preferido, pe\u00e7a um or\u00e7amento detalhado com valores, descontos, custos de entrega, prazos de pagamento e informa\u00e7\u00f5es sobre a pol\u00edtica de devolu\u00e7\u00e3o. Depois, \u00e9 s\u00f3 fazer a sua compra e aproveitar para relaxar no seu m\u00f3vel novo!<\/p>\n\n\n\n<p>Curtiu saber mais sobre como escolher sof\u00e1? Ent\u00e3o, continue com a gente, aqui no blog da Mobly, e continue com as nossas dicas de <a href=\"https:\/\/www.mobly.com.br\/blog\/por-ambientes\/estante-para-sala\/\">como escolher estante<\/a>, ideias para montar uma sala moderna e muito mais!&nbsp;<\/p>\n<button class=\"simplefavorite-button has-count loading\" data-postid=\"9121\" data-siteid=\"1\" data-groupid=\"1\" data-favoritecount=\"2\" style=\"\">Carregando...<span class=\"sf-icon-spinner-wrapper\"><i class=\"sf-icon-spinner\"><\/i><\/span><\/button>","protected":false},"excerpt":{"rendered":"<p>Afinal, como escolher sof\u00e1? N\u00e3o h\u00e1 d\u00favidas quanto ao protagonismo desse m\u00f3vel na sua casa, seja na sala de estar ou no escrit\u00f3rio, ele tem um lugar de destaque na decora\u00e7\u00e3o &#8211; e no uso. Vers\u00e1til, ele pode desempenhar in\u00fameras fun\u00e7\u00f5es, desde acomodar a fam\u00edlia e amigos para um bom papo ou assistir alguma programa\u00e7\u00e3o na TV, at\u00e9 servir de cama para eventuais h\u00f3spedes. Al\u00e9m disso, o sof\u00e1 para sala pequena ou grande tem a fun\u00e7\u00e3o de delimitar o espa\u00e7o no ambiente em rela\u00e7\u00e3o ao resto dos m\u00f3veis, servindo como um par\u00e2metro para a mesa de centro, poltronas, tapete, rack e outros m\u00f3veis.&nbsp; Mas esse \u00e9 o tipo de m\u00f3vel que possui in\u00fameras configura\u00e7\u00f5es diferentes, assim como tamanhos, cores e formatos. Por isso, al\u00e9m do destaque est\u00e9tico que o sof\u00e1 proporciona \u00e0 decora\u00e7\u00e3o, ele pode trazer muitas outras vantagens. Veja as nossas dicas para ajudar a escolher o seu! 1 \u2013 Decida o ambiente em que o sof\u00e1 ser\u00e1 usado Na hora de escolher o sof\u00e1 ideal, o primeiro passo \u00e9 determinar o lugar em que ele vai ser usado, ou seja, na sala de estar, de TV, no quarto de h\u00f3spedes ou no escrit\u00f3rio, por exemplo. Isso porque o [&hellip;]<\/p>\n","protected":false},"author":30,"featured_media":9124,"comment_status":"closed","ping_status":"closed","sticky":false,"template":"","format":"standard","meta":{"extendify_custom_stylesheet":"","_mi_skip_tracking":false,"_monsterinsights_skip_tracking":false,"_monsterinsights_sitenote_active":false,"_monsterinsights_sitenote_note":"","_monsterinsights_sitenote_category":0,"footnotes":""},"categories":[10],"tags":[484,16,256,255],"class_list":["post-9121","post","type-post","status-publish","format-standard","has-post-thumbnail","hentry","category-dicas","tag-decoracao-sala-de-estar","tag-sala-de-estar","tag-sofa","tag-sofa-ideal"],"yoast_head":"<!-- This site is optimized with the Yoast SEO plugin v24.9 - https:\/\/yoast.com\/wordpress\/plugins\/seo\/ -->\n<title>Voc\u00ea sabe como escolher sof\u00e1? Confira o guia completo!<\/title>\n<meta name=\"description\" content=\"Que tal saber como escolher sof\u00e1 para a sua casa? Vem ver o nosso guia completo para encontrar o melhor modelo para voc\u00ea!\" \/>\n<meta name=\"robots\" content=\"index, follow, max-snippet:-1, max-image-preview:large, max-video-preview:-1\" \/>\n<link rel=\"canonical\" href=\"https:\/\/www.mobly.com.br\/blog\/dicas\/como-escolher-sofa\/\" \/>\n<meta property=\"og:locale\" content=\"pt_BR\" \/>\n<meta property=\"og:type\" content=\"article\" \/>\n<meta property=\"og:title\" content=\"Voc\u00ea sabe como escolher sof\u00e1? Confira o guia completo!\" \/>\n<meta property=\"og:description\" content=\"Que tal saber como escolher sof\u00e1 para a sua casa? Vem ver o nosso guia completo para encontrar o melhor modelo para voc\u00ea!\" \/>\n<meta property=\"og:url\" content=\"https:\/\/www.mobly.com.br\/blog\/dicas\/como-escolher-sofa\/\" \/>\n<meta property=\"og:site_name\" content=\"Blog da Mobly\" \/>\n<meta property=\"article:published_time\" content=\"2025-02-21T15:09:00+00:00\" \/>\n<meta property=\"article:modified_time\" content=\"2025-05-21T18:38:04+00:00\" \/>\n<meta property=\"og:image\" content=\"https:\/\/www.mobly.com.br\/blog\/wp-content\/uploads\/2020\/03\/1-O-guia-definitivo-em-7-passos-para-escolher-o-sof\u00e1-perfeito.jpg\" \/>\n\t<meta property=\"og:image:width\" content=\"1024\" \/>\n\t<meta property=\"og:image:height\" content=\"665\" \/>\n\t<meta property=\"og:image:type\" content=\"image\/jpeg\" \/>\n<meta name=\"author\" content=\"Portal Total Constru\u00e7\u00e3o\" \/>\n<meta name=\"twitter:card\" content=\"summary_large_image\" \/>\n<meta name=\"twitter:label1\" content=\"Escrito por\" \/>\n\t<meta name=\"twitter:data1\" content=\"Portal Total Constru\u00e7\u00e3o\" \/>\n\t<meta name=\"twitter:label2\" content=\"Est. tempo de leitura\" \/>\n\t<meta name=\"twitter:data2\" content=\"10 minutos\" \/>\n<script type=\"application\/ld+json\" class=\"yoast-schema-graph\">{\"@context\":\"https:\/\/schema.org\",\"@graph\":[{\"@type\":\"WebPage\",\"@id\":\"https:\/\/www.mobly.com.br\/blog\/dicas\/como-escolher-sofa\/\",\"url\":\"https:\/\/www.mobly.com.br\/blog\/dicas\/como-escolher-sofa\/\",\"name\":\"Voc\u00ea sabe como escolher sof\u00e1? Confira o guia completo!\",\"isPartOf\":{\"@id\":\"https:\/\/www.mobly.com.br\/blog\/#website\"},\"primaryImageOfPage\":{\"@id\":\"https:\/\/www.mobly.com.br\/blog\/dicas\/como-escolher-sofa\/#primaryimage\"},\"image\":{\"@id\":\"https:\/\/www.mobly.com.br\/blog\/dicas\/como-escolher-sofa\/#primaryimage\"},\"thumbnailUrl\":\"https:\/\/www.mobly.com.br\/blog\/wp-content\/uploads\/2020\/03\/1-O-guia-definitivo-em-7-passos-para-escolher-o-sof\u00e1-perfeito.jpg\",\"datePublished\":\"2025-02-21T15:09:00+00:00\",\"dateModified\":\"2025-05-21T18:38:04+00:00\",\"author\":{\"@id\":\"https:\/\/www.mobly.com.br\/blog\/#\/schema\/person\/ff6fd4504fcd6b7a44533b71f014b73d\"},\"description\":\"Que tal saber como escolher sof\u00e1 para a sua casa? Vem ver o nosso guia completo para encontrar o melhor modelo para voc\u00ea!\",\"breadcrumb\":{\"@id\":\"https:\/\/www.mobly.com.br\/blog\/dicas\/como-escolher-sofa\/#breadcrumb\"},\"inLanguage\":\"pt-BR\",\"potentialAction\":[{\"@type\":\"ReadAction\",\"target\":[\"https:\/\/www.mobly.com.br\/blog\/dicas\/como-escolher-sofa\/\"]}]},{\"@type\":\"ImageObject\",\"inLanguage\":\"pt-BR\",\"@id\":\"https:\/\/www.mobly.com.br\/blog\/dicas\/como-escolher-sofa\/#primaryimage\",\"url\":\"https:\/\/www.mobly.com.br\/blog\/wp-content\/uploads\/2020\/03\/1-O-guia-definitivo-em-7-passos-para-escolher-o-sof\u00e1-perfeito.jpg\",\"contentUrl\":\"https:\/\/www.mobly.com.br\/blog\/wp-content\/uploads\/2020\/03\/1-O-guia-definitivo-em-7-passos-para-escolher-o-sof\u00e1-perfeito.jpg\",\"width\":1024,\"height\":665,\"caption\":\"dicas para saber como escolher sof\u00e1, com um modelo fixo azul, mesa de centro, aparador e diversos itens decorativos\"},{\"@type\":\"BreadcrumbList\",\"@id\":\"https:\/\/www.mobly.com.br\/blog\/dicas\/como-escolher-sofa\/#breadcrumb\",\"itemListElement\":[{\"@type\":\"ListItem\",\"position\":1,\"name\":\"Home\",\"item\":\"https:\/\/www.mobly.com.br\/blog\/\"},{\"@type\":\"ListItem\",\"position\":2,\"name\":\"Dicas\",\"item\":\"https:\/\/www.mobly.com.br\/blog\/dicas\/\"},{\"@type\":\"ListItem\",\"position\":3,\"name\":\"O guia definitivo em 7 passos para saber como escolher o sof\u00e1 perfeito\"}]},{\"@type\":\"WebSite\",\"@id\":\"https:\/\/www.mobly.com.br\/blog\/#website\",\"url\":\"https:\/\/www.mobly.com.br\/blog\/\",\"name\":\"Blog da Mobly\",\"description\":\"Dicas de Decora\u00e7\u00e3o, Inspira\u00e7\u00f5es e Mais\",\"potentialAction\":[{\"@type\":\"SearchAction\",\"target\":{\"@type\":\"EntryPoint\",\"urlTemplate\":\"https:\/\/www.mobly.com.br\/blog\/?s={search_term_string}\"},\"query-input\":{\"@type\":\"PropertyValueSpecification\",\"valueRequired\":true,\"valueName\":\"search_term_string\"}}],\"inLanguage\":\"pt-BR\"},{\"@type\":\"Person\",\"@id\":\"https:\/\/www.mobly.com.br\/blog\/#\/schema\/person\/ff6fd4504fcd6b7a44533b71f014b73d\",\"name\":\"Portal Total Constru\u00e7\u00e3o\",\"image\":{\"@type\":\"ImageObject\",\"inLanguage\":\"pt-BR\",\"@id\":\"https:\/\/www.mobly.com.br\/blog\/#\/schema\/person\/image\/\",\"url\":\"https:\/\/secure.gravatar.com\/avatar\/e5d8b161a68c137c889992087da3df59?s=96&d=mm&r=g\",\"contentUrl\":\"https:\/\/secure.gravatar.com\/avatar\/e5d8b161a68c137c889992087da3df59?s=96&d=mm&r=g\",\"caption\":\"Portal Total Constru\u00e7\u00e3o\"},\"url\":\"https:\/\/www.mobly.com.br\/blog\/author\/p-c\/\"}]}<\/script>\n<!-- \/ Yoast SEO plugin. -->","yoast_head_json":{"title":"Voc\u00ea sabe como escolher sof\u00e1? Confira o guia completo!","description":"Que tal saber como escolher sof\u00e1 para a sua casa? Vem ver o nosso guia completo para encontrar o melhor modelo para voc\u00ea!","robots":{"index":"index","follow":"follow","max-snippet":"max-snippet:-1","max-image-preview":"max-image-preview:large","max-video-preview":"max-video-preview:-1"},"canonical":"https:\/\/www.mobly.com.br\/blog\/dicas\/como-escolher-sofa\/","og_locale":"pt_BR","og_type":"article","og_title":"Voc\u00ea sabe como escolher sof\u00e1? Confira o guia completo!","og_description":"Que tal saber como escolher sof\u00e1 para a sua casa? Vem ver o nosso guia completo para encontrar o melhor modelo para voc\u00ea!","og_url":"https:\/\/www.mobly.com.br\/blog\/dicas\/como-escolher-sofa\/","og_site_name":"Blog da Mobly","article_published_time":"2025-02-21T15:09:00+00:00","article_modified_time":"2025-05-21T18:38:04+00:00","og_image":[{"width":1024,"height":665,"url":"https:\/\/www.mobly.com.br\/blog\/wp-content\/uploads\/2020\/03\/1-O-guia-definitivo-em-7-passos-para-escolher-o-sof\u00e1-perfeito.jpg","type":"image\/jpeg"}],"author":"Portal Total Constru\u00e7\u00e3o","twitter_card":"summary_large_image","twitter_misc":{"Escrito por":"Portal Total Constru\u00e7\u00e3o","Est. tempo de leitura":"10 minutos"},"schema":{"@context":"https:\/\/schema.org","@graph":[{"@type":"WebPage","@id":"https:\/\/www.mobly.com.br\/blog\/dicas\/como-escolher-sofa\/","url":"https:\/\/www.mobly.com.br\/blog\/dicas\/como-escolher-sofa\/","name":"Voc\u00ea sabe como escolher sof\u00e1? Confira o guia completo!","isPartOf":{"@id":"https:\/\/www.mobly.com.br\/blog\/#website"},"primaryImageOfPage":{"@id":"https:\/\/www.mobly.com.br\/blog\/dicas\/como-escolher-sofa\/#primaryimage"},"image":{"@id":"https:\/\/www.mobly.com.br\/blog\/dicas\/como-escolher-sofa\/#primaryimage"},"thumbnailUrl":"https:\/\/www.mobly.com.br\/blog\/wp-content\/uploads\/2020\/03\/1-O-guia-definitivo-em-7-passos-para-escolher-o-sof\u00e1-perfeito.jpg","datePublished":"2025-02-21T15:09:00+00:00","dateModified":"2025-05-21T18:38:04+00:00","author":{"@id":"https:\/\/www.mobly.com.br\/blog\/#\/schema\/person\/ff6fd4504fcd6b7a44533b71f014b73d"},"description":"Que tal saber como escolher sof\u00e1 para a sua casa? Vem ver o nosso guia completo para encontrar o melhor modelo para voc\u00ea!","breadcrumb":{"@id":"https:\/\/www.mobly.com.br\/blog\/dicas\/como-escolher-sofa\/#breadcrumb"},"inLanguage":"pt-BR","potentialAction":[{"@type":"ReadAction","target":["https:\/\/www.mobly.com.br\/blog\/dicas\/como-escolher-sofa\/"]}]},{"@type":"ImageObject","inLanguage":"pt-BR","@id":"https:\/\/www.mobly.com.br\/blog\/dicas\/como-escolher-sofa\/#primaryimage","url":"https:\/\/www.mobly.com.br\/blog\/wp-content\/uploads\/2020\/03\/1-O-guia-definitivo-em-7-passos-para-escolher-o-sof\u00e1-perfeito.jpg","contentUrl":"https:\/\/www.mobly.com.br\/blog\/wp-content\/uploads\/2020\/03\/1-O-guia-definitivo-em-7-passos-para-escolher-o-sof\u00e1-perfeito.jpg","width":1024,"height":665,"caption":"dicas para saber como escolher sof\u00e1, com um modelo fixo azul, mesa de centro, aparador e diversos itens decorativos"},{"@type":"BreadcrumbList","@id":"https:\/\/www.mobly.com.br\/blog\/dicas\/como-escolher-sofa\/#breadcrumb","itemListElement":[{"@type":"ListItem","position":1,"name":"Home","item":"https:\/\/www.mobly.com.br\/blog\/"},{"@type":"ListItem","position":2,"name":"Dicas","item":"https:\/\/www.mobly.com.br\/blog\/dicas\/"},{"@type":"ListItem","position":3,"name":"O guia definitivo em 7 passos para saber como escolher o sof\u00e1 perfeito"}]},{"@type":"WebSite","@id":"https:\/\/www.mobly.com.br\/blog\/#website","url":"https:\/\/www.mobly.com.br\/blog\/","name":"Blog da Mobly","description":"Dicas de Decora\u00e7\u00e3o, Inspira\u00e7\u00f5es e Mais","potentialAction":[{"@type":"SearchAction","target":{"@type":"EntryPoint","urlTemplate":"https:\/\/www.mobly.com.br\/blog\/?s={search_term_string}"},"query-input":{"@type":"PropertyValueSpecification","valueRequired":true,"valueName":"search_term_string"}}],"inLanguage":"pt-BR"},{"@type":"Person","@id":"https:\/\/www.mobly.com.br\/blog\/#\/schema\/person\/ff6fd4504fcd6b7a44533b71f014b73d","name":"Portal Total Constru\u00e7\u00e3o","image":{"@type":"ImageObject","inLanguage":"pt-BR","@id":"https:\/\/www.mobly.com.br\/blog\/#\/schema\/person\/image\/","url":"https:\/\/secure.gravatar.com\/avatar\/e5d8b161a68c137c889992087da3df59?s=96&d=mm&r=g","contentUrl":"https:\/\/secure.gravatar.com\/avatar\/e5d8b161a68c137c889992087da3df59?s=96&d=mm&r=g","caption":"Portal Total Constru\u00e7\u00e3o"},"url":"https:\/\/www.mobly.com.br\/blog\/author\/p-c\/"}]}},"_links":{"self":[{"href":"https:\/\/www.mobly.com.br\/blog\/wp-json\/wp\/v2\/posts\/9121","targetHints":{"allow":["GET"]}}],"collection":[{"href":"https:\/\/www.mobly.com.br\/blog\/wp-json\/wp\/v2\/posts"}],"about":[{"href":"https:\/\/www.mobly.com.br\/blog\/wp-json\/wp\/v2\/types\/post"}],"author":[{"embeddable":true,"href":"https:\/\/www.mobly.com.br\/blog\/wp-json\/wp\/v2\/users\/30"}],"replies":[{"embeddable":true,"href":"https:\/\/www.mobly.com.br\/blog\/wp-json\/wp\/v2\/comments?post=9121"}],"version-history":[{"count":8,"href":"https:\/\/www.mobly.com.br\/blog\/wp-json\/wp\/v2\/posts\/9121\/revisions"}],"predecessor-version":[{"id":21374,"href":"https:\/\/www.mobly.com.br\/blog\/wp-json\/wp\/v2\/posts\/9121\/revisions\/21374"}],"wp:featuredmedia":[{"embeddable":true,"href":"https:\/\/www.mobly.com.br\/blog\/wp-json\/wp\/v2\/media\/9124"}],"wp:attachment":[{"href":"https:\/\/www.mobly.com.br\/blog\/wp-json\/wp\/v2\/media?parent=9121"}],"wp:term":[{"taxonomy":"category","embeddable":true,"href":"https:\/\/www.mobly.com.br\/blog\/wp-json\/wp\/v2\/categories?post=9121"},{"taxonomy":"post_tag","embeddable":true,"href":"https:\/\/www.mobly.com.br\/blog\/wp-json\/wp\/v2\/tags?post=9121"}],"curies":[{"name":"wp","href":"https:\/\/api.w.org\/{rel}","templated":true}]}}