{"id":7909,"date":"2025-02-14T11:25:00","date_gmt":"2025-02-14T14:25:00","guid":{"rendered":"https:\/\/www.mobly.com.br\/blog\/?p=7909"},"modified":"2025-02-14T11:25:44","modified_gmt":"2025-02-14T14:25:44","slug":"sala-de-estar-pequena","status":"publish","type":"post","link":"https:\/\/www.mobly.com.br\/blog\/por-ambientes\/sala-de-estar-pequena\/","title":{"rendered":"Sala de estar pequena: dicas para aproveitar todo o espa\u00e7o dispon\u00edvel"},"content":{"rendered":"\n<p>Decorar e mobiliar uma <strong>sala de estar pequena<\/strong> pode parecer dif\u00edcil. \u00c9 natural querer deixar esse espa\u00e7o funcional e &#8211; claro &#8211; com as lembran\u00e7as que s\u00e3o importantes, e querer que elas estejam \u00e0 vista para dizer aos seus convidados um pouco da sua personalidade e da sua hist\u00f3ria.&nbsp;<\/p>\n\n\n\n<p>Mas acredite, essa tarefa n\u00e3o precisa ser muito dif\u00edcil, n\u00e3o! Fazendo as escolhas certas, voc\u00ea pode ter tudo isso e muito mais na sua sala, e fazer dela um local de acolhimento e conforto. Existem objetos, <strong>m\u00f3veis para sala pequena<\/strong> e cores que, al\u00e9m de elegantes, v\u00e3o trazer a sensa\u00e7\u00e3o de mais espa\u00e7o para o ambiente. Vem ver tudo!<\/p>\n\n\n\n<h2 class=\"wp-block-heading\">Veja 4 dicas que v\u00e3o ajudar a otimizar o espa\u00e7o da sua sala pequena<\/h2>\n\n\n\n<p>Vamos come\u00e7ar do come\u00e7o! Existem 4 dicas fundamentais que v\u00e3o ajudar a usar todo o seu espa\u00e7o dispon\u00edvel para voc\u00ea deixar a sua sala de estar com uma sensa\u00e7\u00e3o de ser maior e &#8211; o mais importante &#8211; mais confort\u00e1vel.<\/p>\n\n\n\n<h3 class=\"wp-block-heading\">1 &#8211; Nada de corredor atr\u00e1s do sof\u00e1<\/h3>\n\n\n\n<figure class=\"wp-block-image size-full\"><img loading=\"lazy\" decoding=\"async\" width=\"792\" height=\"489\" src=\"https:\/\/www.mobly.com.br\/blog\/wp-content\/uploads\/2025\/02\/sofa-de-canto-para-sala-pequena.jpg\" alt=\"decora\u00e7\u00e3o para sala de estar pequena com sof\u00e1 em L, mesa de centro, prateleiras e diversos itens decorativos como plantas, livros e quadros\" class=\"wp-image-20818\" srcset=\"https:\/\/www.mobly.com.br\/blog\/wp-content\/uploads\/2025\/02\/sofa-de-canto-para-sala-pequena.jpg 792w, https:\/\/www.mobly.com.br\/blog\/wp-content\/uploads\/2025\/02\/sofa-de-canto-para-sala-pequena-512x316.jpg 512w, https:\/\/www.mobly.com.br\/blog\/wp-content\/uploads\/2025\/02\/sofa-de-canto-para-sala-pequena-768x474.jpg 768w\" sizes=\"auto, (max-width: 792px) 100vw, 792px\" \/><\/figure>\n\n\n\n<p>Esse espa\u00e7o que pode se formar atr\u00e1s do <a href=\"https:\/\/www.mobly.com.br\/v2\/moveis\/sofas\">sof\u00e1<\/a>, como um \u201ccorredor\u201d, apesar de ser muito comum, acaba ocupando um espa\u00e7o desnecess\u00e1rio e que pode ser melhor aproveitado no centro da sala.&nbsp;<\/p>\n\n\n\n<p>Ent\u00e3o, a dica \u00e9 encost\u00e1-lo na parede e criar um ambiente mais aconchegante e espa\u00e7oso \u2013 quem sabe n\u00e3o d\u00e1 at\u00e9 para encaixar mais um espacinho para algu\u00e9m sentar, como um puff ou uma almofadona. Voc\u00ea pode optar por um <strong>sof\u00e1 de canto para sala pequena<\/strong>, retr\u00e1til ou em L, por exemplo.<\/p>\n\n\n\n<h3 class=\"wp-block-heading\">2 &#8211; Branco hoje, branco amanh\u00e3, branco sempre<\/h3>\n\n\n\n<p>Essa \u00e9 cl\u00e1ssica! Paredes brancas v\u00e3o dar uma iluminada a mais no ambiente, o que contribui para que a sala pare\u00e7a maior. E que tal acrescentar um quadro grande? Assim, as paredes n\u00e3o ficam mon\u00f3tonas e voc\u00ea cria um ponto focal para o c\u00f4modo.<\/p>\n\n\n\n<p>Se quiser sair da caixinha, voc\u00ea tamb\u00e9m pode usar o branco para o piso e os <a href=\"https:\/\/www.mobly.com.br\/v2\/moveis\">m\u00f3veis<\/a>. Essa \u00e9 uma maneira elegante de ter uma sala mais clara e com a ilus\u00e3o de mais espa\u00e7o. Os toques de cor v\u00e3o ficar por conta dos detalhes em almofadas, tapetes, quadros, lumin\u00e1rias e outros itens, onde voc\u00ea abusar das tonalidades e das texturas.<\/p>\n\n\n\n<h3 class=\"wp-block-heading\">3 &#8211; Multitarefa at\u00e9 na decora\u00e7\u00e3o<\/h3>\n\n\n\n<figure class=\"wp-block-image size-full\"><img loading=\"lazy\" decoding=\"async\" width=\"792\" height=\"489\" src=\"https:\/\/www.mobly.com.br\/blog\/wp-content\/uploads\/2025\/02\/rack-para-sala-pequena-1.jpg\" alt=\"sofa de canto para sala pequena, lumin\u00e1ria de ch\u00e3o, rack, puff e mesa lateral\" class=\"wp-image-20817\" srcset=\"https:\/\/www.mobly.com.br\/blog\/wp-content\/uploads\/2025\/02\/rack-para-sala-pequena-1.jpg 792w, https:\/\/www.mobly.com.br\/blog\/wp-content\/uploads\/2025\/02\/rack-para-sala-pequena-1-512x316.jpg 512w, https:\/\/www.mobly.com.br\/blog\/wp-content\/uploads\/2025\/02\/rack-para-sala-pequena-1-768x474.jpg 768w\" sizes=\"auto, (max-width: 792px) 100vw, 792px\" \/><\/figure>\n\n\n\n<p>Se o espa\u00e7o dispon\u00edvel \u00e9 um problema, as pe\u00e7as que servem mais de uma fun\u00e7\u00e3o s\u00e3o a solu\u00e7\u00e3o para o problema. Ent\u00e3o, uma <a href=\"https:\/\/www.mobly.com.br\/v2\/moveis\/mesas-de-centro\">mesa de centro<\/a> pode servir como ba\u00fa, bancos que se abrem s\u00e3o \u00f3timos para guardar coisas e at\u00e9 sof\u00e1s com espa\u00e7o de armazenagem debaixo do assento.&nbsp;<\/p>\n\n\n\n<p>\u00c9 tipo varrer a sujeira para debaixo do tapete, mas com bastante estilo. Assim, voc\u00ea vai conseguir deixar a sua sala de estar pequena bem otimizada e decorada com estilo e alguns truques que v\u00e3o ajudar muito no dia a dia.<\/p>\n\n\n\n<h3 class=\"wp-block-heading\">4 &#8211; Sof\u00e1 e rack, seus grandes aliados<\/h3>\n\n\n\n<p>Afinal, <strong>como decorar sala de estar pequena<\/strong> com m\u00f3veis estrat\u00e9gicos? O sof\u00e1 em \u201cL\u201d ou ainda um modelo retr\u00e1til s\u00e3o boas alternativas para usar o espa\u00e7o de maneira mais eficiente. Ali\u00e1s, uma outra dica: os m\u00f3veis claros ajudam a dar aquela sensa\u00e7\u00e3o de amplitude no seu espa\u00e7o, ent\u00e3o, j\u00e1 anota a\u00ed.<\/p>\n\n\n\n<p>Agora, para complementar e poder assistir seus filmes preferidos com muito conforto, voc\u00ea tamb\u00e9m precisa pensar em um <strong>rack para sala pequena<\/strong>. Aqui, a dica \u00e9 escolher os modelos suspensos, j\u00e1 que embaixo desse m\u00f3vel \u00e9 poss\u00edvel colocar alguns puffs para acomodar seus convidados, quando for preciso. Legal, n\u00e9?!<\/p>\n\n\n\n<h2 class=\"wp-block-heading\">Salas Pequenas &#8211; Qual o sentido da vida? Para cima<\/h2>\n\n\n\n<p>Talvez voc\u00ea n\u00e3o possa ir para os lados quando sua sala de estar pequena est\u00e1 muito cheia, mas sempre pode ir para cima. Pequenos quadros dispostos na vertical, plantas altas, grandes estantes que v\u00e3o do ch\u00e3o ao teto.<\/p>\n\n\n\n<p>E mais, as prateleiras v\u00e3o acomodar perfeitamente seus livros ou objetos decorativos. Essa \u00e9 uma op\u00e7\u00e3o de usar o espa\u00e7o de maneira inteligente e deixar um visual mais clean. Ent\u00e3o, agora voc\u00ea j\u00e1 sabe: na hora de pensar na sua <strong>decora\u00e7\u00e3o para sala de estar pequena<\/strong>, olhe para cima.<\/p>\n\n\n\n<h2 class=\"wp-block-heading\">Fique de olho nos acess\u00f3rios que v\u00e3o fazer m\u00e1gica na sua sala pequena<\/h2>\n\n\n\n<figure class=\"wp-block-image size-full\"><img loading=\"lazy\" decoding=\"async\" width=\"792\" height=\"489\" src=\"https:\/\/www.mobly.com.br\/blog\/wp-content\/uploads\/2025\/02\/dicas-para-decorar-sala-pequena-1.jpg\" alt=\"m\u00f3veis para sala pequena com poltrona, sof\u00e1, arm\u00e1rio, mesa de centro e itens decorativos\" class=\"wp-image-20814\" srcset=\"https:\/\/www.mobly.com.br\/blog\/wp-content\/uploads\/2025\/02\/dicas-para-decorar-sala-pequena-1.jpg 792w, https:\/\/www.mobly.com.br\/blog\/wp-content\/uploads\/2025\/02\/dicas-para-decorar-sala-pequena-1-512x316.jpg 512w, https:\/\/www.mobly.com.br\/blog\/wp-content\/uploads\/2025\/02\/dicas-para-decorar-sala-pequena-1-768x474.jpg 768w\" sizes=\"auto, (max-width: 792px) 100vw, 792px\" \/><\/figure>\n\n\n\n<ul class=\"wp-block-list\"><li>Lumin\u00e1rias: aconchego e estilo: nada como uma boa ilumina\u00e7\u00e3o para transformar o clima da sua sala! Os modelos de ch\u00e3o ou de parede s\u00e3o bons para criar aquele cantinho aconchegante e charmoso. Ah, e as luzes amarelas d\u00e3o um toque de conforto, perfeito para relaxar depois de um dia corrido;<\/li><li><a href=\"https:\/\/www.mobly.com.br\/v2\/decoracao\/espelhos-decorativos\">Espelhos<\/a>: quer um truque de m\u00e1gica para sua sala parecer maior? Use espelhos! Al\u00e9m de dar a sensa\u00e7\u00e3o de amplitude, eles refletem a luz e deixam o espa\u00e7o mais iluminado. Experimente us\u00e1-lo na parede oposta \u00e0 janela&#8230; o efeito \u00e9 de cair o queixo;<\/li><li>Nichos e prateleiras: se falta espa\u00e7o no ch\u00e3o, que tal usar as paredes? Esses itens s\u00e3o perfeitos para organizar objetos e exibir itens de decora\u00e7\u00e3o, sem atrapalhar a circula\u00e7\u00e3o. Al\u00e9m de funcionais, deixam o ambiente com aquela carinha de Pinterest;<\/li><li>Organiza\u00e7\u00e3o: a dica de ouro! N\u00e3o adianta caprichar na decora\u00e7\u00e3o se a bagun\u00e7a tomar conta, n\u00e9? Caixas organizadoras, cestos e m\u00f3veis multifuncionais ajudam a manter tudo em ordem. E o b\u00f4nus? A sala fica mais espa\u00e7osa e agrad\u00e1vel!<\/li><\/ul>\n\n\n\n<h2 class=\"wp-block-heading\">Use todo o espa\u00e7o dispon\u00edvel na sua casa com muito estilo<\/h2>\n\n\n\n<p>E voc\u00ea, tem alguma dica para transformar uma sala no pequeno frasco onde v\u00eam os melhores perfumes? Ent\u00e3o, conta pra gente! Continue aqui, no nosso blog Mobly e <a href=\"https:\/\/www.mobly.com.br\/blog\/inspiracoes\/estilo-retro\/\">saiba o que \u00e9 o estilo retr\u00f4<\/a>, como compor uma sala moderna e muito mais. Deixe a sua casa com a sua carinha!<\/p>\n<button class=\"simplefavorite-button has-count loading\" data-postid=\"7909\" data-siteid=\"1\" data-groupid=\"1\" data-favoritecount=\"0\" style=\"\">Carregando...<span class=\"sf-icon-spinner-wrapper\"><i class=\"sf-icon-spinner\"><\/i><\/span><\/button>","protected":false},"excerpt":{"rendered":"<p>Decorar e mobiliar uma sala de estar pequena pode parecer dif\u00edcil. \u00c9 natural querer deixar esse espa\u00e7o funcional e &#8211; claro &#8211; com as lembran\u00e7as que s\u00e3o importantes, e querer que elas estejam \u00e0 vista para dizer aos seus convidados um pouco da sua personalidade e da sua hist\u00f3ria.&nbsp; Mas acredite, essa tarefa n\u00e3o precisa ser muito dif\u00edcil, n\u00e3o! Fazendo as escolhas certas, voc\u00ea pode ter tudo isso e muito mais na sua sala, e fazer dela um local de acolhimento e conforto. Existem objetos, m\u00f3veis para sala pequena e cores que, al\u00e9m de elegantes, v\u00e3o trazer a sensa\u00e7\u00e3o de mais espa\u00e7o para o ambiente. Vem ver tudo! Veja 4 dicas que v\u00e3o ajudar a otimizar o espa\u00e7o da sua sala pequena Vamos come\u00e7ar do come\u00e7o! Existem 4 dicas fundamentais que v\u00e3o ajudar a usar todo o seu espa\u00e7o dispon\u00edvel para voc\u00ea deixar a sua sala de estar com uma sensa\u00e7\u00e3o de ser maior e &#8211; o mais importante &#8211; mais confort\u00e1vel. 1 &#8211; Nada de corredor atr\u00e1s do sof\u00e1 Esse espa\u00e7o que pode se formar atr\u00e1s do sof\u00e1, como um \u201ccorredor\u201d, apesar de ser muito comum, acaba ocupando um espa\u00e7o desnecess\u00e1rio e que pode ser melhor aproveitado no centro [&hellip;]<\/p>\n","protected":false},"author":28,"featured_media":20819,"comment_status":"closed","ping_status":"closed","sticky":false,"template":"","format":"standard","meta":{"extendify_custom_stylesheet":"","_mi_skip_tracking":false,"_monsterinsights_skip_tracking":false,"_monsterinsights_sitenote_active":false,"_monsterinsights_sitenote_note":"","_monsterinsights_sitenote_category":0,"footnotes":""},"categories":[207,262],"tags":[353,306,15,16],"class_list":["post-7909","post","type-post","status-publish","format-standard","has-post-thumbnail","hentry","category-por-ambientes","category-sala-de-estar","tag-cores","tag-decoracao","tag-dicas","tag-sala-de-estar"],"yoast_head":"<!-- This site is optimized with the Yoast SEO plugin v24.9 - https:\/\/yoast.com\/wordpress\/plugins\/seo\/ -->\n<title>Como escolher m\u00f3veis para sala de estar pequena?<\/title>\n<meta name=\"description\" content=\"Tem uma sala de estar pequena? Ent\u00e3o, veja as nossas dicas e saiba como deixar esse espa\u00e7o otimizado e com a sua personalidade. Vem ver!\" \/>\n<meta name=\"robots\" content=\"index, follow, max-snippet:-1, max-image-preview:large, max-video-preview:-1\" \/>\n<link rel=\"canonical\" href=\"https:\/\/www.mobly.com.br\/blog\/por-ambientes\/sala-de-estar-pequena\/\" \/>\n<meta property=\"og:locale\" content=\"pt_BR\" \/>\n<meta property=\"og:type\" content=\"article\" \/>\n<meta property=\"og:title\" content=\"Como escolher m\u00f3veis para sala de estar pequena?\" \/>\n<meta property=\"og:description\" content=\"Tem uma sala de estar pequena? Ent\u00e3o, veja as nossas dicas e saiba como deixar esse espa\u00e7o otimizado e com a sua personalidade. Vem ver!\" \/>\n<meta property=\"og:url\" content=\"https:\/\/www.mobly.com.br\/blog\/por-ambientes\/sala-de-estar-pequena\/\" \/>\n<meta property=\"og:site_name\" content=\"Blog da Mobly\" \/>\n<meta property=\"article:published_time\" content=\"2025-02-14T14:25:00+00:00\" \/>\n<meta property=\"article:modified_time\" content=\"2025-02-14T14:25:44+00:00\" \/>\n<meta property=\"og:image\" content=\"https:\/\/www.mobly.com.br\/blog\/wp-content\/uploads\/2025\/02\/decoracao-para-sala-de-estar-pequena-2.png\" \/>\n\t<meta property=\"og:image:width\" content=\"792\" \/>\n\t<meta property=\"og:image:height\" content=\"489\" \/>\n\t<meta property=\"og:image:type\" content=\"image\/png\" \/>\n<meta name=\"author\" content=\"Jo\u00e3o Pedro Bueno Pinheiro de Andrade\" \/>\n<meta name=\"twitter:card\" content=\"summary_large_image\" \/>\n<meta name=\"twitter:label1\" content=\"Escrito por\" \/>\n\t<meta name=\"twitter:data1\" content=\"Jo\u00e3o Pedro Bueno Pinheiro de Andrade\" \/>\n\t<meta name=\"twitter:label2\" content=\"Est. tempo de leitura\" \/>\n\t<meta name=\"twitter:data2\" content=\"6 minutos\" \/>\n<script type=\"application\/ld+json\" class=\"yoast-schema-graph\">{\"@context\":\"https:\/\/schema.org\",\"@graph\":[{\"@type\":\"WebPage\",\"@id\":\"https:\/\/www.mobly.com.br\/blog\/por-ambientes\/sala-de-estar-pequena\/\",\"url\":\"https:\/\/www.mobly.com.br\/blog\/por-ambientes\/sala-de-estar-pequena\/\",\"name\":\"Como escolher m\u00f3veis para sala de estar pequena?\",\"isPartOf\":{\"@id\":\"https:\/\/www.mobly.com.br\/blog\/#website\"},\"primaryImageOfPage\":{\"@id\":\"https:\/\/www.mobly.com.br\/blog\/por-ambientes\/sala-de-estar-pequena\/#primaryimage\"},\"image\":{\"@id\":\"https:\/\/www.mobly.com.br\/blog\/por-ambientes\/sala-de-estar-pequena\/#primaryimage\"},\"thumbnailUrl\":\"https:\/\/www.mobly.com.br\/blog\/wp-content\/uploads\/2025\/02\/decoracao-para-sala-de-estar-pequena-2.png\",\"datePublished\":\"2025-02-14T14:25:00+00:00\",\"dateModified\":\"2025-02-14T14:25:44+00:00\",\"author\":{\"@id\":\"https:\/\/www.mobly.com.br\/blog\/#\/schema\/person\/db29f6ab802a7e981b7faa1a6cd02062\"},\"description\":\"Tem uma sala de estar pequena? Ent\u00e3o, veja as nossas dicas e saiba como deixar esse espa\u00e7o otimizado e com a sua personalidade. Vem ver!\",\"breadcrumb\":{\"@id\":\"https:\/\/www.mobly.com.br\/blog\/por-ambientes\/sala-de-estar-pequena\/#breadcrumb\"},\"inLanguage\":\"pt-BR\",\"potentialAction\":[{\"@type\":\"ReadAction\",\"target\":[\"https:\/\/www.mobly.com.br\/blog\/por-ambientes\/sala-de-estar-pequena\/\"]}]},{\"@type\":\"ImageObject\",\"inLanguage\":\"pt-BR\",\"@id\":\"https:\/\/www.mobly.com.br\/blog\/por-ambientes\/sala-de-estar-pequena\/#primaryimage\",\"url\":\"https:\/\/www.mobly.com.br\/blog\/wp-content\/uploads\/2025\/02\/decoracao-para-sala-de-estar-pequena-2.png\",\"contentUrl\":\"https:\/\/www.mobly.com.br\/blog\/wp-content\/uploads\/2025\/02\/decoracao-para-sala-de-estar-pequena-2.png\",\"width\":792,\"height\":489,\"caption\":\"sala de estar pequena com sof\u00e1-cama, mesa lateral, mesa de centro e diversos itens decorativos\"},{\"@type\":\"BreadcrumbList\",\"@id\":\"https:\/\/www.mobly.com.br\/blog\/por-ambientes\/sala-de-estar-pequena\/#breadcrumb\",\"itemListElement\":[{\"@type\":\"ListItem\",\"position\":1,\"name\":\"Home\",\"item\":\"https:\/\/www.mobly.com.br\/blog\/\"},{\"@type\":\"ListItem\",\"position\":2,\"name\":\"Por Ambientes\",\"item\":\"https:\/\/www.mobly.com.br\/blog\/por-ambientes\/\"},{\"@type\":\"ListItem\",\"position\":3,\"name\":\"Sala de estar pequena: dicas para aproveitar todo o espa\u00e7o dispon\u00edvel\"}]},{\"@type\":\"WebSite\",\"@id\":\"https:\/\/www.mobly.com.br\/blog\/#website\",\"url\":\"https:\/\/www.mobly.com.br\/blog\/\",\"name\":\"Blog da Mobly\",\"description\":\"Dicas de Decora\u00e7\u00e3o, Inspira\u00e7\u00f5es e Mais\",\"potentialAction\":[{\"@type\":\"SearchAction\",\"target\":{\"@type\":\"EntryPoint\",\"urlTemplate\":\"https:\/\/www.mobly.com.br\/blog\/?s={search_term_string}\"},\"query-input\":{\"@type\":\"PropertyValueSpecification\",\"valueRequired\":true,\"valueName\":\"search_term_string\"}}],\"inLanguage\":\"pt-BR\"},{\"@type\":\"Person\",\"@id\":\"https:\/\/www.mobly.com.br\/blog\/#\/schema\/person\/db29f6ab802a7e981b7faa1a6cd02062\",\"name\":\"Jo\u00e3o Pedro Bueno Pinheiro de Andrade\",\"image\":{\"@type\":\"ImageObject\",\"inLanguage\":\"pt-BR\",\"@id\":\"https:\/\/www.mobly.com.br\/blog\/#\/schema\/person\/image\/\",\"url\":\"https:\/\/secure.gravatar.com\/avatar\/d3c171116476d726a7276d7c25b287f4?s=96&d=mm&r=g\",\"contentUrl\":\"https:\/\/secure.gravatar.com\/avatar\/d3c171116476d726a7276d7c25b287f4?s=96&d=mm&r=g\",\"caption\":\"Jo\u00e3o Pedro Bueno Pinheiro de Andrade\"},\"url\":\"https:\/\/www.mobly.com.br\/blog\/author\/joao-andrade\/\"}]}<\/script>\n<!-- \/ Yoast SEO plugin. -->","yoast_head_json":{"title":"Como escolher m\u00f3veis para sala de estar pequena?","description":"Tem uma sala de estar pequena? Ent\u00e3o, veja as nossas dicas e saiba como deixar esse espa\u00e7o otimizado e com a sua personalidade. Vem ver!","robots":{"index":"index","follow":"follow","max-snippet":"max-snippet:-1","max-image-preview":"max-image-preview:large","max-video-preview":"max-video-preview:-1"},"canonical":"https:\/\/www.mobly.com.br\/blog\/por-ambientes\/sala-de-estar-pequena\/","og_locale":"pt_BR","og_type":"article","og_title":"Como escolher m\u00f3veis para sala de estar pequena?","og_description":"Tem uma sala de estar pequena? Ent\u00e3o, veja as nossas dicas e saiba como deixar esse espa\u00e7o otimizado e com a sua personalidade. Vem ver!","og_url":"https:\/\/www.mobly.com.br\/blog\/por-ambientes\/sala-de-estar-pequena\/","og_site_name":"Blog da Mobly","article_published_time":"2025-02-14T14:25:00+00:00","article_modified_time":"2025-02-14T14:25:44+00:00","og_image":[{"width":792,"height":489,"url":"https:\/\/www.mobly.com.br\/blog\/wp-content\/uploads\/2025\/02\/decoracao-para-sala-de-estar-pequena-2.png","type":"image\/png"}],"author":"Jo\u00e3o Pedro Bueno Pinheiro de Andrade","twitter_card":"summary_large_image","twitter_misc":{"Escrito por":"Jo\u00e3o Pedro Bueno Pinheiro de Andrade","Est. tempo de leitura":"6 minutos"},"schema":{"@context":"https:\/\/schema.org","@graph":[{"@type":"WebPage","@id":"https:\/\/www.mobly.com.br\/blog\/por-ambientes\/sala-de-estar-pequena\/","url":"https:\/\/www.mobly.com.br\/blog\/por-ambientes\/sala-de-estar-pequena\/","name":"Como escolher m\u00f3veis para sala de estar pequena?","isPartOf":{"@id":"https:\/\/www.mobly.com.br\/blog\/#website"},"primaryImageOfPage":{"@id":"https:\/\/www.mobly.com.br\/blog\/por-ambientes\/sala-de-estar-pequena\/#primaryimage"},"image":{"@id":"https:\/\/www.mobly.com.br\/blog\/por-ambientes\/sala-de-estar-pequena\/#primaryimage"},"thumbnailUrl":"https:\/\/www.mobly.com.br\/blog\/wp-content\/uploads\/2025\/02\/decoracao-para-sala-de-estar-pequena-2.png","datePublished":"2025-02-14T14:25:00+00:00","dateModified":"2025-02-14T14:25:44+00:00","author":{"@id":"https:\/\/www.mobly.com.br\/blog\/#\/schema\/person\/db29f6ab802a7e981b7faa1a6cd02062"},"description":"Tem uma sala de estar pequena? Ent\u00e3o, veja as nossas dicas e saiba como deixar esse espa\u00e7o otimizado e com a sua personalidade. Vem ver!","breadcrumb":{"@id":"https:\/\/www.mobly.com.br\/blog\/por-ambientes\/sala-de-estar-pequena\/#breadcrumb"},"inLanguage":"pt-BR","potentialAction":[{"@type":"ReadAction","target":["https:\/\/www.mobly.com.br\/blog\/por-ambientes\/sala-de-estar-pequena\/"]}]},{"@type":"ImageObject","inLanguage":"pt-BR","@id":"https:\/\/www.mobly.com.br\/blog\/por-ambientes\/sala-de-estar-pequena\/#primaryimage","url":"https:\/\/www.mobly.com.br\/blog\/wp-content\/uploads\/2025\/02\/decoracao-para-sala-de-estar-pequena-2.png","contentUrl":"https:\/\/www.mobly.com.br\/blog\/wp-content\/uploads\/2025\/02\/decoracao-para-sala-de-estar-pequena-2.png","width":792,"height":489,"caption":"sala de estar pequena com sof\u00e1-cama, mesa lateral, mesa de centro e diversos itens decorativos"},{"@type":"BreadcrumbList","@id":"https:\/\/www.mobly.com.br\/blog\/por-ambientes\/sala-de-estar-pequena\/#breadcrumb","itemListElement":[{"@type":"ListItem","position":1,"name":"Home","item":"https:\/\/www.mobly.com.br\/blog\/"},{"@type":"ListItem","position":2,"name":"Por Ambientes","item":"https:\/\/www.mobly.com.br\/blog\/por-ambientes\/"},{"@type":"ListItem","position":3,"name":"Sala de estar pequena: dicas para aproveitar todo o espa\u00e7o dispon\u00edvel"}]},{"@type":"WebSite","@id":"https:\/\/www.mobly.com.br\/blog\/#website","url":"https:\/\/www.mobly.com.br\/blog\/","name":"Blog da Mobly","description":"Dicas de Decora\u00e7\u00e3o, Inspira\u00e7\u00f5es e Mais","potentialAction":[{"@type":"SearchAction","target":{"@type":"EntryPoint","urlTemplate":"https:\/\/www.mobly.com.br\/blog\/?s={search_term_string}"},"query-input":{"@type":"PropertyValueSpecification","valueRequired":true,"valueName":"search_term_string"}}],"inLanguage":"pt-BR"},{"@type":"Person","@id":"https:\/\/www.mobly.com.br\/blog\/#\/schema\/person\/db29f6ab802a7e981b7faa1a6cd02062","name":"Jo\u00e3o Pedro Bueno Pinheiro de Andrade","image":{"@type":"ImageObject","inLanguage":"pt-BR","@id":"https:\/\/www.mobly.com.br\/blog\/#\/schema\/person\/image\/","url":"https:\/\/secure.gravatar.com\/avatar\/d3c171116476d726a7276d7c25b287f4?s=96&d=mm&r=g","contentUrl":"https:\/\/secure.gravatar.com\/avatar\/d3c171116476d726a7276d7c25b287f4?s=96&d=mm&r=g","caption":"Jo\u00e3o Pedro Bueno Pinheiro de Andrade"},"url":"https:\/\/www.mobly.com.br\/blog\/author\/joao-andrade\/"}]}},"_links":{"self":[{"href":"https:\/\/www.mobly.com.br\/blog\/wp-json\/wp\/v2\/posts\/7909","targetHints":{"allow":["GET"]}}],"collection":[{"href":"https:\/\/www.mobly.com.br\/blog\/wp-json\/wp\/v2\/posts"}],"about":[{"href":"https:\/\/www.mobly.com.br\/blog\/wp-json\/wp\/v2\/types\/post"}],"author":[{"embeddable":true,"href":"https:\/\/www.mobly.com.br\/blog\/wp-json\/wp\/v2\/users\/28"}],"replies":[{"embeddable":true,"href":"https:\/\/www.mobly.com.br\/blog\/wp-json\/wp\/v2\/comments?post=7909"}],"version-history":[{"count":5,"href":"https:\/\/www.mobly.com.br\/blog\/wp-json\/wp\/v2\/posts\/7909\/revisions"}],"predecessor-version":[{"id":20821,"href":"https:\/\/www.mobly.com.br\/blog\/wp-json\/wp\/v2\/posts\/7909\/revisions\/20821"}],"wp:featuredmedia":[{"embeddable":true,"href":"https:\/\/www.mobly.com.br\/blog\/wp-json\/wp\/v2\/media\/20819"}],"wp:attachment":[{"href":"https:\/\/www.mobly.com.br\/blog\/wp-json\/wp\/v2\/media?parent=7909"}],"wp:term":[{"taxonomy":"category","embeddable":true,"href":"https:\/\/www.mobly.com.br\/blog\/wp-json\/wp\/v2\/categories?post=7909"},{"taxonomy":"post_tag","embeddable":true,"href":"https:\/\/www.mobly.com.br\/blog\/wp-json\/wp\/v2\/tags?post=7909"}],"curies":[{"name":"wp","href":"https:\/\/api.w.org\/{rel}","templated":true}]}}