{"id":6824,"date":"2019-11-04T09:00:55","date_gmt":"2019-11-04T11:00:55","guid":{"rendered":"https:\/\/www.mobly.com.br\/blog\/?p=6824"},"modified":"2025-05-21T17:08:37","modified_gmt":"2025-05-21T20:08:37","slug":"varanda-gourmet-saiba-como-decorar-este-ambiente","status":"publish","type":"post","link":"https:\/\/www.mobly.com.br\/blog\/dicas\/varanda-gourmet-saiba-como-decorar-este-ambiente\/","title":{"rendered":"Varanda Gourmet: saiba como decorar este ambiente"},"content":{"rendered":"<p style=\"text-align: center;\"><em><span style=\"font-weight: 400;\">Varanda gourmet \u00e9 um setor do apartamento dedicado \u00e0 confraterniza\u00e7\u00e3o de pessoas e degusta\u00e7\u00e3o de alimentos. Veja como decorar este ambiente.<\/span><\/em><\/p>\n<p><span style=\"font-weight: 400;\">Os novos empreendimentos imobili\u00e1rios t\u00eam apresentado grandes surpresas. Atualmente, \u00e9 comum a construtoras oferecem varandas mais amplas que podem ser transformadas em espa\u00e7osas \u00e1reas gourmet.\u00a0<\/span><\/p>\n<p><span style=\"font-weight: 400;\">A ideia seria, justamente, criar uma extens\u00e3o para a <a href=\"https:\/\/www.mobly.com.br\/blog\/por-ambientes\/sala-de-estar\/sala-de-estar-perfeita\/\" target=\"_blank\" rel=\"noopener\">sala de estar<\/a> e jantar &#8211; uma op\u00e7\u00e3o de lazer a mais para os moradores, um ponto dentro de casa para a recep\u00e7\u00e3o de amigos e familiares.\u00a0<\/span><\/p>\n<p><span style=\"font-weight: 400;\">Mas, como montar a <\/span><a href=\"https:\/\/www.vivadecora.com.br\/decoracao\" target=\"_blank\" rel=\"noopener\"><span style=\"font-weight: 400;\">decora\u00e7\u00e3o<\/span><\/a><span style=\"font-weight: 400;\"> nesse local?\u00a0<\/span><span style=\"font-weight: 400;\">Veja, a seguir, como acrescentar mais charme e eleg\u00e2ncia a esta \u00e1rea de seu apartamento.<\/span><\/p>\n<p>Leia tamb\u00e9m:\u00a0<a href=\"https:\/\/www.mobly.com.br\/blog\/dicas\/decoracao-de-area-externa-7-dicas\/\" target=\"_blank\" rel=\"noopener\">Decora\u00e7\u00e3o de \u00c1rea Externa: 7 dicas para aplicar em casa<\/a>.<\/p>\n<h5 style=\"text-align: center;\"><img loading=\"lazy\" decoding=\"async\" class=\"size-full wp-image-6845 aligncenter\" src=\"https:\/\/blog.mobly.com.br\/wp-content\/uploads\/2019\/11\/dicas-de-decoracao-para-varanda-gourmet-10.jpg\" alt=\"\" width=\"700\" height=\"466\" srcset=\"https:\/\/www.mobly.com.br\/blog\/wp-content\/uploads\/2019\/11\/dicas-de-decoracao-para-varanda-gourmet-10.jpg 700w, https:\/\/www.mobly.com.br\/blog\/wp-content\/uploads\/2019\/11\/dicas-de-decoracao-para-varanda-gourmet-10-300x200.jpg 300w\" sizes=\"auto, (max-width: 700px) 100vw, 700px\" \/><em>Como decorar a varanda gourmet por Viva Decora. Ambiente projetado por Patr\u00edcia Hagobian.<\/em><\/h5>\n<h2><strong>Qual a real vantagem das varandas gourmets?<\/strong><\/h2>\n<p><span style=\"font-weight: 400;\">Muitos apartamentos constru\u00eddos recentemente apresentam uma varanda gourmet. Trata-se de uma \u00e1rea totalmente aberta ou com ampla abertura onde se tem, quase sempre, uma churrasqueira e um ponto de \u00e1gua.\u00a0<\/span><\/p>\n<p><span style=\"font-weight: 400;\">E no restante deste espa\u00e7o \u00e9 poss\u00edvel criar uma linda \u00e1rea de conviv\u00eancia, com pia, fog\u00e3o, geladeira, uma mesa confort\u00e1vel e outros <a href=\"https:\/\/www.mobly.com.br\/eletro\/eletrodomesticos\/?utm_source=blog&amp;utm_medium=link&amp;utm_campaign=post_Dicas_NA_varanda-gourmet\" target=\"_blank\" rel=\"noopener\">eletrodom\u00e9sticos<\/a> t\u00edpicos de uma cozinha com copa.\u00a0 Essa \u00e1rea pode ser integrada a sala de estar, de jantar ou a outro ambiente interno do im\u00f3vel.<\/span><\/p>\n<p><span style=\"font-weight: 400;\">O prop\u00f3sito das varandas gourmets \u00e9 reunir as pessoas para as refei\u00e7\u00f5es e tamb\u00e9m o preparo dos alimentos. Sua decora\u00e7\u00e3o costuma ser alegre, um convite \u00e0 divers\u00e3o e ao lazer.\u00a0<\/span><\/p>\n<h5 style=\"text-align: center;\"><img loading=\"lazy\" decoding=\"async\" class=\"alignnone size-full wp-image-6841\" src=\"https:\/\/blog.mobly.com.br\/wp-content\/uploads\/2019\/11\/dicas-de-decoracao-para-varanda-gourmet-06-1.jpg\" alt=\"\" width=\"700\" height=\"514\" srcset=\"https:\/\/www.mobly.com.br\/blog\/wp-content\/uploads\/2019\/11\/dicas-de-decoracao-para-varanda-gourmet-06-1.jpg 700w, https:\/\/www.mobly.com.br\/blog\/wp-content\/uploads\/2019\/11\/dicas-de-decoracao-para-varanda-gourmet-06-1-300x220.jpg 300w\" sizes=\"auto, (max-width: 700px) 100vw, 700px\" \/><br \/>\nComo decorar a varanda gourmet por Viva Decora. Ambientes projetados por Iara\u00a0Kilaris e\u00a0Karen Pisacane.<\/h5>\n<h2><strong>Como decorar uma varanda gourmet<\/strong><\/h2>\n<p><span style=\"font-weight: 400;\">A \u00e1rea gourmet \u00e9 um \u00f3timo local para reunir as pessoas. Por isso, ela precisa ser bonita, confort\u00e1vel e aconchegante.\u00a0\u00a0<\/span><\/p>\n<p><span style=\"font-weight: 400;\">Ela deve ter espa\u00e7os multiuso, voltados para o preparo e para se servir dos alimentos, e tamb\u00e9m para a aprecia\u00e7\u00e3o da paisagem e o relaxamento. Tudo estrategicamente posicionado de modo a permitir a realiza\u00e7\u00e3o de todas estas tarefas.<\/span><\/p>\n<p><span style=\"font-weight: 400;\">Use nossas dicas como guia para criar uma decora\u00e7\u00e3o encantadora para a varanda de sua casa. Mas, antes, n\u00e3o se esque\u00e7a de definir um estilo para o local.\u00a0<\/span><\/p>\n<h3><strong>Equipamentos<\/strong><\/h3>\n<p><span style=\"font-weight: 400;\">Faz sentido ter numa varanda gourmet uma churrasqueira ou um forno de pizza. Tamb\u00e9m, um forno convencional e at\u00e1 bancada de prepara\u00e7\u00e3o de alimentos, um pequeno home bar com direito a um frigobar, v\u00e1rios suportes com organizadores de potes e frascos de temperos e, dependendo do caso, da regi\u00e3o onde se reside, ter at\u00e9 mesmo uma lareira pr\u00f3pria para espa\u00e7os abertos.\u00a0<\/span><span style=\"font-weight: 400;\">Descubra <\/span><a href=\"https:\/\/meulugar.quintoandar.com.br\/churrasco-sem-fumaca-na-varanda-gourmet\/?utm_source=mobly&amp;utm_medium=materia&amp;utm_campaign=campanha-linkbuilding-abr2021&amp;utm_content=varanda-gourmet-saiba-como-decorar-este-ambiente\" target=\"_blank\" rel=\"noopener\"><span style=\"font-weight: 400;\">como\u00a0<\/span><span style=\"font-weight: 400;\">fazer uma churrasqueira <\/span><\/a><span style=\"font-weight: 400;\">sem fuma\u00e7a para equipar a sua varanda gourmet. \ud83d\ude42\u00a0<\/span><\/p>\n<div id=\"metaslider-id-6874\" style=\"width: 100%; margin: 0 auto;\" class=\"ml-slider-3-27-0 metaslider metaslider-flex metaslider-6874 ml-slider slider-sku-padrao ml-slider-lightbox-1-12-0 lightbox-disabled\">\n    <div id=\"metaslider_container_6874\">\n        <div id=\"metaslider_6874\" class=\"flexslider\">\n            <ul aria-live=\"polite\" class=\"slides\">\n                <li style=\"display: none; width: 100%;\" class=\"slide-6884 ms-image\"><a href=\"https:\/\/www.mobly.com.br\/kit-caipira-pop-213468.html\/?utm_source=blog_carrossel&amp;utm_medium=social_blog&amp;utm_campaign=varandas_gourmet\" target=\"_blank\"><img loading=\"lazy\" decoding=\"async\" src=\"https:\/\/www.mobly.com.br\/blog\/wp-content\/uploads\/2019\/11\/3-Origin-Kit-Caipira-Pop-5825-864312-1-240x240.jpg\" height=\"240\" width=\"240\" alt=\"\" class=\"slider-6874 slide-6884\" title=\"3 - Origin-Kit-Caipira-Pop-5825-864312-1\" \/><\/a><div class=\"caption-wrap\"><div class=\"caption\">Kit Caipira Pop<\/div><\/div><\/li>\n                <li style=\"display: none; width: 100%;\" class=\"slide-6882 ms-image\"><a href=\"https:\/\/www.mobly.com.br\/balcao-de-cozinha-com-tampo-skow-1-gv-prata-646913.html\/?utm_source=blog_carrossel&amp;utm_medium=social_blog&amp;utm_campaign=varandas_gourmet\" target=\"_blank\"><img loading=\"lazy\" decoding=\"async\" src=\"https:\/\/www.mobly.com.br\/blog\/wp-content\/uploads\/2019\/11\/3-Casamob-BalcC3A3o-de-Cozinha-com-Tampo-Skow-1-GV-Prata-1272-319646-1-240x240.jpg\" height=\"240\" width=\"240\" alt=\"\" class=\"slider-6874 slide-6882\" title=\"3 - Casamob-BalcC3A3o-de-Cozinha-com-Tampo-Skow-1-GV-Prata-1272-319646-1\" \/><\/a><div class=\"caption-wrap\"><div class=\"caption\">Balc\u00e3o de Cozinha Skow<\/div><\/div><\/li>\n                <li style=\"display: none; width: 100%;\" class=\"slide-6885 ms-image\"><a href=\"https:\/\/www.mobly.com.br\/churrasqueira-grill-maleta-pratika-pintada-148514.html\/?utm_source=blog_carrossel&amp;utm_medium=social_blog&amp;utm_campaign=varandas_gourmet\" target=\"_blank\"><img loading=\"lazy\" decoding=\"async\" src=\"https:\/\/www.mobly.com.br\/blog\/wp-content\/uploads\/2019\/11\/3-Suportel-Churrasqueira-Grill-Maleta-Pratika-Pintada-5616-415841-1-240x240.jpg\" height=\"240\" width=\"240\" alt=\"\" class=\"slider-6874 slide-6885\" title=\"3 - Suportel-Churrasqueira-Grill-Maleta-Pratika-Pintada-5616-415841-1\" \/><\/a><div class=\"caption-wrap\"><div class=\"caption\">Churrasqueira Grill Maleta Pratika<\/div><\/div><\/li>\n                <li style=\"display: none; width: 100%;\" class=\"slide-6883 ms-image\"><a href=\"https:\/\/www.mobly.com.br\/chopeira-prata-baby-beer-3-5-litros-367108.html\/?utm_source=blog_carrossel&amp;utm_medium=social_blog&amp;utm_campaign=varandas_gourmet\" target=\"_blank\"><img loading=\"lazy\" decoding=\"async\" src=\"https:\/\/www.mobly.com.br\/blog\/wp-content\/uploads\/2019\/11\/3-Mariz-Chopeira-Prata-Baby-Beer-3.5-Litros-8610-801763-1-240x240.jpg\" height=\"240\" width=\"240\" alt=\"\" class=\"slider-6874 slide-6883\" title=\"3 - Mariz-Chopeira-Prata-Baby-Beer-3.5-Litros-8610-801763-1\" \/><\/a><div class=\"caption-wrap\"><div class=\"caption\">Chopeira Baby Beer<\/div><\/div><\/li>\n                <li style=\"display: none; width: 100%;\" class=\"slide-6881 ms-image\"><a href=\"https:\/\/www.mobly.com.br\/balcao-de-cozinha-com-pia-skow-1-gv-prata-646910.html\/?utm_source=blog_carrossel&amp;utm_medium=social_blog&amp;utm_campaign=varandas_gourmet\" target=\"_blank\"><img loading=\"lazy\" decoding=\"async\" src=\"https:\/\/www.mobly.com.br\/blog\/wp-content\/uploads\/2019\/11\/3-Casamob-BalcC3A3o-de-Cozinha-com-Pia-Skow-1-GV-Prata-1500-019646-1-240x240.jpg\" height=\"240\" width=\"240\" alt=\"\" class=\"slider-6874 slide-6881\" title=\"3 - Casamob-BalcC3A3o-de-Cozinha-com-Pia-Skow-1-GV-Prata-1500-019646-1\" \/><\/a><div class=\"caption-wrap\"><div class=\"caption\">Balc\u00e3o de Cozinha com Pia Skow<\/div><\/div><\/li>\n            <\/ul>\n        <\/div>\n        \n    <\/div>\n<\/div>\n<h5 style=\"text-align: center;\">\u00a0<img loading=\"lazy\" decoding=\"async\" class=\"alignnone size-full wp-image-6840\" src=\"https:\/\/blog.mobly.com.br\/wp-content\/uploads\/2019\/11\/dicas-de-decoracao-para-varanda-gourmet-05.jpg\" alt=\"\" width=\"700\" height=\"464\" srcset=\"https:\/\/www.mobly.com.br\/blog\/wp-content\/uploads\/2019\/11\/dicas-de-decoracao-para-varanda-gourmet-05.jpg 700w, https:\/\/www.mobly.com.br\/blog\/wp-content\/uploads\/2019\/11\/dicas-de-decoracao-para-varanda-gourmet-05-300x199.jpg 300w\" sizes=\"auto, (max-width: 700px) 100vw, 700px\" \/><br \/>\n<em>Como decorar a varanda gourmet por Viva Decora. Ambiente projetado por \u00c9rica Salguero.<\/em><\/h5>\n<h5 style=\"text-align: center;\"><img loading=\"lazy\" decoding=\"async\" class=\"alignnone size-full wp-image-6842\" src=\"https:\/\/blog.mobly.com.br\/wp-content\/uploads\/2019\/11\/dicas-de-decoracao-para-varanda-gourmet-07.jpg\" alt=\"\" width=\"700\" height=\"467\" srcset=\"https:\/\/www.mobly.com.br\/blog\/wp-content\/uploads\/2019\/11\/dicas-de-decoracao-para-varanda-gourmet-07.jpg 700w, https:\/\/www.mobly.com.br\/blog\/wp-content\/uploads\/2019\/11\/dicas-de-decoracao-para-varanda-gourmet-07-300x200.jpg 300w\" sizes=\"auto, (max-width: 700px) 100vw, 700px\" \/><br \/>\n<em>Como decorar a varanda gourmet por Viva Decora. Ambiente projetado por Daniela Dantas.<\/em><\/h5>\n<h3><strong>Revestimentos<\/strong><\/h3>\n<p><span style=\"font-weight: 400;\">Se voc\u00ea decidiu o tema para sua \u00e1rea gourmet, pode come\u00e7ar a planejar a decora\u00e7\u00e3o deste espa\u00e7o. Um cen\u00e1rio mais r\u00fastico combina com tons fortes de terra e, por isto, pode ser legal ter no local algumas superf\u00edcies revestidas em tijolos, pedras ou madeira.\u00a0<\/span><span style=\"font-weight: 400;\">Mas, para deixar tudo mais <em>clean,\u00a0<\/em>o melhor s\u00e3o os tons neutros e os revestimentos mais lisos, como o inox e o porcelanato.<\/span><\/p>\n<p><span style=\"font-weight: 400;\">Agora, lembre-se que a \u00e1rea gourmet \u00e9 uma zona de lazer da casa. Por isso, pode ser interessante apostar tamb\u00e9m em pontos de cores aqui e ali na decora\u00e7\u00e3o, para deixar o espa\u00e7o muito mais alegre e divertido.\u00a0<\/span><span style=\"font-weight: 400;\">Considere usar ladrilhos hidr\u00e1ulicos ou outros materiais com cores.<\/span><\/p>\n<h5 style=\"text-align: center;\"><img loading=\"lazy\" decoding=\"async\" class=\"size-full wp-image-6837 aligncenter\" src=\"https:\/\/blog.mobly.com.br\/wp-content\/uploads\/2019\/11\/dicas-de-decoracao-para-varanda-gourmet-02.jpg\" alt=\"\" width=\"700\" height=\"467\" srcset=\"https:\/\/www.mobly.com.br\/blog\/wp-content\/uploads\/2019\/11\/dicas-de-decoracao-para-varanda-gourmet-02.jpg 700w, https:\/\/www.mobly.com.br\/blog\/wp-content\/uploads\/2019\/11\/dicas-de-decoracao-para-varanda-gourmet-02-300x200.jpg 300w\" sizes=\"auto, (max-width: 700px) 100vw, 700px\" \/><em>Como decorar a varanda gourmet por Viva Decora. Ambiente projetado por Idealizzare Arquitetos &#8211; Consultoria em projetos.<\/em><\/h5>\n<h5 style=\"text-align: center;\"><img loading=\"lazy\" decoding=\"async\" class=\"alignnone size-full wp-image-6838\" src=\"https:\/\/blog.mobly.com.br\/wp-content\/uploads\/2019\/11\/dicas-de-decoracao-para-varanda-gourmet-03.jpg\" alt=\"\" width=\"700\" height=\"467\" srcset=\"https:\/\/www.mobly.com.br\/blog\/wp-content\/uploads\/2019\/11\/dicas-de-decoracao-para-varanda-gourmet-03.jpg 700w, https:\/\/www.mobly.com.br\/blog\/wp-content\/uploads\/2019\/11\/dicas-de-decoracao-para-varanda-gourmet-03-300x200.jpg 300w\" sizes=\"auto, (max-width: 700px) 100vw, 700px\" \/><br \/>\n<em>Como decorar a varanda gourmet por Viva Decora. Ambiente projetado por Sandra Pompermayer.<\/em><\/h5>\n<h3><strong>M\u00f3veis<\/strong><\/h3>\n<p><span style=\"font-weight: 400;\">Para receber bem os convidados na \u00e1rea gourmet, use muitos bancos, banquetas, cadeiras e at\u00e9 estofados ou almofadas fofas.\u00a0<\/span><span style=\"font-weight: 400;\">\u00c9 preciso tamb\u00e9m providenciar uma mesa para as refei\u00e7\u00f5es, que seja adequada ao tamanho do local.<\/span><\/p>\n<p><span style=\"font-weight: 400;\">Mesmo que a varanda de sua casa seja ampla, \u00e9 importante saber aproveitar bem o espa\u00e7o, estudando um jeito para que tudo fique bem posicionado. Os m\u00f3veis planejados podem ser a melhor alternativa neste caso.\u00a0<\/span><\/p>\n<div id=\"metaslider-id-6862\" style=\"width: 100%; margin: 0 auto;\" class=\"ml-slider-3-27-0 metaslider metaslider-flex metaslider-6862 ml-slider slider-sku-padrao ml-slider-lightbox-1-12-0 lightbox-disabled\">\n    <div id=\"metaslider_container_6862\">\n        <div id=\"metaslider_6862\" class=\"flexslider\">\n            <ul aria-live=\"polite\" class=\"slides\">\n                <li style=\"display: none; width: 100%;\" class=\"slide-6873 ms-image\"><a href=\"https:\/\/www.mobly.com.br\/mesa-de-jantar-retangular-vigo-marrom-e-preta-160-cm-570254.html\/?utm_source=blog_carrossel&amp;utm_medium=social_blog&amp;utm_campaign=varandas_gourmet\" target=\"_blank\"><img loading=\"lazy\" decoding=\"async\" src=\"https:\/\/www.mobly.com.br\/blog\/wp-content\/uploads\/2019\/11\/2-Mobly-Mesa-de-Jantar-Retangular-Vigo-Marrom-e-Preta-160-cm-3992-452075-1-240x240.jpg\" height=\"240\" width=\"240\" alt=\"\" class=\"slider-6862 slide-6873\" title=\"2 - Mobly-Mesa-de-Jantar-Retangular-Vigo-Marrom-e-Preta-160-cm-3992-452075-1\" \/><\/a><div class=\"caption-wrap\"><div class=\"caption\">Mesa de Jantar Vigo<\/div><\/div><\/li>\n                <li style=\"display: none; width: 100%;\" class=\"slide-6869 ms-image\"><a href=\"https:\/\/www.mobly.com.br\/banco-dili-madeira-macica-natural-com-preto-industrial-541266.html\/?utm_source=blog_carrossel&amp;utm_medium=social_blog&amp;utm_campaign=varandas_gourmet\" target=\"_blank\"><img loading=\"lazy\" decoding=\"async\" src=\"https:\/\/www.mobly.com.br\/blog\/wp-content\/uploads\/2019\/11\/2-Mobly-Banco-Dili-Madeira-MaciC3A7a-Natural-com-Preto-Industrial-2336-662145-1-240x240.jpg\" height=\"240\" width=\"240\" alt=\"\" class=\"slider-6862 slide-6869\" title=\"2 - Mobly-Banco-Dili-Madeira-MaciC3A7a-Natural-com-Preto-Industrial-2336-662145-1\" \/><\/a><div class=\"caption-wrap\"><div class=\"caption\">Banco Dili<\/div><\/div><\/li>\n                <li style=\"display: none; width: 100%;\" class=\"slide-6872 ms-image\"><a href=\"https:\/\/www.mobly.com.br\/mesa-de-jantar-retangular-country-mel-120-cm-544427.html\/?utm_source=blog_carrossel&amp;utm_medium=social_blog&amp;utm_campaign=varandas_gourmet\" target=\"_blank\"><img loading=\"lazy\" decoding=\"async\" src=\"https:\/\/www.mobly.com.br\/blog\/wp-content\/uploads\/2019\/11\/2-Mobly-Mesa-de-Jantar-Retangular-Country-Mel-120-cm-4438-724445-1-240x240.jpg\" height=\"240\" width=\"240\" alt=\"\" class=\"slider-6862 slide-6872\" title=\"2 - Mobly-Mesa-de-Jantar-Retangular-Country--Mel-120-cm-4438-724445-1\" \/><\/a><div class=\"caption-wrap\"><div class=\"caption\">Mesa de Jantar Country<\/div><\/div><\/li>\n                <li style=\"display: none; width: 100%;\" class=\"slide-6871 ms-image\"><a href=\"https:\/\/www.mobly.com.br\/conjunto-de-mesa-wooden-com-4-bancos-preto-e-marrom-511483.html\/?utm_source=blog_carrossel&amp;utm_medium=social_blog&amp;utm_campaign=varandas_gourmet\" target=\"_blank\"><img loading=\"lazy\" decoding=\"async\" src=\"https:\/\/www.mobly.com.br\/blog\/wp-content\/uploads\/2019\/11\/2-Mobly-Conjunto-de-Mesa-Wooden-com-4-Bancos-Preto-e-Marrom-0066-384115-1-240x240.jpg\" height=\"240\" width=\"240\" alt=\"\" class=\"slider-6862 slide-6871\" title=\"2 - Mobly-Conjunto-de-Mesa-Wooden-com-4-Bancos--Preto-e-Marrom-0066-384115-1\" \/><\/a><div class=\"caption-wrap\"><div class=\"caption\">Conjunto de Mesa Wooden<\/div><\/div><\/li>\n                <li style=\"display: none; width: 100%;\" class=\"slide-6870 ms-image\"><a href=\"https:\/\/www.mobly.com.br\/bar-carrinho-alvorada-madeira-macica-industrial-542351.html\/?utm_source=blog_carrossel&amp;utm_medium=social_blog&amp;utm_campaign=varandas_gourmet\" target=\"_blank\"><img loading=\"lazy\" decoding=\"async\" src=\"https:\/\/www.mobly.com.br\/blog\/wp-content\/uploads\/2019\/11\/2-Mobly-Bar-Carrinho-Alvorada-Madeira-MaciC3A7a-Industrial-1816-153245-1-240x240.jpg\" height=\"240\" width=\"240\" alt=\"\" class=\"slider-6862 slide-6870\" title=\"2 - Mobly-Bar-Carrinho-Alvorada-Madeira-MaciC3A7a-Industrial-1816-153245-1\" \/><\/a><div class=\"caption-wrap\"><div class=\"caption\">Bar Carrinho Alvorada<\/div><\/div><\/li>\n            <\/ul>\n        <\/div>\n        \n    <\/div>\n<\/div>\n<p><span style=\"font-weight: 400;\">Contudo, existem v\u00e1rios itens prontos \u2013 inclusive naquelas do ramo de <a href=\"https:\/\/www.mobly.com.br\/blog\/dicas\/truques-jardins\/\" target=\"_blank\" rel=\"noopener\">jardinagem<\/a> -, que podem ajudar no come\u00e7o da montagem da decora\u00e7\u00e3o.<\/span><\/p>\n<h5 style=\"text-align: center;\"><img loading=\"lazy\" decoding=\"async\" class=\"alignnone size-full wp-image-6843\" src=\"https:\/\/blog.mobly.com.br\/wp-content\/uploads\/2019\/11\/dicas-de-decoracao-para-varanda-gourmet-08.jpg\" alt=\"\" width=\"700\" height=\"524\" srcset=\"https:\/\/www.mobly.com.br\/blog\/wp-content\/uploads\/2019\/11\/dicas-de-decoracao-para-varanda-gourmet-08.jpg 700w, https:\/\/www.mobly.com.br\/blog\/wp-content\/uploads\/2019\/11\/dicas-de-decoracao-para-varanda-gourmet-08-300x225.jpg 300w\" sizes=\"auto, (max-width: 700px) 100vw, 700px\" \/><br \/>\n<em>Como decorar a varanda gourmet por Viva Decora. Ambiente projetado por Mauricio Karam e SP Estudio.<\/em><\/h5>\n<p><span style=\"font-weight: 400;\">Para garantir que o visual da varanda gourmet dure por mais tempo, \u00e9 preciso saber escolher as pe\u00e7as certas, que sejam adequadas \u00e0s condi\u00e7\u00f5es desta \u00e1rea.\u00a0<\/span><span style=\"font-weight: 400;\">Pode ser que no local haja muita incid\u00eancia de luminosidade ou at\u00e9 mesmo que o espa\u00e7o possa sofrer com a a\u00e7\u00e3o da chuva.<\/span><\/p>\n<p><span style=\"font-weight: 400;\">Ent\u00e3o, \u00e9 indicado que todos os estofados e estruturas de m\u00f3veis sejam em material impermeabilizado, de f\u00e1cil higieniza\u00e7\u00e3o e manuten\u00e7\u00e3o. As op\u00e7\u00f5es de materiais bem v\u00e1lidas para essas pe\u00e7as: pedra, concreto, polipropileno, acr\u00edlico, inox, rattan e fibra sint\u00e9tica.<\/span><\/p>\n<h5 style=\"text-align: center;\"><img loading=\"lazy\" decoding=\"async\" class=\"alignnone size-full wp-image-6844\" src=\"https:\/\/blog.mobly.com.br\/wp-content\/uploads\/2019\/11\/dicas-de-decoracao-para-varanda-gourmet-09.jpg\" alt=\"\" width=\"700\" height=\"466\" srcset=\"https:\/\/www.mobly.com.br\/blog\/wp-content\/uploads\/2019\/11\/dicas-de-decoracao-para-varanda-gourmet-09.jpg 700w, https:\/\/www.mobly.com.br\/blog\/wp-content\/uploads\/2019\/11\/dicas-de-decoracao-para-varanda-gourmet-09-300x200.jpg 300w\" sizes=\"auto, (max-width: 700px) 100vw, 700px\" \/><br \/>\n<em>Como decorar a varanda gourmet por Viva Decora. Ambiente projetado por Korman Arquitetos.<\/em><\/h5>\n<h5 style=\"text-align: center;\"><img loading=\"lazy\" decoding=\"async\" class=\"alignnone size-full wp-image-6839\" src=\"https:\/\/blog.mobly.com.br\/wp-content\/uploads\/2019\/11\/dicas-de-decoracao-para-varanda-gourmet-04.jpg\" alt=\"\" width=\"700\" height=\"468\" srcset=\"https:\/\/www.mobly.com.br\/blog\/wp-content\/uploads\/2019\/11\/dicas-de-decoracao-para-varanda-gourmet-04.jpg 700w, https:\/\/www.mobly.com.br\/blog\/wp-content\/uploads\/2019\/11\/dicas-de-decoracao-para-varanda-gourmet-04-300x201.jpg 300w\" sizes=\"auto, (max-width: 700px) 100vw, 700px\" \/><br \/>\n<em>Como decorar a varanda gourmet por Viva Decora. Ambiente projetado por \u00c9rica Salguero.<\/em><\/h5>\n<h3><strong>Enfeites<\/strong><\/h3>\n<p><span style=\"font-weight: 400;\">Al\u00e9m de equipamentos e m\u00f3veis, uma varanda gourmet precisa tamb\u00e9m de enfeites.\u00a0<\/span><span style=\"font-weight: 400;\">Uma ideia \u00e9 investir em quadros, esculturas e outras pe\u00e7as de arte, lanternas e lumin\u00e1rias &#8211; para criar um clima intimista em certos recantos -, e claro, vasos de plantas.<\/span><\/p>\n<p><span style=\"font-weight: 400;\">\u00c9 interessante adicionar toques de verde na varanda, esse \u00e9 o melhor jeito de trazer a natureza para dentro de casa. Assim, vale usar aparadores e estantes como apoio para de plantas no local, construir um mini jardim, horta vertical ou\u00a0<\/span><span style=\"font-weight: 400;\">at\u00e9 intercalar alguns vasos com uma fonte em um ponto estrat\u00e9gico. Em caso de d\u00favidas sobre quais esp\u00e9cies utilizar no local, basta consultar um paisagista.<\/span><\/p>\n<div id=\"metaslider-id-6850\" style=\"width: 100%; margin: 0 auto;\" class=\"ml-slider-3-27-0 metaslider metaslider-flex metaslider-6850 ml-slider slider-sku-padrao ml-slider-lightbox-1-12-0 lightbox-disabled\">\n    <div id=\"metaslider_container_6850\">\n        <div id=\"metaslider_6850\" class=\"flexslider\">\n            <ul aria-live=\"polite\" class=\"slides\">\n                <li style=\"display: none; width: 100%;\" class=\"slide-6860 ms-image\"><a href=\"https:\/\/www.mobly.com.br\/pendente-luiza-cobre-561803.html\/?utm_source=blog_carrossel&amp;utm_medium=social_blog&amp;utm_campaign=varandas_gourmet\" target=\"_blank\"><img loading=\"lazy\" decoding=\"async\" src=\"https:\/\/www.mobly.com.br\/blog\/wp-content\/uploads\/2019\/11\/1-Jd-Molina-Pendente-Luiza-Cobre-4151-308165-1-240x240.jpg\" height=\"240\" width=\"240\" alt=\"\" class=\"slider-6850 slide-6860\" title=\"1 - Jd-Molina-Pendente-Luiza-Cobre-4151-308165-1\" \/><\/a><div class=\"caption-wrap\"><div class=\"caption\">Pendente Luiza<\/div><\/div><\/li>\n                <li style=\"display: none; width: 100%;\" class=\"slide-6861 ms-image\"><a href=\"https:\/\/www.mobly.com.br\/pendente-em-madeira-lupulo-grande-559111.html\/?utm_source=blog_carrossel&amp;utm_medium=social_blog&amp;utm_campaign=varandas_gourmet\" target=\"_blank\"><img loading=\"lazy\" decoding=\"async\" src=\"https:\/\/www.mobly.com.br\/blog\/wp-content\/uploads\/2019\/11\/1-Trybo-Pendente-em-Madeira-LUPULO-GRANDE-5179-111955-1-240x240.jpg\" height=\"240\" width=\"240\" alt=\"\" class=\"slider-6850 slide-6861\" title=\"1 - Trybo-Pendente-em-Madeira---LUPULO-GRANDE-5179-111955-1\" \/><\/a><div class=\"caption-wrap\"><div class=\"caption\">Pendente Lupulo<\/div><\/div><\/li>\n                <li style=\"display: none; width: 100%;\" class=\"slide-6859 ms-image\"><a href=\"https:\/\/www.mobly.com.br\/vaso-com-suculenta-l-hermitage-iii-branco-638188.html\/?utm_source=blog_carrossel&amp;utm_medium=social_blog&amp;utm_campaign=varandas_gourmet\" target=\"_blank\"><img loading=\"lazy\" decoding=\"async\" src=\"https:\/\/www.mobly.com.br\/blog\/wp-content\/uploads\/2019\/11\/1-Full-Fit-Vaso-com-Suculenta-L-Hermitage-III-Branco-3344-881836-1-240x240.jpg\" height=\"240\" width=\"240\" alt=\"\" class=\"slider-6850 slide-6859\" title=\"1 - Full-Fit-Vaso-com-Suculenta-L-Hermitage-III-Branco-3344-881836-1\" \/><\/a><div class=\"caption-wrap\"><div class=\"caption\">Vaso com Suculenta Hermitage III<\/div><\/div><\/li>\n                <li style=\"display: none; width: 100%;\" class=\"slide-6857 ms-image\"><a href=\"https:\/\/www.mobly.com.br\/quadro-decorativo-cerveja-335qdcb-459427.html\/?utm_source=blog_carrossel&amp;utm_medium=social_blog&amp;utm_campaign=varandas_gourmet\" target=\"_blank\"><img loading=\"lazy\" decoding=\"async\" src=\"https:\/\/www.mobly.com.br\/blog\/wp-content\/uploads\/2019\/11\/1-Allodi-Quadro-Decorativo-Cerveja-335qdcb-7155-724954-1-240x240.jpg\" height=\"240\" width=\"240\" alt=\"\" class=\"slider-6850 slide-6857\" title=\"1 - Allodi-Quadro-Decorativo---Cerveja---335qdcb-7155-724954-1\" \/><\/a><div class=\"caption-wrap\"><div class=\"caption\">Quadro Cerveja<\/div><\/div><\/li>\n                <li style=\"display: none; width: 100%;\" class=\"slide-6858 ms-image\"><a href=\"https:\/\/www.mobly.com.br\/vaso-com-suculenta-l-hermitage-ii-cinza-638189.html\/?utm_source=blog_carrossel&amp;utm_medium=social_blog&amp;utm_campaign=varandas_gourmet\" target=\"_blank\"><img loading=\"lazy\" decoding=\"async\" src=\"https:\/\/www.mobly.com.br\/blog\/wp-content\/uploads\/2019\/11\/1-Full-Fit-Vaso-com-Suculenta-L-Hermitage-II-Cinza-3336-981836-1-240x240.jpg\" height=\"240\" width=\"240\" alt=\"\" class=\"slider-6850 slide-6858\" title=\"1 - Full-Fit-Vaso-com-Suculenta-L-Hermitage-II-Cinza-3336-981836-1\" \/><\/a><div class=\"caption-wrap\"><div class=\"caption\">Vaso com Suculenta Hermitage II<\/div><\/div><\/li>\n            <\/ul>\n        <\/div>\n        \n    <\/div>\n<\/div>\n<h5 style=\"text-align: center;\"><img loading=\"lazy\" decoding=\"async\" class=\"alignnone size-full wp-image-6836\" src=\"https:\/\/blog.mobly.com.br\/wp-content\/uploads\/2019\/11\/dicas-de-decoracao-para-varanda-gourmet-01.jpg\" alt=\"\" width=\"700\" height=\"466\" srcset=\"https:\/\/www.mobly.com.br\/blog\/wp-content\/uploads\/2019\/11\/dicas-de-decoracao-para-varanda-gourmet-01.jpg 700w, https:\/\/www.mobly.com.br\/blog\/wp-content\/uploads\/2019\/11\/dicas-de-decoracao-para-varanda-gourmet-01-300x200.jpg 300w\" sizes=\"auto, (max-width: 700px) 100vw, 700px\" \/><br \/>\n<em>Como decorar a varanda gourmet por Viva Decora. Ambiente projetado por Doob Arquitetura.<\/em><\/h5>\n<p><span style=\"font-weight: 400;\">E se por algum motivo voc\u00ea achar que tem muito vento ou luz incidindo no local, consulte um arquiteto. Ele lhe dir\u00e1 qual a melhor forma de fazer o fechamento da varanda sem descumprir as regras do condom\u00ednio.\u00a0<\/span><\/p>\n<p><span style=\"font-weight: 400;\">Agora \u00e9 sua vez: planeje a decora\u00e7\u00e3o de sua varanda gourmet! Encontre nas imagens deste texto alguma inspira\u00e7\u00e3o e, depois, inicie o seu projeto.<\/span><\/p>\n<p>E n\u00e3o perca, Paloma Cipriano te mostra como transformar sua \u00e1rea externa com um item!<\/p>\n<p>https:\/\/www.youtube.com\/watch?v=W-J_nwOkLUA<\/p>\n<p><span style=\"font-weight: 400;\">Essas dicas de decora\u00e7\u00e3o para a varanda foram criadas pela equipe <\/span><a href=\"https:\/\/www.vivadecora.com.br\/\"><span style=\"font-weight: 400;\">Viva Decora<\/span><\/a><span style=\"font-weight: 400;\">.<\/span><\/p>\n<button class=\"simplefavorite-button has-count loading\" data-postid=\"6824\" data-siteid=\"1\" data-groupid=\"1\" data-favoritecount=\"0\" style=\"\">Carregando...<span class=\"sf-icon-spinner-wrapper\"><i class=\"sf-icon-spinner\"><\/i><\/span><\/button>","protected":false},"excerpt":{"rendered":"<p>Varanda gourmet \u00e9 um setor do apartamento dedicado \u00e0 confraterniza\u00e7\u00e3o de pessoas e degusta\u00e7\u00e3o de alimentos. Veja como decorar este ambiente. Os novos empreendimentos imobili\u00e1rios t\u00eam apresentado grandes surpresas. Atualmente, \u00e9 comum a construtoras oferecem varandas mais amplas que podem ser transformadas em espa\u00e7osas \u00e1reas gourmet.\u00a0 A ideia seria, justamente, criar uma extens\u00e3o para a sala de estar e jantar &#8211; uma op\u00e7\u00e3o de lazer a mais para os moradores, um ponto dentro de casa para a recep\u00e7\u00e3o de amigos e familiares.\u00a0 Mas, como montar a decora\u00e7\u00e3o nesse local?\u00a0Veja, a seguir, como acrescentar mais charme e eleg\u00e2ncia a esta \u00e1rea de seu apartamento. Leia tamb\u00e9m:\u00a0Decora\u00e7\u00e3o de \u00c1rea Externa: 7 dicas para aplicar em casa. Como decorar a varanda gourmet por Viva Decora. Ambiente projetado por Patr\u00edcia Hagobian. Qual a real vantagem das varandas gourmets? Muitos apartamentos constru\u00eddos recentemente apresentam uma varanda gourmet. Trata-se de uma \u00e1rea totalmente aberta ou com ampla abertura onde se tem, quase sempre, uma churrasqueira e um ponto de \u00e1gua.\u00a0 E no restante deste espa\u00e7o \u00e9 poss\u00edvel criar uma linda \u00e1rea de conviv\u00eancia, com pia, fog\u00e3o, geladeira, uma mesa confort\u00e1vel e outros eletrodom\u00e9sticos t\u00edpicos de uma cozinha com copa.\u00a0 Essa \u00e1rea pode ser integrada a sala [&hellip;]<\/p>\n","protected":false},"author":9,"featured_media":6836,"comment_status":"open","ping_status":"open","sticky":false,"template":"","format":"standard","meta":{"extendify_custom_stylesheet":"","_mi_skip_tracking":false,"_monsterinsights_skip_tracking":false,"_monsterinsights_sitenote_active":false,"_monsterinsights_sitenote_note":"","_monsterinsights_sitenote_category":0,"footnotes":""},"categories":[10],"tags":[],"class_list":["post-6824","post","type-post","status-publish","format-standard","has-post-thumbnail","hentry","category-dicas"],"yoast_head":"<!-- This site is optimized with the Yoast SEO plugin v24.9 - https:\/\/yoast.com\/wordpress\/plugins\/seo\/ -->\n<title>Varanda Gourmet: saiba como decorar este ambiente | Blog da Mobly<\/title>\n<meta name=\"robots\" content=\"index, follow, max-snippet:-1, max-image-preview:large, max-video-preview:-1\" \/>\n<link rel=\"canonical\" href=\"https:\/\/www.mobly.com.br\/blog\/dicas\/varanda-gourmet-saiba-como-decorar-este-ambiente\/\" \/>\n<meta property=\"og:locale\" content=\"pt_BR\" \/>\n<meta property=\"og:type\" content=\"article\" \/>\n<meta property=\"og:title\" content=\"Varanda Gourmet: saiba como decorar este ambiente | Blog da Mobly\" \/>\n<meta property=\"og:description\" content=\"Varanda gourmet \u00e9 um setor do apartamento dedicado \u00e0 confraterniza\u00e7\u00e3o de pessoas e degusta\u00e7\u00e3o de alimentos. Veja como decorar este ambiente. Os novos empreendimentos imobili\u00e1rios t\u00eam apresentado grandes surpresas. Atualmente, \u00e9 comum a construtoras oferecem varandas mais amplas que podem ser transformadas em espa\u00e7osas \u00e1reas gourmet.\u00a0 A ideia seria, justamente, criar uma extens\u00e3o para a sala de estar e jantar &#8211; uma op\u00e7\u00e3o de lazer a mais para os moradores, um ponto dentro de casa para a recep\u00e7\u00e3o de amigos e familiares.\u00a0 Mas, como montar a decora\u00e7\u00e3o nesse local?\u00a0Veja, a seguir, como acrescentar mais charme e eleg\u00e2ncia a esta \u00e1rea de seu apartamento. Leia tamb\u00e9m:\u00a0Decora\u00e7\u00e3o de \u00c1rea Externa: 7 dicas para aplicar em casa. Como decorar a varanda gourmet por Viva Decora. Ambiente projetado por Patr\u00edcia Hagobian. Qual a real vantagem das varandas gourmets? Muitos apartamentos constru\u00eddos recentemente apresentam uma varanda gourmet. Trata-se de uma \u00e1rea totalmente aberta ou com ampla abertura onde se tem, quase sempre, uma churrasqueira e um ponto de \u00e1gua.\u00a0 E no restante deste espa\u00e7o \u00e9 poss\u00edvel criar uma linda \u00e1rea de conviv\u00eancia, com pia, fog\u00e3o, geladeira, uma mesa confort\u00e1vel e outros eletrodom\u00e9sticos t\u00edpicos de uma cozinha com copa.\u00a0 Essa \u00e1rea pode ser integrada a sala [&hellip;]\" \/>\n<meta property=\"og:url\" content=\"https:\/\/www.mobly.com.br\/blog\/dicas\/varanda-gourmet-saiba-como-decorar-este-ambiente\/\" \/>\n<meta property=\"og:site_name\" content=\"Blog da Mobly\" \/>\n<meta property=\"article:published_time\" content=\"2019-11-04T11:00:55+00:00\" \/>\n<meta property=\"article:modified_time\" content=\"2025-05-21T20:08:37+00:00\" \/>\n<meta property=\"og:image\" content=\"https:\/\/www.mobly.com.br\/blog\/wp-content\/uploads\/2019\/11\/dicas-de-decoracao-para-varanda-gourmet-01.jpg\" \/>\n\t<meta property=\"og:image:width\" content=\"700\" \/>\n\t<meta property=\"og:image:height\" content=\"466\" \/>\n\t<meta property=\"og:image:type\" content=\"image\/jpeg\" \/>\n<meta name=\"author\" content=\"Viva Decora\" \/>\n<meta name=\"twitter:card\" content=\"summary_large_image\" \/>\n<meta name=\"twitter:label1\" content=\"Escrito por\" \/>\n\t<meta name=\"twitter:data1\" content=\"Viva Decora\" \/>\n\t<meta name=\"twitter:label2\" content=\"Est. tempo de leitura\" \/>\n\t<meta name=\"twitter:data2\" content=\"6 minutos\" \/>\n<script type=\"application\/ld+json\" class=\"yoast-schema-graph\">{\"@context\":\"https:\/\/schema.org\",\"@graph\":[{\"@type\":\"WebPage\",\"@id\":\"https:\/\/www.mobly.com.br\/blog\/dicas\/varanda-gourmet-saiba-como-decorar-este-ambiente\/\",\"url\":\"https:\/\/www.mobly.com.br\/blog\/dicas\/varanda-gourmet-saiba-como-decorar-este-ambiente\/\",\"name\":\"Varanda Gourmet: saiba como decorar este ambiente | Blog da Mobly\",\"isPartOf\":{\"@id\":\"https:\/\/www.mobly.com.br\/blog\/#website\"},\"primaryImageOfPage\":{\"@id\":\"https:\/\/www.mobly.com.br\/blog\/dicas\/varanda-gourmet-saiba-como-decorar-este-ambiente\/#primaryimage\"},\"image\":{\"@id\":\"https:\/\/www.mobly.com.br\/blog\/dicas\/varanda-gourmet-saiba-como-decorar-este-ambiente\/#primaryimage\"},\"thumbnailUrl\":\"https:\/\/www.mobly.com.br\/blog\/wp-content\/uploads\/2019\/11\/dicas-de-decoracao-para-varanda-gourmet-01.jpg\",\"datePublished\":\"2019-11-04T11:00:55+00:00\",\"dateModified\":\"2025-05-21T20:08:37+00:00\",\"author\":{\"@id\":\"https:\/\/www.mobly.com.br\/blog\/#\/schema\/person\/380e56c588e46bb14f2b2afb4d4ee1cb\"},\"breadcrumb\":{\"@id\":\"https:\/\/www.mobly.com.br\/blog\/dicas\/varanda-gourmet-saiba-como-decorar-este-ambiente\/#breadcrumb\"},\"inLanguage\":\"pt-BR\",\"potentialAction\":[{\"@type\":\"ReadAction\",\"target\":[\"https:\/\/www.mobly.com.br\/blog\/dicas\/varanda-gourmet-saiba-como-decorar-este-ambiente\/\"]}]},{\"@type\":\"ImageObject\",\"inLanguage\":\"pt-BR\",\"@id\":\"https:\/\/www.mobly.com.br\/blog\/dicas\/varanda-gourmet-saiba-como-decorar-este-ambiente\/#primaryimage\",\"url\":\"https:\/\/www.mobly.com.br\/blog\/wp-content\/uploads\/2019\/11\/dicas-de-decoracao-para-varanda-gourmet-01.jpg\",\"contentUrl\":\"https:\/\/www.mobly.com.br\/blog\/wp-content\/uploads\/2019\/11\/dicas-de-decoracao-para-varanda-gourmet-01.jpg\",\"width\":\"700\",\"height\":\"466\"},{\"@type\":\"BreadcrumbList\",\"@id\":\"https:\/\/www.mobly.com.br\/blog\/dicas\/varanda-gourmet-saiba-como-decorar-este-ambiente\/#breadcrumb\",\"itemListElement\":[{\"@type\":\"ListItem\",\"position\":1,\"name\":\"Home\",\"item\":\"https:\/\/www.mobly.com.br\/blog\/\"},{\"@type\":\"ListItem\",\"position\":2,\"name\":\"Dicas\",\"item\":\"https:\/\/www.mobly.com.br\/blog\/dicas\/\"},{\"@type\":\"ListItem\",\"position\":3,\"name\":\"Varanda Gourmet: saiba como decorar este ambiente\"}]},{\"@type\":\"WebSite\",\"@id\":\"https:\/\/www.mobly.com.br\/blog\/#website\",\"url\":\"https:\/\/www.mobly.com.br\/blog\/\",\"name\":\"Blog da Mobly\",\"description\":\"Dicas de Decora\u00e7\u00e3o, Inspira\u00e7\u00f5es e Mais\",\"potentialAction\":[{\"@type\":\"SearchAction\",\"target\":{\"@type\":\"EntryPoint\",\"urlTemplate\":\"https:\/\/www.mobly.com.br\/blog\/?s={search_term_string}\"},\"query-input\":{\"@type\":\"PropertyValueSpecification\",\"valueRequired\":true,\"valueName\":\"search_term_string\"}}],\"inLanguage\":\"pt-BR\"},{\"@type\":\"Person\",\"@id\":\"https:\/\/www.mobly.com.br\/blog\/#\/schema\/person\/380e56c588e46bb14f2b2afb4d4ee1cb\",\"name\":\"Viva Decora\",\"image\":{\"@type\":\"ImageObject\",\"inLanguage\":\"pt-BR\",\"@id\":\"https:\/\/www.mobly.com.br\/blog\/#\/schema\/person\/image\/\",\"url\":\"https:\/\/secure.gravatar.com\/avatar\/737144cce1b354b839d06ce8cb6d90d4?s=96&d=mm&r=g\",\"contentUrl\":\"https:\/\/secure.gravatar.com\/avatar\/737144cce1b354b839d06ce8cb6d90d4?s=96&d=mm&r=g\",\"caption\":\"Viva Decora\"},\"description\":\"O Viva Decora \u00e9 uma plataforma que re\u00fane ideias de decora\u00e7\u00e3o, design de interiores e arquitetura em um s\u00f3 lugar. S\u00e3o milhares de fotos de ambientes projetados por profissionais, para inspirar quem quer criar o lar dos sonhos.\",\"url\":\"https:\/\/www.mobly.com.br\/blog\/author\/viva-decora\/\"}]}<\/script>\n<!-- \/ Yoast SEO plugin. -->","yoast_head_json":{"title":"Varanda Gourmet: saiba como decorar este ambiente | Blog da Mobly","robots":{"index":"index","follow":"follow","max-snippet":"max-snippet:-1","max-image-preview":"max-image-preview:large","max-video-preview":"max-video-preview:-1"},"canonical":"https:\/\/www.mobly.com.br\/blog\/dicas\/varanda-gourmet-saiba-como-decorar-este-ambiente\/","og_locale":"pt_BR","og_type":"article","og_title":"Varanda Gourmet: saiba como decorar este ambiente | Blog da Mobly","og_description":"Varanda gourmet \u00e9 um setor do apartamento dedicado \u00e0 confraterniza\u00e7\u00e3o de pessoas e degusta\u00e7\u00e3o de alimentos. Veja como decorar este ambiente. Os novos empreendimentos imobili\u00e1rios t\u00eam apresentado grandes surpresas. Atualmente, \u00e9 comum a construtoras oferecem varandas mais amplas que podem ser transformadas em espa\u00e7osas \u00e1reas gourmet.\u00a0 A ideia seria, justamente, criar uma extens\u00e3o para a sala de estar e jantar &#8211; uma op\u00e7\u00e3o de lazer a mais para os moradores, um ponto dentro de casa para a recep\u00e7\u00e3o de amigos e familiares.\u00a0 Mas, como montar a decora\u00e7\u00e3o nesse local?\u00a0Veja, a seguir, como acrescentar mais charme e eleg\u00e2ncia a esta \u00e1rea de seu apartamento. Leia tamb\u00e9m:\u00a0Decora\u00e7\u00e3o de \u00c1rea Externa: 7 dicas para aplicar em casa. Como decorar a varanda gourmet por Viva Decora. Ambiente projetado por Patr\u00edcia Hagobian. Qual a real vantagem das varandas gourmets? Muitos apartamentos constru\u00eddos recentemente apresentam uma varanda gourmet. Trata-se de uma \u00e1rea totalmente aberta ou com ampla abertura onde se tem, quase sempre, uma churrasqueira e um ponto de \u00e1gua.\u00a0 E no restante deste espa\u00e7o \u00e9 poss\u00edvel criar uma linda \u00e1rea de conviv\u00eancia, com pia, fog\u00e3o, geladeira, uma mesa confort\u00e1vel e outros eletrodom\u00e9sticos t\u00edpicos de uma cozinha com copa.\u00a0 Essa \u00e1rea pode ser integrada a sala [&hellip;]","og_url":"https:\/\/www.mobly.com.br\/blog\/dicas\/varanda-gourmet-saiba-como-decorar-este-ambiente\/","og_site_name":"Blog da Mobly","article_published_time":"2019-11-04T11:00:55+00:00","article_modified_time":"2025-05-21T20:08:37+00:00","og_image":[{"width":700,"height":466,"url":"https:\/\/www.mobly.com.br\/blog\/wp-content\/uploads\/2019\/11\/dicas-de-decoracao-para-varanda-gourmet-01.jpg","type":"image\/jpeg"}],"author":"Viva Decora","twitter_card":"summary_large_image","twitter_misc":{"Escrito por":"Viva Decora","Est. tempo de leitura":"6 minutos"},"schema":{"@context":"https:\/\/schema.org","@graph":[{"@type":"WebPage","@id":"https:\/\/www.mobly.com.br\/blog\/dicas\/varanda-gourmet-saiba-como-decorar-este-ambiente\/","url":"https:\/\/www.mobly.com.br\/blog\/dicas\/varanda-gourmet-saiba-como-decorar-este-ambiente\/","name":"Varanda Gourmet: saiba como decorar este ambiente | Blog da Mobly","isPartOf":{"@id":"https:\/\/www.mobly.com.br\/blog\/#website"},"primaryImageOfPage":{"@id":"https:\/\/www.mobly.com.br\/blog\/dicas\/varanda-gourmet-saiba-como-decorar-este-ambiente\/#primaryimage"},"image":{"@id":"https:\/\/www.mobly.com.br\/blog\/dicas\/varanda-gourmet-saiba-como-decorar-este-ambiente\/#primaryimage"},"thumbnailUrl":"https:\/\/www.mobly.com.br\/blog\/wp-content\/uploads\/2019\/11\/dicas-de-decoracao-para-varanda-gourmet-01.jpg","datePublished":"2019-11-04T11:00:55+00:00","dateModified":"2025-05-21T20:08:37+00:00","author":{"@id":"https:\/\/www.mobly.com.br\/blog\/#\/schema\/person\/380e56c588e46bb14f2b2afb4d4ee1cb"},"breadcrumb":{"@id":"https:\/\/www.mobly.com.br\/blog\/dicas\/varanda-gourmet-saiba-como-decorar-este-ambiente\/#breadcrumb"},"inLanguage":"pt-BR","potentialAction":[{"@type":"ReadAction","target":["https:\/\/www.mobly.com.br\/blog\/dicas\/varanda-gourmet-saiba-como-decorar-este-ambiente\/"]}]},{"@type":"ImageObject","inLanguage":"pt-BR","@id":"https:\/\/www.mobly.com.br\/blog\/dicas\/varanda-gourmet-saiba-como-decorar-este-ambiente\/#primaryimage","url":"https:\/\/www.mobly.com.br\/blog\/wp-content\/uploads\/2019\/11\/dicas-de-decoracao-para-varanda-gourmet-01.jpg","contentUrl":"https:\/\/www.mobly.com.br\/blog\/wp-content\/uploads\/2019\/11\/dicas-de-decoracao-para-varanda-gourmet-01.jpg","width":"700","height":"466"},{"@type":"BreadcrumbList","@id":"https:\/\/www.mobly.com.br\/blog\/dicas\/varanda-gourmet-saiba-como-decorar-este-ambiente\/#breadcrumb","itemListElement":[{"@type":"ListItem","position":1,"name":"Home","item":"https:\/\/www.mobly.com.br\/blog\/"},{"@type":"ListItem","position":2,"name":"Dicas","item":"https:\/\/www.mobly.com.br\/blog\/dicas\/"},{"@type":"ListItem","position":3,"name":"Varanda Gourmet: saiba como decorar este ambiente"}]},{"@type":"WebSite","@id":"https:\/\/www.mobly.com.br\/blog\/#website","url":"https:\/\/www.mobly.com.br\/blog\/","name":"Blog da Mobly","description":"Dicas de Decora\u00e7\u00e3o, Inspira\u00e7\u00f5es e Mais","potentialAction":[{"@type":"SearchAction","target":{"@type":"EntryPoint","urlTemplate":"https:\/\/www.mobly.com.br\/blog\/?s={search_term_string}"},"query-input":{"@type":"PropertyValueSpecification","valueRequired":true,"valueName":"search_term_string"}}],"inLanguage":"pt-BR"},{"@type":"Person","@id":"https:\/\/www.mobly.com.br\/blog\/#\/schema\/person\/380e56c588e46bb14f2b2afb4d4ee1cb","name":"Viva Decora","image":{"@type":"ImageObject","inLanguage":"pt-BR","@id":"https:\/\/www.mobly.com.br\/blog\/#\/schema\/person\/image\/","url":"https:\/\/secure.gravatar.com\/avatar\/737144cce1b354b839d06ce8cb6d90d4?s=96&d=mm&r=g","contentUrl":"https:\/\/secure.gravatar.com\/avatar\/737144cce1b354b839d06ce8cb6d90d4?s=96&d=mm&r=g","caption":"Viva Decora"},"description":"O Viva Decora \u00e9 uma plataforma que re\u00fane ideias de decora\u00e7\u00e3o, design de interiores e arquitetura em um s\u00f3 lugar. S\u00e3o milhares de fotos de ambientes projetados por profissionais, para inspirar quem quer criar o lar dos sonhos.","url":"https:\/\/www.mobly.com.br\/blog\/author\/viva-decora\/"}]}},"_links":{"self":[{"href":"https:\/\/www.mobly.com.br\/blog\/wp-json\/wp\/v2\/posts\/6824","targetHints":{"allow":["GET"]}}],"collection":[{"href":"https:\/\/www.mobly.com.br\/blog\/wp-json\/wp\/v2\/posts"}],"about":[{"href":"https:\/\/www.mobly.com.br\/blog\/wp-json\/wp\/v2\/types\/post"}],"author":[{"embeddable":true,"href":"https:\/\/www.mobly.com.br\/blog\/wp-json\/wp\/v2\/users\/9"}],"replies":[{"embeddable":true,"href":"https:\/\/www.mobly.com.br\/blog\/wp-json\/wp\/v2\/comments?post=6824"}],"version-history":[{"count":10,"href":"https:\/\/www.mobly.com.br\/blog\/wp-json\/wp\/v2\/posts\/6824\/revisions"}],"predecessor-version":[{"id":21399,"href":"https:\/\/www.mobly.com.br\/blog\/wp-json\/wp\/v2\/posts\/6824\/revisions\/21399"}],"wp:featuredmedia":[{"embeddable":true,"href":"https:\/\/www.mobly.com.br\/blog\/wp-json\/wp\/v2\/media\/6836"}],"wp:attachment":[{"href":"https:\/\/www.mobly.com.br\/blog\/wp-json\/wp\/v2\/media?parent=6824"}],"wp:term":[{"taxonomy":"category","embeddable":true,"href":"https:\/\/www.mobly.com.br\/blog\/wp-json\/wp\/v2\/categories?post=6824"},{"taxonomy":"post_tag","embeddable":true,"href":"https:\/\/www.mobly.com.br\/blog\/wp-json\/wp\/v2\/tags?post=6824"}],"curies":[{"name":"wp","href":"https:\/\/api.w.org\/{rel}","templated":true}]}}