{"id":5819,"date":"2019-07-01T10:40:16","date_gmt":"2019-07-01T13:40:16","guid":{"rendered":"https:\/\/www.mobly.com.br\/blog\/?p=5819"},"modified":"2019-07-01T10:43:08","modified_gmt":"2019-07-01T13:43:08","slug":"cabeceira-diy-3-ideias-incriveis","status":"publish","type":"post","link":"https:\/\/www.mobly.com.br\/blog\/por-ambientes\/quarto\/cabeceira-diy-3-ideias-incriveis\/","title":{"rendered":"Cabeceira DIY: 3 Ideias Incr\u00edveis"},"content":{"rendered":"<p>Voc\u00ea passa boa parte da sua vida no seu quarto, ent\u00e3o, nada mais justo do que ter um canto super aconchegante para os seus momentos de descanso, n\u00e9? Por isso, hoje eu vou te mostrar 3 ideias incr\u00edveis de Cabeceira DIY (Do It Yourself).<\/p>\n<p>Usando materiais simples como madeira e tecido, voc\u00ea consegue criar uma cabeceira incr\u00edvel que vai fazer o maior sucesso a\u00ed no seu quarto.<\/p>\n<h2>Cabeceira Ilustrada<\/h2>\n<p><img loading=\"lazy\" decoding=\"async\" class=\"alignnone size-full wp-image-5828\" src=\"https:\/\/blog.mobly.com.br\/wp-content\/uploads\/2019\/07\/faca-voce-mesmo-cabeceira-7.jpg\" alt=\"\" width=\"800\" height=\"1067\" srcset=\"https:\/\/www.mobly.com.br\/blog\/wp-content\/uploads\/2019\/07\/faca-voce-mesmo-cabeceira-7.jpg 800w, https:\/\/www.mobly.com.br\/blog\/wp-content\/uploads\/2019\/07\/faca-voce-mesmo-cabeceira-7-225x300.jpg 225w, https:\/\/www.mobly.com.br\/blog\/wp-content\/uploads\/2019\/07\/faca-voce-mesmo-cabeceira-7-768x1024.jpg 768w\" sizes=\"auto, (max-width: 800px) 100vw, 800px\" \/><\/p>\n<p>Essa cabeceira DIY \u00e9 superf\u00e1cil de fazer e voc\u00ea ainda pode personalizar como quiser. Voc\u00ea s\u00f3 vai precisar de:<\/p>\n<ul>\n<li>1 porta de madeira<\/li>\n<li>Lixa 220 para madeira<\/li>\n<li>Pincel Permanente<\/li>\n<li>Verniz para madeira<\/li>\n<li>2 parafusos do tipo L<\/li>\n<\/ul>\n<p><strong>Como fazer:<\/strong>\u00a0Primeiro corte a porta na largura da sua cama. Depois lixe bem para deixar a superf\u00edcie uniforme e ent\u00e3o fa\u00e7a o desenho que quiser usando o pincel. N\u00e3o se esque\u00e7a de fazer um rascunho com l\u00e1pis antes.<\/p>\n<p>Para finalizar, prenda a cabeceira na parede usando os parafusos.<\/p>\n<h2>Cabeceira Acolchoada<\/h2>\n<p><img loading=\"lazy\" decoding=\"async\" class=\"alignnone size-full wp-image-5825\" src=\"https:\/\/blog.mobly.com.br\/wp-content\/uploads\/2019\/07\/faca-voce-mesmo-cabeceira-4.jpg\" alt=\"\" width=\"800\" height=\"475\" srcset=\"https:\/\/www.mobly.com.br\/blog\/wp-content\/uploads\/2019\/07\/faca-voce-mesmo-cabeceira-4.jpg 800w, https:\/\/www.mobly.com.br\/blog\/wp-content\/uploads\/2019\/07\/faca-voce-mesmo-cabeceira-4-300x178.jpg 300w, https:\/\/www.mobly.com.br\/blog\/wp-content\/uploads\/2019\/07\/faca-voce-mesmo-cabeceira-4-768x456.jpg 768w\" sizes=\"auto, (max-width: 800px) 100vw, 800px\" \/><\/p>\n<p><span style=\"font-weight: 400;\">Esse modelo \u00e9 superconfort\u00e1vel e funciona muito bem para cama box. A dica \u00e9 usar um tecido bem macio para facilitar o trabalho. Materiais:<\/span><\/p>\n<ul>\n<li style=\"font-weight: 400;\"><span style=\"font-weight: 400;\">1 peda\u00e7o de madeirite com a largura da sua cama e 1 metro de altura<\/span><\/li>\n<li style=\"font-weight: 400;\"><span style=\"font-weight: 400;\">Quadrados de madeirite (30x30cm) suficientes pra cobrir toda a base<\/span><\/li>\n<li style=\"font-weight: 400;\"><span style=\"font-weight: 400;\">Espuma<\/span><\/li>\n<li style=\"font-weight: 400;\"><span style=\"font-weight: 400;\">Tecido<\/span><\/li>\n<li style=\"font-weight: 400;\"><span style=\"font-weight: 400;\">Grampeador de Tapeceiro<\/span><\/li>\n<li style=\"font-weight: 400;\"><span style=\"font-weight: 400;\">Cola Branca<\/span><\/li>\n<li style=\"font-weight: 400;\"><span style=\"font-weight: 400;\">2 parafusos em L para Fixa\u00e7\u00e3o<\/span><\/li>\n<\/ul>\n<p><strong>Como fazer:\u00a0<\/strong><span style=\"font-weight: 400;\">Cole a espuma nos quadrados de madeira e, em seguida, forre com o tecido usando o grampeador de tapeceiro. Ainda com a cola, fixe esses quadrados acolchoados na base de madeirite e espere secar. Depois \u00e9 s\u00f3 fixar na parede.<\/span><\/p>\n<div id=\"metaslider-id-5830\" style=\"width: 100%; margin: 0 auto;\" class=\"ml-slider-3-27-0 metaslider metaslider-flex metaslider-5830 ml-slider slider-sku-padrao ml-slider-lightbox-1-12-0 lightbox-disabled\">\n    <div id=\"metaslider_container_5830\">\n        <div id=\"metaslider_5830\" class=\"flexslider\">\n            <ul aria-live=\"polite\" class=\"slides\">\n                <li style=\"display: none; width: 100%;\" class=\"slide-5845 ms-image\"><a href=\"https:\/\/www.mobly.com.br\/cabeceira-painel-nina-para-cama-box-solteiro-90-cm-suede-rose-d-rossi-644551.html\" target=\"_blank\"><img loading=\"lazy\" decoding=\"async\" src=\"https:\/\/www.mobly.com.br\/blog\/wp-content\/uploads\/2019\/06\/Cabeceira-Painel-Nina-para-Cama-Box-Solteiro-90-cm-Suede-Rose-DRossi-240x240.jpg\" height=\"240\" width=\"240\" alt=\"\" class=\"slider-5830 slide-5845\" title=\"Cabeceira Painel Nina para Cama Box Solteiro 90 cm Suede Rose - D&#039;Rossi\" \/><\/a><div class=\"caption-wrap\"><div class=\"caption\">Cabeceira Painel Nina para Cama Box Solteiro 90 cm Suede Rose\n\n<\/div><\/div><\/li>\n                <li style=\"display: none; width: 100%;\" class=\"slide-5848 ms-image\"><a href=\"https:\/\/www.mobly.com.br\/cabeceira-queen-tangram-cinza-626096.html\" target=\"_blank\"><img loading=\"lazy\" decoding=\"async\" src=\"https:\/\/www.mobly.com.br\/blog\/wp-content\/uploads\/2019\/06\/Cabeceira-Queen-Tangram-Cinza-240x240.jpg\" height=\"240\" width=\"240\" alt=\"\" class=\"slider-5830 slide-5848\" title=\"Cabeceira Queen Tangram Cinza\" \/><\/a><div class=\"caption-wrap\"><div class=\"caption\">Cabeceira Queen Tangram Cinza\n<\/div><\/div><\/li>\n                <li style=\"display: none; width: 100%;\" class=\"slide-5841 ms-image\"><a href=\"https:\/\/www.mobly.com.br\/cabeceira-casal-toronto-turim-bege-520427.html\" target=\"_blank\"><img loading=\"lazy\" decoding=\"async\" src=\"https:\/\/www.mobly.com.br\/blog\/wp-content\/uploads\/2019\/06\/Cabeceira-Casal-Toronto-Turim-Bege-240x240.jpg\" height=\"240\" width=\"240\" alt=\"\" class=\"slider-5830 slide-5841\" title=\"Cabeceira Casal Toronto Turim Bege\" \/><\/a><div class=\"caption-wrap\"><div class=\"caption\">Cabeceira Casal Toronto Turim Bege\n<\/div><\/div><\/li>\n                <li style=\"display: none; width: 100%;\" class=\"slide-5846 ms-image\"><a href=\"https:\/\/www.mobly.com.br\/cabeceira-para-casal-buona-notte-corino-branco-483991.html\" target=\"_self\"><img loading=\"lazy\" decoding=\"async\" src=\"https:\/\/www.mobly.com.br\/blog\/wp-content\/uploads\/2019\/06\/Cabeceira-para-Casal-Buona-Notte-Corino-Branco-240x240.jpg\" height=\"240\" width=\"240\" alt=\"\" class=\"slider-5830 slide-5846\" title=\"Cabeceira para Casal Buona Notte Corino Branco\" \/><\/a><div class=\"caption-wrap\"><div class=\"caption\">Cabeceira para Casal Buona Notte Corino Branco\n<\/div><\/div><\/li>\n                <li style=\"display: none; width: 100%;\" class=\"slide-5844 ms-image\"><a href=\"https:\/\/www.mobly.com.br\/cabeceira-marcela-infantil-90-cm-facto-branco-decor-611760.html\" target=\"_blank\"><img loading=\"lazy\" decoding=\"async\" src=\"https:\/\/www.mobly.com.br\/blog\/wp-content\/uploads\/2019\/06\/Cabeceira-Marcela-Infantil-90-cm-Facto-Branco-Decor-240x240.jpg\" height=\"240\" width=\"240\" alt=\"\" class=\"slider-5830 slide-5844\" title=\"Cabeceira Marcela Infantil 90 cm Facto Branco Decor\" \/><\/a><div class=\"caption-wrap\"><div class=\"caption\">Cabeceira Marcela Infantil 90 cm Facto Branco Decor\n<\/div><\/div><\/li>\n                <li style=\"display: none; width: 100%;\" class=\"slide-5847 ms-image\"><a href=\"https:\/\/www.mobly.com.br\/cabeceira-queen-kuka-suede-amassado-bege-e-marrom-484019.html\" target=\"_blank\"><img loading=\"lazy\" decoding=\"async\" src=\"https:\/\/www.mobly.com.br\/blog\/wp-content\/uploads\/2019\/06\/Cabeceira-Queen-Kuka-Suede-Amassado-Bege-e-Marrom-240x240.jpg\" height=\"240\" width=\"240\" alt=\"\" class=\"slider-5830 slide-5847\" title=\"Cabeceira Queen Kuka Suede Amassado Bege e Marrom\" \/><\/a><div class=\"caption-wrap\"><div class=\"caption\">Cabeceira Queen Kuka Suede Amassado Bege e Marrom\n<\/div><\/div><\/li>\n                <li style=\"display: none; width: 100%;\" class=\"slide-5849 ms-image\"><a href=\"https:\/\/www.mobly.com.br\/painel-cabeceira-poliana-queen-160-cm-suede-cinza-611511.html\" target=\"_blank\"><img loading=\"lazy\" decoding=\"async\" src=\"https:\/\/www.mobly.com.br\/blog\/wp-content\/uploads\/2019\/06\/Painel-Cabeceira-Poliana-Queen-160-cm-Suede-Cinza-240x240.jpg\" height=\"240\" width=\"240\" alt=\"\" class=\"slider-5830 slide-5849\" title=\"Painel Cabeceira Poliana Queen 160 cm Suede Cinza\" \/><\/a><div class=\"caption-wrap\"><div class=\"caption\">Painel Cabeceira Poliana Queen 160 cm Suede Cinza\n<\/div><\/div><\/li>\n                <li style=\"display: none; width: 100%;\" class=\"slide-5843 ms-image\"><a href=\"https:\/\/www.mobly.com.br\/cabeceira-lais-casal-140-cm-corino-branco-casa-chick-510861.html\" target=\"_blank\"><img loading=\"lazy\" decoding=\"async\" src=\"https:\/\/www.mobly.com.br\/blog\/wp-content\/uploads\/2019\/06\/Cabeceira-Lais-Casal-140-cm-Corino-Branco-Casa-Chick-240x240.jpg\" height=\"240\" width=\"240\" alt=\"\" class=\"slider-5830 slide-5843\" title=\"Cabeceira Lais Casal 140 cm Corino Branco Casa Chick\" \/><\/a><div class=\"caption-wrap\"><div class=\"caption\">Cabeceira Lais Casal 140 cm Corino Branco Casa Chick<\/div><\/div><\/li>\n                <li style=\"display: none; width: 100%;\" class=\"slide-5842 ms-image\"><a href=\"https:\/\/www.mobly.com.br\/cabeceira-king-carlotta-suede-preto-484011.html\" target=\"_blank\"><img loading=\"lazy\" decoding=\"async\" src=\"https:\/\/www.mobly.com.br\/blog\/wp-content\/uploads\/2019\/06\/Cabeceira-King-Carlotta-Suede-Preto-240x240.jpg\" height=\"240\" width=\"240\" alt=\"\" class=\"slider-5830 slide-5842\" title=\"Cabeceira King Carlotta Suede Preto\" \/><\/a><div class=\"caption-wrap\"><div class=\"caption\">Cabeceira King Carlotta Suede Preto<\/div><\/div><\/li>\n            <\/ul>\n        <\/div>\n        \n    <\/div>\n<\/div>\n<h2>Cabeceira com Portas<\/h2>\n<p><img loading=\"lazy\" decoding=\"async\" class=\"alignnone size-full wp-image-5826\" src=\"https:\/\/blog.mobly.com.br\/wp-content\/uploads\/2019\/07\/faca-voce-mesmo-cabeceira-5.jpg\" alt=\"\" width=\"800\" height=\"533\" srcset=\"https:\/\/www.mobly.com.br\/blog\/wp-content\/uploads\/2019\/07\/faca-voce-mesmo-cabeceira-5.jpg 800w, https:\/\/www.mobly.com.br\/blog\/wp-content\/uploads\/2019\/07\/faca-voce-mesmo-cabeceira-5-300x200.jpg 300w, https:\/\/www.mobly.com.br\/blog\/wp-content\/uploads\/2019\/07\/faca-voce-mesmo-cabeceira-5-768x512.jpg 768w\" sizes=\"auto, (max-width: 800px) 100vw, 800px\" \/><\/p>\n<p><span style=\"font-weight: 400;\">Essa cabeceira \u00e9 bem diferente e cria um painel na parede. O resultado \u00e9 supermoderno, al\u00e9m de funcional. Materiais:<\/span><\/p>\n<ul>\n<li style=\"font-weight: 400;\"><span style=\"font-weight: 400;\">4 portas com 2,10m de altura (ou a quantidade suficiente para cobrir a largura da sua parede)<\/span><\/li>\n<li style=\"font-weight: 400;\"><span style=\"font-weight: 400;\">4 pontaletes de madeira<\/span><\/li>\n<li style=\"font-weight: 400;\"><span style=\"font-weight: 400;\">Parafusos<\/span><\/li>\n<li style=\"font-weight: 400;\"><span style=\"font-weight: 400;\">Lixa<\/span><\/li>\n<li style=\"font-weight: 400;\"><span style=\"font-weight: 400;\">Verniz<\/span><\/li>\n<\/ul>\n<p><strong>Como fazer:\u00a0<\/strong>Corte as portas em peda\u00e7os de 130cm e 80cm. Fixe os pontaletes na parede para servirem de base. Agora fixe as partes maiores nos pontaletes deixando o lado do corte para baixo. Fa\u00e7a o mesmo com os peda\u00e7os menores, mas deixando o lado do corte virado pro teto. Finalize com lixa e verniz para madeira.<\/p>\n<p><span style=\"font-weight: 400;\">Agora \u00e9 com voc\u00ea! Escolha um dos 3 modelos e bote a m\u00e3o na massa! N\u00e3o esque\u00e7a de nos contar o que voc\u00ea mais curtiu.<\/span><\/p>\n<button class=\"simplefavorite-button has-count loading\" data-postid=\"5819\" data-siteid=\"1\" data-groupid=\"1\" data-favoritecount=\"5\" style=\"\">Carregando...<span class=\"sf-icon-spinner-wrapper\"><i class=\"sf-icon-spinner\"><\/i><\/span><\/button>","protected":false},"excerpt":{"rendered":"<p>Voc\u00ea passa boa parte da sua vida no seu quarto, ent\u00e3o, nada mais justo do que ter um canto super aconchegante para os seus momentos de descanso, n\u00e9? Por isso, hoje eu vou te mostrar 3 ideias incr\u00edveis de Cabeceira DIY (Do It Yourself). Usando materiais simples como madeira e tecido, voc\u00ea consegue criar uma cabeceira incr\u00edvel que vai fazer o maior sucesso a\u00ed no seu quarto. Cabeceira Ilustrada Essa cabeceira DIY \u00e9 superf\u00e1cil de fazer e voc\u00ea ainda pode personalizar como quiser. Voc\u00ea s\u00f3 vai precisar de: 1 porta de madeira Lixa 220 para madeira Pincel Permanente Verniz para madeira 2 parafusos do tipo L Como fazer:\u00a0Primeiro corte a porta na largura da sua cama. Depois lixe bem para deixar a superf\u00edcie uniforme e ent\u00e3o fa\u00e7a o desenho que quiser usando o pincel. N\u00e3o se esque\u00e7a de fazer um rascunho com l\u00e1pis antes. Para finalizar, prenda a cabeceira na parede usando os parafusos. Cabeceira Acolchoada Esse modelo \u00e9 superconfort\u00e1vel e funciona muito bem para cama box. A dica \u00e9 usar um tecido bem macio para facilitar o trabalho. Materiais: 1 peda\u00e7o de madeirite com a largura da sua cama e 1 metro de altura Quadrados de madeirite (30x30cm) suficientes [&hellip;]<\/p>\n","protected":false},"author":21,"featured_media":5827,"comment_status":"open","ping_status":"open","sticky":false,"template":"","format":"standard","meta":{"extendify_custom_stylesheet":"","_mi_skip_tracking":false,"_monsterinsights_skip_tracking":false,"_monsterinsights_sitenote_active":false,"_monsterinsights_sitenote_note":"","_monsterinsights_sitenote_category":0,"footnotes":""},"categories":[10,48],"tags":[241,74,277],"class_list":["post-5819","post","type-post","status-publish","format-standard","has-post-thumbnail","hentry","category-dicas","category-quarto","tag-cabeceiras","tag-diy","tag-faca-voce-mesmo"],"yoast_head":"<!-- This site is optimized with the Yoast SEO plugin v24.9 - https:\/\/yoast.com\/wordpress\/plugins\/seo\/ -->\n<title>Cabeceira DIY: 3 Ideias Incr\u00edveis | Blog da Mobly<\/title>\n<meta name=\"description\" content=\"Confira 3 ideias incr\u00edveis de cabeceira DIY para voc\u00ea criar no seu quarto. Aproveite e veja outras dicas em nosso blog para ter mais inspira\u00e7\u00f5es!\" \/>\n<meta name=\"robots\" content=\"index, follow, max-snippet:-1, max-image-preview:large, max-video-preview:-1\" \/>\n<link rel=\"canonical\" href=\"https:\/\/www.mobly.com.br\/blog\/por-ambientes\/quarto\/cabeceira-diy-3-ideias-incriveis\/\" \/>\n<meta property=\"og:locale\" content=\"pt_BR\" \/>\n<meta property=\"og:type\" content=\"article\" \/>\n<meta property=\"og:title\" content=\"Cabeceira DIY: 3 Ideias Incr\u00edveis | Blog da Mobly\" \/>\n<meta property=\"og:description\" content=\"Confira 3 ideias incr\u00edveis de cabeceira DIY para voc\u00ea criar no seu quarto. Aproveite e veja outras dicas em nosso blog para ter mais inspira\u00e7\u00f5es!\" \/>\n<meta property=\"og:url\" content=\"https:\/\/www.mobly.com.br\/blog\/por-ambientes\/quarto\/cabeceira-diy-3-ideias-incriveis\/\" \/>\n<meta property=\"og:site_name\" content=\"Blog da Mobly\" \/>\n<meta property=\"article:published_time\" content=\"2019-07-01T13:40:16+00:00\" \/>\n<meta property=\"article:modified_time\" content=\"2019-07-01T13:43:08+00:00\" \/>\n<meta property=\"og:image\" content=\"https:\/\/blog.mobly.com.br\/wp-content\/uploads\/2019\/07\/faca-voce-mesmo-cabeceira-6.jpg\" \/>\n\t<meta property=\"og:image:width\" content=\"1024\" \/>\n\t<meta property=\"og:image:height\" content=\"683\" \/>\n\t<meta property=\"og:image:type\" content=\"image\/jpeg\" \/>\n<meta name=\"author\" content=\"Eduardo Mendes\" \/>\n<meta name=\"twitter:card\" content=\"summary_large_image\" \/>\n<meta name=\"twitter:label1\" content=\"Escrito por\" \/>\n\t<meta name=\"twitter:data1\" content=\"Eduardo Mendes\" \/>\n\t<meta name=\"twitter:label2\" content=\"Est. tempo de leitura\" \/>\n\t<meta name=\"twitter:data2\" content=\"2 minutos\" \/>\n<script type=\"application\/ld+json\" class=\"yoast-schema-graph\">{\"@context\":\"https:\/\/schema.org\",\"@graph\":[{\"@type\":\"WebPage\",\"@id\":\"https:\/\/www.mobly.com.br\/blog\/por-ambientes\/quarto\/cabeceira-diy-3-ideias-incriveis\/\",\"url\":\"https:\/\/www.mobly.com.br\/blog\/por-ambientes\/quarto\/cabeceira-diy-3-ideias-incriveis\/\",\"name\":\"Cabeceira DIY: 3 Ideias Incr\u00edveis | Blog da Mobly\",\"isPartOf\":{\"@id\":\"https:\/\/www.mobly.com.br\/blog\/#website\"},\"primaryImageOfPage\":{\"@id\":\"https:\/\/www.mobly.com.br\/blog\/por-ambientes\/quarto\/cabeceira-diy-3-ideias-incriveis\/#primaryimage\"},\"image\":{\"@id\":\"https:\/\/www.mobly.com.br\/blog\/por-ambientes\/quarto\/cabeceira-diy-3-ideias-incriveis\/#primaryimage\"},\"thumbnailUrl\":\"https:\/\/www.mobly.com.br\/blog\/wp-content\/uploads\/2019\/07\/faca-voce-mesmo-cabeceira-6.jpg\",\"datePublished\":\"2019-07-01T13:40:16+00:00\",\"dateModified\":\"2019-07-01T13:43:08+00:00\",\"author\":{\"@id\":\"https:\/\/www.mobly.com.br\/blog\/#\/schema\/person\/224fe67654f27b2b8c956eb9faa3ae68\"},\"description\":\"Confira 3 ideias incr\u00edveis de cabeceira DIY para voc\u00ea criar no seu quarto. Aproveite e veja outras dicas em nosso blog para ter mais inspira\u00e7\u00f5es!\",\"breadcrumb\":{\"@id\":\"https:\/\/www.mobly.com.br\/blog\/por-ambientes\/quarto\/cabeceira-diy-3-ideias-incriveis\/#breadcrumb\"},\"inLanguage\":\"pt-BR\",\"potentialAction\":[{\"@type\":\"ReadAction\",\"target\":[\"https:\/\/www.mobly.com.br\/blog\/por-ambientes\/quarto\/cabeceira-diy-3-ideias-incriveis\/\"]}]},{\"@type\":\"ImageObject\",\"inLanguage\":\"pt-BR\",\"@id\":\"https:\/\/www.mobly.com.br\/blog\/por-ambientes\/quarto\/cabeceira-diy-3-ideias-incriveis\/#primaryimage\",\"url\":\"https:\/\/www.mobly.com.br\/blog\/wp-content\/uploads\/2019\/07\/faca-voce-mesmo-cabeceira-6.jpg\",\"contentUrl\":\"https:\/\/www.mobly.com.br\/blog\/wp-content\/uploads\/2019\/07\/faca-voce-mesmo-cabeceira-6.jpg\",\"width\":1024,\"height\":683},{\"@type\":\"BreadcrumbList\",\"@id\":\"https:\/\/www.mobly.com.br\/blog\/por-ambientes\/quarto\/cabeceira-diy-3-ideias-incriveis\/#breadcrumb\",\"itemListElement\":[{\"@type\":\"ListItem\",\"position\":1,\"name\":\"Home\",\"item\":\"https:\/\/www.mobly.com.br\/blog\/\"},{\"@type\":\"ListItem\",\"position\":2,\"name\":\"Por Ambientes\",\"item\":\"https:\/\/www.mobly.com.br\/blog\/por-ambientes\/\"},{\"@type\":\"ListItem\",\"position\":3,\"name\":\"Quarto\",\"item\":\"https:\/\/www.mobly.com.br\/blog\/por-ambientes\/quarto\/\"},{\"@type\":\"ListItem\",\"position\":4,\"name\":\"Cabeceira DIY: 3 Ideias Incr\u00edveis\"}]},{\"@type\":\"WebSite\",\"@id\":\"https:\/\/www.mobly.com.br\/blog\/#website\",\"url\":\"https:\/\/www.mobly.com.br\/blog\/\",\"name\":\"Blog da Mobly\",\"description\":\"Dicas de Decora\u00e7\u00e3o, Inspira\u00e7\u00f5es e Mais\",\"potentialAction\":[{\"@type\":\"SearchAction\",\"target\":{\"@type\":\"EntryPoint\",\"urlTemplate\":\"https:\/\/www.mobly.com.br\/blog\/?s={search_term_string}\"},\"query-input\":{\"@type\":\"PropertyValueSpecification\",\"valueRequired\":true,\"valueName\":\"search_term_string\"}}],\"inLanguage\":\"pt-BR\"},{\"@type\":\"Person\",\"@id\":\"https:\/\/www.mobly.com.br\/blog\/#\/schema\/person\/224fe67654f27b2b8c956eb9faa3ae68\",\"name\":\"Eduardo Mendes\",\"image\":{\"@type\":\"ImageObject\",\"inLanguage\":\"pt-BR\",\"@id\":\"https:\/\/www.mobly.com.br\/blog\/#\/schema\/person\/image\/\",\"url\":\"https:\/\/secure.gravatar.com\/avatar\/8ef5acb6b07a56685e6b75e49f8676e4?s=96&d=mm&r=g\",\"contentUrl\":\"https:\/\/secure.gravatar.com\/avatar\/8ef5acb6b07a56685e6b75e49f8676e4?s=96&d=mm&r=g\",\"caption\":\"Eduardo Mendes\"},\"url\":\"https:\/\/www.mobly.com.br\/blog\/author\/eduardo-mendes\/\"}]}<\/script>\n<!-- \/ Yoast SEO plugin. -->","yoast_head_json":{"title":"Cabeceira DIY: 3 Ideias Incr\u00edveis | Blog da Mobly","description":"Confira 3 ideias incr\u00edveis de cabeceira DIY para voc\u00ea criar no seu quarto. Aproveite e veja outras dicas em nosso blog para ter mais inspira\u00e7\u00f5es!","robots":{"index":"index","follow":"follow","max-snippet":"max-snippet:-1","max-image-preview":"max-image-preview:large","max-video-preview":"max-video-preview:-1"},"canonical":"https:\/\/www.mobly.com.br\/blog\/por-ambientes\/quarto\/cabeceira-diy-3-ideias-incriveis\/","og_locale":"pt_BR","og_type":"article","og_title":"Cabeceira DIY: 3 Ideias Incr\u00edveis | Blog da Mobly","og_description":"Confira 3 ideias incr\u00edveis de cabeceira DIY para voc\u00ea criar no seu quarto. Aproveite e veja outras dicas em nosso blog para ter mais inspira\u00e7\u00f5es!","og_url":"https:\/\/www.mobly.com.br\/blog\/por-ambientes\/quarto\/cabeceira-diy-3-ideias-incriveis\/","og_site_name":"Blog da Mobly","article_published_time":"2019-07-01T13:40:16+00:00","article_modified_time":"2019-07-01T13:43:08+00:00","og_image":[{"width":1024,"height":683,"url":"https:\/\/blog.mobly.com.br\/wp-content\/uploads\/2019\/07\/faca-voce-mesmo-cabeceira-6.jpg","type":"image\/jpeg"}],"author":"Eduardo Mendes","twitter_card":"summary_large_image","twitter_misc":{"Escrito por":"Eduardo Mendes","Est. tempo de leitura":"2 minutos"},"schema":{"@context":"https:\/\/schema.org","@graph":[{"@type":"WebPage","@id":"https:\/\/www.mobly.com.br\/blog\/por-ambientes\/quarto\/cabeceira-diy-3-ideias-incriveis\/","url":"https:\/\/www.mobly.com.br\/blog\/por-ambientes\/quarto\/cabeceira-diy-3-ideias-incriveis\/","name":"Cabeceira DIY: 3 Ideias Incr\u00edveis | Blog da Mobly","isPartOf":{"@id":"https:\/\/www.mobly.com.br\/blog\/#website"},"primaryImageOfPage":{"@id":"https:\/\/www.mobly.com.br\/blog\/por-ambientes\/quarto\/cabeceira-diy-3-ideias-incriveis\/#primaryimage"},"image":{"@id":"https:\/\/www.mobly.com.br\/blog\/por-ambientes\/quarto\/cabeceira-diy-3-ideias-incriveis\/#primaryimage"},"thumbnailUrl":"https:\/\/www.mobly.com.br\/blog\/wp-content\/uploads\/2019\/07\/faca-voce-mesmo-cabeceira-6.jpg","datePublished":"2019-07-01T13:40:16+00:00","dateModified":"2019-07-01T13:43:08+00:00","author":{"@id":"https:\/\/www.mobly.com.br\/blog\/#\/schema\/person\/224fe67654f27b2b8c956eb9faa3ae68"},"description":"Confira 3 ideias incr\u00edveis de cabeceira DIY para voc\u00ea criar no seu quarto. Aproveite e veja outras dicas em nosso blog para ter mais inspira\u00e7\u00f5es!","breadcrumb":{"@id":"https:\/\/www.mobly.com.br\/blog\/por-ambientes\/quarto\/cabeceira-diy-3-ideias-incriveis\/#breadcrumb"},"inLanguage":"pt-BR","potentialAction":[{"@type":"ReadAction","target":["https:\/\/www.mobly.com.br\/blog\/por-ambientes\/quarto\/cabeceira-diy-3-ideias-incriveis\/"]}]},{"@type":"ImageObject","inLanguage":"pt-BR","@id":"https:\/\/www.mobly.com.br\/blog\/por-ambientes\/quarto\/cabeceira-diy-3-ideias-incriveis\/#primaryimage","url":"https:\/\/www.mobly.com.br\/blog\/wp-content\/uploads\/2019\/07\/faca-voce-mesmo-cabeceira-6.jpg","contentUrl":"https:\/\/www.mobly.com.br\/blog\/wp-content\/uploads\/2019\/07\/faca-voce-mesmo-cabeceira-6.jpg","width":1024,"height":683},{"@type":"BreadcrumbList","@id":"https:\/\/www.mobly.com.br\/blog\/por-ambientes\/quarto\/cabeceira-diy-3-ideias-incriveis\/#breadcrumb","itemListElement":[{"@type":"ListItem","position":1,"name":"Home","item":"https:\/\/www.mobly.com.br\/blog\/"},{"@type":"ListItem","position":2,"name":"Por Ambientes","item":"https:\/\/www.mobly.com.br\/blog\/por-ambientes\/"},{"@type":"ListItem","position":3,"name":"Quarto","item":"https:\/\/www.mobly.com.br\/blog\/por-ambientes\/quarto\/"},{"@type":"ListItem","position":4,"name":"Cabeceira DIY: 3 Ideias Incr\u00edveis"}]},{"@type":"WebSite","@id":"https:\/\/www.mobly.com.br\/blog\/#website","url":"https:\/\/www.mobly.com.br\/blog\/","name":"Blog da Mobly","description":"Dicas de Decora\u00e7\u00e3o, Inspira\u00e7\u00f5es e Mais","potentialAction":[{"@type":"SearchAction","target":{"@type":"EntryPoint","urlTemplate":"https:\/\/www.mobly.com.br\/blog\/?s={search_term_string}"},"query-input":{"@type":"PropertyValueSpecification","valueRequired":true,"valueName":"search_term_string"}}],"inLanguage":"pt-BR"},{"@type":"Person","@id":"https:\/\/www.mobly.com.br\/blog\/#\/schema\/person\/224fe67654f27b2b8c956eb9faa3ae68","name":"Eduardo Mendes","image":{"@type":"ImageObject","inLanguage":"pt-BR","@id":"https:\/\/www.mobly.com.br\/blog\/#\/schema\/person\/image\/","url":"https:\/\/secure.gravatar.com\/avatar\/8ef5acb6b07a56685e6b75e49f8676e4?s=96&d=mm&r=g","contentUrl":"https:\/\/secure.gravatar.com\/avatar\/8ef5acb6b07a56685e6b75e49f8676e4?s=96&d=mm&r=g","caption":"Eduardo Mendes"},"url":"https:\/\/www.mobly.com.br\/blog\/author\/eduardo-mendes\/"}]}},"_links":{"self":[{"href":"https:\/\/www.mobly.com.br\/blog\/wp-json\/wp\/v2\/posts\/5819","targetHints":{"allow":["GET"]}}],"collection":[{"href":"https:\/\/www.mobly.com.br\/blog\/wp-json\/wp\/v2\/posts"}],"about":[{"href":"https:\/\/www.mobly.com.br\/blog\/wp-json\/wp\/v2\/types\/post"}],"author":[{"embeddable":true,"href":"https:\/\/www.mobly.com.br\/blog\/wp-json\/wp\/v2\/users\/21"}],"replies":[{"embeddable":true,"href":"https:\/\/www.mobly.com.br\/blog\/wp-json\/wp\/v2\/comments?post=5819"}],"version-history":[{"count":5,"href":"https:\/\/www.mobly.com.br\/blog\/wp-json\/wp\/v2\/posts\/5819\/revisions"}],"predecessor-version":[{"id":5861,"href":"https:\/\/www.mobly.com.br\/blog\/wp-json\/wp\/v2\/posts\/5819\/revisions\/5861"}],"wp:featuredmedia":[{"embeddable":true,"href":"https:\/\/www.mobly.com.br\/blog\/wp-json\/wp\/v2\/media\/5827"}],"wp:attachment":[{"href":"https:\/\/www.mobly.com.br\/blog\/wp-json\/wp\/v2\/media?parent=5819"}],"wp:term":[{"taxonomy":"category","embeddable":true,"href":"https:\/\/www.mobly.com.br\/blog\/wp-json\/wp\/v2\/categories?post=5819"},{"taxonomy":"post_tag","embeddable":true,"href":"https:\/\/www.mobly.com.br\/blog\/wp-json\/wp\/v2\/tags?post=5819"}],"curies":[{"name":"wp","href":"https:\/\/api.w.org\/{rel}","templated":true}]}}