{"id":5577,"date":"2019-05-27T14:32:07","date_gmt":"2019-05-27T17:32:07","guid":{"rendered":"https:\/\/www.mobly.com.br\/blog\/?p=5577"},"modified":"2019-05-28T17:18:04","modified_gmt":"2019-05-28T20:18:04","slug":"dourado-e-rose-gold","status":"publish","type":"post","link":"https:\/\/www.mobly.com.br\/blog\/inspiracoes\/dourado-e-rose-gold\/","title":{"rendered":"Dourado \u00e9 o novo ros\u00e9 gold"},"content":{"rendered":"<p><span style=\"font-weight: 400;\">J\u00e1 falamos sobre isso algumas vezes, mas vamos repetir: o bom da decora\u00e7\u00e3o \u00e9 que, como na moda, as tend\u00eancias s\u00e3o c\u00edclicas. Isso mesmo, o que bombou nos lares de todo mundo h\u00e1 alguns anos pode voltar com tudo h\u00e1 qualquer momento. Foi assim com a <a href=\"https:\/\/www.mobly.com.br\/blog\/dicas\/decoracao-neon-alem-da-iluminacao\/\" target=\"_blank\" rel=\"noopener\">tend\u00eancia neon<\/a> \u00e9 est\u00e1 sendo assim com a cor dourado que est\u00e1 mostrando novamente sua for\u00e7a neste primeiro semestre de 2019.<\/span><\/p>\n<p><span style=\"font-weight: 400;\">Ela foi um dos destaque do <a href=\"https:\/\/www.mobly.com.br\/blog\/inspiracoes\/5-tendencias-direto-do-isaloni-2019-em-milao\/\" target=\"_blank\" rel=\"noopener\">Salone Del Mobile<\/a>, que rolou em Mil\u00e3o no m\u00eas de abril, e est\u00e1 ofuscando o queridinho Ros\u00e9 Gold que vinha dando as cartas nos \u00faltimos anos. Decoradores e a maior parte dos lares que gostam de acompanhar as tend\u00eancias tinham pelo menos um pequeno detalhe no tom que invadiu, principalmente, o Pinterest.<\/span><\/p>\n<p>&nbsp;<\/p>\n<div id=\"metaslider-id-5585\" style=\"width: 100%; margin: 0 auto;\" class=\"ml-slider-3-27-0 metaslider metaslider-flex metaslider-5585 ml-slider slider-sku-padrao ml-slider-lightbox-1-12-0 lightbox-disabled\">\n    <div id=\"metaslider_container_5585\">\n        <div id=\"metaslider_5585\" class=\"flexslider\">\n            <ul aria-live=\"polite\" class=\"slides\">\n                <li style=\"display: none; width: 100%;\" class=\"slide-5599 ms-image\"><img loading=\"lazy\" decoding=\"async\" src=\"https:\/\/www.mobly.com.br\/blog\/wp-content\/uploads\/2019\/05\/porta-guardanapos-rose-gold-ft1155rg-future-502005-240x240.jpg\" height=\"240\" width=\"240\" alt=\"\" class=\"slider-5585 slide-5599\" title=\"porta-guardanapos-rose-gold-ft1155rg-future-502005\" \/><\/li>\n                <li style=\"display: none; width: 100%;\" class=\"slide-5602 ms-image\"><img loading=\"lazy\" decoding=\"async\" src=\"https:\/\/www.mobly.com.br\/blog\/wp-content\/uploads\/2019\/05\/suporte-retangular-duplo-rose-gold-ft2803rg-future-521271-240x240.jpg\" height=\"240\" width=\"240\" alt=\"\" class=\"slider-5585 slide-5602\" title=\"suporte-retangular-duplo-rose-gold-ft2803rg-future-521271\" \/><\/li>\n                <li style=\"display: none; width: 100%;\" class=\"slide-5600 ms-image\"><img loading=\"lazy\" decoding=\"async\" src=\"https:\/\/www.mobly.com.br\/blog\/wp-content\/uploads\/2019\/05\/porta-toalha-de-bancada-rose-gold-ft1891rg-future-502018-240x240.jpg\" height=\"240\" width=\"240\" alt=\"\" class=\"slider-5585 slide-5600\" title=\"porta-toalha-de-bancada-rose-gold-ft1891rg-future-502018\" \/><\/li>\n                <li style=\"display: none; width: 100%;\" class=\"slide-5603 ms-image\"><img loading=\"lazy\" decoding=\"async\" src=\"https:\/\/www.mobly.com.br\/blog\/wp-content\/uploads\/2019\/05\/2-pendentes-livanto-rose-gold-bivolt-547585-240x240.jpg\" height=\"240\" width=\"240\" alt=\"\" class=\"slider-5585 slide-5603\" title=\"2-pendentes-livanto-rose-gold-bivolt-547585\" \/><\/li>\n                <li style=\"display: none; width: 100%;\" class=\"slide-5597 ms-image\"><img loading=\"lazy\" decoding=\"async\" src=\"https:\/\/www.mobly.com.br\/blog\/wp-content\/uploads\/2019\/05\/gancho-para-barra-piatina-6-unidades-rose-gold-ft2417rg-future-502011-240x240.jpg\" height=\"240\" width=\"240\" alt=\"\" class=\"slider-5585 slide-5597\" title=\"gancho-para-barra-piatina-6-unidades-rose-gold-ft2417rg-future-502011\" \/><\/li>\n                <li style=\"display: none; width: 100%;\" class=\"slide-5598 ms-image\"><img loading=\"lazy\" decoding=\"async\" src=\"https:\/\/www.mobly.com.br\/blog\/wp-content\/uploads\/2019\/05\/papeleira-dupla-p-caixa-acoplada-rose-gold-ft1094rg-future-502004-240x240.jpg\" height=\"240\" width=\"240\" alt=\"\" class=\"slider-5585 slide-5598\" title=\"papeleira-dupla-p-caixa-acoplada-rose-gold-ft1094rg-future-502004\" \/><\/li>\n                <li style=\"display: none; width: 100%;\" class=\"slide-5601 ms-image\"><img loading=\"lazy\" decoding=\"async\" src=\"https:\/\/www.mobly.com.br\/blog\/wp-content\/uploads\/2019\/05\/suporte-para-papel-higenico-de-chao-parede-rose-gold-ft1609rg-future-502072-240x240.jpg\" height=\"240\" width=\"240\" alt=\"\" class=\"slider-5585 slide-5601\" title=\"suporte-para-papel-higenico-de-chao-parede-rose-gold-ft1609rg-future-502072\" \/><\/li>\n                <li style=\"display: none; width: 100%;\" class=\"slide-5596 ms-image\"><img loading=\"lazy\" decoding=\"async\" src=\"https:\/\/www.mobly.com.br\/blog\/wp-content\/uploads\/2019\/05\/escorredor-de-loucas-de-parede-15-pratos-rose-gold-ft2800rg-future-502012-240x240.jpg\" height=\"240\" width=\"240\" alt=\"\" class=\"slider-5585 slide-5596\" title=\"escorredor-de-loucas-de-parede-15-pratos-rose-gold-ft2800rg-future-502012\" \/><\/li>\n            <\/ul>\n        <\/div>\n        \n    <\/div>\n<\/div>\n<p>&nbsp;<\/p>\n<h2><span style=\"font-weight: 400;\">Caracter\u00edsticas e onde usar um e outro<\/span><\/h2>\n<p><span style=\"font-weight: 400;\">A primeira vista, Dourado e Ros\u00e9 Gold t\u00eam as mesmas caracter\u00edsticas: ambos s\u00e3o metalizados e servem para dar um toque especial na decora\u00e7\u00e3o com sofistica\u00e7\u00e3o e bom gosto. Geralmente, onde cabe um tamb\u00e9m cabe o outro, mas, ainda assim, d\u00e1 para diferenciar.<\/span><\/p>\n<p><span style=\"font-weight: 400;\">O Ros\u00e9 Gold, que lembra um rosa queimado acobreado, funciona superbem na decora\u00e7\u00e3o de salas de estar. Principalmente naquelas em que o cinza e o preto predominam. Usar em objetos de decora\u00e7\u00e3o que podem ser acomodados em mesas laterais e <a href=\"https:\/\/www.mobly.com.br\/moveis\/aparadores\/\" target=\"_blank\" rel=\"noopener\">aparadores <\/a>pode ser uma excelente op\u00e7\u00e3o.<\/span><\/p>\n<p><img loading=\"lazy\" decoding=\"async\" class=\"alignnone size-full wp-image-5580\" src=\"https:\/\/www.mobly.com.br\/blog\/wp-content\/uploads\/2019\/05\/dourado-e-rose-gold-2.jpg\" alt=\"\" width=\"1024\" height=\"707\" srcset=\"https:\/\/www.mobly.com.br\/blog\/wp-content\/uploads\/2019\/05\/dourado-e-rose-gold-2.jpg 1024w, https:\/\/www.mobly.com.br\/blog\/wp-content\/uploads\/2019\/05\/dourado-e-rose-gold-2-300x207.jpg 300w, https:\/\/www.mobly.com.br\/blog\/wp-content\/uploads\/2019\/05\/dourado-e-rose-gold-2-768x531.jpg 768w\" sizes=\"auto, (max-width: 1024px) 100vw, 1024px\" \/><\/p>\n<p><span style=\"font-weight: 400;\">O Dourado, por sua vez, traz mais requinte por lembrar o ouro em muitas ocasi\u00f5es. Combina muito bem com decora\u00e7\u00f5es em que o m\u00e1rmore est\u00e1 presente e \u00e9 mais visto em molduras de espelhos, cadeiras e poltronas. Funciona bem em ambientes como a sala de jantar, especialmente se aparecer em <a href=\"https:\/\/www.mobly.com.br\/decoracao\/iluminacao-decorativa\/\" target=\"_blank\" rel=\"noopener\">pendentes<\/a>.<\/span><\/p>\n<p><img loading=\"lazy\" decoding=\"async\" class=\"alignnone size-full wp-image-5582\" src=\"https:\/\/www.mobly.com.br\/blog\/wp-content\/uploads\/2019\/05\/dourado-e-rose-gold-3.jpg\" alt=\"\" width=\"1024\" height=\"1365\" srcset=\"https:\/\/www.mobly.com.br\/blog\/wp-content\/uploads\/2019\/05\/dourado-e-rose-gold-3.jpg 1024w, https:\/\/www.mobly.com.br\/blog\/wp-content\/uploads\/2019\/05\/dourado-e-rose-gold-3-225x300.jpg 225w, https:\/\/www.mobly.com.br\/blog\/wp-content\/uploads\/2019\/05\/dourado-e-rose-gold-3-768x1024.jpg 768w\" sizes=\"auto, (max-width: 1024px) 100vw, 1024px\" \/><\/p>\n<h2><span style=\"font-weight: 400;\">Muito ouro na casa toda<\/span><\/h2>\n<p><span style=\"font-weight: 400;\">Mas s\u00f3 sala de estar e sala de jantar que podem abrigar esses tons metalizados? Claro que n\u00e3o. A decora\u00e7\u00e3o do seu lar precisa refletir sua personalidade e por isso o Ros\u00e9 Gold e Dourado podem aparecer em v\u00e1rios c\u00f4modos do seu lar. Tenha em mente que a melhor forma de usar as cores para deixar seu lar personalizado \u00e9 a sua.<\/span><\/p>\n<p><span style=\"font-weight: 400;\">E ent\u00e3o? Qual das cores combinam mais com voc\u00ea? O Ros\u00e9 Gold ou Dourado? E qual espa\u00e7o voc\u00ea que deixar todo banhado a ouro? Conta tudo para gente aqui nos coment\u00e1rios.<\/span><\/p>\n<div id=\"metaslider-id-5605\" style=\"width: 100%; margin: 0 auto;\" class=\"ml-slider-3-27-0 metaslider metaslider-flex metaslider-5605 ml-slider slider-sku-padrao ml-slider-lightbox-1-12-0 lightbox-disabled\">\n    <div id=\"metaslider_container_5605\">\n        <div id=\"metaslider_5605\" class=\"flexslider\">\n            <ul aria-live=\"polite\" class=\"slides\">\n                <li style=\"display: none; width: 100%;\" class=\"slide-5620 ms-image\"><img loading=\"lazy\" decoding=\"async\" src=\"https:\/\/www.mobly.com.br\/blog\/wp-content\/uploads\/2019\/05\/espelho-prisma-dourado-56-cm-578649-240x240.jpg\" height=\"240\" width=\"240\" alt=\"\" class=\"slider-5605 slide-5620\" title=\"espelho-prisma-dourado-56-cm-578649\" \/><\/li>\n                <li style=\"display: none; width: 100%;\" class=\"slide-5621 ms-image\"><img loading=\"lazy\" decoding=\"async\" src=\"https:\/\/www.mobly.com.br\/blog\/wp-content\/uploads\/2019\/05\/bajur-torneado-dourado-coroa-louros-quarto-bebe-infantil-bivolt-468445-240x240.jpg\" height=\"240\" width=\"240\" alt=\"\" class=\"slider-5605 slide-5621\" title=\"bajur-torneado-dourado-coroa-louros-quarto-bebe-infantil-bivolt-468445\" \/><\/li>\n                <li style=\"display: none; width: 100%;\" class=\"slide-5616 ms-image\"><img loading=\"lazy\" decoding=\"async\" src=\"https:\/\/www.mobly.com.br\/blog\/wp-content\/uploads\/2019\/05\/espelho-oval-bisote-ouro-envelhecido-215728-240x240.jpg\" height=\"240\" width=\"240\" alt=\"\" class=\"slider-5605 slide-5616\" title=\"espelho-oval-bisote-ouro-envelhecido-215728\" \/><\/li>\n                <li style=\"display: none; width: 100%;\" class=\"slide-5623 ms-image\"><img loading=\"lazy\" decoding=\"async\" src=\"https:\/\/www.mobly.com.br\/blog\/wp-content\/uploads\/2019\/05\/cadeira-de-jantar-dior-resina-dourada-341388-240x240.jpg\" height=\"240\" width=\"240\" alt=\"\" class=\"slider-5605 slide-5623\" title=\"cadeira-de-jantar-dior-resina-dourada-341388\" \/><\/li>\n                <li style=\"display: none; width: 100%;\" class=\"slide-5619 ms-image\"><img loading=\"lazy\" decoding=\"async\" src=\"https:\/\/www.mobly.com.br\/blog\/wp-content\/uploads\/2019\/05\/pendente-focus-cupula-ii-dourado-100-cm-604088-240x240.jpg\" height=\"240\" width=\"240\" alt=\"\" class=\"slider-5605 slide-5619\" title=\"pendente-focus-cupula-ii-dourado-100-cm-604088\" \/><\/li>\n                <li style=\"display: none; width: 100%;\" class=\"slide-5617 ms-image\"><img loading=\"lazy\" decoding=\"async\" src=\"https:\/\/www.mobly.com.br\/blog\/wp-content\/uploads\/2019\/05\/moldura-para-espelho-classica-realeza-entalhada-130-cm-dourado-fosco-476356-240x240.jpg\" height=\"240\" width=\"240\" alt=\"\" class=\"slider-5605 slide-5617\" title=\"moldura-para-espelho-classica-realeza-entalhada-130-cm-dourado-fosco-476356\" \/><\/li>\n                <li style=\"display: none; width: 100%;\" class=\"slide-5622 ms-image\"><img loading=\"lazy\" decoding=\"async\" src=\"https:\/\/www.mobly.com.br\/blog\/wp-content\/uploads\/2019\/05\/banco-seat-garden-dourado-602914-240x240.jpg\" height=\"240\" width=\"240\" alt=\"\" class=\"slider-5605 slide-5622\" title=\"banco-seat-garden-dourado-602914\" \/><\/li>\n                <li style=\"display: none; width: 100%;\" class=\"slide-5618 ms-image\"><img loading=\"lazy\" decoding=\"async\" src=\"https:\/\/www.mobly.com.br\/blog\/wp-content\/uploads\/2019\/05\/pendente-artenisa-replicatom-dixon-aluminio-dourado-110x25-bivolt-514979-240x240.jpg\" height=\"240\" width=\"240\" alt=\"\" class=\"slider-5605 slide-5618\" title=\"pendente-artenisa-replicatom-dixon-aluminio-dourado-110x25-bivolt-514979\" \/><\/li>\n            <\/ul>\n        <\/div>\n        \n    <\/div>\n<\/div>\n<button class=\"simplefavorite-button has-count loading\" data-postid=\"5577\" data-siteid=\"1\" data-groupid=\"1\" data-favoritecount=\"0\" style=\"\">Carregando...<span class=\"sf-icon-spinner-wrapper\"><i class=\"sf-icon-spinner\"><\/i><\/span><\/button>","protected":false},"excerpt":{"rendered":"<p>J\u00e1 falamos sobre isso algumas vezes, mas vamos repetir: o bom da decora\u00e7\u00e3o \u00e9 que, como na moda, as tend\u00eancias s\u00e3o c\u00edclicas. Isso mesmo, o que bombou nos lares de todo mundo h\u00e1 alguns anos pode voltar com tudo h\u00e1 qualquer momento. Foi assim com a tend\u00eancia neon \u00e9 est\u00e1 sendo assim com a cor dourado que est\u00e1 mostrando novamente sua for\u00e7a neste primeiro semestre de 2019. Ela foi um dos destaque do Salone Del Mobile, que rolou em Mil\u00e3o no m\u00eas de abril, e est\u00e1 ofuscando o queridinho Ros\u00e9 Gold que vinha dando as cartas nos \u00faltimos anos. Decoradores e a maior parte dos lares que gostam de acompanhar as tend\u00eancias tinham pelo menos um pequeno detalhe no tom que invadiu, principalmente, o Pinterest. &nbsp; &nbsp; Caracter\u00edsticas e onde usar um e outro A primeira vista, Dourado e Ros\u00e9 Gold t\u00eam as mesmas caracter\u00edsticas: ambos s\u00e3o metalizados e servem para dar um toque especial na decora\u00e7\u00e3o com sofistica\u00e7\u00e3o e bom gosto. Geralmente, onde cabe um tamb\u00e9m cabe o outro, mas, ainda assim, d\u00e1 para diferenciar. O Ros\u00e9 Gold, que lembra um rosa queimado acobreado, funciona superbem na decora\u00e7\u00e3o de salas de estar. Principalmente naquelas em que o cinza e [&hellip;]<\/p>\n","protected":false},"author":1,"featured_media":5579,"comment_status":"open","ping_status":"open","sticky":false,"template":"","format":"standard","meta":{"extendify_custom_stylesheet":"","_mi_skip_tracking":false,"_monsterinsights_skip_tracking":false,"_monsterinsights_sitenote_active":false,"_monsterinsights_sitenote_note":"","_monsterinsights_sitenote_category":0,"footnotes":""},"categories":[11],"tags":[],"class_list":["post-5577","post","type-post","status-publish","format-standard","has-post-thumbnail","hentry","category-inspiracoes"],"yoast_head":"<!-- This site is optimized with the Yoast SEO plugin v24.9 - https:\/\/yoast.com\/wordpress\/plugins\/seo\/ -->\n<title>Dourado \u00e9 o Novo Ros\u00e9 Gold - Blog da Mobly<\/title>\n<meta name=\"description\" content=\"O Dourado chega com tudo para substituir o Ros\u00e9 Gold na decora\u00e7\u00e3o dos lares. Que tal saber mais sobre as duas tend\u00eancias que podem transformar seu lar?\" \/>\n<meta name=\"robots\" content=\"index, follow, max-snippet:-1, max-image-preview:large, max-video-preview:-1\" \/>\n<link rel=\"canonical\" href=\"https:\/\/www.mobly.com.br\/blog\/inspiracoes\/dourado-e-rose-gold\/\" \/>\n<meta property=\"og:locale\" content=\"pt_BR\" \/>\n<meta property=\"og:type\" content=\"article\" \/>\n<meta property=\"og:title\" content=\"Dourado \u00e9 o Novo Ros\u00e9 Gold - Blog da Mobly\" \/>\n<meta property=\"og:description\" content=\"O Dourado chega com tudo para substituir o Ros\u00e9 Gold na decora\u00e7\u00e3o dos lares. Que tal saber mais sobre as duas tend\u00eancias que podem transformar seu lar?\" \/>\n<meta property=\"og:url\" content=\"https:\/\/www.mobly.com.br\/blog\/inspiracoes\/dourado-e-rose-gold\/\" \/>\n<meta property=\"og:site_name\" content=\"Blog da Mobly\" \/>\n<meta property=\"article:published_time\" content=\"2019-05-27T17:32:07+00:00\" \/>\n<meta property=\"article:modified_time\" content=\"2019-05-28T20:18:04+00:00\" \/>\n<meta property=\"og:image\" content=\"https:\/\/blog.mobly.com.br\/wp-content\/uploads\/2019\/05\/dourado-e-rose-gold.jpg\" \/>\n\t<meta property=\"og:image:width\" content=\"1024\" \/>\n\t<meta property=\"og:image:height\" content=\"618\" \/>\n\t<meta property=\"og:image:type\" content=\"image\/jpeg\" \/>\n<meta name=\"author\" content=\"admin\" \/>\n<meta name=\"twitter:card\" content=\"summary_large_image\" \/>\n<meta name=\"twitter:label1\" content=\"Escrito por\" \/>\n\t<meta name=\"twitter:data1\" content=\"admin\" \/>\n\t<meta name=\"twitter:label2\" content=\"Est. tempo de leitura\" \/>\n\t<meta name=\"twitter:data2\" content=\"2 minutos\" \/>\n<script type=\"application\/ld+json\" class=\"yoast-schema-graph\">{\"@context\":\"https:\/\/schema.org\",\"@graph\":[{\"@type\":\"WebPage\",\"@id\":\"https:\/\/www.mobly.com.br\/blog\/inspiracoes\/dourado-e-rose-gold\/\",\"url\":\"https:\/\/www.mobly.com.br\/blog\/inspiracoes\/dourado-e-rose-gold\/\",\"name\":\"Dourado \u00e9 o Novo Ros\u00e9 Gold - Blog da Mobly\",\"isPartOf\":{\"@id\":\"https:\/\/www.mobly.com.br\/blog\/#website\"},\"primaryImageOfPage\":{\"@id\":\"https:\/\/www.mobly.com.br\/blog\/inspiracoes\/dourado-e-rose-gold\/#primaryimage\"},\"image\":{\"@id\":\"https:\/\/www.mobly.com.br\/blog\/inspiracoes\/dourado-e-rose-gold\/#primaryimage\"},\"thumbnailUrl\":\"https:\/\/www.mobly.com.br\/blog\/wp-content\/uploads\/2019\/05\/dourado-e-rose-gold.jpg\",\"datePublished\":\"2019-05-27T17:32:07+00:00\",\"dateModified\":\"2019-05-28T20:18:04+00:00\",\"author\":{\"@id\":\"https:\/\/www.mobly.com.br\/blog\/#\/schema\/person\/ef633f01f9bc370cce9ea9ac37e48aed\"},\"description\":\"O Dourado chega com tudo para substituir o Ros\u00e9 Gold na decora\u00e7\u00e3o dos lares. Que tal saber mais sobre as duas tend\u00eancias que podem transformar seu lar?\",\"breadcrumb\":{\"@id\":\"https:\/\/www.mobly.com.br\/blog\/inspiracoes\/dourado-e-rose-gold\/#breadcrumb\"},\"inLanguage\":\"pt-BR\",\"potentialAction\":[{\"@type\":\"ReadAction\",\"target\":[\"https:\/\/www.mobly.com.br\/blog\/inspiracoes\/dourado-e-rose-gold\/\"]}]},{\"@type\":\"ImageObject\",\"inLanguage\":\"pt-BR\",\"@id\":\"https:\/\/www.mobly.com.br\/blog\/inspiracoes\/dourado-e-rose-gold\/#primaryimage\",\"url\":\"https:\/\/www.mobly.com.br\/blog\/wp-content\/uploads\/2019\/05\/dourado-e-rose-gold.jpg\",\"contentUrl\":\"https:\/\/www.mobly.com.br\/blog\/wp-content\/uploads\/2019\/05\/dourado-e-rose-gold.jpg\",\"width\":1024,\"height\":618},{\"@type\":\"BreadcrumbList\",\"@id\":\"https:\/\/www.mobly.com.br\/blog\/inspiracoes\/dourado-e-rose-gold\/#breadcrumb\",\"itemListElement\":[{\"@type\":\"ListItem\",\"position\":1,\"name\":\"Home\",\"item\":\"https:\/\/www.mobly.com.br\/blog\/\"},{\"@type\":\"ListItem\",\"position\":2,\"name\":\"Inspira\u00e7\u00f5es\",\"item\":\"https:\/\/www.mobly.com.br\/blog\/inspiracoes\/\"},{\"@type\":\"ListItem\",\"position\":3,\"name\":\"Dourado \u00e9 o novo ros\u00e9 gold\"}]},{\"@type\":\"WebSite\",\"@id\":\"https:\/\/www.mobly.com.br\/blog\/#website\",\"url\":\"https:\/\/www.mobly.com.br\/blog\/\",\"name\":\"Blog da Mobly\",\"description\":\"Dicas de Decora\u00e7\u00e3o, Inspira\u00e7\u00f5es e Mais\",\"potentialAction\":[{\"@type\":\"SearchAction\",\"target\":{\"@type\":\"EntryPoint\",\"urlTemplate\":\"https:\/\/www.mobly.com.br\/blog\/?s={search_term_string}\"},\"query-input\":{\"@type\":\"PropertyValueSpecification\",\"valueRequired\":true,\"valueName\":\"search_term_string\"}}],\"inLanguage\":\"pt-BR\"},{\"@type\":\"Person\",\"@id\":\"https:\/\/www.mobly.com.br\/blog\/#\/schema\/person\/ef633f01f9bc370cce9ea9ac37e48aed\",\"name\":\"admin\",\"image\":{\"@type\":\"ImageObject\",\"inLanguage\":\"pt-BR\",\"@id\":\"https:\/\/www.mobly.com.br\/blog\/#\/schema\/person\/image\/\",\"url\":\"https:\/\/secure.gravatar.com\/avatar\/d7d420c61f9873cb4a8df831a8aa8078?s=96&d=mm&r=g\",\"contentUrl\":\"https:\/\/secure.gravatar.com\/avatar\/d7d420c61f9873cb4a8df831a8aa8078?s=96&d=mm&r=g\",\"caption\":\"admin\"},\"url\":\"https:\/\/www.mobly.com.br\/blog\/author\/admin\/\"}]}<\/script>\n<!-- \/ Yoast SEO plugin. -->","yoast_head_json":{"title":"Dourado \u00e9 o Novo Ros\u00e9 Gold - Blog da Mobly","description":"O Dourado chega com tudo para substituir o Ros\u00e9 Gold na decora\u00e7\u00e3o dos lares. Que tal saber mais sobre as duas tend\u00eancias que podem transformar seu lar?","robots":{"index":"index","follow":"follow","max-snippet":"max-snippet:-1","max-image-preview":"max-image-preview:large","max-video-preview":"max-video-preview:-1"},"canonical":"https:\/\/www.mobly.com.br\/blog\/inspiracoes\/dourado-e-rose-gold\/","og_locale":"pt_BR","og_type":"article","og_title":"Dourado \u00e9 o Novo Ros\u00e9 Gold - Blog da Mobly","og_description":"O Dourado chega com tudo para substituir o Ros\u00e9 Gold na decora\u00e7\u00e3o dos lares. Que tal saber mais sobre as duas tend\u00eancias que podem transformar seu lar?","og_url":"https:\/\/www.mobly.com.br\/blog\/inspiracoes\/dourado-e-rose-gold\/","og_site_name":"Blog da Mobly","article_published_time":"2019-05-27T17:32:07+00:00","article_modified_time":"2019-05-28T20:18:04+00:00","og_image":[{"width":1024,"height":618,"url":"https:\/\/blog.mobly.com.br\/wp-content\/uploads\/2019\/05\/dourado-e-rose-gold.jpg","type":"image\/jpeg"}],"author":"admin","twitter_card":"summary_large_image","twitter_misc":{"Escrito por":"admin","Est. tempo de leitura":"2 minutos"},"schema":{"@context":"https:\/\/schema.org","@graph":[{"@type":"WebPage","@id":"https:\/\/www.mobly.com.br\/blog\/inspiracoes\/dourado-e-rose-gold\/","url":"https:\/\/www.mobly.com.br\/blog\/inspiracoes\/dourado-e-rose-gold\/","name":"Dourado \u00e9 o Novo Ros\u00e9 Gold - Blog da Mobly","isPartOf":{"@id":"https:\/\/www.mobly.com.br\/blog\/#website"},"primaryImageOfPage":{"@id":"https:\/\/www.mobly.com.br\/blog\/inspiracoes\/dourado-e-rose-gold\/#primaryimage"},"image":{"@id":"https:\/\/www.mobly.com.br\/blog\/inspiracoes\/dourado-e-rose-gold\/#primaryimage"},"thumbnailUrl":"https:\/\/www.mobly.com.br\/blog\/wp-content\/uploads\/2019\/05\/dourado-e-rose-gold.jpg","datePublished":"2019-05-27T17:32:07+00:00","dateModified":"2019-05-28T20:18:04+00:00","author":{"@id":"https:\/\/www.mobly.com.br\/blog\/#\/schema\/person\/ef633f01f9bc370cce9ea9ac37e48aed"},"description":"O Dourado chega com tudo para substituir o Ros\u00e9 Gold na decora\u00e7\u00e3o dos lares. Que tal saber mais sobre as duas tend\u00eancias que podem transformar seu lar?","breadcrumb":{"@id":"https:\/\/www.mobly.com.br\/blog\/inspiracoes\/dourado-e-rose-gold\/#breadcrumb"},"inLanguage":"pt-BR","potentialAction":[{"@type":"ReadAction","target":["https:\/\/www.mobly.com.br\/blog\/inspiracoes\/dourado-e-rose-gold\/"]}]},{"@type":"ImageObject","inLanguage":"pt-BR","@id":"https:\/\/www.mobly.com.br\/blog\/inspiracoes\/dourado-e-rose-gold\/#primaryimage","url":"https:\/\/www.mobly.com.br\/blog\/wp-content\/uploads\/2019\/05\/dourado-e-rose-gold.jpg","contentUrl":"https:\/\/www.mobly.com.br\/blog\/wp-content\/uploads\/2019\/05\/dourado-e-rose-gold.jpg","width":1024,"height":618},{"@type":"BreadcrumbList","@id":"https:\/\/www.mobly.com.br\/blog\/inspiracoes\/dourado-e-rose-gold\/#breadcrumb","itemListElement":[{"@type":"ListItem","position":1,"name":"Home","item":"https:\/\/www.mobly.com.br\/blog\/"},{"@type":"ListItem","position":2,"name":"Inspira\u00e7\u00f5es","item":"https:\/\/www.mobly.com.br\/blog\/inspiracoes\/"},{"@type":"ListItem","position":3,"name":"Dourado \u00e9 o novo ros\u00e9 gold"}]},{"@type":"WebSite","@id":"https:\/\/www.mobly.com.br\/blog\/#website","url":"https:\/\/www.mobly.com.br\/blog\/","name":"Blog da Mobly","description":"Dicas de Decora\u00e7\u00e3o, Inspira\u00e7\u00f5es e Mais","potentialAction":[{"@type":"SearchAction","target":{"@type":"EntryPoint","urlTemplate":"https:\/\/www.mobly.com.br\/blog\/?s={search_term_string}"},"query-input":{"@type":"PropertyValueSpecification","valueRequired":true,"valueName":"search_term_string"}}],"inLanguage":"pt-BR"},{"@type":"Person","@id":"https:\/\/www.mobly.com.br\/blog\/#\/schema\/person\/ef633f01f9bc370cce9ea9ac37e48aed","name":"admin","image":{"@type":"ImageObject","inLanguage":"pt-BR","@id":"https:\/\/www.mobly.com.br\/blog\/#\/schema\/person\/image\/","url":"https:\/\/secure.gravatar.com\/avatar\/d7d420c61f9873cb4a8df831a8aa8078?s=96&d=mm&r=g","contentUrl":"https:\/\/secure.gravatar.com\/avatar\/d7d420c61f9873cb4a8df831a8aa8078?s=96&d=mm&r=g","caption":"admin"},"url":"https:\/\/www.mobly.com.br\/blog\/author\/admin\/"}]}},"_links":{"self":[{"href":"https:\/\/www.mobly.com.br\/blog\/wp-json\/wp\/v2\/posts\/5577","targetHints":{"allow":["GET"]}}],"collection":[{"href":"https:\/\/www.mobly.com.br\/blog\/wp-json\/wp\/v2\/posts"}],"about":[{"href":"https:\/\/www.mobly.com.br\/blog\/wp-json\/wp\/v2\/types\/post"}],"author":[{"embeddable":true,"href":"https:\/\/www.mobly.com.br\/blog\/wp-json\/wp\/v2\/users\/1"}],"replies":[{"embeddable":true,"href":"https:\/\/www.mobly.com.br\/blog\/wp-json\/wp\/v2\/comments?post=5577"}],"version-history":[{"count":4,"href":"https:\/\/www.mobly.com.br\/blog\/wp-json\/wp\/v2\/posts\/5577\/revisions"}],"predecessor-version":[{"id":5629,"href":"https:\/\/www.mobly.com.br\/blog\/wp-json\/wp\/v2\/posts\/5577\/revisions\/5629"}],"wp:featuredmedia":[{"embeddable":true,"href":"https:\/\/www.mobly.com.br\/blog\/wp-json\/wp\/v2\/media\/5579"}],"wp:attachment":[{"href":"https:\/\/www.mobly.com.br\/blog\/wp-json\/wp\/v2\/media?parent=5577"}],"wp:term":[{"taxonomy":"category","embeddable":true,"href":"https:\/\/www.mobly.com.br\/blog\/wp-json\/wp\/v2\/categories?post=5577"},{"taxonomy":"post_tag","embeddable":true,"href":"https:\/\/www.mobly.com.br\/blog\/wp-json\/wp\/v2\/tags?post=5577"}],"curies":[{"name":"wp","href":"https:\/\/api.w.org\/{rel}","templated":true}]}}