{"id":5508,"date":"2019-05-20T08:00:50","date_gmt":"2019-05-20T11:00:50","guid":{"rendered":"https:\/\/www.mobly.com.br\/blog\/?p=5508"},"modified":"2019-05-30T15:52:14","modified_gmt":"2019-05-30T18:52:14","slug":"decoracao-acessivel-para-montar-a-republica","status":"publish","type":"post","link":"https:\/\/www.mobly.com.br\/blog\/dicas\/decoracao-acessivel-para-montar-a-republica\/","title":{"rendered":"Decora\u00e7\u00e3o Acess\u00edvel para Montar a Rep\u00fablica"},"content":{"rendered":"<p><img loading=\"lazy\" decoding=\"async\" class=\"aligncenter wp-image-5516 size-large\" src=\"https:\/\/www.mobly.com.br\/blog\/wp-content\/uploads\/2019\/05\/decoracao-de-republica-quarto-1024x722.jpg\" alt=\"Decora\u00e7\u00e3o acess\u00edvel para rep\u00fablicas estudantis - Quarto\" width=\"1024\" height=\"722\" srcset=\"https:\/\/www.mobly.com.br\/blog\/wp-content\/uploads\/2019\/05\/decoracao-de-republica-quarto.jpg 1024w, https:\/\/www.mobly.com.br\/blog\/wp-content\/uploads\/2019\/05\/decoracao-de-republica-quarto-300x212.jpg 300w, https:\/\/www.mobly.com.br\/blog\/wp-content\/uploads\/2019\/05\/decoracao-de-republica-quarto-768x542.jpg 768w\" sizes=\"auto, (max-width: 1024px) 100vw, 1024px\" \/><\/p>\n<p style=\"text-align: center;\"><em>Rep\u00fablica estudantil: sinta-se em casa com as nossas dicas.<\/em><\/p>\n<p>Se desapegar da casa dos pais n\u00e3o \u00e9 tarefa f\u00e1cil, principalmente quando junto com essa miss\u00e3o voc\u00ea tem que enfrentar os desafios que v\u00eam pela frente \u2013 como encontrar o local ideal para se hospedar e fazer com que esse espa\u00e7o te acomode como um verdadeiro lar (mesmo dividindo o espa\u00e7o com v\u00e1rias outras pessoas).<\/p>\n<p>As rep\u00fablicas estudantis s\u00e3o op\u00e7\u00f5es acess\u00edveis para aqueles que t\u00eam que mudar de cidade ou Estado para entrar em universidades e contam com uma renda limitada para a moradia. Al\u00e9m disso, como ficam localizadas pr\u00f3ximas a centros de estudos, o deslocamento fica muito mais f\u00e1cil \u2013 e d\u00e1 at\u00e9 pra se dedicar mais aos estudos.<\/p>\n<p>Algumas delas contam com uma estrutura pronta, mas outras precisam come\u00e7ar do zero&#8230; E a\u00ed bate o desespero! Principalmente quando voc\u00ea se d\u00e1 conta que todos est\u00e3o no mesmo barco: pessoas da mesma idade, compartilhando sentimentos, descobertas e com uma rotina bem parecida.<\/p>\n<p>Mas calma! Separamos dicas para transformar a sua rep\u00fablica em seu ref\u00fagio (<strong>obs.:<\/strong> essas dicas tamb\u00e9m s\u00e3o v\u00e1lidas se voc\u00ea mora com os amigos e quer dar uma repaginada no lar sem gastar muito). Se liga s\u00f3:<\/p>\n<p>Leia tamb\u00e9m:\u00a0<a href=\"https:\/\/www.mobly.com.br\/blog\/dicas\/7-dicas-para-decorar-apartamentos-pequenos-alugados\/\" target=\"_blank\" rel=\"noopener\">6 dicas para decorar apartamentos pequenos alugados<\/a>.<\/p>\n<h2>1. Garimpe produtos baratos<\/h2>\n\n\t\t<style type=\"text\/css\">\n\t\t\t#gallery-1 {\n\t\t\t\tmargin: auto;\n\t\t\t}\n\t\t\t#gallery-1 .gallery-item {\n\t\t\t\tfloat: left;\n\t\t\t\tmargin-top: 10px;\n\t\t\t\ttext-align: center;\n\t\t\t\twidth: 50%;\n\t\t\t}\n\t\t\t#gallery-1 img {\n\t\t\t\tborder: 2px solid #cfcfcf;\n\t\t\t}\n\t\t\t#gallery-1 .gallery-caption {\n\t\t\t\tmargin-left: 0;\n\t\t\t}\n\t\t\t\/* see gallery_shortcode() in wp-includes\/media.php *\/\n\t\t<\/style>\n\t\t<div id='gallery-1' class='gallery galleryid-5508 gallery-columns-2 gallery-size-full'><dl class='gallery-item'>\n\t\t\t<dt class='gallery-icon landscape'>\n\t\t\t\t<img loading=\"lazy\" decoding=\"async\" width=\"899\" height=\"899\" src=\"https:\/\/www.mobly.com.br\/blog\/wp-content\/uploads\/2019\/05\/decoracao-de-republica-produtos-baratos.jpg\" class=\"attachment-full size-full\" alt=\"Decora\u00e7\u00e3o acess\u00edvel para rep\u00fablicas estudantis - Quarto\" srcset=\"https:\/\/www.mobly.com.br\/blog\/wp-content\/uploads\/2019\/05\/decoracao-de-republica-produtos-baratos.jpg 899w, https:\/\/www.mobly.com.br\/blog\/wp-content\/uploads\/2019\/05\/decoracao-de-republica-produtos-baratos-150x150.jpg 150w, https:\/\/www.mobly.com.br\/blog\/wp-content\/uploads\/2019\/05\/decoracao-de-republica-produtos-baratos-300x300.jpg 300w, https:\/\/www.mobly.com.br\/blog\/wp-content\/uploads\/2019\/05\/decoracao-de-republica-produtos-baratos-768x768.jpg 768w\" sizes=\"auto, (max-width: 899px) 100vw, 899px\" \/>\n\t\t\t<\/dt><\/dl><dl class='gallery-item'>\n\t\t\t<dt class='gallery-icon landscape'>\n\t\t\t\t<img loading=\"lazy\" decoding=\"async\" width=\"1024\" height=\"1014\" src=\"https:\/\/www.mobly.com.br\/blog\/wp-content\/uploads\/2019\/05\/decoracao-de-republica-produtos-baratos-2.jpg\" class=\"attachment-full size-full\" alt=\"Decora\u00e7\u00e3o acess\u00edvel para rep\u00fablicas estudantis - Hall de entrada\" srcset=\"https:\/\/www.mobly.com.br\/blog\/wp-content\/uploads\/2019\/05\/decoracao-de-republica-produtos-baratos-2.jpg 1024w, https:\/\/www.mobly.com.br\/blog\/wp-content\/uploads\/2019\/05\/decoracao-de-republica-produtos-baratos-2-150x150.jpg 150w, https:\/\/www.mobly.com.br\/blog\/wp-content\/uploads\/2019\/05\/decoracao-de-republica-produtos-baratos-2-300x297.jpg 300w, https:\/\/www.mobly.com.br\/blog\/wp-content\/uploads\/2019\/05\/decoracao-de-republica-produtos-baratos-2-768x760.jpg 768w\" sizes=\"auto, (max-width: 1024px) 100vw, 1024px\" \/>\n\t\t\t<\/dt><\/dl><br style=\"clear: both\" \/>\n\t\t<\/div>\n\n<p style=\"text-align: center;\"><em>M\u00f3veis novos, que podem ser encontrados com pre\u00e7os acess\u00edveis, fazem com que voc\u00ea sinta o aconchego de estar na sua pr\u00f3pria casa.<\/em><\/p>\n<p>Como a perman\u00eancia em rep\u00fablicas \u00e9 <a href=\"https:\/\/www.mobly.com.br\/blog\/dicas\/como-preparar-sua-casa-para-plataformas-de-aluguel\/\" target=\"_blank\" rel=\"noopener\">por tempo limitado<\/a>, geralmente, os moradores optam por comprar m\u00f3veis usados. Mas para que escolher itens de segunda m\u00e3o se voc\u00ea pode comprar m\u00f3veis novos com pre\u00e7os acess\u00edveis? O clima proporcionado por esses itens \u00e9 muito mais acolhedor e, automaticamente, faz voc\u00ea se sentir mais em casa. Ah! Temos um post com dicas para voc\u00ea <a href=\"https:\/\/www.mobly.com.br\/blog\/dicas\/10-dicas-para-comprar-moveis\/\" target=\"_blank\" rel=\"noopener\">comprar m\u00f3veis pela internet<\/a>.<\/p>\n<div id=\"metaslider-id-5519\" style=\"width: 100%; margin: 0 auto;\" class=\"ml-slider-3-27-0 metaslider metaslider-flex metaslider-5519 ml-slider slider-sku-padrao ml-slider-lightbox-1-12-0 lightbox-disabled\">\n    <div id=\"metaslider_container_5519\">\n        <div id=\"metaslider_5519\" class=\"flexslider\">\n            <ul aria-live=\"polite\" class=\"slides\">\n                <li style=\"display: none; width: 100%;\" class=\"slide-5530 ms-image\"><a href=\"https:\/\/www.mobly.com.br\/estante-encanto-branca-604120.html\" target=\"_blank\"><img loading=\"lazy\" decoding=\"async\" src=\"https:\/\/www.mobly.com.br\/blog\/wp-content\/uploads\/2019\/05\/Patrimar-Estante-Encanto-Branca-0925-021406-1-240x240.jpg\" height=\"240\" width=\"240\" alt=\"\" class=\"slider-5519 slide-5530\" title=\"Patrimar-Estante-Encanto-Branca-0925-021406-1\" \/><\/a><div class=\"caption-wrap\"><div class=\"caption\">Estante Encanto<\/div><\/div><\/li>\n                <li style=\"display: none; width: 100%;\" class=\"slide-5529 ms-image\"><a href=\"https:\/\/www.mobly.com.br\/estante-ilhabela-branco-130076.html\" target=\"_blank\"><img loading=\"lazy\" decoding=\"async\" src=\"https:\/\/www.mobly.com.br\/blog\/wp-content\/uploads\/2019\/05\/Mobly-Estante-Ilhabela-Branco-8175-670031-1-240x240.jpg\" height=\"240\" width=\"240\" alt=\"\" class=\"slider-5519 slide-5529\" title=\"Mobly-Estante-Ilhabela-Branco-8175-670031-1\" \/><\/a><div class=\"caption-wrap\"><div class=\"caption\">Estante Ilhabela<\/div><\/div><\/li>\n                <li style=\"display: none; width: 100%;\" class=\"slide-5532 ms-image\"><a href=\"https:\/\/www.mobly.com.br\/beliche-prisma-branco-233239.html\" target=\"_blank\"><img loading=\"lazy\" decoding=\"async\" src=\"https:\/\/www.mobly.com.br\/blog\/wp-content\/uploads\/2019\/05\/J-26-A-Beliche-Prisma-Branco-0148-932332-1-1-240x240.jpg\" height=\"240\" width=\"240\" alt=\"\" class=\"slider-5519 slide-5532\" title=\"J-26-A-Beliche-Prisma-Branco-0148-932332-1\" \/><\/a><div class=\"caption-wrap\"><div class=\"caption\">Beliche Prisma<\/div><\/div><\/li>\n                <li style=\"display: none; width: 100%;\" class=\"slide-5527 ms-image\"><a href=\"https:\/\/www.mobly.com.br\/sofa-3-lugares-paris-suede-amassado-598977.html\" target=\"_blank\"><img loading=\"lazy\" decoding=\"async\" src=\"https:\/\/www.mobly.com.br\/blog\/wp-content\/uploads\/2019\/05\/Dikaza-Moveis-e-DecoraC3A7C3B5es-SofC3A1-3-Lugares-Paris-Suede-Amassado-1053-779895-1-240x240.jpg\" height=\"240\" width=\"240\" alt=\"\" class=\"slider-5519 slide-5527\" title=\"Dikaza-Moveis-e-DecoraC3A7C3B5es-SofC3A1-3-Lugares-Paris---Suede-Amassado-1053-779895-1\" \/><\/a><div class=\"caption-wrap\"><div class=\"caption\">Sof\u00e1 3 Lugares Paris<\/div><\/div><\/li>\n                <li style=\"display: none; width: 100%;\" class=\"slide-5526 ms-image\"><a href=\"https:\/\/www.mobly.com.br\/armario-albireo-3-ptbranco-236580.html\" target=\"_blank\"><img loading=\"lazy\" decoding=\"async\" src=\"https:\/\/www.mobly.com.br\/blog\/wp-content\/uploads\/2019\/05\/BRV-MC3B3veis-ArmC3A1rio-Albireo-3-PTBranco-5417-085632-1-240x240.jpg\" height=\"240\" width=\"240\" alt=\"\" class=\"slider-5519 slide-5526\" title=\"BRV-MC3B3veis--ArmC3A1rio-Albireo-3-PTBranco-5417-085632-1\" \/><\/a><div class=\"caption-wrap\"><div class=\"caption\">Arm\u00e1rio Albireo<\/div><\/div><\/li>\n            <\/ul>\n        <\/div>\n        \n    <\/div>\n<\/div>\n<p>&nbsp;<\/p>\n<h2><strong>2. Aposte em m\u00f3veis multifuncionais<\/strong><\/h2>\n\n\t\t<style type=\"text\/css\">\n\t\t\t#gallery-2 {\n\t\t\t\tmargin: auto;\n\t\t\t}\n\t\t\t#gallery-2 .gallery-item {\n\t\t\t\tfloat: left;\n\t\t\t\tmargin-top: 10px;\n\t\t\t\ttext-align: center;\n\t\t\t\twidth: 50%;\n\t\t\t}\n\t\t\t#gallery-2 img {\n\t\t\t\tborder: 2px solid #cfcfcf;\n\t\t\t}\n\t\t\t#gallery-2 .gallery-caption {\n\t\t\t\tmargin-left: 0;\n\t\t\t}\n\t\t\t\/* see gallery_shortcode() in wp-includes\/media.php *\/\n\t\t<\/style>\n\t\t<div id='gallery-2' class='gallery galleryid-5508 gallery-columns-2 gallery-size-full'><dl class='gallery-item'>\n\t\t\t<dt class='gallery-icon landscape'>\n\t\t\t\t<img loading=\"lazy\" decoding=\"async\" width=\"1024\" height=\"1024\" src=\"https:\/\/www.mobly.com.br\/blog\/wp-content\/uploads\/2019\/05\/decoracao-de-republica-moveis-multifuncionais.jpg\" class=\"attachment-full size-full\" alt=\"Decora\u00e7\u00e3o acess\u00edvel para rep\u00fablicas estudantis - Sala de estar\" srcset=\"https:\/\/www.mobly.com.br\/blog\/wp-content\/uploads\/2019\/05\/decoracao-de-republica-moveis-multifuncionais.jpg 1024w, https:\/\/www.mobly.com.br\/blog\/wp-content\/uploads\/2019\/05\/decoracao-de-republica-moveis-multifuncionais-150x150.jpg 150w, https:\/\/www.mobly.com.br\/blog\/wp-content\/uploads\/2019\/05\/decoracao-de-republica-moveis-multifuncionais-300x300.jpg 300w, https:\/\/www.mobly.com.br\/blog\/wp-content\/uploads\/2019\/05\/decoracao-de-republica-moveis-multifuncionais-768x768.jpg 768w\" sizes=\"auto, (max-width: 1024px) 100vw, 1024px\" \/>\n\t\t\t<\/dt><\/dl><dl class='gallery-item'>\n\t\t\t<dt class='gallery-icon landscape'>\n\t\t\t\t<img loading=\"lazy\" decoding=\"async\" width=\"1024\" height=\"1024\" src=\"https:\/\/www.mobly.com.br\/blog\/wp-content\/uploads\/2019\/05\/decoracao-de-republica-moveis-multifuncionais-2.jpg\" class=\"attachment-full size-full\" alt=\"Decora\u00e7\u00e3o acess\u00edvel para rep\u00fablicas estudantis - \u00c1rea de estudo e\/ou home office\" srcset=\"https:\/\/www.mobly.com.br\/blog\/wp-content\/uploads\/2019\/05\/decoracao-de-republica-moveis-multifuncionais-2.jpg 1024w, https:\/\/www.mobly.com.br\/blog\/wp-content\/uploads\/2019\/05\/decoracao-de-republica-moveis-multifuncionais-2-150x150.jpg 150w, https:\/\/www.mobly.com.br\/blog\/wp-content\/uploads\/2019\/05\/decoracao-de-republica-moveis-multifuncionais-2-300x300.jpg 300w, https:\/\/www.mobly.com.br\/blog\/wp-content\/uploads\/2019\/05\/decoracao-de-republica-moveis-multifuncionais-2-768x768.jpg 768w\" sizes=\"auto, (max-width: 1024px) 100vw, 1024px\" \/>\n\t\t\t<\/dt><\/dl><br style=\"clear: both\" \/>\n\t\t<\/div>\n\n<p style=\"text-align: center;\"><em>Um m\u00f3vel que vale por dois: aposte nele!<\/em><\/p>\n<p>Com os espa\u00e7os cada vez menores, o universo da decora\u00e7\u00e3o tem trazido alternativas para atender \u00e0s necessidades dos consumidores. Sabe aqueles itens que t\u00eam mais do que uma fun\u00e7\u00e3o? Eles funcionam muito bem em rep\u00fablicas, principalmente para a otimiza\u00e7\u00e3o e <a href=\"https:\/\/www.mobly.com.br\/blog\/dicas\/10-passos-para-uma-casa-organizada\/\" target=\"_blank\" rel=\"noopener\">organiza\u00e7\u00e3o dos espa\u00e7os<\/a>.<\/p>\n<div id=\"metaslider-id-5533\" style=\"width: 100%; margin: 0 auto;\" class=\"ml-slider-3-27-0 metaslider metaslider-flex metaslider-5533 ml-slider slider-sku-padrao ml-slider-lightbox-1-12-0 lightbox-disabled\">\n    <div id=\"metaslider_container_5533\">\n        <div id=\"metaslider_5533\" class=\"flexslider\">\n            <ul aria-live=\"polite\" class=\"slides\">\n                <li style=\"display: none; width: 100%;\" class=\"slide-5544 ms-image\"><a href=\"https:\/\/www.mobly.com.br\/cama-solteiro-sleep-conect-com-escrivaninha-branco-596489.html\" target=\"_blank\"><img loading=\"lazy\" decoding=\"async\" src=\"https:\/\/www.mobly.com.br\/blog\/wp-content\/uploads\/2019\/05\/Santos-AndirC3A1-Cama-Solteiro-Sleep-Conect-Com-Escrivaninha-Branco-8232-984695-1-240x240.jpg\" height=\"240\" width=\"240\" alt=\"\" class=\"slider-5533 slide-5544\" title=\"Santos-AndirC3A1-Cama-Solteiro-Sleep-Conect-Com-Escrivaninha---Branco-8232-984695-1\" \/><\/a><div class=\"caption-wrap\"><div class=\"caption\">Cama Solteiro Sleep Conect Com Escrivaninha \n<\/div><\/div><\/li>\n                <li style=\"display: none; width: 100%;\" class=\"slide-5542 ms-image\"><a href=\"https:\/\/www.mobly.com.br\/cama-comoda-solteiro-florenca-com-7-gavetas-branco-fosco-conquista-533508.html\" target=\"_blank\"><img loading=\"lazy\" decoding=\"async\" src=\"https:\/\/www.mobly.com.br\/blog\/wp-content\/uploads\/2019\/05\/Conquista-Cama-CC3B4moda-Solteiro-FlorenC3A7a-Com-7-Gavetas-Branco-Fosco-Conquista-1717-805335-1-240x240.jpg\" height=\"240\" width=\"240\" alt=\"\" class=\"slider-5533 slide-5542\" title=\"Conquista-Cama-CC3B4moda-Solteiro-FlorenC3A7a-Com-7-Gavetas-Branco-Fosco---Conquista-1717-805335-1\" \/><\/a><div class=\"caption-wrap\"><div class=\"caption\">Cama C\u00f4moda Solteiro Floren\u00e7a \n<\/div><\/div><\/li>\n                <li style=\"display: none; width: 100%;\" class=\"slide-5543 ms-image\"><a href=\"https:\/\/www.mobly.com.br\/cama-solteiro-conect-com-gavetas-e-prateleira-branco-596483.html\" target=\"_blank\"><img loading=\"lazy\" decoding=\"async\" src=\"https:\/\/www.mobly.com.br\/blog\/wp-content\/uploads\/2019\/05\/Santos-AndirC3A1-Cama-Solteiro-Conect-Com-Gavetas-E-Prateleira-Branco-6138-384695-1-240x240.jpg\" height=\"240\" width=\"240\" alt=\"\" class=\"slider-5533 slide-5543\" title=\"Santos-AndirC3A1-Cama-Solteiro-Conect-Com-Gavetas-E-Prateleira---Branco-6138-384695-1\" \/><\/a><div class=\"caption-wrap\"><div class=\"caption\">Cama Solteiro Conect Com Gavetas e Prateleira<\/div><\/div><\/li>\n                <li style=\"display: none; width: 100%;\" class=\"slide-5540 ms-image\"><a href=\"https:\/\/www.mobly.com.br\/cama-solteiro-luiza-branca-560090.html\" target=\"_blank\"><img loading=\"lazy\" decoding=\"async\" src=\"https:\/\/www.mobly.com.br\/blog\/wp-content\/uploads\/2019\/05\/Art-in-MC3B3veis-Cama-Solteiro-Luiza-Branca-2418-090065-1-240x240.jpg\" height=\"240\" width=\"240\" alt=\"\" class=\"slider-5533 slide-5540\" title=\"Art-in-MC3B3veis-Cama-Solteiro-Luiza-Branca-2418-090065-1\" \/><\/a><div class=\"caption-wrap\"><div class=\"caption\">Cama Solteiro Luiza\n<\/div><\/div><\/li>\n                <li style=\"display: none; width: 100%;\" class=\"slide-5541 ms-image\"><a href=\"https:\/\/www.mobly.com.br\/cama-solteiro-multifuncional-juvenille-montana-560087.html\" target=\"_blank\"><img loading=\"lazy\" decoding=\"async\" src=\"https:\/\/www.mobly.com.br\/blog\/wp-content\/uploads\/2019\/05\/Art-in-MC3B3veis-Cama-Solteiro-Multifuncional-Juvenille-Montana-2444-780065-1-240x240.jpg\" height=\"240\" width=\"240\" alt=\"\" class=\"slider-5533 slide-5541\" title=\"Art-in-MC3B3veis-Cama-Solteiro-Multifuncional-Juvenille-Montana-2444-780065-1\" \/><\/a><div class=\"caption-wrap\"><div class=\"caption\">Cama Solteiro Multifuncional Juvenille Montana<\/div><\/div><\/li>\n            <\/ul>\n        <\/div>\n        \n    <\/div>\n<\/div>\n<p>&nbsp;<\/p>\n<h2>3. Invista em um espa\u00e7o dedicado para estudo<\/h2>\n\n\t\t<style type=\"text\/css\">\n\t\t\t#gallery-3 {\n\t\t\t\tmargin: auto;\n\t\t\t}\n\t\t\t#gallery-3 .gallery-item {\n\t\t\t\tfloat: left;\n\t\t\t\tmargin-top: 10px;\n\t\t\t\ttext-align: center;\n\t\t\t\twidth: 50%;\n\t\t\t}\n\t\t\t#gallery-3 img {\n\t\t\t\tborder: 2px solid #cfcfcf;\n\t\t\t}\n\t\t\t#gallery-3 .gallery-caption {\n\t\t\t\tmargin-left: 0;\n\t\t\t}\n\t\t\t\/* see gallery_shortcode() in wp-includes\/media.php *\/\n\t\t<\/style>\n\t\t<div id='gallery-3' class='gallery galleryid-5508 gallery-columns-2 gallery-size-full'><dl class='gallery-item'>\n\t\t\t<dt class='gallery-icon landscape'>\n\t\t\t\t<img loading=\"lazy\" decoding=\"async\" width=\"1024\" height=\"1024\" src=\"https:\/\/www.mobly.com.br\/blog\/wp-content\/uploads\/2019\/05\/decoracao-de-republica-espaco-para-estudo-homeoffice.jpg\" class=\"attachment-full size-full\" alt=\"Decora\u00e7\u00e3o acess\u00edvel para rep\u00fablicas estudantis - Quarto com home office\" srcset=\"https:\/\/www.mobly.com.br\/blog\/wp-content\/uploads\/2019\/05\/decoracao-de-republica-espaco-para-estudo-homeoffice.jpg 1024w, https:\/\/www.mobly.com.br\/blog\/wp-content\/uploads\/2019\/05\/decoracao-de-republica-espaco-para-estudo-homeoffice-150x150.jpg 150w, https:\/\/www.mobly.com.br\/blog\/wp-content\/uploads\/2019\/05\/decoracao-de-republica-espaco-para-estudo-homeoffice-300x300.jpg 300w, https:\/\/www.mobly.com.br\/blog\/wp-content\/uploads\/2019\/05\/decoracao-de-republica-espaco-para-estudo-homeoffice-768x768.jpg 768w\" sizes=\"auto, (max-width: 1024px) 100vw, 1024px\" \/>\n\t\t\t<\/dt><\/dl><dl class='gallery-item'>\n\t\t\t<dt class='gallery-icon landscape'>\n\t\t\t\t<img loading=\"lazy\" decoding=\"async\" width=\"1024\" height=\"1024\" src=\"https:\/\/www.mobly.com.br\/blog\/wp-content\/uploads\/2019\/05\/decoracao-de-republica-espaco-para-estudo-homeoffice-2.jpg\" class=\"attachment-full size-full\" alt=\"Decora\u00e7\u00e3o acess\u00edvel para rep\u00fablicas estudantis - \u00c1rea de estudo e\/ou home office\" srcset=\"https:\/\/www.mobly.com.br\/blog\/wp-content\/uploads\/2019\/05\/decoracao-de-republica-espaco-para-estudo-homeoffice-2.jpg 1024w, https:\/\/www.mobly.com.br\/blog\/wp-content\/uploads\/2019\/05\/decoracao-de-republica-espaco-para-estudo-homeoffice-2-150x150.jpg 150w, https:\/\/www.mobly.com.br\/blog\/wp-content\/uploads\/2019\/05\/decoracao-de-republica-espaco-para-estudo-homeoffice-2-300x300.jpg 300w, https:\/\/www.mobly.com.br\/blog\/wp-content\/uploads\/2019\/05\/decoracao-de-republica-espaco-para-estudo-homeoffice-2-768x768.jpg 768w\" sizes=\"auto, (max-width: 1024px) 100vw, 1024px\" \/>\n\t\t\t<\/dt><\/dl><br style=\"clear: both\" \/>\n\t\t<\/div>\n\n<p style=\"text-align: center;\"><em>Ter um espa\u00e7o destinado para a hora do estudo influencia no foco e concentra\u00e7\u00e3o.<\/em><\/p>\n<p>Na maioria das vezes, os quartos s\u00e3o compartilhados e os espa\u00e7os limitados. Mas, dedicar um cantinho para os estudos, por menor que seja, \u00e9 fundamental. Aposte em uma escrivaninha, uma cadeira confort\u00e1vel e em uma boa ilumina\u00e7\u00e3o para propiciar a concentra\u00e7\u00e3o \u2013 o mesmo vale para <a href=\"https:\/\/www.mobly.com.br\/blog\/dicas\/4-dicas-para-decorar-seu-home-office\/\" target=\"_blank\" rel=\"noopener\">home offices<\/a>.<\/p>\n<div id=\"metaslider-id-5545\" style=\"width: 100%; margin: 0 auto;\" class=\"ml-slider-3-27-0 metaslider metaslider-flex metaslider-5545 ml-slider slider-sku-padrao ml-slider-lightbox-1-12-0 lightbox-disabled\">\n    <div id=\"metaslider_container_5545\">\n        <div id=\"metaslider_5545\" class=\"flexslider\">\n            <ul aria-live=\"polite\" class=\"slides\">\n                <li style=\"display: none; width: 100%;\" class=\"slide-5556 ms-image\"><a href=\"https:\/\/www.mobly.com.br\/cadeira-em-abs-pelegrin-pelc032a-branca-com-design-eames-dkr-office-544209.html\" target=\"_blank\"><img loading=\"lazy\" decoding=\"async\" src=\"https:\/\/www.mobly.com.br\/blog\/wp-content\/uploads\/2019\/05\/Pelegrin-Cadeira-em-ABS-Pelegrin-PEL-C032A-Branca-com-Design-Eames-DKR-Office-5886-902445-1-240x240.jpg\" height=\"240\" width=\"240\" alt=\"\" class=\"slider-5545 slide-5556\" title=\"Pelegrin-Cadeira-em-ABS-Pelegrin-PEL-C032A-Branca-com-Design-Eames-DKR-Office-5886-902445-1\" \/><\/a><div class=\"caption-wrap\"><div class=\"caption\">Cadeira Pelegrin com Design Eames DKR Office\n<\/div><\/div><\/li>\n                <li style=\"display: none; width: 100%;\" class=\"slide-5553 ms-image\"><a href=\"https:\/\/www.mobly.com.br\/escrivaninha-versatil-saturno-branco-520103.html\" target=\"_blank\"><img loading=\"lazy\" decoding=\"async\" src=\"https:\/\/www.mobly.com.br\/blog\/wp-content\/uploads\/2019\/05\/Hecol-Escrivaninha-VersC3A1til-Saturno-Branco-3059-301025-1-240x240.jpg\" height=\"240\" width=\"240\" alt=\"\" class=\"slider-5545 slide-5553\" title=\"Hecol-Escrivaninha-VersC3A1til-Saturno-Branco-3059-301025-1\" \/><\/a><div class=\"caption-wrap\"><div class=\"caption\">Escrivaninha Vers\u00e1til Saturno \n<\/div><\/div><\/li>\n                <li style=\"display: none; width: 100%;\" class=\"slide-5554 ms-image\"><a href=\"https:\/\/www.mobly.com.br\/luminaria-leitura-lindt-vermelha-43x18-bivolt-368197.html\" target=\"_blank\"><img loading=\"lazy\" decoding=\"async\" src=\"https:\/\/www.mobly.com.br\/blog\/wp-content\/uploads\/2019\/05\/Lamp-Show-Luminaria-Leitura-Lindt-Vermelha-43X18-Bivolt-1887-791863-1-240x240.jpg\" height=\"240\" width=\"240\" alt=\"\" class=\"slider-5545 slide-5554\" title=\"Lamp-Show-Luminaria-Leitura-Lindt-Vermelha-43X18-Bivolt-1887-791863-1\" \/><\/a><div class=\"caption-wrap\"><div class=\"caption\">Lumin\u00e1ria Lindt \n<\/div><\/div><\/li>\n                <li style=\"display: none; width: 100%;\" class=\"slide-5555 ms-image\"><a href=\"https:\/\/www.mobly.com.br\/cadeira-de-escritorio-secretaria-giratoria-color-pistao-a-gas-corano-azul-claro-240598.html\" target=\"_blank\"><img loading=\"lazy\" decoding=\"async\" src=\"https:\/\/www.mobly.com.br\/blog\/wp-content\/uploads\/2019\/05\/Mobly-Cadeira-de-EscritC3B3rio-SecretC3A1ria-GiratC3B3ria-Color-PistC3A3o-a-GC3A1s-Corano-Azul-Claro-8463-895042-1-240x240.jpg\" height=\"240\" width=\"240\" alt=\"\" class=\"slider-5545 slide-5555\" title=\"Mobly-Cadeira-de-EscritC3B3rio-SecretC3A1ria-GiratC3B3ria-Color-PistC3A3o-a-GC3A1s-Corano-Azul-Claro-8463-895042-1\" \/><\/a><div class=\"caption-wrap\"><div class=\"caption\">Cadeira de Escrit\u00f3rio Corano Azul Claro\n<\/div><\/div><\/li>\n                <li style=\"display: none; width: 100%;\" class=\"slide-5552 ms-image\"><a href=\"https:\/\/www.mobly.com.br\/mesa-de-escritorio-self-castanho-e-branca-612015.html\" target=\"_blank\"><img loading=\"lazy\" decoding=\"async\" src=\"https:\/\/www.mobly.com.br\/blog\/wp-content\/uploads\/2019\/05\/Appunto-Mesa-de-EscritC3B3rio-Self-Castanho-e-Branca-6972-510216-1-240x240.jpg\" height=\"240\" width=\"240\" alt=\"\" class=\"slider-5545 slide-5552\" title=\"Appunto-Mesa-de-EscritC3B3rio-Self-Castanho-e-Branca-6972-510216-1\" \/><\/a><div class=\"caption-wrap\"><div class=\"caption\">Mesa de Escrit\u00f3rio Self<\/div><\/div><\/li>\n            <\/ul>\n        <\/div>\n        \n    <\/div>\n<\/div>\n<p>&nbsp;<\/p>\n<h2>4. M\u00f3veis para \u00e1reas comuns<\/h2>\n<p><img loading=\"lazy\" decoding=\"async\" class=\"aligncenter size-large wp-image-5509\" src=\"https:\/\/www.mobly.com.br\/blog\/wp-content\/uploads\/2019\/05\/decoracao-de-republica-areas-comuns-convivencia-1024x419.jpg\" alt=\"\" width=\"1024\" height=\"419\" srcset=\"https:\/\/www.mobly.com.br\/blog\/wp-content\/uploads\/2019\/05\/decoracao-de-republica-areas-comuns-convivencia.jpg 1024w, https:\/\/www.mobly.com.br\/blog\/wp-content\/uploads\/2019\/05\/decoracao-de-republica-areas-comuns-convivencia-300x123.jpg 300w, https:\/\/www.mobly.com.br\/blog\/wp-content\/uploads\/2019\/05\/decoracao-de-republica-areas-comuns-convivencia-768x314.jpg 768w\" sizes=\"auto, (max-width: 1024px) 100vw, 1024px\" \/><\/p>\n<p style=\"text-align: center;\"><em>Socializar tamb\u00e9m faz parte!<\/em><\/p>\n<p>Como nem s\u00f3 de estudo vive o universit\u00e1rio, as \u00e1reas comuns s\u00e3o muito importantes para socializar. As salas de estar e <a href=\"https:\/\/www.mobly.com.br\/blog\/inspiracoes\/sala-de-jantar-inspiracao-exemplos\/\" target=\"_blank\" rel=\"noopener\">jantar<\/a> podem ser mobiliadas em conjunto, afinal, um <a href=\"https:\/\/www.mobly.com.br\/blog\/guia-de-compras\/guia-escolher-sofa-ideal\/\" target=\"_blank\" rel=\"noopener\">sof\u00e1-cama<\/a> dividido por v\u00e1rias pessoas fica mais barato que a cerveja, n\u00e9? Aposte em m\u00f3veis com cores neutras para agradar todos os gostos e estilos.<\/p>\n<div id=\"metaslider-id-5557\" style=\"width: 100%; margin: 0 auto;\" class=\"ml-slider-3-27-0 metaslider metaslider-flex metaslider-5557 ml-slider slider-sku-padrao ml-slider-lightbox-1-12-0 lightbox-disabled\">\n    <div id=\"metaslider_container_5557\">\n        <div id=\"metaslider_5557\" class=\"flexslider\">\n            <ul aria-live=\"polite\" class=\"slides\">\n                <li style=\"display: none; width: 100%;\" class=\"slide-5568 ms-image\"><a href=\"https:\/\/www.mobly.com.br\/aparador-bar-com-adega-laguna-estilo-retro-preto-567456.html\" target=\"_blank\"><img loading=\"lazy\" decoding=\"async\" src=\"https:\/\/www.mobly.com.br\/blog\/wp-content\/uploads\/2019\/05\/RPM-MC3B3veis-Aparador-Bar-com-Adega-Laguna-Estilo-RetrC3B4-Preto-1785-654765-1-240x240.jpg\" height=\"240\" width=\"240\" alt=\"\" class=\"slider-5557 slide-5568\" title=\"RPM-MC3B3veis-Aparador-Bar-com-Adega-Laguna-Estilo-RetrC3B4---Preto-1785-654765-1\" \/><\/a><div class=\"caption-wrap\"><div class=\"caption\">Aparador Bar com Adega Laguna<\/div><\/div><\/li>\n                <li style=\"display: none; width: 100%;\" class=\"slide-5565 ms-image\"><a href=\"https:\/\/www.mobly.com.br\/mesa-de-jantar-extensivel-christofano-retangular-preto-170-cm-542609.html\" target=\"_blank\"><img loading=\"lazy\" decoding=\"async\" src=\"https:\/\/www.mobly.com.br\/blog\/wp-content\/uploads\/2019\/05\/Mobly-Mesa-de-Jantar-ExtensC3ADvel-ChristC3B3fano-Retangular-Preto-170-cm-8468-906245-1-240x240.jpg\" height=\"240\" width=\"240\" alt=\"\" class=\"slider-5557 slide-5565\" title=\"Mobly-Mesa-de-Jantar-ExtensC3ADvel-ChristC3B3fano-Retangular-Preto-170-cm-8468-906245-1\" \/><\/a><div class=\"caption-wrap\"><div class=\"caption\">Mesa de Jantar Extens\u00edvel Christ\u00f3fano<\/div><\/div><\/li>\n                <li style=\"display: none; width: 100%;\" class=\"slide-5566 ms-image\"><a href=\"https:\/\/www.mobly.com.br\/rack-retro-goslar-fosco-preto-162-cm-417154.html\" target=\"_blank\"><img loading=\"lazy\" decoding=\"async\" src=\"https:\/\/www.mobly.com.br\/blog\/wp-content\/uploads\/2019\/05\/Mobly-Rack-RetrC3B4-Goslar-Fosco-Preto-162-cm-8175-451714-2-240x240.jpg\" height=\"240\" width=\"240\" alt=\"\" class=\"slider-5557 slide-5566\" title=\"Mobly-Rack-RetrC3B4-Goslar-Fosco-Preto-162-cm-8175-451714-2\" \/><\/a><div class=\"caption-wrap\"><div class=\"caption\">Rack Retr\u00f4 Goslar<\/div><\/div><\/li>\n                <li style=\"display: none; width: 100%;\" class=\"slide-5567 ms-image\"><a href=\"https:\/\/www.mobly.com.br\/sofacama-3-lugares-casal-solare-suede-cinza-290350.html\" target=\"_blank\"><img loading=\"lazy\" decoding=\"async\" src=\"https:\/\/www.mobly.com.br\/blog\/wp-content\/uploads\/2019\/05\/Mobly-SofC3A1-Cama-3-Lugares-Casal-Solare-Suede-Cinza-0315-053092-1-240x240.jpg\" height=\"240\" width=\"240\" alt=\"\" class=\"slider-5557 slide-5567\" title=\"Mobly-SofC3A1-Cama-3-Lugares-Casal-Solare-Suede-Cinza-0315-053092-1\" \/><\/a><div class=\"caption-wrap\"><div class=\"caption\">Sof\u00e1-Cama 3 Lugares Casal Solare\n<\/div><\/div><\/li>\n                <li style=\"display: none; width: 100%;\" class=\"slide-5564 ms-image\"><a href=\"https:\/\/www.mobly.com.br\/buffet-biondo-2-pt-branco-284879.html\" target=\"_blank\"><img loading=\"lazy\" decoding=\"async\" src=\"https:\/\/www.mobly.com.br\/blog\/wp-content\/uploads\/2019\/05\/Estilare-Buffet-Biondo-2-PT-Branco-9320-978482-1-240x240.jpg\" height=\"240\" width=\"240\" alt=\"\" class=\"slider-5557 slide-5564\" title=\"Estilare-Buffet-Biondo-2-PT-Branco-9320-978482-1\" \/><\/a><div class=\"caption-wrap\"><div class=\"caption\">Buffet Biondo\n<\/div><\/div><\/li>\n            <\/ul>\n        <\/div>\n        \n    <\/div>\n<\/div>\n<p>&nbsp;<\/p>\n<p>E a\u00ed, gostou das dicas? N\u00e3o se esque\u00e7a de deixar seu coment\u00e1rio! At\u00e9 a pr\u00f3xima! \ud83d\ude42<\/p>\n<button class=\"simplefavorite-button has-count loading\" data-postid=\"5508\" data-siteid=\"1\" data-groupid=\"1\" data-favoritecount=\"1\" style=\"\">Carregando...<span class=\"sf-icon-spinner-wrapper\"><i class=\"sf-icon-spinner\"><\/i><\/span><\/button>","protected":false},"excerpt":{"rendered":"<p>Rep\u00fablica estudantil: sinta-se em casa com as nossas dicas. Se desapegar da casa dos pais n\u00e3o \u00e9 tarefa f\u00e1cil, principalmente quando junto com essa miss\u00e3o voc\u00ea tem que enfrentar os desafios que v\u00eam pela frente \u2013 como encontrar o local ideal para se hospedar e fazer com que esse espa\u00e7o te acomode como um verdadeiro lar (mesmo dividindo o espa\u00e7o com v\u00e1rias outras pessoas). As rep\u00fablicas estudantis s\u00e3o op\u00e7\u00f5es acess\u00edveis para aqueles que t\u00eam que mudar de cidade ou Estado para entrar em universidades e contam com uma renda limitada para a moradia. Al\u00e9m disso, como ficam localizadas pr\u00f3ximas a centros de estudos, o deslocamento fica muito mais f\u00e1cil \u2013 e d\u00e1 at\u00e9 pra se dedicar mais aos estudos. Algumas delas contam com uma estrutura pronta, mas outras precisam come\u00e7ar do zero&#8230; E a\u00ed bate o desespero! Principalmente quando voc\u00ea se d\u00e1 conta que todos est\u00e3o no mesmo barco: pessoas da mesma idade, compartilhando sentimentos, descobertas e com uma rotina bem parecida. Mas calma! Separamos dicas para transformar a sua rep\u00fablica em seu ref\u00fagio (obs.: essas dicas tamb\u00e9m s\u00e3o v\u00e1lidas se voc\u00ea mora com os amigos e quer dar uma repaginada no lar sem gastar muito). Se liga s\u00f3: Leia [&hellip;]<\/p>\n","protected":false},"author":17,"featured_media":5516,"comment_status":"open","ping_status":"open","sticky":false,"template":"","format":"standard","meta":{"extendify_custom_stylesheet":"","_mi_skip_tracking":false,"_monsterinsights_skip_tracking":false,"_monsterinsights_sitenote_active":false,"_monsterinsights_sitenote_note":"","_monsterinsights_sitenote_category":0,"footnotes":""},"categories":[10,11],"tags":[],"class_list":["post-5508","post","type-post","status-publish","format-standard","has-post-thumbnail","hentry","category-dicas","category-inspiracoes"],"yoast_head":"<!-- This site is optimized with the Yoast SEO plugin v24.9 - https:\/\/yoast.com\/wordpress\/plugins\/seo\/ -->\n<title>Decora\u00e7\u00e3o Acess\u00edvel para Montar a Rep\u00fablica | Blog da Mobly<\/title>\n<meta name=\"description\" content=\"T\u00e1 com a grana apertada e, mesmo assim, precisa montar o seu espacinho na rep\u00fablica? Tem que garimpar itens baratos (o quanto antes) para focar nos estudos? Calma! Temos dicas que podem te ajudar.\" \/>\n<meta name=\"robots\" content=\"index, follow, max-snippet:-1, max-image-preview:large, max-video-preview:-1\" \/>\n<link rel=\"canonical\" href=\"https:\/\/www.mobly.com.br\/blog\/dicas\/decoracao-acessivel-para-montar-a-republica\/\" \/>\n<meta property=\"og:locale\" content=\"pt_BR\" \/>\n<meta property=\"og:type\" content=\"article\" \/>\n<meta property=\"og:title\" content=\"Decora\u00e7\u00e3o Acess\u00edvel para Montar a Rep\u00fablica | Blog da Mobly\" \/>\n<meta property=\"og:description\" content=\"T\u00e1 com a grana apertada e, mesmo assim, precisa montar o seu espacinho na rep\u00fablica? Tem que garimpar itens baratos (o quanto antes) para focar nos estudos? Calma! Temos dicas que podem te ajudar.\" \/>\n<meta property=\"og:url\" content=\"https:\/\/www.mobly.com.br\/blog\/dicas\/decoracao-acessivel-para-montar-a-republica\/\" \/>\n<meta property=\"og:site_name\" content=\"Blog da Mobly\" \/>\n<meta property=\"article:published_time\" content=\"2019-05-20T11:00:50+00:00\" \/>\n<meta property=\"article:modified_time\" content=\"2019-05-30T18:52:14+00:00\" \/>\n<meta property=\"og:image\" content=\"https:\/\/blog.mobly.com.br\/wp-content\/uploads\/2019\/05\/decoracao-de-republica-quarto.jpg\" \/>\n\t<meta property=\"og:image:width\" content=\"1024\" \/>\n\t<meta property=\"og:image:height\" content=\"722\" \/>\n\t<meta property=\"og:image:type\" content=\"image\/jpeg\" \/>\n<meta name=\"author\" content=\"Ingrid Vilas Boas Morales\" \/>\n<meta name=\"twitter:card\" content=\"summary_large_image\" \/>\n<meta name=\"twitter:label1\" content=\"Escrito por\" \/>\n\t<meta name=\"twitter:data1\" content=\"Ingrid Vilas Boas Morales\" \/>\n\t<meta name=\"twitter:label2\" content=\"Est. tempo de leitura\" \/>\n\t<meta name=\"twitter:data2\" content=\"3 minutos\" \/>\n<script type=\"application\/ld+json\" class=\"yoast-schema-graph\">{\"@context\":\"https:\/\/schema.org\",\"@graph\":[{\"@type\":\"WebPage\",\"@id\":\"https:\/\/www.mobly.com.br\/blog\/dicas\/decoracao-acessivel-para-montar-a-republica\/\",\"url\":\"https:\/\/www.mobly.com.br\/blog\/dicas\/decoracao-acessivel-para-montar-a-republica\/\",\"name\":\"Decora\u00e7\u00e3o Acess\u00edvel para Montar a Rep\u00fablica | Blog da Mobly\",\"isPartOf\":{\"@id\":\"https:\/\/www.mobly.com.br\/blog\/#website\"},\"primaryImageOfPage\":{\"@id\":\"https:\/\/www.mobly.com.br\/blog\/dicas\/decoracao-acessivel-para-montar-a-republica\/#primaryimage\"},\"image\":{\"@id\":\"https:\/\/www.mobly.com.br\/blog\/dicas\/decoracao-acessivel-para-montar-a-republica\/#primaryimage\"},\"thumbnailUrl\":\"https:\/\/www.mobly.com.br\/blog\/wp-content\/uploads\/2019\/05\/decoracao-de-republica-quarto.jpg\",\"datePublished\":\"2019-05-20T11:00:50+00:00\",\"dateModified\":\"2019-05-30T18:52:14+00:00\",\"author\":{\"@id\":\"https:\/\/www.mobly.com.br\/blog\/#\/schema\/person\/6b8770bd062932d2814750e2a12f6043\"},\"description\":\"T\u00e1 com a grana apertada e, mesmo assim, precisa montar o seu espacinho na rep\u00fablica? Tem que garimpar itens baratos (o quanto antes) para focar nos estudos? Calma! Temos dicas que podem te ajudar.\",\"breadcrumb\":{\"@id\":\"https:\/\/www.mobly.com.br\/blog\/dicas\/decoracao-acessivel-para-montar-a-republica\/#breadcrumb\"},\"inLanguage\":\"pt-BR\",\"potentialAction\":[{\"@type\":\"ReadAction\",\"target\":[\"https:\/\/www.mobly.com.br\/blog\/dicas\/decoracao-acessivel-para-montar-a-republica\/\"]}]},{\"@type\":\"ImageObject\",\"inLanguage\":\"pt-BR\",\"@id\":\"https:\/\/www.mobly.com.br\/blog\/dicas\/decoracao-acessivel-para-montar-a-republica\/#primaryimage\",\"url\":\"https:\/\/www.mobly.com.br\/blog\/wp-content\/uploads\/2019\/05\/decoracao-de-republica-quarto.jpg\",\"contentUrl\":\"https:\/\/www.mobly.com.br\/blog\/wp-content\/uploads\/2019\/05\/decoracao-de-republica-quarto.jpg\",\"width\":1024,\"height\":722,\"caption\":\"Rep\u00fablica estudantil: sinta-se em casa com as nossas dicas.\"},{\"@type\":\"BreadcrumbList\",\"@id\":\"https:\/\/www.mobly.com.br\/blog\/dicas\/decoracao-acessivel-para-montar-a-republica\/#breadcrumb\",\"itemListElement\":[{\"@type\":\"ListItem\",\"position\":1,\"name\":\"Home\",\"item\":\"https:\/\/www.mobly.com.br\/blog\/\"},{\"@type\":\"ListItem\",\"position\":2,\"name\":\"Dicas\",\"item\":\"https:\/\/www.mobly.com.br\/blog\/dicas\/\"},{\"@type\":\"ListItem\",\"position\":3,\"name\":\"Decora\u00e7\u00e3o Acess\u00edvel para Montar a Rep\u00fablica\"}]},{\"@type\":\"WebSite\",\"@id\":\"https:\/\/www.mobly.com.br\/blog\/#website\",\"url\":\"https:\/\/www.mobly.com.br\/blog\/\",\"name\":\"Blog da Mobly\",\"description\":\"Dicas de Decora\u00e7\u00e3o, Inspira\u00e7\u00f5es e Mais\",\"potentialAction\":[{\"@type\":\"SearchAction\",\"target\":{\"@type\":\"EntryPoint\",\"urlTemplate\":\"https:\/\/www.mobly.com.br\/blog\/?s={search_term_string}\"},\"query-input\":{\"@type\":\"PropertyValueSpecification\",\"valueRequired\":true,\"valueName\":\"search_term_string\"}}],\"inLanguage\":\"pt-BR\"},{\"@type\":\"Person\",\"@id\":\"https:\/\/www.mobly.com.br\/blog\/#\/schema\/person\/6b8770bd062932d2814750e2a12f6043\",\"name\":\"Ingrid Vilas Boas Morales\",\"image\":{\"@type\":\"ImageObject\",\"inLanguage\":\"pt-BR\",\"@id\":\"https:\/\/www.mobly.com.br\/blog\/#\/schema\/person\/image\/\",\"url\":\"https:\/\/secure.gravatar.com\/avatar\/44014a6de7bad71c234039b3d492ea28?s=96&d=mm&r=g\",\"contentUrl\":\"https:\/\/secure.gravatar.com\/avatar\/44014a6de7bad71c234039b3d492ea28?s=96&d=mm&r=g\",\"caption\":\"Ingrid Vilas Boas Morales\"},\"url\":\"https:\/\/www.mobly.com.br\/blog\/author\/ingrid-morales\/\"}]}<\/script>\n<!-- \/ Yoast SEO plugin. -->","yoast_head_json":{"title":"Decora\u00e7\u00e3o Acess\u00edvel para Montar a Rep\u00fablica | Blog da Mobly","description":"T\u00e1 com a grana apertada e, mesmo assim, precisa montar o seu espacinho na rep\u00fablica? Tem que garimpar itens baratos (o quanto antes) para focar nos estudos? Calma! Temos dicas que podem te ajudar.","robots":{"index":"index","follow":"follow","max-snippet":"max-snippet:-1","max-image-preview":"max-image-preview:large","max-video-preview":"max-video-preview:-1"},"canonical":"https:\/\/www.mobly.com.br\/blog\/dicas\/decoracao-acessivel-para-montar-a-republica\/","og_locale":"pt_BR","og_type":"article","og_title":"Decora\u00e7\u00e3o Acess\u00edvel para Montar a Rep\u00fablica | Blog da Mobly","og_description":"T\u00e1 com a grana apertada e, mesmo assim, precisa montar o seu espacinho na rep\u00fablica? Tem que garimpar itens baratos (o quanto antes) para focar nos estudos? Calma! Temos dicas que podem te ajudar.","og_url":"https:\/\/www.mobly.com.br\/blog\/dicas\/decoracao-acessivel-para-montar-a-republica\/","og_site_name":"Blog da Mobly","article_published_time":"2019-05-20T11:00:50+00:00","article_modified_time":"2019-05-30T18:52:14+00:00","og_image":[{"width":1024,"height":722,"url":"https:\/\/blog.mobly.com.br\/wp-content\/uploads\/2019\/05\/decoracao-de-republica-quarto.jpg","type":"image\/jpeg"}],"author":"Ingrid Vilas Boas Morales","twitter_card":"summary_large_image","twitter_misc":{"Escrito por":"Ingrid Vilas Boas Morales","Est. tempo de leitura":"3 minutos"},"schema":{"@context":"https:\/\/schema.org","@graph":[{"@type":"WebPage","@id":"https:\/\/www.mobly.com.br\/blog\/dicas\/decoracao-acessivel-para-montar-a-republica\/","url":"https:\/\/www.mobly.com.br\/blog\/dicas\/decoracao-acessivel-para-montar-a-republica\/","name":"Decora\u00e7\u00e3o Acess\u00edvel para Montar a Rep\u00fablica | Blog da Mobly","isPartOf":{"@id":"https:\/\/www.mobly.com.br\/blog\/#website"},"primaryImageOfPage":{"@id":"https:\/\/www.mobly.com.br\/blog\/dicas\/decoracao-acessivel-para-montar-a-republica\/#primaryimage"},"image":{"@id":"https:\/\/www.mobly.com.br\/blog\/dicas\/decoracao-acessivel-para-montar-a-republica\/#primaryimage"},"thumbnailUrl":"https:\/\/www.mobly.com.br\/blog\/wp-content\/uploads\/2019\/05\/decoracao-de-republica-quarto.jpg","datePublished":"2019-05-20T11:00:50+00:00","dateModified":"2019-05-30T18:52:14+00:00","author":{"@id":"https:\/\/www.mobly.com.br\/blog\/#\/schema\/person\/6b8770bd062932d2814750e2a12f6043"},"description":"T\u00e1 com a grana apertada e, mesmo assim, precisa montar o seu espacinho na rep\u00fablica? Tem que garimpar itens baratos (o quanto antes) para focar nos estudos? Calma! Temos dicas que podem te ajudar.","breadcrumb":{"@id":"https:\/\/www.mobly.com.br\/blog\/dicas\/decoracao-acessivel-para-montar-a-republica\/#breadcrumb"},"inLanguage":"pt-BR","potentialAction":[{"@type":"ReadAction","target":["https:\/\/www.mobly.com.br\/blog\/dicas\/decoracao-acessivel-para-montar-a-republica\/"]}]},{"@type":"ImageObject","inLanguage":"pt-BR","@id":"https:\/\/www.mobly.com.br\/blog\/dicas\/decoracao-acessivel-para-montar-a-republica\/#primaryimage","url":"https:\/\/www.mobly.com.br\/blog\/wp-content\/uploads\/2019\/05\/decoracao-de-republica-quarto.jpg","contentUrl":"https:\/\/www.mobly.com.br\/blog\/wp-content\/uploads\/2019\/05\/decoracao-de-republica-quarto.jpg","width":1024,"height":722,"caption":"Rep\u00fablica estudantil: sinta-se em casa com as nossas dicas."},{"@type":"BreadcrumbList","@id":"https:\/\/www.mobly.com.br\/blog\/dicas\/decoracao-acessivel-para-montar-a-republica\/#breadcrumb","itemListElement":[{"@type":"ListItem","position":1,"name":"Home","item":"https:\/\/www.mobly.com.br\/blog\/"},{"@type":"ListItem","position":2,"name":"Dicas","item":"https:\/\/www.mobly.com.br\/blog\/dicas\/"},{"@type":"ListItem","position":3,"name":"Decora\u00e7\u00e3o Acess\u00edvel para Montar a Rep\u00fablica"}]},{"@type":"WebSite","@id":"https:\/\/www.mobly.com.br\/blog\/#website","url":"https:\/\/www.mobly.com.br\/blog\/","name":"Blog da Mobly","description":"Dicas de Decora\u00e7\u00e3o, Inspira\u00e7\u00f5es e Mais","potentialAction":[{"@type":"SearchAction","target":{"@type":"EntryPoint","urlTemplate":"https:\/\/www.mobly.com.br\/blog\/?s={search_term_string}"},"query-input":{"@type":"PropertyValueSpecification","valueRequired":true,"valueName":"search_term_string"}}],"inLanguage":"pt-BR"},{"@type":"Person","@id":"https:\/\/www.mobly.com.br\/blog\/#\/schema\/person\/6b8770bd062932d2814750e2a12f6043","name":"Ingrid Vilas Boas Morales","image":{"@type":"ImageObject","inLanguage":"pt-BR","@id":"https:\/\/www.mobly.com.br\/blog\/#\/schema\/person\/image\/","url":"https:\/\/secure.gravatar.com\/avatar\/44014a6de7bad71c234039b3d492ea28?s=96&d=mm&r=g","contentUrl":"https:\/\/secure.gravatar.com\/avatar\/44014a6de7bad71c234039b3d492ea28?s=96&d=mm&r=g","caption":"Ingrid Vilas Boas Morales"},"url":"https:\/\/www.mobly.com.br\/blog\/author\/ingrid-morales\/"}]}},"_links":{"self":[{"href":"https:\/\/www.mobly.com.br\/blog\/wp-json\/wp\/v2\/posts\/5508","targetHints":{"allow":["GET"]}}],"collection":[{"href":"https:\/\/www.mobly.com.br\/blog\/wp-json\/wp\/v2\/posts"}],"about":[{"href":"https:\/\/www.mobly.com.br\/blog\/wp-json\/wp\/v2\/types\/post"}],"author":[{"embeddable":true,"href":"https:\/\/www.mobly.com.br\/blog\/wp-json\/wp\/v2\/users\/17"}],"replies":[{"embeddable":true,"href":"https:\/\/www.mobly.com.br\/blog\/wp-json\/wp\/v2\/comments?post=5508"}],"version-history":[{"count":6,"href":"https:\/\/www.mobly.com.br\/blog\/wp-json\/wp\/v2\/posts\/5508\/revisions"}],"predecessor-version":[{"id":5670,"href":"https:\/\/www.mobly.com.br\/blog\/wp-json\/wp\/v2\/posts\/5508\/revisions\/5670"}],"wp:featuredmedia":[{"embeddable":true,"href":"https:\/\/www.mobly.com.br\/blog\/wp-json\/wp\/v2\/media\/5516"}],"wp:attachment":[{"href":"https:\/\/www.mobly.com.br\/blog\/wp-json\/wp\/v2\/media?parent=5508"}],"wp:term":[{"taxonomy":"category","embeddable":true,"href":"https:\/\/www.mobly.com.br\/blog\/wp-json\/wp\/v2\/categories?post=5508"},{"taxonomy":"post_tag","embeddable":true,"href":"https:\/\/www.mobly.com.br\/blog\/wp-json\/wp\/v2\/tags?post=5508"}],"curies":[{"name":"wp","href":"https:\/\/api.w.org\/{rel}","templated":true}]}}