{"id":5265,"date":"2019-05-13T08:12:30","date_gmt":"2019-05-13T11:12:30","guid":{"rendered":"https:\/\/www.mobly.com.br\/blog\/?p=5265"},"modified":"2019-05-29T18:46:25","modified_gmt":"2019-05-29T21:46:25","slug":"decoracao-organizacao-area-de-servico","status":"publish","type":"post","link":"https:\/\/www.mobly.com.br\/blog\/dicas\/decoracao-organizacao-area-de-servico\/","title":{"rendered":"\u00c1rea de Servi\u00e7o: Como Decorar e Otimizar &#8211; Dicas para Voc\u00ea Fazer"},"content":{"rendered":"<p>Pode at\u00e9 ser que voc\u00ea n\u00e3o concorde, mas a \u00c1rea de Servi\u00e7o \u00e9 um dos ambientes mais importantes de uma casa. Infelizmente, ela n\u00e3o recebe toda a aten\u00e7\u00e3o que merece na grande maioria das vezes.<\/p>\n<p>Talvez voc\u00ea esteja se perguntando agora: por que este espa\u00e7o \u00e9 t\u00e3o importante afinal? E eu digo que a resposta \u00e9 simples: \u00e9 por este ambiente que passa toda a organiza\u00e7\u00e3o da casa e \u00e9 por essa raz\u00e3o que ele deve ser bem decorado e receber cuidados para que seja bem aproveitado.<\/p>\n<p>Quer ter um cuidado maior com essa parte da casa, priorizando a organiza\u00e7\u00e3o e a <a href=\"https:\/\/www.mobly.com.br\/decoracao\/\" target=\"_blank\" rel=\"noopener\">decora\u00e7\u00e3o<\/a>? Preparei algumas dicas bem bacanas para tornar o espa\u00e7o mais agrad\u00e1vel e otimizado, olha s\u00f3:<\/p>\n<h2>Considere contratar um personal organizer<\/h2>\n<p>O personal organizer atua na organiza\u00e7\u00e3o de ambientes e at\u00e9 mesmo na organiza\u00e7\u00e3o do seu dia a dia se preciso for. E n\u00f3s sabemos que a \u00c1rea de Servi\u00e7o pode se tornar uma verdadeira bagun\u00e7a, pois \u00e9 ali que ficam todos os objetos e produtos indispens\u00e1veis para a limpeza da casa. Por isso, contar com um help deste profissional pode melhorar bastante o espa\u00e7o.<\/p>\n<p>&nbsp;<\/p>\n<div id=\"metaslider-id-5291\" style=\"width: 100%; margin: 0 auto;\" class=\"ml-slider-3-27-0 metaslider metaslider-flex metaslider-5291 ml-slider slider-sku-padrao ml-slider-lightbox-1-12-0 lightbox-disabled\">\n    <div id=\"metaslider_container_5291\">\n        <div id=\"metaslider_5291\" class=\"flexslider\">\n            <ul aria-live=\"polite\" class=\"slides\">\n                <li style=\"display: none; width: 100%;\" class=\"slide-5308 ms-image\"><a href=\"https:\/\/www.mobly.com.br\/estante-bariloche-30-5-cinza-45991.html\" target=\"_blank\"><img loading=\"lazy\" decoding=\"async\" src=\"https:\/\/www.mobly.com.br\/blog\/wp-content\/uploads\/2019\/04\/estante-bariloche-30-5-cinza-45991-240x240.jpg\" height=\"240\" width=\"240\" alt=\"\" class=\"slider-5291 slide-5308\" title=\"estante-bariloche-30-5-cinza-45991\" \/><\/a><div class=\"caption-wrap\"><div class=\"caption\">Estante Bariloche<\/div><\/div><\/li>\n                <li style=\"display: none; width: 100%;\" class=\"slide-5310 ms-image\"><a href=\"https:\/\/www.mobly.com.br\/conjunto-lavanderia-bl3309-tp3000-branco-tecno-598186.html\" target=\"_blank\"><img loading=\"lazy\" decoding=\"async\" src=\"https:\/\/www.mobly.com.br\/blog\/wp-content\/uploads\/2019\/04\/conjunto-lavanderia-bl3309-tp3000-branco-tecno-598186-240x240.jpg\" height=\"240\" width=\"240\" alt=\"\" class=\"slider-5291 slide-5310\" title=\"conjunto-lavanderia-bl3309-tp3000-branco-tecno-598186\" \/><\/a><div class=\"caption-wrap\"><div class=\"caption\">Conjunto Lavanderia Branco<\/div><\/div><\/li>\n                <li style=\"display: none; width: 100%;\" class=\"slide-5309 ms-image\"><a href=\"https:\/\/www.mobly.com.br\/conjunto-lavanderia-am3100-bl3300-am3100-am3104-branco-tecno-mobili-546170.html\" target=\"_blank\"><img loading=\"lazy\" decoding=\"async\" src=\"https:\/\/www.mobly.com.br\/blog\/wp-content\/uploads\/2019\/04\/conjunto-lavanderia-am3100-bl3300-am3100-am3104-branco-tecno-mobili-546170-240x240.jpg\" height=\"240\" width=\"240\" alt=\"\" class=\"slider-5291 slide-5309\" title=\"conjunto-lavanderia-am3100-bl3300-am3100-am3104-branco-tecno-mobili-546170\" \/><\/a><div class=\"caption-wrap\"><div class=\"caption\">Conjunto Lavanderia Branco<\/div><\/div><\/li>\n                <li style=\"display: none; width: 100%;\" class=\"slide-5305 ms-image\"><a href=\"https:\/\/www.mobly.com.br\/armario-aldebaran-2-pt-branco-12359.html\" target=\"_blank\"><img loading=\"lazy\" decoding=\"async\" src=\"https:\/\/www.mobly.com.br\/blog\/wp-content\/uploads\/2019\/04\/armario-aldebaran-2-pt-branco-12359-240x240.jpg\" height=\"240\" width=\"240\" alt=\"\" class=\"slider-5291 slide-5305\" title=\"armario-aldebaran-2-pt-branco-12359\" \/><\/a><div class=\"caption-wrap\"><div class=\"caption\">Arm\u00e1rio Aldebaran 2 PT Branco<\/div><\/div><\/li>\n                <li style=\"display: none; width: 100%;\" class=\"slide-5306 ms-image\"><a href=\"https:\/\/www.mobly.com.br\/armario-clothes-2-pt-3-gv-branco-e-espresso-484958.html\" target=\"_blank\"><img loading=\"lazy\" decoding=\"async\" src=\"https:\/\/www.mobly.com.br\/blog\/wp-content\/uploads\/2019\/04\/armario-clothes-2-pt-3-gv-branco-e-espresso-484958-240x240.jpg\" height=\"240\" width=\"240\" alt=\"\" class=\"slider-5291 slide-5306\" title=\"armario-clothes-2-pt-3-gv-branco-e-espresso-484958\" \/><\/a><div class=\"caption-wrap\"><div class=\"caption\">Arm\u00e1rio Clothes 2 PT 3 GV Branco e Espresso\n<\/div><\/div><\/li>\n                <li style=\"display: none; width: 100%;\" class=\"slide-5303 ms-image\"><a href=\"https:\/\/www.mobly.com.br\/armario-multiuso-com-tabua-de-passar-florence-1-pt-branco-new-584332.html\" target=\"_blank\"><img loading=\"lazy\" decoding=\"async\" src=\"https:\/\/www.mobly.com.br\/blog\/wp-content\/uploads\/2019\/04\/armario-multiuso-com-tabua-de-passar-florence-1-pt-branco-new-584332-240x240.jpg\" height=\"240\" width=\"240\" alt=\"\" class=\"slider-5291 slide-5303\" title=\"armario-multiuso-com-tabua-de-passar-florence-1-pt-branco-new-584332\" \/><\/a><div class=\"caption-wrap\"><div class=\"caption\">https:\/\/www.mobly.com.br\/armario-multiuso-com-tabua-de-passar-florence-1-pt-branco-new-584332.html<\/div><\/div><\/li>\n                <li style=\"display: none; width: 100%;\" class=\"slide-5307 ms-image\"><a href=\"https:\/\/www.mobly.com.br\/armario-multiuso-vale-1-pt-preto-537746.html\" target=\"_self\"><img loading=\"lazy\" decoding=\"async\" src=\"https:\/\/www.mobly.com.br\/blog\/wp-content\/uploads\/2019\/04\/armario-multiuso-vale-1-pt-preto-537746-240x240.jpg\" height=\"240\" width=\"240\" alt=\"\" class=\"slider-5291 slide-5307\" title=\"armario-multiuso-vale-1-pt-preto-537746\" \/><\/a><div class=\"caption-wrap\"><div class=\"caption\">Arm\u00e1rio Multi\u00faso Vale 1 PT Preto\n<\/div><\/div><\/li>\n                <li style=\"display: none; width: 100%;\" class=\"slide-5304 ms-image\"><a href=\"https:\/\/www.mobly.com.br\/armario-multiuso-elite-branco-254514.html\" target=\"_blank\"><img loading=\"lazy\" decoding=\"async\" src=\"https:\/\/www.mobly.com.br\/blog\/wp-content\/uploads\/2019\/04\/armario-multiuso-elite-branco-254514-240x240.jpg\" height=\"240\" width=\"240\" alt=\"\" class=\"slider-5291 slide-5304\" title=\"armario-multiuso-elite-branco-254514\" \/><\/a><div class=\"caption-wrap\"><div class=\"caption\">Arm\u00e1rio Multi\u00faso Elite<\/div><\/div><\/li>\n                <li style=\"display: none; width: 100%;\" class=\"slide-5302 ms-image\"><a href=\"https:\/\/www.mobly.com.br\/armario-multiuso-com-tabua-de-passar-roupa-veneza-2-pt-branco-552434.html\" target=\"_blank\"><img loading=\"lazy\" decoding=\"async\" src=\"https:\/\/www.mobly.com.br\/blog\/wp-content\/uploads\/2019\/04\/armario-multiuso-com-tabua-de-passar-roupa-veneza-2-pt-branco-552434-240x240.jpg\" height=\"240\" width=\"240\" alt=\"\" class=\"slider-5291 slide-5302\" title=\"armario-multiuso-com-tabua-de-passar-roupa-veneza-2-pt-branco-552434\" \/><\/a><div class=\"caption-wrap\"><div class=\"caption\">Arm\u00e1rio Multi\u00faso com T\u00e1bua de Passar Roupa Veneza<\/div><\/div><\/li>\n            <\/ul>\n        <\/div>\n        \n    <\/div>\n<\/div>\n<p>&nbsp;<\/p>\n<h2>Aposte em prateleiras<\/h2>\n<p>As prateleiras s\u00e3o itens bastante funcionais para tornar a rotina na sua \u00e1rea de servi\u00e7o mais pr\u00e1tica e organizada. Voc\u00ea pode utiliz\u00e1-las\u00a0 para armazenar os produtos mais usados.<\/p>\n<p>Ah, e n\u00e3o esque\u00e7a de guardar em um local mais alto aqueles produtos que oferecem riscos para as crian\u00e7as.<\/p>\n<div id=\"attachment_5286\" style=\"width: 1034px\" class=\"wp-caption alignnone\"><img loading=\"lazy\" decoding=\"async\" aria-describedby=\"caption-attachment-5286\" class=\"wp-image-5286 size-full\" src=\"https:\/\/blog.mobly.com.br\/wp-content\/uploads\/2019\/05\/otimizar-organizar-area-de-servico-10.jpg\" alt=\"\" width=\"1024\" height=\"538\" srcset=\"https:\/\/www.mobly.com.br\/blog\/wp-content\/uploads\/2019\/05\/otimizar-organizar-area-de-servico-10.jpg 1024w, https:\/\/www.mobly.com.br\/blog\/wp-content\/uploads\/2019\/05\/otimizar-organizar-area-de-servico-10-300x158.jpg 300w, https:\/\/www.mobly.com.br\/blog\/wp-content\/uploads\/2019\/05\/otimizar-organizar-area-de-servico-10-768x404.jpg 768w\" sizes=\"auto, (max-width: 1024px) 100vw, 1024px\" \/><p id=\"caption-attachment-5286\" class=\"wp-caption-text\">Prateleiras podem ser aliadas na hora de organizar a \u00c1rea de Servi\u00e7o<\/p><\/div>\n<p>&nbsp;<\/p>\n<h2>Tenha cestos na sua \u00c1rea de Servi\u00e7o<\/h2>\n<p>Quando se trata de \u00c1rea de Servi\u00e7o, os cestos s\u00e3o grandes curingas! Eles podem ser usados tanto para armazenar a roupa suja acumulada quanto para dobrar e guardar a roupa limpa com <a href=\"https:\/\/www.mobly.com.br\/decoracao\/\" target=\"_blank\" rel=\"noopener\">organiza\u00e7\u00e3o<\/a>. E se voc\u00ea gosta deles, mas quer priorizar a decora\u00e7\u00e3o, saiba que h\u00e1 diversos tipos de cestos que s\u00e3o uns amores como os de fibra e de tecido com estampas geom\u00e9tricas, por exemplo. Enfim, s\u00e3o muitas op\u00e7\u00f5es.<\/p>\n<p>Voc\u00ea pode, inclusive, definir um dos cestos para servir de &#8220;achados e perdidos&#8221;, pois sabemos que \u00e9 muito comum que algumas pe\u00e7as se percam. Quem nunca perdeu o par de uma meia aqui?<\/p>\n<div id=\"attachment_5277\" style=\"width: 1034px\" class=\"wp-caption alignnone\"><img loading=\"lazy\" decoding=\"async\" aria-describedby=\"caption-attachment-5277\" class=\"wp-image-5277 size-full\" src=\"https:\/\/blog.mobly.com.br\/wp-content\/uploads\/2019\/05\/otimizar-organizar-area-de-servico-1.jpg\" alt=\"\" width=\"1024\" height=\"530\" srcset=\"https:\/\/www.mobly.com.br\/blog\/wp-content\/uploads\/2019\/05\/otimizar-organizar-area-de-servico-1.jpg 1024w, https:\/\/www.mobly.com.br\/blog\/wp-content\/uploads\/2019\/05\/otimizar-organizar-area-de-servico-1-300x155.jpg 300w, https:\/\/www.mobly.com.br\/blog\/wp-content\/uploads\/2019\/05\/otimizar-organizar-area-de-servico-1-768x398.jpg 768w\" sizes=\"auto, (max-width: 1024px) 100vw, 1024px\" \/><p id=\"caption-attachment-5277\" class=\"wp-caption-text\">Um certo de materiais naturais ajuda a dar aquele toque charmoso no ambiente, n\u00e9?<\/p><\/div>\n<p>&nbsp;<\/p>\n<div id=\"metaslider-id-5324\" style=\"width: 100%; margin: 0 auto;\" class=\"ml-slider-3-27-0 metaslider metaslider-flex metaslider-5324 ml-slider slider-sku-padrao ml-slider-lightbox-1-12-0 lightbox-disabled\">\n    <div id=\"metaslider_container_5324\">\n        <div id=\"metaslider_5324\" class=\"flexslider\">\n            <ul aria-live=\"polite\" class=\"slides\">\n                <li style=\"display: none; width: 100%;\" class=\"slide-5331 ms-image\"><a href=\"https:\/\/www.mobly.com.br\/cesto-para-roupas-organizador-lavanderia-47-litros-plastico-preto-574594.html\" target=\"_blank\"><img loading=\"lazy\" decoding=\"async\" src=\"https:\/\/www.mobly.com.br\/blog\/wp-content\/uploads\/2019\/05\/cesto-para-roupas-organizador-lavanderia-47-litros-plastico-preto-574594-240x240.jpg\" height=\"240\" width=\"240\" alt=\"\" class=\"slider-5324 slide-5331\" title=\"cesto-para-roupas-organizador-lavanderia-47-litros-plastico-preto-574594\" \/><\/a><div class=\"caption-wrap\"><div class=\"caption\">Cesto Para Roupas Organizador Lavanderia 47 Litros Pl\u00e1stico Preto\n<\/div><\/div><\/li>\n                <li style=\"display: none; width: 100%;\" class=\"slide-5332 ms-image\"><a href=\"https:\/\/www.mobly.com.br\/cesto-de-roupas-tramontina-com-tampa-preta-bella-em-aco-inox-65kg-298586.html\" target=\"_blank\"><img loading=\"lazy\" decoding=\"async\" src=\"https:\/\/www.mobly.com.br\/blog\/wp-content\/uploads\/2019\/05\/cesto-de-roupas-tramontina-com-tampa-preta-bella-em-aco-inox-65kg-298586-240x240.jpg\" height=\"240\" width=\"240\" alt=\"\" class=\"slider-5324 slide-5332\" title=\"cesto-de-roupas-tramontina-com-tampa-preta-bella-em-aco-inox-65kg-298586\" \/><\/a><div class=\"caption-wrap\"><div class=\"caption\">Cesto de Roupas Tramontina com Tampa Preta Bella em A\u00e7o Inox<\/div><\/div><\/li>\n                <li style=\"display: none; width: 100%;\" class=\"slide-5336 ms-image\"><a href=\"https:\/\/www.mobly.com.br\/cesto-de-roupas-artesanal-40x40x60cm-com-rodizios-fibra-sintetica-tipo-vime-junco-ratan-319462.html\" target=\"_blank\"><img loading=\"lazy\" decoding=\"async\" src=\"https:\/\/www.mobly.com.br\/blog\/wp-content\/uploads\/2019\/05\/cesto-de-roupas-artesanal-40x40x60cm-com-rodizios-fibra-sintetica-tipo-vime-junco-ratan-319462-240x240.jpg\" height=\"240\" width=\"240\" alt=\"\" class=\"slider-5324 slide-5336\" title=\"cesto-de-roupas-artesanal-40x40x60cm-com-rodizios-fibra-sintetica-tipo-vime-junco-ratan-319462\" \/><\/a><div class=\"caption-wrap\"><div class=\"caption\">Cesto de Roupas Artesanal com Rod\u00edzios Fibra Sintetica tipo Vime<\/div><\/div><\/li>\n                <li style=\"display: none; width: 100%;\" class=\"slide-5326 ms-image\"><a href=\"https:\/\/www.mobly.com.br\/cesto-para-roupas-retangular-ft2264-future-502027.html\" target=\"_blank\"><img loading=\"lazy\" decoding=\"async\" src=\"https:\/\/www.mobly.com.br\/blog\/wp-content\/uploads\/2019\/05\/esto-para-roupas-retangular-ft2264-future-502027-240x240.jpg\" height=\"240\" width=\"240\" alt=\"\" class=\"slider-5324 slide-5326\" title=\"esto-para-roupas-retangular-ft2264-future-502027\" \/><\/a><div class=\"caption-wrap\"><div class=\"caption\">Cesto Para Roupas Retangular<\/div><\/div><\/li>\n                <li style=\"display: none; width: 100%;\" class=\"slide-5334 ms-image\"><a href=\"https:\/\/www.mobly.com.br\/cesto-de-bambu-marrom-escuro-226981.html\" target=\"_blank\"><img loading=\"lazy\" decoding=\"async\" src=\"https:\/\/www.mobly.com.br\/blog\/wp-content\/uploads\/2019\/05\/cesto-de-bambu-marrom-escuro-226981-240x240.jpg\" height=\"240\" width=\"240\" alt=\"\" class=\"slider-5324 slide-5334\" title=\"cesto-de-bambu-marrom-escuro-226981\" \/><\/a><div class=\"caption-wrap\"><div class=\"caption\">Cesto de Bambu Marrom Escuro<\/div><\/div><\/li>\n                <li style=\"display: none; width: 100%;\" class=\"slide-5327 ms-image\"><a href=\"https:\/\/www.mobly.com.br\/cesto-de-roupas-tramontina-com-tampa-branca-bella-em-aco-inox-35kg-298493.html\" target=\"_blank\"><img loading=\"lazy\" decoding=\"async\" src=\"https:\/\/www.mobly.com.br\/blog\/wp-content\/uploads\/2019\/05\/cesto-de-roupas-tramontina-com-tampa-branca-bella-em-aco-inox-35kg-29849-240x240.jpg\" height=\"240\" width=\"240\" alt=\"\" class=\"slider-5324 slide-5327\" title=\"cesto-de-roupas-tramontina-com-tampa-branca-bella-em-aco-inox-35kg-29849\" \/><\/a><div class=\"caption-wrap\"><div class=\"caption\">Cesto de Roupas Tramontina com Tampa Branca Bella em A\u00e7o Inox <\/div><\/div><\/li>\n                <li style=\"display: none; width: 100%;\" class=\"slide-5328 ms-image\"><a href=\"https:\/\/www.mobly.com.br\/cesto-para-roupas-organizador-lavanderia-47-litros-plastico-branco-574598.html\" target=\"_blank\"><img loading=\"lazy\" decoding=\"async\" src=\"https:\/\/www.mobly.com.br\/blog\/wp-content\/uploads\/2019\/05\/esto-para-roupas-organizador-lavanderia-47-litros-plastico-branco-574598-240x240.jpg\" height=\"240\" width=\"240\" alt=\"\" class=\"slider-5324 slide-5328\" title=\"esto-para-roupas-organizador-lavanderia-47-litros-plastico-branco-574598\" \/><\/a><div class=\"caption-wrap\"><div class=\"caption\">Cesto Para Roupas Organizador Lavanderia 47 Litros Pl\u00e1stico Branco\n<\/div><\/div><\/li>\n                <li style=\"display: none; width: 100%;\" class=\"slide-5329 ms-image\"><a href=\"https:\/\/www.mobly.com.br\/cesto-telado-para-roupas-65-litros-173359.html\" target=\"_blank\"><img loading=\"lazy\" decoding=\"async\" src=\"https:\/\/www.mobly.com.br\/blog\/wp-content\/uploads\/2019\/05\/cesto-telado-para-roupas-65-litros-173359-240x240.jpg\" height=\"240\" width=\"240\" alt=\"\" class=\"slider-5324 slide-5329\" title=\"cesto-telado-para-roupas-65-litros-173359\" \/><\/a><div class=\"caption-wrap\"><div class=\"caption\">Cesto Telado Para Roupas 65 Litros\n<\/div><\/div><\/li>\n                <li style=\"display: none; width: 100%;\" class=\"slide-5330 ms-image\"><a href=\"https:\/\/www.mobly.com.br\/cesto-para-roupas-retangular-2265-future-502028.html\" target=\"_self\"><img loading=\"lazy\" decoding=\"async\" src=\"https:\/\/www.mobly.com.br\/blog\/wp-content\/uploads\/2019\/05\/cesto-para-roupas-retangular-2265-future-502028-240x240.jpg\" height=\"240\" width=\"240\" alt=\"\" class=\"slider-5324 slide-5330\" title=\"cesto-para-roupas-retangular-2265-future-502028\" \/><\/a><div class=\"caption-wrap\"><div class=\"caption\"> 2265 Future\nSKU: 480403\nEconomize 31%\nDe: 290,64\npor  198,26\n(economize 92,38)\nou em at\u00e9 3x de 66,09 sem juros\nComprar\n  Calcular frete e prazo\nCEP da entrega\n0 star rating\nFavoritos\n32 favoritaram\nFormas de\npagamento\nMarca: Future\n\nEste produto \u00e9 vendido e entregue por Hausshop\n\nTamanho\nDescri\u00e7\u00e3o\nAltura: 25 cm\nLargura: 42 cm\nProfundidade: 60 cm\nPeso: 2,000 kg\nVer mais detalhes do produto \n <\/div><\/div><\/li>\n                <li style=\"display: none; width: 100%;\" class=\"slide-5333 ms-image\"><a href=\"https:\/\/www.mobly.com.br\/cesto-de-roupas-roupeiro-grande-artesanal-em-fibra-sintetica-tipo-junco-vime-rattan-34x60x27-cm-319418.html\" target=\"_blank\"><img loading=\"lazy\" decoding=\"async\" src=\"https:\/\/www.mobly.com.br\/blog\/wp-content\/uploads\/2019\/05\/cesto-de-roupas-roupeiro-grande-artesanal-em-fibra-sintetica-tipo-junco-vime-rattan-34x60x27-cm-319418-240x240.jpg\" height=\"240\" width=\"240\" alt=\"\" class=\"slider-5324 slide-5333\" title=\"cesto-de-roupas-roupeiro-grande-artesanal-em-fibra-sintetica-tipo-junco-vime-rattan-34x60x27-cm-319418\" \/><\/a><div class=\"caption-wrap\"><div class=\"caption\">Cesto de Roupas Rattan <\/div><\/div><\/li>\n                <li style=\"display: none; width: 100%;\" class=\"slide-5335 ms-image\"><a href=\"https:\/\/www.mobly.com.br\/cesto-para-roupas-organizador-lavanderia-47-litros-plastico-azul-598348.html\" target=\"_blank\"><img loading=\"lazy\" decoding=\"async\" src=\"https:\/\/www.mobly.com.br\/blog\/wp-content\/uploads\/2019\/05\/cesto-para-roupas-organizador-lavanderia-47-litros-plastico-azul-598348-240x240.jpg\" height=\"240\" width=\"240\" alt=\"\" class=\"slider-5324 slide-5335\" title=\"cesto-para-roupas-organizador-lavanderia-47-litros-plastico-azul-598348\" \/><\/a><div class=\"caption-wrap\"><div class=\"caption\">Cesto Para Roupas Organizador Lavanderia 47 Litros Pl\u00e1stico Azul\n<\/div><\/div><\/li>\n            <\/ul>\n        <\/div>\n        \n    <\/div>\n<\/div>\n<p>&nbsp;<\/p>\n<h2>Ganchos adesivos<\/h2>\n<p>Para pendurar pequenos objetos como p\u00e1s, vassoura, esfreg\u00e3o, rodo, entre outros, voc\u00ea pode apostar em ganchos adesivos que al\u00e9m de serem encontrados em diversas cores e desenhos, t\u00eam a vantagem de n\u00e3o haver a necessidade de fazer furos na parede ou arm\u00e1rio.<\/p>\n<div id=\"attachment_5279\" style=\"width: 1034px\" class=\"wp-caption alignnone\"><img loading=\"lazy\" decoding=\"async\" aria-describedby=\"caption-attachment-5279\" class=\"wp-image-5279 size-full\" src=\"https:\/\/blog.mobly.com.br\/wp-content\/uploads\/2019\/05\/otimizar-organizar-area-de-servico-3.jpg\" alt=\"\" width=\"1024\" height=\"530\" srcset=\"https:\/\/www.mobly.com.br\/blog\/wp-content\/uploads\/2019\/05\/otimizar-organizar-area-de-servico-3.jpg 1024w, https:\/\/www.mobly.com.br\/blog\/wp-content\/uploads\/2019\/05\/otimizar-organizar-area-de-servico-3-300x155.jpg 300w, https:\/\/www.mobly.com.br\/blog\/wp-content\/uploads\/2019\/05\/otimizar-organizar-area-de-servico-3-768x398.jpg 768w\" sizes=\"auto, (max-width: 1024px) 100vw, 1024px\" \/><p id=\"caption-attachment-5279\" class=\"wp-caption-text\">Cabideiros tamb\u00e9m funcionam bem na \u00e1rea de servi\u00e7o. O que acha dessa alternativa?<\/p><\/div>\n<p>&nbsp;<\/p>\n<h2>Truque de mestre<\/h2>\n<p>Instale uma haste para pendurar aquelas roupas que amassam mais f\u00e1cil, como camisas e casacos mais delicados, assim voc\u00ea poder\u00e1 pendur\u00e1-las imediatamente ap\u00f3s a lavagem, fazendo com que o tecido fique lisinho.<\/p>\n<p>A decora\u00e7\u00e3o da \u00c1rea de Servi\u00e7o pode seguir a mesma linha do restante da casa, mas tamb\u00e9m n\u00e3o h\u00e1 problema algum em destoar e ousar um pouco.<\/p>\n<div id=\"attachment_5282\" style=\"width: 1034px\" class=\"wp-caption alignnone\"><img loading=\"lazy\" decoding=\"async\" aria-describedby=\"caption-attachment-5282\" class=\"wp-image-5282 size-full\" src=\"https:\/\/blog.mobly.com.br\/wp-content\/uploads\/2019\/05\/otimizar-organizar-area-de-servico-6.jpg\" alt=\"\" width=\"1024\" height=\"530\" srcset=\"https:\/\/www.mobly.com.br\/blog\/wp-content\/uploads\/2019\/05\/otimizar-organizar-area-de-servico-6.jpg 1024w, https:\/\/www.mobly.com.br\/blog\/wp-content\/uploads\/2019\/05\/otimizar-organizar-area-de-servico-6-300x155.jpg 300w, https:\/\/www.mobly.com.br\/blog\/wp-content\/uploads\/2019\/05\/otimizar-organizar-area-de-servico-6-768x398.jpg 768w\" sizes=\"auto, (max-width: 1024px) 100vw, 1024px\" \/><p id=\"caption-attachment-5282\" class=\"wp-caption-text\">Que tal uma alternativa para o varal comum?<\/p><\/div>\n<p>&nbsp;<\/p>\n<p>Para dar um plus neste ambiente, voc\u00ea pode colocar um papel de parede bacana, um arranjo de flores em um cantinho estrat\u00e9gico, caixas organizadoras, adesivo de parede e muitas outras op\u00e7\u00f5es. Que tal algumas fotos para se inspirar?<\/p>\n<p><strong>Conte\u00fado relacionado:<\/strong>\u00a0<a href=\"https:\/\/www.mobly.com.br\/blog\/inspiracoes\/cozinhas-para-se-inspirar\/\" target=\"_blank\" rel=\"noopener\">+23 cozinhas para se inspirar<\/a><\/p>\n<div id=\"attachment_5280\" style=\"width: 1034px\" class=\"wp-caption alignnone\"><img loading=\"lazy\" decoding=\"async\" aria-describedby=\"caption-attachment-5280\" class=\"wp-image-5280 size-full\" src=\"https:\/\/blog.mobly.com.br\/wp-content\/uploads\/2019\/05\/otimizar-organizar-area-de-servico-4.jpg\" alt=\"\" width=\"1024\" height=\"530\" srcset=\"https:\/\/www.mobly.com.br\/blog\/wp-content\/uploads\/2019\/05\/otimizar-organizar-area-de-servico-4.jpg 1024w, https:\/\/www.mobly.com.br\/blog\/wp-content\/uploads\/2019\/05\/otimizar-organizar-area-de-servico-4-300x155.jpg 300w, https:\/\/www.mobly.com.br\/blog\/wp-content\/uploads\/2019\/05\/otimizar-organizar-area-de-servico-4-768x398.jpg 768w\" sizes=\"auto, (max-width: 1024px) 100vw, 1024px\" \/><p id=\"caption-attachment-5280\" class=\"wp-caption-text\">A \u00e1rea externa pode ser uma extens\u00e3o da \u00e1rea de servi\u00e7o, assim voc\u00ea consegue aproveitar a circula\u00e7\u00e3o de ar para secar suas roupas.<\/p><\/div>\n<p>&nbsp;<\/p>\n<div id=\"attachment_5278\" style=\"width: 1034px\" class=\"wp-caption alignnone\"><img loading=\"lazy\" decoding=\"async\" aria-describedby=\"caption-attachment-5278\" class=\"wp-image-5278 size-full\" src=\"https:\/\/blog.mobly.com.br\/wp-content\/uploads\/2019\/05\/otimizar-organizar-area-de-servico-2.jpg\" alt=\"\" width=\"1024\" height=\"530\" srcset=\"https:\/\/www.mobly.com.br\/blog\/wp-content\/uploads\/2019\/05\/otimizar-organizar-area-de-servico-2.jpg 1024w, https:\/\/www.mobly.com.br\/blog\/wp-content\/uploads\/2019\/05\/otimizar-organizar-area-de-servico-2-300x155.jpg 300w, https:\/\/www.mobly.com.br\/blog\/wp-content\/uploads\/2019\/05\/otimizar-organizar-area-de-servico-2-768x398.jpg 768w\" sizes=\"auto, (max-width: 1024px) 100vw, 1024px\" \/><p id=\"caption-attachment-5278\" class=\"wp-caption-text\">J\u00e1 pensou em apostar em azulejos diferentes para dar aquele clima diferente no ambiente?<\/p><\/div>\n<p>&nbsp;<\/p>\n<div id=\"attachment_5281\" style=\"width: 1034px\" class=\"wp-caption alignnone\"><img loading=\"lazy\" decoding=\"async\" aria-describedby=\"caption-attachment-5281\" class=\"wp-image-5281 size-full\" src=\"https:\/\/blog.mobly.com.br\/wp-content\/uploads\/2019\/05\/otimizar-organizar-area-de-servico-5.jpg\" alt=\"\" width=\"1024\" height=\"530\" srcset=\"https:\/\/www.mobly.com.br\/blog\/wp-content\/uploads\/2019\/05\/otimizar-organizar-area-de-servico-5.jpg 1024w, https:\/\/www.mobly.com.br\/blog\/wp-content\/uploads\/2019\/05\/otimizar-organizar-area-de-servico-5-300x155.jpg 300w, https:\/\/www.mobly.com.br\/blog\/wp-content\/uploads\/2019\/05\/otimizar-organizar-area-de-servico-5-768x398.jpg 768w\" sizes=\"auto, (max-width: 1024px) 100vw, 1024px\" \/><p id=\"caption-attachment-5281\" class=\"wp-caption-text\">Cores fortes e marcantes n\u00e3o precisam ser exclusividade de outros c\u00f4modos. Por que n\u00e3o abusar da combina\u00e7\u00e3o amarelo e preto?<\/p><\/div>\n<p>&nbsp;<\/p>\n<div id=\"attachment_5284\" style=\"width: 1034px\" class=\"wp-caption alignnone\"><img loading=\"lazy\" decoding=\"async\" aria-describedby=\"caption-attachment-5284\" class=\"wp-image-5284 size-full\" src=\"https:\/\/blog.mobly.com.br\/wp-content\/uploads\/2019\/05\/otimizar-organizar-area-de-servico-8.jpg\" alt=\"\" width=\"1024\" height=\"530\" srcset=\"https:\/\/www.mobly.com.br\/blog\/wp-content\/uploads\/2019\/05\/otimizar-organizar-area-de-servico-8.jpg 1024w, https:\/\/www.mobly.com.br\/blog\/wp-content\/uploads\/2019\/05\/otimizar-organizar-area-de-servico-8-300x155.jpg 300w, https:\/\/www.mobly.com.br\/blog\/wp-content\/uploads\/2019\/05\/otimizar-organizar-area-de-servico-8-768x398.jpg 768w\" sizes=\"auto, (max-width: 1024px) 100vw, 1024px\" \/><p id=\"caption-attachment-5284\" class=\"wp-caption-text\">Combinar tons claros com papel de parede arrojado \u00e9 uma maneira especial de personalizar sua \u00e1rea externa.<\/p><\/div>\n<button class=\"simplefavorite-button has-count loading\" data-postid=\"5265\" data-siteid=\"1\" data-groupid=\"1\" data-favoritecount=\"2\" style=\"\">Carregando...<span class=\"sf-icon-spinner-wrapper\"><i class=\"sf-icon-spinner\"><\/i><\/span><\/button>","protected":false},"excerpt":{"rendered":"<p>Pode at\u00e9 ser que voc\u00ea n\u00e3o concorde, mas a \u00c1rea de Servi\u00e7o \u00e9 um dos ambientes mais importantes de uma casa. Infelizmente, ela n\u00e3o recebe toda a aten\u00e7\u00e3o que merece na grande maioria das vezes. Talvez voc\u00ea esteja se perguntando agora: por que este espa\u00e7o \u00e9 t\u00e3o importante afinal? E eu digo que a resposta \u00e9 simples: \u00e9 por este ambiente que passa toda a organiza\u00e7\u00e3o da casa e \u00e9 por essa raz\u00e3o que ele deve ser bem decorado e receber cuidados para que seja bem aproveitado. Quer ter um cuidado maior com essa parte da casa, priorizando a organiza\u00e7\u00e3o e a decora\u00e7\u00e3o? Preparei algumas dicas bem bacanas para tornar o espa\u00e7o mais agrad\u00e1vel e otimizado, olha s\u00f3: Considere contratar um personal organizer O personal organizer atua na organiza\u00e7\u00e3o de ambientes e at\u00e9 mesmo na organiza\u00e7\u00e3o do seu dia a dia se preciso for. E n\u00f3s sabemos que a \u00c1rea de Servi\u00e7o pode se tornar uma verdadeira bagun\u00e7a, pois \u00e9 ali que ficam todos os objetos e produtos indispens\u00e1veis para a limpeza da casa. Por isso, contar com um help deste profissional pode melhorar bastante o espa\u00e7o. &nbsp; &nbsp; Aposte em prateleiras As prateleiras s\u00e3o itens bastante funcionais para tornar [&hellip;]<\/p>\n","protected":false},"author":15,"featured_media":5277,"comment_status":"open","ping_status":"open","sticky":false,"template":"","format":"standard","meta":{"extendify_custom_stylesheet":"","_mi_skip_tracking":false,"_monsterinsights_skip_tracking":false,"_monsterinsights_sitenote_active":false,"_monsterinsights_sitenote_note":"","_monsterinsights_sitenote_category":0,"footnotes":""},"categories":[248,10],"tags":[251,249,15,250,122],"class_list":["post-5265","post","type-post","status-publish","format-standard","has-post-thumbnail","hentry","category-area-de-servico","category-dicas","tag-area-de-servico","tag-como-decorar","tag-dicas","tag-lavanderia","tag-organizacao"],"yoast_head":"<!-- This site is optimized with the Yoast SEO plugin v24.9 - https:\/\/yoast.com\/wordpress\/plugins\/seo\/ -->\n<title>\u00c1rea de Servi\u00e7o: Como Decorar e Otimizar | Blog da Mobly<\/title>\n<meta name=\"description\" content=\"Sua \u00e1rea de servi\u00e7o n\u00e3o precisa ser um espa\u00e7o sem gra\u00e7a! Que tal algumas dicas de como organizar e deixar o ambiente muito mais convidativo.\" \/>\n<meta name=\"robots\" content=\"index, follow, max-snippet:-1, max-image-preview:large, max-video-preview:-1\" \/>\n<link rel=\"canonical\" href=\"https:\/\/www.mobly.com.br\/blog\/dicas\/decoracao-organizacao-area-de-servico\/\" \/>\n<meta property=\"og:locale\" content=\"pt_BR\" \/>\n<meta property=\"og:type\" content=\"article\" \/>\n<meta property=\"og:title\" content=\"\u00c1rea de Servi\u00e7o: Como Decorar e Otimizar | Blog da Mobly\" \/>\n<meta property=\"og:description\" content=\"Sua \u00e1rea de servi\u00e7o n\u00e3o precisa ser um espa\u00e7o sem gra\u00e7a! Que tal algumas dicas de como organizar e deixar o ambiente muito mais convidativo.\" \/>\n<meta property=\"og:url\" content=\"https:\/\/www.mobly.com.br\/blog\/dicas\/decoracao-organizacao-area-de-servico\/\" \/>\n<meta property=\"og:site_name\" content=\"Blog da Mobly\" \/>\n<meta property=\"article:published_time\" content=\"2019-05-13T11:12:30+00:00\" \/>\n<meta property=\"article:modified_time\" content=\"2019-05-29T21:46:25+00:00\" \/>\n<meta property=\"og:image\" content=\"https:\/\/blog.mobly.com.br\/wp-content\/uploads\/2019\/05\/otimizar-organizar-area-de-servico-1.jpg\" \/>\n\t<meta property=\"og:image:width\" content=\"1024\" \/>\n\t<meta property=\"og:image:height\" content=\"530\" \/>\n\t<meta property=\"og:image:type\" content=\"image\/jpeg\" \/>\n<meta name=\"author\" content=\"Shae Campos\" \/>\n<meta name=\"twitter:card\" content=\"summary_large_image\" \/>\n<meta name=\"twitter:label1\" content=\"Escrito por\" \/>\n\t<meta name=\"twitter:data1\" content=\"Shae Campos\" \/>\n\t<meta name=\"twitter:label2\" content=\"Est. tempo de leitura\" \/>\n\t<meta name=\"twitter:data2\" content=\"4 minutos\" \/>\n<script type=\"application\/ld+json\" class=\"yoast-schema-graph\">{\"@context\":\"https:\/\/schema.org\",\"@graph\":[{\"@type\":\"WebPage\",\"@id\":\"https:\/\/www.mobly.com.br\/blog\/dicas\/decoracao-organizacao-area-de-servico\/\",\"url\":\"https:\/\/www.mobly.com.br\/blog\/dicas\/decoracao-organizacao-area-de-servico\/\",\"name\":\"\u00c1rea de Servi\u00e7o: Como Decorar e Otimizar | Blog da Mobly\",\"isPartOf\":{\"@id\":\"https:\/\/www.mobly.com.br\/blog\/#website\"},\"primaryImageOfPage\":{\"@id\":\"https:\/\/www.mobly.com.br\/blog\/dicas\/decoracao-organizacao-area-de-servico\/#primaryimage\"},\"image\":{\"@id\":\"https:\/\/www.mobly.com.br\/blog\/dicas\/decoracao-organizacao-area-de-servico\/#primaryimage\"},\"thumbnailUrl\":\"https:\/\/www.mobly.com.br\/blog\/wp-content\/uploads\/2019\/05\/otimizar-organizar-area-de-servico-1.jpg\",\"datePublished\":\"2019-05-13T11:12:30+00:00\",\"dateModified\":\"2019-05-29T21:46:25+00:00\",\"author\":{\"@id\":\"https:\/\/www.mobly.com.br\/blog\/#\/schema\/person\/fb3789c42716e41b872917b943ced344\"},\"description\":\"Sua \u00e1rea de servi\u00e7o n\u00e3o precisa ser um espa\u00e7o sem gra\u00e7a! Que tal algumas dicas de como organizar e deixar o ambiente muito mais convidativo.\",\"breadcrumb\":{\"@id\":\"https:\/\/www.mobly.com.br\/blog\/dicas\/decoracao-organizacao-area-de-servico\/#breadcrumb\"},\"inLanguage\":\"pt-BR\",\"potentialAction\":[{\"@type\":\"ReadAction\",\"target\":[\"https:\/\/www.mobly.com.br\/blog\/dicas\/decoracao-organizacao-area-de-servico\/\"]}]},{\"@type\":\"ImageObject\",\"inLanguage\":\"pt-BR\",\"@id\":\"https:\/\/www.mobly.com.br\/blog\/dicas\/decoracao-organizacao-area-de-servico\/#primaryimage\",\"url\":\"https:\/\/www.mobly.com.br\/blog\/wp-content\/uploads\/2019\/05\/otimizar-organizar-area-de-servico-1.jpg\",\"contentUrl\":\"https:\/\/www.mobly.com.br\/blog\/wp-content\/uploads\/2019\/05\/otimizar-organizar-area-de-servico-1.jpg\",\"width\":\"1024\",\"height\":\"530\"},{\"@type\":\"BreadcrumbList\",\"@id\":\"https:\/\/www.mobly.com.br\/blog\/dicas\/decoracao-organizacao-area-de-servico\/#breadcrumb\",\"itemListElement\":[{\"@type\":\"ListItem\",\"position\":1,\"name\":\"Home\",\"item\":\"https:\/\/www.mobly.com.br\/blog\/\"},{\"@type\":\"ListItem\",\"position\":2,\"name\":\"Dicas\",\"item\":\"https:\/\/www.mobly.com.br\/blog\/dicas\/\"},{\"@type\":\"ListItem\",\"position\":3,\"name\":\"\u00c1rea de Servi\u00e7o: Como Decorar e Otimizar &#8211; Dicas para Voc\u00ea Fazer\"}]},{\"@type\":\"WebSite\",\"@id\":\"https:\/\/www.mobly.com.br\/blog\/#website\",\"url\":\"https:\/\/www.mobly.com.br\/blog\/\",\"name\":\"Blog da Mobly\",\"description\":\"Dicas de Decora\u00e7\u00e3o, Inspira\u00e7\u00f5es e Mais\",\"potentialAction\":[{\"@type\":\"SearchAction\",\"target\":{\"@type\":\"EntryPoint\",\"urlTemplate\":\"https:\/\/www.mobly.com.br\/blog\/?s={search_term_string}\"},\"query-input\":{\"@type\":\"PropertyValueSpecification\",\"valueRequired\":true,\"valueName\":\"search_term_string\"}}],\"inLanguage\":\"pt-BR\"},{\"@type\":\"Person\",\"@id\":\"https:\/\/www.mobly.com.br\/blog\/#\/schema\/person\/fb3789c42716e41b872917b943ced344\",\"name\":\"Shae Campos\",\"image\":{\"@type\":\"ImageObject\",\"inLanguage\":\"pt-BR\",\"@id\":\"https:\/\/www.mobly.com.br\/blog\/#\/schema\/person\/image\/\",\"url\":\"https:\/\/secure.gravatar.com\/avatar\/ec56e8b0e53ccf2bb6ce733a6704d19d?s=96&d=mm&r=g\",\"contentUrl\":\"https:\/\/secure.gravatar.com\/avatar\/ec56e8b0e53ccf2bb6ce733a6704d19d?s=96&d=mm&r=g\",\"caption\":\"Shae Campos\"},\"description\":\"Desing de Interiores, especialista em Home Staging e autora do Guia do Encantamento e do Guia de Home Staging. Apaixonada por transformar espa\u00e7os frios e sem vida em lares que encantam.\",\"url\":\"https:\/\/www.mobly.com.br\/blog\/author\/shae-campos\/\"}]}<\/script>\n<!-- \/ Yoast SEO plugin. -->","yoast_head_json":{"title":"\u00c1rea de Servi\u00e7o: Como Decorar e Otimizar | Blog da Mobly","description":"Sua \u00e1rea de servi\u00e7o n\u00e3o precisa ser um espa\u00e7o sem gra\u00e7a! Que tal algumas dicas de como organizar e deixar o ambiente muito mais convidativo.","robots":{"index":"index","follow":"follow","max-snippet":"max-snippet:-1","max-image-preview":"max-image-preview:large","max-video-preview":"max-video-preview:-1"},"canonical":"https:\/\/www.mobly.com.br\/blog\/dicas\/decoracao-organizacao-area-de-servico\/","og_locale":"pt_BR","og_type":"article","og_title":"\u00c1rea de Servi\u00e7o: Como Decorar e Otimizar | Blog da Mobly","og_description":"Sua \u00e1rea de servi\u00e7o n\u00e3o precisa ser um espa\u00e7o sem gra\u00e7a! Que tal algumas dicas de como organizar e deixar o ambiente muito mais convidativo.","og_url":"https:\/\/www.mobly.com.br\/blog\/dicas\/decoracao-organizacao-area-de-servico\/","og_site_name":"Blog da Mobly","article_published_time":"2019-05-13T11:12:30+00:00","article_modified_time":"2019-05-29T21:46:25+00:00","og_image":[{"width":1024,"height":530,"url":"https:\/\/blog.mobly.com.br\/wp-content\/uploads\/2019\/05\/otimizar-organizar-area-de-servico-1.jpg","type":"image\/jpeg"}],"author":"Shae Campos","twitter_card":"summary_large_image","twitter_misc":{"Escrito por":"Shae Campos","Est. tempo de leitura":"4 minutos"},"schema":{"@context":"https:\/\/schema.org","@graph":[{"@type":"WebPage","@id":"https:\/\/www.mobly.com.br\/blog\/dicas\/decoracao-organizacao-area-de-servico\/","url":"https:\/\/www.mobly.com.br\/blog\/dicas\/decoracao-organizacao-area-de-servico\/","name":"\u00c1rea de Servi\u00e7o: Como Decorar e Otimizar | Blog da Mobly","isPartOf":{"@id":"https:\/\/www.mobly.com.br\/blog\/#website"},"primaryImageOfPage":{"@id":"https:\/\/www.mobly.com.br\/blog\/dicas\/decoracao-organizacao-area-de-servico\/#primaryimage"},"image":{"@id":"https:\/\/www.mobly.com.br\/blog\/dicas\/decoracao-organizacao-area-de-servico\/#primaryimage"},"thumbnailUrl":"https:\/\/www.mobly.com.br\/blog\/wp-content\/uploads\/2019\/05\/otimizar-organizar-area-de-servico-1.jpg","datePublished":"2019-05-13T11:12:30+00:00","dateModified":"2019-05-29T21:46:25+00:00","author":{"@id":"https:\/\/www.mobly.com.br\/blog\/#\/schema\/person\/fb3789c42716e41b872917b943ced344"},"description":"Sua \u00e1rea de servi\u00e7o n\u00e3o precisa ser um espa\u00e7o sem gra\u00e7a! Que tal algumas dicas de como organizar e deixar o ambiente muito mais convidativo.","breadcrumb":{"@id":"https:\/\/www.mobly.com.br\/blog\/dicas\/decoracao-organizacao-area-de-servico\/#breadcrumb"},"inLanguage":"pt-BR","potentialAction":[{"@type":"ReadAction","target":["https:\/\/www.mobly.com.br\/blog\/dicas\/decoracao-organizacao-area-de-servico\/"]}]},{"@type":"ImageObject","inLanguage":"pt-BR","@id":"https:\/\/www.mobly.com.br\/blog\/dicas\/decoracao-organizacao-area-de-servico\/#primaryimage","url":"https:\/\/www.mobly.com.br\/blog\/wp-content\/uploads\/2019\/05\/otimizar-organizar-area-de-servico-1.jpg","contentUrl":"https:\/\/www.mobly.com.br\/blog\/wp-content\/uploads\/2019\/05\/otimizar-organizar-area-de-servico-1.jpg","width":"1024","height":"530"},{"@type":"BreadcrumbList","@id":"https:\/\/www.mobly.com.br\/blog\/dicas\/decoracao-organizacao-area-de-servico\/#breadcrumb","itemListElement":[{"@type":"ListItem","position":1,"name":"Home","item":"https:\/\/www.mobly.com.br\/blog\/"},{"@type":"ListItem","position":2,"name":"Dicas","item":"https:\/\/www.mobly.com.br\/blog\/dicas\/"},{"@type":"ListItem","position":3,"name":"\u00c1rea de Servi\u00e7o: Como Decorar e Otimizar &#8211; Dicas para Voc\u00ea Fazer"}]},{"@type":"WebSite","@id":"https:\/\/www.mobly.com.br\/blog\/#website","url":"https:\/\/www.mobly.com.br\/blog\/","name":"Blog da Mobly","description":"Dicas de Decora\u00e7\u00e3o, Inspira\u00e7\u00f5es e Mais","potentialAction":[{"@type":"SearchAction","target":{"@type":"EntryPoint","urlTemplate":"https:\/\/www.mobly.com.br\/blog\/?s={search_term_string}"},"query-input":{"@type":"PropertyValueSpecification","valueRequired":true,"valueName":"search_term_string"}}],"inLanguage":"pt-BR"},{"@type":"Person","@id":"https:\/\/www.mobly.com.br\/blog\/#\/schema\/person\/fb3789c42716e41b872917b943ced344","name":"Shae Campos","image":{"@type":"ImageObject","inLanguage":"pt-BR","@id":"https:\/\/www.mobly.com.br\/blog\/#\/schema\/person\/image\/","url":"https:\/\/secure.gravatar.com\/avatar\/ec56e8b0e53ccf2bb6ce733a6704d19d?s=96&d=mm&r=g","contentUrl":"https:\/\/secure.gravatar.com\/avatar\/ec56e8b0e53ccf2bb6ce733a6704d19d?s=96&d=mm&r=g","caption":"Shae Campos"},"description":"Desing de Interiores, especialista em Home Staging e autora do Guia do Encantamento e do Guia de Home Staging. Apaixonada por transformar espa\u00e7os frios e sem vida em lares que encantam.","url":"https:\/\/www.mobly.com.br\/blog\/author\/shae-campos\/"}]}},"_links":{"self":[{"href":"https:\/\/www.mobly.com.br\/blog\/wp-json\/wp\/v2\/posts\/5265","targetHints":{"allow":["GET"]}}],"collection":[{"href":"https:\/\/www.mobly.com.br\/blog\/wp-json\/wp\/v2\/posts"}],"about":[{"href":"https:\/\/www.mobly.com.br\/blog\/wp-json\/wp\/v2\/types\/post"}],"author":[{"embeddable":true,"href":"https:\/\/www.mobly.com.br\/blog\/wp-json\/wp\/v2\/users\/15"}],"replies":[{"embeddable":true,"href":"https:\/\/www.mobly.com.br\/blog\/wp-json\/wp\/v2\/comments?post=5265"}],"version-history":[{"count":12,"href":"https:\/\/www.mobly.com.br\/blog\/wp-json\/wp\/v2\/posts\/5265\/revisions"}],"predecessor-version":[{"id":5668,"href":"https:\/\/www.mobly.com.br\/blog\/wp-json\/wp\/v2\/posts\/5265\/revisions\/5668"}],"wp:featuredmedia":[{"embeddable":true,"href":"https:\/\/www.mobly.com.br\/blog\/wp-json\/wp\/v2\/media\/5277"}],"wp:attachment":[{"href":"https:\/\/www.mobly.com.br\/blog\/wp-json\/wp\/v2\/media?parent=5265"}],"wp:term":[{"taxonomy":"category","embeddable":true,"href":"https:\/\/www.mobly.com.br\/blog\/wp-json\/wp\/v2\/categories?post=5265"},{"taxonomy":"post_tag","embeddable":true,"href":"https:\/\/www.mobly.com.br\/blog\/wp-json\/wp\/v2\/tags?post=5265"}],"curies":[{"name":"wp","href":"https:\/\/api.w.org\/{rel}","templated":true}]}}