{"id":3063,"date":"2026-07-16T09:00:00","date_gmt":"2026-07-16T12:00:00","guid":{"rendered":"https:\/\/www.mobly.com.br\/blog\/?p=3063"},"modified":"2026-07-15T11:27:03","modified_gmt":"2026-07-15T14:27:03","slug":"presente-dia-dos-pais","status":"publish","type":"post","link":"https:\/\/www.mobly.com.br\/blog\/datas-especiais\/presente-dia-dos-pais\/","title":{"rendered":"Presente Dia dos Pais: qual \u00e9 a op\u00e7\u00e3o ideal para o seu?"},"content":{"rendered":"\n<p>Est\u00e1 chegando o dia do nosso her\u00f3i sem capa, da pessoa que nos ensina as coisas boas da vida, dos bra\u00e7os que podemos correr quando precisarmos\u2026 est\u00e1 chegando o Dia dos Pais. Voc\u00ea j\u00e1 come\u00e7ou a pensar em qual <strong>presente Dia dos Pais<\/strong> ir\u00e1 comprar para ele? N\u00e3o? Ent\u00e3o vem com a gente descobrir algumas op\u00e7\u00f5es que v\u00e3o agradar diversos estilos de papais!<\/p>\n\n\n\n<h2 class=\"wp-block-heading\">Pai tradicional que ama um conforto<\/h2>\n\n\n\n<figure class=\"wp-block-image size-full\"><img loading=\"lazy\" decoding=\"async\" width=\"792\" height=\"489\" src=\"https:\/\/www.mobly.com.br\/blog\/wp-content\/uploads\/2026\/07\/o-que-dar-de-presente-no-dia-dos-pais.jpg\" alt=\"o que dar de presente no dia dos pais, entre as ideias duas poltronas para o pais poder relaxar e ler com conforto em um ambiente com duas poltronas, tapete, mesas de apoio e uma pequena estante.\" class=\"wp-image-22409\" srcset=\"https:\/\/www.mobly.com.br\/blog\/wp-content\/uploads\/2026\/07\/o-que-dar-de-presente-no-dia-dos-pais.jpg 792w, https:\/\/www.mobly.com.br\/blog\/wp-content\/uploads\/2026\/07\/o-que-dar-de-presente-no-dia-dos-pais-512x316.jpg 512w, https:\/\/www.mobly.com.br\/blog\/wp-content\/uploads\/2026\/07\/o-que-dar-de-presente-no-dia-dos-pais-768x474.jpg 768w, https:\/\/www.mobly.com.br\/blog\/wp-content\/uploads\/2026\/07\/o-que-dar-de-presente-no-dia-dos-pais-150x93.jpg 150w\" sizes=\"auto, (max-width: 792px) 100vw, 792px\" \/><\/figure>\n\n\n\n<p>Se seu pai n\u00e3o abre m\u00e3o de ler um livro ou assistir TV sentado em uma <a href=\"https:\/\/www.mobly.com.br\/moveis\/poltronas-sala?utm_source=blog&amp;utm_medium=link&amp;utm_campaign=post_comemorar_NA_presente-dia-dos-pais\">poltrona<\/a> bem confort\u00e1vel, ele se encaixa muito bem no Pai Tradicional. O que realmente importa para esse paiz\u00e3o \u00e9 desfrutar dos momentos em fam\u00edlia com muito aconchego e tranquilidade.<\/p>\n\n\n\n<p>Pensando nisso, entre as <strong>ideias de presente Dia dos Pais<\/strong>, a dica \u00e9 pensar em algo que intensifique esse conforto. N\u00e3o h\u00e1 presente que combine melhor do que uma poltrona mega confort\u00e1vel Sabe aquelas que s\u00e3o reclin\u00e1veis e ainda possuem um apoio para os p\u00e9s? Ent\u00e3o!<\/p>\n\n\n\n<p>Voc\u00ea ainda pode completar o presente com alguns livros novos ou at\u00e9 mesmo com os filmes preferidos do seu coroa. Que tal aproveitar o Dia dos Pais e fazer uma <a href=\"https:\/\/www.mobly.com.br\/blog\/dicas\/cinema-em-casa-dicas-para-transformar-sua-sala\/\">sess\u00e3o pipoca em casa<\/a> com ele?<\/p>\n\n\n\n<h2 class=\"wp-block-heading\">Pai gourmet, o chef de cozinha<\/h2>\n\n\n\n<figure class=\"wp-block-image size-full\"><img loading=\"lazy\" decoding=\"async\" width=\"792\" height=\"489\" src=\"https:\/\/www.mobly.com.br\/blog\/wp-content\/uploads\/2026\/07\/presente-de-dia-dos-pais.jpg\" alt=\"presente de dia dos pais com op\u00e7\u00f5es para a cozinha em um ambiente com duas c\u00f4modas vazadas com diversas frutas e na outra pratos, ta\u00e7as e utens\u00edlios de cozinha.\" class=\"wp-image-22410\" srcset=\"https:\/\/www.mobly.com.br\/blog\/wp-content\/uploads\/2026\/07\/presente-de-dia-dos-pais.jpg 792w, https:\/\/www.mobly.com.br\/blog\/wp-content\/uploads\/2026\/07\/presente-de-dia-dos-pais-512x316.jpg 512w, https:\/\/www.mobly.com.br\/blog\/wp-content\/uploads\/2026\/07\/presente-de-dia-dos-pais-768x474.jpg 768w, https:\/\/www.mobly.com.br\/blog\/wp-content\/uploads\/2026\/07\/presente-de-dia-dos-pais-150x93.jpg 150w\" sizes=\"auto, (max-width: 792px) 100vw, 792px\" \/><\/figure>\n\n\n\n<p>O paiz\u00e3o gourmet \u00e9 aquele que surpreende na cozinha. Se ele tem um tempo sobrando, j\u00e1 corre para preparar novas receitas. E o resultado s\u00e3o pratos deliciosos acompanhados de \u00f3timas companhias e quem sabe at\u00e9 um bom vinho.<\/p>\n\n\n\n<p>Ent\u00e3o, para este estilo de pai, nossa dica \u00e9 escolher itens que n\u00e3o s\u00f3 facilitam a prepara\u00e7\u00e3o como tamb\u00e9m criem ambientes repletos de charme. Presente\u00e1-lo com uma <a href=\"https:\/\/www.mobly.com.br\/moveis\/carrinho-bar\">adega<\/a> pode ser uma op\u00e7\u00e3o. Mas voc\u00ea tamb\u00e9m pode optar por ta\u00e7as de vinhos, kits de facas ou convid\u00e1-lo para um jantar em algum restaurante que ele goste.<\/p>\n\n\n\n<h2 class=\"wp-block-heading\">Pai relax, calmo e tranquilo<\/h2>\n\n\n\n<figure class=\"wp-block-image size-full\"><img loading=\"lazy\" decoding=\"async\" width=\"792\" height=\"489\" src=\"https:\/\/www.mobly.com.br\/blog\/wp-content\/uploads\/2026\/07\/ideias-de-presente-dia-dos-pais.jpg\" alt=\"ideias de presente dia dos pais com o pai sentado em uma poltrona confort\u00e1vel cinza com pufe segurando um viol\u00e3o.\" class=\"wp-image-22408\" srcset=\"https:\/\/www.mobly.com.br\/blog\/wp-content\/uploads\/2026\/07\/ideias-de-presente-dia-dos-pais.jpg 792w, https:\/\/www.mobly.com.br\/blog\/wp-content\/uploads\/2026\/07\/ideias-de-presente-dia-dos-pais-512x316.jpg 512w, https:\/\/www.mobly.com.br\/blog\/wp-content\/uploads\/2026\/07\/ideias-de-presente-dia-dos-pais-768x474.jpg 768w, https:\/\/www.mobly.com.br\/blog\/wp-content\/uploads\/2026\/07\/ideias-de-presente-dia-dos-pais-150x93.jpg 150w\" sizes=\"auto, (max-width: 792px) 100vw, 792px\" \/><\/figure>\n\n\n\n<p>Se voc\u00ea est\u00e1 em d\u00favida sobre <strong>o que dar de presente no Dia dos Pais<\/strong> para quem tem o perfil relax, a op\u00e7\u00e3o perfeita \u00e9 aquela que transmita toda a calmaria que seu pai gosta. Sentar no sof\u00e1, escutar algumas m\u00fasicas e at\u00e9 arriscar tocar algumas no viol\u00e3o. Se o estilo do seu pai \u00e9 esse, voc\u00ea sabe a import\u00e2ncia de apreciar esses momentos tranquilos junto com ele, n\u00e9?<\/p>\n\n\n\n<p>Voc\u00ea pode surpreend\u00ea-lo com um toca-discos e uma sele\u00e7\u00e3o de Vinil feita por voc\u00ea! Outra op\u00e7\u00e3o \u00e9 comprar uma pe\u00e7a 2 em 1 como uma banqueta alta ou um <a href=\"https:\/\/www.mobly.com.br\/moveis\/sofas-camas?utm_source=blog&amp;utm_medium=link&amp;utm_campaign=post_comemorar_NA_presente-dia-dos-pais\">sof\u00e1 cama<\/a>, por exemplo. Ela pode ser usada para seu pai sentar enquanto toca o viol\u00e3o e tamb\u00e9m como suporte para o instrumento. Escolha uma pe\u00e7a com design inovador, ele vai amar!<\/p>\n\n\n\n<h2 class=\"wp-block-heading\">Pai moderno, ama tend\u00eancias e tecnologias<\/h2>\n\n\n\n<figure class=\"wp-block-image size-full\"><img loading=\"lazy\" decoding=\"async\" width=\"792\" height=\"489\" src=\"https:\/\/www.mobly.com.br\/blog\/wp-content\/uploads\/2026\/07\/presente-dia-dos-pais-barato.jpg\" alt=\"presente de dia dos pais barato com op\u00e7\u00f5es para escrit\u00f3rio em um ambiente com cadeira de escrit\u00f3rio, escrivaninha e estante com diversos itens de decora\u00e7\u00e3o.\" class=\"wp-image-22412\" srcset=\"https:\/\/www.mobly.com.br\/blog\/wp-content\/uploads\/2026\/07\/presente-dia-dos-pais-barato.jpg 792w, https:\/\/www.mobly.com.br\/blog\/wp-content\/uploads\/2026\/07\/presente-dia-dos-pais-barato-512x316.jpg 512w, https:\/\/www.mobly.com.br\/blog\/wp-content\/uploads\/2026\/07\/presente-dia-dos-pais-barato-768x474.jpg 768w, https:\/\/www.mobly.com.br\/blog\/wp-content\/uploads\/2026\/07\/presente-dia-dos-pais-barato-150x93.jpg 150w\" sizes=\"auto, (max-width: 792px) 100vw, 792px\" \/><\/figure>\n\n\n\n<p>Ah, o Pai Moderno\u2026 Cada vez que voc\u00eas se encontram, ele surge com novidades. \u00c0s vezes \u00e9 um gadget funcional, que voc\u00ea n\u00e3o sabia nem que existia, e em outras ele d\u00e1 um up na <a href=\"https:\/\/www.mobly.com.br\/blog\/dicas\/decoracao-estilo-moderno\/\">decora\u00e7\u00e3o seguindo as tend\u00eancias<\/a>. Mas em todas as vezes ele nos surpreende com tanta criatividade e curiosidade.<\/p>\n\n\n\n<p>Geralmente, os pais modernos gostam de trabalhar em seus home offices devido a praticidade. Passando horas trabalhando, estudando e descobrindo novas inven\u00e7\u00f5es. O <strong>presente de Dia dos Pais<\/strong> ideal deve ser inovador, assim como suas ideias. Portanto, em materiais de escrit\u00f3rio inusitados como post-its de formatos e cores diferentes, canetas de diversas grossuras ou at\u00e9 mesmo um mural de tarefa personalizado.<\/p>\n\n\n\n<p>Se quiser entrar nesse clima de inova\u00e7\u00e3o, espere o Dia dos Pais chegar e apare\u00e7a com uma nova <a href=\"https:\/\/www.mobly.com.br\/moveis\/escrivaninhas-e-mesas-para-computador?utm_source=blog&amp;utm_medium=link&amp;utm_campaign=post_comemorar_NA_presente-dia-dos-pais\">escrivaninha<\/a> para o Home Office dele! O sentimento ser\u00e1 de surpresa, assim como ele sempre fez com voc\u00ea.<\/p>\n\n\n\n<h2 class=\"wp-block-heading\">Pai geek, ama passar horas jogando<\/h2>\n\n\n\n<figure class=\"wp-block-image size-full\"><img loading=\"lazy\" decoding=\"async\" width=\"792\" height=\"489\" src=\"https:\/\/www.mobly.com.br\/blog\/wp-content\/uploads\/2026\/07\/pai-gamer-1.jpg\" alt=\"presente para pai gamer com escrivaninha, cadeira gamer preta e vermelha, sof\u00e1, mesa de centro e uma parede decorada com os desenhos do jogo pac man\" class=\"wp-image-22415\" srcset=\"https:\/\/www.mobly.com.br\/blog\/wp-content\/uploads\/2026\/07\/pai-gamer-1.jpg 792w, https:\/\/www.mobly.com.br\/blog\/wp-content\/uploads\/2026\/07\/pai-gamer-1-512x316.jpg 512w, https:\/\/www.mobly.com.br\/blog\/wp-content\/uploads\/2026\/07\/pai-gamer-1-768x474.jpg 768w, https:\/\/www.mobly.com.br\/blog\/wp-content\/uploads\/2026\/07\/pai-gamer-1-150x93.jpg 150w\" sizes=\"auto, (max-width: 792px) 100vw, 792px\" \/><\/figure>\n\n\n\n<p>Na era da tecnologia \u00e9 normal encontrarmos pais que amam jogos, n\u00e9? O pai geek \u00e9 o tipo de pai que est\u00e1 por dentro do universo geek. Ele sempre sabe os \u00faltimos lan\u00e7amentos de jogos, consoles e todas as outras novidades que surgem.<\/p>\n\n\n\n<p>J\u00e1 que seu pai gosta tanto de jogos, que tal proporcionar as melhores partidas da vida dele? As queridinhas s\u00e3o as <a href=\"https:\/\/www.mobly.com.br\/moveis\/cadeiras-escritorio-gamer?utm_source=blog&amp;utm_medium=link&amp;utm_campaign=post_comemorar_NA_presente-dia-dos-pais\">cadeiras gamer<\/a> e seu deve estar paquerando alguma. Se voc\u00ea aparecer com este present\u00e3o, \u00e9 capaz dele deixar at\u00e9 voc\u00ea ganhar uma rodada no Fifa.<\/p>\n\n\n\n<p>Outras op\u00e7\u00f5es de presentes para o <a href=\"https:\/\/www.mobly.com.br\/blog\/inspiracoes\/decoracao-geek-ambientes-inspirar\/\">pai geek s\u00e3o os itens decorativos<\/a> de s\u00e9ries e desenhos. Uma caneca do batman, uma almofada do Star Wars ou at\u00e9 mesmo uma miniatura do super-her\u00f3i preferido dele.<\/p>\n\n\n\n<h2 class=\"wp-block-heading\">Pai aventureiro, ama a natureza<\/h2>\n\n\n\n<figure class=\"wp-block-image size-full\"><img loading=\"lazy\" decoding=\"async\" width=\"792\" height=\"489\" src=\"https:\/\/www.mobly.com.br\/blog\/wp-content\/uploads\/2026\/07\/presente-dia-dos-pais-criativo.png\" alt=\"presente dia dos pais criativo para pais aventureiros com poltorna branca, estante vazada com diversos nichos para ajudar na organiza\u00e7\u00e3o.\" class=\"wp-image-22413\" srcset=\"https:\/\/www.mobly.com.br\/blog\/wp-content\/uploads\/2026\/07\/presente-dia-dos-pais-criativo.png 792w, https:\/\/www.mobly.com.br\/blog\/wp-content\/uploads\/2026\/07\/presente-dia-dos-pais-criativo-512x316.png 512w, https:\/\/www.mobly.com.br\/blog\/wp-content\/uploads\/2026\/07\/presente-dia-dos-pais-criativo-768x474.png 768w, https:\/\/www.mobly.com.br\/blog\/wp-content\/uploads\/2026\/07\/presente-dia-dos-pais-criativo-150x93.png 150w\" sizes=\"auto, (max-width: 792px) 100vw, 792px\" \/><\/figure>\n\n\n\n<p>Todo mundo gosta de aventuras, mas os pais aventureiros amam! Quer deixar esse pai feliz com um <strong>presente Dia dos Pais criativo<\/strong>? Fa\u00e7a ele sentir aquele friozinho na barriga! Ele \u00e9 o tipo de pessoa que topa qualquer parada, mas tem prefer\u00eancias por aquelas que trazem muita adrenalina.<\/p>\n\n\n\n<p>Se voc\u00ea tem um pai aventureiro j\u00e1 deve ter percebido que \u00e9 dif\u00edcil passar o Dia dos Pais com ele em casa. Eles sempre buscam passeios radicais e emocionantes, n\u00e3o \u00e9 mesmo? Nossa primeira sugest\u00e3o de presente, com certeza, \u00e9 propor um dia de aventuras. Voc\u00eas podem fazer rafting, escalada ou acampar.<\/p>\n\n\n\n<p>Agora, se preferir dar um <strong>presente Dia dos Pais barato<\/strong>, a dica \u00e9 presentear com pe\u00e7as que ajudem seu pai a organizar as pr\u00f3ximas experi\u00eancias. Mapas, globos terrestres, lanternas, caixas organizadoras\u2026 tudo isso pode ajudar a montar viagens do jeito que seu pai gosta: cheias de aventuras.<\/p>\n\n\n\n<h2 class=\"wp-block-heading\">Presenteie e crie mem\u00f3rias inesquec\u00edveis com quem voc\u00ea ama<\/h2>\n\n\n\n<p>Deu para perceber que existem muitos estilos de pais, n\u00e9? Citamos os principais deles, existem outros milhares. Mesmo porque, pai \u00e9 um s\u00f3 e cada um possui gostos singulares.&nbsp;<\/p>\n\n\n\n<p>N\u00e3o se preocupe se n\u00e3o for poss\u00edvel surpreender seu pai com um superpresente, pois, o que realmente importa no Dia dos Pais \u00e9 aquele <a href=\"https:\/\/www.mobly.com.br\/blog\/dicas\/o-que-fazer-no-dia-dos-pais\/\">abra\u00e7o apertado com muito carinho e amor<\/a>.<\/p>\n<button class=\"simplefavorite-button has-count loading\" data-postid=\"3063\" data-siteid=\"1\" data-groupid=\"1\" data-favoritecount=\"1\" style=\"\">Carregando...<span class=\"sf-icon-spinner-wrapper\"><i class=\"sf-icon-spinner\"><\/i><\/span><\/button>","protected":false},"excerpt":{"rendered":"<p>Est\u00e1 chegando o dia do nosso her\u00f3i sem capa, da pessoa que nos ensina as coisas boas da vida, dos bra\u00e7os que podemos correr quando precisarmos\u2026 est\u00e1 chegando o Dia dos Pais. Voc\u00ea j\u00e1 come\u00e7ou a pensar em qual presente Dia dos Pais ir\u00e1 comprar para ele? N\u00e3o? Ent\u00e3o vem com a gente descobrir algumas op\u00e7\u00f5es que v\u00e3o agradar diversos estilos de papais! Pai tradicional que ama um conforto Se seu pai n\u00e3o abre m\u00e3o de ler um livro ou assistir TV sentado em uma poltrona bem confort\u00e1vel, ele se encaixa muito bem no Pai Tradicional. O que realmente importa para esse paiz\u00e3o \u00e9 desfrutar dos momentos em fam\u00edlia com muito aconchego e tranquilidade. Pensando nisso, entre as ideias de presente Dia dos Pais, a dica \u00e9 pensar em algo que intensifique esse conforto. N\u00e3o h\u00e1 presente que combine melhor do que uma poltrona mega confort\u00e1vel Sabe aquelas que s\u00e3o reclin\u00e1veis e ainda possuem um apoio para os p\u00e9s? Ent\u00e3o! Voc\u00ea ainda pode completar o presente com alguns livros novos ou at\u00e9 mesmo com os filmes preferidos do seu coroa. Que tal aproveitar o Dia dos Pais e fazer uma sess\u00e3o pipoca em casa com ele? Pai gourmet, o chef [&hellip;]<\/p>\n","protected":false},"author":4,"featured_media":22411,"comment_status":"open","ping_status":"open","sticky":false,"template":"","format":"standard","meta":{"extendify_custom_stylesheet":"","_exactmetrics_skip_tracking":false,"_monsterinsights_skip_tracking":false,"_monsterinsights_sitenote_active":false,"_monsterinsights_sitenote_note":"","_monsterinsights_sitenote_category":0,"footnotes":""},"categories":[13],"tags":[1434,165,15,1433],"class_list":["post-3063","post","type-post","status-publish","format-standard","has-post-thumbnail","hentry","category-datas-especiais","tag-afeto","tag-dia-dos-pais","tag-dicas","tag-presente"],"yoast_head":"<!-- This site is optimized with the Yoast SEO plugin v24.9 - https:\/\/yoast.com\/wordpress\/plugins\/seo\/ -->\n<title>Veja dicas de presente Dia dos Pais para surpreender<\/title>\n<meta name=\"description\" content=\"Vem conferir dicas de presente Dia dos Pais para surpreender nessa data especial com op\u00e7\u00f5es para agradar a diversos estilos.\" \/>\n<meta name=\"robots\" content=\"index, follow, max-snippet:-1, max-image-preview:large, max-video-preview:-1\" \/>\n<link rel=\"canonical\" href=\"https:\/\/www.mobly.com.br\/blog\/datas-especiais\/presente-dia-dos-pais\/\" \/>\n<meta property=\"og:locale\" content=\"pt_BR\" \/>\n<meta property=\"og:type\" content=\"article\" \/>\n<meta property=\"og:title\" content=\"Veja dicas de presente Dia dos Pais para surpreender\" \/>\n<meta property=\"og:description\" content=\"Vem conferir dicas de presente Dia dos Pais para surpreender nessa data especial com op\u00e7\u00f5es para agradar a diversos estilos.\" \/>\n<meta property=\"og:url\" content=\"https:\/\/www.mobly.com.br\/blog\/datas-especiais\/presente-dia-dos-pais\/\" \/>\n<meta property=\"og:site_name\" content=\"Blog da Mobly\" \/>\n<meta property=\"article:published_time\" content=\"2026-07-16T12:00:00+00:00\" \/>\n<meta property=\"og:image\" content=\"https:\/\/www.mobly.com.br\/blog\/wp-content\/uploads\/2026\/07\/presente-dia-dos-pais.jpg\" \/>\n\t<meta property=\"og:image:width\" content=\"792\" \/>\n\t<meta property=\"og:image:height\" content=\"489\" \/>\n\t<meta property=\"og:image:type\" content=\"image\/jpeg\" \/>\n<meta name=\"author\" content=\"Aline Oliva\" \/>\n<meta name=\"twitter:card\" content=\"summary_large_image\" \/>\n<meta name=\"twitter:label1\" content=\"Escrito por\" \/>\n\t<meta name=\"twitter:data1\" content=\"Aline Oliva\" \/>\n\t<meta name=\"twitter:label2\" content=\"Est. tempo de leitura\" \/>\n\t<meta name=\"twitter:data2\" content=\"5 minutos\" \/>\n<script type=\"application\/ld+json\" class=\"yoast-schema-graph\">{\"@context\":\"https:\/\/schema.org\",\"@graph\":[{\"@type\":\"WebPage\",\"@id\":\"https:\/\/www.mobly.com.br\/blog\/datas-especiais\/presente-dia-dos-pais\/\",\"url\":\"https:\/\/www.mobly.com.br\/blog\/datas-especiais\/presente-dia-dos-pais\/\",\"name\":\"Veja dicas de presente Dia dos Pais para surpreender\",\"isPartOf\":{\"@id\":\"https:\/\/www.mobly.com.br\/blog\/#website\"},\"primaryImageOfPage\":{\"@id\":\"https:\/\/www.mobly.com.br\/blog\/datas-especiais\/presente-dia-dos-pais\/#primaryimage\"},\"image\":{\"@id\":\"https:\/\/www.mobly.com.br\/blog\/datas-especiais\/presente-dia-dos-pais\/#primaryimage\"},\"thumbnailUrl\":\"https:\/\/www.mobly.com.br\/blog\/wp-content\/uploads\/2026\/07\/presente-dia-dos-pais.jpg\",\"datePublished\":\"2026-07-16T12:00:00+00:00\",\"author\":{\"@id\":\"https:\/\/www.mobly.com.br\/blog\/#\/schema\/person\/3ee3056aa182f5663d3b210b77ce6c49\"},\"description\":\"Vem conferir dicas de presente Dia dos Pais para surpreender nessa data especial com op\u00e7\u00f5es para agradar a diversos estilos.\",\"breadcrumb\":{\"@id\":\"https:\/\/www.mobly.com.br\/blog\/datas-especiais\/presente-dia-dos-pais\/#breadcrumb\"},\"inLanguage\":\"pt-BR\",\"potentialAction\":[{\"@type\":\"ReadAction\",\"target\":[\"https:\/\/www.mobly.com.br\/blog\/datas-especiais\/presente-dia-dos-pais\/\"]}]},{\"@type\":\"ImageObject\",\"inLanguage\":\"pt-BR\",\"@id\":\"https:\/\/www.mobly.com.br\/blog\/datas-especiais\/presente-dia-dos-pais\/#primaryimage\",\"url\":\"https:\/\/www.mobly.com.br\/blog\/wp-content\/uploads\/2026\/07\/presente-dia-dos-pais.jpg\",\"contentUrl\":\"https:\/\/www.mobly.com.br\/blog\/wp-content\/uploads\/2026\/07\/presente-dia-dos-pais.jpg\",\"width\":792,\"height\":489,\"caption\":\"presente Dia dos Pais com pai e filho na sala com uma estante grande vazada e o filho presenteando o pai com um porta-retratos.\"},{\"@type\":\"BreadcrumbList\",\"@id\":\"https:\/\/www.mobly.com.br\/blog\/datas-especiais\/presente-dia-dos-pais\/#breadcrumb\",\"itemListElement\":[{\"@type\":\"ListItem\",\"position\":1,\"name\":\"Home\",\"item\":\"https:\/\/www.mobly.com.br\/blog\/\"},{\"@type\":\"ListItem\",\"position\":2,\"name\":\"Datas Especiais\",\"item\":\"https:\/\/www.mobly.com.br\/blog\/datas-especiais\/\"},{\"@type\":\"ListItem\",\"position\":3,\"name\":\"Presente Dia dos Pais: qual \u00e9 a op\u00e7\u00e3o ideal para o seu?\"}]},{\"@type\":\"WebSite\",\"@id\":\"https:\/\/www.mobly.com.br\/blog\/#website\",\"url\":\"https:\/\/www.mobly.com.br\/blog\/\",\"name\":\"Blog da Mobly\",\"description\":\"Dicas de Decora\u00e7\u00e3o, Inspira\u00e7\u00f5es e Mais\",\"potentialAction\":[{\"@type\":\"SearchAction\",\"target\":{\"@type\":\"EntryPoint\",\"urlTemplate\":\"https:\/\/www.mobly.com.br\/blog\/?s={search_term_string}\"},\"query-input\":{\"@type\":\"PropertyValueSpecification\",\"valueRequired\":true,\"valueName\":\"search_term_string\"}}],\"inLanguage\":\"pt-BR\"},{\"@type\":\"Person\",\"@id\":\"https:\/\/www.mobly.com.br\/blog\/#\/schema\/person\/3ee3056aa182f5663d3b210b77ce6c49\",\"name\":\"Aline Oliva\",\"image\":{\"@type\":\"ImageObject\",\"inLanguage\":\"pt-BR\",\"@id\":\"https:\/\/www.mobly.com.br\/blog\/#\/schema\/person\/image\/\",\"url\":\"https:\/\/secure.gravatar.com\/avatar\/69de0c2075aed92dd577c62e50688d65?s=96&d=mm&r=g\",\"contentUrl\":\"https:\/\/secure.gravatar.com\/avatar\/69de0c2075aed92dd577c62e50688d65?s=96&d=mm&r=g\",\"caption\":\"Aline Oliva\"},\"description\":\"Estudante de publicidade, criativa e extremamente curiosa. Apaixonada por decora\u00e7\u00e3o. Sempre em busca de formas alternativas de decorar e facilitar o dia-a-dia dentro do lar.\",\"url\":\"https:\/\/www.mobly.com.br\/blog\/author\/aline-oliva\/\"}]}<\/script>\n<!-- \/ Yoast SEO plugin. -->","yoast_head_json":{"title":"Veja dicas de presente Dia dos Pais para surpreender","description":"Vem conferir dicas de presente Dia dos Pais para surpreender nessa data especial com op\u00e7\u00f5es para agradar a diversos estilos.","robots":{"index":"index","follow":"follow","max-snippet":"max-snippet:-1","max-image-preview":"max-image-preview:large","max-video-preview":"max-video-preview:-1"},"canonical":"https:\/\/www.mobly.com.br\/blog\/datas-especiais\/presente-dia-dos-pais\/","og_locale":"pt_BR","og_type":"article","og_title":"Veja dicas de presente Dia dos Pais para surpreender","og_description":"Vem conferir dicas de presente Dia dos Pais para surpreender nessa data especial com op\u00e7\u00f5es para agradar a diversos estilos.","og_url":"https:\/\/www.mobly.com.br\/blog\/datas-especiais\/presente-dia-dos-pais\/","og_site_name":"Blog da Mobly","article_published_time":"2026-07-16T12:00:00+00:00","og_image":[{"width":792,"height":489,"url":"https:\/\/www.mobly.com.br\/blog\/wp-content\/uploads\/2026\/07\/presente-dia-dos-pais.jpg","type":"image\/jpeg"}],"author":"Aline Oliva","twitter_card":"summary_large_image","twitter_misc":{"Escrito por":"Aline Oliva","Est. tempo de leitura":"5 minutos"},"schema":{"@context":"https:\/\/schema.org","@graph":[{"@type":"WebPage","@id":"https:\/\/www.mobly.com.br\/blog\/datas-especiais\/presente-dia-dos-pais\/","url":"https:\/\/www.mobly.com.br\/blog\/datas-especiais\/presente-dia-dos-pais\/","name":"Veja dicas de presente Dia dos Pais para surpreender","isPartOf":{"@id":"https:\/\/www.mobly.com.br\/blog\/#website"},"primaryImageOfPage":{"@id":"https:\/\/www.mobly.com.br\/blog\/datas-especiais\/presente-dia-dos-pais\/#primaryimage"},"image":{"@id":"https:\/\/www.mobly.com.br\/blog\/datas-especiais\/presente-dia-dos-pais\/#primaryimage"},"thumbnailUrl":"https:\/\/www.mobly.com.br\/blog\/wp-content\/uploads\/2026\/07\/presente-dia-dos-pais.jpg","datePublished":"2026-07-16T12:00:00+00:00","author":{"@id":"https:\/\/www.mobly.com.br\/blog\/#\/schema\/person\/3ee3056aa182f5663d3b210b77ce6c49"},"description":"Vem conferir dicas de presente Dia dos Pais para surpreender nessa data especial com op\u00e7\u00f5es para agradar a diversos estilos.","breadcrumb":{"@id":"https:\/\/www.mobly.com.br\/blog\/datas-especiais\/presente-dia-dos-pais\/#breadcrumb"},"inLanguage":"pt-BR","potentialAction":[{"@type":"ReadAction","target":["https:\/\/www.mobly.com.br\/blog\/datas-especiais\/presente-dia-dos-pais\/"]}]},{"@type":"ImageObject","inLanguage":"pt-BR","@id":"https:\/\/www.mobly.com.br\/blog\/datas-especiais\/presente-dia-dos-pais\/#primaryimage","url":"https:\/\/www.mobly.com.br\/blog\/wp-content\/uploads\/2026\/07\/presente-dia-dos-pais.jpg","contentUrl":"https:\/\/www.mobly.com.br\/blog\/wp-content\/uploads\/2026\/07\/presente-dia-dos-pais.jpg","width":792,"height":489,"caption":"presente Dia dos Pais com pai e filho na sala com uma estante grande vazada e o filho presenteando o pai com um porta-retratos."},{"@type":"BreadcrumbList","@id":"https:\/\/www.mobly.com.br\/blog\/datas-especiais\/presente-dia-dos-pais\/#breadcrumb","itemListElement":[{"@type":"ListItem","position":1,"name":"Home","item":"https:\/\/www.mobly.com.br\/blog\/"},{"@type":"ListItem","position":2,"name":"Datas Especiais","item":"https:\/\/www.mobly.com.br\/blog\/datas-especiais\/"},{"@type":"ListItem","position":3,"name":"Presente Dia dos Pais: qual \u00e9 a op\u00e7\u00e3o ideal para o seu?"}]},{"@type":"WebSite","@id":"https:\/\/www.mobly.com.br\/blog\/#website","url":"https:\/\/www.mobly.com.br\/blog\/","name":"Blog da Mobly","description":"Dicas de Decora\u00e7\u00e3o, Inspira\u00e7\u00f5es e Mais","potentialAction":[{"@type":"SearchAction","target":{"@type":"EntryPoint","urlTemplate":"https:\/\/www.mobly.com.br\/blog\/?s={search_term_string}"},"query-input":{"@type":"PropertyValueSpecification","valueRequired":true,"valueName":"search_term_string"}}],"inLanguage":"pt-BR"},{"@type":"Person","@id":"https:\/\/www.mobly.com.br\/blog\/#\/schema\/person\/3ee3056aa182f5663d3b210b77ce6c49","name":"Aline Oliva","image":{"@type":"ImageObject","inLanguage":"pt-BR","@id":"https:\/\/www.mobly.com.br\/blog\/#\/schema\/person\/image\/","url":"https:\/\/secure.gravatar.com\/avatar\/69de0c2075aed92dd577c62e50688d65?s=96&d=mm&r=g","contentUrl":"https:\/\/secure.gravatar.com\/avatar\/69de0c2075aed92dd577c62e50688d65?s=96&d=mm&r=g","caption":"Aline Oliva"},"description":"Estudante de publicidade, criativa e extremamente curiosa. Apaixonada por decora\u00e7\u00e3o. Sempre em busca de formas alternativas de decorar e facilitar o dia-a-dia dentro do lar.","url":"https:\/\/www.mobly.com.br\/blog\/author\/aline-oliva\/"}]}},"_links":{"self":[{"href":"https:\/\/www.mobly.com.br\/blog\/wp-json\/wp\/v2\/posts\/3063","targetHints":{"allow":["GET"]}}],"collection":[{"href":"https:\/\/www.mobly.com.br\/blog\/wp-json\/wp\/v2\/posts"}],"about":[{"href":"https:\/\/www.mobly.com.br\/blog\/wp-json\/wp\/v2\/types\/post"}],"author":[{"embeddable":true,"href":"https:\/\/www.mobly.com.br\/blog\/wp-json\/wp\/v2\/users\/4"}],"replies":[{"embeddable":true,"href":"https:\/\/www.mobly.com.br\/blog\/wp-json\/wp\/v2\/comments?post=3063"}],"version-history":[{"count":8,"href":"https:\/\/www.mobly.com.br\/blog\/wp-json\/wp\/v2\/posts\/3063\/revisions"}],"predecessor-version":[{"id":22416,"href":"https:\/\/www.mobly.com.br\/blog\/wp-json\/wp\/v2\/posts\/3063\/revisions\/22416"}],"wp:featuredmedia":[{"embeddable":true,"href":"https:\/\/www.mobly.com.br\/blog\/wp-json\/wp\/v2\/media\/22411"}],"wp:attachment":[{"href":"https:\/\/www.mobly.com.br\/blog\/wp-json\/wp\/v2\/media?parent=3063"}],"wp:term":[{"taxonomy":"category","embeddable":true,"href":"https:\/\/www.mobly.com.br\/blog\/wp-json\/wp\/v2\/categories?post=3063"},{"taxonomy":"post_tag","embeddable":true,"href":"https:\/\/www.mobly.com.br\/blog\/wp-json\/wp\/v2\/tags?post=3063"}],"curies":[{"name":"wp","href":"https:\/\/api.w.org\/{rel}","templated":true}]}}