{"id":22500,"date":"2026-09-03T10:46:44","date_gmt":"2026-09-03T13:46:44","guid":{"rendered":"https:\/\/www.mobly.com.br\/blog\/?p=22500"},"modified":"2026-09-03T10:50:30","modified_gmt":"2026-09-03T13:50:30","slug":"vasos-para-decoracao-2","status":"publish","type":"post","link":"https:\/\/www.mobly.com.br\/blog\/guia-de-compras\/vasos-para-decoracao-2\/","title":{"rendered":"Vem ver dicas de como usar vasos para decora\u00e7\u00e3o na sua casa"},"content":{"rendered":"\n<p>Que tal usar <strong>vasos para decora\u00e7\u00e3o<\/strong> em v\u00e1rios ambientes da sua casa? A gente sabe que, na hora de montar ou renovar o nosso lar, s\u00e3o os pequenos detalhes que fazem toda a diferen\u00e7a e trazem aquela sensa\u00e7\u00e3o gostosa de aconchego.&nbsp;<\/p>\n\n\n\n<p>\u00c0s vezes, olhamos para um cantinho da sala ou para o centro da <a href=\"https:\/\/www.mobly.com.br\/moveis\/mesas-de-jantar?utm_source=blog&amp;utm_medium=link&amp;utm_campaign=post_decorar_guia-compras_vasos-para-decoracao\"><mark style=\"background-color:rgba(0, 0, 0, 0)\" class=\"has-inline-color has-vivid-cyan-blue-color\">mesa de jantar<\/mark><\/a> e sentimos que est\u00e1 faltando alguma coisa. \u00c9 exatamente a\u00ed que entram os acess\u00f3rios decorativos! Entre eles, os vasos s\u00e3o pe\u00e7as curingas, vers\u00e1teis e cheias de charme que podem mudar a vibe de um c\u00f4modo sem a necessidade de grandes reformas e sem precisar gastar muito.<\/p>\n\n\n\n<p>Ent\u00e3o, se voc\u00ea quer descobrir como trazer mais vida, <a href=\"https:\/\/www.mobly.com.br\/blog\/dicas\/quais-cores-usar-para-alegrar-o-ambiente\/\"><mark style=\"background-color:rgba(0, 0, 0, 0)\" class=\"has-inline-color has-vivid-cyan-blue-color\">cor e personalidade para a sua casa<\/mark><\/a> usando vasos, voc\u00ea chegou ao lugar certo! Prepare um cafezinho e venha se inspirar com a gente!<\/p>\n\n\n\n<h2 class=\"wp-block-heading\">Conhe\u00e7a os principais modelos de vasos e materiais<\/h2>\n\n\n\n<figure class=\"wp-block-image size-full\"><img loading=\"lazy\" decoding=\"async\" width=\"792\" height=\"489\" src=\"https:\/\/www.mobly.com.br\/blog\/wp-content\/uploads\/2026\/09\/vasos-decorativos-para-sala.png\" alt=\"vasos decorativos para sala na cor branca e em diferentes tamanhos, al\u00e9m de plantas suspensas, poltrona de madeira e estofado cinza e rack preto com madeira escura.\" class=\"wp-image-22493\" srcset=\"https:\/\/www.mobly.com.br\/blog\/wp-content\/uploads\/2026\/09\/vasos-decorativos-para-sala.png 792w, https:\/\/www.mobly.com.br\/blog\/wp-content\/uploads\/2026\/09\/vasos-decorativos-para-sala-512x316.png 512w, https:\/\/www.mobly.com.br\/blog\/wp-content\/uploads\/2026\/09\/vasos-decorativos-para-sala-768x474.png 768w, https:\/\/www.mobly.com.br\/blog\/wp-content\/uploads\/2026\/09\/vasos-decorativos-para-sala-150x93.png 150w\" sizes=\"auto, (max-width: 792px) 100vw, 792px\" \/><\/figure>\n\n\n\n<p>Quando come\u00e7amos a procurar por acess\u00f3rios decorativos, \u00e9 importante considerar o material da pe\u00e7a que dita n\u00e3o apenas a durabilidade e o estilo de decora\u00e7\u00e3o que ela vai complementar. Abaixo, separamos os principais para voc\u00ea conhecer:<\/p>\n\n\n\n<ul class=\"wp-block-list\">\n<li>Vidro: um <strong>vaso decorativo vidro<\/strong> \u00e9 sin\u00f4nimo de leveza, eleg\u00e2ncia e sofistica\u00e7\u00e3o. A transpar\u00eancia do material permite que ele se integre a qualquer paleta de cores sem pesar no ambiente. \u00c9 uma escolha perfeita para decora\u00e7\u00f5es clean e modernas;<\/li>\n\n\n\n<li>Cer\u00e2mica: agora, se voc\u00ea busca trazer um toque mais artesanal e acolhedor, os <strong>vasos cer\u00e2mica decorativos<\/strong> s\u00e3o imbat\u00edveis! Eles oferecem uma boa variedade de texturas, formatos org\u00e2nicos e cores terrosas, sendo pe\u00e7as fundamentais para quem ama o estilo boho, r\u00fastico ou escandinavo;<\/li>\n\n\n\n<li>Metal: para os <a href=\"https:\/\/www.mobly.com.br\/blog\/inspiracoes\/estilo-industrial\/\"><mark style=\"background-color:rgba(0, 0, 0, 0)\" class=\"has-inline-color has-vivid-cyan-blue-color\">apaixonados pelo estilo industrial<\/mark><\/a> ou contempor\u00e2neo, os vasos de metal, como cobre, lat\u00e3o ou ferro escovado, s\u00e3o cheias de personalidade. Eles trazem um brilho sutil e contrastam com m\u00f3veis de madeira;<\/li>\n\n\n\n<li>Cimento e&nbsp; concreto: vasos feitos desse material s\u00e3o robustos, pesados e ideais para ambientes externos ou salas com uma pegada mais urbana e minimalista.<\/li>\n<\/ul>\n\n\n\n<h2 class=\"wp-block-heading\">Dicas para usar os vasos na decora\u00e7\u00e3o da sua casa<\/h2>\n\n\n\n<figure class=\"wp-block-image size-full\"><img loading=\"lazy\" decoding=\"async\" width=\"792\" height=\"489\" src=\"https:\/\/www.mobly.com.br\/blog\/wp-content\/uploads\/2026\/09\/vasos-para-decoracao.png\" alt=\"vaso para decora\u00e7\u00e3o em um buffet aparador na cor preta, cm vasos de diversos tamanhos e formatos para complementar a decora\u00e7\u00e3o do ambiente.\" class=\"wp-image-22494\" srcset=\"https:\/\/www.mobly.com.br\/blog\/wp-content\/uploads\/2026\/09\/vasos-para-decoracao.png 792w, https:\/\/www.mobly.com.br\/blog\/wp-content\/uploads\/2026\/09\/vasos-para-decoracao-512x316.png 512w, https:\/\/www.mobly.com.br\/blog\/wp-content\/uploads\/2026\/09\/vasos-para-decoracao-768x474.png 768w, https:\/\/www.mobly.com.br\/blog\/wp-content\/uploads\/2026\/09\/vasos-para-decoracao-150x93.png 150w\" sizes=\"auto, (max-width: 792px) 100vw, 792px\" \/><\/figure>\n\n\n\n<p>Agora chegou a hora da parte mais divertida: espalhar essas belezuras pela casa! Existe uma infinidade de possibilidades para usar os vasos para decora\u00e7\u00e3o, ent\u00e3o inspire-se com algumas:<\/p>\n\n\n\n<h3 class=\"wp-block-heading\">Na sala de estar<\/h3>\n\n\n\n<figure class=\"wp-block-image size-full\"><img loading=\"lazy\" decoding=\"async\" width=\"792\" height=\"489\" src=\"https:\/\/www.mobly.com.br\/blog\/wp-content\/uploads\/2026\/09\/vaso-decorativo-para-mesa\u200b.png\" alt=\"vaso decorativo para mesa em tons de azul em uma mesa de centro branca, sof\u00e1 cinza, almofadas, puff e diversos vasos decorativos.\" class=\"wp-image-22488\" srcset=\"https:\/\/www.mobly.com.br\/blog\/wp-content\/uploads\/2026\/09\/vaso-decorativo-para-mesa\u200b.png 792w, https:\/\/www.mobly.com.br\/blog\/wp-content\/uploads\/2026\/09\/vaso-decorativo-para-mesa\u200b-512x316.png 512w, https:\/\/www.mobly.com.br\/blog\/wp-content\/uploads\/2026\/09\/vaso-decorativo-para-mesa\u200b-768x474.png 768w, https:\/\/www.mobly.com.br\/blog\/wp-content\/uploads\/2026\/09\/vaso-decorativo-para-mesa\u200b-150x93.png 150w\" sizes=\"auto, (max-width: 792px) 100vw, 792px\" \/><\/figure>\n\n\n\n<p>A sala \u00e9 o cart\u00e3o de visitas da casa. Por isso, os <strong>vasos decorativos para sala<\/strong> ficam maravilhosos quando dispostos em pares ou trios sobre o rack da TV, no aparador do hall de entrada ou at\u00e9 mesmo no ch\u00e3o, se forem pe\u00e7as grandes e imponentes.&nbsp;<\/p>\n\n\n\n<p>A grande sacada para trazer um dinamismo ao ambiente, \u00e9 brincar com alturas diferentes: coloque um vaso mais alto e fino ao lado de um mais baixo e imponente para criar uma composi\u00e7\u00e3o assim\u00e9trica e moderna.<\/p>\n\n\n\n<h3 class=\"wp-block-heading\">Na sala de jantar<\/h3>\n\n\n\n<figure class=\"wp-block-image size-full\"><img loading=\"lazy\" decoding=\"async\" width=\"792\" height=\"489\" src=\"https:\/\/www.mobly.com.br\/blog\/wp-content\/uploads\/2026\/09\/vasos-brancos.png\" alt=\"vasos brancos de diversos tamanhos na sala de jantar em um buffet aparador, al\u00e9m de mesa de madeira retangular com mesa posta com pratos fundos e rasos. al\u00e9m de fruteira de madeira.\" class=\"wp-image-22490\" srcset=\"https:\/\/www.mobly.com.br\/blog\/wp-content\/uploads\/2026\/09\/vasos-brancos.png 792w, https:\/\/www.mobly.com.br\/blog\/wp-content\/uploads\/2026\/09\/vasos-brancos-512x316.png 512w, https:\/\/www.mobly.com.br\/blog\/wp-content\/uploads\/2026\/09\/vasos-brancos-768x474.png 768w, https:\/\/www.mobly.com.br\/blog\/wp-content\/uploads\/2026\/09\/vasos-brancos-150x93.png 150w\" sizes=\"auto, (max-width: 792px) 100vw, 792px\" \/><\/figure>\n\n\n\n<p>Nada como uma refei\u00e7\u00e3o em um ambiente bem decorado! Um <strong>vaso decorativo para mesa<\/strong> de jantar muda completamente o clima dos seus almo\u00e7os e jantares. Lembre-se apenas de uma regra b\u00e1sica: escolha pe\u00e7as mais baixas ou que n\u00e3o bloqueiem a vis\u00e3o de quem est\u00e1 sentado, para n\u00e3o atrapalhar a conversa e o contato visual entre os seus convidados.<\/p>\n\n\n\n<h3 class=\"wp-block-heading\">No quarto<\/h3>\n\n\n\n<p>Os <strong>vasos decorativos<\/strong> tamb\u00e9m t\u00eam passe livre no quarto de casal ou de solteiro. Um modelo pequeno na mesa de cabeceira com algumas folhagens de eucalipto seco, por exemplo, traz um aroma relaxante e um visual super rom\u00e2ntico para o seu ambiente de descanso.<\/p>\n\n\n\n<h2 class=\"wp-block-heading\">E d\u00e1 para usar os vasos sem colocar plantas? Claro que d\u00e1!<\/h2>\n\n\n\n<figure class=\"wp-block-image size-full\"><img loading=\"lazy\" decoding=\"async\" width=\"792\" height=\"489\" src=\"https:\/\/www.mobly.com.br\/blog\/wp-content\/uploads\/2026\/09\/vaso-decorativo-vidro.png\" alt=\"vaso decorativo de diversos tamanhos, formatos e cores em uma estante na sala de jantar com mesa e cadeiras.\" class=\"wp-image-22489\" srcset=\"https:\/\/www.mobly.com.br\/blog\/wp-content\/uploads\/2026\/09\/vaso-decorativo-vidro.png 792w, https:\/\/www.mobly.com.br\/blog\/wp-content\/uploads\/2026\/09\/vaso-decorativo-vidro-512x316.png 512w, https:\/\/www.mobly.com.br\/blog\/wp-content\/uploads\/2026\/09\/vaso-decorativo-vidro-768x474.png 768w, https:\/\/www.mobly.com.br\/blog\/wp-content\/uploads\/2026\/09\/vaso-decorativo-vidro-150x93.png 150w\" sizes=\"auto, (max-width: 792px) 100vw, 792px\" \/><\/figure>\n\n\n\n<p>Voc\u00ea sabia que a funcionalidade dessas pe\u00e7as vai muito al\u00e9m da bot\u00e2nica? \u00c9 isso mesmo! Os vasos s\u00e3o itens t\u00e3o ricos em design que n\u00e3o precisam abrigar flores ou folhagens obrigatoriamente. A gente trouxe algumas formas criativas para us\u00e1-los na sua rotina:<\/p>\n\n\n\n<ul class=\"wp-block-list\">\n<li>Como esculturas: vasos com designs arrojados, formas geom\u00e9tricas complexas ou cores vibrantes funcionam perfeitamente quando est\u00e3o vazios. Eles servem como obras de arte, preenchendo espa\u00e7os vazios em <a href=\"https:\/\/www.mobly.com.br\/moveis\/estantes?utm_source=blog&amp;utm_medium=link&amp;utm_campaign=post_decorar_guia-compras_vasos-para-decoracao\"><mark style=\"background-color:rgba(0, 0, 0, 0)\" class=\"has-inline-color has-vivid-cyan-blue-color\">estantes<\/mark><\/a> de livros, nichos de parede e prateleiras;<\/li>\n\n\n\n<li>Composi\u00e7\u00e3o com luzes: quer um clima aconchegante para assistir a um filme \u00e0 noite? Coloque fios de luzes de LED, aquelas famosas luzes de fada, muito usadas no Natal, dentro de um vaso transparente de vidro ou acr\u00edlico. O reflexo da luz no material cria uma lumin\u00e1ria improvisada e charmosa para a sala ou para o <a href=\"https:\/\/www.mobly.com.br\/moveis\/moveis-quarto?utm_source=blog&amp;utm_medium=link&amp;utm_campaign=post_decorar_guia-compras_vasos-para-decoracao\"><mark style=\"background-color:rgba(0, 0, 0, 0)\" class=\"has-inline-color has-vivid-cyan-blue-color\">quarto<\/mark><\/a>;<\/li>\n\n\n\n<li>Porta-objetos: em aparadores no hall de entrada, vasos mais largos, baixos e com boca grande podem servir como um local pr\u00e1tico para depositar as chaves do carro, carteiras e \u00f3culos de sol logo que chega em casa. Assim, voc\u00ea mant\u00e9m a organiza\u00e7\u00e3o sem perder o estilo;<\/li>\n\n\n\n<li>No banheiro ou lavabo: pe\u00e7as menores de cer\u00e2mica ou vidro podem ser usadas sobre a bancada da pia para organizar itens de higiene, como discos de algod\u00e3o ou at\u00e9 mesmo os seus pinc\u00e9is de maquiagem.<\/li>\n<\/ul>\n\n\n\n<h2 class=\"wp-block-heading\">Confira outras dicas no blog da Mobly!<\/h2>\n\n\n\n<p>Gostou de aprender como transformar os seus ambientes de forma pr\u00e1tica, r\u00e1pida e estilosa com os <a href=\"https:\/\/www.mobly.com.br\/decoracao\/vasos-decorativos?utm_source=blog&amp;utm_medium=link&amp;utm_campaign=post_decorar_guia-compras_vasos-para-decoracao\"><mark style=\"background-color:rgba(0, 0, 0, 0)\" class=\"has-inline-color has-vivid-cyan-blue-color\">vasos para decora\u00e7\u00e3o<\/mark><\/a>? Esse \u00e9 um universo maravilhoso e cheio de possibilidades, e n\u00f3s estamos aqui para te ajudar em cada etapa desse processo!<\/p>\n\n\n\n<p>Se voc\u00ea quer continuar descobrindo novas tend\u00eancias de decora\u00e7\u00e3o, <a href=\"https:\/\/www.mobly.com.br\/blog\/inspiracoes\/rotina-de-organizacao-da-casa\/\"><mark style=\"background-color:rgba(0, 0, 0, 0)\" class=\"has-inline-color has-vivid-cyan-blue-color\">dicas de organiza\u00e7\u00e3o<\/mark><\/a> e guias de compras completos, continue com a gente. No blog da Mobly voc\u00ea descobre como deixar o seu lar cada vez mais confort\u00e1vel, funcional e com a sua cara.<\/p>\n<button class=\"simplefavorite-button has-count loading\" data-postid=\"22500\" data-siteid=\"1\" data-groupid=\"1\" data-favoritecount=\"0\" style=\"\">Carregando...<span class=\"sf-icon-spinner-wrapper\"><i class=\"sf-icon-spinner\"><\/i><\/span><\/button>","protected":false},"excerpt":{"rendered":"<p>Que tal usar vasos para decora\u00e7\u00e3o em v\u00e1rios ambientes da sua casa? A gente sabe que, na hora de montar ou renovar o nosso lar, s\u00e3o os pequenos detalhes que fazem toda a diferen\u00e7a e trazem aquela sensa\u00e7\u00e3o gostosa de aconchego.&nbsp; \u00c0s vezes, olhamos para um cantinho da sala ou para o centro da mesa de jantar e sentimos que est\u00e1 faltando alguma coisa. \u00c9 exatamente a\u00ed que entram os acess\u00f3rios decorativos! Entre eles, os vasos s\u00e3o pe\u00e7as curingas, vers\u00e1teis e cheias de charme que podem mudar a vibe de um c\u00f4modo sem a necessidade de grandes reformas e sem precisar gastar muito. Ent\u00e3o, se voc\u00ea quer descobrir como trazer mais vida, cor e personalidade para a sua casa usando vasos, voc\u00ea chegou ao lugar certo! Prepare um cafezinho e venha se inspirar com a gente! Conhe\u00e7a os principais modelos de vasos e materiais Quando come\u00e7amos a procurar por acess\u00f3rios decorativos, \u00e9 importante considerar o material da pe\u00e7a que dita n\u00e3o apenas a durabilidade e o estilo de decora\u00e7\u00e3o que ela vai complementar. Abaixo, separamos os principais para voc\u00ea conhecer: Dicas para usar os vasos na decora\u00e7\u00e3o da sua casa Agora chegou a hora da parte mais divertida: espalhar essas [&hellip;]<\/p>\n","protected":false},"author":41,"featured_media":22491,"comment_status":"closed","ping_status":"closed","sticky":false,"template":"","format":"standard","meta":{"extendify_custom_stylesheet":"","_exactmetrics_skip_tracking":false,"_monsterinsights_skip_tracking":false,"_monsterinsights_sitenote_active":false,"_monsterinsights_sitenote_note":"","_monsterinsights_sitenote_category":0,"footnotes":""},"categories":[14],"tags":[1358,306,15,1446,1445],"class_list":["post-22500","post","type-post","status-publish","format-standard","has-post-thumbnail","hentry","category-guia-de-compras","tag-casa","tag-decoracao","tag-dicas","tag-vaso-decorativo","tag-vasos"],"yoast_head":"<!-- This site is optimized with the Yoast SEO plugin v24.9 - https:\/\/yoast.com\/wordpress\/plugins\/seo\/ -->\n<title>Vasos para decora\u00e7\u00e3o: como escolher e transformar sua casa<\/title>\n<meta name=\"description\" content=\"Descubra os melhores modelos, materiais e dicas para usar vasos para decora\u00e7\u00e3o. Transforme os ambientes do seu lar com o blog da Mobly!\" \/>\n<meta name=\"robots\" content=\"index, follow, max-snippet:-1, max-image-preview:large, max-video-preview:-1\" \/>\n<link rel=\"canonical\" href=\"https:\/\/www.mobly.com.br\/blog\/guia-de-compras\/vasos-para-decoracao-2\/\" \/>\n<meta property=\"og:locale\" content=\"pt_BR\" \/>\n<meta property=\"og:type\" content=\"article\" \/>\n<meta property=\"og:title\" content=\"Vasos para decora\u00e7\u00e3o: como escolher e transformar sua casa\" \/>\n<meta property=\"og:description\" content=\"Descubra os melhores modelos, materiais e dicas para usar vasos para decora\u00e7\u00e3o. Transforme os ambientes do seu lar com o blog da Mobly!\" \/>\n<meta property=\"og:url\" content=\"https:\/\/www.mobly.com.br\/blog\/guia-de-compras\/vasos-para-decoracao-2\/\" \/>\n<meta property=\"og:site_name\" content=\"Blog da Mobly\" \/>\n<meta property=\"article:published_time\" content=\"2026-09-03T13:46:44+00:00\" \/>\n<meta property=\"article:modified_time\" content=\"2026-09-03T13:50:30+00:00\" \/>\n<meta property=\"og:image\" content=\"https:\/\/www.mobly.com.br\/blog\/wp-content\/uploads\/2026\/09\/vasos-ceramica-decorativos.png\" \/>\n\t<meta property=\"og:image:width\" content=\"792\" \/>\n\t<meta property=\"og:image:height\" content=\"489\" \/>\n\t<meta property=\"og:image:type\" content=\"image\/png\" \/>\n<meta name=\"author\" content=\"Amanda\" \/>\n<meta name=\"twitter:card\" content=\"summary_large_image\" \/>\n<meta name=\"twitter:label1\" content=\"Escrito por\" \/>\n\t<meta name=\"twitter:data1\" content=\"Amanda\" \/>\n\t<meta name=\"twitter:label2\" content=\"Est. tempo de leitura\" \/>\n\t<meta name=\"twitter:data2\" content=\"5 minutos\" \/>\n<script type=\"application\/ld+json\" class=\"yoast-schema-graph\">{\"@context\":\"https:\/\/schema.org\",\"@graph\":[{\"@type\":\"WebPage\",\"@id\":\"https:\/\/www.mobly.com.br\/blog\/guia-de-compras\/vasos-para-decoracao-2\/\",\"url\":\"https:\/\/www.mobly.com.br\/blog\/guia-de-compras\/vasos-para-decoracao-2\/\",\"name\":\"Vasos para decora\u00e7\u00e3o: como escolher e transformar sua casa\",\"isPartOf\":{\"@id\":\"https:\/\/www.mobly.com.br\/blog\/#website\"},\"primaryImageOfPage\":{\"@id\":\"https:\/\/www.mobly.com.br\/blog\/guia-de-compras\/vasos-para-decoracao-2\/#primaryimage\"},\"image\":{\"@id\":\"https:\/\/www.mobly.com.br\/blog\/guia-de-compras\/vasos-para-decoracao-2\/#primaryimage\"},\"thumbnailUrl\":\"https:\/\/www.mobly.com.br\/blog\/wp-content\/uploads\/2026\/09\/vasos-ceramica-decorativos.png\",\"datePublished\":\"2026-09-03T13:46:44+00:00\",\"dateModified\":\"2026-09-03T13:50:30+00:00\",\"author\":{\"@id\":\"https:\/\/www.mobly.com.br\/blog\/#\/schema\/person\/4ca5f57ac9eb774e3a9fc26d6ce3d1f8\"},\"description\":\"Descubra os melhores modelos, materiais e dicas para usar vasos para decora\u00e7\u00e3o. Transforme os ambientes do seu lar com o blog da Mobly!\",\"breadcrumb\":{\"@id\":\"https:\/\/www.mobly.com.br\/blog\/guia-de-compras\/vasos-para-decoracao-2\/#breadcrumb\"},\"inLanguage\":\"pt-BR\",\"potentialAction\":[{\"@type\":\"ReadAction\",\"target\":[\"https:\/\/www.mobly.com.br\/blog\/guia-de-compras\/vasos-para-decoracao-2\/\"]}]},{\"@type\":\"ImageObject\",\"inLanguage\":\"pt-BR\",\"@id\":\"https:\/\/www.mobly.com.br\/blog\/guia-de-compras\/vasos-para-decoracao-2\/#primaryimage\",\"url\":\"https:\/\/www.mobly.com.br\/blog\/wp-content\/uploads\/2026\/09\/vasos-ceramica-decorativos.png\",\"contentUrl\":\"https:\/\/www.mobly.com.br\/blog\/wp-content\/uploads\/2026\/09\/vasos-ceramica-decorativos.png\",\"width\":792,\"height\":489,\"caption\":\"vasos para decora\u00e7\u00e3o um azul redondo e o outro em formato org\u00e2nico rosa em uma mesa de madeira redonda, al\u00e9m de ta\u00e7as, bandeja com fruta e plantas decorativas.\"},{\"@type\":\"BreadcrumbList\",\"@id\":\"https:\/\/www.mobly.com.br\/blog\/guia-de-compras\/vasos-para-decoracao-2\/#breadcrumb\",\"itemListElement\":[{\"@type\":\"ListItem\",\"position\":1,\"name\":\"Home\",\"item\":\"https:\/\/www.mobly.com.br\/blog\/\"},{\"@type\":\"ListItem\",\"position\":2,\"name\":\"Guia de Compras\",\"item\":\"https:\/\/www.mobly.com.br\/blog\/guia-de-compras\/\"},{\"@type\":\"ListItem\",\"position\":3,\"name\":\"Vem ver dicas de como usar vasos para decora\u00e7\u00e3o na sua casa\"}]},{\"@type\":\"WebSite\",\"@id\":\"https:\/\/www.mobly.com.br\/blog\/#website\",\"url\":\"https:\/\/www.mobly.com.br\/blog\/\",\"name\":\"Blog da Mobly\",\"description\":\"Dicas de Decora\u00e7\u00e3o, Inspira\u00e7\u00f5es e Mais\",\"potentialAction\":[{\"@type\":\"SearchAction\",\"target\":{\"@type\":\"EntryPoint\",\"urlTemplate\":\"https:\/\/www.mobly.com.br\/blog\/?s={search_term_string}\"},\"query-input\":{\"@type\":\"PropertyValueSpecification\",\"valueRequired\":true,\"valueName\":\"search_term_string\"}}],\"inLanguage\":\"pt-BR\"},{\"@type\":\"Person\",\"@id\":\"https:\/\/www.mobly.com.br\/blog\/#\/schema\/person\/4ca5f57ac9eb774e3a9fc26d6ce3d1f8\",\"name\":\"Amanda\",\"image\":{\"@type\":\"ImageObject\",\"inLanguage\":\"pt-BR\",\"@id\":\"https:\/\/www.mobly.com.br\/blog\/#\/schema\/person\/image\/\",\"url\":\"https:\/\/secure.gravatar.com\/avatar\/02766c2fe9b6e34cd460c70eeade014d?s=96&d=mm&r=g\",\"contentUrl\":\"https:\/\/secure.gravatar.com\/avatar\/02766c2fe9b6e34cd460c70eeade014d?s=96&d=mm&r=g\",\"caption\":\"Amanda\"},\"url\":\"https:\/\/www.mobly.com.br\/blog\/author\/amanda-silva\/\"}]}<\/script>\n<!-- \/ Yoast SEO plugin. -->","yoast_head_json":{"title":"Vasos para decora\u00e7\u00e3o: como escolher e transformar sua casa","description":"Descubra os melhores modelos, materiais e dicas para usar vasos para decora\u00e7\u00e3o. Transforme os ambientes do seu lar com o blog da Mobly!","robots":{"index":"index","follow":"follow","max-snippet":"max-snippet:-1","max-image-preview":"max-image-preview:large","max-video-preview":"max-video-preview:-1"},"canonical":"https:\/\/www.mobly.com.br\/blog\/guia-de-compras\/vasos-para-decoracao-2\/","og_locale":"pt_BR","og_type":"article","og_title":"Vasos para decora\u00e7\u00e3o: como escolher e transformar sua casa","og_description":"Descubra os melhores modelos, materiais e dicas para usar vasos para decora\u00e7\u00e3o. Transforme os ambientes do seu lar com o blog da Mobly!","og_url":"https:\/\/www.mobly.com.br\/blog\/guia-de-compras\/vasos-para-decoracao-2\/","og_site_name":"Blog da Mobly","article_published_time":"2026-09-03T13:46:44+00:00","article_modified_time":"2026-09-03T13:50:30+00:00","og_image":[{"width":792,"height":489,"url":"https:\/\/www.mobly.com.br\/blog\/wp-content\/uploads\/2026\/09\/vasos-ceramica-decorativos.png","type":"image\/png"}],"author":"Amanda","twitter_card":"summary_large_image","twitter_misc":{"Escrito por":"Amanda","Est. tempo de leitura":"5 minutos"},"schema":{"@context":"https:\/\/schema.org","@graph":[{"@type":"WebPage","@id":"https:\/\/www.mobly.com.br\/blog\/guia-de-compras\/vasos-para-decoracao-2\/","url":"https:\/\/www.mobly.com.br\/blog\/guia-de-compras\/vasos-para-decoracao-2\/","name":"Vasos para decora\u00e7\u00e3o: como escolher e transformar sua casa","isPartOf":{"@id":"https:\/\/www.mobly.com.br\/blog\/#website"},"primaryImageOfPage":{"@id":"https:\/\/www.mobly.com.br\/blog\/guia-de-compras\/vasos-para-decoracao-2\/#primaryimage"},"image":{"@id":"https:\/\/www.mobly.com.br\/blog\/guia-de-compras\/vasos-para-decoracao-2\/#primaryimage"},"thumbnailUrl":"https:\/\/www.mobly.com.br\/blog\/wp-content\/uploads\/2026\/09\/vasos-ceramica-decorativos.png","datePublished":"2026-09-03T13:46:44+00:00","dateModified":"2026-09-03T13:50:30+00:00","author":{"@id":"https:\/\/www.mobly.com.br\/blog\/#\/schema\/person\/4ca5f57ac9eb774e3a9fc26d6ce3d1f8"},"description":"Descubra os melhores modelos, materiais e dicas para usar vasos para decora\u00e7\u00e3o. Transforme os ambientes do seu lar com o blog da Mobly!","breadcrumb":{"@id":"https:\/\/www.mobly.com.br\/blog\/guia-de-compras\/vasos-para-decoracao-2\/#breadcrumb"},"inLanguage":"pt-BR","potentialAction":[{"@type":"ReadAction","target":["https:\/\/www.mobly.com.br\/blog\/guia-de-compras\/vasos-para-decoracao-2\/"]}]},{"@type":"ImageObject","inLanguage":"pt-BR","@id":"https:\/\/www.mobly.com.br\/blog\/guia-de-compras\/vasos-para-decoracao-2\/#primaryimage","url":"https:\/\/www.mobly.com.br\/blog\/wp-content\/uploads\/2026\/09\/vasos-ceramica-decorativos.png","contentUrl":"https:\/\/www.mobly.com.br\/blog\/wp-content\/uploads\/2026\/09\/vasos-ceramica-decorativos.png","width":792,"height":489,"caption":"vasos para decora\u00e7\u00e3o um azul redondo e o outro em formato org\u00e2nico rosa em uma mesa de madeira redonda, al\u00e9m de ta\u00e7as, bandeja com fruta e plantas decorativas."},{"@type":"BreadcrumbList","@id":"https:\/\/www.mobly.com.br\/blog\/guia-de-compras\/vasos-para-decoracao-2\/#breadcrumb","itemListElement":[{"@type":"ListItem","position":1,"name":"Home","item":"https:\/\/www.mobly.com.br\/blog\/"},{"@type":"ListItem","position":2,"name":"Guia de Compras","item":"https:\/\/www.mobly.com.br\/blog\/guia-de-compras\/"},{"@type":"ListItem","position":3,"name":"Vem ver dicas de como usar vasos para decora\u00e7\u00e3o na sua casa"}]},{"@type":"WebSite","@id":"https:\/\/www.mobly.com.br\/blog\/#website","url":"https:\/\/www.mobly.com.br\/blog\/","name":"Blog da Mobly","description":"Dicas de Decora\u00e7\u00e3o, Inspira\u00e7\u00f5es e Mais","potentialAction":[{"@type":"SearchAction","target":{"@type":"EntryPoint","urlTemplate":"https:\/\/www.mobly.com.br\/blog\/?s={search_term_string}"},"query-input":{"@type":"PropertyValueSpecification","valueRequired":true,"valueName":"search_term_string"}}],"inLanguage":"pt-BR"},{"@type":"Person","@id":"https:\/\/www.mobly.com.br\/blog\/#\/schema\/person\/4ca5f57ac9eb774e3a9fc26d6ce3d1f8","name":"Amanda","image":{"@type":"ImageObject","inLanguage":"pt-BR","@id":"https:\/\/www.mobly.com.br\/blog\/#\/schema\/person\/image\/","url":"https:\/\/secure.gravatar.com\/avatar\/02766c2fe9b6e34cd460c70eeade014d?s=96&d=mm&r=g","contentUrl":"https:\/\/secure.gravatar.com\/avatar\/02766c2fe9b6e34cd460c70eeade014d?s=96&d=mm&r=g","caption":"Amanda"},"url":"https:\/\/www.mobly.com.br\/blog\/author\/amanda-silva\/"}]}},"_links":{"self":[{"href":"https:\/\/www.mobly.com.br\/blog\/wp-json\/wp\/v2\/posts\/22500","targetHints":{"allow":["GET"]}}],"collection":[{"href":"https:\/\/www.mobly.com.br\/blog\/wp-json\/wp\/v2\/posts"}],"about":[{"href":"https:\/\/www.mobly.com.br\/blog\/wp-json\/wp\/v2\/types\/post"}],"author":[{"embeddable":true,"href":"https:\/\/www.mobly.com.br\/blog\/wp-json\/wp\/v2\/users\/41"}],"replies":[{"embeddable":true,"href":"https:\/\/www.mobly.com.br\/blog\/wp-json\/wp\/v2\/comments?post=22500"}],"version-history":[{"count":2,"href":"https:\/\/www.mobly.com.br\/blog\/wp-json\/wp\/v2\/posts\/22500\/revisions"}],"predecessor-version":[{"id":22505,"href":"https:\/\/www.mobly.com.br\/blog\/wp-json\/wp\/v2\/posts\/22500\/revisions\/22505"}],"wp:featuredmedia":[{"embeddable":true,"href":"https:\/\/www.mobly.com.br\/blog\/wp-json\/wp\/v2\/media\/22491"}],"wp:attachment":[{"href":"https:\/\/www.mobly.com.br\/blog\/wp-json\/wp\/v2\/media?parent=22500"}],"wp:term":[{"taxonomy":"category","embeddable":true,"href":"https:\/\/www.mobly.com.br\/blog\/wp-json\/wp\/v2\/categories?post=22500"},{"taxonomy":"post_tag","embeddable":true,"href":"https:\/\/www.mobly.com.br\/blog\/wp-json\/wp\/v2\/tags?post=22500"}],"curies":[{"name":"wp","href":"https:\/\/api.w.org\/{rel}","templated":true}]}}