{"id":22286,"date":"2026-04-30T11:11:42","date_gmt":"2026-04-30T14:11:42","guid":{"rendered":"https:\/\/www.mobly.com.br\/blog\/?p=22286"},"modified":"2026-04-30T11:15:53","modified_gmt":"2026-04-30T14:15:53","slug":"decoracao-maximalista","status":"publish","type":"post","link":"https:\/\/www.mobly.com.br\/blog\/dicas\/decoracao-maximalista\/","title":{"rendered":"Decora\u00e7\u00e3o maximalista: como transformar sua casa em uma explos\u00e3o de personalidade"},"content":{"rendered":"\n<p>No design de interiores existe o famoso menos \u00e9 mais, mas tamb\u00e9m existe outra tend\u00eancia que vem dominando as refer\u00eancias no Pinterest: a est\u00e9tica do mais \u00e9 mais. Essa \u00e9 a <strong>decora\u00e7\u00e3o maximalista<\/strong>, um convite para abra\u00e7ar o exagero est\u00e9tico e transformar a sua casa em um verdadeiro museu da sua pr\u00f3pria hist\u00f3ria.<\/p>\n\n\n\n<p>Se voc\u00ea sente que ambientes totalmente brancos e vazios n\u00e3o refletem a sua energia, prepare-se para mergulhar em um estilo rico, ousado e profundamente inspirador e <a href=\"https:\/\/www.mobly.com.br\/blog\/dicas\/quais-cores-usar-para-alegrar-o-ambiente\/\">repleto de cores vibrantes<\/a>. Vem ver!<\/p>\n\n\n\n<h2 class=\"wp-block-heading\">T\u00e1, mas o que \u00e9 a decora\u00e7\u00e3o maximalista?<\/h2>\n\n\n\n<figure class=\"wp-block-image size-full\"><img loading=\"lazy\" decoding=\"async\" width=\"792\" height=\"489\" src=\"https:\/\/www.mobly.com.br\/blog\/wp-content\/uploads\/2026\/04\/o-que-e-maximalismo.png\" alt=\"o que \u00e9 maximalismo em uma sala de estar com parede com cores vibrantes e estampa geom\u00e9trica, m\u00f3veis pretos e brancos e um tapete verde, al\u00e9m de diversos itens de decora\u00e7\u00e3o.\" class=\"wp-image-22283\" srcset=\"https:\/\/www.mobly.com.br\/blog\/wp-content\/uploads\/2026\/04\/o-que-e-maximalismo.png 792w, https:\/\/www.mobly.com.br\/blog\/wp-content\/uploads\/2026\/04\/o-que-e-maximalismo-512x316.png 512w, https:\/\/www.mobly.com.br\/blog\/wp-content\/uploads\/2026\/04\/o-que-e-maximalismo-768x474.png 768w, https:\/\/www.mobly.com.br\/blog\/wp-content\/uploads\/2026\/04\/o-que-e-maximalismo-150x93.png 150w\" sizes=\"auto, (max-width: 792px) 100vw, 792px\" \/><\/figure>\n\n\n\n<p>Se voc\u00ea est\u00e1 se perguntando exatamente <strong>o que \u00e9 maximalismo<\/strong>, a resposta est\u00e1 na liberdade criativa e na abund\u00e2ncia. Ao contr\u00e1rio do minimalismo, que foca na redu\u00e7\u00e3o e na funcionalidade, o maximalismo celebra a extravag\u00e2ncia, a mistura de refer\u00eancias e a curadoria de mem\u00f3rias.<\/p>\n\n\n\n<p>Mas ser maximalista n\u00e3o significa ter uma casa bagun\u00e7ada ou acumular objetos sem sentido. Pelo contr\u00e1rio! \u00c9 um estilo decorativo muito bem pensado, onde cada quadro, livro, tapete ou enfeite tem um prop\u00f3sito e uma hist\u00f3ria para contar.&nbsp;<\/p>\n\n\n\n<p>\u00c9 sobre preencher os espa\u00e7os com aquilo que te traz alegria. Criando ambientes que s\u00e3o visualmente estimulantes, ricos em detalhes e que transbordam a personalidade de quem vive ali, tanto nos <a href=\"https:\/\/www.mobly.com.br\/moveis?utm_source=blog&amp;utm_medium=link&amp;utm_campaign=post_Dicas_NA_decoracao-maximalista\">m\u00f3veis<\/a> quanto nos itens de decora\u00e7\u00e3o.<\/p>\n\n\n\n<h2 class=\"wp-block-heading\">Conhe\u00e7a as principais caracter\u00edsticas da decora\u00e7\u00e3o maximalista<\/h2>\n\n\n\n<p>Para criar um ambiente maximalista, \u00e9 preciso conhecer as principais caracter\u00edsticas desse estilo decorativo. A beleza est\u00e1 justamente em saber usar diferentes elementos para que conversem entre si e n\u00e3o sobrecarregue o ambiente:<\/p>\n\n\n\n<h3 class=\"wp-block-heading\">Paletas de cores vibrantes<\/h3>\n\n\n\n<figure class=\"wp-block-image size-full\"><img loading=\"lazy\" decoding=\"async\" width=\"792\" height=\"489\" src=\"https:\/\/www.mobly.com.br\/blog\/wp-content\/uploads\/2026\/04\/decoracao-maximalista.png\" alt=\"decora\u00e7\u00e3o maximalista na sala de estar com sof\u00e1 verde, parede vermelha e rosa, diversos quadros decorativos, lustre pendente grande, vaso com planta e outros itens de decora\u00e7\u00e3o.\" class=\"wp-image-22281\" srcset=\"https:\/\/www.mobly.com.br\/blog\/wp-content\/uploads\/2026\/04\/decoracao-maximalista.png 792w, https:\/\/www.mobly.com.br\/blog\/wp-content\/uploads\/2026\/04\/decoracao-maximalista-512x316.png 512w, https:\/\/www.mobly.com.br\/blog\/wp-content\/uploads\/2026\/04\/decoracao-maximalista-768x474.png 768w, https:\/\/www.mobly.com.br\/blog\/wp-content\/uploads\/2026\/04\/decoracao-maximalista-150x93.png 150w\" sizes=\"auto, (max-width: 792px) 100vw, 792px\" \/><\/figure>\n\n\n\n<p>Esque\u00e7a o bege e o cinza como a base da sua decora\u00e7\u00e3o. Esse estilo abra\u00e7a <strong>paletas de cores vibrantes<\/strong> com tons profundos e saturados, como verde-esmeralda, azul-marinho, terracota, mostarda e bord\u00f4. As paredes e os m\u00f3veis costumam ser as grandes protagonistas dessa explos\u00e3o crom\u00e1tica.<\/p>\n\n\n\n<h3 class=\"wp-block-heading\">Mistura de estampas e texturas<\/h3>\n\n\n\n<p>No maximalismo, florais convivem pacificamente com animal print, listras e padr\u00f5es geom\u00e9tricos. A mistura de texturas tamb\u00e9m \u00e9 muito bem-vinda: veludo, couro, franjas, metais dourados e madeiras r\u00fasticas no mesmo ambiente criam camadas de interesse visual.<\/p>\n\n\n\n<h3 class=\"wp-block-heading\">M\u00f3veis com presen\u00e7a<\/h3>\n\n\n\n<figure class=\"wp-block-image size-full\"><img loading=\"lazy\" decoding=\"async\" width=\"792\" height=\"489\" src=\"https:\/\/www.mobly.com.br\/blog\/wp-content\/uploads\/2026\/04\/sofa-colorido.png\" alt=\"sof\u00e1 colorido amarelo para compor a decora\u00e7\u00e3o maximalista na sala de estar com diversos quadros na parede, puff verde, mesa de apoio em madeira, vasos cm plantas e manta para sof\u00e1 colorida, al\u00e9m de almofadas e tapete amarelo para complementar a decora\u00e7\u00e3o.\" class=\"wp-image-22285\" srcset=\"https:\/\/www.mobly.com.br\/blog\/wp-content\/uploads\/2026\/04\/sofa-colorido.png 792w, https:\/\/www.mobly.com.br\/blog\/wp-content\/uploads\/2026\/04\/sofa-colorido-512x316.png 512w, https:\/\/www.mobly.com.br\/blog\/wp-content\/uploads\/2026\/04\/sofa-colorido-768x474.png 768w, https:\/\/www.mobly.com.br\/blog\/wp-content\/uploads\/2026\/04\/sofa-colorido-150x93.png 150w\" sizes=\"auto, (max-width: 792px) 100vw, 792px\" \/><\/figure>\n\n\n\n<p>M\u00f3veis de design marcante, pe\u00e7as vintage garimpadas e itens contempor\u00e2neos dividem o mesmo espa\u00e7o. Um <strong>sof\u00e1 colorido<\/strong>, como um modelo em veludo rosa ou amarelo mostarda, muitas vezes serve como o ponto focal da sala de estar, ditando o tom do resto da decora\u00e7\u00e3o.<\/p>\n\n\n\n<h3 class=\"wp-block-heading\">Paredes de galeria<\/h3>\n\n\n\n<p>O maximalismo ama preencher espa\u00e7os verticais. Composi\u00e7\u00f5es com muitos quadros, <a href=\"https:\/\/www.mobly.com.br\/decoracao\/espelhos-decorativos?utm_source=blog&amp;utm_medium=link&amp;utm_campaign=post_Dicas_NA_decoracao-maximalista\">espelhos<\/a> de molduras ornamentadas, pratos decorativos e fotografias, cobrindo do teto ao ch\u00e3o, s\u00e3o marcas registradas do estilo.<\/p>\n\n\n\n<h3 class=\"wp-block-heading\">Exposi\u00e7\u00e3o de cole\u00e7\u00f5es e livros<\/h3>\n\n\n\n<p>Em vez de esconder seus objetos em arm\u00e1rios fechados, o maximalismo incentiva a exibi\u00e7\u00e3o desses itens. Livros empilhados, cole\u00e7\u00f5es de cer\u00e2mica e lembran\u00e7as de viagens fazem parte da alma da casa. <a href=\"https:\/\/www.mobly.com.br\/blog\/por-ambientes\/estante-para-sala\/\">Coloc\u00e1-los em uma estante aberta<\/a> pode ser um pequeno museu da sua vida.<\/p>\n\n\n\n<h2 class=\"wp-block-heading\">4 Dicas de como usar a decora\u00e7\u00e3o maximalista na sua casa<\/h2>\n\n\n\n<figure class=\"wp-block-image size-full\"><img loading=\"lazy\" decoding=\"async\" width=\"792\" height=\"489\" src=\"https:\/\/www.mobly.com.br\/blog\/wp-content\/uploads\/2026\/04\/quarto-maximalista.png\" alt=\"quarto maximalista com parede rosa e cinza, m\u00f3veis pretos, uma boia como item decorativo, mesa lateral, escrivaninha, cadeira para escrit\u00f3rio, poltrona e uma estante com diversos itens decorativos.\" class=\"wp-image-22284\" srcset=\"https:\/\/www.mobly.com.br\/blog\/wp-content\/uploads\/2026\/04\/quarto-maximalista.png 792w, https:\/\/www.mobly.com.br\/blog\/wp-content\/uploads\/2026\/04\/quarto-maximalista-512x316.png 512w, https:\/\/www.mobly.com.br\/blog\/wp-content\/uploads\/2026\/04\/quarto-maximalista-768x474.png 768w, https:\/\/www.mobly.com.br\/blog\/wp-content\/uploads\/2026\/04\/quarto-maximalista-150x93.png 150w\" sizes=\"auto, (max-width: 792px) 100vw, 792px\" \/><\/figure>\n\n\n\n<p>Se voc\u00ea quer usar esse estilo no seu lar, mas tem medo de cruzar a linha entre o ousado e o ca\u00f3tico, fica tranquilo. Vem ver algumas dicas que v\u00e3o ajudar a guiar a sua decora\u00e7\u00e3o.<\/p>\n\n\n\n<h3 class=\"wp-block-heading\">1 &#8211; Comece com um fio condutor<\/h3>\n\n\n\n<p>Para que toda a mistura fa\u00e7a sentido, escolha um elemento de liga\u00e7\u00e3o. Pode ser uma cor espec\u00edfica que se repete em um quadro, na almofada e no tapete. Entender o c\u00edrculo crom\u00e1tico e descobrir <strong>cores vibrantes que combinam<\/strong> entre si, como tons complementares ou an\u00e1logos, ajuda a manter a harmonia visual, mesmo no meio da extravag\u00e2ncia.<\/p>\n\n\n\n<h3 class=\"wp-block-heading\">2 &#8211; Crie um quarto maximalista com camadas<\/h3>\n\n\n\n<p>Criar um <strong>quarto maximalista<\/strong> \u00e9 a oportunidade perfeita para ousar no conforto. Para isso, um papel de parede com estampa bot\u00e2nica ou geom\u00e9trica s\u00e3o \u00f3timas escolhas. Na cama, brinque com camadas: misture len\u00e7\u00f3is de cores s\u00f3lidas com edredons estampados, mantas de tric\u00f4 e muitas almofadas de texturas diferentes.<\/p>\n\n\n\n<h3 class=\"wp-block-heading\">3 &#8211; V\u00e1 adicionando aos poucos<\/h3>\n\n\n\n<figure class=\"wp-block-image size-full\"><img loading=\"lazy\" decoding=\"async\" width=\"792\" height=\"489\" src=\"https:\/\/www.mobly.com.br\/blog\/wp-content\/uploads\/2026\/04\/cores-vibrantes-que-combinam.png\" alt=\"cores vibrantes que combinam entre si, com parede vinho com branco, lumin\u00e1ria de ch\u00e3o preta, cama com edredom branco e diversas almofadas, arara de roupas, mesa de cabeceira branca de madeira e itens decorativos para complementar.\" class=\"wp-image-22280\" srcset=\"https:\/\/www.mobly.com.br\/blog\/wp-content\/uploads\/2026\/04\/cores-vibrantes-que-combinam.png 792w, https:\/\/www.mobly.com.br\/blog\/wp-content\/uploads\/2026\/04\/cores-vibrantes-que-combinam-512x316.png 512w, https:\/\/www.mobly.com.br\/blog\/wp-content\/uploads\/2026\/04\/cores-vibrantes-que-combinam-768x474.png 768w, https:\/\/www.mobly.com.br\/blog\/wp-content\/uploads\/2026\/04\/cores-vibrantes-que-combinam-150x93.png 150w\" sizes=\"auto, (max-width: 792px) 100vw, 792px\" \/><\/figure>\n\n\n\n<p>Voc\u00ea n\u00e3o precisa transformar a casa toda do dia para a noite. Comece escolhendo um espa\u00e7o da sala ou um lavabo para testar a decora\u00e7\u00e3o maximalista. Pinte as paredes com uma cor profunda, adicione um m\u00f3vel de destaque, como o <a href=\"https:\/\/www.mobly.com.br\/moveis\/sofas?utm_source=blog&amp;utm_medium=link&amp;utm_campaign=post_Dicas_NA_decoracao-maximalista\">sof\u00e1<\/a> ou poltronas, e v\u00e1 sobrepondo quadros e objetos decorativos at\u00e9 sentir que o espa\u00e7o reflete quem voc\u00ea \u00e9.<\/p>\n\n\n\n<h3 class=\"wp-block-heading\">4 &#8211; Brinque com a ilumina\u00e7\u00e3o<\/h3>\n\n\n\n<p>O maximalismo pede uma <a href=\"https:\/\/www.mobly.com.br\/decoracao\/iluminacao-decorativa?utm_source=blog&amp;utm_medium=link&amp;utm_campaign=post_Dicas_NA_decoracao-maximalista\">ilumina\u00e7\u00e3o<\/a> dram\u00e1tica. Ent\u00e3o, fuja apenas da luz branca no teto. Espalhe abajures coloridos, lumin\u00e1rias de piso com design vintage e pendentes esculturais para criar cantinhos aconchegantes e destacar suas cole\u00e7\u00f5es preferidas.<\/p>\n\n\n\n<h2 class=\"wp-block-heading\">Confira outros conte\u00fados no blog da Mobly e continue se inspirando<\/h2>\n\n\n\n<p>A decora\u00e7\u00e3o \u00e9 uma etapa cont\u00ednua de descobertas sobre o seu pr\u00f3prio estilo e sobre o que funciona em cada ambiente. Agora que voc\u00ea j\u00e1 sabe como deixar a sua casa com a sua cara atrav\u00e9s do maximalismo, que tal explorar novas ideias para transformar cada cantinho do seu lar? Vem saber mais sobre o <a href=\"https:\/\/www.mobly.com.br\/blog\/inspiracoes\/estilo-industrial\/\">estilo decorativo industrial<\/a>, dicas para organizar a casa e muito mais no blog da Mobly!<\/p>\n<button class=\"simplefavorite-button has-count loading\" data-postid=\"22286\" data-siteid=\"1\" data-groupid=\"1\" data-favoritecount=\"0\" style=\"\">Carregando...<span class=\"sf-icon-spinner-wrapper\"><i class=\"sf-icon-spinner\"><\/i><\/span><\/button>","protected":false},"excerpt":{"rendered":"<p>No design de interiores existe o famoso menos \u00e9 mais, mas tamb\u00e9m existe outra tend\u00eancia que vem dominando as refer\u00eancias no Pinterest: a est\u00e9tica do mais \u00e9 mais. Essa \u00e9 a decora\u00e7\u00e3o maximalista, um convite para abra\u00e7ar o exagero est\u00e9tico e transformar a sua casa em um verdadeiro museu da sua pr\u00f3pria hist\u00f3ria. Se voc\u00ea sente que ambientes totalmente brancos e vazios n\u00e3o refletem a sua energia, prepare-se para mergulhar em um estilo rico, ousado e profundamente inspirador e repleto de cores vibrantes. Vem ver! T\u00e1, mas o que \u00e9 a decora\u00e7\u00e3o maximalista? Se voc\u00ea est\u00e1 se perguntando exatamente o que \u00e9 maximalismo, a resposta est\u00e1 na liberdade criativa e na abund\u00e2ncia. Ao contr\u00e1rio do minimalismo, que foca na redu\u00e7\u00e3o e na funcionalidade, o maximalismo celebra a extravag\u00e2ncia, a mistura de refer\u00eancias e a curadoria de mem\u00f3rias. Mas ser maximalista n\u00e3o significa ter uma casa bagun\u00e7ada ou acumular objetos sem sentido. Pelo contr\u00e1rio! \u00c9 um estilo decorativo muito bem pensado, onde cada quadro, livro, tapete ou enfeite tem um prop\u00f3sito e uma hist\u00f3ria para contar.&nbsp; \u00c9 sobre preencher os espa\u00e7os com aquilo que te traz alegria. Criando ambientes que s\u00e3o visualmente estimulantes, ricos em detalhes e que transbordam a personalidade [&hellip;]<\/p>\n","protected":false},"author":41,"featured_media":22282,"comment_status":"closed","ping_status":"closed","sticky":false,"template":"","format":"standard","meta":{"extendify_custom_stylesheet":"","_mi_skip_tracking":false,"_monsterinsights_skip_tracking":false,"_monsterinsights_sitenote_active":false,"_monsterinsights_sitenote_note":"","_monsterinsights_sitenote_category":0,"footnotes":""},"categories":[10],"tags":[1358,306,1423,15],"class_list":["post-22286","post","type-post","status-publish","format-standard","has-post-thumbnail","hentry","category-dicas","tag-casa","tag-decoracao","tag-decoracao-maximalista","tag-dicas"],"yoast_head":"<!-- This site is optimized with the Yoast SEO plugin v24.9 - https:\/\/yoast.com\/wordpress\/plugins\/seo\/ -->\n<title>Decora\u00e7\u00e3o maximalista: o que \u00e9 e como usar na sua casa<\/title>\n<meta name=\"description\" content=\"Descubra o que \u00e9 decora\u00e7\u00e3o maximalista e como decorar a sua casa. Dicas para escolher os m\u00f3veis, paletas de cores e muito mais!\" \/>\n<meta name=\"robots\" content=\"index, follow, max-snippet:-1, max-image-preview:large, max-video-preview:-1\" \/>\n<link rel=\"canonical\" href=\"https:\/\/www.mobly.com.br\/blog\/dicas\/decoracao-maximalista\/\" \/>\n<meta property=\"og:locale\" content=\"pt_BR\" \/>\n<meta property=\"og:type\" content=\"article\" \/>\n<meta property=\"og:title\" content=\"Decora\u00e7\u00e3o maximalista: o que \u00e9 e como usar na sua casa\" \/>\n<meta property=\"og:description\" content=\"Descubra o que \u00e9 decora\u00e7\u00e3o maximalista e como decorar a sua casa. Dicas para escolher os m\u00f3veis, paletas de cores e muito mais!\" \/>\n<meta property=\"og:url\" content=\"https:\/\/www.mobly.com.br\/blog\/dicas\/decoracao-maximalista\/\" \/>\n<meta property=\"og:site_name\" content=\"Blog da Mobly\" \/>\n<meta property=\"article:published_time\" content=\"2026-04-30T14:11:42+00:00\" \/>\n<meta property=\"article:modified_time\" content=\"2026-04-30T14:15:53+00:00\" \/>\n<meta property=\"og:image\" content=\"https:\/\/www.mobly.com.br\/blog\/wp-content\/uploads\/2026\/04\/decoracao-maximalista-sala.png\" \/>\n\t<meta property=\"og:image:width\" content=\"792\" \/>\n\t<meta property=\"og:image:height\" content=\"489\" \/>\n\t<meta property=\"og:image:type\" content=\"image\/png\" \/>\n<meta name=\"author\" content=\"Amanda\" \/>\n<meta name=\"twitter:card\" content=\"summary_large_image\" \/>\n<meta name=\"twitter:label1\" content=\"Escrito por\" \/>\n\t<meta name=\"twitter:data1\" content=\"Amanda\" \/>\n\t<meta name=\"twitter:label2\" content=\"Est. tempo de leitura\" \/>\n\t<meta name=\"twitter:data2\" content=\"4 minutos\" \/>\n<script type=\"application\/ld+json\" class=\"yoast-schema-graph\">{\"@context\":\"https:\/\/schema.org\",\"@graph\":[{\"@type\":\"WebPage\",\"@id\":\"https:\/\/www.mobly.com.br\/blog\/dicas\/decoracao-maximalista\/\",\"url\":\"https:\/\/www.mobly.com.br\/blog\/dicas\/decoracao-maximalista\/\",\"name\":\"Decora\u00e7\u00e3o maximalista: o que \u00e9 e como usar na sua casa\",\"isPartOf\":{\"@id\":\"https:\/\/www.mobly.com.br\/blog\/#website\"},\"primaryImageOfPage\":{\"@id\":\"https:\/\/www.mobly.com.br\/blog\/dicas\/decoracao-maximalista\/#primaryimage\"},\"image\":{\"@id\":\"https:\/\/www.mobly.com.br\/blog\/dicas\/decoracao-maximalista\/#primaryimage\"},\"thumbnailUrl\":\"https:\/\/www.mobly.com.br\/blog\/wp-content\/uploads\/2026\/04\/decoracao-maximalista-sala.png\",\"datePublished\":\"2026-04-30T14:11:42+00:00\",\"dateModified\":\"2026-04-30T14:15:53+00:00\",\"author\":{\"@id\":\"https:\/\/www.mobly.com.br\/blog\/#\/schema\/person\/4ca5f57ac9eb774e3a9fc26d6ce3d1f8\"},\"description\":\"Descubra o que \u00e9 decora\u00e7\u00e3o maximalista e como decorar a sua casa. Dicas para escolher os m\u00f3veis, paletas de cores e muito mais!\",\"breadcrumb\":{\"@id\":\"https:\/\/www.mobly.com.br\/blog\/dicas\/decoracao-maximalista\/#breadcrumb\"},\"inLanguage\":\"pt-BR\",\"potentialAction\":[{\"@type\":\"ReadAction\",\"target\":[\"https:\/\/www.mobly.com.br\/blog\/dicas\/decoracao-maximalista\/\"]}]},{\"@type\":\"ImageObject\",\"inLanguage\":\"pt-BR\",\"@id\":\"https:\/\/www.mobly.com.br\/blog\/dicas\/decoracao-maximalista\/#primaryimage\",\"url\":\"https:\/\/www.mobly.com.br\/blog\/wp-content\/uploads\/2026\/04\/decoracao-maximalista-sala.png\",\"contentUrl\":\"https:\/\/www.mobly.com.br\/blog\/wp-content\/uploads\/2026\/04\/decoracao-maximalista-sala.png\",\"width\":792,\"height\":489,\"caption\":\"decora\u00e7\u00e3o maximalista na sala de jantar com mesa de madeira, parede amarela com desenhos de c\u00edrculos preto, branco e azul, estante azul e amarela, cadeira azul e diversos itens decorativos.\"},{\"@type\":\"BreadcrumbList\",\"@id\":\"https:\/\/www.mobly.com.br\/blog\/dicas\/decoracao-maximalista\/#breadcrumb\",\"itemListElement\":[{\"@type\":\"ListItem\",\"position\":1,\"name\":\"Home\",\"item\":\"https:\/\/www.mobly.com.br\/blog\/\"},{\"@type\":\"ListItem\",\"position\":2,\"name\":\"Dicas\",\"item\":\"https:\/\/www.mobly.com.br\/blog\/dicas\/\"},{\"@type\":\"ListItem\",\"position\":3,\"name\":\"Decora\u00e7\u00e3o maximalista: como transformar sua casa em uma explos\u00e3o de personalidade\"}]},{\"@type\":\"WebSite\",\"@id\":\"https:\/\/www.mobly.com.br\/blog\/#website\",\"url\":\"https:\/\/www.mobly.com.br\/blog\/\",\"name\":\"Blog da Mobly\",\"description\":\"Dicas de Decora\u00e7\u00e3o, Inspira\u00e7\u00f5es e Mais\",\"potentialAction\":[{\"@type\":\"SearchAction\",\"target\":{\"@type\":\"EntryPoint\",\"urlTemplate\":\"https:\/\/www.mobly.com.br\/blog\/?s={search_term_string}\"},\"query-input\":{\"@type\":\"PropertyValueSpecification\",\"valueRequired\":true,\"valueName\":\"search_term_string\"}}],\"inLanguage\":\"pt-BR\"},{\"@type\":\"Person\",\"@id\":\"https:\/\/www.mobly.com.br\/blog\/#\/schema\/person\/4ca5f57ac9eb774e3a9fc26d6ce3d1f8\",\"name\":\"Amanda\",\"image\":{\"@type\":\"ImageObject\",\"inLanguage\":\"pt-BR\",\"@id\":\"https:\/\/www.mobly.com.br\/blog\/#\/schema\/person\/image\/\",\"url\":\"https:\/\/secure.gravatar.com\/avatar\/02766c2fe9b6e34cd460c70eeade014d?s=96&d=mm&r=g\",\"contentUrl\":\"https:\/\/secure.gravatar.com\/avatar\/02766c2fe9b6e34cd460c70eeade014d?s=96&d=mm&r=g\",\"caption\":\"Amanda\"},\"url\":\"https:\/\/www.mobly.com.br\/blog\/author\/amanda-silva\/\"}]}<\/script>\n<!-- \/ Yoast SEO plugin. -->","yoast_head_json":{"title":"Decora\u00e7\u00e3o maximalista: o que \u00e9 e como usar na sua casa","description":"Descubra o que \u00e9 decora\u00e7\u00e3o maximalista e como decorar a sua casa. Dicas para escolher os m\u00f3veis, paletas de cores e muito mais!","robots":{"index":"index","follow":"follow","max-snippet":"max-snippet:-1","max-image-preview":"max-image-preview:large","max-video-preview":"max-video-preview:-1"},"canonical":"https:\/\/www.mobly.com.br\/blog\/dicas\/decoracao-maximalista\/","og_locale":"pt_BR","og_type":"article","og_title":"Decora\u00e7\u00e3o maximalista: o que \u00e9 e como usar na sua casa","og_description":"Descubra o que \u00e9 decora\u00e7\u00e3o maximalista e como decorar a sua casa. Dicas para escolher os m\u00f3veis, paletas de cores e muito mais!","og_url":"https:\/\/www.mobly.com.br\/blog\/dicas\/decoracao-maximalista\/","og_site_name":"Blog da Mobly","article_published_time":"2026-04-30T14:11:42+00:00","article_modified_time":"2026-04-30T14:15:53+00:00","og_image":[{"width":792,"height":489,"url":"https:\/\/www.mobly.com.br\/blog\/wp-content\/uploads\/2026\/04\/decoracao-maximalista-sala.png","type":"image\/png"}],"author":"Amanda","twitter_card":"summary_large_image","twitter_misc":{"Escrito por":"Amanda","Est. tempo de leitura":"4 minutos"},"schema":{"@context":"https:\/\/schema.org","@graph":[{"@type":"WebPage","@id":"https:\/\/www.mobly.com.br\/blog\/dicas\/decoracao-maximalista\/","url":"https:\/\/www.mobly.com.br\/blog\/dicas\/decoracao-maximalista\/","name":"Decora\u00e7\u00e3o maximalista: o que \u00e9 e como usar na sua casa","isPartOf":{"@id":"https:\/\/www.mobly.com.br\/blog\/#website"},"primaryImageOfPage":{"@id":"https:\/\/www.mobly.com.br\/blog\/dicas\/decoracao-maximalista\/#primaryimage"},"image":{"@id":"https:\/\/www.mobly.com.br\/blog\/dicas\/decoracao-maximalista\/#primaryimage"},"thumbnailUrl":"https:\/\/www.mobly.com.br\/blog\/wp-content\/uploads\/2026\/04\/decoracao-maximalista-sala.png","datePublished":"2026-04-30T14:11:42+00:00","dateModified":"2026-04-30T14:15:53+00:00","author":{"@id":"https:\/\/www.mobly.com.br\/blog\/#\/schema\/person\/4ca5f57ac9eb774e3a9fc26d6ce3d1f8"},"description":"Descubra o que \u00e9 decora\u00e7\u00e3o maximalista e como decorar a sua casa. Dicas para escolher os m\u00f3veis, paletas de cores e muito mais!","breadcrumb":{"@id":"https:\/\/www.mobly.com.br\/blog\/dicas\/decoracao-maximalista\/#breadcrumb"},"inLanguage":"pt-BR","potentialAction":[{"@type":"ReadAction","target":["https:\/\/www.mobly.com.br\/blog\/dicas\/decoracao-maximalista\/"]}]},{"@type":"ImageObject","inLanguage":"pt-BR","@id":"https:\/\/www.mobly.com.br\/blog\/dicas\/decoracao-maximalista\/#primaryimage","url":"https:\/\/www.mobly.com.br\/blog\/wp-content\/uploads\/2026\/04\/decoracao-maximalista-sala.png","contentUrl":"https:\/\/www.mobly.com.br\/blog\/wp-content\/uploads\/2026\/04\/decoracao-maximalista-sala.png","width":792,"height":489,"caption":"decora\u00e7\u00e3o maximalista na sala de jantar com mesa de madeira, parede amarela com desenhos de c\u00edrculos preto, branco e azul, estante azul e amarela, cadeira azul e diversos itens decorativos."},{"@type":"BreadcrumbList","@id":"https:\/\/www.mobly.com.br\/blog\/dicas\/decoracao-maximalista\/#breadcrumb","itemListElement":[{"@type":"ListItem","position":1,"name":"Home","item":"https:\/\/www.mobly.com.br\/blog\/"},{"@type":"ListItem","position":2,"name":"Dicas","item":"https:\/\/www.mobly.com.br\/blog\/dicas\/"},{"@type":"ListItem","position":3,"name":"Decora\u00e7\u00e3o maximalista: como transformar sua casa em uma explos\u00e3o de personalidade"}]},{"@type":"WebSite","@id":"https:\/\/www.mobly.com.br\/blog\/#website","url":"https:\/\/www.mobly.com.br\/blog\/","name":"Blog da Mobly","description":"Dicas de Decora\u00e7\u00e3o, Inspira\u00e7\u00f5es e Mais","potentialAction":[{"@type":"SearchAction","target":{"@type":"EntryPoint","urlTemplate":"https:\/\/www.mobly.com.br\/blog\/?s={search_term_string}"},"query-input":{"@type":"PropertyValueSpecification","valueRequired":true,"valueName":"search_term_string"}}],"inLanguage":"pt-BR"},{"@type":"Person","@id":"https:\/\/www.mobly.com.br\/blog\/#\/schema\/person\/4ca5f57ac9eb774e3a9fc26d6ce3d1f8","name":"Amanda","image":{"@type":"ImageObject","inLanguage":"pt-BR","@id":"https:\/\/www.mobly.com.br\/blog\/#\/schema\/person\/image\/","url":"https:\/\/secure.gravatar.com\/avatar\/02766c2fe9b6e34cd460c70eeade014d?s=96&d=mm&r=g","contentUrl":"https:\/\/secure.gravatar.com\/avatar\/02766c2fe9b6e34cd460c70eeade014d?s=96&d=mm&r=g","caption":"Amanda"},"url":"https:\/\/www.mobly.com.br\/blog\/author\/amanda-silva\/"}]}},"_links":{"self":[{"href":"https:\/\/www.mobly.com.br\/blog\/wp-json\/wp\/v2\/posts\/22286","targetHints":{"allow":["GET"]}}],"collection":[{"href":"https:\/\/www.mobly.com.br\/blog\/wp-json\/wp\/v2\/posts"}],"about":[{"href":"https:\/\/www.mobly.com.br\/blog\/wp-json\/wp\/v2\/types\/post"}],"author":[{"embeddable":true,"href":"https:\/\/www.mobly.com.br\/blog\/wp-json\/wp\/v2\/users\/41"}],"replies":[{"embeddable":true,"href":"https:\/\/www.mobly.com.br\/blog\/wp-json\/wp\/v2\/comments?post=22286"}],"version-history":[{"count":2,"href":"https:\/\/www.mobly.com.br\/blog\/wp-json\/wp\/v2\/posts\/22286\/revisions"}],"predecessor-version":[{"id":22289,"href":"https:\/\/www.mobly.com.br\/blog\/wp-json\/wp\/v2\/posts\/22286\/revisions\/22289"}],"wp:featuredmedia":[{"embeddable":true,"href":"https:\/\/www.mobly.com.br\/blog\/wp-json\/wp\/v2\/media\/22282"}],"wp:attachment":[{"href":"https:\/\/www.mobly.com.br\/blog\/wp-json\/wp\/v2\/media?parent=22286"}],"wp:term":[{"taxonomy":"category","embeddable":true,"href":"https:\/\/www.mobly.com.br\/blog\/wp-json\/wp\/v2\/categories?post=22286"},{"taxonomy":"post_tag","embeddable":true,"href":"https:\/\/www.mobly.com.br\/blog\/wp-json\/wp\/v2\/tags?post=22286"}],"curies":[{"name":"wp","href":"https:\/\/api.w.org\/{rel}","templated":true}]}}