{"id":22071,"date":"2025-12-18T11:38:14","date_gmt":"2025-12-18T14:38:14","guid":{"rendered":"https:\/\/www.mobly.com.br\/blog\/?p=22071"},"modified":"2025-12-18T11:42:07","modified_gmt":"2025-12-18T14:42:07","slug":"cores-de-parede-para-sala","status":"publish","type":"post","link":"https:\/\/www.mobly.com.br\/blog\/dicas\/cores-de-parede-para-sala\/","title":{"rendered":"Cores de parede para sala: dicas para escolher e combinar com a sua decora\u00e7\u00e3o"},"content":{"rendered":"\n<p>A sala de estar \u00e9 o cart\u00e3o de visitas da nossa casa. \u00c9 onde relaxamos depois de um dia longo e maratonamos nossas s\u00e9ries preferidas e onde recebemos os amigos. Por isso, a escolha da <strong>cor de parede para sala<\/strong> \u00e9 t\u00e3o importante: ela tem o poder de mudar completamente a energia, a sensa\u00e7\u00e3o de espa\u00e7o e o estilo do ambiente.<\/p>\n\n\n\n<p>Mas, com esse monte de op\u00e7\u00f5es no cat\u00e1logo de tintas, \u00e9 normal bater aquela d\u00favida na hora de escolher. Ser\u00e1 que essa cor vai escurecer o ambiente? Ser\u00e1 que vou enjoar? Se voc\u00ea est\u00e1 nesse dilema, respire fundo! Preparamos um guia completo para te ajudar a escolher a <strong>cor parede de sala<\/strong> para o seu lar.<\/p>\n\n\n\n<h2 class=\"wp-block-heading\">5 dicas para escolher as cores da parede da sua sala<\/h2>\n\n\n\n<figure class=\"wp-block-image size-full\"><img loading=\"lazy\" decoding=\"async\" width=\"792\" height=\"489\" src=\"https:\/\/www.mobly.com.br\/blog\/wp-content\/uploads\/2025\/12\/cor-parede-de-sala.png\" alt=\"cor parede de sala em tons claros como azul e rosa, al\u00e9m de m\u00f3veis como sof\u00e1, poltronas e rack em tons de marrom para ter equil\u00edbrio na composi\u00e7\u00e3o.\" class=\"wp-image-22069\" srcset=\"https:\/\/www.mobly.com.br\/blog\/wp-content\/uploads\/2025\/12\/cor-parede-de-sala.png 792w, https:\/\/www.mobly.com.br\/blog\/wp-content\/uploads\/2025\/12\/cor-parede-de-sala-512x316.png 512w, https:\/\/www.mobly.com.br\/blog\/wp-content\/uploads\/2025\/12\/cor-parede-de-sala-768x474.png 768w, https:\/\/www.mobly.com.br\/blog\/wp-content\/uploads\/2025\/12\/cor-parede-de-sala-150x93.png 150w\" sizes=\"auto, (max-width: 792px) 100vw, 792px\" \/><\/figure>\n\n\n\n<p>Antes de colocar a m\u00e3o na massa (ou na tinta), \u00e9 preciso considerar alguns pontos. A cor ideal n\u00e3o \u00e9 apenas aquela que voc\u00ea acha bonita na loja, mas a que vai funcionar melhor na sua casa. Vem saber mais:<\/p>\n\n\n\n<h3 class=\"wp-block-heading\">1 &#8211; Qual \u00e9 o seu estilo de decora\u00e7\u00e3o?<\/h3>\n\n\n\n<p>A parede \u00e9 o &#8220;cen\u00e1rio&#8221; para os seus m\u00f3veis. Se voc\u00ea gosta de um estilo industrial, tons de cinza e cimento queimado s\u00e3o perfeitos. Mas se <a href=\"https:\/\/www.mobly.com.br\/blog\/dicas\/decoracao-estilo-boho\/\">prefere o estilo Boho<\/a> ou Escandinavo, os tons de areia, branco e terrosos funcionam melhor. A tinta deve complementar o que voc\u00ea j\u00e1 tem.<\/p>\n\n\n\n<h3 class=\"wp-block-heading\">2 &#8211; O tamanho do ambiente importa (e muito!)<\/h3>\n\n\n\n<figure class=\"wp-block-image size-full\"><img loading=\"lazy\" decoding=\"async\" width=\"792\" height=\"489\" src=\"https:\/\/www.mobly.com.br\/blog\/wp-content\/uploads\/2025\/12\/cor-de-parede-de-sala-neutra.png\" alt=\"cor de parede de sala neutra com m\u00f3veis em tons vibrantes como sof\u00e1 vermelho, itens decorativos azuis e pantas.\" class=\"wp-image-22063\" srcset=\"https:\/\/www.mobly.com.br\/blog\/wp-content\/uploads\/2025\/12\/cor-de-parede-de-sala-neutra.png 792w, https:\/\/www.mobly.com.br\/blog\/wp-content\/uploads\/2025\/12\/cor-de-parede-de-sala-neutra-512x316.png 512w, https:\/\/www.mobly.com.br\/blog\/wp-content\/uploads\/2025\/12\/cor-de-parede-de-sala-neutra-768x474.png 768w, https:\/\/www.mobly.com.br\/blog\/wp-content\/uploads\/2025\/12\/cor-de-parede-de-sala-neutra-150x93.png 150w\" sizes=\"auto, (max-width: 792px) 100vw, 792px\" \/><\/figure>\n\n\n\n<p>Esse \u00e9 o ponto mais importante. As cores t\u00eam o poder de dar a sensa\u00e7\u00e3o de expandir ou encolher espa\u00e7os. Se voc\u00ea procura <strong>cores para parede de sala pequena<\/strong>, os tons claros&nbsp; como brancos, off-whites e gelo s\u00e3o ideais. Eles refletem a luz e d\u00e3o a sensa\u00e7\u00e3o de amplitude. J\u00e1 as salas grandes permitem tons mais escuros e fechados como azul, amarelo e verde.<\/p>\n\n\n\n<h3 class=\"wp-block-heading\">3 &#8211; Aconchego e ilumina\u00e7\u00e3o<\/h3>\n\n\n\n<p>A luz natural muda a cor da tinta. Antes de pintar tudo, fa\u00e7a um teste. Uma cor que parece linda na lata pode ficar muito escura em uma <a href=\"https:\/\/www.mobly.com.br\/blog\/dicas\/iluminacao-da-uma-cara-nova-ao-ambiente\/\">sala com pouca ilumina\u00e7\u00e3o<\/a>. Para trazer aconchego, prefira tons com fundo quente como amarelado ou avermelhado.<\/p>\n\n\n\n<h3 class=\"wp-block-heading\">4 &#8211; O truque de pintar s\u00f3 uma parede<\/h3>\n\n\n\n<figure class=\"wp-block-image size-full\"><img loading=\"lazy\" decoding=\"async\" width=\"792\" height=\"489\" src=\"https:\/\/www.mobly.com.br\/blog\/wp-content\/uploads\/2025\/12\/cor-de-parede-para-sala.png\" alt=\"cor de parede para sala com tons vibrantes como vermelho e rosa, al\u00e9m de sof\u00e1 azul e diversos itens de decora\u00e7\u00e3o.\" class=\"wp-image-22064\" srcset=\"https:\/\/www.mobly.com.br\/blog\/wp-content\/uploads\/2025\/12\/cor-de-parede-para-sala.png 792w, https:\/\/www.mobly.com.br\/blog\/wp-content\/uploads\/2025\/12\/cor-de-parede-para-sala-512x316.png 512w, https:\/\/www.mobly.com.br\/blog\/wp-content\/uploads\/2025\/12\/cor-de-parede-para-sala-768x474.png 768w, https:\/\/www.mobly.com.br\/blog\/wp-content\/uploads\/2025\/12\/cor-de-parede-para-sala-150x93.png 150w\" sizes=\"auto, (max-width: 792px) 100vw, 792px\" \/><\/figure>\n\n\n\n<p>Tem medo de ousar e enjoar? Comece devagar! Escolher uma <strong>cor de parede de sala moderna<\/strong> e vibrante para aplicar em apenas uma superf\u00edcie (geralmente a que fica atr\u00e1s do sof\u00e1 ou da TV) cria um ponto focal incr\u00edvel sem sobrecarregar o ambiente.<\/p>\n\n\n\n<h3 class=\"wp-block-heading\">5 &#8211; Sua personalidade nas paredes<\/h3>\n\n\n\n<p>Sua casa deve refletir quem voc\u00ea \u00e9. Por isso, procure n\u00e3o seguir todas as tend\u00eancias que est\u00e3o em alta na internet. Se voc\u00ea \u00e9 vibrante e en\u00e9rgico, talvez um amarelo ou terracota seja sua cara. Se busca paz e tranquilidade, <a href=\"https:\/\/www.mobly.com.br\/blog\/inspiracoes\/tons-de-azul\/\">tons de azul<\/a> ou verde s\u00e1lvia s\u00e3o ideais.<\/p>\n\n\n\n<h2 class=\"wp-block-heading\">As principais cores para a parede da sala e o que elas transmitem<\/h2>\n\n\n\n<p>Agora que voc\u00ea j\u00e1 analisou o espa\u00e7o e o que considerar antes de tudo, vamos \u00e0s cores! Cada tonalidade desperta uma sensa\u00e7\u00e3o diferente, veja algumas delas.<\/p>\n\n\n\n<h3 class=\"wp-block-heading\">Branco e off-white<\/h3>\n\n\n\n<figure class=\"wp-block-image size-full\"><img loading=\"lazy\" decoding=\"async\" width=\"792\" height=\"489\" src=\"https:\/\/www.mobly.com.br\/blog\/wp-content\/uploads\/2025\/12\/cores-para-parede-de-sala-pequena.png\" alt=\"cores para parede de sala pequena em tons de branco e off white que s\u00e3o ideais para ambientes pequenos, al\u00e9m de m\u00f3veis em tons neutros e itens decorativos em cores vibrantes.\" class=\"wp-image-22068\" srcset=\"https:\/\/www.mobly.com.br\/blog\/wp-content\/uploads\/2025\/12\/cores-para-parede-de-sala-pequena.png 792w, https:\/\/www.mobly.com.br\/blog\/wp-content\/uploads\/2025\/12\/cores-para-parede-de-sala-pequena-512x316.png 512w, https:\/\/www.mobly.com.br\/blog\/wp-content\/uploads\/2025\/12\/cores-para-parede-de-sala-pequena-768x474.png 768w, https:\/\/www.mobly.com.br\/blog\/wp-content\/uploads\/2025\/12\/cores-para-parede-de-sala-pequena-150x93.png 150w\" sizes=\"auto, (max-width: 792px) 100vw, 792px\" \/><\/figure>\n\n\n\n<p>Essas s\u00e3o duas cores cl\u00e1ssicas que transmitem paz e uma sensa\u00e7\u00e3o de limpeza. S\u00e3o \u00f3timas cores para ambientes pequenos, pois garantem luminosidade e permitem que voc\u00ea abuse das cores nos <a href=\"https:\/\/www.mobly.com.br\/moveis?utm_source=blog&amp;utm_medium=link&amp;utm_campaign=post_Dicas_NA_cores-de-parede-para-sala\">m\u00f3veis<\/a> e itens decorativos;<\/p>\n\n\n\n<h3 class=\"wp-block-heading\">Cinza e cimento queimado<\/h3>\n\n\n\n<p>Essa cor \u00e9 a queridinha do estilo industrial. \u00c9 uma cor moderna, neutra, sofisticada e funciona como uma tela em branco para decora\u00e7\u00f5es urbanas;<\/p>\n\n\n\n<h3 class=\"wp-block-heading\">Tons terrosos<\/h3>\n\n\n\n<p>Terracota, bege e marrom est\u00e3o super em alta. Eles d\u00e3o um toque de acolhimento na sala e trazem a natureza para dentro de casa. S\u00e3o \u00f3timas op\u00e7\u00f5es tamb\u00e9m de <strong>cores de parede para sala de jantar<\/strong>, pois estimulam o apetite e a socializa\u00e7\u00e3o, criando um clima intimista;<\/p>\n\n\n\n<h3 class=\"wp-block-heading\">Azul e verde&nbsp;<\/h3>\n\n\n\n<p>Cores frias que acalmam. Um azul petr\u00f3leo traz sofistica\u00e7\u00e3o e profundidade, \u00f3timo para salas maiores. Enquanto um verde menta traz frescor e tamb\u00e9m \u00e9 f\u00e1cil de combinar com outras cores.<\/p>\n\n\n\n<h2 class=\"wp-block-heading\">A decora\u00e7\u00e3o da sala e a cor das paredes: criando harmonia<\/h2>\n\n\n\n<figure class=\"wp-block-image size-full\"><img loading=\"lazy\" decoding=\"async\" width=\"792\" height=\"489\" src=\"https:\/\/www.mobly.com.br\/blog\/wp-content\/uploads\/2025\/12\/cor-de-parede-de-sala-moderna.png\" alt=\"cor de parede de sala moderna com tons de azul e m\u00f3veis em tons de marrom, al\u00e9m de itens decorativos em cores neutras para criar equil\u00edbrio na composi\u00e7\u00e3o.\" class=\"wp-image-22062\" srcset=\"https:\/\/www.mobly.com.br\/blog\/wp-content\/uploads\/2025\/12\/cor-de-parede-de-sala-moderna.png 792w, https:\/\/www.mobly.com.br\/blog\/wp-content\/uploads\/2025\/12\/cor-de-parede-de-sala-moderna-512x316.png 512w, https:\/\/www.mobly.com.br\/blog\/wp-content\/uploads\/2025\/12\/cor-de-parede-de-sala-moderna-768x474.png 768w, https:\/\/www.mobly.com.br\/blog\/wp-content\/uploads\/2025\/12\/cor-de-parede-de-sala-moderna-150x93.png 150w\" sizes=\"auto, (max-width: 792px) 100vw, 792px\" \/><\/figure>\n\n\n\n<p>A escolha da <strong>cor de parede para sala<\/strong> n\u00e3o pode ser feita isoladamente. Ela precisa conversar com o resto da sua decora\u00e7\u00e3o. O segredo est\u00e1 no equil\u00edbrio e no contraste:<\/p>\n\n\n\n<ul class=\"wp-block-list\">\n<li>Paredes neutras + m\u00f3veis coloridos: se suas paredes s\u00e3o brancas, cinzas ou bege, voc\u00ea tem liberdade total para ter um <a href=\"https:\/\/www.mobly.com.br\/moveis\/sofas?utm_source=blog&amp;utm_medium=link&amp;utm_campaign=post_Dicas_NA_cores-de-parede-para-sala\">sof\u00e1<\/a> azul, um tapete estampado ou poltronas amarelas;<\/li>\n\n\n\n<li>Paredes coloridas + m\u00f3veis neutros: quer uma parede verde musgo ou azul marinho? Ent\u00e3o, equilibre com m\u00f3veis de madeira clara, sof\u00e1s cinzas ou bege e cortinas brancas. Isso evita que o ambiente fique visualmente pesado;<\/li>\n\n\n\n<li>Integra\u00e7\u00e3o de ambientes: agora, <a href=\"https:\/\/www.mobly.com.br\/blog\/dicas\/cozinha-e-sala-integrada\/\">se a sala \u00e9 integrada<\/a>, pense no fluxo. As cores da parede do outro ambiente podem ser um tom mais escuro da mesma paleta da sala de estar, criando uma setoriza\u00e7\u00e3o visual elegante sem precisar de paredes f\u00edsicas.<\/li>\n<\/ul>\n\n\n\n<h2 class=\"wp-block-heading\">Gostou das dicas? Continue se inspirando no blog da Mobly!<\/h2>\n\n\n\n<p>Viu s\u00f3 como mudar a cor da parede pode ser a renova\u00e7\u00e3o que sua casa precisava? Com as escolhas certas, sua <a href=\"https:\/\/www.mobly.com.br\/blog\/por-ambientes\/sala-de-estar-moderna\/\">sala vai ficar digna de capa de revista<\/a>. Se voc\u00ea quer continuar transformando seu lar, n\u00e3o pare por aqui! Aqui, no blog da Mobly, temos dezenas de conte\u00fados sobre decora\u00e7\u00e3o, organiza\u00e7\u00e3o, dicas de m\u00f3veis e tend\u00eancias para deixar cada cantinho com a sua cara.<\/p>\n<button class=\"simplefavorite-button has-count loading\" data-postid=\"22071\" data-siteid=\"1\" data-groupid=\"1\" data-favoritecount=\"0\" style=\"\">Carregando...<span class=\"sf-icon-spinner-wrapper\"><i class=\"sf-icon-spinner\"><\/i><\/span><\/button>","protected":false},"excerpt":{"rendered":"<p>A sala de estar \u00e9 o cart\u00e3o de visitas da nossa casa. \u00c9 onde relaxamos depois de um dia longo e maratonamos nossas s\u00e9ries preferidas e onde recebemos os amigos. Por isso, a escolha da cor de parede para sala \u00e9 t\u00e3o importante: ela tem o poder de mudar completamente a energia, a sensa\u00e7\u00e3o de espa\u00e7o e o estilo do ambiente. Mas, com esse monte de op\u00e7\u00f5es no cat\u00e1logo de tintas, \u00e9 normal bater aquela d\u00favida na hora de escolher. Ser\u00e1 que essa cor vai escurecer o ambiente? Ser\u00e1 que vou enjoar? Se voc\u00ea est\u00e1 nesse dilema, respire fundo! Preparamos um guia completo para te ajudar a escolher a cor parede de sala para o seu lar. 5 dicas para escolher as cores da parede da sua sala Antes de colocar a m\u00e3o na massa (ou na tinta), \u00e9 preciso considerar alguns pontos. A cor ideal n\u00e3o \u00e9 apenas aquela que voc\u00ea acha bonita na loja, mas a que vai funcionar melhor na sua casa. Vem saber mais: 1 &#8211; Qual \u00e9 o seu estilo de decora\u00e7\u00e3o? A parede \u00e9 o &#8220;cen\u00e1rio&#8221; para os seus m\u00f3veis. Se voc\u00ea gosta de um estilo industrial, tons de cinza e cimento queimado s\u00e3o [&hellip;]<\/p>\n","protected":false},"author":41,"featured_media":22066,"comment_status":"closed","ping_status":"closed","sticky":false,"template":"","format":"standard","meta":{"extendify_custom_stylesheet":"","_mi_skip_tracking":false,"_monsterinsights_skip_tracking":false,"_monsterinsights_sitenote_active":false,"_monsterinsights_sitenote_note":"","_monsterinsights_sitenote_category":0,"footnotes":""},"categories":[10],"tags":[1358,353,306,15,16],"class_list":["post-22071","post","type-post","status-publish","format-standard","has-post-thumbnail","hentry","category-dicas","tag-casa","tag-cores","tag-decoracao","tag-dicas","tag-sala-de-estar"],"yoast_head":"<!-- This site is optimized with the Yoast SEO plugin v24.9 - https:\/\/yoast.com\/wordpress\/plugins\/seo\/ -->\n<title>Cores de parede para sala: dicas para escolher as suas<\/title>\n<meta name=\"description\" content=\"Confira dicas de como escolher a cor de parede para sala, tend\u00eancias, op\u00e7\u00f5es para ambientes pequenos e como combinar com a decora\u00e7\u00e3o.\" \/>\n<meta name=\"robots\" content=\"index, follow, max-snippet:-1, max-image-preview:large, max-video-preview:-1\" \/>\n<link rel=\"canonical\" href=\"https:\/\/www.mobly.com.br\/blog\/dicas\/cores-de-parede-para-sala\/\" \/>\n<meta property=\"og:locale\" content=\"pt_BR\" \/>\n<meta property=\"og:type\" content=\"article\" \/>\n<meta property=\"og:title\" content=\"Cores de parede para sala: dicas para escolher as suas\" \/>\n<meta property=\"og:description\" content=\"Confira dicas de como escolher a cor de parede para sala, tend\u00eancias, op\u00e7\u00f5es para ambientes pequenos e como combinar com a decora\u00e7\u00e3o.\" \/>\n<meta property=\"og:url\" content=\"https:\/\/www.mobly.com.br\/blog\/dicas\/cores-de-parede-para-sala\/\" \/>\n<meta property=\"og:site_name\" content=\"Blog da Mobly\" \/>\n<meta property=\"article:published_time\" content=\"2025-12-18T14:38:14+00:00\" \/>\n<meta property=\"article:modified_time\" content=\"2025-12-18T14:42:07+00:00\" \/>\n<meta property=\"og:image\" content=\"https:\/\/www.mobly.com.br\/blog\/wp-content\/uploads\/2025\/12\/cores-de-parede-para-sala.png\" \/>\n\t<meta property=\"og:image:width\" content=\"792\" \/>\n\t<meta property=\"og:image:height\" content=\"489\" \/>\n\t<meta property=\"og:image:type\" content=\"image\/png\" \/>\n<meta name=\"author\" content=\"Amanda\" \/>\n<meta name=\"twitter:card\" content=\"summary_large_image\" \/>\n<meta name=\"twitter:label1\" content=\"Escrito por\" \/>\n\t<meta name=\"twitter:data1\" content=\"Amanda\" \/>\n\t<meta name=\"twitter:label2\" content=\"Est. tempo de leitura\" \/>\n\t<meta name=\"twitter:data2\" content=\"5 minutos\" \/>\n<script type=\"application\/ld+json\" class=\"yoast-schema-graph\">{\"@context\":\"https:\/\/schema.org\",\"@graph\":[{\"@type\":\"WebPage\",\"@id\":\"https:\/\/www.mobly.com.br\/blog\/dicas\/cores-de-parede-para-sala\/\",\"url\":\"https:\/\/www.mobly.com.br\/blog\/dicas\/cores-de-parede-para-sala\/\",\"name\":\"Cores de parede para sala: dicas para escolher as suas\",\"isPartOf\":{\"@id\":\"https:\/\/www.mobly.com.br\/blog\/#website\"},\"primaryImageOfPage\":{\"@id\":\"https:\/\/www.mobly.com.br\/blog\/dicas\/cores-de-parede-para-sala\/#primaryimage\"},\"image\":{\"@id\":\"https:\/\/www.mobly.com.br\/blog\/dicas\/cores-de-parede-para-sala\/#primaryimage\"},\"thumbnailUrl\":\"https:\/\/www.mobly.com.br\/blog\/wp-content\/uploads\/2025\/12\/cores-de-parede-para-sala.png\",\"datePublished\":\"2025-12-18T14:38:14+00:00\",\"dateModified\":\"2025-12-18T14:42:07+00:00\",\"author\":{\"@id\":\"https:\/\/www.mobly.com.br\/blog\/#\/schema\/person\/4ca5f57ac9eb774e3a9fc26d6ce3d1f8\"},\"description\":\"Confira dicas de como escolher a cor de parede para sala, tend\u00eancias, op\u00e7\u00f5es para ambientes pequenos e como combinar com a decora\u00e7\u00e3o.\",\"breadcrumb\":{\"@id\":\"https:\/\/www.mobly.com.br\/blog\/dicas\/cores-de-parede-para-sala\/#breadcrumb\"},\"inLanguage\":\"pt-BR\",\"potentialAction\":[{\"@type\":\"ReadAction\",\"target\":[\"https:\/\/www.mobly.com.br\/blog\/dicas\/cores-de-parede-para-sala\/\"]}]},{\"@type\":\"ImageObject\",\"inLanguage\":\"pt-BR\",\"@id\":\"https:\/\/www.mobly.com.br\/blog\/dicas\/cores-de-parede-para-sala\/#primaryimage\",\"url\":\"https:\/\/www.mobly.com.br\/blog\/wp-content\/uploads\/2025\/12\/cores-de-parede-para-sala.png\",\"contentUrl\":\"https:\/\/www.mobly.com.br\/blog\/wp-content\/uploads\/2025\/12\/cores-de-parede-para-sala.png\",\"width\":792,\"height\":489,\"caption\":\"cores de parede para sala com tons de laranja e rosa claro para ter equil\u00edbrio e uma composi\u00e7\u00e3o harmoniosa no ambiente.\"},{\"@type\":\"BreadcrumbList\",\"@id\":\"https:\/\/www.mobly.com.br\/blog\/dicas\/cores-de-parede-para-sala\/#breadcrumb\",\"itemListElement\":[{\"@type\":\"ListItem\",\"position\":1,\"name\":\"Home\",\"item\":\"https:\/\/www.mobly.com.br\/blog\/\"},{\"@type\":\"ListItem\",\"position\":2,\"name\":\"Dicas\",\"item\":\"https:\/\/www.mobly.com.br\/blog\/dicas\/\"},{\"@type\":\"ListItem\",\"position\":3,\"name\":\"Cores de parede para sala: dicas para escolher e combinar com a sua decora\u00e7\u00e3o\"}]},{\"@type\":\"WebSite\",\"@id\":\"https:\/\/www.mobly.com.br\/blog\/#website\",\"url\":\"https:\/\/www.mobly.com.br\/blog\/\",\"name\":\"Blog da Mobly\",\"description\":\"Dicas de Decora\u00e7\u00e3o, Inspira\u00e7\u00f5es e Mais\",\"potentialAction\":[{\"@type\":\"SearchAction\",\"target\":{\"@type\":\"EntryPoint\",\"urlTemplate\":\"https:\/\/www.mobly.com.br\/blog\/?s={search_term_string}\"},\"query-input\":{\"@type\":\"PropertyValueSpecification\",\"valueRequired\":true,\"valueName\":\"search_term_string\"}}],\"inLanguage\":\"pt-BR\"},{\"@type\":\"Person\",\"@id\":\"https:\/\/www.mobly.com.br\/blog\/#\/schema\/person\/4ca5f57ac9eb774e3a9fc26d6ce3d1f8\",\"name\":\"Amanda\",\"image\":{\"@type\":\"ImageObject\",\"inLanguage\":\"pt-BR\",\"@id\":\"https:\/\/www.mobly.com.br\/blog\/#\/schema\/person\/image\/\",\"url\":\"https:\/\/secure.gravatar.com\/avatar\/02766c2fe9b6e34cd460c70eeade014d?s=96&d=mm&r=g\",\"contentUrl\":\"https:\/\/secure.gravatar.com\/avatar\/02766c2fe9b6e34cd460c70eeade014d?s=96&d=mm&r=g\",\"caption\":\"Amanda\"},\"url\":\"https:\/\/www.mobly.com.br\/blog\/author\/amanda-silva\/\"}]}<\/script>\n<!-- \/ Yoast SEO plugin. -->","yoast_head_json":{"title":"Cores de parede para sala: dicas para escolher as suas","description":"Confira dicas de como escolher a cor de parede para sala, tend\u00eancias, op\u00e7\u00f5es para ambientes pequenos e como combinar com a decora\u00e7\u00e3o.","robots":{"index":"index","follow":"follow","max-snippet":"max-snippet:-1","max-image-preview":"max-image-preview:large","max-video-preview":"max-video-preview:-1"},"canonical":"https:\/\/www.mobly.com.br\/blog\/dicas\/cores-de-parede-para-sala\/","og_locale":"pt_BR","og_type":"article","og_title":"Cores de parede para sala: dicas para escolher as suas","og_description":"Confira dicas de como escolher a cor de parede para sala, tend\u00eancias, op\u00e7\u00f5es para ambientes pequenos e como combinar com a decora\u00e7\u00e3o.","og_url":"https:\/\/www.mobly.com.br\/blog\/dicas\/cores-de-parede-para-sala\/","og_site_name":"Blog da Mobly","article_published_time":"2025-12-18T14:38:14+00:00","article_modified_time":"2025-12-18T14:42:07+00:00","og_image":[{"width":792,"height":489,"url":"https:\/\/www.mobly.com.br\/blog\/wp-content\/uploads\/2025\/12\/cores-de-parede-para-sala.png","type":"image\/png"}],"author":"Amanda","twitter_card":"summary_large_image","twitter_misc":{"Escrito por":"Amanda","Est. tempo de leitura":"5 minutos"},"schema":{"@context":"https:\/\/schema.org","@graph":[{"@type":"WebPage","@id":"https:\/\/www.mobly.com.br\/blog\/dicas\/cores-de-parede-para-sala\/","url":"https:\/\/www.mobly.com.br\/blog\/dicas\/cores-de-parede-para-sala\/","name":"Cores de parede para sala: dicas para escolher as suas","isPartOf":{"@id":"https:\/\/www.mobly.com.br\/blog\/#website"},"primaryImageOfPage":{"@id":"https:\/\/www.mobly.com.br\/blog\/dicas\/cores-de-parede-para-sala\/#primaryimage"},"image":{"@id":"https:\/\/www.mobly.com.br\/blog\/dicas\/cores-de-parede-para-sala\/#primaryimage"},"thumbnailUrl":"https:\/\/www.mobly.com.br\/blog\/wp-content\/uploads\/2025\/12\/cores-de-parede-para-sala.png","datePublished":"2025-12-18T14:38:14+00:00","dateModified":"2025-12-18T14:42:07+00:00","author":{"@id":"https:\/\/www.mobly.com.br\/blog\/#\/schema\/person\/4ca5f57ac9eb774e3a9fc26d6ce3d1f8"},"description":"Confira dicas de como escolher a cor de parede para sala, tend\u00eancias, op\u00e7\u00f5es para ambientes pequenos e como combinar com a decora\u00e7\u00e3o.","breadcrumb":{"@id":"https:\/\/www.mobly.com.br\/blog\/dicas\/cores-de-parede-para-sala\/#breadcrumb"},"inLanguage":"pt-BR","potentialAction":[{"@type":"ReadAction","target":["https:\/\/www.mobly.com.br\/blog\/dicas\/cores-de-parede-para-sala\/"]}]},{"@type":"ImageObject","inLanguage":"pt-BR","@id":"https:\/\/www.mobly.com.br\/blog\/dicas\/cores-de-parede-para-sala\/#primaryimage","url":"https:\/\/www.mobly.com.br\/blog\/wp-content\/uploads\/2025\/12\/cores-de-parede-para-sala.png","contentUrl":"https:\/\/www.mobly.com.br\/blog\/wp-content\/uploads\/2025\/12\/cores-de-parede-para-sala.png","width":792,"height":489,"caption":"cores de parede para sala com tons de laranja e rosa claro para ter equil\u00edbrio e uma composi\u00e7\u00e3o harmoniosa no ambiente."},{"@type":"BreadcrumbList","@id":"https:\/\/www.mobly.com.br\/blog\/dicas\/cores-de-parede-para-sala\/#breadcrumb","itemListElement":[{"@type":"ListItem","position":1,"name":"Home","item":"https:\/\/www.mobly.com.br\/blog\/"},{"@type":"ListItem","position":2,"name":"Dicas","item":"https:\/\/www.mobly.com.br\/blog\/dicas\/"},{"@type":"ListItem","position":3,"name":"Cores de parede para sala: dicas para escolher e combinar com a sua decora\u00e7\u00e3o"}]},{"@type":"WebSite","@id":"https:\/\/www.mobly.com.br\/blog\/#website","url":"https:\/\/www.mobly.com.br\/blog\/","name":"Blog da Mobly","description":"Dicas de Decora\u00e7\u00e3o, Inspira\u00e7\u00f5es e Mais","potentialAction":[{"@type":"SearchAction","target":{"@type":"EntryPoint","urlTemplate":"https:\/\/www.mobly.com.br\/blog\/?s={search_term_string}"},"query-input":{"@type":"PropertyValueSpecification","valueRequired":true,"valueName":"search_term_string"}}],"inLanguage":"pt-BR"},{"@type":"Person","@id":"https:\/\/www.mobly.com.br\/blog\/#\/schema\/person\/4ca5f57ac9eb774e3a9fc26d6ce3d1f8","name":"Amanda","image":{"@type":"ImageObject","inLanguage":"pt-BR","@id":"https:\/\/www.mobly.com.br\/blog\/#\/schema\/person\/image\/","url":"https:\/\/secure.gravatar.com\/avatar\/02766c2fe9b6e34cd460c70eeade014d?s=96&d=mm&r=g","contentUrl":"https:\/\/secure.gravatar.com\/avatar\/02766c2fe9b6e34cd460c70eeade014d?s=96&d=mm&r=g","caption":"Amanda"},"url":"https:\/\/www.mobly.com.br\/blog\/author\/amanda-silva\/"}]}},"_links":{"self":[{"href":"https:\/\/www.mobly.com.br\/blog\/wp-json\/wp\/v2\/posts\/22071","targetHints":{"allow":["GET"]}}],"collection":[{"href":"https:\/\/www.mobly.com.br\/blog\/wp-json\/wp\/v2\/posts"}],"about":[{"href":"https:\/\/www.mobly.com.br\/blog\/wp-json\/wp\/v2\/types\/post"}],"author":[{"embeddable":true,"href":"https:\/\/www.mobly.com.br\/blog\/wp-json\/wp\/v2\/users\/41"}],"replies":[{"embeddable":true,"href":"https:\/\/www.mobly.com.br\/blog\/wp-json\/wp\/v2\/comments?post=22071"}],"version-history":[{"count":1,"href":"https:\/\/www.mobly.com.br\/blog\/wp-json\/wp\/v2\/posts\/22071\/revisions"}],"predecessor-version":[{"id":22072,"href":"https:\/\/www.mobly.com.br\/blog\/wp-json\/wp\/v2\/posts\/22071\/revisions\/22072"}],"wp:featuredmedia":[{"embeddable":true,"href":"https:\/\/www.mobly.com.br\/blog\/wp-json\/wp\/v2\/media\/22066"}],"wp:attachment":[{"href":"https:\/\/www.mobly.com.br\/blog\/wp-json\/wp\/v2\/media?parent=22071"}],"wp:term":[{"taxonomy":"category","embeddable":true,"href":"https:\/\/www.mobly.com.br\/blog\/wp-json\/wp\/v2\/categories?post=22071"},{"taxonomy":"post_tag","embeddable":true,"href":"https:\/\/www.mobly.com.br\/blog\/wp-json\/wp\/v2\/tags?post=22071"}],"curies":[{"name":"wp","href":"https:\/\/api.w.org\/{rel}","templated":true}]}}