{"id":22055,"date":"2025-12-11T10:28:16","date_gmt":"2025-12-11T13:28:16","guid":{"rendered":"https:\/\/www.mobly.com.br\/blog\/?p=22055"},"modified":"2025-12-11T10:29:14","modified_gmt":"2025-12-11T13:29:14","slug":"cores-para-varanda","status":"publish","type":"post","link":"https:\/\/www.mobly.com.br\/blog\/dicas\/cores-para-varanda\/","title":{"rendered":"Cores para varanda: como transformar seu espa\u00e7o externo com a paleta ideal"},"content":{"rendered":"\n<p>J\u00e1 se perguntou quais s\u00e3o as melhores <strong>cores para varanda<\/strong>? Esse pode ser um espa\u00e7o perfeito para relaxar. Ali voc\u00ea pode tomar um caf\u00e9 da manh\u00e3 demorado no fim de semana, cultivar plantas, ler um livro ou receber amigos para um happy hour.&nbsp;<\/p>\n\n\n\n<p>Quando o assunto \u00e9 cor, muita gente pode acabar travando, j\u00e1 que existem milhares de op\u00e7\u00f5es. Ser\u00e1 que pinto a parede inteira? Compro <a href=\"https:\/\/www.mobly.com.br\/moveis?utm_source=blog&amp;utm_medium=link&amp;utm_campaign=post_Dicas_NA_cores-para-varanda\">m\u00f3veis<\/a> coloridos ou mantenho tudo neutro? A verdade \u00e9 que as cores t\u00eam o poder de ampliar espa\u00e7os pequenos, trazer aconchego ou encher o local de energia vibrante.<\/p>\n\n\n\n<p>Ent\u00e3o, se voc\u00ea est\u00e1 buscando inspira\u00e7\u00e3o de <strong>cores para varanda externa<\/strong> ou quer dar um <em>up<\/em> no seu espa\u00e7o sem precisar de uma grande reforma, esse guia completo \u00e9 para voc\u00ea!<\/p>\n\n\n\n<h2 class=\"wp-block-heading\">Dicas para escolher as cores para varanda: definindo o estilo<\/h2>\n\n\n\n<figure class=\"wp-block-image size-full\"><img loading=\"lazy\" decoding=\"async\" width=\"792\" height=\"489\" src=\"https:\/\/www.mobly.com.br\/blog\/wp-content\/uploads\/2025\/12\/cores-para-varanda-externa.png\" alt=\"cores para varanda externa com estante, mesa e cadeiras de madeira, al\u00e9m de diversos vasos com plantas e parede verde.\" class=\"wp-image-22049\" srcset=\"https:\/\/www.mobly.com.br\/blog\/wp-content\/uploads\/2025\/12\/cores-para-varanda-externa.png 792w, https:\/\/www.mobly.com.br\/blog\/wp-content\/uploads\/2025\/12\/cores-para-varanda-externa-512x316.png 512w, https:\/\/www.mobly.com.br\/blog\/wp-content\/uploads\/2025\/12\/cores-para-varanda-externa-768x474.png 768w, https:\/\/www.mobly.com.br\/blog\/wp-content\/uploads\/2025\/12\/cores-para-varanda-externa-150x93.png 150w\" sizes=\"auto, (max-width: 792px) 100vw, 792px\" \/><\/figure>\n\n\n\n<p>O <a href=\"https:\/\/www.mobly.com.br\/blog\/dicas\/jardim-varanda-sacada\/\">primeiro passo para decorar a sua varanda<\/a>, \u00e9 o planejamento. As cores s\u00e3o ferramentas poderosas e v\u00e3o transformar todo o visual desse espa\u00e7o. Confira como cada paleta funciona:<\/p>\n\n\n\n<h3 class=\"wp-block-heading\">Tons terrosos e naturais: aconchego puro<\/h3>\n\n\n\n<p>Se a sua ideia \u00e9 transformar a varanda em uma extens\u00e3o da natureza (o <a href=\"https:\/\/www.mobly.com.br\/blog\/inspiracoes\/urban-jungle-o-verde-da-selva-invade-a-decoracao\/\">famoso estilo Urban Jungle<\/a> ou Boho), esta \u00e9 a escolha certa. Tons como terracota, bege, marrom-caf\u00e9, verde-musgo e mostarda conectam o ambiente com o exterior.<\/p>\n\n\n\n<p>Essas cores funcionam muito bem em paredes texturizadas ou em acess\u00f3rios de materiais naturais, como tapetes de sisal, mesas e <a href=\"https:\/\/www.mobly.com.br\/moveis-cadeiras?utm_source=blog&amp;utm_medium=link&amp;utm_campaign=post_Dicas_NA_cores-para-varanda\">cadeiras<\/a> de madeira. Unindo esses elementos, sua varanda vai ter um toque bel\u00edssimo da natureza.<\/p>\n\n\n\n<h3 class=\"wp-block-heading\">Cores vibrantes e solares: energia e um toque do ver\u00e3o<\/h3>\n\n\n\n<p>Para quem gosta de receber visitas e quer um ambiente festivo, as <strong>cores de tinta para varanda<\/strong> podem ser vibrantes. O amarelo solar, o laranja queimado, o azul turquesa e o rosa pink trazem a energia do ver\u00e3o o ano todo.<\/p>\n\n\n\n<p>Al\u00e9m disso, elas s\u00e3o \u00f3timas op\u00e7\u00f5es para dar aquele toque caloroso do ver\u00e3o. Mas se voc\u00ea tiver medo de enjoar, use essas cores em itens como <a href=\"https:\/\/www.mobly.com.br\/moveis\/sofas?utm_source=blog&amp;utm_medium=link&amp;utm_campaign=post_Dicas_NA_cores-para-varanda\">sof\u00e1s<\/a>, cadeiras, mesas ou at\u00e9 mesmo nos itens decorativos.<\/p>\n\n\n\n<h3 class=\"wp-block-heading\">Neutros e claros: amplitude e sofistica\u00e7\u00e3o<\/h3>\n\n\n\n<figure class=\"wp-block-image size-full\"><img loading=\"lazy\" decoding=\"async\" width=\"792\" height=\"489\" src=\"https:\/\/www.mobly.com.br\/blog\/wp-content\/uploads\/2025\/12\/moveis-para-varanda.png\" alt=\"m\u00f3veis para varanda, duas poltronas e uma mesa de apoio, al\u00e9m de parede em tons de rosa e azul e vasos com plantas para complementar a decora\u00e7\u00e3o da \u00e1rea externa.\" class=\"wp-image-22054\" srcset=\"https:\/\/www.mobly.com.br\/blog\/wp-content\/uploads\/2025\/12\/moveis-para-varanda.png 792w, https:\/\/www.mobly.com.br\/blog\/wp-content\/uploads\/2025\/12\/moveis-para-varanda-512x316.png 512w, https:\/\/www.mobly.com.br\/blog\/wp-content\/uploads\/2025\/12\/moveis-para-varanda-768x474.png 768w, https:\/\/www.mobly.com.br\/blog\/wp-content\/uploads\/2025\/12\/moveis-para-varanda-150x93.png 150w\" sizes=\"auto, (max-width: 792px) 100vw, 792px\" \/><\/figure>\n\n\n\n<p>Se voc\u00ea procura dicas de <strong>decora\u00e7\u00e3o varanda pequena aberta<\/strong>, os tons claros s\u00e3o seus melhores amigos. Branco, cinza claro (efeito cimento queimado), areia e <em>off-white<\/em> refletem a luz natural e fazem o espa\u00e7o parecer maior do que realmente \u00e9.<\/p>\n\n\n\n<p>Essa \u00e9 a paleta perfeita <a href=\"https:\/\/www.mobly.com.br\/blog\/dicas\/decoracao-minimalista\/\">para um estilo minimalista<\/a>, escandinavo ou industrial. Para dar um ponto de destaque, abuse das texturas nas almofadas e mantas, al\u00e9m de adornos e alguns m\u00f3veis estrat\u00e9gicos em tons vibrantes como azul, laranja, vermelho, entre outros.<\/p>\n\n\n\n<h3 class=\"wp-block-heading\">O Azul e branco: clima de praia<\/h3>\n\n\n\n<p>Quer sentir a brisa do mar sem sair da cidade? A combina\u00e7\u00e3o de azul marinho com branco \u00e9 um cl\u00e1ssico atemporal. Ela traz frescor, eleg\u00e2ncia e uma sensa\u00e7\u00e3o de calma, voc\u00ea quase pode sentir os seus p\u00e9s na areia.<\/p>\n\n\n\n<p>Para intensificar essa vibe, voc\u00ea pode escolher almofadas ou o estofado do sof\u00e1 com listras nas cores azul e branco. Para complementar a decora\u00e7\u00e3o, os m\u00f3veis de madeira clara s\u00e3o perfeitos.<\/p>\n\n\n\n<h2 class=\"wp-block-heading\">Decorando a varanda com cores: das paredes aos m\u00f3veis<\/h2>\n\n\n\n<figure class=\"wp-block-image size-full\"><img loading=\"lazy\" decoding=\"async\" width=\"792\" height=\"489\" src=\"https:\/\/www.mobly.com.br\/blog\/wp-content\/uploads\/2025\/12\/decoracao-em-varandas\u200b.png\" alt=\"decora\u00e7\u00e3o em varanda com sof\u00e1, poltronas, mesa de apoio e estante. Al\u00e9m de diversas plantas e adornos decorativos.\" class=\"wp-image-22050\" srcset=\"https:\/\/www.mobly.com.br\/blog\/wp-content\/uploads\/2025\/12\/decoracao-em-varandas\u200b.png 792w, https:\/\/www.mobly.com.br\/blog\/wp-content\/uploads\/2025\/12\/decoracao-em-varandas\u200b-512x316.png 512w, https:\/\/www.mobly.com.br\/blog\/wp-content\/uploads\/2025\/12\/decoracao-em-varandas\u200b-768x474.png 768w, https:\/\/www.mobly.com.br\/blog\/wp-content\/uploads\/2025\/12\/decoracao-em-varandas\u200b-150x93.png 150w\" sizes=\"auto, (max-width: 792px) 100vw, 792px\" \/><\/figure>\n\n\n\n<p>Agora que voc\u00ea j\u00e1 tem uma paleta em mente, como aplicar isso na pr\u00e1tica? O segredo de uma <strong>decora\u00e7\u00e3o de varanda pequena e simples<\/strong> (al\u00e9m de linda!) \u00e9 o equil\u00edbrio e a repeti\u00e7\u00e3o dos tons em diferentes n\u00edveis.<\/p>\n\n\n\n<h3 class=\"wp-block-heading\">Nas paredes: as melhores cores de tinta para varanda<\/h3>\n\n\n\n<p>A pintura \u00e9 a forma mais r\u00e1pida e barata de mudar tudo. Ao escolher as tintas para varanda, lembre-se de verificar se ela \u00e9 acr\u00edlica ou emborrachada (resistente a sol e chuva), especialmente se a \u00e1rea for aberta.<\/p>\n\n\n\n<ul class=\"wp-block-list\">\n<li>Paredes de destaque: pintar apenas uma parede de fundo com uma cor forte (como um verde fechado ou azul petr\u00f3leo) cria profundidade e destaca o verde das plantas;<\/li>\n\n\n\n<li>Meia parede e geometria: pintar apenas a metade inferior da parede protege contra a sujeira dos sapatos e m\u00f3veis, al\u00e9m de ser charmoso. Arcos pintados atr\u00e1s de <a href=\"https:\/\/www.mobly.com.br\/decoracao\/espelhos-decorativos?utm_source=blog&amp;utm_medium=link&amp;utm_campaign=post_Dicas_NA_cores-para-varanda\">espelhos<\/a> ou prateleiras tamb\u00e9m est\u00e3o em alta!<\/li>\n<\/ul>\n\n\n\n<h3 class=\"wp-block-heading\">Nos m\u00f3veis: funcionalidade com personalidade<\/h3>\n\n\n\n<figure class=\"wp-block-image size-full\"><img loading=\"lazy\" decoding=\"async\" width=\"792\" height=\"489\" src=\"https:\/\/www.mobly.com.br\/blog\/wp-content\/uploads\/2025\/12\/decoracao-varanda-pequena-aberta.png\" alt=\"decora\u00e7\u00e3o varanda pequena com mesa quadrada, tr\u00eas cadeiras, rede, almofadas decorativas e diversas plantas.\" class=\"wp-image-22052\" srcset=\"https:\/\/www.mobly.com.br\/blog\/wp-content\/uploads\/2025\/12\/decoracao-varanda-pequena-aberta.png 792w, https:\/\/www.mobly.com.br\/blog\/wp-content\/uploads\/2025\/12\/decoracao-varanda-pequena-aberta-512x316.png 512w, https:\/\/www.mobly.com.br\/blog\/wp-content\/uploads\/2025\/12\/decoracao-varanda-pequena-aberta-768x474.png 768w, https:\/\/www.mobly.com.br\/blog\/wp-content\/uploads\/2025\/12\/decoracao-varanda-pequena-aberta-150x93.png 150w\" sizes=\"auto, (max-width: 792px) 100vw, 792px\" \/><\/figure>\n\n\n\n<p>Se voc\u00ea mora em apartamento alugado ou n\u00e3o quer pintar as paredes, jogue a responsabilidade da cor para o mobili\u00e1rio e deixe a sua <strong>decora\u00e7\u00e3o em varandas<\/strong>\u200b bonita e f\u00e1cil de adaptar!<\/p>\n\n\n\n<ul class=\"wp-block-list\">\n<li>M\u00f3veis de metal e corda: cadeiras e mesas laterais em metal colorido (amarelo, vermelho, azul) s\u00e3o resistentes e viram o ponto focal;<\/li>\n\n\n\n<li>Estofados: se o sof\u00e1 for neutro (cinza ou bege), use mantas coloridas. Se quiser ousar, uma <a href=\"https:\/\/www.mobly.com.br\/moveis\/poltronas-sala?utm_source=blog&amp;utm_medium=link&amp;utm_campaign=post_Dicas_NA_cores-para-varanda\">poltrona<\/a> com tecido imperme\u00e1vel colorido (como o acquablock estampado) muda a cara do ambiente.<\/li>\n<\/ul>\n\n\n\n<h3 class=\"wp-block-heading\">No piso: o &#8220;quinto&#8221; elemento<\/h3>\n\n\n\n<p>Muitas vezes esquecemos do ch\u00e3o, mas ele ocupa uma grande \u00e1rea visual. Al\u00e9m de transformar a decora\u00e7\u00e3o da sua varanda.<\/p>\n\n\n\n<ul class=\"wp-block-list\">\n<li>Tapetes: um tapete com estampas geom\u00e9tricas coloridas d\u00e1 um destaque na decora\u00e7\u00e3o e traz conforto para os p\u00e9s;<\/li>\n\n\n\n<li>Deck de madeira: o tom avermelhado da madeira do deck funciona como uma cor quente, aquecendo varandas com piso frio branco ou cinza.<\/li>\n<\/ul>\n\n\n\n<h2 class=\"wp-block-heading\">3 combina\u00e7\u00f5es de cores para se inspirar<\/h2>\n\n\n\n<figure class=\"wp-block-image size-full\"><img loading=\"lazy\" decoding=\"async\" width=\"792\" height=\"489\" src=\"https:\/\/www.mobly.com.br\/blog\/wp-content\/uploads\/2025\/12\/cores-de-tinta-para-varanda.png\" alt=\"cores de tinta para varanda, com parede branca, banco com azul e branco, al\u00e9m de diversas almofadas, mantas, lustres pendentes e outros itens de decora\u00e7\u00e3o.\" class=\"wp-image-22047\" srcset=\"https:\/\/www.mobly.com.br\/blog\/wp-content\/uploads\/2025\/12\/cores-de-tinta-para-varanda.png 792w, https:\/\/www.mobly.com.br\/blog\/wp-content\/uploads\/2025\/12\/cores-de-tinta-para-varanda-512x316.png 512w, https:\/\/www.mobly.com.br\/blog\/wp-content\/uploads\/2025\/12\/cores-de-tinta-para-varanda-768x474.png 768w, https:\/\/www.mobly.com.br\/blog\/wp-content\/uploads\/2025\/12\/cores-de-tinta-para-varanda-150x93.png 150w\" sizes=\"auto, (max-width: 792px) 100vw, 792px\" \/><\/figure>\n\n\n\n<p>Est\u00e1 na d\u00favida de qual mistura fazer? Separamos tr\u00eas combos que sempre funcionam:<\/p>\n\n\n\n<p>1 &#8211; Cinza + amarelo: o cinza traz a modernidade do concreto urbano, enquanto o amarelo traz a luz do sol. Perfeito para varandas jovens e descoladas;<\/p>\n\n\n\n<p>2 &#8211; Verde + rosa: a combina\u00e7\u00e3o complementar que \u00e9 a cara da tend\u00eancia floresta urbana. O verde das plantas contrasta lindamente com paredes ou m\u00f3veis em rosa queimado ou salm\u00e3o;<\/p>\n\n\n\n<p>3 &#8211; Azul + madeira: a madeira aquece a frieza do azul, criando um ambiente equilibrado e sofisticado.<\/p>\n\n\n\n<h2 class=\"wp-block-heading\">Deixe a sua varanda decorada e confort\u00e1vel!<\/h2>\n\n\n\n<p>Viu como escolher as cores para varanda pode mudar totalmente o clima do seu ambiente? Seja com uma parede nova, uma poltrona vibrante ou apenas trocando a capa das almofadas, sua <a href=\"https:\/\/www.mobly.com.br\/blog\/dicas\/varanda-gourmet-saiba-como-decorar-este-ambiente\/\">\u00e1rea externa merece esse carinho<\/a>. Lembre-se: n\u00e3o existem regras!. O importante \u00e9 que a varanda reflita quem voc\u00ea \u00e9 e te convide a relaxar.<\/p>\n\n\n\n<p>Agora que voc\u00ea j\u00e1 est\u00e1 cheio de ideias, que tal colocar a m\u00e3o na massa? No site da Mobly, voc\u00ea encontra tintas, m\u00f3veis coloridos, tapetes e itens de decora\u00e7\u00e3o perfeitos para tirar seu projeto do papel.<\/p>\n<button class=\"simplefavorite-button has-count loading\" data-postid=\"22055\" data-siteid=\"1\" data-groupid=\"1\" data-favoritecount=\"0\" style=\"\">Carregando...<span class=\"sf-icon-spinner-wrapper\"><i class=\"sf-icon-spinner\"><\/i><\/span><\/button>","protected":false},"excerpt":{"rendered":"<p>J\u00e1 se perguntou quais s\u00e3o as melhores cores para varanda? Esse pode ser um espa\u00e7o perfeito para relaxar. Ali voc\u00ea pode tomar um caf\u00e9 da manh\u00e3 demorado no fim de semana, cultivar plantas, ler um livro ou receber amigos para um happy hour.&nbsp; Quando o assunto \u00e9 cor, muita gente pode acabar travando, j\u00e1 que existem milhares de op\u00e7\u00f5es. Ser\u00e1 que pinto a parede inteira? Compro m\u00f3veis coloridos ou mantenho tudo neutro? A verdade \u00e9 que as cores t\u00eam o poder de ampliar espa\u00e7os pequenos, trazer aconchego ou encher o local de energia vibrante. Ent\u00e3o, se voc\u00ea est\u00e1 buscando inspira\u00e7\u00e3o de cores para varanda externa ou quer dar um up no seu espa\u00e7o sem precisar de uma grande reforma, esse guia completo \u00e9 para voc\u00ea! Dicas para escolher as cores para varanda: definindo o estilo O primeiro passo para decorar a sua varanda, \u00e9 o planejamento. As cores s\u00e3o ferramentas poderosas e v\u00e3o transformar todo o visual desse espa\u00e7o. Confira como cada paleta funciona: Tons terrosos e naturais: aconchego puro Se a sua ideia \u00e9 transformar a varanda em uma extens\u00e3o da natureza (o famoso estilo Urban Jungle ou Boho), esta \u00e9 a escolha certa. Tons como terracota, bege, marrom-caf\u00e9, [&hellip;]<\/p>\n","protected":false},"author":41,"featured_media":22053,"comment_status":"closed","ping_status":"closed","sticky":false,"template":"","format":"standard","meta":{"extendify_custom_stylesheet":"","_mi_skip_tracking":false,"_monsterinsights_skip_tracking":false,"_monsterinsights_sitenote_active":false,"_monsterinsights_sitenote_note":"","_monsterinsights_sitenote_category":0,"footnotes":""},"categories":[10],"tags":[1358,306,15,1383,347],"class_list":["post-22055","post","type-post","status-publish","format-standard","has-post-thumbnail","hentry","category-dicas","tag-casa","tag-decoracao","tag-dicas","tag-varanda","tag-verao"],"yoast_head":"<!-- This site is optimized with the Yoast SEO plugin v24.9 - https:\/\/yoast.com\/wordpress\/plugins\/seo\/ -->\n<title>Cores para varanda: ideias para decorar sua \u00e1rea externa<\/title>\n<meta name=\"description\" content=\"Quer dar vida nova ao seu cantinho? Confira o guia completo de cores para varanda e dicas para criar um ref\u00fagio incr\u00edvel!\" \/>\n<meta name=\"robots\" content=\"index, follow, max-snippet:-1, max-image-preview:large, max-video-preview:-1\" \/>\n<link rel=\"canonical\" href=\"https:\/\/www.mobly.com.br\/blog\/dicas\/cores-para-varanda\/\" \/>\n<meta property=\"og:locale\" content=\"pt_BR\" \/>\n<meta property=\"og:type\" content=\"article\" \/>\n<meta property=\"og:title\" content=\"Cores para varanda: ideias para decorar sua \u00e1rea externa\" \/>\n<meta property=\"og:description\" content=\"Quer dar vida nova ao seu cantinho? Confira o guia completo de cores para varanda e dicas para criar um ref\u00fagio incr\u00edvel!\" \/>\n<meta property=\"og:url\" content=\"https:\/\/www.mobly.com.br\/blog\/dicas\/cores-para-varanda\/\" \/>\n<meta property=\"og:site_name\" content=\"Blog da Mobly\" \/>\n<meta property=\"article:published_time\" content=\"2025-12-11T13:28:16+00:00\" \/>\n<meta property=\"article:modified_time\" content=\"2025-12-11T13:29:14+00:00\" \/>\n<meta property=\"og:image\" content=\"https:\/\/www.mobly.com.br\/blog\/wp-content\/uploads\/2025\/12\/decoraccao-de-varanda-pequena-e-simples.png\" \/>\n\t<meta property=\"og:image:width\" content=\"792\" \/>\n\t<meta property=\"og:image:height\" content=\"489\" \/>\n\t<meta property=\"og:image:type\" content=\"image\/png\" \/>\n<meta name=\"author\" content=\"Amanda\" \/>\n<meta name=\"twitter:card\" content=\"summary_large_image\" \/>\n<meta name=\"twitter:label1\" content=\"Escrito por\" \/>\n\t<meta name=\"twitter:data1\" content=\"Amanda\" \/>\n\t<meta name=\"twitter:label2\" content=\"Est. tempo de leitura\" \/>\n\t<meta name=\"twitter:data2\" content=\"5 minutos\" \/>\n<script type=\"application\/ld+json\" class=\"yoast-schema-graph\">{\"@context\":\"https:\/\/schema.org\",\"@graph\":[{\"@type\":\"WebPage\",\"@id\":\"https:\/\/www.mobly.com.br\/blog\/dicas\/cores-para-varanda\/\",\"url\":\"https:\/\/www.mobly.com.br\/blog\/dicas\/cores-para-varanda\/\",\"name\":\"Cores para varanda: ideias para decorar sua \u00e1rea externa\",\"isPartOf\":{\"@id\":\"https:\/\/www.mobly.com.br\/blog\/#website\"},\"primaryImageOfPage\":{\"@id\":\"https:\/\/www.mobly.com.br\/blog\/dicas\/cores-para-varanda\/#primaryimage\"},\"image\":{\"@id\":\"https:\/\/www.mobly.com.br\/blog\/dicas\/cores-para-varanda\/#primaryimage\"},\"thumbnailUrl\":\"https:\/\/www.mobly.com.br\/blog\/wp-content\/uploads\/2025\/12\/decoraccao-de-varanda-pequena-e-simples.png\",\"datePublished\":\"2025-12-11T13:28:16+00:00\",\"dateModified\":\"2025-12-11T13:29:14+00:00\",\"author\":{\"@id\":\"https:\/\/www.mobly.com.br\/blog\/#\/schema\/person\/4ca5f57ac9eb774e3a9fc26d6ce3d1f8\"},\"description\":\"Quer dar vida nova ao seu cantinho? Confira o guia completo de cores para varanda e dicas para criar um ref\u00fagio incr\u00edvel!\",\"breadcrumb\":{\"@id\":\"https:\/\/www.mobly.com.br\/blog\/dicas\/cores-para-varanda\/#breadcrumb\"},\"inLanguage\":\"pt-BR\",\"potentialAction\":[{\"@type\":\"ReadAction\",\"target\":[\"https:\/\/www.mobly.com.br\/blog\/dicas\/cores-para-varanda\/\"]}]},{\"@type\":\"ImageObject\",\"inLanguage\":\"pt-BR\",\"@id\":\"https:\/\/www.mobly.com.br\/blog\/dicas\/cores-para-varanda\/#primaryimage\",\"url\":\"https:\/\/www.mobly.com.br\/blog\/wp-content\/uploads\/2025\/12\/decoraccao-de-varanda-pequena-e-simples.png\",\"contentUrl\":\"https:\/\/www.mobly.com.br\/blog\/wp-content\/uploads\/2025\/12\/decoraccao-de-varanda-pequena-e-simples.png\",\"width\":792,\"height\":489,\"caption\":\"decora\u00e7\u00e3o de varanda pequena e simples em tons de amarelo, laranja e verde para levar alegria e a vibe do ver\u00e3o para esse ambiente.\"},{\"@type\":\"BreadcrumbList\",\"@id\":\"https:\/\/www.mobly.com.br\/blog\/dicas\/cores-para-varanda\/#breadcrumb\",\"itemListElement\":[{\"@type\":\"ListItem\",\"position\":1,\"name\":\"Home\",\"item\":\"https:\/\/www.mobly.com.br\/blog\/\"},{\"@type\":\"ListItem\",\"position\":2,\"name\":\"Dicas\",\"item\":\"https:\/\/www.mobly.com.br\/blog\/dicas\/\"},{\"@type\":\"ListItem\",\"position\":3,\"name\":\"Cores para varanda: como transformar seu espa\u00e7o externo com a paleta ideal\"}]},{\"@type\":\"WebSite\",\"@id\":\"https:\/\/www.mobly.com.br\/blog\/#website\",\"url\":\"https:\/\/www.mobly.com.br\/blog\/\",\"name\":\"Blog da Mobly\",\"description\":\"Dicas de Decora\u00e7\u00e3o, Inspira\u00e7\u00f5es e Mais\",\"potentialAction\":[{\"@type\":\"SearchAction\",\"target\":{\"@type\":\"EntryPoint\",\"urlTemplate\":\"https:\/\/www.mobly.com.br\/blog\/?s={search_term_string}\"},\"query-input\":{\"@type\":\"PropertyValueSpecification\",\"valueRequired\":true,\"valueName\":\"search_term_string\"}}],\"inLanguage\":\"pt-BR\"},{\"@type\":\"Person\",\"@id\":\"https:\/\/www.mobly.com.br\/blog\/#\/schema\/person\/4ca5f57ac9eb774e3a9fc26d6ce3d1f8\",\"name\":\"Amanda\",\"image\":{\"@type\":\"ImageObject\",\"inLanguage\":\"pt-BR\",\"@id\":\"https:\/\/www.mobly.com.br\/blog\/#\/schema\/person\/image\/\",\"url\":\"https:\/\/secure.gravatar.com\/avatar\/02766c2fe9b6e34cd460c70eeade014d?s=96&d=mm&r=g\",\"contentUrl\":\"https:\/\/secure.gravatar.com\/avatar\/02766c2fe9b6e34cd460c70eeade014d?s=96&d=mm&r=g\",\"caption\":\"Amanda\"},\"url\":\"https:\/\/www.mobly.com.br\/blog\/author\/amanda-silva\/\"}]}<\/script>\n<!-- \/ Yoast SEO plugin. -->","yoast_head_json":{"title":"Cores para varanda: ideias para decorar sua \u00e1rea externa","description":"Quer dar vida nova ao seu cantinho? Confira o guia completo de cores para varanda e dicas para criar um ref\u00fagio incr\u00edvel!","robots":{"index":"index","follow":"follow","max-snippet":"max-snippet:-1","max-image-preview":"max-image-preview:large","max-video-preview":"max-video-preview:-1"},"canonical":"https:\/\/www.mobly.com.br\/blog\/dicas\/cores-para-varanda\/","og_locale":"pt_BR","og_type":"article","og_title":"Cores para varanda: ideias para decorar sua \u00e1rea externa","og_description":"Quer dar vida nova ao seu cantinho? Confira o guia completo de cores para varanda e dicas para criar um ref\u00fagio incr\u00edvel!","og_url":"https:\/\/www.mobly.com.br\/blog\/dicas\/cores-para-varanda\/","og_site_name":"Blog da Mobly","article_published_time":"2025-12-11T13:28:16+00:00","article_modified_time":"2025-12-11T13:29:14+00:00","og_image":[{"width":792,"height":489,"url":"https:\/\/www.mobly.com.br\/blog\/wp-content\/uploads\/2025\/12\/decoraccao-de-varanda-pequena-e-simples.png","type":"image\/png"}],"author":"Amanda","twitter_card":"summary_large_image","twitter_misc":{"Escrito por":"Amanda","Est. tempo de leitura":"5 minutos"},"schema":{"@context":"https:\/\/schema.org","@graph":[{"@type":"WebPage","@id":"https:\/\/www.mobly.com.br\/blog\/dicas\/cores-para-varanda\/","url":"https:\/\/www.mobly.com.br\/blog\/dicas\/cores-para-varanda\/","name":"Cores para varanda: ideias para decorar sua \u00e1rea externa","isPartOf":{"@id":"https:\/\/www.mobly.com.br\/blog\/#website"},"primaryImageOfPage":{"@id":"https:\/\/www.mobly.com.br\/blog\/dicas\/cores-para-varanda\/#primaryimage"},"image":{"@id":"https:\/\/www.mobly.com.br\/blog\/dicas\/cores-para-varanda\/#primaryimage"},"thumbnailUrl":"https:\/\/www.mobly.com.br\/blog\/wp-content\/uploads\/2025\/12\/decoraccao-de-varanda-pequena-e-simples.png","datePublished":"2025-12-11T13:28:16+00:00","dateModified":"2025-12-11T13:29:14+00:00","author":{"@id":"https:\/\/www.mobly.com.br\/blog\/#\/schema\/person\/4ca5f57ac9eb774e3a9fc26d6ce3d1f8"},"description":"Quer dar vida nova ao seu cantinho? Confira o guia completo de cores para varanda e dicas para criar um ref\u00fagio incr\u00edvel!","breadcrumb":{"@id":"https:\/\/www.mobly.com.br\/blog\/dicas\/cores-para-varanda\/#breadcrumb"},"inLanguage":"pt-BR","potentialAction":[{"@type":"ReadAction","target":["https:\/\/www.mobly.com.br\/blog\/dicas\/cores-para-varanda\/"]}]},{"@type":"ImageObject","inLanguage":"pt-BR","@id":"https:\/\/www.mobly.com.br\/blog\/dicas\/cores-para-varanda\/#primaryimage","url":"https:\/\/www.mobly.com.br\/blog\/wp-content\/uploads\/2025\/12\/decoraccao-de-varanda-pequena-e-simples.png","contentUrl":"https:\/\/www.mobly.com.br\/blog\/wp-content\/uploads\/2025\/12\/decoraccao-de-varanda-pequena-e-simples.png","width":792,"height":489,"caption":"decora\u00e7\u00e3o de varanda pequena e simples em tons de amarelo, laranja e verde para levar alegria e a vibe do ver\u00e3o para esse ambiente."},{"@type":"BreadcrumbList","@id":"https:\/\/www.mobly.com.br\/blog\/dicas\/cores-para-varanda\/#breadcrumb","itemListElement":[{"@type":"ListItem","position":1,"name":"Home","item":"https:\/\/www.mobly.com.br\/blog\/"},{"@type":"ListItem","position":2,"name":"Dicas","item":"https:\/\/www.mobly.com.br\/blog\/dicas\/"},{"@type":"ListItem","position":3,"name":"Cores para varanda: como transformar seu espa\u00e7o externo com a paleta ideal"}]},{"@type":"WebSite","@id":"https:\/\/www.mobly.com.br\/blog\/#website","url":"https:\/\/www.mobly.com.br\/blog\/","name":"Blog da Mobly","description":"Dicas de Decora\u00e7\u00e3o, Inspira\u00e7\u00f5es e Mais","potentialAction":[{"@type":"SearchAction","target":{"@type":"EntryPoint","urlTemplate":"https:\/\/www.mobly.com.br\/blog\/?s={search_term_string}"},"query-input":{"@type":"PropertyValueSpecification","valueRequired":true,"valueName":"search_term_string"}}],"inLanguage":"pt-BR"},{"@type":"Person","@id":"https:\/\/www.mobly.com.br\/blog\/#\/schema\/person\/4ca5f57ac9eb774e3a9fc26d6ce3d1f8","name":"Amanda","image":{"@type":"ImageObject","inLanguage":"pt-BR","@id":"https:\/\/www.mobly.com.br\/blog\/#\/schema\/person\/image\/","url":"https:\/\/secure.gravatar.com\/avatar\/02766c2fe9b6e34cd460c70eeade014d?s=96&d=mm&r=g","contentUrl":"https:\/\/secure.gravatar.com\/avatar\/02766c2fe9b6e34cd460c70eeade014d?s=96&d=mm&r=g","caption":"Amanda"},"url":"https:\/\/www.mobly.com.br\/blog\/author\/amanda-silva\/"}]}},"_links":{"self":[{"href":"https:\/\/www.mobly.com.br\/blog\/wp-json\/wp\/v2\/posts\/22055","targetHints":{"allow":["GET"]}}],"collection":[{"href":"https:\/\/www.mobly.com.br\/blog\/wp-json\/wp\/v2\/posts"}],"about":[{"href":"https:\/\/www.mobly.com.br\/blog\/wp-json\/wp\/v2\/types\/post"}],"author":[{"embeddable":true,"href":"https:\/\/www.mobly.com.br\/blog\/wp-json\/wp\/v2\/users\/41"}],"replies":[{"embeddable":true,"href":"https:\/\/www.mobly.com.br\/blog\/wp-json\/wp\/v2\/comments?post=22055"}],"version-history":[{"count":1,"href":"https:\/\/www.mobly.com.br\/blog\/wp-json\/wp\/v2\/posts\/22055\/revisions"}],"predecessor-version":[{"id":22056,"href":"https:\/\/www.mobly.com.br\/blog\/wp-json\/wp\/v2\/posts\/22055\/revisions\/22056"}],"wp:featuredmedia":[{"embeddable":true,"href":"https:\/\/www.mobly.com.br\/blog\/wp-json\/wp\/v2\/media\/22053"}],"wp:attachment":[{"href":"https:\/\/www.mobly.com.br\/blog\/wp-json\/wp\/v2\/media?parent=22055"}],"wp:term":[{"taxonomy":"category","embeddable":true,"href":"https:\/\/www.mobly.com.br\/blog\/wp-json\/wp\/v2\/categories?post=22055"},{"taxonomy":"post_tag","embeddable":true,"href":"https:\/\/www.mobly.com.br\/blog\/wp-json\/wp\/v2\/tags?post=22055"}],"curies":[{"name":"wp","href":"https:\/\/api.w.org\/{rel}","templated":true}]}}