{"id":20826,"date":"2025-02-18T11:11:26","date_gmt":"2025-02-18T14:11:26","guid":{"rendered":"https:\/\/www.mobly.com.br\/blog\/?p=20826"},"modified":"2025-02-18T11:11:28","modified_gmt":"2025-02-18T14:11:28","slug":"rack-e-painel-para-sala","status":"publish","type":"post","link":"https:\/\/www.mobly.com.br\/blog\/por-ambientes\/rack-e-painel-para-sala\/","title":{"rendered":"Rack e painel para sala: veja como escolher o modelo ideal para o seu espa\u00e7o"},"content":{"rendered":"\n<p>Quando pensamos na decora\u00e7\u00e3o da sala, um detalhe importante, e que faz toda a diferen\u00e7a, \u00e9 o <strong>rack e painel para sala<\/strong>. Afinal, \u00e9 ali onde passamos muitas horas assistindo s\u00e9ries, filmes ou aquele jog\u00e3o no domingo. Mas a\u00ed vem a d\u00favida: voc\u00ea sabe qual escolher, o modelo que combina mais com o seu espa\u00e7o e seu estilo de vida?<\/p>\n\n\n\n<p>A verdade \u00e9 que essa escolha vai muito al\u00e9m de ter apenas um suporte para a TV. O <strong>painel e racks para sala<\/strong> s\u00e3o um dos destaques na decora\u00e7\u00e3o, na organiza\u00e7\u00e3o e at\u00e9 na funcionalidade desse ambiente. Por isso, se voc\u00ea est\u00e1 nessa d\u00favida cruel, continue com a gente e descubra tudo o que precisa saber para acertar em cheio na escolha!<\/p>\n\n\n\n<h2 class=\"wp-block-heading\">Principais diferen\u00e7as entre o rack e o painel<\/h2>\n\n\n\n<figure class=\"wp-block-image size-full\"><img loading=\"lazy\" decoding=\"async\" width=\"792\" height=\"489\" src=\"https:\/\/www.mobly.com.br\/blog\/wp-content\/uploads\/2025\/02\/painel-de-tv-moderno-para-sala.jpg\" alt=\"painel de TV moderno para sala com lustre, poltronas, puff, manta para sof\u00e1, tapete e itens de decora\u00e7\u00e3o\" class=\"wp-image-20822\" srcset=\"https:\/\/www.mobly.com.br\/blog\/wp-content\/uploads\/2025\/02\/painel-de-tv-moderno-para-sala.jpg 792w, https:\/\/www.mobly.com.br\/blog\/wp-content\/uploads\/2025\/02\/painel-de-tv-moderno-para-sala-512x316.jpg 512w, https:\/\/www.mobly.com.br\/blog\/wp-content\/uploads\/2025\/02\/painel-de-tv-moderno-para-sala-768x474.jpg 768w\" sizes=\"auto, (max-width: 792px) 100vw, 792px\" \/><\/figure>\n\n\n\n<p>Apesar desses dois <a href=\"https:\/\/www.mobly.com.br\/moveis\">m\u00f3veis<\/a> terem a fun\u00e7\u00e3o de acomodar a TV, o rack e painel para sala s\u00e3o diferentes, tanto em termos de design quanto em funcionalidade. Vamos dar uma olhada nessas diferen\u00e7as para voc\u00ea escolher o que faz mais sentido para a sua casa.<\/p>\n\n\n\n<h3 class=\"wp-block-heading\">1. Estrutura e instala\u00e7\u00e3o<\/h3>\n\n\n\n<p>O rack \u00e9 aquele m\u00f3vel que fica no ch\u00e3o, que possui p\u00e9s ou pode ser direto no ch\u00e3o, servindo de suporte para a TV e outros objetos. Ele n\u00e3o requer instala\u00e7\u00e3o na parede, o que \u00e9 \u00f3timo para quem mora de aluguel e n\u00e3o quer furar nada. Al\u00e9m disso, existem modelos que oferecem bastante espa\u00e7o de armazenamento com gavetas, nichos e prateleiras.<\/p>\n\n\n\n<p>J\u00e1 o <a href=\"https:\/\/www.mobly.com.br\/moveis\/paineis-para-tv\">painel<\/a> \u00e9 fixado na parede e d\u00e1 aquele ar moderno ao ambiente. A TV fica suspensa, o que ajuda na organiza\u00e7\u00e3o dos fios e passa uma sensa\u00e7\u00e3o de leveza no c\u00f4modo. Mas fique ligado, porque \u00e9 necess\u00e1rio furar a parede para instal\u00e1-lo.<\/p>\n\n\n\n<h3 class=\"wp-block-heading\">2. Funcionalidade e organiza\u00e7\u00e3o<\/h3>\n\n\n\n<p>Se voc\u00ea \u00e9 do tipo que tem v\u00e1rios aparelhos eletr\u00f4nicos (videogame, home theater, caixas de som), o rack \u00e9 uma excelente escolha. Ele oferece nichos para acomodar tudo isso e ainda permite exibir objetos decorativos, como livros e vasos.<\/p>\n\n\n\n<p>Agora, o painel \u00e9 ideal para quem gosta de um ambiente minimalista e organizado, sem muitos itens \u00e0 mostra. Al\u00e9m de esconder os fios e cabos, ele deixa o ambiente com um visual mais despojado. Mas cuidado: como n\u00e3o tem tanto espa\u00e7o de armazenamento, voc\u00ea pode precisar de outro m\u00f3vel para guardar as suas coisas.<\/p>\n\n\n\n<h3 class=\"wp-block-heading\">3. Estilo e est\u00e9tica<\/h3>\n\n\n\n<p>O rack \u00e9 um m\u00f3vel tradicional e vers\u00e1til, que pode ser combinado com diversos estilos de decora\u00e7\u00e3o, desde o r\u00fastico at\u00e9 o moderno. Voc\u00ea pode escolher op\u00e7\u00f5es como o <strong>rack de madeira<\/strong>, laqueados, com vidro, espelho e at\u00e9 com portas de correr.<\/p>\n\n\n\n<p>Perfeito para quem quer um ambiente moderno e sofisticado, o painel tem um design simples, sem puxadores aparentes, e podem ter detalhes como ilumina\u00e7\u00e3o LED, que d\u00e3o um toque de eleg\u00e2ncia ao ambiente.<\/p>\n\n\n\n<h2 class=\"wp-block-heading\">Vamos l\u00e1: saiba como escolher um painel ou rack para a sala<\/h2>\n\n\n\n<figure class=\"wp-block-image size-full\"><img loading=\"lazy\" decoding=\"async\" width=\"792\" height=\"489\" src=\"https:\/\/www.mobly.com.br\/blog\/wp-content\/uploads\/2025\/02\/rack-de-madeira.png\" alt=\"sala de estar com rack de madeira, sof\u00e1, mesa de centro, almofadas e itens de decora\u00e7\u00e3o\" class=\"wp-image-20829\" srcset=\"https:\/\/www.mobly.com.br\/blog\/wp-content\/uploads\/2025\/02\/rack-de-madeira.png 792w, https:\/\/www.mobly.com.br\/blog\/wp-content\/uploads\/2025\/02\/rack-de-madeira-512x316.png 512w, https:\/\/www.mobly.com.br\/blog\/wp-content\/uploads\/2025\/02\/rack-de-madeira-768x474.png 768w\" sizes=\"auto, (max-width: 792px) 100vw, 792px\" \/><\/figure>\n\n\n\n<p>Muita calma nessa hora! Antes de sair comprando o primeiro modelo que achar bonito, \u00e9 importante analisar alguns pontos para n\u00e3o se arrepender depois. Por isso, veja algumas das nossas dicas para arrasar na sua compra.<\/p>\n\n\n\n<h3 class=\"wp-block-heading\">Tamanho da TV e do ambiente<\/h3>\n\n\n\n<p>N\u00e3o adianta escolher um painel enorme para uma TV pequena, nem um rack pequeno para uma TV gigantesca. A propor\u00e7\u00e3o \u00e9 tudo! Ent\u00e3o, o segredo \u00e9 medir o espa\u00e7o dispon\u00edvel e escolher um modelo de <strong>rack para sala pequena<\/strong> ou grande que n\u00e3o sobrecarregue o ambiente.<\/p>\n\n\n\n<h3 class=\"wp-block-heading\">Funcionalidade e necessidades<\/h3>\n\n\n\n<p>Se voc\u00ea tem muitos aparelhos eletr\u00f4nicos e objetos para organizar, um rack com nichos e gavetas \u00e9 a melhor op\u00e7\u00e3o. Agora, se a ideia \u00e9 deixar tudo com um toque minimalista e arrumado, um painel com passagem interna para os fios pode ser a solu\u00e7\u00e3o para o seu espa\u00e7o.<\/p>\n\n\n\n<h3 class=\"wp-block-heading\">Estilo de decora\u00e7\u00e3o<\/h3>\n\n\n\n<p>Para ter um ambiente moderno, escolha um painel com linhas retas e acabamento ripado, por exemplo. J\u00e1 para um estilo aconchegante e r\u00fastico, um <strong>rack com painel para sala<\/strong> de madeira \u00e9 uma excelente escolha.<\/p>\n\n\n\n<h2 class=\"wp-block-heading\">Agora \u00e9 hora de conhecer e escolher os modelos de rack e painel para sala<\/h2>\n\n\n\n<figure class=\"wp-block-image size-full\"><img loading=\"lazy\" decoding=\"async\" width=\"792\" height=\"489\" src=\"https:\/\/www.mobly.com.br\/blog\/wp-content\/uploads\/2025\/02\/rack-com-painel-para-sala.png\" alt=\"rack suspenso para sala de estar, al\u00e9m de sof\u00e1, estante, tapete, aparador e diversos itens decorativos\" class=\"wp-image-20830\" srcset=\"https:\/\/www.mobly.com.br\/blog\/wp-content\/uploads\/2025\/02\/rack-com-painel-para-sala.png 792w, https:\/\/www.mobly.com.br\/blog\/wp-content\/uploads\/2025\/02\/rack-com-painel-para-sala-512x316.png 512w, https:\/\/www.mobly.com.br\/blog\/wp-content\/uploads\/2025\/02\/rack-com-painel-para-sala-768x474.png 768w\" sizes=\"auto, (max-width: 792px) 100vw, 792px\" \/><\/figure>\n\n\n\n<p>Escolher o <a href=\"https:\/\/www.mobly.com.br\/moveis\/racks\">rack<\/a> ou o painel ideal para a sua casa pode transformar completamente a sua sala. Pensando em te ajudar, n\u00f3s separamos alguns modelos para voc\u00ea conhecer e escolher os que mais combinam com a sua personalidade.<\/p>\n\n\n\n<ul class=\"wp-block-list\"><li>Rack com rodinhas: ideal para quem gosta de mudar os m\u00f3veis de lugar de vez em quando. Al\u00e9m de ser&nbsp; muito pr\u00e1tico na hora de limpar, voc\u00ea pode colocar a TV para diferentes \u00e2ngulos;<\/li><li>Rack suspenso: \u00e9 preso na parede, mas diferente do painel, ele tem nichos, gavetas ou prateleiras que permitem guardar objetos. \u00d3timo para ambientes compactos, j\u00e1 que d\u00e1 a sensa\u00e7\u00e3o de amplitude;<\/li><li>Rack com gavetas e portas: a solu\u00e7\u00e3o para esconder a bagun\u00e7a! Se voc\u00ea tem muitos itens para organizar (tipo controles, cabos e livros), as gavetas s\u00e3o uma m\u00e3o na roda;<\/li><li>Painel simples: b\u00e1sico e funcional, sem muitos detalhes. Ideal para quem quer apenas um suporte para a TV, deixando o foco para outros elementos decorativos na sala;<\/li><li>Painel com prateleiras: al\u00e9m de suportar a TV, vem com prateleiras para expor <a href=\"https:\/\/www.mobly.com.br\/decoracao\">itens decorativos<\/a>, como vasos, livros ou quadros. \u00c9 uma \u00f3tima op\u00e7\u00e3o para quem quer um modelo funcional e decorativo;<\/li><li>Painel ripado: esse modelo \u00e9 a <a href=\"https:\/\/www.mobly.com.br\/blog\/dicas\/tipos-de-revestimentos-de-parede\/\">tend\u00eancia do momento nos revestimentos de parede<\/a>! Com um design em ripas de madeira, ele traz um ar sofisticado e acolhedor ao ambiente, \u00f3timo para decora\u00e7\u00f5es contempor\u00e2neas.<\/li><\/ul>\n\n\n\n<h2 class=\"wp-block-heading\">Conhe\u00e7a as op\u00e7\u00f5es que est\u00e3o dispon\u00edveis na Mobly!<\/h2>\n\n\n\n<p>E a\u00ed, decidiu qual \u00e9 a melhor op\u00e7\u00e3o de <a href=\"https:\/\/www.mobly.com.br\/racks-paineis-estantes-home-theater\">rack e painel<\/a> para a sua sala? Ent\u00e3o, est\u00e1 na hora de conferir as op\u00e7\u00f5es dispon\u00edveis aqui na Mobly! N\u00e3o importa se voc\u00ea est\u00e1 em busca de um modelo moderno ou simples com bastante espa\u00e7o de armazenamento, n\u00f3s temos tudo o que voc\u00ea precisa para transformar a sua sala em um ambiente elegante e confort\u00e1vel.<\/p>\n\n\n\n<p>Ent\u00e3o, preparado para <a href=\"https:\/\/www.mobly.com.br\/blog\/por-ambientes\/sala-de-estar-pequena\/\">decorar com muita personalidade sua sala pequena<\/a> ou grande? N\u00e3o se esque\u00e7a de medir bem o espa\u00e7o, escolher o estilo que mais combina com voc\u00ea e conferir as nossas op\u00e7\u00f5es. Ah, e depois conta pra gente qual foi a sua escolha!<\/p>\n<button class=\"simplefavorite-button has-count loading\" data-postid=\"20826\" data-siteid=\"1\" data-groupid=\"1\" data-favoritecount=\"0\" style=\"\">Carregando...<span class=\"sf-icon-spinner-wrapper\"><i class=\"sf-icon-spinner\"><\/i><\/span><\/button>","protected":false},"excerpt":{"rendered":"<p>Quando pensamos na decora\u00e7\u00e3o da sala, um detalhe importante, e que faz toda a diferen\u00e7a, \u00e9 o rack e painel para sala. Afinal, \u00e9 ali onde passamos muitas horas assistindo s\u00e9ries, filmes ou aquele jog\u00e3o no domingo. Mas a\u00ed vem a d\u00favida: voc\u00ea sabe qual escolher, o modelo que combina mais com o seu espa\u00e7o e seu estilo de vida? A verdade \u00e9 que essa escolha vai muito al\u00e9m de ter apenas um suporte para a TV. O painel e racks para sala s\u00e3o um dos destaques na decora\u00e7\u00e3o, na organiza\u00e7\u00e3o e at\u00e9 na funcionalidade desse ambiente. Por isso, se voc\u00ea est\u00e1 nessa d\u00favida cruel, continue com a gente e descubra tudo o que precisa saber para acertar em cheio na escolha! Principais diferen\u00e7as entre o rack e o painel Apesar desses dois m\u00f3veis terem a fun\u00e7\u00e3o de acomodar a TV, o rack e painel para sala s\u00e3o diferentes, tanto em termos de design quanto em funcionalidade. Vamos dar uma olhada nessas diferen\u00e7as para voc\u00ea escolher o que faz mais sentido para a sua casa. 1. Estrutura e instala\u00e7\u00e3o O rack \u00e9 aquele m\u00f3vel que fica no ch\u00e3o, que possui p\u00e9s ou pode ser direto no ch\u00e3o, servindo de suporte [&hellip;]<\/p>\n","protected":false},"author":41,"featured_media":20824,"comment_status":"closed","ping_status":"closed","sticky":false,"template":"","format":"standard","meta":{"extendify_custom_stylesheet":"","_mi_skip_tracking":false,"_monsterinsights_skip_tracking":false,"_monsterinsights_sitenote_active":false,"_monsterinsights_sitenote_note":"","_monsterinsights_sitenote_category":0,"footnotes":""},"categories":[207,262],"tags":[306,15,1352,16],"class_list":["post-20826","post","type-post","status-publish","format-standard","has-post-thumbnail","hentry","category-por-ambientes","category-sala-de-estar","tag-decoracao","tag-dicas","tag-painel-e-rack","tag-sala-de-estar"],"yoast_head":"<!-- This site is optimized with the Yoast SEO plugin v24.9 - https:\/\/yoast.com\/wordpress\/plugins\/seo\/ -->\n<title>Rack e painel para sala, voc\u00ea sabe escolher?<\/title>\n<meta name=\"description\" content=\"Voc\u00ea sabe escolher um rack e painel para sala? Com as nossas dicas, vai ser mais f\u00e1cil decorar esse ambiente, vem ficar por dentro de tudo!\" \/>\n<meta name=\"robots\" content=\"index, follow, max-snippet:-1, max-image-preview:large, max-video-preview:-1\" \/>\n<link rel=\"canonical\" href=\"https:\/\/www.mobly.com.br\/blog\/por-ambientes\/rack-e-painel-para-sala\/\" \/>\n<meta property=\"og:locale\" content=\"pt_BR\" \/>\n<meta property=\"og:type\" content=\"article\" \/>\n<meta property=\"og:title\" content=\"Rack e painel para sala, voc\u00ea sabe escolher?\" \/>\n<meta property=\"og:description\" content=\"Voc\u00ea sabe escolher um rack e painel para sala? Com as nossas dicas, vai ser mais f\u00e1cil decorar esse ambiente, vem ficar por dentro de tudo!\" \/>\n<meta property=\"og:url\" content=\"https:\/\/www.mobly.com.br\/blog\/por-ambientes\/rack-e-painel-para-sala\/\" \/>\n<meta property=\"og:site_name\" content=\"Blog da Mobly\" \/>\n<meta property=\"article:published_time\" content=\"2025-02-18T14:11:26+00:00\" \/>\n<meta property=\"article:modified_time\" content=\"2025-02-18T14:11:28+00:00\" \/>\n<meta property=\"og:image\" content=\"https:\/\/www.mobly.com.br\/blog\/wp-content\/uploads\/2025\/02\/rack-e-painel-para-sala.jpg\" \/>\n\t<meta property=\"og:image:width\" content=\"792\" \/>\n\t<meta property=\"og:image:height\" content=\"489\" \/>\n\t<meta property=\"og:image:type\" content=\"image\/jpeg\" \/>\n<meta name=\"author\" content=\"Amanda\" \/>\n<meta name=\"twitter:card\" content=\"summary_large_image\" \/>\n<meta name=\"twitter:label1\" content=\"Escrito por\" \/>\n\t<meta name=\"twitter:data1\" content=\"Amanda\" \/>\n\t<meta name=\"twitter:label2\" content=\"Est. tempo de leitura\" \/>\n\t<meta name=\"twitter:data2\" content=\"7 minutos\" \/>\n<script type=\"application\/ld+json\" class=\"yoast-schema-graph\">{\"@context\":\"https:\/\/schema.org\",\"@graph\":[{\"@type\":\"WebPage\",\"@id\":\"https:\/\/www.mobly.com.br\/blog\/por-ambientes\/rack-e-painel-para-sala\/\",\"url\":\"https:\/\/www.mobly.com.br\/blog\/por-ambientes\/rack-e-painel-para-sala\/\",\"name\":\"Rack e painel para sala, voc\u00ea sabe escolher?\",\"isPartOf\":{\"@id\":\"https:\/\/www.mobly.com.br\/blog\/#website\"},\"primaryImageOfPage\":{\"@id\":\"https:\/\/www.mobly.com.br\/blog\/por-ambientes\/rack-e-painel-para-sala\/#primaryimage\"},\"image\":{\"@id\":\"https:\/\/www.mobly.com.br\/blog\/por-ambientes\/rack-e-painel-para-sala\/#primaryimage\"},\"thumbnailUrl\":\"https:\/\/www.mobly.com.br\/blog\/wp-content\/uploads\/2025\/02\/rack-e-painel-para-sala.jpg\",\"datePublished\":\"2025-02-18T14:11:26+00:00\",\"dateModified\":\"2025-02-18T14:11:28+00:00\",\"author\":{\"@id\":\"https:\/\/www.mobly.com.br\/blog\/#\/schema\/person\/4ca5f57ac9eb774e3a9fc26d6ce3d1f8\"},\"description\":\"Voc\u00ea sabe escolher um rack e painel para sala? Com as nossas dicas, vai ser mais f\u00e1cil decorar esse ambiente, vem ficar por dentro de tudo!\",\"breadcrumb\":{\"@id\":\"https:\/\/www.mobly.com.br\/blog\/por-ambientes\/rack-e-painel-para-sala\/#breadcrumb\"},\"inLanguage\":\"pt-BR\",\"potentialAction\":[{\"@type\":\"ReadAction\",\"target\":[\"https:\/\/www.mobly.com.br\/blog\/por-ambientes\/rack-e-painel-para-sala\/\"]}]},{\"@type\":\"ImageObject\",\"inLanguage\":\"pt-BR\",\"@id\":\"https:\/\/www.mobly.com.br\/blog\/por-ambientes\/rack-e-painel-para-sala\/#primaryimage\",\"url\":\"https:\/\/www.mobly.com.br\/blog\/wp-content\/uploads\/2025\/02\/rack-e-painel-para-sala.jpg\",\"contentUrl\":\"https:\/\/www.mobly.com.br\/blog\/wp-content\/uploads\/2025\/02\/rack-e-painel-para-sala.jpg\",\"width\":792,\"height\":489,\"caption\":\"rack e painel para sala na cor marrom, com TV, sof\u00e1, puffes, poltrona e diversos itens decorativos\"},{\"@type\":\"BreadcrumbList\",\"@id\":\"https:\/\/www.mobly.com.br\/blog\/por-ambientes\/rack-e-painel-para-sala\/#breadcrumb\",\"itemListElement\":[{\"@type\":\"ListItem\",\"position\":1,\"name\":\"Home\",\"item\":\"https:\/\/www.mobly.com.br\/blog\/\"},{\"@type\":\"ListItem\",\"position\":2,\"name\":\"Por Ambientes\",\"item\":\"https:\/\/www.mobly.com.br\/blog\/por-ambientes\/\"},{\"@type\":\"ListItem\",\"position\":3,\"name\":\"Rack e painel para sala: veja como escolher o modelo ideal para o seu espa\u00e7o\"}]},{\"@type\":\"WebSite\",\"@id\":\"https:\/\/www.mobly.com.br\/blog\/#website\",\"url\":\"https:\/\/www.mobly.com.br\/blog\/\",\"name\":\"Blog da Mobly\",\"description\":\"Dicas de Decora\u00e7\u00e3o, Inspira\u00e7\u00f5es e Mais\",\"potentialAction\":[{\"@type\":\"SearchAction\",\"target\":{\"@type\":\"EntryPoint\",\"urlTemplate\":\"https:\/\/www.mobly.com.br\/blog\/?s={search_term_string}\"},\"query-input\":{\"@type\":\"PropertyValueSpecification\",\"valueRequired\":true,\"valueName\":\"search_term_string\"}}],\"inLanguage\":\"pt-BR\"},{\"@type\":\"Person\",\"@id\":\"https:\/\/www.mobly.com.br\/blog\/#\/schema\/person\/4ca5f57ac9eb774e3a9fc26d6ce3d1f8\",\"name\":\"Amanda\",\"image\":{\"@type\":\"ImageObject\",\"inLanguage\":\"pt-BR\",\"@id\":\"https:\/\/www.mobly.com.br\/blog\/#\/schema\/person\/image\/\",\"url\":\"https:\/\/secure.gravatar.com\/avatar\/02766c2fe9b6e34cd460c70eeade014d?s=96&d=mm&r=g\",\"contentUrl\":\"https:\/\/secure.gravatar.com\/avatar\/02766c2fe9b6e34cd460c70eeade014d?s=96&d=mm&r=g\",\"caption\":\"Amanda\"},\"url\":\"https:\/\/www.mobly.com.br\/blog\/author\/amanda-silva\/\"}]}<\/script>\n<!-- \/ Yoast SEO plugin. -->","yoast_head_json":{"title":"Rack e painel para sala, voc\u00ea sabe escolher?","description":"Voc\u00ea sabe escolher um rack e painel para sala? Com as nossas dicas, vai ser mais f\u00e1cil decorar esse ambiente, vem ficar por dentro de tudo!","robots":{"index":"index","follow":"follow","max-snippet":"max-snippet:-1","max-image-preview":"max-image-preview:large","max-video-preview":"max-video-preview:-1"},"canonical":"https:\/\/www.mobly.com.br\/blog\/por-ambientes\/rack-e-painel-para-sala\/","og_locale":"pt_BR","og_type":"article","og_title":"Rack e painel para sala, voc\u00ea sabe escolher?","og_description":"Voc\u00ea sabe escolher um rack e painel para sala? Com as nossas dicas, vai ser mais f\u00e1cil decorar esse ambiente, vem ficar por dentro de tudo!","og_url":"https:\/\/www.mobly.com.br\/blog\/por-ambientes\/rack-e-painel-para-sala\/","og_site_name":"Blog da Mobly","article_published_time":"2025-02-18T14:11:26+00:00","article_modified_time":"2025-02-18T14:11:28+00:00","og_image":[{"width":792,"height":489,"url":"https:\/\/www.mobly.com.br\/blog\/wp-content\/uploads\/2025\/02\/rack-e-painel-para-sala.jpg","type":"image\/jpeg"}],"author":"Amanda","twitter_card":"summary_large_image","twitter_misc":{"Escrito por":"Amanda","Est. tempo de leitura":"7 minutos"},"schema":{"@context":"https:\/\/schema.org","@graph":[{"@type":"WebPage","@id":"https:\/\/www.mobly.com.br\/blog\/por-ambientes\/rack-e-painel-para-sala\/","url":"https:\/\/www.mobly.com.br\/blog\/por-ambientes\/rack-e-painel-para-sala\/","name":"Rack e painel para sala, voc\u00ea sabe escolher?","isPartOf":{"@id":"https:\/\/www.mobly.com.br\/blog\/#website"},"primaryImageOfPage":{"@id":"https:\/\/www.mobly.com.br\/blog\/por-ambientes\/rack-e-painel-para-sala\/#primaryimage"},"image":{"@id":"https:\/\/www.mobly.com.br\/blog\/por-ambientes\/rack-e-painel-para-sala\/#primaryimage"},"thumbnailUrl":"https:\/\/www.mobly.com.br\/blog\/wp-content\/uploads\/2025\/02\/rack-e-painel-para-sala.jpg","datePublished":"2025-02-18T14:11:26+00:00","dateModified":"2025-02-18T14:11:28+00:00","author":{"@id":"https:\/\/www.mobly.com.br\/blog\/#\/schema\/person\/4ca5f57ac9eb774e3a9fc26d6ce3d1f8"},"description":"Voc\u00ea sabe escolher um rack e painel para sala? Com as nossas dicas, vai ser mais f\u00e1cil decorar esse ambiente, vem ficar por dentro de tudo!","breadcrumb":{"@id":"https:\/\/www.mobly.com.br\/blog\/por-ambientes\/rack-e-painel-para-sala\/#breadcrumb"},"inLanguage":"pt-BR","potentialAction":[{"@type":"ReadAction","target":["https:\/\/www.mobly.com.br\/blog\/por-ambientes\/rack-e-painel-para-sala\/"]}]},{"@type":"ImageObject","inLanguage":"pt-BR","@id":"https:\/\/www.mobly.com.br\/blog\/por-ambientes\/rack-e-painel-para-sala\/#primaryimage","url":"https:\/\/www.mobly.com.br\/blog\/wp-content\/uploads\/2025\/02\/rack-e-painel-para-sala.jpg","contentUrl":"https:\/\/www.mobly.com.br\/blog\/wp-content\/uploads\/2025\/02\/rack-e-painel-para-sala.jpg","width":792,"height":489,"caption":"rack e painel para sala na cor marrom, com TV, sof\u00e1, puffes, poltrona e diversos itens decorativos"},{"@type":"BreadcrumbList","@id":"https:\/\/www.mobly.com.br\/blog\/por-ambientes\/rack-e-painel-para-sala\/#breadcrumb","itemListElement":[{"@type":"ListItem","position":1,"name":"Home","item":"https:\/\/www.mobly.com.br\/blog\/"},{"@type":"ListItem","position":2,"name":"Por Ambientes","item":"https:\/\/www.mobly.com.br\/blog\/por-ambientes\/"},{"@type":"ListItem","position":3,"name":"Rack e painel para sala: veja como escolher o modelo ideal para o seu espa\u00e7o"}]},{"@type":"WebSite","@id":"https:\/\/www.mobly.com.br\/blog\/#website","url":"https:\/\/www.mobly.com.br\/blog\/","name":"Blog da Mobly","description":"Dicas de Decora\u00e7\u00e3o, Inspira\u00e7\u00f5es e Mais","potentialAction":[{"@type":"SearchAction","target":{"@type":"EntryPoint","urlTemplate":"https:\/\/www.mobly.com.br\/blog\/?s={search_term_string}"},"query-input":{"@type":"PropertyValueSpecification","valueRequired":true,"valueName":"search_term_string"}}],"inLanguage":"pt-BR"},{"@type":"Person","@id":"https:\/\/www.mobly.com.br\/blog\/#\/schema\/person\/4ca5f57ac9eb774e3a9fc26d6ce3d1f8","name":"Amanda","image":{"@type":"ImageObject","inLanguage":"pt-BR","@id":"https:\/\/www.mobly.com.br\/blog\/#\/schema\/person\/image\/","url":"https:\/\/secure.gravatar.com\/avatar\/02766c2fe9b6e34cd460c70eeade014d?s=96&d=mm&r=g","contentUrl":"https:\/\/secure.gravatar.com\/avatar\/02766c2fe9b6e34cd460c70eeade014d?s=96&d=mm&r=g","caption":"Amanda"},"url":"https:\/\/www.mobly.com.br\/blog\/author\/amanda-silva\/"}]}},"_links":{"self":[{"href":"https:\/\/www.mobly.com.br\/blog\/wp-json\/wp\/v2\/posts\/20826","targetHints":{"allow":["GET"]}}],"collection":[{"href":"https:\/\/www.mobly.com.br\/blog\/wp-json\/wp\/v2\/posts"}],"about":[{"href":"https:\/\/www.mobly.com.br\/blog\/wp-json\/wp\/v2\/types\/post"}],"author":[{"embeddable":true,"href":"https:\/\/www.mobly.com.br\/blog\/wp-json\/wp\/v2\/users\/41"}],"replies":[{"embeddable":true,"href":"https:\/\/www.mobly.com.br\/blog\/wp-json\/wp\/v2\/comments?post=20826"}],"version-history":[{"count":2,"href":"https:\/\/www.mobly.com.br\/blog\/wp-json\/wp\/v2\/posts\/20826\/revisions"}],"predecessor-version":[{"id":20831,"href":"https:\/\/www.mobly.com.br\/blog\/wp-json\/wp\/v2\/posts\/20826\/revisions\/20831"}],"wp:featuredmedia":[{"embeddable":true,"href":"https:\/\/www.mobly.com.br\/blog\/wp-json\/wp\/v2\/media\/20824"}],"wp:attachment":[{"href":"https:\/\/www.mobly.com.br\/blog\/wp-json\/wp\/v2\/media?parent=20826"}],"wp:term":[{"taxonomy":"category","embeddable":true,"href":"https:\/\/www.mobly.com.br\/blog\/wp-json\/wp\/v2\/categories?post=20826"},{"taxonomy":"post_tag","embeddable":true,"href":"https:\/\/www.mobly.com.br\/blog\/wp-json\/wp\/v2\/tags?post=20826"}],"curies":[{"name":"wp","href":"https:\/\/api.w.org\/{rel}","templated":true}]}}