{"id":20797,"date":"2025-02-11T11:01:11","date_gmt":"2025-02-11T14:01:11","guid":{"rendered":"https:\/\/www.mobly.com.br\/blog\/?p=20797"},"modified":"2025-02-11T11:01:13","modified_gmt":"2025-02-11T14:01:13","slug":"sala-de-estar-moderna","status":"publish","type":"post","link":"https:\/\/www.mobly.com.br\/blog\/por-ambientes\/sala-de-estar-moderna\/","title":{"rendered":"Sala de estar moderna: veja quais m\u00f3veis e acess\u00f3rios usar para montar a sua"},"content":{"rendered":"\n<p>Que tal ter uma <strong>sala de estar moderna<\/strong>? Se tem um ambiente que define o estilo da nossa casa, \u00e9 esse! A sala \u00e9 o cart\u00e3o de visitas do lar, o ponto de encontro para relaxar, receber visitas e at\u00e9 maratonar suas s\u00e9ries e filmes preferidos.&nbsp;<\/p>\n\n\n\n<p>Mas como deixar esse espa\u00e7o com um toque moderno sem abrir m\u00e3o do conforto? \u00c9 exatamente isso que vamos descobrir aqui! Se voc\u00ea j\u00e1 se perguntou quais s\u00e3o as caracter\u00edsticas para ter uma <strong>decora\u00e7\u00e3o sala de estar moderna<\/strong>, como escolher os m\u00f3veis e quais itens fazem toda a diferen\u00e7a, pode relaxar no sof\u00e1 e continuar lendo. Vem ver tudo sobre esse assunto!<\/p>\n\n\n\n<h2 class=\"wp-block-heading\">Quais as principais caracter\u00edsticas que uma sala moderna deve ter?<\/h2>\n\n\n\n<figure class=\"wp-block-image size-full\"><img loading=\"lazy\" decoding=\"async\" width=\"792\" height=\"489\" src=\"https:\/\/www.mobly.com.br\/blog\/wp-content\/uploads\/2025\/02\/bancos-modernos-para-sala-de-estar.jpg\" alt=\"sala de estar moderna com rack, poltronas, tapete, puff e outros elementos decorativos em tonalidades neutras\" class=\"wp-image-20800\" srcset=\"https:\/\/www.mobly.com.br\/blog\/wp-content\/uploads\/2025\/02\/bancos-modernos-para-sala-de-estar.jpg 792w, https:\/\/www.mobly.com.br\/blog\/wp-content\/uploads\/2025\/02\/bancos-modernos-para-sala-de-estar-512x316.jpg 512w, https:\/\/www.mobly.com.br\/blog\/wp-content\/uploads\/2025\/02\/bancos-modernos-para-sala-de-estar-768x474.jpg 768w\" sizes=\"auto, (max-width: 792px) 100vw, 792px\" \/><\/figure>\n\n\n\n<p>Uma sala de estar moderna n\u00e3o \u00e9 s\u00f3 bonita, mas tamb\u00e9m funcional. Ent\u00e3o, para garantir esse equil\u00edbrio, alguns elementos s\u00e3o essenciais. Vamos quebrar isso em partes para facilitar:<\/p>\n\n\n\n<h3 class=\"wp-block-heading\">1. Menos \u00e9 mais!<\/h3>\n\n\n\n<p>Nada de entulhar a sala com itens desnecess\u00e1rios. A ideia do design moderno \u00e9 manter um visual sem excessos, com poucos elementos, mas bem escolhidos. Isso significa ter <a href=\"https:\/\/www.mobly.com.br\/v2\/moveis\">m\u00f3veis<\/a> com design mais simples e evitar excesso de objetos decorativos.<\/p>\n\n\n\n<h3 class=\"wp-block-heading\">2. Cores neutras e pontos de destaque<\/h3>\n\n\n\n<p>A paleta de cores para esse estilo, deve ser baseada em tons neutros, como branco, cinza e preto. Mas isso n\u00e3o significa que o ambiente n\u00e3o pode ter tons vibrantes. Para ter uma <strong>sala de estar moderna e simples<\/strong>, com pontos de cores, voc\u00ea pode usar essas tonalidades nas almofadas, quadros ou tapetes para destac\u00e1-los.<\/p>\n\n\n\n<h3 class=\"wp-block-heading\">3. Ilumina\u00e7\u00e3o estrat\u00e9gica<\/h3>\n\n\n\n<p>Sabia que uma boa <a href=\"https:\/\/www.mobly.com.br\/v2\/decoracao\/iluminacao-decorativa\">ilumina\u00e7\u00e3o<\/a> faz toda a diferen\u00e7a? Para deixar a sua sala bem iluminada e aconchegante, voc\u00ea pode usar luzes embutidas, lumin\u00e1rias de piso ou fitas de LED para criar um espa\u00e7o aconchegante e bonito.<\/p>\n\n\n\n<h3 class=\"wp-block-heading\">4. Integra\u00e7\u00e3o dos espa\u00e7os<\/h3>\n\n\n\n<p>Nas casas e apartamentos mais modernos, a sala de estar costuma ser integrada \u00e0 cozinha ou \u00e0 sala de jantar. Isso d\u00e1 uma sensa\u00e7\u00e3o de amplitude e deixa o ambiente mais fluido e pr\u00e1tico. Voc\u00ea tamb\u00e9m pode aproveitar para montar um <strong>barzinho para sala de estar moderno<\/strong>, de acordo com o espa\u00e7o dispon\u00edvel.<\/p>\n\n\n\n<h2 class=\"wp-block-heading\">Dicas de como escolher os m\u00f3veis para uma sala de estar moderna<\/h2>\n\n\n\n<p>Depois de conferir quais s\u00e3o as caracter\u00edsticas da sala moderna, que tal ver algumas dicas para escolher os m\u00f3veis? Lembre-se que eles s\u00e3o fundamentais para criar um ambiente moderno e confort\u00e1vel. Vem se inspirar para escolher os seus preferidos e deixar sua casa do seu jeito:<\/p>\n\n\n\n<h3 class=\"wp-block-heading\">Sof\u00e1: o grande protagonista da sala<\/h3>\n\n\n\n<figure class=\"wp-block-image size-full\"><img loading=\"lazy\" decoding=\"async\" width=\"792\" height=\"489\" src=\"https:\/\/www.mobly.com.br\/blog\/wp-content\/uploads\/2025\/02\/sofa-branco-moderno.jpg\" alt=\"sof\u00e1 branco moderno na sala de estar com poltrona, mesa lateral, lustre, almofadas e outros itens\" class=\"wp-image-20804\" srcset=\"https:\/\/www.mobly.com.br\/blog\/wp-content\/uploads\/2025\/02\/sofa-branco-moderno.jpg 792w, https:\/\/www.mobly.com.br\/blog\/wp-content\/uploads\/2025\/02\/sofa-branco-moderno-512x316.jpg 512w, https:\/\/www.mobly.com.br\/blog\/wp-content\/uploads\/2025\/02\/sofa-branco-moderno-768x474.jpg 768w\" sizes=\"auto, (max-width: 792px) 100vw, 792px\" \/><\/figure>\n\n\n\n<p>O <a href=\"https:\/\/www.mobly.com.br\/v2\/moveis\/sofas\">sof\u00e1<\/a> \u00e9 o item mais importante da sala de estar. Modelos retos e em tons neutros s\u00e3o os mais recomendados para ter um toque moderno. Agora, se quiser um toque elegante, as op\u00e7\u00f5es em tecidos como linho ou veludo v\u00e3o te conquistar.<\/p>\n\n\n\n<h3 class=\"wp-block-heading\">Mesa de centro e laterais<\/h3>\n\n\n\n<p>As <a href=\"https:\/\/www.mobly.com.br\/v2\/moveis\/mesas-de-centro\">mesas de centro<\/a> e laterais ajudam a complementar a decora\u00e7\u00e3o e ainda trazem funcionalidade. Prefira modelos com materiais como vidro, metal ou madeira clara para ter visual moderno e contempor\u00e2neo.<\/p>\n\n\n\n<h3 class=\"wp-block-heading\">Rack ou painel para TV<\/h3>\n\n\n\n<p>Se voc\u00ea adora assistir s\u00e9ries e filmes, um bom rack ou painel \u00e9 indispens\u00e1vel. Opte por modelos com design discreto e que tenham espa\u00e7o para organizar fios e eletr\u00f4nicos sem deixar a bagun\u00e7a \u00e0 mostra.<\/p>\n\n\n\n<h3 class=\"wp-block-heading\">Poltronas e puffs<\/h3>\n\n\n\n<p>Al\u00e9m do sof\u00e1, <strong>bancos modernos para sala de estar<\/strong>, poltronas e puffs s\u00e3o \u00f3timos para trazer mais assentos, mas sem ocupar muito espa\u00e7o. Escolha pe\u00e7as com formatos diferenciados para dar um charme extra.<\/p>\n\n\n\n<h2 class=\"wp-block-heading\">Quais os itens decorativos que d\u00e3o um toque moderno \u00e0 sala?<\/h2>\n\n\n\n<figure class=\"wp-block-image size-full\"><img loading=\"lazy\" decoding=\"async\" width=\"792\" height=\"489\" src=\"https:\/\/www.mobly.com.br\/blog\/wp-content\/uploads\/2025\/02\/barzinho-para-sala-de-estar-moderno.jpg\" alt=\"barzinho para sala de estar moderna, al\u00e9m de poltronas e itens decorativos\" class=\"wp-image-20801\" srcset=\"https:\/\/www.mobly.com.br\/blog\/wp-content\/uploads\/2025\/02\/barzinho-para-sala-de-estar-moderno.jpg 792w, https:\/\/www.mobly.com.br\/blog\/wp-content\/uploads\/2025\/02\/barzinho-para-sala-de-estar-moderno-512x316.jpg 512w, https:\/\/www.mobly.com.br\/blog\/wp-content\/uploads\/2025\/02\/barzinho-para-sala-de-estar-moderno-768x474.jpg 768w\" sizes=\"auto, (max-width: 792px) 100vw, 792px\" \/><\/figure>\n\n\n\n<p>Agora que j\u00e1 falamos dos m\u00f3veis, vamos aos detalhes que fazem toda a diferen\u00e7a na decora\u00e7\u00e3o da sala de estar moderna. Aqui, voc\u00ea pode &#8211; e deve &#8211; usar e abusar da sua criatividade para escolher as pe\u00e7as que mais combinam com seus gostos.<\/p>\n\n\n\n<ul class=\"wp-block-list\"><li>As paredes n\u00e3o precisam ficar vazias! Ter um <strong>quadro moderno para sala de estar<\/strong> com imagens abstratas ou com frases inspiradoras s\u00e3o boas alternativas;<\/li><li>Nada como um toque de verde para dar vida \u00e0 sala. As plantas em vasos de cer\u00e2mica ou vidro trazem frescor e ajudam a purificar o ar. Samambaias, costelas-de-ad\u00e3o e cactos s\u00e3o algumas das queridinhas do design moderno;<\/li><li><a href=\"https:\/\/www.mobly.com.br\/v2\/decoracao\/almofadas-e-mantas\">Almofadas e mantas<\/a> coloridas ou com texturas diferentes podem adicionar pontos de cor. E uma manta jogada de forma despretensiosa no sof\u00e1 d\u00e1 aquele ar de aconchego;<\/li><li>Quer um truque incr\u00edvel para ampliar o ambiente? Use <a href=\"https:\/\/www.mobly.com.br\/v2\/decoracao\/espelhos-decorativos\">espelhos<\/a>! Eles refletem a luz e d\u00e3o a sensa\u00e7\u00e3o de que o espa\u00e7o \u00e9 maior do que realmente \u00e9;<\/li><li>Al\u00e9m da ilumina\u00e7\u00e3o embutida, as lumin\u00e1rias de piso ou de mesa criam pontos de luz e deixam a sala mais acolhedora;<\/li><li>Os <a href=\"https:\/\/www.mobly.com.br\/v2\/decoracao\/tapetes\">tapetes<\/a> ajudam a delimitar o espa\u00e7o e trazer mais conforto. Opte por modelos em tons neutros ou com estampas geom\u00e9tricas, para um visual moderno.<\/li><\/ul>\n\n\n\n<h2 class=\"wp-block-heading\">Transforme sua sala com os m\u00f3veis e decora\u00e7\u00f5es que transmitem um toque da sua personalidade<\/h2>\n\n\n\n<p>Agora que voc\u00ea j\u00e1 sabe tudo sobre como montar uma sala de estar moderna, \u00e9 hora de colocar a m\u00e3o na massa e deixar seu espa\u00e7o mais incr\u00edvel e do seu jeito. Se quiser encontrar os m\u00f3veis e itens decorativos perfeitos para sua sala, confira as op\u00e7\u00f5es no <a href=\"https:\/\/www.mobly.com.br\/home\">nosso site<\/a>!<\/p>\n\n\n\n<p> n\u00e3o pare por aqui! Aqui, no blog da Mobly, voc\u00ea encontra ainda mais inspira\u00e7\u00f5es e dicas para decorar sua casa do jeito que sempre sonhou. Confira os<a href=\"https:\/\/www.mobly.com.br\/blog\/dicas\/modelos-de-sofa\/\"> diferentes tipos de sof\u00e1<\/a>, como transformar a sua sala em um cinema e muito mais!<\/p>\n<button class=\"simplefavorite-button has-count loading\" data-postid=\"20797\" data-siteid=\"1\" data-groupid=\"1\" data-favoritecount=\"0\" style=\"\">Carregando...<span class=\"sf-icon-spinner-wrapper\"><i class=\"sf-icon-spinner\"><\/i><\/span><\/button>","protected":false},"excerpt":{"rendered":"<p>Que tal ter uma sala de estar moderna? Se tem um ambiente que define o estilo da nossa casa, \u00e9 esse! A sala \u00e9 o cart\u00e3o de visitas do lar, o ponto de encontro para relaxar, receber visitas e at\u00e9 maratonar suas s\u00e9ries e filmes preferidos.&nbsp; Mas como deixar esse espa\u00e7o com um toque moderno sem abrir m\u00e3o do conforto? \u00c9 exatamente isso que vamos descobrir aqui! Se voc\u00ea j\u00e1 se perguntou quais s\u00e3o as caracter\u00edsticas para ter uma decora\u00e7\u00e3o sala de estar moderna, como escolher os m\u00f3veis e quais itens fazem toda a diferen\u00e7a, pode relaxar no sof\u00e1 e continuar lendo. Vem ver tudo sobre esse assunto! Quais as principais caracter\u00edsticas que uma sala moderna deve ter? Uma sala de estar moderna n\u00e3o \u00e9 s\u00f3 bonita, mas tamb\u00e9m funcional. Ent\u00e3o, para garantir esse equil\u00edbrio, alguns elementos s\u00e3o essenciais. Vamos quebrar isso em partes para facilitar: 1. Menos \u00e9 mais! Nada de entulhar a sala com itens desnecess\u00e1rios. A ideia do design moderno \u00e9 manter um visual sem excessos, com poucos elementos, mas bem escolhidos. Isso significa ter m\u00f3veis com design mais simples e evitar excesso de objetos decorativos. 2. Cores neutras e pontos de destaque A paleta de cores [&hellip;]<\/p>\n","protected":false},"author":41,"featured_media":20802,"comment_status":"closed","ping_status":"closed","sticky":false,"template":"","format":"standard","meta":{"extendify_custom_stylesheet":"","_mi_skip_tracking":false,"_monsterinsights_skip_tracking":false,"_monsterinsights_sitenote_active":false,"_monsterinsights_sitenote_note":"","_monsterinsights_sitenote_category":0,"footnotes":""},"categories":[207,262],"tags":[306,15,1351,89],"class_list":["post-20797","post","type-post","status-publish","format-standard","has-post-thumbnail","hentry","category-por-ambientes","category-sala-de-estar","tag-decoracao","tag-dicas","tag-sala-de-estar-moderna","tag-sala-de-jantar"],"yoast_head":"<!-- This site is optimized with the Yoast SEO plugin v24.9 - https:\/\/yoast.com\/wordpress\/plugins\/seo\/ -->\n<title>Sala de estar moderna: veja dicas para montar a sua!<\/title>\n<meta name=\"description\" content=\"Quer descobrir como ter uma sala de estar moderna? Preparamos dicas para ter um espa\u00e7o bonito, confort\u00e1vel e pr\u00e1tico. Vem ver!\" \/>\n<meta name=\"robots\" content=\"index, follow, max-snippet:-1, max-image-preview:large, max-video-preview:-1\" \/>\n<link rel=\"canonical\" href=\"https:\/\/www.mobly.com.br\/blog\/por-ambientes\/sala-de-estar-moderna\/\" \/>\n<meta property=\"og:locale\" content=\"pt_BR\" \/>\n<meta property=\"og:type\" content=\"article\" \/>\n<meta property=\"og:title\" content=\"Sala de estar moderna: veja dicas para montar a sua!\" \/>\n<meta property=\"og:description\" content=\"Quer descobrir como ter uma sala de estar moderna? Preparamos dicas para ter um espa\u00e7o bonito, confort\u00e1vel e pr\u00e1tico. Vem ver!\" \/>\n<meta property=\"og:url\" content=\"https:\/\/www.mobly.com.br\/blog\/por-ambientes\/sala-de-estar-moderna\/\" \/>\n<meta property=\"og:site_name\" content=\"Blog da Mobly\" \/>\n<meta property=\"article:published_time\" content=\"2025-02-11T14:01:11+00:00\" \/>\n<meta property=\"article:modified_time\" content=\"2025-02-11T14:01:13+00:00\" \/>\n<meta property=\"og:image\" content=\"https:\/\/www.mobly.com.br\/blog\/wp-content\/uploads\/2025\/02\/sala-de-estar-moderna-2.jpg\" \/>\n\t<meta property=\"og:image:width\" content=\"792\" \/>\n\t<meta property=\"og:image:height\" content=\"489\" \/>\n\t<meta property=\"og:image:type\" content=\"image\/jpeg\" \/>\n<meta name=\"author\" content=\"Amanda\" \/>\n<meta name=\"twitter:card\" content=\"summary_large_image\" \/>\n<meta name=\"twitter:label1\" content=\"Escrito por\" \/>\n\t<meta name=\"twitter:data1\" content=\"Amanda\" \/>\n\t<meta name=\"twitter:label2\" content=\"Est. tempo de leitura\" \/>\n\t<meta name=\"twitter:data2\" content=\"6 minutos\" \/>\n<script type=\"application\/ld+json\" class=\"yoast-schema-graph\">{\"@context\":\"https:\/\/schema.org\",\"@graph\":[{\"@type\":\"WebPage\",\"@id\":\"https:\/\/www.mobly.com.br\/blog\/por-ambientes\/sala-de-estar-moderna\/\",\"url\":\"https:\/\/www.mobly.com.br\/blog\/por-ambientes\/sala-de-estar-moderna\/\",\"name\":\"Sala de estar moderna: veja dicas para montar a sua!\",\"isPartOf\":{\"@id\":\"https:\/\/www.mobly.com.br\/blog\/#website\"},\"primaryImageOfPage\":{\"@id\":\"https:\/\/www.mobly.com.br\/blog\/por-ambientes\/sala-de-estar-moderna\/#primaryimage\"},\"image\":{\"@id\":\"https:\/\/www.mobly.com.br\/blog\/por-ambientes\/sala-de-estar-moderna\/#primaryimage\"},\"thumbnailUrl\":\"https:\/\/www.mobly.com.br\/blog\/wp-content\/uploads\/2025\/02\/sala-de-estar-moderna-2.jpg\",\"datePublished\":\"2025-02-11T14:01:11+00:00\",\"dateModified\":\"2025-02-11T14:01:13+00:00\",\"author\":{\"@id\":\"https:\/\/www.mobly.com.br\/blog\/#\/schema\/person\/4ca5f57ac9eb774e3a9fc26d6ce3d1f8\"},\"description\":\"Quer descobrir como ter uma sala de estar moderna? Preparamos dicas para ter um espa\u00e7o bonito, confort\u00e1vel e pr\u00e1tico. Vem ver!\",\"breadcrumb\":{\"@id\":\"https:\/\/www.mobly.com.br\/blog\/por-ambientes\/sala-de-estar-moderna\/#breadcrumb\"},\"inLanguage\":\"pt-BR\",\"potentialAction\":[{\"@type\":\"ReadAction\",\"target\":[\"https:\/\/www.mobly.com.br\/blog\/por-ambientes\/sala-de-estar-moderna\/\"]}]},{\"@type\":\"ImageObject\",\"inLanguage\":\"pt-BR\",\"@id\":\"https:\/\/www.mobly.com.br\/blog\/por-ambientes\/sala-de-estar-moderna\/#primaryimage\",\"url\":\"https:\/\/www.mobly.com.br\/blog\/wp-content\/uploads\/2025\/02\/sala-de-estar-moderna-2.jpg\",\"contentUrl\":\"https:\/\/www.mobly.com.br\/blog\/wp-content\/uploads\/2025\/02\/sala-de-estar-moderna-2.jpg\",\"width\":792,\"height\":489,\"caption\":\"sala de estar moderna com sof\u00e1, rack, mesa de centro, lumin\u00e1ria de ch\u00e3o em tons neutros\"},{\"@type\":\"BreadcrumbList\",\"@id\":\"https:\/\/www.mobly.com.br\/blog\/por-ambientes\/sala-de-estar-moderna\/#breadcrumb\",\"itemListElement\":[{\"@type\":\"ListItem\",\"position\":1,\"name\":\"Home\",\"item\":\"https:\/\/www.mobly.com.br\/blog\/\"},{\"@type\":\"ListItem\",\"position\":2,\"name\":\"Por Ambientes\",\"item\":\"https:\/\/www.mobly.com.br\/blog\/por-ambientes\/\"},{\"@type\":\"ListItem\",\"position\":3,\"name\":\"Sala de estar moderna: veja quais m\u00f3veis e acess\u00f3rios usar para montar a sua\"}]},{\"@type\":\"WebSite\",\"@id\":\"https:\/\/www.mobly.com.br\/blog\/#website\",\"url\":\"https:\/\/www.mobly.com.br\/blog\/\",\"name\":\"Blog da Mobly\",\"description\":\"Dicas de Decora\u00e7\u00e3o, Inspira\u00e7\u00f5es e Mais\",\"potentialAction\":[{\"@type\":\"SearchAction\",\"target\":{\"@type\":\"EntryPoint\",\"urlTemplate\":\"https:\/\/www.mobly.com.br\/blog\/?s={search_term_string}\"},\"query-input\":{\"@type\":\"PropertyValueSpecification\",\"valueRequired\":true,\"valueName\":\"search_term_string\"}}],\"inLanguage\":\"pt-BR\"},{\"@type\":\"Person\",\"@id\":\"https:\/\/www.mobly.com.br\/blog\/#\/schema\/person\/4ca5f57ac9eb774e3a9fc26d6ce3d1f8\",\"name\":\"Amanda\",\"image\":{\"@type\":\"ImageObject\",\"inLanguage\":\"pt-BR\",\"@id\":\"https:\/\/www.mobly.com.br\/blog\/#\/schema\/person\/image\/\",\"url\":\"https:\/\/secure.gravatar.com\/avatar\/02766c2fe9b6e34cd460c70eeade014d?s=96&d=mm&r=g\",\"contentUrl\":\"https:\/\/secure.gravatar.com\/avatar\/02766c2fe9b6e34cd460c70eeade014d?s=96&d=mm&r=g\",\"caption\":\"Amanda\"},\"url\":\"https:\/\/www.mobly.com.br\/blog\/author\/amanda-silva\/\"}]}<\/script>\n<!-- \/ Yoast SEO plugin. -->","yoast_head_json":{"title":"Sala de estar moderna: veja dicas para montar a sua!","description":"Quer descobrir como ter uma sala de estar moderna? Preparamos dicas para ter um espa\u00e7o bonito, confort\u00e1vel e pr\u00e1tico. Vem ver!","robots":{"index":"index","follow":"follow","max-snippet":"max-snippet:-1","max-image-preview":"max-image-preview:large","max-video-preview":"max-video-preview:-1"},"canonical":"https:\/\/www.mobly.com.br\/blog\/por-ambientes\/sala-de-estar-moderna\/","og_locale":"pt_BR","og_type":"article","og_title":"Sala de estar moderna: veja dicas para montar a sua!","og_description":"Quer descobrir como ter uma sala de estar moderna? Preparamos dicas para ter um espa\u00e7o bonito, confort\u00e1vel e pr\u00e1tico. Vem ver!","og_url":"https:\/\/www.mobly.com.br\/blog\/por-ambientes\/sala-de-estar-moderna\/","og_site_name":"Blog da Mobly","article_published_time":"2025-02-11T14:01:11+00:00","article_modified_time":"2025-02-11T14:01:13+00:00","og_image":[{"width":792,"height":489,"url":"https:\/\/www.mobly.com.br\/blog\/wp-content\/uploads\/2025\/02\/sala-de-estar-moderna-2.jpg","type":"image\/jpeg"}],"author":"Amanda","twitter_card":"summary_large_image","twitter_misc":{"Escrito por":"Amanda","Est. tempo de leitura":"6 minutos"},"schema":{"@context":"https:\/\/schema.org","@graph":[{"@type":"WebPage","@id":"https:\/\/www.mobly.com.br\/blog\/por-ambientes\/sala-de-estar-moderna\/","url":"https:\/\/www.mobly.com.br\/blog\/por-ambientes\/sala-de-estar-moderna\/","name":"Sala de estar moderna: veja dicas para montar a sua!","isPartOf":{"@id":"https:\/\/www.mobly.com.br\/blog\/#website"},"primaryImageOfPage":{"@id":"https:\/\/www.mobly.com.br\/blog\/por-ambientes\/sala-de-estar-moderna\/#primaryimage"},"image":{"@id":"https:\/\/www.mobly.com.br\/blog\/por-ambientes\/sala-de-estar-moderna\/#primaryimage"},"thumbnailUrl":"https:\/\/www.mobly.com.br\/blog\/wp-content\/uploads\/2025\/02\/sala-de-estar-moderna-2.jpg","datePublished":"2025-02-11T14:01:11+00:00","dateModified":"2025-02-11T14:01:13+00:00","author":{"@id":"https:\/\/www.mobly.com.br\/blog\/#\/schema\/person\/4ca5f57ac9eb774e3a9fc26d6ce3d1f8"},"description":"Quer descobrir como ter uma sala de estar moderna? Preparamos dicas para ter um espa\u00e7o bonito, confort\u00e1vel e pr\u00e1tico. Vem ver!","breadcrumb":{"@id":"https:\/\/www.mobly.com.br\/blog\/por-ambientes\/sala-de-estar-moderna\/#breadcrumb"},"inLanguage":"pt-BR","potentialAction":[{"@type":"ReadAction","target":["https:\/\/www.mobly.com.br\/blog\/por-ambientes\/sala-de-estar-moderna\/"]}]},{"@type":"ImageObject","inLanguage":"pt-BR","@id":"https:\/\/www.mobly.com.br\/blog\/por-ambientes\/sala-de-estar-moderna\/#primaryimage","url":"https:\/\/www.mobly.com.br\/blog\/wp-content\/uploads\/2025\/02\/sala-de-estar-moderna-2.jpg","contentUrl":"https:\/\/www.mobly.com.br\/blog\/wp-content\/uploads\/2025\/02\/sala-de-estar-moderna-2.jpg","width":792,"height":489,"caption":"sala de estar moderna com sof\u00e1, rack, mesa de centro, lumin\u00e1ria de ch\u00e3o em tons neutros"},{"@type":"BreadcrumbList","@id":"https:\/\/www.mobly.com.br\/blog\/por-ambientes\/sala-de-estar-moderna\/#breadcrumb","itemListElement":[{"@type":"ListItem","position":1,"name":"Home","item":"https:\/\/www.mobly.com.br\/blog\/"},{"@type":"ListItem","position":2,"name":"Por Ambientes","item":"https:\/\/www.mobly.com.br\/blog\/por-ambientes\/"},{"@type":"ListItem","position":3,"name":"Sala de estar moderna: veja quais m\u00f3veis e acess\u00f3rios usar para montar a sua"}]},{"@type":"WebSite","@id":"https:\/\/www.mobly.com.br\/blog\/#website","url":"https:\/\/www.mobly.com.br\/blog\/","name":"Blog da Mobly","description":"Dicas de Decora\u00e7\u00e3o, Inspira\u00e7\u00f5es e Mais","potentialAction":[{"@type":"SearchAction","target":{"@type":"EntryPoint","urlTemplate":"https:\/\/www.mobly.com.br\/blog\/?s={search_term_string}"},"query-input":{"@type":"PropertyValueSpecification","valueRequired":true,"valueName":"search_term_string"}}],"inLanguage":"pt-BR"},{"@type":"Person","@id":"https:\/\/www.mobly.com.br\/blog\/#\/schema\/person\/4ca5f57ac9eb774e3a9fc26d6ce3d1f8","name":"Amanda","image":{"@type":"ImageObject","inLanguage":"pt-BR","@id":"https:\/\/www.mobly.com.br\/blog\/#\/schema\/person\/image\/","url":"https:\/\/secure.gravatar.com\/avatar\/02766c2fe9b6e34cd460c70eeade014d?s=96&d=mm&r=g","contentUrl":"https:\/\/secure.gravatar.com\/avatar\/02766c2fe9b6e34cd460c70eeade014d?s=96&d=mm&r=g","caption":"Amanda"},"url":"https:\/\/www.mobly.com.br\/blog\/author\/amanda-silva\/"}]}},"_links":{"self":[{"href":"https:\/\/www.mobly.com.br\/blog\/wp-json\/wp\/v2\/posts\/20797","targetHints":{"allow":["GET"]}}],"collection":[{"href":"https:\/\/www.mobly.com.br\/blog\/wp-json\/wp\/v2\/posts"}],"about":[{"href":"https:\/\/www.mobly.com.br\/blog\/wp-json\/wp\/v2\/types\/post"}],"author":[{"embeddable":true,"href":"https:\/\/www.mobly.com.br\/blog\/wp-json\/wp\/v2\/users\/41"}],"replies":[{"embeddable":true,"href":"https:\/\/www.mobly.com.br\/blog\/wp-json\/wp\/v2\/comments?post=20797"}],"version-history":[{"count":3,"href":"https:\/\/www.mobly.com.br\/blog\/wp-json\/wp\/v2\/posts\/20797\/revisions"}],"predecessor-version":[{"id":20805,"href":"https:\/\/www.mobly.com.br\/blog\/wp-json\/wp\/v2\/posts\/20797\/revisions\/20805"}],"wp:featuredmedia":[{"embeddable":true,"href":"https:\/\/www.mobly.com.br\/blog\/wp-json\/wp\/v2\/media\/20802"}],"wp:attachment":[{"href":"https:\/\/www.mobly.com.br\/blog\/wp-json\/wp\/v2\/media?parent=20797"}],"wp:term":[{"taxonomy":"category","embeddable":true,"href":"https:\/\/www.mobly.com.br\/blog\/wp-json\/wp\/v2\/categories?post=20797"},{"taxonomy":"post_tag","embeddable":true,"href":"https:\/\/www.mobly.com.br\/blog\/wp-json\/wp\/v2\/tags?post=20797"}],"curies":[{"name":"wp","href":"https:\/\/api.w.org\/{rel}","templated":true}]}}