{"id":20791,"date":"2025-02-07T11:44:58","date_gmt":"2025-02-07T14:44:58","guid":{"rendered":"https:\/\/www.mobly.com.br\/blog\/?p=20791"},"modified":"2025-02-07T11:45:01","modified_gmt":"2025-02-07T14:45:01","slug":"estante-para-sala","status":"publish","type":"post","link":"https:\/\/www.mobly.com.br\/blog\/por-ambientes\/estante-para-sala\/","title":{"rendered":"Estante para sala: conhe\u00e7a os principais op\u00e7\u00f5es e dicas para escolher a sua"},"content":{"rendered":"\n<p>Voc\u00ea j\u00e1 parou para pensar que existem alguns m\u00f3veis que d\u00e3o um toque de organiza\u00e7\u00e3o e personalidade nos ambientes? Pois \u00e9, hoje viemos compartilhar com voc\u00ea uma op\u00e7\u00e3o que vai transformar sua decora\u00e7\u00e3o: a <strong>estante para sala<\/strong>!&nbsp;<\/p>\n\n\n\n<p>Ao longo desse post, n\u00f3s, do blog da Mobly, vamos tirar as principais d\u00favidas sobre os <strong>modelos de estantes para sala<\/strong>, mostrar os tipos que existem e dar dicas de alguns itens para usar na sua decora\u00e7\u00e3o. Prepare-se para deixar seu espa\u00e7o ainda mais incr\u00edvel.<\/p>\n\n\n\n<h2 class=\"wp-block-heading\">Conhe\u00e7a os principais tipos de estantes para a sala<\/h2>\n\n\n\n<p>Assim como a organiza\u00e7\u00e3o do guarda-roupa pode ser uma verdadeira arte (ou quase um quebra-cabe\u00e7a, n\u00e9?), escolher a <a href=\"https:\/\/www.mobly.com.br\/v2\/moveis\/estantes\">estante<\/a> para a sala tamb\u00e9m exige um pouco de criatividade e, claro, autoconhecimento. Por isso, conhe\u00e7a os principais modelos para escolher o seu:<\/p>\n\n\n\n<h3 class=\"wp-block-heading\">Estantes com prateleiras<\/h3>\n\n\n\n<figure class=\"wp-block-image size-full\"><img loading=\"lazy\" decoding=\"async\" width=\"792\" height=\"489\" src=\"https:\/\/www.mobly.com.br\/blog\/wp-content\/uploads\/2025\/02\/tipos-de-estante-para-sala.jpg\" alt=\"ambiente com estante moderna para sala, poltrona, mesa lateral e diversos itens decorativos\" class=\"wp-image-20793\" srcset=\"https:\/\/www.mobly.com.br\/blog\/wp-content\/uploads\/2025\/02\/tipos-de-estante-para-sala.jpg 792w, https:\/\/www.mobly.com.br\/blog\/wp-content\/uploads\/2025\/02\/tipos-de-estante-para-sala-512x316.jpg 512w, https:\/\/www.mobly.com.br\/blog\/wp-content\/uploads\/2025\/02\/tipos-de-estante-para-sala-768x474.jpg 768w\" sizes=\"auto, (max-width: 792px) 100vw, 792px\" \/><\/figure>\n\n\n\n<p>A estante com prateleiras s\u00e3o as queridinhas de muitos. Esse modelo \u00e9 muito vers\u00e1til e ideal para quem quer organizar livros, objetos decorativos e at\u00e9 mesmo destacar uma cole\u00e7\u00e3o de miniaturas que voc\u00ea tem desde crian\u00e7a.<\/p>\n\n\n\n<p>Esse modelo permite visualizar e acessar os itens com praticidade, al\u00e9m de ser f\u00e1cil de trocar a decora\u00e7\u00e3o sempre que bater aquela vontade de mudar tudo. Voc\u00ea pode escolher uma <strong>estante moderna para sala<\/strong>\u200b com linhas retas e em um tom neutro, ou uma vers\u00e3o industrial, com estruturas de a\u00e7o e na cor cinza, tudo vai depender de como quer deixar o seu ambiente.<\/p>\n\n\n\n<h3 class=\"wp-block-heading\">Estantes com nichos<\/h3>\n\n\n\n<p>J\u00e1 reparou como os nichos podem transformar a decora\u00e7\u00e3o de um ambiente? Eles s\u00e3o \u00f3timos para criar espa\u00e7os personalizados dentro da estante, permitindo que cada objeto tenha seu pr\u00f3prio lugar. \u00c9 poss\u00edvel escolher entre diversos modelos e estilos, seja uma <strong>estante de madeira para sala<\/strong> ou a\u00e7o, com tons neutros ou vibrantes.<\/p>\n\n\n\n<p>Al\u00e9m disso, eles d\u00e3o um charme especial \u00e0 sala, proporcionando pontos de destaque para as pe\u00e7as escolhidas que contam hist\u00f3rias \u2013 seja um vaso de planta estiloso ou uma pe\u00e7a de arte exclusiva. Al\u00e9m disso, os nichos ajudam a dividir o espa\u00e7o de forma organizada, criando uma sensa\u00e7\u00e3o de harmonia e equil\u00edbrio.<\/p>\n\n\n\n<h3 class=\"wp-block-heading\">Estantes com gavetas<\/h3>\n\n\n\n<p>Se voc\u00ea \u00e9 do tipo que adora ter tudo no lugar (ou, convenhamos, se livrar da bagun\u00e7a de uma vez por todas), as estantes com gavetas podem ser a sua melhor aliada. Ela combina a fun\u00e7\u00e3o decorativa com a praticidade de guardar objetos que n\u00e3o precisam estar sempre \u00e0 vista, mas que tamb\u00e9m n\u00e3o podem se perder no meio da confus\u00e3o.<\/p>\n\n\n\n<p>Para compor o ambiente, voc\u00ea pode escolher uma <strong>estante grande para sala<\/strong> e coloc\u00e1-la na parede oposta do sof\u00e1 ou um modelo pequeno para usar atr\u00e1s desse m\u00f3vel e dividir visualmente os ambientes.<\/p>\n\n\n\n<h3 class=\"wp-block-heading\">Estantes multifuncionais<\/h3>\n\n\n\n<figure class=\"wp-block-image size-full\"><img loading=\"lazy\" decoding=\"async\" width=\"792\" height=\"489\" src=\"https:\/\/www.mobly.com.br\/blog\/wp-content\/uploads\/2025\/02\/estante-moderna-para-sala.jpg\" alt=\"estante grande para sala, al\u00e9m de poltrona, tapete, aparador e diversos outros itens decorativos\" class=\"wp-image-20794\" srcset=\"https:\/\/www.mobly.com.br\/blog\/wp-content\/uploads\/2025\/02\/estante-moderna-para-sala.jpg 792w, https:\/\/www.mobly.com.br\/blog\/wp-content\/uploads\/2025\/02\/estante-moderna-para-sala-512x316.jpg 512w, https:\/\/www.mobly.com.br\/blog\/wp-content\/uploads\/2025\/02\/estante-moderna-para-sala-768x474.jpg 768w\" sizes=\"auto, (max-width: 792px) 100vw, 792px\" \/><\/figure>\n\n\n\n<p>Agora, se voc\u00ea gosta de praticidade e est\u00e1 sempre em busca de solu\u00e7\u00f5es inteligentes para otimizar cada cent\u00edmetro da sua casa, as estantes multifuncionais v\u00e3o conquistar seu cora\u00e7\u00e3o. Elas combinam prateleiras, nichos e gavetas em um \u00fanico m\u00f3vel, garantindo versatilidade para exibir seus objetos favoritos.<\/p>\n\n\n\n<p>Ela pode ser adaptada ao seu estilo e \u00e0s suas necessidades, seja para acomodar livros, exibir decora\u00e7\u00f5es ou at\u00e9 mesmo criar um mini escrit\u00f3rio na sala. \u00c9 como ter o melhor dos dois mundos \u2013 organiza\u00e7\u00e3o e design de forma integrada.<\/p>\n\n\n\n<h2 class=\"wp-block-heading\">Afinal, o que colocar nas estantes para a sala?<\/h2>\n\n\n\n<figure class=\"wp-block-image size-large\"><img loading=\"lazy\" decoding=\"async\" width=\"1024\" height=\"695\" src=\"https:\/\/www.mobly.com.br\/blog\/wp-content\/uploads\/2023\/06\/decoracao-retro-sala-1024x695.jpg\" alt=\"sala de estar com estante moderna com gavetas, sof\u00e1, rack, mesa de centro e itens de decora\u00e7\u00e3o\" class=\"wp-image-20270\" srcset=\"https:\/\/www.mobly.com.br\/blog\/wp-content\/uploads\/2023\/06\/decoracao-retro-sala-1024x695.jpg 1024w, https:\/\/www.mobly.com.br\/blog\/wp-content\/uploads\/2023\/06\/decoracao-retro-sala-512x347.jpg 512w, https:\/\/www.mobly.com.br\/blog\/wp-content\/uploads\/2023\/06\/decoracao-retro-sala-768x521.jpg 768w, https:\/\/www.mobly.com.br\/blog\/wp-content\/uploads\/2023\/06\/decoracao-retro-sala-1536x1042.jpg 1536w, https:\/\/www.mobly.com.br\/blog\/wp-content\/uploads\/2023\/06\/decoracao-retro-sala-2048x1390.jpg 2048w\" sizes=\"auto, (max-width: 1024px) 100vw, 1024px\" \/><\/figure>\n\n\n\n<p>Agora que voc\u00ea j\u00e1 conhece os principais tipos de estante para sala, vamos para a parte mais divertida: como decor\u00e1-las. Encher sua estante com objetos decorativos pode transformar a atmosfera do seu c\u00f4modo.<\/p>\n\n\n\n<h3 class=\"wp-block-heading\">Livros<\/h3>\n\n\n\n<p>Ah, os livros! Eles nunca saem de moda e d\u00e3o um toque aconchegante (e intelectual) ao ambiente. Voc\u00ea pode organiz\u00e1-los de forma que fiquem bem vis\u00edveis, intercalando capas coloridas e t\u00edtulos que te inspiram. Para fazer a sua <strong>decora\u00e7\u00e3o de estantes para sala<\/strong> com os livros, n\u00e3o precisa seguir uma ordem r\u00edgida \u2013 o charme est\u00e1 justamente na mistura de estilos e cores.<\/p>\n\n\n\n<h3 class=\"wp-block-heading\">Decora\u00e7\u00f5es<\/h3>\n\n\n\n<p>Vasos, esculturas, e at\u00e9 aquelas lembran\u00e7as de viagens podem ganhar uma vida nova na sua estante. Colocar objetos que voc\u00ea ama e que contam sua hist\u00f3ria pessoal deixa o ambiente com um visual \u00fanico. Uma dica \u00e9 tentar combinar objetos com temas semelhantes ou que conversem entre si, criando pequenos conjuntos que chamam a aten\u00e7\u00e3o sem sobrecarregar o visual.<\/p>\n\n\n\n<h3 class=\"wp-block-heading\">Quadros e fotografias<\/h3>\n\n\n\n<p>Quer dar um toque art\u00edstico? Ent\u00e3o, voc\u00ea pode usar <a href=\"https:\/\/www.mobly.com.br\/v2\/decoracao\/quadros\">quadros<\/a> ou colocar fotografias em porta-retratos. Eles podem ser usados tanto nas prateleiras quanto nos nichos, e funcionam como pe\u00e7as de destaque que contam a sua hist\u00f3ria. Para ter um efeito moderno, misture tamanhos e formatos, criando uma composi\u00e7\u00e3o visual din\u00e2mica e cheia de vida.<\/p>\n\n\n\n<h3 class=\"wp-block-heading\">Vasos de plantas<\/h3>\n\n\n\n<p>Elas s\u00e3o essenciais para trazer um pouco de natureza para dentro de casa! Um vaso de planta bem posicionado na estante pode transformar o ambiente, dando uma sensa\u00e7\u00e3o de frescor e vitalidade. Se voc\u00ea \u00e9 <a href=\"https:\/\/www.mobly.com.br\/blog\/dicas\/plantas-para-iniciantes-cuidados\/\">iniciante e quer plantas f\u00e1ceis de cuidar<\/a>, os cactos e suculentas exigem poucos cuidados e enchem o espa\u00e7o de charme.<\/p>\n\n\n\n<h2 class=\"wp-block-heading\">\u00c9 hora de transformar sua sala com as estantes<\/h2>\n\n\n\n<figure class=\"wp-block-image size-full\"><img loading=\"lazy\" decoding=\"async\" width=\"792\" height=\"489\" src=\"https:\/\/www.mobly.com.br\/blog\/wp-content\/uploads\/2025\/02\/estante-branca-de-madeira.jpg\" alt=\"decora\u00e7\u00e3o de estantes para sala, sof\u00e1, lumin\u00e1ria de ch\u00e3o, almofadas, puffe e muito mais\" class=\"wp-image-20795\" srcset=\"https:\/\/www.mobly.com.br\/blog\/wp-content\/uploads\/2025\/02\/estante-branca-de-madeira.jpg 792w, https:\/\/www.mobly.com.br\/blog\/wp-content\/uploads\/2025\/02\/estante-branca-de-madeira-512x316.jpg 512w, https:\/\/www.mobly.com.br\/blog\/wp-content\/uploads\/2025\/02\/estante-branca-de-madeira-768x474.jpg 768w\" sizes=\"auto, (max-width: 792px) 100vw, 792px\" \/><\/figure>\n\n\n\n<p>Depois de explorar esse universo das estantes para sala, est\u00e1 empolgado para transformar seu ambiente? Seja qual for o seu estilo \u2013 cl\u00e1ssico, moderno, industrial ou minimalista \u2013 existe uma op\u00e7\u00e3o perfeita esperando por voc\u00ea. Lembre-se: a escolha do modelo e a disposi\u00e7\u00e3o das decora\u00e7\u00f5es fazem toda a diferen\u00e7a na cria\u00e7\u00e3o de um espa\u00e7o que \u00e9 a sua cara.<\/p>\n\n\n\n<p>Agora, vem conferir as op\u00e7\u00f5es que est\u00e3o dispon\u00edveis em nosso site! Aqui, na Mobly, voc\u00ea encontra uma variedade de estantes e outros <a href=\"https:\/\/www.mobly.com.br\/v2\/moveis\">m\u00f3veis<\/a> que combinam design, qualidade e funcionalidade \u2013 perfeitos para dar aquele toque especial na sua sala.<\/p>\n\n\n\n<p>Aproveite tamb\u00e9m para continuar navegando em nosso blog para descobrir mais ideias que v\u00e3o fazer seu lar brilhar. Conhe\u00e7a os <a href=\"https:\/\/www.mobly.com.br\/blog\/dicas\/modelos-de-cristaleiras\/\">modelos de cristaleiras<\/a> e saiba como escolher, inspire-se com o estilo retr\u00f4 e muito mais! Mergulhe nesse universo da decora\u00e7\u00e3o, arrisque novas combina\u00e7\u00f5es e crie uma decora\u00e7\u00e3o que conte a sua hist\u00f3ria de forma \u00fanica e aut\u00eantica.<\/p>\n<button class=\"simplefavorite-button has-count loading\" data-postid=\"20791\" data-siteid=\"1\" data-groupid=\"1\" data-favoritecount=\"0\" style=\"\">Carregando...<span class=\"sf-icon-spinner-wrapper\"><i class=\"sf-icon-spinner\"><\/i><\/span><\/button>","protected":false},"excerpt":{"rendered":"<p>Voc\u00ea j\u00e1 parou para pensar que existem alguns m\u00f3veis que d\u00e3o um toque de organiza\u00e7\u00e3o e personalidade nos ambientes? Pois \u00e9, hoje viemos compartilhar com voc\u00ea uma op\u00e7\u00e3o que vai transformar sua decora\u00e7\u00e3o: a estante para sala!&nbsp; Ao longo desse post, n\u00f3s, do blog da Mobly, vamos tirar as principais d\u00favidas sobre os modelos de estantes para sala, mostrar os tipos que existem e dar dicas de alguns itens para usar na sua decora\u00e7\u00e3o. Prepare-se para deixar seu espa\u00e7o ainda mais incr\u00edvel. Conhe\u00e7a os principais tipos de estantes para a sala Assim como a organiza\u00e7\u00e3o do guarda-roupa pode ser uma verdadeira arte (ou quase um quebra-cabe\u00e7a, n\u00e9?), escolher a estante para a sala tamb\u00e9m exige um pouco de criatividade e, claro, autoconhecimento. Por isso, conhe\u00e7a os principais modelos para escolher o seu: Estantes com prateleiras A estante com prateleiras s\u00e3o as queridinhas de muitos. Esse modelo \u00e9 muito vers\u00e1til e ideal para quem quer organizar livros, objetos decorativos e at\u00e9 mesmo destacar uma cole\u00e7\u00e3o de miniaturas que voc\u00ea tem desde crian\u00e7a. Esse modelo permite visualizar e acessar os itens com praticidade, al\u00e9m de ser f\u00e1cil de trocar a decora\u00e7\u00e3o sempre que bater aquela vontade de mudar tudo. Voc\u00ea pode escolher [&hellip;]<\/p>\n","protected":false},"author":41,"featured_media":20792,"comment_status":"closed","ping_status":"closed","sticky":false,"template":"","format":"standard","meta":{"extendify_custom_stylesheet":"","_mi_skip_tracking":false,"_monsterinsights_skip_tracking":false,"_monsterinsights_sitenote_active":false,"_monsterinsights_sitenote_note":"","_monsterinsights_sitenote_category":0,"footnotes":""},"categories":[207,262],"tags":[306,15,981,16],"class_list":["post-20791","post","type-post","status-publish","format-standard","has-post-thumbnail","hentry","category-por-ambientes","category-sala-de-estar","tag-decoracao","tag-dicas","tag-estante","tag-sala-de-estar"],"yoast_head":"<!-- This site is optimized with the Yoast SEO plugin v24.9 - https:\/\/yoast.com\/wordpress\/plugins\/seo\/ -->\n<title>Estante para sala: conhe\u00e7a os principais modelos e escolha a sua<\/title>\n<meta name=\"description\" content=\"Saiba quais s\u00e3o os principais tipos de estante para sala e dicas para decorar a sua casa para deixar do seu jeito. Confira no blog da Mobly!\" \/>\n<meta name=\"robots\" content=\"index, follow, max-snippet:-1, max-image-preview:large, max-video-preview:-1\" \/>\n<link rel=\"canonical\" href=\"https:\/\/www.mobly.com.br\/blog\/por-ambientes\/estante-para-sala\/\" \/>\n<meta property=\"og:locale\" content=\"pt_BR\" \/>\n<meta property=\"og:type\" content=\"article\" \/>\n<meta property=\"og:title\" content=\"Estante para sala: conhe\u00e7a os principais modelos e escolha a sua\" \/>\n<meta property=\"og:description\" content=\"Saiba quais s\u00e3o os principais tipos de estante para sala e dicas para decorar a sua casa para deixar do seu jeito. Confira no blog da Mobly!\" \/>\n<meta property=\"og:url\" content=\"https:\/\/www.mobly.com.br\/blog\/por-ambientes\/estante-para-sala\/\" \/>\n<meta property=\"og:site_name\" content=\"Blog da Mobly\" \/>\n<meta property=\"article:published_time\" content=\"2025-02-07T14:44:58+00:00\" \/>\n<meta property=\"article:modified_time\" content=\"2025-02-07T14:45:01+00:00\" \/>\n<meta property=\"og:image\" content=\"https:\/\/www.mobly.com.br\/blog\/wp-content\/uploads\/2025\/02\/estante-grande-para-sala.jpg\" \/>\n\t<meta property=\"og:image:width\" content=\"792\" \/>\n\t<meta property=\"og:image:height\" content=\"489\" \/>\n\t<meta property=\"og:image:type\" content=\"image\/jpeg\" \/>\n<meta name=\"author\" content=\"Amanda\" \/>\n<meta name=\"twitter:card\" content=\"summary_large_image\" \/>\n<meta name=\"twitter:label1\" content=\"Escrito por\" \/>\n\t<meta name=\"twitter:data1\" content=\"Amanda\" \/>\n\t<meta name=\"twitter:label2\" content=\"Est. tempo de leitura\" \/>\n\t<meta name=\"twitter:data2\" content=\"7 minutos\" \/>\n<script type=\"application\/ld+json\" class=\"yoast-schema-graph\">{\"@context\":\"https:\/\/schema.org\",\"@graph\":[{\"@type\":\"WebPage\",\"@id\":\"https:\/\/www.mobly.com.br\/blog\/por-ambientes\/estante-para-sala\/\",\"url\":\"https:\/\/www.mobly.com.br\/blog\/por-ambientes\/estante-para-sala\/\",\"name\":\"Estante para sala: conhe\u00e7a os principais modelos e escolha a sua\",\"isPartOf\":{\"@id\":\"https:\/\/www.mobly.com.br\/blog\/#website\"},\"primaryImageOfPage\":{\"@id\":\"https:\/\/www.mobly.com.br\/blog\/por-ambientes\/estante-para-sala\/#primaryimage\"},\"image\":{\"@id\":\"https:\/\/www.mobly.com.br\/blog\/por-ambientes\/estante-para-sala\/#primaryimage\"},\"thumbnailUrl\":\"https:\/\/www.mobly.com.br\/blog\/wp-content\/uploads\/2025\/02\/estante-grande-para-sala.jpg\",\"datePublished\":\"2025-02-07T14:44:58+00:00\",\"dateModified\":\"2025-02-07T14:45:01+00:00\",\"author\":{\"@id\":\"https:\/\/www.mobly.com.br\/blog\/#\/schema\/person\/4ca5f57ac9eb774e3a9fc26d6ce3d1f8\"},\"description\":\"Saiba quais s\u00e3o os principais tipos de estante para sala e dicas para decorar a sua casa para deixar do seu jeito. Confira no blog da Mobly!\",\"breadcrumb\":{\"@id\":\"https:\/\/www.mobly.com.br\/blog\/por-ambientes\/estante-para-sala\/#breadcrumb\"},\"inLanguage\":\"pt-BR\",\"potentialAction\":[{\"@type\":\"ReadAction\",\"target\":[\"https:\/\/www.mobly.com.br\/blog\/por-ambientes\/estante-para-sala\/\"]}]},{\"@type\":\"ImageObject\",\"inLanguage\":\"pt-BR\",\"@id\":\"https:\/\/www.mobly.com.br\/blog\/por-ambientes\/estante-para-sala\/#primaryimage\",\"url\":\"https:\/\/www.mobly.com.br\/blog\/wp-content\/uploads\/2025\/02\/estante-grande-para-sala.jpg\",\"contentUrl\":\"https:\/\/www.mobly.com.br\/blog\/wp-content\/uploads\/2025\/02\/estante-grande-para-sala.jpg\",\"width\":792,\"height\":489,\"caption\":\"ambiente com estante para sala de estar, sof\u00e1, puffes, mesa lateral, tapete e diversos itens decorativos\"},{\"@type\":\"BreadcrumbList\",\"@id\":\"https:\/\/www.mobly.com.br\/blog\/por-ambientes\/estante-para-sala\/#breadcrumb\",\"itemListElement\":[{\"@type\":\"ListItem\",\"position\":1,\"name\":\"Home\",\"item\":\"https:\/\/www.mobly.com.br\/blog\/\"},{\"@type\":\"ListItem\",\"position\":2,\"name\":\"Por Ambientes\",\"item\":\"https:\/\/www.mobly.com.br\/blog\/por-ambientes\/\"},{\"@type\":\"ListItem\",\"position\":3,\"name\":\"Estante para sala: conhe\u00e7a os principais op\u00e7\u00f5es e dicas para escolher a sua\"}]},{\"@type\":\"WebSite\",\"@id\":\"https:\/\/www.mobly.com.br\/blog\/#website\",\"url\":\"https:\/\/www.mobly.com.br\/blog\/\",\"name\":\"Blog da Mobly\",\"description\":\"Dicas de Decora\u00e7\u00e3o, Inspira\u00e7\u00f5es e Mais\",\"potentialAction\":[{\"@type\":\"SearchAction\",\"target\":{\"@type\":\"EntryPoint\",\"urlTemplate\":\"https:\/\/www.mobly.com.br\/blog\/?s={search_term_string}\"},\"query-input\":{\"@type\":\"PropertyValueSpecification\",\"valueRequired\":true,\"valueName\":\"search_term_string\"}}],\"inLanguage\":\"pt-BR\"},{\"@type\":\"Person\",\"@id\":\"https:\/\/www.mobly.com.br\/blog\/#\/schema\/person\/4ca5f57ac9eb774e3a9fc26d6ce3d1f8\",\"name\":\"Amanda\",\"image\":{\"@type\":\"ImageObject\",\"inLanguage\":\"pt-BR\",\"@id\":\"https:\/\/www.mobly.com.br\/blog\/#\/schema\/person\/image\/\",\"url\":\"https:\/\/secure.gravatar.com\/avatar\/02766c2fe9b6e34cd460c70eeade014d?s=96&d=mm&r=g\",\"contentUrl\":\"https:\/\/secure.gravatar.com\/avatar\/02766c2fe9b6e34cd460c70eeade014d?s=96&d=mm&r=g\",\"caption\":\"Amanda\"},\"url\":\"https:\/\/www.mobly.com.br\/blog\/author\/amanda-silva\/\"}]}<\/script>\n<!-- \/ Yoast SEO plugin. -->","yoast_head_json":{"title":"Estante para sala: conhe\u00e7a os principais modelos e escolha a sua","description":"Saiba quais s\u00e3o os principais tipos de estante para sala e dicas para decorar a sua casa para deixar do seu jeito. Confira no blog da Mobly!","robots":{"index":"index","follow":"follow","max-snippet":"max-snippet:-1","max-image-preview":"max-image-preview:large","max-video-preview":"max-video-preview:-1"},"canonical":"https:\/\/www.mobly.com.br\/blog\/por-ambientes\/estante-para-sala\/","og_locale":"pt_BR","og_type":"article","og_title":"Estante para sala: conhe\u00e7a os principais modelos e escolha a sua","og_description":"Saiba quais s\u00e3o os principais tipos de estante para sala e dicas para decorar a sua casa para deixar do seu jeito. Confira no blog da Mobly!","og_url":"https:\/\/www.mobly.com.br\/blog\/por-ambientes\/estante-para-sala\/","og_site_name":"Blog da Mobly","article_published_time":"2025-02-07T14:44:58+00:00","article_modified_time":"2025-02-07T14:45:01+00:00","og_image":[{"width":792,"height":489,"url":"https:\/\/www.mobly.com.br\/blog\/wp-content\/uploads\/2025\/02\/estante-grande-para-sala.jpg","type":"image\/jpeg"}],"author":"Amanda","twitter_card":"summary_large_image","twitter_misc":{"Escrito por":"Amanda","Est. tempo de leitura":"7 minutos"},"schema":{"@context":"https:\/\/schema.org","@graph":[{"@type":"WebPage","@id":"https:\/\/www.mobly.com.br\/blog\/por-ambientes\/estante-para-sala\/","url":"https:\/\/www.mobly.com.br\/blog\/por-ambientes\/estante-para-sala\/","name":"Estante para sala: conhe\u00e7a os principais modelos e escolha a sua","isPartOf":{"@id":"https:\/\/www.mobly.com.br\/blog\/#website"},"primaryImageOfPage":{"@id":"https:\/\/www.mobly.com.br\/blog\/por-ambientes\/estante-para-sala\/#primaryimage"},"image":{"@id":"https:\/\/www.mobly.com.br\/blog\/por-ambientes\/estante-para-sala\/#primaryimage"},"thumbnailUrl":"https:\/\/www.mobly.com.br\/blog\/wp-content\/uploads\/2025\/02\/estante-grande-para-sala.jpg","datePublished":"2025-02-07T14:44:58+00:00","dateModified":"2025-02-07T14:45:01+00:00","author":{"@id":"https:\/\/www.mobly.com.br\/blog\/#\/schema\/person\/4ca5f57ac9eb774e3a9fc26d6ce3d1f8"},"description":"Saiba quais s\u00e3o os principais tipos de estante para sala e dicas para decorar a sua casa para deixar do seu jeito. Confira no blog da Mobly!","breadcrumb":{"@id":"https:\/\/www.mobly.com.br\/blog\/por-ambientes\/estante-para-sala\/#breadcrumb"},"inLanguage":"pt-BR","potentialAction":[{"@type":"ReadAction","target":["https:\/\/www.mobly.com.br\/blog\/por-ambientes\/estante-para-sala\/"]}]},{"@type":"ImageObject","inLanguage":"pt-BR","@id":"https:\/\/www.mobly.com.br\/blog\/por-ambientes\/estante-para-sala\/#primaryimage","url":"https:\/\/www.mobly.com.br\/blog\/wp-content\/uploads\/2025\/02\/estante-grande-para-sala.jpg","contentUrl":"https:\/\/www.mobly.com.br\/blog\/wp-content\/uploads\/2025\/02\/estante-grande-para-sala.jpg","width":792,"height":489,"caption":"ambiente com estante para sala de estar, sof\u00e1, puffes, mesa lateral, tapete e diversos itens decorativos"},{"@type":"BreadcrumbList","@id":"https:\/\/www.mobly.com.br\/blog\/por-ambientes\/estante-para-sala\/#breadcrumb","itemListElement":[{"@type":"ListItem","position":1,"name":"Home","item":"https:\/\/www.mobly.com.br\/blog\/"},{"@type":"ListItem","position":2,"name":"Por Ambientes","item":"https:\/\/www.mobly.com.br\/blog\/por-ambientes\/"},{"@type":"ListItem","position":3,"name":"Estante para sala: conhe\u00e7a os principais op\u00e7\u00f5es e dicas para escolher a sua"}]},{"@type":"WebSite","@id":"https:\/\/www.mobly.com.br\/blog\/#website","url":"https:\/\/www.mobly.com.br\/blog\/","name":"Blog da Mobly","description":"Dicas de Decora\u00e7\u00e3o, Inspira\u00e7\u00f5es e Mais","potentialAction":[{"@type":"SearchAction","target":{"@type":"EntryPoint","urlTemplate":"https:\/\/www.mobly.com.br\/blog\/?s={search_term_string}"},"query-input":{"@type":"PropertyValueSpecification","valueRequired":true,"valueName":"search_term_string"}}],"inLanguage":"pt-BR"},{"@type":"Person","@id":"https:\/\/www.mobly.com.br\/blog\/#\/schema\/person\/4ca5f57ac9eb774e3a9fc26d6ce3d1f8","name":"Amanda","image":{"@type":"ImageObject","inLanguage":"pt-BR","@id":"https:\/\/www.mobly.com.br\/blog\/#\/schema\/person\/image\/","url":"https:\/\/secure.gravatar.com\/avatar\/02766c2fe9b6e34cd460c70eeade014d?s=96&d=mm&r=g","contentUrl":"https:\/\/secure.gravatar.com\/avatar\/02766c2fe9b6e34cd460c70eeade014d?s=96&d=mm&r=g","caption":"Amanda"},"url":"https:\/\/www.mobly.com.br\/blog\/author\/amanda-silva\/"}]}},"_links":{"self":[{"href":"https:\/\/www.mobly.com.br\/blog\/wp-json\/wp\/v2\/posts\/20791","targetHints":{"allow":["GET"]}}],"collection":[{"href":"https:\/\/www.mobly.com.br\/blog\/wp-json\/wp\/v2\/posts"}],"about":[{"href":"https:\/\/www.mobly.com.br\/blog\/wp-json\/wp\/v2\/types\/post"}],"author":[{"embeddable":true,"href":"https:\/\/www.mobly.com.br\/blog\/wp-json\/wp\/v2\/users\/41"}],"replies":[{"embeddable":true,"href":"https:\/\/www.mobly.com.br\/blog\/wp-json\/wp\/v2\/comments?post=20791"}],"version-history":[{"count":1,"href":"https:\/\/www.mobly.com.br\/blog\/wp-json\/wp\/v2\/posts\/20791\/revisions"}],"predecessor-version":[{"id":20796,"href":"https:\/\/www.mobly.com.br\/blog\/wp-json\/wp\/v2\/posts\/20791\/revisions\/20796"}],"wp:featuredmedia":[{"embeddable":true,"href":"https:\/\/www.mobly.com.br\/blog\/wp-json\/wp\/v2\/media\/20792"}],"wp:attachment":[{"href":"https:\/\/www.mobly.com.br\/blog\/wp-json\/wp\/v2\/media?parent=20791"}],"wp:term":[{"taxonomy":"category","embeddable":true,"href":"https:\/\/www.mobly.com.br\/blog\/wp-json\/wp\/v2\/categories?post=20791"},{"taxonomy":"post_tag","embeddable":true,"href":"https:\/\/www.mobly.com.br\/blog\/wp-json\/wp\/v2\/tags?post=20791"}],"curies":[{"name":"wp","href":"https:\/\/api.w.org\/{rel}","templated":true}]}}