{"id":20227,"date":"2026-04-16T11:01:00","date_gmt":"2026-04-16T14:01:00","guid":{"rendered":"https:\/\/www.mobly.com.br\/blog\/?p=20227"},"modified":"2026-04-16T11:02:34","modified_gmt":"2026-04-16T14:02:34","slug":"organizacao-de-guarda-roupa","status":"publish","type":"post","link":"https:\/\/www.mobly.com.br\/blog\/dicas\/organizacao-de-guarda-roupa\/","title":{"rendered":"Organiza\u00e7\u00e3o de guarda-roupa: 7 dicas incr\u00edveis para voc\u00ea!"},"content":{"rendered":"\n<p class=\"has-text-align-center\"><\/p>\n\n\n\n<p>Um dia voc\u00ea foi crian\u00e7a e teve medo de ter um monstro dentro do guarda-roupa, agora voc\u00ea cresceu e descobriu que 1: monstros n\u00e3o existem; e 2: esse m\u00f3vel quando est\u00e1 desorganizado \u00e9 muito pior (e \u00e9 real). Se essa hist\u00f3ria de terror \u00e9 a sua realidade, se liga nessas dicas infal\u00edveis de <strong>organiza\u00e7\u00e3o de guarda-roupa<\/strong> que preparamos para ajudar a manter tudo em ordem!<\/p>\n\n\n\n<h2 class=\"wp-block-heading\">Qual a melhor forma de fazer organiza\u00e7\u00e3o de guarda-roupas?<\/h2>\n\n\n\n<p>Sim, <a href=\"https:\/\/www.mobly.com.br\/blog\/dicas\/modelos-de-guarda-roupa\/\">existem diversos modelos de guarda-roupa<\/a>! Seja o seu um closet enorme, cheio de prateleiras ou uma pe\u00e7a pequena e improvisada no canto do quarto. Manter esse espa\u00e7o organizado \u00e9 fundamental. Mas qual \u00e9 a melhor maneira de fazer a organiza\u00e7\u00e3o de guarda-roupa?&nbsp;<\/p>\n\n\n\n<p>N\u00e3o existe receita de bolo, voc\u00ea vai ter que descobrir o jeito que funciona melhor para voc\u00ea. Por\u00e9m, entre as <strong>dicas de como organizar o guarda roupa<\/strong>, um bom ponto de partida \u00e9 garantir que as pe\u00e7as que voc\u00ea usa com mais frequ\u00eancia estejam ao alcance das m\u00e3os \u2013 nem l\u00e1 em cima, nem l\u00e1 embaixo.&nbsp;<\/p>\n\n\n\n<h3 class=\"wp-block-heading\">Lembre-se de evitar acumular o que n\u00e3o usa<\/h3>\n\n\n\n<figure class=\"wp-block-image size-full\"><img loading=\"lazy\" decoding=\"async\" width=\"792\" height=\"489\" src=\"https:\/\/www.mobly.com.br\/blog\/wp-content\/uploads\/2026\/04\/caixa-organizadora-de-guarda-roupa-.png\" alt=\"caixa organizadora de guarda-roupa em um modelo com diversas prateleiras com itens segmentados por categorias para facilitar o dia a dia.\" class=\"wp-image-22259\" srcset=\"https:\/\/www.mobly.com.br\/blog\/wp-content\/uploads\/2026\/04\/caixa-organizadora-de-guarda-roupa-.png 792w, https:\/\/www.mobly.com.br\/blog\/wp-content\/uploads\/2026\/04\/caixa-organizadora-de-guarda-roupa--512x316.png 512w, https:\/\/www.mobly.com.br\/blog\/wp-content\/uploads\/2026\/04\/caixa-organizadora-de-guarda-roupa--768x474.png 768w, https:\/\/www.mobly.com.br\/blog\/wp-content\/uploads\/2026\/04\/caixa-organizadora-de-guarda-roupa--150x93.png 150w\" sizes=\"auto, (max-width: 792px) 100vw, 792px\" \/><\/figure>\n\n\n\n<p>O ideal \u00e9 que o seu <a href=\"https:\/\/www.mobly.com.br\/moveis\/guarda-roupas?utm_source=blog&amp;utm_medium=link&amp;utm_campaign=post_Dicas_NA_organizacao-de-guarda-roupa\">guarda-roupa<\/a> seja um porto seguro no seu dia a dia: limpo, elegante e funcional para todas as suas roupas e acess\u00f3rios. Um m\u00f3vel organizado simplifica sua rotina, permite se livrar daquilo que voc\u00ea n\u00e3o quer mais ao mesmo tempo que te d\u00e1 uma desculpa para comprar coisas novas.<\/p>\n\n\n\n<p>\u00c9 preciso se livrar da desordem! Para isso, abuse de prateleiras e compartimentos, criando espa\u00e7os espec\u00edficos para cada pe\u00e7a.&nbsp; Procure criar um sistema de organiza\u00e7\u00e3o de guarda-roupa simples, personalizado e repet\u00edvel, para que voc\u00ea possa manter a organiza\u00e7\u00e3o no dia a dia.&nbsp;<\/p>\n\n\n\n<p>Acabaram-se os dias de enfiar a m\u00e3o numa gaveta procurando uma camiseta que voc\u00ea jurava que estava l\u00e1, de deixar uma montanha de roupas em cima do <a href=\"https:\/\/www.mobly.com.br\/moveis\/sofas?utm_source=blog&amp;utm_medium=link&amp;utm_campaign=post_Dicas_NA_organizacao-de-guarda-roupa\">sof\u00e1 na sala<\/a> de estar e de pegar uma bolsa estocada na bagun\u00e7a e ver toda a pilha desmoronar. Vem ver essas 7 dicas:<\/p>\n\n\n\n<h2 class=\"wp-block-heading\">#1 \u2013 Organizando guarda-roupas sem gastar muito<\/h2>\n\n\n\n<figure class=\"wp-block-image size-full\"><img loading=\"lazy\" decoding=\"async\" width=\"792\" height=\"489\" src=\"https:\/\/www.mobly.com.br\/blog\/wp-content\/uploads\/2026\/04\/Organizacao-de-guarda-roupa.png\" alt=\"dicas de organiza\u00e7\u00e3o de guarda-roupa em um quarto com um modelo de portas de correr com diversas pe\u00e7as organizadas em cabides iguais para ter uma visualiza\u00e7\u00e3o mais pr\u00e1tica e f\u00e1cil no dia a dia.\" class=\"wp-image-22261\" srcset=\"https:\/\/www.mobly.com.br\/blog\/wp-content\/uploads\/2026\/04\/Organizacao-de-guarda-roupa.png 792w, https:\/\/www.mobly.com.br\/blog\/wp-content\/uploads\/2026\/04\/Organizacao-de-guarda-roupa-512x316.png 512w, https:\/\/www.mobly.com.br\/blog\/wp-content\/uploads\/2026\/04\/Organizacao-de-guarda-roupa-768x474.png 768w, https:\/\/www.mobly.com.br\/blog\/wp-content\/uploads\/2026\/04\/Organizacao-de-guarda-roupa-150x93.png 150w\" sizes=\"auto, (max-width: 792px) 100vw, 792px\" \/><\/figure>\n\n\n\n<p>N\u00e3o \u00e9 necess\u00e1rio que voc\u00ea gaste muito dinheiro para tornar o seu guarda-roupa mais funcional. Muito pelo contr\u00e1rio, voc\u00ea vai ver que muitas formas de dar um upgrade no seu espa\u00e7o t\u00eam custo zero. M\u00e9todos de organiza\u00e7\u00e3o podem aumentar ou reduzir o tamanho do seu guarda-roupa.&nbsp;<\/p>\n\n\n\n<p>Experimente guardar roupas de inverno em uma mala ou em uma <strong>caixa organizadora de guarda-roupa<\/strong> durante o ver\u00e3o e vice e versa, ou m\u00e9todos melhores de dobrar as pe\u00e7as de roupas. S\u00e3o tarefas simples, que podem ser transformadas em h\u00e1bitos sem nenhum custo.&nbsp;<\/p>\n\n\n\n<h2 class=\"wp-block-heading\">#2 \u2013 Organiza\u00e7\u00e3o de guarda-roupa come\u00e7a nos cabides<\/h2>\n\n\n\n<p>Pode parecer coisa de maluco, mas voc\u00ea j\u00e1 reparou nos seus cabides? Um \u00e9 de madeira, outro \u00e9 pl\u00e1stico, outro veio de gra\u00e7a da lavanderia. Uma maneira de <a href=\"https:\/\/www.mobly.com.br\/blog\/dicas\/como-manter-a-casa-organizada\/\">manter tudo organizado<\/a> \u00e9 ter cabides iguais.&nbsp;<\/p>\n\n\n\n<p>Digamos que voc\u00ea use cabides de madeira para casacos e os de pl\u00e1stico para cal\u00e7as. Pode parecer um exagero, mas essas pe\u00e7as iguais ajudam a manter as roupas bem acomodadas umas sobre as outras, evitando que amassem. Sem contar que, esteticamente, fica mais agrad\u00e1vel.&nbsp;<\/p>\n\n\n\n<h2 class=\"wp-block-heading\">#3 \u2013 Organiza\u00e7\u00e3o de guarda-roupa pequeno<\/h2>\n\n\n\n<figure class=\"wp-block-image size-full\"><img loading=\"lazy\" decoding=\"async\" width=\"792\" height=\"489\" src=\"https:\/\/www.mobly.com.br\/blog\/wp-content\/uploads\/2026\/04\/organizador-de-guarda-roupa-cabide.png\" alt=\"organizador de guarda-roupa cabide igual para padronizar e deixar visualmente mais bonito em uma arara de roupas, al\u00e9m de mesa de cabeceira, tapete e itens decorativos no quarto.\" class=\"wp-image-22264\" srcset=\"https:\/\/www.mobly.com.br\/blog\/wp-content\/uploads\/2026\/04\/organizador-de-guarda-roupa-cabide.png 792w, https:\/\/www.mobly.com.br\/blog\/wp-content\/uploads\/2026\/04\/organizador-de-guarda-roupa-cabide-512x316.png 512w, https:\/\/www.mobly.com.br\/blog\/wp-content\/uploads\/2026\/04\/organizador-de-guarda-roupa-cabide-768x474.png 768w, https:\/\/www.mobly.com.br\/blog\/wp-content\/uploads\/2026\/04\/organizador-de-guarda-roupa-cabide-150x93.png 150w\" sizes=\"auto, (max-width: 792px) 100vw, 792px\" \/><\/figure>\n\n\n\n<p>Se voc\u00ea est\u00e1 trabalhando na organiza\u00e7\u00e3o de um guarda-roupa pequeno, vai precisar de algumas atualiza\u00e7\u00f5es para que ele seja mais funcional. Podemos resumir em tr\u00eas pontos: m\u00e9todos eficientes de dobragem de roupas, ocupar espa\u00e7os vazios e separar o espa\u00e7o para cada categoria.&nbsp;<\/p>\n\n\n\n<p>Lembrando que uma faxina geral para se desfazer daquilo que voc\u00ea n\u00e3o est\u00e1 usando uma vez a cada seis meses tamb\u00e9m \u00e9 fortemente recomendado. Al\u00e9m disso, o que vai ajudar muito \u00e9 ter modelos de<strong> organizador de guarda-roupa <\/strong>como colm\u00e9ias de gavetas, por exemplo.<\/p>\n\n\n\n<h2 class=\"wp-block-heading\">#4 \u2013 Organizando o guarda-roupa de casal<\/h2>\n\n\n\n<p>Para manter a organiza\u00e7\u00e3o de guarda-roupa de casal, busque por <strong>caixa organizadora de guarda-roupa<\/strong>, nichos, bandejas ou at\u00e9 mesmo estantes pr\u00f3prias para criar mais espa\u00e7o nesse m\u00f3vel. Voc\u00ea ir\u00e1 se surpreender com a variedade de op\u00e7\u00f5es dispon\u00edveis para quem est\u00e1 passando pela mesma coisa que voc\u00ea.&nbsp;<\/p>\n\n\n\n<p>Esse \u00e9 o melhor jeito de conseguir um espa\u00e7o extra no seu guarda-roupa do <a href=\"https:\/\/www.mobly.com.br\/blog\/casa-mobly\/quarto-casal-minimalista-e-natural\/\">quarto de casal<\/a> \u2013 ou um de solteiro que esteja pequeno demais. Voc\u00ea vai usar espa\u00e7os no seu arm\u00e1rio que antes estavam sendo esquecidos.&nbsp;<\/p>\n\n\n\n<h2 class=\"wp-block-heading\">#5 \u2013 Organiza\u00e7\u00e3o de guarda-roupa separando sess\u00f5es<\/h2>\n\n\n\n<figure class=\"wp-block-image size-full\"><img loading=\"lazy\" decoding=\"async\" width=\"792\" height=\"489\" src=\"https:\/\/www.mobly.com.br\/blog\/wp-content\/uploads\/2026\/04\/organizador-de-sapatos-para-guarda-roupa.png\" alt=\"organizador de sapatos para guarda-roupa de casa, modelo com diversos nichos para segmentar os itens de uma maneira pr\u00e1tica e funcional para o dia a dia.\" class=\"wp-image-22265\" srcset=\"https:\/\/www.mobly.com.br\/blog\/wp-content\/uploads\/2026\/04\/organizador-de-sapatos-para-guarda-roupa.png 792w, https:\/\/www.mobly.com.br\/blog\/wp-content\/uploads\/2026\/04\/organizador-de-sapatos-para-guarda-roupa-512x316.png 512w, https:\/\/www.mobly.com.br\/blog\/wp-content\/uploads\/2026\/04\/organizador-de-sapatos-para-guarda-roupa-768x474.png 768w, https:\/\/www.mobly.com.br\/blog\/wp-content\/uploads\/2026\/04\/organizador-de-sapatos-para-guarda-roupa-150x93.png 150w\" sizes=\"auto, (max-width: 792px) 100vw, 792px\" \/><\/figure>\n\n\n\n<p>Agora que voc\u00ea criou espa\u00e7o extra, aproveite e fa\u00e7a divis\u00f3rias para organizar suas roupas e acess\u00f3rios. Comece por separar os itens por categoria: jeans, camisetas, blusinhas, vestidos.<\/p>\n\n\n\n<p>Quando for escolher o espa\u00e7o de cada sess\u00e3o no <a href=\"https:\/\/www.mobly.com.br\/moveis\/guarda-roupas\/guarda-roupas-solteiro?utm_source=blog&amp;utm_medium=link&amp;utm_campaign=post_Dicas_NA_organizacao-de-guarda-roupa\">guarda-roupa de solteiro<\/a> ou casal, considere o volume que as pe\u00e7as ocupam. Blusinhas ocupam menos espa\u00e7o, ent\u00e3o uma prateleira menor pode resolver. J\u00e1 vestidos longos e casacos volumosos precisam de mais espa\u00e7o, ent\u00e3o merecem prateleiras ou uma caixa organizadora maior.\u00a0<\/p>\n\n\n\n<h2 class=\"wp-block-heading\">#6 \u2013 Dobrando e pendurando pe\u00e7as<\/h2>\n\n\n\n<p>Depois de separar o seu guarda-roupa em sess\u00f5es, \u00e9 hora de aprender novas t\u00e9cnicas de dobrar e pendurar. Opte por empilhar as suas pe\u00e7as em divis\u00f3rias e prateleiras para melhor acesso. Se estiver usando gavetas, use o m\u00e9todo de dobra vertical ou <em>file folding<\/em>, da Marie Kondo. D\u00ea um google.<\/p>\n\n\n\n<p>Suti\u00e3s podem ser aninhados uns dentro dos outros para economizar espa\u00e7o. Malas devem seguir o estilo matrioshka \u2013 aquelas bonecas russas que v\u00e3o da maior para a menor -, ou seja, malas menores dentro das maiores para ocuparem um s\u00f3 espa\u00e7o.&nbsp;<\/p>\n\n\n\n<p>As cal\u00e7as podem ser penduradas. Os cabides e <strong>organizador de gaveta guarda-roupa<\/strong> tamb\u00e9m v\u00e3o ajudar a mant\u00ea-las sem rugas e amassados. Itens como len\u00e7os e gravatas podem ocupar um \u00fanico cabide para economizar espa\u00e7o.&nbsp;<\/p>\n\n\n\n<p>Chap\u00e9us, bon\u00e9s e boinas podem ser empilhados. Cintos podem ser enrolados e colocados numa prateleira. E se voc\u00ea tem acess\u00f3rios demais, avalie se est\u00e1 realmente usando tudo que tem.&nbsp;<\/p>\n\n\n\n<h2 class=\"wp-block-heading\">#7 \u2013 Organizando tamb\u00e9m sapatos<\/h2>\n\n\n\n<p>Essa \u00faltima dica \u00e9 essencial para acomodar cal\u00e7ados mais altos, como botas de cano longo, que exigem mais espa\u00e7o. Para evitar que o cano dobre, amasse ou atrapalhe a sua organiza\u00e7\u00e3o no guarda-roupa, tenha aten\u00e7\u00e3o especial a essas pe\u00e7as.&nbsp;<\/p>\n\n\n\n<p>A melhor solu\u00e7\u00e3o \u00e9 separar uma prateleira, nicho inferior ou <strong>organizador de sapatos para guarda-roupa<\/strong> com uma altura maior para esses cal\u00e7ados. Caso falte espa\u00e7o na vertical, utilize enchimentos ou suportes espec\u00edficos para manter a estrutura do cal\u00e7ado intacta, garantindo que fiquem bem conservados e f\u00e1ceis de visualizar.<\/p>\n\n\n\n<h2 class=\"wp-block-heading\">Continue com a gente para conferir outras dicas!<\/h2>\n\n\n\n<p>E a\u00ed, curtiu nossas dicas de organiza\u00e7\u00e3o de guarda-roupa? Continue navegando pelo nosso blog e confira outras ideias de organiza\u00e7\u00e3o, <a href=\"https:\/\/www.mobly.com.br\/blog\/por-ambientes\/decoracao-de-quarto-de-casal\/\">decora\u00e7\u00e3o para sua casa<\/a>, tend\u00eancias e muito mais!<\/p>\n<button class=\"simplefavorite-button has-count loading\" data-postid=\"20227\" data-siteid=\"1\" data-groupid=\"1\" data-favoritecount=\"0\" style=\"\">Carregando...<span class=\"sf-icon-spinner-wrapper\"><i class=\"sf-icon-spinner\"><\/i><\/span><\/button>","protected":false},"excerpt":{"rendered":"<p>Um dia voc\u00ea foi crian\u00e7a e teve medo de ter um monstro dentro do guarda-roupa, agora voc\u00ea cresceu e descobriu que 1: monstros n\u00e3o existem; e 2: esse m\u00f3vel quando est\u00e1 desorganizado \u00e9 muito pior (e \u00e9 real). Se essa hist\u00f3ria de terror \u00e9 a sua realidade, se liga nessas dicas infal\u00edveis de organiza\u00e7\u00e3o de guarda-roupa que preparamos para ajudar a manter tudo em ordem! Qual a melhor forma de fazer organiza\u00e7\u00e3o de guarda-roupas? Sim, existem diversos modelos de guarda-roupa! Seja o seu um closet enorme, cheio de prateleiras ou uma pe\u00e7a pequena e improvisada no canto do quarto. Manter esse espa\u00e7o organizado \u00e9 fundamental. Mas qual \u00e9 a melhor maneira de fazer a organiza\u00e7\u00e3o de guarda-roupa?&nbsp; N\u00e3o existe receita de bolo, voc\u00ea vai ter que descobrir o jeito que funciona melhor para voc\u00ea. Por\u00e9m, entre as dicas de como organizar o guarda roupa, um bom ponto de partida \u00e9 garantir que as pe\u00e7as que voc\u00ea usa com mais frequ\u00eancia estejam ao alcance das m\u00e3os \u2013 nem l\u00e1 em cima, nem l\u00e1 embaixo.&nbsp; Lembre-se de evitar acumular o que n\u00e3o usa O ideal \u00e9 que o seu guarda-roupa seja um porto seguro no seu dia a dia: limpo, elegante e [&hellip;]<\/p>\n","protected":false},"author":41,"featured_media":22260,"comment_status":"closed","ping_status":"closed","sticky":false,"template":"","format":"standard","meta":{"extendify_custom_stylesheet":"","_mi_skip_tracking":false,"_monsterinsights_skip_tracking":false,"_monsterinsights_sitenote_active":false,"_monsterinsights_sitenote_note":"","_monsterinsights_sitenote_category":0,"footnotes":""},"categories":[10],"tags":[1340,1341,1358,15],"class_list":["post-20227","post","type-post","status-publish","format-standard","has-post-thumbnail","hentry","category-dicas","tag-guardaroupa","tag-organizacao-2","tag-casa","tag-dicas"],"yoast_head":"<!-- This site is optimized with the Yoast SEO plugin v24.9 - https:\/\/yoast.com\/wordpress\/plugins\/seo\/ -->\n<title>Confira 7 dicas de organiza\u00e7\u00e3o de guarda-roupa<\/title>\n<meta name=\"description\" content=\"Quer manter a organiza\u00e7\u00e3o de guarda-roupa em dia? Vem ver 7 dicas incr\u00edveis que n\u00f3s do blog da Mobly preparamos para te ajudar nessa tarefa!\" \/>\n<meta name=\"robots\" content=\"index, follow, max-snippet:-1, max-image-preview:large, max-video-preview:-1\" \/>\n<link rel=\"canonical\" href=\"https:\/\/www.mobly.com.br\/blog\/dicas\/organizacao-de-guarda-roupa\/\" \/>\n<meta property=\"og:locale\" content=\"pt_BR\" \/>\n<meta property=\"og:type\" content=\"article\" \/>\n<meta property=\"og:title\" content=\"Confira 7 dicas de organiza\u00e7\u00e3o de guarda-roupa\" \/>\n<meta property=\"og:description\" content=\"Quer manter a organiza\u00e7\u00e3o de guarda-roupa em dia? Vem ver 7 dicas incr\u00edveis que n\u00f3s do blog da Mobly preparamos para te ajudar nessa tarefa!\" \/>\n<meta property=\"og:url\" content=\"https:\/\/www.mobly.com.br\/blog\/dicas\/organizacao-de-guarda-roupa\/\" \/>\n<meta property=\"og:site_name\" content=\"Blog da Mobly\" \/>\n<meta property=\"article:published_time\" content=\"2026-04-16T14:01:00+00:00\" \/>\n<meta property=\"article:modified_time\" content=\"2026-04-16T14:02:34+00:00\" \/>\n<meta property=\"og:image\" content=\"https:\/\/www.mobly.com.br\/blog\/wp-content\/uploads\/2026\/04\/dicas-de-como-organizar-o-guarda-roupa.png\" \/>\n\t<meta property=\"og:image:width\" content=\"792\" \/>\n\t<meta property=\"og:image:height\" content=\"489\" \/>\n\t<meta property=\"og:image:type\" content=\"image\/png\" \/>\n<meta name=\"author\" content=\"Amanda\" \/>\n<meta name=\"twitter:card\" content=\"summary_large_image\" \/>\n<meta name=\"twitter:label1\" content=\"Escrito por\" \/>\n\t<meta name=\"twitter:data1\" content=\"Amanda\" \/>\n\t<meta name=\"twitter:label2\" content=\"Est. tempo de leitura\" \/>\n\t<meta name=\"twitter:data2\" content=\"9 minutos\" \/>\n<script type=\"application\/ld+json\" class=\"yoast-schema-graph\">{\"@context\":\"https:\/\/schema.org\",\"@graph\":[{\"@type\":\"WebPage\",\"@id\":\"https:\/\/www.mobly.com.br\/blog\/dicas\/organizacao-de-guarda-roupa\/\",\"url\":\"https:\/\/www.mobly.com.br\/blog\/dicas\/organizacao-de-guarda-roupa\/\",\"name\":\"Confira 7 dicas de organiza\u00e7\u00e3o de guarda-roupa\",\"isPartOf\":{\"@id\":\"https:\/\/www.mobly.com.br\/blog\/#website\"},\"primaryImageOfPage\":{\"@id\":\"https:\/\/www.mobly.com.br\/blog\/dicas\/organizacao-de-guarda-roupa\/#primaryimage\"},\"image\":{\"@id\":\"https:\/\/www.mobly.com.br\/blog\/dicas\/organizacao-de-guarda-roupa\/#primaryimage\"},\"thumbnailUrl\":\"https:\/\/www.mobly.com.br\/blog\/wp-content\/uploads\/2026\/04\/dicas-de-como-organizar-o-guarda-roupa.png\",\"datePublished\":\"2026-04-16T14:01:00+00:00\",\"dateModified\":\"2026-04-16T14:02:34+00:00\",\"author\":{\"@id\":\"https:\/\/www.mobly.com.br\/blog\/#\/schema\/person\/4ca5f57ac9eb774e3a9fc26d6ce3d1f8\"},\"description\":\"Quer manter a organiza\u00e7\u00e3o de guarda-roupa em dia? Vem ver 7 dicas incr\u00edveis que n\u00f3s do blog da Mobly preparamos para te ajudar nessa tarefa!\",\"breadcrumb\":{\"@id\":\"https:\/\/www.mobly.com.br\/blog\/dicas\/organizacao-de-guarda-roupa\/#breadcrumb\"},\"inLanguage\":\"pt-BR\",\"potentialAction\":[{\"@type\":\"ReadAction\",\"target\":[\"https:\/\/www.mobly.com.br\/blog\/dicas\/organizacao-de-guarda-roupa\/\"]}]},{\"@type\":\"ImageObject\",\"inLanguage\":\"pt-BR\",\"@id\":\"https:\/\/www.mobly.com.br\/blog\/dicas\/organizacao-de-guarda-roupa\/#primaryimage\",\"url\":\"https:\/\/www.mobly.com.br\/blog\/wp-content\/uploads\/2026\/04\/dicas-de-como-organizar-o-guarda-roupa.png\",\"contentUrl\":\"https:\/\/www.mobly.com.br\/blog\/wp-content\/uploads\/2026\/04\/dicas-de-como-organizar-o-guarda-roupa.png\",\"width\":792,\"height\":489,\"caption\":\"organiza\u00e7\u00e3o de guarda-roupa com um homem arrumando as pe\u00e7as de roupas dentro do arm\u00e1rio com cabides iguais e separando por cores para ser mais pr\u00e1tico e \u00e1gil na rotina.\"},{\"@type\":\"BreadcrumbList\",\"@id\":\"https:\/\/www.mobly.com.br\/blog\/dicas\/organizacao-de-guarda-roupa\/#breadcrumb\",\"itemListElement\":[{\"@type\":\"ListItem\",\"position\":1,\"name\":\"Home\",\"item\":\"https:\/\/www.mobly.com.br\/blog\/\"},{\"@type\":\"ListItem\",\"position\":2,\"name\":\"Dicas\",\"item\":\"https:\/\/www.mobly.com.br\/blog\/dicas\/\"},{\"@type\":\"ListItem\",\"position\":3,\"name\":\"Organiza\u00e7\u00e3o de guarda-roupa: 7 dicas incr\u00edveis para voc\u00ea!\"}]},{\"@type\":\"WebSite\",\"@id\":\"https:\/\/www.mobly.com.br\/blog\/#website\",\"url\":\"https:\/\/www.mobly.com.br\/blog\/\",\"name\":\"Blog da Mobly\",\"description\":\"Dicas de Decora\u00e7\u00e3o, Inspira\u00e7\u00f5es e Mais\",\"potentialAction\":[{\"@type\":\"SearchAction\",\"target\":{\"@type\":\"EntryPoint\",\"urlTemplate\":\"https:\/\/www.mobly.com.br\/blog\/?s={search_term_string}\"},\"query-input\":{\"@type\":\"PropertyValueSpecification\",\"valueRequired\":true,\"valueName\":\"search_term_string\"}}],\"inLanguage\":\"pt-BR\"},{\"@type\":\"Person\",\"@id\":\"https:\/\/www.mobly.com.br\/blog\/#\/schema\/person\/4ca5f57ac9eb774e3a9fc26d6ce3d1f8\",\"name\":\"Amanda\",\"image\":{\"@type\":\"ImageObject\",\"inLanguage\":\"pt-BR\",\"@id\":\"https:\/\/www.mobly.com.br\/blog\/#\/schema\/person\/image\/\",\"url\":\"https:\/\/secure.gravatar.com\/avatar\/02766c2fe9b6e34cd460c70eeade014d?s=96&d=mm&r=g\",\"contentUrl\":\"https:\/\/secure.gravatar.com\/avatar\/02766c2fe9b6e34cd460c70eeade014d?s=96&d=mm&r=g\",\"caption\":\"Amanda\"},\"url\":\"https:\/\/www.mobly.com.br\/blog\/author\/amanda-silva\/\"}]}<\/script>\n<!-- \/ Yoast SEO plugin. -->","yoast_head_json":{"title":"Confira 7 dicas de organiza\u00e7\u00e3o de guarda-roupa","description":"Quer manter a organiza\u00e7\u00e3o de guarda-roupa em dia? Vem ver 7 dicas incr\u00edveis que n\u00f3s do blog da Mobly preparamos para te ajudar nessa tarefa!","robots":{"index":"index","follow":"follow","max-snippet":"max-snippet:-1","max-image-preview":"max-image-preview:large","max-video-preview":"max-video-preview:-1"},"canonical":"https:\/\/www.mobly.com.br\/blog\/dicas\/organizacao-de-guarda-roupa\/","og_locale":"pt_BR","og_type":"article","og_title":"Confira 7 dicas de organiza\u00e7\u00e3o de guarda-roupa","og_description":"Quer manter a organiza\u00e7\u00e3o de guarda-roupa em dia? Vem ver 7 dicas incr\u00edveis que n\u00f3s do blog da Mobly preparamos para te ajudar nessa tarefa!","og_url":"https:\/\/www.mobly.com.br\/blog\/dicas\/organizacao-de-guarda-roupa\/","og_site_name":"Blog da Mobly","article_published_time":"2026-04-16T14:01:00+00:00","article_modified_time":"2026-04-16T14:02:34+00:00","og_image":[{"width":792,"height":489,"url":"https:\/\/www.mobly.com.br\/blog\/wp-content\/uploads\/2026\/04\/dicas-de-como-organizar-o-guarda-roupa.png","type":"image\/png"}],"author":"Amanda","twitter_card":"summary_large_image","twitter_misc":{"Escrito por":"Amanda","Est. tempo de leitura":"9 minutos"},"schema":{"@context":"https:\/\/schema.org","@graph":[{"@type":"WebPage","@id":"https:\/\/www.mobly.com.br\/blog\/dicas\/organizacao-de-guarda-roupa\/","url":"https:\/\/www.mobly.com.br\/blog\/dicas\/organizacao-de-guarda-roupa\/","name":"Confira 7 dicas de organiza\u00e7\u00e3o de guarda-roupa","isPartOf":{"@id":"https:\/\/www.mobly.com.br\/blog\/#website"},"primaryImageOfPage":{"@id":"https:\/\/www.mobly.com.br\/blog\/dicas\/organizacao-de-guarda-roupa\/#primaryimage"},"image":{"@id":"https:\/\/www.mobly.com.br\/blog\/dicas\/organizacao-de-guarda-roupa\/#primaryimage"},"thumbnailUrl":"https:\/\/www.mobly.com.br\/blog\/wp-content\/uploads\/2026\/04\/dicas-de-como-organizar-o-guarda-roupa.png","datePublished":"2026-04-16T14:01:00+00:00","dateModified":"2026-04-16T14:02:34+00:00","author":{"@id":"https:\/\/www.mobly.com.br\/blog\/#\/schema\/person\/4ca5f57ac9eb774e3a9fc26d6ce3d1f8"},"description":"Quer manter a organiza\u00e7\u00e3o de guarda-roupa em dia? Vem ver 7 dicas incr\u00edveis que n\u00f3s do blog da Mobly preparamos para te ajudar nessa tarefa!","breadcrumb":{"@id":"https:\/\/www.mobly.com.br\/blog\/dicas\/organizacao-de-guarda-roupa\/#breadcrumb"},"inLanguage":"pt-BR","potentialAction":[{"@type":"ReadAction","target":["https:\/\/www.mobly.com.br\/blog\/dicas\/organizacao-de-guarda-roupa\/"]}]},{"@type":"ImageObject","inLanguage":"pt-BR","@id":"https:\/\/www.mobly.com.br\/blog\/dicas\/organizacao-de-guarda-roupa\/#primaryimage","url":"https:\/\/www.mobly.com.br\/blog\/wp-content\/uploads\/2026\/04\/dicas-de-como-organizar-o-guarda-roupa.png","contentUrl":"https:\/\/www.mobly.com.br\/blog\/wp-content\/uploads\/2026\/04\/dicas-de-como-organizar-o-guarda-roupa.png","width":792,"height":489,"caption":"organiza\u00e7\u00e3o de guarda-roupa com um homem arrumando as pe\u00e7as de roupas dentro do arm\u00e1rio com cabides iguais e separando por cores para ser mais pr\u00e1tico e \u00e1gil na rotina."},{"@type":"BreadcrumbList","@id":"https:\/\/www.mobly.com.br\/blog\/dicas\/organizacao-de-guarda-roupa\/#breadcrumb","itemListElement":[{"@type":"ListItem","position":1,"name":"Home","item":"https:\/\/www.mobly.com.br\/blog\/"},{"@type":"ListItem","position":2,"name":"Dicas","item":"https:\/\/www.mobly.com.br\/blog\/dicas\/"},{"@type":"ListItem","position":3,"name":"Organiza\u00e7\u00e3o de guarda-roupa: 7 dicas incr\u00edveis para voc\u00ea!"}]},{"@type":"WebSite","@id":"https:\/\/www.mobly.com.br\/blog\/#website","url":"https:\/\/www.mobly.com.br\/blog\/","name":"Blog da Mobly","description":"Dicas de Decora\u00e7\u00e3o, Inspira\u00e7\u00f5es e Mais","potentialAction":[{"@type":"SearchAction","target":{"@type":"EntryPoint","urlTemplate":"https:\/\/www.mobly.com.br\/blog\/?s={search_term_string}"},"query-input":{"@type":"PropertyValueSpecification","valueRequired":true,"valueName":"search_term_string"}}],"inLanguage":"pt-BR"},{"@type":"Person","@id":"https:\/\/www.mobly.com.br\/blog\/#\/schema\/person\/4ca5f57ac9eb774e3a9fc26d6ce3d1f8","name":"Amanda","image":{"@type":"ImageObject","inLanguage":"pt-BR","@id":"https:\/\/www.mobly.com.br\/blog\/#\/schema\/person\/image\/","url":"https:\/\/secure.gravatar.com\/avatar\/02766c2fe9b6e34cd460c70eeade014d?s=96&d=mm&r=g","contentUrl":"https:\/\/secure.gravatar.com\/avatar\/02766c2fe9b6e34cd460c70eeade014d?s=96&d=mm&r=g","caption":"Amanda"},"url":"https:\/\/www.mobly.com.br\/blog\/author\/amanda-silva\/"}]}},"_links":{"self":[{"href":"https:\/\/www.mobly.com.br\/blog\/wp-json\/wp\/v2\/posts\/20227","targetHints":{"allow":["GET"]}}],"collection":[{"href":"https:\/\/www.mobly.com.br\/blog\/wp-json\/wp\/v2\/posts"}],"about":[{"href":"https:\/\/www.mobly.com.br\/blog\/wp-json\/wp\/v2\/types\/post"}],"author":[{"embeddable":true,"href":"https:\/\/www.mobly.com.br\/blog\/wp-json\/wp\/v2\/users\/41"}],"replies":[{"embeddable":true,"href":"https:\/\/www.mobly.com.br\/blog\/wp-json\/wp\/v2\/comments?post=20227"}],"version-history":[{"count":3,"href":"https:\/\/www.mobly.com.br\/blog\/wp-json\/wp\/v2\/posts\/20227\/revisions"}],"predecessor-version":[{"id":22267,"href":"https:\/\/www.mobly.com.br\/blog\/wp-json\/wp\/v2\/posts\/20227\/revisions\/22267"}],"wp:featuredmedia":[{"embeddable":true,"href":"https:\/\/www.mobly.com.br\/blog\/wp-json\/wp\/v2\/media\/22260"}],"wp:attachment":[{"href":"https:\/\/www.mobly.com.br\/blog\/wp-json\/wp\/v2\/media?parent=20227"}],"wp:term":[{"taxonomy":"category","embeddable":true,"href":"https:\/\/www.mobly.com.br\/blog\/wp-json\/wp\/v2\/categories?post=20227"},{"taxonomy":"post_tag","embeddable":true,"href":"https:\/\/www.mobly.com.br\/blog\/wp-json\/wp\/v2\/tags?post=20227"}],"curies":[{"name":"wp","href":"https:\/\/api.w.org\/{rel}","templated":true}]}}