{"id":20153,"date":"2023-04-12T22:26:02","date_gmt":"2023-04-13T01:26:02","guid":{"rendered":"https:\/\/www.mobly.com.br\/blog\/?p=20153"},"modified":"2023-04-12T22:26:51","modified_gmt":"2023-04-13T01:26:51","slug":"reforma-de-apartamento","status":"publish","type":"post","link":"https:\/\/www.mobly.com.br\/blog\/dicas\/reforma-de-apartamento\/","title":{"rendered":"Reforma de Apartamento: 6 Coisas Que Voc\u00ea Deveria Saber"},"content":{"rendered":"\n<p><strong>Reforma de apartamento<\/strong> \u00e9 algo extremamente gratificante depois de pronto, mas, at\u00e9 chegar l\u00e1, pode trazer muitos desafios. No seu caminho, ter\u00e3o vizinhos que podem se incomodar, sujeira, retirada de muita sujeira e, em alguns casos, at\u00e9 mesmo a necessidade de licen\u00e7as.<\/p>\n\n\n\n<p>De modo geral, a tarefa n\u00e3o \u00e9 f\u00e1cil \u2013 e quanto maior a reforma de apartamento, mais desafiador. Voc\u00ea se ver\u00e1 frente a quest\u00f5es como \u201cqual estilo eu quero?\u201d e \u201cquanto eu quero renovar nessa reforma?\u201d.<\/p>\n\n\n\n<p>Felizmente voc\u00ea n\u00e3o \u00e9 a primeira pessoa a passar por uma reforma de apartamento, ent\u00e3o j\u00e1 existem muitas dicas dispon\u00edveis e separamos aqui algumas das nossas favoritas.<\/p>\n\n\n\n<figure class=\"wp-block-image size-large\"><img loading=\"lazy\" decoding=\"async\" width=\"1024\" height=\"699\" src=\"https:\/\/www.mobly.com.br\/blog\/wp-content\/uploads\/2023\/04\/Reforma-de-Apartamento-1024x699.jpg\" alt=\"\" class=\"wp-image-20155\" srcset=\"https:\/\/www.mobly.com.br\/blog\/wp-content\/uploads\/2023\/04\/Reforma-de-Apartamento-1024x699.jpg 1024w, https:\/\/www.mobly.com.br\/blog\/wp-content\/uploads\/2023\/04\/Reforma-de-Apartamento-512x349.jpg 512w, https:\/\/www.mobly.com.br\/blog\/wp-content\/uploads\/2023\/04\/Reforma-de-Apartamento-768x524.jpg 768w, https:\/\/www.mobly.com.br\/blog\/wp-content\/uploads\/2023\/04\/Reforma-de-Apartamento-1536x1048.jpg 1536w, https:\/\/www.mobly.com.br\/blog\/wp-content\/uploads\/2023\/04\/Reforma-de-Apartamento.jpg 1737w\" sizes=\"auto, (max-width: 1024px) 100vw, 1024px\" \/><\/figure>\n\n\n\n<h2 class=\"wp-block-heading\">Reforma de apartamento: por onde come\u00e7ar?<\/h2>\n\n\n\n<p>Comece com um bom planejamento, listando quais s\u00e3o as coisas que voc\u00ea quer dar uma renovada. O que voc\u00ea quer com essa reforma de apartamento? Crie uma pasta com fornecedores, com imagens da internet para inspira\u00e7\u00e3o, separe as cores e materiais que voc\u00ea mais gosta.<\/p>\n\n\n\n<p>Esse planejamento ir\u00e1 te ajudar a definir outros aspectos fundamentais do processo de reforma, como custos, materiais necess\u00e1rios e n\u00famero de pedreiros e outros profissionais que ir\u00e3o atuar.<\/p>\n\n\n\n<p>N\u00e3o deixe de considerar itens como pisos, paredes e teto e \u00e1reas como <a href=\"https:\/\/www.mobly.com.br\/blog\/dicas\/varanda-gourmet-saiba-como-decorar-este-ambiente\/\">varanda gourmet<\/a> e <a href=\"https:\/\/www.mobly.com.br\/blog\/inspiracoes\/decoracao-hall-de-entrada\">hall de entrada<\/a>. Mas tente n\u00e3o abra\u00e7ar o mundo de uma vez, afinal \u00e9 bem poss\u00edvel que voc\u00ea tenha que conviver com essa bagun\u00e7a.<\/p>\n\n\n\n<p>Verifique com seu condom\u00ednio se \u00e9 necess\u00e1ria alguma vistoria ou permiss\u00e3o para a realiza\u00e7\u00e3o de uma obra. \u00c9 bem comum hoje em dia e \u00e9 algo que um arquiteto pode providenciar com facilidade.<\/p>\n\n\n\n<figure class=\"wp-block-gallery has-nested-images columns-default is-cropped wp-block-gallery-1 is-layout-flex wp-block-gallery-is-layout-flex\">\n<figure class=\"wp-block-image size-large\"><img loading=\"lazy\" decoding=\"async\" width=\"1228\" height=\"1593\" data-id=\"20154\" src=\"https:\/\/www.mobly.com.br\/blog\/wp-content\/uploads\/2023\/04\/Reforma-de-apartamento-pequeno.jpg\" alt=\"\" class=\"wp-image-20154\" srcset=\"https:\/\/www.mobly.com.br\/blog\/wp-content\/uploads\/2023\/04\/Reforma-de-apartamento-pequeno.jpg 1228w, https:\/\/www.mobly.com.br\/blog\/wp-content\/uploads\/2023\/04\/Reforma-de-apartamento-pequeno-395x512.jpg 395w, https:\/\/www.mobly.com.br\/blog\/wp-content\/uploads\/2023\/04\/Reforma-de-apartamento-pequeno-789x1024.jpg 789w, https:\/\/www.mobly.com.br\/blog\/wp-content\/uploads\/2023\/04\/Reforma-de-apartamento-pequeno-768x996.jpg 768w, https:\/\/www.mobly.com.br\/blog\/wp-content\/uploads\/2023\/04\/Reforma-de-apartamento-pequeno-1184x1536.jpg 1184w\" sizes=\"auto, (max-width: 1228px) 100vw, 1228px\" \/><\/figure>\n\n\n\n<figure class=\"wp-block-image size-large\"><img loading=\"lazy\" decoding=\"async\" width=\"1228\" height=\"1737\" data-id=\"20157\" src=\"https:\/\/www.mobly.com.br\/blog\/wp-content\/uploads\/2023\/04\/Dicas-para-quem-vai-fazer-uma-reforma-em-apartamento.jpg\" alt=\"\" class=\"wp-image-20157\" srcset=\"https:\/\/www.mobly.com.br\/blog\/wp-content\/uploads\/2023\/04\/Dicas-para-quem-vai-fazer-uma-reforma-em-apartamento.jpg 1228w, https:\/\/www.mobly.com.br\/blog\/wp-content\/uploads\/2023\/04\/Dicas-para-quem-vai-fazer-uma-reforma-em-apartamento-362x512.jpg 362w, https:\/\/www.mobly.com.br\/blog\/wp-content\/uploads\/2023\/04\/Dicas-para-quem-vai-fazer-uma-reforma-em-apartamento-724x1024.jpg 724w, https:\/\/www.mobly.com.br\/blog\/wp-content\/uploads\/2023\/04\/Dicas-para-quem-vai-fazer-uma-reforma-em-apartamento-768x1086.jpg 768w, https:\/\/www.mobly.com.br\/blog\/wp-content\/uploads\/2023\/04\/Dicas-para-quem-vai-fazer-uma-reforma-em-apartamento-1086x1536.jpg 1086w\" sizes=\"auto, (max-width: 1228px) 100vw, 1228px\" \/><\/figure>\n<\/figure>\n\n\n\n<h2 class=\"wp-block-heading\">#1 &#8211; Elabore o or\u00e7amento da reforma de apartamento<\/h2>\n\n\n\n<p>Os gastos da sua reforma de apartamento podem variar muito j\u00e1 que dependem do que voc\u00ea vai querer reformar e dos materiais que voc\u00ea vai querer usar.<\/p>\n\n\n\n<p>No entanto, busque ter aten\u00e7\u00e3o a absolutamente todos os aspectos que estar\u00e3o envolvidos na reforma, porque todos eles s\u00e3o traduzidos em custos \u2013 e voc\u00ea n\u00e3o quer ter nenhuma surpresa na hora pagar a conta.<\/p>\n\n\n\n<p>Alguns itens que podem passar batido (mas n\u00e3o devem) s\u00e3o ilumina\u00e7\u00e3o, el\u00e9trica, piso, eletrodom\u00e9sticos, designers, artes\u00e3os e, claro, a decora\u00e7\u00e3o.<\/p>\n\n\n\n<p>Finalizado o seu or\u00e7amento, \u00e9 hora de uma bela revis\u00e3o para verificar se os custos est\u00e3o de acordo com o dinheiro que voc\u00ea tem dispon\u00edvel e, se necess\u00e1rio, fazer alguns cortes e adapta\u00e7\u00f5es.<\/p>\n\n\n\n<p>Pode ser necess\u00e1rio fazer uma troca por materiais mais baratos ou deixar algo de lado conforme as prioridades.<\/p>\n\n\n\n<figure class=\"wp-block-image size-large\"><img loading=\"lazy\" decoding=\"async\" width=\"1024\" height=\"641\" src=\"https:\/\/www.mobly.com.br\/blog\/wp-content\/uploads\/2023\/04\/Dicas-de-como-fazer-reforma-em-apartamento-1024x641.jpg\" alt=\"\" class=\"wp-image-20156\" srcset=\"https:\/\/www.mobly.com.br\/blog\/wp-content\/uploads\/2023\/04\/Dicas-de-como-fazer-reforma-em-apartamento-1024x641.jpg 1024w, https:\/\/www.mobly.com.br\/blog\/wp-content\/uploads\/2023\/04\/Dicas-de-como-fazer-reforma-em-apartamento-512x320.jpg 512w, https:\/\/www.mobly.com.br\/blog\/wp-content\/uploads\/2023\/04\/Dicas-de-como-fazer-reforma-em-apartamento-768x480.jpg 768w, https:\/\/www.mobly.com.br\/blog\/wp-content\/uploads\/2023\/04\/Dicas-de-como-fazer-reforma-em-apartamento-1536x961.jpg 1536w, https:\/\/www.mobly.com.br\/blog\/wp-content\/uploads\/2023\/04\/Dicas-de-como-fazer-reforma-em-apartamento.jpg 1728w\" sizes=\"auto, (max-width: 1024px) 100vw, 1024px\" \/><\/figure>\n\n\n\n<h2 class=\"wp-block-heading\">#2 &#8211; Para reforma de apartamento antigo, fale com especialistas<\/h2>\n\n\n\n<p>Quando estamos falando de pr\u00e9dios antigos, \u00e9 preciso ter muito cuidado antes de sair por a\u00ed derrubando paredes.<\/p>\n\n\n\n<p>Consulte um arquiteto e\/ou engenheiro estrutural para ter uma opini\u00e3o realista do que \u00e9 poss\u00edvel ser feito na sua obra sem que a seguran\u00e7a sua e de outros moradores seja comprometida.<\/p>\n\n\n\n<p>Em um pr\u00e9dio antigo de muitos andares, acredite, voc\u00ea n\u00e3o vai querer correr o risco de retirar uma parede estrutural sem saber exatamente o que est\u00e1 fazendo.<\/p>\n\n\n\n<p>Uma consulta com um encanador e um eletricista tamb\u00e9m \u00e9 uma ideia que n\u00e3o deve ser dispensada. E deixem que esses profissionais conversem entre si para que os trabalhos ocorram sem interfer\u00eancias, afinal eles t\u00eam mais experi\u00eancia nisso<\/p>\n\n\n\n<p>Um exemplo para que voc\u00ea entenda: digamos que voc\u00ea est\u00e1 trabalhando com um profissional para fazer dry wall ou uma <a href=\"https:\/\/www.mobly.com.br\/blog\/dicas\/3-tipos-de-parede-de-tijolinho-que-voce-mesmo-pode-fazer\/\">parede de tijolinho<\/a> na sua sala. Ele dever\u00e1 deixar um espa\u00e7o aberto para que o eletricista passe os fios el\u00e9tricos.<\/p>\n\n\n\n<p>Caso isso n\u00e3o ocorra, o eletricista n\u00e3o ter\u00e1 escolha sen\u00e3o danificar ou remover o dry wall para cumprir sua parte.<\/p>\n\n\n\n<figure class=\"wp-block-gallery has-nested-images columns-default is-cropped wp-block-gallery-2 is-layout-flex wp-block-gallery-is-layout-flex\">\n<figure class=\"wp-block-image size-large\"><img loading=\"lazy\" decoding=\"async\" width=\"1228\" height=\"1717\" data-id=\"20158\" src=\"https:\/\/www.mobly.com.br\/blog\/wp-content\/uploads\/2023\/04\/Reforma-apartamento-pequeno.jpg\" alt=\"\" class=\"wp-image-20158\" srcset=\"https:\/\/www.mobly.com.br\/blog\/wp-content\/uploads\/2023\/04\/Reforma-apartamento-pequeno.jpg 1228w, https:\/\/www.mobly.com.br\/blog\/wp-content\/uploads\/2023\/04\/Reforma-apartamento-pequeno-366x512.jpg 366w, https:\/\/www.mobly.com.br\/blog\/wp-content\/uploads\/2023\/04\/Reforma-apartamento-pequeno-732x1024.jpg 732w, https:\/\/www.mobly.com.br\/blog\/wp-content\/uploads\/2023\/04\/Reforma-apartamento-pequeno-768x1074.jpg 768w, https:\/\/www.mobly.com.br\/blog\/wp-content\/uploads\/2023\/04\/Reforma-apartamento-pequeno-1099x1536.jpg 1099w\" sizes=\"auto, (max-width: 1228px) 100vw, 1228px\" \/><\/figure>\n\n\n\n<figure class=\"wp-block-image size-large\"><img loading=\"lazy\" decoding=\"async\" width=\"1277\" height=\"1468\" data-id=\"20159\" src=\"https:\/\/www.mobly.com.br\/blog\/wp-content\/uploads\/2023\/04\/Apartamento-pequeno-em-reforma.jpg\" alt=\"\" class=\"wp-image-20159\" srcset=\"https:\/\/www.mobly.com.br\/blog\/wp-content\/uploads\/2023\/04\/Apartamento-pequeno-em-reforma.jpg 1277w, https:\/\/www.mobly.com.br\/blog\/wp-content\/uploads\/2023\/04\/Apartamento-pequeno-em-reforma-445x512.jpg 445w, https:\/\/www.mobly.com.br\/blog\/wp-content\/uploads\/2023\/04\/Apartamento-pequeno-em-reforma-891x1024.jpg 891w, https:\/\/www.mobly.com.br\/blog\/wp-content\/uploads\/2023\/04\/Apartamento-pequeno-em-reforma-768x883.jpg 768w\" sizes=\"auto, (max-width: 1277px) 100vw, 1277px\" \/><\/figure>\n<\/figure>\n\n\n\n<h2 class=\"wp-block-heading\">#3 &#8211; N\u00e3o esque\u00e7a de avisar os vizinhos da reforma do apartamento<\/h2>\n\n\n\n<p>O quebra-quebra no seu apartamento n\u00e3o ir\u00e1 impactar somente a sua vida, mas de todos os vizinhos ao seu redor. Ent\u00e3o \u00e9 uma boa ideia conhecer essas pessoas antes, avisar sobre o que est\u00e1 para acontecer.<\/p>\n\n\n\n<p>Isso significa falar com as pessoas que moram do seu lado, debaixo e em cima. Gerenciar expectativas e mant\u00ea-los informados sobre o andamento da obra ir\u00e1 ajudar muito a manter um bom relacionamento entre voc\u00eas.<\/p>\n\n\n\n<p>E quando tudo estiver pronto, que tal dar uma festa e convidar o pessoal como forma de agradecimento pela paci\u00eancia?!<\/p>\n\n\n\n<figure class=\"wp-block-image size-large\"><img loading=\"lazy\" decoding=\"async\" width=\"709\" height=\"1024\" src=\"https:\/\/www.mobly.com.br\/blog\/wp-content\/uploads\/2023\/04\/Dicas-para-sua-reforma-de-apartamento-709x1024.jpg\" alt=\"\" class=\"wp-image-20160\" srcset=\"https:\/\/www.mobly.com.br\/blog\/wp-content\/uploads\/2023\/04\/Dicas-para-sua-reforma-de-apartamento-709x1024.jpg 709w, https:\/\/www.mobly.com.br\/blog\/wp-content\/uploads\/2023\/04\/Dicas-para-sua-reforma-de-apartamento-355x512.jpg 355w, https:\/\/www.mobly.com.br\/blog\/wp-content\/uploads\/2023\/04\/Dicas-para-sua-reforma-de-apartamento-768x1108.jpg 768w, https:\/\/www.mobly.com.br\/blog\/wp-content\/uploads\/2023\/04\/Dicas-para-sua-reforma-de-apartamento-1064x1536.jpg 1064w, https:\/\/www.mobly.com.br\/blog\/wp-content\/uploads\/2023\/04\/Dicas-para-sua-reforma-de-apartamento.jpg 1227w\" sizes=\"auto, (max-width: 709px) 100vw, 709px\" \/><\/figure>\n\n\n\n<h2 class=\"wp-block-heading\">#4 &#8211; Tenha aten\u00e7\u00e3o redobrada com reforma de apartamento pequeno<\/h2>\n\n\n\n<p>Ah, que del\u00edcia a reforma de apartamento pequeno. Muito p\u00f3 e pouco lugar dispon\u00edvel para voc\u00ea poder ter uma vida normal. Calma, respira. Tudo vai ficar bem depois que a reforma de apartamento pequeno estiver finalizada.<\/p>\n\n\n\n<p>Nesses casos, \u00e9 muito importante que a reforma seja o mais breve poss\u00edvel \u2013 no m\u00e1ximo uma semana.<\/p>\n\n\n\n<p>E busque fazer sempre uma pequena limpeza no local ao final de cada dia. Ser\u00e1 cansativo, mas, em um apartamento pequeno, se voc\u00ea n\u00e3o fizer isso, n\u00e3o ter\u00e1 um ref\u00fagio limpo para descansar no fim do dia.<\/p>\n\n\n\n<p>N\u00e3o tem jeito, a bagun\u00e7a faz parte. Para ajudar, tente deixar alguns sacos de lixo prontos espalhados pela casa. Se os pr\u00f3prios trabalhadores ajudarem a manter o local limpo, n\u00e3o haver\u00e1 tanto a fazer no fim do dia.<\/p>\n\n\n\n<figure class=\"wp-block-image size-full\"><img loading=\"lazy\" decoding=\"async\" width=\"706\" height=\"787\" src=\"https:\/\/www.mobly.com.br\/blog\/wp-content\/uploads\/2023\/04\/Reforma-de-apartamento-pequeno-sem-bagunca.jpg\" alt=\"\" class=\"wp-image-20161\" srcset=\"https:\/\/www.mobly.com.br\/blog\/wp-content\/uploads\/2023\/04\/Reforma-de-apartamento-pequeno-sem-bagunca.jpg 706w, https:\/\/www.mobly.com.br\/blog\/wp-content\/uploads\/2023\/04\/Reforma-de-apartamento-pequeno-sem-bagunca-459x512.jpg 459w\" sizes=\"auto, (max-width: 706px) 100vw, 706px\" \/><\/figure>\n\n\n\n<h2 class=\"wp-block-heading\">#5 &#8211; N\u00e3o esque\u00e7a da ventila\u00e7\u00e3o durante a reforma de apartamento<\/h2>\n\n\n\n<p>Existe o risco de voc\u00ea inalar muita poeira ou at\u00e9 mesmo alguns gases durante o processo, por isso certifique-se de se proteger e deixar a casa bem ventilada durante dia e noite. Abra janelas, ligue ventiladores e, se necess\u00e1rio, use m\u00e1scaras respirat\u00f3rias.<\/p>\n\n\n\n<p>E n\u00e3o deixe de cobrir tudo aquilo que n\u00e3o estiver usando com um pl\u00e1stico.<\/p>\n\n\n\n<p>A poeira vai ser inevit\u00e1vel, mas isso ir\u00e1 ajudar a diminuir o problema. Cubra at\u00e9 mesmo itens dentro de arm\u00e1rios \u2013 voc\u00ea vai se surpreender at\u00e9 onde a poeira pode entrar.<\/p>\n\n\n\n<p>Coloque pl\u00e1stico sobre as roupas guardadas nos arm\u00e1rios e coloque os alimentos armazenados dentro de sacos pl\u00e1sticos ou potes com tampas bem firmes para uma dose extra de prote\u00e7\u00e3o.<\/p>\n\n\n\n<p>Pode dar trabalho, mas busque trocar os pl\u00e1sticos todas as manh\u00e3s para garantir a higiene \u2013 especialmente da comida.<\/p>\n\n\n\n<figure class=\"wp-block-image size-large\"><img loading=\"lazy\" decoding=\"async\" width=\"1024\" height=\"762\" src=\"https:\/\/www.mobly.com.br\/blog\/wp-content\/uploads\/2023\/04\/Reforma-de-apartamento-por-onde-comecar-1024x762.jpg\" alt=\"\" class=\"wp-image-20162\" srcset=\"https:\/\/www.mobly.com.br\/blog\/wp-content\/uploads\/2023\/04\/Reforma-de-apartamento-por-onde-comecar-1024x762.jpg 1024w, https:\/\/www.mobly.com.br\/blog\/wp-content\/uploads\/2023\/04\/Reforma-de-apartamento-por-onde-comecar-512x381.jpg 512w, https:\/\/www.mobly.com.br\/blog\/wp-content\/uploads\/2023\/04\/Reforma-de-apartamento-por-onde-comecar-768x571.jpg 768w, https:\/\/www.mobly.com.br\/blog\/wp-content\/uploads\/2023\/04\/Reforma-de-apartamento-por-onde-comecar.jpg 1297w\" sizes=\"auto, (max-width: 1024px) 100vw, 1024px\" \/><\/figure>\n\n\n\n<h2 class=\"wp-block-heading\">#6 &#8211; Espaire\u00e7a a cabe\u00e7a durante a reforma de apartamento<\/h2>\n\n\n\n<p>E, por fim, na sua reforma de apartamento pequeno, se poss\u00edvel v\u00e1 para outro lugar. V\u00e1 trabalhar num workplace ou num caf\u00e9, fique uns dias com amigos ou familiares. Se n\u00e3o for poss\u00edvel, estude a possibilidade alugar um Airbnb perto da sua casa.<\/p>\n\n\n\n<p>\u00c0s vezes, para a sua sa\u00fade f\u00edsica e mental, \u00e9 melhor ir embora e deixar a m\u00e1gica da <strong>reforma de apartamento<\/strong> acontecer enquanto voc\u00ea est\u00e1 do outro lado da rua apreciando os p\u00e1ssaros na janela.<\/p>\n\n\n\n<figure class=\"wp-block-image size-full\"><img loading=\"lazy\" decoding=\"async\" width=\"848\" height=\"614\" src=\"https:\/\/www.mobly.com.br\/blog\/wp-content\/uploads\/2023\/04\/Reforma-de-apartamento-antigo.jpg\" alt=\"\" class=\"wp-image-20163\" srcset=\"https:\/\/www.mobly.com.br\/blog\/wp-content\/uploads\/2023\/04\/Reforma-de-apartamento-antigo.jpg 848w, https:\/\/www.mobly.com.br\/blog\/wp-content\/uploads\/2023\/04\/Reforma-de-apartamento-antigo-512x371.jpg 512w, https:\/\/www.mobly.com.br\/blog\/wp-content\/uploads\/2023\/04\/Reforma-de-apartamento-antigo-768x556.jpg 768w\" sizes=\"auto, (max-width: 848px) 100vw, 848px\" \/><\/figure>\n<button class=\"simplefavorite-button has-count loading\" data-postid=\"20153\" data-siteid=\"1\" data-groupid=\"1\" data-favoritecount=\"1\" style=\"\">Carregando...<span class=\"sf-icon-spinner-wrapper\"><i class=\"sf-icon-spinner\"><\/i><\/span><\/button>","protected":false},"excerpt":{"rendered":"<p>Saiba algumas dicas para uma boa reforma de apartamento. <\/p>\n","protected":false},"author":28,"featured_media":20156,"comment_status":"open","ping_status":"open","sticky":false,"template":"","format":"standard","meta":{"extendify_custom_stylesheet":"","_mi_skip_tracking":false,"_monsterinsights_skip_tracking":false,"_monsterinsights_sitenote_active":false,"_monsterinsights_sitenote_note":"","_monsterinsights_sitenote_category":0,"footnotes":""},"categories":[10],"tags":[1339,1337,1338],"class_list":["post-20153","post","type-post","status-publish","format-standard","has-post-thumbnail","hentry","category-dicas","tag-dicasparareforma","tag-reforma-2","tag-reformadeapartamento"],"yoast_head":"<!-- This site is optimized with the Yoast SEO plugin v24.9 - https:\/\/yoast.com\/wordpress\/plugins\/seo\/ -->\n<title>Reforma de Apartamento: 6 Coisas Que Voc\u00ea Deveria Saber | Mobly<\/title>\n<meta name=\"description\" content=\"Ter um planejamento, um bom controle de gastos e organiza\u00e7\u00e3o s\u00e3o dicas importantes para reforma de apartamento.\" \/>\n<meta name=\"robots\" content=\"index, follow, max-snippet:-1, max-image-preview:large, max-video-preview:-1\" \/>\n<link rel=\"canonical\" href=\"https:\/\/www.mobly.com.br\/blog\/dicas\/reforma-de-apartamento\/\" \/>\n<meta property=\"og:locale\" content=\"pt_BR\" \/>\n<meta property=\"og:type\" content=\"article\" \/>\n<meta property=\"og:title\" content=\"Reforma de Apartamento: 6 Coisas Que Voc\u00ea Deveria Saber | Mobly\" \/>\n<meta property=\"og:description\" content=\"Ter um planejamento, um bom controle de gastos e organiza\u00e7\u00e3o s\u00e3o dicas importantes para reforma de apartamento.\" \/>\n<meta property=\"og:url\" content=\"https:\/\/www.mobly.com.br\/blog\/dicas\/reforma-de-apartamento\/\" \/>\n<meta property=\"og:site_name\" content=\"Blog da Mobly\" \/>\n<meta property=\"article:published_time\" content=\"2023-04-13T01:26:02+00:00\" \/>\n<meta property=\"article:modified_time\" content=\"2023-04-13T01:26:51+00:00\" \/>\n<meta property=\"og:image\" content=\"https:\/\/www.mobly.com.br\/blog\/wp-content\/uploads\/2023\/04\/Dicas-de-como-fazer-reforma-em-apartamento.jpg\" \/>\n\t<meta property=\"og:image:width\" content=\"1728\" \/>\n\t<meta property=\"og:image:height\" content=\"1081\" \/>\n\t<meta property=\"og:image:type\" content=\"image\/jpeg\" \/>\n<meta name=\"author\" content=\"Jo\u00e3o Pedro Bueno Pinheiro de Andrade\" \/>\n<meta name=\"twitter:card\" content=\"summary_large_image\" \/>\n<meta name=\"twitter:label1\" content=\"Escrito por\" \/>\n\t<meta name=\"twitter:data1\" content=\"Jo\u00e3o Pedro Bueno Pinheiro de Andrade\" \/>\n\t<meta name=\"twitter:label2\" content=\"Est. tempo de leitura\" \/>\n\t<meta name=\"twitter:data2\" content=\"8 minutos\" \/>\n<script type=\"application\/ld+json\" class=\"yoast-schema-graph\">{\"@context\":\"https:\/\/schema.org\",\"@graph\":[{\"@type\":\"WebPage\",\"@id\":\"https:\/\/www.mobly.com.br\/blog\/dicas\/reforma-de-apartamento\/\",\"url\":\"https:\/\/www.mobly.com.br\/blog\/dicas\/reforma-de-apartamento\/\",\"name\":\"Reforma de Apartamento: 6 Coisas Que Voc\u00ea Deveria Saber | Mobly\",\"isPartOf\":{\"@id\":\"https:\/\/www.mobly.com.br\/blog\/#website\"},\"primaryImageOfPage\":{\"@id\":\"https:\/\/www.mobly.com.br\/blog\/dicas\/reforma-de-apartamento\/#primaryimage\"},\"image\":{\"@id\":\"https:\/\/www.mobly.com.br\/blog\/dicas\/reforma-de-apartamento\/#primaryimage\"},\"thumbnailUrl\":\"https:\/\/www.mobly.com.br\/blog\/wp-content\/uploads\/2023\/04\/Dicas-de-como-fazer-reforma-em-apartamento.jpg\",\"datePublished\":\"2023-04-13T01:26:02+00:00\",\"dateModified\":\"2023-04-13T01:26:51+00:00\",\"author\":{\"@id\":\"https:\/\/www.mobly.com.br\/blog\/#\/schema\/person\/db29f6ab802a7e981b7faa1a6cd02062\"},\"description\":\"Ter um planejamento, um bom controle de gastos e organiza\u00e7\u00e3o s\u00e3o dicas importantes para reforma de apartamento.\",\"breadcrumb\":{\"@id\":\"https:\/\/www.mobly.com.br\/blog\/dicas\/reforma-de-apartamento\/#breadcrumb\"},\"inLanguage\":\"pt-BR\",\"potentialAction\":[{\"@type\":\"ReadAction\",\"target\":[\"https:\/\/www.mobly.com.br\/blog\/dicas\/reforma-de-apartamento\/\"]}]},{\"@type\":\"ImageObject\",\"inLanguage\":\"pt-BR\",\"@id\":\"https:\/\/www.mobly.com.br\/blog\/dicas\/reforma-de-apartamento\/#primaryimage\",\"url\":\"https:\/\/www.mobly.com.br\/blog\/wp-content\/uploads\/2023\/04\/Dicas-de-como-fazer-reforma-em-apartamento.jpg\",\"contentUrl\":\"https:\/\/www.mobly.com.br\/blog\/wp-content\/uploads\/2023\/04\/Dicas-de-como-fazer-reforma-em-apartamento.jpg\",\"width\":1728,\"height\":1081},{\"@type\":\"BreadcrumbList\",\"@id\":\"https:\/\/www.mobly.com.br\/blog\/dicas\/reforma-de-apartamento\/#breadcrumb\",\"itemListElement\":[{\"@type\":\"ListItem\",\"position\":1,\"name\":\"Home\",\"item\":\"https:\/\/www.mobly.com.br\/blog\/\"},{\"@type\":\"ListItem\",\"position\":2,\"name\":\"Dicas\",\"item\":\"https:\/\/www.mobly.com.br\/blog\/dicas\/\"},{\"@type\":\"ListItem\",\"position\":3,\"name\":\"Reforma de Apartamento: 6 Coisas Que Voc\u00ea Deveria Saber\"}]},{\"@type\":\"WebSite\",\"@id\":\"https:\/\/www.mobly.com.br\/blog\/#website\",\"url\":\"https:\/\/www.mobly.com.br\/blog\/\",\"name\":\"Blog da Mobly\",\"description\":\"Dicas de Decora\u00e7\u00e3o, Inspira\u00e7\u00f5es e Mais\",\"potentialAction\":[{\"@type\":\"SearchAction\",\"target\":{\"@type\":\"EntryPoint\",\"urlTemplate\":\"https:\/\/www.mobly.com.br\/blog\/?s={search_term_string}\"},\"query-input\":{\"@type\":\"PropertyValueSpecification\",\"valueRequired\":true,\"valueName\":\"search_term_string\"}}],\"inLanguage\":\"pt-BR\"},{\"@type\":\"Person\",\"@id\":\"https:\/\/www.mobly.com.br\/blog\/#\/schema\/person\/db29f6ab802a7e981b7faa1a6cd02062\",\"name\":\"Jo\u00e3o Pedro Bueno Pinheiro de Andrade\",\"image\":{\"@type\":\"ImageObject\",\"inLanguage\":\"pt-BR\",\"@id\":\"https:\/\/www.mobly.com.br\/blog\/#\/schema\/person\/image\/\",\"url\":\"https:\/\/secure.gravatar.com\/avatar\/d3c171116476d726a7276d7c25b287f4?s=96&d=mm&r=g\",\"contentUrl\":\"https:\/\/secure.gravatar.com\/avatar\/d3c171116476d726a7276d7c25b287f4?s=96&d=mm&r=g\",\"caption\":\"Jo\u00e3o Pedro Bueno Pinheiro de Andrade\"},\"url\":\"https:\/\/www.mobly.com.br\/blog\/author\/joao-andrade\/\"}]}<\/script>\n<!-- \/ Yoast SEO plugin. -->","yoast_head_json":{"title":"Reforma de Apartamento: 6 Coisas Que Voc\u00ea Deveria Saber | Mobly","description":"Ter um planejamento, um bom controle de gastos e organiza\u00e7\u00e3o s\u00e3o dicas importantes para reforma de apartamento.","robots":{"index":"index","follow":"follow","max-snippet":"max-snippet:-1","max-image-preview":"max-image-preview:large","max-video-preview":"max-video-preview:-1"},"canonical":"https:\/\/www.mobly.com.br\/blog\/dicas\/reforma-de-apartamento\/","og_locale":"pt_BR","og_type":"article","og_title":"Reforma de Apartamento: 6 Coisas Que Voc\u00ea Deveria Saber | Mobly","og_description":"Ter um planejamento, um bom controle de gastos e organiza\u00e7\u00e3o s\u00e3o dicas importantes para reforma de apartamento.","og_url":"https:\/\/www.mobly.com.br\/blog\/dicas\/reforma-de-apartamento\/","og_site_name":"Blog da Mobly","article_published_time":"2023-04-13T01:26:02+00:00","article_modified_time":"2023-04-13T01:26:51+00:00","og_image":[{"width":1728,"height":1081,"url":"https:\/\/www.mobly.com.br\/blog\/wp-content\/uploads\/2023\/04\/Dicas-de-como-fazer-reforma-em-apartamento.jpg","type":"image\/jpeg"}],"author":"Jo\u00e3o Pedro Bueno Pinheiro de Andrade","twitter_card":"summary_large_image","twitter_misc":{"Escrito por":"Jo\u00e3o Pedro Bueno Pinheiro de Andrade","Est. tempo de leitura":"8 minutos"},"schema":{"@context":"https:\/\/schema.org","@graph":[{"@type":"WebPage","@id":"https:\/\/www.mobly.com.br\/blog\/dicas\/reforma-de-apartamento\/","url":"https:\/\/www.mobly.com.br\/blog\/dicas\/reforma-de-apartamento\/","name":"Reforma de Apartamento: 6 Coisas Que Voc\u00ea Deveria Saber | Mobly","isPartOf":{"@id":"https:\/\/www.mobly.com.br\/blog\/#website"},"primaryImageOfPage":{"@id":"https:\/\/www.mobly.com.br\/blog\/dicas\/reforma-de-apartamento\/#primaryimage"},"image":{"@id":"https:\/\/www.mobly.com.br\/blog\/dicas\/reforma-de-apartamento\/#primaryimage"},"thumbnailUrl":"https:\/\/www.mobly.com.br\/blog\/wp-content\/uploads\/2023\/04\/Dicas-de-como-fazer-reforma-em-apartamento.jpg","datePublished":"2023-04-13T01:26:02+00:00","dateModified":"2023-04-13T01:26:51+00:00","author":{"@id":"https:\/\/www.mobly.com.br\/blog\/#\/schema\/person\/db29f6ab802a7e981b7faa1a6cd02062"},"description":"Ter um planejamento, um bom controle de gastos e organiza\u00e7\u00e3o s\u00e3o dicas importantes para reforma de apartamento.","breadcrumb":{"@id":"https:\/\/www.mobly.com.br\/blog\/dicas\/reforma-de-apartamento\/#breadcrumb"},"inLanguage":"pt-BR","potentialAction":[{"@type":"ReadAction","target":["https:\/\/www.mobly.com.br\/blog\/dicas\/reforma-de-apartamento\/"]}]},{"@type":"ImageObject","inLanguage":"pt-BR","@id":"https:\/\/www.mobly.com.br\/blog\/dicas\/reforma-de-apartamento\/#primaryimage","url":"https:\/\/www.mobly.com.br\/blog\/wp-content\/uploads\/2023\/04\/Dicas-de-como-fazer-reforma-em-apartamento.jpg","contentUrl":"https:\/\/www.mobly.com.br\/blog\/wp-content\/uploads\/2023\/04\/Dicas-de-como-fazer-reforma-em-apartamento.jpg","width":1728,"height":1081},{"@type":"BreadcrumbList","@id":"https:\/\/www.mobly.com.br\/blog\/dicas\/reforma-de-apartamento\/#breadcrumb","itemListElement":[{"@type":"ListItem","position":1,"name":"Home","item":"https:\/\/www.mobly.com.br\/blog\/"},{"@type":"ListItem","position":2,"name":"Dicas","item":"https:\/\/www.mobly.com.br\/blog\/dicas\/"},{"@type":"ListItem","position":3,"name":"Reforma de Apartamento: 6 Coisas Que Voc\u00ea Deveria Saber"}]},{"@type":"WebSite","@id":"https:\/\/www.mobly.com.br\/blog\/#website","url":"https:\/\/www.mobly.com.br\/blog\/","name":"Blog da Mobly","description":"Dicas de Decora\u00e7\u00e3o, Inspira\u00e7\u00f5es e Mais","potentialAction":[{"@type":"SearchAction","target":{"@type":"EntryPoint","urlTemplate":"https:\/\/www.mobly.com.br\/blog\/?s={search_term_string}"},"query-input":{"@type":"PropertyValueSpecification","valueRequired":true,"valueName":"search_term_string"}}],"inLanguage":"pt-BR"},{"@type":"Person","@id":"https:\/\/www.mobly.com.br\/blog\/#\/schema\/person\/db29f6ab802a7e981b7faa1a6cd02062","name":"Jo\u00e3o Pedro Bueno Pinheiro de Andrade","image":{"@type":"ImageObject","inLanguage":"pt-BR","@id":"https:\/\/www.mobly.com.br\/blog\/#\/schema\/person\/image\/","url":"https:\/\/secure.gravatar.com\/avatar\/d3c171116476d726a7276d7c25b287f4?s=96&d=mm&r=g","contentUrl":"https:\/\/secure.gravatar.com\/avatar\/d3c171116476d726a7276d7c25b287f4?s=96&d=mm&r=g","caption":"Jo\u00e3o Pedro Bueno Pinheiro de Andrade"},"url":"https:\/\/www.mobly.com.br\/blog\/author\/joao-andrade\/"}]}},"_links":{"self":[{"href":"https:\/\/www.mobly.com.br\/blog\/wp-json\/wp\/v2\/posts\/20153","targetHints":{"allow":["GET"]}}],"collection":[{"href":"https:\/\/www.mobly.com.br\/blog\/wp-json\/wp\/v2\/posts"}],"about":[{"href":"https:\/\/www.mobly.com.br\/blog\/wp-json\/wp\/v2\/types\/post"}],"author":[{"embeddable":true,"href":"https:\/\/www.mobly.com.br\/blog\/wp-json\/wp\/v2\/users\/28"}],"replies":[{"embeddable":true,"href":"https:\/\/www.mobly.com.br\/blog\/wp-json\/wp\/v2\/comments?post=20153"}],"version-history":[{"count":2,"href":"https:\/\/www.mobly.com.br\/blog\/wp-json\/wp\/v2\/posts\/20153\/revisions"}],"predecessor-version":[{"id":20169,"href":"https:\/\/www.mobly.com.br\/blog\/wp-json\/wp\/v2\/posts\/20153\/revisions\/20169"}],"wp:featuredmedia":[{"embeddable":true,"href":"https:\/\/www.mobly.com.br\/blog\/wp-json\/wp\/v2\/media\/20156"}],"wp:attachment":[{"href":"https:\/\/www.mobly.com.br\/blog\/wp-json\/wp\/v2\/media?parent=20153"}],"wp:term":[{"taxonomy":"category","embeddable":true,"href":"https:\/\/www.mobly.com.br\/blog\/wp-json\/wp\/v2\/categories?post=20153"},{"taxonomy":"post_tag","embeddable":true,"href":"https:\/\/www.mobly.com.br\/blog\/wp-json\/wp\/v2\/tags?post=20153"}],"curies":[{"name":"wp","href":"https:\/\/api.w.org\/{rel}","templated":true}]}}