{"id":20098,"date":"2023-03-26T20:27:32","date_gmt":"2023-03-26T23:27:32","guid":{"rendered":"https:\/\/www.mobly.com.br\/blog\/?p=20098"},"modified":"2023-03-26T20:27:35","modified_gmt":"2023-03-26T23:27:35","slug":"decoracao-de-jardim","status":"publish","type":"post","link":"https:\/\/www.mobly.com.br\/blog\/dicas\/decoracao-de-jardim\/","title":{"rendered":"Decora\u00e7\u00e3o de Jardim: veja as melhores ideias"},"content":{"rendered":"\n<p>Independente da esta\u00e7\u00e3o do ano, a <strong>decora\u00e7\u00e3o de jardim<\/strong> tem o poder de adicionar uma nova dimens\u00e3o \u00e0 sua \u00e1rea externa e criar um espa\u00e7o convidativo ao conv\u00edvio para voc\u00ea, sua fam\u00edlia e convidados. \u00c9 um espa\u00e7o para relaxar, aproveitar o sol, reunir as pessoas e brincar.\u00a0<\/p>\n\n\n\n<p>N\u00e3o \u00e9 necess\u00e1rio um grande or\u00e7amento para criar o seu o\u00e1sis particular ao ar livre. Seja um espa\u00e7o com sol ou sombra, arborizado ou n\u00e3o, grande ou pequeno, tudo que voc\u00ea precisa \u00e9 inspira\u00e7\u00e3o para ideias criativas.&nbsp;<\/p>\n\n\n\n<p>Separamos para sua decora\u00e7\u00e3o de jardim dicas para jardinagem, m\u00f3veis elegantes para exteriores e at\u00e9 mesmo inspira\u00e7\u00f5es DIY para que voc\u00ea consiga criar pontos de aconchego na sua \u00e1rea externa.&nbsp;<\/p>\n\n\n\n<p>De belos vasos a ilumina\u00e7\u00e3o ornamental, veja aqui algumas maneiras deslumbrantes de desenvolver a sua decora\u00e7\u00e3o de jardim. \u00c9 hora do seu jardim ganhar um visual novo!<\/p>\n\n\n\n<figure class=\"wp-block-image size-large\"><img loading=\"lazy\" decoding=\"async\" width=\"1024\" height=\"684\" src=\"https:\/\/www.mobly.com.br\/blog\/wp-content\/uploads\/2023\/03\/Decoracao-de-Jardim-1024x684.jpg\" alt=\"\" class=\"wp-image-20101\" srcset=\"https:\/\/www.mobly.com.br\/blog\/wp-content\/uploads\/2023\/03\/Decoracao-de-Jardim-1024x684.jpg 1024w, https:\/\/www.mobly.com.br\/blog\/wp-content\/uploads\/2023\/03\/Decoracao-de-Jardim-512x342.jpg 512w, https:\/\/www.mobly.com.br\/blog\/wp-content\/uploads\/2023\/03\/Decoracao-de-Jardim-768x513.jpg 768w, https:\/\/www.mobly.com.br\/blog\/wp-content\/uploads\/2023\/03\/Decoracao-de-Jardim.jpg 1062w\" sizes=\"auto, (max-width: 1024px) 100vw, 1024px\" \/><\/figure>\n\n\n\n<h2 class=\"wp-block-heading\"><strong>O que deve ter na decora\u00e7\u00e3o de jardim<\/strong><\/h2>\n\n\n\n<p>Objetos decorativos s\u00e3o uma excelente maneira de orientar como voc\u00ea ir\u00e1 usar o seu jardim, quintal ou <a href=\"https:\/\/www.mobly.com.br\/blog\/dicas\/varanda-gourmet-saiba-como-decorar-este-ambiente\/\">varanda gourmet<\/a>, assim como definir a sensa\u00e7\u00e3o que voc\u00ea quer levar \u00e0s pessoas que o frequentam. Traga magia ao ambiente e n\u00e3o tenha medo de brincar com a imagina\u00e7\u00e3o dos convidados.&nbsp;<\/p>\n\n\n\n<p>Um port\u00e3o ou porta com um ar r\u00fastico pode marcar a entrada para outro universo dentro do seu lar; uma lanterna ornamental pendurada numa \u00e1rvore pode trazer um tom divertido e sonhador; um banco de madeira com almofadas como parte da decora\u00e7\u00e3o de jardim pode ser convidativo a um cochilo sob o sol.&nbsp;<\/p>\n\n\n\n<p>Objetos ornamentais como esses, bonitos, pr\u00e1ticos e delicadamente pensados, ir\u00e3o oferecer pistas sutis do que o seu ambiente externo est\u00e1 disposto a oferecer. Descanse, desacelere, olhe para o c\u00e9u um pouquinho e aproveite o seu jardim encantado.\u00a0<\/p>\n\n\n\n<figure class=\"wp-block-gallery has-nested-images columns-default is-cropped wp-block-gallery-1 is-layout-flex wp-block-gallery-is-layout-flex\">\n<figure class=\"wp-block-image size-large\"><img loading=\"lazy\" decoding=\"async\" width=\"1000\" height=\"1500\" data-id=\"20099\" src=\"https:\/\/www.mobly.com.br\/blog\/wp-content\/uploads\/2023\/03\/Ideias-para-decoracao-de-jardim.jpg\" alt=\"\" class=\"wp-image-20099\" srcset=\"https:\/\/www.mobly.com.br\/blog\/wp-content\/uploads\/2023\/03\/Ideias-para-decoracao-de-jardim.jpg 1000w, https:\/\/www.mobly.com.br\/blog\/wp-content\/uploads\/2023\/03\/Ideias-para-decoracao-de-jardim-341x512.jpg 341w, https:\/\/www.mobly.com.br\/blog\/wp-content\/uploads\/2023\/03\/Ideias-para-decoracao-de-jardim-683x1024.jpg 683w, https:\/\/www.mobly.com.br\/blog\/wp-content\/uploads\/2023\/03\/Ideias-para-decoracao-de-jardim-768x1152.jpg 768w\" sizes=\"auto, (max-width: 1000px) 100vw, 1000px\" \/><\/figure>\n\n\n\n<figure class=\"wp-block-image size-large\"><img loading=\"lazy\" decoding=\"async\" width=\"560\" height=\"840\" data-id=\"20100\" src=\"https:\/\/www.mobly.com.br\/blog\/wp-content\/uploads\/2023\/03\/Moveis-para-decoracao-de-jardim.jpg\" alt=\"\" class=\"wp-image-20100\" srcset=\"https:\/\/www.mobly.com.br\/blog\/wp-content\/uploads\/2023\/03\/Moveis-para-decoracao-de-jardim.jpg 560w, https:\/\/www.mobly.com.br\/blog\/wp-content\/uploads\/2023\/03\/Moveis-para-decoracao-de-jardim-341x512.jpg 341w\" sizes=\"auto, (max-width: 560px) 100vw, 560px\" \/><\/figure>\n<\/figure>\n\n\n\n<h2 class=\"wp-block-heading\"><strong>Como organizar plantas na decora\u00e7\u00e3o de jardim<\/strong>?<\/h2>\n\n\n\n<p>As plantas s\u00e3o os elementos chaves para trazer mais vida ao ambiente externo, ent\u00e3o d\u00ea uma oportunidade para que as suas plantas (ou futuras plantas) cres\u00e7am em um lugar bonito para chamar de seu. Aposte em vasos elegantes e cheios de cor e personalidade, assim quando as flores come\u00e7arem a desabrochar, voc\u00ea ter\u00e1 um espa\u00e7o todo colorido ao seu dispor.&nbsp;<\/p>\n\n\n\n<p>E se voc\u00ea ainda \u00e9 novato nesse lance de jardinagem, n\u00e3o se preocupe, porque existem op\u00e7\u00f5es extremamente f\u00e1ceis de plantar e cuidar. A Espada-de-S\u00e3o-Jorge, por exemplo, \u00e9 bastante resistente, podendo crescer na sombra ou no sol, precisando de \u00e1gua (sem exageros) somente uma vez por semana.\u00a0<\/p>\n\n\n\n<figure class=\"wp-block-image size-large\"><img loading=\"lazy\" decoding=\"async\" width=\"1024\" height=\"683\" src=\"https:\/\/www.mobly.com.br\/blog\/wp-content\/uploads\/2023\/03\/Plantas-para-decorar-jardim-1024x683.jpg\" alt=\"\" class=\"wp-image-20102\" srcset=\"https:\/\/www.mobly.com.br\/blog\/wp-content\/uploads\/2023\/03\/Plantas-para-decorar-jardim-1024x683.jpg 1024w, https:\/\/www.mobly.com.br\/blog\/wp-content\/uploads\/2023\/03\/Plantas-para-decorar-jardim-512x342.jpg 512w, https:\/\/www.mobly.com.br\/blog\/wp-content\/uploads\/2023\/03\/Plantas-para-decorar-jardim-768x513.jpg 768w, https:\/\/www.mobly.com.br\/blog\/wp-content\/uploads\/2023\/03\/Plantas-para-decorar-jardim-1536x1025.jpg 1536w, https:\/\/www.mobly.com.br\/blog\/wp-content\/uploads\/2023\/03\/Plantas-para-decorar-jardim.jpg 1840w\" sizes=\"auto, (max-width: 1024px) 100vw, 1024px\" \/><\/figure>\n\n\n\n<p>&nbsp;O hibisco \u00e9 uma das plantas mais f\u00e1ceis de se cultivar e fica linda na decora\u00e7\u00e3o de jardim, j\u00e1 que as suas flores s\u00e3o charmosas e exibem diversas cores diferentes. Assim como a Espada, o hibisco pode sobreviver mesmo com pouca \u00e1gua, seja no sol ou na sombra.&nbsp;<\/p>\n\n\n\n<p>Outro exemplo \u00e9 a jiboia, planta tropical resistente e fac\u00edlima de cuidar. Al\u00e9m de ter uma carinha de casa da vov\u00f3, ela requer bem pouca manuten\u00e7\u00e3o: regar duas vezes por semana e um pouco de luz natural deve bastar.&nbsp;<\/p>\n\n\n\n<p>Aproveite a empolga\u00e7\u00e3o com suas plantas novas e traga vegeta\u00e7\u00e3o de alturas variadas \u2013 mais rasteiras, m\u00e9dias e altas. \u00c9 uma estrat\u00e9gia muito interessante de deixar o visual da sua decora\u00e7\u00e3o de jardim muito mais interessante.\u00a0<\/p>\n\n\n\n<figure class=\"wp-block-gallery has-nested-images columns-default is-cropped wp-block-gallery-2 is-layout-flex wp-block-gallery-is-layout-flex\">\n<figure class=\"wp-block-image size-large\"><img loading=\"lazy\" decoding=\"async\" width=\"1192\" height=\"1785\" data-id=\"20103\" src=\"https:\/\/www.mobly.com.br\/blog\/wp-content\/uploads\/2023\/03\/Decoracao-de-Jardim-e-Area-Externa.jpg\" alt=\"\" class=\"wp-image-20103\" srcset=\"https:\/\/www.mobly.com.br\/blog\/wp-content\/uploads\/2023\/03\/Decoracao-de-Jardim-e-Area-Externa.jpg 1192w, https:\/\/www.mobly.com.br\/blog\/wp-content\/uploads\/2023\/03\/Decoracao-de-Jardim-e-Area-Externa-342x512.jpg 342w, https:\/\/www.mobly.com.br\/blog\/wp-content\/uploads\/2023\/03\/Decoracao-de-Jardim-e-Area-Externa-684x1024.jpg 684w, https:\/\/www.mobly.com.br\/blog\/wp-content\/uploads\/2023\/03\/Decoracao-de-Jardim-e-Area-Externa-768x1150.jpg 768w, https:\/\/www.mobly.com.br\/blog\/wp-content\/uploads\/2023\/03\/Decoracao-de-Jardim-e-Area-Externa-1026x1536.jpg 1026w\" sizes=\"auto, (max-width: 1192px) 100vw, 1192px\" \/><\/figure>\n\n\n\n<figure class=\"wp-block-image size-large\"><img loading=\"lazy\" decoding=\"async\" width=\"591\" height=\"885\" data-id=\"20104\" src=\"https:\/\/www.mobly.com.br\/blog\/wp-content\/uploads\/2023\/03\/Decoracao-de-Jardim-encantado.jpg\" alt=\"\" class=\"wp-image-20104\" srcset=\"https:\/\/www.mobly.com.br\/blog\/wp-content\/uploads\/2023\/03\/Decoracao-de-Jardim-encantado.jpg 591w, https:\/\/www.mobly.com.br\/blog\/wp-content\/uploads\/2023\/03\/Decoracao-de-Jardim-encantado-342x512.jpg 342w\" sizes=\"auto, (max-width: 591px) 100vw, 591px\" \/><\/figure>\n<\/figure>\n\n\n\n<h2 class=\"wp-block-heading\"><strong>Bar conta como decora\u00e7\u00e3o de jardim?<\/strong><\/h2>\n\n\n\n<p>Se voc\u00ea respondeu sim, vem comigo. Mesmo se voc\u00ea tiver um espa\u00e7o limitado no seu jardim, \u00e9 poss\u00edvel criar um bar agrad\u00e1vel para entreter seus convidados. Instale uma ou mais prateleiras dobr\u00e1veis de parede com espa\u00e7o o bastante para alguns itens essenciais do seu bar, como uma t\u00e1bua de corte e alguns utens\u00edlios.&nbsp;&nbsp;<\/p>\n\n\n\n<p>Uma camada de verniz em um barril antigo far\u00e1 o papel de mesa para servir coquet\u00e9is. E quando seu bar particular estiver fechado, esse mesmo objeto trar\u00e1 um clima r\u00fastico muito charmoso \u00e0 sua decora\u00e7\u00e3o de jardim.\u00a0<\/p>\n\n\n\n<figure class=\"wp-block-image size-large\"><img loading=\"lazy\" decoding=\"async\" width=\"1024\" height=\"683\" src=\"https:\/\/www.mobly.com.br\/blog\/wp-content\/uploads\/2023\/03\/Plantas-para-decoracao-de-jardim-1024x683.jpg\" alt=\"\" class=\"wp-image-20107\" srcset=\"https:\/\/www.mobly.com.br\/blog\/wp-content\/uploads\/2023\/03\/Plantas-para-decoracao-de-jardim-1024x683.jpg 1024w, https:\/\/www.mobly.com.br\/blog\/wp-content\/uploads\/2023\/03\/Plantas-para-decoracao-de-jardim-512x342.jpg 512w, https:\/\/www.mobly.com.br\/blog\/wp-content\/uploads\/2023\/03\/Plantas-para-decoracao-de-jardim-768x512.jpg 768w, https:\/\/www.mobly.com.br\/blog\/wp-content\/uploads\/2023\/03\/Plantas-para-decoracao-de-jardim-1536x1025.jpg 1536w, https:\/\/www.mobly.com.br\/blog\/wp-content\/uploads\/2023\/03\/Plantas-para-decoracao-de-jardim.jpg 1593w\" sizes=\"auto, (max-width: 1024px) 100vw, 1024px\" \/><\/figure>\n\n\n\n<h2 class=\"wp-block-heading\"><strong>Uma sala ao ar livre como decora\u00e7\u00e3o para jardim<\/strong><\/h2>\n\n\n\n<p>Se voc\u00ea quer criar um espa\u00e7o para poder passar bastante tempo e receber amigos e fam\u00edlia, a sua ideia de decora\u00e7\u00e3o deve ser semelhante \u00e0 de quem est\u00e1 decorando uma sala de estar, ou seja, o ambiente externo deve ser t\u00e3o confort\u00e1vel quanto o interno.&nbsp;<\/p>\n\n\n\n<p>A diferen\u00e7a \u00e9 que a decora\u00e7\u00e3o de jardim traz consigo um ar mais despojado, ent\u00e3o ele n\u00e3o deve parecer muito perfeito para n\u00e3o ficar com aquela cara de artificial. Aposte em assentos confort\u00e1veis, ilumina\u00e7\u00e3o quente e muitas plantas para criar uma decora\u00e7\u00e3o de jardim confort\u00e1vel.\u00a0<\/p>\n\n\n\n<figure class=\"wp-block-image size-large\"><img loading=\"lazy\" decoding=\"async\" width=\"1024\" height=\"683\" src=\"https:\/\/www.mobly.com.br\/blog\/wp-content\/uploads\/2023\/03\/Ideias-para-Jardins-1024x683.jpg\" alt=\"\" class=\"wp-image-20105\" srcset=\"https:\/\/www.mobly.com.br\/blog\/wp-content\/uploads\/2023\/03\/Ideias-para-Jardins-1024x683.jpg 1024w, https:\/\/www.mobly.com.br\/blog\/wp-content\/uploads\/2023\/03\/Ideias-para-Jardins-512x341.jpg 512w, https:\/\/www.mobly.com.br\/blog\/wp-content\/uploads\/2023\/03\/Ideias-para-Jardins-768x512.jpg 768w, https:\/\/www.mobly.com.br\/blog\/wp-content\/uploads\/2023\/03\/Ideias-para-Jardins.jpg 1368w\" sizes=\"auto, (max-width: 1024px) 100vw, 1024px\" \/><\/figure>\n\n\n\n<h2 class=\"wp-block-heading\"><strong>Ilumine os caminhos de sua decora\u00e7\u00e3o de jardim<\/strong><\/h2>\n\n\n\n<p>O ideal \u00e9 que sua \u00e1rea externa esteja pronta para receber convidados tanto durante o dia quanto durante a noite, ent\u00e3o \u00e9 muito importante que voc\u00ea disponibilize ilumina\u00e7\u00e3o adequada. Lanternas de jardim espetadas entre seus canteiros de plantas e flores ir\u00e3o proporcionar uma ilumina\u00e7\u00e3o extra suave.&nbsp;<\/p>\n\n\n\n<p>Uma boa aposta tamb\u00e9m s\u00e3o as luzes solares, j\u00e1 que s\u00e3o de baixa manuten\u00e7\u00e3o e super simples de instalar. Uma op\u00e7\u00e3o muito popular para decks e p\u00e1tios.\u00a0<\/p>\n\n\n\n<figure class=\"wp-block-image size-large\"><img loading=\"lazy\" decoding=\"async\" width=\"1024\" height=\"683\" src=\"https:\/\/www.mobly.com.br\/blog\/wp-content\/uploads\/2023\/03\/Como-fazer-uma-decoracao-de-jardim-1024x683.jpg\" alt=\"\" class=\"wp-image-20108\" srcset=\"https:\/\/www.mobly.com.br\/blog\/wp-content\/uploads\/2023\/03\/Como-fazer-uma-decoracao-de-jardim-1024x683.jpg 1024w, https:\/\/www.mobly.com.br\/blog\/wp-content\/uploads\/2023\/03\/Como-fazer-uma-decoracao-de-jardim-512x341.jpg 512w, https:\/\/www.mobly.com.br\/blog\/wp-content\/uploads\/2023\/03\/Como-fazer-uma-decoracao-de-jardim-768x512.jpg 768w, https:\/\/www.mobly.com.br\/blog\/wp-content\/uploads\/2023\/03\/Como-fazer-uma-decoracao-de-jardim.jpg 1368w\" sizes=\"auto, (max-width: 1024px) 100vw, 1024px\" \/><\/figure>\n\n\n\n<h2 class=\"wp-block-heading\"><strong>Decora\u00e7\u00e3o de jardim tem que combinar com o exterior da casa<\/strong><\/h2>\n\n\n\n<p>Se a sua casa tiver um clima praiano, dificilmente voc\u00ea vai conseguir encaixar uma decora\u00e7\u00e3o de jardim r\u00fastica com cara de fazenda. A ideia \u00e9 que voc\u00ea crie uma conversa entre a sua decora\u00e7\u00e3o de jardim e o exterior da sua casa.&nbsp;<\/p>\n\n\n\n<p>Levando em considera\u00e7\u00e3o o estilo da sua casa, busque trazer elementos de decora\u00e7\u00e3o que possam ajudar a construir uma paisagem. Fa\u00e7a esse exerc\u00edcio de criatividade considerando o <a href=\"https:\/\/www.mobly.com.br\/blog\/inspiracoes\/decoracao-hall-de-entrada\/\">hall de entrada<\/a>, as pedras, os ornamentos, a ilumina\u00e7\u00e3o e at\u00e9 mesmo os vasos e as plantas.\u00a0<\/p>\n\n\n\n<figure class=\"wp-block-image size-large\"><img loading=\"lazy\" decoding=\"async\" width=\"1024\" height=\"683\" src=\"https:\/\/www.mobly.com.br\/blog\/wp-content\/uploads\/2023\/03\/Jardim-decorado-1024x683.jpg\" alt=\"\" class=\"wp-image-20106\" srcset=\"https:\/\/www.mobly.com.br\/blog\/wp-content\/uploads\/2023\/03\/Jardim-decorado-1024x683.jpg 1024w, https:\/\/www.mobly.com.br\/blog\/wp-content\/uploads\/2023\/03\/Jardim-decorado-512x341.jpg 512w, https:\/\/www.mobly.com.br\/blog\/wp-content\/uploads\/2023\/03\/Jardim-decorado-768x512.jpg 768w, https:\/\/www.mobly.com.br\/blog\/wp-content\/uploads\/2023\/03\/Jardim-decorado.jpg 1368w\" sizes=\"auto, (max-width: 1024px) 100vw, 1024px\" \/><\/figure>\n\n\n\n<h2 class=\"wp-block-heading\"><strong>Os m\u00f3veis da decora\u00e7\u00e3o de jardim<\/strong><\/h2>\n\n\n\n<p>O mobili\u00e1rio que voc\u00ea escolher para sua \u00e1rea externa tamb\u00e9m deve ser pensado de forma que fique coeso com o resto da composi\u00e7\u00e3o que voc\u00ea prop\u00f4s. <\/p>\n\n\n\n<p>Mesas, cadeiras, bancos e poltronas devem estar de acordo com os objetos e materiais decorativos do seu jardim.\u00a0Digamos que a sua composi\u00e7\u00e3o seja um p\u00e1tio em que a cer\u00e2mica ou a <a href=\"https:\/\/www.mobly.com.br\/blog\/dicas\/3-tipos-de-parede-de-tijolinho-que-voce-mesmo-pode-fazer\/\">parede de tijolinho<\/a> tem um papel central. Voc\u00ea pode apostar em mesas e cadeiras de ferro com um ar enferrujado para completar o ar buc\u00f3lico mediterr\u00e2neo. <\/p>\n\n\n\n<p>A composi\u00e7\u00e3o dessa decora\u00e7\u00e3o de jardim ir\u00e1 criar um espa\u00e7o agrad\u00e1vel para coquet\u00e9is ou mesmo um almo\u00e7o de domingo ao ar livre.<\/p>\n\n\n\n<figure class=\"wp-block-image size-large\"><img loading=\"lazy\" decoding=\"async\" width=\"1024\" height=\"683\" src=\"https:\/\/www.mobly.com.br\/blog\/wp-content\/uploads\/2023\/03\/Decoracao-para-jardim-e-area-externa-1024x683.jpg\" alt=\"\" class=\"wp-image-20109\" srcset=\"https:\/\/www.mobly.com.br\/blog\/wp-content\/uploads\/2023\/03\/Decoracao-para-jardim-e-area-externa-1024x683.jpg 1024w, https:\/\/www.mobly.com.br\/blog\/wp-content\/uploads\/2023\/03\/Decoracao-para-jardim-e-area-externa-512x342.jpg 512w, https:\/\/www.mobly.com.br\/blog\/wp-content\/uploads\/2023\/03\/Decoracao-para-jardim-e-area-externa-768x513.jpg 768w, https:\/\/www.mobly.com.br\/blog\/wp-content\/uploads\/2023\/03\/Decoracao-para-jardim-e-area-externa-1536x1025.jpg 1536w, https:\/\/www.mobly.com.br\/blog\/wp-content\/uploads\/2023\/03\/Decoracao-para-jardim-e-area-externa.jpg 1840w\" sizes=\"auto, (max-width: 1024px) 100vw, 1024px\" \/><\/figure>\n\n\n\n<p>E a\u00ed, curtiu nossas dicas para <strong>decora\u00e7\u00e3o de jardim <\/strong>e \u00e1rea externa? Navegue pelo nosso blog e encontre outras ideias para o seu lar!<\/p>\n<button class=\"simplefavorite-button has-count loading\" data-postid=\"20098\" data-siteid=\"1\" data-groupid=\"1\" data-favoritecount=\"0\" style=\"\">Carregando...<span class=\"sf-icon-spinner-wrapper\"><i class=\"sf-icon-spinner\"><\/i><\/span><\/button>","protected":false},"excerpt":{"rendered":"<p>Independente da esta\u00e7\u00e3o do ano, a decora\u00e7\u00e3o de jardim tem o poder de adicionar uma nova dimens\u00e3o \u00e0 sua \u00e1rea externa e criar um espa\u00e7o convidativo ao conv\u00edvio para voc\u00ea, sua fam\u00edlia e convidados. \u00c9 um espa\u00e7o para relaxar, aproveitar o sol, reunir as pessoas e brincar.\u00a0 N\u00e3o \u00e9 necess\u00e1rio um grande or\u00e7amento para criar o seu o\u00e1sis particular ao ar livre. Seja um espa\u00e7o com sol ou sombra, arborizado ou n\u00e3o, grande ou pequeno, tudo que voc\u00ea precisa \u00e9 inspira\u00e7\u00e3o para ideias criativas.&nbsp; Separamos para sua decora\u00e7\u00e3o de jardim dicas para jardinagem, m\u00f3veis elegantes para exteriores e at\u00e9 mesmo inspira\u00e7\u00f5es DIY para que voc\u00ea consiga criar pontos de aconchego na sua \u00e1rea externa.&nbsp; De belos vasos a ilumina\u00e7\u00e3o ornamental, veja aqui algumas maneiras deslumbrantes de desenvolver a sua decora\u00e7\u00e3o de jardim. \u00c9 hora do seu jardim ganhar um visual novo! O que deve ter na decora\u00e7\u00e3o de jardim Objetos decorativos s\u00e3o uma excelente maneira de orientar como voc\u00ea ir\u00e1 usar o seu jardim, quintal ou varanda gourmet, assim como definir a sensa\u00e7\u00e3o que voc\u00ea quer levar \u00e0s pessoas que o frequentam. Traga magia ao ambiente e n\u00e3o tenha medo de brincar com a imagina\u00e7\u00e3o dos convidados.&nbsp; Um port\u00e3o ou [&hellip;]<\/p>\n","protected":false},"author":28,"featured_media":20108,"comment_status":"open","ping_status":"open","sticky":false,"template":"","format":"standard","meta":{"extendify_custom_stylesheet":"","_mi_skip_tracking":false,"_monsterinsights_skip_tracking":false,"_monsterinsights_sitenote_active":false,"_monsterinsights_sitenote_note":"","_monsterinsights_sitenote_category":0,"footnotes":""},"categories":[10],"tags":[1334,1333,1332],"class_list":["post-20098","post","type-post","status-publish","format-standard","has-post-thumbnail","hentry","category-dicas","tag-areaexterna","tag-decoracaodejardim","tag-jardim-2"],"yoast_head":"<!-- This site is optimized with the Yoast SEO plugin v24.9 - https:\/\/yoast.com\/wordpress\/plugins\/seo\/ -->\n<title>Decora\u00e7\u00e3o de Jardim: veja as melhores ideias | Mobly<\/title>\n<meta name=\"description\" content=\"Veja nossas ideias para decora\u00e7\u00e3o de jardim. Vamos te ensinar como organizar plantas no jardim, como escolher m\u00f3veis externos e muito mais!\" \/>\n<meta name=\"robots\" content=\"index, follow, max-snippet:-1, max-image-preview:large, max-video-preview:-1\" \/>\n<link rel=\"canonical\" href=\"https:\/\/www.mobly.com.br\/blog\/dicas\/decoracao-de-jardim\/\" \/>\n<meta property=\"og:locale\" content=\"pt_BR\" \/>\n<meta property=\"og:type\" content=\"article\" \/>\n<meta property=\"og:title\" content=\"Decora\u00e7\u00e3o de Jardim: veja as melhores ideias | Mobly\" \/>\n<meta property=\"og:description\" content=\"Veja nossas ideias para decora\u00e7\u00e3o de jardim. Vamos te ensinar como organizar plantas no jardim, como escolher m\u00f3veis externos e muito mais!\" \/>\n<meta property=\"og:url\" content=\"https:\/\/www.mobly.com.br\/blog\/dicas\/decoracao-de-jardim\/\" \/>\n<meta property=\"og:site_name\" content=\"Blog da Mobly\" \/>\n<meta property=\"article:published_time\" content=\"2023-03-26T23:27:32+00:00\" \/>\n<meta property=\"article:modified_time\" content=\"2023-03-26T23:27:35+00:00\" \/>\n<meta property=\"og:image\" content=\"https:\/\/www.mobly.com.br\/blog\/wp-content\/uploads\/2023\/03\/Como-fazer-uma-decoracao-de-jardim.jpg\" \/>\n\t<meta property=\"og:image:width\" content=\"1368\" \/>\n\t<meta property=\"og:image:height\" content=\"912\" \/>\n\t<meta property=\"og:image:type\" content=\"image\/jpeg\" \/>\n<meta name=\"author\" content=\"Jo\u00e3o Pedro Bueno Pinheiro de Andrade\" \/>\n<meta name=\"twitter:card\" content=\"summary_large_image\" \/>\n<meta name=\"twitter:label1\" content=\"Escrito por\" \/>\n\t<meta name=\"twitter:data1\" content=\"Jo\u00e3o Pedro Bueno Pinheiro de Andrade\" \/>\n\t<meta name=\"twitter:label2\" content=\"Est. tempo de leitura\" \/>\n\t<meta name=\"twitter:data2\" content=\"8 minutos\" \/>\n<script type=\"application\/ld+json\" class=\"yoast-schema-graph\">{\"@context\":\"https:\/\/schema.org\",\"@graph\":[{\"@type\":\"WebPage\",\"@id\":\"https:\/\/www.mobly.com.br\/blog\/dicas\/decoracao-de-jardim\/\",\"url\":\"https:\/\/www.mobly.com.br\/blog\/dicas\/decoracao-de-jardim\/\",\"name\":\"Decora\u00e7\u00e3o de Jardim: veja as melhores ideias | Mobly\",\"isPartOf\":{\"@id\":\"https:\/\/www.mobly.com.br\/blog\/#website\"},\"primaryImageOfPage\":{\"@id\":\"https:\/\/www.mobly.com.br\/blog\/dicas\/decoracao-de-jardim\/#primaryimage\"},\"image\":{\"@id\":\"https:\/\/www.mobly.com.br\/blog\/dicas\/decoracao-de-jardim\/#primaryimage\"},\"thumbnailUrl\":\"https:\/\/www.mobly.com.br\/blog\/wp-content\/uploads\/2023\/03\/Como-fazer-uma-decoracao-de-jardim.jpg\",\"datePublished\":\"2023-03-26T23:27:32+00:00\",\"dateModified\":\"2023-03-26T23:27:35+00:00\",\"author\":{\"@id\":\"https:\/\/www.mobly.com.br\/blog\/#\/schema\/person\/db29f6ab802a7e981b7faa1a6cd02062\"},\"description\":\"Veja nossas ideias para decora\u00e7\u00e3o de jardim. Vamos te ensinar como organizar plantas no jardim, como escolher m\u00f3veis externos e muito mais!\",\"breadcrumb\":{\"@id\":\"https:\/\/www.mobly.com.br\/blog\/dicas\/decoracao-de-jardim\/#breadcrumb\"},\"inLanguage\":\"pt-BR\",\"potentialAction\":[{\"@type\":\"ReadAction\",\"target\":[\"https:\/\/www.mobly.com.br\/blog\/dicas\/decoracao-de-jardim\/\"]}]},{\"@type\":\"ImageObject\",\"inLanguage\":\"pt-BR\",\"@id\":\"https:\/\/www.mobly.com.br\/blog\/dicas\/decoracao-de-jardim\/#primaryimage\",\"url\":\"https:\/\/www.mobly.com.br\/blog\/wp-content\/uploads\/2023\/03\/Como-fazer-uma-decoracao-de-jardim.jpg\",\"contentUrl\":\"https:\/\/www.mobly.com.br\/blog\/wp-content\/uploads\/2023\/03\/Como-fazer-uma-decoracao-de-jardim.jpg\",\"width\":1368,\"height\":912},{\"@type\":\"BreadcrumbList\",\"@id\":\"https:\/\/www.mobly.com.br\/blog\/dicas\/decoracao-de-jardim\/#breadcrumb\",\"itemListElement\":[{\"@type\":\"ListItem\",\"position\":1,\"name\":\"Home\",\"item\":\"https:\/\/www.mobly.com.br\/blog\/\"},{\"@type\":\"ListItem\",\"position\":2,\"name\":\"Dicas\",\"item\":\"https:\/\/www.mobly.com.br\/blog\/dicas\/\"},{\"@type\":\"ListItem\",\"position\":3,\"name\":\"Decora\u00e7\u00e3o de Jardim: veja as melhores ideias\"}]},{\"@type\":\"WebSite\",\"@id\":\"https:\/\/www.mobly.com.br\/blog\/#website\",\"url\":\"https:\/\/www.mobly.com.br\/blog\/\",\"name\":\"Blog da Mobly\",\"description\":\"Dicas de Decora\u00e7\u00e3o, Inspira\u00e7\u00f5es e Mais\",\"potentialAction\":[{\"@type\":\"SearchAction\",\"target\":{\"@type\":\"EntryPoint\",\"urlTemplate\":\"https:\/\/www.mobly.com.br\/blog\/?s={search_term_string}\"},\"query-input\":{\"@type\":\"PropertyValueSpecification\",\"valueRequired\":true,\"valueName\":\"search_term_string\"}}],\"inLanguage\":\"pt-BR\"},{\"@type\":\"Person\",\"@id\":\"https:\/\/www.mobly.com.br\/blog\/#\/schema\/person\/db29f6ab802a7e981b7faa1a6cd02062\",\"name\":\"Jo\u00e3o Pedro Bueno Pinheiro de Andrade\",\"image\":{\"@type\":\"ImageObject\",\"inLanguage\":\"pt-BR\",\"@id\":\"https:\/\/www.mobly.com.br\/blog\/#\/schema\/person\/image\/\",\"url\":\"https:\/\/secure.gravatar.com\/avatar\/d3c171116476d726a7276d7c25b287f4?s=96&d=mm&r=g\",\"contentUrl\":\"https:\/\/secure.gravatar.com\/avatar\/d3c171116476d726a7276d7c25b287f4?s=96&d=mm&r=g\",\"caption\":\"Jo\u00e3o Pedro Bueno Pinheiro de Andrade\"},\"url\":\"https:\/\/www.mobly.com.br\/blog\/author\/joao-andrade\/\"}]}<\/script>\n<!-- \/ Yoast SEO plugin. -->","yoast_head_json":{"title":"Decora\u00e7\u00e3o de Jardim: veja as melhores ideias | Mobly","description":"Veja nossas ideias para decora\u00e7\u00e3o de jardim. Vamos te ensinar como organizar plantas no jardim, como escolher m\u00f3veis externos e muito mais!","robots":{"index":"index","follow":"follow","max-snippet":"max-snippet:-1","max-image-preview":"max-image-preview:large","max-video-preview":"max-video-preview:-1"},"canonical":"https:\/\/www.mobly.com.br\/blog\/dicas\/decoracao-de-jardim\/","og_locale":"pt_BR","og_type":"article","og_title":"Decora\u00e7\u00e3o de Jardim: veja as melhores ideias | Mobly","og_description":"Veja nossas ideias para decora\u00e7\u00e3o de jardim. Vamos te ensinar como organizar plantas no jardim, como escolher m\u00f3veis externos e muito mais!","og_url":"https:\/\/www.mobly.com.br\/blog\/dicas\/decoracao-de-jardim\/","og_site_name":"Blog da Mobly","article_published_time":"2023-03-26T23:27:32+00:00","article_modified_time":"2023-03-26T23:27:35+00:00","og_image":[{"width":1368,"height":912,"url":"https:\/\/www.mobly.com.br\/blog\/wp-content\/uploads\/2023\/03\/Como-fazer-uma-decoracao-de-jardim.jpg","type":"image\/jpeg"}],"author":"Jo\u00e3o Pedro Bueno Pinheiro de Andrade","twitter_card":"summary_large_image","twitter_misc":{"Escrito por":"Jo\u00e3o Pedro Bueno Pinheiro de Andrade","Est. tempo de leitura":"8 minutos"},"schema":{"@context":"https:\/\/schema.org","@graph":[{"@type":"WebPage","@id":"https:\/\/www.mobly.com.br\/blog\/dicas\/decoracao-de-jardim\/","url":"https:\/\/www.mobly.com.br\/blog\/dicas\/decoracao-de-jardim\/","name":"Decora\u00e7\u00e3o de Jardim: veja as melhores ideias | Mobly","isPartOf":{"@id":"https:\/\/www.mobly.com.br\/blog\/#website"},"primaryImageOfPage":{"@id":"https:\/\/www.mobly.com.br\/blog\/dicas\/decoracao-de-jardim\/#primaryimage"},"image":{"@id":"https:\/\/www.mobly.com.br\/blog\/dicas\/decoracao-de-jardim\/#primaryimage"},"thumbnailUrl":"https:\/\/www.mobly.com.br\/blog\/wp-content\/uploads\/2023\/03\/Como-fazer-uma-decoracao-de-jardim.jpg","datePublished":"2023-03-26T23:27:32+00:00","dateModified":"2023-03-26T23:27:35+00:00","author":{"@id":"https:\/\/www.mobly.com.br\/blog\/#\/schema\/person\/db29f6ab802a7e981b7faa1a6cd02062"},"description":"Veja nossas ideias para decora\u00e7\u00e3o de jardim. Vamos te ensinar como organizar plantas no jardim, como escolher m\u00f3veis externos e muito mais!","breadcrumb":{"@id":"https:\/\/www.mobly.com.br\/blog\/dicas\/decoracao-de-jardim\/#breadcrumb"},"inLanguage":"pt-BR","potentialAction":[{"@type":"ReadAction","target":["https:\/\/www.mobly.com.br\/blog\/dicas\/decoracao-de-jardim\/"]}]},{"@type":"ImageObject","inLanguage":"pt-BR","@id":"https:\/\/www.mobly.com.br\/blog\/dicas\/decoracao-de-jardim\/#primaryimage","url":"https:\/\/www.mobly.com.br\/blog\/wp-content\/uploads\/2023\/03\/Como-fazer-uma-decoracao-de-jardim.jpg","contentUrl":"https:\/\/www.mobly.com.br\/blog\/wp-content\/uploads\/2023\/03\/Como-fazer-uma-decoracao-de-jardim.jpg","width":1368,"height":912},{"@type":"BreadcrumbList","@id":"https:\/\/www.mobly.com.br\/blog\/dicas\/decoracao-de-jardim\/#breadcrumb","itemListElement":[{"@type":"ListItem","position":1,"name":"Home","item":"https:\/\/www.mobly.com.br\/blog\/"},{"@type":"ListItem","position":2,"name":"Dicas","item":"https:\/\/www.mobly.com.br\/blog\/dicas\/"},{"@type":"ListItem","position":3,"name":"Decora\u00e7\u00e3o de Jardim: veja as melhores ideias"}]},{"@type":"WebSite","@id":"https:\/\/www.mobly.com.br\/blog\/#website","url":"https:\/\/www.mobly.com.br\/blog\/","name":"Blog da Mobly","description":"Dicas de Decora\u00e7\u00e3o, Inspira\u00e7\u00f5es e Mais","potentialAction":[{"@type":"SearchAction","target":{"@type":"EntryPoint","urlTemplate":"https:\/\/www.mobly.com.br\/blog\/?s={search_term_string}"},"query-input":{"@type":"PropertyValueSpecification","valueRequired":true,"valueName":"search_term_string"}}],"inLanguage":"pt-BR"},{"@type":"Person","@id":"https:\/\/www.mobly.com.br\/blog\/#\/schema\/person\/db29f6ab802a7e981b7faa1a6cd02062","name":"Jo\u00e3o Pedro Bueno Pinheiro de Andrade","image":{"@type":"ImageObject","inLanguage":"pt-BR","@id":"https:\/\/www.mobly.com.br\/blog\/#\/schema\/person\/image\/","url":"https:\/\/secure.gravatar.com\/avatar\/d3c171116476d726a7276d7c25b287f4?s=96&d=mm&r=g","contentUrl":"https:\/\/secure.gravatar.com\/avatar\/d3c171116476d726a7276d7c25b287f4?s=96&d=mm&r=g","caption":"Jo\u00e3o Pedro Bueno Pinheiro de Andrade"},"url":"https:\/\/www.mobly.com.br\/blog\/author\/joao-andrade\/"}]}},"_links":{"self":[{"href":"https:\/\/www.mobly.com.br\/blog\/wp-json\/wp\/v2\/posts\/20098","targetHints":{"allow":["GET"]}}],"collection":[{"href":"https:\/\/www.mobly.com.br\/blog\/wp-json\/wp\/v2\/posts"}],"about":[{"href":"https:\/\/www.mobly.com.br\/blog\/wp-json\/wp\/v2\/types\/post"}],"author":[{"embeddable":true,"href":"https:\/\/www.mobly.com.br\/blog\/wp-json\/wp\/v2\/users\/28"}],"replies":[{"embeddable":true,"href":"https:\/\/www.mobly.com.br\/blog\/wp-json\/wp\/v2\/comments?post=20098"}],"version-history":[{"count":1,"href":"https:\/\/www.mobly.com.br\/blog\/wp-json\/wp\/v2\/posts\/20098\/revisions"}],"predecessor-version":[{"id":20113,"href":"https:\/\/www.mobly.com.br\/blog\/wp-json\/wp\/v2\/posts\/20098\/revisions\/20113"}],"wp:featuredmedia":[{"embeddable":true,"href":"https:\/\/www.mobly.com.br\/blog\/wp-json\/wp\/v2\/media\/20108"}],"wp:attachment":[{"href":"https:\/\/www.mobly.com.br\/blog\/wp-json\/wp\/v2\/media?parent=20098"}],"wp:term":[{"taxonomy":"category","embeddable":true,"href":"https:\/\/www.mobly.com.br\/blog\/wp-json\/wp\/v2\/categories?post=20098"},{"taxonomy":"post_tag","embeddable":true,"href":"https:\/\/www.mobly.com.br\/blog\/wp-json\/wp\/v2\/tags?post=20098"}],"curies":[{"name":"wp","href":"https:\/\/api.w.org\/{rel}","templated":true}]}}