{"id":20072,"date":"2025-09-11T10:14:17","date_gmt":"2025-09-11T13:14:17","guid":{"rendered":"https:\/\/www.mobly.com.br\/blog\/?p=20072"},"modified":"2025-09-11T10:15:16","modified_gmt":"2025-09-11T13:15:16","slug":"tons-de-laranja","status":"publish","type":"post","link":"https:\/\/www.mobly.com.br\/blog\/inspiracoes\/tons-de-laranja\/","title":{"rendered":"Tons de laranja: confira ideias para usar na decora\u00e7\u00e3o"},"content":{"rendered":"\n<p>A decora\u00e7\u00e3o em <strong>tons de laranja<\/strong> \u00e9 uma op\u00e7\u00e3o que vai satisfazer os seus olhos e o seu cora\u00e7\u00e3o durante o ano todo. Essa cor eleva o esp\u00edrito e aquece durante a temporada mais fria do ano, mas tamb\u00e9m vibra e traz um ar de sofistica\u00e7\u00e3o e contemporaneidade durante os meses mais quentes. Inspire-se para escolher as suas op\u00e7\u00f5es preferidas.<\/p>\n\n\n\n<h2 class=\"wp-block-heading\">Tons de laranja e a combina\u00e7\u00e3o com outras cores<\/h2>\n\n\n\n<figure class=\"wp-block-image size-full\"><img loading=\"lazy\" decoding=\"async\" width=\"792\" height=\"489\" src=\"https:\/\/www.mobly.com.br\/blog\/wp-content\/uploads\/2025\/09\/tons-de-laranja-escuro-na-parede.png\" alt=\"tons de laranja escuro na parede do hall de entrada, com aparador, espelho na parede, bandeja para o cantinho do caf\u00e9 e itens arom\u00e1ticos.\" class=\"wp-image-21886\" srcset=\"https:\/\/www.mobly.com.br\/blog\/wp-content\/uploads\/2025\/09\/tons-de-laranja-escuro-na-parede.png 792w, https:\/\/www.mobly.com.br\/blog\/wp-content\/uploads\/2025\/09\/tons-de-laranja-escuro-na-parede-512x316.png 512w, https:\/\/www.mobly.com.br\/blog\/wp-content\/uploads\/2025\/09\/tons-de-laranja-escuro-na-parede-768x474.png 768w, https:\/\/www.mobly.com.br\/blog\/wp-content\/uploads\/2025\/09\/tons-de-laranja-escuro-na-parede-150x93.png 150w\" sizes=\"auto, (max-width: 792px) 100vw, 792px\" \/><\/figure>\n\n\n\n<p>O laranja, de modo geral, <a href=\"https:\/\/www.mobly.com.br\/blog\/dicas\/quais-cores-usar-para-alegrar-o-ambiente\/\">traz alegria aos ambientes<\/a> \u2013 al\u00e9m de ser muito vers\u00e1til, podendo ser combinada com diversos outros tons. Por exemplo, a combina\u00e7\u00e3o com cores quentes, como o vermelho e o amarelo, proporciona descontra\u00e7\u00e3o ao ambiente. As op\u00e7\u00f5es de laranja mais puxadas para o vermelho ir\u00e3o contrastar bem com tons de marrom fortes ou de amarelados desbotados.&nbsp;<\/p>\n\n\n\n<p>Agora, se voc\u00ea prefere combinar com cores neutras, cobre, ocre e siena s\u00e3o todas varia\u00e7\u00f5es do laranja que se encaixam super bem com tons de bege, branco e cinza. J\u00e1 os <strong>tons de laranja claro<\/strong>, mais puxados para o amarelo, caem muito bem com cores frias, como os tons de azul e os tons de verde.&nbsp;<\/p>\n\n\n\n<p>Por\u00e9m, muito cuidado. Como o fogo, se n\u00e3o manuseado com cuidado, os tons de laranja em excesso podem causar uma polui\u00e7\u00e3o visual e diminuir visualmente os espa\u00e7os. Ent\u00e3o, para te ajudar, acompanhe as dicas e as inspira\u00e7\u00f5es abaixo para fazer as suas combina\u00e7\u00f5es.<\/p>\n\n\n\n<h2 class=\"wp-block-heading\">Decora\u00e7\u00e3o em tons de laranja: o que considerar?<\/h2>\n\n\n\n<figure class=\"wp-block-image size-full is-resized\"><img loading=\"lazy\" decoding=\"async\" width=\"792\" height=\"489\" src=\"https:\/\/www.mobly.com.br\/blog\/wp-content\/uploads\/2025\/09\/tons-de-laranja-no-tapete.png\" alt=\"tons de laranja no tapete e no sof\u00e1 na sala de estar, al\u00e9m de mesa de centro e manta para sof\u00e1.\" class=\"wp-image-21889\" style=\"width:840px;height:auto\" srcset=\"https:\/\/www.mobly.com.br\/blog\/wp-content\/uploads\/2025\/09\/tons-de-laranja-no-tapete.png 792w, https:\/\/www.mobly.com.br\/blog\/wp-content\/uploads\/2025\/09\/tons-de-laranja-no-tapete-512x316.png 512w, https:\/\/www.mobly.com.br\/blog\/wp-content\/uploads\/2025\/09\/tons-de-laranja-no-tapete-768x474.png 768w, https:\/\/www.mobly.com.br\/blog\/wp-content\/uploads\/2025\/09\/tons-de-laranja-no-tapete-150x93.png 150w\" sizes=\"auto, (max-width: 792px) 100vw, 792px\" \/><\/figure>\n\n\n\n<figure class=\"wp-block-image size-full\"><img loading=\"lazy\" decoding=\"async\" width=\"792\" height=\"489\" src=\"https:\/\/www.mobly.com.br\/blog\/wp-content\/uploads\/2025\/09\/tons-de-laranja-claro.png\" alt=\"tons de laranja claro na parede, al\u00e9m de quadros decorativos pendurados na parede, um buffet com itens decorativos como casti\u00e7al e vaso com plantas.\" class=\"wp-image-21883\" srcset=\"https:\/\/www.mobly.com.br\/blog\/wp-content\/uploads\/2025\/09\/tons-de-laranja-claro.png 792w, https:\/\/www.mobly.com.br\/blog\/wp-content\/uploads\/2025\/09\/tons-de-laranja-claro-512x316.png 512w, https:\/\/www.mobly.com.br\/blog\/wp-content\/uploads\/2025\/09\/tons-de-laranja-claro-768x474.png 768w, https:\/\/www.mobly.com.br\/blog\/wp-content\/uploads\/2025\/09\/tons-de-laranja-claro-150x93.png 150w\" sizes=\"auto, (max-width: 792px) 100vw, 792px\" \/><\/figure>\n\n\n\n<p>J\u00e1 faz muito tempo que os <strong>tons de laranja para parede<\/strong> ou para os itens decorativos t\u00eam a fun\u00e7\u00e3o de trazer mais vitalidade ao design de interiores. Durante a d\u00e9cada de 70, cheia das extravag\u00e2ncias da era disco, eles estavam muito na moda para decora\u00e7\u00e3o, sendo utilizados do ch\u00e3o ao teto, em formas geom\u00e9tricas, desenhos e texturas \u2013 o que significa que a utiliza\u00e7\u00e3o hoje em dia \u00e9 quase garantia de um visual retr\u00f4.<\/p>\n\n\n\n<p>Hoje, os diversos tons de laranja t\u00eam um papel menos dominante, mas n\u00e3o menos importante, porque eles se encaixam com praticamente qualquer cor \u2013 afinal <em>orange is the new black<\/em>. Considere ent\u00e3o as op\u00e7\u00f5es que trar\u00e3o brilho, calor e energia ao ambiente. Se \u00e9 o que voc\u00ea busca, v\u00e1 sem medo.&nbsp;<\/p>\n\n\n\n<p>A chave do sucesso com os tons de laranja \u00e9 saber quanto e quando usar. Se voc\u00ea gosta de tons vibrantes e um ambiente colorido, carregar a m\u00e3o nesses tons pode dar uma cara de outono para o seu ambiente durante o ano todo. Agora, se est\u00e1 indo com calma ainda e n\u00e3o quer fazer uma mudan\u00e7a radical, uma abordagem mais sutil \u00e9 mais recomendada, em <a href=\"https:\/\/www.mobly.com.br\/moveis?utm_source=blog&amp;utm_medium=link&amp;utm_campaign=post_Inspiracoes_NA_tons-de-laranja\">m\u00f3veis<\/a>, cortinas e tapetes, por exemplo.<\/p>\n\n\n\n<p>Al\u00e9m disso, os tons de <strong>laranja escuro<\/strong> mais vibrantes, trar\u00e3o alegria ao espa\u00e7o, mas n\u00e3o s\u00e3o recomendados em excesso para ambientes em que voc\u00ea prefere descansar. J\u00e1 as op\u00e7\u00f5es mais profundas, como ferrugem, terracota e p\u00e1prica, s\u00e3o os mais indicados para trazer a sensa\u00e7\u00e3o de conforto e aconchego.<\/p>\n\n\n\n<h2 class=\"wp-block-heading\">Escolha os tons de laranja com base no sentimento desejado<\/h2>\n\n\n\n<figure class=\"wp-block-image size-full\"><img loading=\"lazy\" decoding=\"async\" width=\"792\" height=\"489\" src=\"https:\/\/www.mobly.com.br\/blog\/wp-content\/uploads\/2025\/09\/cadeiras-em-tons-de-laranja.png\" alt=\"cadeiras em tons de laranja em uma sala de jantar com mesa, quatro cadeiras, buffet e itens decorativos.\" class=\"wp-image-21878\" srcset=\"https:\/\/www.mobly.com.br\/blog\/wp-content\/uploads\/2025\/09\/cadeiras-em-tons-de-laranja.png 792w, https:\/\/www.mobly.com.br\/blog\/wp-content\/uploads\/2025\/09\/cadeiras-em-tons-de-laranja-512x316.png 512w, https:\/\/www.mobly.com.br\/blog\/wp-content\/uploads\/2025\/09\/cadeiras-em-tons-de-laranja-768x474.png 768w, https:\/\/www.mobly.com.br\/blog\/wp-content\/uploads\/2025\/09\/cadeiras-em-tons-de-laranja-150x93.png 150w\" sizes=\"auto, (max-width: 792px) 100vw, 792px\" \/><\/figure>\n\n\n\n<figure class=\"wp-block-image size-full\"><img loading=\"lazy\" decoding=\"async\" width=\"792\" height=\"489\" src=\"https:\/\/www.mobly.com.br\/blog\/wp-content\/uploads\/2025\/09\/tons-de-laranja-com-azul.png\" alt=\"tons de laranja na parede do quarto, com cama, bicicleta na decora\u00e7\u00e3o, lustre pendendente e um banco de apoio.\" class=\"wp-image-21884\" srcset=\"https:\/\/www.mobly.com.br\/blog\/wp-content\/uploads\/2025\/09\/tons-de-laranja-com-azul.png 792w, https:\/\/www.mobly.com.br\/blog\/wp-content\/uploads\/2025\/09\/tons-de-laranja-com-azul-512x316.png 512w, https:\/\/www.mobly.com.br\/blog\/wp-content\/uploads\/2025\/09\/tons-de-laranja-com-azul-768x474.png 768w, https:\/\/www.mobly.com.br\/blog\/wp-content\/uploads\/2025\/09\/tons-de-laranja-com-azul-150x93.png 150w\" sizes=\"auto, (max-width: 792px) 100vw, 792px\" \/><\/figure>\n\n\n\n<p>Se nesse momento, voc\u00ea est\u00e1 querendo usar <strong>laranja na decora\u00e7\u00e3o<\/strong>, mas n\u00e3o sabe qual tom usar, \u00e9 importante fazer uma pergunta b\u00e1sica: como voc\u00ea quer se sentir nesse espa\u00e7o? Ousadia? Pesquise o laranja-tangerina brilhante. Acolhimento r\u00fastico? Pesquise o ocre, o cobre, a ferrugem e a argila.&nbsp;<\/p>\n\n\n\n<p>A cor laranja tamb\u00e9m pode ser usada como complemento das <a href=\"https:\/\/www.mobly.com.br\/blog\/inspiracoes\/cores-neutras\/\">cores neutras<\/a> como uma alternativa para deixar os ambientes mais claros e visualmente amplos. Nesse caso, entram em cena tonalidades como o salm\u00e3o, o mel\u00e3o e o p\u00eassego (parece um brunch, mas s\u00e3o tons de laranja) e ainda podem ser complementados com tons de rosa claro.<\/p>\n\n\n\n<h3 class=\"wp-block-heading\">O minimalismo e os tons de cores laranja<\/h3>\n\n\n\n<p>A princ\u00edpio, os tons de laranja podem parecer cores pesadas, especialmente se voc\u00ea \u00e9 mais adepto da est\u00e9tica minimalista. Mas n\u00e3o necessariamente precisa ser assim, quando combinado com cores neutras suaves, como taupe, uma mistura de bege e cinza, por exemplo, pode trazer o equil\u00edbrio entre o calor e a sombra, enquanto suaviza o impacto da cor mais forte.&nbsp;<\/p>\n\n\n\n<h3 class=\"wp-block-heading\">Um home office cheio de energia com tons de laranja<\/h3>\n\n\n\n<p>N\u00e3o \u00e9 mais novidade para ningu\u00e9m que estamos nos reinventando para criar ambientes de trabalho e estudo dentro de casa. Com isso em mente, os tons de laranja s\u00e3o cores energizantes e \u00f3timas para inspirar a criatividade e a produtividade. Voc\u00ea pode us\u00e1-los em uma <a href=\"https:\/\/www.mobly.com.br\/moveis\/cadeiras-escritorio?utm_source=blog&amp;utm_medium=link&amp;utm_campaign=post_Inspiracoes_NA_tons-de-laranja\">cadeira<\/a>, escrivaninha ou at\u00e9 mesmo na estante<\/p>\n\n\n\n<h3 class=\"wp-block-heading\">Tons de laranja podem ser neutros<\/h3>\n\n\n\n<figure class=\"wp-block-image size-full\"><img loading=\"lazy\" decoding=\"async\" width=\"792\" height=\"489\" src=\"https:\/\/www.mobly.com.br\/blog\/wp-content\/uploads\/2025\/09\/laranja-na-decoracao.png\" alt=\"laranja na decora\u00e7\u00e3o em um sof\u00e1 off white, com manta para sof\u00e1 e almofada laranja, al\u00e9m de vaso com planta.\" class=\"wp-image-21882\" srcset=\"https:\/\/www.mobly.com.br\/blog\/wp-content\/uploads\/2025\/09\/laranja-na-decoracao.png 792w, https:\/\/www.mobly.com.br\/blog\/wp-content\/uploads\/2025\/09\/laranja-na-decoracao-512x316.png 512w, https:\/\/www.mobly.com.br\/blog\/wp-content\/uploads\/2025\/09\/laranja-na-decoracao-768x474.png 768w, https:\/\/www.mobly.com.br\/blog\/wp-content\/uploads\/2025\/09\/laranja-na-decoracao-150x93.png 150w\" sizes=\"auto, (max-width: 792px) 100vw, 792px\" \/><\/figure>\n\n\n\n<p>N\u00f3s entendemos que o laranja pode ser um pouco vibrante demais para algumas pessoas \u2013 ou para alguns c\u00f4modos. Mas sabia que \u00e9 poss\u00edvel suaviz\u00e1-lo com algumas combina\u00e7\u00f5es? Bege combinado com tons terrosos de laranja ir\u00e3o aproveitar o calor da cor sem permitir que o ambiente seja dominado. Esse exemplo de combina\u00e7\u00e3o \u00e9 perfeito para trazer conforto sem perder o tom c\u00edtrico.<\/p>\n\n\n\n<h3 class=\"wp-block-heading\">Tons de laranja e azul para um clima praiano<\/h3>\n\n\n\n<figure class=\"wp-block-image size-full\"><img loading=\"lazy\" decoding=\"async\" width=\"792\" height=\"489\" src=\"https:\/\/www.mobly.com.br\/blog\/wp-content\/uploads\/2025\/09\/tons-de-laranja-e-azul-na-decoracao.png\" alt=\"tons de laranja e azul na decora\u00e7\u00e3o em um home office com prateleira, escrivaninha e estante com diversos itens de decora\u00e7\u00e3o.\" class=\"wp-image-21885\" srcset=\"https:\/\/www.mobly.com.br\/blog\/wp-content\/uploads\/2025\/09\/tons-de-laranja-e-azul-na-decoracao.png 792w, https:\/\/www.mobly.com.br\/blog\/wp-content\/uploads\/2025\/09\/tons-de-laranja-e-azul-na-decoracao-512x316.png 512w, https:\/\/www.mobly.com.br\/blog\/wp-content\/uploads\/2025\/09\/tons-de-laranja-e-azul-na-decoracao-768x474.png 768w, https:\/\/www.mobly.com.br\/blog\/wp-content\/uploads\/2025\/09\/tons-de-laranja-e-azul-na-decoracao-150x93.png 150w\" sizes=\"auto, (max-width: 792px) 100vw, 792px\" \/><\/figure>\n\n\n\n<p>Se voc\u00ea prestar aten\u00e7\u00e3o em uma roda de cores, ver\u00e1 que os laranjas mais avermelhados s\u00e3o complementados pelo azul-esverdeado. O que a princ\u00edpio pode soar como uma combina\u00e7\u00e3o estranha e ousada, na realidade, tem uma coisa em comum: amarelo na composi\u00e7\u00e3o. Dessa forma, os <strong>tons de laranja com azul<\/strong> se encontram em uma combina\u00e7\u00e3o ao mesmo tempo vibrante e relaxante, como o p\u00f4r do sol depois de um dia de praia.&nbsp;<\/p>\n\n\n\n<h3 class=\"wp-block-heading\">Escolha estofados em tons de laranja<\/h3>\n\n\n\n<figure class=\"wp-block-image size-full\"><img loading=\"lazy\" decoding=\"async\" width=\"792\" height=\"489\" src=\"https:\/\/www.mobly.com.br\/blog\/wp-content\/uploads\/2025\/09\/laranja-escuro-na-decoracao.png\" alt=\"laranja escuro na decora\u00e7\u00e3o em uma poltrona no cantinho da leitura, al\u00e9m de diversas prateleiras com itens de decora\u00e7\u00e3o.\" class=\"wp-image-21881\" srcset=\"https:\/\/www.mobly.com.br\/blog\/wp-content\/uploads\/2025\/09\/laranja-escuro-na-decoracao.png 792w, https:\/\/www.mobly.com.br\/blog\/wp-content\/uploads\/2025\/09\/laranja-escuro-na-decoracao-512x316.png 512w, https:\/\/www.mobly.com.br\/blog\/wp-content\/uploads\/2025\/09\/laranja-escuro-na-decoracao-768x474.png 768w, https:\/\/www.mobly.com.br\/blog\/wp-content\/uploads\/2025\/09\/laranja-escuro-na-decoracao-150x93.png 150w\" sizes=\"auto, (max-width: 792px) 100vw, 792px\" \/><\/figure>\n\n\n\n<p>Trazer os tons de laranja para os tecidos tamb\u00e9m \u00e9 uma \u00f3tima maneira de dar destaque \u00e0 cor, mas sem deixar de manter a neutralidade. Um estofamento de veludo no tom laranja queimado pode, por exemplo, ser combinado em uma sala de estar ou <a href=\"https:\/\/www.mobly.com.br\/blog\/dicas\/decoracao-cinza-em-4-ambientes\/\">sala de jantar com m\u00f3veis cinzas<\/a>.<\/p>\n\n\n\n<p>Seja em <strong>tons de laranja claro<\/strong> ou escuro, essa \u00e9 uma oportunidade de trazer um pouco de ousadia para a decora\u00e7\u00e3o do seu ambiente, mas sem perder a m\u00e3o. O veludo combinado com tons de madeira e as texturas que esses objetos ir\u00e3o apresentar poder\u00e3o dar o aconchego que o seu ambiente exige.&nbsp;<\/p>\n\n\n\n<h2 class=\"wp-block-heading\">Confira outras dicas de decora\u00e7\u00e3o e continue se inspirando com a gente!<\/h2>\n\n\n\n<p>E voc\u00ea, j\u00e1 tinha pensado que poderia usar diversos tons de laranja na sua decora\u00e7\u00e3o? Aproveite e continue navegando em nosso blog para se inspirar e deixar a sua casa com a sua personalidade. Confira <a href=\"https:\/\/www.mobly.com.br\/blog\/inspiracoes\/tons-de-azul\/\">como usar tons de azul<\/a>, verde e muito mais!<\/p>\n<button class=\"simplefavorite-button has-count loading\" data-postid=\"20072\" data-siteid=\"1\" data-groupid=\"1\" data-favoritecount=\"0\" style=\"\">Carregando...<span class=\"sf-icon-spinner-wrapper\"><i class=\"sf-icon-spinner\"><\/i><\/span><\/button>","protected":false},"excerpt":{"rendered":"<p>A decora\u00e7\u00e3o em tons de laranja \u00e9 uma op\u00e7\u00e3o que vai satisfazer os seus olhos e o seu cora\u00e7\u00e3o durante o ano todo. Essa cor eleva o esp\u00edrito e aquece durante a temporada mais fria do ano, mas tamb\u00e9m vibra e traz um ar de sofistica\u00e7\u00e3o e contemporaneidade durante os meses mais quentes. Inspire-se para escolher as suas op\u00e7\u00f5es preferidas. Tons de laranja e a combina\u00e7\u00e3o com outras cores O laranja, de modo geral, traz alegria aos ambientes \u2013 al\u00e9m de ser muito vers\u00e1til, podendo ser combinada com diversos outros tons. Por exemplo, a combina\u00e7\u00e3o com cores quentes, como o vermelho e o amarelo, proporciona descontra\u00e7\u00e3o ao ambiente. As op\u00e7\u00f5es de laranja mais puxadas para o vermelho ir\u00e3o contrastar bem com tons de marrom fortes ou de amarelados desbotados.&nbsp; Agora, se voc\u00ea prefere combinar com cores neutras, cobre, ocre e siena s\u00e3o todas varia\u00e7\u00f5es do laranja que se encaixam super bem com tons de bege, branco e cinza. J\u00e1 os tons de laranja claro, mais puxados para o amarelo, caem muito bem com cores frias, como os tons de azul e os tons de verde.&nbsp; Por\u00e9m, muito cuidado. Como o fogo, se n\u00e3o manuseado com cuidado, os tons de laranja [&hellip;]<\/p>\n","protected":false},"author":41,"featured_media":20078,"comment_status":"closed","ping_status":"closed","sticky":false,"template":"","format":"standard","meta":{"extendify_custom_stylesheet":"","_mi_skip_tracking":false,"_monsterinsights_skip_tracking":false,"_monsterinsights_sitenote_active":false,"_monsterinsights_sitenote_note":"","_monsterinsights_sitenote_category":0,"footnotes":""},"categories":[11],"tags":[353,306,15,164,1402],"class_list":["post-20072","post","type-post","status-publish","format-standard","has-post-thumbnail","hentry","category-inspiracoes","tag-cores","tag-decoracao","tag-dicas","tag-inspiracao","tag-tons-de-laranja"],"yoast_head":"<!-- This site is optimized with the Yoast SEO plugin v24.9 - https:\/\/yoast.com\/wordpress\/plugins\/seo\/ -->\n<title>Tons de laranja: inspire-se para usar na sua decora\u00e7\u00e3o<\/title>\n<meta name=\"description\" content=\"Quer usar tons de laranja na sua decora\u00e7\u00e3o? N\u00f3s preparamos um conte\u00fado para te inspirar a usar essa cor alegre na sua casa. Confira!\" \/>\n<meta name=\"robots\" content=\"index, follow, max-snippet:-1, max-image-preview:large, max-video-preview:-1\" \/>\n<link rel=\"canonical\" href=\"https:\/\/www.mobly.com.br\/blog\/inspiracoes\/tons-de-laranja\/\" \/>\n<meta property=\"og:locale\" content=\"pt_BR\" \/>\n<meta property=\"og:type\" content=\"article\" \/>\n<meta property=\"og:title\" content=\"Tons de laranja: inspire-se para usar na sua decora\u00e7\u00e3o\" \/>\n<meta property=\"og:description\" content=\"Quer usar tons de laranja na sua decora\u00e7\u00e3o? N\u00f3s preparamos um conte\u00fado para te inspirar a usar essa cor alegre na sua casa. Confira!\" \/>\n<meta property=\"og:url\" content=\"https:\/\/www.mobly.com.br\/blog\/inspiracoes\/tons-de-laranja\/\" \/>\n<meta property=\"og:site_name\" content=\"Blog da Mobly\" \/>\n<meta property=\"article:published_time\" content=\"2025-09-11T13:14:17+00:00\" \/>\n<meta property=\"article:modified_time\" content=\"2025-09-11T13:15:16+00:00\" \/>\n<meta property=\"og:image\" content=\"https:\/\/www.mobly.com.br\/blog\/wp-content\/uploads\/2023\/03\/Tons-de-laranja--scaled.jpg\" \/>\n\t<meta property=\"og:image:width\" content=\"2560\" \/>\n\t<meta property=\"og:image:height\" content=\"1709\" \/>\n\t<meta property=\"og:image:type\" content=\"image\/jpeg\" \/>\n<meta name=\"author\" content=\"Amanda\" \/>\n<meta name=\"twitter:card\" content=\"summary_large_image\" \/>\n<meta name=\"twitter:label1\" content=\"Escrito por\" \/>\n\t<meta name=\"twitter:data1\" content=\"Amanda\" \/>\n\t<meta name=\"twitter:label2\" content=\"Est. tempo de leitura\" \/>\n\t<meta name=\"twitter:data2\" content=\"9 minutos\" \/>\n<script type=\"application\/ld+json\" class=\"yoast-schema-graph\">{\"@context\":\"https:\/\/schema.org\",\"@graph\":[{\"@type\":\"WebPage\",\"@id\":\"https:\/\/www.mobly.com.br\/blog\/inspiracoes\/tons-de-laranja\/\",\"url\":\"https:\/\/www.mobly.com.br\/blog\/inspiracoes\/tons-de-laranja\/\",\"name\":\"Tons de laranja: inspire-se para usar na sua decora\u00e7\u00e3o\",\"isPartOf\":{\"@id\":\"https:\/\/www.mobly.com.br\/blog\/#website\"},\"primaryImageOfPage\":{\"@id\":\"https:\/\/www.mobly.com.br\/blog\/inspiracoes\/tons-de-laranja\/#primaryimage\"},\"image\":{\"@id\":\"https:\/\/www.mobly.com.br\/blog\/inspiracoes\/tons-de-laranja\/#primaryimage\"},\"thumbnailUrl\":\"https:\/\/www.mobly.com.br\/blog\/wp-content\/uploads\/2023\/03\/Tons-de-laranja--scaled.jpg\",\"datePublished\":\"2025-09-11T13:14:17+00:00\",\"dateModified\":\"2025-09-11T13:15:16+00:00\",\"author\":{\"@id\":\"https:\/\/www.mobly.com.br\/blog\/#\/schema\/person\/4ca5f57ac9eb774e3a9fc26d6ce3d1f8\"},\"description\":\"Quer usar tons de laranja na sua decora\u00e7\u00e3o? N\u00f3s preparamos um conte\u00fado para te inspirar a usar essa cor alegre na sua casa. Confira!\",\"breadcrumb\":{\"@id\":\"https:\/\/www.mobly.com.br\/blog\/inspiracoes\/tons-de-laranja\/#breadcrumb\"},\"inLanguage\":\"pt-BR\",\"potentialAction\":[{\"@type\":\"ReadAction\",\"target\":[\"https:\/\/www.mobly.com.br\/blog\/inspiracoes\/tons-de-laranja\/\"]}]},{\"@type\":\"ImageObject\",\"inLanguage\":\"pt-BR\",\"@id\":\"https:\/\/www.mobly.com.br\/blog\/inspiracoes\/tons-de-laranja\/#primaryimage\",\"url\":\"https:\/\/www.mobly.com.br\/blog\/wp-content\/uploads\/2023\/03\/Tons-de-laranja--scaled.jpg\",\"contentUrl\":\"https:\/\/www.mobly.com.br\/blog\/wp-content\/uploads\/2023\/03\/Tons-de-laranja--scaled.jpg\",\"width\":2560,\"height\":1709,\"caption\":\"tons de laranja na parede da sala de jantar, com mesa, cadeiras, estante com vinhos, quadros decorativos e uma poltrona.\"},{\"@type\":\"BreadcrumbList\",\"@id\":\"https:\/\/www.mobly.com.br\/blog\/inspiracoes\/tons-de-laranja\/#breadcrumb\",\"itemListElement\":[{\"@type\":\"ListItem\",\"position\":1,\"name\":\"Home\",\"item\":\"https:\/\/www.mobly.com.br\/blog\/\"},{\"@type\":\"ListItem\",\"position\":2,\"name\":\"Inspira\u00e7\u00f5es\",\"item\":\"https:\/\/www.mobly.com.br\/blog\/inspiracoes\/\"},{\"@type\":\"ListItem\",\"position\":3,\"name\":\"Tons de laranja: confira ideias para usar na decora\u00e7\u00e3o\"}]},{\"@type\":\"WebSite\",\"@id\":\"https:\/\/www.mobly.com.br\/blog\/#website\",\"url\":\"https:\/\/www.mobly.com.br\/blog\/\",\"name\":\"Blog da Mobly\",\"description\":\"Dicas de Decora\u00e7\u00e3o, Inspira\u00e7\u00f5es e Mais\",\"potentialAction\":[{\"@type\":\"SearchAction\",\"target\":{\"@type\":\"EntryPoint\",\"urlTemplate\":\"https:\/\/www.mobly.com.br\/blog\/?s={search_term_string}\"},\"query-input\":{\"@type\":\"PropertyValueSpecification\",\"valueRequired\":true,\"valueName\":\"search_term_string\"}}],\"inLanguage\":\"pt-BR\"},{\"@type\":\"Person\",\"@id\":\"https:\/\/www.mobly.com.br\/blog\/#\/schema\/person\/4ca5f57ac9eb774e3a9fc26d6ce3d1f8\",\"name\":\"Amanda\",\"image\":{\"@type\":\"ImageObject\",\"inLanguage\":\"pt-BR\",\"@id\":\"https:\/\/www.mobly.com.br\/blog\/#\/schema\/person\/image\/\",\"url\":\"https:\/\/secure.gravatar.com\/avatar\/02766c2fe9b6e34cd460c70eeade014d?s=96&d=mm&r=g\",\"contentUrl\":\"https:\/\/secure.gravatar.com\/avatar\/02766c2fe9b6e34cd460c70eeade014d?s=96&d=mm&r=g\",\"caption\":\"Amanda\"},\"url\":\"https:\/\/www.mobly.com.br\/blog\/author\/amanda-silva\/\"}]}<\/script>\n<!-- \/ Yoast SEO plugin. -->","yoast_head_json":{"title":"Tons de laranja: inspire-se para usar na sua decora\u00e7\u00e3o","description":"Quer usar tons de laranja na sua decora\u00e7\u00e3o? N\u00f3s preparamos um conte\u00fado para te inspirar a usar essa cor alegre na sua casa. Confira!","robots":{"index":"index","follow":"follow","max-snippet":"max-snippet:-1","max-image-preview":"max-image-preview:large","max-video-preview":"max-video-preview:-1"},"canonical":"https:\/\/www.mobly.com.br\/blog\/inspiracoes\/tons-de-laranja\/","og_locale":"pt_BR","og_type":"article","og_title":"Tons de laranja: inspire-se para usar na sua decora\u00e7\u00e3o","og_description":"Quer usar tons de laranja na sua decora\u00e7\u00e3o? N\u00f3s preparamos um conte\u00fado para te inspirar a usar essa cor alegre na sua casa. Confira!","og_url":"https:\/\/www.mobly.com.br\/blog\/inspiracoes\/tons-de-laranja\/","og_site_name":"Blog da Mobly","article_published_time":"2025-09-11T13:14:17+00:00","article_modified_time":"2025-09-11T13:15:16+00:00","og_image":[{"width":2560,"height":1709,"url":"https:\/\/www.mobly.com.br\/blog\/wp-content\/uploads\/2023\/03\/Tons-de-laranja--scaled.jpg","type":"image\/jpeg"}],"author":"Amanda","twitter_card":"summary_large_image","twitter_misc":{"Escrito por":"Amanda","Est. tempo de leitura":"9 minutos"},"schema":{"@context":"https:\/\/schema.org","@graph":[{"@type":"WebPage","@id":"https:\/\/www.mobly.com.br\/blog\/inspiracoes\/tons-de-laranja\/","url":"https:\/\/www.mobly.com.br\/blog\/inspiracoes\/tons-de-laranja\/","name":"Tons de laranja: inspire-se para usar na sua decora\u00e7\u00e3o","isPartOf":{"@id":"https:\/\/www.mobly.com.br\/blog\/#website"},"primaryImageOfPage":{"@id":"https:\/\/www.mobly.com.br\/blog\/inspiracoes\/tons-de-laranja\/#primaryimage"},"image":{"@id":"https:\/\/www.mobly.com.br\/blog\/inspiracoes\/tons-de-laranja\/#primaryimage"},"thumbnailUrl":"https:\/\/www.mobly.com.br\/blog\/wp-content\/uploads\/2023\/03\/Tons-de-laranja--scaled.jpg","datePublished":"2025-09-11T13:14:17+00:00","dateModified":"2025-09-11T13:15:16+00:00","author":{"@id":"https:\/\/www.mobly.com.br\/blog\/#\/schema\/person\/4ca5f57ac9eb774e3a9fc26d6ce3d1f8"},"description":"Quer usar tons de laranja na sua decora\u00e7\u00e3o? N\u00f3s preparamos um conte\u00fado para te inspirar a usar essa cor alegre na sua casa. Confira!","breadcrumb":{"@id":"https:\/\/www.mobly.com.br\/blog\/inspiracoes\/tons-de-laranja\/#breadcrumb"},"inLanguage":"pt-BR","potentialAction":[{"@type":"ReadAction","target":["https:\/\/www.mobly.com.br\/blog\/inspiracoes\/tons-de-laranja\/"]}]},{"@type":"ImageObject","inLanguage":"pt-BR","@id":"https:\/\/www.mobly.com.br\/blog\/inspiracoes\/tons-de-laranja\/#primaryimage","url":"https:\/\/www.mobly.com.br\/blog\/wp-content\/uploads\/2023\/03\/Tons-de-laranja--scaled.jpg","contentUrl":"https:\/\/www.mobly.com.br\/blog\/wp-content\/uploads\/2023\/03\/Tons-de-laranja--scaled.jpg","width":2560,"height":1709,"caption":"tons de laranja na parede da sala de jantar, com mesa, cadeiras, estante com vinhos, quadros decorativos e uma poltrona."},{"@type":"BreadcrumbList","@id":"https:\/\/www.mobly.com.br\/blog\/inspiracoes\/tons-de-laranja\/#breadcrumb","itemListElement":[{"@type":"ListItem","position":1,"name":"Home","item":"https:\/\/www.mobly.com.br\/blog\/"},{"@type":"ListItem","position":2,"name":"Inspira\u00e7\u00f5es","item":"https:\/\/www.mobly.com.br\/blog\/inspiracoes\/"},{"@type":"ListItem","position":3,"name":"Tons de laranja: confira ideias para usar na decora\u00e7\u00e3o"}]},{"@type":"WebSite","@id":"https:\/\/www.mobly.com.br\/blog\/#website","url":"https:\/\/www.mobly.com.br\/blog\/","name":"Blog da Mobly","description":"Dicas de Decora\u00e7\u00e3o, Inspira\u00e7\u00f5es e Mais","potentialAction":[{"@type":"SearchAction","target":{"@type":"EntryPoint","urlTemplate":"https:\/\/www.mobly.com.br\/blog\/?s={search_term_string}"},"query-input":{"@type":"PropertyValueSpecification","valueRequired":true,"valueName":"search_term_string"}}],"inLanguage":"pt-BR"},{"@type":"Person","@id":"https:\/\/www.mobly.com.br\/blog\/#\/schema\/person\/4ca5f57ac9eb774e3a9fc26d6ce3d1f8","name":"Amanda","image":{"@type":"ImageObject","inLanguage":"pt-BR","@id":"https:\/\/www.mobly.com.br\/blog\/#\/schema\/person\/image\/","url":"https:\/\/secure.gravatar.com\/avatar\/02766c2fe9b6e34cd460c70eeade014d?s=96&d=mm&r=g","contentUrl":"https:\/\/secure.gravatar.com\/avatar\/02766c2fe9b6e34cd460c70eeade014d?s=96&d=mm&r=g","caption":"Amanda"},"url":"https:\/\/www.mobly.com.br\/blog\/author\/amanda-silva\/"}]}},"_links":{"self":[{"href":"https:\/\/www.mobly.com.br\/blog\/wp-json\/wp\/v2\/posts\/20072","targetHints":{"allow":["GET"]}}],"collection":[{"href":"https:\/\/www.mobly.com.br\/blog\/wp-json\/wp\/v2\/posts"}],"about":[{"href":"https:\/\/www.mobly.com.br\/blog\/wp-json\/wp\/v2\/types\/post"}],"author":[{"embeddable":true,"href":"https:\/\/www.mobly.com.br\/blog\/wp-json\/wp\/v2\/users\/41"}],"replies":[{"embeddable":true,"href":"https:\/\/www.mobly.com.br\/blog\/wp-json\/wp\/v2\/comments?post=20072"}],"version-history":[{"count":5,"href":"https:\/\/www.mobly.com.br\/blog\/wp-json\/wp\/v2\/posts\/20072\/revisions"}],"predecessor-version":[{"id":21894,"href":"https:\/\/www.mobly.com.br\/blog\/wp-json\/wp\/v2\/posts\/20072\/revisions\/21894"}],"wp:featuredmedia":[{"embeddable":true,"href":"https:\/\/www.mobly.com.br\/blog\/wp-json\/wp\/v2\/media\/20078"}],"wp:attachment":[{"href":"https:\/\/www.mobly.com.br\/blog\/wp-json\/wp\/v2\/media?parent=20072"}],"wp:term":[{"taxonomy":"category","embeddable":true,"href":"https:\/\/www.mobly.com.br\/blog\/wp-json\/wp\/v2\/categories?post=20072"},{"taxonomy":"post_tag","embeddable":true,"href":"https:\/\/www.mobly.com.br\/blog\/wp-json\/wp\/v2\/tags?post=20072"}],"curies":[{"name":"wp","href":"https:\/\/api.w.org\/{rel}","templated":true}]}}