{"id":20024,"date":"2023-03-06T10:46:08","date_gmt":"2023-03-06T13:46:08","guid":{"rendered":"https:\/\/www.mobly.com.br\/blog\/?p=20024"},"modified":"2023-03-06T10:46:10","modified_gmt":"2023-03-06T13:46:10","slug":"moveis-montessorianos","status":"publish","type":"post","link":"https:\/\/www.mobly.com.br\/blog\/por-ambientes\/moveis-montessorianos\/","title":{"rendered":"M\u00f3veis Montessorianos: o que s\u00e3o + como escolher"},"content":{"rendered":"\n<p><strong>M\u00f3veis montessorianos<\/strong> s\u00e3o perfeitos para montar o quarto das crian\u00e7as. Isso porque esse tipo de mob\u00edlia promove uma s\u00e9rie de benef\u00edcios para o desenvolvimento infantil sem deixar a seguran\u00e7a de lado. Al\u00e9m disso, a composi\u00e7\u00e3o do ambiente fica incr\u00edvel com uma <a href=\"https:\/\/www.mobly.com.br\/blog\/por-ambientes\/quarto-infantil\/decoracao-montessoriana\/\">decora\u00e7\u00e3o montessoriana<\/a> bem preparada. <\/p>\n\n\n\n<p>Para te ajudar a entender as caracter\u00edsticas dos m\u00f3veis montessorianos e mostrar dicas de como aplicar esse m\u00e9todo em casa, o Blog Lar Style trouxe neste conte\u00fado todos os benef\u00edcios da d\u00e9cor montessori. Continue a leitura e saiba mais sobre esse diferencial para quartos infantis. <\/p>\n\n\n\n<figure class=\"wp-block-image size-large\"><img loading=\"lazy\" decoding=\"async\" width=\"1024\" height=\"564\" src=\"https:\/\/www.mobly.com.br\/blog\/wp-content\/uploads\/2023\/03\/Moveis-Montessorianos-1024x564.jpg\" alt=\"\" class=\"wp-image-20025\" srcset=\"https:\/\/www.mobly.com.br\/blog\/wp-content\/uploads\/2023\/03\/Moveis-Montessorianos-1024x564.jpg 1024w, https:\/\/www.mobly.com.br\/blog\/wp-content\/uploads\/2023\/03\/Moveis-Montessorianos-512x282.jpg 512w, https:\/\/www.mobly.com.br\/blog\/wp-content\/uploads\/2023\/03\/Moveis-Montessorianos-768x423.jpg 768w, https:\/\/www.mobly.com.br\/blog\/wp-content\/uploads\/2023\/03\/Moveis-Montessorianos-1536x846.jpg 1536w, https:\/\/www.mobly.com.br\/blog\/wp-content\/uploads\/2023\/03\/Moveis-Montessorianos.jpg 1806w\" sizes=\"auto, (max-width: 1024px) 100vw, 1024px\" \/><\/figure>\n\n\n\n<h2 class=\"wp-block-heading\">M\u00f3veis montessorianos: descubra a metodologia montessoriana<\/h2>\n\n\n\n<p>M\u00f3veis montessorianos s\u00e3o aqueles posicionados na altura das crian\u00e7as, permitindo liberdade durante as atividades para explorar novos espa\u00e7os. Na metodologia montessoriana, criada em 1907, existe um planejamento para que tudo fique ao alcance dos pequenos com seguran\u00e7a e supervis\u00e3o de um adulto. <\/p>\n\n\n\n<p>Com os m\u00f3veis montessorianos \u00e9 poss\u00edvel ter uma arruma\u00e7\u00e3o simples, j\u00e1 que as crian\u00e7as est\u00e3o livres para brincar e desenvolver a no\u00e7\u00e3o de espa\u00e7o. <\/p>\n\n\n\n<p>A metodologia montessoriana pode ser aplicada em quartos de rec\u00e9m-nascidos e crian\u00e7as de at\u00e9 cinco anos. Por isso, uma dica importante \u00e9 reformular a decora\u00e7\u00e3o conforme o crescimento da crian\u00e7a. <\/p>\n\n\n\n<figure class=\"wp-block-gallery has-nested-images columns-default is-cropped wp-block-gallery-1 is-layout-flex wp-block-gallery-is-layout-flex\">\n<figure class=\"wp-block-image size-large\"><img loading=\"lazy\" decoding=\"async\" width=\"1228\" height=\"1840\" data-id=\"20026\" src=\"https:\/\/www.mobly.com.br\/blog\/wp-content\/uploads\/2023\/03\/Movel-Montessori.jpg\" alt=\"\" class=\"wp-image-20026\" srcset=\"https:\/\/www.mobly.com.br\/blog\/wp-content\/uploads\/2023\/03\/Movel-Montessori.jpg 1228w, https:\/\/www.mobly.com.br\/blog\/wp-content\/uploads\/2023\/03\/Movel-Montessori-342x512.jpg 342w, https:\/\/www.mobly.com.br\/blog\/wp-content\/uploads\/2023\/03\/Movel-Montessori-683x1024.jpg 683w, https:\/\/www.mobly.com.br\/blog\/wp-content\/uploads\/2023\/03\/Movel-Montessori-768x1151.jpg 768w, https:\/\/www.mobly.com.br\/blog\/wp-content\/uploads\/2023\/03\/Movel-Montessori-1025x1536.jpg 1025w\" sizes=\"auto, (max-width: 1228px) 100vw, 1228px\" \/><\/figure>\n\n\n\n<figure class=\"wp-block-image size-large\"><img loading=\"lazy\" decoding=\"async\" width=\"1228\" height=\"1840\" data-id=\"20027\" src=\"https:\/\/www.mobly.com.br\/blog\/wp-content\/uploads\/2023\/03\/Movel-montessori-para-quarto-infantil.jpg\" alt=\"\" class=\"wp-image-20027\" srcset=\"https:\/\/www.mobly.com.br\/blog\/wp-content\/uploads\/2023\/03\/Movel-montessori-para-quarto-infantil.jpg 1228w, https:\/\/www.mobly.com.br\/blog\/wp-content\/uploads\/2023\/03\/Movel-montessori-para-quarto-infantil-342x512.jpg 342w, https:\/\/www.mobly.com.br\/blog\/wp-content\/uploads\/2023\/03\/Movel-montessori-para-quarto-infantil-683x1024.jpg 683w, https:\/\/www.mobly.com.br\/blog\/wp-content\/uploads\/2023\/03\/Movel-montessori-para-quarto-infantil-768x1151.jpg 768w, https:\/\/www.mobly.com.br\/blog\/wp-content\/uploads\/2023\/03\/Movel-montessori-para-quarto-infantil-1025x1536.jpg 1025w\" sizes=\"auto, (max-width: 1228px) 100vw, 1228px\" \/><\/figure>\n<\/figure>\n\n\n\n<h2 class=\"wp-block-heading\">Quais s\u00e3o os benef\u00edcios de um m\u00f3vel montessori?<\/h2>\n\n\n\n<p>O principal benef\u00edcio de um m\u00f3vel montessori \u00e9 permitir a crian\u00e7a de explorar o ambiente. Com isso, o pequeno pode se sentir mais autoconfiante, j\u00e1 que a refer\u00eancia principal de espa\u00e7o \u00e9 o seu pr\u00f3prio corpo.  <\/p>\n\n\n\n<p>Al\u00e9m disso, h\u00e1 outras vantagens de escolher os m\u00f3veis montessorianos para o quarto do seu filho. Confira alguns motivos:<\/p>\n\n\n\n<ul class=\"wp-block-list\"><li>Valoriza a descoberta espont\u00e2nea;<\/li><li>Coloca os adultos em posi\u00e7\u00e3o de observados e guias;<\/li><li>Permite uma educa\u00e7\u00e3o positiva e colaborativa;<\/li><li>Garante um ambiente preparado para o desenvolvimento infantil;<\/li><li>Fornece funcionalidade e otimiza\u00e7\u00e3o no ambiente;<\/li><\/ul>\n\n\n\n<p>Por isso, muitos pais acabam optando por m\u00f3veis montessorianos porque permitem montar um espa\u00e7o seguro, confort\u00e1vel e que se adapta \u00e0s necessidades dos pequenos. <\/p>\n\n\n\n<figure class=\"wp-block-image size-large\"><img loading=\"lazy\" decoding=\"async\" width=\"1024\" height=\"769\" src=\"https:\/\/www.mobly.com.br\/blog\/wp-content\/uploads\/2023\/03\/Moveis-montessorianos-para-quarto-infantil-1024x769.jpg\" alt=\"\" class=\"wp-image-20028\" srcset=\"https:\/\/www.mobly.com.br\/blog\/wp-content\/uploads\/2023\/03\/Moveis-montessorianos-para-quarto-infantil-1024x769.jpg 1024w, https:\/\/www.mobly.com.br\/blog\/wp-content\/uploads\/2023\/03\/Moveis-montessorianos-para-quarto-infantil-512x384.jpg 512w, https:\/\/www.mobly.com.br\/blog\/wp-content\/uploads\/2023\/03\/Moveis-montessorianos-para-quarto-infantil-768x577.jpg 768w, https:\/\/www.mobly.com.br\/blog\/wp-content\/uploads\/2023\/03\/Moveis-montessorianos-para-quarto-infantil.jpg 1180w\" sizes=\"auto, (max-width: 1024px) 100vw, 1024px\" \/><\/figure>\n\n\n\n<h2 class=\"wp-block-heading\">M\u00f3veis montessorianos: dicas para montar um quarto infantil completo<\/h2>\n\n\n\n<p>Agora que voc\u00ea j\u00e1 sabe o que s\u00e3o m\u00f3veis montessorianos, chegou a hora de conferir dicas para montar o quarto do seu filho com o m\u00e9todo. Confira nossas sugest\u00f5es a seguir:<\/p>\n\n\n\n<h3 class=\"wp-block-heading\">Escolha a cama montessoriana<\/h3>\n\n\n\n<p>O primeiro passo para montar um quarto montessori \u00e9 escolher a cama. Diferente do ber\u00e7o fixo, esse m\u00f3vel fica mais baixo \u2013 na altura da crian\u00e7a. Dessa forma, o seu filho pode se levantar a hora que preferir.<\/p>\n\n\n\n<p>Mas n\u00e3o precisa se preocupar! Por ficar na altura do ch\u00e3o, o m\u00f3vel montessori evita que o pequeno sofra um acidente. <\/p>\n\n\n\n<p>Ah, e o mais legal \u00e9 que existem v\u00e1rios formatos de camas montessorianas, como cama de casinha, com escorregador e muito mais. <\/p>\n\n\n\n<figure class=\"wp-block-image size-large\"><img loading=\"lazy\" decoding=\"async\" width=\"1024\" height=\"704\" src=\"https:\/\/www.mobly.com.br\/blog\/wp-content\/uploads\/2023\/03\/Cama-montessoriana-1024x704.jpg\" alt=\"\" class=\"wp-image-20029\" srcset=\"https:\/\/www.mobly.com.br\/blog\/wp-content\/uploads\/2023\/03\/Cama-montessoriana-1024x704.jpg 1024w, https:\/\/www.mobly.com.br\/blog\/wp-content\/uploads\/2023\/03\/Cama-montessoriana-512x352.jpg 512w, https:\/\/www.mobly.com.br\/blog\/wp-content\/uploads\/2023\/03\/Cama-montessoriana-768x528.jpg 768w, https:\/\/www.mobly.com.br\/blog\/wp-content\/uploads\/2023\/03\/Cama-montessoriana.jpg 1144w\" sizes=\"auto, (max-width: 1024px) 100vw, 1024px\" \/><\/figure>\n\n\n\n<h3 class=\"wp-block-heading\">Pense na distribui\u00e7\u00e3o dos m\u00f3veis<\/h3>\n\n\n\n<p>Em um quarto infantil, \u00e9 muito importante pensar na otimiza\u00e7\u00e3o do espa\u00e7o. Afinal, a crian\u00e7a vai crescer e o ambiente vai ser naturalmente modificado. <\/p>\n\n\n\n<p>Pense em maneiras de usar os m\u00f3veis montessorianos, mas sem atrapalhar a movimenta\u00e7\u00e3o pelo espa\u00e7o. O seu filho deve ter um cantinho para apenas brincar e fazer uma bagun\u00e7a, por exemplo. <\/p>\n\n\n\n<p>Tudo isso vai trazer benef\u00edcios no desenvolvimento da no\u00e7\u00e3o espacial das crian\u00e7as e sua rela\u00e7\u00e3o com capacidades intelectuais e motoras. <\/p>\n\n\n\n<figure class=\"wp-block-image size-large\"><img loading=\"lazy\" decoding=\"async\" width=\"683\" height=\"1024\" src=\"https:\/\/www.mobly.com.br\/blog\/wp-content\/uploads\/2023\/03\/Dicas-para-escolher-moveis-montessorianos-683x1024.jpg\" alt=\"\" class=\"wp-image-20030\" srcset=\"https:\/\/www.mobly.com.br\/blog\/wp-content\/uploads\/2023\/03\/Dicas-para-escolher-moveis-montessorianos-683x1024.jpg 683w, https:\/\/www.mobly.com.br\/blog\/wp-content\/uploads\/2023\/03\/Dicas-para-escolher-moveis-montessorianos-342x512.jpg 342w, https:\/\/www.mobly.com.br\/blog\/wp-content\/uploads\/2023\/03\/Dicas-para-escolher-moveis-montessorianos-768x1151.jpg 768w, https:\/\/www.mobly.com.br\/blog\/wp-content\/uploads\/2023\/03\/Dicas-para-escolher-moveis-montessorianos-1025x1536.jpg 1025w, https:\/\/www.mobly.com.br\/blog\/wp-content\/uploads\/2023\/03\/Dicas-para-escolher-moveis-montessorianos.jpg 1228w\" sizes=\"auto, (max-width: 683px) 100vw, 683px\" \/><\/figure>\n\n\n\n<h3 class=\"wp-block-heading\">Escolha os m\u00f3veis montessorianos e pense no restante da decora\u00e7\u00e3o<\/h3>\n\n\n\n<p>Al\u00e9m dos m\u00f3veis montessorianos, uma dica v\u00e1lida \u00e9 pensar na composi\u00e7\u00e3o de todo o ambiente. <\/p>\n\n\n\n<p>Os m\u00f3veis na altura da crian\u00e7a diminuem as chances do seu filho desenvolver vulnerabilidade, j\u00e1 que os itens n\u00e3o s\u00e3o grandes e assustadores. <\/p>\n\n\n\n<p>Mas, al\u00e9m disso, vale pensar nas tons das paredes, prateleiras, nichos organizadores e outros elementos que estimulem a mulecada. <a href=\"https:\/\/www.mobly.com.br\/blog\/inspiracoes\/cores-neutras\/\">Cores neutras<\/a>, por exemplo, deixam o ambiente mais calmo e influenciam na qualidade do sono. <\/p>\n\n\n\n<figure class=\"wp-block-image size-large\"><img loading=\"lazy\" decoding=\"async\" width=\"1024\" height=\"659\" src=\"https:\/\/www.mobly.com.br\/blog\/wp-content\/uploads\/2023\/03\/Metodologia-montessoriana-dicas-para-escolher-moveis-montessorianos-1024x659.jpg\" alt=\"\" class=\"wp-image-20031\" srcset=\"https:\/\/www.mobly.com.br\/blog\/wp-content\/uploads\/2023\/03\/Metodologia-montessoriana-dicas-para-escolher-moveis-montessorianos-1024x659.jpg 1024w, https:\/\/www.mobly.com.br\/blog\/wp-content\/uploads\/2023\/03\/Metodologia-montessoriana-dicas-para-escolher-moveis-montessorianos-512x329.jpg 512w, https:\/\/www.mobly.com.br\/blog\/wp-content\/uploads\/2023\/03\/Metodologia-montessoriana-dicas-para-escolher-moveis-montessorianos-768x494.jpg 768w, https:\/\/www.mobly.com.br\/blog\/wp-content\/uploads\/2023\/03\/Metodologia-montessoriana-dicas-para-escolher-moveis-montessorianos.jpg 1102w\" sizes=\"auto, (max-width: 1024px) 100vw, 1024px\" \/><\/figure>\n\n\n\n<h3 class=\"wp-block-heading\">Analise o m\u00f3vel montessori que vai ser utilizado na d\u00e9cor<\/h3>\n\n\n\n<p>Uma das \u00faltimas etapas, quando voc\u00ea j\u00e1 estiver comprando os m\u00f3veis montessorianos, \u00e9 analisar as pe\u00e7as. Afinal, \u00e9 a sua crian\u00e7a que vai utilizar. <\/p>\n\n\n\n<p>Al\u00e9m de ser de f\u00e1cil acesso para os baixinhos, os m\u00f3veis n\u00e3o podem ter pontas e quinas para n\u00e3o machucar em caso de quedas. Tamb\u00e9m \u00e9 indispens\u00e1vel evitar tintas at\u00f3xicas. <\/p>\n\n\n\n<p>Todos os m\u00f3veis que comp\u00f5e a metodologia montessoriana precisam ser pensados para dar independ\u00eancia \u00e0s crian\u00e7as, mas sem deixar a seguran\u00e7a de lado. <\/p>\n\n\n\n<figure class=\"wp-block-image size-full\"><img loading=\"lazy\" decoding=\"async\" width=\"788\" height=\"526\" src=\"https:\/\/www.mobly.com.br\/blog\/wp-content\/uploads\/2023\/03\/Como-escolher-moveis-montessorianos.jpg\" alt=\"\" class=\"wp-image-20032\" srcset=\"https:\/\/www.mobly.com.br\/blog\/wp-content\/uploads\/2023\/03\/Como-escolher-moveis-montessorianos.jpg 788w, https:\/\/www.mobly.com.br\/blog\/wp-content\/uploads\/2023\/03\/Como-escolher-moveis-montessorianos-512x342.jpg 512w, https:\/\/www.mobly.com.br\/blog\/wp-content\/uploads\/2023\/03\/Como-escolher-moveis-montessorianos-768x513.jpg 768w\" sizes=\"auto, (max-width: 788px) 100vw, 788px\" \/><\/figure>\n\n\n\n<p>E a\u00ed, curtiu conhecer os <strong>m\u00f3veis montessorianos<\/strong>? Aqui, voc\u00ea encontra diversas dicas de <a href=\"https:\/\/www.mobly.com.br\/blog\/dicas\/decoracao-quarto-infantil\/\">decora\u00e7\u00e3o de quarto infantil,<\/a> al\u00e9m de outras ideias para casa, jardim e constru\u00e7\u00e3o. At\u00e9 a pr\u00f3xima! &lt;3<\/p>\n\n\n\n<p><\/p>\n<button class=\"simplefavorite-button has-count loading\" data-postid=\"20024\" data-siteid=\"1\" data-groupid=\"1\" data-favoritecount=\"0\" style=\"\">Carregando...<span class=\"sf-icon-spinner-wrapper\"><i class=\"sf-icon-spinner\"><\/i><\/span><\/button>","protected":false},"excerpt":{"rendered":"<p>Dicas para escolher m\u00f3veis montessorianos para o quarto do seu filho. <\/p>\n","protected":false},"author":29,"featured_media":20031,"comment_status":"open","ping_status":"open","sticky":false,"template":"","format":"standard","meta":{"extendify_custom_stylesheet":"","_mi_skip_tracking":false,"_monsterinsights_skip_tracking":false,"_monsterinsights_sitenote_active":false,"_monsterinsights_sitenote_note":"","_monsterinsights_sitenote_category":0,"footnotes":""},"categories":[207,49],"tags":[1331,1330,1248],"class_list":["post-20024","post","type-post","status-publish","format-standard","has-post-thumbnail","hentry","category-por-ambientes","category-quarto-infantil","tag-decoracaomontessoriana","tag-montessori","tag-quartoinfantil"],"yoast_head":"<!-- This site is optimized with the Yoast SEO plugin v24.9 - https:\/\/yoast.com\/wordpress\/plugins\/seo\/ -->\n<title>M\u00f3veis Montessorianos: o que s\u00e3o + como escolher | Mobly<\/title>\n<meta name=\"description\" content=\"Conhe\u00e7a a metodologia montessoriana e saiba como montar um quarto infantil com os m\u00f3veis montessorianos certos.\" \/>\n<meta name=\"robots\" content=\"index, follow, max-snippet:-1, max-image-preview:large, max-video-preview:-1\" \/>\n<link rel=\"canonical\" href=\"https:\/\/www.mobly.com.br\/blog\/por-ambientes\/moveis-montessorianos\/\" \/>\n<meta property=\"og:locale\" content=\"pt_BR\" \/>\n<meta property=\"og:type\" content=\"article\" \/>\n<meta property=\"og:title\" content=\"M\u00f3veis Montessorianos: o que s\u00e3o + como escolher | Mobly\" \/>\n<meta property=\"og:description\" content=\"Conhe\u00e7a a metodologia montessoriana e saiba como montar um quarto infantil com os m\u00f3veis montessorianos certos.\" \/>\n<meta property=\"og:url\" content=\"https:\/\/www.mobly.com.br\/blog\/por-ambientes\/moveis-montessorianos\/\" \/>\n<meta property=\"og:site_name\" content=\"Blog da Mobly\" \/>\n<meta property=\"article:published_time\" content=\"2023-03-06T13:46:08+00:00\" \/>\n<meta property=\"article:modified_time\" content=\"2023-03-06T13:46:10+00:00\" \/>\n<meta property=\"og:image\" content=\"https:\/\/www.mobly.com.br\/blog\/wp-content\/uploads\/2023\/03\/Metodologia-montessoriana-dicas-para-escolher-moveis-montessorianos.jpg\" \/>\n\t<meta property=\"og:image:width\" content=\"1102\" \/>\n\t<meta property=\"og:image:height\" content=\"709\" \/>\n\t<meta property=\"og:image:type\" content=\"image\/jpeg\" \/>\n<meta name=\"author\" content=\"Matheus Augusto de Albuquerque\" \/>\n<meta name=\"twitter:card\" content=\"summary_large_image\" \/>\n<meta name=\"twitter:label1\" content=\"Escrito por\" \/>\n\t<meta name=\"twitter:data1\" content=\"Matheus Augusto de Albuquerque\" \/>\n\t<meta name=\"twitter:label2\" content=\"Est. tempo de leitura\" \/>\n\t<meta name=\"twitter:data2\" content=\"6 minutos\" \/>\n<script type=\"application\/ld+json\" class=\"yoast-schema-graph\">{\"@context\":\"https:\/\/schema.org\",\"@graph\":[{\"@type\":\"WebPage\",\"@id\":\"https:\/\/www.mobly.com.br\/blog\/por-ambientes\/moveis-montessorianos\/\",\"url\":\"https:\/\/www.mobly.com.br\/blog\/por-ambientes\/moveis-montessorianos\/\",\"name\":\"M\u00f3veis Montessorianos: o que s\u00e3o + como escolher | Mobly\",\"isPartOf\":{\"@id\":\"https:\/\/www.mobly.com.br\/blog\/#website\"},\"primaryImageOfPage\":{\"@id\":\"https:\/\/www.mobly.com.br\/blog\/por-ambientes\/moveis-montessorianos\/#primaryimage\"},\"image\":{\"@id\":\"https:\/\/www.mobly.com.br\/blog\/por-ambientes\/moveis-montessorianos\/#primaryimage\"},\"thumbnailUrl\":\"https:\/\/www.mobly.com.br\/blog\/wp-content\/uploads\/2023\/03\/Metodologia-montessoriana-dicas-para-escolher-moveis-montessorianos.jpg\",\"datePublished\":\"2023-03-06T13:46:08+00:00\",\"dateModified\":\"2023-03-06T13:46:10+00:00\",\"author\":{\"@id\":\"https:\/\/www.mobly.com.br\/blog\/#\/schema\/person\/ba846b13584e389d8ab81feba400a7f5\"},\"description\":\"Conhe\u00e7a a metodologia montessoriana e saiba como montar um quarto infantil com os m\u00f3veis montessorianos certos.\",\"breadcrumb\":{\"@id\":\"https:\/\/www.mobly.com.br\/blog\/por-ambientes\/moveis-montessorianos\/#breadcrumb\"},\"inLanguage\":\"pt-BR\",\"potentialAction\":[{\"@type\":\"ReadAction\",\"target\":[\"https:\/\/www.mobly.com.br\/blog\/por-ambientes\/moveis-montessorianos\/\"]}]},{\"@type\":\"ImageObject\",\"inLanguage\":\"pt-BR\",\"@id\":\"https:\/\/www.mobly.com.br\/blog\/por-ambientes\/moveis-montessorianos\/#primaryimage\",\"url\":\"https:\/\/www.mobly.com.br\/blog\/wp-content\/uploads\/2023\/03\/Metodologia-montessoriana-dicas-para-escolher-moveis-montessorianos.jpg\",\"contentUrl\":\"https:\/\/www.mobly.com.br\/blog\/wp-content\/uploads\/2023\/03\/Metodologia-montessoriana-dicas-para-escolher-moveis-montessorianos.jpg\",\"width\":1102,\"height\":709},{\"@type\":\"BreadcrumbList\",\"@id\":\"https:\/\/www.mobly.com.br\/blog\/por-ambientes\/moveis-montessorianos\/#breadcrumb\",\"itemListElement\":[{\"@type\":\"ListItem\",\"position\":1,\"name\":\"Home\",\"item\":\"https:\/\/www.mobly.com.br\/blog\/\"},{\"@type\":\"ListItem\",\"position\":2,\"name\":\"Por Ambientes\",\"item\":\"https:\/\/www.mobly.com.br\/blog\/por-ambientes\/\"},{\"@type\":\"ListItem\",\"position\":3,\"name\":\"M\u00f3veis Montessorianos: o que s\u00e3o + como escolher\"}]},{\"@type\":\"WebSite\",\"@id\":\"https:\/\/www.mobly.com.br\/blog\/#website\",\"url\":\"https:\/\/www.mobly.com.br\/blog\/\",\"name\":\"Blog da Mobly\",\"description\":\"Dicas de Decora\u00e7\u00e3o, Inspira\u00e7\u00f5es e Mais\",\"potentialAction\":[{\"@type\":\"SearchAction\",\"target\":{\"@type\":\"EntryPoint\",\"urlTemplate\":\"https:\/\/www.mobly.com.br\/blog\/?s={search_term_string}\"},\"query-input\":{\"@type\":\"PropertyValueSpecification\",\"valueRequired\":true,\"valueName\":\"search_term_string\"}}],\"inLanguage\":\"pt-BR\"},{\"@type\":\"Person\",\"@id\":\"https:\/\/www.mobly.com.br\/blog\/#\/schema\/person\/ba846b13584e389d8ab81feba400a7f5\",\"name\":\"Matheus Augusto de Albuquerque\",\"image\":{\"@type\":\"ImageObject\",\"inLanguage\":\"pt-BR\",\"@id\":\"https:\/\/www.mobly.com.br\/blog\/#\/schema\/person\/image\/\",\"url\":\"https:\/\/secure.gravatar.com\/avatar\/36d94c15f344cc57ec1d2095798b12e2?s=96&d=mm&r=g\",\"contentUrl\":\"https:\/\/secure.gravatar.com\/avatar\/36d94c15f344cc57ec1d2095798b12e2?s=96&d=mm&r=g\",\"caption\":\"Matheus Augusto de Albuquerque\"},\"url\":\"https:\/\/www.mobly.com.br\/blog\/author\/matheus-albuquerque\/\"}]}<\/script>\n<!-- \/ Yoast SEO plugin. -->","yoast_head_json":{"title":"M\u00f3veis Montessorianos: o que s\u00e3o + como escolher | Mobly","description":"Conhe\u00e7a a metodologia montessoriana e saiba como montar um quarto infantil com os m\u00f3veis montessorianos certos.","robots":{"index":"index","follow":"follow","max-snippet":"max-snippet:-1","max-image-preview":"max-image-preview:large","max-video-preview":"max-video-preview:-1"},"canonical":"https:\/\/www.mobly.com.br\/blog\/por-ambientes\/moveis-montessorianos\/","og_locale":"pt_BR","og_type":"article","og_title":"M\u00f3veis Montessorianos: o que s\u00e3o + como escolher | Mobly","og_description":"Conhe\u00e7a a metodologia montessoriana e saiba como montar um quarto infantil com os m\u00f3veis montessorianos certos.","og_url":"https:\/\/www.mobly.com.br\/blog\/por-ambientes\/moveis-montessorianos\/","og_site_name":"Blog da Mobly","article_published_time":"2023-03-06T13:46:08+00:00","article_modified_time":"2023-03-06T13:46:10+00:00","og_image":[{"width":1102,"height":709,"url":"https:\/\/www.mobly.com.br\/blog\/wp-content\/uploads\/2023\/03\/Metodologia-montessoriana-dicas-para-escolher-moveis-montessorianos.jpg","type":"image\/jpeg"}],"author":"Matheus Augusto de Albuquerque","twitter_card":"summary_large_image","twitter_misc":{"Escrito por":"Matheus Augusto de Albuquerque","Est. tempo de leitura":"6 minutos"},"schema":{"@context":"https:\/\/schema.org","@graph":[{"@type":"WebPage","@id":"https:\/\/www.mobly.com.br\/blog\/por-ambientes\/moveis-montessorianos\/","url":"https:\/\/www.mobly.com.br\/blog\/por-ambientes\/moveis-montessorianos\/","name":"M\u00f3veis Montessorianos: o que s\u00e3o + como escolher | Mobly","isPartOf":{"@id":"https:\/\/www.mobly.com.br\/blog\/#website"},"primaryImageOfPage":{"@id":"https:\/\/www.mobly.com.br\/blog\/por-ambientes\/moveis-montessorianos\/#primaryimage"},"image":{"@id":"https:\/\/www.mobly.com.br\/blog\/por-ambientes\/moveis-montessorianos\/#primaryimage"},"thumbnailUrl":"https:\/\/www.mobly.com.br\/blog\/wp-content\/uploads\/2023\/03\/Metodologia-montessoriana-dicas-para-escolher-moveis-montessorianos.jpg","datePublished":"2023-03-06T13:46:08+00:00","dateModified":"2023-03-06T13:46:10+00:00","author":{"@id":"https:\/\/www.mobly.com.br\/blog\/#\/schema\/person\/ba846b13584e389d8ab81feba400a7f5"},"description":"Conhe\u00e7a a metodologia montessoriana e saiba como montar um quarto infantil com os m\u00f3veis montessorianos certos.","breadcrumb":{"@id":"https:\/\/www.mobly.com.br\/blog\/por-ambientes\/moveis-montessorianos\/#breadcrumb"},"inLanguage":"pt-BR","potentialAction":[{"@type":"ReadAction","target":["https:\/\/www.mobly.com.br\/blog\/por-ambientes\/moveis-montessorianos\/"]}]},{"@type":"ImageObject","inLanguage":"pt-BR","@id":"https:\/\/www.mobly.com.br\/blog\/por-ambientes\/moveis-montessorianos\/#primaryimage","url":"https:\/\/www.mobly.com.br\/blog\/wp-content\/uploads\/2023\/03\/Metodologia-montessoriana-dicas-para-escolher-moveis-montessorianos.jpg","contentUrl":"https:\/\/www.mobly.com.br\/blog\/wp-content\/uploads\/2023\/03\/Metodologia-montessoriana-dicas-para-escolher-moveis-montessorianos.jpg","width":1102,"height":709},{"@type":"BreadcrumbList","@id":"https:\/\/www.mobly.com.br\/blog\/por-ambientes\/moveis-montessorianos\/#breadcrumb","itemListElement":[{"@type":"ListItem","position":1,"name":"Home","item":"https:\/\/www.mobly.com.br\/blog\/"},{"@type":"ListItem","position":2,"name":"Por Ambientes","item":"https:\/\/www.mobly.com.br\/blog\/por-ambientes\/"},{"@type":"ListItem","position":3,"name":"M\u00f3veis Montessorianos: o que s\u00e3o + como escolher"}]},{"@type":"WebSite","@id":"https:\/\/www.mobly.com.br\/blog\/#website","url":"https:\/\/www.mobly.com.br\/blog\/","name":"Blog da Mobly","description":"Dicas de Decora\u00e7\u00e3o, Inspira\u00e7\u00f5es e Mais","potentialAction":[{"@type":"SearchAction","target":{"@type":"EntryPoint","urlTemplate":"https:\/\/www.mobly.com.br\/blog\/?s={search_term_string}"},"query-input":{"@type":"PropertyValueSpecification","valueRequired":true,"valueName":"search_term_string"}}],"inLanguage":"pt-BR"},{"@type":"Person","@id":"https:\/\/www.mobly.com.br\/blog\/#\/schema\/person\/ba846b13584e389d8ab81feba400a7f5","name":"Matheus Augusto de Albuquerque","image":{"@type":"ImageObject","inLanguage":"pt-BR","@id":"https:\/\/www.mobly.com.br\/blog\/#\/schema\/person\/image\/","url":"https:\/\/secure.gravatar.com\/avatar\/36d94c15f344cc57ec1d2095798b12e2?s=96&d=mm&r=g","contentUrl":"https:\/\/secure.gravatar.com\/avatar\/36d94c15f344cc57ec1d2095798b12e2?s=96&d=mm&r=g","caption":"Matheus Augusto de Albuquerque"},"url":"https:\/\/www.mobly.com.br\/blog\/author\/matheus-albuquerque\/"}]}},"_links":{"self":[{"href":"https:\/\/www.mobly.com.br\/blog\/wp-json\/wp\/v2\/posts\/20024","targetHints":{"allow":["GET"]}}],"collection":[{"href":"https:\/\/www.mobly.com.br\/blog\/wp-json\/wp\/v2\/posts"}],"about":[{"href":"https:\/\/www.mobly.com.br\/blog\/wp-json\/wp\/v2\/types\/post"}],"author":[{"embeddable":true,"href":"https:\/\/www.mobly.com.br\/blog\/wp-json\/wp\/v2\/users\/29"}],"replies":[{"embeddable":true,"href":"https:\/\/www.mobly.com.br\/blog\/wp-json\/wp\/v2\/comments?post=20024"}],"version-history":[{"count":2,"href":"https:\/\/www.mobly.com.br\/blog\/wp-json\/wp\/v2\/posts\/20024\/revisions"}],"predecessor-version":[{"id":20036,"href":"https:\/\/www.mobly.com.br\/blog\/wp-json\/wp\/v2\/posts\/20024\/revisions\/20036"}],"wp:featuredmedia":[{"embeddable":true,"href":"https:\/\/www.mobly.com.br\/blog\/wp-json\/wp\/v2\/media\/20031"}],"wp:attachment":[{"href":"https:\/\/www.mobly.com.br\/blog\/wp-json\/wp\/v2\/media?parent=20024"}],"wp:term":[{"taxonomy":"category","embeddable":true,"href":"https:\/\/www.mobly.com.br\/blog\/wp-json\/wp\/v2\/categories?post=20024"},{"taxonomy":"post_tag","embeddable":true,"href":"https:\/\/www.mobly.com.br\/blog\/wp-json\/wp\/v2\/tags?post=20024"}],"curies":[{"name":"wp","href":"https:\/\/api.w.org\/{rel}","templated":true}]}}