{"id":19790,"date":"2022-11-28T10:33:45","date_gmt":"2022-11-28T13:33:45","guid":{"rendered":"https:\/\/www.mobly.com.br\/blog\/?p=19790"},"modified":"2025-06-27T10:07:10","modified_gmt":"2025-06-27T13:07:10","slug":"mini-escritorio","status":"publish","type":"post","link":"https:\/\/www.mobly.com.br\/blog\/por-ambientes\/mini-escritorio\/","title":{"rendered":"Mini escrit\u00f3rio: 5 dicas para adaptar o espa\u00e7o"},"content":{"rendered":"\n<p>Se voc\u00ea tem um espa\u00e7o reservado somente para o escrit\u00f3rio na sua casa, voc\u00ea \u00e9 privilegiado, sim! A verdade \u00e9 que, desde mar\u00e7o de 2020, a grande maioria de n\u00f3s est\u00e1 se virando como pode, transformando outros ambientes de nossas casas em um <strong>mini escrit\u00f3rio<\/strong>, seja um quarto, uma sala de estar, de jantar ou mesmo um corredor ou varanda.&nbsp;<\/p>\n\n\n\n<p>Uma das grandes vantagens de estarmos vivendo nessa era digital \u00e9 que n\u00e3o precisamos mais de longas horas de deslocamento para trabalhar, concluir tarefas, atingir metas, e nos comunicar com outros membros de nossas equipes. Por outro lado, montar um home office pequeno nem sempre \u00e9 f\u00e1cil, especialmente se voc\u00ea divide o mesmo teto com crian\u00e7as ou familiares.&nbsp;<\/p>\n\n\n\n<p>E se a sua vida profissional ainda est\u00e1 meio de cabe\u00e7a para baixo por conta da falta de espa\u00e7o, n\u00f3s podemos te ajudar.&nbsp;<\/p>\n\n\n\n<p>Planejamento, criatividade e um pouquinho de organiza\u00e7\u00e3o dever\u00e3o ser o bastante para adaptar diversos espa\u00e7os na sua resid\u00eancia (ainda que seja uma <a href=\"https:\/\/www.mobly.com.br\/blog\/dicas\/otimizacao-espacos-casa\/\">casa pequena<\/a>) e criar um mini escrit\u00f3rio funcional. Siga essas cinco dicas e descubra itens valiosos para mais produtividade e comodidade dentro da zona de conforto do seu mini escrit\u00f3rio.&nbsp;<\/p>\n\n\n\n<figure class=\"wp-block-image size-large\"><img loading=\"lazy\" decoding=\"async\" width=\"1024\" height=\"683\" src=\"https:\/\/www.mobly.com.br\/blog\/wp-content\/uploads\/2022\/11\/Mini-escritorio-1024x683.jpg\" alt=\"mini escritorio industrial\" class=\"wp-image-19799\" srcset=\"https:\/\/www.mobly.com.br\/blog\/wp-content\/uploads\/2022\/11\/Mini-escritorio-1024x683.jpg 1024w, https:\/\/www.mobly.com.br\/blog\/wp-content\/uploads\/2022\/11\/Mini-escritorio-512x342.jpg 512w, https:\/\/www.mobly.com.br\/blog\/wp-content\/uploads\/2022\/11\/Mini-escritorio-768x512.jpg 768w, https:\/\/www.mobly.com.br\/blog\/wp-content\/uploads\/2022\/11\/Mini-escritorio.jpg 1298w\" sizes=\"auto, (max-width: 1024px) 100vw, 1024px\" \/><\/figure>\n\n\n\n<p><\/p>\n\n\n\n<h2 class=\"wp-block-heading\">#1 &#8211; Onde vai ser? (ou o local perfeito)<\/h2>\n\n\n\n<p>D\u00ea uma olhada ao seu redor. Aonde \u00e9 que voc\u00ea instalou ou ainda vai instalar o seu mini escrit\u00f3rio? Essa pergunta \u00e9 muito importante, afinal voc\u00ea precisa de concentra\u00e7\u00e3o para realizar a sua atividade.&nbsp;<\/p>\n\n\n\n<p>Por isso, \u00e9 indispens\u00e1vel que voc\u00ea escolha um lugar silencioso e onde ter\u00e1 o m\u00ednimo poss\u00edvel de interrup\u00e7\u00f5es. <\/p>\n\n\n\n<p>O ideal \u00e9 n\u00e3o utilizar um espa\u00e7o que os seus familiares usem o tempo todo \u2013 a \u00faltima coisa que voc\u00ea quer s\u00e3o crian\u00e7as correndo e gritando durante uma <em>call<\/em> importante com seu chefe ou, pior, com o cliente.&nbsp;<\/p>\n\n\n\n<figure class=\"wp-block-gallery has-nested-images columns-default is-cropped wp-block-gallery-1 is-layout-flex wp-block-gallery-is-layout-flex\">\n<figure class=\"wp-block-image\"><img loading=\"lazy\" decoding=\"async\" width=\"1709\" height=\"2560\" data-id=\"19797\" src=\"https:\/\/www.mobly.com.br\/blog\/wp-content\/uploads\/2022\/11\/Mini-escritorio-no-quarto-scaled.jpg\" alt=\"mini escritorio regional\" class=\"wp-image-19797\" srcset=\"https:\/\/www.mobly.com.br\/blog\/wp-content\/uploads\/2022\/11\/Mini-escritorio-no-quarto-scaled.jpg 1709w, https:\/\/www.mobly.com.br\/blog\/wp-content\/uploads\/2022\/11\/Mini-escritorio-no-quarto-342x512.jpg 342w, https:\/\/www.mobly.com.br\/blog\/wp-content\/uploads\/2022\/11\/Mini-escritorio-no-quarto-683x1024.jpg 683w, https:\/\/www.mobly.com.br\/blog\/wp-content\/uploads\/2022\/11\/Mini-escritorio-no-quarto-768x1151.jpg 768w, https:\/\/www.mobly.com.br\/blog\/wp-content\/uploads\/2022\/11\/Mini-escritorio-no-quarto-1025x1536.jpg 1025w, https:\/\/www.mobly.com.br\/blog\/wp-content\/uploads\/2022\/11\/Mini-escritorio-no-quarto-1367x2048.jpg 1367w\" sizes=\"auto, (max-width: 1709px) 100vw, 1709px\" \/><\/figure>\n\n\n\n<figure class=\"wp-block-image\"><img loading=\"lazy\" decoding=\"async\" width=\"1707\" height=\"2560\" data-id=\"19795\" src=\"https:\/\/www.mobly.com.br\/blog\/wp-content\/uploads\/2022\/11\/Mini-escritorio-home-office-scaled.jpg\" alt=\"mini escritorio retro\" class=\"wp-image-19795\" srcset=\"https:\/\/www.mobly.com.br\/blog\/wp-content\/uploads\/2022\/11\/Mini-escritorio-home-office-scaled.jpg 1707w, https:\/\/www.mobly.com.br\/blog\/wp-content\/uploads\/2022\/11\/Mini-escritorio-home-office-341x512.jpg 341w, https:\/\/www.mobly.com.br\/blog\/wp-content\/uploads\/2022\/11\/Mini-escritorio-home-office-683x1024.jpg 683w, https:\/\/www.mobly.com.br\/blog\/wp-content\/uploads\/2022\/11\/Mini-escritorio-home-office-768x1152.jpg 768w, https:\/\/www.mobly.com.br\/blog\/wp-content\/uploads\/2022\/11\/Mini-escritorio-home-office-1024x1536.jpg 1024w, https:\/\/www.mobly.com.br\/blog\/wp-content\/uploads\/2022\/11\/Mini-escritorio-home-office-1365x2048.jpg 1365w\" sizes=\"auto, (max-width: 1707px) 100vw, 1707px\" \/><\/figure>\n<\/figure>\n\n\n\n<p><\/p>\n\n\n\n<p>Estabele\u00e7a limites e acomode seu mini escrit\u00f3rio em um espa\u00e7o separado da fam\u00edlia. Ser\u00e1 mais saud\u00e1vel para voc\u00ea e para eles. Isso significa evitar colocar seu notebook no meio da mesa da sala ou na mesa da cozinha (se voc\u00ea fizer isso e acabar se irritando com as pessoas que moram com voc\u00ea, a responsabilidade ser\u00e1 sua ou deles?).<\/p>\n\n\n\n<p>Se voc\u00ea tem o privil\u00e9gio de morar numa casa com um quartinho da bagun\u00e7a ou um closet, essas s\u00e3o excelentes op\u00e7\u00f5es para uma adapta\u00e7\u00e3o. N\u00e3o sendo esse o caso, \u00e9 poss\u00edvel inserir uma tela divis\u00f3ria em um dos ambientes da casa, como a sala de estar ou de jantar, para marcar o territ\u00f3rio de trabalho.&nbsp;<\/p>\n\n\n\n<figure class=\"wp-block-gallery has-nested-images columns-default is-cropped wp-block-gallery-2 is-layout-flex wp-block-gallery-is-layout-flex\">\n<figure class=\"wp-block-image size-large\"><img loading=\"lazy\" decoding=\"async\" width=\"1024\" height=\"756\" data-id=\"19793\" src=\"https:\/\/www.mobly.com.br\/blog\/wp-content\/uploads\/2022\/11\/Escritorio-simples-e-barato-1024x756.jpg\" alt=\"mini escritorio gamer\" class=\"wp-image-19793\" srcset=\"https:\/\/www.mobly.com.br\/blog\/wp-content\/uploads\/2022\/11\/Escritorio-simples-e-barato-1024x756.jpg 1024w, https:\/\/www.mobly.com.br\/blog\/wp-content\/uploads\/2022\/11\/Escritorio-simples-e-barato-512x378.jpg 512w, https:\/\/www.mobly.com.br\/blog\/wp-content\/uploads\/2022\/11\/Escritorio-simples-e-barato-768x567.jpg 768w, https:\/\/www.mobly.com.br\/blog\/wp-content\/uploads\/2022\/11\/Escritorio-simples-e-barato-1536x1134.jpg 1536w, https:\/\/www.mobly.com.br\/blog\/wp-content\/uploads\/2022\/11\/Escritorio-simples-e-barato-2048x1512.jpg 2048w\" sizes=\"auto, (max-width: 1024px) 100vw, 1024px\" \/><\/figure>\n<\/figure>\n\n\n\n<p><\/p>\n\n\n\n<h2 class=\"wp-block-heading\">#2 &#8211; Mini escrit\u00f3rio no corredor<\/h2>\n\n\n\n<p>At\u00e9 ontem esse espa\u00e7o era somente um ponto de entrada e sa\u00edda da casa ou dos c\u00f4modos. Mas &#8211; adivinha s\u00f3 \u2013 hoje, o corredor pode se tornar seu novo mini escrit\u00f3rio. Existem designs de <a href=\"https:\/\/www.mobly.com.br\/moveis\/escrivaninhas?utm_source=blog&amp;utm_medium=link&amp;utm_campaign=post_Inspiracoes_NA_mini-escritorio\">escrivaninhas<\/a> suspensas que podem otimizar e muito o corredor.<\/p>\n\n\n\n<p>Quando n\u00e3o estiver sendo usada, a escrivaninha pode ser dobrada e guardada \u2013 algumas podendo inclusive ser convertidas em prateleiras para livros, plantas ou itens de decora\u00e7\u00e3o.&nbsp;<\/p>\n\n\n\n<figure class=\"wp-block-image size-large\"><img loading=\"lazy\" decoding=\"async\" width=\"1024\" height=\"683\" src=\"https:\/\/www.mobly.com.br\/blog\/wp-content\/uploads\/2022\/11\/Moveis-para-mini-escritorio-1024x683.jpg\" alt=\"mini escritorio no corredor\" class=\"wp-image-19800\" srcset=\"https:\/\/www.mobly.com.br\/blog\/wp-content\/uploads\/2022\/11\/Moveis-para-mini-escritorio-1024x683.jpg 1024w, https:\/\/www.mobly.com.br\/blog\/wp-content\/uploads\/2022\/11\/Moveis-para-mini-escritorio-512x341.jpg 512w, https:\/\/www.mobly.com.br\/blog\/wp-content\/uploads\/2022\/11\/Moveis-para-mini-escritorio-768x512.jpg 768w, https:\/\/www.mobly.com.br\/blog\/wp-content\/uploads\/2022\/11\/Moveis-para-mini-escritorio-1536x1024.jpg 1536w, https:\/\/www.mobly.com.br\/blog\/wp-content\/uploads\/2022\/11\/Moveis-para-mini-escritorio-2048x1366.jpg 2048w\" sizes=\"auto, (max-width: 1024px) 100vw, 1024px\" \/><\/figure>\n\n\n\n<p><\/p>\n\n\n\n<h2 class=\"wp-block-heading\">#3 &#8211; A sua mesa<\/h2>\n\n\n\n<p>Esse \u00e9, possivelmente, o m\u00f3vel mais importante que voc\u00ea vai precisar. Por\u00e9m, o tamanho e estilo v\u00e3o depender do quanto de espa\u00e7o voc\u00ea tem dispon\u00edvel. Concentre-se em modelos que possibilitem a maximiza\u00e7\u00e3o da \u00e1rea, com prateleiras, gavetas e compartimentos.&nbsp;<\/p>\n\n\n\n<p>Escrivaninhas em \u201cL\u201d tamb\u00e9m s\u00e3o op\u00e7\u00f5es interessantes, j\u00e1 que podem ser encaixadas em um canto para um mini escrit\u00f3rio no quarto de casal. A escrivaninha flutuante da dica anterior volta novamente como uma escolha formid\u00e1vel, j\u00e1 que abre espa\u00e7o no ch\u00e3o.&nbsp;<\/p>\n\n\n\n<p>Voc\u00ea pode investir numa pe\u00e7a minimalista, ou transformar uma mesa, balc\u00e3o ou superf\u00edcie plana que voc\u00ea j\u00e1 tem a disposi\u00e7\u00e3o em casa na sua mesa de escrit\u00f3rio. Entenda o que funciona para voc\u00ea nesse momento da sua vida. S\u00f3 n\u00e3o esque\u00e7a de levar em considera\u00e7\u00e3o a dica 1.&nbsp;<\/p>\n\n\n\n<figure class=\"wp-block-image size-large\"><img loading=\"lazy\" decoding=\"async\" width=\"868\" height=\"1024\" src=\"https:\/\/www.mobly.com.br\/blog\/wp-content\/uploads\/2022\/11\/Mini-escritorio-na-sala-868x1024.jpg\" alt=\"mini escritorio industrial na sala\" class=\"wp-image-19796\" srcset=\"https:\/\/www.mobly.com.br\/blog\/wp-content\/uploads\/2022\/11\/Mini-escritorio-na-sala-868x1024.jpg 868w, https:\/\/www.mobly.com.br\/blog\/wp-content\/uploads\/2022\/11\/Mini-escritorio-na-sala-434x512.jpg 434w, https:\/\/www.mobly.com.br\/blog\/wp-content\/uploads\/2022\/11\/Mini-escritorio-na-sala-768x906.jpg 768w, https:\/\/www.mobly.com.br\/blog\/wp-content\/uploads\/2022\/11\/Mini-escritorio-na-sala-1302x1536.jpg 1302w, https:\/\/www.mobly.com.br\/blog\/wp-content\/uploads\/2022\/11\/Mini-escritorio-na-sala-1736x2048.jpg 1736w\" sizes=\"auto, (max-width: 868px) 100vw, 868px\" \/><\/figure>\n\n\n\n<p><\/p>\n\n\n\n<h2 class=\"wp-block-heading\">#4 &#8211; Escrit\u00f3rio pequeno moderno<\/h2>\n\n\n\n<p>Quando eu penso no t\u00edtulo do item 4 \u2013 <a href=\"https:\/\/www.mobly.com.br\/blog\/dicas\/escritorio-pequeno\/\">escrit\u00f3rio pequeno<\/a> moderno -, o que me vem \u00e0 mente s\u00e3o aqueles espa\u00e7os de <em>coworking<\/em> com designs super bonitos e funcionais. <\/p>\n\n\n\n<p>Por que n\u00e3o se inspirar nesses locais para criar o seu pr\u00f3prio mini escrit\u00f3rio?! Afinal, seu escrit\u00f3rio \u00e9 pequeno, mas merece dedica\u00e7\u00e3o para ser o mais bonito e pr\u00e1tico poss\u00edvel.&nbsp;<\/p>\n\n\n\n<p>Invista em m\u00f3veis com design multiuso para sempre ter aquele espacinho extra para armazenamento das suas coisas e traga seu <em>mindset<\/em> para o vertical, investindo em prateleiras, que v\u00e3o dar ainda mais possibilidades de dep\u00f3sito.&nbsp;<\/p>\n\n\n\n<figure class=\"wp-block-gallery has-nested-images columns-default is-cropped wp-block-gallery-3 is-layout-flex wp-block-gallery-is-layout-flex\">\n<figure class=\"wp-block-image\"><img loading=\"lazy\" decoding=\"async\" width=\"1707\" height=\"2560\" data-id=\"19794\" src=\"https:\/\/www.mobly.com.br\/blog\/wp-content\/uploads\/2022\/11\/Mini-escritorio-em-apartamento-scaled.jpg\" alt=\"mini escritorio no apartamento\" class=\"wp-image-19794\" srcset=\"https:\/\/www.mobly.com.br\/blog\/wp-content\/uploads\/2022\/11\/Mini-escritorio-em-apartamento-scaled.jpg 1707w, https:\/\/www.mobly.com.br\/blog\/wp-content\/uploads\/2022\/11\/Mini-escritorio-em-apartamento-341x512.jpg 341w, https:\/\/www.mobly.com.br\/blog\/wp-content\/uploads\/2022\/11\/Mini-escritorio-em-apartamento-683x1024.jpg 683w, https:\/\/www.mobly.com.br\/blog\/wp-content\/uploads\/2022\/11\/Mini-escritorio-em-apartamento-768x1152.jpg 768w, https:\/\/www.mobly.com.br\/blog\/wp-content\/uploads\/2022\/11\/Mini-escritorio-em-apartamento-1024x1536.jpg 1024w, https:\/\/www.mobly.com.br\/blog\/wp-content\/uploads\/2022\/11\/Mini-escritorio-em-apartamento-1365x2048.jpg 1365w\" sizes=\"auto, (max-width: 1707px) 100vw, 1707px\" \/><\/figure>\n\n\n\n<figure class=\"wp-block-image\"><img loading=\"lazy\" decoding=\"async\" width=\"1709\" height=\"2560\" data-id=\"19792\" src=\"https:\/\/www.mobly.com.br\/blog\/wp-content\/uploads\/2022\/11\/Dicas-para-um-mini-escritorio-scaled.jpg\" alt=\"mini escritorio minimalista\" class=\"wp-image-19792\" srcset=\"https:\/\/www.mobly.com.br\/blog\/wp-content\/uploads\/2022\/11\/Dicas-para-um-mini-escritorio-scaled.jpg 1709w, https:\/\/www.mobly.com.br\/blog\/wp-content\/uploads\/2022\/11\/Dicas-para-um-mini-escritorio-342x512.jpg 342w, https:\/\/www.mobly.com.br\/blog\/wp-content\/uploads\/2022\/11\/Dicas-para-um-mini-escritorio-683x1024.jpg 683w, https:\/\/www.mobly.com.br\/blog\/wp-content\/uploads\/2022\/11\/Dicas-para-um-mini-escritorio-768x1151.jpg 768w, https:\/\/www.mobly.com.br\/blog\/wp-content\/uploads\/2022\/11\/Dicas-para-um-mini-escritorio-1025x1536.jpg 1025w, https:\/\/www.mobly.com.br\/blog\/wp-content\/uploads\/2022\/11\/Dicas-para-um-mini-escritorio-1367x2048.jpg 1367w\" sizes=\"auto, (max-width: 1709px) 100vw, 1709px\" \/><\/figure>\n<\/figure>\n\n\n\n<p><\/p>\n\n\n\n<p>N\u00e3o esque\u00e7a de decorar o seu escrit\u00f3rio combinando-o com as cores e elementos desse outro ambiente em que ele est\u00e1 se inserindo, como a sala de estar ou o quarto. <\/p>\n\n\n\n<p>Invista em <a href=\"https:\/\/www.mobly.com.br\/blog\/inspiracoes\/tons-pasteis\/\">tons pasteis<\/a>, para um ambiente mais relaxante e menos propenso \u00e0 ansiedade. E n\u00e3o se esque\u00e7a das plantas, que, paradoxalmente, d\u00e3o um toque super moderno, al\u00e9m de criar um ambiente mais aconchegante e saud\u00e1vel. Elas criam uma atmosfera de bem-estar, especialmente depois de muitas horas de estresse na frente de uma tela.&nbsp;<\/p>\n\n\n\n<h2 class=\"wp-block-heading\">#5 &#8211; Como montar um escrit\u00f3rio no quarto?<\/h2>\n\n\n\n<p>O escrit\u00f3rio no quarto \u00e9 uma faca de dois gumes. <\/p>\n\n\n\n<p>Por um lado, \u00e9 o ambiente perfeito, j\u00e1 que ele tem pouca circula\u00e7\u00e3o de pessoas, pouco barulho e quase nenhuma distra\u00e7\u00e3o. Por outro lado, \u00e9 importante que o seu espa\u00e7o de trabalho e de descanso estejam bem apartados para que um n\u00e3o interfira no outro. Por isso, pelo bem da sua sa\u00fade mental, se montar um mini escrit\u00f3rio no quarto \u00e9 a sua op\u00e7\u00e3o atual, certifique-se de ter muita disciplina e hor\u00e1rios claros de in\u00edcio e fim das atividades da empresa.&nbsp;<\/p>\n\n\n\n<p>Voc\u00ea vai precisar de uma mesa que n\u00e3o tome muito espa\u00e7o e, principalmente, de uma <a href=\"https:\/\/www.mobly.com.br\/moveis\/cadeiras-escritorio?utm_source=blog&amp;utm_medium=link&amp;utm_campaign=post_Inspiracoes_NA_mini-escritorio\">cadeira confort\u00e1vel<\/a> \u2013 e isso, voc\u00ea ir\u00e1 descobrir com o tempo (e com as dores nas costas), n\u00e3o \u00e9 negoci\u00e1vel.<\/p>\n\n\n\n<figure class=\"wp-block-image size-large\"><img loading=\"lazy\" decoding=\"async\" width=\"1024\" height=\"683\" src=\"https:\/\/www.mobly.com.br\/blog\/wp-content\/uploads\/2022\/11\/Mini-escritorio-planejado-1024x683.jpg\" alt=\"mini escrit\u00f3rio planejado\" class=\"wp-image-19798\" srcset=\"https:\/\/www.mobly.com.br\/blog\/wp-content\/uploads\/2022\/11\/Mini-escritorio-planejado-1024x683.jpg 1024w, https:\/\/www.mobly.com.br\/blog\/wp-content\/uploads\/2022\/11\/Mini-escritorio-planejado-512x341.jpg 512w, https:\/\/www.mobly.com.br\/blog\/wp-content\/uploads\/2022\/11\/Mini-escritorio-planejado-768x512.jpg 768w, https:\/\/www.mobly.com.br\/blog\/wp-content\/uploads\/2022\/11\/Mini-escritorio-planejado-1536x1024.jpg 1536w, https:\/\/www.mobly.com.br\/blog\/wp-content\/uploads\/2022\/11\/Mini-escritorio-planejado-2048x1365.jpg 2048w\" sizes=\"auto, (max-width: 1024px) 100vw, 1024px\" \/><\/figure>\n\n\n\n<p><\/p>\n\n\n\n<p>Em seguida, certifique-se de escolher um local com ilumina\u00e7\u00e3o apropriada, de prefer\u00eancia de uma fonte de luz natural, como uma janela ou pr\u00f3ximo \u00e0 porta da sacada. Para a luz artificial, tenha um abajur de mesa para dar apoio \u00e0 luz do teto, de modo que, em dias escuros ou depois do p\u00f4r do sol, sua vista n\u00e3o fique cansada.&nbsp;<\/p>\n\n\n\n<p>Se voc\u00ea tem um quarto de h\u00f3spedes, repense sua utiliza\u00e7\u00e3o para acomodar seu mini escrit\u00f3rio \u2013 afinal, dificilmente voc\u00ea ter\u00e1 h\u00f3spedes em casa 365 dias por ano (admita, a maior parte do tempo, \u00e9 s\u00f3 um local onde voc\u00ea larga a roupa limpa depois de tirar do varal). <\/p>\n\n\n\n<p>Sof\u00e1-cama e outros m\u00f3veis multiuso ir\u00e3o transformar esse cantinho em um local de trabalho funcional al\u00e9m de um espa\u00e7o confort\u00e1vel para abrigar amigos e familiares quando necess\u00e1rio. Adicione um minibar e crie uma mini copa para seu escrit\u00f3rio (e um lugar que voc\u00ea nunca mais precisar\u00e1 sair).&nbsp;<\/p>\n\n\n\n<figure class=\"wp-block-image size-large\"><img loading=\"lazy\" decoding=\"async\" width=\"1024\" height=\"664\" src=\"https:\/\/www.mobly.com.br\/blog\/wp-content\/uploads\/2022\/11\/Como-otimizar-um-mini-escritorio-1024x664.jpg\" alt=\"Como otimizar um mini escrit\u00f3rio\" class=\"wp-image-19803\" srcset=\"https:\/\/www.mobly.com.br\/blog\/wp-content\/uploads\/2022\/11\/Como-otimizar-um-mini-escritorio-1024x664.jpg 1024w, https:\/\/www.mobly.com.br\/blog\/wp-content\/uploads\/2022\/11\/Como-otimizar-um-mini-escritorio-512x332.jpg 512w, https:\/\/www.mobly.com.br\/blog\/wp-content\/uploads\/2022\/11\/Como-otimizar-um-mini-escritorio-768x498.jpg 768w, https:\/\/www.mobly.com.br\/blog\/wp-content\/uploads\/2022\/11\/Como-otimizar-um-mini-escritorio-1536x996.jpg 1536w, https:\/\/www.mobly.com.br\/blog\/wp-content\/uploads\/2022\/11\/Como-otimizar-um-mini-escritorio-2048x1328.jpg 2048w\" sizes=\"auto, (max-width: 1024px) 100vw, 1024px\" \/><\/figure>\n\n\n\n<p><\/p>\n\n\n\n<p>Esperamos que tenham gostado das dicas e invistam na montagem do seu <strong>mini escrit\u00f3rio<\/strong>. Se voc\u00ea j\u00e1 tem um, conte para gente nos coment\u00e1rios algumas dicas de como voc\u00ea deixou esse ambiente funcional apesar do espa\u00e7o restrito.&nbsp;<\/p>\n<button class=\"simplefavorite-button has-count loading\" data-postid=\"19790\" data-siteid=\"1\" data-groupid=\"1\" data-favoritecount=\"0\" style=\"\">Carregando...<span class=\"sf-icon-spinner-wrapper\"><i class=\"sf-icon-spinner\"><\/i><\/span><\/button>","protected":false},"excerpt":{"rendered":"<p>Dicas para montar um mini escrit\u00f3rio em casa!<\/p>\n","protected":false},"author":28,"featured_media":19799,"comment_status":"closed","ping_status":"open","sticky":false,"template":"","format":"standard","meta":{"extendify_custom_stylesheet":"","_mi_skip_tracking":false,"_monsterinsights_skip_tracking":false,"_monsterinsights_sitenote_active":false,"_monsterinsights_sitenote_note":"","_monsterinsights_sitenote_category":0,"footnotes":""},"categories":[50,207],"tags":[1295,1310,1309],"class_list":["post-19790","post","type-post","status-publish","format-standard","has-post-thumbnail","hentry","category-escritorio","category-por-ambientes","tag-escritoriopequno","tag-homeoffice-2","tag-miniescritorio"],"yoast_head":"<!-- This site is optimized with the Yoast SEO plugin v24.9 - https:\/\/yoast.com\/wordpress\/plugins\/seo\/ -->\n<title>Mini escrit\u00f3rio: 5 dicas para adaptar o espa\u00e7o<\/title>\n<meta name=\"description\" content=\"Siga essas cinco dicas de mini escrit\u00f3rio e descubra itens valiosos para mais produtividade e comodidade em casa.\" \/>\n<meta name=\"robots\" content=\"index, follow, max-snippet:-1, max-image-preview:large, max-video-preview:-1\" \/>\n<link rel=\"canonical\" href=\"https:\/\/www.mobly.com.br\/blog\/por-ambientes\/mini-escritorio\/\" \/>\n<meta property=\"og:locale\" content=\"pt_BR\" \/>\n<meta property=\"og:type\" content=\"article\" \/>\n<meta property=\"og:title\" content=\"Mini escrit\u00f3rio: 5 dicas para adaptar o espa\u00e7o\" \/>\n<meta property=\"og:description\" content=\"Siga essas cinco dicas de mini escrit\u00f3rio e descubra itens valiosos para mais produtividade e comodidade em casa.\" \/>\n<meta property=\"og:url\" content=\"https:\/\/www.mobly.com.br\/blog\/por-ambientes\/mini-escritorio\/\" \/>\n<meta property=\"og:site_name\" content=\"Blog da Mobly\" \/>\n<meta property=\"article:published_time\" content=\"2022-11-28T13:33:45+00:00\" \/>\n<meta property=\"article:modified_time\" content=\"2025-06-27T13:07:10+00:00\" \/>\n<meta property=\"og:image\" content=\"https:\/\/www.mobly.com.br\/blog\/wp-content\/uploads\/2022\/11\/Mini-escritorio.jpg\" \/>\n\t<meta property=\"og:image:width\" content=\"1298\" \/>\n\t<meta property=\"og:image:height\" content=\"866\" \/>\n\t<meta property=\"og:image:type\" content=\"image\/jpeg\" \/>\n<meta name=\"author\" content=\"Jo\u00e3o Pedro Bueno Pinheiro de Andrade\" \/>\n<meta name=\"twitter:card\" content=\"summary_large_image\" \/>\n<meta name=\"twitter:label1\" content=\"Escrito por\" \/>\n\t<meta name=\"twitter:data1\" content=\"Jo\u00e3o Pedro Bueno Pinheiro de Andrade\" \/>\n\t<meta name=\"twitter:label2\" content=\"Est. tempo de leitura\" \/>\n\t<meta name=\"twitter:data2\" content=\"9 minutos\" \/>\n<script type=\"application\/ld+json\" class=\"yoast-schema-graph\">{\"@context\":\"https:\/\/schema.org\",\"@graph\":[{\"@type\":\"WebPage\",\"@id\":\"https:\/\/www.mobly.com.br\/blog\/por-ambientes\/mini-escritorio\/\",\"url\":\"https:\/\/www.mobly.com.br\/blog\/por-ambientes\/mini-escritorio\/\",\"name\":\"Mini escrit\u00f3rio: 5 dicas para adaptar o espa\u00e7o\",\"isPartOf\":{\"@id\":\"https:\/\/www.mobly.com.br\/blog\/#website\"},\"primaryImageOfPage\":{\"@id\":\"https:\/\/www.mobly.com.br\/blog\/por-ambientes\/mini-escritorio\/#primaryimage\"},\"image\":{\"@id\":\"https:\/\/www.mobly.com.br\/blog\/por-ambientes\/mini-escritorio\/#primaryimage\"},\"thumbnailUrl\":\"https:\/\/www.mobly.com.br\/blog\/wp-content\/uploads\/2022\/11\/Mini-escritorio.jpg\",\"datePublished\":\"2022-11-28T13:33:45+00:00\",\"dateModified\":\"2025-06-27T13:07:10+00:00\",\"author\":{\"@id\":\"https:\/\/www.mobly.com.br\/blog\/#\/schema\/person\/db29f6ab802a7e981b7faa1a6cd02062\"},\"description\":\"Siga essas cinco dicas de mini escrit\u00f3rio e descubra itens valiosos para mais produtividade e comodidade em casa.\",\"breadcrumb\":{\"@id\":\"https:\/\/www.mobly.com.br\/blog\/por-ambientes\/mini-escritorio\/#breadcrumb\"},\"inLanguage\":\"pt-BR\",\"potentialAction\":[{\"@type\":\"ReadAction\",\"target\":[\"https:\/\/www.mobly.com.br\/blog\/por-ambientes\/mini-escritorio\/\"]}]},{\"@type\":\"ImageObject\",\"inLanguage\":\"pt-BR\",\"@id\":\"https:\/\/www.mobly.com.br\/blog\/por-ambientes\/mini-escritorio\/#primaryimage\",\"url\":\"https:\/\/www.mobly.com.br\/blog\/wp-content\/uploads\/2022\/11\/Mini-escritorio.jpg\",\"contentUrl\":\"https:\/\/www.mobly.com.br\/blog\/wp-content\/uploads\/2022\/11\/Mini-escritorio.jpg\",\"width\":1298,\"height\":866,\"caption\":\"mini escritorio industrial\"},{\"@type\":\"BreadcrumbList\",\"@id\":\"https:\/\/www.mobly.com.br\/blog\/por-ambientes\/mini-escritorio\/#breadcrumb\",\"itemListElement\":[{\"@type\":\"ListItem\",\"position\":1,\"name\":\"Home\",\"item\":\"https:\/\/www.mobly.com.br\/blog\/\"},{\"@type\":\"ListItem\",\"position\":2,\"name\":\"Por Ambientes\",\"item\":\"https:\/\/www.mobly.com.br\/blog\/por-ambientes\/\"},{\"@type\":\"ListItem\",\"position\":3,\"name\":\"Mini escrit\u00f3rio: 5 dicas para adaptar o espa\u00e7o\"}]},{\"@type\":\"WebSite\",\"@id\":\"https:\/\/www.mobly.com.br\/blog\/#website\",\"url\":\"https:\/\/www.mobly.com.br\/blog\/\",\"name\":\"Blog da Mobly\",\"description\":\"Dicas de Decora\u00e7\u00e3o, Inspira\u00e7\u00f5es e Mais\",\"potentialAction\":[{\"@type\":\"SearchAction\",\"target\":{\"@type\":\"EntryPoint\",\"urlTemplate\":\"https:\/\/www.mobly.com.br\/blog\/?s={search_term_string}\"},\"query-input\":{\"@type\":\"PropertyValueSpecification\",\"valueRequired\":true,\"valueName\":\"search_term_string\"}}],\"inLanguage\":\"pt-BR\"},{\"@type\":\"Person\",\"@id\":\"https:\/\/www.mobly.com.br\/blog\/#\/schema\/person\/db29f6ab802a7e981b7faa1a6cd02062\",\"name\":\"Jo\u00e3o Pedro Bueno Pinheiro de Andrade\",\"image\":{\"@type\":\"ImageObject\",\"inLanguage\":\"pt-BR\",\"@id\":\"https:\/\/www.mobly.com.br\/blog\/#\/schema\/person\/image\/\",\"url\":\"https:\/\/secure.gravatar.com\/avatar\/d3c171116476d726a7276d7c25b287f4?s=96&d=mm&r=g\",\"contentUrl\":\"https:\/\/secure.gravatar.com\/avatar\/d3c171116476d726a7276d7c25b287f4?s=96&d=mm&r=g\",\"caption\":\"Jo\u00e3o Pedro Bueno Pinheiro de Andrade\"},\"url\":\"https:\/\/www.mobly.com.br\/blog\/author\/joao-andrade\/\"}]}<\/script>\n<!-- \/ Yoast SEO plugin. -->","yoast_head_json":{"title":"Mini escrit\u00f3rio: 5 dicas para adaptar o espa\u00e7o","description":"Siga essas cinco dicas de mini escrit\u00f3rio e descubra itens valiosos para mais produtividade e comodidade em casa.","robots":{"index":"index","follow":"follow","max-snippet":"max-snippet:-1","max-image-preview":"max-image-preview:large","max-video-preview":"max-video-preview:-1"},"canonical":"https:\/\/www.mobly.com.br\/blog\/por-ambientes\/mini-escritorio\/","og_locale":"pt_BR","og_type":"article","og_title":"Mini escrit\u00f3rio: 5 dicas para adaptar o espa\u00e7o","og_description":"Siga essas cinco dicas de mini escrit\u00f3rio e descubra itens valiosos para mais produtividade e comodidade em casa.","og_url":"https:\/\/www.mobly.com.br\/blog\/por-ambientes\/mini-escritorio\/","og_site_name":"Blog da Mobly","article_published_time":"2022-11-28T13:33:45+00:00","article_modified_time":"2025-06-27T13:07:10+00:00","og_image":[{"width":1298,"height":866,"url":"https:\/\/www.mobly.com.br\/blog\/wp-content\/uploads\/2022\/11\/Mini-escritorio.jpg","type":"image\/jpeg"}],"author":"Jo\u00e3o Pedro Bueno Pinheiro de Andrade","twitter_card":"summary_large_image","twitter_misc":{"Escrito por":"Jo\u00e3o Pedro Bueno Pinheiro de Andrade","Est. tempo de leitura":"9 minutos"},"schema":{"@context":"https:\/\/schema.org","@graph":[{"@type":"WebPage","@id":"https:\/\/www.mobly.com.br\/blog\/por-ambientes\/mini-escritorio\/","url":"https:\/\/www.mobly.com.br\/blog\/por-ambientes\/mini-escritorio\/","name":"Mini escrit\u00f3rio: 5 dicas para adaptar o espa\u00e7o","isPartOf":{"@id":"https:\/\/www.mobly.com.br\/blog\/#website"},"primaryImageOfPage":{"@id":"https:\/\/www.mobly.com.br\/blog\/por-ambientes\/mini-escritorio\/#primaryimage"},"image":{"@id":"https:\/\/www.mobly.com.br\/blog\/por-ambientes\/mini-escritorio\/#primaryimage"},"thumbnailUrl":"https:\/\/www.mobly.com.br\/blog\/wp-content\/uploads\/2022\/11\/Mini-escritorio.jpg","datePublished":"2022-11-28T13:33:45+00:00","dateModified":"2025-06-27T13:07:10+00:00","author":{"@id":"https:\/\/www.mobly.com.br\/blog\/#\/schema\/person\/db29f6ab802a7e981b7faa1a6cd02062"},"description":"Siga essas cinco dicas de mini escrit\u00f3rio e descubra itens valiosos para mais produtividade e comodidade em casa.","breadcrumb":{"@id":"https:\/\/www.mobly.com.br\/blog\/por-ambientes\/mini-escritorio\/#breadcrumb"},"inLanguage":"pt-BR","potentialAction":[{"@type":"ReadAction","target":["https:\/\/www.mobly.com.br\/blog\/por-ambientes\/mini-escritorio\/"]}]},{"@type":"ImageObject","inLanguage":"pt-BR","@id":"https:\/\/www.mobly.com.br\/blog\/por-ambientes\/mini-escritorio\/#primaryimage","url":"https:\/\/www.mobly.com.br\/blog\/wp-content\/uploads\/2022\/11\/Mini-escritorio.jpg","contentUrl":"https:\/\/www.mobly.com.br\/blog\/wp-content\/uploads\/2022\/11\/Mini-escritorio.jpg","width":1298,"height":866,"caption":"mini escritorio industrial"},{"@type":"BreadcrumbList","@id":"https:\/\/www.mobly.com.br\/blog\/por-ambientes\/mini-escritorio\/#breadcrumb","itemListElement":[{"@type":"ListItem","position":1,"name":"Home","item":"https:\/\/www.mobly.com.br\/blog\/"},{"@type":"ListItem","position":2,"name":"Por Ambientes","item":"https:\/\/www.mobly.com.br\/blog\/por-ambientes\/"},{"@type":"ListItem","position":3,"name":"Mini escrit\u00f3rio: 5 dicas para adaptar o espa\u00e7o"}]},{"@type":"WebSite","@id":"https:\/\/www.mobly.com.br\/blog\/#website","url":"https:\/\/www.mobly.com.br\/blog\/","name":"Blog da Mobly","description":"Dicas de Decora\u00e7\u00e3o, Inspira\u00e7\u00f5es e Mais","potentialAction":[{"@type":"SearchAction","target":{"@type":"EntryPoint","urlTemplate":"https:\/\/www.mobly.com.br\/blog\/?s={search_term_string}"},"query-input":{"@type":"PropertyValueSpecification","valueRequired":true,"valueName":"search_term_string"}}],"inLanguage":"pt-BR"},{"@type":"Person","@id":"https:\/\/www.mobly.com.br\/blog\/#\/schema\/person\/db29f6ab802a7e981b7faa1a6cd02062","name":"Jo\u00e3o Pedro Bueno Pinheiro de Andrade","image":{"@type":"ImageObject","inLanguage":"pt-BR","@id":"https:\/\/www.mobly.com.br\/blog\/#\/schema\/person\/image\/","url":"https:\/\/secure.gravatar.com\/avatar\/d3c171116476d726a7276d7c25b287f4?s=96&d=mm&r=g","contentUrl":"https:\/\/secure.gravatar.com\/avatar\/d3c171116476d726a7276d7c25b287f4?s=96&d=mm&r=g","caption":"Jo\u00e3o Pedro Bueno Pinheiro de Andrade"},"url":"https:\/\/www.mobly.com.br\/blog\/author\/joao-andrade\/"}]}},"_links":{"self":[{"href":"https:\/\/www.mobly.com.br\/blog\/wp-json\/wp\/v2\/posts\/19790","targetHints":{"allow":["GET"]}}],"collection":[{"href":"https:\/\/www.mobly.com.br\/blog\/wp-json\/wp\/v2\/posts"}],"about":[{"href":"https:\/\/www.mobly.com.br\/blog\/wp-json\/wp\/v2\/types\/post"}],"author":[{"embeddable":true,"href":"https:\/\/www.mobly.com.br\/blog\/wp-json\/wp\/v2\/users\/28"}],"replies":[{"embeddable":true,"href":"https:\/\/www.mobly.com.br\/blog\/wp-json\/wp\/v2\/comments?post=19790"}],"version-history":[{"count":8,"href":"https:\/\/www.mobly.com.br\/blog\/wp-json\/wp\/v2\/posts\/19790\/revisions"}],"predecessor-version":[{"id":21754,"href":"https:\/\/www.mobly.com.br\/blog\/wp-json\/wp\/v2\/posts\/19790\/revisions\/21754"}],"wp:featuredmedia":[{"embeddable":true,"href":"https:\/\/www.mobly.com.br\/blog\/wp-json\/wp\/v2\/media\/19799"}],"wp:attachment":[{"href":"https:\/\/www.mobly.com.br\/blog\/wp-json\/wp\/v2\/media?parent=19790"}],"wp:term":[{"taxonomy":"category","embeddable":true,"href":"https:\/\/www.mobly.com.br\/blog\/wp-json\/wp\/v2\/categories?post=19790"},{"taxonomy":"post_tag","embeddable":true,"href":"https:\/\/www.mobly.com.br\/blog\/wp-json\/wp\/v2\/tags?post=19790"}],"curies":[{"name":"wp","href":"https:\/\/api.w.org\/{rel}","templated":true}]}}