{"id":19724,"date":"2022-10-11T15:00:49","date_gmt":"2022-10-11T18:00:49","guid":{"rendered":"https:\/\/www.mobly.com.br\/blog\/?p=19724"},"modified":"2022-10-11T15:00:52","modified_gmt":"2022-10-11T18:00:52","slug":"festa-copa-do-mundo","status":"publish","type":"post","link":"https:\/\/www.mobly.com.br\/blog\/datas-especiais\/festa-copa-do-mundo\/","title":{"rendered":"Festa Copa do Mundo: 7 ideias para decorar (e animar) a casa"},"content":{"rendered":"\n<p class=\"has-text-align-center\"><em>Selecionamos as melhores dicas para deixar a sua festa Copa do Mundo ainda melhor<\/em><\/p>\n\n\n\n<p>Sim, amiiiigos da Rede Mobly! A Copa do Mundo 2022 est\u00e1 logo na esquina, e, ame ou odeie, o hype do evento est\u00e1 crescendo junto a ansiedade dos brasileiros pelo hexa \u2013 e voc\u00ea n\u00e3o ir\u00e1 conseguir escapar do clima de futebol nesse fim de ano. <\/p>\n\n\n\n<p>Um dos maiores evento esportivos do planeta, a Copa do Mundo de Futebol \u00e9 sin\u00f4nimo de esp\u00edrito esportivo e uma oportunidade \u00fanica de ver reunidos alguns dos maiores atletas do futebol da nossa gera\u00e7\u00e3o. E mais importante, \u00e9 a desculpa perfeita para dar uma festa: uma incr\u00edvel <strong>FESTA COPA DO MUNDO<\/strong>!<\/p>\n\n\n\n<p>E essa festa independe de voc\u00ea saber ou n\u00e3o o que \u00e9 a tal da regra do impedimento, ser ou n\u00e3o um daqueles que grita com a TV, \u00e9 uma oportunidade para envolver amigos e fam\u00edlia para divers\u00e3o. Separe a tinta para o rosto, j\u00e1 fa\u00e7a um grupo no whatsapp para o bol\u00e3o, convide o pessoal para sua casa \u2013 mas n\u00e3o sem antes ver essas 7 dicas que separamos para uma Festa Copa do Mundo inesquec\u00edvel!<\/p>\n\n\n\n<figure class=\"wp-block-image size-large\"><img loading=\"lazy\" decoding=\"async\" width=\"1024\" height=\"602\" src=\"https:\/\/www.mobly.com.br\/blog\/wp-content\/uploads\/2022\/10\/Festa-Copa-do-Mundo-1024x602.jpg\" alt=\"\" class=\"wp-image-19725\" srcset=\"https:\/\/www.mobly.com.br\/blog\/wp-content\/uploads\/2022\/10\/Festa-Copa-do-Mundo-1024x602.jpg 1024w, https:\/\/www.mobly.com.br\/blog\/wp-content\/uploads\/2022\/10\/Festa-Copa-do-Mundo-512x301.jpg 512w, https:\/\/www.mobly.com.br\/blog\/wp-content\/uploads\/2022\/10\/Festa-Copa-do-Mundo-768x451.jpg 768w, https:\/\/www.mobly.com.br\/blog\/wp-content\/uploads\/2022\/10\/Festa-Copa-do-Mundo-1536x902.jpg 1536w, https:\/\/www.mobly.com.br\/blog\/wp-content\/uploads\/2022\/10\/Festa-Copa-do-Mundo.jpg 1840w\" sizes=\"auto, (max-width: 1024px) 100vw, 1024px\" \/><\/figure>\n\n\n\n<h2 class=\"wp-block-heading\">#1 &#8211; A celebra\u00e7\u00e3o come\u00e7a na cozinha<\/h2>\n\n\n\n<p>N\u00e3o h\u00e1 festa sem petisco, amigos. E uma Festa Copa do Mundo \u00e9 uma oportunidade perfeita para voc\u00ea surpreender seus convidados com pratos tem\u00e1ticos com estilos e sabores dos pa\u00edses participantes da competi\u00e7\u00e3o (e uma excelente desculpa para se empanturrar com <em>snacks<\/em> do mundo todo).&nbsp;<\/p>\n\n\n\n<p>Isso pode ser ainda mais especial se voc\u00ea planeja receber o pessoal em casa para mais de um dos jogos da competi\u00e7\u00e3o. Tente oferecer pratos dos pa\u00edses que est\u00e3o jogando no dia, do seu pa\u00eds (Brasil-sil-sil) e do Catar, o pa\u00eds sede da Copa esse ano. <\/p>\n\n\n\n<p>Ser\u00e1 como um grande tour gastron\u00f4mico, mas sem as despesas de voo e hospedagem.\u00a0<\/p>\n\n\n\n<p>N\u00e3o se esque\u00e7a das bebidas. Pesquise os drinks &#8211; alco\u00f3licos ou n\u00e3o &#8211; de outros pa\u00edses para oferecer uma oportunidade para seus convidados experimentarem coisas diferentes e empolgantes. <\/p>\n\n\n\n<p>Busque op\u00e7\u00f5es de bebidas que possam ser feitas em grandes quantidades, assim os convidados podem se servir sem voc\u00ea ter que bancar o bartender a festa toda. E \u00e1gua, n\u00e3o esque\u00e7a de muita \u00e1gua!<\/p>\n\n\n\n<p>Ou ainda aposte no estilo mais comunit\u00e1rio para sua Festa Copa do Mundo. Fa\u00e7a um sorteio com os nomes dos pa\u00edses participantes e desafie seus convidados a trazerem um prato, petisco ou bebida do local sorteado a cada encontro. <\/p>\n\n\n\n<p>Em que outra festa voc\u00ea poder\u00e1 comer um frango com quiabo, seguido de um bife de chorizo, na sequ\u00eancia de um ratatouille, e com waffles de sobremesa \u2013 descendo tudo goela abaixo com uma sidra ou uma cerveja alem\u00e3? ; )<\/p>\n\n\n\n<p>Al\u00e9m disso, \u00e9 muito legal apostar no tema \u201cfutebol\u201d na comida. Use a criatividade e traga para a Festa Copa do Mundo doces e outra guloseimas em formato de bola e decorados em verde e amarelo, como bolos e cupcakes. <\/p>\n\n\n\n<p>Monte um est\u00e1dio de futebol comest\u00edvel com sandu\u00edches, salgadinhos, muito glac\u00ea e corantes alimentares, copos, prato e talheres descart\u00e1veis, para criar um clima que deixaria at\u00e9 o Galv\u00e3o impressionado.\u00a0<\/p>\n\n\n\n<figure class=\"wp-block-gallery has-nested-images columns-default is-cropped wp-block-gallery-1 is-layout-flex wp-block-gallery-is-layout-flex\">\n<figure class=\"wp-block-image size-large\"><img loading=\"lazy\" decoding=\"async\" width=\"1228\" height=\"1840\" data-id=\"19727\" src=\"https:\/\/www.mobly.com.br\/blog\/wp-content\/uploads\/2022\/10\/Decoracao-de-Festa-Copa-do-Mundo.jpg\" alt=\"\" class=\"wp-image-19727\" srcset=\"https:\/\/www.mobly.com.br\/blog\/wp-content\/uploads\/2022\/10\/Decoracao-de-Festa-Copa-do-Mundo.jpg 1228w, https:\/\/www.mobly.com.br\/blog\/wp-content\/uploads\/2022\/10\/Decoracao-de-Festa-Copa-do-Mundo-342x512.jpg 342w, https:\/\/www.mobly.com.br\/blog\/wp-content\/uploads\/2022\/10\/Decoracao-de-Festa-Copa-do-Mundo-683x1024.jpg 683w, https:\/\/www.mobly.com.br\/blog\/wp-content\/uploads\/2022\/10\/Decoracao-de-Festa-Copa-do-Mundo-768x1151.jpg 768w, https:\/\/www.mobly.com.br\/blog\/wp-content\/uploads\/2022\/10\/Decoracao-de-Festa-Copa-do-Mundo-1025x1536.jpg 1025w\" sizes=\"auto, (max-width: 1228px) 100vw, 1228px\" \/><\/figure>\n\n\n\n<figure class=\"wp-block-image size-large\"><img loading=\"lazy\" decoding=\"async\" width=\"1228\" height=\"1840\" data-id=\"19726\" src=\"https:\/\/www.mobly.com.br\/blog\/wp-content\/uploads\/2022\/10\/Decoracao-Festa-Copa-do-Mundo.jpg\" alt=\"\" class=\"wp-image-19726\" srcset=\"https:\/\/www.mobly.com.br\/blog\/wp-content\/uploads\/2022\/10\/Decoracao-Festa-Copa-do-Mundo.jpg 1228w, https:\/\/www.mobly.com.br\/blog\/wp-content\/uploads\/2022\/10\/Decoracao-Festa-Copa-do-Mundo-342x512.jpg 342w, https:\/\/www.mobly.com.br\/blog\/wp-content\/uploads\/2022\/10\/Decoracao-Festa-Copa-do-Mundo-683x1024.jpg 683w, https:\/\/www.mobly.com.br\/blog\/wp-content\/uploads\/2022\/10\/Decoracao-Festa-Copa-do-Mundo-768x1151.jpg 768w, https:\/\/www.mobly.com.br\/blog\/wp-content\/uploads\/2022\/10\/Decoracao-Festa-Copa-do-Mundo-1025x1536.jpg 1025w\" sizes=\"auto, (max-width: 1228px) 100vw, 1228px\" \/><\/figure>\n<\/figure>\n\n\n\n<h2 class=\"wp-block-heading\">#2 &#8211; Decora\u00e7\u00e3o: Festa Copa do Mundo<\/h2>\n\n\n\n<p>Em tempos de vit\u00f3ria ou derrota, o futebol d\u00e1 muito pano para manga para que anfitri\u00e3o que existe dentro de n\u00f3s usemos todo o nosso potencial para criar decora\u00e7\u00f5es que exaltem o fervor da Copa do Mundo. <\/p>\n\n\n\n<p>A aposta aqui s\u00e3o muitas bandeiras do Brasil, al\u00e9m de outras bandeirinhas em <a href=\"https:\/\/www.mobly.com.br\/blog\/inspiracoes\/tons-de-verde\/\">tons de verde<\/a> e amarelo (ou nas cores da sua sele\u00e7\u00e3o favorita, vai saber).\u00a0<\/p>\n\n\n\n<p>Al\u00e9m disso, voc\u00ea pode fazer uma festa de <a href=\"https:\/\/www.mobly.com.br\/blog\/dicas\/aniversario-em-casa\/\">anivers\u00e1rio em casa<\/a> com o tema Copa do Mundo:\u00a0 aposte em bal\u00f5es com as cores da sele\u00e7\u00e3o e em preto e branco (cores da bola de futebol). Coordene as cores de acordo com cada um dos jogos.\u00a0<\/p>\n\n\n\n<figure class=\"wp-block-image size-large\"><img loading=\"lazy\" decoding=\"async\" width=\"1024\" height=\"627\" src=\"https:\/\/www.mobly.com.br\/blog\/wp-content\/uploads\/2022\/10\/Festa-Tema-Copa-do-Mundo-1024x627.jpg\" alt=\"\" class=\"wp-image-19728\" srcset=\"https:\/\/www.mobly.com.br\/blog\/wp-content\/uploads\/2022\/10\/Festa-Tema-Copa-do-Mundo-1024x627.jpg 1024w, https:\/\/www.mobly.com.br\/blog\/wp-content\/uploads\/2022\/10\/Festa-Tema-Copa-do-Mundo-512x313.jpg 512w, https:\/\/www.mobly.com.br\/blog\/wp-content\/uploads\/2022\/10\/Festa-Tema-Copa-do-Mundo-768x470.jpg 768w, https:\/\/www.mobly.com.br\/blog\/wp-content\/uploads\/2022\/10\/Festa-Tema-Copa-do-Mundo-1536x940.jpg 1536w, https:\/\/www.mobly.com.br\/blog\/wp-content\/uploads\/2022\/10\/Festa-Tema-Copa-do-Mundo.jpg 1840w\" sizes=\"auto, (max-width: 1024px) 100vw, 1024px\" \/><\/figure>\n\n\n\n<h2 class=\"wp-block-heading\">#3 &#8211; Se vista a car\u00e1ter<\/h2>\n\n\n\n<p>Algumas pessoas gostam muito de festas \u00e0 fantasia. Eu adoro e acho que n\u00e3o precisamos reservar somente carnaval e halloween para tirarmos um sarro de n\u00f3s mesmo com fantasias sem no\u00e7\u00e3o.&nbsp;<\/p>\n\n\n\n<p>Na sua Festa Copa do Mundo, os convidados podem vir vestidos como seus jogadores favoritos \u2013 seja do presente ou do passado. <\/p>\n\n\n\n<p>Se quiserem algumas dicas, eu sugiro o lookinho do Ronaldo, na final de 2002; do Gervinho, lateral esquerda da Costa do Marfim em 2014; e, \u00e9 claro, Carlos Valderrama, meia da Col\u00f4mbia entre 1990 e 1998.\u00a0<\/p>\n\n\n\n<figure class=\"wp-block-gallery has-nested-images columns-default is-cropped wp-block-gallery-2 is-layout-flex wp-block-gallery-is-layout-flex\">\n<figure class=\"wp-block-image size-large\"><img loading=\"lazy\" decoding=\"async\" width=\"1104\" height=\"1654\" data-id=\"19730\" src=\"https:\/\/www.mobly.com.br\/blog\/wp-content\/uploads\/2022\/10\/Copa-do-Mundo-Ideias.jpg\" alt=\"\" class=\"wp-image-19730\" srcset=\"https:\/\/www.mobly.com.br\/blog\/wp-content\/uploads\/2022\/10\/Copa-do-Mundo-Ideias.jpg 1104w, https:\/\/www.mobly.com.br\/blog\/wp-content\/uploads\/2022\/10\/Copa-do-Mundo-Ideias-342x512.jpg 342w, https:\/\/www.mobly.com.br\/blog\/wp-content\/uploads\/2022\/10\/Copa-do-Mundo-Ideias-683x1024.jpg 683w, https:\/\/www.mobly.com.br\/blog\/wp-content\/uploads\/2022\/10\/Copa-do-Mundo-Ideias-768x1151.jpg 768w, https:\/\/www.mobly.com.br\/blog\/wp-content\/uploads\/2022\/10\/Copa-do-Mundo-Ideias-1025x1536.jpg 1025w\" sizes=\"auto, (max-width: 1104px) 100vw, 1104px\" \/><\/figure>\n\n\n\n<figure class=\"wp-block-image size-large\"><img loading=\"lazy\" decoding=\"async\" width=\"1104\" height=\"1654\" data-id=\"19731\" src=\"https:\/\/www.mobly.com.br\/blog\/wp-content\/uploads\/2022\/10\/Festa-Copa.jpg\" alt=\"\" class=\"wp-image-19731\" srcset=\"https:\/\/www.mobly.com.br\/blog\/wp-content\/uploads\/2022\/10\/Festa-Copa.jpg 1104w, https:\/\/www.mobly.com.br\/blog\/wp-content\/uploads\/2022\/10\/Festa-Copa-342x512.jpg 342w, https:\/\/www.mobly.com.br\/blog\/wp-content\/uploads\/2022\/10\/Festa-Copa-683x1024.jpg 683w, https:\/\/www.mobly.com.br\/blog\/wp-content\/uploads\/2022\/10\/Festa-Copa-768x1151.jpg 768w, https:\/\/www.mobly.com.br\/blog\/wp-content\/uploads\/2022\/10\/Festa-Copa-1025x1536.jpg 1025w\" sizes=\"auto, (max-width: 1104px) 100vw, 1104px\" \/><\/figure>\n<\/figure>\n\n\n\n<h2 class=\"wp-block-heading\">#4 &#8211; Festa Copa do Mundo = muito barulho<\/h2>\n\n\n\n<p>Amigas e amigos, voc\u00eas podem se comportar durante todos os outros dias do ano. \u00c9poca de Copa do Mundo \u00e9 bagun\u00e7a, agita\u00e7\u00e3o e gritaria. Ent\u00e3o n\u00e3o se esque\u00e7a de trazer muitas vuvuzelas, buzinas, apitos, reco-recos \u2013 n\u00e3o sei, qualquer coisa que permita que seus convidados fa\u00e7am barulho e extravasem toda a empolga\u00e7\u00e3o em cada gol marcado.&nbsp;<\/p>\n\n\n\n<p>Prepare um cesto com todo esse equipamento e deixe logo na entrada da festa. Depois disso, s\u00f3 prepare os ouvidos, porque eles v\u00e3o estar apitando no fim do dia. Tudo vale a pena por uma bagun\u00e7a com o seu pessoal!<\/p>\n\n\n\n<figure class=\"wp-block-image size-large\"><img loading=\"lazy\" decoding=\"async\" width=\"1024\" height=\"719\" src=\"https:\/\/www.mobly.com.br\/blog\/wp-content\/uploads\/2022\/10\/Festa-da-Copa-do-Mundo-1024x719.jpg\" alt=\"\" class=\"wp-image-19729\" srcset=\"https:\/\/www.mobly.com.br\/blog\/wp-content\/uploads\/2022\/10\/Festa-da-Copa-do-Mundo-1024x719.jpg 1024w, https:\/\/www.mobly.com.br\/blog\/wp-content\/uploads\/2022\/10\/Festa-da-Copa-do-Mundo-512x359.jpg 512w, https:\/\/www.mobly.com.br\/blog\/wp-content\/uploads\/2022\/10\/Festa-da-Copa-do-Mundo-768x539.jpg 768w, https:\/\/www.mobly.com.br\/blog\/wp-content\/uploads\/2022\/10\/Festa-da-Copa-do-Mundo-1536x1078.jpg 1536w, https:\/\/www.mobly.com.br\/blog\/wp-content\/uploads\/2022\/10\/Festa-da-Copa-do-Mundo.jpg 1750w\" sizes=\"auto, (max-width: 1024px) 100vw, 1024px\" \/><\/figure>\n\n\n\n<p><\/p>\n\n\n\n<h2 class=\"wp-block-heading\">#5 &#8211; Outra cara para sua sala<\/h2>\n\n\n\n<p>Aproveite o clima de celebra\u00e7\u00e3o da sua Festa Copa do Mundo e traga o verde e amarelo para outros elementos al\u00e9m das bandeiras, bolos e bexigas. Analise a sua sala de estar (ou aonde quer que voc\u00ea v\u00e1 receber seus amigos e fam\u00edlia) e veja quais elementos podem ser substitu\u00eddos por itens nas cores verde e amarelo.<\/p>\n\n\n\n<p>Com isso, alguns itens que podem ser facilmente alterados s\u00e3o capas de almofada, toalhas de mesa, tapetes, cortinas e at\u00e9 vasos de planta. Abra as janelas, deixe <a href=\"https:\/\/www.mobly.com.br\/blog\/dicas\/luz-natural\/\">a luz natural<\/a> entrar e irradiar essas cores. Aqui, n\u00e3o precisa haver limite para sua criatividade, basta avaliar o seu espa\u00e7o e deixar a imagina\u00e7\u00e3o fluir.\u00a0<\/p>\n\n\n\n<figure class=\"wp-block-gallery has-nested-images columns-default is-cropped wp-block-gallery-3 is-layout-flex wp-block-gallery-is-layout-flex\">\n<figure class=\"wp-block-image size-large\"><img loading=\"lazy\" decoding=\"async\" width=\"1228\" height=\"1725\" data-id=\"19733\" src=\"https:\/\/www.mobly.com.br\/blog\/wp-content\/uploads\/2022\/10\/Decoracao-Copa-do-Mundo.jpg\" alt=\"\" class=\"wp-image-19733\" srcset=\"https:\/\/www.mobly.com.br\/blog\/wp-content\/uploads\/2022\/10\/Decoracao-Copa-do-Mundo.jpg 1228w, https:\/\/www.mobly.com.br\/blog\/wp-content\/uploads\/2022\/10\/Decoracao-Copa-do-Mundo-364x512.jpg 364w, https:\/\/www.mobly.com.br\/blog\/wp-content\/uploads\/2022\/10\/Decoracao-Copa-do-Mundo-729x1024.jpg 729w, https:\/\/www.mobly.com.br\/blog\/wp-content\/uploads\/2022\/10\/Decoracao-Copa-do-Mundo-768x1079.jpg 768w, https:\/\/www.mobly.com.br\/blog\/wp-content\/uploads\/2022\/10\/Decoracao-Copa-do-Mundo-1093x1536.jpg 1093w\" sizes=\"auto, (max-width: 1228px) 100vw, 1228px\" \/><\/figure>\n\n\n\n<figure class=\"wp-block-image size-large\"><img loading=\"lazy\" decoding=\"async\" width=\"1228\" height=\"1618\" data-id=\"19732\" src=\"https:\/\/www.mobly.com.br\/blog\/wp-content\/uploads\/2022\/10\/Decorando-a-Casa-para-Copa-do-Mundo.jpg\" alt=\"\" class=\"wp-image-19732\" srcset=\"https:\/\/www.mobly.com.br\/blog\/wp-content\/uploads\/2022\/10\/Decorando-a-Casa-para-Copa-do-Mundo.jpg 1228w, https:\/\/www.mobly.com.br\/blog\/wp-content\/uploads\/2022\/10\/Decorando-a-Casa-para-Copa-do-Mundo-389x512.jpg 389w, https:\/\/www.mobly.com.br\/blog\/wp-content\/uploads\/2022\/10\/Decorando-a-Casa-para-Copa-do-Mundo-777x1024.jpg 777w, https:\/\/www.mobly.com.br\/blog\/wp-content\/uploads\/2022\/10\/Decorando-a-Casa-para-Copa-do-Mundo-768x1012.jpg 768w, https:\/\/www.mobly.com.br\/blog\/wp-content\/uploads\/2022\/10\/Decorando-a-Casa-para-Copa-do-Mundo-1166x1536.jpg 1166w\" sizes=\"auto, (max-width: 1228px) 100vw, 1228px\" \/><\/figure>\n<\/figure>\n\n\n\n<h2 class=\"wp-block-heading\">#6 &#8211; Solta o som, DJ<\/h2>\n\n\n\n<p>O jogo acabou, mas a Festa Copa do Mundo continua. Nasce a\u00ed mais uma oportunidade para voc\u00ea inovar e criar uma playlist de festa multicultural, com as m\u00fasicas mais animadas de diversos pa\u00edses participantes da competi\u00e7\u00e3o.&nbsp;<\/p>\n\n\n\n<p>Pesquise bem e n\u00e3o deixe de trazer as m\u00fasicas tema de outras Copas do Mundo, como os cl\u00e1ssicos Waka Waka e Hips Don\u2019t Lie, da Shakira (temas de 2010 e 2006, respectivamente). Se tiver um karaok\u00ea jogado pela casa, a hora de tirar a poeira \u00e9 essa. Aque\u00e7a o gog\u00f3 e aproveite sua <strong>Festa Copa do Mundo<\/strong>.\u00a0<\/p>\n<button class=\"simplefavorite-button has-count loading\" data-postid=\"19724\" data-siteid=\"1\" data-groupid=\"1\" data-favoritecount=\"0\" style=\"\">Carregando...<span class=\"sf-icon-spinner-wrapper\"><i class=\"sf-icon-spinner\"><\/i><\/span><\/button>","protected":false},"excerpt":{"rendered":"<p>Selecionamos as melhores dicas para deixar a sua festa Copa do Mundo ainda melhor Sim, amiiiigos da Rede Mobly! A Copa do Mundo 2022 est\u00e1 logo na esquina, e, ame ou odeie, o hype do evento est\u00e1 crescendo junto a ansiedade dos brasileiros pelo hexa \u2013 e voc\u00ea n\u00e3o ir\u00e1 conseguir escapar do clima de futebol nesse fim de ano. Um dos maiores evento esportivos do planeta, a Copa do Mundo de Futebol \u00e9 sin\u00f4nimo de esp\u00edrito esportivo e uma oportunidade \u00fanica de ver reunidos alguns dos maiores atletas do futebol da nossa gera\u00e7\u00e3o. E mais importante, \u00e9 a desculpa perfeita para dar uma festa: uma incr\u00edvel FESTA COPA DO MUNDO! E essa festa independe de voc\u00ea saber ou n\u00e3o o que \u00e9 a tal da regra do impedimento, ser ou n\u00e3o um daqueles que grita com a TV, \u00e9 uma oportunidade para envolver amigos e fam\u00edlia para divers\u00e3o. Separe a tinta para o rosto, j\u00e1 fa\u00e7a um grupo no whatsapp para o bol\u00e3o, convide o pessoal para sua casa \u2013 mas n\u00e3o sem antes ver essas 7 dicas que separamos para uma Festa Copa do Mundo inesquec\u00edvel! #1 &#8211; A celebra\u00e7\u00e3o come\u00e7a na cozinha N\u00e3o h\u00e1 festa sem petisco, [&hellip;]<\/p>\n","protected":false},"author":28,"featured_media":19734,"comment_status":"open","ping_status":"open","sticky":false,"template":"","format":"standard","meta":{"extendify_custom_stylesheet":"","_mi_skip_tracking":false,"_monsterinsights_skip_tracking":false,"_monsterinsights_sitenote_active":false,"_monsterinsights_sitenote_note":"","_monsterinsights_sitenote_category":0,"footnotes":""},"categories":[13],"tags":[1301,1302,1252],"class_list":["post-19724","post","type-post","status-publish","format-standard","has-post-thumbnail","hentry","category-datas-especiais","tag-copadomundo","tag-decoracaocopadomundo","tag-dicas-2"],"yoast_head":"<!-- This site is optimized with the Yoast SEO plugin v24.9 - https:\/\/yoast.com\/wordpress\/plugins\/seo\/ -->\n<title>Festa Copa do Mundo: 7 ideias para decorar (e animar) a casa | Mobly<\/title>\n<meta name=\"description\" content=\"Celebre a sua Festa Copa do Mundo com uma decora\u00e7\u00e3o especial! Preparamos dicas para deixar esse momento ainda mais empolgante!\" \/>\n<meta name=\"robots\" content=\"index, follow, max-snippet:-1, max-image-preview:large, max-video-preview:-1\" \/>\n<link rel=\"canonical\" href=\"https:\/\/www.mobly.com.br\/blog\/datas-especiais\/festa-copa-do-mundo\/\" \/>\n<meta property=\"og:locale\" content=\"pt_BR\" \/>\n<meta property=\"og:type\" content=\"article\" \/>\n<meta property=\"og:title\" content=\"Festa Copa do Mundo: 7 ideias para decorar (e animar) a casa | Mobly\" \/>\n<meta property=\"og:description\" content=\"Celebre a sua Festa Copa do Mundo com uma decora\u00e7\u00e3o especial! Preparamos dicas para deixar esse momento ainda mais empolgante!\" \/>\n<meta property=\"og:url\" content=\"https:\/\/www.mobly.com.br\/blog\/datas-especiais\/festa-copa-do-mundo\/\" \/>\n<meta property=\"og:site_name\" content=\"Blog da Mobly\" \/>\n<meta property=\"article:published_time\" content=\"2022-10-11T18:00:49+00:00\" \/>\n<meta property=\"article:modified_time\" content=\"2022-10-11T18:00:52+00:00\" \/>\n<meta property=\"og:image\" content=\"https:\/\/www.mobly.com.br\/blog\/wp-content\/uploads\/2022\/10\/Festa-Copa-do-Mundo-1.jpg\" \/>\n\t<meta property=\"og:image:width\" content=\"1750\" \/>\n\t<meta property=\"og:image:height\" content=\"1228\" \/>\n\t<meta property=\"og:image:type\" content=\"image\/jpeg\" \/>\n<meta name=\"author\" content=\"Jo\u00e3o Pedro Bueno Pinheiro de Andrade\" \/>\n<meta name=\"twitter:card\" content=\"summary_large_image\" \/>\n<meta name=\"twitter:label1\" content=\"Escrito por\" \/>\n\t<meta name=\"twitter:data1\" content=\"Jo\u00e3o Pedro Bueno Pinheiro de Andrade\" \/>\n\t<meta name=\"twitter:label2\" content=\"Est. tempo de leitura\" \/>\n\t<meta name=\"twitter:data2\" content=\"8 minutos\" \/>\n<script type=\"application\/ld+json\" class=\"yoast-schema-graph\">{\"@context\":\"https:\/\/schema.org\",\"@graph\":[{\"@type\":\"WebPage\",\"@id\":\"https:\/\/www.mobly.com.br\/blog\/datas-especiais\/festa-copa-do-mundo\/\",\"url\":\"https:\/\/www.mobly.com.br\/blog\/datas-especiais\/festa-copa-do-mundo\/\",\"name\":\"Festa Copa do Mundo: 7 ideias para decorar (e animar) a casa | Mobly\",\"isPartOf\":{\"@id\":\"https:\/\/www.mobly.com.br\/blog\/#website\"},\"primaryImageOfPage\":{\"@id\":\"https:\/\/www.mobly.com.br\/blog\/datas-especiais\/festa-copa-do-mundo\/#primaryimage\"},\"image\":{\"@id\":\"https:\/\/www.mobly.com.br\/blog\/datas-especiais\/festa-copa-do-mundo\/#primaryimage\"},\"thumbnailUrl\":\"https:\/\/www.mobly.com.br\/blog\/wp-content\/uploads\/2022\/10\/Festa-Copa-do-Mundo-1.jpg\",\"datePublished\":\"2022-10-11T18:00:49+00:00\",\"dateModified\":\"2022-10-11T18:00:52+00:00\",\"author\":{\"@id\":\"https:\/\/www.mobly.com.br\/blog\/#\/schema\/person\/db29f6ab802a7e981b7faa1a6cd02062\"},\"description\":\"Celebre a sua Festa Copa do Mundo com uma decora\u00e7\u00e3o especial! Preparamos dicas para deixar esse momento ainda mais empolgante!\",\"breadcrumb\":{\"@id\":\"https:\/\/www.mobly.com.br\/blog\/datas-especiais\/festa-copa-do-mundo\/#breadcrumb\"},\"inLanguage\":\"pt-BR\",\"potentialAction\":[{\"@type\":\"ReadAction\",\"target\":[\"https:\/\/www.mobly.com.br\/blog\/datas-especiais\/festa-copa-do-mundo\/\"]}]},{\"@type\":\"ImageObject\",\"inLanguage\":\"pt-BR\",\"@id\":\"https:\/\/www.mobly.com.br\/blog\/datas-especiais\/festa-copa-do-mundo\/#primaryimage\",\"url\":\"https:\/\/www.mobly.com.br\/blog\/wp-content\/uploads\/2022\/10\/Festa-Copa-do-Mundo-1.jpg\",\"contentUrl\":\"https:\/\/www.mobly.com.br\/blog\/wp-content\/uploads\/2022\/10\/Festa-Copa-do-Mundo-1.jpg\",\"width\":1750,\"height\":1228},{\"@type\":\"BreadcrumbList\",\"@id\":\"https:\/\/www.mobly.com.br\/blog\/datas-especiais\/festa-copa-do-mundo\/#breadcrumb\",\"itemListElement\":[{\"@type\":\"ListItem\",\"position\":1,\"name\":\"Home\",\"item\":\"https:\/\/www.mobly.com.br\/blog\/\"},{\"@type\":\"ListItem\",\"position\":2,\"name\":\"Datas Especiais\",\"item\":\"https:\/\/www.mobly.com.br\/blog\/datas-especiais\/\"},{\"@type\":\"ListItem\",\"position\":3,\"name\":\"Festa Copa do Mundo: 7 ideias para decorar (e animar) a casa\"}]},{\"@type\":\"WebSite\",\"@id\":\"https:\/\/www.mobly.com.br\/blog\/#website\",\"url\":\"https:\/\/www.mobly.com.br\/blog\/\",\"name\":\"Blog da Mobly\",\"description\":\"Dicas de Decora\u00e7\u00e3o, Inspira\u00e7\u00f5es e Mais\",\"potentialAction\":[{\"@type\":\"SearchAction\",\"target\":{\"@type\":\"EntryPoint\",\"urlTemplate\":\"https:\/\/www.mobly.com.br\/blog\/?s={search_term_string}\"},\"query-input\":{\"@type\":\"PropertyValueSpecification\",\"valueRequired\":true,\"valueName\":\"search_term_string\"}}],\"inLanguage\":\"pt-BR\"},{\"@type\":\"Person\",\"@id\":\"https:\/\/www.mobly.com.br\/blog\/#\/schema\/person\/db29f6ab802a7e981b7faa1a6cd02062\",\"name\":\"Jo\u00e3o Pedro Bueno Pinheiro de Andrade\",\"image\":{\"@type\":\"ImageObject\",\"inLanguage\":\"pt-BR\",\"@id\":\"https:\/\/www.mobly.com.br\/blog\/#\/schema\/person\/image\/\",\"url\":\"https:\/\/secure.gravatar.com\/avatar\/d3c171116476d726a7276d7c25b287f4?s=96&d=mm&r=g\",\"contentUrl\":\"https:\/\/secure.gravatar.com\/avatar\/d3c171116476d726a7276d7c25b287f4?s=96&d=mm&r=g\",\"caption\":\"Jo\u00e3o Pedro Bueno Pinheiro de Andrade\"},\"url\":\"https:\/\/www.mobly.com.br\/blog\/author\/joao-andrade\/\"}]}<\/script>\n<!-- \/ Yoast SEO plugin. -->","yoast_head_json":{"title":"Festa Copa do Mundo: 7 ideias para decorar (e animar) a casa | Mobly","description":"Celebre a sua Festa Copa do Mundo com uma decora\u00e7\u00e3o especial! Preparamos dicas para deixar esse momento ainda mais empolgante!","robots":{"index":"index","follow":"follow","max-snippet":"max-snippet:-1","max-image-preview":"max-image-preview:large","max-video-preview":"max-video-preview:-1"},"canonical":"https:\/\/www.mobly.com.br\/blog\/datas-especiais\/festa-copa-do-mundo\/","og_locale":"pt_BR","og_type":"article","og_title":"Festa Copa do Mundo: 7 ideias para decorar (e animar) a casa | Mobly","og_description":"Celebre a sua Festa Copa do Mundo com uma decora\u00e7\u00e3o especial! Preparamos dicas para deixar esse momento ainda mais empolgante!","og_url":"https:\/\/www.mobly.com.br\/blog\/datas-especiais\/festa-copa-do-mundo\/","og_site_name":"Blog da Mobly","article_published_time":"2022-10-11T18:00:49+00:00","article_modified_time":"2022-10-11T18:00:52+00:00","og_image":[{"width":1750,"height":1228,"url":"https:\/\/www.mobly.com.br\/blog\/wp-content\/uploads\/2022\/10\/Festa-Copa-do-Mundo-1.jpg","type":"image\/jpeg"}],"author":"Jo\u00e3o Pedro Bueno Pinheiro de Andrade","twitter_card":"summary_large_image","twitter_misc":{"Escrito por":"Jo\u00e3o Pedro Bueno Pinheiro de Andrade","Est. tempo de leitura":"8 minutos"},"schema":{"@context":"https:\/\/schema.org","@graph":[{"@type":"WebPage","@id":"https:\/\/www.mobly.com.br\/blog\/datas-especiais\/festa-copa-do-mundo\/","url":"https:\/\/www.mobly.com.br\/blog\/datas-especiais\/festa-copa-do-mundo\/","name":"Festa Copa do Mundo: 7 ideias para decorar (e animar) a casa | Mobly","isPartOf":{"@id":"https:\/\/www.mobly.com.br\/blog\/#website"},"primaryImageOfPage":{"@id":"https:\/\/www.mobly.com.br\/blog\/datas-especiais\/festa-copa-do-mundo\/#primaryimage"},"image":{"@id":"https:\/\/www.mobly.com.br\/blog\/datas-especiais\/festa-copa-do-mundo\/#primaryimage"},"thumbnailUrl":"https:\/\/www.mobly.com.br\/blog\/wp-content\/uploads\/2022\/10\/Festa-Copa-do-Mundo-1.jpg","datePublished":"2022-10-11T18:00:49+00:00","dateModified":"2022-10-11T18:00:52+00:00","author":{"@id":"https:\/\/www.mobly.com.br\/blog\/#\/schema\/person\/db29f6ab802a7e981b7faa1a6cd02062"},"description":"Celebre a sua Festa Copa do Mundo com uma decora\u00e7\u00e3o especial! Preparamos dicas para deixar esse momento ainda mais empolgante!","breadcrumb":{"@id":"https:\/\/www.mobly.com.br\/blog\/datas-especiais\/festa-copa-do-mundo\/#breadcrumb"},"inLanguage":"pt-BR","potentialAction":[{"@type":"ReadAction","target":["https:\/\/www.mobly.com.br\/blog\/datas-especiais\/festa-copa-do-mundo\/"]}]},{"@type":"ImageObject","inLanguage":"pt-BR","@id":"https:\/\/www.mobly.com.br\/blog\/datas-especiais\/festa-copa-do-mundo\/#primaryimage","url":"https:\/\/www.mobly.com.br\/blog\/wp-content\/uploads\/2022\/10\/Festa-Copa-do-Mundo-1.jpg","contentUrl":"https:\/\/www.mobly.com.br\/blog\/wp-content\/uploads\/2022\/10\/Festa-Copa-do-Mundo-1.jpg","width":1750,"height":1228},{"@type":"BreadcrumbList","@id":"https:\/\/www.mobly.com.br\/blog\/datas-especiais\/festa-copa-do-mundo\/#breadcrumb","itemListElement":[{"@type":"ListItem","position":1,"name":"Home","item":"https:\/\/www.mobly.com.br\/blog\/"},{"@type":"ListItem","position":2,"name":"Datas Especiais","item":"https:\/\/www.mobly.com.br\/blog\/datas-especiais\/"},{"@type":"ListItem","position":3,"name":"Festa Copa do Mundo: 7 ideias para decorar (e animar) a casa"}]},{"@type":"WebSite","@id":"https:\/\/www.mobly.com.br\/blog\/#website","url":"https:\/\/www.mobly.com.br\/blog\/","name":"Blog da Mobly","description":"Dicas de Decora\u00e7\u00e3o, Inspira\u00e7\u00f5es e Mais","potentialAction":[{"@type":"SearchAction","target":{"@type":"EntryPoint","urlTemplate":"https:\/\/www.mobly.com.br\/blog\/?s={search_term_string}"},"query-input":{"@type":"PropertyValueSpecification","valueRequired":true,"valueName":"search_term_string"}}],"inLanguage":"pt-BR"},{"@type":"Person","@id":"https:\/\/www.mobly.com.br\/blog\/#\/schema\/person\/db29f6ab802a7e981b7faa1a6cd02062","name":"Jo\u00e3o Pedro Bueno Pinheiro de Andrade","image":{"@type":"ImageObject","inLanguage":"pt-BR","@id":"https:\/\/www.mobly.com.br\/blog\/#\/schema\/person\/image\/","url":"https:\/\/secure.gravatar.com\/avatar\/d3c171116476d726a7276d7c25b287f4?s=96&d=mm&r=g","contentUrl":"https:\/\/secure.gravatar.com\/avatar\/d3c171116476d726a7276d7c25b287f4?s=96&d=mm&r=g","caption":"Jo\u00e3o Pedro Bueno Pinheiro de Andrade"},"url":"https:\/\/www.mobly.com.br\/blog\/author\/joao-andrade\/"}]}},"_links":{"self":[{"href":"https:\/\/www.mobly.com.br\/blog\/wp-json\/wp\/v2\/posts\/19724","targetHints":{"allow":["GET"]}}],"collection":[{"href":"https:\/\/www.mobly.com.br\/blog\/wp-json\/wp\/v2\/posts"}],"about":[{"href":"https:\/\/www.mobly.com.br\/blog\/wp-json\/wp\/v2\/types\/post"}],"author":[{"embeddable":true,"href":"https:\/\/www.mobly.com.br\/blog\/wp-json\/wp\/v2\/users\/28"}],"replies":[{"embeddable":true,"href":"https:\/\/www.mobly.com.br\/blog\/wp-json\/wp\/v2\/comments?post=19724"}],"version-history":[{"count":1,"href":"https:\/\/www.mobly.com.br\/blog\/wp-json\/wp\/v2\/posts\/19724\/revisions"}],"predecessor-version":[{"id":19737,"href":"https:\/\/www.mobly.com.br\/blog\/wp-json\/wp\/v2\/posts\/19724\/revisions\/19737"}],"wp:featuredmedia":[{"embeddable":true,"href":"https:\/\/www.mobly.com.br\/blog\/wp-json\/wp\/v2\/media\/19734"}],"wp:attachment":[{"href":"https:\/\/www.mobly.com.br\/blog\/wp-json\/wp\/v2\/media?parent=19724"}],"wp:term":[{"taxonomy":"category","embeddable":true,"href":"https:\/\/www.mobly.com.br\/blog\/wp-json\/wp\/v2\/categories?post=19724"},{"taxonomy":"post_tag","embeddable":true,"href":"https:\/\/www.mobly.com.br\/blog\/wp-json\/wp\/v2\/tags?post=19724"}],"curies":[{"name":"wp","href":"https:\/\/api.w.org\/{rel}","templated":true}]}}