{"id":19669,"date":"2022-09-28T02:03:50","date_gmt":"2022-09-28T05:03:50","guid":{"rendered":"https:\/\/www.mobly.com.br\/blog\/?p=19669"},"modified":"2022-09-28T02:03:53","modified_gmt":"2022-09-28T05:03:53","slug":"escritorio-pequeno","status":"publish","type":"post","link":"https:\/\/www.mobly.com.br\/blog\/dicas\/escritorio-pequeno\/","title":{"rendered":"Escrit\u00f3rio pequeno: 9 dicas que voc\u00ea PRECISA saber"},"content":{"rendered":"\n<p>Com a mudan\u00e7a causada pela pandemia, chegou tamb\u00e9m um desafio: transformar um c\u00f4modo vago em um <strong>escrit\u00f3rio pequeno<\/strong>. E ent\u00e3o descobrimos que nosso novo ambiente de trabalho poderia ser adaptado em outros lugares, como um canto mais esquecido do quarto ou da sala \u2013 com a vantagem que, agora, esse espa\u00e7o pode ter mais a sua cara do que nunca.<\/p>\n\n\n\n<p>Aqui, separamos nove dicas para adaptar espa\u00e7os de casa em escrit\u00f3rios, al\u00e9m de decora\u00e7\u00e3o de escrit\u00f3rio funcional e elegante que pode te fazer sentir mais produtivo e focado. Segue as dicas para quem deseja um escrit\u00f3rio pequeno:<\/p>\n\n\n\n<h2 class=\"wp-block-heading\">1 &#8211; Paredes brancas ou em cor clara<\/h2>\n\n\n\n<p>Eu sempre gosto de come\u00e7ar pelo b\u00e1sico. Se estamos adaptando um espa\u00e7o de casa para transform\u00e1-lo em um escrit\u00f3rio pequeno, o primeiro passo \u00e9 tomar alguma medida para que ele n\u00e3o pare\u00e7a claustrof\u00f3bico. Aposte no branco ou em alguma cor clara nas paredes para que o ambiente pare\u00e7a maior e mais arejado.&nbsp;<\/p>\n\n\n\n<p>Lembre-se que esse \u00e9 um ambiente de calma e concentra\u00e7\u00e3o, ent\u00e3o poucos contrastes de cores poder\u00e3o ajudar a deixar a mente mais relaxada. Mantenha uma paleta de cores que siga nesse caminho, como azul, cinza \u2013 um dourado, se precisar de um pouco de brilho. Acrescente <a href=\"https:\/\/www.mobly.com.br\/blog\/inspiracoes\/tons-de-verde\/\">tons de verde<\/a> com algumas plantas, que tamb\u00e9m ir\u00e3o trazer vida para seu escrit\u00f3rio.\u00a0<\/p>\n\n\n\n<figure class=\"wp-block-gallery has-nested-images columns-default is-cropped wp-block-gallery-1 is-layout-flex wp-block-gallery-is-layout-flex\">\n<figure class=\"wp-block-image size-large\"><img loading=\"lazy\" decoding=\"async\" width=\"817\" height=\"1226\" data-id=\"19670\" src=\"https:\/\/www.mobly.com.br\/blog\/wp-content\/uploads\/2022\/09\/parede-branca-para-escritorio-pequeno.jpg\" alt=\"\" class=\"wp-image-19670\" srcset=\"https:\/\/www.mobly.com.br\/blog\/wp-content\/uploads\/2022\/09\/parede-branca-para-escritorio-pequeno.jpg 817w, https:\/\/www.mobly.com.br\/blog\/wp-content\/uploads\/2022\/09\/parede-branca-para-escritorio-pequeno-341x512.jpg 341w, https:\/\/www.mobly.com.br\/blog\/wp-content\/uploads\/2022\/09\/parede-branca-para-escritorio-pequeno-682x1024.jpg 682w, https:\/\/www.mobly.com.br\/blog\/wp-content\/uploads\/2022\/09\/parede-branca-para-escritorio-pequeno-768x1152.jpg 768w\" sizes=\"auto, (max-width: 817px) 100vw, 817px\" \/><\/figure>\n\n\n\n<figure class=\"wp-block-image size-large\"><img loading=\"lazy\" decoding=\"async\" width=\"1120\" height=\"1680\" data-id=\"19671\" src=\"https:\/\/www.mobly.com.br\/blog\/wp-content\/uploads\/2022\/09\/escritorio-pequeno-dicas.jpg\" alt=\"\" class=\"wp-image-19671\" srcset=\"https:\/\/www.mobly.com.br\/blog\/wp-content\/uploads\/2022\/09\/escritorio-pequeno-dicas.jpg 1120w, https:\/\/www.mobly.com.br\/blog\/wp-content\/uploads\/2022\/09\/escritorio-pequeno-dicas-341x512.jpg 341w, https:\/\/www.mobly.com.br\/blog\/wp-content\/uploads\/2022\/09\/escritorio-pequeno-dicas-683x1024.jpg 683w, https:\/\/www.mobly.com.br\/blog\/wp-content\/uploads\/2022\/09\/escritorio-pequeno-dicas-768x1152.jpg 768w, https:\/\/www.mobly.com.br\/blog\/wp-content\/uploads\/2022\/09\/escritorio-pequeno-dicas-1024x1536.jpg 1024w\" sizes=\"auto, (max-width: 1120px) 100vw, 1120px\" \/><\/figure>\n<\/figure>\n\n\n\n<h2 class=\"wp-block-heading\">2 &#8211; Nada de espa\u00e7os mortos<\/h2>\n\n\n\n<p>J\u00e1 que estamos trabalhando com um escrit\u00f3rio pequeno, \u00e9 muito importante se certificar que a sua mesa de trabalho e seu mobili\u00e1rio minimize qualquer espa\u00e7o morto dentro do ambiente, ou seja, n\u00e3o deixe nenhum espa\u00e7o sem funcionalidade &#8211; apenas mais um lugar para passar o aspirador depois de ter acumulado poeira. <\/p>\n\n\n\n<p>Utilize uma mesa de trabalho que ocupe exatamente o espa\u00e7o que voc\u00ea tem dispon\u00edvel e, assim, aumente o seu espa\u00e7o de atividades.\u00a0<\/p>\n\n\n\n<figure class=\"wp-block-image size-large\"><img loading=\"lazy\" decoding=\"async\" width=\"1024\" height=\"683\" src=\"https:\/\/www.mobly.com.br\/blog\/wp-content\/uploads\/2022\/09\/escritorio-pequeno-1024x683.jpg\" alt=\"\" class=\"wp-image-19672\" srcset=\"https:\/\/www.mobly.com.br\/blog\/wp-content\/uploads\/2022\/09\/escritorio-pequeno-1024x683.jpg 1024w, https:\/\/www.mobly.com.br\/blog\/wp-content\/uploads\/2022\/09\/escritorio-pequeno-512x341.jpg 512w, https:\/\/www.mobly.com.br\/blog\/wp-content\/uploads\/2022\/09\/escritorio-pequeno-768x512.jpg 768w, https:\/\/www.mobly.com.br\/blog\/wp-content\/uploads\/2022\/09\/escritorio-pequeno.jpg 1368w\" sizes=\"auto, (max-width: 1024px) 100vw, 1024px\" \/><\/figure>\n\n\n\n<h2 class=\"wp-block-heading\">3 &#8211; \u201cSim, chefe!\u201d vindo da cozinha<\/h2>\n\n\n\n<p>Muitas vezes n\u00e3o percebemos que os espa\u00e7os n\u00e3o utilizados est\u00e3o onde a gente menos espera. <\/p>\n\n\n\n<p>Um escrit\u00f3rio pequeno pode ser adaptado em um cantinho n\u00e3o utilizado na cozinha ou sala de jantar. Utilize a mesa que j\u00e1 est\u00e1 presente no local, mas traga uma cadeira de escrit\u00f3rio adequada, porque as de cozinha n\u00e3o foram desenhadas para que voc\u00ea passe longas horas utilizando. Acredite em mim, suas costas ir\u00e3o agradecer.\u00a0<\/p>\n\n\n\n<figure class=\"wp-block-image size-large\"><img loading=\"lazy\" decoding=\"async\" width=\"1024\" height=\"683\" src=\"https:\/\/www.mobly.com.br\/blog\/wp-content\/uploads\/2022\/09\/dicas-de-como-adaptar-um-escritorio-pequeno-1024x683.jpg\" alt=\"\" class=\"wp-image-19673\" srcset=\"https:\/\/www.mobly.com.br\/blog\/wp-content\/uploads\/2022\/09\/dicas-de-como-adaptar-um-escritorio-pequeno-1024x683.jpg 1024w, https:\/\/www.mobly.com.br\/blog\/wp-content\/uploads\/2022\/09\/dicas-de-como-adaptar-um-escritorio-pequeno-512x341.jpg 512w, https:\/\/www.mobly.com.br\/blog\/wp-content\/uploads\/2022\/09\/dicas-de-como-adaptar-um-escritorio-pequeno-768x512.jpg 768w, https:\/\/www.mobly.com.br\/blog\/wp-content\/uploads\/2022\/09\/dicas-de-como-adaptar-um-escritorio-pequeno.jpg 1368w\" sizes=\"auto, (max-width: 1024px) 100vw, 1024px\" \/><\/figure>\n\n\n\n<p>Adapte uma parede com algumas prateleiras ou uma estante para criar espa\u00e7o de armazenamento vertical. Complete pintando uma parede com tinta de quadro-negro e fa\u00e7a suas anota\u00e7\u00f5es, organiza\u00e7\u00f5es e calend\u00e1rios com uma est\u00e9tica para escrit\u00f3rio pequeno e moderno.&nbsp;<\/p>\n\n\n\n<p>Lembrando que, se voc\u00ea tem uma fam\u00edlia grande, a cozinha \u00e9 um lugar movimentado. Se voc\u00ea tem dificuldade de concentra\u00e7\u00e3o, talvez n\u00e3o seja o local mais adequado para voc\u00ea.\u00a0<\/p>\n\n\n\n<figure class=\"wp-block-image size-large\"><img loading=\"lazy\" decoding=\"async\" width=\"1024\" height=\"683\" src=\"https:\/\/www.mobly.com.br\/blog\/wp-content\/uploads\/2022\/09\/decoracao-de-escritorio-pequeno-1024x683.jpg\" alt=\"\" class=\"wp-image-19674\" srcset=\"https:\/\/www.mobly.com.br\/blog\/wp-content\/uploads\/2022\/09\/decoracao-de-escritorio-pequeno-1024x683.jpg 1024w, https:\/\/www.mobly.com.br\/blog\/wp-content\/uploads\/2022\/09\/decoracao-de-escritorio-pequeno-512x341.jpg 512w, https:\/\/www.mobly.com.br\/blog\/wp-content\/uploads\/2022\/09\/decoracao-de-escritorio-pequeno-768x512.jpg 768w, https:\/\/www.mobly.com.br\/blog\/wp-content\/uploads\/2022\/09\/decoracao-de-escritorio-pequeno.jpg 1368w\" sizes=\"auto, (max-width: 1024px) 100vw, 1024px\" \/><\/figure>\n\n\n\n<p><\/p>\n\n\n\n<h2 class=\"wp-block-heading\">4 &#8211; Luz natural<\/h2>\n\n\n\n<p>Eu acredito que, para se trabalhar com qualidade e com um bom estado de esp\u00edrito, exposi\u00e7\u00e3o \u00e0 <a href=\"https:\/\/www.mobly.com.br\/blog\/dicas\/luz-natural\/\">luz natural<\/a> \u00e9 essencial \u2013 com claras exce\u00e7\u00f5es de fun\u00e7\u00f5es que exigem um ambiente escuro (um abra\u00e7o aos nossos amigos editores de v\u00eddeo). <\/p>\n\n\n\n<p>A luz natural ajuda a criar no escrit\u00f3rio pequeno uma atmosfera de calma, que pode ser traduzida como mais produtiva, al\u00e9m de contribuir para a sa\u00fade mental, j\u00e1 que cria uma liga\u00e7\u00e3o entre o espa\u00e7o de trabalho e mundo exterior.\u00a0<\/p>\n\n\n\n<figure class=\"wp-block-gallery has-nested-images columns-default is-cropped wp-block-gallery-2 is-layout-flex wp-block-gallery-is-layout-flex\">\n<figure class=\"wp-block-image size-large\"><img loading=\"lazy\" decoding=\"async\" width=\"912\" height=\"1368\" data-id=\"19676\" src=\"https:\/\/www.mobly.com.br\/blog\/wp-content\/uploads\/2022\/09\/escritorio-pequeno-e-moderno.jpg\" alt=\"\" class=\"wp-image-19676\" srcset=\"https:\/\/www.mobly.com.br\/blog\/wp-content\/uploads\/2022\/09\/escritorio-pequeno-e-moderno.jpg 912w, https:\/\/www.mobly.com.br\/blog\/wp-content\/uploads\/2022\/09\/escritorio-pequeno-e-moderno-341x512.jpg 341w, https:\/\/www.mobly.com.br\/blog\/wp-content\/uploads\/2022\/09\/escritorio-pequeno-e-moderno-683x1024.jpg 683w, https:\/\/www.mobly.com.br\/blog\/wp-content\/uploads\/2022\/09\/escritorio-pequeno-e-moderno-768x1152.jpg 768w\" sizes=\"auto, (max-width: 912px) 100vw, 912px\" \/><\/figure>\n\n\n\n<figure class=\"wp-block-image size-large\"><img loading=\"lazy\" decoding=\"async\" width=\"1000\" height=\"1500\" data-id=\"19675\" src=\"https:\/\/www.mobly.com.br\/blog\/wp-content\/uploads\/2022\/09\/mesa-de-escritorio-pequena.jpg\" alt=\"\" class=\"wp-image-19675\" srcset=\"https:\/\/www.mobly.com.br\/blog\/wp-content\/uploads\/2022\/09\/mesa-de-escritorio-pequena.jpg 1000w, https:\/\/www.mobly.com.br\/blog\/wp-content\/uploads\/2022\/09\/mesa-de-escritorio-pequena-341x512.jpg 341w, https:\/\/www.mobly.com.br\/blog\/wp-content\/uploads\/2022\/09\/mesa-de-escritorio-pequena-683x1024.jpg 683w, https:\/\/www.mobly.com.br\/blog\/wp-content\/uploads\/2022\/09\/mesa-de-escritorio-pequena-768x1152.jpg 768w\" sizes=\"auto, (max-width: 1000px) 100vw, 1000px\" \/><\/figure>\n<\/figure>\n\n\n\n<h2 class=\"wp-block-heading\">5 &#8211; Uma mesa de escrit\u00f3rio pequena na sala de estar<\/h2>\n\n\n\n<p>Essa op\u00e7\u00e3o talvez seja a primeira que vem \u00e0 cabe\u00e7a da maioria das pessoas que tiveram que adaptar um escrit\u00f3rio pequeno dentro de casa. <\/p>\n\n\n\n<p>A sala de estar costuma ser um dos espa\u00e7os mais amplos da casa e ter alguns pontos mortos, onde uma mesa de escrit\u00f3rio pequena pode facilmente ser encaixada. Esse espa\u00e7o \u00e9 interessante especialmente para pessoas que est\u00e3o fazendo dupla jornada no papel de mam\u00e3es e papais. Um olho na planilha, outro nas crian\u00e7as.\u00a0<\/p>\n\n\n\n<figure class=\"wp-block-image size-large\"><img loading=\"lazy\" decoding=\"async\" width=\"1024\" height=\"683\" src=\"https:\/\/www.mobly.com.br\/blog\/wp-content\/uploads\/2022\/09\/escritorio-pequeno-integrado-com-sala-de-estar-1024x683.jpg\" alt=\"\" class=\"wp-image-19677\" srcset=\"https:\/\/www.mobly.com.br\/blog\/wp-content\/uploads\/2022\/09\/escritorio-pequeno-integrado-com-sala-de-estar-1024x683.jpg 1024w, https:\/\/www.mobly.com.br\/blog\/wp-content\/uploads\/2022\/09\/escritorio-pequeno-integrado-com-sala-de-estar-512x341.jpg 512w, https:\/\/www.mobly.com.br\/blog\/wp-content\/uploads\/2022\/09\/escritorio-pequeno-integrado-com-sala-de-estar-768x512.jpg 768w, https:\/\/www.mobly.com.br\/blog\/wp-content\/uploads\/2022\/09\/escritorio-pequeno-integrado-com-sala-de-estar.jpg 1368w\" sizes=\"auto, (max-width: 1024px) 100vw, 1024px\" \/><\/figure>\n\n\n\n<h2 class=\"wp-block-heading\">6 &#8211; Simplicidade para o c\u00e9rebro<\/h2>\n\n\n\n<p>Por mais que voc\u00ea seja uma pessoa super criativa, inovadora e de vanguarda, tente deixar o ambiente de trabalho em seu escrit\u00f3rio pequeno o mais simples poss\u00edvel. Isso \u00e9 calmante para o c\u00e9rebro, que n\u00e3o precisa de grande esfor\u00e7o para fazer o registro do local.&nbsp;<\/p>\n\n\n\n<p>Os g\u00e2nglios basais, localizados no interior da nossa massa cinzenta, s\u00e3o respons\u00e1veis por fazer com que o nosso c\u00e9rebro trabalhe sempre com o m\u00ednimo de esfor\u00e7o desnecess\u00e1rio poss\u00edvel. D\u00ea uma forcinha para os seus g\u00e2nglios e imprima sua personalidade no ambiente, mas sem caos.\u00a0<\/p>\n\n\n\n<figure class=\"wp-block-gallery has-nested-images columns-default is-cropped wp-block-gallery-3 is-layout-flex wp-block-gallery-is-layout-flex\">\n<figure class=\"wp-block-image size-large\"><img loading=\"lazy\" decoding=\"async\" width=\"1228\" height=\"1840\" data-id=\"19678\" src=\"https:\/\/www.mobly.com.br\/blog\/wp-content\/uploads\/2022\/09\/dicas-para-escritorio-pequeno.jpg\" alt=\"\" class=\"wp-image-19678\" srcset=\"https:\/\/www.mobly.com.br\/blog\/wp-content\/uploads\/2022\/09\/dicas-para-escritorio-pequeno.jpg 1228w, https:\/\/www.mobly.com.br\/blog\/wp-content\/uploads\/2022\/09\/dicas-para-escritorio-pequeno-342x512.jpg 342w, https:\/\/www.mobly.com.br\/blog\/wp-content\/uploads\/2022\/09\/dicas-para-escritorio-pequeno-683x1024.jpg 683w, https:\/\/www.mobly.com.br\/blog\/wp-content\/uploads\/2022\/09\/dicas-para-escritorio-pequeno-768x1151.jpg 768w, https:\/\/www.mobly.com.br\/blog\/wp-content\/uploads\/2022\/09\/dicas-para-escritorio-pequeno-1025x1536.jpg 1025w\" sizes=\"auto, (max-width: 1228px) 100vw, 1228px\" \/><\/figure>\n\n\n\n<figure class=\"wp-block-image size-large\"><img loading=\"lazy\" decoding=\"async\" width=\"1228\" height=\"1840\" data-id=\"19680\" src=\"https:\/\/www.mobly.com.br\/blog\/wp-content\/uploads\/2022\/09\/escritorio-pequeno-diferente.jpg\" alt=\"\" class=\"wp-image-19680\" srcset=\"https:\/\/www.mobly.com.br\/blog\/wp-content\/uploads\/2022\/09\/escritorio-pequeno-diferente.jpg 1228w, https:\/\/www.mobly.com.br\/blog\/wp-content\/uploads\/2022\/09\/escritorio-pequeno-diferente-342x512.jpg 342w, https:\/\/www.mobly.com.br\/blog\/wp-content\/uploads\/2022\/09\/escritorio-pequeno-diferente-683x1024.jpg 683w, https:\/\/www.mobly.com.br\/blog\/wp-content\/uploads\/2022\/09\/escritorio-pequeno-diferente-768x1151.jpg 768w, https:\/\/www.mobly.com.br\/blog\/wp-content\/uploads\/2022\/09\/escritorio-pequeno-diferente-1025x1536.jpg 1025w\" sizes=\"auto, (max-width: 1228px) 100vw, 1228px\" \/><\/figure>\n<\/figure>\n\n\n\n<h2 class=\"wp-block-heading\">7 &#8211; Suba na nuvem<\/h2>\n\n\n\n<p>A utiliza\u00e7\u00e3o de servi\u00e7os de armazenamento em nuvens digitais \u00e9 uma alternativa excelente para melhorar a produtividade no seu escrit\u00f3rio pequeno, ocupando menos espa\u00e7o e de forma mais ecol\u00f3gica (bye bye, impressora). <\/p>\n\n\n\n<p>Esse tipo de arquivamento permitir\u00e1 que voc\u00ea utilize seu espa\u00e7o de modo mais funcional, sem a necessidade de grandes arquivos, arm\u00e1rios ou estantes. <\/p>\n\n\n\n<p>Ah, e lembre-se que, trabalhando de forma remota, esses arquivos digitais poder\u00e3o ser mais facilmente compartilhados com outros membros da equipe.\u00a0<\/p>\n\n\n\n<figure class=\"wp-block-image size-large\"><img loading=\"lazy\" decoding=\"async\" width=\"1024\" height=\"747\" src=\"https:\/\/www.mobly.com.br\/blog\/wp-content\/uploads\/2022\/09\/escritorio-pequeno-organizado-1024x747.jpg\" alt=\"\" class=\"wp-image-19681\" srcset=\"https:\/\/www.mobly.com.br\/blog\/wp-content\/uploads\/2022\/09\/escritorio-pequeno-organizado-1024x747.jpg 1024w, https:\/\/www.mobly.com.br\/blog\/wp-content\/uploads\/2022\/09\/escritorio-pequeno-organizado-512x374.jpg 512w, https:\/\/www.mobly.com.br\/blog\/wp-content\/uploads\/2022\/09\/escritorio-pequeno-organizado-768x560.jpg 768w, https:\/\/www.mobly.com.br\/blog\/wp-content\/uploads\/2022\/09\/escritorio-pequeno-organizado-1536x1121.jpg 1536w, https:\/\/www.mobly.com.br\/blog\/wp-content\/uploads\/2022\/09\/escritorio-pequeno-organizado.jpg 1613w\" sizes=\"auto, (max-width: 1024px) 100vw, 1024px\" \/><\/figure>\n\n\n\n<h2 class=\"wp-block-heading\">8 &#8211; Fa\u00e7a um escrit\u00f3rio pequeno no quarto<\/h2>\n\n\n\n<p>N\u00e3o vou mentir para voc\u00ea. Trazer o seu trabalho para o mesmo local em que voc\u00ea dorme n\u00e3o \u00e9 o ideal, afinal \u00e9 importante que haja fronteiras entre a sua vida profissional e pessoal. <\/p>\n\n\n\n<p>Mas se voc\u00ea n\u00e3o tem como contornar essa situa\u00e7\u00e3o, vamos fazer isso da melhor maneira com seu escrit\u00f3rio pequeno. Busque um armazenamento com portas para tudo aquilo que \u00e9 relacionado ao trabalho, como pap\u00e9is, notebook, impressora. <\/p>\n\n\n\n<p>Se poss\u00edvel, crie uma <a href=\"https:\/\/www.mobly.com.br\/blog\/dicas\/divisoria-de-ambiente\/\">divis\u00f3ria de ambiente<\/a>.\u00a0 Isso ajudar\u00e1 com que voc\u00ea tenha a sensa\u00e7\u00e3o de afastamento das tarefas do trabalho na hora de encostar a cabe\u00e7a no travesseiro para o descanso dos justos.\u00a0<\/p>\n\n\n\n<figure class=\"wp-block-image size-large\"><img loading=\"lazy\" decoding=\"async\" width=\"1024\" height=\"683\" src=\"https:\/\/www.mobly.com.br\/blog\/wp-content\/uploads\/2022\/09\/ideias-para-escritorio-pequeno-1024x683.jpg\" alt=\"\" class=\"wp-image-19682\" srcset=\"https:\/\/www.mobly.com.br\/blog\/wp-content\/uploads\/2022\/09\/ideias-para-escritorio-pequeno-1024x683.jpg 1024w, https:\/\/www.mobly.com.br\/blog\/wp-content\/uploads\/2022\/09\/ideias-para-escritorio-pequeno-512x342.jpg 512w, https:\/\/www.mobly.com.br\/blog\/wp-content\/uploads\/2022\/09\/ideias-para-escritorio-pequeno-768x513.jpg 768w, https:\/\/www.mobly.com.br\/blog\/wp-content\/uploads\/2022\/09\/ideias-para-escritorio-pequeno-1536x1025.jpg 1536w, https:\/\/www.mobly.com.br\/blog\/wp-content\/uploads\/2022\/09\/ideias-para-escritorio-pequeno.jpg 1840w\" sizes=\"auto, (max-width: 1024px) 100vw, 1024px\" \/><\/figure>\n\n\n\n<figure class=\"wp-block-gallery has-nested-images columns-default is-cropped wp-block-gallery-4 is-layout-flex wp-block-gallery-is-layout-flex\">\n<figure class=\"wp-block-image size-large\"><img loading=\"lazy\" decoding=\"async\" width=\"1256\" height=\"1845\" data-id=\"19684\" src=\"https:\/\/www.mobly.com.br\/blog\/wp-content\/uploads\/2022\/09\/escritorio-pequeno-no-quarto.jpg\" alt=\"\" class=\"wp-image-19684\" srcset=\"https:\/\/www.mobly.com.br\/blog\/wp-content\/uploads\/2022\/09\/escritorio-pequeno-no-quarto.jpg 1256w, https:\/\/www.mobly.com.br\/blog\/wp-content\/uploads\/2022\/09\/escritorio-pequeno-no-quarto-349x512.jpg 349w, https:\/\/www.mobly.com.br\/blog\/wp-content\/uploads\/2022\/09\/escritorio-pequeno-no-quarto-697x1024.jpg 697w, https:\/\/www.mobly.com.br\/blog\/wp-content\/uploads\/2022\/09\/escritorio-pequeno-no-quarto-768x1128.jpg 768w, https:\/\/www.mobly.com.br\/blog\/wp-content\/uploads\/2022\/09\/escritorio-pequeno-no-quarto-1046x1536.jpg 1046w\" sizes=\"auto, (max-width: 1256px) 100vw, 1256px\" \/><\/figure>\n\n\n\n<figure class=\"wp-block-image size-large\"><img loading=\"lazy\" decoding=\"async\" width=\"1228\" height=\"1840\" data-id=\"19683\" src=\"https:\/\/www.mobly.com.br\/blog\/wp-content\/uploads\/2022\/09\/saiba-como-fazer-um-escritorio-pequeno.jpg\" alt=\"\" class=\"wp-image-19683\" srcset=\"https:\/\/www.mobly.com.br\/blog\/wp-content\/uploads\/2022\/09\/saiba-como-fazer-um-escritorio-pequeno.jpg 1228w, https:\/\/www.mobly.com.br\/blog\/wp-content\/uploads\/2022\/09\/saiba-como-fazer-um-escritorio-pequeno-342x512.jpg 342w, https:\/\/www.mobly.com.br\/blog\/wp-content\/uploads\/2022\/09\/saiba-como-fazer-um-escritorio-pequeno-683x1024.jpg 683w, https:\/\/www.mobly.com.br\/blog\/wp-content\/uploads\/2022\/09\/saiba-como-fazer-um-escritorio-pequeno-768x1151.jpg 768w, https:\/\/www.mobly.com.br\/blog\/wp-content\/uploads\/2022\/09\/saiba-como-fazer-um-escritorio-pequeno-1025x1536.jpg 1025w\" sizes=\"auto, (max-width: 1228px) 100vw, 1228px\" \/><\/figure>\n<\/figure>\n\n\n\n<h2 class=\"wp-block-heading\">9 &#8211; Arandelas no lugar de lumin\u00e1rias<\/h2>\n\n\n\n<p>As arandelas apresentam uma vantagem sutil em rela\u00e7\u00e3o \u00e0s lumin\u00e1rias, mas que em um escrit\u00f3rio pequeno podem fazer grande diferen\u00e7a. Voc\u00ea livra espa\u00e7o da sua mesa para escrit\u00f3rio pequena! Deixando que a sua ilumina\u00e7\u00e3o de mesa fique presa \u00e0 parede, voc\u00ea cria um ambiente muito mais funcional, com mais espa\u00e7o reservado para o que realmente mais importa no seu escrit\u00f3rio pequeno.\u00a0<\/p>\n\n\n\n<figure class=\"wp-block-gallery has-nested-images columns-default is-cropped wp-block-gallery-5 is-layout-flex wp-block-gallery-is-layout-flex\">\n<figure class=\"wp-block-image size-large\"><img loading=\"lazy\" decoding=\"async\" width=\"1228\" height=\"1840\" data-id=\"19686\" src=\"https:\/\/www.mobly.com.br\/blog\/wp-content\/uploads\/2022\/09\/como-decorar-escritorio-pequeno.jpg\" alt=\"\" class=\"wp-image-19686\" srcset=\"https:\/\/www.mobly.com.br\/blog\/wp-content\/uploads\/2022\/09\/como-decorar-escritorio-pequeno.jpg 1228w, https:\/\/www.mobly.com.br\/blog\/wp-content\/uploads\/2022\/09\/como-decorar-escritorio-pequeno-342x512.jpg 342w, https:\/\/www.mobly.com.br\/blog\/wp-content\/uploads\/2022\/09\/como-decorar-escritorio-pequeno-683x1024.jpg 683w, https:\/\/www.mobly.com.br\/blog\/wp-content\/uploads\/2022\/09\/como-decorar-escritorio-pequeno-768x1151.jpg 768w, https:\/\/www.mobly.com.br\/blog\/wp-content\/uploads\/2022\/09\/como-decorar-escritorio-pequeno-1025x1536.jpg 1025w\" sizes=\"auto, (max-width: 1228px) 100vw, 1228px\" \/><\/figure>\n\n\n\n<figure class=\"wp-block-image size-large\"><img loading=\"lazy\" decoding=\"async\" width=\"550\" height=\"825\" data-id=\"19685\" src=\"https:\/\/www.mobly.com.br\/blog\/wp-content\/uploads\/2022\/09\/escritorio-pequeno-ideias.jpg\" alt=\"\" class=\"wp-image-19685\" srcset=\"https:\/\/www.mobly.com.br\/blog\/wp-content\/uploads\/2022\/09\/escritorio-pequeno-ideias.jpg 550w, https:\/\/www.mobly.com.br\/blog\/wp-content\/uploads\/2022\/09\/escritorio-pequeno-ideias-341x512.jpg 341w\" sizes=\"auto, (max-width: 550px) 100vw, 550px\" \/><\/figure>\n<\/figure>\n\n\n\n<p>Agora voc\u00ea est\u00e1 pronto (a) para criar um <strong>escrit\u00f3rio pequeno<\/strong> em qualquer cantinho de casa! Aproveite para conferir outras dicas no nosso blog. Temos certeza que voc\u00ea encontrar\u00e1 ideias incr\u00edveis de decora\u00e7\u00e3o. <\/p>\n<button class=\"simplefavorite-button has-count loading\" data-postid=\"19669\" data-siteid=\"1\" data-groupid=\"1\" data-favoritecount=\"0\" style=\"\">Carregando...<span class=\"sf-icon-spinner-wrapper\"><i class=\"sf-icon-spinner\"><\/i><\/span><\/button>","protected":false},"excerpt":{"rendered":"<p>Com a mudan\u00e7a causada pela pandemia, chegou tamb\u00e9m um desafio: transformar um c\u00f4modo vago em um escrit\u00f3rio pequeno. E ent\u00e3o descobrimos que nosso novo ambiente de trabalho poderia ser adaptado em outros lugares, como um canto mais esquecido do quarto ou da sala \u2013 com a vantagem que, agora, esse espa\u00e7o pode ter mais a sua cara do que nunca. Aqui, separamos nove dicas para adaptar espa\u00e7os de casa em escrit\u00f3rios, al\u00e9m de decora\u00e7\u00e3o de escrit\u00f3rio funcional e elegante que pode te fazer sentir mais produtivo e focado. Segue as dicas para quem deseja um escrit\u00f3rio pequeno: 1 &#8211; Paredes brancas ou em cor clara Eu sempre gosto de come\u00e7ar pelo b\u00e1sico. Se estamos adaptando um espa\u00e7o de casa para transform\u00e1-lo em um escrit\u00f3rio pequeno, o primeiro passo \u00e9 tomar alguma medida para que ele n\u00e3o pare\u00e7a claustrof\u00f3bico. Aposte no branco ou em alguma cor clara nas paredes para que o ambiente pare\u00e7a maior e mais arejado.&nbsp; Lembre-se que esse \u00e9 um ambiente de calma e concentra\u00e7\u00e3o, ent\u00e3o poucos contrastes de cores poder\u00e3o ajudar a deixar a mente mais relaxada. Mantenha uma paleta de cores que siga nesse caminho, como azul, cinza \u2013 um dourado, se precisar de um pouco [&hellip;]<\/p>\n","protected":false},"author":28,"featured_media":19672,"comment_status":"open","ping_status":"open","sticky":false,"template":"","format":"standard","meta":{"extendify_custom_stylesheet":"","_mi_skip_tracking":false,"_monsterinsights_skip_tracking":false,"_monsterinsights_sitenote_active":false,"_monsterinsights_sitenote_note":"","_monsterinsights_sitenote_category":0,"footnotes":""},"categories":[10],"tags":[1294,1295],"class_list":["post-19669","post","type-post","status-publish","format-standard","has-post-thumbnail","hentry","category-dicas","tag-escritorio-2","tag-escritoriopequno"],"yoast_head":"<!-- This site is optimized with the Yoast SEO plugin v24.9 - https:\/\/yoast.com\/wordpress\/plugins\/seo\/ -->\n<title>Escrit\u00f3rio pequeno: 9 dicas que voc\u00ea PRECISA saber | Mobly<\/title>\n<meta name=\"description\" content=\"Separamos as melhores dicas (com fotos) para adaptar um escrit\u00f3rio pequeno em qualquer canto da casa. Venha se inspirar!\" \/>\n<meta name=\"robots\" content=\"index, follow, max-snippet:-1, max-image-preview:large, max-video-preview:-1\" \/>\n<link rel=\"canonical\" href=\"https:\/\/www.mobly.com.br\/blog\/dicas\/escritorio-pequeno\/\" \/>\n<meta property=\"og:locale\" content=\"pt_BR\" \/>\n<meta property=\"og:type\" content=\"article\" \/>\n<meta property=\"og:title\" content=\"Escrit\u00f3rio pequeno: 9 dicas que voc\u00ea PRECISA saber | Mobly\" \/>\n<meta property=\"og:description\" content=\"Separamos as melhores dicas (com fotos) para adaptar um escrit\u00f3rio pequeno em qualquer canto da casa. Venha se inspirar!\" \/>\n<meta property=\"og:url\" content=\"https:\/\/www.mobly.com.br\/blog\/dicas\/escritorio-pequeno\/\" \/>\n<meta property=\"og:site_name\" content=\"Blog da Mobly\" \/>\n<meta property=\"article:published_time\" content=\"2022-09-28T05:03:50+00:00\" \/>\n<meta property=\"article:modified_time\" content=\"2022-09-28T05:03:53+00:00\" \/>\n<meta property=\"og:image\" content=\"https:\/\/www.mobly.com.br\/blog\/wp-content\/uploads\/2022\/09\/escritorio-pequeno.jpg\" \/>\n\t<meta property=\"og:image:width\" content=\"1368\" \/>\n\t<meta property=\"og:image:height\" content=\"912\" \/>\n\t<meta property=\"og:image:type\" content=\"image\/jpeg\" \/>\n<meta name=\"author\" content=\"Jo\u00e3o Pedro Bueno Pinheiro de Andrade\" \/>\n<meta name=\"twitter:card\" content=\"summary_large_image\" \/>\n<meta name=\"twitter:label1\" content=\"Escrito por\" \/>\n\t<meta name=\"twitter:data1\" content=\"Jo\u00e3o Pedro Bueno Pinheiro de Andrade\" \/>\n\t<meta name=\"twitter:label2\" content=\"Est. tempo de leitura\" \/>\n\t<meta name=\"twitter:data2\" content=\"9 minutos\" \/>\n<script type=\"application\/ld+json\" class=\"yoast-schema-graph\">{\"@context\":\"https:\/\/schema.org\",\"@graph\":[{\"@type\":\"WebPage\",\"@id\":\"https:\/\/www.mobly.com.br\/blog\/dicas\/escritorio-pequeno\/\",\"url\":\"https:\/\/www.mobly.com.br\/blog\/dicas\/escritorio-pequeno\/\",\"name\":\"Escrit\u00f3rio pequeno: 9 dicas que voc\u00ea PRECISA saber | Mobly\",\"isPartOf\":{\"@id\":\"https:\/\/www.mobly.com.br\/blog\/#website\"},\"primaryImageOfPage\":{\"@id\":\"https:\/\/www.mobly.com.br\/blog\/dicas\/escritorio-pequeno\/#primaryimage\"},\"image\":{\"@id\":\"https:\/\/www.mobly.com.br\/blog\/dicas\/escritorio-pequeno\/#primaryimage\"},\"thumbnailUrl\":\"https:\/\/www.mobly.com.br\/blog\/wp-content\/uploads\/2022\/09\/escritorio-pequeno.jpg\",\"datePublished\":\"2022-09-28T05:03:50+00:00\",\"dateModified\":\"2022-09-28T05:03:53+00:00\",\"author\":{\"@id\":\"https:\/\/www.mobly.com.br\/blog\/#\/schema\/person\/db29f6ab802a7e981b7faa1a6cd02062\"},\"description\":\"Separamos as melhores dicas (com fotos) para adaptar um escrit\u00f3rio pequeno em qualquer canto da casa. Venha se inspirar!\",\"breadcrumb\":{\"@id\":\"https:\/\/www.mobly.com.br\/blog\/dicas\/escritorio-pequeno\/#breadcrumb\"},\"inLanguage\":\"pt-BR\",\"potentialAction\":[{\"@type\":\"ReadAction\",\"target\":[\"https:\/\/www.mobly.com.br\/blog\/dicas\/escritorio-pequeno\/\"]}]},{\"@type\":\"ImageObject\",\"inLanguage\":\"pt-BR\",\"@id\":\"https:\/\/www.mobly.com.br\/blog\/dicas\/escritorio-pequeno\/#primaryimage\",\"url\":\"https:\/\/www.mobly.com.br\/blog\/wp-content\/uploads\/2022\/09\/escritorio-pequeno.jpg\",\"contentUrl\":\"https:\/\/www.mobly.com.br\/blog\/wp-content\/uploads\/2022\/09\/escritorio-pequeno.jpg\",\"width\":1368,\"height\":912},{\"@type\":\"BreadcrumbList\",\"@id\":\"https:\/\/www.mobly.com.br\/blog\/dicas\/escritorio-pequeno\/#breadcrumb\",\"itemListElement\":[{\"@type\":\"ListItem\",\"position\":1,\"name\":\"Home\",\"item\":\"https:\/\/www.mobly.com.br\/blog\/\"},{\"@type\":\"ListItem\",\"position\":2,\"name\":\"Dicas\",\"item\":\"https:\/\/www.mobly.com.br\/blog\/dicas\/\"},{\"@type\":\"ListItem\",\"position\":3,\"name\":\"Escrit\u00f3rio pequeno: 9 dicas que voc\u00ea PRECISA saber\"}]},{\"@type\":\"WebSite\",\"@id\":\"https:\/\/www.mobly.com.br\/blog\/#website\",\"url\":\"https:\/\/www.mobly.com.br\/blog\/\",\"name\":\"Blog da Mobly\",\"description\":\"Dicas de Decora\u00e7\u00e3o, Inspira\u00e7\u00f5es e Mais\",\"potentialAction\":[{\"@type\":\"SearchAction\",\"target\":{\"@type\":\"EntryPoint\",\"urlTemplate\":\"https:\/\/www.mobly.com.br\/blog\/?s={search_term_string}\"},\"query-input\":{\"@type\":\"PropertyValueSpecification\",\"valueRequired\":true,\"valueName\":\"search_term_string\"}}],\"inLanguage\":\"pt-BR\"},{\"@type\":\"Person\",\"@id\":\"https:\/\/www.mobly.com.br\/blog\/#\/schema\/person\/db29f6ab802a7e981b7faa1a6cd02062\",\"name\":\"Jo\u00e3o Pedro Bueno Pinheiro de Andrade\",\"image\":{\"@type\":\"ImageObject\",\"inLanguage\":\"pt-BR\",\"@id\":\"https:\/\/www.mobly.com.br\/blog\/#\/schema\/person\/image\/\",\"url\":\"https:\/\/secure.gravatar.com\/avatar\/d3c171116476d726a7276d7c25b287f4?s=96&d=mm&r=g\",\"contentUrl\":\"https:\/\/secure.gravatar.com\/avatar\/d3c171116476d726a7276d7c25b287f4?s=96&d=mm&r=g\",\"caption\":\"Jo\u00e3o Pedro Bueno Pinheiro de Andrade\"},\"url\":\"https:\/\/www.mobly.com.br\/blog\/author\/joao-andrade\/\"}]}<\/script>\n<!-- \/ Yoast SEO plugin. -->","yoast_head_json":{"title":"Escrit\u00f3rio pequeno: 9 dicas que voc\u00ea PRECISA saber | Mobly","description":"Separamos as melhores dicas (com fotos) para adaptar um escrit\u00f3rio pequeno em qualquer canto da casa. Venha se inspirar!","robots":{"index":"index","follow":"follow","max-snippet":"max-snippet:-1","max-image-preview":"max-image-preview:large","max-video-preview":"max-video-preview:-1"},"canonical":"https:\/\/www.mobly.com.br\/blog\/dicas\/escritorio-pequeno\/","og_locale":"pt_BR","og_type":"article","og_title":"Escrit\u00f3rio pequeno: 9 dicas que voc\u00ea PRECISA saber | Mobly","og_description":"Separamos as melhores dicas (com fotos) para adaptar um escrit\u00f3rio pequeno em qualquer canto da casa. Venha se inspirar!","og_url":"https:\/\/www.mobly.com.br\/blog\/dicas\/escritorio-pequeno\/","og_site_name":"Blog da Mobly","article_published_time":"2022-09-28T05:03:50+00:00","article_modified_time":"2022-09-28T05:03:53+00:00","og_image":[{"width":1368,"height":912,"url":"https:\/\/www.mobly.com.br\/blog\/wp-content\/uploads\/2022\/09\/escritorio-pequeno.jpg","type":"image\/jpeg"}],"author":"Jo\u00e3o Pedro Bueno Pinheiro de Andrade","twitter_card":"summary_large_image","twitter_misc":{"Escrito por":"Jo\u00e3o Pedro Bueno Pinheiro de Andrade","Est. tempo de leitura":"9 minutos"},"schema":{"@context":"https:\/\/schema.org","@graph":[{"@type":"WebPage","@id":"https:\/\/www.mobly.com.br\/blog\/dicas\/escritorio-pequeno\/","url":"https:\/\/www.mobly.com.br\/blog\/dicas\/escritorio-pequeno\/","name":"Escrit\u00f3rio pequeno: 9 dicas que voc\u00ea PRECISA saber | Mobly","isPartOf":{"@id":"https:\/\/www.mobly.com.br\/blog\/#website"},"primaryImageOfPage":{"@id":"https:\/\/www.mobly.com.br\/blog\/dicas\/escritorio-pequeno\/#primaryimage"},"image":{"@id":"https:\/\/www.mobly.com.br\/blog\/dicas\/escritorio-pequeno\/#primaryimage"},"thumbnailUrl":"https:\/\/www.mobly.com.br\/blog\/wp-content\/uploads\/2022\/09\/escritorio-pequeno.jpg","datePublished":"2022-09-28T05:03:50+00:00","dateModified":"2022-09-28T05:03:53+00:00","author":{"@id":"https:\/\/www.mobly.com.br\/blog\/#\/schema\/person\/db29f6ab802a7e981b7faa1a6cd02062"},"description":"Separamos as melhores dicas (com fotos) para adaptar um escrit\u00f3rio pequeno em qualquer canto da casa. Venha se inspirar!","breadcrumb":{"@id":"https:\/\/www.mobly.com.br\/blog\/dicas\/escritorio-pequeno\/#breadcrumb"},"inLanguage":"pt-BR","potentialAction":[{"@type":"ReadAction","target":["https:\/\/www.mobly.com.br\/blog\/dicas\/escritorio-pequeno\/"]}]},{"@type":"ImageObject","inLanguage":"pt-BR","@id":"https:\/\/www.mobly.com.br\/blog\/dicas\/escritorio-pequeno\/#primaryimage","url":"https:\/\/www.mobly.com.br\/blog\/wp-content\/uploads\/2022\/09\/escritorio-pequeno.jpg","contentUrl":"https:\/\/www.mobly.com.br\/blog\/wp-content\/uploads\/2022\/09\/escritorio-pequeno.jpg","width":1368,"height":912},{"@type":"BreadcrumbList","@id":"https:\/\/www.mobly.com.br\/blog\/dicas\/escritorio-pequeno\/#breadcrumb","itemListElement":[{"@type":"ListItem","position":1,"name":"Home","item":"https:\/\/www.mobly.com.br\/blog\/"},{"@type":"ListItem","position":2,"name":"Dicas","item":"https:\/\/www.mobly.com.br\/blog\/dicas\/"},{"@type":"ListItem","position":3,"name":"Escrit\u00f3rio pequeno: 9 dicas que voc\u00ea PRECISA saber"}]},{"@type":"WebSite","@id":"https:\/\/www.mobly.com.br\/blog\/#website","url":"https:\/\/www.mobly.com.br\/blog\/","name":"Blog da Mobly","description":"Dicas de Decora\u00e7\u00e3o, Inspira\u00e7\u00f5es e Mais","potentialAction":[{"@type":"SearchAction","target":{"@type":"EntryPoint","urlTemplate":"https:\/\/www.mobly.com.br\/blog\/?s={search_term_string}"},"query-input":{"@type":"PropertyValueSpecification","valueRequired":true,"valueName":"search_term_string"}}],"inLanguage":"pt-BR"},{"@type":"Person","@id":"https:\/\/www.mobly.com.br\/blog\/#\/schema\/person\/db29f6ab802a7e981b7faa1a6cd02062","name":"Jo\u00e3o Pedro Bueno Pinheiro de Andrade","image":{"@type":"ImageObject","inLanguage":"pt-BR","@id":"https:\/\/www.mobly.com.br\/blog\/#\/schema\/person\/image\/","url":"https:\/\/secure.gravatar.com\/avatar\/d3c171116476d726a7276d7c25b287f4?s=96&d=mm&r=g","contentUrl":"https:\/\/secure.gravatar.com\/avatar\/d3c171116476d726a7276d7c25b287f4?s=96&d=mm&r=g","caption":"Jo\u00e3o Pedro Bueno Pinheiro de Andrade"},"url":"https:\/\/www.mobly.com.br\/blog\/author\/joao-andrade\/"}]}},"_links":{"self":[{"href":"https:\/\/www.mobly.com.br\/blog\/wp-json\/wp\/v2\/posts\/19669","targetHints":{"allow":["GET"]}}],"collection":[{"href":"https:\/\/www.mobly.com.br\/blog\/wp-json\/wp\/v2\/posts"}],"about":[{"href":"https:\/\/www.mobly.com.br\/blog\/wp-json\/wp\/v2\/types\/post"}],"author":[{"embeddable":true,"href":"https:\/\/www.mobly.com.br\/blog\/wp-json\/wp\/v2\/users\/28"}],"replies":[{"embeddable":true,"href":"https:\/\/www.mobly.com.br\/blog\/wp-json\/wp\/v2\/comments?post=19669"}],"version-history":[{"count":1,"href":"https:\/\/www.mobly.com.br\/blog\/wp-json\/wp\/v2\/posts\/19669\/revisions"}],"predecessor-version":[{"id":19689,"href":"https:\/\/www.mobly.com.br\/blog\/wp-json\/wp\/v2\/posts\/19669\/revisions\/19689"}],"wp:featuredmedia":[{"embeddable":true,"href":"https:\/\/www.mobly.com.br\/blog\/wp-json\/wp\/v2\/media\/19672"}],"wp:attachment":[{"href":"https:\/\/www.mobly.com.br\/blog\/wp-json\/wp\/v2\/media?parent=19669"}],"wp:term":[{"taxonomy":"category","embeddable":true,"href":"https:\/\/www.mobly.com.br\/blog\/wp-json\/wp\/v2\/categories?post=19669"},{"taxonomy":"post_tag","embeddable":true,"href":"https:\/\/www.mobly.com.br\/blog\/wp-json\/wp\/v2\/tags?post=19669"}],"curies":[{"name":"wp","href":"https:\/\/api.w.org\/{rel}","templated":true}]}}