{"id":19616,"date":"2022-09-19T15:14:20","date_gmt":"2022-09-19T18:14:20","guid":{"rendered":"https:\/\/www.mobly.com.br\/blog\/?p=19616"},"modified":"2022-09-19T15:14:23","modified_gmt":"2022-09-19T18:14:23","slug":"cores-da-primavera","status":"publish","type":"post","link":"https:\/\/www.mobly.com.br\/blog\/inspiracoes\/cores-da-primavera\/","title":{"rendered":"Cores da Primavera: saiba como decorar"},"content":{"rendered":"\n<p><em>Aprenda com adicionar as cores da primavera na decora\u00e7\u00e3o do seu doce lar!<\/em><\/p>\n\n\n\n<figure class=\"wp-block-image size-full\"><img loading=\"lazy\" decoding=\"async\" width=\"1000\" height=\"723\" src=\"https:\/\/www.mobly.com.br\/blog\/wp-content\/uploads\/2022\/09\/cores_da_primavera_01.jpg\" alt=\"Quarto com cores da primavera na parede como azul, marrom e rosa. No lado esquerdo, uma poltrona verde, no centro uma cama baixa com roupa de cama branca e diversos acess\u00f3rios.\" class=\"wp-image-19621\" srcset=\"https:\/\/www.mobly.com.br\/blog\/wp-content\/uploads\/2022\/09\/cores_da_primavera_01.jpg 1000w, https:\/\/www.mobly.com.br\/blog\/wp-content\/uploads\/2022\/09\/cores_da_primavera_01-512x370.jpg 512w, https:\/\/www.mobly.com.br\/blog\/wp-content\/uploads\/2022\/09\/cores_da_primavera_01-768x555.jpg 768w\" sizes=\"auto, (max-width: 1000px) 100vw, 1000px\" \/><\/figure>\n\n\n\n<p>Com a <strong>chegada da primavera<\/strong>, nada melhor do que levar <strong>as cores e a alegria<\/strong> da nova esta\u00e7\u00e3o para dentro de casa, n\u00e3o \u00e9? Com pequenas mudan\u00e7as nos seus ambientes &#8211; ou quem sabe uma repagina\u00e7\u00e3o total, \u00e9 poss\u00edvel aproveitar esse clima florido indo al\u00e9m das temperaturas e da paisagem natural.<\/p>\n\n\n\n<h2 class=\"wp-block-heading\">Cores da primavera: por onde come\u00e7ar?<\/h2>\n\n\n\n<figure class=\"wp-block-image size-full\"><img loading=\"lazy\" decoding=\"async\" width=\"1000\" height=\"666\" src=\"https:\/\/www.mobly.com.br\/blog\/wp-content\/uploads\/2022\/09\/cores_da_primavera_02-1.jpg\" alt=\"\" class=\"wp-image-19625\" srcset=\"https:\/\/www.mobly.com.br\/blog\/wp-content\/uploads\/2022\/09\/cores_da_primavera_02-1.jpg 1000w, https:\/\/www.mobly.com.br\/blog\/wp-content\/uploads\/2022\/09\/cores_da_primavera_02-1-512x341.jpg 512w, https:\/\/www.mobly.com.br\/blog\/wp-content\/uploads\/2022\/09\/cores_da_primavera_02-1-768x511.jpg 768w\" sizes=\"auto, (max-width: 1000px) 100vw, 1000px\" \/><\/figure>\n\n\n\n<p>Primeiro de tudo, \u00e9 importante pensar em quais ambientes voc\u00ea quer adicionar as <strong>cores da primavera<\/strong> e como vai fazer isso: alguma parede ser\u00e1 pintada? Apenas acess\u00f3rios ser\u00e3o utilizados? A partir dessas defini\u00e7\u00f5es simples voc\u00ea j\u00e1 consegue dar o primeiro passo!<\/p>\n\n\n\n<figure class=\"wp-block-image size-full\"><img loading=\"lazy\" decoding=\"async\" width=\"1000\" height=\"531\" src=\"https:\/\/www.mobly.com.br\/blog\/wp-content\/uploads\/2022\/09\/cores_da_primavera_03.jpg\" alt=\"Sala de estar com cores da primavera em destaque como terracota na poltrona, verde nas plantas e acess\u00f3rios decorativos coloridos.\" class=\"wp-image-19623\" srcset=\"https:\/\/www.mobly.com.br\/blog\/wp-content\/uploads\/2022\/09\/cores_da_primavera_03.jpg 1000w, https:\/\/www.mobly.com.br\/blog\/wp-content\/uploads\/2022\/09\/cores_da_primavera_03-512x272.jpg 512w, https:\/\/www.mobly.com.br\/blog\/wp-content\/uploads\/2022\/09\/cores_da_primavera_03-768x408.jpg 768w\" sizes=\"auto, (max-width: 1000px) 100vw, 1000px\" \/><\/figure>\n\n\n\n<p>Depois, \u00e9 importante decidir quais as <strong>tonalidades<\/strong> que prefere adicionar \u00e0 sua decora\u00e7\u00e3o, seja em <strong><a href=\"https:\/\/www.mobly.com.br\/blog\/inspiracoes\/tons-pasteis\/\" target=\"_blank\" rel=\"noreferrer noopener\">tons pastel<\/a><\/strong> ou mais fortes. Ao pensar na primavera, vem logo \u00e0 cabe\u00e7a as cores voltadas justamente para a natureza, n\u00e3o \u00e9? Por isso, <strong>verde e terracota<\/strong> s\u00e3o uma boa pedida.<\/p>\n\n\n\n<figure class=\"wp-block-image size-full\"><img loading=\"lazy\" decoding=\"async\" width=\"1000\" height=\"618\" src=\"https:\/\/www.mobly.com.br\/blog\/wp-content\/uploads\/2022\/09\/cores_da_primavera_04.jpg\" alt=\"Sala de estar com cores da primavera como sof\u00e1 e poltrona, rosas, parede roxa e m\u00f3veis em tom de madeira clara\" class=\"wp-image-19626\" srcset=\"https:\/\/www.mobly.com.br\/blog\/wp-content\/uploads\/2022\/09\/cores_da_primavera_04.jpg 1000w, https:\/\/www.mobly.com.br\/blog\/wp-content\/uploads\/2022\/09\/cores_da_primavera_04-512x316.jpg 512w, https:\/\/www.mobly.com.br\/blog\/wp-content\/uploads\/2022\/09\/cores_da_primavera_04-768x475.jpg 768w\" sizes=\"auto, (max-width: 1000px) 100vw, 1000px\" \/><\/figure>\n\n\n\n<p>Mas voc\u00ea tamb\u00e9m pode se inspirar nas flores e levar para dentro do seu lar cores como <strong>roxo, rosa, amarelo, vermelho<\/strong>&#8230; Ah, o azul tamb\u00e9m combina bastante com a primavera, sendo uma excelente op\u00e7\u00e3o para decorar e levar tranquilidade para o seu lar.<\/p>\n\n\n\n<h2 class=\"wp-block-heading\">Combina\u00e7\u00f5es sem defeitos!<\/h2>\n\n\n\n<figure class=\"wp-block-image size-full\"><img loading=\"lazy\" decoding=\"async\" width=\"1000\" height=\"678\" src=\"https:\/\/www.mobly.com.br\/blog\/wp-content\/uploads\/2022\/09\/cores_da_primavera_05.jpg\" alt=\"Sala de estar com diversas cores da primavera como o rosa e amarelo na parede, sof\u00e1 azul, detalhes em roxo e almofadas claras.\" class=\"wp-image-19628\" srcset=\"https:\/\/www.mobly.com.br\/blog\/wp-content\/uploads\/2022\/09\/cores_da_primavera_05.jpg 1000w, https:\/\/www.mobly.com.br\/blog\/wp-content\/uploads\/2022\/09\/cores_da_primavera_05-512x347.jpg 512w, https:\/\/www.mobly.com.br\/blog\/wp-content\/uploads\/2022\/09\/cores_da_primavera_05-768x521.jpg 768w\" sizes=\"auto, (max-width: 1000px) 100vw, 1000px\" \/><\/figure>\n\n\n\n<p>Que a <strong>primavera<\/strong> \u00e9 uma esta\u00e7\u00e3o <strong>cheia de cores<\/strong> a gente j\u00e1 percebeu, mas isso pode acabar gerando algumas d\u00favidas na hora de decorar, afinal, existe alguma regra para fazer as combina\u00e7\u00f5es? <\/p>\n\n\n\n<figure class=\"wp-block-image size-full\"><img loading=\"lazy\" decoding=\"async\" width=\"1000\" height=\"692\" src=\"https:\/\/www.mobly.com.br\/blog\/wp-content\/uploads\/2022\/09\/cores_da_primavera_06.jpg\" alt=\"\" class=\"wp-image-19629\" srcset=\"https:\/\/www.mobly.com.br\/blog\/wp-content\/uploads\/2022\/09\/cores_da_primavera_06.jpg 1000w, https:\/\/www.mobly.com.br\/blog\/wp-content\/uploads\/2022\/09\/cores_da_primavera_06-512x354.jpg 512w, https:\/\/www.mobly.com.br\/blog\/wp-content\/uploads\/2022\/09\/cores_da_primavera_06-768x531.jpg 768w\" sizes=\"auto, (max-width: 1000px) 100vw, 1000px\" \/><\/figure>\n\n\n\n<p>Para adicionar as <strong>cores da primavera<\/strong> no seu lar, voc\u00ea tem a op\u00e7\u00e3o de conquistar um ambiente monocrom\u00e1tico apenas com intensidades diferentes da cor, como \u00e9 o caso dessa sala de estar acima. O rosa est\u00e1 presente em tudo, <strong>tanto nas paredes quanto nos m\u00f3veis<\/strong>, mas cada um tem uma apar\u00eancia diferente.<\/p>\n\n\n\n<figure class=\"wp-block-image size-full\"><img loading=\"lazy\" decoding=\"async\" width=\"1000\" height=\"548\" src=\"https:\/\/www.mobly.com.br\/blog\/wp-content\/uploads\/2022\/09\/cores_da_primavera_07.jpg\" alt=\"\" class=\"wp-image-19630\" srcset=\"https:\/\/www.mobly.com.br\/blog\/wp-content\/uploads\/2022\/09\/cores_da_primavera_07.jpg 1000w, https:\/\/www.mobly.com.br\/blog\/wp-content\/uploads\/2022\/09\/cores_da_primavera_07-512x281.jpg 512w, https:\/\/www.mobly.com.br\/blog\/wp-content\/uploads\/2022\/09\/cores_da_primavera_07-768x421.jpg 768w\" sizes=\"auto, (max-width: 1000px) 100vw, 1000px\" \/><\/figure>\n\n\n\n<p>J\u00e1 nessa outra sala, <strong>a parede se manteve em um tom neutro<\/strong>, e algumas <strong>cores da primavera<\/strong> foram inseridas atrav\u00e9s dos<strong> m\u00f3veis e decorativos<\/strong>.<\/p>\n\n\n\n<p>Vale lembrar que <strong>cada cor transmite uma sensa\u00e7\u00e3o dentro do ambiente<\/strong> e que as combina\u00e7\u00f5es devem ser feitas a partir do seu gosto pessoal. E, claro, o ideal \u00e9 sempre contar com o que voc\u00ea j\u00e1 tem dentro de casa para contribuir com a sua nova decora\u00e7\u00e3o.<\/p>\n\n\n\n<h2 class=\"wp-block-heading\">Conte com ajuda das plantas<\/h2>\n\n\n\n<figure class=\"wp-block-image size-full\"><img loading=\"lazy\" decoding=\"async\" width=\"1000\" height=\"683\" src=\"https:\/\/www.mobly.com.br\/blog\/wp-content\/uploads\/2022\/09\/cores_da_primavera_08.jpg\" alt=\"\" class=\"wp-image-19631\" srcset=\"https:\/\/www.mobly.com.br\/blog\/wp-content\/uploads\/2022\/09\/cores_da_primavera_08.jpg 1000w, https:\/\/www.mobly.com.br\/blog\/wp-content\/uploads\/2022\/09\/cores_da_primavera_08-512x350.jpg 512w, https:\/\/www.mobly.com.br\/blog\/wp-content\/uploads\/2022\/09\/cores_da_primavera_08-768x525.jpg 768w\" sizes=\"auto, (max-width: 1000px) 100vw, 1000px\" \/><\/figure>\n\n\n\n<p>N\u00e3o tem jeito, <strong>as plantas s\u00e3o uma \u00f3tima op\u00e7\u00e3o para decorar a sua casa<\/strong> em qualquer \u00e9poca do ano, mas, na primavera, \u00e9 um <em>match<\/em> mais do que perfeito! <\/p>\n\n\n\n<figure class=\"wp-block-image size-full\"><img loading=\"lazy\" decoding=\"async\" width=\"1000\" height=\"798\" src=\"https:\/\/www.mobly.com.br\/blog\/wp-content\/uploads\/2022\/09\/cores_da_primavera_09.jpg\" alt=\"Sala de jantar com cores da primavera, sendo a parede ao fundo verde, os m\u00f3veis em um tom de madeira m\u00e9dio e plantas espalhadas pela cena\" class=\"wp-image-19632\" srcset=\"https:\/\/www.mobly.com.br\/blog\/wp-content\/uploads\/2022\/09\/cores_da_primavera_09.jpg 1000w, https:\/\/www.mobly.com.br\/blog\/wp-content\/uploads\/2022\/09\/cores_da_primavera_09-512x409.jpg 512w, https:\/\/www.mobly.com.br\/blog\/wp-content\/uploads\/2022\/09\/cores_da_primavera_09-768x613.jpg 768w\" sizes=\"auto, (max-width: 1000px) 100vw, 1000px\" \/><\/figure>\n\n\n\n<p>Se voc\u00ea j\u00e1 \u00e9 daquelas que curte sempre ter um vasinho por perto, uma boa ideia \u00e9 reposicionar as plantas  para o ambiente que quer deixar mais a cara da esta\u00e7\u00e3o. <\/p>\n\n\n\n<figure class=\"wp-block-image size-full\"><img loading=\"lazy\" decoding=\"async\" width=\"1000\" height=\"666\" src=\"https:\/\/www.mobly.com.br\/blog\/wp-content\/uploads\/2022\/09\/cores_da_primavera_10.jpg\" alt=\"\" class=\"wp-image-19633\" srcset=\"https:\/\/www.mobly.com.br\/blog\/wp-content\/uploads\/2022\/09\/cores_da_primavera_10.jpg 1000w, https:\/\/www.mobly.com.br\/blog\/wp-content\/uploads\/2022\/09\/cores_da_primavera_10-512x341.jpg 512w, https:\/\/www.mobly.com.br\/blog\/wp-content\/uploads\/2022\/09\/cores_da_primavera_10-768x511.jpg 768w\" sizes=\"auto, (max-width: 1000px) 100vw, 1000px\" \/><\/figure>\n\n\n\n<p>Mas caso n\u00e3o seja algo muito comum no seu dia a dia, d\u00e1 para inseri-las na decor atrav\u00e9s de <strong>pap\u00e9is de parede, itens decorativos estampados ou at\u00e9 mesmo flores e folhas secas<\/strong>.<\/p>\n\n\n\n<h2 class=\"wp-block-heading\">Nos pequenos detalhes<\/h2>\n\n\n\n<figure class=\"wp-block-image size-full\"><img loading=\"lazy\" decoding=\"async\" width=\"1000\" height=\"684\" src=\"https:\/\/www.mobly.com.br\/blog\/wp-content\/uploads\/2022\/09\/cores_da_primavera_11.jpg\" alt=\"Quarto infantil delicado com cores da primavera, um ber\u00e7o branco ao fundo, parede em dois tons de azul, um banquinho verde \u00e0 frente e um banco 3 lugares em tom de madeira\" class=\"wp-image-19634\" srcset=\"https:\/\/www.mobly.com.br\/blog\/wp-content\/uploads\/2022\/09\/cores_da_primavera_11.jpg 1000w, https:\/\/www.mobly.com.br\/blog\/wp-content\/uploads\/2022\/09\/cores_da_primavera_11-512x350.jpg 512w, https:\/\/www.mobly.com.br\/blog\/wp-content\/uploads\/2022\/09\/cores_da_primavera_11-768x525.jpg 768w\" sizes=\"auto, (max-width: 1000px) 100vw, 1000px\" \/><\/figure>\n\n\n\n<p>N\u00f3s j\u00e1 te mostramos que d\u00e1 para deixar o seu dia a dia muito mais <strong>colorido e agrad\u00e1vel<\/strong> com todas essas cores lindas da primavera. S\u00f3 que n\u00e3o \u00e9 necess\u00e1rio fazer diversas combina\u00e7\u00f5es ou escolher tonalidades diferentes para entrar nessa onda.<\/p>\n\n\n\n<p>Confere esses dois exemplos de <em>home office<\/em> que separamos: sabe o que eles t\u00eam em comum?<strong> A cor diferenciada vem atrav\u00e9s da placa na parede<\/strong>, tanto a azul quanto a rosada, que n\u00e3o demandaram nenhuma pintura definitiva na casa. Aqui os enfeites tamb\u00e9m fazem a diferen\u00e7a, viu? Aposte neles!<\/p>\n\n\n\n<figure class=\"wp-block-image size-large\"><img loading=\"lazy\" decoding=\"async\" width=\"756\" height=\"1024\" src=\"https:\/\/www.mobly.com.br\/blog\/wp-content\/uploads\/2022\/09\/cores_da_primavera_12-756x1024.jpg\" alt=\"\" class=\"wp-image-19635\" srcset=\"https:\/\/www.mobly.com.br\/blog\/wp-content\/uploads\/2022\/09\/cores_da_primavera_12-756x1024.jpg 756w, https:\/\/www.mobly.com.br\/blog\/wp-content\/uploads\/2022\/09\/cores_da_primavera_12-378x512.jpg 378w, https:\/\/www.mobly.com.br\/blog\/wp-content\/uploads\/2022\/09\/cores_da_primavera_12-768x1041.jpg 768w, https:\/\/www.mobly.com.br\/blog\/wp-content\/uploads\/2022\/09\/cores_da_primavera_12.jpg 1000w\" sizes=\"auto, (max-width: 756px) 100vw, 756px\" \/><\/figure>\n\n\n\n<figure class=\"wp-block-image size-full\"><img loading=\"lazy\" decoding=\"async\" width=\"1000\" height=\"733\" src=\"https:\/\/www.mobly.com.br\/blog\/wp-content\/uploads\/2022\/09\/cores_da_primavera_13.jpg\" alt=\"\" class=\"wp-image-19636\" srcset=\"https:\/\/www.mobly.com.br\/blog\/wp-content\/uploads\/2022\/09\/cores_da_primavera_13.jpg 1000w, https:\/\/www.mobly.com.br\/blog\/wp-content\/uploads\/2022\/09\/cores_da_primavera_13-512x375.jpg 512w, https:\/\/www.mobly.com.br\/blog\/wp-content\/uploads\/2022\/09\/cores_da_primavera_13-768x563.jpg 768w\" sizes=\"auto, (max-width: 1000px) 100vw, 1000px\" \/><\/figure>\n\n\n\n<p>J\u00e1 no <strong>quarto infantil<\/strong> abaixo, a cor amarela coloriu meia parede, enquanto o restante da decora\u00e7\u00e3o fica por conta dos tons neutros + uma boa <strong><a href=\"https:\/\/www.mobly.com.br\/blog\/dicas\/luz-natural\/\" target=\"_blank\" rel=\"noreferrer noopener\">luz natural<\/a><\/strong>.<\/p>\n\n\n\n<figure class=\"wp-block-image size-full\"><img loading=\"lazy\" decoding=\"async\" width=\"1000\" height=\"605\" src=\"https:\/\/www.mobly.com.br\/blog\/wp-content\/uploads\/2022\/09\/cores_da_primavera_14.jpg\" alt=\"\" class=\"wp-image-19637\" srcset=\"https:\/\/www.mobly.com.br\/blog\/wp-content\/uploads\/2022\/09\/cores_da_primavera_14.jpg 1000w, https:\/\/www.mobly.com.br\/blog\/wp-content\/uploads\/2022\/09\/cores_da_primavera_14-512x310.jpg 512w, https:\/\/www.mobly.com.br\/blog\/wp-content\/uploads\/2022\/09\/cores_da_primavera_14-768x465.jpg 768w\" sizes=\"auto, (max-width: 1000px) 100vw, 1000px\" \/><\/figure>\n\n\n\n<h2 class=\"wp-block-heading\">Dicas para escolher as cores da primavera ideais<\/h2>\n\n\n\n<figure class=\"wp-block-image size-full\"><img loading=\"lazy\" decoding=\"async\" width=\"1000\" height=\"558\" src=\"https:\/\/www.mobly.com.br\/blog\/wp-content\/uploads\/2022\/09\/cores_da_primavera_15.jpg\" alt=\"Sala de estar com cores da primavera em tonalidades fortes como terracota e azul petr\u00f3leo.\" class=\"wp-image-19638\" srcset=\"https:\/\/www.mobly.com.br\/blog\/wp-content\/uploads\/2022\/09\/cores_da_primavera_15.jpg 1000w, https:\/\/www.mobly.com.br\/blog\/wp-content\/uploads\/2022\/09\/cores_da_primavera_15-512x286.jpg 512w, https:\/\/www.mobly.com.br\/blog\/wp-content\/uploads\/2022\/09\/cores_da_primavera_15-768x429.jpg 768w\" sizes=\"auto, (max-width: 1000px) 100vw, 1000px\" \/><\/figure>\n\n\n\n<p>&#8211; Se n\u00e3o quer grandes reformas, procure <strong>fazer combina\u00e7\u00f5es com a cor principal<\/strong> da sua casa;<\/p>\n\n\n\n<p>&#8211; <strong><a href=\"https:\/\/www.mobly.com.br\/blog\/inspiracoes\/tons-de-verde\/\" target=\"_blank\" rel=\"noreferrer noopener\">Tons de verde<\/a> ou azul<\/strong> s\u00e3o excelentes op\u00e7\u00f5es para quarto, uma vez que conseguem transmitir tranquilidade;<\/p>\n\n\n\n<p>&#8211; Sem medo de ousar? Ent\u00e3o, que tal investir logo em um<strong> roxo ou azul petr\u00f3leo<\/strong> para a parede principal?<\/p>\n\n\n\n<p>&#8211; Conte com a ajuda dos enfeites, almofadas, tapetes e ilumina\u00e7\u00e3o &#8211; <strong>eles t\u00eam o poder de mudar completamente o seu lar<\/strong>!<\/p>\n\n\n\n<p>Gostou das nossas op\u00e7\u00f5es de <strong>cores da primavera<\/strong>? Ent\u00e3o confira mais alguns ambientes para voc\u00ea se inspirar antes de colocar em pr\u00e1tica.<\/p>\n\n\n\n<figure class=\"wp-block-image size-full\"><img loading=\"lazy\" decoding=\"async\" width=\"1000\" height=\"827\" src=\"https:\/\/www.mobly.com.br\/blog\/wp-content\/uploads\/2022\/09\/cores_da_primavera_16.jpg\" alt=\"\" class=\"wp-image-19639\" srcset=\"https:\/\/www.mobly.com.br\/blog\/wp-content\/uploads\/2022\/09\/cores_da_primavera_16.jpg 1000w, https:\/\/www.mobly.com.br\/blog\/wp-content\/uploads\/2022\/09\/cores_da_primavera_16-512x423.jpg 512w, https:\/\/www.mobly.com.br\/blog\/wp-content\/uploads\/2022\/09\/cores_da_primavera_16-768x635.jpg 768w\" sizes=\"auto, (max-width: 1000px) 100vw, 1000px\" \/><\/figure>\n\n\n\n<figure class=\"wp-block-image size-full\"><img loading=\"lazy\" decoding=\"async\" width=\"1000\" height=\"750\" src=\"https:\/\/www.mobly.com.br\/blog\/wp-content\/uploads\/2022\/09\/cores_da_primavera_17.jpg\" alt=\"\" class=\"wp-image-19640\" srcset=\"https:\/\/www.mobly.com.br\/blog\/wp-content\/uploads\/2022\/09\/cores_da_primavera_17.jpg 1000w, https:\/\/www.mobly.com.br\/blog\/wp-content\/uploads\/2022\/09\/cores_da_primavera_17-512x384.jpg 512w, https:\/\/www.mobly.com.br\/blog\/wp-content\/uploads\/2022\/09\/cores_da_primavera_17-768x576.jpg 768w\" sizes=\"auto, (max-width: 1000px) 100vw, 1000px\" \/><\/figure>\n\n\n\n<figure class=\"wp-block-image size-full is-resized\"><img loading=\"lazy\" decoding=\"async\" src=\"https:\/\/www.mobly.com.br\/blog\/wp-content\/uploads\/2022\/09\/cores_da_primavera_18.jpg\" alt=\"\" class=\"wp-image-19641\" width=\"840\" height=\"840\" srcset=\"https:\/\/www.mobly.com.br\/blog\/wp-content\/uploads\/2022\/09\/cores_da_primavera_18.jpg 1000w, https:\/\/www.mobly.com.br\/blog\/wp-content\/uploads\/2022\/09\/cores_da_primavera_18-512x512.jpg 512w, https:\/\/www.mobly.com.br\/blog\/wp-content\/uploads\/2022\/09\/cores_da_primavera_18-300x300.jpg 300w, https:\/\/www.mobly.com.br\/blog\/wp-content\/uploads\/2022\/09\/cores_da_primavera_18-768x768.jpg 768w\" sizes=\"auto, (max-width: 840px) 100vw, 840px\" \/><\/figure>\n\n\n\n<figure class=\"wp-block-image size-full\"><img loading=\"lazy\" decoding=\"async\" width=\"1000\" height=\"664\" src=\"https:\/\/www.mobly.com.br\/blog\/wp-content\/uploads\/2022\/09\/cores_da_primavera_19.jpg\" alt=\"\" class=\"wp-image-19642\" srcset=\"https:\/\/www.mobly.com.br\/blog\/wp-content\/uploads\/2022\/09\/cores_da_primavera_19.jpg 1000w, https:\/\/www.mobly.com.br\/blog\/wp-content\/uploads\/2022\/09\/cores_da_primavera_19-512x340.jpg 512w, https:\/\/www.mobly.com.br\/blog\/wp-content\/uploads\/2022\/09\/cores_da_primavera_19-768x510.jpg 768w\" sizes=\"auto, (max-width: 1000px) 100vw, 1000px\" \/><\/figure>\n\n\n\n<figure class=\"wp-block-image size-full\"><img loading=\"lazy\" decoding=\"async\" width=\"1000\" height=\"766\" src=\"https:\/\/www.mobly.com.br\/blog\/wp-content\/uploads\/2022\/09\/cores_da_primavera_20.jpg\" alt=\"\" class=\"wp-image-19643\" srcset=\"https:\/\/www.mobly.com.br\/blog\/wp-content\/uploads\/2022\/09\/cores_da_primavera_20.jpg 1000w, https:\/\/www.mobly.com.br\/blog\/wp-content\/uploads\/2022\/09\/cores_da_primavera_20-512x392.jpg 512w, https:\/\/www.mobly.com.br\/blog\/wp-content\/uploads\/2022\/09\/cores_da_primavera_20-768x588.jpg 768w\" sizes=\"auto, (max-width: 1000px) 100vw, 1000px\" \/><\/figure>\n\n\n\n<figure class=\"wp-block-image size-full\"><img loading=\"lazy\" decoding=\"async\" width=\"1000\" height=\"576\" src=\"https:\/\/www.mobly.com.br\/blog\/wp-content\/uploads\/2022\/09\/cores_da_primavera_21.jpg\" alt=\"\" class=\"wp-image-19644\" srcset=\"https:\/\/www.mobly.com.br\/blog\/wp-content\/uploads\/2022\/09\/cores_da_primavera_21.jpg 1000w, https:\/\/www.mobly.com.br\/blog\/wp-content\/uploads\/2022\/09\/cores_da_primavera_21-512x295.jpg 512w, https:\/\/www.mobly.com.br\/blog\/wp-content\/uploads\/2022\/09\/cores_da_primavera_21-768x442.jpg 768w\" sizes=\"auto, (max-width: 1000px) 100vw, 1000px\" \/><\/figure>\n\n\n\n<figure class=\"wp-block-image size-full\"><img loading=\"lazy\" decoding=\"async\" width=\"1000\" height=\"705\" src=\"https:\/\/www.mobly.com.br\/blog\/wp-content\/uploads\/2022\/09\/cores_da_primavera_22.jpg\" alt=\"\" class=\"wp-image-19645\" srcset=\"https:\/\/www.mobly.com.br\/blog\/wp-content\/uploads\/2022\/09\/cores_da_primavera_22.jpg 1000w, https:\/\/www.mobly.com.br\/blog\/wp-content\/uploads\/2022\/09\/cores_da_primavera_22-512x361.jpg 512w, https:\/\/www.mobly.com.br\/blog\/wp-content\/uploads\/2022\/09\/cores_da_primavera_22-768x541.jpg 768w\" sizes=\"auto, (max-width: 1000px) 100vw, 1000px\" \/><\/figure>\n<button class=\"simplefavorite-button has-count loading\" data-postid=\"19616\" data-siteid=\"1\" data-groupid=\"1\" data-favoritecount=\"0\" style=\"\">Carregando...<span class=\"sf-icon-spinner-wrapper\"><i class=\"sf-icon-spinner\"><\/i><\/span><\/button>","protected":false},"excerpt":{"rendered":"<p>Aprenda com adicionar as cores da primavera na decora\u00e7\u00e3o do seu doce lar! Com a chegada da primavera, nada melhor do que levar as cores e a alegria da nova esta\u00e7\u00e3o para dentro de casa, n\u00e3o \u00e9? Com pequenas mudan\u00e7as nos seus ambientes &#8211; ou quem sabe uma repagina\u00e7\u00e3o total, \u00e9 poss\u00edvel aproveitar esse clima florido indo al\u00e9m das temperaturas e da paisagem natural. Cores da primavera: por onde come\u00e7ar? Primeiro de tudo, \u00e9 importante pensar em quais ambientes voc\u00ea quer adicionar as cores da primavera e como vai fazer isso: alguma parede ser\u00e1 pintada? Apenas acess\u00f3rios ser\u00e3o utilizados? A partir dessas defini\u00e7\u00f5es simples voc\u00ea j\u00e1 consegue dar o primeiro passo! Depois, \u00e9 importante decidir quais as tonalidades que prefere adicionar \u00e0 sua decora\u00e7\u00e3o, seja em tons pastel ou mais fortes. Ao pensar na primavera, vem logo \u00e0 cabe\u00e7a as cores voltadas justamente para a natureza, n\u00e3o \u00e9? Por isso, verde e terracota s\u00e3o uma boa pedida. Mas voc\u00ea tamb\u00e9m pode se inspirar nas flores e levar para dentro do seu lar cores como roxo, rosa, amarelo, vermelho&#8230; Ah, o azul tamb\u00e9m combina bastante com a primavera, sendo uma excelente op\u00e7\u00e3o para decorar e levar tranquilidade para o seu lar. [&hellip;]<\/p>\n","protected":false},"author":20,"featured_media":19620,"comment_status":"open","ping_status":"open","sticky":false,"template":"","format":"standard","meta":{"extendify_custom_stylesheet":"","_mi_skip_tracking":false,"_monsterinsights_skip_tracking":false,"_monsterinsights_sitenote_active":false,"_monsterinsights_sitenote_note":"","_monsterinsights_sitenote_category":0,"footnotes":""},"categories":[11],"tags":[1288,1287,1289],"class_list":["post-19616","post","type-post","status-publish","format-standard","has-post-thumbnail","hentry","category-inspiracoes","tag-como-usar-cores-da-primavera","tag-cores-da-primavera","tag-dicas-cores-da-primavera"],"yoast_head":"<!-- This site is optimized with the Yoast SEO plugin v24.9 - https:\/\/yoast.com\/wordpress\/plugins\/seo\/ -->\n<title>Cores da Primavera: saiba como decorar | Blog da Mobly<\/title>\n<meta name=\"description\" content=\"Quer mudar a decora\u00e7\u00e3o na \u00e9poca mais colorida do ano? Confira as principais dicas para utilizar as cores da primavera em sua casa!\" \/>\n<meta name=\"robots\" content=\"index, follow, max-snippet:-1, max-image-preview:large, max-video-preview:-1\" \/>\n<link rel=\"canonical\" href=\"https:\/\/www.mobly.com.br\/blog\/inspiracoes\/cores-da-primavera\/\" \/>\n<meta property=\"og:locale\" content=\"pt_BR\" \/>\n<meta property=\"og:type\" content=\"article\" \/>\n<meta property=\"og:title\" content=\"Cores da Primavera: saiba como decorar | Blog da Mobly\" \/>\n<meta property=\"og:description\" content=\"Quer mudar a decora\u00e7\u00e3o na \u00e9poca mais colorida do ano? Confira as principais dicas para utilizar as cores da primavera em sua casa!\" \/>\n<meta property=\"og:url\" content=\"https:\/\/www.mobly.com.br\/blog\/inspiracoes\/cores-da-primavera\/\" \/>\n<meta property=\"og:site_name\" content=\"Blog da Mobly\" \/>\n<meta property=\"article:author\" content=\"maria.mazza\" \/>\n<meta property=\"article:published_time\" content=\"2022-09-19T18:14:20+00:00\" \/>\n<meta property=\"article:modified_time\" content=\"2022-09-19T18:14:23+00:00\" \/>\n<meta property=\"og:image\" content=\"https:\/\/www.mobly.com.br\/blog\/wp-content\/uploads\/2022\/09\/FASE-87-1-scaled.jpg\" \/>\n\t<meta property=\"og:image:width\" content=\"2560\" \/>\n\t<meta property=\"og:image:height\" content=\"1852\" \/>\n\t<meta property=\"og:image:type\" content=\"image\/jpeg\" \/>\n<meta name=\"author\" content=\"Maria Mazza\" \/>\n<meta name=\"twitter:card\" content=\"summary_large_image\" \/>\n<meta name=\"twitter:label1\" content=\"Escrito por\" \/>\n\t<meta name=\"twitter:data1\" content=\"Maria Mazza\" \/>\n\t<meta name=\"twitter:label2\" content=\"Est. tempo de leitura\" \/>\n\t<meta name=\"twitter:data2\" content=\"9 minutos\" \/>\n<script type=\"application\/ld+json\" class=\"yoast-schema-graph\">{\"@context\":\"https:\/\/schema.org\",\"@graph\":[{\"@type\":\"WebPage\",\"@id\":\"https:\/\/www.mobly.com.br\/blog\/inspiracoes\/cores-da-primavera\/\",\"url\":\"https:\/\/www.mobly.com.br\/blog\/inspiracoes\/cores-da-primavera\/\",\"name\":\"Cores da Primavera: saiba como decorar | Blog da Mobly\",\"isPartOf\":{\"@id\":\"https:\/\/www.mobly.com.br\/blog\/#website\"},\"primaryImageOfPage\":{\"@id\":\"https:\/\/www.mobly.com.br\/blog\/inspiracoes\/cores-da-primavera\/#primaryimage\"},\"image\":{\"@id\":\"https:\/\/www.mobly.com.br\/blog\/inspiracoes\/cores-da-primavera\/#primaryimage\"},\"thumbnailUrl\":\"https:\/\/www.mobly.com.br\/blog\/wp-content\/uploads\/2022\/09\/FASE-87-1-scaled.jpg\",\"datePublished\":\"2022-09-19T18:14:20+00:00\",\"dateModified\":\"2022-09-19T18:14:23+00:00\",\"author\":{\"@id\":\"https:\/\/www.mobly.com.br\/blog\/#\/schema\/person\/58f6d703be72894f945c4c6c63abefc5\"},\"description\":\"Quer mudar a decora\u00e7\u00e3o na \u00e9poca mais colorida do ano? Confira as principais dicas para utilizar as cores da primavera em sua casa!\",\"breadcrumb\":{\"@id\":\"https:\/\/www.mobly.com.br\/blog\/inspiracoes\/cores-da-primavera\/#breadcrumb\"},\"inLanguage\":\"pt-BR\",\"potentialAction\":[{\"@type\":\"ReadAction\",\"target\":[\"https:\/\/www.mobly.com.br\/blog\/inspiracoes\/cores-da-primavera\/\"]}]},{\"@type\":\"ImageObject\",\"inLanguage\":\"pt-BR\",\"@id\":\"https:\/\/www.mobly.com.br\/blog\/inspiracoes\/cores-da-primavera\/#primaryimage\",\"url\":\"https:\/\/www.mobly.com.br\/blog\/wp-content\/uploads\/2022\/09\/FASE-87-1-scaled.jpg\",\"contentUrl\":\"https:\/\/www.mobly.com.br\/blog\/wp-content\/uploads\/2022\/09\/FASE-87-1-scaled.jpg\",\"width\":2560,\"height\":1852},{\"@type\":\"BreadcrumbList\",\"@id\":\"https:\/\/www.mobly.com.br\/blog\/inspiracoes\/cores-da-primavera\/#breadcrumb\",\"itemListElement\":[{\"@type\":\"ListItem\",\"position\":1,\"name\":\"Home\",\"item\":\"https:\/\/www.mobly.com.br\/blog\/\"},{\"@type\":\"ListItem\",\"position\":2,\"name\":\"Inspira\u00e7\u00f5es\",\"item\":\"https:\/\/www.mobly.com.br\/blog\/inspiracoes\/\"},{\"@type\":\"ListItem\",\"position\":3,\"name\":\"Cores da Primavera: saiba como decorar\"}]},{\"@type\":\"WebSite\",\"@id\":\"https:\/\/www.mobly.com.br\/blog\/#website\",\"url\":\"https:\/\/www.mobly.com.br\/blog\/\",\"name\":\"Blog da Mobly\",\"description\":\"Dicas de Decora\u00e7\u00e3o, Inspira\u00e7\u00f5es e Mais\",\"potentialAction\":[{\"@type\":\"SearchAction\",\"target\":{\"@type\":\"EntryPoint\",\"urlTemplate\":\"https:\/\/www.mobly.com.br\/blog\/?s={search_term_string}\"},\"query-input\":{\"@type\":\"PropertyValueSpecification\",\"valueRequired\":true,\"valueName\":\"search_term_string\"}}],\"inLanguage\":\"pt-BR\"},{\"@type\":\"Person\",\"@id\":\"https:\/\/www.mobly.com.br\/blog\/#\/schema\/person\/58f6d703be72894f945c4c6c63abefc5\",\"name\":\"Maria Mazza\",\"image\":{\"@type\":\"ImageObject\",\"inLanguage\":\"pt-BR\",\"@id\":\"https:\/\/www.mobly.com.br\/blog\/#\/schema\/person\/image\/\",\"url\":\"https:\/\/secure.gravatar.com\/avatar\/77b133266f58ec3996d75cb776f6d460?s=96&d=mm&r=g\",\"contentUrl\":\"https:\/\/secure.gravatar.com\/avatar\/77b133266f58ec3996d75cb776f6d460?s=96&d=mm&r=g\",\"caption\":\"Maria Mazza\"},\"sameAs\":[\"maria.mazza\"],\"url\":\"https:\/\/www.mobly.com.br\/blog\/author\/maria-mazza\/\"}]}<\/script>\n<!-- \/ Yoast SEO plugin. -->","yoast_head_json":{"title":"Cores da Primavera: saiba como decorar | Blog da Mobly","description":"Quer mudar a decora\u00e7\u00e3o na \u00e9poca mais colorida do ano? Confira as principais dicas para utilizar as cores da primavera em sua casa!","robots":{"index":"index","follow":"follow","max-snippet":"max-snippet:-1","max-image-preview":"max-image-preview:large","max-video-preview":"max-video-preview:-1"},"canonical":"https:\/\/www.mobly.com.br\/blog\/inspiracoes\/cores-da-primavera\/","og_locale":"pt_BR","og_type":"article","og_title":"Cores da Primavera: saiba como decorar | Blog da Mobly","og_description":"Quer mudar a decora\u00e7\u00e3o na \u00e9poca mais colorida do ano? Confira as principais dicas para utilizar as cores da primavera em sua casa!","og_url":"https:\/\/www.mobly.com.br\/blog\/inspiracoes\/cores-da-primavera\/","og_site_name":"Blog da Mobly","article_author":"maria.mazza","article_published_time":"2022-09-19T18:14:20+00:00","article_modified_time":"2022-09-19T18:14:23+00:00","og_image":[{"width":2560,"height":1852,"url":"https:\/\/www.mobly.com.br\/blog\/wp-content\/uploads\/2022\/09\/FASE-87-1-scaled.jpg","type":"image\/jpeg"}],"author":"Maria Mazza","twitter_card":"summary_large_image","twitter_misc":{"Escrito por":"Maria Mazza","Est. tempo de leitura":"9 minutos"},"schema":{"@context":"https:\/\/schema.org","@graph":[{"@type":"WebPage","@id":"https:\/\/www.mobly.com.br\/blog\/inspiracoes\/cores-da-primavera\/","url":"https:\/\/www.mobly.com.br\/blog\/inspiracoes\/cores-da-primavera\/","name":"Cores da Primavera: saiba como decorar | Blog da Mobly","isPartOf":{"@id":"https:\/\/www.mobly.com.br\/blog\/#website"},"primaryImageOfPage":{"@id":"https:\/\/www.mobly.com.br\/blog\/inspiracoes\/cores-da-primavera\/#primaryimage"},"image":{"@id":"https:\/\/www.mobly.com.br\/blog\/inspiracoes\/cores-da-primavera\/#primaryimage"},"thumbnailUrl":"https:\/\/www.mobly.com.br\/blog\/wp-content\/uploads\/2022\/09\/FASE-87-1-scaled.jpg","datePublished":"2022-09-19T18:14:20+00:00","dateModified":"2022-09-19T18:14:23+00:00","author":{"@id":"https:\/\/www.mobly.com.br\/blog\/#\/schema\/person\/58f6d703be72894f945c4c6c63abefc5"},"description":"Quer mudar a decora\u00e7\u00e3o na \u00e9poca mais colorida do ano? Confira as principais dicas para utilizar as cores da primavera em sua casa!","breadcrumb":{"@id":"https:\/\/www.mobly.com.br\/blog\/inspiracoes\/cores-da-primavera\/#breadcrumb"},"inLanguage":"pt-BR","potentialAction":[{"@type":"ReadAction","target":["https:\/\/www.mobly.com.br\/blog\/inspiracoes\/cores-da-primavera\/"]}]},{"@type":"ImageObject","inLanguage":"pt-BR","@id":"https:\/\/www.mobly.com.br\/blog\/inspiracoes\/cores-da-primavera\/#primaryimage","url":"https:\/\/www.mobly.com.br\/blog\/wp-content\/uploads\/2022\/09\/FASE-87-1-scaled.jpg","contentUrl":"https:\/\/www.mobly.com.br\/blog\/wp-content\/uploads\/2022\/09\/FASE-87-1-scaled.jpg","width":2560,"height":1852},{"@type":"BreadcrumbList","@id":"https:\/\/www.mobly.com.br\/blog\/inspiracoes\/cores-da-primavera\/#breadcrumb","itemListElement":[{"@type":"ListItem","position":1,"name":"Home","item":"https:\/\/www.mobly.com.br\/blog\/"},{"@type":"ListItem","position":2,"name":"Inspira\u00e7\u00f5es","item":"https:\/\/www.mobly.com.br\/blog\/inspiracoes\/"},{"@type":"ListItem","position":3,"name":"Cores da Primavera: saiba como decorar"}]},{"@type":"WebSite","@id":"https:\/\/www.mobly.com.br\/blog\/#website","url":"https:\/\/www.mobly.com.br\/blog\/","name":"Blog da Mobly","description":"Dicas de Decora\u00e7\u00e3o, Inspira\u00e7\u00f5es e Mais","potentialAction":[{"@type":"SearchAction","target":{"@type":"EntryPoint","urlTemplate":"https:\/\/www.mobly.com.br\/blog\/?s={search_term_string}"},"query-input":{"@type":"PropertyValueSpecification","valueRequired":true,"valueName":"search_term_string"}}],"inLanguage":"pt-BR"},{"@type":"Person","@id":"https:\/\/www.mobly.com.br\/blog\/#\/schema\/person\/58f6d703be72894f945c4c6c63abefc5","name":"Maria Mazza","image":{"@type":"ImageObject","inLanguage":"pt-BR","@id":"https:\/\/www.mobly.com.br\/blog\/#\/schema\/person\/image\/","url":"https:\/\/secure.gravatar.com\/avatar\/77b133266f58ec3996d75cb776f6d460?s=96&d=mm&r=g","contentUrl":"https:\/\/secure.gravatar.com\/avatar\/77b133266f58ec3996d75cb776f6d460?s=96&d=mm&r=g","caption":"Maria Mazza"},"sameAs":["maria.mazza"],"url":"https:\/\/www.mobly.com.br\/blog\/author\/maria-mazza\/"}]}},"_links":{"self":[{"href":"https:\/\/www.mobly.com.br\/blog\/wp-json\/wp\/v2\/posts\/19616","targetHints":{"allow":["GET"]}}],"collection":[{"href":"https:\/\/www.mobly.com.br\/blog\/wp-json\/wp\/v2\/posts"}],"about":[{"href":"https:\/\/www.mobly.com.br\/blog\/wp-json\/wp\/v2\/types\/post"}],"author":[{"embeddable":true,"href":"https:\/\/www.mobly.com.br\/blog\/wp-json\/wp\/v2\/users\/20"}],"replies":[{"embeddable":true,"href":"https:\/\/www.mobly.com.br\/blog\/wp-json\/wp\/v2\/comments?post=19616"}],"version-history":[{"count":3,"href":"https:\/\/www.mobly.com.br\/blog\/wp-json\/wp\/v2\/posts\/19616\/revisions"}],"predecessor-version":[{"id":19647,"href":"https:\/\/www.mobly.com.br\/blog\/wp-json\/wp\/v2\/posts\/19616\/revisions\/19647"}],"wp:featuredmedia":[{"embeddable":true,"href":"https:\/\/www.mobly.com.br\/blog\/wp-json\/wp\/v2\/media\/19620"}],"wp:attachment":[{"href":"https:\/\/www.mobly.com.br\/blog\/wp-json\/wp\/v2\/media?parent=19616"}],"wp:term":[{"taxonomy":"category","embeddable":true,"href":"https:\/\/www.mobly.com.br\/blog\/wp-json\/wp\/v2\/categories?post=19616"},{"taxonomy":"post_tag","embeddable":true,"href":"https:\/\/www.mobly.com.br\/blog\/wp-json\/wp\/v2\/tags?post=19616"}],"curies":[{"name":"wp","href":"https:\/\/api.w.org\/{rel}","templated":true}]}}