{"id":19588,"date":"2022-09-06T00:53:53","date_gmt":"2022-09-06T03:53:53","guid":{"rendered":"https:\/\/www.mobly.com.br\/blog\/?p=19588"},"modified":"2022-09-06T00:53:56","modified_gmt":"2022-09-06T03:53:56","slug":"aniversario-em-casa","status":"publish","type":"post","link":"https:\/\/www.mobly.com.br\/blog\/dicas\/aniversario-em-casa\/","title":{"rendered":"Anivers\u00e1rio em casa: 9 formas de organizar"},"content":{"rendered":"\n<p>N\u00e3o importa se voc\u00ea ama comemorar <strong>anivers\u00e1rio em casa<\/strong> ou foge como diabo da cruz da ideia de estar envelhecendo mais um ano. <\/p>\n\n\n\n<p>Voc\u00ea h\u00e1 de concordar que essa data \u00e9 uma das raras ocasi\u00f5es onde voc\u00ea pode juntar diversas pessoas que s\u00e3o importantes para voc\u00ea em um \u00fanico ambiente para bater papo, dar risada e comer coisas gostosas. (Sem contar que \u00e9 uma daquelas ocasi\u00f5es extraordin\u00e1rias onde pessoas de n\u00facleos diferentes da sua vida se encontram e acabam por formar grupos de conversa muito improv\u00e1veis \u2013 tipo o seu chefe e a sua av\u00f3 trocando receitas de arroz doce.)<\/p>\n\n\n\n<p>Convenhamos que a data \u00e9 especial e voc\u00ea deveria estar fazendo algo para celebrar mais um marco na sua vida. Por isso, separamos aqui nove ideias para que voc\u00ea possa acrescentar um pouco mais de \u201c\u00e9 pique\u201d nos seus \u201cmuitos anos de vida\u201d. Se liga nas dicas de como comemorar anivers\u00e1rio em casa!<\/p>\n\n\n\n<figure class=\"wp-block-image size-full\"><img loading=\"lazy\" decoding=\"async\" width=\"1016\" height=\"1016\" src=\"https:\/\/www.mobly.com.br\/blog\/wp-content\/uploads\/2022\/09\/Aniversario-em-Casa.jpg\" alt=\"\" class=\"wp-image-19601\" srcset=\"https:\/\/www.mobly.com.br\/blog\/wp-content\/uploads\/2022\/09\/Aniversario-em-Casa.jpg 1016w, https:\/\/www.mobly.com.br\/blog\/wp-content\/uploads\/2022\/09\/Aniversario-em-Casa-512x512.jpg 512w, https:\/\/www.mobly.com.br\/blog\/wp-content\/uploads\/2022\/09\/Aniversario-em-Casa-300x300.jpg 300w, https:\/\/www.mobly.com.br\/blog\/wp-content\/uploads\/2022\/09\/Aniversario-em-Casa-768x768.jpg 768w\" sizes=\"auto, (max-width: 1016px) 100vw, 1016px\" \/><\/figure>\n\n\n\n<p><\/p>\n\n\n\n<h2 class=\"wp-block-heading\">1 &#8211; Festa tem\u00e1tica<\/h2>\n\n\n\n<p>N\u00e3o importa se essa \u00e9 uma festa simples em casa, comemora\u00e7\u00f5es tem\u00e1ticas s\u00e3o muito divertidas. Escolha um mote e compre bolo, lembrancinhas e decora\u00e7\u00e3o de anivers\u00e1rio em casa que conversem com essa ideia.&nbsp;<\/p>\n\n\n\n<p>Alguns exemplos de conceitos s\u00e3o cineminha, onde voc\u00ea faz pipoca, compra refrigerante e bombons e a fam\u00edlia se re\u00fane para assistir aquele filme de sess\u00e3o da tarde que todo mundo ama; festa do pijama, com todos os seus amigos com essas roupinhas mais confort\u00e1veis; <em>game party<\/em>, onde voc\u00ea e seus convidados trazem seus jogos favoritos, de tabuleiro ou eletr\u00f4nicos, para uma grande competi\u00e7\u00e3o; <em>dance party<\/em>, com um estrobo alugado e as suas m\u00fasicas favoritas tocando no talo e todos dan\u00e7ando no meio da sala \u2013 e por a\u00ed vai. <\/p>\n\n\n\n<p>A imagina\u00e7\u00e3o \u00e9 o limite.\u00a0<\/p>\n\n\n\n<figure class=\"wp-block-gallery has-nested-images columns-default is-cropped wp-block-gallery-1 is-layout-flex wp-block-gallery-is-layout-flex\">\n<figure class=\"wp-block-image size-large\"><img loading=\"lazy\" decoding=\"async\" width=\"1000\" height=\"1500\" data-id=\"19589\" src=\"https:\/\/www.mobly.com.br\/blog\/wp-content\/uploads\/2022\/09\/Aniversario-em-Casa-Temas.jpg\" alt=\"\" class=\"wp-image-19589\" srcset=\"https:\/\/www.mobly.com.br\/blog\/wp-content\/uploads\/2022\/09\/Aniversario-em-Casa-Temas.jpg 1000w, https:\/\/www.mobly.com.br\/blog\/wp-content\/uploads\/2022\/09\/Aniversario-em-Casa-Temas-341x512.jpg 341w, https:\/\/www.mobly.com.br\/blog\/wp-content\/uploads\/2022\/09\/Aniversario-em-Casa-Temas-683x1024.jpg 683w, https:\/\/www.mobly.com.br\/blog\/wp-content\/uploads\/2022\/09\/Aniversario-em-Casa-Temas-768x1152.jpg 768w\" sizes=\"auto, (max-width: 1000px) 100vw, 1000px\" \/><\/figure>\n\n\n\n<figure class=\"wp-block-image size-large\"><img loading=\"lazy\" decoding=\"async\" width=\"1228\" height=\"1840\" data-id=\"19590\" src=\"https:\/\/www.mobly.com.br\/blog\/wp-content\/uploads\/2022\/09\/Como-comemorar-aniversario-em-casa.jpg\" alt=\"\" class=\"wp-image-19590\" srcset=\"https:\/\/www.mobly.com.br\/blog\/wp-content\/uploads\/2022\/09\/Como-comemorar-aniversario-em-casa.jpg 1228w, https:\/\/www.mobly.com.br\/blog\/wp-content\/uploads\/2022\/09\/Como-comemorar-aniversario-em-casa-342x512.jpg 342w, https:\/\/www.mobly.com.br\/blog\/wp-content\/uploads\/2022\/09\/Como-comemorar-aniversario-em-casa-683x1024.jpg 683w, https:\/\/www.mobly.com.br\/blog\/wp-content\/uploads\/2022\/09\/Como-comemorar-aniversario-em-casa-768x1151.jpg 768w, https:\/\/www.mobly.com.br\/blog\/wp-content\/uploads\/2022\/09\/Como-comemorar-aniversario-em-casa-1025x1536.jpg 1025w\" sizes=\"auto, (max-width: 1228px) 100vw, 1228px\" \/><\/figure>\n<\/figure>\n\n\n\n<h2 class=\"wp-block-heading\">2 &#8211; Meninos trazem salgado, meninas trazem doce<\/h2>\n\n\n\n<p>Eu acredito que n\u00e3o vale a pena ficar mais velho se voc\u00ea n\u00e3o tiver s\u00f3dio, a\u00e7\u00facar e fritura para te deixar feliz, por isso uma boa ideia para comemorar anivers\u00e1rio em casa \u00e9 combinar um tremendo banquete. Pe\u00e7a para que cada convidado leve um prato de doce ou salgado ou uma bebida e celebre mais um ano de vida enfiando a cara em um prato cheio de del\u00edcias.\u00a0<\/p>\n\n\n\n<figure class=\"wp-block-image size-large\"><img loading=\"lazy\" decoding=\"async\" width=\"1024\" height=\"567\" src=\"https:\/\/www.mobly.com.br\/blog\/wp-content\/uploads\/2022\/09\/Dicas-aniversario-em-casa--1024x567.jpg\" alt=\"\" class=\"wp-image-19591\" srcset=\"https:\/\/www.mobly.com.br\/blog\/wp-content\/uploads\/2022\/09\/Dicas-aniversario-em-casa--1024x567.jpg 1024w, https:\/\/www.mobly.com.br\/blog\/wp-content\/uploads\/2022\/09\/Dicas-aniversario-em-casa--512x284.jpg 512w, https:\/\/www.mobly.com.br\/blog\/wp-content\/uploads\/2022\/09\/Dicas-aniversario-em-casa--768x425.jpg 768w, https:\/\/www.mobly.com.br\/blog\/wp-content\/uploads\/2022\/09\/Dicas-aniversario-em-casa--1536x851.jpg 1536w, https:\/\/www.mobly.com.br\/blog\/wp-content\/uploads\/2022\/09\/Dicas-aniversario-em-casa-.jpg 1764w\" sizes=\"auto, (max-width: 1024px) 100vw, 1024px\" \/><\/figure>\n\n\n\n<p><\/p>\n\n\n\n<h2 class=\"wp-block-heading\">3 &#8211; Spa Day<\/h2>\n\n\n\n<p>Olha, voc\u00ea trabalha muito, \u00e9 uma pessoa honesta, faz carinho em cachorro de rua e sempre respeita seus av\u00f3s. Eu acho que voc\u00ea merece relaxar e cuidar de si no seu anivers\u00e1rio em casa, concorda? Ent\u00e3o, \u00f3timo! Uma maneira deliciosa de comemorar \u00e9 com um dia de spa sem sair de casa.&nbsp;<\/p>\n\n\n\n<p>Prepare tudo com anteced\u00eancia. Convide somente as pessoas mais pr\u00f3ximas, <em>a la petit comit\u00e9<\/em> &#8211; ou n\u00e3o convide ningu\u00e9m. \u00c9 um momento seu! M\u00e1scaras faciais, hidratantes, uma vela perfumada e uma m\u00fasica bem calminha para dar o tom. Se decidiu convidar mais gente, combinem de trocarem massagens. Voc\u00ea merece.\u00a0<\/p>\n\n\n\n<figure class=\"wp-block-image size-large\"><img loading=\"lazy\" decoding=\"async\" width=\"1024\" height=\"683\" src=\"https:\/\/www.mobly.com.br\/blog\/wp-content\/uploads\/2022\/09\/Aniver-em-Casa-1024x683.jpg\" alt=\"\" class=\"wp-image-19592\" srcset=\"https:\/\/www.mobly.com.br\/blog\/wp-content\/uploads\/2022\/09\/Aniver-em-Casa-1024x683.jpg 1024w, https:\/\/www.mobly.com.br\/blog\/wp-content\/uploads\/2022\/09\/Aniver-em-Casa-512x341.jpg 512w, https:\/\/www.mobly.com.br\/blog\/wp-content\/uploads\/2022\/09\/Aniver-em-Casa-768x512.jpg 768w, https:\/\/www.mobly.com.br\/blog\/wp-content\/uploads\/2022\/09\/Aniver-em-Casa.jpg 1368w\" sizes=\"auto, (max-width: 1024px) 100vw, 1024px\" \/><\/figure>\n\n\n\n<p><\/p>\n\n\n\n<h2 class=\"wp-block-heading\">4 &#8211; Decore como se n\u00e3o houvesse amanh\u00e3<\/h2>\n\n\n\n<p>Se a festa de anivers\u00e1rio simples em casa n\u00e3o for para voc\u00ea, mas voc\u00ea est\u00e1 na organiza\u00e7\u00e3o, essa dica \u00e9 sua. N\u00e3o economize na decora\u00e7\u00e3o de festa de anivers\u00e1rio em casa. O tema da <a href=\"https:\/\/www.mobly.com.br\/blog\/dicas\/festa-em-casa\/\">festa em casa<\/a> \u00e9 o aniversariante e tudo que ele\/a gosta! Use bandeirinhas, fotos da pessoa celebrada, cartazes feitos a m\u00e3o, <em>post-its<\/em> com recados fofos. Aproveite velhas fotos de anivers\u00e1rio em casa. Decore porta, parede e teto! Cubra o ch\u00e3o com bal\u00f5es coloridos \u2013 se der para ver o assoalho, ainda n\u00e3o foram bal\u00f5es o bastante.\u00a0<\/p>\n\n\n\n<p><\/p>\n\n\n\n<figure class=\"wp-block-image size-large\"><img loading=\"lazy\" decoding=\"async\" width=\"1024\" height=\"683\" src=\"https:\/\/www.mobly.com.br\/blog\/wp-content\/uploads\/2022\/09\/Dicas-para-comemorar-aniversario-em-casa-1-1024x683.jpg\" alt=\"\" class=\"wp-image-19594\" srcset=\"https:\/\/www.mobly.com.br\/blog\/wp-content\/uploads\/2022\/09\/Dicas-para-comemorar-aniversario-em-casa-1-1024x683.jpg 1024w, https:\/\/www.mobly.com.br\/blog\/wp-content\/uploads\/2022\/09\/Dicas-para-comemorar-aniversario-em-casa-1-512x342.jpg 512w, https:\/\/www.mobly.com.br\/blog\/wp-content\/uploads\/2022\/09\/Dicas-para-comemorar-aniversario-em-casa-1-768x513.jpg 768w, https:\/\/www.mobly.com.br\/blog\/wp-content\/uploads\/2022\/09\/Dicas-para-comemorar-aniversario-em-casa-1-1536x1025.jpg 1536w, https:\/\/www.mobly.com.br\/blog\/wp-content\/uploads\/2022\/09\/Dicas-para-comemorar-aniversario-em-casa-1.jpg 1840w\" sizes=\"auto, (max-width: 1024px) 100vw, 1024px\" \/><\/figure>\n\n\n\n<figure class=\"wp-block-image size-large\"><img loading=\"lazy\" decoding=\"async\" width=\"1024\" height=\"683\" src=\"https:\/\/www.mobly.com.br\/blog\/wp-content\/uploads\/2022\/09\/Comemoracao-de-aniversario-em-casa-1024x683.jpg\" alt=\"\" class=\"wp-image-19595\" srcset=\"https:\/\/www.mobly.com.br\/blog\/wp-content\/uploads\/2022\/09\/Comemoracao-de-aniversario-em-casa-1024x683.jpg 1024w, https:\/\/www.mobly.com.br\/blog\/wp-content\/uploads\/2022\/09\/Comemoracao-de-aniversario-em-casa-512x341.jpg 512w, https:\/\/www.mobly.com.br\/blog\/wp-content\/uploads\/2022\/09\/Comemoracao-de-aniversario-em-casa-768x512.jpg 768w, https:\/\/www.mobly.com.br\/blog\/wp-content\/uploads\/2022\/09\/Comemoracao-de-aniversario-em-casa.jpg 1368w\" sizes=\"auto, (max-width: 1024px) 100vw, 1024px\" \/><\/figure>\n\n\n\n<h2 class=\"wp-block-heading\">5 &#8211; Degusta\u00e7\u00e3o de vinhos<\/h2>\n\n\n\n<p>Se a sua <em>vibe<\/em> for outra, talvez um lance mais sofisticado, n\u00e3o tem problema. Vamos fazer uma del\u00edcia de degusta\u00e7\u00e3o de vinhos. Basta comprar os seus r\u00f3tulos favoritos no mercado e pedir que cada um de seus amigos traga os que eles mais gostam tamb\u00e9m.&nbsp;<\/p>\n\n\n\n<p>Combine com comidinhas como peixes e frutos do mar para vinhos brancos, como Chardonnay e Sauvignon Blanc, queijos para vinhos tintos mais leves, como Pinot Noir, embutidos para vinhos tintos fortes como Cabernet e Merlot.&nbsp;<\/p>\n\n\n\n<p>Ali\u00e1s, j\u00e1 que estamos elevando o n\u00edvel da festa de anivers\u00e1rio em casa, por que parar por aqui? Mesmo se tiver uma <a href=\"https:\/\/www.mobly.com.br\/blog\/dicas\/area-gourmet-pequena\/\">\u00e1rea gourmet pequena<\/a>, estabele\u00e7a um<em> dress code sport chic<\/em>, selecione jazz e bossa nova em um volume agrad\u00e1vel no som e fa\u00e7a um brinde com champagne em ta\u00e7as compridas.\u00a0<\/p>\n\n\n\n<figure class=\"wp-block-image size-large\"><img loading=\"lazy\" decoding=\"async\" width=\"682\" height=\"1024\" src=\"https:\/\/www.mobly.com.br\/blog\/wp-content\/uploads\/2022\/09\/Decoracao-Aniversario-em-Casa-682x1024.jpg\" alt=\"\" class=\"wp-image-19596\" srcset=\"https:\/\/www.mobly.com.br\/blog\/wp-content\/uploads\/2022\/09\/Decoracao-Aniversario-em-Casa-682x1024.jpg 682w, https:\/\/www.mobly.com.br\/blog\/wp-content\/uploads\/2022\/09\/Decoracao-Aniversario-em-Casa-341x512.jpg 341w, https:\/\/www.mobly.com.br\/blog\/wp-content\/uploads\/2022\/09\/Decoracao-Aniversario-em-Casa-768x1153.jpg 768w, https:\/\/www.mobly.com.br\/blog\/wp-content\/uploads\/2022\/09\/Decoracao-Aniversario-em-Casa.jpg 912w\" sizes=\"auto, (max-width: 682px) 100vw, 682px\" \/><\/figure>\n\n\n\n<p><\/p>\n\n\n\n<h2 class=\"wp-block-heading\">6 &#8211; Churrasco n\u00e3o falha&#8230;<\/h2>\n\n\n\n<p>&#8230; a n\u00e3o ser no frio, na chuva e no veganismo. Mas se se nenhum desses for o caso, aproveite a data e o tempo bom para juntar os amigos nesse cl\u00e1ssico tupiniquim. Prepare as carnes e acompanhamentos, as bebidas bem geladas e aquele som no talo.&nbsp;<\/p>\n\n\n\n<p>Ali\u00e1s, j\u00e1 que eu falei de bebidas geladas, n\u00e3o se apegue somente \u00e0 convencional cerveja. Essa pode ser uma boa oportunidade para voc\u00ea aprender a fazer alguns <em>drinks<\/em>, como mojitos, caipirinhas, pi\u00f1a coladas e margaritas \u2013 e ainda dar um <em>up<\/em> na sua <a href=\"https:\/\/www.mobly.com.br\/blog\/dicas\/decoracao-de-area-externa-7-dicas\/\">decora\u00e7\u00e3o de \u00e1rea externa<\/a>.\u00a0<\/p>\n\n\n\n<p><\/p>\n\n\n\n<figure class=\"wp-block-image size-large\"><img loading=\"lazy\" decoding=\"async\" width=\"1024\" height=\"683\" src=\"https:\/\/www.mobly.com.br\/blog\/wp-content\/uploads\/2022\/09\/FASE-47-49-1-1024x683.jpg\" alt=\"\" class=\"wp-image-19598\" srcset=\"https:\/\/www.mobly.com.br\/blog\/wp-content\/uploads\/2022\/09\/FASE-47-49-1-1024x683.jpg 1024w, https:\/\/www.mobly.com.br\/blog\/wp-content\/uploads\/2022\/09\/FASE-47-49-1-512x341.jpg 512w, https:\/\/www.mobly.com.br\/blog\/wp-content\/uploads\/2022\/09\/FASE-47-49-1-768x512.jpg 768w, https:\/\/www.mobly.com.br\/blog\/wp-content\/uploads\/2022\/09\/FASE-47-49-1-1536x1024.jpg 1536w, https:\/\/www.mobly.com.br\/blog\/wp-content\/uploads\/2022\/09\/FASE-47-49-1-2048x1365.jpg 2048w\" sizes=\"auto, (max-width: 1024px) 100vw, 1024px\" \/><\/figure>\n\n\n\n<h2 class=\"wp-block-heading\">7 &#8211; Os favoritos<\/h2>\n\n\n\n<p>Esse dia \u00e9 para o aniversariante, que deve ser celebrado e mimado sem limites \u2013 principalmente se esse algu\u00e9m for voc\u00ea. Ent\u00e3o comemore selecionando as atividades favoritas do celebrado\/a, como pratos favoritos de caf\u00e9 da manh\u00e3, almo\u00e7o e janta, filme favorito, jogo favorito, livro favorito, m\u00fasicas favoritas, etc.\u00a0<\/p>\n\n\n\n<figure class=\"wp-block-image size-large\"><img loading=\"lazy\" decoding=\"async\" width=\"1024\" height=\"683\" src=\"https:\/\/www.mobly.com.br\/blog\/wp-content\/uploads\/2022\/09\/Ideias-para-Aniversaro-em-Casa-1024x683.jpg\" alt=\"\" class=\"wp-image-19599\" srcset=\"https:\/\/www.mobly.com.br\/blog\/wp-content\/uploads\/2022\/09\/Ideias-para-Aniversaro-em-Casa-1024x683.jpg 1024w, https:\/\/www.mobly.com.br\/blog\/wp-content\/uploads\/2022\/09\/Ideias-para-Aniversaro-em-Casa-512x341.jpg 512w, https:\/\/www.mobly.com.br\/blog\/wp-content\/uploads\/2022\/09\/Ideias-para-Aniversaro-em-Casa-768x512.jpg 768w, https:\/\/www.mobly.com.br\/blog\/wp-content\/uploads\/2022\/09\/Ideias-para-Aniversaro-em-Casa-1536x1024.jpg 1536w, https:\/\/www.mobly.com.br\/blog\/wp-content\/uploads\/2022\/09\/Ideias-para-Aniversaro-em-Casa.jpg 1680w\" sizes=\"auto, (max-width: 1024px) 100vw, 1024px\" \/><\/figure>\n\n\n\n<p><\/p>\n\n\n\n<h2 class=\"wp-block-heading\">8 &#8211; Dia do sim<\/h2>\n\n\n\n<p>Essa \u00e9 a combina\u00e7\u00e3o perfeita para maridos e esposas de \u201cvoc\u00ea n\u00e3o vai se arrepender\u201d com \u201cn\u00e3o fa\u00e7a isso\u201d. Combine que o dia do anivers\u00e1rio em casa ser\u00e1 o \u201cdia do sim\u201d, ou seja, tudo que o\/a aniversariante propor dever\u00e1 ser acatado sem questionamentos (na medida do bom senso, claro!).&nbsp;<\/p>\n\n\n\n<p>Isso pode resultar em atividades muito legais como: sorvete no caf\u00e9 da manh\u00e3? Sim!; passar o dia todo de pijama no sof\u00e1? Sim!, jogar v\u00eddeo game o dia todo? Sim!. Mas tamb\u00e9m pode resultar em tarefa que v\u00e3o te custar caro, como: maratona daquela s\u00e9rie que voc\u00ea odeia e seu c\u00f4njuge ama? sim : ( ;fazer toda a faxina da casa? sim : ( ;assistir aquela partida do esporte que voc\u00ea detesta, acompanhando o time que voc\u00ea n\u00e3o torce? sim : ( .\u00a0\u00a0\u00a0<\/p>\n\n\n\n<figure class=\"wp-block-image size-large\"><img loading=\"lazy\" decoding=\"async\" width=\"1024\" height=\"577\" src=\"https:\/\/www.mobly.com.br\/blog\/wp-content\/uploads\/2022\/09\/Ideias-parta-aniversario-em-casa-1024x577.jpg\" alt=\"\" class=\"wp-image-19600\" srcset=\"https:\/\/www.mobly.com.br\/blog\/wp-content\/uploads\/2022\/09\/Ideias-parta-aniversario-em-casa-1024x577.jpg 1024w, https:\/\/www.mobly.com.br\/blog\/wp-content\/uploads\/2022\/09\/Ideias-parta-aniversario-em-casa-512x288.jpg 512w, https:\/\/www.mobly.com.br\/blog\/wp-content\/uploads\/2022\/09\/Ideias-parta-aniversario-em-casa-768x433.jpg 768w, https:\/\/www.mobly.com.br\/blog\/wp-content\/uploads\/2022\/09\/Ideias-parta-aniversario-em-casa-1536x865.jpg 1536w, https:\/\/www.mobly.com.br\/blog\/wp-content\/uploads\/2022\/09\/Ideias-parta-aniversario-em-casa.jpg 1740w\" sizes=\"auto, (max-width: 1024px) 100vw, 1024px\" \/><\/figure>\n\n\n\n<p><\/p>\n\n\n\n<h2 class=\"wp-block-heading\">9 &#8211; Noite do karaok\u00ea<\/h2>\n\n\n\n<p>Hoje em dia \u00e9 uma coisa t\u00e3o simples de fazer que voc\u00ea nem precisa de aparelhagem em casa, j\u00e1 que existem canais no YouTube prontos s\u00f3 para isso \u2013 mas se quiser &#8211; e puder &#8211; alugar, melhor ainda.&nbsp;<\/p>\n\n\n\n<p>Junte seus amigos e cantem as suas m\u00fasicas favoritas em plenos pulm\u00f5es. Invente uma competi\u00e7\u00e3o de quem canta melhor, quem fez a melhor performance, que dupla fez o melhor cover de Sandy e J\u00fanior.&nbsp;<\/p>\n\n\n\n<p>E voc\u00ea? Como gosta de celebrar seu anivers\u00e1rio em casa? Deixe suas dicas aqui abaixo para que outras pessoas possam se inspirar tamb\u00e9m.&nbsp;<\/p>\n<button class=\"simplefavorite-button has-count loading\" data-postid=\"19588\" data-siteid=\"1\" data-groupid=\"1\" data-favoritecount=\"0\" style=\"\">Carregando...<span class=\"sf-icon-spinner-wrapper\"><i class=\"sf-icon-spinner\"><\/i><\/span><\/button>","protected":false},"excerpt":{"rendered":"<p>N\u00e3o importa se voc\u00ea ama comemorar anivers\u00e1rio em casa ou foge como diabo da cruz da ideia de estar envelhecendo mais um ano. Voc\u00ea h\u00e1 de concordar que essa data \u00e9 uma das raras ocasi\u00f5es onde voc\u00ea pode juntar diversas pessoas que s\u00e3o importantes para voc\u00ea em um \u00fanico ambiente para bater papo, dar risada e comer coisas gostosas. (Sem contar que \u00e9 uma daquelas ocasi\u00f5es extraordin\u00e1rias onde pessoas de n\u00facleos diferentes da sua vida se encontram e acabam por formar grupos de conversa muito improv\u00e1veis \u2013 tipo o seu chefe e a sua av\u00f3 trocando receitas de arroz doce.) Convenhamos que a data \u00e9 especial e voc\u00ea deveria estar fazendo algo para celebrar mais um marco na sua vida. Por isso, separamos aqui nove ideias para que voc\u00ea possa acrescentar um pouco mais de \u201c\u00e9 pique\u201d nos seus \u201cmuitos anos de vida\u201d. Se liga nas dicas de como comemorar anivers\u00e1rio em casa! 1 &#8211; Festa tem\u00e1tica N\u00e3o importa se essa \u00e9 uma festa simples em casa, comemora\u00e7\u00f5es tem\u00e1ticas s\u00e3o muito divertidas. Escolha um mote e compre bolo, lembrancinhas e decora\u00e7\u00e3o de anivers\u00e1rio em casa que conversem com essa ideia.&nbsp; Alguns exemplos de conceitos s\u00e3o cineminha, onde voc\u00ea faz pipoca, [&hellip;]<\/p>\n","protected":false},"author":28,"featured_media":19591,"comment_status":"open","ping_status":"open","sticky":false,"template":"","format":"standard","meta":{"extendify_custom_stylesheet":"","_mi_skip_tracking":false,"_monsterinsights_skip_tracking":false,"_monsterinsights_sitenote_active":false,"_monsterinsights_sitenote_note":"","_monsterinsights_sitenote_category":0,"footnotes":""},"categories":[10],"tags":[1283,1284,1252],"class_list":["post-19588","post","type-post","status-publish","format-standard","has-post-thumbnail","hentry","category-dicas","tag-aniversario","tag-aniversarioemcasa","tag-dicas-2"],"yoast_head":"<!-- This site is optimized with the Yoast SEO plugin v24.9 - https:\/\/yoast.com\/wordpress\/plugins\/seo\/ -->\n<title>Anivers\u00e1rio em Casa: 9 formas de organizar | Mobly<\/title>\n<meta name=\"description\" content=\"A data \u00e9 especial e voc\u00ea pode fazer algo para celebrar mais um marco na sua vida. Confira nossas dicas para comemorar anivers\u00e1rio em casa!\" \/>\n<meta name=\"robots\" content=\"index, follow, max-snippet:-1, max-image-preview:large, max-video-preview:-1\" \/>\n<link rel=\"canonical\" href=\"https:\/\/www.mobly.com.br\/blog\/dicas\/aniversario-em-casa\/\" \/>\n<meta property=\"og:locale\" content=\"pt_BR\" \/>\n<meta property=\"og:type\" content=\"article\" \/>\n<meta property=\"og:title\" content=\"Anivers\u00e1rio em Casa: 9 formas de organizar | Mobly\" \/>\n<meta property=\"og:description\" content=\"A data \u00e9 especial e voc\u00ea pode fazer algo para celebrar mais um marco na sua vida. Confira nossas dicas para comemorar anivers\u00e1rio em casa!\" \/>\n<meta property=\"og:url\" content=\"https:\/\/www.mobly.com.br\/blog\/dicas\/aniversario-em-casa\/\" \/>\n<meta property=\"og:site_name\" content=\"Blog da Mobly\" \/>\n<meta property=\"article:published_time\" content=\"2022-09-06T03:53:53+00:00\" \/>\n<meta property=\"article:modified_time\" content=\"2022-09-06T03:53:56+00:00\" \/>\n<meta property=\"og:image\" content=\"https:\/\/www.mobly.com.br\/blog\/wp-content\/uploads\/2022\/09\/Dicas-aniversario-em-casa-.jpg\" \/>\n\t<meta property=\"og:image:width\" content=\"1764\" \/>\n\t<meta property=\"og:image:height\" content=\"977\" \/>\n\t<meta property=\"og:image:type\" content=\"image\/jpeg\" \/>\n<meta name=\"author\" content=\"Jo\u00e3o Pedro Bueno Pinheiro de Andrade\" \/>\n<meta name=\"twitter:card\" content=\"summary_large_image\" \/>\n<meta name=\"twitter:label1\" content=\"Escrito por\" \/>\n\t<meta name=\"twitter:data1\" content=\"Jo\u00e3o Pedro Bueno Pinheiro de Andrade\" \/>\n\t<meta name=\"twitter:label2\" content=\"Est. tempo de leitura\" \/>\n\t<meta name=\"twitter:data2\" content=\"9 minutos\" \/>\n<script type=\"application\/ld+json\" class=\"yoast-schema-graph\">{\"@context\":\"https:\/\/schema.org\",\"@graph\":[{\"@type\":\"WebPage\",\"@id\":\"https:\/\/www.mobly.com.br\/blog\/dicas\/aniversario-em-casa\/\",\"url\":\"https:\/\/www.mobly.com.br\/blog\/dicas\/aniversario-em-casa\/\",\"name\":\"Anivers\u00e1rio em Casa: 9 formas de organizar | Mobly\",\"isPartOf\":{\"@id\":\"https:\/\/www.mobly.com.br\/blog\/#website\"},\"primaryImageOfPage\":{\"@id\":\"https:\/\/www.mobly.com.br\/blog\/dicas\/aniversario-em-casa\/#primaryimage\"},\"image\":{\"@id\":\"https:\/\/www.mobly.com.br\/blog\/dicas\/aniversario-em-casa\/#primaryimage\"},\"thumbnailUrl\":\"https:\/\/www.mobly.com.br\/blog\/wp-content\/uploads\/2022\/09\/Dicas-aniversario-em-casa-.jpg\",\"datePublished\":\"2022-09-06T03:53:53+00:00\",\"dateModified\":\"2022-09-06T03:53:56+00:00\",\"author\":{\"@id\":\"https:\/\/www.mobly.com.br\/blog\/#\/schema\/person\/db29f6ab802a7e981b7faa1a6cd02062\"},\"description\":\"A data \u00e9 especial e voc\u00ea pode fazer algo para celebrar mais um marco na sua vida. Confira nossas dicas para comemorar anivers\u00e1rio em casa!\",\"breadcrumb\":{\"@id\":\"https:\/\/www.mobly.com.br\/blog\/dicas\/aniversario-em-casa\/#breadcrumb\"},\"inLanguage\":\"pt-BR\",\"potentialAction\":[{\"@type\":\"ReadAction\",\"target\":[\"https:\/\/www.mobly.com.br\/blog\/dicas\/aniversario-em-casa\/\"]}]},{\"@type\":\"ImageObject\",\"inLanguage\":\"pt-BR\",\"@id\":\"https:\/\/www.mobly.com.br\/blog\/dicas\/aniversario-em-casa\/#primaryimage\",\"url\":\"https:\/\/www.mobly.com.br\/blog\/wp-content\/uploads\/2022\/09\/Dicas-aniversario-em-casa-.jpg\",\"contentUrl\":\"https:\/\/www.mobly.com.br\/blog\/wp-content\/uploads\/2022\/09\/Dicas-aniversario-em-casa-.jpg\",\"width\":1764,\"height\":977},{\"@type\":\"BreadcrumbList\",\"@id\":\"https:\/\/www.mobly.com.br\/blog\/dicas\/aniversario-em-casa\/#breadcrumb\",\"itemListElement\":[{\"@type\":\"ListItem\",\"position\":1,\"name\":\"Home\",\"item\":\"https:\/\/www.mobly.com.br\/blog\/\"},{\"@type\":\"ListItem\",\"position\":2,\"name\":\"Dicas\",\"item\":\"https:\/\/www.mobly.com.br\/blog\/dicas\/\"},{\"@type\":\"ListItem\",\"position\":3,\"name\":\"Anivers\u00e1rio em casa: 9 formas de organizar\"}]},{\"@type\":\"WebSite\",\"@id\":\"https:\/\/www.mobly.com.br\/blog\/#website\",\"url\":\"https:\/\/www.mobly.com.br\/blog\/\",\"name\":\"Blog da Mobly\",\"description\":\"Dicas de Decora\u00e7\u00e3o, Inspira\u00e7\u00f5es e Mais\",\"potentialAction\":[{\"@type\":\"SearchAction\",\"target\":{\"@type\":\"EntryPoint\",\"urlTemplate\":\"https:\/\/www.mobly.com.br\/blog\/?s={search_term_string}\"},\"query-input\":{\"@type\":\"PropertyValueSpecification\",\"valueRequired\":true,\"valueName\":\"search_term_string\"}}],\"inLanguage\":\"pt-BR\"},{\"@type\":\"Person\",\"@id\":\"https:\/\/www.mobly.com.br\/blog\/#\/schema\/person\/db29f6ab802a7e981b7faa1a6cd02062\",\"name\":\"Jo\u00e3o Pedro Bueno Pinheiro de Andrade\",\"image\":{\"@type\":\"ImageObject\",\"inLanguage\":\"pt-BR\",\"@id\":\"https:\/\/www.mobly.com.br\/blog\/#\/schema\/person\/image\/\",\"url\":\"https:\/\/secure.gravatar.com\/avatar\/d3c171116476d726a7276d7c25b287f4?s=96&d=mm&r=g\",\"contentUrl\":\"https:\/\/secure.gravatar.com\/avatar\/d3c171116476d726a7276d7c25b287f4?s=96&d=mm&r=g\",\"caption\":\"Jo\u00e3o Pedro Bueno Pinheiro de Andrade\"},\"url\":\"https:\/\/www.mobly.com.br\/blog\/author\/joao-andrade\/\"}]}<\/script>\n<!-- \/ Yoast SEO plugin. -->","yoast_head_json":{"title":"Anivers\u00e1rio em Casa: 9 formas de organizar | Mobly","description":"A data \u00e9 especial e voc\u00ea pode fazer algo para celebrar mais um marco na sua vida. Confira nossas dicas para comemorar anivers\u00e1rio em casa!","robots":{"index":"index","follow":"follow","max-snippet":"max-snippet:-1","max-image-preview":"max-image-preview:large","max-video-preview":"max-video-preview:-1"},"canonical":"https:\/\/www.mobly.com.br\/blog\/dicas\/aniversario-em-casa\/","og_locale":"pt_BR","og_type":"article","og_title":"Anivers\u00e1rio em Casa: 9 formas de organizar | Mobly","og_description":"A data \u00e9 especial e voc\u00ea pode fazer algo para celebrar mais um marco na sua vida. Confira nossas dicas para comemorar anivers\u00e1rio em casa!","og_url":"https:\/\/www.mobly.com.br\/blog\/dicas\/aniversario-em-casa\/","og_site_name":"Blog da Mobly","article_published_time":"2022-09-06T03:53:53+00:00","article_modified_time":"2022-09-06T03:53:56+00:00","og_image":[{"width":1764,"height":977,"url":"https:\/\/www.mobly.com.br\/blog\/wp-content\/uploads\/2022\/09\/Dicas-aniversario-em-casa-.jpg","type":"image\/jpeg"}],"author":"Jo\u00e3o Pedro Bueno Pinheiro de Andrade","twitter_card":"summary_large_image","twitter_misc":{"Escrito por":"Jo\u00e3o Pedro Bueno Pinheiro de Andrade","Est. tempo de leitura":"9 minutos"},"schema":{"@context":"https:\/\/schema.org","@graph":[{"@type":"WebPage","@id":"https:\/\/www.mobly.com.br\/blog\/dicas\/aniversario-em-casa\/","url":"https:\/\/www.mobly.com.br\/blog\/dicas\/aniversario-em-casa\/","name":"Anivers\u00e1rio em Casa: 9 formas de organizar | Mobly","isPartOf":{"@id":"https:\/\/www.mobly.com.br\/blog\/#website"},"primaryImageOfPage":{"@id":"https:\/\/www.mobly.com.br\/blog\/dicas\/aniversario-em-casa\/#primaryimage"},"image":{"@id":"https:\/\/www.mobly.com.br\/blog\/dicas\/aniversario-em-casa\/#primaryimage"},"thumbnailUrl":"https:\/\/www.mobly.com.br\/blog\/wp-content\/uploads\/2022\/09\/Dicas-aniversario-em-casa-.jpg","datePublished":"2022-09-06T03:53:53+00:00","dateModified":"2022-09-06T03:53:56+00:00","author":{"@id":"https:\/\/www.mobly.com.br\/blog\/#\/schema\/person\/db29f6ab802a7e981b7faa1a6cd02062"},"description":"A data \u00e9 especial e voc\u00ea pode fazer algo para celebrar mais um marco na sua vida. Confira nossas dicas para comemorar anivers\u00e1rio em casa!","breadcrumb":{"@id":"https:\/\/www.mobly.com.br\/blog\/dicas\/aniversario-em-casa\/#breadcrumb"},"inLanguage":"pt-BR","potentialAction":[{"@type":"ReadAction","target":["https:\/\/www.mobly.com.br\/blog\/dicas\/aniversario-em-casa\/"]}]},{"@type":"ImageObject","inLanguage":"pt-BR","@id":"https:\/\/www.mobly.com.br\/blog\/dicas\/aniversario-em-casa\/#primaryimage","url":"https:\/\/www.mobly.com.br\/blog\/wp-content\/uploads\/2022\/09\/Dicas-aniversario-em-casa-.jpg","contentUrl":"https:\/\/www.mobly.com.br\/blog\/wp-content\/uploads\/2022\/09\/Dicas-aniversario-em-casa-.jpg","width":1764,"height":977},{"@type":"BreadcrumbList","@id":"https:\/\/www.mobly.com.br\/blog\/dicas\/aniversario-em-casa\/#breadcrumb","itemListElement":[{"@type":"ListItem","position":1,"name":"Home","item":"https:\/\/www.mobly.com.br\/blog\/"},{"@type":"ListItem","position":2,"name":"Dicas","item":"https:\/\/www.mobly.com.br\/blog\/dicas\/"},{"@type":"ListItem","position":3,"name":"Anivers\u00e1rio em casa: 9 formas de organizar"}]},{"@type":"WebSite","@id":"https:\/\/www.mobly.com.br\/blog\/#website","url":"https:\/\/www.mobly.com.br\/blog\/","name":"Blog da Mobly","description":"Dicas de Decora\u00e7\u00e3o, Inspira\u00e7\u00f5es e Mais","potentialAction":[{"@type":"SearchAction","target":{"@type":"EntryPoint","urlTemplate":"https:\/\/www.mobly.com.br\/blog\/?s={search_term_string}"},"query-input":{"@type":"PropertyValueSpecification","valueRequired":true,"valueName":"search_term_string"}}],"inLanguage":"pt-BR"},{"@type":"Person","@id":"https:\/\/www.mobly.com.br\/blog\/#\/schema\/person\/db29f6ab802a7e981b7faa1a6cd02062","name":"Jo\u00e3o Pedro Bueno Pinheiro de Andrade","image":{"@type":"ImageObject","inLanguage":"pt-BR","@id":"https:\/\/www.mobly.com.br\/blog\/#\/schema\/person\/image\/","url":"https:\/\/secure.gravatar.com\/avatar\/d3c171116476d726a7276d7c25b287f4?s=96&d=mm&r=g","contentUrl":"https:\/\/secure.gravatar.com\/avatar\/d3c171116476d726a7276d7c25b287f4?s=96&d=mm&r=g","caption":"Jo\u00e3o Pedro Bueno Pinheiro de Andrade"},"url":"https:\/\/www.mobly.com.br\/blog\/author\/joao-andrade\/"}]}},"_links":{"self":[{"href":"https:\/\/www.mobly.com.br\/blog\/wp-json\/wp\/v2\/posts\/19588","targetHints":{"allow":["GET"]}}],"collection":[{"href":"https:\/\/www.mobly.com.br\/blog\/wp-json\/wp\/v2\/posts"}],"about":[{"href":"https:\/\/www.mobly.com.br\/blog\/wp-json\/wp\/v2\/types\/post"}],"author":[{"embeddable":true,"href":"https:\/\/www.mobly.com.br\/blog\/wp-json\/wp\/v2\/users\/28"}],"replies":[{"embeddable":true,"href":"https:\/\/www.mobly.com.br\/blog\/wp-json\/wp\/v2\/comments?post=19588"}],"version-history":[{"count":1,"href":"https:\/\/www.mobly.com.br\/blog\/wp-json\/wp\/v2\/posts\/19588\/revisions"}],"predecessor-version":[{"id":19604,"href":"https:\/\/www.mobly.com.br\/blog\/wp-json\/wp\/v2\/posts\/19588\/revisions\/19604"}],"wp:featuredmedia":[{"embeddable":true,"href":"https:\/\/www.mobly.com.br\/blog\/wp-json\/wp\/v2\/media\/19591"}],"wp:attachment":[{"href":"https:\/\/www.mobly.com.br\/blog\/wp-json\/wp\/v2\/media?parent=19588"}],"wp:term":[{"taxonomy":"category","embeddable":true,"href":"https:\/\/www.mobly.com.br\/blog\/wp-json\/wp\/v2\/categories?post=19588"},{"taxonomy":"post_tag","embeddable":true,"href":"https:\/\/www.mobly.com.br\/blog\/wp-json\/wp\/v2\/tags?post=19588"}],"curies":[{"name":"wp","href":"https:\/\/api.w.org\/{rel}","templated":true}]}}