{"id":19544,"date":"2022-08-22T14:39:19","date_gmt":"2022-08-22T17:39:19","guid":{"rendered":"https:\/\/www.mobly.com.br\/blog\/?p=19544"},"modified":"2025-05-21T15:34:56","modified_gmt":"2025-05-21T18:34:56","slug":"tons-de-verde","status":"publish","type":"post","link":"https:\/\/www.mobly.com.br\/blog\/inspiracoes\/tons-de-verde\/","title":{"rendered":"Tons de verde: +30 ideias para usar na decora\u00e7\u00e3o"},"content":{"rendered":"\n<p><em>Quer adicionar tons de verde na sua decora\u00e7\u00e3o e n\u00e3o sabe por onde come\u00e7ar? Inspire-se nessa sele\u00e7\u00e3o de ambientes!<\/em><\/p>\n\n\n\n<figure class=\"wp-block-image size-full\"><img loading=\"lazy\" decoding=\"async\" width=\"1000\" height=\"667\" src=\"https:\/\/www.mobly.com.br\/blog\/wp-content\/uploads\/2022\/08\/tons_de_verde_01.jpg\" alt=\"Sala de estar com cores verdes presentes na parede, m\u00f3veis e decora\u00e7\u00e3o\" class=\"wp-image-19547\" srcset=\"https:\/\/www.mobly.com.br\/blog\/wp-content\/uploads\/2022\/08\/tons_de_verde_01.jpg 1000w, https:\/\/www.mobly.com.br\/blog\/wp-content\/uploads\/2022\/08\/tons_de_verde_01-512x342.jpg 512w, https:\/\/www.mobly.com.br\/blog\/wp-content\/uploads\/2022\/08\/tons_de_verde_01-768x512.jpg 768w\" sizes=\"auto, (max-width: 1000px) 100vw, 1000px\" \/><\/figure>\n\n\n\n<p>N\u00e3o tem como negar: <strong>as cores fazem parte da nossa vida<\/strong>! E quando o assunto \u00e9 <strong>decorar o lar<\/strong>, elas est\u00e3o sempre presentes. O <strong>verde<\/strong>, por exemplo, \u00e9 uma tonalidade para quem quer <strong>ambientes que transmitam harmonia, frescor e equil\u00edbrio<\/strong>.<\/p>\n\n\n\n<p>Mas n\u00e3o pense que utilizar <strong>tons de verde<\/strong> na sua casa \u00e9 uma tarefa dif\u00edcil, viu? Pelo contr\u00e1rio, d\u00e1 para <strong>explorar a sua imagina\u00e7\u00e3o<\/strong> e apostar tanto em uma repagina\u00e7\u00e3o total com tinta ou apenas com objetos decorativos.<\/p>\n\n\n\n<h2 class=\"wp-block-heading\">Uma cor com significados<\/h2>\n\n\n\n<figure class=\"wp-block-image size-full\"><img loading=\"lazy\" decoding=\"async\" width=\"1000\" height=\"1000\" src=\"https:\/\/www.mobly.com.br\/blog\/wp-content\/uploads\/2022\/08\/tons_de_verde_02.jpg\" alt=\"Sala de jantar com parede e plantas em tons de verde, mesa posta no meio combinada com um banco e duas cadeiras de jantar\" class=\"wp-image-19548\" srcset=\"https:\/\/www.mobly.com.br\/blog\/wp-content\/uploads\/2022\/08\/tons_de_verde_02.jpg 1000w, https:\/\/www.mobly.com.br\/blog\/wp-content\/uploads\/2022\/08\/tons_de_verde_02-512x512.jpg 512w, https:\/\/www.mobly.com.br\/blog\/wp-content\/uploads\/2022\/08\/tons_de_verde_02-300x300.jpg 300w, https:\/\/www.mobly.com.br\/blog\/wp-content\/uploads\/2022\/08\/tons_de_verde_02-768x768.jpg 768w\" sizes=\"auto, (max-width: 1000px) 100vw, 1000px\" \/><\/figure>\n\n\n\n<p>Sim, as cores t\u00eam a capacidade de<strong> trazer sentimentos e ressignifica\u00e7\u00f5es<\/strong> para o nosso dia a dia e com o verde isso n\u00e3o seria diferente. Ele n\u00e3o s\u00f3 <strong>remete \u00e0 natureza<\/strong>, como tamb\u00e9m \u00e9 ideal para dar mais <strong>harmonia e equil\u00edbrio<\/strong> para a sua resid\u00eancia.<\/p>\n\n\n\n<figure class=\"wp-block-image size-full\"><img loading=\"lazy\" decoding=\"async\" width=\"1000\" height=\"1023\" src=\"https:\/\/www.mobly.com.br\/blog\/wp-content\/uploads\/2022\/08\/tons_de_verde_27.jpg\" alt=\"Fragmento de uma sala de estar com tons de verde presente no sof\u00e1 e plantas. Os demais objetos s\u00e3o dourados e rosas.\" class=\"wp-image-19576\" srcset=\"https:\/\/www.mobly.com.br\/blog\/wp-content\/uploads\/2022\/08\/tons_de_verde_27.jpg 1000w, https:\/\/www.mobly.com.br\/blog\/wp-content\/uploads\/2022\/08\/tons_de_verde_27-500x512.jpg 500w, https:\/\/www.mobly.com.br\/blog\/wp-content\/uploads\/2022\/08\/tons_de_verde_27-768x786.jpg 768w\" sizes=\"auto, (max-width: 1000px) 100vw, 1000px\" \/><\/figure>\n\n\n\n<p>Para inseri-lo com maestria, voc\u00ea tem algumas op\u00e7\u00f5es como apostar no monocrom\u00e1tico, nas <a href=\"https:\/\/www.mobly.com.br\/blog\/inspiracoes\/cores-neutras\/\">cores neutras<\/a> ou em combina\u00e7\u00f5es ousadas com o rosa ou com o amarelo, por exemplo.<\/p>\n\n\n\n<figure class=\"wp-block-image size-full\"><img loading=\"lazy\" decoding=\"async\" width=\"1000\" height=\"848\" src=\"https:\/\/www.mobly.com.br\/blog\/wp-content\/uploads\/2022\/08\/tons_de_verde_03.jpg\" alt=\"Sala de estar com parede ao fundo na cor verde e rosa. \u00c0 frente um sof\u00e1 cinza, mesinha de centro branca e objetos decorativos coloridos\" class=\"wp-image-19549\" srcset=\"https:\/\/www.mobly.com.br\/blog\/wp-content\/uploads\/2022\/08\/tons_de_verde_03.jpg 1000w, https:\/\/www.mobly.com.br\/blog\/wp-content\/uploads\/2022\/08\/tons_de_verde_03-512x434.jpg 512w, https:\/\/www.mobly.com.br\/blog\/wp-content\/uploads\/2022\/08\/tons_de_verde_03-768x651.jpg 768w\" sizes=\"auto, (max-width: 1000px) 100vw, 1000px\" \/><\/figure>\n\n\n\n<figure class=\"wp-block-image size-full\"><img loading=\"lazy\" decoding=\"async\" width=\"1000\" height=\"667\" src=\"https:\/\/www.mobly.com.br\/blog\/wp-content\/uploads\/2022\/08\/tons_de_verde_04.jpg\" alt=\"Sala de estar com parede verde ao fundo e objetos amarelos em destaque\" class=\"wp-image-19550\" srcset=\"https:\/\/www.mobly.com.br\/blog\/wp-content\/uploads\/2022\/08\/tons_de_verde_04.jpg 1000w, https:\/\/www.mobly.com.br\/blog\/wp-content\/uploads\/2022\/08\/tons_de_verde_04-512x342.jpg 512w, https:\/\/www.mobly.com.br\/blog\/wp-content\/uploads\/2022\/08\/tons_de_verde_04-768x512.jpg 768w\" sizes=\"auto, (max-width: 1000px) 100vw, 1000px\" \/><\/figure>\n\n\n\n<h2 class=\"wp-block-heading\">Tons de verde: em contato com a natureza<\/h2>\n\n\n\n<figure class=\"wp-block-image size-full\"><img loading=\"lazy\" decoding=\"async\" width=\"1000\" height=\"533\" src=\"https:\/\/www.mobly.com.br\/blog\/wp-content\/uploads\/2022\/08\/tons_de_verde_05.jpg\" alt=\"Quarto com parede branca e plantas em tons de verde\" class=\"wp-image-19552\" title=\"\" srcset=\"https:\/\/www.mobly.com.br\/blog\/wp-content\/uploads\/2022\/08\/tons_de_verde_05.jpg 1000w, https:\/\/www.mobly.com.br\/blog\/wp-content\/uploads\/2022\/08\/tons_de_verde_05-512x273.jpg 512w, https:\/\/www.mobly.com.br\/blog\/wp-content\/uploads\/2022\/08\/tons_de_verde_05-768x409.jpg 768w\" sizes=\"auto, (max-width: 1000px) 100vw, 1000px\" \/><\/figure>\n\n\n\n<p>Quando pensamos em verde, <strong>logo vem a natureza \u00e0 cabe\u00e7a<\/strong>, n\u00e3o \u00e9? Afinal, \u00e9 l\u00e1 que encontramos uma grande cartela de <strong>tons de verde<\/strong>. Isso quer dizer que n\u00e3o tem nada melhor do que <strong>combinar a sua tonalidade favorita com um vasinho de planta<\/strong> (ou criar uma verdadeira floreta em casa).<\/p>\n\n\n\n<figure class=\"wp-block-image size-full\"><img loading=\"lazy\" decoding=\"async\" width=\"1000\" height=\"1000\" src=\"https:\/\/www.mobly.com.br\/blog\/wp-content\/uploads\/2022\/08\/tons_de_verde_06.jpg\" alt=\"Cantinho da varanda com parede verde ao fundo, prateleiras com plantas, poltrona e carrinho bar.\" class=\"wp-image-19553\" srcset=\"https:\/\/www.mobly.com.br\/blog\/wp-content\/uploads\/2022\/08\/tons_de_verde_06.jpg 1000w, https:\/\/www.mobly.com.br\/blog\/wp-content\/uploads\/2022\/08\/tons_de_verde_06-512x512.jpg 512w, https:\/\/www.mobly.com.br\/blog\/wp-content\/uploads\/2022\/08\/tons_de_verde_06-300x300.jpg 300w, https:\/\/www.mobly.com.br\/blog\/wp-content\/uploads\/2022\/08\/tons_de_verde_06-768x768.jpg 768w\" sizes=\"auto, (max-width: 1000px) 100vw, 1000px\" \/><\/figure>\n\n\n\n<figure class=\"wp-block-image size-full\"><img loading=\"lazy\" decoding=\"async\" width=\"1000\" height=\"666\" src=\"https:\/\/www.mobly.com.br\/blog\/wp-content\/uploads\/2022\/08\/tons_de_verde_28.jpg\" alt=\"Sala de estar com um sof\u00e1 azul no centro e parede lateral verde com diversas plantas\" class=\"wp-image-19577\" srcset=\"https:\/\/www.mobly.com.br\/blog\/wp-content\/uploads\/2022\/08\/tons_de_verde_28.jpg 1000w, https:\/\/www.mobly.com.br\/blog\/wp-content\/uploads\/2022\/08\/tons_de_verde_28-512x341.jpg 512w, https:\/\/www.mobly.com.br\/blog\/wp-content\/uploads\/2022\/08\/tons_de_verde_28-768x511.jpg 768w\" sizes=\"auto, (max-width: 1000px) 100vw, 1000px\" \/><\/figure>\n\n\n\n<p>E aqui voc\u00ea tem duas op\u00e7\u00f5es principais: deixar a natureza como destaque do verde ou escolher uma cor verde para a parede e combin\u00e1-la com plantas suspensas, no ch\u00e3o, em cima dos <a href=\"https:\/\/www.mobly.com.br\/moveis?utm_source=blog&amp;utm_medium=link&amp;utm_campaign=post_Inspiracoes_NA_tons-de-verde\">m\u00f3veis<\/a>&#8230;<\/p>\n\n\n\n<figure class=\"wp-block-image size-full is-resized\"><img loading=\"lazy\" decoding=\"async\" width=\"1000\" height=\"798\" src=\"https:\/\/www.mobly.com.br\/blog\/wp-content\/uploads\/2022\/08\/tons_de_verde_07.jpg\" alt=\"Cantinho gourmet com parede verde ao fundo, estante amadeirada, mesa bistr\u00f4 e banquetas\" class=\"wp-image-19554\" style=\"width:840px;height:670px\" srcset=\"https:\/\/www.mobly.com.br\/blog\/wp-content\/uploads\/2022\/08\/tons_de_verde_07.jpg 1000w, https:\/\/www.mobly.com.br\/blog\/wp-content\/uploads\/2022\/08\/tons_de_verde_07-512x409.jpg 512w, https:\/\/www.mobly.com.br\/blog\/wp-content\/uploads\/2022\/08\/tons_de_verde_07-768x613.jpg 768w\" sizes=\"auto, (max-width: 1000px) 100vw, 1000px\" \/><\/figure>\n\n\n\n<figure class=\"wp-block-image size-full\"><img loading=\"lazy\" decoding=\"async\" width=\"1000\" height=\"667\" src=\"https:\/\/www.mobly.com.br\/blog\/wp-content\/uploads\/2022\/08\/tons_de_verde_29.jpg\" alt=\"Sala de Jantar com um toque r\u00fastico e paredes laterais verdes\" class=\"wp-image-19578\" srcset=\"https:\/\/www.mobly.com.br\/blog\/wp-content\/uploads\/2022\/08\/tons_de_verde_29.jpg 1000w, https:\/\/www.mobly.com.br\/blog\/wp-content\/uploads\/2022\/08\/tons_de_verde_29-512x342.jpg 512w, https:\/\/www.mobly.com.br\/blog\/wp-content\/uploads\/2022\/08\/tons_de_verde_29-768x512.jpg 768w\" sizes=\"auto, (max-width: 1000px) 100vw, 1000px\" \/><\/figure>\n\n\n\n<p>Para te inspirar, trouxemos<strong> ambientes diferentes<\/strong> com a proposta de trazer <strong>tons de verde<\/strong> para a sua <strong>decora\u00e7\u00e3o atrav\u00e9s da natureza<\/strong>, seja no <a href=\"https:\/\/www.mobly.com.br\/blog\/inspiracoes\/decoracao-quarto-casal\/\" target=\"_blank\" rel=\"noreferrer noopener\">quarto<\/a>, na varanda, na sala de estar ou no cantinho gourmet!<\/p>\n\n\n\n<h2 class=\"wp-block-heading\">Muito al\u00e9m da tinta<\/h2>\n\n\n\n<figure class=\"wp-block-image size-full\"><img loading=\"lazy\" decoding=\"async\" width=\"1000\" height=\"720\" src=\"https:\/\/www.mobly.com.br\/blog\/wp-content\/uploads\/2022\/08\/tons_de_verde_08.jpg\" alt=\"Cantinho em tons de verde na poltrona, plantas e objetos decorativos\" class=\"wp-image-19556\" srcset=\"https:\/\/www.mobly.com.br\/blog\/wp-content\/uploads\/2022\/08\/tons_de_verde_08.jpg 1000w, https:\/\/www.mobly.com.br\/blog\/wp-content\/uploads\/2022\/08\/tons_de_verde_08-512x369.jpg 512w, https:\/\/www.mobly.com.br\/blog\/wp-content\/uploads\/2022\/08\/tons_de_verde_08-768x553.jpg 768w\" sizes=\"auto, (max-width: 1000px) 100vw, 1000px\" \/><\/figure>\n\n\n\n<p>Claro que existem <strong>muitos tons de verde para a parede<\/strong>, mas adicionar <a href=\"https:\/\/www.mobly.com.br\/blog\/dicas\/cores-na-decoracao-dicas-para-casa\/\">cores na decora\u00e7\u00e3o<\/a> n\u00e3o \u00e9 apenas sobre pintar um espa\u00e7o espec\u00edfico e pronto.<\/p>\n\n\n\n<figure class=\"wp-block-image size-full\"><img loading=\"lazy\" decoding=\"async\" width=\"1000\" height=\"743\" src=\"https:\/\/www.mobly.com.br\/blog\/wp-content\/uploads\/2022\/08\/tons_de_verde_30.jpg\" alt=\"Sala de jantar com pintura org\u00e2nica ao fundo, cadeiras na cor verde e plantas\" class=\"wp-image-19579\" srcset=\"https:\/\/www.mobly.com.br\/blog\/wp-content\/uploads\/2022\/08\/tons_de_verde_30.jpg 1000w, https:\/\/www.mobly.com.br\/blog\/wp-content\/uploads\/2022\/08\/tons_de_verde_30-512x380.jpg 512w, https:\/\/www.mobly.com.br\/blog\/wp-content\/uploads\/2022\/08\/tons_de_verde_30-768x571.jpg 768w\" sizes=\"auto, (max-width: 1000px) 100vw, 1000px\" \/><\/figure>\n\n\n\n<p>Aqui voc\u00ea pode apostar em muitas op\u00e7\u00f5es como m\u00f3veis, <a href=\"https:\/\/www.mobly.com.br\/decoracao?utm_source=blog&amp;utm_medium=link&amp;utm_campaign=post_Inspiracoes_NA_tons-de-verde\">itens decorativos<\/a>, pap\u00e9is de parede, ilumina\u00e7\u00e3o&#8230; Existem infinitas possibilidades na hora de levar o verde para dentro do seu lar. E d\u00e1 tanto para fazer isso de maneira discreta ou com a cor mandando em tudo.<\/p>\n\n\n\n<figure class=\"wp-block-image size-full\"><img loading=\"lazy\" decoding=\"async\" width=\"1000\" height=\"837\" src=\"https:\/\/www.mobly.com.br\/blog\/wp-content\/uploads\/2022\/08\/tons_de_verde_31.jpg\" alt=\"\" class=\"wp-image-19580\" srcset=\"https:\/\/www.mobly.com.br\/blog\/wp-content\/uploads\/2022\/08\/tons_de_verde_31.jpg 1000w, https:\/\/www.mobly.com.br\/blog\/wp-content\/uploads\/2022\/08\/tons_de_verde_31-512x429.jpg 512w, https:\/\/www.mobly.com.br\/blog\/wp-content\/uploads\/2022\/08\/tons_de_verde_31-768x643.jpg 768w\" sizes=\"auto, (max-width: 1000px) 100vw, 1000px\" \/><\/figure>\n\n\n\n<p>Olha s\u00f3 esses pr\u00f3ximos tr\u00eas ambientes. O primeiro \u00e9 um quarto em que a cor verde aparece de maneira mais discreta atrav\u00e9s da <a href=\"https:\/\/www.mobly.com.br\/moveis\/poltronas-sala?utm_source=blog&amp;utm_medium=link&amp;utm_campaign=post_Inspiracoes_NA_tons-de-verde\">poltrona<\/a> e \u00e9 combinada com tons mais neutros na parede e m\u00f3veis.<\/p>\n\n\n\n<figure class=\"wp-block-image size-full\"><img loading=\"lazy\" decoding=\"async\" width=\"1000\" height=\"737\" src=\"https:\/\/www.mobly.com.br\/blog\/wp-content\/uploads\/2022\/08\/tons_de_verde_09.jpg\" alt=\"\" class=\"wp-image-19557\" srcset=\"https:\/\/www.mobly.com.br\/blog\/wp-content\/uploads\/2022\/08\/tons_de_verde_09.jpg 1000w, https:\/\/www.mobly.com.br\/blog\/wp-content\/uploads\/2022\/08\/tons_de_verde_09-512x377.jpg 512w, https:\/\/www.mobly.com.br\/blog\/wp-content\/uploads\/2022\/08\/tons_de_verde_09-768x566.jpg 768w\" sizes=\"auto, (max-width: 1000px) 100vw, 1000px\" \/><\/figure>\n\n\n\n<p>J\u00e1 nesse <strong>quarto de beb\u00ea<\/strong> os <strong>tons de verde<\/strong> aparecem na meia parede combinada com a madeira e o adesivos org\u00e2nicos e tamb\u00e9m na parede ao lado da janela em uma tonalidade mais forte. Em contraste, os m\u00f3veis brancos e amadeirados.<\/p>\n\n\n\n<figure class=\"wp-block-image size-full\"><img loading=\"lazy\" decoding=\"async\" width=\"1000\" height=\"649\" src=\"https:\/\/www.mobly.com.br\/blog\/wp-content\/uploads\/2022\/08\/tons_de_verde_10.jpg\" alt=\"\" class=\"wp-image-19558\" srcset=\"https:\/\/www.mobly.com.br\/blog\/wp-content\/uploads\/2022\/08\/tons_de_verde_10.jpg 1000w, https:\/\/www.mobly.com.br\/blog\/wp-content\/uploads\/2022\/08\/tons_de_verde_10-512x332.jpg 512w, https:\/\/www.mobly.com.br\/blog\/wp-content\/uploads\/2022\/08\/tons_de_verde_10-768x498.jpg 768w\" sizes=\"auto, (max-width: 1000px) 100vw, 1000px\" \/><\/figure>\n\n\n\n<p>Por fim, o verde nessa sala vem n\u00e3o s\u00f3 na parede central como tamb\u00e9m na manta e nas <a href=\"https:\/\/www.mobly.com.br\/decoracao\/almofadas-e-mantas?utm_source=blog&amp;utm_medium=link&amp;utm_campaign=post_Inspiracoes_NA_tons-de-verde\">almofadas<\/a>.<\/p>\n\n\n\n<figure class=\"wp-block-image size-full\"><img loading=\"lazy\" decoding=\"async\" width=\"1000\" height=\"667\" src=\"https:\/\/www.mobly.com.br\/blog\/wp-content\/uploads\/2022\/08\/tons_de_verde_11.jpg\" alt=\"\" class=\"wp-image-19559\" srcset=\"https:\/\/www.mobly.com.br\/blog\/wp-content\/uploads\/2022\/08\/tons_de_verde_11.jpg 1000w, https:\/\/www.mobly.com.br\/blog\/wp-content\/uploads\/2022\/08\/tons_de_verde_11-512x342.jpg 512w, https:\/\/www.mobly.com.br\/blog\/wp-content\/uploads\/2022\/08\/tons_de_verde_11-768x512.jpg 768w\" sizes=\"auto, (max-width: 1000px) 100vw, 1000px\" \/><\/figure>\n\n\n\n<h2 class=\"wp-block-heading\">Quais tons de verde usar?<\/h2>\n\n\n\n<figure class=\"wp-block-image size-full\"><img loading=\"lazy\" decoding=\"async\" width=\"1000\" height=\"667\" src=\"https:\/\/www.mobly.com.br\/blog\/wp-content\/uploads\/2022\/08\/tons_de_verde_12.jpg\" alt=\"\" class=\"wp-image-19561\" srcset=\"https:\/\/www.mobly.com.br\/blog\/wp-content\/uploads\/2022\/08\/tons_de_verde_12.jpg 1000w, https:\/\/www.mobly.com.br\/blog\/wp-content\/uploads\/2022\/08\/tons_de_verde_12-512x342.jpg 512w, https:\/\/www.mobly.com.br\/blog\/wp-content\/uploads\/2022\/08\/tons_de_verde_12-768x512.jpg 768w\" sizes=\"auto, (max-width: 1000px) 100vw, 1000px\" \/><\/figure>\n\n\n\n<p>Essa escolha vai depender da proposta que quer utilizar na <strong>decora\u00e7\u00e3o da sua casa<\/strong>! <strong>Tons de verde claro<\/strong>, por exemplo, n\u00e3o roubam tanto o protagonismo do ambiente e s\u00e3o uma \u00f3tima escolha para quem quer um <strong>ambiente skandi<\/strong>.<\/p>\n\n\n\n<figure class=\"wp-block-image size-large\"><img loading=\"lazy\" decoding=\"async\" width=\"710\" height=\"1024\" src=\"https:\/\/www.mobly.com.br\/blog\/wp-content\/uploads\/2022\/08\/tons_de_verde_13-710x1024.jpg\" alt=\"\" class=\"wp-image-19562\" srcset=\"https:\/\/www.mobly.com.br\/blog\/wp-content\/uploads\/2022\/08\/tons_de_verde_13-710x1024.jpg 710w, https:\/\/www.mobly.com.br\/blog\/wp-content\/uploads\/2022\/08\/tons_de_verde_13-355x512.jpg 355w, https:\/\/www.mobly.com.br\/blog\/wp-content\/uploads\/2022\/08\/tons_de_verde_13-768x1108.jpg 768w, https:\/\/www.mobly.com.br\/blog\/wp-content\/uploads\/2022\/08\/tons_de_verde_13.jpg 1000w\" sizes=\"auto, (max-width: 710px) 100vw, 710px\" \/><\/figure>\n\n\n\n<figure class=\"wp-block-image size-full\"><img loading=\"lazy\" decoding=\"async\" width=\"1000\" height=\"741\" src=\"https:\/\/www.mobly.com.br\/blog\/wp-content\/uploads\/2022\/08\/tons_de_verde_14.jpg\" alt=\"\" class=\"wp-image-19563\" srcset=\"https:\/\/www.mobly.com.br\/blog\/wp-content\/uploads\/2022\/08\/tons_de_verde_14.jpg 1000w, https:\/\/www.mobly.com.br\/blog\/wp-content\/uploads\/2022\/08\/tons_de_verde_14-512x379.jpg 512w, https:\/\/www.mobly.com.br\/blog\/wp-content\/uploads\/2022\/08\/tons_de_verde_14-768x569.jpg 768w\" sizes=\"auto, (max-width: 1000px) 100vw, 1000px\" \/><\/figure>\n\n\n\n<p>J\u00e1 o <strong>verde escuro<\/strong> vai bem para destacar uma parede em que voc\u00ea quer criar um <strong>constaste com os m\u00f3veis e com objetos decorativos<\/strong>. Veja os exemplos abaixo!<\/p>\n\n\n\n<figure class=\"wp-block-image size-full\"><img loading=\"lazy\" decoding=\"async\" width=\"1000\" height=\"567\" src=\"https:\/\/www.mobly.com.br\/blog\/wp-content\/uploads\/2022\/08\/tons_de_verde_15.jpg\" alt=\"\" class=\"wp-image-19564\" srcset=\"https:\/\/www.mobly.com.br\/blog\/wp-content\/uploads\/2022\/08\/tons_de_verde_15.jpg 1000w, https:\/\/www.mobly.com.br\/blog\/wp-content\/uploads\/2022\/08\/tons_de_verde_15-512x290.jpg 512w, https:\/\/www.mobly.com.br\/blog\/wp-content\/uploads\/2022\/08\/tons_de_verde_15-768x435.jpg 768w\" sizes=\"auto, (max-width: 1000px) 100vw, 1000px\" \/><\/figure>\n\n\n\n<figure class=\"wp-block-image size-full\"><img loading=\"lazy\" decoding=\"async\" width=\"1000\" height=\"845\" src=\"https:\/\/www.mobly.com.br\/blog\/wp-content\/uploads\/2022\/08\/tons_de_verde_16.jpg\" alt=\"\" class=\"wp-image-19565\" srcset=\"https:\/\/www.mobly.com.br\/blog\/wp-content\/uploads\/2022\/08\/tons_de_verde_16.jpg 1000w, https:\/\/www.mobly.com.br\/blog\/wp-content\/uploads\/2022\/08\/tons_de_verde_16-512x433.jpg 512w, https:\/\/www.mobly.com.br\/blog\/wp-content\/uploads\/2022\/08\/tons_de_verde_16-768x649.jpg 768w\" sizes=\"auto, (max-width: 1000px) 100vw, 1000px\" \/><\/figure>\n\n\n\n<p>N\u00e3o existe regra quando o assunto \u00e9 adicionar <strong>tons de verde \u00e0 decora\u00e7\u00e3o<\/strong> &#8211; desde que a sua casa fique confort\u00e1vel e com um visual que te agrade! Por isso, separamos mais algumas op\u00e7\u00f5es de ambientes para voc\u00ea se inspirar e colocar em pr\u00e1tica no seu lar. Confira:<\/p>\n\n\n\n<figure class=\"wp-block-image size-full\"><img loading=\"lazy\" decoding=\"async\" width=\"1000\" height=\"805\" src=\"https:\/\/www.mobly.com.br\/blog\/wp-content\/uploads\/2022\/08\/tons_de_verde_17.jpg\" alt=\"\" class=\"wp-image-19566\" srcset=\"https:\/\/www.mobly.com.br\/blog\/wp-content\/uploads\/2022\/08\/tons_de_verde_17.jpg 1000w, https:\/\/www.mobly.com.br\/blog\/wp-content\/uploads\/2022\/08\/tons_de_verde_17-512x412.jpg 512w, https:\/\/www.mobly.com.br\/blog\/wp-content\/uploads\/2022\/08\/tons_de_verde_17-768x618.jpg 768w\" sizes=\"auto, (max-width: 1000px) 100vw, 1000px\" \/><figcaption class=\"wp-element-caption\">parede verde e rosa e m\u00f3veis em tons claros<\/figcaption><\/figure>\n\n\n\n<figure class=\"wp-block-image size-large\"><img loading=\"lazy\" decoding=\"async\" width=\"926\" height=\"1024\" src=\"https:\/\/www.mobly.com.br\/blog\/wp-content\/uploads\/2022\/08\/tons_de_verde_18-926x1024.jpg\" alt=\"\" class=\"wp-image-19567\" srcset=\"https:\/\/www.mobly.com.br\/blog\/wp-content\/uploads\/2022\/08\/tons_de_verde_18-926x1024.jpg 926w, https:\/\/www.mobly.com.br\/blog\/wp-content\/uploads\/2022\/08\/tons_de_verde_18-463x512.jpg 463w, https:\/\/www.mobly.com.br\/blog\/wp-content\/uploads\/2022\/08\/tons_de_verde_18-768x849.jpg 768w, https:\/\/www.mobly.com.br\/blog\/wp-content\/uploads\/2022\/08\/tons_de_verde_18.jpg 1000w\" sizes=\"auto, (max-width: 926px) 100vw, 926px\" \/><figcaption class=\"wp-element-caption\">Cozinha com parede verde em destaque<\/figcaption><\/figure>\n\n\n\n<figure class=\"wp-block-image size-large\"><img loading=\"lazy\" decoding=\"async\" width=\"745\" height=\"1024\" src=\"https:\/\/www.mobly.com.br\/blog\/wp-content\/uploads\/2022\/08\/tons_de_verde_19-745x1024.jpg\" alt=\"\" class=\"wp-image-19568\" srcset=\"https:\/\/www.mobly.com.br\/blog\/wp-content\/uploads\/2022\/08\/tons_de_verde_19-745x1024.jpg 745w, https:\/\/www.mobly.com.br\/blog\/wp-content\/uploads\/2022\/08\/tons_de_verde_19-372x512.jpg 372w, https:\/\/www.mobly.com.br\/blog\/wp-content\/uploads\/2022\/08\/tons_de_verde_19-768x1056.jpg 768w, https:\/\/www.mobly.com.br\/blog\/wp-content\/uploads\/2022\/08\/tons_de_verde_19.jpg 1000w\" sizes=\"auto, (max-width: 745px) 100vw, 745px\" \/><figcaption class=\"wp-element-caption\">mais um ambiente gourmet!<\/figcaption><\/figure>\n\n\n\n<figure class=\"wp-block-image size-full\"><img loading=\"lazy\" decoding=\"async\" width=\"1000\" height=\"625\" src=\"https:\/\/www.mobly.com.br\/blog\/wp-content\/uploads\/2022\/08\/tons_de_verde_20.jpg\" alt=\"\" class=\"wp-image-19569\" srcset=\"https:\/\/www.mobly.com.br\/blog\/wp-content\/uploads\/2022\/08\/tons_de_verde_20.jpg 1000w, https:\/\/www.mobly.com.br\/blog\/wp-content\/uploads\/2022\/08\/tons_de_verde_20-512x320.jpg 512w, https:\/\/www.mobly.com.br\/blog\/wp-content\/uploads\/2022\/08\/tons_de_verde_20-768x480.jpg 768w\" sizes=\"auto, (max-width: 1000px) 100vw, 1000px\" \/><figcaption class=\"wp-element-caption\">sala contempor\u00e2nea, mas com verde na parede<\/figcaption><\/figure>\n\n\n\n<figure class=\"wp-block-image size-full\"><img loading=\"lazy\" decoding=\"async\" width=\"1000\" height=\"666\" src=\"https:\/\/www.mobly.com.br\/blog\/wp-content\/uploads\/2022\/08\/tons_de_verde_21.jpg\" alt=\"\" class=\"wp-image-19570\" srcset=\"https:\/\/www.mobly.com.br\/blog\/wp-content\/uploads\/2022\/08\/tons_de_verde_21.jpg 1000w, https:\/\/www.mobly.com.br\/blog\/wp-content\/uploads\/2022\/08\/tons_de_verde_21-512x341.jpg 512w, https:\/\/www.mobly.com.br\/blog\/wp-content\/uploads\/2022\/08\/tons_de_verde_21-768x511.jpg 768w\" sizes=\"auto, (max-width: 1000px) 100vw, 1000px\" \/><figcaption class=\"wp-element-caption\">sala de jantar com muitos tons de verde<\/figcaption><\/figure>\n\n\n\n<figure class=\"wp-block-image size-full\"><img loading=\"lazy\" decoding=\"async\" width=\"1000\" height=\"868\" src=\"https:\/\/www.mobly.com.br\/blog\/wp-content\/uploads\/2022\/08\/tons_de_verde_22.jpg\" alt=\"\" class=\"wp-image-19571\" srcset=\"https:\/\/www.mobly.com.br\/blog\/wp-content\/uploads\/2022\/08\/tons_de_verde_22.jpg 1000w, https:\/\/www.mobly.com.br\/blog\/wp-content\/uploads\/2022\/08\/tons_de_verde_22-512x444.jpg 512w, https:\/\/www.mobly.com.br\/blog\/wp-content\/uploads\/2022\/08\/tons_de_verde_22-768x667.jpg 768w\" sizes=\"auto, (max-width: 1000px) 100vw, 1000px\" \/><figcaption class=\"wp-element-caption\">meia parede \u00e9 tend\u00eancia, viu?<\/figcaption><\/figure>\n\n\n\n<figure class=\"wp-block-image size-full\"><img loading=\"lazy\" decoding=\"async\" width=\"1000\" height=\"711\" src=\"https:\/\/www.mobly.com.br\/blog\/wp-content\/uploads\/2022\/08\/tons_de_verde_23.jpg\" alt=\"\" class=\"wp-image-19572\" srcset=\"https:\/\/www.mobly.com.br\/blog\/wp-content\/uploads\/2022\/08\/tons_de_verde_23.jpg 1000w, https:\/\/www.mobly.com.br\/blog\/wp-content\/uploads\/2022\/08\/tons_de_verde_23-512x364.jpg 512w, https:\/\/www.mobly.com.br\/blog\/wp-content\/uploads\/2022\/08\/tons_de_verde_23-768x546.jpg 768w\" sizes=\"auto, (max-width: 1000px) 100vw, 1000px\" \/><figcaption class=\"wp-element-caption\">d\u00e1 para inovar com tons de verde para parede externa<\/figcaption><\/figure>\n\n\n\n<figure class=\"wp-block-image size-full\"><img loading=\"lazy\" decoding=\"async\" width=\"1000\" height=\"529\" src=\"https:\/\/www.mobly.com.br\/blog\/wp-content\/uploads\/2022\/08\/tons_de_verde_24.jpg\" alt=\"\" class=\"wp-image-19573\" srcset=\"https:\/\/www.mobly.com.br\/blog\/wp-content\/uploads\/2022\/08\/tons_de_verde_24.jpg 1000w, https:\/\/www.mobly.com.br\/blog\/wp-content\/uploads\/2022\/08\/tons_de_verde_24-512x271.jpg 512w, https:\/\/www.mobly.com.br\/blog\/wp-content\/uploads\/2022\/08\/tons_de_verde_24-768x406.jpg 768w\" sizes=\"auto, (max-width: 1000px) 100vw, 1000px\" \/><figcaption class=\"wp-element-caption\">essa foi uma escolha mais discreta<\/figcaption><\/figure>\n\n\n\n<figure class=\"wp-block-image size-full\"><img loading=\"lazy\" decoding=\"async\" width=\"1000\" height=\"664\" src=\"https:\/\/www.mobly.com.br\/blog\/wp-content\/uploads\/2022\/08\/tons_de_verde_25.jpg\" alt=\"\" class=\"wp-image-19574\" srcset=\"https:\/\/www.mobly.com.br\/blog\/wp-content\/uploads\/2022\/08\/tons_de_verde_25.jpg 1000w, https:\/\/www.mobly.com.br\/blog\/wp-content\/uploads\/2022\/08\/tons_de_verde_25-512x340.jpg 512w, https:\/\/www.mobly.com.br\/blog\/wp-content\/uploads\/2022\/08\/tons_de_verde_25-768x510.jpg 768w\" sizes=\"auto, (max-width: 1000px) 100vw, 1000px\" \/><figcaption class=\"wp-element-caption\">verde + rosa n\u00e3o sai de moda!<\/figcaption><\/figure>\n\n\n\n<figure class=\"wp-block-image size-full\"><img loading=\"lazy\" decoding=\"async\" width=\"999\" height=\"524\" src=\"https:\/\/www.mobly.com.br\/blog\/wp-content\/uploads\/2022\/08\/tons_de_verde_26.jpg\" alt=\"\" class=\"wp-image-19575\" srcset=\"https:\/\/www.mobly.com.br\/blog\/wp-content\/uploads\/2022\/08\/tons_de_verde_26.jpg 999w, https:\/\/www.mobly.com.br\/blog\/wp-content\/uploads\/2022\/08\/tons_de_verde_26-512x269.jpg 512w, https:\/\/www.mobly.com.br\/blog\/wp-content\/uploads\/2022\/08\/tons_de_verde_26-768x403.jpg 768w\" sizes=\"auto, (max-width: 999px) 100vw, 999px\" \/><figcaption class=\"wp-element-caption\">olha a\u00ed o verde na decora\u00e7\u00e3o<\/figcaption><\/figure>\n<button class=\"simplefavorite-button has-count loading\" data-postid=\"19544\" data-siteid=\"1\" data-groupid=\"1\" data-favoritecount=\"0\" style=\"\">Carregando...<span class=\"sf-icon-spinner-wrapper\"><i class=\"sf-icon-spinner\"><\/i><\/span><\/button>","protected":false},"excerpt":{"rendered":"<p>Quer adicionar tons de verde na sua decora\u00e7\u00e3o e n\u00e3o sabe por onde come\u00e7ar? Inspire-se nessa sele\u00e7\u00e3o de ambientes! N\u00e3o tem como negar: as cores fazem parte da nossa vida! E quando o assunto \u00e9 decorar o lar, elas est\u00e3o sempre presentes. O verde, por exemplo, \u00e9 uma tonalidade para quem quer ambientes que transmitam harmonia, frescor e equil\u00edbrio. Mas n\u00e3o pense que utilizar tons de verde na sua casa \u00e9 uma tarefa dif\u00edcil, viu? Pelo contr\u00e1rio, d\u00e1 para explorar a sua imagina\u00e7\u00e3o e apostar tanto em uma repagina\u00e7\u00e3o total com tinta ou apenas com objetos decorativos. Uma cor com significados Sim, as cores t\u00eam a capacidade de trazer sentimentos e ressignifica\u00e7\u00f5es para o nosso dia a dia e com o verde isso n\u00e3o seria diferente. Ele n\u00e3o s\u00f3 remete \u00e0 natureza, como tamb\u00e9m \u00e9 ideal para dar mais harmonia e equil\u00edbrio para a sua resid\u00eancia. Para inseri-lo com maestria, voc\u00ea tem algumas op\u00e7\u00f5es como apostar no monocrom\u00e1tico, nas cores neutras ou em combina\u00e7\u00f5es ousadas com o rosa ou com o amarelo, por exemplo. Tons de verde: em contato com a natureza Quando pensamos em verde, logo vem a natureza \u00e0 cabe\u00e7a, n\u00e3o \u00e9? Afinal, \u00e9 l\u00e1 que encontramos uma [&hellip;]<\/p>\n","protected":false},"author":20,"featured_media":19545,"comment_status":"open","ping_status":"open","sticky":false,"template":"","format":"standard","meta":{"extendify_custom_stylesheet":"","_mi_skip_tracking":false,"_monsterinsights_skip_tracking":false,"_monsterinsights_sitenote_active":false,"_monsterinsights_sitenote_note":"","_monsterinsights_sitenote_category":0,"footnotes":""},"categories":[11],"tags":[1282,1280,1281],"class_list":["post-19544","post","type-post","status-publish","format-standard","has-post-thumbnail","hentry","category-inspiracoes","tag-casa-com-tons-de-verde","tag-tons-de-verde","tag-tons-de-verde-na-decoracao"],"yoast_head":"<!-- This site is optimized with the Yoast SEO plugin v24.9 - https:\/\/yoast.com\/wordpress\/plugins\/seo\/ -->\n<title>Tons de verde: +30 ideias para usar na decora\u00e7\u00e3o | Blog da Mobly<\/title>\n<meta name=\"description\" content=\"Que tal mudar a decora\u00e7\u00e3o da sua casa com tons de verde? Confiras nossas inspira\u00e7\u00f5es e dicas antes de colocar a m\u00e3o na massa!\" \/>\n<meta name=\"robots\" content=\"index, follow, max-snippet:-1, max-image-preview:large, max-video-preview:-1\" \/>\n<link rel=\"canonical\" href=\"https:\/\/www.mobly.com.br\/blog\/inspiracoes\/tons-de-verde\/\" \/>\n<meta property=\"og:locale\" content=\"pt_BR\" \/>\n<meta property=\"og:type\" content=\"article\" \/>\n<meta property=\"og:title\" content=\"Tons de verde: +30 ideias para usar na decora\u00e7\u00e3o | Blog da Mobly\" \/>\n<meta property=\"og:description\" content=\"Que tal mudar a decora\u00e7\u00e3o da sua casa com tons de verde? Confiras nossas inspira\u00e7\u00f5es e dicas antes de colocar a m\u00e3o na massa!\" \/>\n<meta property=\"og:url\" content=\"https:\/\/www.mobly.com.br\/blog\/inspiracoes\/tons-de-verde\/\" \/>\n<meta property=\"og:site_name\" content=\"Blog da Mobly\" \/>\n<meta property=\"article:author\" content=\"maria.mazza\" \/>\n<meta property=\"article:published_time\" content=\"2022-08-22T17:39:19+00:00\" \/>\n<meta property=\"article:modified_time\" content=\"2025-05-21T18:34:56+00:00\" \/>\n<meta property=\"og:image\" content=\"https:\/\/www.mobly.com.br\/blog\/wp-content\/uploads\/2022\/08\/FASE-87-14-scaled.jpg\" \/>\n\t<meta property=\"og:image:width\" content=\"2560\" \/>\n\t<meta property=\"og:image:height\" content=\"1709\" \/>\n\t<meta property=\"og:image:type\" content=\"image\/jpeg\" \/>\n<meta name=\"author\" content=\"Maria Mazza\" \/>\n<meta name=\"twitter:card\" content=\"summary_large_image\" \/>\n<meta name=\"twitter:label1\" content=\"Escrito por\" \/>\n\t<meta name=\"twitter:data1\" content=\"Maria Mazza\" \/>\n\t<meta name=\"twitter:label2\" content=\"Est. tempo de leitura\" \/>\n\t<meta name=\"twitter:data2\" content=\"10 minutos\" \/>\n<script type=\"application\/ld+json\" class=\"yoast-schema-graph\">{\"@context\":\"https:\/\/schema.org\",\"@graph\":[{\"@type\":\"WebPage\",\"@id\":\"https:\/\/www.mobly.com.br\/blog\/inspiracoes\/tons-de-verde\/\",\"url\":\"https:\/\/www.mobly.com.br\/blog\/inspiracoes\/tons-de-verde\/\",\"name\":\"Tons de verde: +30 ideias para usar na decora\u00e7\u00e3o | Blog da Mobly\",\"isPartOf\":{\"@id\":\"https:\/\/www.mobly.com.br\/blog\/#website\"},\"primaryImageOfPage\":{\"@id\":\"https:\/\/www.mobly.com.br\/blog\/inspiracoes\/tons-de-verde\/#primaryimage\"},\"image\":{\"@id\":\"https:\/\/www.mobly.com.br\/blog\/inspiracoes\/tons-de-verde\/#primaryimage\"},\"thumbnailUrl\":\"https:\/\/www.mobly.com.br\/blog\/wp-content\/uploads\/2022\/08\/FASE-87-14-scaled.jpg\",\"datePublished\":\"2022-08-22T17:39:19+00:00\",\"dateModified\":\"2025-05-21T18:34:56+00:00\",\"author\":{\"@id\":\"https:\/\/www.mobly.com.br\/blog\/#\/schema\/person\/58f6d703be72894f945c4c6c63abefc5\"},\"description\":\"Que tal mudar a decora\u00e7\u00e3o da sua casa com tons de verde? Confiras nossas inspira\u00e7\u00f5es e dicas antes de colocar a m\u00e3o na massa!\",\"breadcrumb\":{\"@id\":\"https:\/\/www.mobly.com.br\/blog\/inspiracoes\/tons-de-verde\/#breadcrumb\"},\"inLanguage\":\"pt-BR\",\"potentialAction\":[{\"@type\":\"ReadAction\",\"target\":[\"https:\/\/www.mobly.com.br\/blog\/inspiracoes\/tons-de-verde\/\"]}]},{\"@type\":\"ImageObject\",\"inLanguage\":\"pt-BR\",\"@id\":\"https:\/\/www.mobly.com.br\/blog\/inspiracoes\/tons-de-verde\/#primaryimage\",\"url\":\"https:\/\/www.mobly.com.br\/blog\/wp-content\/uploads\/2022\/08\/FASE-87-14-scaled.jpg\",\"contentUrl\":\"https:\/\/www.mobly.com.br\/blog\/wp-content\/uploads\/2022\/08\/FASE-87-14-scaled.jpg\",\"width\":2560,\"height\":1709},{\"@type\":\"BreadcrumbList\",\"@id\":\"https:\/\/www.mobly.com.br\/blog\/inspiracoes\/tons-de-verde\/#breadcrumb\",\"itemListElement\":[{\"@type\":\"ListItem\",\"position\":1,\"name\":\"Home\",\"item\":\"https:\/\/www.mobly.com.br\/blog\/\"},{\"@type\":\"ListItem\",\"position\":2,\"name\":\"Inspira\u00e7\u00f5es\",\"item\":\"https:\/\/www.mobly.com.br\/blog\/inspiracoes\/\"},{\"@type\":\"ListItem\",\"position\":3,\"name\":\"Tons de verde: +30 ideias para usar na decora\u00e7\u00e3o\"}]},{\"@type\":\"WebSite\",\"@id\":\"https:\/\/www.mobly.com.br\/blog\/#website\",\"url\":\"https:\/\/www.mobly.com.br\/blog\/\",\"name\":\"Blog da Mobly\",\"description\":\"Dicas de Decora\u00e7\u00e3o, Inspira\u00e7\u00f5es e Mais\",\"potentialAction\":[{\"@type\":\"SearchAction\",\"target\":{\"@type\":\"EntryPoint\",\"urlTemplate\":\"https:\/\/www.mobly.com.br\/blog\/?s={search_term_string}\"},\"query-input\":{\"@type\":\"PropertyValueSpecification\",\"valueRequired\":true,\"valueName\":\"search_term_string\"}}],\"inLanguage\":\"pt-BR\"},{\"@type\":\"Person\",\"@id\":\"https:\/\/www.mobly.com.br\/blog\/#\/schema\/person\/58f6d703be72894f945c4c6c63abefc5\",\"name\":\"Maria Mazza\",\"image\":{\"@type\":\"ImageObject\",\"inLanguage\":\"pt-BR\",\"@id\":\"https:\/\/www.mobly.com.br\/blog\/#\/schema\/person\/image\/\",\"url\":\"https:\/\/secure.gravatar.com\/avatar\/77b133266f58ec3996d75cb776f6d460?s=96&d=mm&r=g\",\"contentUrl\":\"https:\/\/secure.gravatar.com\/avatar\/77b133266f58ec3996d75cb776f6d460?s=96&d=mm&r=g\",\"caption\":\"Maria Mazza\"},\"sameAs\":[\"maria.mazza\"],\"url\":\"https:\/\/www.mobly.com.br\/blog\/author\/maria-mazza\/\"}]}<\/script>\n<!-- \/ Yoast SEO plugin. -->","yoast_head_json":{"title":"Tons de verde: +30 ideias para usar na decora\u00e7\u00e3o | Blog da Mobly","description":"Que tal mudar a decora\u00e7\u00e3o da sua casa com tons de verde? Confiras nossas inspira\u00e7\u00f5es e dicas antes de colocar a m\u00e3o na massa!","robots":{"index":"index","follow":"follow","max-snippet":"max-snippet:-1","max-image-preview":"max-image-preview:large","max-video-preview":"max-video-preview:-1"},"canonical":"https:\/\/www.mobly.com.br\/blog\/inspiracoes\/tons-de-verde\/","og_locale":"pt_BR","og_type":"article","og_title":"Tons de verde: +30 ideias para usar na decora\u00e7\u00e3o | Blog da Mobly","og_description":"Que tal mudar a decora\u00e7\u00e3o da sua casa com tons de verde? Confiras nossas inspira\u00e7\u00f5es e dicas antes de colocar a m\u00e3o na massa!","og_url":"https:\/\/www.mobly.com.br\/blog\/inspiracoes\/tons-de-verde\/","og_site_name":"Blog da Mobly","article_author":"maria.mazza","article_published_time":"2022-08-22T17:39:19+00:00","article_modified_time":"2025-05-21T18:34:56+00:00","og_image":[{"width":2560,"height":1709,"url":"https:\/\/www.mobly.com.br\/blog\/wp-content\/uploads\/2022\/08\/FASE-87-14-scaled.jpg","type":"image\/jpeg"}],"author":"Maria Mazza","twitter_card":"summary_large_image","twitter_misc":{"Escrito por":"Maria Mazza","Est. tempo de leitura":"10 minutos"},"schema":{"@context":"https:\/\/schema.org","@graph":[{"@type":"WebPage","@id":"https:\/\/www.mobly.com.br\/blog\/inspiracoes\/tons-de-verde\/","url":"https:\/\/www.mobly.com.br\/blog\/inspiracoes\/tons-de-verde\/","name":"Tons de verde: +30 ideias para usar na decora\u00e7\u00e3o | Blog da Mobly","isPartOf":{"@id":"https:\/\/www.mobly.com.br\/blog\/#website"},"primaryImageOfPage":{"@id":"https:\/\/www.mobly.com.br\/blog\/inspiracoes\/tons-de-verde\/#primaryimage"},"image":{"@id":"https:\/\/www.mobly.com.br\/blog\/inspiracoes\/tons-de-verde\/#primaryimage"},"thumbnailUrl":"https:\/\/www.mobly.com.br\/blog\/wp-content\/uploads\/2022\/08\/FASE-87-14-scaled.jpg","datePublished":"2022-08-22T17:39:19+00:00","dateModified":"2025-05-21T18:34:56+00:00","author":{"@id":"https:\/\/www.mobly.com.br\/blog\/#\/schema\/person\/58f6d703be72894f945c4c6c63abefc5"},"description":"Que tal mudar a decora\u00e7\u00e3o da sua casa com tons de verde? Confiras nossas inspira\u00e7\u00f5es e dicas antes de colocar a m\u00e3o na massa!","breadcrumb":{"@id":"https:\/\/www.mobly.com.br\/blog\/inspiracoes\/tons-de-verde\/#breadcrumb"},"inLanguage":"pt-BR","potentialAction":[{"@type":"ReadAction","target":["https:\/\/www.mobly.com.br\/blog\/inspiracoes\/tons-de-verde\/"]}]},{"@type":"ImageObject","inLanguage":"pt-BR","@id":"https:\/\/www.mobly.com.br\/blog\/inspiracoes\/tons-de-verde\/#primaryimage","url":"https:\/\/www.mobly.com.br\/blog\/wp-content\/uploads\/2022\/08\/FASE-87-14-scaled.jpg","contentUrl":"https:\/\/www.mobly.com.br\/blog\/wp-content\/uploads\/2022\/08\/FASE-87-14-scaled.jpg","width":2560,"height":1709},{"@type":"BreadcrumbList","@id":"https:\/\/www.mobly.com.br\/blog\/inspiracoes\/tons-de-verde\/#breadcrumb","itemListElement":[{"@type":"ListItem","position":1,"name":"Home","item":"https:\/\/www.mobly.com.br\/blog\/"},{"@type":"ListItem","position":2,"name":"Inspira\u00e7\u00f5es","item":"https:\/\/www.mobly.com.br\/blog\/inspiracoes\/"},{"@type":"ListItem","position":3,"name":"Tons de verde: +30 ideias para usar na decora\u00e7\u00e3o"}]},{"@type":"WebSite","@id":"https:\/\/www.mobly.com.br\/blog\/#website","url":"https:\/\/www.mobly.com.br\/blog\/","name":"Blog da Mobly","description":"Dicas de Decora\u00e7\u00e3o, Inspira\u00e7\u00f5es e Mais","potentialAction":[{"@type":"SearchAction","target":{"@type":"EntryPoint","urlTemplate":"https:\/\/www.mobly.com.br\/blog\/?s={search_term_string}"},"query-input":{"@type":"PropertyValueSpecification","valueRequired":true,"valueName":"search_term_string"}}],"inLanguage":"pt-BR"},{"@type":"Person","@id":"https:\/\/www.mobly.com.br\/blog\/#\/schema\/person\/58f6d703be72894f945c4c6c63abefc5","name":"Maria Mazza","image":{"@type":"ImageObject","inLanguage":"pt-BR","@id":"https:\/\/www.mobly.com.br\/blog\/#\/schema\/person\/image\/","url":"https:\/\/secure.gravatar.com\/avatar\/77b133266f58ec3996d75cb776f6d460?s=96&d=mm&r=g","contentUrl":"https:\/\/secure.gravatar.com\/avatar\/77b133266f58ec3996d75cb776f6d460?s=96&d=mm&r=g","caption":"Maria Mazza"},"sameAs":["maria.mazza"],"url":"https:\/\/www.mobly.com.br\/blog\/author\/maria-mazza\/"}]}},"_links":{"self":[{"href":"https:\/\/www.mobly.com.br\/blog\/wp-json\/wp\/v2\/posts\/19544","targetHints":{"allow":["GET"]}}],"collection":[{"href":"https:\/\/www.mobly.com.br\/blog\/wp-json\/wp\/v2\/posts"}],"about":[{"href":"https:\/\/www.mobly.com.br\/blog\/wp-json\/wp\/v2\/types\/post"}],"author":[{"embeddable":true,"href":"https:\/\/www.mobly.com.br\/blog\/wp-json\/wp\/v2\/users\/20"}],"replies":[{"embeddable":true,"href":"https:\/\/www.mobly.com.br\/blog\/wp-json\/wp\/v2\/comments?post=19544"}],"version-history":[{"count":6,"href":"https:\/\/www.mobly.com.br\/blog\/wp-json\/wp\/v2\/posts\/19544\/revisions"}],"predecessor-version":[{"id":21372,"href":"https:\/\/www.mobly.com.br\/blog\/wp-json\/wp\/v2\/posts\/19544\/revisions\/21372"}],"wp:featuredmedia":[{"embeddable":true,"href":"https:\/\/www.mobly.com.br\/blog\/wp-json\/wp\/v2\/media\/19545"}],"wp:attachment":[{"href":"https:\/\/www.mobly.com.br\/blog\/wp-json\/wp\/v2\/media?parent=19544"}],"wp:term":[{"taxonomy":"category","embeddable":true,"href":"https:\/\/www.mobly.com.br\/blog\/wp-json\/wp\/v2\/categories?post=19544"},{"taxonomy":"post_tag","embeddable":true,"href":"https:\/\/www.mobly.com.br\/blog\/wp-json\/wp\/v2\/tags?post=19544"}],"curies":[{"name":"wp","href":"https:\/\/api.w.org\/{rel}","templated":true}]}}