{"id":19507,"date":"2022-07-25T12:48:14","date_gmt":"2022-07-25T15:48:14","guid":{"rendered":"https:\/\/www.mobly.com.br\/blog\/?p=19507"},"modified":"2022-07-25T12:48:17","modified_gmt":"2022-07-25T15:48:17","slug":"branco-e-madeira","status":"publish","type":"post","link":"https:\/\/www.mobly.com.br\/blog\/inspiracoes\/branco-e-madeira\/","title":{"rendered":"Branco e madeira: a combina\u00e7\u00e3o perfeita para o seu lar"},"content":{"rendered":"\n<p>Olha, se tem uma coisa mais <em>clean<\/em> que branco na decora\u00e7\u00e3o, eu desconhe\u00e7o. Quer dizer, eu desconhecia, porque existe uma maneira muito eficaz de dar um <em>boost<\/em> nessa sensa\u00e7\u00e3o de frescor: o contraste de <strong>branco e madeira<\/strong>.\u00a0<\/p>\n\n\n\n<p>As possibilidades s\u00e3o enormes, j\u00e1 que existem diversos tons de madeira que voc\u00ea pode utilizar \u2013 e n\u00e3o esque\u00e7a que branco combina com tudo! Isso significa que voc\u00ea pode inserir pe\u00e7as desse material no seu ambiente e combinar n\u00e3o s\u00f3 com o branco, mas tamb\u00e9m criando ajustes e transi\u00e7\u00f5es entre diferentes tipos de madeira.\u00a0<\/p>\n\n\n\n<p>Vamos ver algumas op\u00e7\u00f5es? ; )<\/p>\n\n\n\n<figure class=\"wp-block-image size-large\"><img loading=\"lazy\" decoding=\"async\" width=\"1024\" height=\"768\" src=\"https:\/\/www.mobly.com.br\/blog\/wp-content\/uploads\/2022\/07\/branco-e-madeira-1024x768.jpg\" alt=\"\" class=\"wp-image-19508\" srcset=\"https:\/\/www.mobly.com.br\/blog\/wp-content\/uploads\/2022\/07\/branco-e-madeira-1024x768.jpg 1024w, https:\/\/www.mobly.com.br\/blog\/wp-content\/uploads\/2022\/07\/branco-e-madeira-512x384.jpg 512w, https:\/\/www.mobly.com.br\/blog\/wp-content\/uploads\/2022\/07\/branco-e-madeira-768x576.jpg 768w, https:\/\/www.mobly.com.br\/blog\/wp-content\/uploads\/2022\/07\/branco-e-madeira.jpg 1453w\" sizes=\"auto, (max-width: 1024px) 100vw, 1024px\" \/><\/figure>\n\n\n\n<h2 class=\"wp-block-heading\">#1. Escolha um ponto focal<\/h2>\n\n\n\n<p>Se formos come\u00e7ar pelo b\u00e1sico, uma maneira muito elegante de realizar essa combina\u00e7\u00e3o na decora\u00e7\u00e3o \u00e9 utilizando um m\u00f3vel de grande destaque em branco, como um sof\u00e1, uma mesa de centro ou um rack branco e madeira, e tomar esse como ponto de partida do resto das suas escolhas.&nbsp;<\/p>\n\n\n\n<p>Escolha dois ou tr\u00eas tons de madeira para os demais m\u00f3veis e crie contraste com o seu ponto focal branco. Misture acess\u00f3rios em branco e madeira nos tons que voc\u00ea escolheu e entenda quais ajustes mais lhe agradam.\u00a0<\/p>\n\n\n\n<figure class=\"wp-block-image size-large\"><img loading=\"lazy\" decoding=\"async\" width=\"957\" height=\"1024\" src=\"https:\/\/www.mobly.com.br\/blog\/wp-content\/uploads\/2022\/07\/buffet-branco-e-madeira-957x1024.jpg\" alt=\"\" class=\"wp-image-19509\" srcset=\"https:\/\/www.mobly.com.br\/blog\/wp-content\/uploads\/2022\/07\/buffet-branco-e-madeira-957x1024.jpg 957w, https:\/\/www.mobly.com.br\/blog\/wp-content\/uploads\/2022\/07\/buffet-branco-e-madeira-478x512.jpg 478w, https:\/\/www.mobly.com.br\/blog\/wp-content\/uploads\/2022\/07\/buffet-branco-e-madeira-768x822.jpg 768w, https:\/\/www.mobly.com.br\/blog\/wp-content\/uploads\/2022\/07\/buffet-branco-e-madeira.jpg 1228w\" sizes=\"auto, (max-width: 957px) 100vw, 957px\" \/><\/figure>\n\n\n\n<h2 class=\"wp-block-heading\">#2. Que sensa\u00e7\u00e3o voc\u00ea est\u00e1 buscando?<\/h2>\n\n\n\n<p>Existem muitas maneiras de planejar uma decora\u00e7\u00e3o em branco e madeira \u2013 e a quantidade de cada um desses elementos vai depender do estilo de ambiente que voc\u00ea deseja criar. <\/p>\n\n\n\n<p>Lugares com grande entrada de luz natural ir\u00e3o combinar bem com muitos elementos em branco, porque deixar\u00e3o o local mais claro e mais arejado, com sensa\u00e7\u00e3o de amplitude.\u00a0<\/p>\n\n\n\n<p>No entanto, se o que voc\u00ea est\u00e1 buscando \u00e9 um ambiente mais intimista, aconchegante e outonal, os diferentes tons de madeira, principalmente escuros, dever\u00e3o ser mais predominantes \u2013 algo especial para escrit\u00f3rios, bibliotecas e locais onde a concentra\u00e7\u00e3o se faz necess\u00e1ria, com a inser\u00e7\u00e3o de uma escrivaninha branca e madeira, por exemplo. <\/p>\n\n\n\n<p>\u00c9 poss\u00edvel, inclusive, trazer a madeira para uma das paredes para criar um destaque no ambiente.\u00a0<\/p>\n\n\n\n<figure class=\"wp-block-gallery has-nested-images columns-default is-cropped wp-block-gallery-1 is-layout-flex wp-block-gallery-is-layout-flex\">\n<figure class=\"wp-block-image size-large\"><img loading=\"lazy\" decoding=\"async\" width=\"1228\" height=\"1736\" data-id=\"19512\" src=\"https:\/\/www.mobly.com.br\/blog\/wp-content\/uploads\/2022\/07\/movel-branco-e-madeira.jpg\" alt=\"\" class=\"wp-image-19512\" srcset=\"https:\/\/www.mobly.com.br\/blog\/wp-content\/uploads\/2022\/07\/movel-branco-e-madeira.jpg 1228w, https:\/\/www.mobly.com.br\/blog\/wp-content\/uploads\/2022\/07\/movel-branco-e-madeira-362x512.jpg 362w, https:\/\/www.mobly.com.br\/blog\/wp-content\/uploads\/2022\/07\/movel-branco-e-madeira-724x1024.jpg 724w, https:\/\/www.mobly.com.br\/blog\/wp-content\/uploads\/2022\/07\/movel-branco-e-madeira-768x1086.jpg 768w, https:\/\/www.mobly.com.br\/blog\/wp-content\/uploads\/2022\/07\/movel-branco-e-madeira-1087x1536.jpg 1087w\" sizes=\"auto, (max-width: 1228px) 100vw, 1228px\" \/><\/figure>\n\n\n\n<figure class=\"wp-block-image size-large\"><img loading=\"lazy\" decoding=\"async\" width=\"1120\" height=\"1680\" data-id=\"19511\" src=\"https:\/\/www.mobly.com.br\/blog\/wp-content\/uploads\/2022\/07\/branco-e-madeira-escritorio.jpg\" alt=\"\" class=\"wp-image-19511\" srcset=\"https:\/\/www.mobly.com.br\/blog\/wp-content\/uploads\/2022\/07\/branco-e-madeira-escritorio.jpg 1120w, https:\/\/www.mobly.com.br\/blog\/wp-content\/uploads\/2022\/07\/branco-e-madeira-escritorio-341x512.jpg 341w, https:\/\/www.mobly.com.br\/blog\/wp-content\/uploads\/2022\/07\/branco-e-madeira-escritorio-683x1024.jpg 683w, https:\/\/www.mobly.com.br\/blog\/wp-content\/uploads\/2022\/07\/branco-e-madeira-escritorio-768x1152.jpg 768w, https:\/\/www.mobly.com.br\/blog\/wp-content\/uploads\/2022\/07\/branco-e-madeira-escritorio-1024x1536.jpg 1024w\" sizes=\"auto, (max-width: 1120px) 100vw, 1120px\" \/><\/figure>\n<\/figure>\n\n\n\n<h2 class=\"wp-block-heading\">#3. Cama de madeira, quarto branco<\/h2>\n\n\n\n<p>No quarto, uma ideia de combina\u00e7\u00e3o \u00e9 deixar que a cama assuma o papel principal, com cor e textura bem marcantes de madeira. <\/p>\n\n\n\n<p>Os demais objetos do ambiente, se estiverem em branco, sem muitos detalhes que roubem o foco, aumentar\u00e3o ainda mais o contraste que criamos \u2013 o que tornar\u00e1 essa combina\u00e7\u00e3o ainda mais especial.\u00a0<\/p>\n\n\n\n<figure class=\"wp-block-image size-full is-resized\"><img loading=\"lazy\" decoding=\"async\" src=\"https:\/\/www.mobly.com.br\/blog\/wp-content\/uploads\/2022\/07\/comoda-branca-e-madeira.jpg\" alt=\"\" class=\"wp-image-19513\" width=\"803\" height=\"536\" srcset=\"https:\/\/www.mobly.com.br\/blog\/wp-content\/uploads\/2022\/07\/comoda-branca-e-madeira.jpg 788w, https:\/\/www.mobly.com.br\/blog\/wp-content\/uploads\/2022\/07\/comoda-branca-e-madeira-512x342.jpg 512w, https:\/\/www.mobly.com.br\/blog\/wp-content\/uploads\/2022\/07\/comoda-branca-e-madeira-768x513.jpg 768w\" sizes=\"auto, (max-width: 803px) 100vw, 803px\" \/><\/figure>\n\n\n\n<figure class=\"wp-block-image size-large is-resized\"><img loading=\"lazy\" decoding=\"async\" src=\"https:\/\/www.mobly.com.br\/blog\/wp-content\/uploads\/2022\/07\/quarto-com-decoracao-branca-e-madeira-1024x648.jpg\" alt=\"\" class=\"wp-image-19514\" width=\"803\" height=\"507\" srcset=\"https:\/\/www.mobly.com.br\/blog\/wp-content\/uploads\/2022\/07\/quarto-com-decoracao-branca-e-madeira-1024x648.jpg 1024w, https:\/\/www.mobly.com.br\/blog\/wp-content\/uploads\/2022\/07\/quarto-com-decoracao-branca-e-madeira-512x324.jpg 512w, https:\/\/www.mobly.com.br\/blog\/wp-content\/uploads\/2022\/07\/quarto-com-decoracao-branca-e-madeira-768x486.jpg 768w, https:\/\/www.mobly.com.br\/blog\/wp-content\/uploads\/2022\/07\/quarto-com-decoracao-branca-e-madeira.jpg 1840w\" sizes=\"auto, (max-width: 803px) 100vw, 803px\" \/><\/figure>\n\n\n\n<h2 class=\"wp-block-heading\">#4. Um tom de madeira dominante<\/h2>\n\n\n\n<p>A combina\u00e7\u00e3o de diversos tons de madeira n\u00e3o \u00e9 para todo mundo, especialmente se voc\u00ea estiver sentindo inseguran\u00e7a nessa aposta ou fora da sua zona de conforto.<\/p>\n\n\n\n<p>Nesses casos, \u00e9 interessante escolher um tom de madeira que mais combine com a personalidade do seu ambiente e ficar com ela. Madeiras claras ou madeiras escuras, ambas t\u00eam grande potencial de ficar elegantes na sua decora\u00e7\u00e3o em branco e madeira e em combina\u00e7\u00f5es com outras <a href=\"https:\/\/www.mobly.com.br\/blog\/inspiracoes\/cores-neutras\/\">cores neutras<\/a>.\u00a0<\/p>\n\n\n\n<figure class=\"wp-block-image size-large\"><img loading=\"lazy\" decoding=\"async\" width=\"1024\" height=\"571\" src=\"https:\/\/www.mobly.com.br\/blog\/wp-content\/uploads\/2022\/07\/branco-e-madeira-na-decoracao-1024x571.jpg\" alt=\"\" class=\"wp-image-19515\" srcset=\"https:\/\/www.mobly.com.br\/blog\/wp-content\/uploads\/2022\/07\/branco-e-madeira-na-decoracao-1024x571.jpg 1024w, https:\/\/www.mobly.com.br\/blog\/wp-content\/uploads\/2022\/07\/branco-e-madeira-na-decoracao-512x286.jpg 512w, https:\/\/www.mobly.com.br\/blog\/wp-content\/uploads\/2022\/07\/branco-e-madeira-na-decoracao-768x428.jpg 768w, https:\/\/www.mobly.com.br\/blog\/wp-content\/uploads\/2022\/07\/branco-e-madeira-na-decoracao-1536x857.jpg 1536w, https:\/\/www.mobly.com.br\/blog\/wp-content\/uploads\/2022\/07\/branco-e-madeira-na-decoracao.jpg 1588w\" sizes=\"auto, (max-width: 1024px) 100vw, 1024px\" \/><\/figure>\n\n\n\n<h2 class=\"wp-block-heading\">#5. Estrado de madeira no quarto<\/h2>\n\n\n\n<p>Uma aposta interessante para o quarto \u00e9 focar nos tons de madeira para a estrutura da sua cama, em um estilo mais cl\u00e1ssico, combinando com mesinhas de cabeceira e guarda-roupas no mesmo tom para acentuar ainda mais a apar\u00eancia r\u00fastica delicada que voc\u00ea trouxe para o ambiente.&nbsp;<\/p>\n\n\n\n<p>Falando nisso, veja alguns <a href=\"https:\/\/www.mobly.com.br\/blog\/dicas\/modelos-de-guarda-roupa\/\">modelos de guarda roupas<\/a> e entenda qual combina mais com a sua decora\u00e7\u00e3o em branco e madeira.&nbsp;<\/p>\n\n\n\n<p>Com as mudan\u00e7as das esta\u00e7\u00f5es, voc\u00ea pode brincar com novos elementos e trazer alguns toques de cor para a decora\u00e7\u00e3o do quarto, como flores, pot-pourris, roupas de cama e fronhas.\u00a0<\/p>\n\n\n\n<figure class=\"wp-block-image size-full\"><img loading=\"lazy\" decoding=\"async\" width=\"788\" height=\"487\" src=\"https:\/\/www.mobly.com.br\/blog\/wp-content\/uploads\/2022\/07\/quarto-branco-e-madeira.jpg\" alt=\"\" class=\"wp-image-19517\" srcset=\"https:\/\/www.mobly.com.br\/blog\/wp-content\/uploads\/2022\/07\/quarto-branco-e-madeira.jpg 788w, https:\/\/www.mobly.com.br\/blog\/wp-content\/uploads\/2022\/07\/quarto-branco-e-madeira-512x316.jpg 512w, https:\/\/www.mobly.com.br\/blog\/wp-content\/uploads\/2022\/07\/quarto-branco-e-madeira-768x475.jpg 768w\" sizes=\"auto, (max-width: 788px) 100vw, 788px\" \/><\/figure>\n\n\n\n<h2 class=\"wp-block-heading\">#6. Cozinha branca e madeira<\/h2>\n\n\n\n<p>Um risco que se corre quando investimos muito no branco para a cozinha \u00e9 criar um ambiente muito p\u00e1lido e sem personalidade. <\/p>\n\n\n\n<p>Para isso, \u00e9 importante que voc\u00ea varie as formas de utilizar o branco na sua composi\u00e7\u00e3o para tornar a decora\u00e7\u00e3o sempre mais interessante.\u00a0<\/p>\n\n\n\n<p>Pense em formas geom\u00e9tricas e texturas diferentes, que possibilitem que a criatividade flua. Um tapete retangular, uma mesa oval, cortinas de linho, na sala de jantar, almofadas de seda jogadas sobre cadeiras de madeira crua \u2013 s\u00e3o alguns exemplos para voc\u00ea pegar a ideia do que estamos falando.\u00a0<\/p>\n\n\n\n<figure class=\"wp-block-image size-full is-resized\"><img loading=\"lazy\" decoding=\"async\" src=\"https:\/\/www.mobly.com.br\/blog\/wp-content\/uploads\/2022\/07\/sala-de-jantar-branco-e-madeira.jpg\" alt=\"\" class=\"wp-image-19518\" width=\"749\" height=\"569\" srcset=\"https:\/\/www.mobly.com.br\/blog\/wp-content\/uploads\/2022\/07\/sala-de-jantar-branco-e-madeira.jpg 550w, https:\/\/www.mobly.com.br\/blog\/wp-content\/uploads\/2022\/07\/sala-de-jantar-branco-e-madeira-512x389.jpg 512w\" sizes=\"auto, (max-width: 749px) 100vw, 749px\" \/><\/figure>\n\n\n\n<h2 class=\"wp-block-heading\">#7. Pernas, para que te quero<\/h2>\n\n\n\n<p>Eu j\u00e1 comentei anteriormente que voc\u00ea pode combinar diversos tipos de madeira \u2013 e eu n\u00e3o vou voltar atr\u00e1s, \u00e9 isso mesmo. Agora, pense numa sala de estar \/ jantar onde as pernas do sof\u00e1 est\u00e3o num tom de madeira, as pernas da mesa de centro em outro, as cadeiras em outro e a mesa em outro.&nbsp;<\/p>\n\n\n\n<p>Para criar unicidade entre todos esses tons diferentes de pernas, traga um tapete ou carpete branco para que todas essas pe\u00e7as tenham um terreno em comum onde se apoiarem.\u00a0<\/p>\n\n\n\n<figure class=\"wp-block-gallery has-nested-images columns-default is-cropped wp-block-gallery-2 is-layout-flex wp-block-gallery-is-layout-flex\">\n<figure class=\"wp-block-image size-large\"><img loading=\"lazy\" decoding=\"async\" width=\"1227\" height=\"1839\" data-id=\"19520\" src=\"https:\/\/www.mobly.com.br\/blog\/wp-content\/uploads\/2022\/07\/branco-e-madeira-decor.jpg\" alt=\"\" class=\"wp-image-19520\" srcset=\"https:\/\/www.mobly.com.br\/blog\/wp-content\/uploads\/2022\/07\/branco-e-madeira-decor.jpg 1227w, https:\/\/www.mobly.com.br\/blog\/wp-content\/uploads\/2022\/07\/branco-e-madeira-decor-342x512.jpg 342w, https:\/\/www.mobly.com.br\/blog\/wp-content\/uploads\/2022\/07\/branco-e-madeira-decor-683x1024.jpg 683w, https:\/\/www.mobly.com.br\/blog\/wp-content\/uploads\/2022\/07\/branco-e-madeira-decor-768x1151.jpg 768w, https:\/\/www.mobly.com.br\/blog\/wp-content\/uploads\/2022\/07\/branco-e-madeira-decor-1025x1536.jpg 1025w\" sizes=\"auto, (max-width: 1227px) 100vw, 1227px\" \/><\/figure>\n\n\n\n<figure class=\"wp-block-image size-large\"><img loading=\"lazy\" decoding=\"async\" width=\"818\" height=\"1147\" data-id=\"19521\" src=\"https:\/\/www.mobly.com.br\/blog\/wp-content\/uploads\/2022\/07\/decoracao-branca-com-madeira-edited.jpg\" alt=\"\" class=\"wp-image-19521\" srcset=\"https:\/\/www.mobly.com.br\/blog\/wp-content\/uploads\/2022\/07\/decoracao-branca-com-madeira-edited.jpg 818w, https:\/\/www.mobly.com.br\/blog\/wp-content\/uploads\/2022\/07\/decoracao-branca-com-madeira-edited-365x512.jpg 365w, https:\/\/www.mobly.com.br\/blog\/wp-content\/uploads\/2022\/07\/decoracao-branca-com-madeira-edited-730x1024.jpg 730w, https:\/\/www.mobly.com.br\/blog\/wp-content\/uploads\/2022\/07\/decoracao-branca-com-madeira-edited-768x1077.jpg 768w\" sizes=\"auto, (max-width: 818px) 100vw, 818px\" \/><\/figure>\n<\/figure>\n\n\n\n<h2 class=\"wp-block-heading\">#8. Escolha seu estilo<\/h2>\n\n\n\n<p>Uma das vantagens da combina\u00e7\u00e3o branco e madeira que ainda n\u00e3o falamos \u00e9 a versatilidade de estilos que podem ser incorporados nesse acordo. <\/p>\n\n\n\n<p>D\u00ea uma pesquisada (de prefer\u00eancia aqui no blog rs) nos diferentes estilos de decora\u00e7\u00e3o e perceba como quase todos ir\u00e3o se encaixar dentro desse arranjo. Moderno, minimalista, r\u00fastico, contempor\u00e2neo, a escolha \u00e9 sua.\u00a0<\/p>\n\n\n\n<figure class=\"wp-block-image size-large\"><img loading=\"lazy\" decoding=\"async\" width=\"1024\" height=\"704\" src=\"https:\/\/www.mobly.com.br\/blog\/wp-content\/uploads\/2022\/07\/painel-de-madeira-branco-e-madeira-1024x704.jpg\" alt=\"\" class=\"wp-image-19522\" srcset=\"https:\/\/www.mobly.com.br\/blog\/wp-content\/uploads\/2022\/07\/painel-de-madeira-branco-e-madeira-1024x704.jpg 1024w, https:\/\/www.mobly.com.br\/blog\/wp-content\/uploads\/2022\/07\/painel-de-madeira-branco-e-madeira-512x352.jpg 512w, https:\/\/www.mobly.com.br\/blog\/wp-content\/uploads\/2022\/07\/painel-de-madeira-branco-e-madeira-768x528.jpg 768w, https:\/\/www.mobly.com.br\/blog\/wp-content\/uploads\/2022\/07\/painel-de-madeira-branco-e-madeira-1536x1057.jpg 1536w, https:\/\/www.mobly.com.br\/blog\/wp-content\/uploads\/2022\/07\/painel-de-madeira-branco-e-madeira.jpg 1737w\" sizes=\"auto, (max-width: 1024px) 100vw, 1024px\" \/><\/figure>\n\n\n\n<figure class=\"wp-block-image size-large\"><img loading=\"lazy\" decoding=\"async\" width=\"1024\" height=\"686\" src=\"https:\/\/www.mobly.com.br\/blog\/wp-content\/uploads\/2022\/07\/Branco-e-madeira-na-decoracao-dos-ambientes-1024x686.jpg\" alt=\"\" class=\"wp-image-19524\" srcset=\"https:\/\/www.mobly.com.br\/blog\/wp-content\/uploads\/2022\/07\/Branco-e-madeira-na-decoracao-dos-ambientes-1024x686.jpg 1024w, https:\/\/www.mobly.com.br\/blog\/wp-content\/uploads\/2022\/07\/Branco-e-madeira-na-decoracao-dos-ambientes-512x343.jpg 512w, https:\/\/www.mobly.com.br\/blog\/wp-content\/uploads\/2022\/07\/Branco-e-madeira-na-decoracao-dos-ambientes-768x515.jpg 768w, https:\/\/www.mobly.com.br\/blog\/wp-content\/uploads\/2022\/07\/Branco-e-madeira-na-decoracao-dos-ambientes-1536x1030.jpg 1536w, https:\/\/www.mobly.com.br\/blog\/wp-content\/uploads\/2022\/07\/Branco-e-madeira-na-decoracao-dos-ambientes.jpg 1705w\" sizes=\"auto, (max-width: 1024px) 100vw, 1024px\" \/><\/figure>\n\n\n\n<h2 class=\"wp-block-heading\">#9. Contrastes\u00a0<\/h2>\n\n\n\n<p>Paredes brancas s\u00e3o uma jogada segura em praticamente todo o tipo de decora\u00e7\u00e3o \u2013 o que tamb\u00e9m se aplica a qualquer tom em m\u00f3veis de madeira. <\/p>\n\n\n\n<p>No entanto, experimente como essa combina\u00e7\u00e3o fica extra especial quando os m\u00f3veis de madeira s\u00e3o escuros.\u00a0<\/p>\n\n\n\n<p>O contraste gritante \u00e9 uma excelente maneira de criar destaques que saltam aos olhos. <\/p>\n\n\n\n<p>Essas dessemelhan\u00e7as s\u00e3o bem-vindas e podem ser causadas por diversos elementos, desde uma fotografia pendurada na parede at\u00e9 um par de vasos de plantas e flores sob uma c\u00f4moda branca e madeira.\u00a0\u00a0<\/p>\n\n\n\n<figure class=\"wp-block-image size-large\"><img loading=\"lazy\" decoding=\"async\" width=\"1024\" height=\"670\" src=\"https:\/\/www.mobly.com.br\/blog\/wp-content\/uploads\/2022\/07\/branco-e-madeira-decoracao-1024x670.jpg\" alt=\"\" class=\"wp-image-19523\" srcset=\"https:\/\/www.mobly.com.br\/blog\/wp-content\/uploads\/2022\/07\/branco-e-madeira-decoracao-1024x670.jpg 1024w, https:\/\/www.mobly.com.br\/blog\/wp-content\/uploads\/2022\/07\/branco-e-madeira-decoracao-512x335.jpg 512w, https:\/\/www.mobly.com.br\/blog\/wp-content\/uploads\/2022\/07\/branco-e-madeira-decoracao-768x502.jpg 768w, https:\/\/www.mobly.com.br\/blog\/wp-content\/uploads\/2022\/07\/branco-e-madeira-decoracao-1536x1005.jpg 1536w, https:\/\/www.mobly.com.br\/blog\/wp-content\/uploads\/2022\/07\/branco-e-madeira-decoracao.jpg 1882w\" sizes=\"auto, (max-width: 1024px) 100vw, 1024px\" \/><\/figure>\n\n\n\n<h2 class=\"wp-block-heading\">#10. Um cinzinha s\u00f3 para dizer<\/h2>\n\n\n\n<p>Existe um elemento que \u00e9 pouco lembrado quando falamos em ambientes que recebem grandes quantidades de <a href=\"https:\/\/www.mobly.com.br\/blog\/dicas\/luz-natural\/\">luz natural<\/a>: as sombras. Sim, de que cor s\u00e3o as sombras? <\/p>\n\n\n\n<p>Dependendo da incid\u00eancia de luz, podem ser desde preta at\u00e9 um cinza claro. Brinque com isso! Traga alguns elementos de cinza onde h\u00e1 maior incid\u00eancia dessas sombras e crie uma paleta mais harmoniosa \u2013 e um ambiente menos mon\u00f3tono.\u00a0<\/p>\n\n\n\n<figure class=\"wp-block-image size-large\"><img loading=\"lazy\" decoding=\"async\" width=\"1024\" height=\"725\" src=\"https:\/\/www.mobly.com.br\/blog\/wp-content\/uploads\/2022\/07\/FASE-71-3-1024x725.jpg\" alt=\"\" class=\"wp-image-19525\" srcset=\"https:\/\/www.mobly.com.br\/blog\/wp-content\/uploads\/2022\/07\/FASE-71-3-1024x725.jpg 1024w, https:\/\/www.mobly.com.br\/blog\/wp-content\/uploads\/2022\/07\/FASE-71-3-512x363.jpg 512w, https:\/\/www.mobly.com.br\/blog\/wp-content\/uploads\/2022\/07\/FASE-71-3-768x544.jpg 768w, https:\/\/www.mobly.com.br\/blog\/wp-content\/uploads\/2022\/07\/FASE-71-3.jpg 1223w\" sizes=\"auto, (max-width: 1024px) 100vw, 1024px\" \/><\/figure>\n\n\n\n<h2 class=\"wp-block-heading\">#11. Elementos de decora\u00e7\u00e3o<\/h2>\n\n\n\n<p>Quando estamos trabalhando com uma paleta t\u00e3o simples como essa, elementos de textura brilhante tem potencial de criar um enorme destaque. <\/p>\n\n\n\n<p>Aposte em pe\u00e7as como espelhos, cristais e m\u00f3veis de superf\u00edcie brilhante, porque eles n\u00e3o ir\u00e3o romper com a sua paleta \u2013 pelo contr\u00e1rio, ir\u00e3o trazer mais brilho e frescor para o c\u00f4modo.\u00a0<\/p>\n\n\n\n<figure class=\"wp-block-image size-large\"><img loading=\"lazy\" decoding=\"async\" width=\"1024\" height=\"683\" src=\"https:\/\/www.mobly.com.br\/blog\/wp-content\/uploads\/2022\/07\/decoracao-branco-e-madeira-1024x683.jpg\" alt=\"\" class=\"wp-image-19526\" srcset=\"https:\/\/www.mobly.com.br\/blog\/wp-content\/uploads\/2022\/07\/decoracao-branco-e-madeira-1024x683.jpg 1024w, https:\/\/www.mobly.com.br\/blog\/wp-content\/uploads\/2022\/07\/decoracao-branco-e-madeira-512x342.jpg 512w, https:\/\/www.mobly.com.br\/blog\/wp-content\/uploads\/2022\/07\/decoracao-branco-e-madeira-768x513.jpg 768w, https:\/\/www.mobly.com.br\/blog\/wp-content\/uploads\/2022\/07\/decoracao-branco-e-madeira-1536x1025.jpg 1536w, https:\/\/www.mobly.com.br\/blog\/wp-content\/uploads\/2022\/07\/decoracao-branco-e-madeira.jpg 1840w\" sizes=\"auto, (max-width: 1024px) 100vw, 1024px\" \/><\/figure>\n\n\n\n<figure class=\"wp-block-image size-large\"><img loading=\"lazy\" decoding=\"async\" width=\"1024\" height=\"663\" src=\"https:\/\/www.mobly.com.br\/blog\/wp-content\/uploads\/2022\/07\/branco-e-madeira-decoracao-dicas-1024x663.jpg\" alt=\"\" class=\"wp-image-19527\" srcset=\"https:\/\/www.mobly.com.br\/blog\/wp-content\/uploads\/2022\/07\/branco-e-madeira-decoracao-dicas-1024x663.jpg 1024w, https:\/\/www.mobly.com.br\/blog\/wp-content\/uploads\/2022\/07\/branco-e-madeira-decoracao-dicas-512x332.jpg 512w, https:\/\/www.mobly.com.br\/blog\/wp-content\/uploads\/2022\/07\/branco-e-madeira-decoracao-dicas-768x498.jpg 768w, https:\/\/www.mobly.com.br\/blog\/wp-content\/uploads\/2022\/07\/branco-e-madeira-decoracao-dicas.jpg 1400w\" sizes=\"auto, (max-width: 1024px) 100vw, 1024px\" \/><\/figure>\n\n\n\n<p>E voc\u00ea? J\u00e1 curte essa combina\u00e7\u00e3o de<strong> branco e madeira<\/strong>? Deixe nos coment\u00e1rios abaixo como voc\u00ea escolheu fazer essa combina\u00e7\u00e3o na sua casa.\u00a0<\/p>\n<button class=\"simplefavorite-button has-count loading\" data-postid=\"19507\" data-siteid=\"1\" data-groupid=\"1\" data-favoritecount=\"0\" style=\"\">Carregando...<span class=\"sf-icon-spinner-wrapper\"><i class=\"sf-icon-spinner\"><\/i><\/span><\/button>","protected":false},"excerpt":{"rendered":"<p>Olha, se tem uma coisa mais clean que branco na decora\u00e7\u00e3o, eu desconhe\u00e7o. Quer dizer, eu desconhecia, porque existe uma maneira muito eficaz de dar um boost nessa sensa\u00e7\u00e3o de frescor: o contraste de branco e madeira.\u00a0 As possibilidades s\u00e3o enormes, j\u00e1 que existem diversos tons de madeira que voc\u00ea pode utilizar \u2013 e n\u00e3o esque\u00e7a que branco combina com tudo! Isso significa que voc\u00ea pode inserir pe\u00e7as desse material no seu ambiente e combinar n\u00e3o s\u00f3 com o branco, mas tamb\u00e9m criando ajustes e transi\u00e7\u00f5es entre diferentes tipos de madeira.\u00a0 Vamos ver algumas op\u00e7\u00f5es? ; ) #1. Escolha um ponto focal Se formos come\u00e7ar pelo b\u00e1sico, uma maneira muito elegante de realizar essa combina\u00e7\u00e3o na decora\u00e7\u00e3o \u00e9 utilizando um m\u00f3vel de grande destaque em branco, como um sof\u00e1, uma mesa de centro ou um rack branco e madeira, e tomar esse como ponto de partida do resto das suas escolhas.&nbsp; Escolha dois ou tr\u00eas tons de madeira para os demais m\u00f3veis e crie contraste com o seu ponto focal branco. Misture acess\u00f3rios em branco e madeira nos tons que voc\u00ea escolheu e entenda quais ajustes mais lhe agradam.\u00a0 #2. Que sensa\u00e7\u00e3o voc\u00ea est\u00e1 buscando? Existem muitas maneiras de planejar [&hellip;]<\/p>\n","protected":false},"author":28,"featured_media":19508,"comment_status":"open","ping_status":"open","sticky":false,"template":"","format":"standard","meta":{"extendify_custom_stylesheet":"","_mi_skip_tracking":false,"_monsterinsights_skip_tracking":false,"_monsterinsights_sitenote_active":false,"_monsterinsights_sitenote_note":"","_monsterinsights_sitenote_category":0,"footnotes":""},"categories":[11],"tags":[1276,1252,1235,1277],"class_list":["post-19507","post","type-post","status-publish","format-standard","has-post-thumbnail","hentry","category-inspiracoes","tag-branco-2","tag-dicas-2","tag-ideias","tag-madeira"],"yoast_head":"<!-- This site is optimized with the Yoast SEO plugin v24.9 - https:\/\/yoast.com\/wordpress\/plugins\/seo\/ -->\n<title>Branco e madeira: a combina\u00e7\u00e3o perfeita para o seu lar | Mobly<\/title>\n<meta name=\"description\" content=\"Existem milhares de combina\u00e7\u00f5es com branco e madeira. Confira algumas ideias COM FOTOS para sua casa!\" \/>\n<meta name=\"robots\" content=\"index, follow, max-snippet:-1, max-image-preview:large, max-video-preview:-1\" \/>\n<link rel=\"canonical\" href=\"https:\/\/www.mobly.com.br\/blog\/inspiracoes\/branco-e-madeira\/\" \/>\n<meta property=\"og:locale\" content=\"pt_BR\" \/>\n<meta property=\"og:type\" content=\"article\" \/>\n<meta property=\"og:title\" content=\"Branco e madeira: a combina\u00e7\u00e3o perfeita para o seu lar | Mobly\" \/>\n<meta property=\"og:description\" content=\"Existem milhares de combina\u00e7\u00f5es com branco e madeira. Confira algumas ideias COM FOTOS para sua casa!\" \/>\n<meta property=\"og:url\" content=\"https:\/\/www.mobly.com.br\/blog\/inspiracoes\/branco-e-madeira\/\" \/>\n<meta property=\"og:site_name\" content=\"Blog da Mobly\" \/>\n<meta property=\"article:published_time\" content=\"2022-07-25T15:48:14+00:00\" \/>\n<meta property=\"article:modified_time\" content=\"2022-07-25T15:48:17+00:00\" \/>\n<meta property=\"og:image\" content=\"https:\/\/www.mobly.com.br\/blog\/wp-content\/uploads\/2022\/07\/branco-e-madeira.jpg\" \/>\n\t<meta property=\"og:image:width\" content=\"1453\" \/>\n\t<meta property=\"og:image:height\" content=\"1090\" \/>\n\t<meta property=\"og:image:type\" content=\"image\/jpeg\" \/>\n<meta name=\"author\" content=\"Jo\u00e3o Pedro Bueno Pinheiro de Andrade\" \/>\n<meta name=\"twitter:card\" content=\"summary_large_image\" \/>\n<meta name=\"twitter:label1\" content=\"Escrito por\" \/>\n\t<meta name=\"twitter:data1\" content=\"Jo\u00e3o Pedro Bueno Pinheiro de Andrade\" \/>\n\t<meta name=\"twitter:label2\" content=\"Est. tempo de leitura\" \/>\n\t<meta name=\"twitter:data2\" content=\"10 minutos\" \/>\n<script type=\"application\/ld+json\" class=\"yoast-schema-graph\">{\"@context\":\"https:\/\/schema.org\",\"@graph\":[{\"@type\":\"WebPage\",\"@id\":\"https:\/\/www.mobly.com.br\/blog\/inspiracoes\/branco-e-madeira\/\",\"url\":\"https:\/\/www.mobly.com.br\/blog\/inspiracoes\/branco-e-madeira\/\",\"name\":\"Branco e madeira: a combina\u00e7\u00e3o perfeita para o seu lar | Mobly\",\"isPartOf\":{\"@id\":\"https:\/\/www.mobly.com.br\/blog\/#website\"},\"primaryImageOfPage\":{\"@id\":\"https:\/\/www.mobly.com.br\/blog\/inspiracoes\/branco-e-madeira\/#primaryimage\"},\"image\":{\"@id\":\"https:\/\/www.mobly.com.br\/blog\/inspiracoes\/branco-e-madeira\/#primaryimage\"},\"thumbnailUrl\":\"https:\/\/www.mobly.com.br\/blog\/wp-content\/uploads\/2022\/07\/branco-e-madeira.jpg\",\"datePublished\":\"2022-07-25T15:48:14+00:00\",\"dateModified\":\"2022-07-25T15:48:17+00:00\",\"author\":{\"@id\":\"https:\/\/www.mobly.com.br\/blog\/#\/schema\/person\/db29f6ab802a7e981b7faa1a6cd02062\"},\"description\":\"Existem milhares de combina\u00e7\u00f5es com branco e madeira. Confira algumas ideias COM FOTOS para sua casa!\",\"breadcrumb\":{\"@id\":\"https:\/\/www.mobly.com.br\/blog\/inspiracoes\/branco-e-madeira\/#breadcrumb\"},\"inLanguage\":\"pt-BR\",\"potentialAction\":[{\"@type\":\"ReadAction\",\"target\":[\"https:\/\/www.mobly.com.br\/blog\/inspiracoes\/branco-e-madeira\/\"]}]},{\"@type\":\"ImageObject\",\"inLanguage\":\"pt-BR\",\"@id\":\"https:\/\/www.mobly.com.br\/blog\/inspiracoes\/branco-e-madeira\/#primaryimage\",\"url\":\"https:\/\/www.mobly.com.br\/blog\/wp-content\/uploads\/2022\/07\/branco-e-madeira.jpg\",\"contentUrl\":\"https:\/\/www.mobly.com.br\/blog\/wp-content\/uploads\/2022\/07\/branco-e-madeira.jpg\",\"width\":1453,\"height\":1090},{\"@type\":\"BreadcrumbList\",\"@id\":\"https:\/\/www.mobly.com.br\/blog\/inspiracoes\/branco-e-madeira\/#breadcrumb\",\"itemListElement\":[{\"@type\":\"ListItem\",\"position\":1,\"name\":\"Home\",\"item\":\"https:\/\/www.mobly.com.br\/blog\/\"},{\"@type\":\"ListItem\",\"position\":2,\"name\":\"Inspira\u00e7\u00f5es\",\"item\":\"https:\/\/www.mobly.com.br\/blog\/inspiracoes\/\"},{\"@type\":\"ListItem\",\"position\":3,\"name\":\"Branco e madeira: a combina\u00e7\u00e3o perfeita para o seu lar\"}]},{\"@type\":\"WebSite\",\"@id\":\"https:\/\/www.mobly.com.br\/blog\/#website\",\"url\":\"https:\/\/www.mobly.com.br\/blog\/\",\"name\":\"Blog da Mobly\",\"description\":\"Dicas de Decora\u00e7\u00e3o, Inspira\u00e7\u00f5es e Mais\",\"potentialAction\":[{\"@type\":\"SearchAction\",\"target\":{\"@type\":\"EntryPoint\",\"urlTemplate\":\"https:\/\/www.mobly.com.br\/blog\/?s={search_term_string}\"},\"query-input\":{\"@type\":\"PropertyValueSpecification\",\"valueRequired\":true,\"valueName\":\"search_term_string\"}}],\"inLanguage\":\"pt-BR\"},{\"@type\":\"Person\",\"@id\":\"https:\/\/www.mobly.com.br\/blog\/#\/schema\/person\/db29f6ab802a7e981b7faa1a6cd02062\",\"name\":\"Jo\u00e3o Pedro Bueno Pinheiro de Andrade\",\"image\":{\"@type\":\"ImageObject\",\"inLanguage\":\"pt-BR\",\"@id\":\"https:\/\/www.mobly.com.br\/blog\/#\/schema\/person\/image\/\",\"url\":\"https:\/\/secure.gravatar.com\/avatar\/d3c171116476d726a7276d7c25b287f4?s=96&d=mm&r=g\",\"contentUrl\":\"https:\/\/secure.gravatar.com\/avatar\/d3c171116476d726a7276d7c25b287f4?s=96&d=mm&r=g\",\"caption\":\"Jo\u00e3o Pedro Bueno Pinheiro de Andrade\"},\"url\":\"https:\/\/www.mobly.com.br\/blog\/author\/joao-andrade\/\"}]}<\/script>\n<!-- \/ Yoast SEO plugin. -->","yoast_head_json":{"title":"Branco e madeira: a combina\u00e7\u00e3o perfeita para o seu lar | Mobly","description":"Existem milhares de combina\u00e7\u00f5es com branco e madeira. Confira algumas ideias COM FOTOS para sua casa!","robots":{"index":"index","follow":"follow","max-snippet":"max-snippet:-1","max-image-preview":"max-image-preview:large","max-video-preview":"max-video-preview:-1"},"canonical":"https:\/\/www.mobly.com.br\/blog\/inspiracoes\/branco-e-madeira\/","og_locale":"pt_BR","og_type":"article","og_title":"Branco e madeira: a combina\u00e7\u00e3o perfeita para o seu lar | Mobly","og_description":"Existem milhares de combina\u00e7\u00f5es com branco e madeira. Confira algumas ideias COM FOTOS para sua casa!","og_url":"https:\/\/www.mobly.com.br\/blog\/inspiracoes\/branco-e-madeira\/","og_site_name":"Blog da Mobly","article_published_time":"2022-07-25T15:48:14+00:00","article_modified_time":"2022-07-25T15:48:17+00:00","og_image":[{"width":1453,"height":1090,"url":"https:\/\/www.mobly.com.br\/blog\/wp-content\/uploads\/2022\/07\/branco-e-madeira.jpg","type":"image\/jpeg"}],"author":"Jo\u00e3o Pedro Bueno Pinheiro de Andrade","twitter_card":"summary_large_image","twitter_misc":{"Escrito por":"Jo\u00e3o Pedro Bueno Pinheiro de Andrade","Est. tempo de leitura":"10 minutos"},"schema":{"@context":"https:\/\/schema.org","@graph":[{"@type":"WebPage","@id":"https:\/\/www.mobly.com.br\/blog\/inspiracoes\/branco-e-madeira\/","url":"https:\/\/www.mobly.com.br\/blog\/inspiracoes\/branco-e-madeira\/","name":"Branco e madeira: a combina\u00e7\u00e3o perfeita para o seu lar | Mobly","isPartOf":{"@id":"https:\/\/www.mobly.com.br\/blog\/#website"},"primaryImageOfPage":{"@id":"https:\/\/www.mobly.com.br\/blog\/inspiracoes\/branco-e-madeira\/#primaryimage"},"image":{"@id":"https:\/\/www.mobly.com.br\/blog\/inspiracoes\/branco-e-madeira\/#primaryimage"},"thumbnailUrl":"https:\/\/www.mobly.com.br\/blog\/wp-content\/uploads\/2022\/07\/branco-e-madeira.jpg","datePublished":"2022-07-25T15:48:14+00:00","dateModified":"2022-07-25T15:48:17+00:00","author":{"@id":"https:\/\/www.mobly.com.br\/blog\/#\/schema\/person\/db29f6ab802a7e981b7faa1a6cd02062"},"description":"Existem milhares de combina\u00e7\u00f5es com branco e madeira. Confira algumas ideias COM FOTOS para sua casa!","breadcrumb":{"@id":"https:\/\/www.mobly.com.br\/blog\/inspiracoes\/branco-e-madeira\/#breadcrumb"},"inLanguage":"pt-BR","potentialAction":[{"@type":"ReadAction","target":["https:\/\/www.mobly.com.br\/blog\/inspiracoes\/branco-e-madeira\/"]}]},{"@type":"ImageObject","inLanguage":"pt-BR","@id":"https:\/\/www.mobly.com.br\/blog\/inspiracoes\/branco-e-madeira\/#primaryimage","url":"https:\/\/www.mobly.com.br\/blog\/wp-content\/uploads\/2022\/07\/branco-e-madeira.jpg","contentUrl":"https:\/\/www.mobly.com.br\/blog\/wp-content\/uploads\/2022\/07\/branco-e-madeira.jpg","width":1453,"height":1090},{"@type":"BreadcrumbList","@id":"https:\/\/www.mobly.com.br\/blog\/inspiracoes\/branco-e-madeira\/#breadcrumb","itemListElement":[{"@type":"ListItem","position":1,"name":"Home","item":"https:\/\/www.mobly.com.br\/blog\/"},{"@type":"ListItem","position":2,"name":"Inspira\u00e7\u00f5es","item":"https:\/\/www.mobly.com.br\/blog\/inspiracoes\/"},{"@type":"ListItem","position":3,"name":"Branco e madeira: a combina\u00e7\u00e3o perfeita para o seu lar"}]},{"@type":"WebSite","@id":"https:\/\/www.mobly.com.br\/blog\/#website","url":"https:\/\/www.mobly.com.br\/blog\/","name":"Blog da Mobly","description":"Dicas de Decora\u00e7\u00e3o, Inspira\u00e7\u00f5es e Mais","potentialAction":[{"@type":"SearchAction","target":{"@type":"EntryPoint","urlTemplate":"https:\/\/www.mobly.com.br\/blog\/?s={search_term_string}"},"query-input":{"@type":"PropertyValueSpecification","valueRequired":true,"valueName":"search_term_string"}}],"inLanguage":"pt-BR"},{"@type":"Person","@id":"https:\/\/www.mobly.com.br\/blog\/#\/schema\/person\/db29f6ab802a7e981b7faa1a6cd02062","name":"Jo\u00e3o Pedro Bueno Pinheiro de Andrade","image":{"@type":"ImageObject","inLanguage":"pt-BR","@id":"https:\/\/www.mobly.com.br\/blog\/#\/schema\/person\/image\/","url":"https:\/\/secure.gravatar.com\/avatar\/d3c171116476d726a7276d7c25b287f4?s=96&d=mm&r=g","contentUrl":"https:\/\/secure.gravatar.com\/avatar\/d3c171116476d726a7276d7c25b287f4?s=96&d=mm&r=g","caption":"Jo\u00e3o Pedro Bueno Pinheiro de Andrade"},"url":"https:\/\/www.mobly.com.br\/blog\/author\/joao-andrade\/"}]}},"_links":{"self":[{"href":"https:\/\/www.mobly.com.br\/blog\/wp-json\/wp\/v2\/posts\/19507","targetHints":{"allow":["GET"]}}],"collection":[{"href":"https:\/\/www.mobly.com.br\/blog\/wp-json\/wp\/v2\/posts"}],"about":[{"href":"https:\/\/www.mobly.com.br\/blog\/wp-json\/wp\/v2\/types\/post"}],"author":[{"embeddable":true,"href":"https:\/\/www.mobly.com.br\/blog\/wp-json\/wp\/v2\/users\/28"}],"replies":[{"embeddable":true,"href":"https:\/\/www.mobly.com.br\/blog\/wp-json\/wp\/v2\/comments?post=19507"}],"version-history":[{"count":1,"href":"https:\/\/www.mobly.com.br\/blog\/wp-json\/wp\/v2\/posts\/19507\/revisions"}],"predecessor-version":[{"id":19530,"href":"https:\/\/www.mobly.com.br\/blog\/wp-json\/wp\/v2\/posts\/19507\/revisions\/19530"}],"wp:featuredmedia":[{"embeddable":true,"href":"https:\/\/www.mobly.com.br\/blog\/wp-json\/wp\/v2\/media\/19508"}],"wp:attachment":[{"href":"https:\/\/www.mobly.com.br\/blog\/wp-json\/wp\/v2\/media?parent=19507"}],"wp:term":[{"taxonomy":"category","embeddable":true,"href":"https:\/\/www.mobly.com.br\/blog\/wp-json\/wp\/v2\/categories?post=19507"},{"taxonomy":"post_tag","embeddable":true,"href":"https:\/\/www.mobly.com.br\/blog\/wp-json\/wp\/v2\/tags?post=19507"}],"curies":[{"name":"wp","href":"https:\/\/api.w.org\/{rel}","templated":true}]}}