{"id":19472,"date":"2022-07-15T21:15:32","date_gmt":"2022-07-16T00:15:32","guid":{"rendered":"https:\/\/www.mobly.com.br\/blog\/?p=19472"},"modified":"2022-11-14T19:37:52","modified_gmt":"2022-11-14T22:37:52","slug":"quarto-preto","status":"publish","type":"post","link":"https:\/\/www.mobly.com.br\/blog\/inspiracoes\/quarto-preto\/","title":{"rendered":"Ideias para quarto preto: saiba como ousar na decora\u00e7\u00e3o"},"content":{"rendered":"\n<p>\u201cFica sombrio\u201d, \u201ccom cara de mal-humorado\u201d, \u201c\u00e9 muito claustrof\u00f3bico\u201d. Voc\u00ea que alguma vez sugeriu para algu\u00e9m que gostaria de ter um <strong>quarto preto<\/strong> j\u00e1 deve ter ouvido todos esses adjetivos como resposta. <\/p>\n\n\n\n<p>Bom, nada poderia estar mais longe da realidade, e o texto de hoje vem te dar ideias para que voc\u00ea esque\u00e7a o que os outros falam e aposte num quarto preto que tenha a sua cara.&nbsp;<\/p>\n\n\n\n<p>A verdade \u00e9 que a cor preta tem potencial de trazer para o seu quarto a sensa\u00e7\u00e3o de um espa\u00e7o maior (se voc\u00ea j\u00e1 escutou por a\u00ed que as cores escuras ir\u00e3o fazer seu c\u00f4modo parecer menor, esque\u00e7a \u2013 mito!), mais arejado e aconchegante \u2013 sem contar que ir\u00e1 trazer aquele toque extra de eleg\u00e2ncia, criatividade e dramaticidade.&nbsp;<\/p>\n\n\n\n<p>Veja essas dicas abaixo e entenda porqu\u00ea um pouco de tinta pode ser tudo que voc\u00ea est\u00e1 precisando para aquele quarto preto dos seus sonhos.&nbsp;<\/p>\n\n\n\n<figure class=\"wp-block-image size-full\"><img loading=\"lazy\" decoding=\"async\" width=\"900\" height=\"455\" src=\"https:\/\/www.mobly.com.br\/blog\/wp-content\/uploads\/2022\/07\/quarto-preto-ideias.png\" alt=\"\" class=\"wp-image-19473\" srcset=\"https:\/\/www.mobly.com.br\/blog\/wp-content\/uploads\/2022\/07\/quarto-preto-ideias.png 900w, https:\/\/www.mobly.com.br\/blog\/wp-content\/uploads\/2022\/07\/quarto-preto-ideias-512x259.png 512w, https:\/\/www.mobly.com.br\/blog\/wp-content\/uploads\/2022\/07\/quarto-preto-ideias-768x388.png 768w\" sizes=\"auto, (max-width: 900px) 100vw, 900px\" \/><\/figure>\n\n\n\n<h2 class=\"wp-block-heading\">Por que apostar no quarto todo preto?<\/h2>\n\n\n\n<p>Quando falamos no lugar de dormir, \u00e9 natural que desejemos um local que seja escuro, arejado e calmo. <\/p>\n\n\n\n<p>A cor preta \u00e9 perfeita para amplificar a escurid\u00e3o e frescor nesse ambiente e, por consequ\u00eancia, nos ajude a pegar no sono.&nbsp;<\/p>\n\n\n\n<p>Mas n\u00e3o me entenda mal. N\u00e3o estou sendo ing\u00eanuo ou algo que o valha. Eu entendo tamb\u00e9m que, culturalmente, a cor pode estar associada diretamente a emo\u00e7\u00f5es negativas, como os sentimentos de tristeza ou at\u00e9 mesmo de mist\u00e9rio. <\/p>\n\n\n\n<p>Por isso, \u00e9 necess\u00e1rio estar atento \u00e0 ilumina\u00e7\u00e3o e \u00e0s texturas que ser\u00e3o inseridas dentro desse ambiente, para aliviar a tens\u00e3o e trazer com mais facilidade a sensa\u00e7\u00e3o de aconchego e eleg\u00e2ncia que o quarto preto, potencialmente, tem.&nbsp;<\/p>\n\n\n\n<figure class=\"wp-block-image size-large\"><img loading=\"lazy\" decoding=\"async\" width=\"1024\" height=\"747\" src=\"https:\/\/www.mobly.com.br\/blog\/wp-content\/uploads\/2022\/07\/quarto-preto-e-cinza-1024x747.png\" alt=\"\" class=\"wp-image-19477\" srcset=\"https:\/\/www.mobly.com.br\/blog\/wp-content\/uploads\/2022\/07\/quarto-preto-e-cinza-1024x747.png 1024w, https:\/\/www.mobly.com.br\/blog\/wp-content\/uploads\/2022\/07\/quarto-preto-e-cinza-512x373.png 512w, https:\/\/www.mobly.com.br\/blog\/wp-content\/uploads\/2022\/07\/quarto-preto-e-cinza-768x560.png 768w, https:\/\/www.mobly.com.br\/blog\/wp-content\/uploads\/2022\/07\/quarto-preto-e-cinza.png 1215w\" sizes=\"auto, (max-width: 1024px) 100vw, 1024px\" \/><\/figure>\n\n\n\n<h2 class=\"wp-block-heading\">Quarto com parede preta<\/h2>\n\n\n\n<p>A parede preta no quarto tem um potencial incr\u00edvel de trazer a sensa\u00e7\u00e3o de recuo e, assim, entregar a sensa\u00e7\u00e3o de que um quarto pequeno \u00e9 maior. <\/p>\n\n\n\n<p>Isso se d\u00e1 porque os tons escuros acabam disfar\u00e7ando os limites de ch\u00e3o e parede, confundindo nosso c\u00e9rebro onde uma come\u00e7a e outra acaba.&nbsp;<\/p>\n\n\n\n<p>Em outras palavras, o preto tem o poder de absorver a luz de um espa\u00e7o e desfocar a divis\u00e3o entre as paredes, o que, por consequ\u00eancia, faz o espa\u00e7o parecer maior. <\/p>\n\n\n\n<p>Com as bordas \u201cborradas\u201d, o quarto preto ganha mais dimens\u00e3o e profundidade, fazendo com que ele cres\u00e7a e pare\u00e7a menos apertado.&nbsp;<\/p>\n\n\n\n<figure class=\"wp-block-gallery has-nested-images columns-default is-cropped wp-block-gallery-1 is-layout-flex wp-block-gallery-is-layout-flex\">\n<figure class=\"wp-block-image size-large\"><img loading=\"lazy\" decoding=\"async\" width=\"1228\" height=\"1840\" data-id=\"19483\" src=\"https:\/\/www.mobly.com.br\/blog\/wp-content\/uploads\/2022\/07\/quarto-com-parede-preta.png\" alt=\"\" class=\"wp-image-19483\" srcset=\"https:\/\/www.mobly.com.br\/blog\/wp-content\/uploads\/2022\/07\/quarto-com-parede-preta.png 1228w, https:\/\/www.mobly.com.br\/blog\/wp-content\/uploads\/2022\/07\/quarto-com-parede-preta-342x512.png 342w, https:\/\/www.mobly.com.br\/blog\/wp-content\/uploads\/2022\/07\/quarto-com-parede-preta-683x1024.png 683w, https:\/\/www.mobly.com.br\/blog\/wp-content\/uploads\/2022\/07\/quarto-com-parede-preta-768x1151.png 768w, https:\/\/www.mobly.com.br\/blog\/wp-content\/uploads\/2022\/07\/quarto-com-parede-preta-1025x1536.png 1025w\" sizes=\"auto, (max-width: 1228px) 100vw, 1228px\" \/><\/figure>\n\n\n\n<figure class=\"wp-block-image size-large\"><img loading=\"lazy\" decoding=\"async\" width=\"963\" height=\"1416\" data-id=\"19480\" src=\"https:\/\/www.mobly.com.br\/blog\/wp-content\/uploads\/2022\/07\/quarto-todo-preto.png\" alt=\"\" class=\"wp-image-19480\" srcset=\"https:\/\/www.mobly.com.br\/blog\/wp-content\/uploads\/2022\/07\/quarto-todo-preto.png 963w, https:\/\/www.mobly.com.br\/blog\/wp-content\/uploads\/2022\/07\/quarto-todo-preto-348x512.png 348w, https:\/\/www.mobly.com.br\/blog\/wp-content\/uploads\/2022\/07\/quarto-todo-preto-696x1024.png 696w, https:\/\/www.mobly.com.br\/blog\/wp-content\/uploads\/2022\/07\/quarto-todo-preto-768x1129.png 768w\" sizes=\"auto, (max-width: 963px) 100vw, 963px\" \/><\/figure>\n<\/figure>\n\n\n\n<h2 class=\"wp-block-heading\">A cama preta<\/h2>\n\n\n\n<p>&nbsp;Agora que refor\u00e7amos bem que o preto tem o poder de trazer eleg\u00e2ncia e dramaticidade para o quarto, vamos para o personagem principal desse ambiente: a cama. <\/p>\n\n\n\n<p>Estrados de madeira em preto podem parecer um pequeno detalhe, mas todo mundo tem que come\u00e7ar de algum lugar. Esse pode ser o seu passo n\u00famero um para ver se o quarto preto funciona para voc\u00ea.&nbsp;<\/p>\n\n\n\n<p>A decora\u00e7\u00e3o para a cama de madeira preta pode estar em branco ou alguma outra cor prim\u00e1ria. <\/p>\n\n\n\n<p>Pense em pe\u00e7as de arte ou outros ornamentos em vermelho e branco para trazer suavidade ao ambiente sem deixar a dramaticidade de lado.&nbsp;<\/p>\n\n\n\n<figure class=\"wp-block-image size-large\"><img loading=\"lazy\" decoding=\"async\" width=\"1024\" height=\"694\" src=\"https:\/\/www.mobly.com.br\/blog\/wp-content\/uploads\/2022\/07\/quarto-preto-e-vermelho-1024x694.png\" alt=\"\" class=\"wp-image-19478\" srcset=\"https:\/\/www.mobly.com.br\/blog\/wp-content\/uploads\/2022\/07\/quarto-preto-e-vermelho-1024x694.png 1024w, https:\/\/www.mobly.com.br\/blog\/wp-content\/uploads\/2022\/07\/quarto-preto-e-vermelho-512x347.png 512w, https:\/\/www.mobly.com.br\/blog\/wp-content\/uploads\/2022\/07\/quarto-preto-e-vermelho-768x521.png 768w, https:\/\/www.mobly.com.br\/blog\/wp-content\/uploads\/2022\/07\/quarto-preto-e-vermelho-1536x1041.png 1536w, https:\/\/www.mobly.com.br\/blog\/wp-content\/uploads\/2022\/07\/quarto-preto-e-vermelho.png 1788w\" sizes=\"auto, (max-width: 1024px) 100vw, 1024px\" \/><\/figure>\n\n\n\n<p>Refor\u00e7o mais uma vez que, para que um ambiente n\u00e3o se torne claustrof\u00f3bico, \u00e9 importante ter aten\u00e7\u00e3o \u00e0 ilumina\u00e7\u00e3o. <\/p>\n\n\n\n<p>Queremos um quarto preto elegante e n\u00e3o um local onde o Conde Dr\u00e1cula dorme num caix\u00e3o. Se tem o piso em madeira marrom, traga esse mesmo tom ou o branco para suas cortinas e experimente paredes mais claras, como em azul celeste, por exemplo, para a sensa\u00e7\u00e3o de um ambiente mais arejado.<\/p>\n\n\n\n<h2 class=\"wp-block-heading\">Brinque com estampas<\/h2>\n\n\n\n<p>Imagine entrar em quarto preto de cima a baixo, sem elementos. N\u00e3o parece muito interessante, n\u00e3o \u00e9? <\/p>\n\n\n\n<p>Um dos grandes segredos na hora de criar um quarto preto convidativo \u00e9 trazer elementos visuais que sejam atraentes ao olhar. <\/p>\n\n\n\n<p>Se optou por um quarto com parede preta, invista em estampas para seus acess\u00f3rios, como travesseiros, almofadas e outros tecidos. <\/p>\n\n\n\n<p>Una esses elementos com um cobertor ou colcha que converse com as cores que voc\u00ea prop\u00f4s nos acess\u00f3rios.&nbsp;<\/p>\n\n\n\n<figure class=\"wp-block-image size-large\"><img loading=\"lazy\" decoding=\"async\" width=\"1024\" height=\"667\" src=\"https:\/\/www.mobly.com.br\/blog\/wp-content\/uploads\/2022\/07\/ideias-de-decoracao-para-quarto-preto-1024x667.png\" alt=\"\" class=\"wp-image-19482\" srcset=\"https:\/\/www.mobly.com.br\/blog\/wp-content\/uploads\/2022\/07\/ideias-de-decoracao-para-quarto-preto-1024x667.png 1024w, https:\/\/www.mobly.com.br\/blog\/wp-content\/uploads\/2022\/07\/ideias-de-decoracao-para-quarto-preto-512x334.png 512w, https:\/\/www.mobly.com.br\/blog\/wp-content\/uploads\/2022\/07\/ideias-de-decoracao-para-quarto-preto-768x501.png 768w, https:\/\/www.mobly.com.br\/blog\/wp-content\/uploads\/2022\/07\/ideias-de-decoracao-para-quarto-preto.png 1327w\" sizes=\"auto, (max-width: 1024px) 100vw, 1024px\" \/><\/figure>\n\n\n\n<h2 class=\"wp-block-heading\">Quarto preto e branco<\/h2>\n\n\n\n<p>Calma, s\u00f3 coloquei esse t\u00edtulo para chamar sua aten\u00e7\u00e3o. <\/p>\n\n\n\n<p>N\u00e3o vou falar de nada que invoque esp\u00edritos sinistros do outro mundo. S\u00f3 vim te dizer que, se for investir num quarto preto, voc\u00ea pode dedicar um tempo a mais escolhendo as pe\u00e7as de arte que ir\u00e3o compor seu ambiente.&nbsp;<\/p>\n\n\n\n<p>Aposte em grandes fotos e retratos para <a href=\"https:\/\/www.mobly.com.br\/blog\/dicas\/decoracao-preto-e-branco\/\">decora\u00e7\u00e3o preto e branco<\/a> com molduras elegantes sobre a cama, ou ainda em quadros de imagens abstratas em off-white. <\/p>\n\n\n\n<p>Esses elementos poder\u00e3o ajudar a trazer unidade ao visual do seu quarto preto e branco ou quarto preto e cinza. E se voc\u00ea seguiu a dica n\u00famero tr\u00eas e escolheu uma cama de estrado preto, traga tamb\u00e9m uma roupa de cama branca ou off-white para combinar com as pe\u00e7as que voc\u00ea pendurou na parede.&nbsp;<\/p>\n\n\n\n<figure class=\"wp-block-image size-large\"><img loading=\"lazy\" decoding=\"async\" width=\"683\" height=\"1024\" src=\"https:\/\/www.mobly.com.br\/blog\/wp-content\/uploads\/2022\/07\/quarto-decoracao-preta-683x1024.png\" alt=\"\" class=\"wp-image-19484\" srcset=\"https:\/\/www.mobly.com.br\/blog\/wp-content\/uploads\/2022\/07\/quarto-decoracao-preta-683x1024.png 683w, https:\/\/www.mobly.com.br\/blog\/wp-content\/uploads\/2022\/07\/quarto-decoracao-preta-341x512.png 341w, https:\/\/www.mobly.com.br\/blog\/wp-content\/uploads\/2022\/07\/quarto-decoracao-preta-768x1152.png 768w, https:\/\/www.mobly.com.br\/blog\/wp-content\/uploads\/2022\/07\/quarto-decoracao-preta.png 912w\" sizes=\"auto, (max-width: 683px) 100vw, 683px\" \/><\/figure>\n\n\n\n<h2 class=\"wp-block-heading\">Quarto preto e cinza<\/h2>\n\n\n\n<p>Essa combina\u00e7\u00e3o de cores tem muito potencial para eleg\u00e2ncia e refinamento, sem perder em nada outras caracter\u00edsticas importantes para qualquer quarto, como relaxamento, al\u00edvio e calma. <\/p>\n\n\n\n<p>Busque entender qual estilo de decora\u00e7\u00e3o voc\u00ea quer trazer para seu quarto cinza e preto. Se tomarmos o conceito industrial, por exemplo, uma parede de concreto em cinza e cheia de texturas ir\u00e1 compor um ambiente que inspira muita seguran\u00e7a, for\u00e7a e poder.<\/p>\n\n\n\n<p>Para um ambiente com um ar mais delicado no quarto preto e cinza, o rosa e o dourado poder\u00e3o fazer uma bela composi\u00e7\u00e3o, adicionados na roupa de cama, objetos decorativos e de ilumina\u00e7\u00e3o. <\/p>\n\n\n\n<p>Branco e bege tamb\u00e9m podem criar boas composi\u00e7\u00f5es no quarto cinza e preto, trazendo um ar aconchegante \u00e0s roupas de cama, tapete e almofadas.<\/p>\n\n\n\n<figure class=\"wp-block-image size-large\"><img loading=\"lazy\" decoding=\"async\" width=\"1024\" height=\"684\" src=\"https:\/\/www.mobly.com.br\/blog\/wp-content\/uploads\/2022\/11\/quarto-preto-e-cinza-1024x684.png\" alt=\"\" class=\"wp-image-19786\" srcset=\"https:\/\/www.mobly.com.br\/blog\/wp-content\/uploads\/2022\/11\/quarto-preto-e-cinza-1024x684.png 1024w, https:\/\/www.mobly.com.br\/blog\/wp-content\/uploads\/2022\/11\/quarto-preto-e-cinza-512x342.png 512w, https:\/\/www.mobly.com.br\/blog\/wp-content\/uploads\/2022\/11\/quarto-preto-e-cinza-768x513.png 768w, https:\/\/www.mobly.com.br\/blog\/wp-content\/uploads\/2022\/11\/quarto-preto-e-cinza.png 1498w\" sizes=\"auto, (max-width: 1024px) 100vw, 1024px\" \/><\/figure>\n\n\n\n<h2 class=\"wp-block-heading\">O espelho no quarto todo preto<\/h2>\n\n\n\n<p>Voc\u00ea pode nem imaginar, mas essa pe\u00e7a t\u00e3o simples e frugal \u00e9 o verdadeiro canivete su\u00ed\u00e7o das decora\u00e7\u00f5es. O espelho est\u00e1 sempre pronto para trazer ao c\u00f4modo exatamente aquilo que ele estava precisando \u2013 e com o quarto preto n\u00e3o vai ser diferente.&nbsp;<\/p>\n\n\n\n<p>Digamos que seu quarto todo preto n\u00e3o tem uma janela muito grande e voc\u00ea acabou com pouca entrada de <a href=\"https:\/\/www.mobly.com.br\/blog\/dicas\/luz-natural\/\">luz natural<\/a> \u2013 o espelho \u00e9 quem vai te ajudar, refletindo a luz em outras paredes e criando a sensa\u00e7\u00e3o de um local mais bem iluminado. <\/p>\n\n\n\n<p>Ou digamos que mesmo em preto, o seu quarto ainda parece muito pequeno para aquilo que voc\u00ea esperava? Espelho! Com seu reflexo, ele vai te ajudar a trazer a ilus\u00e3o de mais espa\u00e7o.<\/p>\n\n\n\n<h2 class=\"wp-block-heading\">Quarto preto com LED<\/h2>\n\n\n\n<p>Se estiver buscando um visual mais moderno ou p\u00f3s-punk, as cores podem estar em uma ilumina\u00e7\u00e3o criativa em um quarto preto com LED. <\/p>\n\n\n\n<p>Para isso, \u00e9 fundamental que voc\u00ea tenha um bom projeto de ilumina\u00e7\u00e3o, afinal, como o preto absorve a luz, voc\u00ea pode correr o risco de acabar esbarrando em alguns m\u00f3veis. N\u00f3s n\u00e3o queremos isso.\u00a0<\/p>\n\n\n\n<p>O quarto preto com LED, al\u00e9m de uma ilumina\u00e7\u00e3o adequada, deve trazer aconchego. Para isso, entenda quais ser\u00e3o os pontos de luz do seu quarto \u2013 os pontos onde \u00e9 mais importante que voc\u00ea tenha uma ilumina\u00e7\u00e3o de qualidade ou onde est\u00e3o os itens de decora\u00e7\u00e3o que voc\u00ea quer ressaltar.&nbsp;<\/p>\n\n\n\n<p>As op\u00e7\u00f5es s\u00e3o muitas e a escolha vai depender da sua inspira\u00e7\u00e3o e aonde voc\u00ea quer chegar. Para um visual mais s\u00f3brio, traga uma ilumina\u00e7\u00e3o indireta e\/ou colocada no forro do gesso; para um quarto preto com LED moderno, a escolha \u00e9 a fibra \u00f3tica ou os pendentes suspensos.\u00a0<\/p>\n\n\n\n<p>E j\u00e1 que est\u00e1 com a m\u00e3o na massa, invista na <a href=\"https:\/\/www.mobly.com.br\/blog\/dicas\/melhor-cadeira-gamer\/\">melhor cadeira gamer<\/a> que voc\u00ea ir\u00e1 encontrar \u2013 estilo sem conforto n\u00e3o adianta de muito no seu <a href=\"https:\/\/www.mobly.com.br\/blog\/dicas\/quarto-gamer\/\">quarto gamer<\/a>.<\/p>\n\n\n\n<figure class=\"wp-block-gallery has-nested-images columns-default is-cropped wp-block-gallery-2 is-layout-flex wp-block-gallery-is-layout-flex\">\n<figure class=\"wp-block-image size-large\"><img loading=\"lazy\" decoding=\"async\" width=\"993\" height=\"1489\" data-id=\"19475\" src=\"https:\/\/www.mobly.com.br\/blog\/wp-content\/uploads\/2022\/07\/quarto-preto-com-led.png\" alt=\"\" class=\"wp-image-19475\" srcset=\"https:\/\/www.mobly.com.br\/blog\/wp-content\/uploads\/2022\/07\/quarto-preto-com-led.png 993w, https:\/\/www.mobly.com.br\/blog\/wp-content\/uploads\/2022\/07\/quarto-preto-com-led-341x512.png 341w, https:\/\/www.mobly.com.br\/blog\/wp-content\/uploads\/2022\/07\/quarto-preto-com-led-683x1024.png 683w, https:\/\/www.mobly.com.br\/blog\/wp-content\/uploads\/2022\/07\/quarto-preto-com-led-768x1152.png 768w\" sizes=\"auto, (max-width: 993px) 100vw, 993px\" \/><\/figure>\n\n\n\n<figure class=\"wp-block-image size-large\"><img loading=\"lazy\" decoding=\"async\" width=\"993\" height=\"1489\" data-id=\"19474\" src=\"https:\/\/www.mobly.com.br\/blog\/wp-content\/uploads\/2022\/07\/quarto-preto-com-led-gamer.png\" alt=\"\" class=\"wp-image-19474\" srcset=\"https:\/\/www.mobly.com.br\/blog\/wp-content\/uploads\/2022\/07\/quarto-preto-com-led-gamer.png 993w, https:\/\/www.mobly.com.br\/blog\/wp-content\/uploads\/2022\/07\/quarto-preto-com-led-gamer-341x512.png 341w, https:\/\/www.mobly.com.br\/blog\/wp-content\/uploads\/2022\/07\/quarto-preto-com-led-gamer-683x1024.png 683w, https:\/\/www.mobly.com.br\/blog\/wp-content\/uploads\/2022\/07\/quarto-preto-com-led-gamer-768x1152.png 768w\" sizes=\"auto, (max-width: 993px) 100vw, 993px\" \/><\/figure>\n<\/figure>\n\n\n\n<p><\/p>\n\n\n\n<h2 class=\"wp-block-heading\">Comece com ousadia moderada<\/h2>\n\n\n\n<p>Eu entendo que por a m\u00e3o na massa, pegar tinta e deixar sua parede preta do dia para a noite pode ser algo bastante ousado e assustador, ainda mais se voc\u00ea est\u00e1 come\u00e7ando a decorar agora. <\/p>\n\n\n\n<p>Primeiro de tudo, entenda que voc\u00ea n\u00e3o precisa dar o passo maior do que a perna. Comece aos poucos e v\u00e1 experimentando. Pinte o teto ou invista em um carpete preto \u2013 ou piso amadeirado escuro.&nbsp;<\/p>\n\n\n\n<p>Para seu quarto com parede preta, pesquise um papel de parede nesse tom, com estampa ou que combine o preto com outras cores que te agradem para trazer um pouco de contraste e criatividade para o seu quarto todo preto. <\/p>\n\n\n\n<p>E se ainda parecer muito, comece a investir no seu quarto preto com uma parede s\u00f3 \u2013 e crie assim um ponto focal inovador para seu ambiente.<\/p>\n\n\n\n<figure class=\"wp-block-image size-large\"><img loading=\"lazy\" decoding=\"async\" width=\"1024\" height=\"673\" src=\"https:\/\/www.mobly.com.br\/blog\/wp-content\/uploads\/2022\/07\/quarto-preto-e-branco-1024x673.png\" alt=\"\" class=\"wp-image-19476\" srcset=\"https:\/\/www.mobly.com.br\/blog\/wp-content\/uploads\/2022\/07\/quarto-preto-e-branco-1024x673.png 1024w, https:\/\/www.mobly.com.br\/blog\/wp-content\/uploads\/2022\/07\/quarto-preto-e-branco-512x336.png 512w, https:\/\/www.mobly.com.br\/blog\/wp-content\/uploads\/2022\/07\/quarto-preto-e-branco-768x505.png 768w, https:\/\/www.mobly.com.br\/blog\/wp-content\/uploads\/2022\/07\/quarto-preto-e-branco-1536x1009.png 1536w, https:\/\/www.mobly.com.br\/blog\/wp-content\/uploads\/2022\/07\/quarto-preto-e-branco.png 1785w\" sizes=\"auto, (max-width: 1024px) 100vw, 1024px\" \/><\/figure>\n\n\n\n<p>E a\u00ed, curtiu conhecer nossas ideias para <strong>quarto preto<\/strong>? Aproveite para ler mais dicas de decora\u00e7\u00e3o no nosso blog! Temos certeza que voc\u00ea vai encontrar mais sugest\u00f5es para a sua casa. <\/p>\n\n\n\n<p><\/p>\n<button class=\"simplefavorite-button has-count loading\" data-postid=\"19472\" data-siteid=\"1\" data-groupid=\"1\" data-favoritecount=\"0\" style=\"\">Carregando...<span class=\"sf-icon-spinner-wrapper\"><i class=\"sf-icon-spinner\"><\/i><\/span><\/button>","protected":false},"excerpt":{"rendered":"<p>\u201cFica sombrio\u201d, \u201ccom cara de mal-humorado\u201d, \u201c\u00e9 muito claustrof\u00f3bico\u201d. Voc\u00ea que alguma vez sugeriu para algu\u00e9m que gostaria de ter um quarto preto j\u00e1 deve ter ouvido todos esses adjetivos como resposta. Bom, nada poderia estar mais longe da realidade, e o texto de hoje vem te dar ideias para que voc\u00ea esque\u00e7a o que os outros falam e aposte num quarto preto que tenha a sua cara.&nbsp; A verdade \u00e9 que a cor preta tem potencial de trazer para o seu quarto a sensa\u00e7\u00e3o de um espa\u00e7o maior (se voc\u00ea j\u00e1 escutou por a\u00ed que as cores escuras ir\u00e3o fazer seu c\u00f4modo parecer menor, esque\u00e7a \u2013 mito!), mais arejado e aconchegante \u2013 sem contar que ir\u00e1 trazer aquele toque extra de eleg\u00e2ncia, criatividade e dramaticidade.&nbsp; Veja essas dicas abaixo e entenda porqu\u00ea um pouco de tinta pode ser tudo que voc\u00ea est\u00e1 precisando para aquele quarto preto dos seus sonhos.&nbsp; Por que apostar no quarto todo preto? Quando falamos no lugar de dormir, \u00e9 natural que desejemos um local que seja escuro, arejado e calmo. A cor preta \u00e9 perfeita para amplificar a escurid\u00e3o e frescor nesse ambiente e, por consequ\u00eancia, nos ajude a pegar no sono.&nbsp; Mas n\u00e3o [&hellip;]<\/p>\n","protected":false},"author":28,"featured_media":19482,"comment_status":"open","ping_status":"open","sticky":false,"template":"","format":"standard","meta":{"extendify_custom_stylesheet":"","_mi_skip_tracking":false,"_monsterinsights_skip_tracking":false,"_monsterinsights_sitenote_active":false,"_monsterinsights_sitenote_note":"","_monsterinsights_sitenote_category":0,"footnotes":""},"categories":[11],"tags":[1272,1246,380,1273,1271],"class_list":["post-19472","post","type-post","status-publish","format-standard","has-post-thumbnail","hentry","category-inspiracoes","tag-decoracaopreta","tag-decoracaopretoebranco","tag-dicasdedecoracao","tag-quarto-2","tag-quartopreto"],"yoast_head":"<!-- This site is optimized with the Yoast SEO plugin v24.9 - https:\/\/yoast.com\/wordpress\/plugins\/seo\/ -->\n<title>Ideias para quarto preto: saiba como ousar na decora\u00e7\u00e3o | Mobly<\/title>\n<meta name=\"description\" content=\"Ideias de decora\u00e7\u00e3o para quarto preto: saiba como as cores escuras podem transformar o visual dos ambientes e deixar tudo mais moderno!\" \/>\n<meta name=\"robots\" content=\"index, follow, max-snippet:-1, max-image-preview:large, max-video-preview:-1\" \/>\n<link rel=\"canonical\" href=\"https:\/\/www.mobly.com.br\/blog\/inspiracoes\/quarto-preto\/\" \/>\n<meta property=\"og:locale\" content=\"pt_BR\" \/>\n<meta property=\"og:type\" content=\"article\" \/>\n<meta property=\"og:title\" content=\"Ideias para quarto preto: saiba como ousar na decora\u00e7\u00e3o | Mobly\" \/>\n<meta property=\"og:description\" content=\"Ideias de decora\u00e7\u00e3o para quarto preto: saiba como as cores escuras podem transformar o visual dos ambientes e deixar tudo mais moderno!\" \/>\n<meta property=\"og:url\" content=\"https:\/\/www.mobly.com.br\/blog\/inspiracoes\/quarto-preto\/\" \/>\n<meta property=\"og:site_name\" content=\"Blog da Mobly\" \/>\n<meta property=\"article:published_time\" content=\"2022-07-16T00:15:32+00:00\" \/>\n<meta property=\"article:modified_time\" content=\"2022-11-14T22:37:52+00:00\" \/>\n<meta property=\"og:image\" content=\"https:\/\/www.mobly.com.br\/blog\/wp-content\/uploads\/2022\/07\/ideias-de-decoracao-para-quarto-preto-1024x667.png\" \/>\n\t<meta property=\"og:image:width\" content=\"1024\" \/>\n\t<meta property=\"og:image:height\" content=\"667\" \/>\n\t<meta property=\"og:image:type\" content=\"image\/png\" \/>\n<meta name=\"author\" content=\"Jo\u00e3o Pedro Bueno Pinheiro de Andrade\" \/>\n<meta name=\"twitter:card\" content=\"summary_large_image\" \/>\n<meta name=\"twitter:label1\" content=\"Escrito por\" \/>\n\t<meta name=\"twitter:data1\" content=\"Jo\u00e3o Pedro Bueno Pinheiro de Andrade\" \/>\n\t<meta name=\"twitter:label2\" content=\"Est. tempo de leitura\" \/>\n\t<meta name=\"twitter:data2\" content=\"10 minutos\" \/>\n<script type=\"application\/ld+json\" class=\"yoast-schema-graph\">{\"@context\":\"https:\/\/schema.org\",\"@graph\":[{\"@type\":\"WebPage\",\"@id\":\"https:\/\/www.mobly.com.br\/blog\/inspiracoes\/quarto-preto\/\",\"url\":\"https:\/\/www.mobly.com.br\/blog\/inspiracoes\/quarto-preto\/\",\"name\":\"Ideias para quarto preto: saiba como ousar na decora\u00e7\u00e3o | Mobly\",\"isPartOf\":{\"@id\":\"https:\/\/www.mobly.com.br\/blog\/#website\"},\"primaryImageOfPage\":{\"@id\":\"https:\/\/www.mobly.com.br\/blog\/inspiracoes\/quarto-preto\/#primaryimage\"},\"image\":{\"@id\":\"https:\/\/www.mobly.com.br\/blog\/inspiracoes\/quarto-preto\/#primaryimage\"},\"thumbnailUrl\":\"https:\/\/www.mobly.com.br\/blog\/wp-content\/uploads\/2022\/07\/ideias-de-decoracao-para-quarto-preto.png\",\"datePublished\":\"2022-07-16T00:15:32+00:00\",\"dateModified\":\"2022-11-14T22:37:52+00:00\",\"author\":{\"@id\":\"https:\/\/www.mobly.com.br\/blog\/#\/schema\/person\/db29f6ab802a7e981b7faa1a6cd02062\"},\"description\":\"Ideias de decora\u00e7\u00e3o para quarto preto: saiba como as cores escuras podem transformar o visual dos ambientes e deixar tudo mais moderno!\",\"breadcrumb\":{\"@id\":\"https:\/\/www.mobly.com.br\/blog\/inspiracoes\/quarto-preto\/#breadcrumb\"},\"inLanguage\":\"pt-BR\",\"potentialAction\":[{\"@type\":\"ReadAction\",\"target\":[\"https:\/\/www.mobly.com.br\/blog\/inspiracoes\/quarto-preto\/\"]}]},{\"@type\":\"ImageObject\",\"inLanguage\":\"pt-BR\",\"@id\":\"https:\/\/www.mobly.com.br\/blog\/inspiracoes\/quarto-preto\/#primaryimage\",\"url\":\"https:\/\/www.mobly.com.br\/blog\/wp-content\/uploads\/2022\/07\/ideias-de-decoracao-para-quarto-preto.png\",\"contentUrl\":\"https:\/\/www.mobly.com.br\/blog\/wp-content\/uploads\/2022\/07\/ideias-de-decoracao-para-quarto-preto.png\",\"width\":1327,\"height\":865},{\"@type\":\"BreadcrumbList\",\"@id\":\"https:\/\/www.mobly.com.br\/blog\/inspiracoes\/quarto-preto\/#breadcrumb\",\"itemListElement\":[{\"@type\":\"ListItem\",\"position\":1,\"name\":\"Home\",\"item\":\"https:\/\/www.mobly.com.br\/blog\/\"},{\"@type\":\"ListItem\",\"position\":2,\"name\":\"Inspira\u00e7\u00f5es\",\"item\":\"https:\/\/www.mobly.com.br\/blog\/inspiracoes\/\"},{\"@type\":\"ListItem\",\"position\":3,\"name\":\"Ideias para quarto preto: saiba como ousar na decora\u00e7\u00e3o\"}]},{\"@type\":\"WebSite\",\"@id\":\"https:\/\/www.mobly.com.br\/blog\/#website\",\"url\":\"https:\/\/www.mobly.com.br\/blog\/\",\"name\":\"Blog da Mobly\",\"description\":\"Dicas de Decora\u00e7\u00e3o, Inspira\u00e7\u00f5es e Mais\",\"potentialAction\":[{\"@type\":\"SearchAction\",\"target\":{\"@type\":\"EntryPoint\",\"urlTemplate\":\"https:\/\/www.mobly.com.br\/blog\/?s={search_term_string}\"},\"query-input\":{\"@type\":\"PropertyValueSpecification\",\"valueRequired\":true,\"valueName\":\"search_term_string\"}}],\"inLanguage\":\"pt-BR\"},{\"@type\":\"Person\",\"@id\":\"https:\/\/www.mobly.com.br\/blog\/#\/schema\/person\/db29f6ab802a7e981b7faa1a6cd02062\",\"name\":\"Jo\u00e3o Pedro Bueno Pinheiro de Andrade\",\"image\":{\"@type\":\"ImageObject\",\"inLanguage\":\"pt-BR\",\"@id\":\"https:\/\/www.mobly.com.br\/blog\/#\/schema\/person\/image\/\",\"url\":\"https:\/\/secure.gravatar.com\/avatar\/d3c171116476d726a7276d7c25b287f4?s=96&d=mm&r=g\",\"contentUrl\":\"https:\/\/secure.gravatar.com\/avatar\/d3c171116476d726a7276d7c25b287f4?s=96&d=mm&r=g\",\"caption\":\"Jo\u00e3o Pedro Bueno Pinheiro de Andrade\"},\"url\":\"https:\/\/www.mobly.com.br\/blog\/author\/joao-andrade\/\"}]}<\/script>\n<!-- \/ Yoast SEO plugin. -->","yoast_head_json":{"title":"Ideias para quarto preto: saiba como ousar na decora\u00e7\u00e3o | Mobly","description":"Ideias de decora\u00e7\u00e3o para quarto preto: saiba como as cores escuras podem transformar o visual dos ambientes e deixar tudo mais moderno!","robots":{"index":"index","follow":"follow","max-snippet":"max-snippet:-1","max-image-preview":"max-image-preview:large","max-video-preview":"max-video-preview:-1"},"canonical":"https:\/\/www.mobly.com.br\/blog\/inspiracoes\/quarto-preto\/","og_locale":"pt_BR","og_type":"article","og_title":"Ideias para quarto preto: saiba como ousar na decora\u00e7\u00e3o | Mobly","og_description":"Ideias de decora\u00e7\u00e3o para quarto preto: saiba como as cores escuras podem transformar o visual dos ambientes e deixar tudo mais moderno!","og_url":"https:\/\/www.mobly.com.br\/blog\/inspiracoes\/quarto-preto\/","og_site_name":"Blog da Mobly","article_published_time":"2022-07-16T00:15:32+00:00","article_modified_time":"2022-11-14T22:37:52+00:00","og_image":[{"width":1024,"height":667,"url":"https:\/\/www.mobly.com.br\/blog\/wp-content\/uploads\/2022\/07\/ideias-de-decoracao-para-quarto-preto-1024x667.png","type":"image\/png"}],"author":"Jo\u00e3o Pedro Bueno Pinheiro de Andrade","twitter_card":"summary_large_image","twitter_misc":{"Escrito por":"Jo\u00e3o Pedro Bueno Pinheiro de Andrade","Est. tempo de leitura":"10 minutos"},"schema":{"@context":"https:\/\/schema.org","@graph":[{"@type":"WebPage","@id":"https:\/\/www.mobly.com.br\/blog\/inspiracoes\/quarto-preto\/","url":"https:\/\/www.mobly.com.br\/blog\/inspiracoes\/quarto-preto\/","name":"Ideias para quarto preto: saiba como ousar na decora\u00e7\u00e3o | Mobly","isPartOf":{"@id":"https:\/\/www.mobly.com.br\/blog\/#website"},"primaryImageOfPage":{"@id":"https:\/\/www.mobly.com.br\/blog\/inspiracoes\/quarto-preto\/#primaryimage"},"image":{"@id":"https:\/\/www.mobly.com.br\/blog\/inspiracoes\/quarto-preto\/#primaryimage"},"thumbnailUrl":"https:\/\/www.mobly.com.br\/blog\/wp-content\/uploads\/2022\/07\/ideias-de-decoracao-para-quarto-preto.png","datePublished":"2022-07-16T00:15:32+00:00","dateModified":"2022-11-14T22:37:52+00:00","author":{"@id":"https:\/\/www.mobly.com.br\/blog\/#\/schema\/person\/db29f6ab802a7e981b7faa1a6cd02062"},"description":"Ideias de decora\u00e7\u00e3o para quarto preto: saiba como as cores escuras podem transformar o visual dos ambientes e deixar tudo mais moderno!","breadcrumb":{"@id":"https:\/\/www.mobly.com.br\/blog\/inspiracoes\/quarto-preto\/#breadcrumb"},"inLanguage":"pt-BR","potentialAction":[{"@type":"ReadAction","target":["https:\/\/www.mobly.com.br\/blog\/inspiracoes\/quarto-preto\/"]}]},{"@type":"ImageObject","inLanguage":"pt-BR","@id":"https:\/\/www.mobly.com.br\/blog\/inspiracoes\/quarto-preto\/#primaryimage","url":"https:\/\/www.mobly.com.br\/blog\/wp-content\/uploads\/2022\/07\/ideias-de-decoracao-para-quarto-preto.png","contentUrl":"https:\/\/www.mobly.com.br\/blog\/wp-content\/uploads\/2022\/07\/ideias-de-decoracao-para-quarto-preto.png","width":1327,"height":865},{"@type":"BreadcrumbList","@id":"https:\/\/www.mobly.com.br\/blog\/inspiracoes\/quarto-preto\/#breadcrumb","itemListElement":[{"@type":"ListItem","position":1,"name":"Home","item":"https:\/\/www.mobly.com.br\/blog\/"},{"@type":"ListItem","position":2,"name":"Inspira\u00e7\u00f5es","item":"https:\/\/www.mobly.com.br\/blog\/inspiracoes\/"},{"@type":"ListItem","position":3,"name":"Ideias para quarto preto: saiba como ousar na decora\u00e7\u00e3o"}]},{"@type":"WebSite","@id":"https:\/\/www.mobly.com.br\/blog\/#website","url":"https:\/\/www.mobly.com.br\/blog\/","name":"Blog da Mobly","description":"Dicas de Decora\u00e7\u00e3o, Inspira\u00e7\u00f5es e Mais","potentialAction":[{"@type":"SearchAction","target":{"@type":"EntryPoint","urlTemplate":"https:\/\/www.mobly.com.br\/blog\/?s={search_term_string}"},"query-input":{"@type":"PropertyValueSpecification","valueRequired":true,"valueName":"search_term_string"}}],"inLanguage":"pt-BR"},{"@type":"Person","@id":"https:\/\/www.mobly.com.br\/blog\/#\/schema\/person\/db29f6ab802a7e981b7faa1a6cd02062","name":"Jo\u00e3o Pedro Bueno Pinheiro de Andrade","image":{"@type":"ImageObject","inLanguage":"pt-BR","@id":"https:\/\/www.mobly.com.br\/blog\/#\/schema\/person\/image\/","url":"https:\/\/secure.gravatar.com\/avatar\/d3c171116476d726a7276d7c25b287f4?s=96&d=mm&r=g","contentUrl":"https:\/\/secure.gravatar.com\/avatar\/d3c171116476d726a7276d7c25b287f4?s=96&d=mm&r=g","caption":"Jo\u00e3o Pedro Bueno Pinheiro de Andrade"},"url":"https:\/\/www.mobly.com.br\/blog\/author\/joao-andrade\/"}]}},"_links":{"self":[{"href":"https:\/\/www.mobly.com.br\/blog\/wp-json\/wp\/v2\/posts\/19472","targetHints":{"allow":["GET"]}}],"collection":[{"href":"https:\/\/www.mobly.com.br\/blog\/wp-json\/wp\/v2\/posts"}],"about":[{"href":"https:\/\/www.mobly.com.br\/blog\/wp-json\/wp\/v2\/types\/post"}],"author":[{"embeddable":true,"href":"https:\/\/www.mobly.com.br\/blog\/wp-json\/wp\/v2\/users\/28"}],"replies":[{"embeddable":true,"href":"https:\/\/www.mobly.com.br\/blog\/wp-json\/wp\/v2\/comments?post=19472"}],"version-history":[{"count":3,"href":"https:\/\/www.mobly.com.br\/blog\/wp-json\/wp\/v2\/posts\/19472\/revisions"}],"predecessor-version":[{"id":19788,"href":"https:\/\/www.mobly.com.br\/blog\/wp-json\/wp\/v2\/posts\/19472\/revisions\/19788"}],"wp:featuredmedia":[{"embeddable":true,"href":"https:\/\/www.mobly.com.br\/blog\/wp-json\/wp\/v2\/media\/19482"}],"wp:attachment":[{"href":"https:\/\/www.mobly.com.br\/blog\/wp-json\/wp\/v2\/media?parent=19472"}],"wp:term":[{"taxonomy":"category","embeddable":true,"href":"https:\/\/www.mobly.com.br\/blog\/wp-json\/wp\/v2\/categories?post=19472"},{"taxonomy":"post_tag","embeddable":true,"href":"https:\/\/www.mobly.com.br\/blog\/wp-json\/wp\/v2\/tags?post=19472"}],"curies":[{"name":"wp","href":"https:\/\/api.w.org\/{rel}","templated":true}]}}