{"id":19235,"date":"2025-04-29T10:40:00","date_gmt":"2025-04-29T13:40:00","guid":{"rendered":"https:\/\/www.mobly.com.br\/blog\/?p=19235"},"modified":"2025-04-29T10:41:41","modified_gmt":"2025-04-29T13:41:41","slug":"decoracao-de-outono","status":"publish","type":"post","link":"https:\/\/www.mobly.com.br\/blog\/inspiracoes\/decoracao-de-outono\/","title":{"rendered":"Decora\u00e7\u00e3o de outono: conhe\u00e7a 12 tend\u00eancias para curtir essa esta\u00e7\u00e3o"},"content":{"rendered":"\n<p>A noite cai, o frio desce, mas isso n\u00e3o significa que a <strong>decora\u00e7\u00e3o de outono<\/strong> precisa ser sempre igual. Aquele cobertor gostoso jogado em cima do sof\u00e1 ou da poltrona e guirlandas feitas de folhas secas coloridas s\u00e3o grandes cl\u00e1ssicos dessa esta\u00e7\u00e3o, mas n\u00e3o s\u00e3o a \u00fanica alternativa para preparar a sua casa para receber essa \u00e9poca do ano.&nbsp;<\/p>\n\n\n\n<p>Essa \u00e9 uma esta\u00e7\u00e3o para dar uma desacelerada de toda a curti\u00e7\u00e3o do ver\u00e3o e se focar um pouco em todo o aconchego que seu lar tem para oferecer. Para te ajudar a ter uma <strong>decora\u00e7\u00e3o aconchegante<\/strong> e muito bonita, separamos algumas das tend\u00eancias dessa esta\u00e7\u00e3o para decorar a sua casa. Bora conferir?&nbsp;<\/p>\n\n\n\n<h2 class=\"wp-block-heading\">1 \u2013 Decora\u00e7\u00e3o escandinava<\/h2>\n\n\n\n<p>Esse estilo mais sereno de decora\u00e7\u00e3o possui elementos sustent\u00e1veis (uma tend\u00eancia que n\u00e3o deve mais ir embora) e artesanato para dar um toque a mais de personalidade para a casa. O <a href=\"https:\/\/www.mobly.com.br\/blog\/inspiracoes\/exemplos-decoracao-minimalista\/\">estilo minimalista<\/a> dos escandinavos \u00e9 aplicado com cuidado para n\u00e3o deixar o ambiente muito frio.&nbsp;<\/p>\n\n\n\n<p>O foco fica em pe\u00e7as de materiais em <strong>tons terrosos<\/strong>, como madeira bruta e pedra, enquanto os detalhes incluem acess\u00f3rios de cer\u00e2mica estampada. Para um toque de excentricidade, inclua pequenas esculturas e outras pe\u00e7as artesanais em regi\u00f5es mortas da casa \u2013 ou ainda coloque a m\u00e3o na massa e adicione materiais feitos por voc\u00ea, como tric\u00f4s, bordados e cer\u00e2micas.<\/p>\n\n\n\n<h2 class=\"wp-block-heading\">2 \u2013 Tons terrosos e inspirados na natureza<\/h2>\n\n\n\n<figure class=\"wp-block-image size-full\"><img loading=\"lazy\" decoding=\"async\" width=\"792\" height=\"489\" src=\"https:\/\/www.mobly.com.br\/blog\/wp-content\/uploads\/2022\/04\/paleta-de-cores-outono-no-quarto.png\" alt=\"paleta de cores outono no quarto com flores secas, poltrona, manta, c\u00f4moda e diversos itens decorativos\" class=\"wp-image-21206\" srcset=\"https:\/\/www.mobly.com.br\/blog\/wp-content\/uploads\/2022\/04\/paleta-de-cores-outono-no-quarto.png 792w, https:\/\/www.mobly.com.br\/blog\/wp-content\/uploads\/2022\/04\/paleta-de-cores-outono-no-quarto-512x316.png 512w, https:\/\/www.mobly.com.br\/blog\/wp-content\/uploads\/2022\/04\/paleta-de-cores-outono-no-quarto-768x474.png 768w, https:\/\/www.mobly.com.br\/blog\/wp-content\/uploads\/2022\/04\/paleta-de-cores-outono-no-quarto-150x93.png 150w\" sizes=\"auto, (max-width: 792px) 100vw, 792px\" \/><\/figure>\n\n\n\n<p>O outono costuma pedir tons como laranja, vermelho e amarelo, mas outras cores tamb\u00e9m podem trazer a sensa\u00e7\u00e3o de aconchego da esta\u00e7\u00e3o. <a href=\"https:\/\/www.mobly.com.br\/blog\/inspiracoes\/tons-de-verde\/\">Tons de verde<\/a>, azul e marrom trazem sofistica\u00e7\u00e3o e personalidade ao ambiente, sem deixar muito carregado.&nbsp;<\/p>\n\n\n\n<p>Agora, se voc\u00ea quer seguir as cl\u00e1ssicas cores de folhas secas, tente adicionar um ou dois tons diferentes a essa paleta para aquela sensa\u00e7\u00e3o de \u201cUau\u201d. <a href=\"https:\/\/www.mobly.com.br\/decoracao\/almofadas-e-mantas?utm_source=blog&amp;utm_medium=link&amp;utm_campaign=post_inspirar_NA_decoracao-de-outono\">Almofadas e mantas<\/a> em azul marinho ou um tapete verde escuro ser\u00e3o destaques na decora\u00e7\u00e3o de outono focada em laranja e amarelo.<\/p>\n\n\n\n<h2 class=\"wp-block-heading\">3 \u2013 Veludo<\/h2>\n\n\n\n<p>Vamos falar rapidamente de estofamento. A tend\u00eancia disparada aqui \u00e9 o veludo. Com toda a suavidade, essa \u00e9 a textura perfeita para criar um ambiente acolhedor com a cara do outono. Para incorporar essa sensa\u00e7\u00e3o na sua sala de estar, brinque com camadas sobre o <a href=\"https:\/\/www.mobly.com.br\/moveis\/sofas?utm_source=blog&amp;utm_medium=link&amp;utm_campaign=post_inspirar_NA_decoracao-de-outono\">sof\u00e1<\/a>, adicionando almofadas do mesmo material.\u00a0<\/p>\n\n\n\n<h2 class=\"wp-block-heading\">4 \u2013 Reunir todo mundo<\/h2>\n\n\n\n<figure class=\"wp-block-image size-full\"><img loading=\"lazy\" decoding=\"async\" width=\"792\" height=\"489\" src=\"https:\/\/www.mobly.com.br\/blog\/wp-content\/uploads\/2022\/04\/decoracao-de-outono.png\" alt=\"decora\u00e7\u00e3o de outono com tons terrosos, poltrona marrom, lumin\u00e1ria de ch\u00e3o, estante, tapete e diversos itens de decora\u00e7\u00e3o\" class=\"wp-image-21209\" srcset=\"https:\/\/www.mobly.com.br\/blog\/wp-content\/uploads\/2022\/04\/decoracao-de-outono.png 792w, https:\/\/www.mobly.com.br\/blog\/wp-content\/uploads\/2022\/04\/decoracao-de-outono-512x316.png 512w, https:\/\/www.mobly.com.br\/blog\/wp-content\/uploads\/2022\/04\/decoracao-de-outono-768x474.png 768w, https:\/\/www.mobly.com.br\/blog\/wp-content\/uploads\/2022\/04\/decoracao-de-outono-150x93.png 150w\" sizes=\"auto, (max-width: 792px) 100vw, 792px\" \/><\/figure>\n\n\n\n<p>Espa\u00e7os comuns, como cozinha, sala de jantar e de estar devem receber uma aten\u00e7\u00e3o extra na hora de pensar em uma nova decora\u00e7\u00e3o de outono. Uma boa alternativa s\u00e3o os elementos que agu\u00e7am os sentidos, com cores bonitas, texturas diferenciadas, <strong>arranjos com flores secas<\/strong> e velas e \u00f3leos arom\u00e1ticos.<\/p>\n\n\n\n<h2 class=\"wp-block-heading\">5 \u2013 Malhas grossas<\/h2>\n\n\n\n<p>Nesse outono, pode se preparar para encontrar materiais tricotados em todo o lugar \u2013 seja nas roupas, com blusas e cachec\u00f3is, ou em casa, com <a href=\"https:\/\/www.mobly.com.br\/moveis\/puffs?utm_source=blog&amp;utm_medium=link&amp;utm_campaign=post_inspirar_NA_decoracao-de-outono\">pufes<\/a> e cobertores. Apesar do esquema monocrom\u00e1tico ser conhecido pela sensa\u00e7\u00e3o de acolhimento, um tecido multicolorido pode trazer a sensa\u00e7\u00e3o de muta\u00e7\u00e3o t\u00edpica da esta\u00e7\u00e3o para dentro de casa.<\/p>\n\n\n\n<h2 class=\"wp-block-heading\">6 \u2013 O seu santu\u00e1rio<\/h2>\n\n\n\n<figure class=\"wp-block-image size-full\"><img loading=\"lazy\" decoding=\"async\" width=\"792\" height=\"489\" src=\"https:\/\/www.mobly.com.br\/blog\/wp-content\/uploads\/2022\/04\/decoracao-aconchegante.png\" alt=\"decora\u00e7\u00e3o aconchegante de outono no quarto, com roupa de cama, velas e itens de decora\u00e7\u00e3o\" class=\"wp-image-21207\" srcset=\"https:\/\/www.mobly.com.br\/blog\/wp-content\/uploads\/2022\/04\/decoracao-aconchegante.png 792w, https:\/\/www.mobly.com.br\/blog\/wp-content\/uploads\/2022\/04\/decoracao-aconchegante-512x316.png 512w, https:\/\/www.mobly.com.br\/blog\/wp-content\/uploads\/2022\/04\/decoracao-aconchegante-768x474.png 768w, https:\/\/www.mobly.com.br\/blog\/wp-content\/uploads\/2022\/04\/decoracao-aconchegante-150x93.png 150w\" sizes=\"auto, (max-width: 792px) 100vw, 792px\" \/><\/figure>\n\n\n\n<p>A nossa casa \u00e9 nosso porto seguro \u2013 e isso fica evidente na decora\u00e7\u00e3o de outono. Aproveite as mudan\u00e7as da esta\u00e7\u00e3o para criar o seu cantinho especial dentro de casa. Gosta de ler, ver TV, ouvir m\u00fasica? Prepare um espa\u00e7o especial com almofadas macias, mantas e at\u00e9 uma poltrona confort\u00e1vel para ter um cantinho da leitura mega confort\u00e1vel e aconchegante.<\/p>\n\n\n\n<h2 class=\"wp-block-heading\">7 \u2013 Retr\u00f4<\/h2>\n\n\n\n<p>Outra tend\u00eancia que volta com tudo com chegada do outono \u00e9 a nostalgia, com aqueles elementos que fazem voc\u00ea se lembrar da casa da vov\u00f3, quando ela fazia bolo de fub\u00e1 e um chazinho nos dias frios. Aqui cabem a <strong>paleta de cores outono<\/strong> com cores quentes, t\u00edpicas dos anos 70, como amarelo mostarda, vermelho e verde.&nbsp;<\/p>\n\n\n\n<h2 class=\"wp-block-heading\">8 \u2013 Floral<\/h2>\n\n\n\n<p>O floral tamb\u00e9m \u00e9 uma tend\u00eancia que tem nos acompanhado h\u00e1 algumas temporadas, com estampas que podem adicionar um ar nost\u00e1lgico e vintage. Se voc\u00ea n\u00e3o quer se comprometer com essa tend\u00eancia no longo prazo na sua decora\u00e7\u00e3o, tudo bem. Uma boa alternativa \u00e9 ter uma pe\u00e7a de arte mais baratinha com esse tema ou numa capa de almofada. Quanto cansar, \u00e9 s\u00f3 guardar e esperar o pr\u00f3ximo outono.&nbsp;<\/p>\n\n\n\n<h2 class=\"wp-block-heading\">9 \u2013 Casa de campo moderna<\/h2>\n\n\n\n<figure class=\"wp-block-image size-full\"><img loading=\"lazy\" decoding=\"async\" width=\"792\" height=\"489\" src=\"https:\/\/www.mobly.com.br\/blog\/wp-content\/uploads\/2022\/04\/paleta-de-cores-outono.png\" alt=\"paleta de cores outono com tons terrosos na parede como laranja, itens decorativos com flores secas e um rack branco\" class=\"wp-image-21208\" srcset=\"https:\/\/www.mobly.com.br\/blog\/wp-content\/uploads\/2022\/04\/paleta-de-cores-outono.png 792w, https:\/\/www.mobly.com.br\/blog\/wp-content\/uploads\/2022\/04\/paleta-de-cores-outono-512x316.png 512w, https:\/\/www.mobly.com.br\/blog\/wp-content\/uploads\/2022\/04\/paleta-de-cores-outono-768x474.png 768w, https:\/\/www.mobly.com.br\/blog\/wp-content\/uploads\/2022\/04\/paleta-de-cores-outono-150x93.png 150w\" sizes=\"auto, (max-width: 792px) 100vw, 792px\" \/><\/figure>\n\n\n\n<p>Um pouco de decora\u00e7\u00e3o industrial aqui, um pouco de ornamentos r\u00fasticos ali e esse esp\u00edrito de casa de campo chique poder\u00e1 redefinir o design da sua <a href=\"https:\/\/www.mobly.com.br\/decoracao?utm_source=blog&amp;utm_medium=link&amp;utm_campaign=post_inspirar_NA_decoracao-de-outono\">decora\u00e7\u00e3o<\/a>. A mistura de cores suaves com acabamentos desgastados d\u00e1 o tom do ambiente.\u00a0<\/p>\n\n\n\n<h2 class=\"wp-block-heading\">10 \u2013 Cobre<\/h2>\n\n\n\n<p>Cores de cobre que remetem ao luxo do ouro vieram para ficar e, na decora\u00e7\u00e3o de outono, n\u00e3o vai ser diferente. Sem exageros, o cobre d\u00e1 uma vibra\u00e7\u00e3o de calor para a sua casa nesses tempos mais frios. Os porta-retratos, suportes para livros, puxadores de arm\u00e1rios, casti\u00e7ais, ma\u00e7anetas s\u00e3o algumas das op\u00e7\u00f5es para usar na sua casa. D\u00ea asas \u00e0 imagina\u00e7\u00e3o e aplique nos pontos que seu cora\u00e7\u00e3o mandar.<\/p>\n\n\n\n<h2 class=\"wp-block-heading\">11 \u2013 Formas geom\u00e9tricas<\/h2>\n\n\n\n<p>Al\u00e9m das<strong> flores de outono<\/strong>, as formas geom\u00e9tricas s\u00e3o boas alternativas, tanto em pe\u00e7as elegantes quanto em estampas pr\u00e1ticas \u2013 e at\u00e9 esculturas com aquela cara de refinada. Se divirta inventando com seus estilos dimensionais, que brincam com linhas, figuras e formas.<\/p>\n\n\n\n<h2 class=\"wp-block-heading\">12 \u2013 Preto nos detalhes<\/h2>\n\n\n\n<figure class=\"wp-block-image size-full\"><img loading=\"lazy\" decoding=\"async\" width=\"792\" height=\"489\" src=\"https:\/\/www.mobly.com.br\/blog\/wp-content\/uploads\/2022\/04\/arranjos-com-flores-secas.png\" alt=\"arranjos com flores secas, parede roxa, detalhes em preto nos m\u00f3veis para compor uma decora\u00e7\u00e3o de outono\" class=\"wp-image-21210\" srcset=\"https:\/\/www.mobly.com.br\/blog\/wp-content\/uploads\/2022\/04\/arranjos-com-flores-secas.png 792w, https:\/\/www.mobly.com.br\/blog\/wp-content\/uploads\/2022\/04\/arranjos-com-flores-secas-512x316.png 512w, https:\/\/www.mobly.com.br\/blog\/wp-content\/uploads\/2022\/04\/arranjos-com-flores-secas-768x474.png 768w, https:\/\/www.mobly.com.br\/blog\/wp-content\/uploads\/2022\/04\/arranjos-com-flores-secas-150x93.png 150w\" sizes=\"auto, (max-width: 792px) 100vw, 792px\" \/><\/figure>\n\n\n\n<p>Assim como o cobre, a cor preta est\u00e1 vivendo uma era de ouro no design de interiores. Voc\u00ea pode adicion\u00e1-lo \u00e0 decora\u00e7\u00e3o trocando alguns acess\u00f3rios por outros dessa cor, como casti\u00e7ais, <a href=\"https:\/\/www.mobly.com.br\/decoracao\/lustres?utm_source=blog&amp;utm_medium=link&amp;utm_campaign=post_inspirar_NA_decoracao-de-outono\">lustres<\/a> e molduras de fotos e quadros.\u00a0<\/p>\n\n\n\n<h2 class=\"wp-block-heading\">Decore a sua casa com aconchego, autenticidade e com qualidade!<\/h2>\n\n\n\n<p>E a\u00ed, curtiu nossas dicas de decora\u00e7\u00e3o de outono? Voc\u00ea pode transformar a decora\u00e7\u00e3o da sua casa com poucos elementos e de uma maneira muito divertida! Continue aqui com a gente e veja muitas outras dicas de decora\u00e7\u00e3o no nosso blog. Saiba tudo sobre os <a href=\"https:\/\/www.mobly.com.br\/blog\/inspiracoes\/estilos-de-decoracao\/\">estilos de decora\u00e7\u00e3o<\/a>, dicas para escolher os arm\u00e1rios da sua cozinha e muito mais!<\/p>\n<button class=\"simplefavorite-button has-count loading\" data-postid=\"19235\" data-siteid=\"1\" data-groupid=\"1\" data-favoritecount=\"0\" style=\"\">Carregando...<span class=\"sf-icon-spinner-wrapper\"><i class=\"sf-icon-spinner\"><\/i><\/span><\/button>","protected":false},"excerpt":{"rendered":"<p>A noite cai, o frio desce, mas isso n\u00e3o significa que a decora\u00e7\u00e3o de outono precisa ser sempre igual. Aquele cobertor gostoso jogado em cima do sof\u00e1 ou da poltrona e guirlandas feitas de folhas secas coloridas s\u00e3o grandes cl\u00e1ssicos dessa esta\u00e7\u00e3o, mas n\u00e3o s\u00e3o a \u00fanica alternativa para preparar a sua casa para receber essa \u00e9poca do ano.&nbsp; Essa \u00e9 uma esta\u00e7\u00e3o para dar uma desacelerada de toda a curti\u00e7\u00e3o do ver\u00e3o e se focar um pouco em todo o aconchego que seu lar tem para oferecer. Para te ajudar a ter uma decora\u00e7\u00e3o aconchegante e muito bonita, separamos algumas das tend\u00eancias dessa esta\u00e7\u00e3o para decorar a sua casa. Bora conferir?&nbsp; 1 \u2013 Decora\u00e7\u00e3o escandinava Esse estilo mais sereno de decora\u00e7\u00e3o possui elementos sustent\u00e1veis (uma tend\u00eancia que n\u00e3o deve mais ir embora) e artesanato para dar um toque a mais de personalidade para a casa. O estilo minimalista dos escandinavos \u00e9 aplicado com cuidado para n\u00e3o deixar o ambiente muito frio.&nbsp; O foco fica em pe\u00e7as de materiais em tons terrosos, como madeira bruta e pedra, enquanto os detalhes incluem acess\u00f3rios de cer\u00e2mica estampada. Para um toque de excentricidade, inclua pequenas esculturas e outras pe\u00e7as artesanais em regi\u00f5es mortas [&hellip;]<\/p>\n","protected":false},"author":41,"featured_media":19242,"comment_status":"closed","ping_status":"closed","sticky":false,"template":"","format":"standard","meta":{"extendify_custom_stylesheet":"","_mi_skip_tracking":false,"_monsterinsights_skip_tracking":false,"_monsterinsights_sitenote_active":false,"_monsterinsights_sitenote_note":"","_monsterinsights_sitenote_category":0,"footnotes":""},"categories":[11],"tags":[1358,306,15,104],"class_list":["post-19235","post","type-post","status-publish","format-standard","has-post-thumbnail","hentry","category-inspiracoes","tag-casa","tag-decoracao","tag-dicas","tag-outono"],"yoast_head":"<!-- This site is optimized with the Yoast SEO plugin v24.9 - https:\/\/yoast.com\/wordpress\/plugins\/seo\/ -->\n<title>Decora\u00e7\u00e3o de outono: inspira\u00e7\u00f5es para fazer a sua<\/title>\n<meta name=\"description\" content=\"Quer fazer uma decora\u00e7\u00e3o de outono para deixar a sua casa aconchegante? Veja as nossas dicas para curtir ao m\u00e1ximo essa esta\u00e7\u00e3o!\" \/>\n<meta name=\"robots\" content=\"index, follow, max-snippet:-1, max-image-preview:large, max-video-preview:-1\" \/>\n<link rel=\"canonical\" href=\"https:\/\/www.mobly.com.br\/blog\/inspiracoes\/decoracao-de-outono\/\" \/>\n<meta property=\"og:locale\" content=\"pt_BR\" \/>\n<meta property=\"og:type\" content=\"article\" \/>\n<meta property=\"og:title\" content=\"Decora\u00e7\u00e3o de outono: inspira\u00e7\u00f5es para fazer a sua\" \/>\n<meta property=\"og:description\" content=\"Quer fazer uma decora\u00e7\u00e3o de outono para deixar a sua casa aconchegante? Veja as nossas dicas para curtir ao m\u00e1ximo essa esta\u00e7\u00e3o!\" \/>\n<meta property=\"og:url\" content=\"https:\/\/www.mobly.com.br\/blog\/inspiracoes\/decoracao-de-outono\/\" \/>\n<meta property=\"og:site_name\" content=\"Blog da Mobly\" \/>\n<meta property=\"article:published_time\" content=\"2025-04-29T13:40:00+00:00\" \/>\n<meta property=\"article:modified_time\" content=\"2025-04-29T13:41:41+00:00\" \/>\n<meta property=\"og:image\" content=\"https:\/\/www.mobly.com.br\/blog\/wp-content\/uploads\/2022\/04\/FASE-39-31-1-scaled.jpg\" \/>\n\t<meta property=\"og:image:width\" content=\"2560\" \/>\n\t<meta property=\"og:image:height\" content=\"1741\" \/>\n\t<meta property=\"og:image:type\" content=\"image\/jpeg\" \/>\n<meta name=\"author\" content=\"Amanda\" \/>\n<meta name=\"twitter:card\" content=\"summary_large_image\" \/>\n<meta name=\"twitter:label1\" content=\"Escrito por\" \/>\n\t<meta name=\"twitter:data1\" content=\"Amanda\" \/>\n\t<meta name=\"twitter:label2\" content=\"Est. tempo de leitura\" \/>\n\t<meta name=\"twitter:data2\" content=\"9 minutos\" \/>\n<script type=\"application\/ld+json\" class=\"yoast-schema-graph\">{\"@context\":\"https:\/\/schema.org\",\"@graph\":[{\"@type\":\"WebPage\",\"@id\":\"https:\/\/www.mobly.com.br\/blog\/inspiracoes\/decoracao-de-outono\/\",\"url\":\"https:\/\/www.mobly.com.br\/blog\/inspiracoes\/decoracao-de-outono\/\",\"name\":\"Decora\u00e7\u00e3o de outono: inspira\u00e7\u00f5es para fazer a sua\",\"isPartOf\":{\"@id\":\"https:\/\/www.mobly.com.br\/blog\/#website\"},\"primaryImageOfPage\":{\"@id\":\"https:\/\/www.mobly.com.br\/blog\/inspiracoes\/decoracao-de-outono\/#primaryimage\"},\"image\":{\"@id\":\"https:\/\/www.mobly.com.br\/blog\/inspiracoes\/decoracao-de-outono\/#primaryimage\"},\"thumbnailUrl\":\"https:\/\/www.mobly.com.br\/blog\/wp-content\/uploads\/2022\/04\/FASE-39-31-1-scaled.jpg\",\"datePublished\":\"2025-04-29T13:40:00+00:00\",\"dateModified\":\"2025-04-29T13:41:41+00:00\",\"author\":{\"@id\":\"https:\/\/www.mobly.com.br\/blog\/#\/schema\/person\/4ca5f57ac9eb774e3a9fc26d6ce3d1f8\"},\"description\":\"Quer fazer uma decora\u00e7\u00e3o de outono para deixar a sua casa aconchegante? Veja as nossas dicas para curtir ao m\u00e1ximo essa esta\u00e7\u00e3o!\",\"breadcrumb\":{\"@id\":\"https:\/\/www.mobly.com.br\/blog\/inspiracoes\/decoracao-de-outono\/#breadcrumb\"},\"inLanguage\":\"pt-BR\",\"potentialAction\":[{\"@type\":\"ReadAction\",\"target\":[\"https:\/\/www.mobly.com.br\/blog\/inspiracoes\/decoracao-de-outono\/\"]}]},{\"@type\":\"ImageObject\",\"inLanguage\":\"pt-BR\",\"@id\":\"https:\/\/www.mobly.com.br\/blog\/inspiracoes\/decoracao-de-outono\/#primaryimage\",\"url\":\"https:\/\/www.mobly.com.br\/blog\/wp-content\/uploads\/2022\/04\/FASE-39-31-1-scaled.jpg\",\"contentUrl\":\"https:\/\/www.mobly.com.br\/blog\/wp-content\/uploads\/2022\/04\/FASE-39-31-1-scaled.jpg\",\"width\":2560,\"height\":1741,\"caption\":\"decora\u00e7\u00e3o de outono com flores secas, sof\u00e1 cinza, itens decorativos aconchegantes como almofadas e mantas, entre outros\"},{\"@type\":\"BreadcrumbList\",\"@id\":\"https:\/\/www.mobly.com.br\/blog\/inspiracoes\/decoracao-de-outono\/#breadcrumb\",\"itemListElement\":[{\"@type\":\"ListItem\",\"position\":1,\"name\":\"Home\",\"item\":\"https:\/\/www.mobly.com.br\/blog\/\"},{\"@type\":\"ListItem\",\"position\":2,\"name\":\"Inspira\u00e7\u00f5es\",\"item\":\"https:\/\/www.mobly.com.br\/blog\/inspiracoes\/\"},{\"@type\":\"ListItem\",\"position\":3,\"name\":\"Decora\u00e7\u00e3o de outono: conhe\u00e7a 12 tend\u00eancias para curtir essa esta\u00e7\u00e3o\"}]},{\"@type\":\"WebSite\",\"@id\":\"https:\/\/www.mobly.com.br\/blog\/#website\",\"url\":\"https:\/\/www.mobly.com.br\/blog\/\",\"name\":\"Blog da Mobly\",\"description\":\"Dicas de Decora\u00e7\u00e3o, Inspira\u00e7\u00f5es e Mais\",\"potentialAction\":[{\"@type\":\"SearchAction\",\"target\":{\"@type\":\"EntryPoint\",\"urlTemplate\":\"https:\/\/www.mobly.com.br\/blog\/?s={search_term_string}\"},\"query-input\":{\"@type\":\"PropertyValueSpecification\",\"valueRequired\":true,\"valueName\":\"search_term_string\"}}],\"inLanguage\":\"pt-BR\"},{\"@type\":\"Person\",\"@id\":\"https:\/\/www.mobly.com.br\/blog\/#\/schema\/person\/4ca5f57ac9eb774e3a9fc26d6ce3d1f8\",\"name\":\"Amanda\",\"image\":{\"@type\":\"ImageObject\",\"inLanguage\":\"pt-BR\",\"@id\":\"https:\/\/www.mobly.com.br\/blog\/#\/schema\/person\/image\/\",\"url\":\"https:\/\/secure.gravatar.com\/avatar\/02766c2fe9b6e34cd460c70eeade014d?s=96&d=mm&r=g\",\"contentUrl\":\"https:\/\/secure.gravatar.com\/avatar\/02766c2fe9b6e34cd460c70eeade014d?s=96&d=mm&r=g\",\"caption\":\"Amanda\"},\"url\":\"https:\/\/www.mobly.com.br\/blog\/author\/amanda-silva\/\"}]}<\/script>\n<!-- \/ Yoast SEO plugin. -->","yoast_head_json":{"title":"Decora\u00e7\u00e3o de outono: inspira\u00e7\u00f5es para fazer a sua","description":"Quer fazer uma decora\u00e7\u00e3o de outono para deixar a sua casa aconchegante? Veja as nossas dicas para curtir ao m\u00e1ximo essa esta\u00e7\u00e3o!","robots":{"index":"index","follow":"follow","max-snippet":"max-snippet:-1","max-image-preview":"max-image-preview:large","max-video-preview":"max-video-preview:-1"},"canonical":"https:\/\/www.mobly.com.br\/blog\/inspiracoes\/decoracao-de-outono\/","og_locale":"pt_BR","og_type":"article","og_title":"Decora\u00e7\u00e3o de outono: inspira\u00e7\u00f5es para fazer a sua","og_description":"Quer fazer uma decora\u00e7\u00e3o de outono para deixar a sua casa aconchegante? Veja as nossas dicas para curtir ao m\u00e1ximo essa esta\u00e7\u00e3o!","og_url":"https:\/\/www.mobly.com.br\/blog\/inspiracoes\/decoracao-de-outono\/","og_site_name":"Blog da Mobly","article_published_time":"2025-04-29T13:40:00+00:00","article_modified_time":"2025-04-29T13:41:41+00:00","og_image":[{"width":2560,"height":1741,"url":"https:\/\/www.mobly.com.br\/blog\/wp-content\/uploads\/2022\/04\/FASE-39-31-1-scaled.jpg","type":"image\/jpeg"}],"author":"Amanda","twitter_card":"summary_large_image","twitter_misc":{"Escrito por":"Amanda","Est. tempo de leitura":"9 minutos"},"schema":{"@context":"https:\/\/schema.org","@graph":[{"@type":"WebPage","@id":"https:\/\/www.mobly.com.br\/blog\/inspiracoes\/decoracao-de-outono\/","url":"https:\/\/www.mobly.com.br\/blog\/inspiracoes\/decoracao-de-outono\/","name":"Decora\u00e7\u00e3o de outono: inspira\u00e7\u00f5es para fazer a sua","isPartOf":{"@id":"https:\/\/www.mobly.com.br\/blog\/#website"},"primaryImageOfPage":{"@id":"https:\/\/www.mobly.com.br\/blog\/inspiracoes\/decoracao-de-outono\/#primaryimage"},"image":{"@id":"https:\/\/www.mobly.com.br\/blog\/inspiracoes\/decoracao-de-outono\/#primaryimage"},"thumbnailUrl":"https:\/\/www.mobly.com.br\/blog\/wp-content\/uploads\/2022\/04\/FASE-39-31-1-scaled.jpg","datePublished":"2025-04-29T13:40:00+00:00","dateModified":"2025-04-29T13:41:41+00:00","author":{"@id":"https:\/\/www.mobly.com.br\/blog\/#\/schema\/person\/4ca5f57ac9eb774e3a9fc26d6ce3d1f8"},"description":"Quer fazer uma decora\u00e7\u00e3o de outono para deixar a sua casa aconchegante? Veja as nossas dicas para curtir ao m\u00e1ximo essa esta\u00e7\u00e3o!","breadcrumb":{"@id":"https:\/\/www.mobly.com.br\/blog\/inspiracoes\/decoracao-de-outono\/#breadcrumb"},"inLanguage":"pt-BR","potentialAction":[{"@type":"ReadAction","target":["https:\/\/www.mobly.com.br\/blog\/inspiracoes\/decoracao-de-outono\/"]}]},{"@type":"ImageObject","inLanguage":"pt-BR","@id":"https:\/\/www.mobly.com.br\/blog\/inspiracoes\/decoracao-de-outono\/#primaryimage","url":"https:\/\/www.mobly.com.br\/blog\/wp-content\/uploads\/2022\/04\/FASE-39-31-1-scaled.jpg","contentUrl":"https:\/\/www.mobly.com.br\/blog\/wp-content\/uploads\/2022\/04\/FASE-39-31-1-scaled.jpg","width":2560,"height":1741,"caption":"decora\u00e7\u00e3o de outono com flores secas, sof\u00e1 cinza, itens decorativos aconchegantes como almofadas e mantas, entre outros"},{"@type":"BreadcrumbList","@id":"https:\/\/www.mobly.com.br\/blog\/inspiracoes\/decoracao-de-outono\/#breadcrumb","itemListElement":[{"@type":"ListItem","position":1,"name":"Home","item":"https:\/\/www.mobly.com.br\/blog\/"},{"@type":"ListItem","position":2,"name":"Inspira\u00e7\u00f5es","item":"https:\/\/www.mobly.com.br\/blog\/inspiracoes\/"},{"@type":"ListItem","position":3,"name":"Decora\u00e7\u00e3o de outono: conhe\u00e7a 12 tend\u00eancias para curtir essa esta\u00e7\u00e3o"}]},{"@type":"WebSite","@id":"https:\/\/www.mobly.com.br\/blog\/#website","url":"https:\/\/www.mobly.com.br\/blog\/","name":"Blog da Mobly","description":"Dicas de Decora\u00e7\u00e3o, Inspira\u00e7\u00f5es e Mais","potentialAction":[{"@type":"SearchAction","target":{"@type":"EntryPoint","urlTemplate":"https:\/\/www.mobly.com.br\/blog\/?s={search_term_string}"},"query-input":{"@type":"PropertyValueSpecification","valueRequired":true,"valueName":"search_term_string"}}],"inLanguage":"pt-BR"},{"@type":"Person","@id":"https:\/\/www.mobly.com.br\/blog\/#\/schema\/person\/4ca5f57ac9eb774e3a9fc26d6ce3d1f8","name":"Amanda","image":{"@type":"ImageObject","inLanguage":"pt-BR","@id":"https:\/\/www.mobly.com.br\/blog\/#\/schema\/person\/image\/","url":"https:\/\/secure.gravatar.com\/avatar\/02766c2fe9b6e34cd460c70eeade014d?s=96&d=mm&r=g","contentUrl":"https:\/\/secure.gravatar.com\/avatar\/02766c2fe9b6e34cd460c70eeade014d?s=96&d=mm&r=g","caption":"Amanda"},"url":"https:\/\/www.mobly.com.br\/blog\/author\/amanda-silva\/"}]}},"_links":{"self":[{"href":"https:\/\/www.mobly.com.br\/blog\/wp-json\/wp\/v2\/posts\/19235","targetHints":{"allow":["GET"]}}],"collection":[{"href":"https:\/\/www.mobly.com.br\/blog\/wp-json\/wp\/v2\/posts"}],"about":[{"href":"https:\/\/www.mobly.com.br\/blog\/wp-json\/wp\/v2\/types\/post"}],"author":[{"embeddable":true,"href":"https:\/\/www.mobly.com.br\/blog\/wp-json\/wp\/v2\/users\/41"}],"replies":[{"embeddable":true,"href":"https:\/\/www.mobly.com.br\/blog\/wp-json\/wp\/v2\/comments?post=19235"}],"version-history":[{"count":4,"href":"https:\/\/www.mobly.com.br\/blog\/wp-json\/wp\/v2\/posts\/19235\/revisions"}],"predecessor-version":[{"id":21211,"href":"https:\/\/www.mobly.com.br\/blog\/wp-json\/wp\/v2\/posts\/19235\/revisions\/21211"}],"wp:featuredmedia":[{"embeddable":true,"href":"https:\/\/www.mobly.com.br\/blog\/wp-json\/wp\/v2\/media\/19242"}],"wp:attachment":[{"href":"https:\/\/www.mobly.com.br\/blog\/wp-json\/wp\/v2\/media?parent=19235"}],"wp:term":[{"taxonomy":"category","embeddable":true,"href":"https:\/\/www.mobly.com.br\/blog\/wp-json\/wp\/v2\/categories?post=19235"},{"taxonomy":"post_tag","embeddable":true,"href":"https:\/\/www.mobly.com.br\/blog\/wp-json\/wp\/v2\/tags?post=19235"}],"curies":[{"name":"wp","href":"https:\/\/api.w.org\/{rel}","templated":true}]}}