{"id":18291,"date":"2021-09-13T09:00:12","date_gmt":"2021-09-13T12:00:12","guid":{"rendered":"https:\/\/www.mobly.com.br\/blog\/?p=18291"},"modified":"2021-11-09T00:11:49","modified_gmt":"2021-11-09T02:11:49","slug":"modelos-de-escrivaninha","status":"publish","type":"post","link":"https:\/\/www.mobly.com.br\/blog\/dicas\/modelos-de-escrivaninha\/","title":{"rendered":"Modelos de Escrivaninha: saiba como dar um up no visual do escrit\u00f3rio"},"content":{"rendered":"<p><em>Em d\u00favida de como aprimorar o seu cantinho de trabalho ou estudos? Confira alguns modelos de escrivaninha para se inspirar!<\/em><\/p>\n<p><img loading=\"lazy\" decoding=\"async\" class=\"alignnone size-full wp-image-18293\" src=\"https:\/\/blog.mobly.com.br\/wp-content\/uploads\/2021\/09\/modelos_de_escrivaninha_1.jpg\" alt=\"\" width=\"1000\" height=\"667\" srcset=\"https:\/\/www.mobly.com.br\/blog\/wp-content\/uploads\/2021\/09\/modelos_de_escrivaninha_1.jpg 1000w, https:\/\/www.mobly.com.br\/blog\/wp-content\/uploads\/2021\/09\/modelos_de_escrivaninha_1-300x200.jpg 300w, https:\/\/www.mobly.com.br\/blog\/wp-content\/uploads\/2021\/09\/modelos_de_escrivaninha_1-768x512.jpg 768w\" sizes=\"auto, (max-width: 1000px) 100vw, 1000px\" \/><\/p>\n<p>J\u00e1 que <strong>trabalhar e estudar em casa tornou-se uma realidade na vida de muita gente<\/strong>, nada mais justo do que transformar o seu espa\u00e7o em um <strong>ambiente agrad\u00e1vel<\/strong> de passar longas horas, n\u00e3o \u00e9 mesmo?<\/p>\n<p><strong>Saiba mais:<\/strong>\u00a0<a href=\"https:\/\/www.mobly.com.br\/blog\/dicas\/escrivaninha-na-decor\/\" target=\"_blank\" rel=\"noopener\">Escrivaninha: a pe\u00e7a coringa da decora\u00e7\u00e3o<\/a><\/p>\n<p>Al\u00e9m da escolha da <a href=\"https:\/\/www.mobly.com.br\/blog\/dicas\/cadeira-de-escritorio-apropriada\/\" target=\"_blank\" rel=\"noopener\">cadeira<\/a>, tamb\u00e9m \u00e9 muito importante se atentar na hora de escolher entre os diversos <strong>modelos de escrivaninha<\/strong> dispon\u00edveis no mercado.<\/p>\n<p><img loading=\"lazy\" decoding=\"async\" class=\"alignnone size-full wp-image-18294\" src=\"https:\/\/blog.mobly.com.br\/wp-content\/uploads\/2021\/09\/modelos_de_escrivaninha_2.jpg\" alt=\"\" width=\"1000\" height=\"729\" srcset=\"https:\/\/www.mobly.com.br\/blog\/wp-content\/uploads\/2021\/09\/modelos_de_escrivaninha_2.jpg 1000w, https:\/\/www.mobly.com.br\/blog\/wp-content\/uploads\/2021\/09\/modelos_de_escrivaninha_2-300x219.jpg 300w, https:\/\/www.mobly.com.br\/blog\/wp-content\/uploads\/2021\/09\/modelos_de_escrivaninha_2-768x560.jpg 768w\" sizes=\"auto, (max-width: 1000px) 100vw, 1000px\" \/><\/p>\n<p>Tanto a ergonomia quanto os compartimentos dispon\u00edveis e <em>design<\/em> do produtos s\u00e3o caracter\u00edsticas a se levar em conta antes da compra &#8211; e foi pensando nisso que separamos alguns tipos de <strong>mesa de trabalho<\/strong> para voc\u00ea investir e deixar o seu c\u00f4modo muito mais a sua cara. Confira!<\/p>\n<h2>Para quem gosta do b\u00e1sico<\/h2>\n<p><img loading=\"lazy\" decoding=\"async\" class=\"alignnone size-full wp-image-18295\" src=\"https:\/\/blog.mobly.com.br\/wp-content\/uploads\/2021\/09\/modelos_de_escrivaninha_3.jpg\" alt=\"\" width=\"1000\" height=\"1000\" srcset=\"https:\/\/www.mobly.com.br\/blog\/wp-content\/uploads\/2021\/09\/modelos_de_escrivaninha_3.jpg 1000w, https:\/\/www.mobly.com.br\/blog\/wp-content\/uploads\/2021\/09\/modelos_de_escrivaninha_3-150x150.jpg 150w, https:\/\/www.mobly.com.br\/blog\/wp-content\/uploads\/2021\/09\/modelos_de_escrivaninha_3-300x300.jpg 300w, https:\/\/www.mobly.com.br\/blog\/wp-content\/uploads\/2021\/09\/modelos_de_escrivaninha_3-768x768.jpg 768w\" sizes=\"auto, (max-width: 1000px) 100vw, 1000px\" \/><\/p>\n<p>O b\u00e1sico n\u00e3o tem erro, n\u00e9? E \u00e9 o que mais se encontra entre os <strong>modelos de escrivaninha<\/strong> dispon\u00edveis. Mas <strong>n\u00e3o pense que a simplicidade quer dizer que o seu ambiente ficar\u00e1 sem gra\u00e7a<\/strong>. Pelo contr\u00e1rio, apostar em m\u00f3veis neutros te d\u00e1 <strong>in\u00fameras possibilidades na hora de decorar<\/strong>.<\/p>\n<p><img loading=\"lazy\" decoding=\"async\" class=\"alignnone size-full wp-image-18296\" src=\"https:\/\/blog.mobly.com.br\/wp-content\/uploads\/2021\/09\/modelos_de_escrivaninha_basica_1.jpg\" alt=\"\" width=\"1000\" height=\"1000\" srcset=\"https:\/\/www.mobly.com.br\/blog\/wp-content\/uploads\/2021\/09\/modelos_de_escrivaninha_basica_1.jpg 1000w, https:\/\/www.mobly.com.br\/blog\/wp-content\/uploads\/2021\/09\/modelos_de_escrivaninha_basica_1-150x150.jpg 150w, https:\/\/www.mobly.com.br\/blog\/wp-content\/uploads\/2021\/09\/modelos_de_escrivaninha_basica_1-300x300.jpg 300w, https:\/\/www.mobly.com.br\/blog\/wp-content\/uploads\/2021\/09\/modelos_de_escrivaninha_basica_1-768x768.jpg 768w\" sizes=\"auto, (max-width: 1000px) 100vw, 1000px\" \/><\/p>\n<p>A <strong>Escrivaninha Smile<\/strong>, por exemplo, \u00e9 na cor branca e bem compacta, o que ajuda transformar at\u00e9 mesmo espa\u00e7os pequenos &#8211; <strong>perfeita para quem precisa transformar o <a href=\"https:\/\/www.mobly.com.br\/blog\/dicas\/decoracao-de-quarto-pequeno\/\" target=\"_blank\" rel=\"noopener\">quarto<\/a> em escrit\u00f3rio<\/strong>.<\/p>\n<p><img loading=\"lazy\" decoding=\"async\" class=\"alignnone size-full wp-image-18297\" src=\"https:\/\/blog.mobly.com.br\/wp-content\/uploads\/2021\/09\/modelos_de_escrivaninha_basica_2.jpg\" alt=\"\" width=\"1000\" height=\"1366\" srcset=\"https:\/\/www.mobly.com.br\/blog\/wp-content\/uploads\/2021\/09\/modelos_de_escrivaninha_basica_2.jpg 1000w, https:\/\/www.mobly.com.br\/blog\/wp-content\/uploads\/2021\/09\/modelos_de_escrivaninha_basica_2-220x300.jpg 220w, https:\/\/www.mobly.com.br\/blog\/wp-content\/uploads\/2021\/09\/modelos_de_escrivaninha_basica_2-768x1049.jpg 768w, https:\/\/www.mobly.com.br\/blog\/wp-content\/uploads\/2021\/09\/modelos_de_escrivaninha_basica_2-750x1024.jpg 750w\" sizes=\"auto, (max-width: 1000px) 100vw, 1000px\" \/><\/p>\n<p>J\u00e1 o modelo <strong>Stanford<\/strong> possui visual <a href=\"https:\/\/www.mobly.com.br\/blog\/casa-mobly\/inspiracao-loft-decorado-industrial-e-jovem\/\" target=\"_blank\" rel=\"noopener\">industrial<\/a>, mas ela tem uma estrutura b\u00e1sica e sem adere\u00e7os. O tampo fica \u00e0 disposi\u00e7\u00e3o para receber os seus pertences de trabalho e a\u00ed \u00e9 s\u00f3 soltar a imagina\u00e7\u00e3o para combin\u00e1-la com diferentes objetos.<\/p>\n<div id=\"metaslider-id-18298\" style=\"max-width: 240px; margin: 0 auto;\" class=\"ml-slider-3-27-0 metaslider metaslider-coin metaslider-18298 ml-slider slider-sku-padrao ml-slider-lightbox-1-12-0 lightbox-disabled\">\n    <div id=\"metaslider_container_18298\">\n        <div id='metaslider_18298' class='coin-slider'>\n<a href=\"javascript:void(0)\" target=\"_self\"><img loading=\"lazy\" decoding=\"async\" src=\"https:\/\/www.mobly.com.br\/blog\/wp-content\/uploads\/2021\/09\/Tecnomobili-Escrivaninha-Peter-1-GV-Carvalho-8175-605111-1-240x240.jpg\" height=\"240\" width=\"240\" alt=\"\" class=\"slider-18298 slide-18309\" title=\"Tecnomobili-Escrivaninha-Peter-1-GV-Carvalho-8175-605111-1\" style=\"display: none;\" \/><\/a>\n<a href=\"javascript:void(0)\" target=\"_self\"><img loading=\"lazy\" decoding=\"async\" src=\"https:\/\/www.mobly.com.br\/blog\/wp-content\/uploads\/2021\/09\/Daf-Escrivaninha-Home-Preta-e-Tabaco-0753-481457-1-240x240.jpg\" height=\"240\" width=\"240\" alt=\"\" class=\"slider-18298 slide-18305\" title=\"Daf-Escrivaninha-Home-Preta-e-Tabaco-0753-481457-1\" style=\"display: none;\" \/><\/a>\n<a href=\"javascript:void(0)\" target=\"_self\"><img loading=\"lazy\" decoding=\"async\" src=\"https:\/\/www.mobly.com.br\/blog\/wp-content\/uploads\/2021\/09\/Mobly-Escrivaninha-Stanford-Carvalho-e-Preta-100-cm-8396-956008-1-240x240.jpg\" height=\"240\" width=\"240\" alt=\"\" class=\"slider-18298 slide-18306\" title=\"Mobly-Escrivaninha-Stanford-Carvalho-e-Preta-100-cm-8396-956008-1\" style=\"display: none;\" \/><\/a>\n<a href=\"javascript:void(0)\" target=\"_self\"><img loading=\"lazy\" decoding=\"async\" src=\"https:\/\/www.mobly.com.br\/blog\/wp-content\/uploads\/2021\/09\/Novabras-Escrivaninha-Elisa-1-GV-Carvalho-e-Preta-7160-969097-1-240x240.jpg\" height=\"240\" width=\"240\" alt=\"\" class=\"slider-18298 slide-18307\" title=\"Novabras-Escrivaninha-Elisa-1-GV-Carvalho-e-Preta-7160-969097-1\" style=\"display: none;\" \/><\/a>\n<a href=\"javascript:void(0)\" target=\"_self\"><img loading=\"lazy\" decoding=\"async\" src=\"https:\/\/www.mobly.com.br\/blog\/wp-content\/uploads\/2021\/09\/Olivar-MC3B3veis-Escrivaninha-Smile-Branca-8175-122411-1-240x240.jpg\" height=\"240\" width=\"240\" alt=\"\" class=\"slider-18298 slide-18308\" title=\"Olivar-MC3B3veis-Escrivaninha-Smile-Branca-8175-122411-1\" style=\"display: none;\" \/><\/a>\n        <\/div>\n        \n    <\/div>\n<\/div>\n<h2>Office com economia de espa\u00e7o<\/h2>\n<p><strong>Nem sempre temos o espa\u00e7o que desejamos<\/strong> em casa para criar um novo escrit\u00f3rio ou ambiente de estudos, ent\u00e3o \u00e9 importante se adaptar para dar um jeito naquele cantinho! Por isso, um bom exemplo para quem precisa de algo mais otimizado \u00e9 apostar nos <strong>modelos de escrivaninha suspensa<\/strong>.<\/p>\n<p><img loading=\"lazy\" decoding=\"async\" class=\"alignnone size-full wp-image-18311\" src=\"https:\/\/blog.mobly.com.br\/wp-content\/uploads\/2021\/09\/modelos_de_escrivaninha_suspensa_1.jpg\" alt=\"\" width=\"1000\" height=\"1500\" srcset=\"https:\/\/www.mobly.com.br\/blog\/wp-content\/uploads\/2021\/09\/modelos_de_escrivaninha_suspensa_1.jpg 1000w, https:\/\/www.mobly.com.br\/blog\/wp-content\/uploads\/2021\/09\/modelos_de_escrivaninha_suspensa_1-200x300.jpg 200w, https:\/\/www.mobly.com.br\/blog\/wp-content\/uploads\/2021\/09\/modelos_de_escrivaninha_suspensa_1-768x1152.jpg 768w, https:\/\/www.mobly.com.br\/blog\/wp-content\/uploads\/2021\/09\/modelos_de_escrivaninha_suspensa_1-683x1024.jpg 683w\" sizes=\"auto, (max-width: 1000px) 100vw, 1000px\" \/><\/p>\n<p>Uma op\u00e7\u00e3o completa \u00e9 a <strong>Escrivaninha Lilac<\/strong>, olha s\u00f3 como ela \u00e9 uma pe\u00e7a incr\u00edvel: al\u00e9m do tampo para colocar o <em>notebook<\/em> e outros objetos, voc\u00ea ainda conta com <strong>diferentes nichos para objetos decorativos, itens importantes para o dia a dia e o que mais quiser<\/strong>.<\/p>\n<p><img loading=\"lazy\" decoding=\"async\" class=\"alignnone size-full wp-image-18312\" src=\"https:\/\/blog.mobly.com.br\/wp-content\/uploads\/2021\/09\/modelos_de_escrivaninha_suspensa_2.jpg\" alt=\"\" width=\"1000\" height=\"666\" srcset=\"https:\/\/www.mobly.com.br\/blog\/wp-content\/uploads\/2021\/09\/modelos_de_escrivaninha_suspensa_2.jpg 1000w, https:\/\/www.mobly.com.br\/blog\/wp-content\/uploads\/2021\/09\/modelos_de_escrivaninha_suspensa_2-300x200.jpg 300w, https:\/\/www.mobly.com.br\/blog\/wp-content\/uploads\/2021\/09\/modelos_de_escrivaninha_suspensa_2-768x511.jpg 768w\" sizes=\"auto, (max-width: 1000px) 100vw, 1000px\" \/><\/p>\n<p>Enquanto isso, a <strong>Escrivaninha Buriti<\/strong> \u00e9 bem mais compacta e, al\u00e9m de ser suspensa, <strong>o tampo ainda fecha se voc\u00ea n\u00e3o estiver usando<\/strong> e, basicamente, n\u00e3o ocupa quase nada do seu espa\u00e7o. A\u00ed \u00e9 s\u00f3 dar aquele <em>match<\/em> com a cadeira que o seu corpo merece!<\/p>\n<div id=\"metaslider-id-18313\" style=\"max-width: 240px; margin: 0 auto;\" class=\"ml-slider-3-27-0 metaslider metaslider-coin metaslider-18313 ml-slider slider-sku-padrao ml-slider-lightbox-1-12-0 lightbox-disabled\">\n    <div id=\"metaslider_container_18313\">\n        <div id='metaslider_18313' class='coin-slider'>\n<a href=\"javascript:void(0)\" target=\"_self\"><img loading=\"lazy\" decoding=\"async\" src=\"https:\/\/www.mobly.com.br\/blog\/wp-content\/uploads\/2021\/09\/Mobly-Escrivaninha-Suspensa-Buriti-1-GV-Preta-9293-945376-1-240x240.jpg\" height=\"240\" width=\"240\" alt=\"\" class=\"slider-18313 slide-18320\" title=\"Mobly-Escrivaninha-Suspensa-Buriti-1-GV-Preta-9293-945376-1\" style=\"display: none;\" \/><\/a>\n<a href=\"javascript:void(0)\" target=\"_self\"><img loading=\"lazy\" decoding=\"async\" src=\"https:\/\/www.mobly.com.br\/blog\/wp-content\/uploads\/2021\/09\/Appunto-Escrivaninha-Suspensa-Smart-Castanho-e-Preta-0740-128318-2-240x240.jpg\" height=\"240\" width=\"240\" alt=\"\" class=\"slider-18313 slide-18321\" title=\"Appunto-Escrivaninha-Suspensa-Smart-Castanho-e-Preta-0740-128318-2\" style=\"display: none;\" \/><\/a>\n<a href=\"javascript:void(0)\" target=\"_self\"><img loading=\"lazy\" decoding=\"async\" src=\"https:\/\/www.mobly.com.br\/blog\/wp-content\/uploads\/2021\/09\/Formalivre-Escrivaninha-Bancada-Suspensa-com-Gaveta-Mesa-Notebook-Madeira-Natural-3113-924616-1-240x240.jpg\" height=\"240\" width=\"240\" alt=\"\" class=\"slider-18313 slide-18324\" title=\"Formalivre-Escrivaninha-Bancada-Suspensa-com-Gaveta-Mesa-Notebook-Madeira-Natural-3113-924616-1\" style=\"display: none;\" \/><\/a>\n<a href=\"javascript:void(0)\" target=\"_self\"><img loading=\"lazy\" decoding=\"async\" src=\"https:\/\/www.mobly.com.br\/blog\/wp-content\/uploads\/2021\/09\/Colibri-MC3B3veis-Escrivaninha-Suspensa-Lilac-Branca-e-Noce-Milano-6324-875718-2-240x240.jpg\" height=\"240\" width=\"240\" alt=\"\" class=\"slider-18313 slide-18322\" title=\"Colibri-MC3B3veis-Escrivaninha-Suspensa-Lilac-Branca-e-Noce-Milano-6324-875718-2\" style=\"display: none;\" \/><\/a>\n<a href=\"javascript:void(0)\" target=\"_self\"><img loading=\"lazy\" decoding=\"async\" src=\"https:\/\/www.mobly.com.br\/blog\/wp-content\/uploads\/2021\/09\/Criando-MobC3ADlia-Escrivaninha-Suspensa-com-Nicho-Dubai-Preta-7804-458808-1-240x240.jpg\" height=\"240\" width=\"240\" alt=\"\" class=\"slider-18313 slide-18323\" title=\"Criando-MobC3ADlia-Escrivaninha-Suspensa-com-Nicho-Dubai-Preta-7804-458808-1\" style=\"display: none;\" \/><\/a>\n        <\/div>\n        \n    <\/div>\n<\/div>\n<h2>Que tal um design diferenciado?<\/h2>\n<p><img loading=\"lazy\" decoding=\"async\" class=\"alignnone size-full wp-image-18325\" src=\"https:\/\/blog.mobly.com.br\/wp-content\/uploads\/2021\/09\/modelos_de_escrivaninha_4.jpg\" alt=\"\" width=\"1000\" height=\"671\" srcset=\"https:\/\/www.mobly.com.br\/blog\/wp-content\/uploads\/2021\/09\/modelos_de_escrivaninha_4.jpg 1000w, https:\/\/www.mobly.com.br\/blog\/wp-content\/uploads\/2021\/09\/modelos_de_escrivaninha_4-300x201.jpg 300w, https:\/\/www.mobly.com.br\/blog\/wp-content\/uploads\/2021\/09\/modelos_de_escrivaninha_4-768x515.jpg 768w\" sizes=\"auto, (max-width: 1000px) 100vw, 1000px\" \/><\/p>\n<p>Agora, se voc\u00ea que ir al\u00e9m com os <strong>modelos de escrivaninha<\/strong>, nada melhor do que conhecer aquelas pe\u00e7as diferentes que v\u00e3o al\u00e9m da usabilidade!<\/p>\n<p><img loading=\"lazy\" decoding=\"async\" class=\"alignnone size-full wp-image-18326\" src=\"https:\/\/blog.mobly.com.br\/wp-content\/uploads\/2021\/09\/modelos_de_escrivaninha_design_1.jpg\" alt=\"\" width=\"1000\" height=\"525\" srcset=\"https:\/\/www.mobly.com.br\/blog\/wp-content\/uploads\/2021\/09\/modelos_de_escrivaninha_design_1.jpg 1000w, https:\/\/www.mobly.com.br\/blog\/wp-content\/uploads\/2021\/09\/modelos_de_escrivaninha_design_1-300x158.jpg 300w, https:\/\/www.mobly.com.br\/blog\/wp-content\/uploads\/2021\/09\/modelos_de_escrivaninha_design_1-768x403.jpg 768w\" sizes=\"auto, (max-width: 1000px) 100vw, 1000px\" \/><\/p>\n<p>Uma boa op\u00e7\u00e3o \u00e9 apostar nas escrivaninhas com <strong>estilo cavalete<\/strong>, como \u00e9 o caso da <strong>Escrivaninha Vital<\/strong>! Ela \u00e9 mais b\u00e1sica, por\u00e9m, <strong>oferece compartimentos estrat\u00e9gicos<\/strong> para o seu dia a dia, como as prateleiras na base.<\/p>\n<p><img loading=\"lazy\" decoding=\"async\" class=\"alignnone size-full wp-image-18327\" src=\"https:\/\/blog.mobly.com.br\/wp-content\/uploads\/2021\/09\/modelos_de_escrivaninha_design_2.jpg\" alt=\"\" width=\"1000\" height=\"1000\" srcset=\"https:\/\/www.mobly.com.br\/blog\/wp-content\/uploads\/2021\/09\/modelos_de_escrivaninha_design_2.jpg 1000w, https:\/\/www.mobly.com.br\/blog\/wp-content\/uploads\/2021\/09\/modelos_de_escrivaninha_design_2-150x150.jpg 150w, https:\/\/www.mobly.com.br\/blog\/wp-content\/uploads\/2021\/09\/modelos_de_escrivaninha_design_2-300x300.jpg 300w, https:\/\/www.mobly.com.br\/blog\/wp-content\/uploads\/2021\/09\/modelos_de_escrivaninha_design_2-768x768.jpg 768w\" sizes=\"auto, (max-width: 1000px) 100vw, 1000px\" \/><\/p>\n<p>J\u00e1 a <strong>Escrivaninha Guararema<\/strong>, que \u00e9 uma pe\u00e7a de <strong><em>design<\/em> exclusivo Mobly<\/strong>, tem dois pontos diferentes de apoio &#8211; o tampo e a prateleira elevada.<\/p>\n<p>Isso tamb\u00e9m te ajuda a manter objetos importantes por perto sem deixar aquela bagun\u00e7a. Sem contar, claro, que ela tem um <strong>visual que vai deixar seu escrit\u00f3rio cheio de bom gosto<\/strong>!<\/p>\n<div id=\"metaslider-id-18328\" style=\"max-width: 240px; margin: 0 auto;\" class=\"ml-slider-3-27-0 metaslider metaslider-coin metaslider-18328 ml-slider slider-sku-padrao ml-slider-lightbox-1-12-0 lightbox-disabled\">\n    <div id=\"metaslider_container_18328\">\n        <div id='metaslider_18328' class='coin-slider'>\n<a href=\"javascript:void(0)\" target=\"_self\"><img loading=\"lazy\" decoding=\"async\" src=\"https:\/\/www.mobly.com.br\/blog\/wp-content\/uploads\/2021\/09\/JCM-Movelaria-Escrivaninha-Vital-Noronha-e-Branca-9610-067308-1-240x240.jpg\" height=\"240\" width=\"240\" alt=\"\" class=\"slider-18328 slide-18336\" title=\"JCM-Movelaria-Escrivaninha-Vital-Noronha-e-Branca-9610-067308-1\" style=\"display: none;\" \/><\/a>\n<a href=\"javascript:void(0)\" target=\"_self\"><img loading=\"lazy\" decoding=\"async\" src=\"https:\/\/www.mobly.com.br\/blog\/wp-content\/uploads\/2021\/09\/Mobly-Escrivaninha-Nick-1-GV-Preta-e-Mel-2408-899696-1-240x240.jpg\" height=\"240\" width=\"240\" alt=\"\" class=\"slider-18328 slide-18339\" title=\"Mobly-Escrivaninha-Nick-1-GV-Preta-e-Mel-2408-899696-1\" style=\"display: none;\" \/><\/a>\n<a href=\"javascript:void(0)\" target=\"_self\"><img loading=\"lazy\" decoding=\"async\" src=\"https:\/\/www.mobly.com.br\/blog\/wp-content\/uploads\/2021\/09\/Mobly-Escrivaninha-Piano-Castanho-Verniz-8269-923415-1-240x240.jpg\" height=\"240\" width=\"240\" alt=\"\" class=\"slider-18328 slide-18335\" title=\"Mobly-Escrivaninha-Piano-Castanho-Verniz-8269-923415-1\" style=\"display: none;\" \/><\/a>\n<a href=\"javascript:void(0)\" target=\"_self\"><img loading=\"lazy\" decoding=\"async\" src=\"https:\/\/www.mobly.com.br\/blog\/wp-content\/uploads\/2021\/09\/Mobly-Escrivaninha-Eames-Light-Branca-2230-694115-1-240x240.jpg\" height=\"240\" width=\"240\" alt=\"\" class=\"slider-18328 slide-18337\" title=\"Mobly-Escrivaninha-Eames-Light-Branca-2230-694115-1\" style=\"display: none;\" \/><\/a>\n<a href=\"javascript:void(0)\" target=\"_self\"><img loading=\"lazy\" decoding=\"async\" src=\"https:\/\/www.mobly.com.br\/blog\/wp-content\/uploads\/2021\/09\/Mobly-Escrivaninha-Guararema-Castanho-e-Preta-4664-393947-1-240x240.jpg\" height=\"240\" width=\"240\" alt=\"\" class=\"slider-18328 slide-18338\" title=\"Mobly-Escrivaninha-Guararema-Castanho-e-Preta-4664-393947-1\" style=\"display: none;\" \/><\/a>\n        <\/div>\n        \n    <\/div>\n<\/div>\n<h2>Como escolher os modelos de escrivaninha<\/h2>\n<p><img loading=\"lazy\" decoding=\"async\" class=\"alignnone size-full wp-image-18340\" src=\"https:\/\/blog.mobly.com.br\/wp-content\/uploads\/2021\/09\/modelos_de_escrivaninha_5.jpg\" alt=\"\" width=\"1000\" height=\"696\" srcset=\"https:\/\/www.mobly.com.br\/blog\/wp-content\/uploads\/2021\/09\/modelos_de_escrivaninha_5.jpg 1000w, https:\/\/www.mobly.com.br\/blog\/wp-content\/uploads\/2021\/09\/modelos_de_escrivaninha_5-300x209.jpg 300w, https:\/\/www.mobly.com.br\/blog\/wp-content\/uploads\/2021\/09\/modelos_de_escrivaninha_5-768x535.jpg 768w\" sizes=\"auto, (max-width: 1000px) 100vw, 1000px\" \/><\/p>\n<p>Agora que voc\u00ea conhece os principais<strong> modelos de escrivaninha<\/strong>, separamos algumas dicas que v\u00e3o ajud\u00e1-lo a encontrar o modelo ideal.<\/p>\n<p><img loading=\"lazy\" decoding=\"async\" class=\"alignnone size-full wp-image-18342\" src=\"https:\/\/blog.mobly.com.br\/wp-content\/uploads\/2021\/09\/modelos_de_escrivaninha_6.jpg\" alt=\"Modelos de Escrivaninha\" width=\"1000\" height=\"1355\" srcset=\"https:\/\/www.mobly.com.br\/blog\/wp-content\/uploads\/2021\/09\/modelos_de_escrivaninha_6.jpg 1000w, https:\/\/www.mobly.com.br\/blog\/wp-content\/uploads\/2021\/09\/modelos_de_escrivaninha_6-221x300.jpg 221w, https:\/\/www.mobly.com.br\/blog\/wp-content\/uploads\/2021\/09\/modelos_de_escrivaninha_6-768x1041.jpg 768w, https:\/\/www.mobly.com.br\/blog\/wp-content\/uploads\/2021\/09\/modelos_de_escrivaninha_6-756x1024.jpg 756w\" sizes=\"auto, (max-width: 1000px) 100vw, 1000px\" \/><\/p>\n<p>&#8211; Tenha sempre em mente as <strong>medidas dispon\u00edveis<\/strong> para n\u00e3o correr o risco de <strong>comprar uma pe\u00e7a grande ou pequena demais<\/strong>;<\/p>\n<p>&#8211; Se for escolher uma <strong>escrivaninha suspensa<\/strong>, fique atento ao <strong>peso m\u00e1ximo que ela suporta<\/strong>. Isso evita exceder os limites dela, o que pode acabar estragando o m\u00f3vel e a sua parede.<\/p>\n<p><img loading=\"lazy\" decoding=\"async\" class=\"alignnone size-full wp-image-18343\" src=\"https:\/\/blog.mobly.com.br\/wp-content\/uploads\/2021\/09\/modelos_de_escrivaninha_7.jpg\" alt=\"\" width=\"1000\" height=\"627\" srcset=\"https:\/\/www.mobly.com.br\/blog\/wp-content\/uploads\/2021\/09\/modelos_de_escrivaninha_7.jpg 1000w, https:\/\/www.mobly.com.br\/blog\/wp-content\/uploads\/2021\/09\/modelos_de_escrivaninha_7-300x188.jpg 300w, https:\/\/www.mobly.com.br\/blog\/wp-content\/uploads\/2021\/09\/modelos_de_escrivaninha_7-768x482.jpg 768w\" sizes=\"auto, (max-width: 1000px) 100vw, 1000px\" \/><\/p>\n<p>&#8211; <strong>Leve a <a href=\"https:\/\/www.mobly.com.br\/blog\/dicas\/7-dicas-para-um-home-office-confortavel\/\" target=\"_blank\" rel=\"noopener\">ergonomia<\/a> em considera\u00e7\u00e3o<\/strong>! Uma boa mesa tem cerca de 75 cm de altura para que voc\u00ea fique na posi\u00e7\u00e3o correta ao longo do dia. Muito alta ou baixa vai te oferecer uma experi\u00eancia desconfort\u00e1vel.<\/p>\n<p><img loading=\"lazy\" decoding=\"async\" class=\"alignnone size-full wp-image-18344\" src=\"https:\/\/blog.mobly.com.br\/wp-content\/uploads\/2021\/09\/modelos_de_escrivaninha_8.jpg\" alt=\"\" width=\"1000\" height=\"881\" srcset=\"https:\/\/www.mobly.com.br\/blog\/wp-content\/uploads\/2021\/09\/modelos_de_escrivaninha_8.jpg 1000w, https:\/\/www.mobly.com.br\/blog\/wp-content\/uploads\/2021\/09\/modelos_de_escrivaninha_8-300x264.jpg 300w, https:\/\/www.mobly.com.br\/blog\/wp-content\/uploads\/2021\/09\/modelos_de_escrivaninha_8-768x677.jpg 768w\" sizes=\"auto, (max-width: 1000px) 100vw, 1000px\" \/><\/p>\n<p>&#8211; Aten\u00e7\u00e3o ao acabamento: <strong>alguns tipos de pintura n\u00e3o s\u00e3o resistentes a riscos ou x\u00edcaras com l\u00edquido quente<\/strong>. Cuidado ao escrever em cima do tampo ou tomar caf\u00e9 na sua nova escrivaninha, t\u00e1?<\/p>\n<p>Gostou de saber mais sobre os modelos de escrivaninha? Conta pra gente qual mais combina com voc\u00ea! Aproveite para ler o nosso conte\u00fado que ensina como escolher a <a href=\"https:\/\/www.mobly.com.br\/blog\/dicas\/melhor-cadeira-gamer\/\">melhor cadeira gamer<\/a>.<\/p>\n<button class=\"simplefavorite-button has-count loading\" data-postid=\"18291\" data-siteid=\"1\" data-groupid=\"1\" data-favoritecount=\"0\" style=\"\">Carregando...<span class=\"sf-icon-spinner-wrapper\"><i class=\"sf-icon-spinner\"><\/i><\/span><\/button>","protected":false},"excerpt":{"rendered":"<p>Em d\u00favida de como aprimorar o seu cantinho de trabalho ou estudos? Confira alguns modelos de escrivaninha para se inspirar! J\u00e1 que trabalhar e estudar em casa tornou-se uma realidade na vida de muita gente, nada mais justo do que transformar o seu espa\u00e7o em um ambiente agrad\u00e1vel de passar longas horas, n\u00e3o \u00e9 mesmo? Saiba mais:\u00a0Escrivaninha: a pe\u00e7a coringa da decora\u00e7\u00e3o Al\u00e9m da escolha da cadeira, tamb\u00e9m \u00e9 muito importante se atentar na hora de escolher entre os diversos modelos de escrivaninha dispon\u00edveis no mercado. Tanto a ergonomia quanto os compartimentos dispon\u00edveis e design do produtos s\u00e3o caracter\u00edsticas a se levar em conta antes da compra &#8211; e foi pensando nisso que separamos alguns tipos de mesa de trabalho para voc\u00ea investir e deixar o seu c\u00f4modo muito mais a sua cara. Confira! Para quem gosta do b\u00e1sico O b\u00e1sico n\u00e3o tem erro, n\u00e9? E \u00e9 o que mais se encontra entre os modelos de escrivaninha dispon\u00edveis. Mas n\u00e3o pense que a simplicidade quer dizer que o seu ambiente ficar\u00e1 sem gra\u00e7a. Pelo contr\u00e1rio, apostar em m\u00f3veis neutros te d\u00e1 in\u00fameras possibilidades na hora de decorar. A Escrivaninha Smile, por exemplo, \u00e9 na cor branca e bem compacta, o [&hellip;]<\/p>\n","protected":false},"author":20,"featured_media":18345,"comment_status":"open","ping_status":"open","sticky":false,"template":"","format":"standard","meta":{"extendify_custom_stylesheet":"","_mi_skip_tracking":false,"_monsterinsights_skip_tracking":false,"_monsterinsights_sitenote_active":false,"_monsterinsights_sitenote_note":"","_monsterinsights_sitenote_category":0,"footnotes":""},"categories":[10],"tags":[797,1184,1183],"class_list":["post-18291","post","type-post","status-publish","format-standard","has-post-thumbnail","hentry","category-dicas","tag-como-escolher-uma-escrivaninha","tag-escrivaninha-ideal","tag-modelos-de-escrivaninha"],"yoast_head":"<!-- This site is optimized with the Yoast SEO plugin v24.9 - https:\/\/yoast.com\/wordpress\/plugins\/seo\/ -->\n<title>Modelos de escrivaninha: saiba como dar um up no visual do escrit\u00f3rio<\/title>\n<meta name=\"description\" content=\"Em d\u00favida de como aprimorar o seu cantinho de trabalho ou estudos? Confira alguns modelos de escrivaninha para se inspirar!\" \/>\n<meta name=\"robots\" content=\"index, follow, max-snippet:-1, max-image-preview:large, max-video-preview:-1\" \/>\n<link rel=\"canonical\" href=\"https:\/\/www.mobly.com.br\/blog\/dicas\/modelos-de-escrivaninha\/\" \/>\n<meta property=\"og:locale\" content=\"pt_BR\" \/>\n<meta property=\"og:type\" content=\"article\" \/>\n<meta property=\"og:title\" content=\"Modelos de escrivaninha: saiba como dar um up no visual do escrit\u00f3rio\" \/>\n<meta property=\"og:description\" content=\"Em d\u00favida de como aprimorar o seu cantinho de trabalho ou estudos? Confira alguns modelos de escrivaninha para se inspirar!\" \/>\n<meta property=\"og:url\" content=\"https:\/\/www.mobly.com.br\/blog\/dicas\/modelos-de-escrivaninha\/\" \/>\n<meta property=\"og:site_name\" content=\"Blog da Mobly\" \/>\n<meta property=\"article:author\" content=\"maria.mazza\" \/>\n<meta property=\"article:published_time\" content=\"2021-09-13T12:00:12+00:00\" \/>\n<meta property=\"article:modified_time\" content=\"2021-11-09T02:11:49+00:00\" \/>\n<meta property=\"og:image\" content=\"https:\/\/blog.mobly.com.br\/wp-content\/uploads\/2021\/09\/modelos_de_escrivaninha.jpg\" \/>\n\t<meta property=\"og:image:width\" content=\"1000\" \/>\n\t<meta property=\"og:image:height\" content=\"806\" \/>\n\t<meta property=\"og:image:type\" content=\"image\/jpeg\" \/>\n<meta name=\"author\" content=\"Maria Mazza\" \/>\n<meta name=\"twitter:card\" content=\"summary_large_image\" \/>\n<meta name=\"twitter:label1\" content=\"Escrito por\" \/>\n\t<meta name=\"twitter:data1\" content=\"Maria Mazza\" \/>\n\t<meta name=\"twitter:label2\" content=\"Est. tempo de leitura\" \/>\n\t<meta name=\"twitter:data2\" content=\"4 minutos\" \/>\n<script type=\"application\/ld+json\" class=\"yoast-schema-graph\">{\"@context\":\"https:\/\/schema.org\",\"@graph\":[{\"@type\":\"WebPage\",\"@id\":\"https:\/\/www.mobly.com.br\/blog\/dicas\/modelos-de-escrivaninha\/\",\"url\":\"https:\/\/www.mobly.com.br\/blog\/dicas\/modelos-de-escrivaninha\/\",\"name\":\"Modelos de escrivaninha: saiba como dar um up no visual do escrit\u00f3rio\",\"isPartOf\":{\"@id\":\"https:\/\/www.mobly.com.br\/blog\/#website\"},\"primaryImageOfPage\":{\"@id\":\"https:\/\/www.mobly.com.br\/blog\/dicas\/modelos-de-escrivaninha\/#primaryimage\"},\"image\":{\"@id\":\"https:\/\/www.mobly.com.br\/blog\/dicas\/modelos-de-escrivaninha\/#primaryimage\"},\"thumbnailUrl\":\"https:\/\/www.mobly.com.br\/blog\/wp-content\/uploads\/2021\/09\/modelos_de_escrivaninha.jpg\",\"datePublished\":\"2021-09-13T12:00:12+00:00\",\"dateModified\":\"2021-11-09T02:11:49+00:00\",\"author\":{\"@id\":\"https:\/\/www.mobly.com.br\/blog\/#\/schema\/person\/58f6d703be72894f945c4c6c63abefc5\"},\"description\":\"Em d\u00favida de como aprimorar o seu cantinho de trabalho ou estudos? Confira alguns modelos de escrivaninha para se inspirar!\",\"breadcrumb\":{\"@id\":\"https:\/\/www.mobly.com.br\/blog\/dicas\/modelos-de-escrivaninha\/#breadcrumb\"},\"inLanguage\":\"pt-BR\",\"potentialAction\":[{\"@type\":\"ReadAction\",\"target\":[\"https:\/\/www.mobly.com.br\/blog\/dicas\/modelos-de-escrivaninha\/\"]}]},{\"@type\":\"ImageObject\",\"inLanguage\":\"pt-BR\",\"@id\":\"https:\/\/www.mobly.com.br\/blog\/dicas\/modelos-de-escrivaninha\/#primaryimage\",\"url\":\"https:\/\/www.mobly.com.br\/blog\/wp-content\/uploads\/2021\/09\/modelos_de_escrivaninha.jpg\",\"contentUrl\":\"https:\/\/www.mobly.com.br\/blog\/wp-content\/uploads\/2021\/09\/modelos_de_escrivaninha.jpg\",\"width\":\"1000\",\"height\":\"806\"},{\"@type\":\"BreadcrumbList\",\"@id\":\"https:\/\/www.mobly.com.br\/blog\/dicas\/modelos-de-escrivaninha\/#breadcrumb\",\"itemListElement\":[{\"@type\":\"ListItem\",\"position\":1,\"name\":\"Home\",\"item\":\"https:\/\/www.mobly.com.br\/blog\/\"},{\"@type\":\"ListItem\",\"position\":2,\"name\":\"Dicas\",\"item\":\"https:\/\/www.mobly.com.br\/blog\/dicas\/\"},{\"@type\":\"ListItem\",\"position\":3,\"name\":\"Modelos de Escrivaninha: saiba como dar um up no visual do escrit\u00f3rio\"}]},{\"@type\":\"WebSite\",\"@id\":\"https:\/\/www.mobly.com.br\/blog\/#website\",\"url\":\"https:\/\/www.mobly.com.br\/blog\/\",\"name\":\"Blog da Mobly\",\"description\":\"Dicas de Decora\u00e7\u00e3o, Inspira\u00e7\u00f5es e Mais\",\"potentialAction\":[{\"@type\":\"SearchAction\",\"target\":{\"@type\":\"EntryPoint\",\"urlTemplate\":\"https:\/\/www.mobly.com.br\/blog\/?s={search_term_string}\"},\"query-input\":{\"@type\":\"PropertyValueSpecification\",\"valueRequired\":true,\"valueName\":\"search_term_string\"}}],\"inLanguage\":\"pt-BR\"},{\"@type\":\"Person\",\"@id\":\"https:\/\/www.mobly.com.br\/blog\/#\/schema\/person\/58f6d703be72894f945c4c6c63abefc5\",\"name\":\"Maria Mazza\",\"image\":{\"@type\":\"ImageObject\",\"inLanguage\":\"pt-BR\",\"@id\":\"https:\/\/www.mobly.com.br\/blog\/#\/schema\/person\/image\/\",\"url\":\"https:\/\/secure.gravatar.com\/avatar\/77b133266f58ec3996d75cb776f6d460?s=96&d=mm&r=g\",\"contentUrl\":\"https:\/\/secure.gravatar.com\/avatar\/77b133266f58ec3996d75cb776f6d460?s=96&d=mm&r=g\",\"caption\":\"Maria Mazza\"},\"sameAs\":[\"maria.mazza\"],\"url\":\"https:\/\/www.mobly.com.br\/blog\/author\/maria-mazza\/\"}]}<\/script>\n<!-- \/ Yoast SEO plugin. -->","yoast_head_json":{"title":"Modelos de escrivaninha: saiba como dar um up no visual do escrit\u00f3rio","description":"Em d\u00favida de como aprimorar o seu cantinho de trabalho ou estudos? Confira alguns modelos de escrivaninha para se inspirar!","robots":{"index":"index","follow":"follow","max-snippet":"max-snippet:-1","max-image-preview":"max-image-preview:large","max-video-preview":"max-video-preview:-1"},"canonical":"https:\/\/www.mobly.com.br\/blog\/dicas\/modelos-de-escrivaninha\/","og_locale":"pt_BR","og_type":"article","og_title":"Modelos de escrivaninha: saiba como dar um up no visual do escrit\u00f3rio","og_description":"Em d\u00favida de como aprimorar o seu cantinho de trabalho ou estudos? Confira alguns modelos de escrivaninha para se inspirar!","og_url":"https:\/\/www.mobly.com.br\/blog\/dicas\/modelos-de-escrivaninha\/","og_site_name":"Blog da Mobly","article_author":"maria.mazza","article_published_time":"2021-09-13T12:00:12+00:00","article_modified_time":"2021-11-09T02:11:49+00:00","og_image":[{"width":1000,"height":806,"url":"https:\/\/blog.mobly.com.br\/wp-content\/uploads\/2021\/09\/modelos_de_escrivaninha.jpg","type":"image\/jpeg"}],"author":"Maria Mazza","twitter_card":"summary_large_image","twitter_misc":{"Escrito por":"Maria Mazza","Est. tempo de leitura":"4 minutos"},"schema":{"@context":"https:\/\/schema.org","@graph":[{"@type":"WebPage","@id":"https:\/\/www.mobly.com.br\/blog\/dicas\/modelos-de-escrivaninha\/","url":"https:\/\/www.mobly.com.br\/blog\/dicas\/modelos-de-escrivaninha\/","name":"Modelos de escrivaninha: saiba como dar um up no visual do escrit\u00f3rio","isPartOf":{"@id":"https:\/\/www.mobly.com.br\/blog\/#website"},"primaryImageOfPage":{"@id":"https:\/\/www.mobly.com.br\/blog\/dicas\/modelos-de-escrivaninha\/#primaryimage"},"image":{"@id":"https:\/\/www.mobly.com.br\/blog\/dicas\/modelos-de-escrivaninha\/#primaryimage"},"thumbnailUrl":"https:\/\/www.mobly.com.br\/blog\/wp-content\/uploads\/2021\/09\/modelos_de_escrivaninha.jpg","datePublished":"2021-09-13T12:00:12+00:00","dateModified":"2021-11-09T02:11:49+00:00","author":{"@id":"https:\/\/www.mobly.com.br\/blog\/#\/schema\/person\/58f6d703be72894f945c4c6c63abefc5"},"description":"Em d\u00favida de como aprimorar o seu cantinho de trabalho ou estudos? Confira alguns modelos de escrivaninha para se inspirar!","breadcrumb":{"@id":"https:\/\/www.mobly.com.br\/blog\/dicas\/modelos-de-escrivaninha\/#breadcrumb"},"inLanguage":"pt-BR","potentialAction":[{"@type":"ReadAction","target":["https:\/\/www.mobly.com.br\/blog\/dicas\/modelos-de-escrivaninha\/"]}]},{"@type":"ImageObject","inLanguage":"pt-BR","@id":"https:\/\/www.mobly.com.br\/blog\/dicas\/modelos-de-escrivaninha\/#primaryimage","url":"https:\/\/www.mobly.com.br\/blog\/wp-content\/uploads\/2021\/09\/modelos_de_escrivaninha.jpg","contentUrl":"https:\/\/www.mobly.com.br\/blog\/wp-content\/uploads\/2021\/09\/modelos_de_escrivaninha.jpg","width":"1000","height":"806"},{"@type":"BreadcrumbList","@id":"https:\/\/www.mobly.com.br\/blog\/dicas\/modelos-de-escrivaninha\/#breadcrumb","itemListElement":[{"@type":"ListItem","position":1,"name":"Home","item":"https:\/\/www.mobly.com.br\/blog\/"},{"@type":"ListItem","position":2,"name":"Dicas","item":"https:\/\/www.mobly.com.br\/blog\/dicas\/"},{"@type":"ListItem","position":3,"name":"Modelos de Escrivaninha: saiba como dar um up no visual do escrit\u00f3rio"}]},{"@type":"WebSite","@id":"https:\/\/www.mobly.com.br\/blog\/#website","url":"https:\/\/www.mobly.com.br\/blog\/","name":"Blog da Mobly","description":"Dicas de Decora\u00e7\u00e3o, Inspira\u00e7\u00f5es e Mais","potentialAction":[{"@type":"SearchAction","target":{"@type":"EntryPoint","urlTemplate":"https:\/\/www.mobly.com.br\/blog\/?s={search_term_string}"},"query-input":{"@type":"PropertyValueSpecification","valueRequired":true,"valueName":"search_term_string"}}],"inLanguage":"pt-BR"},{"@type":"Person","@id":"https:\/\/www.mobly.com.br\/blog\/#\/schema\/person\/58f6d703be72894f945c4c6c63abefc5","name":"Maria Mazza","image":{"@type":"ImageObject","inLanguage":"pt-BR","@id":"https:\/\/www.mobly.com.br\/blog\/#\/schema\/person\/image\/","url":"https:\/\/secure.gravatar.com\/avatar\/77b133266f58ec3996d75cb776f6d460?s=96&d=mm&r=g","contentUrl":"https:\/\/secure.gravatar.com\/avatar\/77b133266f58ec3996d75cb776f6d460?s=96&d=mm&r=g","caption":"Maria Mazza"},"sameAs":["maria.mazza"],"url":"https:\/\/www.mobly.com.br\/blog\/author\/maria-mazza\/"}]}},"_links":{"self":[{"href":"https:\/\/www.mobly.com.br\/blog\/wp-json\/wp\/v2\/posts\/18291","targetHints":{"allow":["GET"]}}],"collection":[{"href":"https:\/\/www.mobly.com.br\/blog\/wp-json\/wp\/v2\/posts"}],"about":[{"href":"https:\/\/www.mobly.com.br\/blog\/wp-json\/wp\/v2\/types\/post"}],"author":[{"embeddable":true,"href":"https:\/\/www.mobly.com.br\/blog\/wp-json\/wp\/v2\/users\/20"}],"replies":[{"embeddable":true,"href":"https:\/\/www.mobly.com.br\/blog\/wp-json\/wp\/v2\/comments?post=18291"}],"version-history":[{"count":6,"href":"https:\/\/www.mobly.com.br\/blog\/wp-json\/wp\/v2\/posts\/18291\/revisions"}],"predecessor-version":[{"id":18759,"href":"https:\/\/www.mobly.com.br\/blog\/wp-json\/wp\/v2\/posts\/18291\/revisions\/18759"}],"wp:featuredmedia":[{"embeddable":true,"href":"https:\/\/www.mobly.com.br\/blog\/wp-json\/wp\/v2\/media\/18345"}],"wp:attachment":[{"href":"https:\/\/www.mobly.com.br\/blog\/wp-json\/wp\/v2\/media?parent=18291"}],"wp:term":[{"taxonomy":"category","embeddable":true,"href":"https:\/\/www.mobly.com.br\/blog\/wp-json\/wp\/v2\/categories?post=18291"},{"taxonomy":"post_tag","embeddable":true,"href":"https:\/\/www.mobly.com.br\/blog\/wp-json\/wp\/v2\/tags?post=18291"}],"curies":[{"name":"wp","href":"https:\/\/api.w.org\/{rel}","templated":true}]}}