{"id":18184,"date":"2021-08-30T09:00:06","date_gmt":"2021-08-30T12:00:06","guid":{"rendered":"https:\/\/www.mobly.com.br\/blog\/?p=18184"},"modified":"2021-09-02T13:55:48","modified_gmt":"2021-09-02T16:55:48","slug":"decoracao-escandinava","status":"publish","type":"post","link":"https:\/\/www.mobly.com.br\/blog\/dicas\/decoracao-escandinava\/","title":{"rendered":"Decora\u00e7\u00e3o escandinava: saiba como levar a tend\u00eancia para o seu lar!"},"content":{"rendered":"<p><em>Conhe\u00e7a as principais caracter\u00edsticas da decora\u00e7\u00e3o escandinava e aprenda como voc\u00ea pode levar o estilo para dentro do seu lar<\/em><\/p>\n<p><img loading=\"lazy\" decoding=\"async\" class=\"alignnone size-full wp-image-18192\" src=\"https:\/\/blog.mobly.com.br\/wp-content\/uploads\/2021\/08\/decoracao_escandinava_1-1.jpg\" alt=\"Decora\u00e7\u00e3o escandinava\" width=\"1000\" height=\"666\" srcset=\"https:\/\/www.mobly.com.br\/blog\/wp-content\/uploads\/2021\/08\/decoracao_escandinava_1-1.jpg 1000w, https:\/\/www.mobly.com.br\/blog\/wp-content\/uploads\/2021\/08\/decoracao_escandinava_1-1-300x200.jpg 300w, https:\/\/www.mobly.com.br\/blog\/wp-content\/uploads\/2021\/08\/decoracao_escandinava_1-1-768x511.jpg 768w\" sizes=\"auto, (max-width: 1000px) 100vw, 1000px\" \/><\/p>\n<p><strong>Tons mais neutros, formas org\u00e2nicas e simplicidade<\/strong>: essas s\u00e3o caracter\u00edsticas b\u00e1sicas do <strong>estilo escandinavo<\/strong>, ou skandi, como tamb\u00e9m \u00e9 conhecido.<\/p>\n<p>Tend\u00eancia mundial que ganhou for\u00e7a em muitos lares, a <strong>decora\u00e7\u00e3o escandinava<\/strong> \u00e9 uma maneira de <strong>levar a natureza para dentro de casa<\/strong>, dando ao espa\u00e7o uma sensa\u00e7\u00e3o de frescor e fuga dos elementos tecnol\u00f3gicos e modernos.<\/p>\n<p><img loading=\"lazy\" decoding=\"async\" class=\"alignnone size-full wp-image-18193\" src=\"https:\/\/blog.mobly.com.br\/wp-content\/uploads\/2021\/08\/decoracao_escandinava_2.jpg\" alt=\"Decora\u00e7\u00e3o escandinava\" width=\"1000\" height=\"696\" srcset=\"https:\/\/www.mobly.com.br\/blog\/wp-content\/uploads\/2021\/08\/decoracao_escandinava_2.jpg 1000w, https:\/\/www.mobly.com.br\/blog\/wp-content\/uploads\/2021\/08\/decoracao_escandinava_2-300x209.jpg 300w, https:\/\/www.mobly.com.br\/blog\/wp-content\/uploads\/2021\/08\/decoracao_escandinava_2-768x535.jpg 768w\" sizes=\"auto, (max-width: 1000px) 100vw, 1000px\" \/><\/p>\n<p>E para levar toda essa pot\u00eancia para o seu lar n\u00e3o existe segredo: pode ser feito <strong>atrav\u00e9s de pequenos detalhes ou de uma repagina\u00e7\u00e3o total<\/strong>. Isso, claro, depende do qu\u00e3o dispon\u00edvel voc\u00ea est\u00e1 para repaginar a sua resid\u00eancia.<\/p>\n<p><img loading=\"lazy\" decoding=\"async\" class=\"alignnone size-full wp-image-18194\" src=\"https:\/\/blog.mobly.com.br\/wp-content\/uploads\/2021\/08\/decoracao_escandinava_3.jpg\" alt=\"Decora\u00e7\u00e3o escandinava\" width=\"1000\" height=\"525\" srcset=\"https:\/\/www.mobly.com.br\/blog\/wp-content\/uploads\/2021\/08\/decoracao_escandinava_3.jpg 1000w, https:\/\/www.mobly.com.br\/blog\/wp-content\/uploads\/2021\/08\/decoracao_escandinava_3-300x158.jpg 300w, https:\/\/www.mobly.com.br\/blog\/wp-content\/uploads\/2021\/08\/decoracao_escandinava_3-768x403.jpg 768w\" sizes=\"auto, (max-width: 1000px) 100vw, 1000px\" \/><\/p>\n<p>Por isso, hoje vamos contar um pouco mais sobre o skandi e como \u00e9 poss\u00edvel aplic\u00e1-lo na pr\u00e1tica.<\/p>\n<h2>O que \u00e9 a decora\u00e7\u00e3o escandinava?<\/h2>\n<p><img loading=\"lazy\" decoding=\"async\" class=\"alignnone size-full wp-image-18195\" src=\"https:\/\/blog.mobly.com.br\/wp-content\/uploads\/2021\/08\/decoracao_escandinava_4.jpg\" alt=\"Decora\u00e7\u00e3o escandinava\" width=\"1000\" height=\"666\" srcset=\"https:\/\/www.mobly.com.br\/blog\/wp-content\/uploads\/2021\/08\/decoracao_escandinava_4.jpg 1000w, https:\/\/www.mobly.com.br\/blog\/wp-content\/uploads\/2021\/08\/decoracao_escandinava_4-300x200.jpg 300w, https:\/\/www.mobly.com.br\/blog\/wp-content\/uploads\/2021\/08\/decoracao_escandinava_4-768x511.jpg 768w\" sizes=\"auto, (max-width: 1000px) 100vw, 1000px\" \/><\/p>\n<p>A <strong>decora\u00e7\u00e3o escandinava<\/strong> busca inspira\u00e7\u00e3o em um estilo de vida bem diferente do nosso: dos pa\u00edses n\u00f3rdicos. Apesar de muito recente para n\u00f3s, o movimento come\u00e7ou no s\u00e9culo XX e teve como principal influenciador o artista\u00a0Carl Larsson.<\/p>\n<p><img loading=\"lazy\" decoding=\"async\" class=\"alignnone size-full wp-image-18196\" src=\"https:\/\/blog.mobly.com.br\/wp-content\/uploads\/2021\/08\/decoracao_escandinava_5.jpg\" alt=\"Decora\u00e7\u00e3o escandinava\" width=\"1000\" height=\"1000\" srcset=\"https:\/\/www.mobly.com.br\/blog\/wp-content\/uploads\/2021\/08\/decoracao_escandinava_5.jpg 1000w, https:\/\/www.mobly.com.br\/blog\/wp-content\/uploads\/2021\/08\/decoracao_escandinava_5-150x150.jpg 150w, https:\/\/www.mobly.com.br\/blog\/wp-content\/uploads\/2021\/08\/decoracao_escandinava_5-300x300.jpg 300w, https:\/\/www.mobly.com.br\/blog\/wp-content\/uploads\/2021\/08\/decoracao_escandinava_5-768x768.jpg 768w\" sizes=\"auto, (max-width: 1000px) 100vw, 1000px\" \/><\/p>\n<p>Mas a <strong>ess\u00eancia do skandi<\/strong> vai al\u00e9m do decorativo. Ela preza pela <strong>simplicidade no viver<\/strong>, em precisar de poucos bens materiais e buscar ref\u00fagio no que a natureza pode dar, como os elementos, as cores e at\u00e9 mesmo a ilumina\u00e7\u00e3o. Aqui, o principal foco \u00e9 ter um <strong>ambiente aconchegante, agrad\u00e1vel e funcional<\/strong>.<\/p>\n<div id=\"metaslider-id-18209\" style=\"max-width: 240px; margin: 0 auto;\" class=\"ml-slider-3-27-0 metaslider metaslider-coin metaslider-18209 ml-slider slider-sku-padrao ml-slider-lightbox-1-12-0 lightbox-disabled\">\n    <div id=\"metaslider_container_18209\">\n        <div id='metaslider_18209' class='coin-slider'>\n<a href=\"javascript:void(0)\" target=\"_self\"><img loading=\"lazy\" decoding=\"async\" src=\"https:\/\/www.mobly.com.br\/blog\/wp-content\/uploads\/2021\/08\/Emporio-Tiffany-Cadeira-de-Jantar-Charles-Eames-com-BraC3A7o-I-Branca-9377-046757-1-240x240.jpg\" height=\"240\" width=\"240\" alt=\"\" class=\"slider-18209 slide-18220\" title=\"Emporio-Tiffany-Cadeira-de-Jantar-Charles-Eames-com-BraC3A7o-I-Branca-9377-046757-1\" style=\"display: none;\" \/><\/a>\n<a href=\"javascript:void(0)\" target=\"_self\"><img loading=\"lazy\" decoding=\"async\" src=\"https:\/\/www.mobly.com.br\/blog\/wp-content\/uploads\/2021\/08\/Mobly-Mesa-de-Centro-Retangular-Elis-Branca-e-AvelC3A3-9523-088566-1-240x240.jpg\" height=\"240\" width=\"240\" alt=\"\" class=\"slider-18209 slide-18218\" title=\"Mobly-Mesa-de-Centro-Retangular-Elis-Branca-e-AvelC3A3-9523-088566-1\" style=\"display: none;\" \/><\/a>\n<a href=\"javascript:void(0)\" target=\"_self\"><img loading=\"lazy\" decoding=\"async\" src=\"https:\/\/www.mobly.com.br\/blog\/wp-content\/uploads\/2021\/08\/Mobly-Banqueta-Veld-AvelC3A3-e-Bege-3933-885616-1-240x240.jpg\" height=\"240\" width=\"240\" alt=\"\" class=\"slider-18209 slide-18217\" title=\"Mobly-Banqueta-Veld-AvelC3A3-e-Bege-3933-885616-1\" style=\"display: none;\" \/><\/a>\n<a href=\"javascript:void(0)\" target=\"_self\"><img loading=\"lazy\" decoding=\"async\" src=\"https:\/\/www.mobly.com.br\/blog\/wp-content\/uploads\/2021\/08\/Mobly-Mesa-de-Jantar-Retangular-Elis-AvelC3A3-158-cm-4030-892946-1-240x240.jpg\" height=\"240\" width=\"240\" alt=\"\" class=\"slider-18209 slide-18219\" title=\"Mobly-Mesa-de-Jantar-Retangular-Elis-AvelC3A3-158-cm-4030-892946-1\" style=\"display: none;\" \/><\/a>\n<a href=\"javascript:void(0)\" target=\"_self\"><img loading=\"lazy\" decoding=\"async\" src=\"https:\/\/www.mobly.com.br\/blog\/wp-content\/uploads\/2021\/08\/Keva-Banco-de-Jantar-2-Lugares-Veld-II-AvelC3A3-e-Bege-100-cm-8520-999528-1-240x240.jpg\" height=\"240\" width=\"240\" alt=\"\" class=\"slider-18209 slide-18216\" title=\"Keva-Banco-de-Jantar-2-Lugares-Veld-II-AvelC3A3-e-Bege-100-cm-8520-999528-1\" style=\"display: none;\" \/><\/a>\n        <\/div>\n        \n    <\/div>\n<\/div>\n<h2>Uma paleta de respeito!<\/h2>\n<p><img loading=\"lazy\" decoding=\"async\" class=\"alignnone size-full wp-image-18197\" src=\"https:\/\/blog.mobly.com.br\/wp-content\/uploads\/2021\/08\/decoracao_escandinava_6.jpg\" alt=\"Decora\u00e7\u00e3o escandinava\" width=\"1000\" height=\"820\" srcset=\"https:\/\/www.mobly.com.br\/blog\/wp-content\/uploads\/2021\/08\/decoracao_escandinava_6.jpg 1000w, https:\/\/www.mobly.com.br\/blog\/wp-content\/uploads\/2021\/08\/decoracao_escandinava_6-300x246.jpg 300w, https:\/\/www.mobly.com.br\/blog\/wp-content\/uploads\/2021\/08\/decoracao_escandinava_6-768x630.jpg 768w\" sizes=\"auto, (max-width: 1000px) 100vw, 1000px\" \/><\/p>\n<p>O principal destaque de uma <strong>decora\u00e7\u00e3o escandinava<\/strong> est\u00e1 na escolha das cores. Esque\u00e7a tons vibrantes e chamativos, eles n\u00e3o t\u00eam vez nesse estilo. Pelo contr\u00e1rio, o que predomina no skandi s\u00e3o<strong> cores neutras e claras<\/strong>, como o branco, o cinza, bege, os tons pastel e at\u00e9 mesmo de madeira clara &#8211; como o pinus.<\/p>\n<p>Mas n\u00e3o pense que essa escolha \u00e9 por um acaso, viu? Como j\u00e1 falamos, o estilo \u00e9 origin\u00e1rio de pa\u00edses que, em alguns per\u00edodos do ano, t\u00eam pouco per\u00edodo de luz, ou seja, <strong>optar por essas tonalidades ajuda a manter o espa\u00e7o bem claro e o iluminado<\/strong>.<\/p>\n<p><img loading=\"lazy\" decoding=\"async\" class=\"alignnone size-full wp-image-18198\" src=\"https:\/\/blog.mobly.com.br\/wp-content\/uploads\/2021\/08\/decoracao_escandinava_7.jpg\" alt=\"Decora\u00e7\u00e3o escandinava\" width=\"1000\" height=\"525\" srcset=\"https:\/\/www.mobly.com.br\/blog\/wp-content\/uploads\/2021\/08\/decoracao_escandinava_7.jpg 1000w, https:\/\/www.mobly.com.br\/blog\/wp-content\/uploads\/2021\/08\/decoracao_escandinava_7-300x158.jpg 300w, https:\/\/www.mobly.com.br\/blog\/wp-content\/uploads\/2021\/08\/decoracao_escandinava_7-768x403.jpg 768w\" sizes=\"auto, (max-width: 1000px) 100vw, 1000px\" \/><\/p>\n<p>Ah, vale lembrar que aplicar esse conceito na sua casa n\u00e3o significa que todas as paredes devem ser brancas. Temos diversos exemplos de ambientes com <strong>inspira\u00e7\u00e3o escandinava<\/strong> e, n\u00e3o necessariamente, ela \u00e9 aplicada 100%. D\u00e1 sim para mesclar com tend\u00eancias que s\u00e3o mais brasileiras, por exemplo.<\/p>\n<div id=\"metaslider-id-18221\" style=\"max-width: 240px; margin: 0 auto;\" class=\"ml-slider-3-27-0 metaslider metaslider-coin metaslider-18221 ml-slider slider-sku-padrao ml-slider-lightbox-1-12-0 lightbox-disabled\">\n    <div id=\"metaslider_container_18221\">\n        <div id='metaslider_18221' class='coin-slider'>\n<a href=\"javascript:void(0)\" target=\"_self\"><img loading=\"lazy\" decoding=\"async\" src=\"https:\/\/www.mobly.com.br\/blog\/wp-content\/uploads\/2021\/08\/BRV-MC3B3veis-Prateleira-CC3A1ceres-Branca-9422-398564-1-240x240.jpg\" height=\"240\" width=\"240\" alt=\"\" class=\"slider-18221 slide-18232\" title=\"BRV-MC3B3veis-Prateleira-CC3A1ceres-Branca-9422-398564-1\" style=\"display: none;\" \/><\/a>\n<a href=\"javascript:void(0)\" target=\"_self\"><img loading=\"lazy\" decoding=\"async\" src=\"https:\/\/www.mobly.com.br\/blog\/wp-content\/uploads\/2021\/08\/Keva-Banco-com-Sapateira-Skor-II-Off-White-e-AmC3AAndoa-8741-800628-1-240x240.jpg\" height=\"240\" width=\"240\" alt=\"\" class=\"slider-18221 slide-18228\" title=\"Keva-Banco-com-Sapateira-Skor-II-Off-White-e-AmC3AAndoa-8741-800628-1\" style=\"display: none;\" \/><\/a>\n<a href=\"javascript:void(0)\" target=\"_self\"><img loading=\"lazy\" decoding=\"async\" src=\"https:\/\/www.mobly.com.br\/blog\/wp-content\/uploads\/2021\/08\/Mobly-Mesa-Lateral-Duda-Branca-3670-441455-1-240x240.jpg\" height=\"240\" width=\"240\" alt=\"\" class=\"slider-18221 slide-18231\" title=\"Mobly-Mesa-Lateral-Duda-Branca-3670-441455-1\" style=\"display: none;\" \/><\/a>\n<a href=\"javascript:void(0)\" target=\"_self\"><img loading=\"lazy\" decoding=\"async\" src=\"https:\/\/www.mobly.com.br\/blog\/wp-content\/uploads\/2021\/08\/Mobly-Mesa-de-Centro-Quadrada-Fenestra-Branca-e-AvelC3A3-0088-562707-1-240x240.jpg\" height=\"240\" width=\"240\" alt=\"\" class=\"slider-18221 slide-18230\" title=\"Mobly-Mesa-de-Centro-Quadrada-Fenestra-Branca-e-AvelC3A3-0088-562707-1\" style=\"display: none;\" \/><\/a>\n<a href=\"javascript:void(0)\" target=\"_self\"><img loading=\"lazy\" decoding=\"async\" src=\"https:\/\/www.mobly.com.br\/blog\/wp-content\/uploads\/2021\/08\/Keva-SofC3A1-3-Lugares-Floret-II-Linho-Azul-8537-799528-1-240x240.jpg\" height=\"240\" width=\"240\" alt=\"\" class=\"slider-18221 slide-18229\" title=\"Keva-SofC3A1-3-Lugares-Floret-II-Linho-Azul-8537-799528-1\" style=\"display: none;\" \/><\/a>\n        <\/div>\n        \n    <\/div>\n<\/div>\n<h2>Em busca do natural<\/h2>\n<p><img loading=\"lazy\" decoding=\"async\" class=\"alignnone size-full wp-image-18199\" src=\"https:\/\/blog.mobly.com.br\/wp-content\/uploads\/2021\/08\/decoracao_escandinava_8.jpg\" alt=\"Decora\u00e7\u00e3o escandinava\" width=\"1000\" height=\"759\" srcset=\"https:\/\/www.mobly.com.br\/blog\/wp-content\/uploads\/2021\/08\/decoracao_escandinava_8.jpg 1000w, https:\/\/www.mobly.com.br\/blog\/wp-content\/uploads\/2021\/08\/decoracao_escandinava_8-300x228.jpg 300w, https:\/\/www.mobly.com.br\/blog\/wp-content\/uploads\/2021\/08\/decoracao_escandinava_8-768x583.jpg 768w\" sizes=\"auto, (max-width: 1000px) 100vw, 1000px\" \/><\/p>\n<p>Outro grande destaque da <strong>decora\u00e7\u00e3o escandinava<\/strong> \u00e9 investir em <strong>elementos naturais<\/strong>. Mas como trazer isso para a nossa realidade? Atrav\u00e9s de <strong>m\u00f3veis ou objetos decorativos<\/strong> que tenham processos mais artesanais ou com materiais sem grandes interven\u00e7\u00f5es industriais.<\/p>\n<p>Um exemplo \u00e9 escolher pe\u00e7as com a <strong>tonalidade natural da madeira ou apostar em formas org\u00e2nicas, aplica\u00e7\u00e3o de algod\u00e3o, couro, linho e metal<\/strong>.<\/p>\n<p><img loading=\"lazy\" decoding=\"async\" class=\"alignnone size-full wp-image-18200\" src=\"https:\/\/blog.mobly.com.br\/wp-content\/uploads\/2021\/08\/decoracao_escandinava_9.jpg\" alt=\"Decora\u00e7\u00e3o escandinava\" width=\"1000\" height=\"666\" srcset=\"https:\/\/www.mobly.com.br\/blog\/wp-content\/uploads\/2021\/08\/decoracao_escandinava_9.jpg 1000w, https:\/\/www.mobly.com.br\/blog\/wp-content\/uploads\/2021\/08\/decoracao_escandinava_9-300x200.jpg 300w, https:\/\/www.mobly.com.br\/blog\/wp-content\/uploads\/2021\/08\/decoracao_escandinava_9-768x511.jpg 768w\" sizes=\"auto, (max-width: 1000px) 100vw, 1000px\" \/><\/p>\n<p>N\u00e3o podemos deixar de citar tamb\u00e9m que a <strong>ilumina\u00e7\u00e3o<\/strong> \u00e9 uma grande quest\u00e3o dentro da <strong>decora\u00e7\u00e3o escandinava<\/strong>. Acima de tudo, a ideia \u00e9 trazer cores, materiais e at\u00e9 uma disposi\u00e7\u00e3o de m\u00f3veis que resulte em mais luz e claridade dentro do ambiente.<\/p>\n<h2>Menos \u00e9 mais<\/h2>\n<p><img loading=\"lazy\" decoding=\"async\" class=\"alignnone size-full wp-image-18201\" src=\"https:\/\/blog.mobly.com.br\/wp-content\/uploads\/2021\/08\/decoracao_escandinava_10.jpg\" alt=\"decoracao_escandinava\" width=\"1000\" height=\"1246\" srcset=\"https:\/\/www.mobly.com.br\/blog\/wp-content\/uploads\/2021\/08\/decoracao_escandinava_10.jpg 1000w, https:\/\/www.mobly.com.br\/blog\/wp-content\/uploads\/2021\/08\/decoracao_escandinava_10-241x300.jpg 241w, https:\/\/www.mobly.com.br\/blog\/wp-content\/uploads\/2021\/08\/decoracao_escandinava_10-768x957.jpg 768w, https:\/\/www.mobly.com.br\/blog\/wp-content\/uploads\/2021\/08\/decoracao_escandinava_10-822x1024.jpg 822w\" sizes=\"auto, (max-width: 1000px) 100vw, 1000px\" \/><\/p>\n<p>Por fim, o terceiro pilar da <strong>decora\u00e7\u00e3o escandinava<\/strong> \u00e9 encarar o lema do &#8220;menos \u00e9 mais&#8221;. Ele \u00e9 aplicado tanto no <em>design<\/em> das pe\u00e7as quanto na <strong>quantidade de itens que voc\u00ea escolher colocar em um ambiente<\/strong>. Os m\u00f3veis, por exemplo, possuem linhas retas em destaque, superf\u00edcies lisas e um visual facilmente combin\u00e1vel.<\/p>\n<p><img loading=\"lazy\" decoding=\"async\" class=\"alignnone size-full wp-image-18202\" src=\"https:\/\/blog.mobly.com.br\/wp-content\/uploads\/2021\/08\/decoracao_escandinava_11.jpg\" alt=\"Decora\u00e7\u00e3o escandinava\" width=\"1000\" height=\"1333\" srcset=\"https:\/\/www.mobly.com.br\/blog\/wp-content\/uploads\/2021\/08\/decoracao_escandinava_11.jpg 1000w, https:\/\/www.mobly.com.br\/blog\/wp-content\/uploads\/2021\/08\/decoracao_escandinava_11-225x300.jpg 225w, https:\/\/www.mobly.com.br\/blog\/wp-content\/uploads\/2021\/08\/decoracao_escandinava_11-768x1024.jpg 768w\" sizes=\"auto, (max-width: 1000px) 100vw, 1000px\" \/><\/p>\n<p>J\u00e1 quando trazemos a ideia para algo mais subjetivo, a inten\u00e7\u00e3o \u00e9 <strong>ter em casa aquilo que realmente \u00e9 necess\u00e1rio<\/strong>, prezando muito mais pela qualidade do que pela quantidade. \u00c9 buscar a ess\u00eancia na simplicidade e n\u00e3o no exagero.<\/p>\n<div id=\"metaslider-id-18235\" style=\"max-width: 240px; margin: 0 auto;\" class=\"ml-slider-3-27-0 metaslider metaslider-coin metaslider-18235 ml-slider slider-sku-padrao ml-slider-lightbox-1-12-0 lightbox-disabled\">\n    <div id=\"metaslider_container_18235\">\n        <div id='metaslider_18235' class='coin-slider'>\n<a href=\"javascript:void(0)\" target=\"_self\"><img loading=\"lazy\" decoding=\"async\" src=\"https:\/\/www.mobly.com.br\/blog\/wp-content\/uploads\/2021\/08\/Mobly-Poltrona-Bona-Plisada-Rosa-2903-727208-1-240x240.jpg\" height=\"240\" width=\"240\" alt=\"\" class=\"slider-18235 slide-18242\" title=\"Mobly-Poltrona-Bona-Plisada-Rosa-2903-727208-1\" style=\"display: none;\" \/><\/a>\n<a href=\"javascript:void(0)\" target=\"_self\"><img loading=\"lazy\" decoding=\"async\" src=\"https:\/\/www.mobly.com.br\/blog\/wp-content\/uploads\/2021\/08\/Fellicci-Moveis-Mesa-de-Cabeceira-RetrC3B4-1-GV-Nogal-e-Branca-2655-908437-1-240x240.jpg\" height=\"240\" width=\"240\" alt=\"\" class=\"slider-18235 slide-18243\" title=\"Fellicci-Moveis-Mesa-de-Cabeceira-RetrC3B4-1-GV-Nogal-e-Branca-2655-908437-1\" style=\"display: none;\" \/><\/a>\n<a href=\"javascript:void(0)\" target=\"_self\"><img loading=\"lazy\" decoding=\"async\" src=\"https:\/\/www.mobly.com.br\/blog\/wp-content\/uploads\/2021\/08\/Mobly-Conjunto-de-C381rea-Externa-Havana-Natural-e-Bege-0639-302217-1-240x240.jpg\" height=\"240\" width=\"240\" alt=\"\" class=\"slider-18235 slide-18244\" title=\"Mobly-Conjunto-de-C381rea-Externa-Havana-Natural-e-Bege-0639-302217-1\" style=\"display: none;\" \/><\/a>\n<a href=\"javascript:void(0)\" target=\"_self\"><img loading=\"lazy\" decoding=\"async\" src=\"https:\/\/www.mobly.com.br\/blog\/wp-content\/uploads\/2021\/08\/Mobly-Mesa-de-Jantar-Retangular-Eames-Branca-120-cm-9048-584115-1-240x240.jpg\" height=\"240\" width=\"240\" alt=\"\" class=\"slider-18235 slide-18246\" title=\"Mobly-Mesa-de-Jantar-Retangular-Eames-Branca-120-cm-9048-584115-1\" style=\"display: none;\" \/><\/a>\n<a href=\"javascript:void(0)\" target=\"_self\"><img loading=\"lazy\" decoding=\"async\" src=\"https:\/\/www.mobly.com.br\/blog\/wp-content\/uploads\/2021\/08\/Mobly-Mesa-de-Cabeceira-Eames-Light-1-Nicho-e-1-GV-Branca-6455-994115-1-240x240.jpg\" height=\"240\" width=\"240\" alt=\"\" class=\"slider-18235 slide-18245\" title=\"Mobly-Mesa-de-Cabeceira-Eames-Light-1-Nicho-e-1-GV-Branca-6455-994115-1\" style=\"display: none;\" \/><\/a>\n        <\/div>\n        \n    <\/div>\n<\/div>\n<h2>Como aplicar o skandi em diferentes ambientes<\/h2>\n<p><img loading=\"lazy\" decoding=\"async\" class=\"alignnone size-full wp-image-18203\" src=\"https:\/\/blog.mobly.com.br\/wp-content\/uploads\/2021\/08\/decoracao_escandinava_12.jpg\" alt=\"Decora\u00e7\u00e3o escandinava\" width=\"1000\" height=\"692\" srcset=\"https:\/\/www.mobly.com.br\/blog\/wp-content\/uploads\/2021\/08\/decoracao_escandinava_12.jpg 1000w, https:\/\/www.mobly.com.br\/blog\/wp-content\/uploads\/2021\/08\/decoracao_escandinava_12-300x208.jpg 300w, https:\/\/www.mobly.com.br\/blog\/wp-content\/uploads\/2021\/08\/decoracao_escandinava_12-768x531.jpg 768w\" sizes=\"auto, (max-width: 1000px) 100vw, 1000px\" \/><\/p>\n<p>Depois de saber um pouco mais sobre <strong>os pilares da decora\u00e7\u00e3o escandinava<\/strong>, ficou f\u00e1cil entender como aplic\u00e1-los em casa, n\u00e9? E, al\u00e9m de n\u00e3o existir nenhum segredo nessa miss\u00e3o, voc\u00ea ainda consegue <strong>levar o estilo para diversos ambientes da sua casa<\/strong>. Veja como:<\/p>\n<p>&#8211; <strong>Escolha uma cor principal para a parede<\/strong>. Voc\u00ea pode manter o branco se quiser, mas tamb\u00e9m \u00e9 uma excelente ideia escolher um tom pastel de sua prefer\u00eancia para colorir ao menos um lado do c\u00f4modo.<\/p>\n<p><img loading=\"lazy\" decoding=\"async\" class=\"alignnone size-full wp-image-18204\" src=\"https:\/\/blog.mobly.com.br\/wp-content\/uploads\/2021\/08\/decoracao_escandinava_13.jpg\" alt=\"Decora\u00e7\u00e3o escandinava\" width=\"1000\" height=\"1333\" srcset=\"https:\/\/www.mobly.com.br\/blog\/wp-content\/uploads\/2021\/08\/decoracao_escandinava_13.jpg 1000w, https:\/\/www.mobly.com.br\/blog\/wp-content\/uploads\/2021\/08\/decoracao_escandinava_13-225x300.jpg 225w, https:\/\/www.mobly.com.br\/blog\/wp-content\/uploads\/2021\/08\/decoracao_escandinava_13-768x1024.jpg 768w\" sizes=\"auto, (max-width: 1000px) 100vw, 1000px\" \/><\/p>\n<p>&#8211; N\u00e3o \u00e9 necess\u00e1rio ter todos os m\u00f3veis do c\u00f4modo com uma pegada skandi. Mas uma boa dica \u00e9 <strong>investir no produto principal com essa est\u00e9tica<\/strong> com a mesa de jantar, o guarda-roupa, a c\u00f4moda&#8230;<\/p>\n<p><img loading=\"lazy\" decoding=\"async\" class=\"alignnone size-full wp-image-18205\" src=\"https:\/\/blog.mobly.com.br\/wp-content\/uploads\/2021\/08\/decoracao_escandinava_14.jpg\" alt=\"Decora\u00e7\u00e3o escandinava\" width=\"1000\" height=\"763\" srcset=\"https:\/\/www.mobly.com.br\/blog\/wp-content\/uploads\/2021\/08\/decoracao_escandinava_14.jpg 1000w, https:\/\/www.mobly.com.br\/blog\/wp-content\/uploads\/2021\/08\/decoracao_escandinava_14-300x229.jpg 300w, https:\/\/www.mobly.com.br\/blog\/wp-content\/uploads\/2021\/08\/decoracao_escandinava_14-768x586.jpg 768w\" sizes=\"auto, (max-width: 1000px) 100vw, 1000px\" \/><\/p>\n<p>&#8211;\u00a0 <strong>Que tal misturar elementos?<\/strong> D\u00e1 para usar a imagina\u00e7\u00e3o e escolher combina\u00e7\u00f5es entre madeira e algod\u00e3o, linho e couro, enfim, o que fizer sentido dentro do seu espa\u00e7o.<\/p>\n<p><img loading=\"lazy\" decoding=\"async\" class=\"alignnone size-full wp-image-18206\" src=\"https:\/\/blog.mobly.com.br\/wp-content\/uploads\/2021\/08\/decoracao_escandinava_15.jpg\" alt=\"Decora\u00e7\u00e3o escandinava\" width=\"1000\" height=\"618\" srcset=\"https:\/\/www.mobly.com.br\/blog\/wp-content\/uploads\/2021\/08\/decoracao_escandinava_15.jpg 1000w, https:\/\/www.mobly.com.br\/blog\/wp-content\/uploads\/2021\/08\/decoracao_escandinava_15-300x185.jpg 300w, https:\/\/www.mobly.com.br\/blog\/wp-content\/uploads\/2021\/08\/decoracao_escandinava_15-768x475.jpg 768w\" sizes=\"auto, (max-width: 1000px) 100vw, 1000px\" \/><\/p>\n<p>&#8211; <strong>N\u00e3o se esque\u00e7a de prezar pela funcionalidade do c\u00f4modo<\/strong>! Invista em m\u00f3veis e objetos que v\u00e3o ter uso efetivo. Nada de comprar s\u00f3 por comprar, t\u00e1?<\/p>\n<p><img loading=\"lazy\" decoding=\"async\" class=\"alignnone size-full wp-image-18207\" src=\"https:\/\/blog.mobly.com.br\/wp-content\/uploads\/2021\/08\/decoracao_escandinava_16.jpg\" alt=\"\" width=\"1000\" height=\"1355\" srcset=\"https:\/\/www.mobly.com.br\/blog\/wp-content\/uploads\/2021\/08\/decoracao_escandinava_16.jpg 1000w, https:\/\/www.mobly.com.br\/blog\/wp-content\/uploads\/2021\/08\/decoracao_escandinava_16-221x300.jpg 221w, https:\/\/www.mobly.com.br\/blog\/wp-content\/uploads\/2021\/08\/decoracao_escandinava_16-768x1041.jpg 768w, https:\/\/www.mobly.com.br\/blog\/wp-content\/uploads\/2021\/08\/decoracao_escandinava_16-756x1024.jpg 756w\" sizes=\"auto, (max-width: 1000px) 100vw, 1000px\" \/><\/p>\n<p>Gostou de saber um pouco mais sobre a decora\u00e7\u00e3o escandinava? Ent\u00e3o n\u00e3o deixe de se inspirar em nossos ambientes que t\u00eam um pouco (ou muito!) desse estilo que conquistou lares mundo a fora!<\/p>\n<p>&nbsp;<\/p>\n<button class=\"simplefavorite-button has-count loading\" data-postid=\"18184\" data-siteid=\"1\" data-groupid=\"1\" data-favoritecount=\"0\" style=\"\">Carregando...<span class=\"sf-icon-spinner-wrapper\"><i class=\"sf-icon-spinner\"><\/i><\/span><\/button>","protected":false},"excerpt":{"rendered":"<p>Conhe\u00e7a as principais caracter\u00edsticas da decora\u00e7\u00e3o escandinava e aprenda como voc\u00ea pode levar o estilo para dentro do seu lar Tons mais neutros, formas org\u00e2nicas e simplicidade: essas s\u00e3o caracter\u00edsticas b\u00e1sicas do estilo escandinavo, ou skandi, como tamb\u00e9m \u00e9 conhecido. Tend\u00eancia mundial que ganhou for\u00e7a em muitos lares, a decora\u00e7\u00e3o escandinava \u00e9 uma maneira de levar a natureza para dentro de casa, dando ao espa\u00e7o uma sensa\u00e7\u00e3o de frescor e fuga dos elementos tecnol\u00f3gicos e modernos. E para levar toda essa pot\u00eancia para o seu lar n\u00e3o existe segredo: pode ser feito atrav\u00e9s de pequenos detalhes ou de uma repagina\u00e7\u00e3o total. Isso, claro, depende do qu\u00e3o dispon\u00edvel voc\u00ea est\u00e1 para repaginar a sua resid\u00eancia. Por isso, hoje vamos contar um pouco mais sobre o skandi e como \u00e9 poss\u00edvel aplic\u00e1-lo na pr\u00e1tica. O que \u00e9 a decora\u00e7\u00e3o escandinava? A decora\u00e7\u00e3o escandinava busca inspira\u00e7\u00e3o em um estilo de vida bem diferente do nosso: dos pa\u00edses n\u00f3rdicos. Apesar de muito recente para n\u00f3s, o movimento come\u00e7ou no s\u00e9culo XX e teve como principal influenciador o artista\u00a0Carl Larsson. Mas a ess\u00eancia do skandi vai al\u00e9m do decorativo. Ela preza pela simplicidade no viver, em precisar de poucos bens materiais e buscar ref\u00fagio no [&hellip;]<\/p>\n","protected":false},"author":20,"featured_media":18268,"comment_status":"open","ping_status":"open","sticky":false,"template":"","format":"standard","meta":{"extendify_custom_stylesheet":"","_mi_skip_tracking":false,"_monsterinsights_skip_tracking":false,"_monsterinsights_sitenote_active":false,"_monsterinsights_sitenote_note":"","_monsterinsights_sitenote_category":0,"footnotes":""},"categories":[10,11],"tags":[1173,1172,1174],"class_list":["post-18184","post","type-post","status-publish","format-standard","has-post-thumbnail","hentry","category-dicas","category-inspiracoes","tag-como-aplicar-a-decoracao-escandinava","tag-decoracao-escandinava","tag-skandi"],"yoast_head":"<!-- This site is optimized with the Yoast SEO plugin v24.9 - https:\/\/yoast.com\/wordpress\/plugins\/seo\/ -->\n<title>Decora\u00e7\u00e3o escandinava: saiba como levar a tend\u00eancia para o seu lar!<\/title>\n<meta name=\"description\" content=\"Conhe\u00e7a as principais caracter\u00edsticas da decora\u00e7\u00e3o escandinava e aprenda como voc\u00ea pode levar o estilo para dentro do seu lar\" \/>\n<meta name=\"robots\" content=\"index, follow, max-snippet:-1, max-image-preview:large, max-video-preview:-1\" \/>\n<link rel=\"canonical\" href=\"https:\/\/www.mobly.com.br\/blog\/dicas\/decoracao-escandinava\/\" \/>\n<meta property=\"og:locale\" content=\"pt_BR\" \/>\n<meta property=\"og:type\" content=\"article\" \/>\n<meta property=\"og:title\" content=\"Decora\u00e7\u00e3o escandinava: saiba como levar a tend\u00eancia para o seu lar!\" \/>\n<meta property=\"og:description\" content=\"Conhe\u00e7a as principais caracter\u00edsticas da decora\u00e7\u00e3o escandinava e aprenda como voc\u00ea pode levar o estilo para dentro do seu lar\" \/>\n<meta property=\"og:url\" content=\"https:\/\/www.mobly.com.br\/blog\/dicas\/decoracao-escandinava\/\" \/>\n<meta property=\"og:site_name\" content=\"Blog da Mobly\" \/>\n<meta property=\"article:author\" content=\"maria.mazza\" \/>\n<meta property=\"article:published_time\" content=\"2021-08-30T12:00:06+00:00\" \/>\n<meta property=\"article:modified_time\" content=\"2021-09-02T16:55:48+00:00\" \/>\n<meta property=\"og:image\" content=\"https:\/\/blog.mobly.com.br\/wp-content\/uploads\/2021\/08\/decoracao_escandinava_4-1.jpg\" \/>\n\t<meta property=\"og:image:width\" content=\"1000\" \/>\n\t<meta property=\"og:image:height\" content=\"666\" \/>\n\t<meta property=\"og:image:type\" content=\"image\/jpeg\" \/>\n<meta name=\"author\" content=\"Maria Mazza\" \/>\n<meta name=\"twitter:card\" content=\"summary_large_image\" \/>\n<meta name=\"twitter:label1\" content=\"Escrito por\" \/>\n\t<meta name=\"twitter:data1\" content=\"Maria Mazza\" \/>\n\t<meta name=\"twitter:label2\" content=\"Est. tempo de leitura\" \/>\n\t<meta name=\"twitter:data2\" content=\"4 minutos\" \/>\n<script type=\"application\/ld+json\" class=\"yoast-schema-graph\">{\"@context\":\"https:\/\/schema.org\",\"@graph\":[{\"@type\":\"WebPage\",\"@id\":\"https:\/\/www.mobly.com.br\/blog\/dicas\/decoracao-escandinava\/\",\"url\":\"https:\/\/www.mobly.com.br\/blog\/dicas\/decoracao-escandinava\/\",\"name\":\"Decora\u00e7\u00e3o escandinava: saiba como levar a tend\u00eancia para o seu lar!\",\"isPartOf\":{\"@id\":\"https:\/\/www.mobly.com.br\/blog\/#website\"},\"primaryImageOfPage\":{\"@id\":\"https:\/\/www.mobly.com.br\/blog\/dicas\/decoracao-escandinava\/#primaryimage\"},\"image\":{\"@id\":\"https:\/\/www.mobly.com.br\/blog\/dicas\/decoracao-escandinava\/#primaryimage\"},\"thumbnailUrl\":\"https:\/\/www.mobly.com.br\/blog\/wp-content\/uploads\/2021\/08\/decoracao_escandinava_4-1.jpg\",\"datePublished\":\"2021-08-30T12:00:06+00:00\",\"dateModified\":\"2021-09-02T16:55:48+00:00\",\"author\":{\"@id\":\"https:\/\/www.mobly.com.br\/blog\/#\/schema\/person\/58f6d703be72894f945c4c6c63abefc5\"},\"description\":\"Conhe\u00e7a as principais caracter\u00edsticas da decora\u00e7\u00e3o escandinava e aprenda como voc\u00ea pode levar o estilo para dentro do seu lar\",\"breadcrumb\":{\"@id\":\"https:\/\/www.mobly.com.br\/blog\/dicas\/decoracao-escandinava\/#breadcrumb\"},\"inLanguage\":\"pt-BR\",\"potentialAction\":[{\"@type\":\"ReadAction\",\"target\":[\"https:\/\/www.mobly.com.br\/blog\/dicas\/decoracao-escandinava\/\"]}]},{\"@type\":\"ImageObject\",\"inLanguage\":\"pt-BR\",\"@id\":\"https:\/\/www.mobly.com.br\/blog\/dicas\/decoracao-escandinava\/#primaryimage\",\"url\":\"https:\/\/www.mobly.com.br\/blog\/wp-content\/uploads\/2021\/08\/decoracao_escandinava_4-1.jpg\",\"contentUrl\":\"https:\/\/www.mobly.com.br\/blog\/wp-content\/uploads\/2021\/08\/decoracao_escandinava_4-1.jpg\",\"width\":\"1000\",\"height\":\"666\"},{\"@type\":\"BreadcrumbList\",\"@id\":\"https:\/\/www.mobly.com.br\/blog\/dicas\/decoracao-escandinava\/#breadcrumb\",\"itemListElement\":[{\"@type\":\"ListItem\",\"position\":1,\"name\":\"Home\",\"item\":\"https:\/\/www.mobly.com.br\/blog\/\"},{\"@type\":\"ListItem\",\"position\":2,\"name\":\"Dicas\",\"item\":\"https:\/\/www.mobly.com.br\/blog\/dicas\/\"},{\"@type\":\"ListItem\",\"position\":3,\"name\":\"Decora\u00e7\u00e3o escandinava: saiba como levar a tend\u00eancia para o seu lar!\"}]},{\"@type\":\"WebSite\",\"@id\":\"https:\/\/www.mobly.com.br\/blog\/#website\",\"url\":\"https:\/\/www.mobly.com.br\/blog\/\",\"name\":\"Blog da Mobly\",\"description\":\"Dicas de Decora\u00e7\u00e3o, Inspira\u00e7\u00f5es e Mais\",\"potentialAction\":[{\"@type\":\"SearchAction\",\"target\":{\"@type\":\"EntryPoint\",\"urlTemplate\":\"https:\/\/www.mobly.com.br\/blog\/?s={search_term_string}\"},\"query-input\":{\"@type\":\"PropertyValueSpecification\",\"valueRequired\":true,\"valueName\":\"search_term_string\"}}],\"inLanguage\":\"pt-BR\"},{\"@type\":\"Person\",\"@id\":\"https:\/\/www.mobly.com.br\/blog\/#\/schema\/person\/58f6d703be72894f945c4c6c63abefc5\",\"name\":\"Maria Mazza\",\"image\":{\"@type\":\"ImageObject\",\"inLanguage\":\"pt-BR\",\"@id\":\"https:\/\/www.mobly.com.br\/blog\/#\/schema\/person\/image\/\",\"url\":\"https:\/\/secure.gravatar.com\/avatar\/77b133266f58ec3996d75cb776f6d460?s=96&d=mm&r=g\",\"contentUrl\":\"https:\/\/secure.gravatar.com\/avatar\/77b133266f58ec3996d75cb776f6d460?s=96&d=mm&r=g\",\"caption\":\"Maria Mazza\"},\"sameAs\":[\"maria.mazza\"],\"url\":\"https:\/\/www.mobly.com.br\/blog\/author\/maria-mazza\/\"}]}<\/script>\n<!-- \/ Yoast SEO plugin. -->","yoast_head_json":{"title":"Decora\u00e7\u00e3o escandinava: saiba como levar a tend\u00eancia para o seu lar!","description":"Conhe\u00e7a as principais caracter\u00edsticas da decora\u00e7\u00e3o escandinava e aprenda como voc\u00ea pode levar o estilo para dentro do seu lar","robots":{"index":"index","follow":"follow","max-snippet":"max-snippet:-1","max-image-preview":"max-image-preview:large","max-video-preview":"max-video-preview:-1"},"canonical":"https:\/\/www.mobly.com.br\/blog\/dicas\/decoracao-escandinava\/","og_locale":"pt_BR","og_type":"article","og_title":"Decora\u00e7\u00e3o escandinava: saiba como levar a tend\u00eancia para o seu lar!","og_description":"Conhe\u00e7a as principais caracter\u00edsticas da decora\u00e7\u00e3o escandinava e aprenda como voc\u00ea pode levar o estilo para dentro do seu lar","og_url":"https:\/\/www.mobly.com.br\/blog\/dicas\/decoracao-escandinava\/","og_site_name":"Blog da Mobly","article_author":"maria.mazza","article_published_time":"2021-08-30T12:00:06+00:00","article_modified_time":"2021-09-02T16:55:48+00:00","og_image":[{"width":1000,"height":666,"url":"https:\/\/blog.mobly.com.br\/wp-content\/uploads\/2021\/08\/decoracao_escandinava_4-1.jpg","type":"image\/jpeg"}],"author":"Maria Mazza","twitter_card":"summary_large_image","twitter_misc":{"Escrito por":"Maria Mazza","Est. tempo de leitura":"4 minutos"},"schema":{"@context":"https:\/\/schema.org","@graph":[{"@type":"WebPage","@id":"https:\/\/www.mobly.com.br\/blog\/dicas\/decoracao-escandinava\/","url":"https:\/\/www.mobly.com.br\/blog\/dicas\/decoracao-escandinava\/","name":"Decora\u00e7\u00e3o escandinava: saiba como levar a tend\u00eancia para o seu lar!","isPartOf":{"@id":"https:\/\/www.mobly.com.br\/blog\/#website"},"primaryImageOfPage":{"@id":"https:\/\/www.mobly.com.br\/blog\/dicas\/decoracao-escandinava\/#primaryimage"},"image":{"@id":"https:\/\/www.mobly.com.br\/blog\/dicas\/decoracao-escandinava\/#primaryimage"},"thumbnailUrl":"https:\/\/www.mobly.com.br\/blog\/wp-content\/uploads\/2021\/08\/decoracao_escandinava_4-1.jpg","datePublished":"2021-08-30T12:00:06+00:00","dateModified":"2021-09-02T16:55:48+00:00","author":{"@id":"https:\/\/www.mobly.com.br\/blog\/#\/schema\/person\/58f6d703be72894f945c4c6c63abefc5"},"description":"Conhe\u00e7a as principais caracter\u00edsticas da decora\u00e7\u00e3o escandinava e aprenda como voc\u00ea pode levar o estilo para dentro do seu lar","breadcrumb":{"@id":"https:\/\/www.mobly.com.br\/blog\/dicas\/decoracao-escandinava\/#breadcrumb"},"inLanguage":"pt-BR","potentialAction":[{"@type":"ReadAction","target":["https:\/\/www.mobly.com.br\/blog\/dicas\/decoracao-escandinava\/"]}]},{"@type":"ImageObject","inLanguage":"pt-BR","@id":"https:\/\/www.mobly.com.br\/blog\/dicas\/decoracao-escandinava\/#primaryimage","url":"https:\/\/www.mobly.com.br\/blog\/wp-content\/uploads\/2021\/08\/decoracao_escandinava_4-1.jpg","contentUrl":"https:\/\/www.mobly.com.br\/blog\/wp-content\/uploads\/2021\/08\/decoracao_escandinava_4-1.jpg","width":"1000","height":"666"},{"@type":"BreadcrumbList","@id":"https:\/\/www.mobly.com.br\/blog\/dicas\/decoracao-escandinava\/#breadcrumb","itemListElement":[{"@type":"ListItem","position":1,"name":"Home","item":"https:\/\/www.mobly.com.br\/blog\/"},{"@type":"ListItem","position":2,"name":"Dicas","item":"https:\/\/www.mobly.com.br\/blog\/dicas\/"},{"@type":"ListItem","position":3,"name":"Decora\u00e7\u00e3o escandinava: saiba como levar a tend\u00eancia para o seu lar!"}]},{"@type":"WebSite","@id":"https:\/\/www.mobly.com.br\/blog\/#website","url":"https:\/\/www.mobly.com.br\/blog\/","name":"Blog da Mobly","description":"Dicas de Decora\u00e7\u00e3o, Inspira\u00e7\u00f5es e Mais","potentialAction":[{"@type":"SearchAction","target":{"@type":"EntryPoint","urlTemplate":"https:\/\/www.mobly.com.br\/blog\/?s={search_term_string}"},"query-input":{"@type":"PropertyValueSpecification","valueRequired":true,"valueName":"search_term_string"}}],"inLanguage":"pt-BR"},{"@type":"Person","@id":"https:\/\/www.mobly.com.br\/blog\/#\/schema\/person\/58f6d703be72894f945c4c6c63abefc5","name":"Maria Mazza","image":{"@type":"ImageObject","inLanguage":"pt-BR","@id":"https:\/\/www.mobly.com.br\/blog\/#\/schema\/person\/image\/","url":"https:\/\/secure.gravatar.com\/avatar\/77b133266f58ec3996d75cb776f6d460?s=96&d=mm&r=g","contentUrl":"https:\/\/secure.gravatar.com\/avatar\/77b133266f58ec3996d75cb776f6d460?s=96&d=mm&r=g","caption":"Maria Mazza"},"sameAs":["maria.mazza"],"url":"https:\/\/www.mobly.com.br\/blog\/author\/maria-mazza\/"}]}},"_links":{"self":[{"href":"https:\/\/www.mobly.com.br\/blog\/wp-json\/wp\/v2\/posts\/18184","targetHints":{"allow":["GET"]}}],"collection":[{"href":"https:\/\/www.mobly.com.br\/blog\/wp-json\/wp\/v2\/posts"}],"about":[{"href":"https:\/\/www.mobly.com.br\/blog\/wp-json\/wp\/v2\/types\/post"}],"author":[{"embeddable":true,"href":"https:\/\/www.mobly.com.br\/blog\/wp-json\/wp\/v2\/users\/20"}],"replies":[{"embeddable":true,"href":"https:\/\/www.mobly.com.br\/blog\/wp-json\/wp\/v2\/comments?post=18184"}],"version-history":[{"count":5,"href":"https:\/\/www.mobly.com.br\/blog\/wp-json\/wp\/v2\/posts\/18184\/revisions"}],"predecessor-version":[{"id":18247,"href":"https:\/\/www.mobly.com.br\/blog\/wp-json\/wp\/v2\/posts\/18184\/revisions\/18247"}],"wp:featuredmedia":[{"embeddable":true,"href":"https:\/\/www.mobly.com.br\/blog\/wp-json\/wp\/v2\/media\/18268"}],"wp:attachment":[{"href":"https:\/\/www.mobly.com.br\/blog\/wp-json\/wp\/v2\/media?parent=18184"}],"wp:term":[{"taxonomy":"category","embeddable":true,"href":"https:\/\/www.mobly.com.br\/blog\/wp-json\/wp\/v2\/categories?post=18184"},{"taxonomy":"post_tag","embeddable":true,"href":"https:\/\/www.mobly.com.br\/blog\/wp-json\/wp\/v2\/tags?post=18184"}],"curies":[{"name":"wp","href":"https:\/\/api.w.org\/{rel}","templated":true}]}}