{"id":16546,"date":"2021-04-01T09:00:04","date_gmt":"2021-04-01T12:00:04","guid":{"rendered":"https:\/\/www.mobly.com.br\/blog\/?p=16546"},"modified":"2021-03-26T16:38:40","modified_gmt":"2021-03-26T19:38:40","slug":"mudanca-de-casa","status":"publish","type":"post","link":"https:\/\/www.mobly.com.br\/blog\/dicas\/mudanca-de-casa\/","title":{"rendered":"Mudan\u00e7a de casa: Nossas 7 melhores dicas para se organizar"},"content":{"rendered":"<p><span style=\"font-weight: 400;\">Estar\u00edamos mentindo se diss\u00e9ssemos que gostamos totalmente de mudan\u00e7as. Isso porque mudar tamb\u00e9m nos exige um esfor\u00e7o de abrir m\u00e3o de coisas que gostamos, de nos adaptarmos e estarmos dispostos a vivenciar coisas novas e inesperadas.\u00a0<\/span><\/p>\n<p><span style=\"font-weight: 400;\">Mas, se superarmos essas dificuldades, podemos ter a chance de melhorar a nossa vida e sermos mais felizes. Ent\u00e3o, mudar de <\/span><a href=\"https:\/\/www.vivadecora.com.br\/decoracao\/casa\" target=\"_blank\" rel=\"noopener\"><span style=\"font-weight: 400;\">casa<\/span><\/a><span style=\"font-weight: 400;\">\u00a0pode ser uma boa oportunidade.<\/span><\/p>\n<p><span style=\"font-weight: 400;\">Agora, o que ser\u00e1 que podemos fazer para facilitar este processo de altera\u00e7\u00e3o de resid\u00eancia?\u00a0<\/span><\/p>\n<p><span style=\"font-weight: 400;\">Por certo, este momento envolve muitas atividades complexas, que exigem bastante esfor\u00e7o, tempo e <a href=\"https:\/\/www.mobly.com.br\/blog\/dicas\/decoracao-de-cozinha\/\/?utm_source=blog_texto&amp;utm_medium=social_blog&amp;utm_campaign=_20210326\" target=\"_blank\" rel=\"noopener\">senso de organiza\u00e7\u00e3o<\/a>. E ser\u00e1 que tem um jeito de fazer tudo isso de forma mais f\u00e1cil e tranquila para toda a fam\u00edlia?\u00a0<\/span><\/p>\n<p>Leia tamb\u00e9m:\u00a0<a href=\"https:\/\/www.mobly.com.br\/blog\/dicas\/quarto-de-bebe\/\/?utm_source=blog_texto&amp;utm_medium=social_blog&amp;utm_campaign=_20210326\" target=\"_blank\" rel=\"noopener\">Quarto de beb\u00ea rec\u00e9m-nascido: o que n\u00e3o pode faltar? + 26 ambientes para te inspirar<\/a><\/p>\n<p>Clique nas imagens para mais informa\u00e7\u00f5es.<\/p>\n<p><a href=\"https:\/\/www.vivadecora.com.br\/foto\/44376\/guarda-roupa-em-marcenaria-branca-e-piso-frio\" target=\"_blank\" rel=\"noopener\"><img loading=\"lazy\" decoding=\"async\" class=\"alignnone size-full wp-image-16555 aligncenter\" src=\"https:\/\/blog.mobly.com.br\/wp-content\/uploads\/2021\/03\/10.jpg\" alt=\"dicas_de_mudanca_10\" width=\"700\" height=\"467\" srcset=\"https:\/\/www.mobly.com.br\/blog\/wp-content\/uploads\/2021\/03\/10.jpg 700w, https:\/\/www.mobly.com.br\/blog\/wp-content\/uploads\/2021\/03\/10-300x200.jpg 300w\" sizes=\"auto, (max-width: 700px) 100vw, 700px\" \/><\/a><\/p>\n<p style=\"text-align: right;\"><a href=\"https:\/\/www.vivadecora.com.br\/larissa1\/projetos\" target=\"_blank\" rel=\"noopener\"><span style=\"font-weight: 400;\">Larissa Vinagre<\/span><\/a><\/p>\n<h2><span style=\"font-weight: 400;\">Dica 1 &#8211; Se desfa\u00e7a daquilo que n\u00e3o ser\u00e1 levado na mudan\u00e7a de casa<\/span><\/h2>\n<p><span style=\"font-weight: 400;\">Na primeira fase da mudan\u00e7a de casa, ser\u00e1 preciso esvaziar todos os <a href=\"https:\/\/www.mobly.com.br\/moveis\/armarios-multiuso\/\/?utm_source=blog_texto&amp;utm_medium=social_blog&amp;utm_campaign=_20210326\" target=\"_blank\" rel=\"noopener\">arm\u00e1rios<\/a>. Ao tirar item por item de dentro dos <a href=\"https:\/\/www.mobly.com.br\/blog\/sem-categoria\/decoracao-com-nichos-e-prateleiras\/\/?utm_source=blog_texto&amp;utm_medium=social_blog&amp;utm_campaign=_20210326\" target=\"_blank\" rel=\"noopener\">nichos e gavetas<\/a>, voc\u00ea j\u00e1 estar\u00e1 realizando uma revis\u00e3o de todos os seus pertences.\u00a0<\/span><\/p>\n<p><span style=\"font-weight: 400;\">Curiosamente, neste momento, perceber\u00e1 que guardou coisas desnecess\u00e1rias. Ent\u00e3o, pode aproveitar a ocasi\u00e3o para revisar e determinar o que pode ser doado ou at\u00e9 mesmo descartado.<\/span><\/p>\n<p><span style=\"font-weight: 400;\">Pense o seguinte: pode ser que na sua casa nova n\u00e3o haja tanto espa\u00e7o; que voc\u00ea queira ter ambientes mais livres de tranqueiras; ou abrir \u00e1rea para coisas novas e melhores. E a \u00fanica solu\u00e7\u00e3o para isto \u00e9 se desfazer agora mesmo de tudo que for poss\u00edvel.\u00a0<\/span><\/p>\n<p><span style=\"font-weight: 400;\">Isto tamb\u00e9m deve facilitar o processo de mudan\u00e7a de casa, reduzindo o volume de caixas que ser\u00e1 levado para o novo endere\u00e7o.<\/span><\/p>\n<p>Leia tamb\u00e9m:\u00a0<a href=\"https:\/\/www.mobly.com.br\/blog\/dicas\/top-5-itens-para-organizar-a-casa\/\/?utm_source=blog_texto&amp;utm_medium=social_blog&amp;utm_campaign=_20210326\" target=\"_blank\" rel=\"noopener\">Organiza\u00e7\u00e3o: Top 5 itens para te ajudar com a casa<\/a><\/p>\n<h2><span style=\"font-weight: 400;\">Dica 2 &#8211; Deixe tudo limpo para tr\u00e1s<\/span><\/h2>\n<p><span style=\"font-weight: 400;\">Quando decidimos por nos mudar de resid\u00eancia, fechamos um cap\u00edtulo de nossa vida. Imagine como voc\u00ea gostaria de ver as coisas quando olhar para tr\u00e1s.\u00a0<\/span><\/p>\n<p><span style=\"font-weight: 400;\">Espalhe boas energias para voc\u00ea, a sua fam\u00edlia e aqueles que logo ir\u00e3o habitar a sua casa antiga. Tamb\u00e9m n\u00e3o fa\u00e7a com outras pessoas aquilo que n\u00e3o gostaria que fizessem com voc\u00ea.<\/span><\/p>\n<p><span style=\"font-weight: 400;\">Ent\u00e3o, preocupe-se em deixar tudo limpo, principalmente os interiores de arm\u00e1rios e <a href=\"https:\/\/www.mobly.com.br\/eletro\/eletrodomesticos\/\/?utm_source=blog_texto&amp;utm_medium=social_blog&amp;utm_campaign=_20210326\" target=\"_blank\" rel=\"noopener\">eletrodom\u00e9sticos <\/a>que ser\u00e3o deixados na casa.<\/span><\/p>\n<p><span style=\"font-weight: 400;\">Se voc\u00ea for arrumando as coisas, organizando e limpando tudo ao mesmo tempo, tamb\u00e9m tornar\u00e1 o processo de mudan\u00e7a de casa mais f\u00e1cil. Imagine que surpresa desagrad\u00e1vel abrir na casa nova todas as caixas e descobrir os pertences amassados, quebrados e sujos. N\u00e3o faria o menor sentido, n\u00e3o \u00e9 mesmo?<\/span><\/p>\n<p><span style=\"font-weight: 400;\">Entendemos, portanto, que mudar de endere\u00e7o \u00e9 uma oportunidade tamb\u00e9m de p\u00f4r em ordem as coisas que estavam confusas. \u00c9 uma verdadeira transforma\u00e7\u00e3o de vida &#8211; mas que s\u00f3 depende de voc\u00ea.<\/span><\/p>\n<p>Leia tamb\u00e9m:\u00a0<a href=\"https:\/\/www.mobly.com.br\/blog\/por-ambientes\/quarto-infantil\/decoracao-montessoriana\/\/?utm_source=blog_texto&amp;utm_medium=social_blog&amp;utm_campaign=_20210326\" target=\"_blank\" rel=\"noopener\">Decora\u00e7\u00e3o Montessoriana: TUDO o que voc\u00ea precisa saber + passo a passo<\/a><\/p>\n<p><a href=\"https:\/\/www.vivadecora.com.br\/revista\/mau-cheiro-na-geladeira\/\" target=\"_blank\" rel=\"noopener\"><img loading=\"lazy\" decoding=\"async\" class=\"alignnone size-full wp-image-16556 aligncenter\" src=\"https:\/\/blog.mobly.com.br\/wp-content\/uploads\/2021\/03\/3.jpg\" alt=\"dicas_de_mudanca_3\" width=\"600\" height=\"400\" srcset=\"https:\/\/www.mobly.com.br\/blog\/wp-content\/uploads\/2021\/03\/3.jpg 600w, https:\/\/www.mobly.com.br\/blog\/wp-content\/uploads\/2021\/03\/3-300x200.jpg 300w\" sizes=\"auto, (max-width: 600px) 100vw, 600px\" \/><\/a><\/p>\n<p style=\"text-align: right;\"><span style=\"font-weight: 400;\">Decor F\u00e1cil\u00a0<\/span><\/p>\n<p><a href=\"https:\/\/www.vivadecora.com.br\/revista\/limpeza-de-casa\/\" target=\"_blank\" rel=\"noopener\"><img loading=\"lazy\" decoding=\"async\" class=\"alignnone size-full wp-image-16549 aligncenter\" src=\"https:\/\/blog.mobly.com.br\/wp-content\/uploads\/2021\/03\/4.jpg\" alt=\"dicas_de_mudanca_4\" width=\"700\" height=\"516\" srcset=\"https:\/\/www.mobly.com.br\/blog\/wp-content\/uploads\/2021\/03\/4.jpg 700w, https:\/\/www.mobly.com.br\/blog\/wp-content\/uploads\/2021\/03\/4-300x221.jpg 300w\" sizes=\"auto, (max-width: 700px) 100vw, 700px\" \/><\/a><\/p>\n<p style=\"text-align: right;\"><span style=\"font-weight: 400;\">NBC News\u00a0<\/span><\/p>\n<div id=\"metaslider-id-16569\" style=\"max-width: 240px; margin: 0 auto;\" class=\"ml-slider-3-27-0 metaslider metaslider-coin metaslider-16569 ml-slider slider-sku-padrao ml-slider-lightbox-1-12-0 lightbox-disabled\">\n    <div id=\"metaslider_container_16569\">\n        <div id='metaslider_16569' class='coin-slider'>\n<a href=\"javascript:void(0)\" target=\"_self\"><img loading=\"lazy\" decoding=\"async\" src=\"https:\/\/www.mobly.com.br\/blog\/wp-content\/uploads\/2021\/03\/WyzeCam-Wyze-Cam-V2-CC3A2mera-domC3A9stica-inteligente-interna-Wyze-Labs-HD-1080p-com-visC3A3o-noturna-8780-225847-1-1-240x240.jpg\" height=\"240\" width=\"240\" alt=\"\" class=\"slider-16569 slide-16580\" title=\"WyzeCam-Wyze-Cam-V2-CC3A2mera-domC3A9stica-inteligente-interna-Wyze-Labs-HD-1080p-com-visC3A3o-noturna-8780-225847-1\" style=\"display: none;\" \/><\/a>\n<a href=\"javascript:void(0)\" target=\"_self\"><img loading=\"lazy\" decoding=\"async\" src=\"https:\/\/www.mobly.com.br\/blog\/wp-content\/uploads\/2021\/03\/Moval-ArmC3A1rio-Multiuso-C38Dris-2-PT-Branco-7925-107276-1-1-240x240.jpg\" height=\"240\" width=\"240\" alt=\"\" class=\"slider-16569 slide-16579\" title=\"Moval-ArmC3A1rio-Multiuso-C38Dris-2-PT-Branco-7925-107276-1\" style=\"display: none;\" \/><\/a>\n<a href=\"javascript:void(0)\" target=\"_self\"><img loading=\"lazy\" decoding=\"async\" src=\"https:\/\/www.mobly.com.br\/blog\/wp-content\/uploads\/2021\/03\/MC3B3veis-Bechara-Conjunto-para-Banheiro-Siena-Branco-e-Marrom-1545-951167-1-1-240x240.jpg\" height=\"240\" width=\"240\" alt=\"\" class=\"slider-16569 slide-16577\" title=\"MC3B3veis-Bechara-Conjunto-para-Banheiro-Siena-Branco-e-Marrom-1545-951167-1\" style=\"display: none;\" \/><\/a>\n<a href=\"javascript:void(0)\" target=\"_self\"><img loading=\"lazy\" decoding=\"async\" src=\"https:\/\/www.mobly.com.br\/blog\/wp-content\/uploads\/2021\/03\/Mobly-SofC3A1-Cama-3-Lugares-Casal-Premium-Suede-Cinza-9969-770002-1-1-240x240.jpg\" height=\"240\" width=\"240\" alt=\"\" class=\"slider-16569 slide-16578\" title=\"Mobly-SofC3A1-Cama-3-Lugares-Casal-Premium-Suede-Cinza-9969-770002-1\" style=\"display: none;\" \/><\/a>\n<a href=\"javascript:void(0)\" target=\"_self\"><img loading=\"lazy\" decoding=\"async\" src=\"https:\/\/www.mobly.com.br\/blog\/wp-content\/uploads\/2021\/03\/Inducol-ColchC3A3o-Solteiro-Albany-Molas-Ensacadas-2829x88x18829-Marrom-e-Branco-7371-615695-1-1-240x240.jpg\" height=\"240\" width=\"240\" alt=\"\" class=\"slider-16569 slide-16576\" title=\"Inducol-ColchC3A3o-Solteiro-Albany-Molas-Ensacadas-2829x88x18829-Marrom-e-Branco-7371-615695-1\" style=\"display: none;\" \/><\/a>\n        <\/div>\n        \n    <\/div>\n<\/div>\n<h2><span style=\"font-weight: 400;\">Dica 3 &#8211; Organize as coisas de forma adequada<\/span><\/h2>\n<p><span style=\"font-weight: 400;\">Mais uma sugest\u00e3o que podemos dar \u00e9 voc\u00ea come\u00e7ar a empacotar as coisas do arm\u00e1rio ou do c\u00f4modo menos importante at\u00e9 chegar aos itens essenciais, utilizados no dia a dia. Deixe preferencialmente por \u00faltimo \u00e1reas como <a href=\"https:\/\/www.mobly.com.br\/moveis\/moveis-cozinha\/\/?utm_source=blog_texto&amp;utm_medium=social_blog&amp;utm_campaign=_20210326\" target=\"_blank\" rel=\"noopener\">cozinha <\/a>e <a href=\"https:\/\/www.mobly.com.br\/moveis\/moveis-banheiro\/\/?utm_source=blog_texto&amp;utm_medium=social_blog&amp;utm_campaign=_20210326\" target=\"_blank\" rel=\"noopener\">banheiro<\/a>.\u00a0<\/span><\/p>\n<p><span style=\"font-weight: 400;\">Tamb\u00e9m reserve, na arruma\u00e7\u00e3o da mudan\u00e7a de casa, os principais cadernos, equipamentos de m\u00eddia e roupas necess\u00e1rias para suas atividades de estudo e de trabalho.\u00a0<\/span><\/p>\n<p>Leia tamb\u00e9m:\u00a0<a href=\"https:\/\/www.mobly.com.br\/blog\/dicas\/solucoes-simples-para-ajudar-organizacao-da-casa\/\/?utm_source=blog_texto&amp;utm_medium=social_blog&amp;utm_campaign=_20210326\" target=\"_blank\" rel=\"noopener\">O que voc\u00ea pode fazer para organizar, limpar e melhorar o visual dos ambientes da sua casa?<\/a><\/p>\n<p><a href=\"https:\/\/www.vivadecora.com.br\/revista\/despensa-de-cozinha\/\" target=\"_blank\" rel=\"noopener\"><img loading=\"lazy\" decoding=\"async\" class=\"alignnone size-full wp-image-16550 aligncenter\" src=\"https:\/\/blog.mobly.com.br\/wp-content\/uploads\/2021\/03\/5.png\" alt=\"dicas_de_mudanca_5\" width=\"700\" height=\"465\" srcset=\"https:\/\/www.mobly.com.br\/blog\/wp-content\/uploads\/2021\/03\/5.png 700w, https:\/\/www.mobly.com.br\/blog\/wp-content\/uploads\/2021\/03\/5-300x199.png 300w\" sizes=\"auto, (max-width: 700px) 100vw, 700px\" \/><\/a><\/p>\n<p style=\"text-align: right;\"><span style=\"font-weight: 400;\">Jackson Design\u00a0<\/span><\/p>\n<p><a href=\"https:\/\/www.vivadecora.com.br\/revista\/cama-montessoriana\/\" target=\"_blank\" rel=\"noopener\"><img loading=\"lazy\" decoding=\"async\" class=\"alignnone size-full wp-image-16554 aligncenter\" src=\"https:\/\/blog.mobly.com.br\/wp-content\/uploads\/2021\/03\/9.jpg\" alt=\"dicas_de_mudanca_9\" width=\"700\" height=\"494\" srcset=\"https:\/\/www.mobly.com.br\/blog\/wp-content\/uploads\/2021\/03\/9.jpg 700w, https:\/\/www.mobly.com.br\/blog\/wp-content\/uploads\/2021\/03\/9-300x212.jpg 300w\" sizes=\"auto, (max-width: 700px) 100vw, 700px\" \/><\/a><\/p>\n<p style=\"text-align: right;\"><a href=\"https:\/\/www.vivadecora.com.br\/revista\/lavabo-pequeno-como-decorar-com-dicas-faceis\/\" target=\"_blank\" rel=\"noopener\"><span style=\"font-weight: 400;\">Revista Viva Decora<\/span><\/a><\/p>\n<p><span style=\"font-weight: 400;\">Agora chegou a parte mais importante da organiza\u00e7\u00e3o da mudan\u00e7a de casa, que \u00e9 embalar todos os pertences menores. Entra nessa lista, por exemplo, roupas, sapatos, artigos de papelaria, livros, lou\u00e7as, cosm\u00e9ticos, rel\u00edquias de fam\u00edlia, brinquedos, e muito mais.\u00a0<\/span><\/p>\n<p><span style=\"font-weight: 400;\">Tudo que puder ser colocado<a href=\"https:\/\/www.mobly.com.br\/decoracao\/caixas\/\/?utm_source=blog_texto&amp;utm_medium=social_blog&amp;utm_campaign=_20210326\" target=\"_blank\" rel=\"noopener\"> dentro de caixas<\/a>, melhor. Por\u00e9m certos objetos, principalmente muito volumosos e assim\u00e9tricos ou pontiagudos, n\u00e3o poder\u00e3o ser guardados assim.<\/span><\/p>\n<p><span style=\"font-weight: 400;\">E o que se pode fazer a respeito disso? Bom, determinadas coisas podem ser colocadas dentro de caixas pl\u00e1sticas organizadoras.\u00a0<\/span><\/p>\n<p><span style=\"font-weight: 400;\">O legal de investir nessas pe\u00e7as \u00e9 poder utiliz\u00e1-las depois na organiza\u00e7\u00e3o da casa nova, dentro de arm\u00e1rios, despensas, dep\u00f3sitos e garagens &#8211; jamais podendo ser considerado um gasto. Por fim, outras coisas poderiam ser colocadas em grandes sacolas de pl\u00e1stico ou de pano.<\/span><\/p>\n<p><span style=\"font-weight: 400;\">Tente, de alguma forma, identificar cada caixa ou cada sacola com alguma marca\u00e7\u00e3o &#8211; pode ser por n\u00fameros, s\u00edmbolos ou cores. Anote este sistema em uma folha de papel em branco e deixe isso guardado sempre em sua bolsa pessoal.\u00a0<\/span><\/p>\n<p><span style=\"font-weight: 400;\">Leve esta planilha com voc\u00ea durante a mudan\u00e7a de casa. Ent\u00e3o, quando estiver na casa nova, poder\u00e1 usar isto para orientar o pessoal da mudan\u00e7a e guiar o momento da abertura das caixas.<\/span><\/p>\n<p>Leia tamb\u00e9m:\u00a0<a href=\"https:\/\/www.mobly.com.br\/blog\/dicas\/videos-de-organizacao\/\/?utm_source=blog_texto&amp;utm_medium=social_blog&amp;utm_campaign=_20210326\" target=\"_blank\" rel=\"noopener\">10 v\u00eddeos de organiza\u00e7\u00e3o: uma colet\u00e2nea para conferir<\/a><\/p>\n<p><a href=\"https:\/\/www.vivadecora.com.br\/revista\/cesto-organizador\/\" target=\"_blank\" rel=\"noopener\"><img loading=\"lazy\" decoding=\"async\" class=\"alignnone size-full wp-image-16552 aligncenter\" src=\"https:\/\/blog.mobly.com.br\/wp-content\/uploads\/2021\/03\/7.jpg\" alt=\"dicas_de_mudanca_7\" width=\"700\" height=\"443\" srcset=\"https:\/\/www.mobly.com.br\/blog\/wp-content\/uploads\/2021\/03\/7.jpg 700w, https:\/\/www.mobly.com.br\/blog\/wp-content\/uploads\/2021\/03\/7-300x190.jpg 300w\" sizes=\"auto, (max-width: 700px) 100vw, 700px\" \/><\/a><\/p>\n<p style=\"text-align: right;\"><span style=\"font-weight: 400;\">Quarto Para Beb\u00ea e\u00a0<\/span><a href=\"https:\/\/www.vivadecora.com.br\/revista\/cesto-organizador\/\" target=\"_blank\" rel=\"noopener\"><span style=\"font-weight: 400;\">Ann Kelle\u00a0<\/span><\/a><\/p>\n<div id=\"metaslider-id-16581\" style=\"max-width: 240px; margin: 0 auto;\" class=\"ml-slider-3-27-0 metaslider metaslider-coin metaslider-16581 ml-slider slider-sku-padrao ml-slider-lightbox-1-12-0 lightbox-disabled\">\n    <div id=\"metaslider_container_16581\">\n        <div id='metaslider_16581' class='coin-slider'>\n<a href=\"javascript:void(0)\" target=\"_self\"><img loading=\"lazy\" decoding=\"async\" src=\"https:\/\/www.mobly.com.br\/blog\/wp-content\/uploads\/2021\/03\/Mobly-Painel-para-TV-atC3A9-32-Polegadas-Cairo-Cinamomo-0871-605676-1-240x240.jpg\" height=\"240\" width=\"240\" alt=\"\" class=\"slider-16581 slide-16592\" title=\"Mobly-Painel-para-TV-atC3A9-32-Polegadas-Cairo-Cinamomo-0871-605676-1\" style=\"display: none;\" \/><\/a>\n<a href=\"javascript:void(0)\" target=\"_self\"><img loading=\"lazy\" decoding=\"async\" src=\"https:\/\/www.mobly.com.br\/blog\/wp-content\/uploads\/2021\/03\/micmi-Abridor-de-porta-de-garagem-inteligente-com-saC3ADda-USB-8151-800467-1-240x240.jpg\" height=\"240\" width=\"240\" alt=\"\" class=\"slider-16581 slide-16590\" title=\"micmi-Abridor-de-porta-de-garagem-inteligente-com-saC3ADda-USB-8151-800467-1\" style=\"display: none;\" \/><\/a>\n<a href=\"javascript:void(0)\" target=\"_self\"><img loading=\"lazy\" decoding=\"async\" src=\"https:\/\/www.mobly.com.br\/blog\/wp-content\/uploads\/2021\/03\/Mobly-Mesa-Lateral-Duda-Preta-1530-341667-1-240x240.jpg\" height=\"240\" width=\"240\" alt=\"\" class=\"slider-16581 slide-16591\" title=\"Mobly-Mesa-Lateral-Duda-Preta-1530-341667-1\" style=\"display: none;\" \/><\/a>\n<a href=\"javascript:void(0)\" target=\"_self\"><img loading=\"lazy\" decoding=\"async\" src=\"https:\/\/www.mobly.com.br\/blog\/wp-content\/uploads\/2021\/03\/Incoflex-Guarda-Roupa-Closet-Modulado-Manchester-I-1-GV-Branco-1264-736886-1-240x240.jpg\" height=\"240\" width=\"240\" alt=\"\" class=\"slider-16581 slide-16588\" title=\"Incoflex-Guarda-Roupa-Closet-Modulado-Manchester-I-1-GV-Branco-1264-736886-1\" style=\"display: none;\" \/><\/a>\n<a href=\"javascript:void(0)\" target=\"_self\"><img loading=\"lazy\" decoding=\"async\" src=\"https:\/\/www.mobly.com.br\/blog\/wp-content\/uploads\/2021\/03\/MGM-MC3B3veis-Conjunto-de-Banheiro-GrC3A9cia-Branco-5344-240417-1-240x240.jpg\" height=\"240\" width=\"240\" alt=\"\" class=\"slider-16581 slide-16589\" title=\"MGM-MC3B3veis-Conjunto-de-Banheiro-GrC3A9cia-Branco-5344-240417-1\" style=\"display: none;\" \/><\/a>\n        <\/div>\n        \n    <\/div>\n<\/div>\n<h2><span style=\"font-weight: 400;\">Dica 4 &#8211; Proteja tudo que possa quebrar<\/span><\/h2>\n<p><span style=\"font-weight: 400;\">Infelizmente, voc\u00ea precisa saber que, durante uma mudan\u00e7a de casa, sempre alguma coisa fica danificada. Mas \u00e9 poss\u00edvel evitar isto ao m\u00e1ximo. Muito depende de como s\u00e3o embaladas as coisas.\u00a0<\/span><\/p>\n<p><span style=\"font-weight: 400;\">\u00c9 \u00f3bvio que<a href=\"https:\/\/www.mobly.com.br\/moveis\/\/?utm_source=blog_texto&amp;utm_medium=social_blog&amp;utm_campaign=_20210326\" target=\"_blank\" rel=\"noopener\"> grandes m\u00f3veis<\/a>, principalmente n\u00e3o desmont\u00e1veis, precisar\u00e3o ser colocados inteiros dentro do caminh\u00e3o. E, antes e depois, percorrer\u00e3o corredores e escadas, onde podem esbarrar e quebrar.<\/span><\/p>\n<p><span style=\"font-weight: 400;\">Algo que os especialistas em mudan\u00e7as sempre recomendam \u00e9 fazer uma pequena prote\u00e7\u00e3o de papel\u00e3o em todas as quinas dos m\u00f3veis. Chapas do material tamb\u00e9m podem ser colocadas envolvendo tampos de madeira.\u00a0<\/span><\/p>\n<p><span style=\"font-weight: 400;\">Vidros e <a href=\"https:\/\/www.mobly.com.br\/decoracao\/espelhos\/\/?utm_source=blog_texto&amp;utm_medium=social_blog&amp;utm_campaign=_20210326\" target=\"_blank\" rel=\"noopener\">espelhos<\/a> devem levar um &#8216;X&#8217; de fita adesiva em ambos os lados para evitar que, em caso de acidente, quebrem e machuquem algu\u00e9m. E outras coisas podem ser enroladas com pl\u00e1stico especial ou pl\u00e1stico bolha.<\/span><\/p>\n<h2><span style=\"font-weight: 400;\">Dicas 5 &#8211; Contrate uma boa equipe e leve as miudezas com voc\u00ea<\/span><\/h2>\n<p><span style=\"font-weight: 400;\">Quando podemos contar com uma equipe especializada, dificilmente precisamos nos preocupar com a mudan\u00e7a de casa. Esses profissionais realmente lidam melhor com diversas situa\u00e7\u00f5es delicadas.\u00a0<\/span><\/p>\n<p><span style=\"font-weight: 400;\">Eles sabem melhor como manusear adequadamente certos elementos, desmontar pe\u00e7as, carregar e remontar. Algumas empresas do ramo fornecem caixas e at\u00e9 grades aramadas para pendurar roupas delicadas.<\/span><\/p>\n<p><a href=\"https:\/\/www.vivadecora.com.br\/revista\/como-instalar-cooktop\/\" target=\"_blank\" rel=\"noopener\"><img loading=\"lazy\" decoding=\"async\" class=\"alignnone size-full wp-image-16547 aligncenter\" src=\"https:\/\/blog.mobly.com.br\/wp-content\/uploads\/2021\/03\/1.jpg\" alt=\"dicas_de_mudanca_1\" width=\"700\" height=\"525\" srcset=\"https:\/\/www.mobly.com.br\/blog\/wp-content\/uploads\/2021\/03\/1.jpg 700w, https:\/\/www.mobly.com.br\/blog\/wp-content\/uploads\/2021\/03\/1-300x225.jpg 300w\" sizes=\"auto, (max-width: 700px) 100vw, 700px\" \/><\/a><\/p>\n<p style=\"text-align: right;\"><span style=\"font-weight: 400;\">Belissa Corral\u00a0<\/span><\/p>\n<p><a href=\"https:\/\/www.vivadecora.com.br\/revista\/cesto-organizador\/\" target=\"_blank\" rel=\"noopener\"><img loading=\"lazy\" decoding=\"async\" class=\"alignnone size-full wp-image-16553 aligncenter\" src=\"https:\/\/blog.mobly.com.br\/wp-content\/uploads\/2021\/03\/8.jpg\" alt=\"dicas_de_mudanca_8\" width=\"700\" height=\"443\" srcset=\"https:\/\/www.mobly.com.br\/blog\/wp-content\/uploads\/2021\/03\/8.jpg 700w, https:\/\/www.mobly.com.br\/blog\/wp-content\/uploads\/2021\/03\/8-300x190.jpg 300w\" sizes=\"auto, (max-width: 700px) 100vw, 700px\" \/><\/a><\/p>\n<p style=\"text-align: right;\"><span style=\"font-weight: 400;\">Frescuras da Tati e\u00a0<\/span><a href=\"https:\/\/www.vivadecora.com.br\/revista\/cesto-organizador\/\" target=\"_blank\" rel=\"noopener\"><span style=\"font-weight: 400;\">Newchic\u00a0<\/span><\/a><\/p>\n<h2><span style=\"font-weight: 400;\">Dicas 6 &#8211; Desempacote as coisas em ordem de prioridade<\/span><\/h2>\n<p><span style=\"font-weight: 400;\">Depois que chegar a casa nova, voc\u00ea entrar\u00e1 na fase mais demorada do processo de mudan\u00e7a de casa<\/span><span style=\"font-weight: 400;\">. Esse \u00e9 o momento de limpar e organizar os novos ambientes de moradia.\u00a0<\/span><\/p>\n<p><span style=\"font-weight: 400;\">Haver\u00e1 pilhas e pilhas de caixas e sacolas espalhadas em todos os cantos. Mas comece a desempacotar as coisas em ordem de prioridade. E o que \u00e9 prioridade?\u00a0<\/span><\/p>\n<p><span style=\"font-weight: 400;\">Bem, prioridade \u00e9 tudo aquilo que interfere na volta \u00e0 sua vida normal &#8211; algo que pode ser o seu material de <a href=\"https:\/\/www.mobly.com.br\/moveis\/moveis-escritorio\/\/?utm_source=blog_texto&amp;utm_medium=social_blog&amp;utm_campaign=_20210326\" target=\"_blank\" rel=\"noopener\">escrit\u00f3rio <\/a>ou de entretenimento.\u00a0<\/span><\/p>\n<p><span style=\"font-weight: 400;\">Depois que estes itens j\u00e1 estiverem no lugar certo, onde dever\u00e3o ficar pelo menos nos pr\u00f3ximos dias ou meses, todo o resto poder\u00e1 ser organizado de forma calma, sem pressa. Assim, a mudan\u00e7a de casa realmente parecer\u00e1 mais divertida &#8211; como deve ser.<\/span><\/p>\n<p><a href=\"https:\/\/www.vivadecora.com.br\/revista\/modelos-caixa-organizadora\/\" target=\"_blank\" rel=\"noopener\"><img loading=\"lazy\" decoding=\"async\" class=\"alignnone size-full wp-image-16551 aligncenter\" src=\"https:\/\/blog.mobly.com.br\/wp-content\/uploads\/2021\/03\/6.jpg\" alt=\"dicas_de_mudanca_6\" width=\"700\" height=\"458\" srcset=\"https:\/\/www.mobly.com.br\/blog\/wp-content\/uploads\/2021\/03\/6.jpg 700w, https:\/\/www.mobly.com.br\/blog\/wp-content\/uploads\/2021\/03\/6-300x196.jpg 300w\" sizes=\"auto, (max-width: 700px) 100vw, 700px\" \/><\/a><\/p>\n<p style=\"text-align: right;\"><span style=\"font-weight: 400;\">Homebnc e Wood Save\u00a0<\/span><\/p>\n<h2><span style=\"font-weight: 400;\">Dicas 7 &#8211; Compre aquilo que falta<\/span><\/h2>\n<p><span style=\"font-weight: 400;\">Ao desempacotar os seus pertences, voc\u00ea tamb\u00e9m ter\u00e1 a chance de fazer uma nova avalia\u00e7\u00e3o de tudo que possui.\u00a0<\/span><\/p>\n<p><span style=\"font-weight: 400;\">Por incr\u00edvel que pare\u00e7a, \u00e9 prov\u00e1vel que note que precisa de novos itens essenciais, em parte para se adaptar aos novos ambientes que come\u00e7ar\u00e1 a habitar. Talvez seja necess\u00e1rio comprar <a href=\"https:\/\/www.mobly.com.br\/cama-e-banho\/cortinas\/\/?utm_source=blog_texto&amp;utm_medium=social_blog&amp;utm_campaign=_20210326\" target=\"_blank\" rel=\"noopener\">cortinas<\/a>, <a href=\"https:\/\/www.mobly.com.br\/decoracao\/tapetes\/\/?utm_source=blog_texto&amp;utm_medium=social_blog&amp;utm_campaign=_20210326\" target=\"_blank\" rel=\"noopener\">tapetes <\/a>e at\u00e9 arm\u00e1rios, como <a href=\"https:\/\/www.mobly.com.br\/moveis\/aparadores\/\/?utm_source=blog_texto&amp;utm_medium=social_blog&amp;utm_campaign=_20210326\" target=\"_blank\" rel=\"noopener\">aparador<\/a>, <a href=\"https:\/\/www.mobly.com.br\/moveis\/sapateiras\/\/?utm_source=blog_texto&amp;utm_medium=social_blog&amp;utm_campaign=_20210326\" target=\"_blank\" rel=\"noopener\">sapateira<\/a>, <a href=\"https:\/\/www.mobly.com.br\/moveis\/cristaleiras\/\/?utm_source=blog_texto&amp;utm_medium=social_blog&amp;utm_campaign=_20210326\" target=\"_blank\" rel=\"noopener\">cristaleira <\/a>e mais; ou simplesmente novas roupas de cama, mesa e banho.<\/span><\/p>\n<p>Leia tamb\u00e9m:\u00a0<a href=\"https:\/\/www.mobly.com.br\/blog\/dicas\/dicas-para-a-organizacao-de-armarios\/\/?utm_source=blog_texto&amp;utm_medium=social_blog&amp;utm_campaign=_20210326\" target=\"_blank\" rel=\"noopener\">Nossas dicas favoritas para a organiza\u00e7\u00e3o de arm\u00e1rios<\/a><\/p>\n<p><a href=\"https:\/\/www.vivadecora.com.br\/foto\/177943\/cabeceira-com-fio-de-luz\" target=\"_blank\" rel=\"noopener\"><img loading=\"lazy\" decoding=\"async\" class=\"alignnone size-full wp-image-16548 aligncenter\" src=\"https:\/\/blog.mobly.com.br\/wp-content\/uploads\/2021\/03\/2.jpg\" alt=\"dicas_de_mudanca_2\" width=\"700\" height=\"466\" srcset=\"https:\/\/www.mobly.com.br\/blog\/wp-content\/uploads\/2021\/03\/2.jpg 700w, https:\/\/www.mobly.com.br\/blog\/wp-content\/uploads\/2021\/03\/2-300x200.jpg 300w\" sizes=\"auto, (max-width: 700px) 100vw, 700px\" \/><\/a><\/p>\n<p style=\"text-align: right;\"><a href=\"https:\/\/www.vivadecora.com.br\/inaarquitetura\/projetos\" target=\"_blank\" rel=\"noopener\"><span style=\"font-weight: 400;\">IN\u00c1 Arquitetura<\/span><\/a><\/p>\n<p><span style=\"font-weight: 400;\">Pronto, agora \u00e9 s\u00f3 seguir esses 7 passos e fazer uma mudan\u00e7a de casa tranquila e bem organizada!<\/span><\/p>\n<p><span style=\"font-weight: 400;\">Essas dicas de decora\u00e7\u00e3o foram criadas pela equipe <\/span><a href=\"https:\/\/www.vivadecora.com.br\/\" target=\"_blank\" rel=\"noopener\"><span style=\"font-weight: 400;\">Viva Decora<\/span><\/a><span style=\"font-weight: 400;\">.<\/span><\/p>\n<p>Ah, e aproveitando a mudan\u00e7a, d\u00ea uma renovada no banheiro com essa dica da\u00a0Dani do canal Ricota N\u00e3o Derrete.<\/p>\n<p><iframe loading=\"lazy\" width=\"1080\" height=\"608\" src=\"https:\/\/www.youtube.com\/embed\/IViNcu8y0j0?feature=oembed&amp;wmode=opaque\" frameborder=\"0\" allow=\"accelerometer; autoplay; clipboard-write; encrypted-media; gyroscope; picture-in-picture\" allowfullscreen><\/iframe><\/p>\n<div id=\"metaslider-id-16593\" style=\"max-width: 240px; margin: 0 auto;\" class=\"ml-slider-3-27-0 metaslider metaslider-coin metaslider-16593 ml-slider slider-sku-padrao ml-slider-lightbox-1-12-0 lightbox-disabled\">\n    <div id=\"metaslider_container_16593\">\n        <div id='metaslider_16593' class='coin-slider'>\n<a href=\"javascript:void(0)\" target=\"_self\"><img loading=\"lazy\" decoding=\"async\" src=\"https:\/\/www.mobly.com.br\/blog\/wp-content\/uploads\/2021\/03\/BRV-MC3B3veis-ArmC3A1rio-MultiC3BAso-AndrC3A9-2-PT-Branco-9619-95321-1-240x240.jpg\" height=\"240\" width=\"240\" alt=\"\" class=\"slider-16593 slide-16601\" title=\"BRV-MC3B3veis-ArmC3A1rio-MultiC3BAso-AndrC3A9-2-PT-Branco-9619-95321-1\" style=\"display: none;\" \/><\/a>\n<a href=\"javascript:void(0)\" target=\"_self\"><img loading=\"lazy\" decoding=\"async\" src=\"https:\/\/www.mobly.com.br\/blog\/wp-content\/uploads\/2021\/03\/Blink-Home-Security-Blink-Mini-E28093-CC3A2mera-de-seguranC3A7a-inteligente-plug-in-interior-compacta-8878-666567-1-240x240.jpg\" height=\"240\" width=\"240\" alt=\"\" class=\"slider-16593 slide-16600\" title=\"Blink-Home-Security-Blink-Mini-E28093-CC3A2mera-de-seguranC3A7a-inteligente-plug-in-interior-compacta-8878-666567-1\" style=\"display: none;\" \/><\/a>\n<a href=\"javascript:void(0)\" target=\"_self\"><img loading=\"lazy\" decoding=\"async\" src=\"https:\/\/www.mobly.com.br\/blog\/wp-content\/uploads\/2021\/03\/Fellicci-Moveis-Mesa-de-Cabeceira-RetrC3B4-1-GV-Nogal-e-Branca-2655-908437-1-240x240.jpg\" height=\"240\" width=\"240\" alt=\"\" class=\"slider-16593 slide-16603\" title=\"Fellicci-Moveis-Mesa-de-Cabeceira-RetrC3B4-1-GV-Nogal-e-Branca-2655-908437-1\" style=\"display: none;\" \/><\/a>\n<a href=\"javascript:void(0)\" target=\"_self\"><img loading=\"lazy\" decoding=\"async\" src=\"https:\/\/www.mobly.com.br\/blog\/wp-content\/uploads\/2021\/03\/Estofart-SofC3A1-3-Lugares-RetrC3A1til-e-ReclinC3A1vel-MacaC3A9-Veludo-Cinza-250-cm-4411-102635-1-240x240.jpg\" height=\"240\" width=\"240\" alt=\"\" class=\"slider-16593 slide-16602\" title=\"Estofart-SofC3A1-3-Lugares-RetrC3A1til-e-ReclinC3A1vel-MacaC3A9-Veludo-Cinza-250-cm-4411-102635-1\" style=\"display: none;\" \/><\/a>\n<a href=\"javascript:void(0)\" target=\"_self\"><img loading=\"lazy\" decoding=\"async\" src=\"https:\/\/www.mobly.com.br\/blog\/wp-content\/uploads\/2021\/03\/Tcil-Guarda-Roupa-Casal-Com-Espelho-Olimpo-6-PT-Imbuia-Rustic-1003-285965-1-240x240.jpg\" height=\"240\" width=\"240\" alt=\"\" class=\"slider-16593 slide-16604\" title=\"Tcil-Guarda-Roupa-Casal-Com-Espelho-Olimpo-6-PT-Imbuia-Rustic-1003-285965-1\" style=\"display: none;\" \/><\/a>\n        <\/div>\n        \n    <\/div>\n<\/div>\n<button class=\"simplefavorite-button has-count loading\" data-postid=\"16546\" data-siteid=\"1\" data-groupid=\"1\" data-favoritecount=\"0\" style=\"\">Carregando...<span class=\"sf-icon-spinner-wrapper\"><i class=\"sf-icon-spinner\"><\/i><\/span><\/button>","protected":false},"excerpt":{"rendered":"<p>Estar\u00edamos mentindo se diss\u00e9ssemos que gostamos totalmente de mudan\u00e7as. Isso porque mudar tamb\u00e9m nos exige um esfor\u00e7o de abrir m\u00e3o de coisas que gostamos, de nos adaptarmos e estarmos dispostos a vivenciar coisas novas e inesperadas.\u00a0 Mas, se superarmos essas dificuldades, podemos ter a chance de melhorar a nossa vida e sermos mais felizes. Ent\u00e3o, mudar de casa\u00a0pode ser uma boa oportunidade. Agora, o que ser\u00e1 que podemos fazer para facilitar este processo de altera\u00e7\u00e3o de resid\u00eancia?\u00a0 Por certo, este momento envolve muitas atividades complexas, que exigem bastante esfor\u00e7o, tempo e senso de organiza\u00e7\u00e3o. E ser\u00e1 que tem um jeito de fazer tudo isso de forma mais f\u00e1cil e tranquila para toda a fam\u00edlia?\u00a0 Leia tamb\u00e9m:\u00a0Quarto de beb\u00ea rec\u00e9m-nascido: o que n\u00e3o pode faltar? + 26 ambientes para te inspirar Clique nas imagens para mais informa\u00e7\u00f5es. Larissa Vinagre Dica 1 &#8211; Se desfa\u00e7a daquilo que n\u00e3o ser\u00e1 levado na mudan\u00e7a de casa Na primeira fase da mudan\u00e7a de casa, ser\u00e1 preciso esvaziar todos os arm\u00e1rios. Ao tirar item por item de dentro dos nichos e gavetas, voc\u00ea j\u00e1 estar\u00e1 realizando uma revis\u00e3o de todos os seus pertences.\u00a0 Curiosamente, neste momento, perceber\u00e1 que guardou coisas desnecess\u00e1rias. Ent\u00e3o, pode aproveitar a ocasi\u00e3o [&hellip;]<\/p>\n","protected":false},"author":9,"featured_media":16553,"comment_status":"open","ping_status":"open","sticky":false,"template":"","format":"standard","meta":{"extendify_custom_stylesheet":"","_mi_skip_tracking":false,"_monsterinsights_skip_tracking":false,"_monsterinsights_sitenote_active":false,"_monsterinsights_sitenote_note":"","_monsterinsights_sitenote_category":0,"footnotes":""},"categories":[10],"tags":[1048,190,491,414,19,306,84,123,169,122,90,494,129],"class_list":["post-16546","post","type-post","status-publish","format-standard","has-post-thumbnail","hentry","category-dicas","tag-arma","tag-banheiro","tag-caixas-organizadoras","tag-cortinas","tag-cozinha","tag-decoracao","tag-escritorio","tag-espelhos","tag-nichos","tag-organizacao","tag-quarto","tag-sapateira","tag-tapetes"],"yoast_head":"<!-- This site is optimized with the Yoast SEO plugin v24.9 - https:\/\/yoast.com\/wordpress\/plugins\/seo\/ -->\n<title>Mudan\u00e7a de casa: Nossas 7 melhores dicas para se organizar<\/title>\n<meta name=\"description\" content=\"Novos ares s\u00e3o bons, mas mudan\u00e7a de casa muitas vezes pode se tornar uma atividade estressante e cansativa. Nesse texto, damos 7 dicas que ir\u00e3o transformar esse processo em algo mais prazeroso para toda a fam\u00edlia.\" \/>\n<meta name=\"robots\" content=\"index, follow, max-snippet:-1, max-image-preview:large, max-video-preview:-1\" \/>\n<link rel=\"canonical\" href=\"https:\/\/www.mobly.com.br\/blog\/dicas\/mudanca-de-casa\/\" \/>\n<meta property=\"og:locale\" content=\"pt_BR\" \/>\n<meta property=\"og:type\" content=\"article\" \/>\n<meta property=\"og:title\" content=\"Mudan\u00e7a de casa: Nossas 7 melhores dicas para se organizar\" \/>\n<meta property=\"og:description\" content=\"Novos ares s\u00e3o bons, mas mudan\u00e7a de casa muitas vezes pode se tornar uma atividade estressante e cansativa. Nesse texto, damos 7 dicas que ir\u00e3o transformar esse processo em algo mais prazeroso para toda a fam\u00edlia.\" \/>\n<meta property=\"og:url\" content=\"https:\/\/www.mobly.com.br\/blog\/dicas\/mudanca-de-casa\/\" \/>\n<meta property=\"og:site_name\" content=\"Blog da Mobly\" \/>\n<meta property=\"article:published_time\" content=\"2021-04-01T12:00:04+00:00\" \/>\n<meta property=\"og:image\" content=\"https:\/\/blog.mobly.com.br\/wp-content\/uploads\/2021\/03\/8.jpg\" \/>\n\t<meta property=\"og:image:width\" content=\"700\" \/>\n\t<meta property=\"og:image:height\" content=\"443\" \/>\n\t<meta property=\"og:image:type\" content=\"image\/jpeg\" \/>\n<meta name=\"author\" content=\"Viva Decora\" \/>\n<meta name=\"twitter:card\" content=\"summary_large_image\" \/>\n<meta name=\"twitter:label1\" content=\"Escrito por\" \/>\n\t<meta name=\"twitter:data1\" content=\"Viva Decora\" \/>\n\t<meta name=\"twitter:label2\" content=\"Est. tempo de leitura\" \/>\n\t<meta name=\"twitter:data2\" content=\"7 minutos\" \/>\n<script type=\"application\/ld+json\" class=\"yoast-schema-graph\">{\"@context\":\"https:\/\/schema.org\",\"@graph\":[{\"@type\":\"WebPage\",\"@id\":\"https:\/\/www.mobly.com.br\/blog\/dicas\/mudanca-de-casa\/\",\"url\":\"https:\/\/www.mobly.com.br\/blog\/dicas\/mudanca-de-casa\/\",\"name\":\"Mudan\u00e7a de casa: Nossas 7 melhores dicas para se organizar\",\"isPartOf\":{\"@id\":\"https:\/\/www.mobly.com.br\/blog\/#website\"},\"primaryImageOfPage\":{\"@id\":\"https:\/\/www.mobly.com.br\/blog\/dicas\/mudanca-de-casa\/#primaryimage\"},\"image\":{\"@id\":\"https:\/\/www.mobly.com.br\/blog\/dicas\/mudanca-de-casa\/#primaryimage\"},\"thumbnailUrl\":\"https:\/\/www.mobly.com.br\/blog\/wp-content\/uploads\/2021\/03\/8.jpg\",\"datePublished\":\"2021-04-01T12:00:04+00:00\",\"author\":{\"@id\":\"https:\/\/www.mobly.com.br\/blog\/#\/schema\/person\/380e56c588e46bb14f2b2afb4d4ee1cb\"},\"description\":\"Novos ares s\u00e3o bons, mas mudan\u00e7a de casa muitas vezes pode se tornar uma atividade estressante e cansativa. Nesse texto, damos 7 dicas que ir\u00e3o transformar esse processo em algo mais prazeroso para toda a fam\u00edlia.\",\"breadcrumb\":{\"@id\":\"https:\/\/www.mobly.com.br\/blog\/dicas\/mudanca-de-casa\/#breadcrumb\"},\"inLanguage\":\"pt-BR\",\"potentialAction\":[{\"@type\":\"ReadAction\",\"target\":[\"https:\/\/www.mobly.com.br\/blog\/dicas\/mudanca-de-casa\/\"]}]},{\"@type\":\"ImageObject\",\"inLanguage\":\"pt-BR\",\"@id\":\"https:\/\/www.mobly.com.br\/blog\/dicas\/mudanca-de-casa\/#primaryimage\",\"url\":\"https:\/\/www.mobly.com.br\/blog\/wp-content\/uploads\/2021\/03\/8.jpg\",\"contentUrl\":\"https:\/\/www.mobly.com.br\/blog\/wp-content\/uploads\/2021\/03\/8.jpg\",\"width\":\"700\",\"height\":\"443\",\"caption\":\"dicas_de_mudanca_8\"},{\"@type\":\"BreadcrumbList\",\"@id\":\"https:\/\/www.mobly.com.br\/blog\/dicas\/mudanca-de-casa\/#breadcrumb\",\"itemListElement\":[{\"@type\":\"ListItem\",\"position\":1,\"name\":\"Home\",\"item\":\"https:\/\/www.mobly.com.br\/blog\/\"},{\"@type\":\"ListItem\",\"position\":2,\"name\":\"Dicas\",\"item\":\"https:\/\/www.mobly.com.br\/blog\/dicas\/\"},{\"@type\":\"ListItem\",\"position\":3,\"name\":\"Mudan\u00e7a de casa: Nossas 7 melhores dicas para se organizar\"}]},{\"@type\":\"WebSite\",\"@id\":\"https:\/\/www.mobly.com.br\/blog\/#website\",\"url\":\"https:\/\/www.mobly.com.br\/blog\/\",\"name\":\"Blog da Mobly\",\"description\":\"Dicas de Decora\u00e7\u00e3o, Inspira\u00e7\u00f5es e Mais\",\"potentialAction\":[{\"@type\":\"SearchAction\",\"target\":{\"@type\":\"EntryPoint\",\"urlTemplate\":\"https:\/\/www.mobly.com.br\/blog\/?s={search_term_string}\"},\"query-input\":{\"@type\":\"PropertyValueSpecification\",\"valueRequired\":true,\"valueName\":\"search_term_string\"}}],\"inLanguage\":\"pt-BR\"},{\"@type\":\"Person\",\"@id\":\"https:\/\/www.mobly.com.br\/blog\/#\/schema\/person\/380e56c588e46bb14f2b2afb4d4ee1cb\",\"name\":\"Viva Decora\",\"image\":{\"@type\":\"ImageObject\",\"inLanguage\":\"pt-BR\",\"@id\":\"https:\/\/www.mobly.com.br\/blog\/#\/schema\/person\/image\/\",\"url\":\"https:\/\/secure.gravatar.com\/avatar\/737144cce1b354b839d06ce8cb6d90d4?s=96&d=mm&r=g\",\"contentUrl\":\"https:\/\/secure.gravatar.com\/avatar\/737144cce1b354b839d06ce8cb6d90d4?s=96&d=mm&r=g\",\"caption\":\"Viva Decora\"},\"description\":\"O Viva Decora \u00e9 uma plataforma que re\u00fane ideias de decora\u00e7\u00e3o, design de interiores e arquitetura em um s\u00f3 lugar. S\u00e3o milhares de fotos de ambientes projetados por profissionais, para inspirar quem quer criar o lar dos sonhos.\",\"url\":\"https:\/\/www.mobly.com.br\/blog\/author\/viva-decora\/\"}]}<\/script>\n<!-- \/ Yoast SEO plugin. -->","yoast_head_json":{"title":"Mudan\u00e7a de casa: Nossas 7 melhores dicas para se organizar","description":"Novos ares s\u00e3o bons, mas mudan\u00e7a de casa muitas vezes pode se tornar uma atividade estressante e cansativa. Nesse texto, damos 7 dicas que ir\u00e3o transformar esse processo em algo mais prazeroso para toda a fam\u00edlia.","robots":{"index":"index","follow":"follow","max-snippet":"max-snippet:-1","max-image-preview":"max-image-preview:large","max-video-preview":"max-video-preview:-1"},"canonical":"https:\/\/www.mobly.com.br\/blog\/dicas\/mudanca-de-casa\/","og_locale":"pt_BR","og_type":"article","og_title":"Mudan\u00e7a de casa: Nossas 7 melhores dicas para se organizar","og_description":"Novos ares s\u00e3o bons, mas mudan\u00e7a de casa muitas vezes pode se tornar uma atividade estressante e cansativa. Nesse texto, damos 7 dicas que ir\u00e3o transformar esse processo em algo mais prazeroso para toda a fam\u00edlia.","og_url":"https:\/\/www.mobly.com.br\/blog\/dicas\/mudanca-de-casa\/","og_site_name":"Blog da Mobly","article_published_time":"2021-04-01T12:00:04+00:00","og_image":[{"width":700,"height":443,"url":"https:\/\/blog.mobly.com.br\/wp-content\/uploads\/2021\/03\/8.jpg","type":"image\/jpeg"}],"author":"Viva Decora","twitter_card":"summary_large_image","twitter_misc":{"Escrito por":"Viva Decora","Est. tempo de leitura":"7 minutos"},"schema":{"@context":"https:\/\/schema.org","@graph":[{"@type":"WebPage","@id":"https:\/\/www.mobly.com.br\/blog\/dicas\/mudanca-de-casa\/","url":"https:\/\/www.mobly.com.br\/blog\/dicas\/mudanca-de-casa\/","name":"Mudan\u00e7a de casa: Nossas 7 melhores dicas para se organizar","isPartOf":{"@id":"https:\/\/www.mobly.com.br\/blog\/#website"},"primaryImageOfPage":{"@id":"https:\/\/www.mobly.com.br\/blog\/dicas\/mudanca-de-casa\/#primaryimage"},"image":{"@id":"https:\/\/www.mobly.com.br\/blog\/dicas\/mudanca-de-casa\/#primaryimage"},"thumbnailUrl":"https:\/\/www.mobly.com.br\/blog\/wp-content\/uploads\/2021\/03\/8.jpg","datePublished":"2021-04-01T12:00:04+00:00","author":{"@id":"https:\/\/www.mobly.com.br\/blog\/#\/schema\/person\/380e56c588e46bb14f2b2afb4d4ee1cb"},"description":"Novos ares s\u00e3o bons, mas mudan\u00e7a de casa muitas vezes pode se tornar uma atividade estressante e cansativa. Nesse texto, damos 7 dicas que ir\u00e3o transformar esse processo em algo mais prazeroso para toda a fam\u00edlia.","breadcrumb":{"@id":"https:\/\/www.mobly.com.br\/blog\/dicas\/mudanca-de-casa\/#breadcrumb"},"inLanguage":"pt-BR","potentialAction":[{"@type":"ReadAction","target":["https:\/\/www.mobly.com.br\/blog\/dicas\/mudanca-de-casa\/"]}]},{"@type":"ImageObject","inLanguage":"pt-BR","@id":"https:\/\/www.mobly.com.br\/blog\/dicas\/mudanca-de-casa\/#primaryimage","url":"https:\/\/www.mobly.com.br\/blog\/wp-content\/uploads\/2021\/03\/8.jpg","contentUrl":"https:\/\/www.mobly.com.br\/blog\/wp-content\/uploads\/2021\/03\/8.jpg","width":"700","height":"443","caption":"dicas_de_mudanca_8"},{"@type":"BreadcrumbList","@id":"https:\/\/www.mobly.com.br\/blog\/dicas\/mudanca-de-casa\/#breadcrumb","itemListElement":[{"@type":"ListItem","position":1,"name":"Home","item":"https:\/\/www.mobly.com.br\/blog\/"},{"@type":"ListItem","position":2,"name":"Dicas","item":"https:\/\/www.mobly.com.br\/blog\/dicas\/"},{"@type":"ListItem","position":3,"name":"Mudan\u00e7a de casa: Nossas 7 melhores dicas para se organizar"}]},{"@type":"WebSite","@id":"https:\/\/www.mobly.com.br\/blog\/#website","url":"https:\/\/www.mobly.com.br\/blog\/","name":"Blog da Mobly","description":"Dicas de Decora\u00e7\u00e3o, Inspira\u00e7\u00f5es e Mais","potentialAction":[{"@type":"SearchAction","target":{"@type":"EntryPoint","urlTemplate":"https:\/\/www.mobly.com.br\/blog\/?s={search_term_string}"},"query-input":{"@type":"PropertyValueSpecification","valueRequired":true,"valueName":"search_term_string"}}],"inLanguage":"pt-BR"},{"@type":"Person","@id":"https:\/\/www.mobly.com.br\/blog\/#\/schema\/person\/380e56c588e46bb14f2b2afb4d4ee1cb","name":"Viva Decora","image":{"@type":"ImageObject","inLanguage":"pt-BR","@id":"https:\/\/www.mobly.com.br\/blog\/#\/schema\/person\/image\/","url":"https:\/\/secure.gravatar.com\/avatar\/737144cce1b354b839d06ce8cb6d90d4?s=96&d=mm&r=g","contentUrl":"https:\/\/secure.gravatar.com\/avatar\/737144cce1b354b839d06ce8cb6d90d4?s=96&d=mm&r=g","caption":"Viva Decora"},"description":"O Viva Decora \u00e9 uma plataforma que re\u00fane ideias de decora\u00e7\u00e3o, design de interiores e arquitetura em um s\u00f3 lugar. S\u00e3o milhares de fotos de ambientes projetados por profissionais, para inspirar quem quer criar o lar dos sonhos.","url":"https:\/\/www.mobly.com.br\/blog\/author\/viva-decora\/"}]}},"_links":{"self":[{"href":"https:\/\/www.mobly.com.br\/blog\/wp-json\/wp\/v2\/posts\/16546","targetHints":{"allow":["GET"]}}],"collection":[{"href":"https:\/\/www.mobly.com.br\/blog\/wp-json\/wp\/v2\/posts"}],"about":[{"href":"https:\/\/www.mobly.com.br\/blog\/wp-json\/wp\/v2\/types\/post"}],"author":[{"embeddable":true,"href":"https:\/\/www.mobly.com.br\/blog\/wp-json\/wp\/v2\/users\/9"}],"replies":[{"embeddable":true,"href":"https:\/\/www.mobly.com.br\/blog\/wp-json\/wp\/v2\/comments?post=16546"}],"version-history":[{"count":2,"href":"https:\/\/www.mobly.com.br\/blog\/wp-json\/wp\/v2\/posts\/16546\/revisions"}],"predecessor-version":[{"id":16605,"href":"https:\/\/www.mobly.com.br\/blog\/wp-json\/wp\/v2\/posts\/16546\/revisions\/16605"}],"wp:featuredmedia":[{"embeddable":true,"href":"https:\/\/www.mobly.com.br\/blog\/wp-json\/wp\/v2\/media\/16553"}],"wp:attachment":[{"href":"https:\/\/www.mobly.com.br\/blog\/wp-json\/wp\/v2\/media?parent=16546"}],"wp:term":[{"taxonomy":"category","embeddable":true,"href":"https:\/\/www.mobly.com.br\/blog\/wp-json\/wp\/v2\/categories?post=16546"},{"taxonomy":"post_tag","embeddable":true,"href":"https:\/\/www.mobly.com.br\/blog\/wp-json\/wp\/v2\/tags?post=16546"}],"curies":[{"name":"wp","href":"https:\/\/api.w.org\/{rel}","templated":true}]}}