{"id":16464,"date":"2021-04-05T09:00:41","date_gmt":"2021-04-05T12:00:41","guid":{"rendered":"https:\/\/www.mobly.com.br\/blog\/?p=16464"},"modified":"2021-04-14T14:06:44","modified_gmt":"2021-04-14T17:06:44","slug":"japandi","status":"publish","type":"post","link":"https:\/\/www.mobly.com.br\/blog\/inspiracoes\/japandi\/","title":{"rendered":"Japandi: conhe\u00e7a esse estilo de decora\u00e7\u00e3o e inspire-se"},"content":{"rendered":"<div data-pm-slice=\"1 1 []\" data-en-clipboard=\"true\">\n<p data-pm-slice=\"1 1 []\" data-en-clipboard=\"true\"><em>Que tal levar a Decora\u00e7\u00e3o Japandi para dentro de casa? Veja as principais caracter\u00edsticas dessa tend\u00eancia!<\/em><\/p>\n<div data-pm-slice=\"1 1 []\" data-en-clipboard=\"true\"><\/div>\n<\/div>\n<div data-pm-slice=\"1 1 []\" data-en-clipboard=\"true\"><img loading=\"lazy\" decoding=\"async\" class=\"alignnone size-full wp-image-16473\" src=\"https:\/\/blog.mobly.com.br\/wp-content\/uploads\/2021\/03\/decoracao_japandi_dicas_1.jpg\" alt=\"Decora\u00e7\u00e3o Japandi\" width=\"1000\" height=\"666\" srcset=\"https:\/\/www.mobly.com.br\/blog\/wp-content\/uploads\/2021\/03\/decoracao_japandi_dicas_1.jpg 1000w, https:\/\/www.mobly.com.br\/blog\/wp-content\/uploads\/2021\/03\/decoracao_japandi_dicas_1-300x200.jpg 300w, https:\/\/www.mobly.com.br\/blog\/wp-content\/uploads\/2021\/03\/decoracao_japandi_dicas_1-768x511.jpg 768w\" sizes=\"auto, (max-width: 1000px) 100vw, 1000px\" \/><\/div>\n<div><\/div>\n<div>\n<p>O <strong>universo da <a href=\"https:\/\/www.mobly.com.br\/blog\/inspiracoes\/decoracao-quarto-casal\/\" target=\"_blank\" rel=\"noopener\">decora\u00e7\u00e3o<\/a><\/strong> \u00e9 movido por constantes mudan\u00e7as. A cada momento, uma cor, um desenho ou um estilo est\u00e3o em alta e ganhando diferentes ambientes, seja de resid\u00eancias, com\u00e9rcios ou espa\u00e7os profissionais.<\/p>\n<p>&nbsp;<\/p>\n<p>Com a nova realidade mundial, em que <strong>ficar em casa se tornou extremamente necess\u00e1rio<\/strong>, a <strong>Decora\u00e7\u00e3o Japandi<\/strong> ganhou for\u00e7a, uma vez que ela agrega elementos que <strong>prezam pelo <a href=\"https:\/\/www.mobly.com.br\/blog\/dicas\/dicas-sobre-como-organizar-a-casa\/\" target=\"_blank\" rel=\"noopener\">simples e pelo bem-estar<\/a><\/strong>. E quem n\u00e3o quer algo assim no pr\u00f3prio lar, n\u00e3o \u00e9 mesmo?<\/p>\n<\/div>\n<p>&nbsp;<\/p>\n<div><img loading=\"lazy\" decoding=\"async\" class=\"alignnone size-full wp-image-16474\" src=\"https:\/\/blog.mobly.com.br\/wp-content\/uploads\/2021\/03\/decoracao_japandi_dicas_2.jpg\" alt=\"Decora\u00e7\u00e3o Japandi\" width=\"1000\" height=\"525\" srcset=\"https:\/\/www.mobly.com.br\/blog\/wp-content\/uploads\/2021\/03\/decoracao_japandi_dicas_2.jpg 1000w, https:\/\/www.mobly.com.br\/blog\/wp-content\/uploads\/2021\/03\/decoracao_japandi_dicas_2-300x158.jpg 300w, https:\/\/www.mobly.com.br\/blog\/wp-content\/uploads\/2021\/03\/decoracao_japandi_dicas_2-768x403.jpg 768w\" sizes=\"auto, (max-width: 1000px) 100vw, 1000px\" \/><\/div>\n<div><\/div>\n<p>Por isso, o nosso post hoje falar um pouco mais sobre essa tend\u00eancia e, claro, como voc\u00ea pode lev\u00e1-la para dentro do seu<em> lar-style<\/em> brasileiro. Bora conferir?<\/p>\n<p><strong>Saiba mais:<\/strong>\u00a0<a href=\"https:\/\/www.mobly.com.br\/blog\/inspiracoes\/cores-do-outono\/\" target=\"_blank\" rel=\"noopener\">Cores do Outono 2021: confira ambientes decorados<\/a><\/p>\n<div>\n<h2>O que \u00e9 a Decora\u00e7\u00e3o Japandi?<\/h2>\n<p><img loading=\"lazy\" decoding=\"async\" class=\"alignnone size-full wp-image-16475\" src=\"https:\/\/blog.mobly.com.br\/wp-content\/uploads\/2021\/03\/japandi_significado_1.jpg\" alt=\"Japandi Significado\" width=\"1000\" height=\"561\" srcset=\"https:\/\/www.mobly.com.br\/blog\/wp-content\/uploads\/2021\/03\/japandi_significado_1.jpg 1000w, https:\/\/www.mobly.com.br\/blog\/wp-content\/uploads\/2021\/03\/japandi_significado_1-300x168.jpg 300w, https:\/\/www.mobly.com.br\/blog\/wp-content\/uploads\/2021\/03\/japandi_significado_1-768x431.jpg 768w\" sizes=\"auto, (max-width: 1000px) 100vw, 1000px\" \/><\/p>\n<p><strong>Japandi<\/strong> \u00e9 um estilo que vem ganhando for\u00e7a nas decora\u00e7\u00f5es mundo a fora e \u00e9 a uni\u00e3o das palavras <em>Japan<\/em> (Jap\u00e3o em ingl\u00eas) e <strong>Scandi<\/strong>. Ela nasceu de dois conceitos muito fortes dentro dessas vertentes, que s\u00e3o <em>Wabi-sabi<\/em> e <em>Hygge<\/em>.<\/p>\n<p><img loading=\"lazy\" decoding=\"async\" class=\"alignnone size-full wp-image-16476\" src=\"https:\/\/blog.mobly.com.br\/wp-content\/uploads\/2021\/03\/japandi_significado_2.jpg\" alt=\"Japandi Significado\" width=\"1000\" height=\"525\" srcset=\"https:\/\/www.mobly.com.br\/blog\/wp-content\/uploads\/2021\/03\/japandi_significado_2.jpg 1000w, https:\/\/www.mobly.com.br\/blog\/wp-content\/uploads\/2021\/03\/japandi_significado_2-300x158.jpg 300w, https:\/\/www.mobly.com.br\/blog\/wp-content\/uploads\/2021\/03\/japandi_significado_2-768x403.jpg 768w\" sizes=\"auto, (max-width: 1000px) 100vw, 1000px\" \/><\/p>\n<p>O <em>Wabi-sabi<\/em> \u00e9 uma <strong>vis\u00e3o presente na cultura japonesa<\/strong> que deixa o perfeito de lado e <strong>procura destacar a beleza naquilo que est\u00e1 fora dos padr\u00f5es<\/strong>, que n\u00e3o \u00e9 considerado perfeito ou completo. J\u00e1 <em>Hygge<\/em>, que pode ser traduzida em &#8220;divers\u00e3o&#8221;, \u00e9 uma <strong>vis\u00e3o n\u00f3rdica de prezar pelo conforto e bem-estar<\/strong> em nossas vidas.<\/p>\n<div id=\"metaslider-id-16496\" style=\"max-width: 240px; margin: 0 auto;\" class=\"ml-slider-3-27-0 metaslider metaslider-coin metaslider-16496 ml-slider slider-sku-padrao ml-slider-lightbox-1-12-0 lightbox-disabled\">\n    <div id=\"metaslider_container_16496\">\n        <div id='metaslider_16496' class='coin-slider'>\n<a href=\"javascript:void(0)\" target=\"_self\"><img loading=\"lazy\" decoding=\"async\" src=\"https:\/\/www.mobly.com.br\/blog\/wp-content\/uploads\/2021\/03\/Arte-Fibra-Bandeja-Artesanal-CafC3A9-ChC3A1-Fibra-SintC3A9tica-tipo-Junco-2F-Vime-2F-Rattan-31x8x26-cm-9289-654913-1-240x240.jpg\" height=\"240\" width=\"240\" alt=\"\" class=\"slider-16496 slide-16505\" title=\"Arte-Fibra-Bandeja-Artesanal-CafC3A9-ChC3A1-Fibra-SintC3A9tica-tipo-Junco-2F-Vime-2F-Rattan-31x8x26-cm-9289-654913-1\" style=\"display: none;\" \/><\/a>\n<a href=\"javascript:void(0)\" target=\"_self\"><img loading=\"lazy\" decoding=\"async\" src=\"https:\/\/www.mobly.com.br\/blog\/wp-content\/uploads\/2021\/03\/Mobly-Mesa-de-Jantar-Retangular-Elis-AvelC3A3-158-cm-4030-892946-1-240x240.jpg\" height=\"240\" width=\"240\" alt=\"\" class=\"slider-16496 slide-16503\" title=\"Mobly-Mesa-de-Jantar-Retangular-Elis-AvelC3A3-158-cm-4030-892946-1\" style=\"display: none;\" \/><\/a>\n<a href=\"javascript:void(0)\" target=\"_self\"><img loading=\"lazy\" decoding=\"async\" src=\"https:\/\/www.mobly.com.br\/blog\/wp-content\/uploads\/2021\/03\/Mobly-Sapateira-GC3A1spea-2-PT-Branca-e-Castanho-7337-454067-1-240x240.jpg\" height=\"240\" width=\"240\" alt=\"\" class=\"slider-16496 slide-16504\" title=\"Mobly-Sapateira-GC3A1spea-2-PT-Branca-e-Castanho-7337-454067-1\" style=\"display: none;\" \/><\/a>\n<a href=\"javascript:void(0)\" target=\"_self\"><img loading=\"lazy\" decoding=\"async\" src=\"https:\/\/www.mobly.com.br\/blog\/wp-content\/uploads\/2021\/03\/Mobly-Banco-de-Jantar-2-Lugares-Veld-AvelC3A3-e-Bege-100-cm-3793-985616-1-240x240.jpg\" height=\"240\" width=\"240\" alt=\"\" class=\"slider-16496 slide-16507\" title=\"Mobly-Banco-de-Jantar-2-Lugares-Veld-AvelC3A3-e-Bege-100-cm-3793-985616-1\" style=\"display: none;\" \/><\/a>\n<a href=\"javascript:void(0)\" target=\"_self\"><img loading=\"lazy\" decoding=\"async\" src=\"https:\/\/www.mobly.com.br\/blog\/wp-content\/uploads\/2021\/03\/Arte-Fibra-CC3B4moda-2F-Gaveteiro-Artesanal-com-03-Gavetas-em-Fibra-Sintetica-tipo-Junco-2F-Vime-2F-Rattan-26x66x28-cm-6769-258423-1-240x240.jpg\" height=\"240\" width=\"240\" alt=\"\" class=\"slider-16496 slide-16506\" title=\"Arte-Fibra-CC3B4moda-2F-Gaveteiro-Artesanal-com-03-Gavetas-em-Fibra-Sintetica-tipo-Junco-2F-Vime-2F-Rattan-26x66x28-cm-6769-258423-1\" style=\"display: none;\" \/><\/a>\n        <\/div>\n        \n    <\/div>\n<\/div>\n<h2>Fus\u00e3o de estilos<\/h2>\n<p><img loading=\"lazy\" decoding=\"async\" class=\"alignnone size-full wp-image-16477\" src=\"https:\/\/blog.mobly.com.br\/wp-content\/uploads\/2021\/03\/japandi_fusao_de_estilos_1.jpg\" alt=\"Japandi - Fus\u00e3o de estilos\" width=\"1000\" height=\"667\" srcset=\"https:\/\/www.mobly.com.br\/blog\/wp-content\/uploads\/2021\/03\/japandi_fusao_de_estilos_1.jpg 1000w, https:\/\/www.mobly.com.br\/blog\/wp-content\/uploads\/2021\/03\/japandi_fusao_de_estilos_1-300x200.jpg 300w, https:\/\/www.mobly.com.br\/blog\/wp-content\/uploads\/2021\/03\/japandi_fusao_de_estilos_1-768x512.jpg 768w\" sizes=\"auto, (max-width: 1000px) 100vw, 1000px\" \/><\/p>\n<p>A <strong>Decora\u00e7\u00e3o Japandi<\/strong>, ent\u00e3o, nada mais \u00e9 do que essa uni\u00e3o de estilo aplicadas a partir dos conceitos citados acima.<\/p>\n<p>Na <strong>decora\u00e7\u00e3o japonesa<\/strong>, por exemplo, \u00e9 poss\u00edvel observar <strong>m\u00f3veis pr\u00e1ticos, simples e beirando ao <a href=\"https:\/\/www.mobly.com.br\/blog\/inspiracoes\/exemplos-decoracao-minimalista\/\" target=\"_blank\" rel=\"noopener\">minimalismo<\/a><\/strong>. Ele n\u00e3o est\u00e1 ali apenas pelo senso est\u00e9tico, mas pela <a href=\"https:\/\/www.mobly.com.br\/blog\/exclusivos\/moveis-versateis-ambientes-diferentes\/\" target=\"_blank\" rel=\"noopener\">funcionalidade<\/a>.<\/p>\n<p><img loading=\"lazy\" decoding=\"async\" class=\"alignnone size-full wp-image-16478\" src=\"https:\/\/blog.mobly.com.br\/wp-content\/uploads\/2021\/03\/japandi_fusao_de_estilos_2.jpg\" alt=\"Japandi - fus\u00e3o de estilos\" width=\"1000\" height=\"525\" srcset=\"https:\/\/www.mobly.com.br\/blog\/wp-content\/uploads\/2021\/03\/japandi_fusao_de_estilos_2.jpg 1000w, https:\/\/www.mobly.com.br\/blog\/wp-content\/uploads\/2021\/03\/japandi_fusao_de_estilos_2-300x158.jpg 300w, https:\/\/www.mobly.com.br\/blog\/wp-content\/uploads\/2021\/03\/japandi_fusao_de_estilos_2-768x403.jpg 768w\" sizes=\"auto, (max-width: 1000px) 100vw, 1000px\" \/><\/p>\n<p>Essas caracter\u00edsticas tamb\u00e9m est\u00e3o presentes no <strong>estilo scandi<\/strong>, ou Escandinavo como \u00e9 conhecido. Aqui, quem ganha a vez s\u00e3o os <strong>elementos org\u00e2nicos<\/strong> tamb\u00e9m de<strong> formas mais b\u00e1sicas e com poucos detalhes<\/strong>.<\/p>\n<p>De fato, \u00e9 como se ambos se complementassem com suas<strong><a href=\"https:\/\/www.mobly.com.br\/blog\/inspiracoes\/cores-do-outono\/\" target=\"_blank\" rel=\"noopener\"> cores<\/a>, materiais e naturalidade<\/strong>, resultando em um ambiente fresco, sereno e receptivo.<\/p>\n<div id=\"metaslider-id-16508\" style=\"max-width: 240px; margin: 0 auto;\" class=\"ml-slider-3-27-0 metaslider metaslider-coin metaslider-16508 ml-slider slider-sku-padrao ml-slider-lightbox-1-12-0 lightbox-disabled\">\n    <div id=\"metaslider_container_16508\">\n        <div id='metaslider_16508' class='coin-slider'>\n<a href=\"javascript:void(0)\" target=\"_self\"><img loading=\"lazy\" decoding=\"async\" src=\"https:\/\/www.mobly.com.br\/blog\/wp-content\/uploads\/2021\/03\/MID-Cachepot-Descolado-Alto-Preto-7261-234446-1-240x240.jpg\" height=\"240\" width=\"240\" alt=\"\" class=\"slider-16508 slide-16517\" title=\"MID-Cachepot-Descolado-Alto---Preto-7261-234446-1\" style=\"display: none;\" \/><\/a>\n<a href=\"javascript:void(0)\" target=\"_self\"><img loading=\"lazy\" decoding=\"async\" src=\"https:\/\/www.mobly.com.br\/blog\/wp-content\/uploads\/2021\/03\/Mobly-Banco-para-Sala-de-Jantar-Ella-Castanho-e-Preto-1710-843267-1-1-240x240.jpg\" height=\"240\" width=\"240\" alt=\"\" class=\"slider-16508 slide-16518\" title=\"Mobly-Banco-para-Sala-de-Jantar-Ella-Castanho-e-Preto-1710-843267-1\" style=\"display: none;\" \/><\/a>\n<a href=\"javascript:void(0)\" target=\"_self\"><img loading=\"lazy\" decoding=\"async\" src=\"https:\/\/www.mobly.com.br\/blog\/wp-content\/uploads\/2021\/03\/Arte-Fibra-BaC3BA-2F-CalC3A7adeira-Estofado-em-Fibra-SintC3A9tica-tipo-Junco-2F-Vime-2F-Rattan-70x44x40cm-8459-173123-1-240x240.jpg\" height=\"240\" width=\"240\" alt=\"\" class=\"slider-16508 slide-16516\" title=\"Arte-Fibra-BaC3BA-2F-CalC3A7adeira-Estofado-em-Fibra-SintC3A9tica-tipo-Junco-2F-Vime-2F-Rattan-70x44x40cm-8459-173123-1\" style=\"display: none;\" \/><\/a>\n<a href=\"javascript:void(0)\" target=\"_self\"><img loading=\"lazy\" decoding=\"async\" src=\"https:\/\/www.mobly.com.br\/blog\/wp-content\/uploads\/2021\/03\/Mobly-Mesa-de-Cabeceira-Woof-para-Pet-1-GV-Branca-6014-305377-1-240x240.jpg\" height=\"240\" width=\"240\" alt=\"\" class=\"slider-16508 slide-16515\" title=\"Mobly-Mesa-de-Cabeceira-Woof-para-Pet-1-GV-Branca-6014-305377-1\" style=\"display: none;\" \/><\/a>\n<a href=\"javascript:void(0)\" target=\"_self\"><img loading=\"lazy\" decoding=\"async\" src=\"https:\/\/www.mobly.com.br\/blog\/wp-content\/uploads\/2021\/03\/Mobly-Estante-Prosa-I-Branca-2226-821066-1-240x240.jpg\" height=\"240\" width=\"240\" alt=\"\" class=\"slider-16508 slide-16519\" title=\"Mobly-Estante-Prosa-I-Branca-2226-821066-1\" style=\"display: none;\" \/><\/a>\n        <\/div>\n        \n    <\/div>\n<\/div>\n<h2>Uma extens\u00e3o do natural<\/h2>\n<p><img loading=\"lazy\" decoding=\"async\" class=\"alignnone size-full wp-image-16479\" src=\"https:\/\/blog.mobly.com.br\/wp-content\/uploads\/2021\/03\/japandi_extensao_natural_1.jpg\" alt=\"Japandi - Extens\u00e3o do natural\" width=\"1000\" height=\"820\" srcset=\"https:\/\/www.mobly.com.br\/blog\/wp-content\/uploads\/2021\/03\/japandi_extensao_natural_1.jpg 1000w, https:\/\/www.mobly.com.br\/blog\/wp-content\/uploads\/2021\/03\/japandi_extensao_natural_1-300x246.jpg 300w, https:\/\/www.mobly.com.br\/blog\/wp-content\/uploads\/2021\/03\/japandi_extensao_natural_1-768x630.jpg 768w\" sizes=\"auto, (max-width: 1000px) 100vw, 1000px\" \/><\/p>\n<p>Tanto os japoneses quanto os escandinavos <strong>buscam\u00a0 inspira\u00e7\u00e3o na natureza<\/strong>. Pedra, madeiras, bambu, algod\u00e3o, vime, cer\u00e2micas e at\u00e9 o metal se transformam na decora\u00e7\u00e3o e <strong>podem compor m\u00f3veis ou enfeites<\/strong>.<\/p>\n<p>Mas n\u00e3o pense que isso se resume a um ou outro, viu? Pelo contr\u00e1rio, a m\u00e1gica acontece quando tudo isso a\u00ed consegue <strong>se misturar de forma harmoniosa<\/strong>.<\/p>\n<p><img loading=\"lazy\" decoding=\"async\" class=\"alignnone size-full wp-image-16480\" src=\"https:\/\/blog.mobly.com.br\/wp-content\/uploads\/2021\/03\/japandi_extensao_natural_2.jpg\" alt=\"Japandi - Extens\u00e3o do natural\" width=\"1000\" height=\"525\" srcset=\"https:\/\/www.mobly.com.br\/blog\/wp-content\/uploads\/2021\/03\/japandi_extensao_natural_2.jpg 1000w, https:\/\/www.mobly.com.br\/blog\/wp-content\/uploads\/2021\/03\/japandi_extensao_natural_2-300x158.jpg 300w, https:\/\/www.mobly.com.br\/blog\/wp-content\/uploads\/2021\/03\/japandi_extensao_natural_2-768x403.jpg 768w\" sizes=\"auto, (max-width: 1000px) 100vw, 1000px\" \/><\/p>\n<p>Ah, e quando falamos em <strong>elementos naturais<\/strong>, \u00e9 legal lembrar que eles n\u00e3o precisam estar na sua forma mais perfeita, afinal,<strong> a interfer\u00eancia do tempo e o desgaste que faz parte do processo<\/strong> s\u00e3o elementos fortes na <strong>Decora\u00e7\u00e3o Japandi<\/strong>.<\/p>\n<div id=\"metaslider-id-16520\" style=\"max-width: 240px; margin: 0 auto;\" class=\"ml-slider-3-27-0 metaslider metaslider-coin metaslider-16520 ml-slider slider-sku-padrao ml-slider-lightbox-1-12-0 lightbox-disabled\">\n    <div id=\"metaslider_container_16520\">\n        <div id='metaslider_16520' class='coin-slider'>\n<a href=\"javascript:void(0)\" target=\"_self\"><img loading=\"lazy\" decoding=\"async\" src=\"https:\/\/www.mobly.com.br\/blog\/wp-content\/uploads\/2021\/03\/Arte-Fibra-BaC3BA-Costura-Artesanal-Fibra-SintC3A9tica-tipo-Junco-2F-Vime-2F-Rattan-39x24x26-cm-8660-693123-1-240x240.jpg\" height=\"240\" width=\"240\" alt=\"\" class=\"slider-16520 slide-16528\" title=\"Arte-Fibra-BaC3BA-Costura-Artesanal-Fibra-SintC3A9tica-tipo-Junco-2F-Vime-2F-Rattan-39x24x26-cm-8660-693123-1\" style=\"display: none;\" \/><\/a>\n<a href=\"javascript:void(0)\" target=\"_self\"><img loading=\"lazy\" decoding=\"async\" src=\"https:\/\/www.mobly.com.br\/blog\/wp-content\/uploads\/2021\/03\/Mobly-Banco-com-Sapateira-Skor-Off-White-e-AmC3AAndoa-1539-252917-1-1-240x240.jpg\" height=\"240\" width=\"240\" alt=\"\" class=\"slider-16520 slide-16530\" title=\"Mobly-Banco-com-Sapateira-Skor-Off-White-e-AmC3AAndoa-1539-252917-1\" style=\"display: none;\" \/><\/a>\n<a href=\"javascript:void(0)\" target=\"_self\"><img loading=\"lazy\" decoding=\"async\" src=\"https:\/\/www.mobly.com.br\/blog\/wp-content\/uploads\/2021\/03\/Mobly-Cadeira-de-Jantar-Veld-AvelC3A3-e-Bege-5182-195616-1-240x240.jpg\" height=\"240\" width=\"240\" alt=\"\" class=\"slider-16520 slide-16531\" title=\"Mobly-Cadeira-de-Jantar-Veld-AvelC3A3-e-Bege-5182-195616-1\" style=\"display: none;\" \/><\/a>\n<a href=\"javascript:void(0)\" target=\"_self\"><img loading=\"lazy\" decoding=\"async\" src=\"https:\/\/www.mobly.com.br\/blog\/wp-content\/uploads\/2021\/03\/Mobly-Mesa-Lateral-Lily-Branca-e-Castanho-5379-276065-1-240x240.jpg\" height=\"240\" width=\"240\" alt=\"\" class=\"slider-16520 slide-16527\" title=\"Mobly-Mesa-Lateral-Lily-Branca-e-Castanho-5379-276065-1\" style=\"display: none;\" \/><\/a>\n<a href=\"javascript:void(0)\" target=\"_self\"><img loading=\"lazy\" decoding=\"async\" src=\"https:\/\/www.mobly.com.br\/blog\/wp-content\/uploads\/2021\/03\/Mobly-Aparador-Milu-para-Pet-Branco-e-AvelC3A3-5549-748076-1-1-240x240.jpg\" height=\"240\" width=\"240\" alt=\"\" class=\"slider-16520 slide-16529\" title=\"Mobly-Aparador-Milu-para-Pet-Branco-e-AvelC3A3-5549-748076-1\" style=\"display: none;\" \/><\/a>\n        <\/div>\n        \n    <\/div>\n<\/div>\n<h2>Tranquilidade nas cores<\/h2>\n<p><img loading=\"lazy\" decoding=\"async\" class=\"alignnone size-full wp-image-16481\" src=\"https:\/\/blog.mobly.com.br\/wp-content\/uploads\/2021\/03\/japandi_cores_1.jpg\" alt=\"Japandi - cores\" width=\"1000\" height=\"666\" srcset=\"https:\/\/www.mobly.com.br\/blog\/wp-content\/uploads\/2021\/03\/japandi_cores_1.jpg 1000w, https:\/\/www.mobly.com.br\/blog\/wp-content\/uploads\/2021\/03\/japandi_cores_1-300x200.jpg 300w, https:\/\/www.mobly.com.br\/blog\/wp-content\/uploads\/2021\/03\/japandi_cores_1-768x511.jpg 768w\" sizes=\"auto, (max-width: 1000px) 100vw, 1000px\" \/><\/p>\n<p>Claro que n\u00e3o poder\u00edamos deixar de fora esse t\u00f3pico importante n\u00e3o s\u00f3 na <strong>Decora\u00e7\u00e3o Japandi<\/strong>, mas em qualquer outra! <strong>As cores tamb\u00e9m s\u00e3o fundamentais para ditar o estilo que quer dar no seu <a href=\"https:\/\/www.mobly.com.br\/blog\/inspiracoes\/sala-de-jantar-inspiracao-exemplos\/\" target=\"_blank\" rel=\"noopener\">ambiente<\/a><\/strong>.<\/p>\n<p><img loading=\"lazy\" decoding=\"async\" class=\"alignnone size-full wp-image-16482\" src=\"https:\/\/blog.mobly.com.br\/wp-content\/uploads\/2021\/03\/japandi_cores_2.jpg\" alt=\"Japandi - cores\" width=\"1000\" height=\"525\" srcset=\"https:\/\/www.mobly.com.br\/blog\/wp-content\/uploads\/2021\/03\/japandi_cores_2.jpg 1000w, https:\/\/www.mobly.com.br\/blog\/wp-content\/uploads\/2021\/03\/japandi_cores_2-300x158.jpg 300w, https:\/\/www.mobly.com.br\/blog\/wp-content\/uploads\/2021\/03\/japandi_cores_2-768x403.jpg 768w\" sizes=\"auto, (max-width: 1000px) 100vw, 1000px\" \/><\/p>\n<p>O que vemos ganhando destaque s\u00e3o os <strong>tons mais suaves, claros e neutros<\/strong>, que s\u00e3o bem comuns na <strong>Decora\u00e7\u00e3o Scandi<\/strong>. Ent\u00e3o, a dica \u00e9 apostar no tons pastel somados ao branco e \u00e0s tonalidades dos materiais naturais como ocre, castanho, verde e amadeirado.<\/p>\n<div id=\"metaslider-id-16532\" style=\"max-width: 240px; margin: 0 auto;\" class=\"ml-slider-3-27-0 metaslider metaslider-coin metaslider-16532 ml-slider slider-sku-padrao ml-slider-lightbox-1-12-0 lightbox-disabled\">\n    <div id=\"metaslider_container_16532\">\n        <div id='metaslider_16532' class='coin-slider'>\n<a href=\"javascript:void(0)\" target=\"_self\"><img loading=\"lazy\" decoding=\"async\" src=\"https:\/\/www.mobly.com.br\/blog\/wp-content\/uploads\/2021\/03\/Mobly-Buffet-Veld-2-PT-AvelC3A3-e-Off-White-4384-053476-1-240x240.jpg\" height=\"240\" width=\"240\" alt=\"\" class=\"slider-16532 slide-16542\" title=\"Mobly-Buffet-Veld-2-PT-AvelC3A3-e-Off-White-4384-053476-1\" style=\"display: none;\" \/><\/a>\n<a href=\"javascript:void(0)\" target=\"_self\"><img loading=\"lazy\" decoding=\"async\" src=\"https:\/\/www.mobly.com.br\/blog\/wp-content\/uploads\/2021\/03\/MC3B3veis-Bechara-Conjunto-para-Banheiro-Siena-Branco-e-Marrom-1545-951167-1-240x240.jpg\" height=\"240\" width=\"240\" alt=\"\" class=\"slider-16532 slide-16565\" title=\"MC3B3veis-Bechara-Conjunto-para-Banheiro-Siena-Branco-e-Marrom-1545-951167-1\" style=\"display: none;\" \/><\/a>\n<a href=\"javascript:void(0)\" target=\"_self\"><img loading=\"lazy\" decoding=\"async\" src=\"https:\/\/www.mobly.com.br\/blog\/wp-content\/uploads\/2021\/03\/Mobly-Banco-de-Jantar-com-2-Lugares-Elis-AvelC3A3-e-Bege-109-cm-4384-626467-1-240x240.jpg\" height=\"240\" width=\"240\" alt=\"\" class=\"slider-16532 slide-16541\" title=\"Mobly-Banco-de-Jantar-com-2-Lugares-Elis-AvelC3A3-e-Bege-109-cm-4384-626467-1\" style=\"display: none;\" \/><\/a>\n<a href=\"javascript:void(0)\" target=\"_self\"><img loading=\"lazy\" decoding=\"async\" src=\"https:\/\/www.mobly.com.br\/blog\/wp-content\/uploads\/2021\/03\/Mobly-Estante-Kindon-Off-White-e-Marrom-3289-842856-1-240x240.jpg\" height=\"240\" width=\"240\" alt=\"\" class=\"slider-16532 slide-16543\" title=\"Mobly-Estante-Kindon-Off-White-e-Marrom-3289-842856-1\" style=\"display: none;\" \/><\/a>\n<a href=\"javascript:void(0)\" target=\"_self\"><img loading=\"lazy\" decoding=\"async\" src=\"https:\/\/www.mobly.com.br\/blog\/wp-content\/uploads\/2021\/03\/Inducol-ColchC3A3o-Solteiro-Albany-Molas-Ensacadas-2829x88x18829-Marrom-e-Branco-7371-615695-1-240x240.jpg\" height=\"240\" width=\"240\" alt=\"\" class=\"slider-16532 slide-16564\" title=\"Inducol-ColchC3A3o-Solteiro-Albany-Molas-Ensacadas-2829x88x18829-Marrom-e-Branco-7371-615695-1\" style=\"display: none;\" \/><\/a>\n<a href=\"javascript:void(0)\" target=\"_self\"><img loading=\"lazy\" decoding=\"async\" src=\"https:\/\/www.mobly.com.br\/blog\/wp-content\/uploads\/2021\/03\/Mobly-SofC3A1-Cama-3-Lugares-Casal-Premium-Suede-Cinza-9969-770002-1-240x240.jpg\" height=\"240\" width=\"240\" alt=\"\" class=\"slider-16532 slide-16566\" title=\"Mobly-SofC3A1-Cama-3-Lugares-Casal-Premium-Suede-Cinza-9969-770002-1\" style=\"display: none;\" \/><\/a>\n<a href=\"javascript:void(0)\" target=\"_self\"><img loading=\"lazy\" decoding=\"async\" src=\"https:\/\/www.mobly.com.br\/blog\/wp-content\/uploads\/2021\/03\/Stay-Puff-Puff-Pastilha-CrochC3AA-Cinza-1184-691254-1-zoom-240x240.jpg\" height=\"240\" width=\"240\" alt=\"\" class=\"slider-16532 slide-16539\" title=\"Stay-Puff-Puff-Pastilha-CrochC3AA-Cinza-1184-691254-1-zoom\" style=\"display: none;\" \/><\/a>\n<a href=\"javascript:void(0)\" target=\"_self\"><img loading=\"lazy\" decoding=\"async\" src=\"https:\/\/www.mobly.com.br\/blog\/wp-content\/uploads\/2021\/03\/Moval-ArmC3A1rio-Multiuso-C38Dris-2-PT-Branco-7925-107276-1-240x240.jpg\" height=\"240\" width=\"240\" alt=\"\" class=\"slider-16532 slide-16567\" title=\"Moval-ArmC3A1rio-Multiuso-C38Dris-2-PT-Branco-7925-107276-1\" style=\"display: none;\" \/><\/a>\n<a href=\"javascript:void(0)\" target=\"_self\"><img loading=\"lazy\" decoding=\"async\" src=\"https:\/\/www.mobly.com.br\/blog\/wp-content\/uploads\/2021\/03\/Flor-arte-Vaso-em-CerC3A2mica-Bege-9-cm-D27Rossi-7072-246707-1-240x240.jpg\" height=\"240\" width=\"240\" alt=\"\" class=\"slider-16532 slide-16540\" title=\"Flor-arte-Vaso-em-CerC3A2mica-Bege-9-cm---D27Rossi-7072-246707-1\" style=\"display: none;\" \/><\/a>\n<a href=\"javascript:void(0)\" target=\"_self\"><img loading=\"lazy\" decoding=\"async\" src=\"https:\/\/www.mobly.com.br\/blog\/wp-content\/uploads\/2021\/03\/WyzeCam-Wyze-Cam-V2-CC3A2mera-domC3A9stica-inteligente-interna-Wyze-Labs-HD-1080p-com-visC3A3o-noturna-8780-225847-1-240x240.jpg\" height=\"240\" width=\"240\" alt=\"\" class=\"slider-16532 slide-16568\" title=\"WyzeCam-Wyze-Cam-V2-CC3A2mera-domC3A9stica-inteligente-interna-Wyze-Labs-HD-1080p-com-visC3A3o-noturna-8780-225847-1\" style=\"display: none;\" \/><\/a>\n        <\/div>\n        \n    <\/div>\n<\/div>\n<h2>Como aplicar a Decora\u00e7\u00e3o Japandi<\/h2>\n<p><img loading=\"lazy\" decoding=\"async\" class=\"alignnone size-full wp-image-16483\" src=\"https:\/\/blog.mobly.com.br\/wp-content\/uploads\/2021\/03\/japandi_como_aplicar_1.jpg\" alt=\"Japandi - como aplicar\" width=\"1000\" height=\"618\" srcset=\"https:\/\/www.mobly.com.br\/blog\/wp-content\/uploads\/2021\/03\/japandi_como_aplicar_1.jpg 1000w, https:\/\/www.mobly.com.br\/blog\/wp-content\/uploads\/2021\/03\/japandi_como_aplicar_1-300x185.jpg 300w, https:\/\/www.mobly.com.br\/blog\/wp-content\/uploads\/2021\/03\/japandi_como_aplicar_1-768x475.jpg 768w\" sizes=\"auto, (max-width: 1000px) 100vw, 1000px\" \/><\/p>\n<p>Voc\u00ea n\u00e3o precisa fazer uma grande reforma na sua casa, trocar todos os m\u00f3veis e cores para se inspirar no estilo. O principal ensinamento da <strong>Decora\u00e7\u00e3o Japandi<\/strong> \u00e9 transformar o seu lar no lugar <strong>mais agrad\u00e1vel poss\u00edvel<\/strong>.<\/p>\n<p>Os elementos e cores v\u00e3o, sim, <strong>influenciar na sensa\u00e7\u00e3o que voc\u00ea tem dentro de um <a href=\"https:\/\/www.mobly.com.br\/blog\/inspiracoes\/cozinhas-para-se-inspirar\/\" target=\"_blank\" rel=\"noopener\">ambiente<\/a><\/strong>, mas, mais do que isso, tamb\u00e9m \u00e9 preciso se sentir bem-vindo ali.<\/p>\n<p><img loading=\"lazy\" decoding=\"async\" class=\"alignnone size-full wp-image-16484\" src=\"https:\/\/blog.mobly.com.br\/wp-content\/uploads\/2021\/03\/japandi_como_aplicar_2.jpg\" alt=\"Japandi - como aplicar\" width=\"1000\" height=\"525\" srcset=\"https:\/\/www.mobly.com.br\/blog\/wp-content\/uploads\/2021\/03\/japandi_como_aplicar_2.jpg 1000w, https:\/\/www.mobly.com.br\/blog\/wp-content\/uploads\/2021\/03\/japandi_como_aplicar_2-300x158.jpg 300w, https:\/\/www.mobly.com.br\/blog\/wp-content\/uploads\/2021\/03\/japandi_como_aplicar_2-768x403.jpg 768w\" sizes=\"auto, (max-width: 1000px) 100vw, 1000px\" \/><\/p>\n<p>Aqui no post deixamos para diversos itens que v\u00e3o ajudar a dar o pontap\u00e9 inicial nessa miss\u00e3o.\u00a0Ent\u00e3o, comece aos poucos, invista no que faz sentido para a sua rotina e para a sua realidade!<\/p>\n<p>Gostou de conhecer um pouco mais sobre a <strong>Decora\u00e7\u00e3o Japandi<\/strong>? Ent\u00e3o, confira algumas inspira\u00e7\u00f5es para aplicar o conceito em casa.<\/p>\n<p><img loading=\"lazy\" decoding=\"async\" class=\"alignnone size-full wp-image-16485\" src=\"https:\/\/blog.mobly.com.br\/wp-content\/uploads\/2021\/03\/japandi_inspiracao_1.jpg\" alt=\"Japandi - inspira\u00e7\u00e3o\" width=\"1000\" height=\"525\" srcset=\"https:\/\/www.mobly.com.br\/blog\/wp-content\/uploads\/2021\/03\/japandi_inspiracao_1.jpg 1000w, https:\/\/www.mobly.com.br\/blog\/wp-content\/uploads\/2021\/03\/japandi_inspiracao_1-300x158.jpg 300w, https:\/\/www.mobly.com.br\/blog\/wp-content\/uploads\/2021\/03\/japandi_inspiracao_1-768x403.jpg 768w\" sizes=\"auto, (max-width: 1000px) 100vw, 1000px\" \/><\/p>\n<p><img loading=\"lazy\" decoding=\"async\" class=\"alignnone size-full wp-image-16486\" src=\"https:\/\/blog.mobly.com.br\/wp-content\/uploads\/2021\/03\/japandi_inspiracao_2.jpg\" alt=\"Japandi - Inspira\u00e7\u00e3o\" width=\"1000\" height=\"666\" srcset=\"https:\/\/www.mobly.com.br\/blog\/wp-content\/uploads\/2021\/03\/japandi_inspiracao_2.jpg 1000w, https:\/\/www.mobly.com.br\/blog\/wp-content\/uploads\/2021\/03\/japandi_inspiracao_2-300x200.jpg 300w, https:\/\/www.mobly.com.br\/blog\/wp-content\/uploads\/2021\/03\/japandi_inspiracao_2-768x511.jpg 768w\" sizes=\"auto, (max-width: 1000px) 100vw, 1000px\" \/><\/p>\n<p><img loading=\"lazy\" decoding=\"async\" class=\"alignnone size-full wp-image-16487\" src=\"https:\/\/blog.mobly.com.br\/wp-content\/uploads\/2021\/03\/japandi_inspiracao_3.jpg\" alt=\"Japandi - inspira\u00e7\u00e3o\" width=\"1000\" height=\"657\" srcset=\"https:\/\/www.mobly.com.br\/blog\/wp-content\/uploads\/2021\/03\/japandi_inspiracao_3.jpg 1000w, https:\/\/www.mobly.com.br\/blog\/wp-content\/uploads\/2021\/03\/japandi_inspiracao_3-300x197.jpg 300w, https:\/\/www.mobly.com.br\/blog\/wp-content\/uploads\/2021\/03\/japandi_inspiracao_3-768x505.jpg 768w\" sizes=\"auto, (max-width: 1000px) 100vw, 1000px\" \/><\/p>\n<p><img loading=\"lazy\" decoding=\"async\" class=\"alignnone size-full wp-image-16488\" src=\"https:\/\/blog.mobly.com.br\/wp-content\/uploads\/2021\/03\/japandi_inspiracoes_4.jpg\" alt=\"\" width=\"1000\" height=\"525\" srcset=\"https:\/\/www.mobly.com.br\/blog\/wp-content\/uploads\/2021\/03\/japandi_inspiracoes_4.jpg 1000w, https:\/\/www.mobly.com.br\/blog\/wp-content\/uploads\/2021\/03\/japandi_inspiracoes_4-300x158.jpg 300w, https:\/\/www.mobly.com.br\/blog\/wp-content\/uploads\/2021\/03\/japandi_inspiracoes_4-768x403.jpg 768w\" sizes=\"auto, (max-width: 1000px) 100vw, 1000px\" \/><\/p>\n<p><img loading=\"lazy\" decoding=\"async\" class=\"alignnone size-full wp-image-16489\" src=\"https:\/\/blog.mobly.com.br\/wp-content\/uploads\/2021\/03\/japandi_inspiracao_5.jpg\" alt=\"\" width=\"1000\" height=\"525\" srcset=\"https:\/\/www.mobly.com.br\/blog\/wp-content\/uploads\/2021\/03\/japandi_inspiracao_5.jpg 1000w, https:\/\/www.mobly.com.br\/blog\/wp-content\/uploads\/2021\/03\/japandi_inspiracao_5-300x158.jpg 300w, https:\/\/www.mobly.com.br\/blog\/wp-content\/uploads\/2021\/03\/japandi_inspiracao_5-768x403.jpg 768w\" sizes=\"auto, (max-width: 1000px) 100vw, 1000px\" \/><\/p>\n<p><img loading=\"lazy\" decoding=\"async\" class=\"alignnone size-full wp-image-16490\" src=\"https:\/\/blog.mobly.com.br\/wp-content\/uploads\/2021\/03\/japandi_inspiracao_6.jpg\" alt=\"Japandi - Inspira\u00e7\u00e3o\" width=\"1000\" height=\"696\" srcset=\"https:\/\/www.mobly.com.br\/blog\/wp-content\/uploads\/2021\/03\/japandi_inspiracao_6.jpg 1000w, https:\/\/www.mobly.com.br\/blog\/wp-content\/uploads\/2021\/03\/japandi_inspiracao_6-300x209.jpg 300w, https:\/\/www.mobly.com.br\/blog\/wp-content\/uploads\/2021\/03\/japandi_inspiracao_6-768x535.jpg 768w\" sizes=\"auto, (max-width: 1000px) 100vw, 1000px\" \/><\/p>\n<p><img loading=\"lazy\" decoding=\"async\" class=\"alignnone size-full wp-image-16491\" src=\"https:\/\/blog.mobly.com.br\/wp-content\/uploads\/2021\/03\/japandi_inspiracao_7.jpg\" alt=\"Japandi - Inspira\u00e7\u00e3o\" width=\"1000\" height=\"666\" srcset=\"https:\/\/www.mobly.com.br\/blog\/wp-content\/uploads\/2021\/03\/japandi_inspiracao_7.jpg 1000w, https:\/\/www.mobly.com.br\/blog\/wp-content\/uploads\/2021\/03\/japandi_inspiracao_7-300x200.jpg 300w, https:\/\/www.mobly.com.br\/blog\/wp-content\/uploads\/2021\/03\/japandi_inspiracao_7-768x511.jpg 768w\" sizes=\"auto, (max-width: 1000px) 100vw, 1000px\" \/><\/p>\n<p><img loading=\"lazy\" decoding=\"async\" class=\"alignnone size-full wp-image-16492\" src=\"https:\/\/blog.mobly.com.br\/wp-content\/uploads\/2021\/03\/japandi_inspiracoes_8.jpg\" alt=\"Japandi - Inspira\u00e7\u00f5es\" width=\"1000\" height=\"1000\" srcset=\"https:\/\/www.mobly.com.br\/blog\/wp-content\/uploads\/2021\/03\/japandi_inspiracoes_8.jpg 1000w, https:\/\/www.mobly.com.br\/blog\/wp-content\/uploads\/2021\/03\/japandi_inspiracoes_8-150x150.jpg 150w, https:\/\/www.mobly.com.br\/blog\/wp-content\/uploads\/2021\/03\/japandi_inspiracoes_8-300x300.jpg 300w, https:\/\/www.mobly.com.br\/blog\/wp-content\/uploads\/2021\/03\/japandi_inspiracoes_8-768x768.jpg 768w\" sizes=\"auto, (max-width: 1000px) 100vw, 1000px\" \/><\/p>\n<p><img loading=\"lazy\" decoding=\"async\" class=\"alignnone size-full wp-image-16493\" src=\"https:\/\/blog.mobly.com.br\/wp-content\/uploads\/2021\/03\/japandi_inspiracao_9.jpg\" alt=\"Japandi - Inspira\u00e7\u00f5es\" width=\"1000\" height=\"762\" srcset=\"https:\/\/www.mobly.com.br\/blog\/wp-content\/uploads\/2021\/03\/japandi_inspiracao_9.jpg 1000w, https:\/\/www.mobly.com.br\/blog\/wp-content\/uploads\/2021\/03\/japandi_inspiracao_9-300x229.jpg 300w, https:\/\/www.mobly.com.br\/blog\/wp-content\/uploads\/2021\/03\/japandi_inspiracao_9-768x585.jpg 768w\" sizes=\"auto, (max-width: 1000px) 100vw, 1000px\" \/><\/p>\n<p><img loading=\"lazy\" decoding=\"async\" class=\"alignnone size-full wp-image-16494\" src=\"https:\/\/blog.mobly.com.br\/wp-content\/uploads\/2021\/03\/japandi_inspiracao_10.jpg\" alt=\"Japandi - inspira\u00e7\u00e3o\" width=\"1000\" height=\"1000\" srcset=\"https:\/\/www.mobly.com.br\/blog\/wp-content\/uploads\/2021\/03\/japandi_inspiracao_10.jpg 1000w, https:\/\/www.mobly.com.br\/blog\/wp-content\/uploads\/2021\/03\/japandi_inspiracao_10-150x150.jpg 150w, https:\/\/www.mobly.com.br\/blog\/wp-content\/uploads\/2021\/03\/japandi_inspiracao_10-300x300.jpg 300w, https:\/\/www.mobly.com.br\/blog\/wp-content\/uploads\/2021\/03\/japandi_inspiracao_10-768x768.jpg 768w\" sizes=\"auto, (max-width: 1000px) 100vw, 1000px\" \/><\/p>\n<p>&nbsp;<\/p>\n<\/div>\n<button class=\"simplefavorite-button has-count loading\" data-postid=\"16464\" data-siteid=\"1\" data-groupid=\"1\" data-favoritecount=\"4\" style=\"\">Carregando...<span class=\"sf-icon-spinner-wrapper\"><i class=\"sf-icon-spinner\"><\/i><\/span><\/button>","protected":false},"excerpt":{"rendered":"<p>Que tal levar a Decora\u00e7\u00e3o Japandi para dentro de casa? Veja as principais caracter\u00edsticas dessa tend\u00eancia! O universo da decora\u00e7\u00e3o \u00e9 movido por constantes mudan\u00e7as. A cada momento, uma cor, um desenho ou um estilo est\u00e3o em alta e ganhando diferentes ambientes, seja de resid\u00eancias, com\u00e9rcios ou espa\u00e7os profissionais. &nbsp; Com a nova realidade mundial, em que ficar em casa se tornou extremamente necess\u00e1rio, a Decora\u00e7\u00e3o Japandi ganhou for\u00e7a, uma vez que ela agrega elementos que prezam pelo simples e pelo bem-estar. E quem n\u00e3o quer algo assim no pr\u00f3prio lar, n\u00e3o \u00e9 mesmo? &nbsp; Por isso, o nosso post hoje falar um pouco mais sobre essa tend\u00eancia e, claro, como voc\u00ea pode lev\u00e1-la para dentro do seu lar-style brasileiro. Bora conferir? Saiba mais:\u00a0Cores do Outono 2021: confira ambientes decorados O que \u00e9 a Decora\u00e7\u00e3o Japandi? Japandi \u00e9 um estilo que vem ganhando for\u00e7a nas decora\u00e7\u00f5es mundo a fora e \u00e9 a uni\u00e3o das palavras Japan (Jap\u00e3o em ingl\u00eas) e Scandi. Ela nasceu de dois conceitos muito fortes dentro dessas vertentes, que s\u00e3o Wabi-sabi e Hygge. O Wabi-sabi \u00e9 uma vis\u00e3o presente na cultura japonesa que deixa o perfeito de lado e procura destacar a beleza naquilo que est\u00e1 fora [&hellip;]<\/p>\n","protected":false},"author":20,"featured_media":16473,"comment_status":"open","ping_status":"open","sticky":false,"template":"","format":"standard","meta":{"extendify_custom_stylesheet":"","_mi_skip_tracking":false,"_monsterinsights_skip_tracking":false,"_monsterinsights_sitenote_active":false,"_monsterinsights_sitenote_note":"","_monsterinsights_sitenote_category":0,"footnotes":""},"categories":[11],"tags":[1041,1042,1043],"class_list":["post-16464","post","type-post","status-publish","format-standard","has-post-thumbnail","hentry","category-inspiracoes","tag-decoracao-japandi","tag-o-que-e-a-decoracao-japandi","tag-principais-caracteristicas-decoracao-japandi"],"yoast_head":"<!-- This site is optimized with the Yoast SEO plugin v24.9 - https:\/\/yoast.com\/wordpress\/plugins\/seo\/ -->\n<title>Japandi: conhe\u00e7a esse estilo de decora\u00e7\u00e3o e inspire-se | Blog da Mobly<\/title>\n<meta name=\"description\" content=\"O estilo Japandi \u00e9 uma tend\u00eancia de decora\u00e7\u00e3o que veio para ficar ao unir uma est\u00e9tica simples com o aconchego. Saiba como us\u00e1-la!\" \/>\n<meta name=\"robots\" content=\"index, follow, max-snippet:-1, max-image-preview:large, max-video-preview:-1\" \/>\n<link rel=\"canonical\" href=\"https:\/\/www.mobly.com.br\/blog\/inspiracoes\/japandi\/\" \/>\n<meta property=\"og:locale\" content=\"pt_BR\" \/>\n<meta property=\"og:type\" content=\"article\" \/>\n<meta property=\"og:title\" content=\"Japandi: conhe\u00e7a esse estilo de decora\u00e7\u00e3o e inspire-se | Blog da Mobly\" \/>\n<meta property=\"og:description\" content=\"O estilo Japandi \u00e9 uma tend\u00eancia de decora\u00e7\u00e3o que veio para ficar ao unir uma est\u00e9tica simples com o aconchego. Saiba como us\u00e1-la!\" \/>\n<meta property=\"og:url\" content=\"https:\/\/www.mobly.com.br\/blog\/inspiracoes\/japandi\/\" \/>\n<meta property=\"og:site_name\" content=\"Blog da Mobly\" \/>\n<meta property=\"article:author\" content=\"maria.mazza\" \/>\n<meta property=\"article:published_time\" content=\"2021-04-05T12:00:41+00:00\" \/>\n<meta property=\"article:modified_time\" content=\"2021-04-14T17:06:44+00:00\" \/>\n<meta property=\"og:image\" content=\"https:\/\/blog.mobly.com.br\/wp-content\/uploads\/2021\/03\/decoracao_japandi_dicas_1.jpg\" \/>\n\t<meta property=\"og:image:width\" content=\"1000\" \/>\n\t<meta property=\"og:image:height\" content=\"666\" \/>\n\t<meta property=\"og:image:type\" content=\"image\/jpeg\" \/>\n<meta name=\"author\" content=\"Maria Mazza\" \/>\n<meta name=\"twitter:card\" content=\"summary_large_image\" \/>\n<meta name=\"twitter:label1\" content=\"Escrito por\" \/>\n\t<meta name=\"twitter:data1\" content=\"Maria Mazza\" \/>\n\t<meta name=\"twitter:label2\" content=\"Est. tempo de leitura\" \/>\n\t<meta name=\"twitter:data2\" content=\"4 minutos\" \/>\n<script type=\"application\/ld+json\" class=\"yoast-schema-graph\">{\"@context\":\"https:\/\/schema.org\",\"@graph\":[{\"@type\":\"WebPage\",\"@id\":\"https:\/\/www.mobly.com.br\/blog\/inspiracoes\/japandi\/\",\"url\":\"https:\/\/www.mobly.com.br\/blog\/inspiracoes\/japandi\/\",\"name\":\"Japandi: conhe\u00e7a esse estilo de decora\u00e7\u00e3o e inspire-se | Blog da Mobly\",\"isPartOf\":{\"@id\":\"https:\/\/www.mobly.com.br\/blog\/#website\"},\"primaryImageOfPage\":{\"@id\":\"https:\/\/www.mobly.com.br\/blog\/inspiracoes\/japandi\/#primaryimage\"},\"image\":{\"@id\":\"https:\/\/www.mobly.com.br\/blog\/inspiracoes\/japandi\/#primaryimage\"},\"thumbnailUrl\":\"https:\/\/www.mobly.com.br\/blog\/wp-content\/uploads\/2021\/03\/decoracao_japandi_dicas_1.jpg\",\"datePublished\":\"2021-04-05T12:00:41+00:00\",\"dateModified\":\"2021-04-14T17:06:44+00:00\",\"author\":{\"@id\":\"https:\/\/www.mobly.com.br\/blog\/#\/schema\/person\/58f6d703be72894f945c4c6c63abefc5\"},\"description\":\"O estilo Japandi \u00e9 uma tend\u00eancia de decora\u00e7\u00e3o que veio para ficar ao unir uma est\u00e9tica simples com o aconchego. Saiba como us\u00e1-la!\",\"breadcrumb\":{\"@id\":\"https:\/\/www.mobly.com.br\/blog\/inspiracoes\/japandi\/#breadcrumb\"},\"inLanguage\":\"pt-BR\",\"potentialAction\":[{\"@type\":\"ReadAction\",\"target\":[\"https:\/\/www.mobly.com.br\/blog\/inspiracoes\/japandi\/\"]}]},{\"@type\":\"ImageObject\",\"inLanguage\":\"pt-BR\",\"@id\":\"https:\/\/www.mobly.com.br\/blog\/inspiracoes\/japandi\/#primaryimage\",\"url\":\"https:\/\/www.mobly.com.br\/blog\/wp-content\/uploads\/2021\/03\/decoracao_japandi_dicas_1.jpg\",\"contentUrl\":\"https:\/\/www.mobly.com.br\/blog\/wp-content\/uploads\/2021\/03\/decoracao_japandi_dicas_1.jpg\",\"width\":\"1000\",\"height\":\"666\",\"caption\":\"Decora\u00e7\u00e3o Japandi\"},{\"@type\":\"BreadcrumbList\",\"@id\":\"https:\/\/www.mobly.com.br\/blog\/inspiracoes\/japandi\/#breadcrumb\",\"itemListElement\":[{\"@type\":\"ListItem\",\"position\":1,\"name\":\"Home\",\"item\":\"https:\/\/www.mobly.com.br\/blog\/\"},{\"@type\":\"ListItem\",\"position\":2,\"name\":\"Inspira\u00e7\u00f5es\",\"item\":\"https:\/\/www.mobly.com.br\/blog\/inspiracoes\/\"},{\"@type\":\"ListItem\",\"position\":3,\"name\":\"Japandi: conhe\u00e7a esse estilo de decora\u00e7\u00e3o e inspire-se\"}]},{\"@type\":\"WebSite\",\"@id\":\"https:\/\/www.mobly.com.br\/blog\/#website\",\"url\":\"https:\/\/www.mobly.com.br\/blog\/\",\"name\":\"Blog da Mobly\",\"description\":\"Dicas de Decora\u00e7\u00e3o, Inspira\u00e7\u00f5es e Mais\",\"potentialAction\":[{\"@type\":\"SearchAction\",\"target\":{\"@type\":\"EntryPoint\",\"urlTemplate\":\"https:\/\/www.mobly.com.br\/blog\/?s={search_term_string}\"},\"query-input\":{\"@type\":\"PropertyValueSpecification\",\"valueRequired\":true,\"valueName\":\"search_term_string\"}}],\"inLanguage\":\"pt-BR\"},{\"@type\":\"Person\",\"@id\":\"https:\/\/www.mobly.com.br\/blog\/#\/schema\/person\/58f6d703be72894f945c4c6c63abefc5\",\"name\":\"Maria Mazza\",\"image\":{\"@type\":\"ImageObject\",\"inLanguage\":\"pt-BR\",\"@id\":\"https:\/\/www.mobly.com.br\/blog\/#\/schema\/person\/image\/\",\"url\":\"https:\/\/secure.gravatar.com\/avatar\/77b133266f58ec3996d75cb776f6d460?s=96&d=mm&r=g\",\"contentUrl\":\"https:\/\/secure.gravatar.com\/avatar\/77b133266f58ec3996d75cb776f6d460?s=96&d=mm&r=g\",\"caption\":\"Maria Mazza\"},\"sameAs\":[\"maria.mazza\"],\"url\":\"https:\/\/www.mobly.com.br\/blog\/author\/maria-mazza\/\"}]}<\/script>\n<!-- \/ Yoast SEO plugin. -->","yoast_head_json":{"title":"Japandi: conhe\u00e7a esse estilo de decora\u00e7\u00e3o e inspire-se | Blog da Mobly","description":"O estilo Japandi \u00e9 uma tend\u00eancia de decora\u00e7\u00e3o que veio para ficar ao unir uma est\u00e9tica simples com o aconchego. Saiba como us\u00e1-la!","robots":{"index":"index","follow":"follow","max-snippet":"max-snippet:-1","max-image-preview":"max-image-preview:large","max-video-preview":"max-video-preview:-1"},"canonical":"https:\/\/www.mobly.com.br\/blog\/inspiracoes\/japandi\/","og_locale":"pt_BR","og_type":"article","og_title":"Japandi: conhe\u00e7a esse estilo de decora\u00e7\u00e3o e inspire-se | Blog da Mobly","og_description":"O estilo Japandi \u00e9 uma tend\u00eancia de decora\u00e7\u00e3o que veio para ficar ao unir uma est\u00e9tica simples com o aconchego. Saiba como us\u00e1-la!","og_url":"https:\/\/www.mobly.com.br\/blog\/inspiracoes\/japandi\/","og_site_name":"Blog da Mobly","article_author":"maria.mazza","article_published_time":"2021-04-05T12:00:41+00:00","article_modified_time":"2021-04-14T17:06:44+00:00","og_image":[{"width":1000,"height":666,"url":"https:\/\/blog.mobly.com.br\/wp-content\/uploads\/2021\/03\/decoracao_japandi_dicas_1.jpg","type":"image\/jpeg"}],"author":"Maria Mazza","twitter_card":"summary_large_image","twitter_misc":{"Escrito por":"Maria Mazza","Est. tempo de leitura":"4 minutos"},"schema":{"@context":"https:\/\/schema.org","@graph":[{"@type":"WebPage","@id":"https:\/\/www.mobly.com.br\/blog\/inspiracoes\/japandi\/","url":"https:\/\/www.mobly.com.br\/blog\/inspiracoes\/japandi\/","name":"Japandi: conhe\u00e7a esse estilo de decora\u00e7\u00e3o e inspire-se | Blog da Mobly","isPartOf":{"@id":"https:\/\/www.mobly.com.br\/blog\/#website"},"primaryImageOfPage":{"@id":"https:\/\/www.mobly.com.br\/blog\/inspiracoes\/japandi\/#primaryimage"},"image":{"@id":"https:\/\/www.mobly.com.br\/blog\/inspiracoes\/japandi\/#primaryimage"},"thumbnailUrl":"https:\/\/www.mobly.com.br\/blog\/wp-content\/uploads\/2021\/03\/decoracao_japandi_dicas_1.jpg","datePublished":"2021-04-05T12:00:41+00:00","dateModified":"2021-04-14T17:06:44+00:00","author":{"@id":"https:\/\/www.mobly.com.br\/blog\/#\/schema\/person\/58f6d703be72894f945c4c6c63abefc5"},"description":"O estilo Japandi \u00e9 uma tend\u00eancia de decora\u00e7\u00e3o que veio para ficar ao unir uma est\u00e9tica simples com o aconchego. Saiba como us\u00e1-la!","breadcrumb":{"@id":"https:\/\/www.mobly.com.br\/blog\/inspiracoes\/japandi\/#breadcrumb"},"inLanguage":"pt-BR","potentialAction":[{"@type":"ReadAction","target":["https:\/\/www.mobly.com.br\/blog\/inspiracoes\/japandi\/"]}]},{"@type":"ImageObject","inLanguage":"pt-BR","@id":"https:\/\/www.mobly.com.br\/blog\/inspiracoes\/japandi\/#primaryimage","url":"https:\/\/www.mobly.com.br\/blog\/wp-content\/uploads\/2021\/03\/decoracao_japandi_dicas_1.jpg","contentUrl":"https:\/\/www.mobly.com.br\/blog\/wp-content\/uploads\/2021\/03\/decoracao_japandi_dicas_1.jpg","width":"1000","height":"666","caption":"Decora\u00e7\u00e3o Japandi"},{"@type":"BreadcrumbList","@id":"https:\/\/www.mobly.com.br\/blog\/inspiracoes\/japandi\/#breadcrumb","itemListElement":[{"@type":"ListItem","position":1,"name":"Home","item":"https:\/\/www.mobly.com.br\/blog\/"},{"@type":"ListItem","position":2,"name":"Inspira\u00e7\u00f5es","item":"https:\/\/www.mobly.com.br\/blog\/inspiracoes\/"},{"@type":"ListItem","position":3,"name":"Japandi: conhe\u00e7a esse estilo de decora\u00e7\u00e3o e inspire-se"}]},{"@type":"WebSite","@id":"https:\/\/www.mobly.com.br\/blog\/#website","url":"https:\/\/www.mobly.com.br\/blog\/","name":"Blog da Mobly","description":"Dicas de Decora\u00e7\u00e3o, Inspira\u00e7\u00f5es e Mais","potentialAction":[{"@type":"SearchAction","target":{"@type":"EntryPoint","urlTemplate":"https:\/\/www.mobly.com.br\/blog\/?s={search_term_string}"},"query-input":{"@type":"PropertyValueSpecification","valueRequired":true,"valueName":"search_term_string"}}],"inLanguage":"pt-BR"},{"@type":"Person","@id":"https:\/\/www.mobly.com.br\/blog\/#\/schema\/person\/58f6d703be72894f945c4c6c63abefc5","name":"Maria Mazza","image":{"@type":"ImageObject","inLanguage":"pt-BR","@id":"https:\/\/www.mobly.com.br\/blog\/#\/schema\/person\/image\/","url":"https:\/\/secure.gravatar.com\/avatar\/77b133266f58ec3996d75cb776f6d460?s=96&d=mm&r=g","contentUrl":"https:\/\/secure.gravatar.com\/avatar\/77b133266f58ec3996d75cb776f6d460?s=96&d=mm&r=g","caption":"Maria Mazza"},"sameAs":["maria.mazza"],"url":"https:\/\/www.mobly.com.br\/blog\/author\/maria-mazza\/"}]}},"_links":{"self":[{"href":"https:\/\/www.mobly.com.br\/blog\/wp-json\/wp\/v2\/posts\/16464","targetHints":{"allow":["GET"]}}],"collection":[{"href":"https:\/\/www.mobly.com.br\/blog\/wp-json\/wp\/v2\/posts"}],"about":[{"href":"https:\/\/www.mobly.com.br\/blog\/wp-json\/wp\/v2\/types\/post"}],"author":[{"embeddable":true,"href":"https:\/\/www.mobly.com.br\/blog\/wp-json\/wp\/v2\/users\/20"}],"replies":[{"embeddable":true,"href":"https:\/\/www.mobly.com.br\/blog\/wp-json\/wp\/v2\/comments?post=16464"}],"version-history":[{"count":7,"href":"https:\/\/www.mobly.com.br\/blog\/wp-json\/wp\/v2\/posts\/16464\/revisions"}],"predecessor-version":[{"id":17023,"href":"https:\/\/www.mobly.com.br\/blog\/wp-json\/wp\/v2\/posts\/16464\/revisions\/17023"}],"wp:featuredmedia":[{"embeddable":true,"href":"https:\/\/www.mobly.com.br\/blog\/wp-json\/wp\/v2\/media\/16473"}],"wp:attachment":[{"href":"https:\/\/www.mobly.com.br\/blog\/wp-json\/wp\/v2\/media?parent=16464"}],"wp:term":[{"taxonomy":"category","embeddable":true,"href":"https:\/\/www.mobly.com.br\/blog\/wp-json\/wp\/v2\/categories?post=16464"},{"taxonomy":"post_tag","embeddable":true,"href":"https:\/\/www.mobly.com.br\/blog\/wp-json\/wp\/v2\/tags?post=16464"}],"curies":[{"name":"wp","href":"https:\/\/api.w.org\/{rel}","templated":true}]}}