{"id":16102,"date":"2021-03-08T09:00:59","date_gmt":"2021-03-08T12:00:59","guid":{"rendered":"https:\/\/www.mobly.com.br\/blog\/?p=16102"},"modified":"2021-03-08T11:08:09","modified_gmt":"2021-03-08T14:08:09","slug":"quadros-decorativos","status":"publish","type":"post","link":"https:\/\/www.mobly.com.br\/blog\/inspiracoes\/quadros-decorativos\/","title":{"rendered":"Inspira\u00e7\u00f5es: 7 quadros decorativos para sala de estar"},"content":{"rendered":"<h1>Inspira\u00e7\u00f5es: 7 quadros decorativos para sala de estar<\/h1>\n<p>Nada contra a cl\u00e1ssica parede branca, mas que tal alguns <strong>quadros decorativos<\/strong> para preench\u00ea-la e deixar a decor mais aut\u00eantica? Esse item \u00e9 elemento muito atrativo, pois s\u00e3o acess\u00edveis e ocupam pouco espa\u00e7o, al\u00e9m de criar uma ambienta\u00e7\u00e3o especial onde s\u00e3o inseridos.<\/p>\n<p>N\u00e3o \u00e9 de hoje que os quadros t\u00eam ganhado destaque em diferentes projetos de interiores. Afinal, ao escolher o modelo certo, \u00e9 poss\u00edvel traduzir o gosto dos moradores e criar uma est\u00e9tica \u00fanica para a decora\u00e7\u00e3o.<\/p>\n<p>Contudo, voc\u00ea sabe como usar quadros na <a href=\"https:\/\/www.mobly.com.br\/blog\/inspiracoes\/salas-de-estar-para-se-inspirar\/\">decora\u00e7\u00e3o de sala de estar<\/a>? Reunimos tudo o que voc\u00ea precisa saber mais fotos de como arrasar neste assunto. Vamos se inspirar com as dicas?<\/p>\n<h2>#1 &#8211; Quadros abstratos<\/h2>\n<p>A arte abstrata \u00e9 um estilo art\u00edstico que prioriza formas em detrimento de figuras geom\u00e9tricas ou que n\u00e3o representem nossa realidade. As imagens abstratas que conhecemos hoje podem ser atribu\u00eddas aos impressionismo, p\u00f3s-impressionismo e cubismo.<\/p>\n<p>Nos quadros abstratos, o foco s\u00e3o as cores, linhas e as formas singulares criadas livremente. Na decora\u00e7\u00e3o, a arte abstrata garante um toque de estilo e moderno ao c\u00f4modo.<\/p>\n<p><img loading=\"lazy\" decoding=\"async\" class=\"alignnone size-full wp-image-16104\" src=\"https:\/\/blog.mobly.com.br\/wp-content\/uploads\/2021\/03\/Photo-by-Mobly-on-January-14-1.jpg\" alt=\"\" width=\"640\" height=\"783\" srcset=\"https:\/\/www.mobly.com.br\/blog\/wp-content\/uploads\/2021\/03\/Photo-by-Mobly-on-January-14-1.jpg 640w, https:\/\/www.mobly.com.br\/blog\/wp-content\/uploads\/2021\/03\/Photo-by-Mobly-on-January-14-1-245x300.jpg 245w\" sizes=\"auto, (max-width: 640px) 100vw, 640px\" \/><\/p>\n<p><img loading=\"lazy\" decoding=\"async\" class=\"alignnone size-full wp-image-16112\" src=\"https:\/\/blog.mobly.com.br\/wp-content\/uploads\/2021\/03\/Photo-by-Mobly-on-September-11.jpg\" alt=\"\" width=\"640\" height=\"800\" srcset=\"https:\/\/www.mobly.com.br\/blog\/wp-content\/uploads\/2021\/03\/Photo-by-Mobly-on-September-11.jpg 640w, https:\/\/www.mobly.com.br\/blog\/wp-content\/uploads\/2021\/03\/Photo-by-Mobly-on-September-11-240x300.jpg 240w\" sizes=\"auto, (max-width: 640px) 100vw, 640px\" \/><\/p>\n<p><img loading=\"lazy\" decoding=\"async\" class=\"alignnone size-full wp-image-16107\" src=\"https:\/\/blog.mobly.com.br\/wp-content\/uploads\/2021\/03\/Photo-by-Mobly-on-July-07.jpg\" alt=\"\" width=\"640\" height=\"640\" srcset=\"https:\/\/www.mobly.com.br\/blog\/wp-content\/uploads\/2021\/03\/Photo-by-Mobly-on-July-07.jpg 640w, https:\/\/www.mobly.com.br\/blog\/wp-content\/uploads\/2021\/03\/Photo-by-Mobly-on-July-07-150x150.jpg 150w, https:\/\/www.mobly.com.br\/blog\/wp-content\/uploads\/2021\/03\/Photo-by-Mobly-on-July-07-300x300.jpg 300w\" sizes=\"auto, (max-width: 640px) 100vw, 640px\" \/><\/p>\n<h2>#2 &#8211; Quadros minimalistas<\/h2>\n<p>Poucos desenhos, linhas \u00fanicas e cores neutras s\u00e3o as principais caracter\u00edsticas dos quadros minimalistas. A <a href=\"https:\/\/www.mobly.com.br\/blog\/inspiracoes\/exemplos-decoracao-minimalista\/\">decora\u00e7\u00e3o minimalista<\/a> nasceu para imprimir aos espa\u00e7os um ar de sofistica\u00e7\u00e3o, leveza e tranquilidade, sem poluir os espa\u00e7os ou tornar a decora\u00e7\u00e3o pesada demais.<\/p>\n<p>Os quadros minimalistas s\u00e3o boas op\u00e7\u00f5es para quem gosta de ambientes com poucos detalhes e um toque clean.<\/p>\n<p><img loading=\"lazy\" decoding=\"async\" class=\"alignnone wp-image-16113\" src=\"https:\/\/blog.mobly.com.br\/wp-content\/uploads\/2021\/03\/5ff47b5f6f49ff005ef848e2.jpg\" alt=\"\" width=\"641\" height=\"854\" srcset=\"https:\/\/www.mobly.com.br\/blog\/wp-content\/uploads\/2021\/03\/5ff47b5f6f49ff005ef848e2.jpg 1024w, https:\/\/www.mobly.com.br\/blog\/wp-content\/uploads\/2021\/03\/5ff47b5f6f49ff005ef848e2-225x300.jpg 225w, https:\/\/www.mobly.com.br\/blog\/wp-content\/uploads\/2021\/03\/5ff47b5f6f49ff005ef848e2-768x1024.jpg 768w\" sizes=\"auto, (max-width: 641px) 100vw, 641px\" \/> <img loading=\"lazy\" decoding=\"async\" class=\"alignnone size-full wp-image-16106\" src=\"https:\/\/blog.mobly.com.br\/wp-content\/uploads\/2021\/03\/Photo-by-Mobly-on-January-27.jpg\" alt=\"\" width=\"640\" height=\"640\" srcset=\"https:\/\/www.mobly.com.br\/blog\/wp-content\/uploads\/2021\/03\/Photo-by-Mobly-on-January-27.jpg 640w, https:\/\/www.mobly.com.br\/blog\/wp-content\/uploads\/2021\/03\/Photo-by-Mobly-on-January-27-150x150.jpg 150w, https:\/\/www.mobly.com.br\/blog\/wp-content\/uploads\/2021\/03\/Photo-by-Mobly-on-January-27-300x300.jpg 300w\" sizes=\"auto, (max-width: 640px) 100vw, 640px\" \/><\/p>\n<h2>#3 -Quadro modernos<\/h2>\n<p>Quadros modernos s\u00e3o aqueles que trazem um design especial com um toque contempor\u00e2neo. Eles misturam elementos e figuras que est\u00e3o em alta no mundo atual, sendo alguns deles com aspectos futur\u00edsticos.<\/p>\n<p>Al\u00e9m da sala de estar, os quadros modernos caem super bem em propostas de decora\u00e7\u00e3o para ambientes corporativos e sociais, como o escrit\u00f3rio.<\/p>\n<p><img loading=\"lazy\" decoding=\"async\" class=\"alignnone size-full wp-image-16114\" src=\"https:\/\/blog.mobly.com.br\/wp-content\/uploads\/2021\/03\/FASE-41-28.jpg\" alt=\"\" width=\"4462\" height=\"6686\" srcset=\"https:\/\/www.mobly.com.br\/blog\/wp-content\/uploads\/2021\/03\/FASE-41-28.jpg 4462w, https:\/\/www.mobly.com.br\/blog\/wp-content\/uploads\/2021\/03\/FASE-41-28-200x300.jpg 200w, https:\/\/www.mobly.com.br\/blog\/wp-content\/uploads\/2021\/03\/FASE-41-28-768x1151.jpg 768w, https:\/\/www.mobly.com.br\/blog\/wp-content\/uploads\/2021\/03\/FASE-41-28-683x1024.jpg 683w\" sizes=\"auto, (max-width: 4462px) 100vw, 4462px\" \/> <img loading=\"lazy\" decoding=\"async\" class=\"alignnone size-full wp-image-16103\" src=\"https:\/\/blog.mobly.com.br\/wp-content\/uploads\/2021\/03\/FASE-41-36.jpg\" alt=\"\" width=\"1024\" height=\"1534\" srcset=\"https:\/\/www.mobly.com.br\/blog\/wp-content\/uploads\/2021\/03\/FASE-41-36.jpg 1024w, https:\/\/www.mobly.com.br\/blog\/wp-content\/uploads\/2021\/03\/FASE-41-36-200x300.jpg 200w, https:\/\/www.mobly.com.br\/blog\/wp-content\/uploads\/2021\/03\/FASE-41-36-768x1151.jpg 768w, https:\/\/www.mobly.com.br\/blog\/wp-content\/uploads\/2021\/03\/FASE-41-36-683x1024.jpg 683w\" sizes=\"auto, (max-width: 1024px) 100vw, 1024px\" \/><\/p>\n<div id=\"metaslider-id-16153\" style=\"max-width: 240px; margin: 0 auto;\" class=\"ml-slider-3-27-0 metaslider metaslider-coin metaslider-16153 ml-slider slider-sku-padrao ml-slider-lightbox-1-12-0 lightbox-disabled\">\n    <div id=\"metaslider_container_16153\">\n        <div id='metaslider_16153' class='coin-slider'>\n<a href=\"javascript:void(0)\" target=\"_self\"><img loading=\"lazy\" decoding=\"async\" src=\"https:\/\/www.mobly.com.br\/blog\/wp-content\/uploads\/2021\/03\/4-4-240x240.jpg\" height=\"240\" width=\"240\" alt=\"\" class=\"slider-16153 slide-16163\" title=\"4-4\" style=\"display: none;\" \/><\/a>\n<a href=\"javascript:void(0)\" target=\"_self\"><img loading=\"lazy\" decoding=\"async\" src=\"https:\/\/www.mobly.com.br\/blog\/wp-content\/uploads\/2021\/03\/4-5-240x240.jpg\" height=\"240\" width=\"240\" alt=\"\" class=\"slider-16153 slide-16164\" title=\"4-5\" style=\"display: none;\" \/><\/a>\n<a href=\"javascript:void(0)\" target=\"_self\"><img loading=\"lazy\" decoding=\"async\" src=\"https:\/\/www.mobly.com.br\/blog\/wp-content\/uploads\/2021\/03\/4-3-240x240.jpg\" height=\"240\" width=\"240\" alt=\"\" class=\"slider-16153 slide-16162\" title=\"4-3\" style=\"display: none;\" \/><\/a>\n<a href=\"javascript:void(0)\" target=\"_self\"><img loading=\"lazy\" decoding=\"async\" src=\"https:\/\/www.mobly.com.br\/blog\/wp-content\/uploads\/2021\/03\/4-2-240x240.jpg\" height=\"240\" width=\"240\" alt=\"\" class=\"slider-16153 slide-16161\" title=\"4-2\" style=\"display: none;\" \/><\/a>\n<a href=\"javascript:void(0)\" target=\"_self\"><img loading=\"lazy\" decoding=\"async\" src=\"https:\/\/www.mobly.com.br\/blog\/wp-content\/uploads\/2021\/03\/4-1-240x240.jpg\" height=\"240\" width=\"240\" alt=\"\" class=\"slider-16153 slide-16160\" title=\"4-1\" style=\"display: none;\" \/><\/a>\n        <\/div>\n        \n    <\/div>\n<\/div>\n<p>&nbsp;<\/p>\n<h2>#4 -Quadros com paisagens<\/h2>\n<p>Se voc\u00ea \u00e9 um apaixonado por viagens e adora colecionar souvenirs dos lugares que conhece, vai adorar essa op\u00e7\u00e3o para sua sala de estar. Esses tipos de quadros tem belezas gerais do mundo, como praias, florestas e pontos tur\u00edsticos famosos.<\/p>\n<p>A dica \u00e9 escolher ideais de paisagens que tenham a ver com a sua decora\u00e7\u00e3o. Ent\u00e3o, avalie os elementos de cores e detalhes que v\u00e3o trazer personalidade ao espa\u00e7o, mas sem destoar do restante do visual.<\/p>\n<div id=\"metaslider-id-16115\" style=\"max-width: 240px; margin: 0 auto;\" class=\"ml-slider-3-27-0 metaslider metaslider-coin metaslider-16115 ml-slider slider-sku-padrao ml-slider-lightbox-1-12-0 lightbox-disabled\">\n    <div id=\"metaslider_container_16115\">\n        <div id='metaslider_16115' class='coin-slider'>\n<a href=\"javascript:void(0)\" target=\"_self\"><img loading=\"lazy\" decoding=\"async\" src=\"https:\/\/www.mobly.com.br\/blog\/wp-content\/uploads\/2021\/03\/1-2-240x240.jpg\" height=\"240\" width=\"240\" alt=\"\" class=\"slider-16115 slide-16124\" title=\"1-2\" style=\"display: none;\" \/><\/a>\n<a href=\"javascript:void(0)\" target=\"_self\"><img loading=\"lazy\" decoding=\"async\" src=\"https:\/\/www.mobly.com.br\/blog\/wp-content\/uploads\/2021\/03\/1-1-240x240.jpg\" height=\"240\" width=\"240\" alt=\"\" class=\"slider-16115 slide-16123\" title=\"1-1\" style=\"display: none;\" \/><\/a>\n<a href=\"javascript:void(0)\" target=\"_self\"><img loading=\"lazy\" decoding=\"async\" src=\"https:\/\/www.mobly.com.br\/blog\/wp-content\/uploads\/2021\/03\/1-5-240x240.jpg\" height=\"240\" width=\"240\" alt=\"\" class=\"slider-16115 slide-16122\" title=\"1-5\" style=\"display: none;\" \/><\/a>\n<a href=\"javascript:void(0)\" target=\"_self\"><img loading=\"lazy\" decoding=\"async\" src=\"https:\/\/www.mobly.com.br\/blog\/wp-content\/uploads\/2021\/03\/1-4-240x240.jpg\" height=\"240\" width=\"240\" alt=\"\" class=\"slider-16115 slide-16126\" title=\"1-4\" style=\"display: none;\" \/><\/a>\n<a href=\"javascript:void(0)\" target=\"_self\"><img loading=\"lazy\" decoding=\"async\" src=\"https:\/\/www.mobly.com.br\/blog\/wp-content\/uploads\/2021\/03\/1-3-240x240.jpg\" height=\"240\" width=\"240\" alt=\"\" class=\"slider-16115 slide-16125\" title=\"1-3\" style=\"display: none;\" \/><\/a>\n        <\/div>\n        \n    <\/div>\n<\/div>\n<p>&nbsp;<\/p>\n<h2>#5 -Quadros com frases<\/h2>\n<p>Al\u00e9m de serem simb\u00f3licos para os donos do lar, quadros escritos d\u00e3o um toque cool ao ambiente. Isso porque \u00e9 poss\u00edvel trazer diferentes tipos de frases para a decora\u00e7\u00e3o, como trechos de m\u00fasicas, poemas e textos motivacionais.<\/p>\n<p>Caso n\u00e3o queira usar os escritos em quadros, tamb\u00e9m existe a possibilidade de grudar letreiros na parede.<\/p>\n<p><img loading=\"lazy\" decoding=\"async\" class=\"alignnone size-full wp-image-16111\" src=\"https:\/\/blog.mobly.com.br\/wp-content\/uploads\/2021\/03\/Photo-by-Mobly-on-September-01.jpg\" alt=\"\" width=\"640\" height=\"783\" srcset=\"https:\/\/www.mobly.com.br\/blog\/wp-content\/uploads\/2021\/03\/Photo-by-Mobly-on-September-01.jpg 640w, https:\/\/www.mobly.com.br\/blog\/wp-content\/uploads\/2021\/03\/Photo-by-Mobly-on-September-01-245x300.jpg 245w\" sizes=\"auto, (max-width: 640px) 100vw, 640px\" \/><\/p>\n<div id=\"metaslider-id-16127\" style=\"max-width: 240px; margin: 0 auto;\" class=\"ml-slider-3-27-0 metaslider metaslider-coin metaslider-16127 ml-slider slider-sku-padrao ml-slider-lightbox-1-12-0 lightbox-disabled\">\n    <div id=\"metaslider_container_16127\">\n        <div id='metaslider_16127' class='coin-slider'>\n<a href=\"javascript:void(0)\" target=\"_self\"><img loading=\"lazy\" decoding=\"async\" src=\"https:\/\/www.mobly.com.br\/blog\/wp-content\/uploads\/2021\/03\/2-5-240x240.jpg\" height=\"240\" width=\"240\" alt=\"\" class=\"slider-16127 slide-16138\" title=\"2-5\" style=\"display: none;\" \/><\/a>\n<a href=\"javascript:void(0)\" target=\"_self\"><img loading=\"lazy\" decoding=\"async\" src=\"https:\/\/www.mobly.com.br\/blog\/wp-content\/uploads\/2021\/03\/2-1-240x240.jpg\" height=\"240\" width=\"240\" alt=\"\" class=\"slider-16127 slide-16134\" title=\"2-1\" style=\"display: none;\" \/><\/a>\n<a href=\"javascript:void(0)\" target=\"_self\"><img loading=\"lazy\" decoding=\"async\" src=\"https:\/\/www.mobly.com.br\/blog\/wp-content\/uploads\/2021\/03\/2-4-240x240.jpg\" height=\"240\" width=\"240\" alt=\"\" class=\"slider-16127 slide-16137\" title=\"2-4\" style=\"display: none;\" \/><\/a>\n<a href=\"javascript:void(0)\" target=\"_self\"><img loading=\"lazy\" decoding=\"async\" src=\"https:\/\/www.mobly.com.br\/blog\/wp-content\/uploads\/2021\/03\/2-3-240x240.jpg\" height=\"240\" width=\"240\" alt=\"\" class=\"slider-16127 slide-16136\" title=\"2-3\" style=\"display: none;\" \/><\/a>\n<a href=\"javascript:void(0)\" target=\"_self\"><img loading=\"lazy\" decoding=\"async\" src=\"https:\/\/www.mobly.com.br\/blog\/wp-content\/uploads\/2021\/03\/2-2-240x240.jpg\" height=\"240\" width=\"240\" alt=\"\" class=\"slider-16127 slide-16135\" title=\"2-2\" style=\"display: none;\" \/><\/a>\n        <\/div>\n        \n    <\/div>\n<\/div>\n<p>&nbsp;<\/p>\n<h2>#6 -Quadros vintage<\/h2>\n<p>\u00c9 dif\u00edcil encontrar algu\u00e9m que n\u00e3o goste de uma pegada mais vintage, n\u00e9? A gente particularmente adora! Isso porque o estilo retr\u00f4 agrega elementos antigos restaurados, dando um charme extra ao local e deixando tudo alegre e divertido na medida certa.<\/p>\n<p>Existem muitas possibilidades de uso e voc\u00ea pode combin\u00e1-los a elementos modernos e tecnol\u00f3gicos da sua sala de estar.<\/p>\n<p><img loading=\"lazy\" decoding=\"async\" class=\"alignnone size-full wp-image-16108\" src=\"https:\/\/blog.mobly.com.br\/wp-content\/uploads\/2021\/03\/Photo-by-Mobly-on-November-06.jpg\" alt=\"\" width=\"640\" height=\"782\" srcset=\"https:\/\/www.mobly.com.br\/blog\/wp-content\/uploads\/2021\/03\/Photo-by-Mobly-on-November-06.jpg 640w, https:\/\/www.mobly.com.br\/blog\/wp-content\/uploads\/2021\/03\/Photo-by-Mobly-on-November-06-246x300.jpg 246w\" sizes=\"auto, (max-width: 640px) 100vw, 640px\" \/><\/p>\n<h2>#7 -Conjunto de quadros<\/h2>\n<p>Conjuntos de quadros costumam ter estampas e desenhos cont\u00ednuos que podem ser pregados lado a lado ou de maneira irregular na parede. Essa op\u00e7\u00e3o d\u00e1 um efeito muito bacana na sala de estar, j\u00e1 que preenche bem o espa\u00e7o sem poluir visualmente.<\/p>\n<p><img loading=\"lazy\" decoding=\"async\" class=\"alignnone size-full wp-image-16109\" src=\"https:\/\/blog.mobly.com.br\/wp-content\/uploads\/2021\/03\/Photo-by-Mobly-on-November-21.jpg\" alt=\"\" width=\"640\" height=\"782\" srcset=\"https:\/\/www.mobly.com.br\/blog\/wp-content\/uploads\/2021\/03\/Photo-by-Mobly-on-November-21.jpg 640w, https:\/\/www.mobly.com.br\/blog\/wp-content\/uploads\/2021\/03\/Photo-by-Mobly-on-November-21-246x300.jpg 246w\" sizes=\"auto, (max-width: 640px) 100vw, 640px\" \/> <img loading=\"lazy\" decoding=\"async\" class=\"alignnone size-full wp-image-16110\" src=\"https:\/\/blog.mobly.com.br\/wp-content\/uploads\/2021\/03\/Photo-by-Mobly-on-October-19.jpg\" alt=\"\" width=\"640\" height=\"640\" srcset=\"https:\/\/www.mobly.com.br\/blog\/wp-content\/uploads\/2021\/03\/Photo-by-Mobly-on-October-19.jpg 640w, https:\/\/www.mobly.com.br\/blog\/wp-content\/uploads\/2021\/03\/Photo-by-Mobly-on-October-19-150x150.jpg 150w, https:\/\/www.mobly.com.br\/blog\/wp-content\/uploads\/2021\/03\/Photo-by-Mobly-on-October-19-300x300.jpg 300w\" sizes=\"auto, (max-width: 640px) 100vw, 640px\" \/><\/p>\n<div id=\"metaslider-id-16139\" style=\"max-width: 240px; margin: 0 auto;\" class=\"ml-slider-3-27-0 metaslider metaslider-coin metaslider-16139 ml-slider slider-sku-padrao ml-slider-lightbox-1-12-0 lightbox-disabled\">\n    <div id=\"metaslider_container_16139\">\n        <div id='metaslider_16139' class='coin-slider'>\n<a href=\"javascript:void(0)\" target=\"_self\"><img loading=\"lazy\" decoding=\"async\" src=\"https:\/\/www.mobly.com.br\/blog\/wp-content\/uploads\/2021\/03\/3-1-240x240.jpg\" height=\"240\" width=\"240\" alt=\"\" class=\"slider-16139 slide-16147\" title=\"3-1\" style=\"display: none;\" \/><\/a>\n<a href=\"javascript:void(0)\" target=\"_self\"><img loading=\"lazy\" decoding=\"async\" src=\"https:\/\/www.mobly.com.br\/blog\/wp-content\/uploads\/2021\/03\/3-4-240x240.jpg\" height=\"240\" width=\"240\" alt=\"\" class=\"slider-16139 slide-16150\" title=\"3-4\" style=\"display: none;\" \/><\/a>\n<a href=\"javascript:void(0)\" target=\"_self\"><img loading=\"lazy\" decoding=\"async\" src=\"https:\/\/www.mobly.com.br\/blog\/wp-content\/uploads\/2021\/03\/3-2-240x240.jpg\" height=\"240\" width=\"240\" alt=\"\" class=\"slider-16139 slide-16148\" title=\"3-2\" style=\"display: none;\" \/><\/a>\n<a href=\"javascript:void(0)\" target=\"_self\"><img loading=\"lazy\" decoding=\"async\" src=\"https:\/\/www.mobly.com.br\/blog\/wp-content\/uploads\/2021\/03\/3-3-240x240.jpg\" height=\"240\" width=\"240\" alt=\"\" class=\"slider-16139 slide-16149\" title=\"3-3\" style=\"display: none;\" \/><\/a>\n<a href=\"javascript:void(0)\" target=\"_self\"><img loading=\"lazy\" decoding=\"async\" src=\"https:\/\/www.mobly.com.br\/blog\/wp-content\/uploads\/2021\/03\/3-5-240x240.jpg\" height=\"240\" width=\"240\" alt=\"\" class=\"slider-16139 slide-16151\" title=\"3-5\" style=\"display: none;\" \/><\/a>\n<a href=\"javascript:void(0)\" target=\"_self\"><img loading=\"lazy\" decoding=\"async\" src=\"https:\/\/www.mobly.com.br\/blog\/wp-content\/uploads\/2021\/03\/3-6-240x240.jpg\" height=\"240\" width=\"240\" alt=\"\" class=\"slider-16139 slide-16152\" title=\"3-6\" style=\"display: none;\" \/><\/a>\n        <\/div>\n        \n    <\/div>\n<\/div>\n<p>&nbsp;<\/p>\n<p>Se for deixar tudo alinhadinho, n\u00e3o se esque\u00e7a de pegar a fita m\u00e9trica para que os <strong>quadros decorativos<\/strong> n\u00e3o fiquem tortos, t\u00e1 bom?<\/p>\n<p>No nosso site voc\u00ea encontra diversas op\u00e7\u00f5es de <a href=\"https:\/\/www.mobly.com.br\/decoracao\/quadros\/\/?utm_source=blog_texto&amp;utm_medium=social_blog&amp;utm_campaign=_20210305\">quadros<\/a>. Clique no link para conferir.<\/p>\n<button class=\"simplefavorite-button has-count loading\" data-postid=\"16102\" data-siteid=\"1\" data-groupid=\"1\" data-favoritecount=\"0\" style=\"\">Carregando...<span class=\"sf-icon-spinner-wrapper\"><i class=\"sf-icon-spinner\"><\/i><\/span><\/button>","protected":false},"excerpt":{"rendered":"<p>Inspira\u00e7\u00f5es: 7 quadros decorativos para sala de estar Nada contra a cl\u00e1ssica parede branca, mas que tal alguns quadros decorativos para preench\u00ea-la e deixar a decor mais aut\u00eantica? Esse item \u00e9 elemento muito atrativo, pois s\u00e3o acess\u00edveis e ocupam pouco espa\u00e7o, al\u00e9m de criar uma ambienta\u00e7\u00e3o especial onde s\u00e3o inseridos. N\u00e3o \u00e9 de hoje que os quadros t\u00eam ganhado destaque em diferentes projetos de interiores. Afinal, ao escolher o modelo certo, \u00e9 poss\u00edvel traduzir o gosto dos moradores e criar uma est\u00e9tica \u00fanica para a decora\u00e7\u00e3o. Contudo, voc\u00ea sabe como usar quadros na decora\u00e7\u00e3o de sala de estar? Reunimos tudo o que voc\u00ea precisa saber mais fotos de como arrasar neste assunto. Vamos se inspirar com as dicas? #1 &#8211; Quadros abstratos A arte abstrata \u00e9 um estilo art\u00edstico que prioriza formas em detrimento de figuras geom\u00e9tricas ou que n\u00e3o representem nossa realidade. As imagens abstratas que conhecemos hoje podem ser atribu\u00eddas aos impressionismo, p\u00f3s-impressionismo e cubismo. Nos quadros abstratos, o foco s\u00e3o as cores, linhas e as formas singulares criadas livremente. Na decora\u00e7\u00e3o, a arte abstrata garante um toque de estilo e moderno ao c\u00f4modo. #2 &#8211; Quadros minimalistas Poucos desenhos, linhas \u00fanicas e cores neutras s\u00e3o as principais [&hellip;]<\/p>\n","protected":false},"author":29,"featured_media":16105,"comment_status":"open","ping_status":"open","sticky":false,"template":"","format":"standard","meta":{"extendify_custom_stylesheet":"","_mi_skip_tracking":false,"_monsterinsights_skip_tracking":false,"_monsterinsights_sitenote_active":false,"_monsterinsights_sitenote_note":"","_monsterinsights_sitenote_category":0,"footnotes":""},"categories":[11],"tags":[1020,1021,306,416],"class_list":["post-16102","post","type-post","status-publish","format-standard","has-post-thumbnail","hentry","category-inspiracoes","tag-quadrosdecorativos","tag-saladeestar","tag-decoracao","tag-quadros"],"yoast_head":"<!-- This site is optimized with the Yoast SEO plugin v24.9 - https:\/\/yoast.com\/wordpress\/plugins\/seo\/ -->\n<title>Inspira\u00e7\u00f5es: 7 quadros decorativos para sala de estar | Blog da Mobly<\/title>\n<meta name=\"description\" content=\"N\u00e3o \u00e9 de hoje que os quadros decorativos t\u00eam ganhado destaque em diferentes projetos de interiores. Confira dicas de como us\u00e1-los na decora\u00e7\u00e3o da sua casa.\" \/>\n<meta name=\"robots\" content=\"index, follow, max-snippet:-1, max-image-preview:large, max-video-preview:-1\" \/>\n<link rel=\"canonical\" href=\"https:\/\/www.mobly.com.br\/blog\/inspiracoes\/quadros-decorativos\/\" \/>\n<meta property=\"og:locale\" content=\"pt_BR\" \/>\n<meta property=\"og:type\" content=\"article\" \/>\n<meta property=\"og:title\" content=\"Inspira\u00e7\u00f5es: 7 quadros decorativos para sala de estar | Blog da Mobly\" \/>\n<meta property=\"og:description\" content=\"N\u00e3o \u00e9 de hoje que os quadros decorativos t\u00eam ganhado destaque em diferentes projetos de interiores. Confira dicas de como us\u00e1-los na decora\u00e7\u00e3o da sua casa.\" \/>\n<meta property=\"og:url\" content=\"https:\/\/www.mobly.com.br\/blog\/inspiracoes\/quadros-decorativos\/\" \/>\n<meta property=\"og:site_name\" content=\"Blog da Mobly\" \/>\n<meta property=\"article:published_time\" content=\"2021-03-08T12:00:59+00:00\" \/>\n<meta property=\"article:modified_time\" content=\"2021-03-08T14:08:09+00:00\" \/>\n<meta property=\"og:image\" content=\"https:\/\/blog.mobly.com.br\/wp-content\/uploads\/2021\/03\/Photo-by-Mobly-on-January-19.jpg\" \/>\n\t<meta property=\"og:image:width\" content=\"640\" \/>\n\t<meta property=\"og:image:height\" content=\"783\" \/>\n\t<meta property=\"og:image:type\" content=\"image\/jpeg\" \/>\n<meta name=\"author\" content=\"Matheus Augusto de Albuquerque\" \/>\n<meta name=\"twitter:card\" content=\"summary_large_image\" \/>\n<meta name=\"twitter:label1\" content=\"Escrito por\" \/>\n\t<meta name=\"twitter:data1\" content=\"Matheus Augusto de Albuquerque\" \/>\n\t<meta name=\"twitter:label2\" content=\"Est. tempo de leitura\" \/>\n\t<meta name=\"twitter:data2\" content=\"3 minutos\" \/>\n<script type=\"application\/ld+json\" class=\"yoast-schema-graph\">{\"@context\":\"https:\/\/schema.org\",\"@graph\":[{\"@type\":\"WebPage\",\"@id\":\"https:\/\/www.mobly.com.br\/blog\/inspiracoes\/quadros-decorativos\/\",\"url\":\"https:\/\/www.mobly.com.br\/blog\/inspiracoes\/quadros-decorativos\/\",\"name\":\"Inspira\u00e7\u00f5es: 7 quadros decorativos para sala de estar | Blog da Mobly\",\"isPartOf\":{\"@id\":\"https:\/\/www.mobly.com.br\/blog\/#website\"},\"primaryImageOfPage\":{\"@id\":\"https:\/\/www.mobly.com.br\/blog\/inspiracoes\/quadros-decorativos\/#primaryimage\"},\"image\":{\"@id\":\"https:\/\/www.mobly.com.br\/blog\/inspiracoes\/quadros-decorativos\/#primaryimage\"},\"thumbnailUrl\":\"https:\/\/www.mobly.com.br\/blog\/wp-content\/uploads\/2021\/03\/Photo-by-Mobly-on-January-19.jpg\",\"datePublished\":\"2021-03-08T12:00:59+00:00\",\"dateModified\":\"2021-03-08T14:08:09+00:00\",\"author\":{\"@id\":\"https:\/\/www.mobly.com.br\/blog\/#\/schema\/person\/ba846b13584e389d8ab81feba400a7f5\"},\"description\":\"N\u00e3o \u00e9 de hoje que os quadros decorativos t\u00eam ganhado destaque em diferentes projetos de interiores. Confira dicas de como us\u00e1-los na decora\u00e7\u00e3o da sua casa.\",\"breadcrumb\":{\"@id\":\"https:\/\/www.mobly.com.br\/blog\/inspiracoes\/quadros-decorativos\/#breadcrumb\"},\"inLanguage\":\"pt-BR\",\"potentialAction\":[{\"@type\":\"ReadAction\",\"target\":[\"https:\/\/www.mobly.com.br\/blog\/inspiracoes\/quadros-decorativos\/\"]}]},{\"@type\":\"ImageObject\",\"inLanguage\":\"pt-BR\",\"@id\":\"https:\/\/www.mobly.com.br\/blog\/inspiracoes\/quadros-decorativos\/#primaryimage\",\"url\":\"https:\/\/www.mobly.com.br\/blog\/wp-content\/uploads\/2021\/03\/Photo-by-Mobly-on-January-19.jpg\",\"contentUrl\":\"https:\/\/www.mobly.com.br\/blog\/wp-content\/uploads\/2021\/03\/Photo-by-Mobly-on-January-19.jpg\",\"width\":\"640\",\"height\":\"783\"},{\"@type\":\"BreadcrumbList\",\"@id\":\"https:\/\/www.mobly.com.br\/blog\/inspiracoes\/quadros-decorativos\/#breadcrumb\",\"itemListElement\":[{\"@type\":\"ListItem\",\"position\":1,\"name\":\"Home\",\"item\":\"https:\/\/www.mobly.com.br\/blog\/\"},{\"@type\":\"ListItem\",\"position\":2,\"name\":\"Inspira\u00e7\u00f5es\",\"item\":\"https:\/\/www.mobly.com.br\/blog\/inspiracoes\/\"},{\"@type\":\"ListItem\",\"position\":3,\"name\":\"Inspira\u00e7\u00f5es: 7 quadros decorativos para sala de estar\"}]},{\"@type\":\"WebSite\",\"@id\":\"https:\/\/www.mobly.com.br\/blog\/#website\",\"url\":\"https:\/\/www.mobly.com.br\/blog\/\",\"name\":\"Blog da Mobly\",\"description\":\"Dicas de Decora\u00e7\u00e3o, Inspira\u00e7\u00f5es e Mais\",\"potentialAction\":[{\"@type\":\"SearchAction\",\"target\":{\"@type\":\"EntryPoint\",\"urlTemplate\":\"https:\/\/www.mobly.com.br\/blog\/?s={search_term_string}\"},\"query-input\":{\"@type\":\"PropertyValueSpecification\",\"valueRequired\":true,\"valueName\":\"search_term_string\"}}],\"inLanguage\":\"pt-BR\"},{\"@type\":\"Person\",\"@id\":\"https:\/\/www.mobly.com.br\/blog\/#\/schema\/person\/ba846b13584e389d8ab81feba400a7f5\",\"name\":\"Matheus Augusto de Albuquerque\",\"image\":{\"@type\":\"ImageObject\",\"inLanguage\":\"pt-BR\",\"@id\":\"https:\/\/www.mobly.com.br\/blog\/#\/schema\/person\/image\/\",\"url\":\"https:\/\/secure.gravatar.com\/avatar\/36d94c15f344cc57ec1d2095798b12e2?s=96&d=mm&r=g\",\"contentUrl\":\"https:\/\/secure.gravatar.com\/avatar\/36d94c15f344cc57ec1d2095798b12e2?s=96&d=mm&r=g\",\"caption\":\"Matheus Augusto de Albuquerque\"},\"url\":\"https:\/\/www.mobly.com.br\/blog\/author\/matheus-albuquerque\/\"}]}<\/script>\n<!-- \/ Yoast SEO plugin. -->","yoast_head_json":{"title":"Inspira\u00e7\u00f5es: 7 quadros decorativos para sala de estar | Blog da Mobly","description":"N\u00e3o \u00e9 de hoje que os quadros decorativos t\u00eam ganhado destaque em diferentes projetos de interiores. Confira dicas de como us\u00e1-los na decora\u00e7\u00e3o da sua casa.","robots":{"index":"index","follow":"follow","max-snippet":"max-snippet:-1","max-image-preview":"max-image-preview:large","max-video-preview":"max-video-preview:-1"},"canonical":"https:\/\/www.mobly.com.br\/blog\/inspiracoes\/quadros-decorativos\/","og_locale":"pt_BR","og_type":"article","og_title":"Inspira\u00e7\u00f5es: 7 quadros decorativos para sala de estar | Blog da Mobly","og_description":"N\u00e3o \u00e9 de hoje que os quadros decorativos t\u00eam ganhado destaque em diferentes projetos de interiores. Confira dicas de como us\u00e1-los na decora\u00e7\u00e3o da sua casa.","og_url":"https:\/\/www.mobly.com.br\/blog\/inspiracoes\/quadros-decorativos\/","og_site_name":"Blog da Mobly","article_published_time":"2021-03-08T12:00:59+00:00","article_modified_time":"2021-03-08T14:08:09+00:00","og_image":[{"width":640,"height":783,"url":"https:\/\/blog.mobly.com.br\/wp-content\/uploads\/2021\/03\/Photo-by-Mobly-on-January-19.jpg","type":"image\/jpeg"}],"author":"Matheus Augusto de Albuquerque","twitter_card":"summary_large_image","twitter_misc":{"Escrito por":"Matheus Augusto de Albuquerque","Est. tempo de leitura":"3 minutos"},"schema":{"@context":"https:\/\/schema.org","@graph":[{"@type":"WebPage","@id":"https:\/\/www.mobly.com.br\/blog\/inspiracoes\/quadros-decorativos\/","url":"https:\/\/www.mobly.com.br\/blog\/inspiracoes\/quadros-decorativos\/","name":"Inspira\u00e7\u00f5es: 7 quadros decorativos para sala de estar | Blog da Mobly","isPartOf":{"@id":"https:\/\/www.mobly.com.br\/blog\/#website"},"primaryImageOfPage":{"@id":"https:\/\/www.mobly.com.br\/blog\/inspiracoes\/quadros-decorativos\/#primaryimage"},"image":{"@id":"https:\/\/www.mobly.com.br\/blog\/inspiracoes\/quadros-decorativos\/#primaryimage"},"thumbnailUrl":"https:\/\/www.mobly.com.br\/blog\/wp-content\/uploads\/2021\/03\/Photo-by-Mobly-on-January-19.jpg","datePublished":"2021-03-08T12:00:59+00:00","dateModified":"2021-03-08T14:08:09+00:00","author":{"@id":"https:\/\/www.mobly.com.br\/blog\/#\/schema\/person\/ba846b13584e389d8ab81feba400a7f5"},"description":"N\u00e3o \u00e9 de hoje que os quadros decorativos t\u00eam ganhado destaque em diferentes projetos de interiores. Confira dicas de como us\u00e1-los na decora\u00e7\u00e3o da sua casa.","breadcrumb":{"@id":"https:\/\/www.mobly.com.br\/blog\/inspiracoes\/quadros-decorativos\/#breadcrumb"},"inLanguage":"pt-BR","potentialAction":[{"@type":"ReadAction","target":["https:\/\/www.mobly.com.br\/blog\/inspiracoes\/quadros-decorativos\/"]}]},{"@type":"ImageObject","inLanguage":"pt-BR","@id":"https:\/\/www.mobly.com.br\/blog\/inspiracoes\/quadros-decorativos\/#primaryimage","url":"https:\/\/www.mobly.com.br\/blog\/wp-content\/uploads\/2021\/03\/Photo-by-Mobly-on-January-19.jpg","contentUrl":"https:\/\/www.mobly.com.br\/blog\/wp-content\/uploads\/2021\/03\/Photo-by-Mobly-on-January-19.jpg","width":"640","height":"783"},{"@type":"BreadcrumbList","@id":"https:\/\/www.mobly.com.br\/blog\/inspiracoes\/quadros-decorativos\/#breadcrumb","itemListElement":[{"@type":"ListItem","position":1,"name":"Home","item":"https:\/\/www.mobly.com.br\/blog\/"},{"@type":"ListItem","position":2,"name":"Inspira\u00e7\u00f5es","item":"https:\/\/www.mobly.com.br\/blog\/inspiracoes\/"},{"@type":"ListItem","position":3,"name":"Inspira\u00e7\u00f5es: 7 quadros decorativos para sala de estar"}]},{"@type":"WebSite","@id":"https:\/\/www.mobly.com.br\/blog\/#website","url":"https:\/\/www.mobly.com.br\/blog\/","name":"Blog da Mobly","description":"Dicas de Decora\u00e7\u00e3o, Inspira\u00e7\u00f5es e Mais","potentialAction":[{"@type":"SearchAction","target":{"@type":"EntryPoint","urlTemplate":"https:\/\/www.mobly.com.br\/blog\/?s={search_term_string}"},"query-input":{"@type":"PropertyValueSpecification","valueRequired":true,"valueName":"search_term_string"}}],"inLanguage":"pt-BR"},{"@type":"Person","@id":"https:\/\/www.mobly.com.br\/blog\/#\/schema\/person\/ba846b13584e389d8ab81feba400a7f5","name":"Matheus Augusto de Albuquerque","image":{"@type":"ImageObject","inLanguage":"pt-BR","@id":"https:\/\/www.mobly.com.br\/blog\/#\/schema\/person\/image\/","url":"https:\/\/secure.gravatar.com\/avatar\/36d94c15f344cc57ec1d2095798b12e2?s=96&d=mm&r=g","contentUrl":"https:\/\/secure.gravatar.com\/avatar\/36d94c15f344cc57ec1d2095798b12e2?s=96&d=mm&r=g","caption":"Matheus Augusto de Albuquerque"},"url":"https:\/\/www.mobly.com.br\/blog\/author\/matheus-albuquerque\/"}]}},"_links":{"self":[{"href":"https:\/\/www.mobly.com.br\/blog\/wp-json\/wp\/v2\/posts\/16102","targetHints":{"allow":["GET"]}}],"collection":[{"href":"https:\/\/www.mobly.com.br\/blog\/wp-json\/wp\/v2\/posts"}],"about":[{"href":"https:\/\/www.mobly.com.br\/blog\/wp-json\/wp\/v2\/types\/post"}],"author":[{"embeddable":true,"href":"https:\/\/www.mobly.com.br\/blog\/wp-json\/wp\/v2\/users\/29"}],"replies":[{"embeddable":true,"href":"https:\/\/www.mobly.com.br\/blog\/wp-json\/wp\/v2\/comments?post=16102"}],"version-history":[{"count":1,"href":"https:\/\/www.mobly.com.br\/blog\/wp-json\/wp\/v2\/posts\/16102\/revisions"}],"predecessor-version":[{"id":16167,"href":"https:\/\/www.mobly.com.br\/blog\/wp-json\/wp\/v2\/posts\/16102\/revisions\/16167"}],"wp:featuredmedia":[{"embeddable":true,"href":"https:\/\/www.mobly.com.br\/blog\/wp-json\/wp\/v2\/media\/16105"}],"wp:attachment":[{"href":"https:\/\/www.mobly.com.br\/blog\/wp-json\/wp\/v2\/media?parent=16102"}],"wp:term":[{"taxonomy":"category","embeddable":true,"href":"https:\/\/www.mobly.com.br\/blog\/wp-json\/wp\/v2\/categories?post=16102"},{"taxonomy":"post_tag","embeddable":true,"href":"https:\/\/www.mobly.com.br\/blog\/wp-json\/wp\/v2\/tags?post=16102"}],"curies":[{"name":"wp","href":"https:\/\/api.w.org\/{rel}","templated":true}]}}