{"id":16049,"date":"2021-03-18T09:01:45","date_gmt":"2021-03-18T12:01:45","guid":{"rendered":"https:\/\/www.mobly.com.br\/blog\/?p=16049"},"modified":"2021-03-03T21:13:16","modified_gmt":"2021-03-04T00:13:16","slug":"cores-do-outono","status":"publish","type":"post","link":"https:\/\/www.mobly.com.br\/blog\/inspiracoes\/cores-do-outono\/","title":{"rendered":"Cores do Outono 2021: confira ambientes decorados"},"content":{"rendered":"<p><span style=\"font-weight: 400;\">2021 precisa trazer para n\u00f3s boas energias. E de acordo com empresas refer\u00eancias nos principais estudos de cores no mundo, como a Pantone, este ano ser\u00e1 ainda mais voltado para as belezas da natureza, vida simples e consciente, sustentabilidade, minimalismo e conforto.\u00a0<\/span><\/p>\n<p><span style=\"font-weight: 400;\">Ent\u00e3o, como podemos imaginar que ser\u00e3o os <\/span><a href=\"https:\/\/www.vivadecora.com.br\/decoracao\/projeto-de-casa\" target=\"_blank\" rel=\"noopener\"><span style=\"font-weight: 400;\">projetos de casas<\/span><\/a><span style=\"font-weight: 400;\"> agora? Bom, precisamos mesmo imaginar?<\/span><\/p>\n<p><span style=\"font-weight: 400;\">O texto a seguir nos dar\u00e1 uma pr\u00e9via de quais os estilos de m\u00f3veis, estampas e at\u00e9 de combina\u00e7\u00f5es de cores do outono que estar\u00e3o em alta. Se quiser saber mais, basta continuar a leitura. Clique nas imagens para mais informa\u00e7\u00f5es.\u00a0<\/span><\/p>\n<p>Leia tamb\u00e9m:\u00a0<a href=\"https:\/\/www.mobly.com.br\/blog\/inspiracoes\/poltronas-para-a-sala\/\/?utm_source=blog_texto&amp;utm_medium=social_blog&amp;utm_campaign=_20210303\" target=\"_blank\" rel=\"noopener\">Poltronas para a sala: 20+ modelos que v\u00e3o te inspirar<\/a><\/p>\n<p><a href=\"https:\/\/www.vivadecora.com.br\/revista\/roxo\/\" target=\"_blank\" rel=\"noopener\"><img loading=\"lazy\" decoding=\"async\" class=\"alignnone size-full wp-image-16054 aligncenter\" src=\"https:\/\/blog.mobly.com.br\/wp-content\/uploads\/2021\/03\/Outono-2021-4.jpg\" alt=\"outono_2021_4\" width=\"700\" height=\"463\" srcset=\"https:\/\/www.mobly.com.br\/blog\/wp-content\/uploads\/2021\/03\/Outono-2021-4.jpg 700w, https:\/\/www.mobly.com.br\/blog\/wp-content\/uploads\/2021\/03\/Outono-2021-4-300x198.jpg 300w\" sizes=\"auto, (max-width: 700px) 100vw, 700px\" \/><\/a><\/p>\n<p style=\"text-align: right;\"><span style=\"font-weight: 400;\">Habitare Arquitetura\u00a0<\/span><\/p>\n<h2><span style=\"font-weight: 400;\">Quais mudan\u00e7as devem acontecer nas decora\u00e7\u00f5es em 2021?<\/span><\/h2>\n<p><span style=\"font-weight: 400;\">Bem, combinando completamente com os novos tempos, j\u00e1 se pode ver que as decora\u00e7\u00f5es de 2021 n\u00e3o seguem estere\u00f3tipos. Ou seja, os ambientes montados neste ano n\u00e3o s\u00e3o nem masculinos nem femininos.\u00a0<\/span><\/p>\n<p><span style=\"font-weight: 400;\">Eles agradam a todos, se espelhando na cultura de rua e nos novos c\u00f3digos visuais criados nos \u00faltimos tempos. O foco \u00e9 expressar criativamente mensagens inspiradoras, sem formalidade ou excessos.<\/span><\/p>\n<p><b>\u201cO Outono \/ Inverno 2020\/2021 \u00e9 uma hist\u00f3ria que fala sobre a conscientiza\u00e7\u00e3o, pois vemos um retorno da cor ao essencial.\u201d<\/b><span style=\"font-weight: 400;\"> &#8211; Leatrice Eiseman, do Pantone Color Institute, em reportagem de Pantone.<\/span><\/p>\n<p>Leia tamb\u00e9m:\u00a0<a href=\"https:\/\/www.mobly.com.br\/blog\/inspiracoes\/salas-de-estar-para-se-inspirar\/\/?utm_source=blog_texto&amp;utm_medium=social_blog&amp;utm_campaign=_20210303\" target=\"_blank\" rel=\"noopener\">+ 42 Salas de Estar para se Inspirar<\/a><\/p>\n<p><a href=\"https:\/\/www.vivadecora.com.br\/revista\/sala-verde\/\" target=\"_blank\" rel=\"noopener\"><img loading=\"lazy\" decoding=\"async\" class=\"alignnone size-full wp-image-16052 aligncenter\" src=\"https:\/\/blog.mobly.com.br\/wp-content\/uploads\/2021\/03\/Outono-2021-2.jpg\" alt=\"outono_2021_2\" width=\"700\" height=\"449\" srcset=\"https:\/\/www.mobly.com.br\/blog\/wp-content\/uploads\/2021\/03\/Outono-2021-2.jpg 700w, https:\/\/www.mobly.com.br\/blog\/wp-content\/uploads\/2021\/03\/Outono-2021-2-300x192.jpg 300w\" sizes=\"auto, (max-width: 700px) 100vw, 700px\" \/><\/a><\/p>\n<p style=\"text-align: right;\"><span style=\"font-weight: 400;\">Fernando Jaeger e Homedit\u00a0<\/span><\/p>\n<p><a href=\"https:\/\/www.vivadecora.com.br\/revista\/cor-salmao\/\" target=\"_blank\" rel=\"noopener\"><img loading=\"lazy\" decoding=\"async\" class=\"alignnone size-full wp-image-16057 aligncenter\" src=\"https:\/\/blog.mobly.com.br\/wp-content\/uploads\/2021\/03\/Outono-2021-7.jpg\" alt=\"outono_2021_7\" width=\"700\" height=\"523\" srcset=\"https:\/\/www.mobly.com.br\/blog\/wp-content\/uploads\/2021\/03\/Outono-2021-7.jpg 700w, https:\/\/www.mobly.com.br\/blog\/wp-content\/uploads\/2021\/03\/Outono-2021-7-300x224.jpg 300w\" sizes=\"auto, (max-width: 700px) 100vw, 700px\" \/><\/a><\/p>\n<p style=\"text-align: right;\"><span style=\"font-weight: 400;\">Arquitrecos e Kelsidaggerbk\u00a0<\/span><\/p>\n<h2><span style=\"font-weight: 400;\">Que solu\u00e7\u00f5es j\u00e1 come\u00e7aram a aparecer em 2021?<\/span><\/h2>\n<p><span style=\"font-weight: 400;\">Claro que 2021 j\u00e1 come\u00e7ou e estamos atentos \u00e0 sua moda casa. Pode-se perceber que a orienta\u00e7\u00e3o principal dos projetos \u00e9 criar ambientes mais atrativos, funcionais, atemporais e vers\u00e1teis.\u00a0<\/span><\/p>\n<p><span style=\"font-weight: 400;\">Muitos c\u00f4modos aparecem com <a href=\"https:\/\/www.mobly.com.br\/blog\/inspiracoes\/exemplos-decoracao-minimalista\/\/?utm_source=blog_texto&amp;utm_medium=social_blog&amp;utm_campaign=_20210303\" target=\"_blank\" rel=\"noopener\">solu\u00e7\u00f5es minimalistas<\/a>, decorados com cores neutras. E combina\u00e7\u00f5es de cores do outono j\u00e1 utilizadas em 2020, como azul com verde e cores neutras, ainda permanecem.<\/span><\/p>\n<p><span style=\"font-weight: 400;\">Est\u00e3o em alta os estofados de linhas bem marcadas e os <a href=\"https:\/\/www.mobly.com.br\/moveis\/racks-paineis-estantes-home-theater\/\/?utm_source=blog_texto&amp;utm_medium=social_blog&amp;utm_campaign=_20210303\" target=\"_blank\" rel=\"noopener\">racks <\/a>e <a href=\"https:\/\/www.mobly.com.br\/moveis\/estantes\/\/\/?utm_source=blog_texto&amp;utm_medium=social_blog&amp;utm_campaign=_20210303\" target=\"_blank\" rel=\"noopener\">estantes <\/a>de p\u00e9s elevados. Tamb\u00e9m as <a href=\"https:\/\/www.mobly.com.br\/moveis\/mesas-de-centro\/\/?utm_source=blog_texto&amp;utm_medium=social_blog&amp;utm_campaign=_20210303\" target=\"_blank\" rel=\"noopener\">mesinhas de centro<\/a> envidra\u00e7adas; as <a href=\"https:\/\/www.mobly.com.br\/moveis\/cadeiras-de-jantar\/\/?utm_source=blog_texto&amp;utm_medium=social_blog&amp;utm_campaign=_20210303\" target=\"_blank\" rel=\"noopener\">cadeiras <\/a>em acr\u00edlico e palhinha; os <a href=\"https:\/\/www.mobly.com.br\/moveis\/puffs\/\/?utm_source=blog_texto&amp;utm_medium=social_blog&amp;utm_campaign=_20210303\" target=\"_blank\" rel=\"noopener\">puffs <\/a>em \u201ccolor block\u201d \u2013 cor \u00fanica.\u00a0<\/span><\/p>\n<p><span style=\"font-weight: 400;\">Os <a href=\"https:\/\/www.mobly.com.br\/decoracao\/papel-para-parede\/\/?utm_source=blog_texto&amp;utm_medium=social_blog&amp;utm_campaign=_20210303\" target=\"_blank\" rel=\"noopener\">pap\u00e9is de parede<\/a>, <a href=\"https:\/\/www.mobly.com.br\/cama-e-banho\/toalhas\/\/?utm_source=blog_texto&amp;utm_medium=social_blog&amp;utm_campaign=_20210303\" target=\"_blank\" rel=\"noopener\">toalhas <\/a>e <a href=\"https:\/\/www.mobly.com.br\/decoracao\/almofadas-e-mantas\/\/?utm_source=blog_texto&amp;utm_medium=social_blog&amp;utm_campaign=_20210303\" target=\"_blank\" rel=\"noopener\">almofadas <\/a>com mistura de estampas \u2013 dentre elas os florais, po\u00e1s, xadrezes e <em>animal print<\/em>. E, por fim, <a href=\"https:\/\/www.mobly.com.br\/decoracao\/tapetes\/\/?utm_source=blog_texto&amp;utm_medium=social_blog&amp;utm_campaign=_20210303\" target=\"_blank\" rel=\"noopener\">tapetes <\/a>com franjas e costinhas com babados.<\/span><\/p>\n<p>Leia tamb\u00e9m:\u00a0<a href=\"https:\/\/www.mobly.com.br\/blog\/inspiracoes\/decoracao-quarto-casal\/\/?utm_source=blog_texto&amp;utm_medium=social_blog&amp;utm_campaign=_20210303\" target=\"_blank\" rel=\"noopener\">3 ideias de decora\u00e7\u00e3o para quarto de casal<\/a><\/p>\n<p><a href=\"https:\/\/www.vivadecora.com.br\/foto\/153526\/sala-verde-oliva-com-tapete-azul-e-mesa-de-centro\" target=\"_blank\" rel=\"noopener\"><img loading=\"lazy\" decoding=\"async\" class=\"alignnone size-full wp-image-16051 aligncenter\" src=\"https:\/\/blog.mobly.com.br\/wp-content\/uploads\/2021\/03\/Outono-2021-1.jpg\" alt=\"outono_2021_1\" width=\"700\" height=\"467\" srcset=\"https:\/\/www.mobly.com.br\/blog\/wp-content\/uploads\/2021\/03\/Outono-2021-1.jpg 700w, https:\/\/www.mobly.com.br\/blog\/wp-content\/uploads\/2021\/03\/Outono-2021-1-300x200.jpg 300w\" sizes=\"auto, (max-width: 700px) 100vw, 700px\" \/><\/a><\/p>\n<p style=\"text-align: right;\"><span style=\"font-weight: 400;\">Casacor MG 17<\/span><\/p>\n<p style=\"text-align: left;\"><span style=\"font-weight: 400;\"><div id=\"metaslider-id-16064\" style=\"max-width: 240px; margin: 0 auto;\" class=\"ml-slider-3-27-0 metaslider metaslider-coin metaslider-16064 ml-slider slider-sku-padrao ml-slider-lightbox-1-12-0 lightbox-disabled\">\n    <div id=\"metaslider_container_16064\">\n        <div id='metaslider_16064' class='coin-slider'>\n<a href=\"javascript:void(0)\" target=\"_self\"><img loading=\"lazy\" decoding=\"async\" src=\"https:\/\/www.mobly.com.br\/blog\/wp-content\/uploads\/2021\/03\/Decorar-Estofados-Kit-2-Poltronas-Decorativas-Sofia-Sala-PC3A9s-RetrC3B4-Suede-BordC3B4-Decorar-Estofados-7632-598627-1-240x240.jpg\" height=\"240\" width=\"240\" alt=\"\" class=\"slider-16064 slide-16072\" title=\"Decorar-Estofados-Kit-2-Poltronas-Decorativas-Sofia-Sala-PC3A9s-RetrC3B4-Suede-BordC3B4-Decorar-Estofados-7632-598627-1\" style=\"display: none;\" \/><\/a>\n<a href=\"javascript:void(0)\" target=\"_self\"><img loading=\"lazy\" decoding=\"async\" src=\"https:\/\/www.mobly.com.br\/blog\/wp-content\/uploads\/2021\/03\/Mobly-Cadeira-de-EscritC3B3rio-SecretC3A1ria-GiratC3B3ria-Tulipa-BordC3B4-7719-687835-1-240x240.jpg\" height=\"240\" width=\"240\" alt=\"\" class=\"slider-16064 slide-16074\" title=\"Mobly-Cadeira-de-EscritC3B3rio-SecretC3A1ria-GiratC3B3ria-Tulipa-BordC3B4-7719-687835-1\" style=\"display: none;\" \/><\/a>\n<a href=\"javascript:void(0)\" target=\"_self\"><img loading=\"lazy\" decoding=\"async\" src=\"https:\/\/www.mobly.com.br\/blog\/wp-content\/uploads\/2021\/03\/D27Rossi-Kit-02-Poltronas-Stella-Veludo-Verde-Esmeralda-PC3A9s-Palito-Castanho-D27Rossi-7248-967517-1-240x240.jpg\" height=\"240\" width=\"240\" alt=\"\" class=\"slider-16064 slide-16071\" title=\"D27Rossi-Kit-02-Poltronas-Stella-Veludo-Verde-Esmeralda-PC3A9s-Palito-Castanho-D27Rossi-7248-967517-1\" style=\"display: none;\" \/><\/a>\n<a href=\"javascript:void(0)\" target=\"_self\"><img loading=\"lazy\" decoding=\"async\" src=\"https:\/\/www.mobly.com.br\/blog\/wp-content\/uploads\/2021\/03\/Gran-Belo-SofC3A1-3-Lugares-Sala-de-Estar-Eros-210-cm-Veludo-Esmeralda-Base-Fixa-Gran-Belo-1427-701487-1-240x240.jpg\" height=\"240\" width=\"240\" alt=\"\" class=\"slider-16064 slide-16073\" title=\"Gran-Belo-SofC3A1-3-Lugares-Sala-de-Estar-Eros-210-cm-Veludo-Esmeralda-Base-Fixa---Gran-Belo-1427-701487-1\" style=\"display: none;\" \/><\/a>\n<a href=\"javascript:void(0)\" target=\"_self\"><img loading=\"lazy\" decoding=\"async\" src=\"https:\/\/www.mobly.com.br\/blog\/wp-content\/uploads\/2021\/03\/Wood-Prime-SofC3A1-Chesterfield-2-Lugares-180-cm-e-Veludo-BordC3B4-1504-819527-1-240x240.jpg\" height=\"240\" width=\"240\" alt=\"\" class=\"slider-16064 slide-16075\" title=\"Wood-Prime-SofC3A1-Chesterfield-2-Lugares-180-cm-e-Veludo-BordC3B4-1504-819527-1\" style=\"display: none;\" \/><\/a>\n        <\/div>\n        \n    <\/div>\n<\/div>\u00a0<\/span><\/p>\n<p><span style=\"font-weight: 400;\">Pode parecer confuso tudo isto &#8211; e \u00e9. Por\u00e9m, os especialistas explicam que esta \u00e9 uma rea\u00e7\u00e3o ao que foi vivido em 2020. Espera-se buscar uma nova linha de vida, mas resgatando tamb\u00e9m coisas de que n\u00f3s gostamos do nosso passado.\u00a0<\/span><\/p>\n<p><span style=\"font-weight: 400;\">Inclusive, ser\u00e1 bastante valorizado neste ano aqueles artigos antigos repaginados, al\u00e9m de trabalhos artesanais, como bordados tipo anos 60 ou 70, <a href=\"https:\/\/www.mobly.com.br\/blog\/inspiracoes\/quartos-vintage\/\/?utm_source=blog_texto&amp;utm_medium=social_blog&amp;utm_campaign=_20210303\" target=\"_blank\" rel=\"noopener\">estilo vintage<\/a>. O que acha disso tudo?<\/span><\/p>\n<p><span style=\"font-weight: 400;\">E \u00e9 claro que, tentando a <a href=\"https:\/\/www.mobly.com.br\/blog\/inspiracoes\/decoracao-2021\/\/?utm_source=blog_texto&amp;utm_medium=social_blog&amp;utm_campaign=_20210303\" target=\"_blank\" rel=\"noopener\">decora\u00e7\u00e3o 2021<\/a> ser mais \u201camiga da natureza\u201d \u2013 consumo consciente e tecnologia verde \u2013, veremos muitas pe\u00e7as feitas de <a href=\"https:\/\/www.mobly.com.br\/blog\/inspiracoes\/13-maneiras-de-ter-uma-casa-sustentavel\/\/?utm_source=blog_texto&amp;utm_medium=social_blog&amp;utm_campaign=_20210303\" target=\"_blank\" rel=\"noopener\">modo sustent\u00e1vel<\/a>. De fato, com tudo que vivenciamos nos \u00faltimos tempos, percebemos que isto j\u00e1 n\u00e3o pode ficar s\u00f3 no discurso. Realmente \u00e9 preciso que tal conceito invada de vez as nossas casas. S\u00e3o tend\u00eancias de decora\u00e7\u00e3o que combinam muito bem com isto, as <a href=\"https:\/\/www.mobly.com.br\/blog\/casa-mobly\/sala-de-estar-rustica-e-colorida\/\/?utm_source=blog_texto&amp;utm_medium=social_blog&amp;utm_campaign=_20210303\" target=\"_blank\" rel=\"noopener\">r\u00fastica<\/a>, bo\u00eamia ou <a href=\"https:\/\/www.mobly.com.br\/blog\/casa-mobly\/quarto-juvenil-feminino-boho-chic\/\/?utm_source=blog_texto&amp;utm_medium=social_blog&amp;utm_campaign=_20210303\" target=\"_blank\" rel=\"noopener\">boho<\/a>.<\/span><\/p>\n<p><a href=\"https:\/\/www.vivadecora.com.br\/revista\/cor-terracota\/\" target=\"_blank\" rel=\"noopener\"><img loading=\"lazy\" decoding=\"async\" class=\"alignnone size-full wp-image-16058 aligncenter\" src=\"https:\/\/blog.mobly.com.br\/wp-content\/uploads\/2021\/03\/Outono-2021-8.jpg\" alt=\"outono_2021_8\" width=\"700\" height=\"496\" srcset=\"https:\/\/www.mobly.com.br\/blog\/wp-content\/uploads\/2021\/03\/Outono-2021-8.jpg 700w, https:\/\/www.mobly.com.br\/blog\/wp-content\/uploads\/2021\/03\/Outono-2021-8-300x213.jpg 300w\" sizes=\"auto, (max-width: 700px) 100vw, 700px\" \/><\/a><\/p>\n<p style=\"text-align: right;\"><span style=\"font-weight: 400;\">Behance e Mil Ideas\u00a0<\/span><\/p>\n<h2><span style=\"font-weight: 400;\">Que cores do outono estar\u00e3o em alta em 2021?<\/span><\/h2>\n<p><span style=\"font-weight: 400;\">Especialmente para as esta\u00e7\u00f5es outono e inverno 2021, se aposta na utiliza\u00e7\u00e3o de uma paleta de cores mais cl\u00e1ssica. O verde oliva ser\u00e1 a grande estrela da vez, aparecendo em paredes, <a href=\"https:\/\/www.mobly.com.br\/moveis\/sofas\/\/?utm_source=blog_texto&amp;utm_medium=social_blog&amp;utm_campaign=_20210303\" target=\"_blank\" rel=\"noopener\">sof\u00e1s <\/a>e muito mais.\u00a0<\/span><\/p>\n<p><span style=\"font-weight: 400;\">Junto desta cor, outros tons de verde, como verde militar, verde esmeralda ou mesmo preto esverdeado. Al\u00e9m disso, est\u00e3o na moda as cores malva, azul marinho, roxo magenta, rosa p\u00eassego e vermelho terracota.<\/span><\/p>\n<p><span style=\"font-weight: 400;\">O \u201ccolor block\u201d que citamos antes j\u00e1 come\u00e7a a dominar o mercado. Por isto vemos o lan\u00e7amento de tantas pe\u00e7as em cores como roxo, azul vibrante e vermelho, colocadas em destaque nos ambientes. Estes itens devem deixar as decora\u00e7\u00f5es com um visual mais despojado, quase infantil.<\/span><\/p>\n<p>Leia tamb\u00e9m:\u00a0<a href=\"https:\/\/www.mobly.com.br\/blog\/inspiracoes\/cores-decoracao-de-sala-de-jantar\/\/?utm_source=blog_texto&amp;utm_medium=social_blog&amp;utm_campaign=_20210303\" target=\"_blank\" rel=\"noopener\">As cores perfeitas para decora\u00e7\u00e3o de sua sala de jantar<\/a><\/p>\n<p><a href=\"https:\/\/www.vivadecora.com.br\/revista\/sala-verde\/\" target=\"_blank\" rel=\"noopener\"><img loading=\"lazy\" decoding=\"async\" class=\"alignnone size-full wp-image-16053 aligncenter\" src=\"https:\/\/blog.mobly.com.br\/wp-content\/uploads\/2021\/03\/Outono-2021-3.jpg\" alt=\"outono_2021_3\" width=\"700\" height=\"488\" srcset=\"https:\/\/www.mobly.com.br\/blog\/wp-content\/uploads\/2021\/03\/Outono-2021-3.jpg 700w, https:\/\/www.mobly.com.br\/blog\/wp-content\/uploads\/2021\/03\/Outono-2021-3-300x209.jpg 300w\" sizes=\"auto, (max-width: 700px) 100vw, 700px\" \/><\/a><\/p>\n<p style=\"text-align: right;\"><span style=\"font-weight: 400;\">Brit + Co e Revestindo a Casa\u00a0<\/span><\/p>\n<p><a href=\"https:\/\/www.vivadecora.com.br\/revista\/azul-marinho\/\" target=\"_blank\" rel=\"noopener\"><img loading=\"lazy\" decoding=\"async\" class=\"alignnone size-full wp-image-16055 aligncenter\" src=\"https:\/\/blog.mobly.com.br\/wp-content\/uploads\/2021\/03\/Outono-2021-5.jpg\" alt=\"outono_2021_5\" width=\"700\" height=\"568\" srcset=\"https:\/\/www.mobly.com.br\/blog\/wp-content\/uploads\/2021\/03\/Outono-2021-5.jpg 700w, https:\/\/www.mobly.com.br\/blog\/wp-content\/uploads\/2021\/03\/Outono-2021-5-300x243.jpg 300w\" sizes=\"auto, (max-width: 700px) 100vw, 700px\" \/><\/a><\/p>\n<p style=\"text-align: right;\"><span style=\"font-weight: 400;\">Project Nursery e HomeDeco\u00a0<\/span><\/p>\n<p><a href=\"https:\/\/www.vivadecora.com.br\/revista\/magenta\/\" target=\"_blank\" rel=\"noopener\"><img loading=\"lazy\" decoding=\"async\" class=\"alignnone size-full wp-image-16056 aligncenter\" src=\"https:\/\/blog.mobly.com.br\/wp-content\/uploads\/2021\/03\/Outono-2021-6.jpg\" alt=\"outono_2021_6\" width=\"700\" height=\"508\" srcset=\"https:\/\/www.mobly.com.br\/blog\/wp-content\/uploads\/2021\/03\/Outono-2021-6.jpg 700w, https:\/\/www.mobly.com.br\/blog\/wp-content\/uploads\/2021\/03\/Outono-2021-6-300x218.jpg 300w\" sizes=\"auto, (max-width: 700px) 100vw, 700px\" \/><\/a><\/p>\n<p style=\"text-align: right;\"><span style=\"font-weight: 400;\">Decor F\u00e1cil e GF Projetos<\/span><\/p>\n<p style=\"text-align: left;\"><span style=\"font-weight: 400;\"><div id=\"metaslider-id-16076\" style=\"max-width: 240px; margin: 0 auto;\" class=\"ml-slider-3-27-0 metaslider metaslider-coin metaslider-16076 ml-slider slider-sku-padrao ml-slider-lightbox-1-12-0 lightbox-disabled\">\n    <div id=\"metaslider_container_16076\">\n        <div id='metaslider_16076' class='coin-slider'>\n<a href=\"javascript:void(0)\" target=\"_self\"><img loading=\"lazy\" decoding=\"async\" src=\"https:\/\/www.mobly.com.br\/blog\/wp-content\/uploads\/2021\/03\/Saturs-Tapetes-Tapete-Saturs-Moderno-Listrado-Laranja-100-x-140-cm-Tapete-para-Sala-e-Quarto-9702-448617-1-240x240.jpg\" height=\"240\" width=\"240\" alt=\"\" class=\"slider-16076 slide-16087\" title=\"Saturs-Tapetes-Tapete-Saturs-Moderno-Listrado-Laranja-100-x-140-cm-Tapete-para-Sala-e-Quarto-9702-448617-1\" style=\"display: none;\" \/><\/a>\n<a href=\"javascript:void(0)\" target=\"_self\"><img loading=\"lazy\" decoding=\"async\" src=\"https:\/\/www.mobly.com.br\/blog\/wp-content\/uploads\/2021\/03\/Mobly-Puff-FofC3A3o-Pop-Corino-Laranja-4609-85036-1-240x240.jpg\" height=\"240\" width=\"240\" alt=\"\" class=\"slider-16076 slide-16085\" title=\"Mobly-Puff-FofC3A3o-Pop-Corino-Laranja-4609-85036-1\" style=\"display: none;\" \/><\/a>\n<a href=\"javascript:void(0)\" target=\"_self\"><img loading=\"lazy\" decoding=\"async\" src=\"https:\/\/www.mobly.com.br\/blog\/wp-content\/uploads\/2021\/03\/Olivar-MC3B3veis-Rack-Alasca-Azul-Marinho-e-FreijC3B3-162-cm-3773-753166-1-240x240.jpg\" height=\"240\" width=\"240\" alt=\"\" class=\"slider-16076 slide-16086\" title=\"Olivar-MC3B3veis-Rack-Alasca-Azul-Marinho-e-FreijC3B3-162-cm-3773-753166-1\" style=\"display: none;\" \/><\/a>\n<a href=\"javascript:void(0)\" target=\"_self\"><img loading=\"lazy\" decoding=\"async\" src=\"https:\/\/www.mobly.com.br\/blog\/wp-content\/uploads\/2021\/03\/Ademir-Recamier-Goya-Veludo-Verde-Esmeralda-D27Rossi-1554-817477-1-240x240.jpg\" height=\"240\" width=\"240\" alt=\"\" class=\"slider-16076 slide-16083\" title=\"Ademir-Recamier-Goya-Veludo-Verde-Esmeralda---D27Rossi-1554-817477-1\" style=\"display: none;\" \/><\/a>\n<a href=\"javascript:void(0)\" target=\"_self\"><img loading=\"lazy\" decoding=\"async\" src=\"https:\/\/www.mobly.com.br\/blog\/wp-content\/uploads\/2021\/03\/Combinare-Poltrona-Nely-I-Laranja-6017-142326-1-240x240.jpg\" height=\"240\" width=\"240\" alt=\"\" class=\"slider-16076 slide-16084\" title=\"Combinare-Poltrona-Nely-I-Laranja-6017-142326-1\" style=\"display: none;\" \/><\/a>\n        <\/div>\n        \n    <\/div>\n<\/div>\u00a0<\/span><\/p>\n<p><span style=\"font-weight: 400;\">E n\u00e3o podemos terminar este texto sem nos referir \u00e0 combina\u00e7\u00e3o m\u00e1xima prevista para 2021, <a href=\"https:\/\/www.mobly.com.br\/blog\/inspiracoes\/cor-pantone-2021\/\/?utm_source=blog_texto&amp;utm_medium=social_blog&amp;utm_campaign=_20210303\" target=\"_blank\" rel=\"noopener\">amarelo vibrante e cinza<\/a>. Esta primeira cor vem para simbolizar o sol, energia m\u00e1xima positiva que cai sobre o nosso planeta.\u00a0<\/span><\/p>\n<p><span style=\"font-weight: 400;\">Por vezes, ele tamb\u00e9m ser\u00e1 representado por um amarelo mais mostarda ou por um laranja radiante. J\u00e1 o cinza serve para nos trazer estabilidade. \u00c9 o casamento perfeito para um ano t\u00e3o cheio de desafios que vivemos.<\/span><\/p>\n<p><b>\u201cA sele\u00e7\u00e3o de duas cores independentes destaca como diferentes elementos se unem para expressar uma mensagem de for\u00e7a e de esperan\u00e7a que \u00e9 duradoura e edificante, transmitindo a ideia de que n\u00e3o se trata de uma cor ou de uma pessoa, mas de mais de uma.\u201d<\/b><span style=\"font-weight: 400;\"> &#8211; Eiseman, em reportagem de Casa e Jardim.<\/span><\/p>\n<p><a href=\"https:\/\/www.vivadecora.com.br\/foto\/106253\/parede-laranja\" target=\"_blank\" rel=\"noopener\"><img loading=\"lazy\" decoding=\"async\" class=\"alignnone size-full wp-image-16059 aligncenter\" src=\"https:\/\/blog.mobly.com.br\/wp-content\/uploads\/2021\/03\/Outono-2021-9.jpg\" alt=\"outono_2021_9\" width=\"700\" height=\"510\" srcset=\"https:\/\/www.mobly.com.br\/blog\/wp-content\/uploads\/2021\/03\/Outono-2021-9.jpg 700w, https:\/\/www.mobly.com.br\/blog\/wp-content\/uploads\/2021\/03\/Outono-2021-9-300x219.jpg 300w\" sizes=\"auto, (max-width: 700px) 100vw, 700px\" \/><\/a><\/p>\n<p style=\"text-align: right;\"><span style=\"font-weight: 400;\">Elaine Fonseca e Hist\u00f3rias de Casa\u00a0<\/span><\/p>\n<p><a href=\"https:\/\/www.vivadecora.com.br\/foto\/158323\/ambiente-com-decoracao-azul-e-tapete-estampado\" target=\"_blank\" rel=\"noopener\"><img loading=\"lazy\" decoding=\"async\" class=\"alignnone size-full wp-image-16060 aligncenter\" src=\"https:\/\/blog.mobly.com.br\/wp-content\/uploads\/2021\/03\/Outono-2021-10.jpg\" alt=\"outono_2021_10\" width=\"700\" height=\"466\" srcset=\"https:\/\/www.mobly.com.br\/blog\/wp-content\/uploads\/2021\/03\/Outono-2021-10.jpg 700w, https:\/\/www.mobly.com.br\/blog\/wp-content\/uploads\/2021\/03\/Outono-2021-10-300x200.jpg 300w\" sizes=\"auto, (max-width: 700px) 100vw, 700px\" \/><\/a><\/p>\n<p style=\"text-align: right;\"><span style=\"font-weight: 400;\">BG Arquitetura\u00a0<\/span><\/p>\n<p><span style=\"font-weight: 400;\">Pronto, depois dessas dicas, a bola est\u00e1 com voc\u00ea, Renove sua casa\u00a0 com as cores do outono e tend\u00eancias da moda!<\/span><\/p>\n<p><span style=\"font-weight: 400;\">Essas dicas de decora\u00e7\u00e3o foram criadas pela equipe <\/span><a href=\"https:\/\/www.vivadecora.com.br\/\" target=\"_blank\" rel=\"noopener\"><span style=\"font-weight: 400;\">Viva Decora<\/span><\/a><span style=\"font-weight: 400;\">.<\/span><\/p>\n<div id=\"metaslider-id-16088\" style=\"max-width: 240px; margin: 0 auto;\" class=\"ml-slider-3-27-0 metaslider metaslider-coin metaslider-16088 ml-slider slider-sku-padrao ml-slider-lightbox-1-12-0 lightbox-disabled\">\n    <div id=\"metaslider_container_16088\">\n        <div id='metaslider_16088' class='coin-slider'>\n<a href=\"javascript:void(0)\" target=\"_self\"><img loading=\"lazy\" decoding=\"async\" src=\"https:\/\/www.mobly.com.br\/blog\/wp-content\/uploads\/2021\/03\/Mobly-Poltrona-Sara-Azul-Marinho-1651-462917-1-240x240.jpg\" height=\"240\" width=\"240\" alt=\"\" class=\"slider-16088 slide-16098\" title=\"Mobly-Poltrona-Sara-Azul-Marinho-1651-462917-1\" style=\"display: none;\" \/><\/a>\n<a href=\"javascript:void(0)\" target=\"_self\"><img loading=\"lazy\" decoding=\"async\" src=\"https:\/\/www.mobly.com.br\/blog\/wp-content\/uploads\/2021\/03\/JBF-Estofados-Namoradeira-Gran-Nina-Captone-Azul-Turquesa-4738-065347-1-240x240.jpg\" height=\"240\" width=\"240\" alt=\"\" class=\"slider-16088 slide-16097\" title=\"JBF-Estofados-Namoradeira-Gran-Nina-Captone-Azul-Turquesa-4738-065347-1\" style=\"display: none;\" \/><\/a>\n<a href=\"javascript:void(0)\" target=\"_self\"><img loading=\"lazy\" decoding=\"async\" src=\"https:\/\/www.mobly.com.br\/blog\/wp-content\/uploads\/2021\/03\/Stay-Puff-Puff-Nobre-Mostarda-3031-029074-1-240x240.jpg\" height=\"240\" width=\"240\" alt=\"\" class=\"slider-16088 slide-16099\" title=\"Stay-Puff-Puff-Nobre-Mostarda-3031-029074-1\" style=\"display: none;\" \/><\/a>\n<a href=\"javascript:void(0)\" target=\"_self\"><img loading=\"lazy\" decoding=\"async\" src=\"https:\/\/www.mobly.com.br\/blog\/wp-content\/uploads\/2021\/03\/Gran-Belo-Poltrona-Decorativa-com-Puff-Sala-de-Estar-PC3A9s-de-Madeira-Naomi-Veludo-Mostarda-Escuro-Gran-Belo-4200-237847-1-240x240.jpg\" height=\"240\" width=\"240\" alt=\"\" class=\"slider-16088 slide-16096\" title=\"Gran-Belo-Poltrona-Decorativa-com-Puff-Sala-de-Estar-PC3A9s-de-Madeira-Naomi-Veludo-Mostarda-Escuro---Gran-Belo-4200-237847-1\" style=\"display: none;\" \/><\/a>\n<a href=\"javascript:void(0)\" target=\"_self\"><img loading=\"lazy\" decoding=\"async\" src=\"https:\/\/www.mobly.com.br\/blog\/wp-content\/uploads\/2021\/03\/Combinare-SofC3A1-3-Lugares-Pergamo-Mostarda-2718-313326-1-240x240.jpg\" height=\"240\" width=\"240\" alt=\"\" class=\"slider-16088 slide-16095\" title=\"Combinare-SofC3A1-3-Lugares-Pergamo-Mostarda-2718-313326-1\" style=\"display: none;\" \/><\/a>\n        <\/div>\n        \n    <\/div>\n<\/div>\n<button class=\"simplefavorite-button has-count loading\" data-postid=\"16049\" data-siteid=\"1\" data-groupid=\"1\" data-favoritecount=\"1\" style=\"\">Carregando...<span class=\"sf-icon-spinner-wrapper\"><i class=\"sf-icon-spinner\"><\/i><\/span><\/button>","protected":false},"excerpt":{"rendered":"<p>2021 precisa trazer para n\u00f3s boas energias. E de acordo com empresas refer\u00eancias nos principais estudos de cores no mundo, como a Pantone, este ano ser\u00e1 ainda mais voltado para as belezas da natureza, vida simples e consciente, sustentabilidade, minimalismo e conforto.\u00a0 Ent\u00e3o, como podemos imaginar que ser\u00e3o os projetos de casas agora? Bom, precisamos mesmo imaginar? O texto a seguir nos dar\u00e1 uma pr\u00e9via de quais os estilos de m\u00f3veis, estampas e at\u00e9 de combina\u00e7\u00f5es de cores do outono que estar\u00e3o em alta. Se quiser saber mais, basta continuar a leitura. Clique nas imagens para mais informa\u00e7\u00f5es.\u00a0 Leia tamb\u00e9m:\u00a0Poltronas para a sala: 20+ modelos que v\u00e3o te inspirar Habitare Arquitetura\u00a0 Quais mudan\u00e7as devem acontecer nas decora\u00e7\u00f5es em 2021? Bem, combinando completamente com os novos tempos, j\u00e1 se pode ver que as decora\u00e7\u00f5es de 2021 n\u00e3o seguem estere\u00f3tipos. Ou seja, os ambientes montados neste ano n\u00e3o s\u00e3o nem masculinos nem femininos.\u00a0 Eles agradam a todos, se espelhando na cultura de rua e nos novos c\u00f3digos visuais criados nos \u00faltimos tempos. O foco \u00e9 expressar criativamente mensagens inspiradoras, sem formalidade ou excessos. \u201cO Outono \/ Inverno 2020\/2021 \u00e9 uma hist\u00f3ria que fala sobre a conscientiza\u00e7\u00e3o, pois vemos um retorno da cor [&hellip;]<\/p>\n","protected":false},"author":9,"featured_media":16051,"comment_status":"open","ping_status":"open","sticky":false,"template":"","format":"standard","meta":{"extendify_custom_stylesheet":"","_mi_skip_tracking":false,"_monsterinsights_skip_tracking":false,"_monsterinsights_sitenote_active":false,"_monsterinsights_sitenote_note":"","_monsterinsights_sitenote_category":0,"footnotes":""},"categories":[11],"tags":[604,353,962,981,67,65,101,891,104,407,408,446,16,89,461,129],"class_list":["post-16049","post","type-post","status-publish","format-standard","has-post-thumbnail","hentry","category-inspiracoes","tag-almofadas","tag-cores","tag-decoracao-vintage","tag-estante","tag-estilo-boho-chic","tag-estilo-minimalista","tag-estilo-rustico","tag-modelos-de-sofa","tag-outono","tag-poltrona","tag-quarto-de-casal","tag-rack","tag-sala-de-estar","tag-sala-de-jantar","tag-sustentabilidade","tag-tapetes"],"yoast_head":"<!-- This site is optimized with the Yoast SEO plugin v24.9 - https:\/\/yoast.com\/wordpress\/plugins\/seo\/ -->\n<title>Cores do Outono 2021: confira ambientes decorados | Blog da Mobly<\/title>\n<meta name=\"description\" content=\"Voc\u00ea j\u00e1 sabe quais s\u00e3o as cores do Outono 2021? Venha conferir ambientes decorados para se inspirar e tirar o melhor proveito do clima da nova esta\u00e7\u00e3o.\" \/>\n<meta name=\"robots\" content=\"index, follow, max-snippet:-1, max-image-preview:large, max-video-preview:-1\" \/>\n<link rel=\"canonical\" href=\"https:\/\/www.mobly.com.br\/blog\/inspiracoes\/cores-do-outono\/\" \/>\n<meta property=\"og:locale\" content=\"pt_BR\" \/>\n<meta property=\"og:type\" content=\"article\" \/>\n<meta property=\"og:title\" content=\"Cores do Outono 2021: confira ambientes decorados | Blog da Mobly\" \/>\n<meta property=\"og:description\" content=\"Voc\u00ea j\u00e1 sabe quais s\u00e3o as cores do Outono 2021? Venha conferir ambientes decorados para se inspirar e tirar o melhor proveito do clima da nova esta\u00e7\u00e3o.\" \/>\n<meta property=\"og:url\" content=\"https:\/\/www.mobly.com.br\/blog\/inspiracoes\/cores-do-outono\/\" \/>\n<meta property=\"og:site_name\" content=\"Blog da Mobly\" \/>\n<meta property=\"article:published_time\" content=\"2021-03-18T12:01:45+00:00\" \/>\n<meta property=\"og:image\" content=\"https:\/\/blog.mobly.com.br\/wp-content\/uploads\/2021\/03\/Outono-2021-1.jpg\" \/>\n\t<meta property=\"og:image:width\" content=\"700\" \/>\n\t<meta property=\"og:image:height\" content=\"467\" \/>\n\t<meta property=\"og:image:type\" content=\"image\/jpeg\" \/>\n<meta name=\"author\" content=\"Viva Decora\" \/>\n<meta name=\"twitter:card\" content=\"summary_large_image\" \/>\n<meta name=\"twitter:label1\" content=\"Escrito por\" \/>\n\t<meta name=\"twitter:data1\" content=\"Viva Decora\" \/>\n\t<meta name=\"twitter:label2\" content=\"Est. tempo de leitura\" \/>\n\t<meta name=\"twitter:data2\" content=\"4 minutos\" \/>\n<script type=\"application\/ld+json\" class=\"yoast-schema-graph\">{\"@context\":\"https:\/\/schema.org\",\"@graph\":[{\"@type\":\"WebPage\",\"@id\":\"https:\/\/www.mobly.com.br\/blog\/inspiracoes\/cores-do-outono\/\",\"url\":\"https:\/\/www.mobly.com.br\/blog\/inspiracoes\/cores-do-outono\/\",\"name\":\"Cores do Outono 2021: confira ambientes decorados | Blog da Mobly\",\"isPartOf\":{\"@id\":\"https:\/\/www.mobly.com.br\/blog\/#website\"},\"primaryImageOfPage\":{\"@id\":\"https:\/\/www.mobly.com.br\/blog\/inspiracoes\/cores-do-outono\/#primaryimage\"},\"image\":{\"@id\":\"https:\/\/www.mobly.com.br\/blog\/inspiracoes\/cores-do-outono\/#primaryimage\"},\"thumbnailUrl\":\"https:\/\/www.mobly.com.br\/blog\/wp-content\/uploads\/2021\/03\/Outono-2021-1.jpg\",\"datePublished\":\"2021-03-18T12:01:45+00:00\",\"author\":{\"@id\":\"https:\/\/www.mobly.com.br\/blog\/#\/schema\/person\/380e56c588e46bb14f2b2afb4d4ee1cb\"},\"description\":\"Voc\u00ea j\u00e1 sabe quais s\u00e3o as cores do Outono 2021? Venha conferir ambientes decorados para se inspirar e tirar o melhor proveito do clima da nova esta\u00e7\u00e3o.\",\"breadcrumb\":{\"@id\":\"https:\/\/www.mobly.com.br\/blog\/inspiracoes\/cores-do-outono\/#breadcrumb\"},\"inLanguage\":\"pt-BR\",\"potentialAction\":[{\"@type\":\"ReadAction\",\"target\":[\"https:\/\/www.mobly.com.br\/blog\/inspiracoes\/cores-do-outono\/\"]}]},{\"@type\":\"ImageObject\",\"inLanguage\":\"pt-BR\",\"@id\":\"https:\/\/www.mobly.com.br\/blog\/inspiracoes\/cores-do-outono\/#primaryimage\",\"url\":\"https:\/\/www.mobly.com.br\/blog\/wp-content\/uploads\/2021\/03\/Outono-2021-1.jpg\",\"contentUrl\":\"https:\/\/www.mobly.com.br\/blog\/wp-content\/uploads\/2021\/03\/Outono-2021-1.jpg\",\"width\":\"700\",\"height\":\"467\",\"caption\":\"outono_2021_1\"},{\"@type\":\"BreadcrumbList\",\"@id\":\"https:\/\/www.mobly.com.br\/blog\/inspiracoes\/cores-do-outono\/#breadcrumb\",\"itemListElement\":[{\"@type\":\"ListItem\",\"position\":1,\"name\":\"Home\",\"item\":\"https:\/\/www.mobly.com.br\/blog\/\"},{\"@type\":\"ListItem\",\"position\":2,\"name\":\"Inspira\u00e7\u00f5es\",\"item\":\"https:\/\/www.mobly.com.br\/blog\/inspiracoes\/\"},{\"@type\":\"ListItem\",\"position\":3,\"name\":\"Cores do Outono 2021: confira ambientes decorados\"}]},{\"@type\":\"WebSite\",\"@id\":\"https:\/\/www.mobly.com.br\/blog\/#website\",\"url\":\"https:\/\/www.mobly.com.br\/blog\/\",\"name\":\"Blog da Mobly\",\"description\":\"Dicas de Decora\u00e7\u00e3o, Inspira\u00e7\u00f5es e Mais\",\"potentialAction\":[{\"@type\":\"SearchAction\",\"target\":{\"@type\":\"EntryPoint\",\"urlTemplate\":\"https:\/\/www.mobly.com.br\/blog\/?s={search_term_string}\"},\"query-input\":{\"@type\":\"PropertyValueSpecification\",\"valueRequired\":true,\"valueName\":\"search_term_string\"}}],\"inLanguage\":\"pt-BR\"},{\"@type\":\"Person\",\"@id\":\"https:\/\/www.mobly.com.br\/blog\/#\/schema\/person\/380e56c588e46bb14f2b2afb4d4ee1cb\",\"name\":\"Viva Decora\",\"image\":{\"@type\":\"ImageObject\",\"inLanguage\":\"pt-BR\",\"@id\":\"https:\/\/www.mobly.com.br\/blog\/#\/schema\/person\/image\/\",\"url\":\"https:\/\/secure.gravatar.com\/avatar\/737144cce1b354b839d06ce8cb6d90d4?s=96&d=mm&r=g\",\"contentUrl\":\"https:\/\/secure.gravatar.com\/avatar\/737144cce1b354b839d06ce8cb6d90d4?s=96&d=mm&r=g\",\"caption\":\"Viva Decora\"},\"description\":\"O Viva Decora \u00e9 uma plataforma que re\u00fane ideias de decora\u00e7\u00e3o, design de interiores e arquitetura em um s\u00f3 lugar. S\u00e3o milhares de fotos de ambientes projetados por profissionais, para inspirar quem quer criar o lar dos sonhos.\",\"url\":\"https:\/\/www.mobly.com.br\/blog\/author\/viva-decora\/\"}]}<\/script>\n<!-- \/ Yoast SEO plugin. -->","yoast_head_json":{"title":"Cores do Outono 2021: confira ambientes decorados | Blog da Mobly","description":"Voc\u00ea j\u00e1 sabe quais s\u00e3o as cores do Outono 2021? Venha conferir ambientes decorados para se inspirar e tirar o melhor proveito do clima da nova esta\u00e7\u00e3o.","robots":{"index":"index","follow":"follow","max-snippet":"max-snippet:-1","max-image-preview":"max-image-preview:large","max-video-preview":"max-video-preview:-1"},"canonical":"https:\/\/www.mobly.com.br\/blog\/inspiracoes\/cores-do-outono\/","og_locale":"pt_BR","og_type":"article","og_title":"Cores do Outono 2021: confira ambientes decorados | Blog da Mobly","og_description":"Voc\u00ea j\u00e1 sabe quais s\u00e3o as cores do Outono 2021? Venha conferir ambientes decorados para se inspirar e tirar o melhor proveito do clima da nova esta\u00e7\u00e3o.","og_url":"https:\/\/www.mobly.com.br\/blog\/inspiracoes\/cores-do-outono\/","og_site_name":"Blog da Mobly","article_published_time":"2021-03-18T12:01:45+00:00","og_image":[{"width":700,"height":467,"url":"https:\/\/blog.mobly.com.br\/wp-content\/uploads\/2021\/03\/Outono-2021-1.jpg","type":"image\/jpeg"}],"author":"Viva Decora","twitter_card":"summary_large_image","twitter_misc":{"Escrito por":"Viva Decora","Est. tempo de leitura":"4 minutos"},"schema":{"@context":"https:\/\/schema.org","@graph":[{"@type":"WebPage","@id":"https:\/\/www.mobly.com.br\/blog\/inspiracoes\/cores-do-outono\/","url":"https:\/\/www.mobly.com.br\/blog\/inspiracoes\/cores-do-outono\/","name":"Cores do Outono 2021: confira ambientes decorados | Blog da Mobly","isPartOf":{"@id":"https:\/\/www.mobly.com.br\/blog\/#website"},"primaryImageOfPage":{"@id":"https:\/\/www.mobly.com.br\/blog\/inspiracoes\/cores-do-outono\/#primaryimage"},"image":{"@id":"https:\/\/www.mobly.com.br\/blog\/inspiracoes\/cores-do-outono\/#primaryimage"},"thumbnailUrl":"https:\/\/www.mobly.com.br\/blog\/wp-content\/uploads\/2021\/03\/Outono-2021-1.jpg","datePublished":"2021-03-18T12:01:45+00:00","author":{"@id":"https:\/\/www.mobly.com.br\/blog\/#\/schema\/person\/380e56c588e46bb14f2b2afb4d4ee1cb"},"description":"Voc\u00ea j\u00e1 sabe quais s\u00e3o as cores do Outono 2021? Venha conferir ambientes decorados para se inspirar e tirar o melhor proveito do clima da nova esta\u00e7\u00e3o.","breadcrumb":{"@id":"https:\/\/www.mobly.com.br\/blog\/inspiracoes\/cores-do-outono\/#breadcrumb"},"inLanguage":"pt-BR","potentialAction":[{"@type":"ReadAction","target":["https:\/\/www.mobly.com.br\/blog\/inspiracoes\/cores-do-outono\/"]}]},{"@type":"ImageObject","inLanguage":"pt-BR","@id":"https:\/\/www.mobly.com.br\/blog\/inspiracoes\/cores-do-outono\/#primaryimage","url":"https:\/\/www.mobly.com.br\/blog\/wp-content\/uploads\/2021\/03\/Outono-2021-1.jpg","contentUrl":"https:\/\/www.mobly.com.br\/blog\/wp-content\/uploads\/2021\/03\/Outono-2021-1.jpg","width":"700","height":"467","caption":"outono_2021_1"},{"@type":"BreadcrumbList","@id":"https:\/\/www.mobly.com.br\/blog\/inspiracoes\/cores-do-outono\/#breadcrumb","itemListElement":[{"@type":"ListItem","position":1,"name":"Home","item":"https:\/\/www.mobly.com.br\/blog\/"},{"@type":"ListItem","position":2,"name":"Inspira\u00e7\u00f5es","item":"https:\/\/www.mobly.com.br\/blog\/inspiracoes\/"},{"@type":"ListItem","position":3,"name":"Cores do Outono 2021: confira ambientes decorados"}]},{"@type":"WebSite","@id":"https:\/\/www.mobly.com.br\/blog\/#website","url":"https:\/\/www.mobly.com.br\/blog\/","name":"Blog da Mobly","description":"Dicas de Decora\u00e7\u00e3o, Inspira\u00e7\u00f5es e Mais","potentialAction":[{"@type":"SearchAction","target":{"@type":"EntryPoint","urlTemplate":"https:\/\/www.mobly.com.br\/blog\/?s={search_term_string}"},"query-input":{"@type":"PropertyValueSpecification","valueRequired":true,"valueName":"search_term_string"}}],"inLanguage":"pt-BR"},{"@type":"Person","@id":"https:\/\/www.mobly.com.br\/blog\/#\/schema\/person\/380e56c588e46bb14f2b2afb4d4ee1cb","name":"Viva Decora","image":{"@type":"ImageObject","inLanguage":"pt-BR","@id":"https:\/\/www.mobly.com.br\/blog\/#\/schema\/person\/image\/","url":"https:\/\/secure.gravatar.com\/avatar\/737144cce1b354b839d06ce8cb6d90d4?s=96&d=mm&r=g","contentUrl":"https:\/\/secure.gravatar.com\/avatar\/737144cce1b354b839d06ce8cb6d90d4?s=96&d=mm&r=g","caption":"Viva Decora"},"description":"O Viva Decora \u00e9 uma plataforma que re\u00fane ideias de decora\u00e7\u00e3o, design de interiores e arquitetura em um s\u00f3 lugar. S\u00e3o milhares de fotos de ambientes projetados por profissionais, para inspirar quem quer criar o lar dos sonhos.","url":"https:\/\/www.mobly.com.br\/blog\/author\/viva-decora\/"}]}},"_links":{"self":[{"href":"https:\/\/www.mobly.com.br\/blog\/wp-json\/wp\/v2\/posts\/16049","targetHints":{"allow":["GET"]}}],"collection":[{"href":"https:\/\/www.mobly.com.br\/blog\/wp-json\/wp\/v2\/posts"}],"about":[{"href":"https:\/\/www.mobly.com.br\/blog\/wp-json\/wp\/v2\/types\/post"}],"author":[{"embeddable":true,"href":"https:\/\/www.mobly.com.br\/blog\/wp-json\/wp\/v2\/users\/9"}],"replies":[{"embeddable":true,"href":"https:\/\/www.mobly.com.br\/blog\/wp-json\/wp\/v2\/comments?post=16049"}],"version-history":[{"count":5,"href":"https:\/\/www.mobly.com.br\/blog\/wp-json\/wp\/v2\/posts\/16049\/revisions"}],"predecessor-version":[{"id":16100,"href":"https:\/\/www.mobly.com.br\/blog\/wp-json\/wp\/v2\/posts\/16049\/revisions\/16100"}],"wp:featuredmedia":[{"embeddable":true,"href":"https:\/\/www.mobly.com.br\/blog\/wp-json\/wp\/v2\/media\/16051"}],"wp:attachment":[{"href":"https:\/\/www.mobly.com.br\/blog\/wp-json\/wp\/v2\/media?parent=16049"}],"wp:term":[{"taxonomy":"category","embeddable":true,"href":"https:\/\/www.mobly.com.br\/blog\/wp-json\/wp\/v2\/categories?post=16049"},{"taxonomy":"post_tag","embeddable":true,"href":"https:\/\/www.mobly.com.br\/blog\/wp-json\/wp\/v2\/tags?post=16049"}],"curies":[{"name":"wp","href":"https:\/\/api.w.org\/{rel}","templated":true}]}}