{"id":15999,"date":"2021-03-15T09:00:05","date_gmt":"2021-03-15T12:00:05","guid":{"rendered":"https:\/\/www.mobly.com.br\/blog\/?p=15999"},"modified":"2021-03-03T20:00:58","modified_gmt":"2021-03-03T23:00:58","slug":"estante-de-livros","status":"publish","type":"post","link":"https:\/\/www.mobly.com.br\/blog\/inspiracoes\/estante-de-livros\/","title":{"rendered":"Estante de livros: 11 modelos para organizar sua leitura"},"content":{"rendered":"<p><span style=\"font-weight: 400;\">Um dos maiores prazeres da vida \u00e9 ler. Se voc\u00ea tamb\u00e9m \u00e9 um amante das artes liter\u00e1rias, sabe como \u00e9 divertido poder \u201cviajar pelas palavras&#8221; e conhecer novos mundos diferentes e distantes.\u00a0<\/span><\/p>\n<p><span style=\"font-weight: 400;\">As informa\u00e7\u00f5es contidas nos livros nos levam ao conhecimento e n\u00e3o tem nada que pague por isto. Ent\u00e3o, que tal ter um cantinho s\u00f3 para leitura dentro da sua <\/span><a href=\"https:\/\/www.vivadecora.com.br\/decoracao\/casa\" target=\"_blank\" rel=\"noopener\"><span style=\"font-weight: 400;\">casa<\/span><\/a><span style=\"font-weight: 400;\"> tamb\u00e9m? Aceita?<\/span><\/p>\n<p><span style=\"font-weight: 400;\">E se voc\u00ea quer mesmo montar um cantinho de leitura dentro de casa, saiba que vai precisar de <a href=\"https:\/\/www.mobly.com.br\/moveis\/estantes\/\/?utm_source=blog_texto&amp;utm_medium=social_blog&amp;utm_campaign=_20210303\" target=\"_blank\" rel=\"noopener\">estantes para organizar os seus livros<\/a>. Trouxemos algumas dicas para voc\u00ea se inspirar! Clique nas imagens para mais informa\u00e7\u00f5es.\u00a0<\/span><\/p>\n<p>Leia tamb\u00e9m:\u00a0<a href=\"https:\/\/www.mobly.com.br\/blog\/dicas\/como-organizar-livros\/\/?utm_source=blog_texto&amp;utm_medium=social_blog&amp;utm_campaign=_20210303\" target=\"_blank\" rel=\"noopener\">Top 10 dicas para organizar sua estante de livros<\/a><\/p>\n<p><a href=\"https:\/\/www.vivadecora.com.br\/foto\/152296\/estante-em-marcenaria-azul-e-poltronas-de-veludo\" target=\"_blank\" rel=\"noopener\"><img loading=\"lazy\" decoding=\"async\" class=\"alignnone size-full wp-image-16005 aligncenter\" src=\"https:\/\/blog.mobly.com.br\/wp-content\/uploads\/2021\/03\/6-Estantes-de-livros.jpg\" alt=\"6_estantes_de_livros\" width=\"700\" height=\"465\" srcset=\"https:\/\/www.mobly.com.br\/blog\/wp-content\/uploads\/2021\/03\/6-Estantes-de-livros.jpg 700w, https:\/\/www.mobly.com.br\/blog\/wp-content\/uploads\/2021\/03\/6-Estantes-de-livros-300x199.jpg 300w\" sizes=\"auto, (max-width: 700px) 100vw, 700px\" \/><\/a><\/p>\n<p style=\"text-align: right;\"><a href=\"https:\/\/www.vivadecora.com.br\/luizsentinger\/projetos\" target=\"_blank\" rel=\"noopener\"><span style=\"font-weight: 400;\">Luiz Sentinger<\/span><\/a><\/p>\n<h2><span style=\"font-weight: 400;\">Design da pe\u00e7a<\/span><\/h2>\n<p><span style=\"font-weight: 400;\">Obviamente, n\u00e3o faria sentido algum voc\u00ea ter um cantinho de leitura dentro de casa sem livros, n\u00e3o \u00e9? E onde armazenar estas obras maravilhosas ent\u00e3o? Sim, em uma estante de livros.\u00a0<\/span><\/p>\n<p><span style=\"font-weight: 400;\">Mas a mesma n\u00e3o precisa ser grande. Na verdade, o certo \u00e9 que ela seja compat\u00edvel com o espa\u00e7o decorado para este fim. Afinal, ser\u00e1 apenas para preencher uma \u00e1rea vazia da<a href=\"https:\/\/www.mobly.com.br\/moveis\/moveis-sala\/\/?utm_source=blog_texto&amp;utm_medium=social_blog&amp;utm_campaign=_20210303\" target=\"_blank\" rel=\"noopener\"> sua sala<\/a> ou uma parede inteira do <a href=\"https:\/\/www.mobly.com.br\/moveis\/moveis-escritorio\/\/?utm_source=blog_texto&amp;utm_medium=social_blog&amp;utm_campaign=_20210303\" target=\"_blank\" rel=\"noopener\">home office<\/a>?<\/span><\/p>\n<p>Leia tamb\u00e9m:\u00a0<a href=\"https:\/\/www.mobly.com.br\/blog\/inspiracoes\/8-cantos-de-leitura-para-se-inspirar\/\/?utm_source=blog_texto&amp;utm_medium=social_blog&amp;utm_campaign=_20210303\" target=\"_blank\" rel=\"noopener\">8 cantos de leitura para se Inspirar<\/a><\/p>\n<p><a href=\"https:\/\/www.vivadecora.com.br\/foto\/185387\/mesa-de-centro-de-madeira-e-estante-ampla-clara\" target=\"_blank\" rel=\"noopener\"><img loading=\"lazy\" decoding=\"async\" class=\"alignnone size-full wp-image-16007 aligncenter\" src=\"https:\/\/blog.mobly.com.br\/wp-content\/uploads\/2021\/03\/8-Estantes-de-livros.jpg\" alt=\"8_estantes_de_livros\" width=\"700\" height=\"466\" srcset=\"https:\/\/www.mobly.com.br\/blog\/wp-content\/uploads\/2021\/03\/8-Estantes-de-livros.jpg 700w, https:\/\/www.mobly.com.br\/blog\/wp-content\/uploads\/2021\/03\/8-Estantes-de-livros-300x200.jpg 300w\" sizes=\"auto, (max-width: 700px) 100vw, 700px\" \/><\/a><\/p>\n<p style=\"text-align: right;\"><span style=\"font-weight: 400;\">Paul Cremoux Studio\u00a0<\/span><\/p>\n<p><span style=\"font-weight: 400;\">E quanto \u00e0 apar\u00eancia desta estante? Bem, ela pode combinar com os outros itens mobili\u00e1rios ao redor, em cor e acabamento. Ou pode tamb\u00e9m contrastar de forma harmoniosa, at\u00e9 mesmo virando ponto focal principal do cen\u00e1rio.\u00a0<\/span><\/p>\n<p><span style=\"font-weight: 400;\">Claro que esta pe\u00e7a pode ganhar ainda mais destaque se tiver prateleiras em formatos inusitados ou mesmo luzes embutidas \u2013 s\u00f3 n\u00e3o exagere, para n\u00e3o desbotar as capas dos livros.<\/span><\/p>\n<p><span style=\"font-weight: 400;\">Voc\u00ea pode pensar que n\u00e3o \u00e9 poss\u00edvel fazer uma estante de livros diferente do padr\u00e3o, mas n\u00e3o \u00e9 verdade. Detalhes sutis no seu design devem fazer toda a diferen\u00e7a \u2013 como aberturas laterais e at\u00e9 mesmo t\u00e1buas cruzadas, formando um &#8216;X\u2019 de livros. Observe como tudo foi feito nos exemplos de projetos apresentados nas imagens a seguir.<\/span><\/p>\n<p><a href=\"https:\/\/www.vivadecora.com.br\/foto\/70448\/biblioteca-com-estante-alta-de-madeira\" target=\"_blank\" rel=\"noopener\"><img loading=\"lazy\" decoding=\"async\" class=\"alignnone size-full wp-image-16002 aligncenter\" src=\"https:\/\/blog.mobly.com.br\/wp-content\/uploads\/2021\/03\/3-Estantes-de-livros.jpg\" alt=\"3_estantes_de_livros\" width=\"700\" height=\"466\" srcset=\"https:\/\/www.mobly.com.br\/blog\/wp-content\/uploads\/2021\/03\/3-Estantes-de-livros.jpg 700w, https:\/\/www.mobly.com.br\/blog\/wp-content\/uploads\/2021\/03\/3-Estantes-de-livros-300x200.jpg 300w\" sizes=\"auto, (max-width: 700px) 100vw, 700px\" \/><\/a><\/p>\n<p style=\"text-align: right;\"><span style=\"font-weight: 400;\">Juliana Pippi\u00a0<\/span><\/p>\n<p><a href=\"https:\/\/www.vivadecora.com.br\/foto\/200251\/caixilho-metalico-cinza-e-tapete-estampado-moderno\" target=\"_blank\" rel=\"noopener\"><img loading=\"lazy\" decoding=\"async\" class=\"alignnone size-full wp-image-16003 aligncenter\" src=\"https:\/\/blog.mobly.com.br\/wp-content\/uploads\/2021\/03\/4-Estantes-de-livros.jpg\" alt=\"4_estantes_de_livros\" width=\"700\" height=\"469\" srcset=\"https:\/\/www.mobly.com.br\/blog\/wp-content\/uploads\/2021\/03\/4-Estantes-de-livros.jpg 700w, https:\/\/www.mobly.com.br\/blog\/wp-content\/uploads\/2021\/03\/4-Estantes-de-livros-300x201.jpg 300w\" sizes=\"auto, (max-width: 700px) 100vw, 700px\" \/><\/a><\/p>\n<p style=\"text-align: right;\"><span style=\"font-weight: 400;\">Revista Viva Decora e Houzz \u2013 Foto de Josh Partee<\/span><\/p>\n<p style=\"text-align: left;\"><span style=\"font-weight: 400;\"><div id=\"metaslider-id-16012\" style=\"max-width: 240px; margin: 0 auto;\" class=\"ml-slider-3-27-0 metaslider metaslider-coin metaslider-16012 ml-slider slider-sku-padrao ml-slider-lightbox-1-12-0 lightbox-disabled\">\n    <div id=\"metaslider_container_16012\">\n        <div id='metaslider_16012' class='coin-slider'>\n<a href=\"javascript:void(0)\" target=\"_self\"><img loading=\"lazy\" decoding=\"async\" src=\"https:\/\/www.mobly.com.br\/blog\/wp-content\/uploads\/2021\/03\/Mobly-Estante-Wooden-Tabaco-e-Preta-7343-040927-1-240x240.jpg\" height=\"240\" width=\"240\" alt=\"\" class=\"slider-16012 slide-16022\" title=\"Mobly-Estante-Wooden-Tabaco-e-Preta-7343-040927-1\" style=\"display: none;\" \/><\/a>\n<a href=\"javascript:void(0)\" target=\"_self\"><img loading=\"lazy\" decoding=\"async\" src=\"https:\/\/www.mobly.com.br\/blog\/wp-content\/uploads\/2021\/03\/I27M-IN-Estante-Poly-Preta-28167x75-cm29-4792-233957-1-240x240.jpg\" height=\"240\" width=\"240\" alt=\"\" class=\"slider-16012 slide-16021\" title=\"I27M-IN-Estante-Poly-Preta-28167x75-cm29-4792-233957-1\" style=\"display: none;\" \/><\/a>\n<a href=\"javascript:void(0)\" target=\"_self\"><img loading=\"lazy\" decoding=\"async\" src=\"https:\/\/www.mobly.com.br\/blog\/wp-content\/uploads\/2021\/03\/Bramov-Conjunto-com-4-Nichos-Vidame-Branco-7916-181887-1-240x240.jpg\" height=\"240\" width=\"240\" alt=\"\" class=\"slider-16012 slide-16019\" title=\"Bramov-Conjunto-com-4-Nichos-Vidame-Branco-7916-181887-1\" style=\"display: none;\" \/><\/a>\n<a href=\"javascript:void(0)\" target=\"_self\"><img loading=\"lazy\" decoding=\"async\" src=\"https:\/\/www.mobly.com.br\/blog\/wp-content\/uploads\/2021\/03\/Casa-Chic-Prateleira-Basic-Branca-100x20-cm-7672-402577-1-240x240.jpg\" height=\"240\" width=\"240\" alt=\"\" class=\"slider-16012 slide-16020\" title=\"Casa-Chic-Prateleira-Basic-Branca-100x20-cm-7672-402577-1\" style=\"display: none;\" \/><\/a>\n<a href=\"javascript:void(0)\" target=\"_self\"><img loading=\"lazy\" decoding=\"async\" src=\"https:\/\/www.mobly.com.br\/blog\/wp-content\/uploads\/2021\/03\/Nova-MC3B3bile-Estante-Gamer-Darci-Preta-e-Verde-4704-331577-1-240x240.jpg\" height=\"240\" width=\"240\" alt=\"\" class=\"slider-16012 slide-16023\" title=\"Nova-MC3B3bile-Estante-Gamer-Darci-Preta-e-Verde-4704-331577-1\" style=\"display: none;\" \/><\/a>\n        <\/div>\n        \n    <\/div>\n<\/div>\u00a0<\/span><\/p>\n<h2><span style=\"font-weight: 400;\">Material de fabrica\u00e7\u00e3o<\/span><\/h2>\n<p><span style=\"font-weight: 400;\">Algumas pessoas t\u00eam d\u00favidas sobre como as estantes de livros de casa podem ser feitas. \u00c9 \u00f3bvio que a madeira sempre ser\u00e1 bastante considerada para a sua estrutura.\u00a0<\/span><\/p>\n<p><span style=\"font-weight: 400;\">Mas nem todos os m\u00f3veis fabricados atualmente neste material servem para tal. Por exemplo, as estantes de MDF com prateleiras com menos de 4 cm de espessura precisam ser desconsideradas.<\/span><\/p>\n<p><span style=\"font-weight: 400;\">Outra op\u00e7\u00e3o seriam as estantes de livros mais refor\u00e7adas, com estruturas em material misto, tipo t\u00e1buas de madeira e barras de metal. O importante \u00e9 que todo o sistema realmente aguente o peso dos livros que estiverem opostos sobre as prateleiras.\u00a0<\/span><\/p>\n<p><span style=\"font-weight: 400;\">Ali\u00e1s, se algumas obras forem bastante preciosas \u2013 antigas e que n\u00e3o possam pegar poeira \u2013, podemos considerar usar, no lugar, um arm\u00e1rio fechado, com portas de vidro.<\/span><\/p>\n<p>Leia tamb\u00e9m:\u00a0<a href=\"https:\/\/www.mobly.com.br\/blog\/sem-categoria\/como-montar-um-cantinho-de-estudos\/\/\/?utm_source=blog_texto&amp;utm_medium=social_blog&amp;utm_campaign=_20210303\" target=\"_blank\" rel=\"noopener\">Cantinho de estudos: Como montar o seu?<\/a><\/p>\n<p><a href=\"https:\/\/www.vivadecora.com.br\/foto\/185422\/estante-metalica-vazada-e-piso-de-cimento-queimado\" target=\"_blank\" rel=\"noopener\"><img loading=\"lazy\" decoding=\"async\" class=\"alignnone size-full wp-image-16004 aligncenter\" src=\"https:\/\/blog.mobly.com.br\/wp-content\/uploads\/2021\/03\/5-Estantes-de-livros.jpg\" alt=\"5_estantes_de_livros\" width=\"700\" height=\"475\" srcset=\"https:\/\/www.mobly.com.br\/blog\/wp-content\/uploads\/2021\/03\/5-Estantes-de-livros.jpg 700w, https:\/\/www.mobly.com.br\/blog\/wp-content\/uploads\/2021\/03\/5-Estantes-de-livros-300x204.jpg 300w\" sizes=\"auto, (max-width: 700px) 100vw, 700px\" \/><\/a><\/p>\n<p style=\"text-align: right;\"><span style=\"font-weight: 400;\">Divisare e Focus Maison\u00a0<\/span><\/p>\n<h2><span style=\"font-weight: 400;\">Cores das prateleiras<\/span><\/h2>\n<p><span style=\"font-weight: 400;\">De todos os m\u00f3veis da casa, a estante de livros ser\u00e1 a mais dif\u00edcil de limpar. Falando a verdade, dificilmente no dia-a-dia voc\u00ea ter\u00e1 a boa vontade e tempo de deslocar todas as obras para do lugar para tirar a poeira.\u00a0<\/span><\/p>\n<p><span style=\"font-weight: 400;\">Mesmo assim, encontramos muitos modelos de estantes prontas para livros na cor branca \u00e0 venda nas lojas.\u00a0<\/span><span style=\"font-weight: 400;\">Estantes de livros pretas s\u00e3o lindas e deixam os cantinhos de leitura ou de mini escrit\u00f3rio em casa com uma cara bem sofisticada. Tamb\u00e9m h\u00e1 as cinzas, para decora\u00e7\u00f5es mais clean. Mas a op\u00e7\u00e3o mais cl\u00e1ssica sempre ser\u00e1 aquela de estantes com o acabamento em textura de madeira natural \u2013 principalmente em tom caramelo claro.<\/span><\/p>\n<p><a href=\"https:\/\/www.vivadecora.com.br\/foto\/105251\/estante-de-nichos\" target=\"_blank\" rel=\"noopener\"><img loading=\"lazy\" decoding=\"async\" class=\"alignnone size-full wp-image-16000 aligncenter\" src=\"https:\/\/blog.mobly.com.br\/wp-content\/uploads\/2021\/03\/1-Estantes-de-livros.jpg\" alt=\"1_estantes_de_livros\" width=\"700\" height=\"510\" srcset=\"https:\/\/www.mobly.com.br\/blog\/wp-content\/uploads\/2021\/03\/1-Estantes-de-livros.jpg 700w, https:\/\/www.mobly.com.br\/blog\/wp-content\/uploads\/2021\/03\/1-Estantes-de-livros-300x219.jpg 300w\" sizes=\"auto, (max-width: 700px) 100vw, 700px\" \/><\/a><\/p>\n<p style=\"text-align: right;\"><a href=\"https:\/\/www.vivadecora.com.br\/casacor2016\/projetos\" target=\"_blank\" rel=\"noopener\"><span style=\"font-weight: 400;\">CASA COR 2016<\/span><\/a><\/p>\n<p><a href=\"https:\/\/www.vivadecora.com.br\/foto\/221122\/sofa-com-estofado-cinza-e-movel-planejado-branco\" target=\"_blank\" rel=\"noopener\"><img loading=\"lazy\" decoding=\"async\" class=\"alignnone size-full wp-image-16001 aligncenter\" src=\"https:\/\/blog.mobly.com.br\/wp-content\/uploads\/2021\/03\/2-Estantes-de-livros.jpg\" alt=\"2_estantes_de_livros\" width=\"700\" height=\"480\" srcset=\"https:\/\/www.mobly.com.br\/blog\/wp-content\/uploads\/2021\/03\/2-Estantes-de-livros.jpg 700w, https:\/\/www.mobly.com.br\/blog\/wp-content\/uploads\/2021\/03\/2-Estantes-de-livros-300x206.jpg 300w\" sizes=\"auto, (max-width: 700px) 100vw, 700px\" \/><\/a><\/p>\n<p style=\"text-align: right;\"><span style=\"font-weight: 400;\">Bibiana Menegaz Arquitetura de Atmosfera<\/span><\/p>\n<p style=\"text-align: left;\"><span style=\"font-weight: 400;\"><div id=\"metaslider-id-16024\" style=\"max-width: 240px; margin: 0 auto;\" class=\"ml-slider-3-27-0 metaslider metaslider-coin metaslider-16024 ml-slider slider-sku-padrao ml-slider-lightbox-1-12-0 lightbox-disabled\">\n    <div id=\"metaslider_container_16024\">\n        <div id='metaslider_16024' class='coin-slider'>\n<a href=\"javascript:void(0)\" target=\"_self\"><img loading=\"lazy\" decoding=\"async\" src=\"https:\/\/www.mobly.com.br\/blog\/wp-content\/uploads\/2021\/03\/MC3B3veis-LeC3A3o-Estante-Marbella-2-PT-Preta-7600-556676-1-240x240.jpg\" height=\"240\" width=\"240\" alt=\"\" class=\"slider-16024 slide-16034\" title=\"MC3B3veis-LeC3A3o-Estante-Marbella-2-PT-Preta-7600-556676-1\" style=\"display: none;\" \/><\/a>\n<a href=\"javascript:void(0)\" target=\"_self\"><img loading=\"lazy\" decoding=\"async\" src=\"https:\/\/www.mobly.com.br\/blog\/wp-content\/uploads\/2021\/03\/Dalla-Costa-Estante-Cristaleira-2-PT-Nobre-e-Preto-Brilho-6215-256794-1-240x240.jpg\" height=\"240\" width=\"240\" alt=\"\" class=\"slider-16024 slide-16033\" title=\"Dalla-Costa-Estante-Cristaleira-2-PT-Nobre-e-Preto-Brilho-6215-256794-1\" style=\"display: none;\" \/><\/a>\n<a href=\"javascript:void(0)\" target=\"_self\"><img loading=\"lazy\" decoding=\"async\" src=\"https:\/\/www.mobly.com.br\/blog\/wp-content\/uploads\/2021\/03\/BRV-MC3B3veis-Estante-Livreiro-Chertan-Branca-5710-12321-1-240x240.jpg\" height=\"240\" width=\"240\" alt=\"\" class=\"slider-16024 slide-16032\" title=\"BRV-MC3B3veis-Estante-Livreiro-Chertan-Branca-5710-12321-1\" style=\"display: none;\" \/><\/a>\n<a href=\"javascript:void(0)\" target=\"_self\"><img loading=\"lazy\" decoding=\"async\" src=\"https:\/\/www.mobly.com.br\/blog\/wp-content\/uploads\/2021\/03\/Artefamol-Estante-Oxford-1-GV-Preto-e-DemoliC3A7C3A3o-5596-852496-1-240x240.jpg\" height=\"240\" width=\"240\" alt=\"\" class=\"slider-16024 slide-16031\" title=\"Artefamol-Estante-Oxford-1-GV-Preto-e-DemoliC3A7C3A3o-5596-852496-1\" style=\"display: none;\" \/><\/a>\n<a href=\"javascript:void(0)\" target=\"_self\"><img loading=\"lazy\" decoding=\"async\" src=\"https:\/\/www.mobly.com.br\/blog\/wp-content\/uploads\/2021\/03\/Tecno-Mobili-Estante-para-EscritC3B3rio-Belga-2-PT-Branco-Nogal-9408-946065-1-240x240.jpg\" height=\"240\" width=\"240\" alt=\"\" class=\"slider-16024 slide-16035\" title=\"Tecno-Mobili-Estante-para-EscritC3B3rio-Belga-2-PT-Branco-Nogal-9408-946065-1\" style=\"display: none;\" \/><\/a>\n        <\/div>\n        \n    <\/div>\n<\/div>\u00a0<\/span><\/p>\n<h2><span style=\"font-weight: 400;\">Medidas e localiza\u00e7\u00e3o dentro de casa<\/span><\/h2>\n<p><span style=\"font-weight: 400;\">Vamos, por fim, voltar \u00e0 quest\u00e3o de onde colocar uma estante de livros dentro de casa. Como j\u00e1 dissemos, \u00e9 claro que se podem ter estantes de livros na sala de estar, mas este n\u00e3o \u00e9 o local ideal.\u00a0<\/span><\/p>\n<p><span style=\"font-weight: 400;\">Sabe por qu\u00ea? \u00c9 que os livros revelam muito de n\u00f3s, o nosso lado mais \u00edntimo. Ent\u00e3o, melhor \u00e9 deixarmos algo assim para um <a href=\"https:\/\/www.mobly.com.br\/moveis\/moveis-quarto\/\/?utm_source=blog_texto&amp;utm_medium=social_blog&amp;utm_campaign=_20210303\" target=\"_blank\" rel=\"noopener\">quarto<\/a>, sala de TV ou mesmo cantinho de home office do im\u00f3vel. O que acha? Concorda?<\/span><\/p>\n<p><span style=\"font-weight: 400;\">Preocupe-se se a sua estante de livros n\u00e3o \u00e9 alta demais para que voc\u00ea possa acessar os seus livros. Tamb\u00e9m n\u00e3o \u00e9 legal deixar estas obras t\u00e3o valiosas em contato com a poeira do piso \u2013 quem sabe podemos ter, na parte de baixo deste m\u00f3vel, alguns arm\u00e1rios fechados?\u00a0<\/span><\/p>\n<p><span style=\"font-weight: 400;\">E os nichos dos livros devem ter em torno de 25 a 30 cm de profundidade, e 30 a 40 cm de altura. Este \u00e9 um par\u00e2metro muito bom, mas voc\u00ea ver\u00e1 outros buscando op\u00e7\u00f5es no mercado.<\/span><\/p>\n<p>Leia tamb\u00e9m:\u00a0<a href=\"https:\/\/www.mobly.com.br\/blog\/exclusivos\/moveis-versateis-ambientes-diferentes\/\/?utm_source=blog_texto&amp;utm_medium=social_blog&amp;utm_campaign=_20210303\" target=\"_blank\" rel=\"noopener\">8 m\u00f3veis vers\u00e1teis exclusivos para diferentes ambientes do seu lar<\/a><\/p>\n<p><a href=\"https:\/\/www.vivadecora.com.br\/foto\/200205\/ambiente-com-decoracao-clena-e-chaisse-cinza-claro\" target=\"_blank\" rel=\"noopener\"><img loading=\"lazy\" decoding=\"async\" class=\"alignnone size-full wp-image-16006 aligncenter\" src=\"https:\/\/blog.mobly.com.br\/wp-content\/uploads\/2021\/03\/7-Estantes-de-livros.jpg\" alt=\"7_estantes_de_livros\" width=\"700\" height=\"502\" srcset=\"https:\/\/www.mobly.com.br\/blog\/wp-content\/uploads\/2021\/03\/7-Estantes-de-livros.jpg 700w, https:\/\/www.mobly.com.br\/blog\/wp-content\/uploads\/2021\/03\/7-Estantes-de-livros-300x215.jpg 300w\" sizes=\"auto, (max-width: 700px) 100vw, 700px\" \/><\/a><\/p>\n<p style=\"text-align: right;\"><span style=\"font-weight: 400;\">Revista Luxe e Blog Fabio Fast\u00a0<\/span><\/p>\n<p><span style=\"font-weight: 400;\">Agora, d\u00ea asas \u00e0 sua imagina\u00e7\u00e3o e comece a montar seu canto de leitura agora mesmo!<\/span><\/p>\n<p><span style=\"font-weight: 400;\">Essas dicas de decora\u00e7\u00e3o foram criadas pela equipe <\/span><a href=\"https:\/\/www.vivadecora.com.br\/\" target=\"_blank\" rel=\"noopener\"><span style=\"font-weight: 400;\">Viva Decora<\/span><\/a><span style=\"font-weight: 400;\">.<\/span><\/p>\n<div id=\"metaslider-id-16036\" style=\"max-width: 240px; margin: 0 auto;\" class=\"ml-slider-3-27-0 metaslider metaslider-coin metaslider-16036 ml-slider slider-sku-padrao ml-slider-lightbox-1-12-0 lightbox-disabled\">\n    <div id=\"metaslider_container_16036\">\n        <div id='metaslider_16036' class='coin-slider'>\n<a href=\"javascript:void(0)\" target=\"_self\"><img loading=\"lazy\" decoding=\"async\" src=\"https:\/\/www.mobly.com.br\/blog\/wp-content\/uploads\/2021\/03\/BRV-MC3B3veis-Estante-com-Escrivaninha-Deneb-Branca-0047-91321-1-240x240.jpg\" height=\"240\" width=\"240\" alt=\"\" class=\"slider-16036 slide-16043\" title=\"BRV-MC3B3veis-Estante-com-Escrivaninha-Deneb-Branca-0047-91321-1\" style=\"display: none;\" \/><\/a>\n<a href=\"javascript:void(0)\" target=\"_self\"><img loading=\"lazy\" decoding=\"async\" src=\"https:\/\/www.mobly.com.br\/blog\/wp-content\/uploads\/2021\/03\/Nova-MC3B3bile-Estante-Roma-Branca-4675-731577-1-240x240.jpg\" height=\"240\" width=\"240\" alt=\"\" class=\"slider-16036 slide-16045\" title=\"Nova-MC3B3bile-Estante-Roma-Branca-4675-731577-1\" style=\"display: none;\" \/><\/a>\n<a href=\"javascript:void(0)\" target=\"_self\"><img loading=\"lazy\" decoding=\"async\" src=\"https:\/\/www.mobly.com.br\/blog\/wp-content\/uploads\/2021\/03\/Politorno-Estante-Delta-Branco-7695-607425-1-240x240.jpg\" height=\"240\" width=\"240\" alt=\"\" class=\"slider-16036 slide-16046\" title=\"Politorno-Estante-Delta-Branco-7695-607425-1\" style=\"display: none;\" \/><\/a>\n<a href=\"javascript:void(0)\" target=\"_self\"><img loading=\"lazy\" decoding=\"async\" src=\"https:\/\/www.mobly.com.br\/blog\/wp-content\/uploads\/2021\/03\/Tecno-Mobili-Estante-para-EscritC3B3rio-Belga-2-GV-Branco-Nogal-9401-056065-1-240x240.jpg\" height=\"240\" width=\"240\" alt=\"\" class=\"slider-16036 slide-16047\" title=\"Tecno-Mobili-Estante-para-EscritC3B3rio-Belga-2-GV-Branco-Nogal-9401-056065-1\" style=\"display: none;\" \/><\/a>\n<a href=\"javascript:void(0)\" target=\"_self\"><img loading=\"lazy\" decoding=\"async\" src=\"https:\/\/www.mobly.com.br\/blog\/wp-content\/uploads\/2021\/03\/Nova-MC3B3bile-Estante-Bali-1-PT-Branca-4688-531577-1-240x240.jpg\" height=\"240\" width=\"240\" alt=\"\" class=\"slider-16036 slide-16044\" title=\"Nova-MC3B3bile-Estante-Bali-1-PT-Branca-4688-531577-1\" style=\"display: none;\" \/><\/a>\n        <\/div>\n        \n    <\/div>\n<\/div>\n<p>E j\u00e1 que est\u00e1 com o livro nas m\u00e3os, aproveite e escolha a poltrona certa com Dani Vasconcelos, do Ricota N\u00e3o Derrete.<\/p>\n<p><iframe loading=\"lazy\" width=\"1080\" height=\"608\" src=\"https:\/\/www.youtube.com\/embed\/IJ4cH-eAUtA?feature=oembed&amp;wmode=opaque\" frameborder=\"0\" allow=\"accelerometer; autoplay; clipboard-write; encrypted-media; gyroscope; picture-in-picture\" allowfullscreen><\/iframe><\/p>\n<button class=\"simplefavorite-button has-count loading\" data-postid=\"15999\" data-siteid=\"1\" data-groupid=\"1\" data-favoritecount=\"0\" style=\"\">Carregando...<span class=\"sf-icon-spinner-wrapper\"><i class=\"sf-icon-spinner\"><\/i><\/span><\/button>","protected":false},"excerpt":{"rendered":"<p>Um dos maiores prazeres da vida \u00e9 ler. Se voc\u00ea tamb\u00e9m \u00e9 um amante das artes liter\u00e1rias, sabe como \u00e9 divertido poder \u201cviajar pelas palavras&#8221; e conhecer novos mundos diferentes e distantes.\u00a0 As informa\u00e7\u00f5es contidas nos livros nos levam ao conhecimento e n\u00e3o tem nada que pague por isto. Ent\u00e3o, que tal ter um cantinho s\u00f3 para leitura dentro da sua casa tamb\u00e9m? Aceita? E se voc\u00ea quer mesmo montar um cantinho de leitura dentro de casa, saiba que vai precisar de estantes para organizar os seus livros. Trouxemos algumas dicas para voc\u00ea se inspirar! Clique nas imagens para mais informa\u00e7\u00f5es.\u00a0 Leia tamb\u00e9m:\u00a0Top 10 dicas para organizar sua estante de livros Luiz Sentinger Design da pe\u00e7a Obviamente, n\u00e3o faria sentido algum voc\u00ea ter um cantinho de leitura dentro de casa sem livros, n\u00e3o \u00e9? E onde armazenar estas obras maravilhosas ent\u00e3o? Sim, em uma estante de livros.\u00a0 Mas a mesma n\u00e3o precisa ser grande. Na verdade, o certo \u00e9 que ela seja compat\u00edvel com o espa\u00e7o decorado para este fim. Afinal, ser\u00e1 apenas para preencher uma \u00e1rea vazia da sua sala ou uma parede inteira do home office? Leia tamb\u00e9m:\u00a08 cantos de leitura para se Inspirar Paul Cremoux Studio\u00a0 E [&hellip;]<\/p>\n","protected":false},"author":9,"featured_media":16001,"comment_status":"open","ping_status":"open","sticky":false,"template":"","format":"standard","meta":{"extendify_custom_stylesheet":"","_mi_skip_tracking":false,"_monsterinsights_skip_tracking":false,"_monsterinsights_sitenote_active":false,"_monsterinsights_sitenote_note":"","_monsterinsights_sitenote_category":0,"footnotes":""},"categories":[11],"tags":[664,672,981,378,86,90,16],"class_list":["post-15999","post","type-post","status-publish","format-standard","has-post-thumbnail","hentry","category-inspiracoes","tag-canto-de-leitura","tag-casa-organizada","tag-estante","tag-estudo","tag-home-office","tag-quarto","tag-sala-de-estar"],"yoast_head":"<!-- This site is optimized with the Yoast SEO plugin v24.9 - https:\/\/yoast.com\/wordpress\/plugins\/seo\/ -->\n<title>Estante de Livros: 11 modelos para organizar sua leitura | Blog da Mobly<\/title>\n<meta name=\"description\" content=\"O post de hoje vai para os amantes das boas hist\u00f3rias escritas. Saiba qual \u00e9 a estante de livros perfeita para organizar a sua leitura. Op\u00e7\u00f5es para todos os gostos!\" \/>\n<meta name=\"robots\" content=\"index, follow, max-snippet:-1, max-image-preview:large, max-video-preview:-1\" \/>\n<link rel=\"canonical\" href=\"https:\/\/www.mobly.com.br\/blog\/inspiracoes\/estante-de-livros\/\" \/>\n<meta property=\"og:locale\" content=\"pt_BR\" \/>\n<meta property=\"og:type\" content=\"article\" \/>\n<meta property=\"og:title\" content=\"Estante de Livros: 11 modelos para organizar sua leitura | Blog da Mobly\" \/>\n<meta property=\"og:description\" content=\"O post de hoje vai para os amantes das boas hist\u00f3rias escritas. Saiba qual \u00e9 a estante de livros perfeita para organizar a sua leitura. Op\u00e7\u00f5es para todos os gostos!\" \/>\n<meta property=\"og:url\" content=\"https:\/\/www.mobly.com.br\/blog\/inspiracoes\/estante-de-livros\/\" \/>\n<meta property=\"og:site_name\" content=\"Blog da Mobly\" \/>\n<meta property=\"article:published_time\" content=\"2021-03-15T12:00:05+00:00\" \/>\n<meta property=\"og:image\" content=\"https:\/\/blog.mobly.com.br\/wp-content\/uploads\/2021\/03\/2-Estantes-de-livros.jpg\" \/>\n\t<meta property=\"og:image:width\" content=\"700\" \/>\n\t<meta property=\"og:image:height\" content=\"480\" \/>\n\t<meta property=\"og:image:type\" content=\"image\/jpeg\" \/>\n<meta name=\"author\" content=\"Viva Decora\" \/>\n<meta name=\"twitter:card\" content=\"summary_large_image\" \/>\n<meta name=\"twitter:label1\" content=\"Escrito por\" \/>\n\t<meta name=\"twitter:data1\" content=\"Viva Decora\" \/>\n\t<meta name=\"twitter:label2\" content=\"Est. tempo de leitura\" \/>\n\t<meta name=\"twitter:data2\" content=\"4 minutos\" \/>\n<script type=\"application\/ld+json\" class=\"yoast-schema-graph\">{\"@context\":\"https:\/\/schema.org\",\"@graph\":[{\"@type\":\"WebPage\",\"@id\":\"https:\/\/www.mobly.com.br\/blog\/inspiracoes\/estante-de-livros\/\",\"url\":\"https:\/\/www.mobly.com.br\/blog\/inspiracoes\/estante-de-livros\/\",\"name\":\"Estante de Livros: 11 modelos para organizar sua leitura | Blog da Mobly\",\"isPartOf\":{\"@id\":\"https:\/\/www.mobly.com.br\/blog\/#website\"},\"primaryImageOfPage\":{\"@id\":\"https:\/\/www.mobly.com.br\/blog\/inspiracoes\/estante-de-livros\/#primaryimage\"},\"image\":{\"@id\":\"https:\/\/www.mobly.com.br\/blog\/inspiracoes\/estante-de-livros\/#primaryimage\"},\"thumbnailUrl\":\"https:\/\/www.mobly.com.br\/blog\/wp-content\/uploads\/2021\/03\/2-Estantes-de-livros.jpg\",\"datePublished\":\"2021-03-15T12:00:05+00:00\",\"author\":{\"@id\":\"https:\/\/www.mobly.com.br\/blog\/#\/schema\/person\/380e56c588e46bb14f2b2afb4d4ee1cb\"},\"description\":\"O post de hoje vai para os amantes das boas hist\u00f3rias escritas. Saiba qual \u00e9 a estante de livros perfeita para organizar a sua leitura. Op\u00e7\u00f5es para todos os gostos!\",\"breadcrumb\":{\"@id\":\"https:\/\/www.mobly.com.br\/blog\/inspiracoes\/estante-de-livros\/#breadcrumb\"},\"inLanguage\":\"pt-BR\",\"potentialAction\":[{\"@type\":\"ReadAction\",\"target\":[\"https:\/\/www.mobly.com.br\/blog\/inspiracoes\/estante-de-livros\/\"]}]},{\"@type\":\"ImageObject\",\"inLanguage\":\"pt-BR\",\"@id\":\"https:\/\/www.mobly.com.br\/blog\/inspiracoes\/estante-de-livros\/#primaryimage\",\"url\":\"https:\/\/www.mobly.com.br\/blog\/wp-content\/uploads\/2021\/03\/2-Estantes-de-livros.jpg\",\"contentUrl\":\"https:\/\/www.mobly.com.br\/blog\/wp-content\/uploads\/2021\/03\/2-Estantes-de-livros.jpg\",\"width\":\"700\",\"height\":\"480\",\"caption\":\"2_estantes_de_livros\"},{\"@type\":\"BreadcrumbList\",\"@id\":\"https:\/\/www.mobly.com.br\/blog\/inspiracoes\/estante-de-livros\/#breadcrumb\",\"itemListElement\":[{\"@type\":\"ListItem\",\"position\":1,\"name\":\"Home\",\"item\":\"https:\/\/www.mobly.com.br\/blog\/\"},{\"@type\":\"ListItem\",\"position\":2,\"name\":\"Inspira\u00e7\u00f5es\",\"item\":\"https:\/\/www.mobly.com.br\/blog\/inspiracoes\/\"},{\"@type\":\"ListItem\",\"position\":3,\"name\":\"Estante de livros: 11 modelos para organizar sua leitura\"}]},{\"@type\":\"WebSite\",\"@id\":\"https:\/\/www.mobly.com.br\/blog\/#website\",\"url\":\"https:\/\/www.mobly.com.br\/blog\/\",\"name\":\"Blog da Mobly\",\"description\":\"Dicas de Decora\u00e7\u00e3o, Inspira\u00e7\u00f5es e Mais\",\"potentialAction\":[{\"@type\":\"SearchAction\",\"target\":{\"@type\":\"EntryPoint\",\"urlTemplate\":\"https:\/\/www.mobly.com.br\/blog\/?s={search_term_string}\"},\"query-input\":{\"@type\":\"PropertyValueSpecification\",\"valueRequired\":true,\"valueName\":\"search_term_string\"}}],\"inLanguage\":\"pt-BR\"},{\"@type\":\"Person\",\"@id\":\"https:\/\/www.mobly.com.br\/blog\/#\/schema\/person\/380e56c588e46bb14f2b2afb4d4ee1cb\",\"name\":\"Viva Decora\",\"image\":{\"@type\":\"ImageObject\",\"inLanguage\":\"pt-BR\",\"@id\":\"https:\/\/www.mobly.com.br\/blog\/#\/schema\/person\/image\/\",\"url\":\"https:\/\/secure.gravatar.com\/avatar\/737144cce1b354b839d06ce8cb6d90d4?s=96&d=mm&r=g\",\"contentUrl\":\"https:\/\/secure.gravatar.com\/avatar\/737144cce1b354b839d06ce8cb6d90d4?s=96&d=mm&r=g\",\"caption\":\"Viva Decora\"},\"description\":\"O Viva Decora \u00e9 uma plataforma que re\u00fane ideias de decora\u00e7\u00e3o, design de interiores e arquitetura em um s\u00f3 lugar. S\u00e3o milhares de fotos de ambientes projetados por profissionais, para inspirar quem quer criar o lar dos sonhos.\",\"url\":\"https:\/\/www.mobly.com.br\/blog\/author\/viva-decora\/\"}]}<\/script>\n<!-- \/ Yoast SEO plugin. -->","yoast_head_json":{"title":"Estante de Livros: 11 modelos para organizar sua leitura | Blog da Mobly","description":"O post de hoje vai para os amantes das boas hist\u00f3rias escritas. Saiba qual \u00e9 a estante de livros perfeita para organizar a sua leitura. Op\u00e7\u00f5es para todos os gostos!","robots":{"index":"index","follow":"follow","max-snippet":"max-snippet:-1","max-image-preview":"max-image-preview:large","max-video-preview":"max-video-preview:-1"},"canonical":"https:\/\/www.mobly.com.br\/blog\/inspiracoes\/estante-de-livros\/","og_locale":"pt_BR","og_type":"article","og_title":"Estante de Livros: 11 modelos para organizar sua leitura | Blog da Mobly","og_description":"O post de hoje vai para os amantes das boas hist\u00f3rias escritas. Saiba qual \u00e9 a estante de livros perfeita para organizar a sua leitura. Op\u00e7\u00f5es para todos os gostos!","og_url":"https:\/\/www.mobly.com.br\/blog\/inspiracoes\/estante-de-livros\/","og_site_name":"Blog da Mobly","article_published_time":"2021-03-15T12:00:05+00:00","og_image":[{"width":700,"height":480,"url":"https:\/\/blog.mobly.com.br\/wp-content\/uploads\/2021\/03\/2-Estantes-de-livros.jpg","type":"image\/jpeg"}],"author":"Viva Decora","twitter_card":"summary_large_image","twitter_misc":{"Escrito por":"Viva Decora","Est. tempo de leitura":"4 minutos"},"schema":{"@context":"https:\/\/schema.org","@graph":[{"@type":"WebPage","@id":"https:\/\/www.mobly.com.br\/blog\/inspiracoes\/estante-de-livros\/","url":"https:\/\/www.mobly.com.br\/blog\/inspiracoes\/estante-de-livros\/","name":"Estante de Livros: 11 modelos para organizar sua leitura | Blog da Mobly","isPartOf":{"@id":"https:\/\/www.mobly.com.br\/blog\/#website"},"primaryImageOfPage":{"@id":"https:\/\/www.mobly.com.br\/blog\/inspiracoes\/estante-de-livros\/#primaryimage"},"image":{"@id":"https:\/\/www.mobly.com.br\/blog\/inspiracoes\/estante-de-livros\/#primaryimage"},"thumbnailUrl":"https:\/\/www.mobly.com.br\/blog\/wp-content\/uploads\/2021\/03\/2-Estantes-de-livros.jpg","datePublished":"2021-03-15T12:00:05+00:00","author":{"@id":"https:\/\/www.mobly.com.br\/blog\/#\/schema\/person\/380e56c588e46bb14f2b2afb4d4ee1cb"},"description":"O post de hoje vai para os amantes das boas hist\u00f3rias escritas. Saiba qual \u00e9 a estante de livros perfeita para organizar a sua leitura. Op\u00e7\u00f5es para todos os gostos!","breadcrumb":{"@id":"https:\/\/www.mobly.com.br\/blog\/inspiracoes\/estante-de-livros\/#breadcrumb"},"inLanguage":"pt-BR","potentialAction":[{"@type":"ReadAction","target":["https:\/\/www.mobly.com.br\/blog\/inspiracoes\/estante-de-livros\/"]}]},{"@type":"ImageObject","inLanguage":"pt-BR","@id":"https:\/\/www.mobly.com.br\/blog\/inspiracoes\/estante-de-livros\/#primaryimage","url":"https:\/\/www.mobly.com.br\/blog\/wp-content\/uploads\/2021\/03\/2-Estantes-de-livros.jpg","contentUrl":"https:\/\/www.mobly.com.br\/blog\/wp-content\/uploads\/2021\/03\/2-Estantes-de-livros.jpg","width":"700","height":"480","caption":"2_estantes_de_livros"},{"@type":"BreadcrumbList","@id":"https:\/\/www.mobly.com.br\/blog\/inspiracoes\/estante-de-livros\/#breadcrumb","itemListElement":[{"@type":"ListItem","position":1,"name":"Home","item":"https:\/\/www.mobly.com.br\/blog\/"},{"@type":"ListItem","position":2,"name":"Inspira\u00e7\u00f5es","item":"https:\/\/www.mobly.com.br\/blog\/inspiracoes\/"},{"@type":"ListItem","position":3,"name":"Estante de livros: 11 modelos para organizar sua leitura"}]},{"@type":"WebSite","@id":"https:\/\/www.mobly.com.br\/blog\/#website","url":"https:\/\/www.mobly.com.br\/blog\/","name":"Blog da Mobly","description":"Dicas de Decora\u00e7\u00e3o, Inspira\u00e7\u00f5es e Mais","potentialAction":[{"@type":"SearchAction","target":{"@type":"EntryPoint","urlTemplate":"https:\/\/www.mobly.com.br\/blog\/?s={search_term_string}"},"query-input":{"@type":"PropertyValueSpecification","valueRequired":true,"valueName":"search_term_string"}}],"inLanguage":"pt-BR"},{"@type":"Person","@id":"https:\/\/www.mobly.com.br\/blog\/#\/schema\/person\/380e56c588e46bb14f2b2afb4d4ee1cb","name":"Viva Decora","image":{"@type":"ImageObject","inLanguage":"pt-BR","@id":"https:\/\/www.mobly.com.br\/blog\/#\/schema\/person\/image\/","url":"https:\/\/secure.gravatar.com\/avatar\/737144cce1b354b839d06ce8cb6d90d4?s=96&d=mm&r=g","contentUrl":"https:\/\/secure.gravatar.com\/avatar\/737144cce1b354b839d06ce8cb6d90d4?s=96&d=mm&r=g","caption":"Viva Decora"},"description":"O Viva Decora \u00e9 uma plataforma que re\u00fane ideias de decora\u00e7\u00e3o, design de interiores e arquitetura em um s\u00f3 lugar. S\u00e3o milhares de fotos de ambientes projetados por profissionais, para inspirar quem quer criar o lar dos sonhos.","url":"https:\/\/www.mobly.com.br\/blog\/author\/viva-decora\/"}]}},"_links":{"self":[{"href":"https:\/\/www.mobly.com.br\/blog\/wp-json\/wp\/v2\/posts\/15999","targetHints":{"allow":["GET"]}}],"collection":[{"href":"https:\/\/www.mobly.com.br\/blog\/wp-json\/wp\/v2\/posts"}],"about":[{"href":"https:\/\/www.mobly.com.br\/blog\/wp-json\/wp\/v2\/types\/post"}],"author":[{"embeddable":true,"href":"https:\/\/www.mobly.com.br\/blog\/wp-json\/wp\/v2\/users\/9"}],"replies":[{"embeddable":true,"href":"https:\/\/www.mobly.com.br\/blog\/wp-json\/wp\/v2\/comments?post=15999"}],"version-history":[{"count":4,"href":"https:\/\/www.mobly.com.br\/blog\/wp-json\/wp\/v2\/posts\/15999\/revisions"}],"predecessor-version":[{"id":16048,"href":"https:\/\/www.mobly.com.br\/blog\/wp-json\/wp\/v2\/posts\/15999\/revisions\/16048"}],"wp:featuredmedia":[{"embeddable":true,"href":"https:\/\/www.mobly.com.br\/blog\/wp-json\/wp\/v2\/media\/16001"}],"wp:attachment":[{"href":"https:\/\/www.mobly.com.br\/blog\/wp-json\/wp\/v2\/media?parent=15999"}],"wp:term":[{"taxonomy":"category","embeddable":true,"href":"https:\/\/www.mobly.com.br\/blog\/wp-json\/wp\/v2\/categories?post=15999"},{"taxonomy":"post_tag","embeddable":true,"href":"https:\/\/www.mobly.com.br\/blog\/wp-json\/wp\/v2\/tags?post=15999"}],"curies":[{"name":"wp","href":"https:\/\/api.w.org\/{rel}","templated":true}]}}