{"id":15927,"date":"2021-03-04T09:00:00","date_gmt":"2021-03-04T12:00:00","guid":{"rendered":"https:\/\/www.mobly.com.br\/blog\/?p=15927"},"modified":"2021-03-01T19:41:44","modified_gmt":"2021-03-01T22:41:44","slug":"quarto-de-bebe","status":"publish","type":"post","link":"https:\/\/www.mobly.com.br\/blog\/dicas\/quarto-de-bebe\/","title":{"rendered":"Quarto de beb\u00ea rec\u00e9m-nascido: o que n\u00e3o pode faltar? + 26 ambientes para te inspirar"},"content":{"rendered":"<p><img loading=\"lazy\" decoding=\"async\" class=\"alignnone size-full wp-image-15951 aligncenter\" src=\"https:\/\/blog.mobly.com.br\/wp-content\/uploads\/2021\/03\/Rec\u00e9m-Nascidos-Main.jpg\" alt=\"recem_nascidos_main\" width=\"1000\" height=\"562\" srcset=\"https:\/\/www.mobly.com.br\/blog\/wp-content\/uploads\/2021\/03\/Rec\u00e9m-Nascidos-Main.jpg 1000w, https:\/\/www.mobly.com.br\/blog\/wp-content\/uploads\/2021\/03\/Rec\u00e9m-Nascidos-Main-300x169.jpg 300w, https:\/\/www.mobly.com.br\/blog\/wp-content\/uploads\/2021\/03\/Rec\u00e9m-Nascidos-Main-768x432.jpg 768w\" sizes=\"auto, (max-width: 1000px) 100vw, 1000px\" \/><\/p>\n<p><span style=\"font-weight: 400;\">A chegada de uma crian\u00e7a \u00e9 sempre uma alegria para a fam\u00edlia. Por\u00e9m, necessita de um planejamento grande por tr\u00e1s, para que o novo membro tenha todo o suporte necess\u00e1rio.<\/span><\/p>\n<p><span style=\"font-weight: 400;\">Nesse cen\u00e1rio, existem algumas coisas que s\u00e3o essenciais e, vendo isso, criamos um checklist do que n\u00e3o pode faltar no <a href=\"https:\/\/www.mobly.com.br\/infantil\/quartos-completos\/\/?utm_source=blog_texto&amp;utm_medium=social_blog&amp;utm_campaign=_20210301\" target=\"_blank\" rel=\"noopener\">quarto de beb\u00ea<\/a> rec\u00e9m-nascido.\u00a0\u00a0<\/span><\/p>\n<p>Leia tamb\u00e9m:\u00a0<a href=\"https:\/\/www.mobly.com.br\/blog\/inspiracoes\/moveis-multiuso\/\/?utm_source=blog_texto&amp;utm_medium=social_blog&amp;utm_campaign=_20210301\" target=\"_blank\" rel=\"noopener\">5 tipo de m\u00f3veis multiuso que podem otimizar espa\u00e7os da sua casa<\/a><\/p>\n<h3><span style=\"font-weight: 400;\">Ber\u00e7o\u00a0<\/span><\/h3>\n<p><span style=\"font-weight: 400;\">Muito importante para evitar acidentes e garantir um espa\u00e7o que os pequenos possam chamar de seus. Por essas e outras, um <a href=\"https:\/\/www.mobly.com.br\/infantil\/bercos\/\/?utm_source=blog_texto&amp;utm_medium=social_blog&amp;utm_campaign=_20210301\" target=\"_blank\" rel=\"noopener\">ber\u00e7o <\/a>entra como primeiro item que n\u00e3o pode faltar no quarto de beb\u00ea. \u00c9 importante que ele tenha um espa\u00e7o bastante acolchoado, tanto nas laterais quanto na cabeceira para manter a seguran\u00e7a da crian\u00e7a, al\u00e9m de bordas e locais arredondados, para que acidentes n\u00e3o ocorram.\u00a0<\/span><\/p>\n<p>Leia tamb\u00e9m:\u00a0<a href=\"https:\/\/www.mobly.com.br\/blog\/por-ambientes\/quarto-infantil\/decoracao-montessoriana\/\/?utm_source=blog_texto&amp;utm_medium=social_blog&amp;utm_campaign=_20210301\" target=\"_blank\" rel=\"noopener\">Decora\u00e7\u00e3o Montessoriana: TUDO o que voc\u00ea precisa saber + passo a passo<\/a><\/p>\n<p><img loading=\"lazy\" decoding=\"async\" class=\"alignnone size-full wp-image-15938 aligncenter\" src=\"https:\/\/blog.mobly.com.br\/wp-content\/uploads\/2021\/03\/Rec\u00e9m-Nascidos-Ber\u00e7o-2.jpg\" alt=\" recem_nascidos_ber\u00e7o_2\" width=\"1000\" height=\"525\" srcset=\"https:\/\/www.mobly.com.br\/blog\/wp-content\/uploads\/2021\/03\/Rec\u00e9m-Nascidos-Ber\u00e7o-2.jpg 1000w, https:\/\/www.mobly.com.br\/blog\/wp-content\/uploads\/2021\/03\/Rec\u00e9m-Nascidos-Ber\u00e7o-2-300x158.jpg 300w, https:\/\/www.mobly.com.br\/blog\/wp-content\/uploads\/2021\/03\/Rec\u00e9m-Nascidos-Ber\u00e7o-2-768x403.jpg 768w\" sizes=\"auto, (max-width: 1000px) 100vw, 1000px\" \/><\/p>\n<p><img loading=\"lazy\" decoding=\"async\" class=\"alignnone size-full wp-image-15939 aligncenter\" src=\"https:\/\/blog.mobly.com.br\/wp-content\/uploads\/2021\/03\/Rec\u00e9m-Nascidos-Ber\u00e7o-3.jpg\" alt=\" recem_nascidos_ber\u00e7o_3\" width=\"1000\" height=\"525\" srcset=\"https:\/\/www.mobly.com.br\/blog\/wp-content\/uploads\/2021\/03\/Rec\u00e9m-Nascidos-Ber\u00e7o-3.jpg 1000w, https:\/\/www.mobly.com.br\/blog\/wp-content\/uploads\/2021\/03\/Rec\u00e9m-Nascidos-Ber\u00e7o-3-300x158.jpg 300w, https:\/\/www.mobly.com.br\/blog\/wp-content\/uploads\/2021\/03\/Rec\u00e9m-Nascidos-Ber\u00e7o-3-768x403.jpg 768w\" sizes=\"auto, (max-width: 1000px) 100vw, 1000px\" \/><\/p>\n<p><img loading=\"lazy\" decoding=\"async\" class=\"alignnone size-full wp-image-15940 aligncenter\" src=\"https:\/\/blog.mobly.com.br\/wp-content\/uploads\/2021\/03\/Rec\u00e9m-Nascidos-Ber\u00e7o-4.jpg\" alt=\" recem_nascidos_ber\u00e7o_4\" width=\"1000\" height=\"525\" srcset=\"https:\/\/www.mobly.com.br\/blog\/wp-content\/uploads\/2021\/03\/Rec\u00e9m-Nascidos-Ber\u00e7o-4.jpg 1000w, https:\/\/www.mobly.com.br\/blog\/wp-content\/uploads\/2021\/03\/Rec\u00e9m-Nascidos-Ber\u00e7o-4-300x158.jpg 300w, https:\/\/www.mobly.com.br\/blog\/wp-content\/uploads\/2021\/03\/Rec\u00e9m-Nascidos-Ber\u00e7o-4-768x403.jpg 768w\" sizes=\"auto, (max-width: 1000px) 100vw, 1000px\" \/><\/p>\n<p><img loading=\"lazy\" decoding=\"async\" class=\"alignnone size-full wp-image-15941 aligncenter\" src=\"https:\/\/blog.mobly.com.br\/wp-content\/uploads\/2021\/03\/Rec\u00e9m-Nascidos-Ber\u00e7o.jpg\" alt=\" recem_nascidos_ber\u00e7o\" width=\"1000\" height=\"525\" srcset=\"https:\/\/www.mobly.com.br\/blog\/wp-content\/uploads\/2021\/03\/Rec\u00e9m-Nascidos-Ber\u00e7o.jpg 1000w, https:\/\/www.mobly.com.br\/blog\/wp-content\/uploads\/2021\/03\/Rec\u00e9m-Nascidos-Ber\u00e7o-300x158.jpg 300w, https:\/\/www.mobly.com.br\/blog\/wp-content\/uploads\/2021\/03\/Rec\u00e9m-Nascidos-Ber\u00e7o-768x403.jpg 768w\" sizes=\"auto, (max-width: 1000px) 100vw, 1000px\" \/><\/p>\n<p>&nbsp;<\/p>\n<h3><span style=\"font-weight: 400;\">Brinquedos educativos\u00a0<\/span><\/h3>\n<p><span style=\"font-weight: 400;\">Os brinquedos ideias s\u00e3o um passo importante para que a crian\u00e7a tenha um desenvolvimento saud\u00e1vel. No quarto de beb\u00ea, \u00e9 importante ter ao menos 5 objetos educativos e\/ou que fa\u00e7am a crian\u00e7a movimentar-se.\u00a0<\/span><\/p>\n<p><span style=\"font-weight: 400;\">Lembre-se que n\u00e3o pode ser qualquer brinquedo pois, mesmo alguns que se dizem feitos para crian\u00e7a, possuem partes pequenas, que a crian\u00e7a pode engolir, ou um material que pode machucar sua gengiva.<\/span><\/p>\n<p><span style=\"font-weight: 400;\">Antes de comprar, tenha certeza que os brinquedos s\u00e3o seguros e v\u00e3o agregar ao novo membro da fam\u00edlia.\u00a0<\/span><\/p>\n<p>Leia tamb\u00e9m:\u00a0<a href=\"https:\/\/www.mobly.com.br\/blog\/dicas\/colchao-decoracao-quarto\/\/?utm_source=blog_texto&amp;utm_medium=social_blog&amp;utm_campaign=_20210301\" target=\"_blank\" rel=\"noopener\">Decora\u00e7\u00e3o de quarto: conhe\u00e7a os 5 sinais de que est\u00e1 na hora de trocar o seu colch\u00e3o<\/a><\/p>\n<p><img loading=\"lazy\" decoding=\"async\" class=\"alignnone size-full wp-image-15942 aligncenter\" src=\"https:\/\/blog.mobly.com.br\/wp-content\/uploads\/2021\/03\/Rec\u00e9m-Nascidos-Brinquedos-2.jpg\" alt=\"recem_nascidos_brinquedos_2\" width=\"1000\" height=\"525\" srcset=\"https:\/\/www.mobly.com.br\/blog\/wp-content\/uploads\/2021\/03\/Rec\u00e9m-Nascidos-Brinquedos-2.jpg 1000w, https:\/\/www.mobly.com.br\/blog\/wp-content\/uploads\/2021\/03\/Rec\u00e9m-Nascidos-Brinquedos-2-300x158.jpg 300w, https:\/\/www.mobly.com.br\/blog\/wp-content\/uploads\/2021\/03\/Rec\u00e9m-Nascidos-Brinquedos-2-768x403.jpg 768w\" sizes=\"auto, (max-width: 1000px) 100vw, 1000px\" \/><\/p>\n<p><img loading=\"lazy\" decoding=\"async\" class=\"alignnone size-full wp-image-15943 aligncenter\" src=\"https:\/\/blog.mobly.com.br\/wp-content\/uploads\/2021\/03\/Rec\u00e9m-Nascidos-Brinquedos-3.jpg\" alt=\"recem_nascidos_brinquedos_3\" width=\"700\" height=\"700\" srcset=\"https:\/\/www.mobly.com.br\/blog\/wp-content\/uploads\/2021\/03\/Rec\u00e9m-Nascidos-Brinquedos-3.jpg 700w, https:\/\/www.mobly.com.br\/blog\/wp-content\/uploads\/2021\/03\/Rec\u00e9m-Nascidos-Brinquedos-3-150x150.jpg 150w, https:\/\/www.mobly.com.br\/blog\/wp-content\/uploads\/2021\/03\/Rec\u00e9m-Nascidos-Brinquedos-3-300x300.jpg 300w\" sizes=\"auto, (max-width: 700px) 100vw, 700px\" \/><\/p>\n<p><img loading=\"lazy\" decoding=\"async\" class=\"alignnone size-full wp-image-15944 aligncenter\" src=\"https:\/\/blog.mobly.com.br\/wp-content\/uploads\/2021\/03\/Rec\u00e9m-Nascidos-Brinquedos-4.jpg\" alt=\"recem_nascidos_brinquedos_4\" width=\"700\" height=\"700\" srcset=\"https:\/\/www.mobly.com.br\/blog\/wp-content\/uploads\/2021\/03\/Rec\u00e9m-Nascidos-Brinquedos-4.jpg 700w, https:\/\/www.mobly.com.br\/blog\/wp-content\/uploads\/2021\/03\/Rec\u00e9m-Nascidos-Brinquedos-4-150x150.jpg 150w, https:\/\/www.mobly.com.br\/blog\/wp-content\/uploads\/2021\/03\/Rec\u00e9m-Nascidos-Brinquedos-4-300x300.jpg 300w\" sizes=\"auto, (max-width: 700px) 100vw, 700px\" \/><\/p>\n<p><img loading=\"lazy\" decoding=\"async\" class=\"alignnone size-full wp-image-15945 aligncenter\" src=\"https:\/\/blog.mobly.com.br\/wp-content\/uploads\/2021\/03\/Rec\u00e9m-Nascidos-Brinquedos-5.jpg\" alt=\"recem_nascidos_brinquedos_5\" width=\"667\" height=\"1000\" srcset=\"https:\/\/www.mobly.com.br\/blog\/wp-content\/uploads\/2021\/03\/Rec\u00e9m-Nascidos-Brinquedos-5.jpg 667w, https:\/\/www.mobly.com.br\/blog\/wp-content\/uploads\/2021\/03\/Rec\u00e9m-Nascidos-Brinquedos-5-200x300.jpg 200w\" sizes=\"auto, (max-width: 667px) 100vw, 667px\" \/><\/p>\n<p><img loading=\"lazy\" decoding=\"async\" class=\"alignnone size-full wp-image-15946 aligncenter\" src=\"https:\/\/blog.mobly.com.br\/wp-content\/uploads\/2021\/03\/Rec\u00e9m-Nascidos-Brinquedos.jpg\" alt=\"recem_nascidos_brinquedos\" width=\"1000\" height=\"525\" srcset=\"https:\/\/www.mobly.com.br\/blog\/wp-content\/uploads\/2021\/03\/Rec\u00e9m-Nascidos-Brinquedos.jpg 1000w, https:\/\/www.mobly.com.br\/blog\/wp-content\/uploads\/2021\/03\/Rec\u00e9m-Nascidos-Brinquedos-300x158.jpg 300w, https:\/\/www.mobly.com.br\/blog\/wp-content\/uploads\/2021\/03\/Rec\u00e9m-Nascidos-Brinquedos-768x403.jpg 768w\" sizes=\"auto, (max-width: 1000px) 100vw, 1000px\" \/><\/p>\n<div id=\"metaslider-id-15959\" style=\"max-width: 240px; margin: 0 auto;\" class=\"ml-slider-3-27-0 metaslider metaslider-coin metaslider-15959 ml-slider slider-sku-padrao ml-slider-lightbox-1-12-0 lightbox-disabled\">\n    <div id=\"metaslider_container_15959\">\n        <div id='metaslider_15959' class='coin-slider'>\n<a href=\"javascript:void(0)\" target=\"_self\"><img loading=\"lazy\" decoding=\"async\" src=\"https:\/\/www.mobly.com.br\/blog\/wp-content\/uploads\/2021\/03\/Ortobom-ColchC3A3o-Infantil-Baby-Light-com-Espuma-D18-2812x70x13029-Branco-8060-317167-1-240x240.jpg\" height=\"240\" width=\"240\" alt=\"\" class=\"slider-15959 slide-15969\" title=\"Ortobom-ColchC3A3o-Infantil-Baby-Light-com-Espuma-D18-2812x70x13029-Branco-8060-317167-1\" style=\"display: none;\" \/><\/a>\n<a href=\"javascript:void(0)\" target=\"_self\"><img loading=\"lazy\" decoding=\"async\" src=\"https:\/\/www.mobly.com.br\/blog\/wp-content\/uploads\/2021\/03\/Completa-MC3B3veis-BerC3A7o-Minicama-com-CC3B4moda-e-Cama-Auxiliar-Ruth-Branco-8781-749416-1-240x240.jpg\" height=\"240\" width=\"240\" alt=\"\" class=\"slider-15959 slide-15967\" title=\"Completa-MC3B3veis-BerC3A7o-Minicama-com-CC3B4moda-e-Cama-Auxiliar-Ruth-Branco-8781-749416-1\" style=\"display: none;\" \/><\/a>\n<a href=\"javascript:void(0)\" target=\"_self\"><img loading=\"lazy\" decoding=\"async\" src=\"https:\/\/www.mobly.com.br\/blog\/wp-content\/uploads\/2021\/03\/Peroba-Guarda-Roupa-Infantil-Smim-2-PT-3-GV-Branco-e-Carvalho-3207-399757-1-240x240.jpg\" height=\"240\" width=\"240\" alt=\"\" class=\"slider-15959 slide-15970\" title=\"Peroba-Guarda-Roupa-Infantil-Smim-2-PT-3-GV-Branco-e-Carvalho-3207-399757-1\" style=\"display: none;\" \/><\/a>\n<a href=\"javascript:void(0)\" target=\"_self\"><img loading=\"lazy\" decoding=\"async\" src=\"https:\/\/www.mobly.com.br\/blog\/wp-content\/uploads\/2021\/03\/Completa-MC3B3veis-BerC3A7o-RetrC3B4-Branco-5466-739345-1-240x240.jpg\" height=\"240\" width=\"240\" alt=\"\" class=\"slider-15959 slide-15968\" title=\"Completa-MC3B3veis-BerC3A7o-RetrC3B4-Branco-5466-739345-1\" style=\"display: none;\" \/><\/a>\n<a href=\"javascript:void(0)\" target=\"_self\"><img loading=\"lazy\" decoding=\"async\" src=\"https:\/\/www.mobly.com.br\/blog\/wp-content\/uploads\/2021\/03\/Antares-Mesa-de-PlC3A1stico-Infantil-Azul-5434-42778-1-240x240.jpg\" height=\"240\" width=\"240\" alt=\"\" class=\"slider-15959 slide-15966\" title=\"Antares-Mesa-de-PlC3A1stico-Infantil-Azul-5434-42778-1\" style=\"display: none;\" \/><\/a>\n        <\/div>\n        \n    <\/div>\n<\/div>\n<h3><span style=\"font-weight: 400;\">Bab\u00e1 eletr\u00f4nica\u00a0<\/span><\/h3>\n<p><span style=\"font-weight: 400;\">Apesar de ser simples, \u00e9 importante ter uma bab\u00e1 eletr\u00f4nica pr\u00f3xima da crian\u00e7a. Isso ajuda no cuidado da mesma e mant\u00e9m os respons\u00e1veis cientes de todos os seus movimentos para que possam agir em caso de necessidade.\u00a0<\/span><\/p>\n<p><span style=\"font-weight: 400;\">Se poss\u00edvel, compre tamb\u00e9m pilhas recarreg\u00e1veis para reduzir gastos e preservar melhor o meio-ambiente, j\u00e1 que as convencionais s\u00e3o bem prejudiciais \u00e0 natureza.\u00a0<\/span><\/p>\n<p><img loading=\"lazy\" decoding=\"async\" class=\"alignnone size-full wp-image-15934 aligncenter\" src=\"https:\/\/blog.mobly.com.br\/wp-content\/uploads\/2021\/03\/Rec\u00e9m-Nascidos-Bab\u00e1-2.jpg\" alt=\"recem_nascidos_baba_2\" width=\"1000\" height=\"525\" srcset=\"https:\/\/www.mobly.com.br\/blog\/wp-content\/uploads\/2021\/03\/Rec\u00e9m-Nascidos-Bab\u00e1-2.jpg 1000w, https:\/\/www.mobly.com.br\/blog\/wp-content\/uploads\/2021\/03\/Rec\u00e9m-Nascidos-Bab\u00e1-2-300x158.jpg 300w, https:\/\/www.mobly.com.br\/blog\/wp-content\/uploads\/2021\/03\/Rec\u00e9m-Nascidos-Bab\u00e1-2-768x403.jpg 768w\" sizes=\"auto, (max-width: 1000px) 100vw, 1000px\" \/><\/p>\n<p><img loading=\"lazy\" decoding=\"async\" class=\"alignnone size-full wp-image-15935 aligncenter\" src=\"https:\/\/blog.mobly.com.br\/wp-content\/uploads\/2021\/03\/Rec\u00e9m-Nascidos-Bab\u00e1-3.jpg\" alt=\"recem_nascidos_baba_3\" width=\"1000\" height=\"525\" srcset=\"https:\/\/www.mobly.com.br\/blog\/wp-content\/uploads\/2021\/03\/Rec\u00e9m-Nascidos-Bab\u00e1-3.jpg 1000w, https:\/\/www.mobly.com.br\/blog\/wp-content\/uploads\/2021\/03\/Rec\u00e9m-Nascidos-Bab\u00e1-3-300x158.jpg 300w, https:\/\/www.mobly.com.br\/blog\/wp-content\/uploads\/2021\/03\/Rec\u00e9m-Nascidos-Bab\u00e1-3-768x403.jpg 768w\" sizes=\"auto, (max-width: 1000px) 100vw, 1000px\" \/><\/p>\n<p><img loading=\"lazy\" decoding=\"async\" class=\"alignnone size-full wp-image-15936 aligncenter\" src=\"https:\/\/blog.mobly.com.br\/wp-content\/uploads\/2021\/03\/Rec\u00e9m-Nascidos-Bab\u00e1-4.jpg\" alt=\"recem_nascidos_baba_4\" width=\"1000\" height=\"525\" srcset=\"https:\/\/www.mobly.com.br\/blog\/wp-content\/uploads\/2021\/03\/Rec\u00e9m-Nascidos-Bab\u00e1-4.jpg 1000w, https:\/\/www.mobly.com.br\/blog\/wp-content\/uploads\/2021\/03\/Rec\u00e9m-Nascidos-Bab\u00e1-4-300x158.jpg 300w, https:\/\/www.mobly.com.br\/blog\/wp-content\/uploads\/2021\/03\/Rec\u00e9m-Nascidos-Bab\u00e1-4-768x403.jpg 768w\" sizes=\"auto, (max-width: 1000px) 100vw, 1000px\" \/><\/p>\n<p><img loading=\"lazy\" decoding=\"async\" class=\"alignnone size-full wp-image-15937 aligncenter\" src=\"https:\/\/blog.mobly.com.br\/wp-content\/uploads\/2021\/03\/Rec\u00e9m-Nascidos-Bab\u00e1.jpg\" alt=\"recem_nascidos_baba\" width=\"1000\" height=\"525\" srcset=\"https:\/\/www.mobly.com.br\/blog\/wp-content\/uploads\/2021\/03\/Rec\u00e9m-Nascidos-Bab\u00e1.jpg 1000w, https:\/\/www.mobly.com.br\/blog\/wp-content\/uploads\/2021\/03\/Rec\u00e9m-Nascidos-Bab\u00e1-300x158.jpg 300w, https:\/\/www.mobly.com.br\/blog\/wp-content\/uploads\/2021\/03\/Rec\u00e9m-Nascidos-Bab\u00e1-768x403.jpg 768w\" sizes=\"auto, (max-width: 1000px) 100vw, 1000px\" \/><\/p>\n<p>&nbsp;<\/p>\n<h3><span style=\"font-weight: 400;\">Arm\u00e1rio de roupas infantis<\/span><\/h3>\n<p><span style=\"font-weight: 400;\">Organizar as roupas do beb\u00ea \u00e9 t\u00e3o importante quanto as suas pr\u00f3prias. Como a crian\u00e7a \u00e9 uma novidade para todos, muitas pessoas d\u00e3o presentes &#8211; na maioria das vezes, roupas.\u00a0<\/span><\/p>\n<p><span style=\"font-weight: 400;\">Logo, <a href=\"https:\/\/www.mobly.com.br\/moveis\/armarios-quarto\/\/?utm_source=blog_texto&amp;utm_medium=social_blog&amp;utm_campaign=_20210301\" target=\"_blank\" rel=\"noopener\">\u00e9 importante ter n\u00e3o s\u00f3 as roupas organizadas<\/a>, mas tamb\u00e9m os babadores, fraldas reutiliz\u00e1veis, chupetas, talcos e todo os outros utens\u00edlios que a crian\u00e7a necessita diariamente.\u00a0<\/span><\/p>\n<p><img loading=\"lazy\" decoding=\"async\" class=\"alignnone size-full wp-image-15930 aligncenter\" src=\"https:\/\/blog.mobly.com.br\/wp-content\/uploads\/2021\/03\/Rec\u00e9m-Nascidos-Arm\u00e1rio-2.jpg\" alt=\"recem_nascidos_armario_2\" width=\"1000\" height=\"525\" srcset=\"https:\/\/www.mobly.com.br\/blog\/wp-content\/uploads\/2021\/03\/Rec\u00e9m-Nascidos-Arm\u00e1rio-2.jpg 1000w, https:\/\/www.mobly.com.br\/blog\/wp-content\/uploads\/2021\/03\/Rec\u00e9m-Nascidos-Arm\u00e1rio-2-300x158.jpg 300w, https:\/\/www.mobly.com.br\/blog\/wp-content\/uploads\/2021\/03\/Rec\u00e9m-Nascidos-Arm\u00e1rio-2-768x403.jpg 768w\" sizes=\"auto, (max-width: 1000px) 100vw, 1000px\" \/><\/p>\n<p><img loading=\"lazy\" decoding=\"async\" class=\"alignnone size-full wp-image-15931 aligncenter\" src=\"https:\/\/blog.mobly.com.br\/wp-content\/uploads\/2021\/03\/Rec\u00e9m-Nascidos-Arm\u00e1rio-3.jpg\" alt=\"recem_nascidos_armario_3\" width=\"1000\" height=\"525\" srcset=\"https:\/\/www.mobly.com.br\/blog\/wp-content\/uploads\/2021\/03\/Rec\u00e9m-Nascidos-Arm\u00e1rio-3.jpg 1000w, https:\/\/www.mobly.com.br\/blog\/wp-content\/uploads\/2021\/03\/Rec\u00e9m-Nascidos-Arm\u00e1rio-3-300x158.jpg 300w, https:\/\/www.mobly.com.br\/blog\/wp-content\/uploads\/2021\/03\/Rec\u00e9m-Nascidos-Arm\u00e1rio-3-768x403.jpg 768w\" sizes=\"auto, (max-width: 1000px) 100vw, 1000px\" \/><\/p>\n<p><img loading=\"lazy\" decoding=\"async\" class=\"alignnone size-full wp-image-15932 aligncenter\" src=\"https:\/\/blog.mobly.com.br\/wp-content\/uploads\/2021\/03\/Rec\u00e9m-Nascidos-Arm\u00e1rio-4.jpg\" alt=\"recem_nascidos_armario_4\" width=\"700\" height=\"700\" srcset=\"https:\/\/www.mobly.com.br\/blog\/wp-content\/uploads\/2021\/03\/Rec\u00e9m-Nascidos-Arm\u00e1rio-4.jpg 700w, https:\/\/www.mobly.com.br\/blog\/wp-content\/uploads\/2021\/03\/Rec\u00e9m-Nascidos-Arm\u00e1rio-4-150x150.jpg 150w, https:\/\/www.mobly.com.br\/blog\/wp-content\/uploads\/2021\/03\/Rec\u00e9m-Nascidos-Arm\u00e1rio-4-300x300.jpg 300w\" sizes=\"auto, (max-width: 700px) 100vw, 700px\" \/><\/p>\n<p><img loading=\"lazy\" decoding=\"async\" class=\"alignnone size-full wp-image-15933 aligncenter\" src=\"https:\/\/blog.mobly.com.br\/wp-content\/uploads\/2021\/03\/Rec\u00e9m-Nascidos-Arm\u00e1rio.jpg\" alt=\"recem_nascidos_armario\" width=\"1000\" height=\"525\" srcset=\"https:\/\/www.mobly.com.br\/blog\/wp-content\/uploads\/2021\/03\/Rec\u00e9m-Nascidos-Arm\u00e1rio.jpg 1000w, https:\/\/www.mobly.com.br\/blog\/wp-content\/uploads\/2021\/03\/Rec\u00e9m-Nascidos-Arm\u00e1rio-300x158.jpg 300w, https:\/\/www.mobly.com.br\/blog\/wp-content\/uploads\/2021\/03\/Rec\u00e9m-Nascidos-Arm\u00e1rio-768x403.jpg 768w\" sizes=\"auto, (max-width: 1000px) 100vw, 1000px\" \/><\/p>\n<div id=\"metaslider-id-15971\" style=\"max-width: 240px; margin: 0 auto;\" class=\"ml-slider-3-27-0 metaslider metaslider-coin metaslider-15971 ml-slider slider-sku-padrao ml-slider-lightbox-1-12-0 lightbox-disabled\">\n    <div id=\"metaslider_container_15971\">\n        <div id='metaslider_15971' class='coin-slider'>\n<a href=\"javascript:void(0)\" target=\"_self\"><img loading=\"lazy\" decoding=\"async\" src=\"https:\/\/www.mobly.com.br\/blog\/wp-content\/uploads\/2021\/03\/Peroba-BerC3A7o-Minicama-RetrC3B4-Branco-0755-017757-1-240x240.jpg\" height=\"240\" width=\"240\" alt=\"\" class=\"slider-15971 slide-15982\" title=\"Peroba-BerC3A7o-Minicama-RetrC3B4-Branco-0755-017757-1\" style=\"display: none;\" \/><\/a>\n<a href=\"javascript:void(0)\" target=\"_self\"><img loading=\"lazy\" decoding=\"async\" src=\"https:\/\/www.mobly.com.br\/blog\/wp-content\/uploads\/2021\/03\/Carlu-Conjunto-de-Mesa-Retangular-com-10-Cadeiras-Jah-Colorido-0077-155415-1-240x240.jpg\" height=\"240\" width=\"240\" alt=\"\" class=\"slider-15971 slide-15978\" title=\"Carlu-Conjunto-de-Mesa-Retangular-com-10-Cadeiras-Jah-Colorido-0077-155415-1\" style=\"display: none;\" \/><\/a>\n<a href=\"javascript:void(0)\" target=\"_self\"><img loading=\"lazy\" decoding=\"async\" src=\"https:\/\/www.mobly.com.br\/blog\/wp-content\/uploads\/2021\/03\/Carolina-Baby-Guarda-Roupa-Infantil-Lorena-3-PT-4-GV-Branco-2353-313966-1-240x240.jpg\" height=\"240\" width=\"240\" alt=\"\" class=\"slider-15971 slide-15980\" title=\"Carolina-Baby-Guarda-Roupa-Infantil-Lorena-3-PT-4-GV-Branco-2353-313966-1\" style=\"display: none;\" \/><\/a>\n<a href=\"javascript:void(0)\" target=\"_self\"><img loading=\"lazy\" decoding=\"async\" src=\"https:\/\/www.mobly.com.br\/blog\/wp-content\/uploads\/2021\/03\/Mobly-Cadeira-Infantil-Lilo-Branca-6051-352917-1-240x240.jpg\" height=\"240\" width=\"240\" alt=\"\" class=\"slider-15971 slide-15981\" title=\"Mobly-Cadeira-Infantil-Lilo-Branca-6051-352917-1\" style=\"display: none;\" \/><\/a>\n<a href=\"javascript:void(0)\" target=\"_self\"><img loading=\"lazy\" decoding=\"async\" src=\"https:\/\/www.mobly.com.br\/blog\/wp-content\/uploads\/2021\/03\/Carolina-Baby-CC3B4moda-Selena-4-GV-Branco-0317-528425-1-240x240.jpg\" height=\"240\" width=\"240\" alt=\"\" class=\"slider-15971 slide-15979\" title=\"Carolina-Baby-CC3B4moda-Selena-4-GV-Branco-0317-528425-1\" style=\"display: none;\" \/><\/a>\n        <\/div>\n        \n    <\/div>\n<\/div>\n<h3><span style=\"font-weight: 400;\">Esterilizadores de mamadeira<\/span><\/h3>\n<p><span style=\"font-weight: 400;\">Um dos itens mais importantes, j\u00e1 que a alimenta\u00e7\u00e3o e sa\u00fade do beb\u00ea s\u00e3o (e sempre devem ser) prioridade.\u00a0<\/span><\/p>\n<p><span style=\"font-weight: 400;\">Como o sistema imunol\u00f3gico da crian\u00e7a n\u00e3o est\u00e1 pronto para eliminar todas as bact\u00e9rias, principalmente nos primeiros meses, \u00e9 vital ter um esterilizador no quarto de beb\u00ea.\u00a0<\/span><\/p>\n<p><span style=\"font-weight: 400;\">Voc\u00ea pode encontrar modelos na faixa de R$100.<\/span><\/p>\n<p><img loading=\"lazy\" decoding=\"async\" class=\"alignnone size-full wp-image-15947 aligncenter\" src=\"https:\/\/blog.mobly.com.br\/wp-content\/uploads\/2021\/03\/Rec\u00e9m-Nascidos-Esterelizadores-2.jpg\" alt=\" recem_nascidos_esterelizadores_2\" width=\"1000\" height=\"525\" srcset=\"https:\/\/www.mobly.com.br\/blog\/wp-content\/uploads\/2021\/03\/Rec\u00e9m-Nascidos-Esterelizadores-2.jpg 1000w, https:\/\/www.mobly.com.br\/blog\/wp-content\/uploads\/2021\/03\/Rec\u00e9m-Nascidos-Esterelizadores-2-300x158.jpg 300w, https:\/\/www.mobly.com.br\/blog\/wp-content\/uploads\/2021\/03\/Rec\u00e9m-Nascidos-Esterelizadores-2-768x403.jpg 768w\" sizes=\"auto, (max-width: 1000px) 100vw, 1000px\" \/><\/p>\n<p><img loading=\"lazy\" decoding=\"async\" class=\"alignnone size-full wp-image-15948 aligncenter\" src=\"https:\/\/blog.mobly.com.br\/wp-content\/uploads\/2021\/03\/Rec\u00e9m-Nascidos-Esterelizadores-3.jpg\" alt=\" recem_nascidos_esterelizadores_3\" width=\"1000\" height=\"525\" srcset=\"https:\/\/www.mobly.com.br\/blog\/wp-content\/uploads\/2021\/03\/Rec\u00e9m-Nascidos-Esterelizadores-3.jpg 1000w, https:\/\/www.mobly.com.br\/blog\/wp-content\/uploads\/2021\/03\/Rec\u00e9m-Nascidos-Esterelizadores-3-300x158.jpg 300w, https:\/\/www.mobly.com.br\/blog\/wp-content\/uploads\/2021\/03\/Rec\u00e9m-Nascidos-Esterelizadores-3-768x403.jpg 768w\" sizes=\"auto, (max-width: 1000px) 100vw, 1000px\" \/><\/p>\n<p><img loading=\"lazy\" decoding=\"async\" class=\"alignnone size-full wp-image-15949 aligncenter\" src=\"https:\/\/blog.mobly.com.br\/wp-content\/uploads\/2021\/03\/Rec\u00e9m-Nascidos-Esterelizadores-4.jpg\" alt=\" recem_nascidos_esterelizadores_4\" width=\"700\" height=\"700\" srcset=\"https:\/\/www.mobly.com.br\/blog\/wp-content\/uploads\/2021\/03\/Rec\u00e9m-Nascidos-Esterelizadores-4.jpg 700w, https:\/\/www.mobly.com.br\/blog\/wp-content\/uploads\/2021\/03\/Rec\u00e9m-Nascidos-Esterelizadores-4-150x150.jpg 150w, https:\/\/www.mobly.com.br\/blog\/wp-content\/uploads\/2021\/03\/Rec\u00e9m-Nascidos-Esterelizadores-4-300x300.jpg 300w\" sizes=\"auto, (max-width: 700px) 100vw, 700px\" \/><\/p>\n<p><img loading=\"lazy\" decoding=\"async\" class=\"alignnone size-full wp-image-15950 aligncenter\" src=\"https:\/\/blog.mobly.com.br\/wp-content\/uploads\/2021\/03\/Rec\u00e9m-Nascidos-Esterelizadores.jpg\" alt=\" recem_nascidos_esterelizadores\" width=\"1000\" height=\"525\" srcset=\"https:\/\/www.mobly.com.br\/blog\/wp-content\/uploads\/2021\/03\/Rec\u00e9m-Nascidos-Esterelizadores.jpg 1000w, https:\/\/www.mobly.com.br\/blog\/wp-content\/uploads\/2021\/03\/Rec\u00e9m-Nascidos-Esterelizadores-300x158.jpg 300w, https:\/\/www.mobly.com.br\/blog\/wp-content\/uploads\/2021\/03\/Rec\u00e9m-Nascidos-Esterelizadores-768x403.jpg 768w\" sizes=\"auto, (max-width: 1000px) 100vw, 1000px\" \/><\/p>\n<p>&nbsp;<\/p>\n<h3><span style=\"font-weight: 400;\">Term\u00f4metro infantil<\/span><\/h3>\n<p><span style=\"font-weight: 400;\">Como falamos no t\u00f3pico anterior, o sistema imunol\u00f3gico do beb\u00ea n\u00e3o est\u00e1 totalmente pronto nos primeiros meses. Logo, \u00e9 importante ter um term\u00f4metro sempre em m\u00e3os, para checar a temperatura e sa\u00fade da crian\u00e7a com frequ\u00eancia.\u00a0<\/span><\/p>\n<p><span style=\"font-weight: 400;\">Lembre-se que n\u00e3o \u00e9 um term\u00f4metro comum, usado por adultos, mas sim um especial, usado apenas para crian\u00e7as, que tem a temperatura corporal mais dif\u00edcil de ser medida.\u00a0<\/span><\/p>\n<p>Leia tamb\u00e9m:\u00a0<a href=\"https:\/\/www.mobly.com.br\/blog\/dicas\/decoracao-do-quarto-infantil\/\/?utm_source=blog_texto&amp;utm_medium=social_blog&amp;utm_campaign=_20210301\" target=\"_blank\" rel=\"noopener\">3 Dicas para Montar a Decora\u00e7\u00e3o do Quarto Infantil<\/a><\/p>\n<p><img loading=\"lazy\" decoding=\"async\" class=\"alignnone size-full wp-image-15955 aligncenter\" src=\"https:\/\/blog.mobly.com.br\/wp-content\/uploads\/2021\/03\/Rec\u00e9m-Nascidos-Term\u00f4metro.jpg\" alt=\"recem_nascidos_termometro\" width=\"1000\" height=\"525\" srcset=\"https:\/\/www.mobly.com.br\/blog\/wp-content\/uploads\/2021\/03\/Rec\u00e9m-Nascidos-Term\u00f4metro.jpg 1000w, https:\/\/www.mobly.com.br\/blog\/wp-content\/uploads\/2021\/03\/Rec\u00e9m-Nascidos-Term\u00f4metro-300x158.jpg 300w, https:\/\/www.mobly.com.br\/blog\/wp-content\/uploads\/2021\/03\/Rec\u00e9m-Nascidos-Term\u00f4metro-768x403.jpg 768w\" sizes=\"auto, (max-width: 1000px) 100vw, 1000px\" \/><\/p>\n<p><img loading=\"lazy\" decoding=\"async\" class=\"alignnone size-full wp-image-15954 aligncenter\" src=\"https:\/\/blog.mobly.com.br\/wp-content\/uploads\/2021\/03\/Rec\u00e9m-Nascidos-Term\u00f4metro-4.jpg\" alt=\"recem_nascidos_termometro_4\" width=\"1000\" height=\"525\" srcset=\"https:\/\/www.mobly.com.br\/blog\/wp-content\/uploads\/2021\/03\/Rec\u00e9m-Nascidos-Term\u00f4metro-4.jpg 1000w, https:\/\/www.mobly.com.br\/blog\/wp-content\/uploads\/2021\/03\/Rec\u00e9m-Nascidos-Term\u00f4metro-4-300x158.jpg 300w, https:\/\/www.mobly.com.br\/blog\/wp-content\/uploads\/2021\/03\/Rec\u00e9m-Nascidos-Term\u00f4metro-4-768x403.jpg 768w\" sizes=\"auto, (max-width: 1000px) 100vw, 1000px\" \/><\/p>\n<p><img loading=\"lazy\" decoding=\"async\" class=\"alignnone size-full wp-image-15953 aligncenter\" src=\"https:\/\/blog.mobly.com.br\/wp-content\/uploads\/2021\/03\/Rec\u00e9m-Nascidos-Term\u00f4metro-3.jpg\" alt=\"recem_nascidos_termometro_3\" width=\"1000\" height=\"525\" srcset=\"https:\/\/www.mobly.com.br\/blog\/wp-content\/uploads\/2021\/03\/Rec\u00e9m-Nascidos-Term\u00f4metro-3.jpg 1000w, https:\/\/www.mobly.com.br\/blog\/wp-content\/uploads\/2021\/03\/Rec\u00e9m-Nascidos-Term\u00f4metro-3-300x158.jpg 300w, https:\/\/www.mobly.com.br\/blog\/wp-content\/uploads\/2021\/03\/Rec\u00e9m-Nascidos-Term\u00f4metro-3-768x403.jpg 768w\" sizes=\"auto, (max-width: 1000px) 100vw, 1000px\" \/><\/p>\n<p><img loading=\"lazy\" decoding=\"async\" class=\"alignnone size-full wp-image-15952 aligncenter\" src=\"https:\/\/blog.mobly.com.br\/wp-content\/uploads\/2021\/03\/Rec\u00e9m-Nascidos-Term\u00f4metro-2.jpg\" alt=\"recem_nascidos_termometro_2\" width=\"1000\" height=\"525\" srcset=\"https:\/\/www.mobly.com.br\/blog\/wp-content\/uploads\/2021\/03\/Rec\u00e9m-Nascidos-Term\u00f4metro-2.jpg 1000w, https:\/\/www.mobly.com.br\/blog\/wp-content\/uploads\/2021\/03\/Rec\u00e9m-Nascidos-Term\u00f4metro-2-300x158.jpg 300w, https:\/\/www.mobly.com.br\/blog\/wp-content\/uploads\/2021\/03\/Rec\u00e9m-Nascidos-Term\u00f4metro-2-768x403.jpg 768w\" sizes=\"auto, (max-width: 1000px) 100vw, 1000px\" \/><\/p>\n<p>&nbsp;<\/p>\n<p><span style=\"font-weight: 400;\">Esse post foi \u00fatil para voc\u00ea?\u00a0 Caso necessite, a Mobly tem <a href=\"https:\/\/www.mobly.com.br\/infantil\/\/?utm_source=blog_texto&amp;utm_medium=social_blog&amp;utm_campaign=_20210301\" target=\"_blank\" rel=\"noopener\">descontos \u00fanicos para m\u00f3veis infantis<\/a>. Procure aqui no site e encontre as melhores ofertas!\u00a0<\/span><\/p>\n<div id=\"metaslider-id-15983\" style=\"max-width: 240px; margin: 0 auto;\" class=\"ml-slider-3-27-0 metaslider metaslider-coin metaslider-15983 ml-slider slider-sku-padrao ml-slider-lightbox-1-12-0 lightbox-disabled\">\n    <div id=\"metaslider_container_15983\">\n        <div id='metaslider_15983' class='coin-slider'>\n<a href=\"javascript:void(0)\" target=\"_self\"><img loading=\"lazy\" decoding=\"async\" src=\"https:\/\/www.mobly.com.br\/blog\/wp-content\/uploads\/2021\/03\/Peroba-CC3B4moda-Infantil-RetrC3B4-II-1-PT-4-GV-Branca-e-Carvalho-3552-649757-1-240x240.jpg\" height=\"240\" width=\"240\" alt=\"\" class=\"slider-15983 slide-15991\" title=\"Peroba-CC3B4moda-Infantil-RetrC3B4-II-1-PT-4-GV-Branca-e-Carvalho-3552-649757-1\" style=\"display: none;\" \/><\/a>\n<a href=\"javascript:void(0)\" target=\"_self\"><img loading=\"lazy\" decoding=\"async\" src=\"https:\/\/www.mobly.com.br\/blog\/wp-content\/uploads\/2021\/03\/EvidC3AAncia-Guarda-Roupa-Infantil-Pitica-3PT-Branco-e-Azul-6672-660531-1-240x240.jpg\" height=\"240\" width=\"240\" alt=\"\" class=\"slider-15983 slide-15990\" title=\"EvidC3AAncia-Guarda-Roupa-Infantil-Pitica-3PT-Branco-e-Azul-6672-660531-1\" style=\"display: none;\" \/><\/a>\n<a href=\"javascript:void(0)\" target=\"_self\"><img loading=\"lazy\" decoding=\"async\" src=\"https:\/\/www.mobly.com.br\/blog\/wp-content\/uploads\/2021\/03\/QuiditC3A1-MC3B3veis-Escrivaninha-Raquel-Branca-6516-467385-1-240x240.jpg\" height=\"240\" width=\"240\" alt=\"\" class=\"slider-15983 slide-15992\" title=\"QuiditC3A1-MC3B3veis-Escrivaninha-Raquel-Branca-6516-467385-1\" style=\"display: none;\" \/><\/a>\n<a href=\"javascript:void(0)\" target=\"_self\"><img loading=\"lazy\" decoding=\"async\" src=\"https:\/\/www.mobly.com.br\/blog\/wp-content\/uploads\/2021\/03\/Stay-Puff-Puff-Infantil-Color-Corino-Colorido-8175-15036-1-240x240.jpg\" height=\"240\" width=\"240\" alt=\"\" class=\"slider-15983 slide-15994\" title=\"Stay-Puff-Puff-Infantil-Color-Corino-Colorido-8175-15036-1\" style=\"display: none;\" \/><\/a>\n<a href=\"javascript:void(0)\" target=\"_self\"><img loading=\"lazy\" decoding=\"async\" src=\"https:\/\/www.mobly.com.br\/blog\/wp-content\/uploads\/2021\/03\/RodMC3B3veis-Guarda-Roupa-Infantil-Arthur-2-PT-2-GV-Natural-5413-188847-1-240x240.jpg\" height=\"240\" width=\"240\" alt=\"\" class=\"slider-15983 slide-15993\" title=\"RodMC3B3veis-Guarda-Roupa-Infantil-Arthur-2-PT-2-GV-Natural-5413-188847-1\" style=\"display: none;\" \/><\/a>\n        <\/div>\n        \n    <\/div>\n<\/div>\n<p>Quer mais? Ent\u00e3o aprenda a fazer um quarto montessoriano com Rafa Oliveira.<\/p>\n<p><iframe loading=\"lazy\" width=\"1080\" height=\"608\" src=\"https:\/\/www.youtube.com\/embed\/JFethFysSPk?feature=oembed&amp;wmode=opaque\" frameborder=\"0\" allow=\"accelerometer; autoplay; clipboard-write; encrypted-media; gyroscope; picture-in-picture\" allowfullscreen><\/iframe><\/p>\n<button class=\"simplefavorite-button has-count loading\" data-postid=\"15927\" data-siteid=\"1\" data-groupid=\"1\" data-favoritecount=\"0\" style=\"\">Carregando...<span class=\"sf-icon-spinner-wrapper\"><i class=\"sf-icon-spinner\"><\/i><\/span><\/button>","protected":false},"excerpt":{"rendered":"<p>A chegada de uma crian\u00e7a \u00e9 sempre uma alegria para a fam\u00edlia. Por\u00e9m, necessita de um planejamento grande por tr\u00e1s, para que o novo membro tenha todo o suporte necess\u00e1rio. Nesse cen\u00e1rio, existem algumas coisas que s\u00e3o essenciais e, vendo isso, criamos um checklist do que n\u00e3o pode faltar no quarto de beb\u00ea rec\u00e9m-nascido.\u00a0\u00a0 Leia tamb\u00e9m:\u00a05 tipo de m\u00f3veis multiuso que podem otimizar espa\u00e7os da sua casa Ber\u00e7o\u00a0 Muito importante para evitar acidentes e garantir um espa\u00e7o que os pequenos possam chamar de seus. Por essas e outras, um ber\u00e7o entra como primeiro item que n\u00e3o pode faltar no quarto de beb\u00ea. \u00c9 importante que ele tenha um espa\u00e7o bastante acolchoado, tanto nas laterais quanto na cabeceira para manter a seguran\u00e7a da crian\u00e7a, al\u00e9m de bordas e locais arredondados, para que acidentes n\u00e3o ocorram.\u00a0 Leia tamb\u00e9m:\u00a0Decora\u00e7\u00e3o Montessoriana: TUDO o que voc\u00ea precisa saber + passo a passo &nbsp; Brinquedos educativos\u00a0 Os brinquedos ideias s\u00e3o um passo importante para que a crian\u00e7a tenha um desenvolvimento saud\u00e1vel. No quarto de beb\u00ea, \u00e9 importante ter ao menos 5 objetos educativos e\/ou que fa\u00e7am a crian\u00e7a movimentar-se.\u00a0 Lembre-se que n\u00e3o pode ser qualquer brinquedo pois, mesmo alguns que se dizem feitos para crian\u00e7a, possuem [&hellip;]<\/p>\n","protected":false},"author":28,"featured_media":15951,"comment_status":"open","ping_status":"open","sticky":false,"template":"","format":"standard","meta":{"extendify_custom_stylesheet":"","_mi_skip_tracking":false,"_monsterinsights_skip_tracking":false,"_monsterinsights_sitenote_active":false,"_monsterinsights_sitenote_note":"","_monsterinsights_sitenote_category":0,"footnotes":""},"categories":[10],"tags":[306,118,115],"class_list":["post-15927","post","type-post","status-publish","format-standard","has-post-thumbnail","hentry","category-dicas","tag-decoracao","tag-decoracao-montessoriana","tag-quarto-infantil"],"yoast_head":"<!-- This site is optimized with the Yoast SEO plugin v24.9 - https:\/\/yoast.com\/wordpress\/plugins\/seo\/ -->\n<title>Quarto de beb\u00ea rec\u00e9m-nascido: o que n\u00e3o pode faltar? | Blog da Mobly<\/title>\n<meta name=\"description\" content=\"Saiba o que n\u00e3o pode faltar na decora\u00e7\u00e3o de quarto de beb\u00ea rec\u00e9m-nascido e ainda inspire-se com 26 lindos ambientes decorados. V\u00e1rias dicas importantes!\" \/>\n<meta name=\"robots\" content=\"index, follow, max-snippet:-1, max-image-preview:large, max-video-preview:-1\" \/>\n<link rel=\"canonical\" href=\"https:\/\/www.mobly.com.br\/blog\/dicas\/quarto-de-bebe\/\" \/>\n<meta property=\"og:locale\" content=\"pt_BR\" \/>\n<meta property=\"og:type\" content=\"article\" \/>\n<meta property=\"og:title\" content=\"Quarto de beb\u00ea rec\u00e9m-nascido: o que n\u00e3o pode faltar? | Blog da Mobly\" \/>\n<meta property=\"og:description\" content=\"Saiba o que n\u00e3o pode faltar na decora\u00e7\u00e3o de quarto de beb\u00ea rec\u00e9m-nascido e ainda inspire-se com 26 lindos ambientes decorados. V\u00e1rias dicas importantes!\" \/>\n<meta property=\"og:url\" content=\"https:\/\/www.mobly.com.br\/blog\/dicas\/quarto-de-bebe\/\" \/>\n<meta property=\"og:site_name\" content=\"Blog da Mobly\" \/>\n<meta property=\"article:published_time\" content=\"2021-03-04T12:00:00+00:00\" \/>\n<meta property=\"og:image\" content=\"https:\/\/blog.mobly.com.br\/wp-content\/uploads\/2021\/03\/Rec\u00e9m-Nascidos-Main.jpg\" \/>\n\t<meta property=\"og:image:width\" content=\"1000\" \/>\n\t<meta property=\"og:image:height\" content=\"562\" \/>\n\t<meta property=\"og:image:type\" content=\"image\/jpeg\" \/>\n<meta name=\"author\" content=\"Jo\u00e3o Pedro Bueno Pinheiro de Andrade\" \/>\n<meta name=\"twitter:card\" content=\"summary_large_image\" \/>\n<meta name=\"twitter:label1\" content=\"Escrito por\" \/>\n\t<meta name=\"twitter:data1\" content=\"Jo\u00e3o Pedro Bueno Pinheiro de Andrade\" \/>\n\t<meta name=\"twitter:label2\" content=\"Est. tempo de leitura\" \/>\n\t<meta name=\"twitter:data2\" content=\"3 minutos\" \/>\n<script type=\"application\/ld+json\" class=\"yoast-schema-graph\">{\"@context\":\"https:\/\/schema.org\",\"@graph\":[{\"@type\":\"WebPage\",\"@id\":\"https:\/\/www.mobly.com.br\/blog\/dicas\/quarto-de-bebe\/\",\"url\":\"https:\/\/www.mobly.com.br\/blog\/dicas\/quarto-de-bebe\/\",\"name\":\"Quarto de beb\u00ea rec\u00e9m-nascido: o que n\u00e3o pode faltar? | Blog da Mobly\",\"isPartOf\":{\"@id\":\"https:\/\/www.mobly.com.br\/blog\/#website\"},\"primaryImageOfPage\":{\"@id\":\"https:\/\/www.mobly.com.br\/blog\/dicas\/quarto-de-bebe\/#primaryimage\"},\"image\":{\"@id\":\"https:\/\/www.mobly.com.br\/blog\/dicas\/quarto-de-bebe\/#primaryimage\"},\"thumbnailUrl\":\"https:\/\/www.mobly.com.br\/blog\/wp-content\/uploads\/2021\/03\/Rec\u00e9m-Nascidos-Main.jpg\",\"datePublished\":\"2021-03-04T12:00:00+00:00\",\"author\":{\"@id\":\"https:\/\/www.mobly.com.br\/blog\/#\/schema\/person\/db29f6ab802a7e981b7faa1a6cd02062\"},\"description\":\"Saiba o que n\u00e3o pode faltar na decora\u00e7\u00e3o de quarto de beb\u00ea rec\u00e9m-nascido e ainda inspire-se com 26 lindos ambientes decorados. V\u00e1rias dicas importantes!\",\"breadcrumb\":{\"@id\":\"https:\/\/www.mobly.com.br\/blog\/dicas\/quarto-de-bebe\/#breadcrumb\"},\"inLanguage\":\"pt-BR\",\"potentialAction\":[{\"@type\":\"ReadAction\",\"target\":[\"https:\/\/www.mobly.com.br\/blog\/dicas\/quarto-de-bebe\/\"]}]},{\"@type\":\"ImageObject\",\"inLanguage\":\"pt-BR\",\"@id\":\"https:\/\/www.mobly.com.br\/blog\/dicas\/quarto-de-bebe\/#primaryimage\",\"url\":\"https:\/\/www.mobly.com.br\/blog\/wp-content\/uploads\/2021\/03\/Rec\u00e9m-Nascidos-Main.jpg\",\"contentUrl\":\"https:\/\/www.mobly.com.br\/blog\/wp-content\/uploads\/2021\/03\/Rec\u00e9m-Nascidos-Main.jpg\",\"width\":\"1000\",\"height\":\"562\",\"caption\":\"recem_nascidos_main\"},{\"@type\":\"BreadcrumbList\",\"@id\":\"https:\/\/www.mobly.com.br\/blog\/dicas\/quarto-de-bebe\/#breadcrumb\",\"itemListElement\":[{\"@type\":\"ListItem\",\"position\":1,\"name\":\"Home\",\"item\":\"https:\/\/www.mobly.com.br\/blog\/\"},{\"@type\":\"ListItem\",\"position\":2,\"name\":\"Dicas\",\"item\":\"https:\/\/www.mobly.com.br\/blog\/dicas\/\"},{\"@type\":\"ListItem\",\"position\":3,\"name\":\"Quarto de beb\u00ea rec\u00e9m-nascido: o que n\u00e3o pode faltar? + 26 ambientes para te inspirar\"}]},{\"@type\":\"WebSite\",\"@id\":\"https:\/\/www.mobly.com.br\/blog\/#website\",\"url\":\"https:\/\/www.mobly.com.br\/blog\/\",\"name\":\"Blog da Mobly\",\"description\":\"Dicas de Decora\u00e7\u00e3o, Inspira\u00e7\u00f5es e Mais\",\"potentialAction\":[{\"@type\":\"SearchAction\",\"target\":{\"@type\":\"EntryPoint\",\"urlTemplate\":\"https:\/\/www.mobly.com.br\/blog\/?s={search_term_string}\"},\"query-input\":{\"@type\":\"PropertyValueSpecification\",\"valueRequired\":true,\"valueName\":\"search_term_string\"}}],\"inLanguage\":\"pt-BR\"},{\"@type\":\"Person\",\"@id\":\"https:\/\/www.mobly.com.br\/blog\/#\/schema\/person\/db29f6ab802a7e981b7faa1a6cd02062\",\"name\":\"Jo\u00e3o Pedro Bueno Pinheiro de Andrade\",\"image\":{\"@type\":\"ImageObject\",\"inLanguage\":\"pt-BR\",\"@id\":\"https:\/\/www.mobly.com.br\/blog\/#\/schema\/person\/image\/\",\"url\":\"https:\/\/secure.gravatar.com\/avatar\/d3c171116476d726a7276d7c25b287f4?s=96&d=mm&r=g\",\"contentUrl\":\"https:\/\/secure.gravatar.com\/avatar\/d3c171116476d726a7276d7c25b287f4?s=96&d=mm&r=g\",\"caption\":\"Jo\u00e3o Pedro Bueno Pinheiro de Andrade\"},\"url\":\"https:\/\/www.mobly.com.br\/blog\/author\/joao-andrade\/\"}]}<\/script>\n<!-- \/ Yoast SEO plugin. -->","yoast_head_json":{"title":"Quarto de beb\u00ea rec\u00e9m-nascido: o que n\u00e3o pode faltar? | Blog da Mobly","description":"Saiba o que n\u00e3o pode faltar na decora\u00e7\u00e3o de quarto de beb\u00ea rec\u00e9m-nascido e ainda inspire-se com 26 lindos ambientes decorados. V\u00e1rias dicas importantes!","robots":{"index":"index","follow":"follow","max-snippet":"max-snippet:-1","max-image-preview":"max-image-preview:large","max-video-preview":"max-video-preview:-1"},"canonical":"https:\/\/www.mobly.com.br\/blog\/dicas\/quarto-de-bebe\/","og_locale":"pt_BR","og_type":"article","og_title":"Quarto de beb\u00ea rec\u00e9m-nascido: o que n\u00e3o pode faltar? | Blog da Mobly","og_description":"Saiba o que n\u00e3o pode faltar na decora\u00e7\u00e3o de quarto de beb\u00ea rec\u00e9m-nascido e ainda inspire-se com 26 lindos ambientes decorados. V\u00e1rias dicas importantes!","og_url":"https:\/\/www.mobly.com.br\/blog\/dicas\/quarto-de-bebe\/","og_site_name":"Blog da Mobly","article_published_time":"2021-03-04T12:00:00+00:00","og_image":[{"width":1000,"height":562,"url":"https:\/\/blog.mobly.com.br\/wp-content\/uploads\/2021\/03\/Rec\u00e9m-Nascidos-Main.jpg","type":"image\/jpeg"}],"author":"Jo\u00e3o Pedro Bueno Pinheiro de Andrade","twitter_card":"summary_large_image","twitter_misc":{"Escrito por":"Jo\u00e3o Pedro Bueno Pinheiro de Andrade","Est. tempo de leitura":"3 minutos"},"schema":{"@context":"https:\/\/schema.org","@graph":[{"@type":"WebPage","@id":"https:\/\/www.mobly.com.br\/blog\/dicas\/quarto-de-bebe\/","url":"https:\/\/www.mobly.com.br\/blog\/dicas\/quarto-de-bebe\/","name":"Quarto de beb\u00ea rec\u00e9m-nascido: o que n\u00e3o pode faltar? | Blog da Mobly","isPartOf":{"@id":"https:\/\/www.mobly.com.br\/blog\/#website"},"primaryImageOfPage":{"@id":"https:\/\/www.mobly.com.br\/blog\/dicas\/quarto-de-bebe\/#primaryimage"},"image":{"@id":"https:\/\/www.mobly.com.br\/blog\/dicas\/quarto-de-bebe\/#primaryimage"},"thumbnailUrl":"https:\/\/www.mobly.com.br\/blog\/wp-content\/uploads\/2021\/03\/Rec\u00e9m-Nascidos-Main.jpg","datePublished":"2021-03-04T12:00:00+00:00","author":{"@id":"https:\/\/www.mobly.com.br\/blog\/#\/schema\/person\/db29f6ab802a7e981b7faa1a6cd02062"},"description":"Saiba o que n\u00e3o pode faltar na decora\u00e7\u00e3o de quarto de beb\u00ea rec\u00e9m-nascido e ainda inspire-se com 26 lindos ambientes decorados. V\u00e1rias dicas importantes!","breadcrumb":{"@id":"https:\/\/www.mobly.com.br\/blog\/dicas\/quarto-de-bebe\/#breadcrumb"},"inLanguage":"pt-BR","potentialAction":[{"@type":"ReadAction","target":["https:\/\/www.mobly.com.br\/blog\/dicas\/quarto-de-bebe\/"]}]},{"@type":"ImageObject","inLanguage":"pt-BR","@id":"https:\/\/www.mobly.com.br\/blog\/dicas\/quarto-de-bebe\/#primaryimage","url":"https:\/\/www.mobly.com.br\/blog\/wp-content\/uploads\/2021\/03\/Rec\u00e9m-Nascidos-Main.jpg","contentUrl":"https:\/\/www.mobly.com.br\/blog\/wp-content\/uploads\/2021\/03\/Rec\u00e9m-Nascidos-Main.jpg","width":"1000","height":"562","caption":"recem_nascidos_main"},{"@type":"BreadcrumbList","@id":"https:\/\/www.mobly.com.br\/blog\/dicas\/quarto-de-bebe\/#breadcrumb","itemListElement":[{"@type":"ListItem","position":1,"name":"Home","item":"https:\/\/www.mobly.com.br\/blog\/"},{"@type":"ListItem","position":2,"name":"Dicas","item":"https:\/\/www.mobly.com.br\/blog\/dicas\/"},{"@type":"ListItem","position":3,"name":"Quarto de beb\u00ea rec\u00e9m-nascido: o que n\u00e3o pode faltar? + 26 ambientes para te inspirar"}]},{"@type":"WebSite","@id":"https:\/\/www.mobly.com.br\/blog\/#website","url":"https:\/\/www.mobly.com.br\/blog\/","name":"Blog da Mobly","description":"Dicas de Decora\u00e7\u00e3o, Inspira\u00e7\u00f5es e Mais","potentialAction":[{"@type":"SearchAction","target":{"@type":"EntryPoint","urlTemplate":"https:\/\/www.mobly.com.br\/blog\/?s={search_term_string}"},"query-input":{"@type":"PropertyValueSpecification","valueRequired":true,"valueName":"search_term_string"}}],"inLanguage":"pt-BR"},{"@type":"Person","@id":"https:\/\/www.mobly.com.br\/blog\/#\/schema\/person\/db29f6ab802a7e981b7faa1a6cd02062","name":"Jo\u00e3o Pedro Bueno Pinheiro de Andrade","image":{"@type":"ImageObject","inLanguage":"pt-BR","@id":"https:\/\/www.mobly.com.br\/blog\/#\/schema\/person\/image\/","url":"https:\/\/secure.gravatar.com\/avatar\/d3c171116476d726a7276d7c25b287f4?s=96&d=mm&r=g","contentUrl":"https:\/\/secure.gravatar.com\/avatar\/d3c171116476d726a7276d7c25b287f4?s=96&d=mm&r=g","caption":"Jo\u00e3o Pedro Bueno Pinheiro de Andrade"},"url":"https:\/\/www.mobly.com.br\/blog\/author\/joao-andrade\/"}]}},"_links":{"self":[{"href":"https:\/\/www.mobly.com.br\/blog\/wp-json\/wp\/v2\/posts\/15927","targetHints":{"allow":["GET"]}}],"collection":[{"href":"https:\/\/www.mobly.com.br\/blog\/wp-json\/wp\/v2\/posts"}],"about":[{"href":"https:\/\/www.mobly.com.br\/blog\/wp-json\/wp\/v2\/types\/post"}],"author":[{"embeddable":true,"href":"https:\/\/www.mobly.com.br\/blog\/wp-json\/wp\/v2\/users\/28"}],"replies":[{"embeddable":true,"href":"https:\/\/www.mobly.com.br\/blog\/wp-json\/wp\/v2\/comments?post=15927"}],"version-history":[{"count":6,"href":"https:\/\/www.mobly.com.br\/blog\/wp-json\/wp\/v2\/posts\/15927\/revisions"}],"predecessor-version":[{"id":15995,"href":"https:\/\/www.mobly.com.br\/blog\/wp-json\/wp\/v2\/posts\/15927\/revisions\/15995"}],"wp:featuredmedia":[{"embeddable":true,"href":"https:\/\/www.mobly.com.br\/blog\/wp-json\/wp\/v2\/media\/15951"}],"wp:attachment":[{"href":"https:\/\/www.mobly.com.br\/blog\/wp-json\/wp\/v2\/media?parent=15927"}],"wp:term":[{"taxonomy":"category","embeddable":true,"href":"https:\/\/www.mobly.com.br\/blog\/wp-json\/wp\/v2\/categories?post=15927"},{"taxonomy":"post_tag","embeddable":true,"href":"https:\/\/www.mobly.com.br\/blog\/wp-json\/wp\/v2\/tags?post=15927"}],"curies":[{"name":"wp","href":"https:\/\/api.w.org\/{rel}","templated":true}]}}