{"id":15839,"date":"2021-03-11T09:00:29","date_gmt":"2021-03-11T12:00:29","guid":{"rendered":"https:\/\/www.mobly.com.br\/blog\/?p=15839"},"modified":"2021-02-26T14:35:40","modified_gmt":"2021-02-26T17:35:40","slug":"feng-shui","status":"publish","type":"post","link":"https:\/\/www.mobly.com.br\/blog\/dicas\/feng-shui\/","title":{"rendered":"Feng Shui: 15 perguntas para uma especialista"},"content":{"rendered":"<p><em>Bia Cortez, especialista em Feng Shui, explica sobre como o fluxo de energia da casa pode impactar a sua vida.\u00a0<\/em><\/p>\n<p><img loading=\"lazy\" decoding=\"async\" class=\"alignnone size-full wp-image-15851 aligncenter\" src=\"https:\/\/blog.mobly.com.br\/wp-content\/uploads\/2021\/02\/Feng-Shui-11.jpg\" alt=\"feng_shui_11\" width=\"666\" height=\"1000\" srcset=\"https:\/\/www.mobly.com.br\/blog\/wp-content\/uploads\/2021\/02\/Feng-Shui-11.jpg 666w, https:\/\/www.mobly.com.br\/blog\/wp-content\/uploads\/2021\/02\/Feng-Shui-11-200x300.jpg 200w\" sizes=\"auto, (max-width: 666px) 100vw, 666px\" \/><\/p>\n<p>Feng Shui. Essas s\u00e3o duas palavras chinesas que significam, respectivamente, \u201cvento\u201d e \u201c\u00e1gua\u201d e t\u00eam origem num antigo poema sobre a vida humana e como ela est\u00e1 diretamente conectada ao ambiente ao seu redor. Ela \u00e9 uma t\u00e9cnica milenar desenvolvida para trazer mais harmonia para a casa e seus moradores.<\/p>\n<p>No post de hoje, eu conversei com a minha colega de Mobly, <a href=\"https:\/\/www.linkedin.com\/in\/beatriz-cortez\/\" target=\"_blank\" rel=\"noopener\">Bia Cortez<\/a>, arquiteta e t\u00e9cnica em Feng Shui. Al\u00e9m de explicar mais sobre o tema, ela ainda d\u00e1 algumas dicas simples que podem melhorar o fluxo energ\u00e9tico da sua casa. Olha s\u00f3.<\/p>\n<p>Leia tamb\u00e9m:\u00a0<a href=\"https:\/\/www.mobly.com.br\/blog\/dicas\/cores-na-decoracao-dicas-para-casa\/\/?utm_source=blog_texto&amp;utm_medium=social_blog&amp;utm_campaign=_20210226\" target=\"_blank\" rel=\"noopener\">Cores na decora\u00e7\u00e3o: dicas para escolher a melhor combina\u00e7\u00e3o para a sua casa!<\/a><\/p>\n<p><strong>Mobly &#8211;<\/strong> O que \u00e9 o Feng Shui? Como ele pode melhorar a vida de quem aplica?<br \/>\n<strong>Bia Cortez &#8211;<\/strong> O Feng Shui \u00e9 uma t\u00e9cnica de <a href=\"https:\/\/www.mobly.com.br\/blog\/dicas\/videos-de-organizacao\/\/?utm_source=blog_texto&amp;utm_medium=social_blog&amp;utm_campaign=_20210226\" target=\"_blank\" rel=\"noopener\">organiza\u00e7\u00e3o <\/a>e decora\u00e7\u00e3o de ambientes chinesa que ajuda, atrav\u00e9s do estudo de um c\u00f4modo ou de uma casa toda, a equilibrar as \u00e1reas de sua vida a partir dos cinco elementos e trazer sintonia, n\u00e3o s\u00f3 para a casa como para a vida pessoal!<\/p>\n<p><img loading=\"lazy\" decoding=\"async\" class=\"alignnone size-full wp-image-15840 aligncenter\" src=\"https:\/\/blog.mobly.com.br\/wp-content\/uploads\/2021\/02\/Feng-Shui-1.jpg\" alt=\"feng_shui_1\" width=\"667\" height=\"1000\" srcset=\"https:\/\/www.mobly.com.br\/blog\/wp-content\/uploads\/2021\/02\/Feng-Shui-1.jpg 667w, https:\/\/www.mobly.com.br\/blog\/wp-content\/uploads\/2021\/02\/Feng-Shui-1-200x300.jpg 200w\" sizes=\"auto, (max-width: 667px) 100vw, 667px\" \/><br \/>\n<strong>Mobly &#8211;<\/strong> Como come\u00e7ou o seu interesse sobre o tema?<br \/>\n<strong>Bia Cortez &#8211;<\/strong> Sou arquiteta e sempre acreditei que os espa\u00e7os que habitamos influenciam diretamente nas nossas vidas, desde nossa efici\u00eancia no trabalho at\u00e9 nossos relacionamentos com outras pessoas. Me interessei pelo Feng Shui pois ele prova que nossa casa \u00e9 uma extens\u00e3o de n\u00f3s, e que devemos sempre estar de olho e cuidar muito bem dela.<\/p>\n<p>Leia tamb\u00e9m:\u00a0<a href=\"https:\/\/www.mobly.com.br\/blog\/dicas\/5-dicas-para-a-saude-das-plantas\/\/?utm_source=blog_texto&amp;utm_medium=social_blog&amp;utm_campaign=_20210226\" target=\"_blank\" rel=\"noopener\">Decora\u00e7\u00e3o viva: 5 dicas para a sa\u00fade das plantas da sua casa<\/a><\/p>\n<p><img loading=\"lazy\" decoding=\"async\" class=\"alignnone size-full wp-image-15850 aligncenter\" src=\"https:\/\/blog.mobly.com.br\/wp-content\/uploads\/2021\/02\/Feng-Shui-10.jpg\" alt=\"feng_shui_10\" width=\"760\" height=\"1000\" srcset=\"https:\/\/www.mobly.com.br\/blog\/wp-content\/uploads\/2021\/02\/Feng-Shui-10.jpg 760w, https:\/\/www.mobly.com.br\/blog\/wp-content\/uploads\/2021\/02\/Feng-Shui-10-228x300.jpg 228w\" sizes=\"auto, (max-width: 760px) 100vw, 760px\" \/><\/p>\n<p><strong>Mobly &#8211;<\/strong> Existem diferentes linhas de Feng Shui? Se sim, qual voc\u00ea segue?<br \/>\n<strong>Bia Cortez &#8211;<\/strong> Como o Feng Shui tem sido cada vez mais difundido no mundo ocidental, foram criadas diferentes linhas, por\u00e9m existem tr\u00eas principais escolas: A Escola das Formas que leva em considera\u00e7\u00e3o o terreno (existe um estudo que \u00e9 feito para se escolher o melhor terreno, que vai trazer prosperidade e sintonia para a constru\u00e7\u00e3o) e tudo pode influenciar nisso, o entorno at\u00e9 a posi\u00e7\u00e3o do sol. A Escola da B\u00fassola \u00e9 a mais tradicional no oriente, exige uma b\u00fassola espec\u00edfica e diversos outros fatores como a posi\u00e7\u00e3o dos planetas, signos das pessoas que moram na casa e uma an\u00e1lise bem mais profunda de aspectos pessoais. A que eu sigo e \u00e9 a mais tradicional aqui no ocidente \u00e9 a Escola do Chap\u00e9u Negro: Para analisar a casa e dar a melhor orienta\u00e7\u00e3o de como organiza-la \u00e9 usado um Bagu\u00e1, que \u00e9 um tipo de b\u00fassola que \u00e9 dividida em nove \u00e1reas da vida (Sa\u00fade, Sucesso, Relacionamento, Criatividade, Amigos, Trabalho, Espiritualidade, Fam\u00edlia e Prosperidade).<\/p>\n<p><strong>Mobly &#8211;<\/strong> O Feng Shui pode ajudar qualquer pessoa? Existe alguma rela\u00e7\u00e3o com espiritualidade ou misticismo?<br \/>\n<strong>Bia Cortez &#8211;<\/strong> O Feng Shui \u00e9 um tipo de \u201ccura\u201d. A base dele \u00e9 manter a energia que chamamos de Chi sempre em movimento, que \u00e9 a energia vital de todos os seres vivos (plantas e animais inclusos!). Ele tem rela\u00e7\u00e3o sim com nossa espiritualidade, mas principalmente com a nossa vontade de acreditar e nos organizar para manter nossas energias sempre renovadas.<\/p>\n<p><img loading=\"lazy\" decoding=\"async\" class=\"alignnone size-full wp-image-15849 aligncenter\" src=\"https:\/\/blog.mobly.com.br\/wp-content\/uploads\/2021\/02\/Feng-Shui-9.jpg\" alt=\"feng_shui_9\" width=\"666\" height=\"1000\" srcset=\"https:\/\/www.mobly.com.br\/blog\/wp-content\/uploads\/2021\/02\/Feng-Shui-9.jpg 666w, https:\/\/www.mobly.com.br\/blog\/wp-content\/uploads\/2021\/02\/Feng-Shui-9-200x300.jpg 200w\" sizes=\"auto, (max-width: 666px) 100vw, 666px\" \/><\/p>\n<div id=\"metaslider-id-15864\" style=\"max-width: 240px; margin: 0 auto;\" class=\"ml-slider-3-27-0 metaslider metaslider-coin metaslider-15864 ml-slider slider-sku-padrao ml-slider-lightbox-1-12-0 lightbox-disabled\">\n    <div id=\"metaslider_container_15864\">\n        <div id='metaslider_15864' class='coin-slider'>\n<a href=\"javascript:void(0)\" target=\"_self\"><img loading=\"lazy\" decoding=\"async\" src=\"https:\/\/www.mobly.com.br\/blog\/wp-content\/uploads\/2021\/02\/Mobly-SofC3A1-Cama-3-Lugares-Casal-Premium-Suede-Cinza-9969-770002-1-1-240x240.jpg\" height=\"240\" width=\"240\" alt=\"\" class=\"slider-15864 slide-15896\" title=\"Mobly-SofC3A1-Cama-3-Lugares-Casal-Premium-Suede-Cinza-9969-770002-1\" style=\"display: none;\" \/><\/a>\n<a href=\"javascript:void(0)\" target=\"_self\"><img loading=\"lazy\" decoding=\"async\" src=\"https:\/\/www.mobly.com.br\/blog\/wp-content\/uploads\/2021\/02\/Imcal-Buffet-Classic-4-PT-Off-White-e-Freijo-Touch-2897-521245-1-1-240x240.jpg\" height=\"240\" width=\"240\" alt=\"\" class=\"slider-15864 slide-15892\" title=\"Imcal-Buffet-Classic-4-PT-Off-White-e-Freijo-Touch-2897-521245-1\" style=\"display: none;\" \/><\/a>\n<a href=\"javascript:void(0)\" target=\"_self\"><img loading=\"lazy\" decoding=\"async\" src=\"https:\/\/www.mobly.com.br\/blog\/wp-content\/uploads\/2021\/02\/Emporio-Tiffany-Conjunto-com-2-Cadeiras-Charles-Eames-com-BraC3A7o-I-Branco-9360-246757-1-240x240.jpg\" height=\"240\" width=\"240\" alt=\"\" class=\"slider-15864 slide-15881\" title=\"Emporio-Tiffany-Conjunto-com-2-Cadeiras-Charles-Eames-com-BraC3A7o-I-Branco-9360-246757-1\" style=\"display: none;\" \/><\/a>\n<a href=\"javascript:void(0)\" target=\"_self\"><img loading=\"lazy\" decoding=\"async\" src=\"https:\/\/www.mobly.com.br\/blog\/wp-content\/uploads\/2021\/02\/Luizzi-Poltrona-RetrC3A1til-e-ReclinC3A1vel-Estoril-Cinza-0593-340857-1-1-240x240.jpg\" height=\"240\" width=\"240\" alt=\"\" class=\"slider-15864 slide-15893\" title=\"Luizzi-Poltrona-RetrC3A1til-e-ReclinC3A1vel-Estoril-Cinza-0593-340857-1\" style=\"display: none;\" \/><\/a>\n<a href=\"javascript:void(0)\" target=\"_self\"><img loading=\"lazy\" decoding=\"async\" src=\"https:\/\/www.mobly.com.br\/blog\/wp-content\/uploads\/2021\/02\/Imcal-Buffet-Classic-4-PT-Off-White-e-Freijo-Touch-2897-521245-1-240x240.jpg\" height=\"240\" width=\"240\" alt=\"\" class=\"slider-15864 slide-15882\" title=\"Imcal-Buffet-Classic-4-PT-Off-White-e-Freijo-Touch-2897-521245-1\" style=\"display: none;\" \/><\/a>\n<a href=\"javascript:void(0)\" target=\"_self\"><img loading=\"lazy\" decoding=\"async\" src=\"https:\/\/www.mobly.com.br\/blog\/wp-content\/uploads\/2021\/02\/Imcal-Buffet-Classic-4-PT-Off-White-e-Freijo-Touch-2897-521245-1-1-240x240.jpg\" height=\"240\" width=\"240\" alt=\"\" class=\"slider-15864 slide-15899\" title=\"Imcal-Buffet-Classic-4-PT-Off-White-e-Freijo-Touch-2897-521245-1\" style=\"display: none;\" \/><\/a>\n<a href=\"javascript:void(0)\" target=\"_self\"><img loading=\"lazy\" decoding=\"async\" src=\"https:\/\/www.mobly.com.br\/blog\/wp-content\/uploads\/2021\/02\/Tcil-Cama-Infantil-Montessoriana-Bella-Branca-8344-140706-1-1-240x240.jpg\" height=\"240\" width=\"240\" alt=\"\" class=\"slider-15864 slide-15875\" title=\"Tcil-Cama-Infantil-Montessoriana-Bella-Branca-8344-140706-1\" style=\"display: none;\" \/><\/a>\n<a href=\"javascript:void(0)\" target=\"_self\"><img loading=\"lazy\" decoding=\"async\" src=\"https:\/\/www.mobly.com.br\/blog\/wp-content\/uploads\/2021\/02\/Mobly-Mesa-de-Jantar-Retangular-Industrial-Stanford-Carvalho-e-Preta-160-cm-9531-853216-1-1-240x240.jpg\" height=\"240\" width=\"240\" alt=\"\" class=\"slider-15864 slide-15894\" title=\"Mobly-Mesa-de-Jantar-Retangular-Industrial-Stanford-Carvalho-e-Preta-160-cm-9531-853216-1\" style=\"display: none;\" \/><\/a>\n<a href=\"javascript:void(0)\" target=\"_self\"><img loading=\"lazy\" decoding=\"async\" src=\"https:\/\/www.mobly.com.br\/blog\/wp-content\/uploads\/2021\/02\/Emporio-Tiffany-Conjunto-com-2-Cadeiras-Charles-Eames-com-BraC3A7o-I-Branco-9360-246757-1-1-240x240.jpg\" height=\"240\" width=\"240\" alt=\"\" class=\"slider-15864 slide-15900\" title=\"Emporio-Tiffany-Conjunto-com-2-Cadeiras-Charles-Eames-com-BraC3A7o-I-Branco-9360-246757-1\" style=\"display: none;\" \/><\/a>\n<a href=\"javascript:void(0)\" target=\"_self\"><img loading=\"lazy\" decoding=\"async\" src=\"https:\/\/www.mobly.com.br\/blog\/wp-content\/uploads\/2021\/02\/New-Ceval-Conjunto-de-Mesa-de-Jantar-com-Tampo-de-Vidro-e-4-Cadeiras-Ana-IV-Veludo-Linho-Off-White-e-Creme-5879-047657-1-1-240x240.jpg\" height=\"240\" width=\"240\" alt=\"\" class=\"slider-15864 slide-15872\" title=\"New-Ceval-Conjunto-de-Mesa-de-Jantar-com-Tampo-de-Vidro-e-4-Cadeiras-Ana-IV-Veludo-Linho-Off-White-e-Creme-5879-047657-1\" style=\"display: none;\" \/><\/a>\n<a href=\"javascript:void(0)\" target=\"_self\"><img loading=\"lazy\" decoding=\"async\" src=\"https:\/\/www.mobly.com.br\/blog\/wp-content\/uploads\/2021\/02\/Mobly-Mesa-de-Jantar-Retangular-Industrial-Stanford-Carvalho-e-Preta-160-cm-9531-853216-1-240x240.jpg\" height=\"240\" width=\"240\" alt=\"\" class=\"slider-15864 slide-15884\" title=\"Mobly-Mesa-de-Jantar-Retangular-Industrial-Stanford-Carvalho-e-Preta-160-cm-9531-853216-1\" style=\"display: none;\" \/><\/a>\n<a href=\"javascript:void(0)\" target=\"_self\"><img loading=\"lazy\" decoding=\"async\" src=\"https:\/\/www.mobly.com.br\/blog\/wp-content\/uploads\/2021\/02\/Carolina-Baby-BerC3A7o-Minicama-Unissex-Mirelle-Amadeirado-RC3BAstico-6946-568715-1-1-240x240.jpg\" height=\"240\" width=\"240\" alt=\"\" class=\"slider-15864 slide-15871\" title=\"Carolina-Baby-BerC3A7o-Minicama-Unissex-Mirelle-Amadeirado-RC3BAstico-6946-568715-1\" style=\"display: none;\" \/><\/a>\n<a href=\"javascript:void(0)\" target=\"_self\"><img loading=\"lazy\" decoding=\"async\" src=\"https:\/\/www.mobly.com.br\/blog\/wp-content\/uploads\/2021\/02\/Patrimar-Penteadeira-com-Espelho-Strass-Branca-2676-768747-1-1-240x240.jpg\" height=\"240\" width=\"240\" alt=\"\" class=\"slider-15864 slide-15874\" title=\"Patrimar-Penteadeira-com-Espelho-Strass-Branca-2676-768747-1\" style=\"display: none;\" \/><\/a>\n<a href=\"javascript:void(0)\" target=\"_self\"><img loading=\"lazy\" decoding=\"async\" src=\"https:\/\/www.mobly.com.br\/blog\/wp-content\/uploads\/2021\/02\/Mobly-Mesa-de-Jantar-Retangular-Industrial-Stanford-Carvalho-e-Preta-160-cm-9531-853216-1-1-240x240.jpg\" height=\"240\" width=\"240\" alt=\"\" class=\"slider-15864 slide-15897\" title=\"Mobly-Mesa-de-Jantar-Retangular-Industrial-Stanford-Carvalho-e-Preta-160-cm-9531-853216-1\" style=\"display: none;\" \/><\/a>\n<a href=\"javascript:void(0)\" target=\"_self\"><img loading=\"lazy\" decoding=\"async\" src=\"https:\/\/www.mobly.com.br\/blog\/wp-content\/uploads\/2021\/02\/Emporio-Tiffany-Conjunto-com-2-Cadeiras-Charles-Eames-com-BraC3A7o-I-Branco-9360-246757-1-1-240x240.jpg\" height=\"240\" width=\"240\" alt=\"\" class=\"slider-15864 slide-15891\" title=\"Emporio-Tiffany-Conjunto-com-2-Cadeiras-Charles-Eames-com-BraC3A7o-I-Branco-9360-246757-1\" style=\"display: none;\" \/><\/a>\n<a href=\"javascript:void(0)\" target=\"_self\"><img loading=\"lazy\" decoding=\"async\" src=\"https:\/\/www.mobly.com.br\/blog\/wp-content\/uploads\/2021\/02\/Luizzi-Poltrona-RetrC3A1til-e-ReclinC3A1vel-Estoril-Cinza-0593-340857-1-240x240.jpg\" height=\"240\" width=\"240\" alt=\"\" class=\"slider-15864 slide-15883\" title=\"Luizzi-Poltrona-RetrC3A1til-e-ReclinC3A1vel-Estoril-Cinza-0593-340857-1\" style=\"display: none;\" \/><\/a>\n<a href=\"javascript:void(0)\" target=\"_self\"><img loading=\"lazy\" decoding=\"async\" src=\"https:\/\/www.mobly.com.br\/blog\/wp-content\/uploads\/2021\/02\/Mobly-SofC3A1-Cama-3-Lugares-Casal-Premium-Suede-Cinza-9969-770002-1-240x240.jpg\" height=\"240\" width=\"240\" alt=\"\" class=\"slider-15864 slide-15885\" title=\"Mobly-SofC3A1-Cama-3-Lugares-Casal-Premium-Suede-Cinza-9969-770002-1\" style=\"display: none;\" \/><\/a>\n<a href=\"javascript:void(0)\" target=\"_self\"><img loading=\"lazy\" decoding=\"async\" src=\"https:\/\/www.mobly.com.br\/blog\/wp-content\/uploads\/2021\/02\/Olivar-MC3B3veis-Mesa-de-Cabeceira-Bled-2-GV-Branca-9057-623166-1-1-240x240.jpg\" height=\"240\" width=\"240\" alt=\"\" class=\"slider-15864 slide-15873\" title=\"Olivar-MC3B3veis-Mesa-de-Cabeceira-Bled-2-GV-Branca-9057-623166-1\" style=\"display: none;\" \/><\/a>\n<a href=\"javascript:void(0)\" target=\"_self\"><img loading=\"lazy\" decoding=\"async\" src=\"https:\/\/www.mobly.com.br\/blog\/wp-content\/uploads\/2021\/02\/Luizzi-Poltrona-RetrC3A1til-e-ReclinC3A1vel-Estoril-Cinza-0593-340857-1-1-240x240.jpg\" height=\"240\" width=\"240\" alt=\"\" class=\"slider-15864 slide-15898\" title=\"Luizzi-Poltrona-RetrC3A1til-e-ReclinC3A1vel-Estoril-Cinza-0593-340857-1\" style=\"display: none;\" \/><\/a>\n<a href=\"javascript:void(0)\" target=\"_self\"><img loading=\"lazy\" decoding=\"async\" src=\"https:\/\/www.mobly.com.br\/blog\/wp-content\/uploads\/2021\/02\/Mobly-SofC3A1-Cama-3-Lugares-Casal-Premium-Suede-Cinza-9969-770002-1-1-240x240.jpg\" height=\"240\" width=\"240\" alt=\"\" class=\"slider-15864 slide-15895\" title=\"Mobly-SofC3A1-Cama-3-Lugares-Casal-Premium-Suede-Cinza-9969-770002-1\" style=\"display: none;\" \/><\/a>\n        <\/div>\n        \n    <\/div>\n<\/div>\n<p><strong>Mobly &#8211;<\/strong> Aplicar o Feng Shui \u00e9 caro?<br \/>\n<strong>Bia Cortez &#8211;<\/strong> N\u00e3o! O Feng Shui come\u00e7a em pequenas atitudes que temos com a nossa casa, pode ser desde uma pequena reorganiza\u00e7\u00e3o de espa\u00e7os como jogar fora coisas velhas e encostadas que n\u00e3o tem uso. Equilibrar os ambientes de acordo com o B\u00e1gua e sua \u00e1rea espec\u00edfica pode envolver objetos que voc\u00ea j\u00e1 tem em sua resid\u00eancia.<\/p>\n<p><strong>Mobly &#8211;<\/strong> Como funciona o estudo de Feng Shui para uma casa? Cada casa \u00e9 um caso diferente?<br \/>\n<strong>Bia Cortez &#8211;<\/strong> Sim, o estudo come\u00e7a posicionando o bagu\u00e1 na planta da casa, a \u00e1rea denominada \u201cTrabalho\u201d sempre estar\u00e1 alinhada com a porta principal da casa, a partir da\u00ed vamos perceber o que cada c\u00f4modo representa em sua casa, e o que precisa de \u201ccura\u201d, que \u00e9 a organiza\u00e7\u00e3o de acordo com as <a href=\"https:\/\/www.mobly.com.br\/blog\/inspiracoes\/cores-decoracao-de-sala-de-jantar\/\/?utm_source=blog_texto&amp;utm_medium=social_blog&amp;utm_campaign=_20210226\" target=\"_blank\" rel=\"noopener\">cores<\/a>, texturas, decora\u00e7\u00e3o que cada \u00e1rea da vida representa. Por exemplo, o c\u00f4modo que estiver na \u00e1rea de \u201cFam\u00edlia\u201d seria um \u00f3timo lugar para ter <a href=\"https:\/\/www.mobly.com.br\/decoracao\/porta-retratos\/\/?utm_source=blog_texto&amp;utm_medium=social_blog&amp;utm_campaign=_20210226\" target=\"_blank\" rel=\"noopener\">retratos <\/a>de quem mora na casa e objetos que lembram as pessoas queridas, o elemento relacionado a essa \u00e1rea \u00e9 a madeira, ent\u00e3o seria interessante decora\u00e7\u00e3o ou m\u00f3veis de madeira nesse c\u00f4modo. Isso faz com que cada casa seja um caso diferente, pois cada planta tem uma organiza\u00e7\u00e3o.<\/p>\n<p>Leia tamb\u00e9m:\u00a0<a href=\"https:\/\/www.mobly.com.br\/blog\/dicas\/colchao-decoracao-quarto\/\/?utm_source=blog_texto&amp;utm_medium=social_blog&amp;utm_campaign=_20210226\" target=\"_blank\" rel=\"noopener\">Decora\u00e7\u00e3o de quarto: conhe\u00e7a os 5 sinais de que est\u00e1 na hora de trocar o seu colch\u00e3o<\/a><\/p>\n<p><img loading=\"lazy\" decoding=\"async\" class=\"alignnone size-full wp-image-15848 aligncenter\" src=\"https:\/\/blog.mobly.com.br\/wp-content\/uploads\/2021\/02\/Feng-Shui-8.jpg\" alt=\"feng_shui_8\" width=\"666\" height=\"1000\" srcset=\"https:\/\/www.mobly.com.br\/blog\/wp-content\/uploads\/2021\/02\/Feng-Shui-8.jpg 666w, https:\/\/www.mobly.com.br\/blog\/wp-content\/uploads\/2021\/02\/Feng-Shui-8-200x300.jpg 200w\" sizes=\"auto, (max-width: 666px) 100vw, 666px\" \/><\/p>\n<p><strong>Mobly &#8211;<\/strong> Existe alguma regra prima do Feng Shui? Alguma norma que todos deveriam seguir?<br \/>\n<strong>Bia Cortez &#8211;<\/strong> Devemos sempre lembrar que \u201cMudan\u00e7a \u00e9 a lei da Vida\u201d. Existem pequenas regras que envolvem n\u00e3o s\u00f3 a organiza\u00e7\u00e3o do espa\u00e7o, como nossos h\u00e1bitos como comentei. A energia Chi que \u00e9 nossa energia vital, deve estar sempre circulando pelo nosso lar. Ela sempre est\u00e1 em constante movimento, mas fica estagnada naqueles objetos que n\u00e3o tem uso na nossa casa, ou que est\u00e3o quebrados h\u00e1 muito tempo, ou at\u00e9 aquela pe\u00e7a de roupa que voc\u00ea nunca usou, ent\u00e3o \u00e9 muito importante que a sua casa mantenha o Chi renovado, que voc\u00ea d\u00ea uso a esses objetos ou que d\u00ea para algu\u00e9m que vai utiliz\u00e1-lo. Com isso, \u00e9 importante tamb\u00e9m, de tempos em tempos trocar o lugar de nossos m\u00f3veis, renovar nossa casa com pequenas mudan\u00e7as, n\u00e3o deixar a energia Chi ficar parada em nada.<\/p>\n<p><strong>Mobly &#8211;<\/strong> E tabus? Existe algo que todos deveriam evitar?<br \/>\n<strong>Bia Cortez &#8211;<\/strong> O Feng Shui envolve o uso de v\u00e1rios tipos de decora\u00e7\u00e3o e elementos &#8220;energ\u00e9ticos&#8221;, como <a href=\"https:\/\/www.mobly.com.br\/decoracao\/espelhos\/\/?utm_source=blog_texto&amp;utm_medium=social_blog&amp;utm_campaign=_20210226\" target=\"_blank\" rel=\"noopener\">espelhos<\/a>, cristais e <a href=\"https:\/\/www.mobly.com.br\/blog\/dicas\/plantas-para-iniciantes-cuidados\/\/?utm_source=blog_texto&amp;utm_medium=social_blog&amp;utm_campaign=_20210226\" target=\"_blank\" rel=\"noopener\">plantas<\/a>, por isso precisamos us\u00e1-los com parcim\u00f4nia, pois na t\u00e9cnica acreditamos que tudo \u00e9 um modo de trazer energia para sua casa e devem ser colocados em lugares estrat\u00e9gicos de acordo com o Bagu\u00e1 e n\u00e3o por toda casa.<\/p>\n<p><img loading=\"lazy\" decoding=\"async\" class=\"alignnone size-full wp-image-15847 aligncenter\" src=\"https:\/\/blog.mobly.com.br\/wp-content\/uploads\/2021\/02\/Feng-Shui-7.jpg\" alt=\"feng_shui_7\" width=\"667\" height=\"1000\" srcset=\"https:\/\/www.mobly.com.br\/blog\/wp-content\/uploads\/2021\/02\/Feng-Shui-7.jpg 667w, https:\/\/www.mobly.com.br\/blog\/wp-content\/uploads\/2021\/02\/Feng-Shui-7-200x300.jpg 200w\" sizes=\"auto, (max-width: 667px) 100vw, 667px\" \/><\/p>\n<p><strong>Mobly &#8211;<\/strong> Existem \u00e1reas da casa mais dif\u00edceis de serem trabalhadas que outras?<br \/>\n<strong>Bia Cortez &#8211;<\/strong> As \u00e1reas da casa mais dif\u00edceis de serem trabalhadas s\u00e3o o <a href=\"https:\/\/www.mobly.com.br\/moveis\/moveis-banheiro\/\/?utm_source=blog_texto&amp;utm_medium=social_blog&amp;utm_campaign=_20210226\" target=\"_blank\" rel=\"noopener\">banheiro <\/a>e a <a href=\"https:\/\/www.mobly.com.br\/moveis\/moveis-cozinha\/\" target=\"_blank\" rel=\"noopener\">cozinha<\/a>. A energia, como sempre, est\u00e1 em constante movimento e &#8220;escapa&#8221; pelo ralo e, principalmente, pelo vaso sanit\u00e1rio. Parece engra\u00e7ado, por\u00e9m \u00e9 sempre indicado que todos os ralos tenham protetores e que o vaso sanit\u00e1rio sempre seja fechado ap\u00f3s o uso. A \u00e1rea do Bagu\u00e1 que cair nesses c\u00f4modos sempre deve ter uma aten\u00e7\u00e3o especial.<\/p>\n<p><strong>Mobly &#8211;<\/strong> Espa\u00e7o \u00e9 um limitante? O Feng Shui pode ser aplicado em grandes casas assim como em pequenos apartamentos?<br \/>\n<strong>Bia Cortez &#8211;<\/strong> Na verdade n\u00e3o, o Feng Shui pode ser aplicado em apenas um c\u00f4modo da casa, como seu quarto. Ent\u00e3o o tamanho do lugar que ser\u00e1 curado pela t\u00e9cnica n\u00e3o importa!<\/p>\n<p>Leia tamb\u00e9m:\u00a0<a href=\"https:\/\/www.mobly.com.br\/blog\/dicas\/decoracao-apartamentos-alugados-veja-6-dicas\/\/?utm_source=blog_texto&amp;utm_medium=social_blog&amp;utm_campaign=_20210226\" target=\"_blank\" rel=\"noopener\">6 Dicas para Decorar Apartamentos Pequenos Alugados<\/a><\/p>\n<p><img loading=\"lazy\" decoding=\"async\" class=\"alignnone size-full wp-image-15846 aligncenter\" src=\"https:\/\/blog.mobly.com.br\/wp-content\/uploads\/2021\/02\/Feng-Shui-6.jpg\" alt=\"feng_shui_6\" width=\"1000\" height=\"483\" srcset=\"https:\/\/www.mobly.com.br\/blog\/wp-content\/uploads\/2021\/02\/Feng-Shui-6.jpg 1000w, https:\/\/www.mobly.com.br\/blog\/wp-content\/uploads\/2021\/02\/Feng-Shui-6-300x145.jpg 300w, https:\/\/www.mobly.com.br\/blog\/wp-content\/uploads\/2021\/02\/Feng-Shui-6-768x371.jpg 768w\" sizes=\"auto, (max-width: 1000px) 100vw, 1000px\" \/><\/p>\n<p><strong>Mobly &#8211;<\/strong> A ilumina\u00e7\u00e3o tamb\u00e9m possui um papel na filosofia?<br \/>\n<strong>Bia Cortez &#8211;<\/strong> A ilumina\u00e7\u00e3o tem um papel importante, mas at\u00e9 ela deve seguir os fundamentos de cada \u00e1rea do Bagu\u00e1. Por exemplo, se algum c\u00f4modo estiver localizado na \u00e1rea do \u201crelacionamento\u201d \u00e9 interessante que seja usada uma ilumina\u00e7\u00e3o mais quente.<\/p>\n<p><strong>Mobly &#8211;<\/strong> Existem itens de mobili\u00e1rio ou decora\u00e7\u00e3o que s\u00e3o mais comumente utilizados?<br \/>\n<strong>Bia Cortez &#8211;<\/strong> Os itens de decora\u00e7\u00e3o seguem uma certa regra para cada \u00e1rea da vida, por\u00e9m a madeira e o metal s\u00e3o materiais bem importantes para a cura de um ambiente. Um item de decora\u00e7\u00e3o bastante\u00a0 usado para \u201caumentar\u201d espa\u00e7os e tamb\u00e9m na porta de casa \u00e9 o espelho, pois oferece uma carga energ\u00e9tica de expandir ambientes e dobrar a cura.<\/p>\n<p>Leia tamb\u00e9m:\u00a0<a href=\"https:\/\/www.mobly.com.br\/blog\/dicas\/iluminacao-da-uma-cara-nova-ao-ambiente\/\/?utm_source=blog_texto&amp;utm_medium=social_blog&amp;utm_campaign=_20210226\" target=\"_blank\" rel=\"noopener\">Como A Ilumina\u00e7\u00e3o Pode Dar Uma Nova Cara Ao Seu Ambiente?<\/a><\/p>\n<p><img loading=\"lazy\" decoding=\"async\" class=\"alignnone size-full wp-image-15845 aligncenter\" src=\"https:\/\/blog.mobly.com.br\/wp-content\/uploads\/2021\/02\/Feng-Shui-5.jpg\" alt=\"feng_shui_5\" width=\"1000\" height=\"679\" srcset=\"https:\/\/www.mobly.com.br\/blog\/wp-content\/uploads\/2021\/02\/Feng-Shui-5.jpg 1000w, https:\/\/www.mobly.com.br\/blog\/wp-content\/uploads\/2021\/02\/Feng-Shui-5-300x204.jpg 300w, https:\/\/www.mobly.com.br\/blog\/wp-content\/uploads\/2021\/02\/Feng-Shui-5-768x521.jpg 768w\" sizes=\"auto, (max-width: 1000px) 100vw, 1000px\" \/><\/p>\n<div id=\"metaslider-id-15901\" style=\"max-width: 240px; margin: 0 auto;\" class=\"ml-slider-3-27-0 metaslider metaslider-coin metaslider-15901 ml-slider slider-sku-padrao ml-slider-lightbox-1-12-0 lightbox-disabled\">\n    <div id=\"metaslider_container_15901\">\n        <div id='metaslider_15901' class='coin-slider'>\n<a href=\"javascript:void(0)\" target=\"_self\"><img loading=\"lazy\" decoding=\"async\" src=\"https:\/\/www.mobly.com.br\/blog\/wp-content\/uploads\/2021\/02\/Mobly-SofC3A1-Cama-3-Lugares-Casal-Premium-Suede-Cinza-9969-770002-1-2-240x240.jpg\" height=\"240\" width=\"240\" alt=\"\" class=\"slider-15901 slide-15912\" title=\"Mobly-SofC3A1-Cama-3-Lugares-Casal-Premium-Suede-Cinza-9969-770002-1\" style=\"display: none;\" \/><\/a>\n<a href=\"javascript:void(0)\" target=\"_self\"><img loading=\"lazy\" decoding=\"async\" src=\"https:\/\/www.mobly.com.br\/blog\/wp-content\/uploads\/2021\/02\/Luizzi-Poltrona-RetrC3A1til-e-ReclinC3A1vel-Estoril-Cinza-0593-340857-1-2-240x240.jpg\" height=\"240\" width=\"240\" alt=\"\" class=\"slider-15901 slide-15910\" title=\"Luizzi-Poltrona-RetrC3A1til-e-ReclinC3A1vel-Estoril-Cinza-0593-340857-1\" style=\"display: none;\" \/><\/a>\n<a href=\"javascript:void(0)\" target=\"_self\"><img loading=\"lazy\" decoding=\"async\" src=\"https:\/\/www.mobly.com.br\/blog\/wp-content\/uploads\/2021\/02\/Mobly-Mesa-de-Jantar-Retangular-Industrial-Stanford-Carvalho-e-Preta-160-cm-9531-853216-1-2-240x240.jpg\" height=\"240\" width=\"240\" alt=\"\" class=\"slider-15901 slide-15911\" title=\"Mobly-Mesa-de-Jantar-Retangular-Industrial-Stanford-Carvalho-e-Preta-160-cm-9531-853216-1\" style=\"display: none;\" \/><\/a>\n<a href=\"javascript:void(0)\" target=\"_self\"><img loading=\"lazy\" decoding=\"async\" src=\"https:\/\/www.mobly.com.br\/blog\/wp-content\/uploads\/2021\/02\/Imcal-Buffet-Classic-4-PT-Off-White-e-Freijo-Touch-2897-521245-1-2-240x240.jpg\" height=\"240\" width=\"240\" alt=\"\" class=\"slider-15901 slide-15909\" title=\"Imcal-Buffet-Classic-4-PT-Off-White-e-Freijo-Touch-2897-521245-1\" style=\"display: none;\" \/><\/a>\n<a href=\"javascript:void(0)\" target=\"_self\"><img loading=\"lazy\" decoding=\"async\" src=\"https:\/\/www.mobly.com.br\/blog\/wp-content\/uploads\/2021\/02\/Emporio-Tiffany-Conjunto-com-2-Cadeiras-Charles-Eames-com-BraC3A7o-I-Branco-9360-246757-1-2-240x240.jpg\" height=\"240\" width=\"240\" alt=\"\" class=\"slider-15901 slide-15908\" title=\"Emporio-Tiffany-Conjunto-com-2-Cadeiras-Charles-Eames-com-BraC3A7o-I-Branco-9360-246757-1\" style=\"display: none;\" \/><\/a>\n        <\/div>\n        \n    <\/div>\n<\/div>\n<p><strong>Mobly &#8211;<\/strong> Qual dica voc\u00ea teria para quem quer um espa\u00e7o de trabalho mais harmonioso?<br \/>\n<strong>Bia Cortez &#8211;<\/strong> A minha dica \u00e9 manter o espa\u00e7o sempre organizado e bem iluminado, se voc\u00ea possui um lixo com descarte de coisas de trabalho, sempre esvazi\u00e1-lo no fim do dia. N\u00e3o acumular papel ou qualquer outro tipo de material que n\u00e3o tenha mais uso (como canetas que n\u00e3o funcionam). \u00c9 interessante tamb\u00e9m sempre ter perto coisas relacionadas \u00e0s suas conquistas como um diploma, um desenho seu, livros que te inspiram ou at\u00e9 fotos de pessoas que s\u00e3o refer\u00eancias para voc\u00ea.<\/p>\n<p><strong>Mobly &#8211;<\/strong> Como voc\u00ea utiliza hoje o Feng Shui no seu dia-a-dia?<br \/>\n<strong>Bia Cortez &#8211;<\/strong> Al\u00e9m de sempre aplicar o Feng Shui na hora de come\u00e7ar um projeto para um cliente, eu utilizo e levo comigo muitos de seus pensamentos, como sempre renovar a organiza\u00e7\u00e3o do meu <a href=\"https:\/\/www.mobly.com.br\/moveis\/moveis-quarto\/\/?utm_source=blog_texto&amp;utm_medium=social_blog&amp;utm_campaign=_20210226\" target=\"_blank\" rel=\"noopener\">quarto<\/a>, olhar sempre se possuo algo que n\u00e3o est\u00e1 em uso e n\u00e3o acumular lixo dentro de casa.<\/p>\n<p><img loading=\"lazy\" decoding=\"async\" class=\"alignnone size-full wp-image-15844 aligncenter\" src=\"https:\/\/blog.mobly.com.br\/wp-content\/uploads\/2021\/02\/Feng-Shui-4.jpg\" alt=\"feng_shui_4\" width=\"697\" height=\"1000\" srcset=\"https:\/\/www.mobly.com.br\/blog\/wp-content\/uploads\/2021\/02\/Feng-Shui-4.jpg 697w, https:\/\/www.mobly.com.br\/blog\/wp-content\/uploads\/2021\/02\/Feng-Shui-4-209x300.jpg 209w\" sizes=\"auto, (max-width: 697px) 100vw, 697px\" \/><\/p>\n<p><strong>Mobly &#8211;<\/strong> Que dica voc\u00ea daria para quem est\u00e1 nos lendo e deseja aplicar o Feng Shui em casa?<\/p>\n<p><strong>Bia Cortez &#8211;<\/strong> A minha dica \u00e9 ficar atento a essas pequenas coisas que deixam a energia Chi estagnada, sempre acreditar que nossa casa \u00e9 uma extens\u00e3o da gente, principalmente agora que estamos muito mais no conforto do nosso lar. Sempre que chegar em casa, tente deixar todas as frustra\u00e7\u00f5es l\u00e1 fora e ver sua casa como um templo de descanso e renova\u00e7\u00e3o! A\u00ed voc\u00ea est\u00e1 preparado para a aplica\u00e7\u00e3o do Feng Shui.<\/p>\n<p><img loading=\"lazy\" decoding=\"async\" class=\"alignnone size-full wp-image-15843 aligncenter\" src=\"https:\/\/blog.mobly.com.br\/wp-content\/uploads\/2021\/02\/Feng-Shui-3.jpg\" alt=\"feng_shui_3\" width=\"1000\" height=\"659\" srcset=\"https:\/\/www.mobly.com.br\/blog\/wp-content\/uploads\/2021\/02\/Feng-Shui-3.jpg 1000w, https:\/\/www.mobly.com.br\/blog\/wp-content\/uploads\/2021\/02\/Feng-Shui-3-300x198.jpg 300w, https:\/\/www.mobly.com.br\/blog\/wp-content\/uploads\/2021\/02\/Feng-Shui-3-768x506.jpg 768w\" sizes=\"auto, (max-width: 1000px) 100vw, 1000px\" \/><\/p>\n<p>E a\u00ed, curtiu o papo com a Bia? Pequenas mudan\u00e7as na nossa organiza\u00e7\u00e3o di\u00e1ria podem ter um impacto muito positivo em outros aspectos da nossa vida. Diga para n\u00f3s aqui embaixo se voc\u00ea j\u00e1 \u00e9 um adepto do Feng Shui e como ele tem impulsionado sua vida. : )<\/p>\n<p><img loading=\"lazy\" decoding=\"async\" class=\"alignnone size-full wp-image-15842 aligncenter\" src=\"https:\/\/blog.mobly.com.br\/wp-content\/uploads\/2021\/02\/Feng-Shui-2-1.jpg\" alt=\"feng_shui_2\" width=\"902\" height=\"700\" srcset=\"https:\/\/www.mobly.com.br\/blog\/wp-content\/uploads\/2021\/02\/Feng-Shui-2-1.jpg 902w, https:\/\/www.mobly.com.br\/blog\/wp-content\/uploads\/2021\/02\/Feng-Shui-2-1-300x233.jpg 300w, https:\/\/www.mobly.com.br\/blog\/wp-content\/uploads\/2021\/02\/Feng-Shui-2-1-768x596.jpg 768w\" sizes=\"auto, (max-width: 902px) 100vw, 902px\" \/><\/p>\n<div id=\"metaslider-id-15913\" style=\"max-width: 240px; margin: 0 auto;\" class=\"ml-slider-3-27-0 metaslider metaslider-coin metaslider-15913 ml-slider slider-sku-padrao ml-slider-lightbox-1-12-0 lightbox-disabled\">\n    <div id=\"metaslider_container_15913\">\n        <div id='metaslider_15913' class='coin-slider'>\n<a href=\"javascript:void(0)\" target=\"_self\"><img loading=\"lazy\" decoding=\"async\" src=\"https:\/\/www.mobly.com.br\/blog\/wp-content\/uploads\/2021\/02\/Mobly-Mesa-Lateral-Encaixe-Elena-Preta-7447-988083-1-240x240.jpg\" height=\"240\" width=\"240\" alt=\"\" class=\"slider-15913 slide-15922\" title=\"Mobly-Mesa-Lateral-Encaixe-Elena-Preta-7447-988083-1\" style=\"display: none;\" \/><\/a>\n<a href=\"javascript:void(0)\" target=\"_self\"><img loading=\"lazy\" decoding=\"async\" src=\"https:\/\/www.mobly.com.br\/blog\/wp-content\/uploads\/2021\/02\/Artefamol-Guarda-Roupa-Closet-Modulado-Barcelona-DemoliC3A7C3A3o-8175-429174-1-2-240x240.jpg\" height=\"240\" width=\"240\" alt=\"\" class=\"slider-15913 slide-15920\" title=\"Artefamol-Guarda-Roupa-Closet-Modulado-Barcelona-DemoliC3A7C3A3o-8175-429174-1\" style=\"display: none;\" \/><\/a>\n<a href=\"javascript:void(0)\" target=\"_self\"><img loading=\"lazy\" decoding=\"async\" src=\"https:\/\/www.mobly.com.br\/blog\/wp-content\/uploads\/2021\/02\/Mobly-Rack-RetrC3B4-Weimar-Preto-162-cm-2847-020834-1-1-240x240.jpg\" height=\"240\" width=\"240\" alt=\"\" class=\"slider-15913 slide-15923\" title=\"Mobly-Rack-RetrC3B4-Weimar-Preto-162-cm-2847-020834-1\" style=\"display: none;\" \/><\/a>\n<a href=\"javascript:void(0)\" target=\"_self\"><img loading=\"lazy\" decoding=\"async\" src=\"https:\/\/www.mobly.com.br\/blog\/wp-content\/uploads\/2021\/02\/Ortobom-ColchC3A3o-Solteiro-de-Espuma-D33-Iso-2818x78x18829-Grafite-5218-277975-1-240x240.jpg\" height=\"240\" width=\"240\" alt=\"\" class=\"slider-15913 slide-15924\" title=\"Ortobom-ColchC3A3o-Solteiro-de-Espuma-D33-Iso-2818x78x18829-Grafite-5218-277975-1\" style=\"display: none;\" \/><\/a>\n<a href=\"javascript:void(0)\" target=\"_self\"><img loading=\"lazy\" decoding=\"async\" src=\"https:\/\/www.mobly.com.br\/blog\/wp-content\/uploads\/2021\/02\/Mobly-Beliche-Bogart-Mel-5194-2243-1-240x240.jpg\" height=\"240\" width=\"240\" alt=\"\" class=\"slider-15913 slide-15921\" title=\"Mobly-Beliche-Bogart-Mel-5194-2243-1\" style=\"display: none;\" \/><\/a>\n        <\/div>\n        \n    <\/div>\n<\/div>\n<p>E j\u00e1 que chegou at\u00e9 aqui, aproveite e veja como\u00a0Dressa Carolinne transformou uma sala de um quarto de visitas incr\u00edvel!<\/p>\n<p><iframe loading=\"lazy\" width=\"1080\" height=\"608\" src=\"https:\/\/www.youtube.com\/embed\/UYMP0oBhqEc?feature=oembed&amp;wmode=opaque\" frameborder=\"0\" allow=\"accelerometer; autoplay; clipboard-write; encrypted-media; gyroscope; picture-in-picture\" allowfullscreen><\/iframe><\/p>\n<button class=\"simplefavorite-button has-count loading\" data-postid=\"15839\" data-siteid=\"1\" data-groupid=\"1\" data-favoritecount=\"3\" style=\"\">Carregando...<span class=\"sf-icon-spinner-wrapper\"><i class=\"sf-icon-spinner\"><\/i><\/span><\/button>","protected":false},"excerpt":{"rendered":"<p>Bia Cortez, especialista em Feng Shui, explica sobre como o fluxo de energia da casa pode impactar a sua vida.\u00a0 Feng Shui. Essas s\u00e3o duas palavras chinesas que significam, respectivamente, \u201cvento\u201d e \u201c\u00e1gua\u201d e t\u00eam origem num antigo poema sobre a vida humana e como ela est\u00e1 diretamente conectada ao ambiente ao seu redor. Ela \u00e9 uma t\u00e9cnica milenar desenvolvida para trazer mais harmonia para a casa e seus moradores. No post de hoje, eu conversei com a minha colega de Mobly, Bia Cortez, arquiteta e t\u00e9cnica em Feng Shui. Al\u00e9m de explicar mais sobre o tema, ela ainda d\u00e1 algumas dicas simples que podem melhorar o fluxo energ\u00e9tico da sua casa. Olha s\u00f3. Leia tamb\u00e9m:\u00a0Cores na decora\u00e7\u00e3o: dicas para escolher a melhor combina\u00e7\u00e3o para a sua casa! Mobly &#8211; O que \u00e9 o Feng Shui? Como ele pode melhorar a vida de quem aplica? Bia Cortez &#8211; O Feng Shui \u00e9 uma t\u00e9cnica de organiza\u00e7\u00e3o e decora\u00e7\u00e3o de ambientes chinesa que ajuda, atrav\u00e9s do estudo de um c\u00f4modo ou de uma casa toda, a equilibrar as \u00e1reas de sua vida a partir dos cinco elementos e trazer sintonia, n\u00e3o s\u00f3 para a casa como para a vida pessoal! Mobly [&hellip;]<\/p>\n","protected":false},"author":28,"featured_media":15846,"comment_status":"open","ping_status":"open","sticky":false,"template":"","format":"standard","meta":{"extendify_custom_stylesheet":"","_mi_skip_tracking":false,"_monsterinsights_skip_tracking":false,"_monsterinsights_sitenote_active":false,"_monsterinsights_sitenote_note":"","_monsterinsights_sitenote_category":0,"footnotes":""},"categories":[10],"tags":[190,353,19,306,123,76,122,142,90,16],"class_list":["post-15839","post","type-post","status-publish","format-standard","has-post-thumbnail","hentry","category-dicas","tag-banheiro","tag-cores","tag-cozinha","tag-decoracao","tag-espelhos","tag-iluminacao","tag-organizacao","tag-plantas","tag-quarto","tag-sala-de-estar"],"yoast_head":"<!-- This site is optimized with the Yoast SEO plugin v24.9 - https:\/\/yoast.com\/wordpress\/plugins\/seo\/ -->\n<title>Feng Shui: 15 perguntas para uma especialista | Blog da Mobly<\/title>\n<meta name=\"description\" content=\"Saiba o que \u00e9 feng shui e como aplicar na decora\u00e7\u00e3o de casa. Nesse post, batemos um papo com Bia Cortez, arquiteta e especialista no assunto.\" \/>\n<meta name=\"robots\" content=\"index, follow, max-snippet:-1, max-image-preview:large, max-video-preview:-1\" \/>\n<link rel=\"canonical\" href=\"https:\/\/www.mobly.com.br\/blog\/dicas\/feng-shui\/\" \/>\n<meta property=\"og:locale\" content=\"pt_BR\" \/>\n<meta property=\"og:type\" content=\"article\" \/>\n<meta property=\"og:title\" content=\"Feng Shui: 15 perguntas para uma especialista | Blog da Mobly\" \/>\n<meta property=\"og:description\" content=\"Saiba o que \u00e9 feng shui e como aplicar na decora\u00e7\u00e3o de casa. Nesse post, batemos um papo com Bia Cortez, arquiteta e especialista no assunto.\" \/>\n<meta property=\"og:url\" content=\"https:\/\/www.mobly.com.br\/blog\/dicas\/feng-shui\/\" \/>\n<meta property=\"og:site_name\" content=\"Blog da Mobly\" \/>\n<meta property=\"article:published_time\" content=\"2021-03-11T12:00:29+00:00\" \/>\n<meta property=\"og:image\" content=\"https:\/\/blog.mobly.com.br\/wp-content\/uploads\/2021\/02\/Feng-Shui-6.jpg\" \/>\n\t<meta property=\"og:image:width\" content=\"1000\" \/>\n\t<meta property=\"og:image:height\" content=\"483\" \/>\n\t<meta property=\"og:image:type\" content=\"image\/jpeg\" \/>\n<meta name=\"author\" content=\"Jo\u00e3o Pedro Bueno Pinheiro de Andrade\" \/>\n<meta name=\"twitter:card\" content=\"summary_large_image\" \/>\n<meta name=\"twitter:label1\" content=\"Escrito por\" \/>\n\t<meta name=\"twitter:data1\" content=\"Jo\u00e3o Pedro Bueno Pinheiro de Andrade\" \/>\n\t<meta name=\"twitter:label2\" content=\"Est. tempo de leitura\" \/>\n\t<meta name=\"twitter:data2\" content=\"9 minutos\" \/>\n<script type=\"application\/ld+json\" class=\"yoast-schema-graph\">{\"@context\":\"https:\/\/schema.org\",\"@graph\":[{\"@type\":\"WebPage\",\"@id\":\"https:\/\/www.mobly.com.br\/blog\/dicas\/feng-shui\/\",\"url\":\"https:\/\/www.mobly.com.br\/blog\/dicas\/feng-shui\/\",\"name\":\"Feng Shui: 15 perguntas para uma especialista | Blog da Mobly\",\"isPartOf\":{\"@id\":\"https:\/\/www.mobly.com.br\/blog\/#website\"},\"primaryImageOfPage\":{\"@id\":\"https:\/\/www.mobly.com.br\/blog\/dicas\/feng-shui\/#primaryimage\"},\"image\":{\"@id\":\"https:\/\/www.mobly.com.br\/blog\/dicas\/feng-shui\/#primaryimage\"},\"thumbnailUrl\":\"https:\/\/www.mobly.com.br\/blog\/wp-content\/uploads\/2021\/02\/Feng-Shui-6.jpg\",\"datePublished\":\"2021-03-11T12:00:29+00:00\",\"author\":{\"@id\":\"https:\/\/www.mobly.com.br\/blog\/#\/schema\/person\/db29f6ab802a7e981b7faa1a6cd02062\"},\"description\":\"Saiba o que \u00e9 feng shui e como aplicar na decora\u00e7\u00e3o de casa. Nesse post, batemos um papo com Bia Cortez, arquiteta e especialista no assunto.\",\"breadcrumb\":{\"@id\":\"https:\/\/www.mobly.com.br\/blog\/dicas\/feng-shui\/#breadcrumb\"},\"inLanguage\":\"pt-BR\",\"potentialAction\":[{\"@type\":\"ReadAction\",\"target\":[\"https:\/\/www.mobly.com.br\/blog\/dicas\/feng-shui\/\"]}]},{\"@type\":\"ImageObject\",\"inLanguage\":\"pt-BR\",\"@id\":\"https:\/\/www.mobly.com.br\/blog\/dicas\/feng-shui\/#primaryimage\",\"url\":\"https:\/\/www.mobly.com.br\/blog\/wp-content\/uploads\/2021\/02\/Feng-Shui-6.jpg\",\"contentUrl\":\"https:\/\/www.mobly.com.br\/blog\/wp-content\/uploads\/2021\/02\/Feng-Shui-6.jpg\",\"width\":\"1000\",\"height\":\"483\",\"caption\":\"feng_shui_6\"},{\"@type\":\"BreadcrumbList\",\"@id\":\"https:\/\/www.mobly.com.br\/blog\/dicas\/feng-shui\/#breadcrumb\",\"itemListElement\":[{\"@type\":\"ListItem\",\"position\":1,\"name\":\"Home\",\"item\":\"https:\/\/www.mobly.com.br\/blog\/\"},{\"@type\":\"ListItem\",\"position\":2,\"name\":\"Dicas\",\"item\":\"https:\/\/www.mobly.com.br\/blog\/dicas\/\"},{\"@type\":\"ListItem\",\"position\":3,\"name\":\"Feng Shui: 15 perguntas para uma especialista\"}]},{\"@type\":\"WebSite\",\"@id\":\"https:\/\/www.mobly.com.br\/blog\/#website\",\"url\":\"https:\/\/www.mobly.com.br\/blog\/\",\"name\":\"Blog da Mobly\",\"description\":\"Dicas de Decora\u00e7\u00e3o, Inspira\u00e7\u00f5es e Mais\",\"potentialAction\":[{\"@type\":\"SearchAction\",\"target\":{\"@type\":\"EntryPoint\",\"urlTemplate\":\"https:\/\/www.mobly.com.br\/blog\/?s={search_term_string}\"},\"query-input\":{\"@type\":\"PropertyValueSpecification\",\"valueRequired\":true,\"valueName\":\"search_term_string\"}}],\"inLanguage\":\"pt-BR\"},{\"@type\":\"Person\",\"@id\":\"https:\/\/www.mobly.com.br\/blog\/#\/schema\/person\/db29f6ab802a7e981b7faa1a6cd02062\",\"name\":\"Jo\u00e3o Pedro Bueno Pinheiro de Andrade\",\"image\":{\"@type\":\"ImageObject\",\"inLanguage\":\"pt-BR\",\"@id\":\"https:\/\/www.mobly.com.br\/blog\/#\/schema\/person\/image\/\",\"url\":\"https:\/\/secure.gravatar.com\/avatar\/d3c171116476d726a7276d7c25b287f4?s=96&d=mm&r=g\",\"contentUrl\":\"https:\/\/secure.gravatar.com\/avatar\/d3c171116476d726a7276d7c25b287f4?s=96&d=mm&r=g\",\"caption\":\"Jo\u00e3o Pedro Bueno Pinheiro de Andrade\"},\"url\":\"https:\/\/www.mobly.com.br\/blog\/author\/joao-andrade\/\"}]}<\/script>\n<!-- \/ Yoast SEO plugin. -->","yoast_head_json":{"title":"Feng Shui: 15 perguntas para uma especialista | Blog da Mobly","description":"Saiba o que \u00e9 feng shui e como aplicar na decora\u00e7\u00e3o de casa. Nesse post, batemos um papo com Bia Cortez, arquiteta e especialista no assunto.","robots":{"index":"index","follow":"follow","max-snippet":"max-snippet:-1","max-image-preview":"max-image-preview:large","max-video-preview":"max-video-preview:-1"},"canonical":"https:\/\/www.mobly.com.br\/blog\/dicas\/feng-shui\/","og_locale":"pt_BR","og_type":"article","og_title":"Feng Shui: 15 perguntas para uma especialista | Blog da Mobly","og_description":"Saiba o que \u00e9 feng shui e como aplicar na decora\u00e7\u00e3o de casa. Nesse post, batemos um papo com Bia Cortez, arquiteta e especialista no assunto.","og_url":"https:\/\/www.mobly.com.br\/blog\/dicas\/feng-shui\/","og_site_name":"Blog da Mobly","article_published_time":"2021-03-11T12:00:29+00:00","og_image":[{"width":1000,"height":483,"url":"https:\/\/blog.mobly.com.br\/wp-content\/uploads\/2021\/02\/Feng-Shui-6.jpg","type":"image\/jpeg"}],"author":"Jo\u00e3o Pedro Bueno Pinheiro de Andrade","twitter_card":"summary_large_image","twitter_misc":{"Escrito por":"Jo\u00e3o Pedro Bueno Pinheiro de Andrade","Est. tempo de leitura":"9 minutos"},"schema":{"@context":"https:\/\/schema.org","@graph":[{"@type":"WebPage","@id":"https:\/\/www.mobly.com.br\/blog\/dicas\/feng-shui\/","url":"https:\/\/www.mobly.com.br\/blog\/dicas\/feng-shui\/","name":"Feng Shui: 15 perguntas para uma especialista | Blog da Mobly","isPartOf":{"@id":"https:\/\/www.mobly.com.br\/blog\/#website"},"primaryImageOfPage":{"@id":"https:\/\/www.mobly.com.br\/blog\/dicas\/feng-shui\/#primaryimage"},"image":{"@id":"https:\/\/www.mobly.com.br\/blog\/dicas\/feng-shui\/#primaryimage"},"thumbnailUrl":"https:\/\/www.mobly.com.br\/blog\/wp-content\/uploads\/2021\/02\/Feng-Shui-6.jpg","datePublished":"2021-03-11T12:00:29+00:00","author":{"@id":"https:\/\/www.mobly.com.br\/blog\/#\/schema\/person\/db29f6ab802a7e981b7faa1a6cd02062"},"description":"Saiba o que \u00e9 feng shui e como aplicar na decora\u00e7\u00e3o de casa. Nesse post, batemos um papo com Bia Cortez, arquiteta e especialista no assunto.","breadcrumb":{"@id":"https:\/\/www.mobly.com.br\/blog\/dicas\/feng-shui\/#breadcrumb"},"inLanguage":"pt-BR","potentialAction":[{"@type":"ReadAction","target":["https:\/\/www.mobly.com.br\/blog\/dicas\/feng-shui\/"]}]},{"@type":"ImageObject","inLanguage":"pt-BR","@id":"https:\/\/www.mobly.com.br\/blog\/dicas\/feng-shui\/#primaryimage","url":"https:\/\/www.mobly.com.br\/blog\/wp-content\/uploads\/2021\/02\/Feng-Shui-6.jpg","contentUrl":"https:\/\/www.mobly.com.br\/blog\/wp-content\/uploads\/2021\/02\/Feng-Shui-6.jpg","width":"1000","height":"483","caption":"feng_shui_6"},{"@type":"BreadcrumbList","@id":"https:\/\/www.mobly.com.br\/blog\/dicas\/feng-shui\/#breadcrumb","itemListElement":[{"@type":"ListItem","position":1,"name":"Home","item":"https:\/\/www.mobly.com.br\/blog\/"},{"@type":"ListItem","position":2,"name":"Dicas","item":"https:\/\/www.mobly.com.br\/blog\/dicas\/"},{"@type":"ListItem","position":3,"name":"Feng Shui: 15 perguntas para uma especialista"}]},{"@type":"WebSite","@id":"https:\/\/www.mobly.com.br\/blog\/#website","url":"https:\/\/www.mobly.com.br\/blog\/","name":"Blog da Mobly","description":"Dicas de Decora\u00e7\u00e3o, Inspira\u00e7\u00f5es e Mais","potentialAction":[{"@type":"SearchAction","target":{"@type":"EntryPoint","urlTemplate":"https:\/\/www.mobly.com.br\/blog\/?s={search_term_string}"},"query-input":{"@type":"PropertyValueSpecification","valueRequired":true,"valueName":"search_term_string"}}],"inLanguage":"pt-BR"},{"@type":"Person","@id":"https:\/\/www.mobly.com.br\/blog\/#\/schema\/person\/db29f6ab802a7e981b7faa1a6cd02062","name":"Jo\u00e3o Pedro Bueno Pinheiro de Andrade","image":{"@type":"ImageObject","inLanguage":"pt-BR","@id":"https:\/\/www.mobly.com.br\/blog\/#\/schema\/person\/image\/","url":"https:\/\/secure.gravatar.com\/avatar\/d3c171116476d726a7276d7c25b287f4?s=96&d=mm&r=g","contentUrl":"https:\/\/secure.gravatar.com\/avatar\/d3c171116476d726a7276d7c25b287f4?s=96&d=mm&r=g","caption":"Jo\u00e3o Pedro Bueno Pinheiro de Andrade"},"url":"https:\/\/www.mobly.com.br\/blog\/author\/joao-andrade\/"}]}},"_links":{"self":[{"href":"https:\/\/www.mobly.com.br\/blog\/wp-json\/wp\/v2\/posts\/15839","targetHints":{"allow":["GET"]}}],"collection":[{"href":"https:\/\/www.mobly.com.br\/blog\/wp-json\/wp\/v2\/posts"}],"about":[{"href":"https:\/\/www.mobly.com.br\/blog\/wp-json\/wp\/v2\/types\/post"}],"author":[{"embeddable":true,"href":"https:\/\/www.mobly.com.br\/blog\/wp-json\/wp\/v2\/users\/28"}],"replies":[{"embeddable":true,"href":"https:\/\/www.mobly.com.br\/blog\/wp-json\/wp\/v2\/comments?post=15839"}],"version-history":[{"count":3,"href":"https:\/\/www.mobly.com.br\/blog\/wp-json\/wp\/v2\/posts\/15839\/revisions"}],"predecessor-version":[{"id":15926,"href":"https:\/\/www.mobly.com.br\/blog\/wp-json\/wp\/v2\/posts\/15839\/revisions\/15926"}],"wp:featuredmedia":[{"embeddable":true,"href":"https:\/\/www.mobly.com.br\/blog\/wp-json\/wp\/v2\/media\/15846"}],"wp:attachment":[{"href":"https:\/\/www.mobly.com.br\/blog\/wp-json\/wp\/v2\/media?parent=15839"}],"wp:term":[{"taxonomy":"category","embeddable":true,"href":"https:\/\/www.mobly.com.br\/blog\/wp-json\/wp\/v2\/categories?post=15839"},{"taxonomy":"post_tag","embeddable":true,"href":"https:\/\/www.mobly.com.br\/blog\/wp-json\/wp\/v2\/tags?post=15839"}],"curies":[{"name":"wp","href":"https:\/\/api.w.org\/{rel}","templated":true}]}}