{"id":15385,"date":"2021-02-08T09:00:45","date_gmt":"2021-02-08T11:00:45","guid":{"rendered":"https:\/\/www.mobly.com.br\/blog\/?p=15385"},"modified":"2021-02-09T18:59:11","modified_gmt":"2021-02-09T20:59:11","slug":"moveis-usados","status":"publish","type":"post","link":"https:\/\/www.mobly.com.br\/blog\/dicas\/moveis-usados\/","title":{"rendered":"M\u00f3veis usados: 6 dicas para n\u00e3o errar na hora da escolha + 21 ambientes decorados"},"content":{"rendered":"<p><em>Com as dicas certas para comprar m\u00f3veis usados, \u00e9 poss\u00edvel renovar a casa, economizar uma grana e ainda ajudar o meio ambiente.<\/em><\/p>\n<p><img loading=\"lazy\" decoding=\"async\" class=\"alignnone size-full wp-image-15396 aligncenter\" src=\"https:\/\/blog.mobly.com.br\/wp-content\/uploads\/2021\/02\/M\u00f3veis-Usados-Main.jpg\" alt=\"moveis_usados_main\" width=\"1000\" height=\"561\" srcset=\"https:\/\/www.mobly.com.br\/blog\/wp-content\/uploads\/2021\/02\/M\u00f3veis-Usados-Main.jpg 1000w, https:\/\/www.mobly.com.br\/blog\/wp-content\/uploads\/2021\/02\/M\u00f3veis-Usados-Main-300x168.jpg 300w, https:\/\/www.mobly.com.br\/blog\/wp-content\/uploads\/2021\/02\/M\u00f3veis-Usados-Main-768x431.jpg 768w\" sizes=\"auto, (max-width: 1000px) 100vw, 1000px\" \/><\/p>\n<p>Voc\u00ea sabia que, no Brasil e no mundo, toneladas de m\u00f3veis v\u00e3o parar no lixo \u2013 muitos ainda em excelente estado? Somente em 2009, os Estados Unidos jogou fora quase 10 milh\u00f5es de toneladas!<\/p>\n<p>O baixo custo e o consumismo desenfreado nos levam a sempre buscar itens novos, mesmo antes que aqueles que j\u00e1 possu\u00edmos tenham sido utilizados ao m\u00e1ximo. Por isso, comprar m\u00f3veis usados \u00e9 um considerado uma pr\u00e1tica de grandes benef\u00edcios tanto para o consumidor quanto para o meio ambiente. Menos m\u00f3veis igual a menos lixo!<\/p>\n<p>Em 2020, a Mobly inaugurou <a href=\"https:\/\/usados.mobly.com.br\/\/?utm_source=blog_texto&amp;utm_medium=social_blog&amp;utm_campaign=_20210129\" target=\"_blank\" rel=\"noopener\">a plataforma Mobly Usados<\/a>, voltada somente \u00e0 compra e venda de m\u00f3veis e decora\u00e7\u00e3o de segunda m\u00e3o. Essa foi uma das maneiras que a empresa encontrou para contribuir para um menor desperd\u00edcio de materiais.<\/p>\n<p>Aqui, n\u00f3s te contamos 6 dicas que podem te ajudar a escolher o m\u00f3vel certo para voc\u00ea \u2013 especialmente se ele for usado!<\/p>\n<p>Ah, todos os itens em destaque nessa publica\u00e7\u00e3o s\u00e3o novos retirados do site da Mobly, mas n\u00e3o deixe de visitar o Mobly Usados para conhecer a nossa cole\u00e7\u00e3o de segunda-m\u00e3o.<\/p>\n<p>Leia tamb\u00e9m:\u00a0<a href=\"https:\/\/www.mobly.com.br\/blog\/dicas\/decoracao-acessivel-para-montar-a-republica\/\/?utm_source=blog_texto&amp;utm_medium=social_blog&amp;utm_campaign=_20210129\" target=\"_blank\" rel=\"noopener\">Decora\u00e7\u00e3o Acess\u00edvel para Montar a Rep\u00fablica<\/a><\/p>\n<ol>\n<li>\n<h3>Segure a ansiedade<\/h3>\n<\/li>\n<\/ol>\n<p>Existem itens que realmente atacam o nosso cora\u00e7\u00e3o de um jeito que parece que precisamos t\u00ea-los em casa naquele momento. Mas v\u00e1 com calma. Antes de comprar algo que voc\u00ea possa se arrepender, certifique-se de conversar e tirar d\u00favidas com vendedor.<\/p>\n<p>\u00c9 importante que voc\u00ea seja informado caso haja algum dano ao item; e, se houver, voc\u00ea precisa saber se \u00e9 poss\u00edvel ser consertado e qual \u00e9 o custo desse trabalho de reparo. Informe-se tamb\u00e9m quanto a odores que podem estar impregnados na pe\u00e7a, especialmente se o antigo dono for fumante ou for o tutor de pets.<\/p>\n<p>Leia tamb\u00e9m:\u00a0<a href=\"https:\/\/www.mobly.com.br\/blog\/inspiracoes\/controlar-ansiedade-em-casa\/\/?utm_source=blog_texto&amp;utm_medium=social_blog&amp;utm_campaign=_20210129\" target=\"_blank\" rel=\"noopener\">7 dicas para manter a paz interior e controlar a ansiedade em casa<\/a><\/p>\n<p><img loading=\"lazy\" decoding=\"async\" class=\"alignnone size-full wp-image-15390 aligncenter\" src=\"https:\/\/blog.mobly.com.br\/wp-content\/uploads\/2021\/02\/M\u00f3veis-Usados-Ansiedade-3.jpg\" alt=\"moveis_usados_ansiedade_3\" width=\"700\" height=\"770\" srcset=\"https:\/\/www.mobly.com.br\/blog\/wp-content\/uploads\/2021\/02\/M\u00f3veis-Usados-Ansiedade-3.jpg 700w, https:\/\/www.mobly.com.br\/blog\/wp-content\/uploads\/2021\/02\/M\u00f3veis-Usados-Ansiedade-3-273x300.jpg 273w\" sizes=\"auto, (max-width: 700px) 100vw, 700px\" \/><\/p>\n<p><img loading=\"lazy\" decoding=\"async\" class=\"alignnone size-full wp-image-15391 aligncenter\" src=\"https:\/\/blog.mobly.com.br\/wp-content\/uploads\/2021\/02\/M\u00f3veis-Usados-Ansiedade-4.jpg\" alt=\"moveis_usados_ansiedade_4\" width=\"1000\" height=\"690\" srcset=\"https:\/\/www.mobly.com.br\/blog\/wp-content\/uploads\/2021\/02\/M\u00f3veis-Usados-Ansiedade-4.jpg 1000w, https:\/\/www.mobly.com.br\/blog\/wp-content\/uploads\/2021\/02\/M\u00f3veis-Usados-Ansiedade-4-300x207.jpg 300w, https:\/\/www.mobly.com.br\/blog\/wp-content\/uploads\/2021\/02\/M\u00f3veis-Usados-Ansiedade-4-768x530.jpg 768w\" sizes=\"auto, (max-width: 1000px) 100vw, 1000px\" \/><\/p>\n<p><img loading=\"lazy\" decoding=\"async\" class=\"alignnone size-full wp-image-15392 aligncenter\" src=\"https:\/\/blog.mobly.com.br\/wp-content\/uploads\/2021\/02\/M\u00f3veis-Usados-Ansiedade.jpg\" alt=\"moveis_usados_ansiedade\" width=\"667\" height=\"1000\" srcset=\"https:\/\/www.mobly.com.br\/blog\/wp-content\/uploads\/2021\/02\/M\u00f3veis-Usados-Ansiedade.jpg 667w, https:\/\/www.mobly.com.br\/blog\/wp-content\/uploads\/2021\/02\/M\u00f3veis-Usados-Ansiedade-200x300.jpg 200w\" sizes=\"auto, (max-width: 667px) 100vw, 667px\" \/><\/p>\n<ol start=\"2\">\n<li>\n<h3>Nem tudo pode ser usado<\/h3>\n<\/li>\n<\/ol>\n<p>Sim, eu recomendo e assino embaixo para que voc\u00ea compre alguns itens de segunda para a sua casa, mas n\u00e3o se empolgue demais. Pe\u00e7as como <a href=\"https:\/\/www.mobly.com.br\/moveis\/colchoes\/\/?utm_source=blog_texto&amp;utm_medium=social_blog&amp;utm_campaign=_20210129\" target=\"_blank\" rel=\"noopener\">colch\u00f5es<\/a>, <a href=\"https:\/\/www.mobly.com.br\/decoracao\/almofadas-e-mantas\/\/?utm_source=blog_texto&amp;utm_medium=social_blog&amp;utm_campaign=_20210129\" target=\"_blank\" rel=\"noopener\">almofadas <\/a>e <a href=\"https:\/\/www.mobly.com.br\/cama-e-banho\/travesseiros\/\/?utm_source=blog_texto&amp;utm_medium=social_blog&amp;utm_campaign=_20210129\" target=\"_blank\" rel=\"noopener\">travesseiros <\/a>podem carregar germes e bact\u00e9rias, especialmente quando voc\u00ea desconhece a proced\u00eancia da pe\u00e7a.<\/p>\n<p>Tenha aten\u00e7\u00e3o tamb\u00e9m a pe\u00e7as para <a href=\"https:\/\/www.mobly.com.br\/blog\/dicas\/7-dicas-de-organizacao-para-quartos-infantis\/\/?utm_source=blog_texto&amp;utm_medium=social_blog&amp;utm_campaign=_20210129\" target=\"_blank\" rel=\"noopener\">quartos infantis<\/a>. Por que ser\u00e1 que aquele item est\u00e1 a venda? Ele \u00e9 seguro? Ele foi quebrado e consertado novamente? Nada disso necessariamente \u00e9 um problema para um adulto, mas n\u00e3o \u00e9 o tipo de risco que voc\u00ea quer que seus filhos corram. Se for adquirir um desses, certifique-se duas vezes da qualidade.<\/p>\n<p>Leia tamb\u00e9m:\u00a0<a href=\"https:\/\/www.mobly.com.br\/blog\/dicas\/estilo-folk-designer-de-interiores\/\/?utm_source=blog_texto&amp;utm_medium=social_blog&amp;utm_campaign=_20210129\" target=\"_blank\" rel=\"noopener\">Estilo Folk: Demos R$2 mil para um designer de interiores. Veja o que ele comprou.<\/a><\/p>\n<p><img loading=\"lazy\" decoding=\"async\" class=\"alignnone size-full wp-image-15389 aligncenter\" src=\"https:\/\/blog.mobly.com.br\/wp-content\/uploads\/2021\/02\/M\u00f3veis-Usados-Ansiedade-2.jpg\" alt=\"moveis_usados_ansiedade_2\" width=\"893\" height=\"700\" srcset=\"https:\/\/www.mobly.com.br\/blog\/wp-content\/uploads\/2021\/02\/M\u00f3veis-Usados-Ansiedade-2.jpg 893w, https:\/\/www.mobly.com.br\/blog\/wp-content\/uploads\/2021\/02\/M\u00f3veis-Usados-Ansiedade-2-300x235.jpg 300w, https:\/\/www.mobly.com.br\/blog\/wp-content\/uploads\/2021\/02\/M\u00f3veis-Usados-Ansiedade-2-768x602.jpg 768w\" sizes=\"auto, (max-width: 893px) 100vw, 893px\" \/><\/p>\n<p><img loading=\"lazy\" decoding=\"async\" class=\"alignnone size-full wp-image-15400 aligncenter\" src=\"https:\/\/blog.mobly.com.br\/wp-content\/uploads\/2021\/02\/M\u00f3veis-Usados-Nem-tudo-2.jpg\" alt=\"moveis_usados_nem_tudo_2\" width=\"697\" height=\"1000\" srcset=\"https:\/\/www.mobly.com.br\/blog\/wp-content\/uploads\/2021\/02\/M\u00f3veis-Usados-Nem-tudo-2.jpg 697w, https:\/\/www.mobly.com.br\/blog\/wp-content\/uploads\/2021\/02\/M\u00f3veis-Usados-Nem-tudo-2-209x300.jpg 209w\" sizes=\"auto, (max-width: 697px) 100vw, 697px\" \/><\/p>\n<p><img loading=\"lazy\" decoding=\"async\" class=\"alignnone size-full wp-image-15401 aligncenter\" src=\"https:\/\/blog.mobly.com.br\/wp-content\/uploads\/2021\/02\/M\u00f3veis-Usados-Nem-tudo-3.jpg\" alt=\"moveis_usados_nem_tudo_3\" width=\"667\" height=\"1000\" srcset=\"https:\/\/www.mobly.com.br\/blog\/wp-content\/uploads\/2021\/02\/M\u00f3veis-Usados-Nem-tudo-3.jpg 667w, https:\/\/www.mobly.com.br\/blog\/wp-content\/uploads\/2021\/02\/M\u00f3veis-Usados-Nem-tudo-3-200x300.jpg 200w\" sizes=\"auto, (max-width: 667px) 100vw, 667px\" \/><\/p>\n<p><img loading=\"lazy\" decoding=\"async\" class=\"alignnone size-full wp-image-15402 aligncenter\" src=\"https:\/\/blog.mobly.com.br\/wp-content\/uploads\/2021\/02\/M\u00f3veis-Usados-Nem-tudo-4.jpg\" alt=\"moveis_usados_nem_tudo_4\" width=\"666\" height=\"1000\" srcset=\"https:\/\/www.mobly.com.br\/blog\/wp-content\/uploads\/2021\/02\/M\u00f3veis-Usados-Nem-tudo-4.jpg 666w, https:\/\/www.mobly.com.br\/blog\/wp-content\/uploads\/2021\/02\/M\u00f3veis-Usados-Nem-tudo-4-200x300.jpg 200w\" sizes=\"auto, (max-width: 666px) 100vw, 666px\" \/><\/p>\n<p><img loading=\"lazy\" decoding=\"async\" class=\"alignnone size-full wp-image-15403 aligncenter\" src=\"https:\/\/blog.mobly.com.br\/wp-content\/uploads\/2021\/02\/M\u00f3veis-Usados-Nem-tudo.jpg\" alt=\"moveis_usados_nem_tudo\" width=\"667\" height=\"1000\" srcset=\"https:\/\/www.mobly.com.br\/blog\/wp-content\/uploads\/2021\/02\/M\u00f3veis-Usados-Nem-tudo.jpg 667w, https:\/\/www.mobly.com.br\/blog\/wp-content\/uploads\/2021\/02\/M\u00f3veis-Usados-Nem-tudo-200x300.jpg 200w\" sizes=\"auto, (max-width: 667px) 100vw, 667px\" \/><\/p>\n<div id=\"metaslider-id-15414\" style=\"max-width: 240px; margin: 0 auto;\" class=\"ml-slider-3-27-0 metaslider metaslider-coin metaslider-15414 ml-slider slider-sku-padrao ml-slider-lightbox-1-12-0 lightbox-disabled\">\n    <div id=\"metaslider_container_15414\">\n        <div id='metaslider_15414' class='coin-slider'>\n<a href=\"javascript:void(0)\" target=\"_self\"><img loading=\"lazy\" decoding=\"async\" src=\"https:\/\/www.mobly.com.br\/blog\/wp-content\/uploads\/2021\/01\/Mobly-Banco-Dili-Madeira-MaciC3A7a-Natural-com-Preto-Industrial-2336-662145-1-240x240.jpg\" height=\"240\" width=\"240\" alt=\"\" class=\"slider-15414 slide-15423\" title=\"Mobly-Banco-Dili-Madeira-MaciC3A7a-Natural-com-Preto-Industrial-2336-662145-1\" style=\"display: none;\" \/><\/a>\n<a href=\"javascript:void(0)\" target=\"_self\"><img loading=\"lazy\" decoding=\"async\" src=\"https:\/\/www.mobly.com.br\/blog\/wp-content\/uploads\/2021\/01\/Mobly-Poltrona-Lilian-Cinza-1765-616854-1-240x240.jpg\" height=\"240\" width=\"240\" alt=\"\" class=\"slider-15414 slide-15426\" title=\"Mobly-Poltrona-Lilian-Cinza-1765-616854-1\" style=\"display: none;\" \/><\/a>\n<a href=\"javascript:void(0)\" target=\"_self\"><img loading=\"lazy\" decoding=\"async\" src=\"https:\/\/www.mobly.com.br\/blog\/wp-content\/uploads\/2021\/01\/Mobly-Conjunto-com-2-Mesas-Laterais-FlC3A1via-Nogueira-e-Preto-7247-541455-1-240x240.jpg\" height=\"240\" width=\"240\" alt=\"\" class=\"slider-15414 slide-15424\" title=\"Mobly-Conjunto-com-2-Mesas-Laterais-FlC3A1via-Nogueira-e-Preto-7247-541455-1\" style=\"display: none;\" \/><\/a>\n<a href=\"javascript:void(0)\" target=\"_self\"><img loading=\"lazy\" decoding=\"async\" src=\"https:\/\/www.mobly.com.br\/blog\/wp-content\/uploads\/2021\/01\/Mobly-Conjunto-para-C381rea-Externa-Brasil-com-1-Mesa-e-4-Cadeiras-6965-657155-1-240x240.jpg\" height=\"240\" width=\"240\" alt=\"\" class=\"slider-15414 slide-15425\" title=\"Mobly-Conjunto-para-C381rea-Externa-Brasil-com-1-Mesa-e-4-Cadeiras-6965-657155-1\" style=\"display: none;\" \/><\/a>\n<a href=\"javascript:void(0)\" target=\"_self\"><img loading=\"lazy\" decoding=\"async\" src=\"https:\/\/www.mobly.com.br\/blog\/wp-content\/uploads\/2021\/01\/Madine-Cozinha-compacta-Suprema-6-PT-2-GV-Branco-0172-504484-1-1-240x240.jpg\" height=\"240\" width=\"240\" alt=\"\" class=\"slider-15414 slide-15422\" title=\"Madine-Cozinha-compacta-Suprema-6-PT-2-GV-Branco-0172-504484-1\" style=\"display: none;\" \/><\/a>\n        <\/div>\n        \n    <\/div>\n<\/div>\n<ol start=\"3\">\n<li>\n<h3>Pense grande<\/h3>\n<\/li>\n<\/ol>\n<p>Algumas pe\u00e7as, ainda que n\u00e3o te interessem a principio, podem ter sido feitas a partir de materiais de excelente qualidade. Ent\u00e3o, antes de dizer n\u00e3o, pense no potencial que aquilo pode ter na sua casa.<\/p>\n<p>Talvez, tudo que a pe\u00e7a necessita \u00e9 de uma boa reforma \u2013 ou menos, \u00e0s vezes uma lixa e uma dose de verniz resolvem o caso. Pense tamb\u00e9m no que mais pode ser feito a partir daquela mat\u00e9ria prima. Quem sabe uma <a href=\"https:\/\/www.mobly.com.br\/moveis\/mesas-de-jantar\/\/?utm_source=blog_texto&amp;utm_medium=social_blog&amp;utm_campaign=_20210129\" target=\"_blank\" rel=\"noopener\">mesa <\/a>n\u00e3o pode se tornar a <a href=\"https:\/\/www.mobly.com.br\/decoracao\/modulos-e-prateleiras\/\/?utm_source=blog_texto&amp;utm_medium=social_blog&amp;utm_campaign=_20210129\" target=\"_blank\" rel=\"noopener\">prateleira <\/a>que voc\u00ea procurava.<\/p>\n<p><img loading=\"lazy\" decoding=\"async\" class=\"alignnone size-full wp-image-15404 aligncenter\" src=\"https:\/\/blog.mobly.com.br\/wp-content\/uploads\/2021\/02\/M\u00f3veis-Usados-Pense-Grande-2.jpg\" alt=\"moveis_usados_pense_grande_2\" width=\"700\" height=\"875\" srcset=\"https:\/\/www.mobly.com.br\/blog\/wp-content\/uploads\/2021\/02\/M\u00f3veis-Usados-Pense-Grande-2.jpg 700w, https:\/\/www.mobly.com.br\/blog\/wp-content\/uploads\/2021\/02\/M\u00f3veis-Usados-Pense-Grande-2-240x300.jpg 240w\" sizes=\"auto, (max-width: 700px) 100vw, 700px\" \/><\/p>\n<p><img loading=\"lazy\" decoding=\"async\" class=\"alignnone size-full wp-image-15405 aligncenter\" src=\"https:\/\/blog.mobly.com.br\/wp-content\/uploads\/2021\/02\/M\u00f3veis-Usados-Pense-grande-3.jpg\" alt=\"moveis_usados_pense_grande_3\" width=\"837\" height=\"700\" srcset=\"https:\/\/www.mobly.com.br\/blog\/wp-content\/uploads\/2021\/02\/M\u00f3veis-Usados-Pense-grande-3.jpg 837w, https:\/\/www.mobly.com.br\/blog\/wp-content\/uploads\/2021\/02\/M\u00f3veis-Usados-Pense-grande-3-300x251.jpg 300w, https:\/\/www.mobly.com.br\/blog\/wp-content\/uploads\/2021\/02\/M\u00f3veis-Usados-Pense-grande-3-768x642.jpg 768w\" sizes=\"auto, (max-width: 837px) 100vw, 837px\" \/><\/p>\n<p><img loading=\"lazy\" decoding=\"async\" class=\"alignnone size-full wp-image-15406 aligncenter\" src=\"https:\/\/blog.mobly.com.br\/wp-content\/uploads\/2021\/02\/M\u00f3veis-Usados-Pense-Grande-4.jpg\" alt=\"moveis_usados_pense_grande_4\" width=\"700\" height=\"921\" srcset=\"https:\/\/www.mobly.com.br\/blog\/wp-content\/uploads\/2021\/02\/M\u00f3veis-Usados-Pense-Grande-4.jpg 700w, https:\/\/www.mobly.com.br\/blog\/wp-content\/uploads\/2021\/02\/M\u00f3veis-Usados-Pense-Grande-4-228x300.jpg 228w\" sizes=\"auto, (max-width: 700px) 100vw, 700px\" \/><\/p>\n<p><img loading=\"lazy\" decoding=\"async\" class=\"alignnone size-full wp-image-15407 aligncenter\" src=\"https:\/\/blog.mobly.com.br\/wp-content\/uploads\/2021\/02\/M\u00f3veis-Usados-Pense-Grande.jpg\" alt=\"moveis_usados_pense_grande\" width=\"902\" height=\"700\" srcset=\"https:\/\/www.mobly.com.br\/blog\/wp-content\/uploads\/2021\/02\/M\u00f3veis-Usados-Pense-Grande.jpg 902w, https:\/\/www.mobly.com.br\/blog\/wp-content\/uploads\/2021\/02\/M\u00f3veis-Usados-Pense-Grande-300x233.jpg 300w, https:\/\/www.mobly.com.br\/blog\/wp-content\/uploads\/2021\/02\/M\u00f3veis-Usados-Pense-Grande-768x596.jpg 768w\" sizes=\"auto, (max-width: 902px) 100vw, 902px\" \/><\/p>\n<ol start=\"4\">\n<li>\n<h3>Material bom, m\u00f3vel bom<\/h3>\n<\/li>\n<\/ol>\n<p>Se puder, se atente ao tipo de madeira que foi utilizado no m\u00f3vel que voc\u00ea quer comprar. Carvalho, por exemplo, \u00e9 um tipo de madeira famoso por fazer m\u00f3veis bastante resistentes; outros tipos de madeira, apesar de ofertar boa qualidade, n\u00e3o podem suportar excesso de peso por muito tempo \u2013 algo indesej\u00e1vel para um m\u00f3vel de segunda-m\u00e3o.<\/p>\n<p>O mesmo pode se dizer de m\u00f3veis de metal \u2013 eles duram muito! Por isso, se encontrar um item de metal que voc\u00ea goste, invista. Mesmo que haja algumas manchas de ferrugem, fazer a restaura\u00e7\u00e3o do item vai valer a pena.<\/p>\n<p>Leia tamb\u00e9m:\u00a0<a href=\"https:\/\/www.mobly.com.br\/blog\/inspiracoes\/decoracao-2020\/\/?utm_source=blog_texto&amp;utm_medium=social_blog&amp;utm_campaign=_20210129\" target=\"_blank\" rel=\"noopener\">Decora\u00e7\u00e3o 2020: Top 10 tend\u00eancias que bombaram este ano<\/a><\/p>\n<p><img loading=\"lazy\" decoding=\"async\" class=\"alignnone size-full wp-image-15397 aligncenter\" src=\"https:\/\/blog.mobly.com.br\/wp-content\/uploads\/2021\/02\/M\u00f3veis-Usados-Material-bom-2.jpg\" alt=\"moveis_usados_material_bom_2\" width=\"667\" height=\"1000\" srcset=\"https:\/\/www.mobly.com.br\/blog\/wp-content\/uploads\/2021\/02\/M\u00f3veis-Usados-Material-bom-2.jpg 667w, https:\/\/www.mobly.com.br\/blog\/wp-content\/uploads\/2021\/02\/M\u00f3veis-Usados-Material-bom-2-200x300.jpg 200w\" sizes=\"auto, (max-width: 667px) 100vw, 667px\" \/><\/p>\n<p><img loading=\"lazy\" decoding=\"async\" class=\"alignnone size-full wp-image-15398 aligncenter\" src=\"https:\/\/blog.mobly.com.br\/wp-content\/uploads\/2021\/02\/M\u00f3veis-Usados-Material-Bom-3.jpg\" alt=\"moveis_usados_material_bom_3\" width=\"1000\" height=\"666\" srcset=\"https:\/\/www.mobly.com.br\/blog\/wp-content\/uploads\/2021\/02\/M\u00f3veis-Usados-Material-Bom-3.jpg 1000w, https:\/\/www.mobly.com.br\/blog\/wp-content\/uploads\/2021\/02\/M\u00f3veis-Usados-Material-Bom-3-300x200.jpg 300w, https:\/\/www.mobly.com.br\/blog\/wp-content\/uploads\/2021\/02\/M\u00f3veis-Usados-Material-Bom-3-768x511.jpg 768w\" sizes=\"auto, (max-width: 1000px) 100vw, 1000px\" \/><\/p>\n<p><img loading=\"lazy\" decoding=\"async\" class=\"alignnone size-full wp-image-15399 aligncenter\" src=\"https:\/\/blog.mobly.com.br\/wp-content\/uploads\/2021\/02\/M\u00f3veis-Usados-Material-Bom.jpg\" alt=\"moveis_usados_material_bom\" width=\"666\" height=\"1000\" srcset=\"https:\/\/www.mobly.com.br\/blog\/wp-content\/uploads\/2021\/02\/M\u00f3veis-Usados-Material-Bom.jpg 666w, https:\/\/www.mobly.com.br\/blog\/wp-content\/uploads\/2021\/02\/M\u00f3veis-Usados-Material-Bom-200x300.jpg 200w\" sizes=\"auto, (max-width: 666px) 100vw, 666px\" \/><\/p>\n<div id=\"metaslider-id-15427\" style=\"max-width: 240px; margin: 0 auto;\" class=\"ml-slider-3-27-0 metaslider metaslider-coin metaslider-15427 ml-slider slider-sku-padrao ml-slider-lightbox-1-12-0 lightbox-disabled\">\n    <div id=\"metaslider_container_15427\">\n        <div id='metaslider_15427' class='coin-slider'>\n<a href=\"javascript:void(0)\" target=\"_self\"><img loading=\"lazy\" decoding=\"async\" src=\"https:\/\/www.mobly.com.br\/blog\/wp-content\/uploads\/2021\/01\/Mobly-Mesa-Lateral-Murcia-Marrom-e-Preta-2106-552075-1-240x240.jpg\" height=\"240\" width=\"240\" alt=\"\" class=\"slider-15427 slide-15435\" title=\"Mobly-Mesa-Lateral-Murcia-Marrom-e-Preta-2106-552075-1\" style=\"display: none;\" \/><\/a>\n<a href=\"javascript:void(0)\" target=\"_self\"><img loading=\"lazy\" decoding=\"async\" src=\"https:\/\/www.mobly.com.br\/blog\/wp-content\/uploads\/2021\/01\/Mobly-Puff-Redondo-Courino-CafC3A9-3904-64987-1-240x240.jpg\" height=\"240\" width=\"240\" alt=\"\" class=\"slider-15427 slide-15437\" title=\"Mobly-Puff-Redondo-Courino-CafC3A9-3904-64987-1\" style=\"display: none;\" \/><\/a>\n<a href=\"javascript:void(0)\" target=\"_self\"><img loading=\"lazy\" decoding=\"async\" src=\"https:\/\/www.mobly.com.br\/blog\/wp-content\/uploads\/2021\/01\/Mobly-SofC3A1-Cama-3-Lugares-Casal-Premium-Suede-Cinza-9969-770002-1-1-240x240.jpg\" height=\"240\" width=\"240\" alt=\"\" class=\"slider-15427 slide-15438\" title=\"Mobly-SofC3A1-Cama-3-Lugares-Casal-Premium-Suede-Cinza-9969-770002-1\" style=\"display: none;\" \/><\/a>\n<a href=\"javascript:void(0)\" target=\"_self\"><img loading=\"lazy\" decoding=\"async\" src=\"https:\/\/www.mobly.com.br\/blog\/wp-content\/uploads\/2021\/01\/Mobly-Painel-para-TV-atC3A9-32-Polegadas-Cairo-Branco-0833-505676-1-240x240.jpg\" height=\"240\" width=\"240\" alt=\"\" class=\"slider-15427 slide-15436\" title=\"Mobly-Painel-para-TV-atC3A9-32-Polegadas-Cairo-Branco-0833-505676-1\" style=\"display: none;\" \/><\/a>\n<a href=\"javascript:void(0)\" target=\"_self\"><img loading=\"lazy\" decoding=\"async\" src=\"https:\/\/www.mobly.com.br\/blog\/wp-content\/uploads\/2021\/01\/Mobly-Cadeira-de-Jardim-Acapulco-Preta-1349-567155-1-240x240.jpg\" height=\"240\" width=\"240\" alt=\"\" class=\"slider-15427 slide-15434\" title=\"Mobly-Cadeira-de-Jardim-Acapulco-Preta-1349-567155-1\" style=\"display: none;\" \/><\/a>\n        <\/div>\n        \n    <\/div>\n<\/div>\n<ol start=\"5\">\n<li>\n<h3>Cuidado com a \u00e1gua<\/h3>\n<\/li>\n<\/ol>\n<p>Dar novo prop\u00f3sito \u00e0s pe\u00e7as \u00e9 uma tend\u00eancia super bacana quando falamos em m\u00f3veis usados. Mas tome cuidado com pe\u00e7as que voc\u00ea quiser trazer para seu banheiro. Vamos imaginar uma <a href=\"https:\/\/www.mobly.com.br\/moveis\/comodas\/\/?utm_source=blog_texto&amp;utm_medium=social_blog&amp;utm_campaign=_20210129\" target=\"_blank\" rel=\"noopener\">c\u00f4moda <\/a>antiga em excelente estado. Seu dono quer fazer uma reforma na pe\u00e7a para transform\u00e1-la em um <a href=\"https:\/\/www.mobly.com.br\/moveis\/armarios-banheiro\/\/?utm_source=blog_texto&amp;utm_medium=social_blog&amp;utm_campaign=_20210129\" target=\"_blank\" rel=\"noopener\">arm\u00e1rio de banheiro<\/a> com pia embutida. Excelente ideia! Mas sem o acabamento certo a prova d\u2019\u00e1gua, um item t\u00e3o valioso pode acabar no lixo. O mesmo vale para pe\u00e7as que ser\u00e3o reaproveitadas para \u00e1reas externas.<\/p>\n<p>Leia tamb\u00e9m:\u00a0<a href=\"https:\/\/www.mobly.com.br\/blog\/inspiracoes\/decoracao-2021\/\/?utm_source=blog_texto&amp;utm_medium=social_blog&amp;utm_campaign=_20210129\" target=\"_blank\" rel=\"noopener\">Decora\u00e7\u00e3o 2021: 6 apostas de tend\u00eancias<\/a><\/p>\n<p><img loading=\"lazy\" decoding=\"async\" class=\"alignnone size-full wp-image-15387 aligncenter\" src=\"https:\/\/blog.mobly.com.br\/wp-content\/uploads\/2021\/02\/M\u00f3veis-Usados-\u00c1gua-2.jpg\" alt=\" moveis_usados_\u00e1gua_2\" width=\"1000\" height=\"666\" srcset=\"https:\/\/www.mobly.com.br\/blog\/wp-content\/uploads\/2021\/02\/M\u00f3veis-Usados-\u00c1gua-2.jpg 1000w, https:\/\/www.mobly.com.br\/blog\/wp-content\/uploads\/2021\/02\/M\u00f3veis-Usados-\u00c1gua-2-300x200.jpg 300w, https:\/\/www.mobly.com.br\/blog\/wp-content\/uploads\/2021\/02\/M\u00f3veis-Usados-\u00c1gua-2-768x511.jpg 768w\" sizes=\"auto, (max-width: 1000px) 100vw, 1000px\" \/><\/p>\n<p><img loading=\"lazy\" decoding=\"async\" class=\"alignnone size-full wp-image-15388 aligncenter\" src=\"https:\/\/blog.mobly.com.br\/wp-content\/uploads\/2021\/02\/M\u00f3veis-Usados-\u00c1gua.jpg\" alt=\" moveis_usados_\u00e1gua\" width=\"1000\" height=\"666\" srcset=\"https:\/\/www.mobly.com.br\/blog\/wp-content\/uploads\/2021\/02\/M\u00f3veis-Usados-\u00c1gua.jpg 1000w, https:\/\/www.mobly.com.br\/blog\/wp-content\/uploads\/2021\/02\/M\u00f3veis-Usados-\u00c1gua-300x200.jpg 300w, https:\/\/www.mobly.com.br\/blog\/wp-content\/uploads\/2021\/02\/M\u00f3veis-Usados-\u00c1gua-768x511.jpg 768w\" sizes=\"auto, (max-width: 1000px) 100vw, 1000px\" \/><\/p>\n<ol start=\"6\">\n<li>\n<h3>Vai levar para casa?<\/h3>\n<\/li>\n<\/ol>\n<p>Outro ponto importante \u00e9 o transporte. Certifique-se que voc\u00ea tenha um carro adequado para fazer o translado do item que voc\u00ea se apaixonou. Ou melhor ainda, procure lojas de segunda-m\u00e3o que ofere\u00e7am o servi\u00e7o de entrega diretamente na sua casa.<\/p>\n<p><a href=\"https:\/\/usados.mobly.com.br\/\/?utm_source=blog_texto&amp;utm_medium=social_blog&amp;utm_campaign=_20210129\" target=\"_blank\" rel=\"noopener\">No Mobly Usados<\/a>, essa \u00e9 uma dor de cabe\u00e7a a menos para voc\u00ea! Voc\u00ea cuida da sua compra e venda, e a Mobly se encarrega de fazer a coleta e a entrega no seu item.<\/p>\n<p><img loading=\"lazy\" decoding=\"async\" class=\"alignnone size-full wp-image-15393 aligncenter\" src=\"https:\/\/blog.mobly.com.br\/wp-content\/uploads\/2021\/02\/M\u00f3veis-Usados-Levar-para-casa-2.jpg\" alt=\"moveis_usados_levar_para_casa_2\" width=\"667\" height=\"1000\" srcset=\"https:\/\/www.mobly.com.br\/blog\/wp-content\/uploads\/2021\/02\/M\u00f3veis-Usados-Levar-para-casa-2.jpg 667w, https:\/\/www.mobly.com.br\/blog\/wp-content\/uploads\/2021\/02\/M\u00f3veis-Usados-Levar-para-casa-2-200x300.jpg 200w\" sizes=\"auto, (max-width: 667px) 100vw, 667px\" \/><\/p>\n<p><img loading=\"lazy\" decoding=\"async\" class=\"alignnone size-full wp-image-15394 aligncenter\" src=\"https:\/\/blog.mobly.com.br\/wp-content\/uploads\/2021\/02\/M\u00f3veis-Usados-Levar-para-casa-3.jpg\" alt=\"moveis_usados_levar_para_casa_3\" width=\"666\" height=\"1000\" srcset=\"https:\/\/www.mobly.com.br\/blog\/wp-content\/uploads\/2021\/02\/M\u00f3veis-Usados-Levar-para-casa-3.jpg 666w, https:\/\/www.mobly.com.br\/blog\/wp-content\/uploads\/2021\/02\/M\u00f3veis-Usados-Levar-para-casa-3-200x300.jpg 200w\" sizes=\"auto, (max-width: 666px) 100vw, 666px\" \/><\/p>\n<p><img loading=\"lazy\" decoding=\"async\" class=\"alignnone size-full wp-image-15395 aligncenter\" src=\"https:\/\/blog.mobly.com.br\/wp-content\/uploads\/2021\/02\/M\u00f3veis-Usados-Levar-para-casa.jpg\" alt=\"moveis_usados_levar_para_casa\" width=\"1000\" height=\"666\" srcset=\"https:\/\/www.mobly.com.br\/blog\/wp-content\/uploads\/2021\/02\/M\u00f3veis-Usados-Levar-para-casa.jpg 1000w, https:\/\/www.mobly.com.br\/blog\/wp-content\/uploads\/2021\/02\/M\u00f3veis-Usados-Levar-para-casa-300x200.jpg 300w, https:\/\/www.mobly.com.br\/blog\/wp-content\/uploads\/2021\/02\/M\u00f3veis-Usados-Levar-para-casa-768x511.jpg 768w\" sizes=\"auto, (max-width: 1000px) 100vw, 1000px\" \/><\/p>\n<p>Comprar produtos usados al\u00e9m de ser melhor para o ambiente \u00e9 uma excelente maneira de economizar uns trocados. Ent\u00e3o aproveite muito bem essas dicas e diga para n\u00f3s, qual \u00e9 o seu segredo na hora de comprar m\u00f3veis usados.<\/p>\n<p>Ah, e\u00a0 ainda &#8211;\u00a0Fabianno Oliveira ensina a gente a ter uma sala de estar bem hipister!<\/p>\n<p><iframe loading=\"lazy\" width=\"1080\" height=\"608\" src=\"https:\/\/www.youtube.com\/embed\/LAkm_xbnD7g?feature=oembed&amp;wmode=opaque\" frameborder=\"0\" allow=\"accelerometer; autoplay; clipboard-write; encrypted-media; gyroscope; picture-in-picture\" allowfullscreen><\/iframe><\/p>\n<p>At\u00e9 a pr\u00f3xima!<\/p>\n<div id=\"metaslider-id-15439\" style=\"max-width: 240px; margin: 0 auto;\" class=\"ml-slider-3-27-0 metaslider metaslider-coin metaslider-15439 ml-slider slider-sku-padrao ml-slider-lightbox-1-12-0 lightbox-disabled\">\n    <div id=\"metaslider_container_15439\">\n        <div id='metaslider_15439' class='coin-slider'>\n<a href=\"javascript:void(0)\" target=\"_self\"><img loading=\"lazy\" decoding=\"async\" src=\"https:\/\/www.mobly.com.br\/blog\/wp-content\/uploads\/2021\/01\/Mobly-Poltrona-Live-Cinza-2414-132255-1-240x240.jpg\" height=\"240\" width=\"240\" alt=\"\" class=\"slider-15439 slide-15448\" title=\"Mobly-Poltrona-Live-Cinza-2414-132255-1\" style=\"display: none;\" \/><\/a>\n<a href=\"javascript:void(0)\" target=\"_self\"><img loading=\"lazy\" decoding=\"async\" src=\"https:\/\/www.mobly.com.br\/blog\/wp-content\/uploads\/2021\/01\/Mobly-Poltrona-Olinda-PoliC3A9ster-Cinza-e-AmC3AAndoa-4130-373955-1-240x240.jpg\" height=\"240\" width=\"240\" alt=\"\" class=\"slider-15439 slide-15449\" title=\"Mobly-Poltrona-Olinda-PoliC3A9ster-Cinza-e-AmC3AAndoa-4130-373955-1\" style=\"display: none;\" \/><\/a>\n<a href=\"javascript:void(0)\" target=\"_self\"><img loading=\"lazy\" decoding=\"async\" src=\"https:\/\/www.mobly.com.br\/blog\/wp-content\/uploads\/2021\/01\/Mobly-SofC3A1-3-Lugares-RetrC3A1til-Lubeck-Plush-Suede-Grafite-7704-489967-1-240x240.jpg\" height=\"240\" width=\"240\" alt=\"\" class=\"slider-15439 slide-15450\" title=\"Mobly-SofC3A1-3-Lugares-RetrC3A1til-Lubeck-Plush-Suede-Grafite-7704-489967-1\" style=\"display: none;\" \/><\/a>\n<a href=\"javascript:void(0)\" target=\"_self\"><img loading=\"lazy\" decoding=\"async\" src=\"https:\/\/www.mobly.com.br\/blog\/wp-content\/uploads\/2021\/01\/Luizzi-Poltrona-ReclinC3A1vel-Estoril-Marrom-0599-240857-1-240x240.jpg\" height=\"240\" width=\"240\" alt=\"\" class=\"slider-15439 slide-15446\" title=\"Luizzi-Poltrona-ReclinC3A1vel-Estoril-Marrom-0599-240857-1\" style=\"display: none;\" \/><\/a>\n<a href=\"javascript:void(0)\" target=\"_self\"><img loading=\"lazy\" decoding=\"async\" src=\"https:\/\/www.mobly.com.br\/blog\/wp-content\/uploads\/2021\/01\/Madine-Cozinha-Compacta-Lorena-5-PT-Branco-0097-097294-1-1-240x240.jpg\" height=\"240\" width=\"240\" alt=\"\" class=\"slider-15439 slide-15447\" title=\"Madine-Cozinha-Compacta-Lorena-5-PT-Branco-0097-097294-1\" style=\"display: none;\" \/><\/a>\n        <\/div>\n        \n    <\/div>\n<\/div>\n<button class=\"simplefavorite-button has-count loading\" data-postid=\"15385\" data-siteid=\"1\" data-groupid=\"1\" data-favoritecount=\"2\" style=\"\">Carregando...<span class=\"sf-icon-spinner-wrapper\"><i class=\"sf-icon-spinner\"><\/i><\/span><\/button>","protected":false},"excerpt":{"rendered":"<p>Com as dicas certas para comprar m\u00f3veis usados, \u00e9 poss\u00edvel renovar a casa, economizar uma grana e ainda ajudar o meio ambiente. Voc\u00ea sabia que, no Brasil e no mundo, toneladas de m\u00f3veis v\u00e3o parar no lixo \u2013 muitos ainda em excelente estado? Somente em 2009, os Estados Unidos jogou fora quase 10 milh\u00f5es de toneladas! O baixo custo e o consumismo desenfreado nos levam a sempre buscar itens novos, mesmo antes que aqueles que j\u00e1 possu\u00edmos tenham sido utilizados ao m\u00e1ximo. Por isso, comprar m\u00f3veis usados \u00e9 um considerado uma pr\u00e1tica de grandes benef\u00edcios tanto para o consumidor quanto para o meio ambiente. Menos m\u00f3veis igual a menos lixo! Em 2020, a Mobly inaugurou a plataforma Mobly Usados, voltada somente \u00e0 compra e venda de m\u00f3veis e decora\u00e7\u00e3o de segunda m\u00e3o. Essa foi uma das maneiras que a empresa encontrou para contribuir para um menor desperd\u00edcio de materiais. Aqui, n\u00f3s te contamos 6 dicas que podem te ajudar a escolher o m\u00f3vel certo para voc\u00ea \u2013 especialmente se ele for usado! Ah, todos os itens em destaque nessa publica\u00e7\u00e3o s\u00e3o novos retirados do site da Mobly, mas n\u00e3o deixe de visitar o Mobly Usados para conhecer a nossa cole\u00e7\u00e3o [&hellip;]<\/p>\n","protected":false},"author":28,"featured_media":15396,"comment_status":"open","ping_status":"open","sticky":false,"template":"","format":"standard","meta":{"extendify_custom_stylesheet":"","_mi_skip_tracking":false,"_monsterinsights_skip_tracking":false,"_monsterinsights_sitenote_active":false,"_monsterinsights_sitenote_note":"","_monsterinsights_sitenote_category":0,"footnotes":""},"categories":[10],"tags":[613,604,190,877,306,977,724,115,242],"class_list":["post-15385","post","type-post","status-publish","format-standard","has-post-thumbnail","hentry","category-dicas","tag-decoracao-ansiedade-ficaremcasa-homebar","tag-almofadas","tag-banheiro","tag-colchao","tag-decoracao","tag-moveis-usados","tag-prateleira","tag-quarto-infantil","tag-tendencia"],"yoast_head":"<!-- This site is optimized with the Yoast SEO plugin v24.9 - https:\/\/yoast.com\/wordpress\/plugins\/seo\/ -->\n<title>Moveis usados: 5 dicas para n\u00e3o errar na hora da escolha | Blog da Mobly<\/title>\n<meta name=\"description\" content=\"Tudo o que voc\u00ea precisa saber para comprar m\u00f3veis usados da maneira certa. A pr\u00e1tica, al\u00e9m de ser econ\u00f4mica, \u00e9 bastante ecol\u00f3gica. Clique e confira tamb\u00e9m 21 ambientes decorados para se inspirar.\" \/>\n<meta name=\"robots\" content=\"index, follow, max-snippet:-1, max-image-preview:large, max-video-preview:-1\" \/>\n<link rel=\"canonical\" href=\"https:\/\/www.mobly.com.br\/blog\/dicas\/moveis-usados\/\" \/>\n<meta property=\"og:locale\" content=\"pt_BR\" \/>\n<meta property=\"og:type\" content=\"article\" \/>\n<meta property=\"og:title\" content=\"Moveis usados: 5 dicas para n\u00e3o errar na hora da escolha | Blog da Mobly\" \/>\n<meta property=\"og:description\" content=\"Tudo o que voc\u00ea precisa saber para comprar m\u00f3veis usados da maneira certa. A pr\u00e1tica, al\u00e9m de ser econ\u00f4mica, \u00e9 bastante ecol\u00f3gica. Clique e confira tamb\u00e9m 21 ambientes decorados para se inspirar.\" \/>\n<meta property=\"og:url\" content=\"https:\/\/www.mobly.com.br\/blog\/dicas\/moveis-usados\/\" \/>\n<meta property=\"og:site_name\" content=\"Blog da Mobly\" \/>\n<meta property=\"article:published_time\" content=\"2021-02-08T11:00:45+00:00\" \/>\n<meta property=\"article:modified_time\" content=\"2021-02-09T20:59:11+00:00\" \/>\n<meta property=\"og:image\" content=\"https:\/\/blog.mobly.com.br\/wp-content\/uploads\/2021\/02\/M\u00f3veis-Usados-Main.jpg\" \/>\n\t<meta property=\"og:image:width\" content=\"1000\" \/>\n\t<meta property=\"og:image:height\" content=\"561\" \/>\n\t<meta property=\"og:image:type\" content=\"image\/jpeg\" \/>\n<meta name=\"author\" content=\"Jo\u00e3o Pedro Bueno Pinheiro de Andrade\" \/>\n<meta name=\"twitter:card\" content=\"summary_large_image\" \/>\n<meta name=\"twitter:label1\" content=\"Escrito por\" \/>\n\t<meta name=\"twitter:data1\" content=\"Jo\u00e3o Pedro Bueno Pinheiro de Andrade\" \/>\n\t<meta name=\"twitter:label2\" content=\"Est. tempo de leitura\" \/>\n\t<meta name=\"twitter:data2\" content=\"5 minutos\" \/>\n<script type=\"application\/ld+json\" class=\"yoast-schema-graph\">{\"@context\":\"https:\/\/schema.org\",\"@graph\":[{\"@type\":\"WebPage\",\"@id\":\"https:\/\/www.mobly.com.br\/blog\/dicas\/moveis-usados\/\",\"url\":\"https:\/\/www.mobly.com.br\/blog\/dicas\/moveis-usados\/\",\"name\":\"Moveis usados: 5 dicas para n\u00e3o errar na hora da escolha | Blog da Mobly\",\"isPartOf\":{\"@id\":\"https:\/\/www.mobly.com.br\/blog\/#website\"},\"primaryImageOfPage\":{\"@id\":\"https:\/\/www.mobly.com.br\/blog\/dicas\/moveis-usados\/#primaryimage\"},\"image\":{\"@id\":\"https:\/\/www.mobly.com.br\/blog\/dicas\/moveis-usados\/#primaryimage\"},\"thumbnailUrl\":\"https:\/\/www.mobly.com.br\/blog\/wp-content\/uploads\/2021\/02\/M\u00f3veis-Usados-Main.jpg\",\"datePublished\":\"2021-02-08T11:00:45+00:00\",\"dateModified\":\"2021-02-09T20:59:11+00:00\",\"author\":{\"@id\":\"https:\/\/www.mobly.com.br\/blog\/#\/schema\/person\/db29f6ab802a7e981b7faa1a6cd02062\"},\"description\":\"Tudo o que voc\u00ea precisa saber para comprar m\u00f3veis usados da maneira certa. A pr\u00e1tica, al\u00e9m de ser econ\u00f4mica, \u00e9 bastante ecol\u00f3gica. Clique e confira tamb\u00e9m 21 ambientes decorados para se inspirar.\",\"breadcrumb\":{\"@id\":\"https:\/\/www.mobly.com.br\/blog\/dicas\/moveis-usados\/#breadcrumb\"},\"inLanguage\":\"pt-BR\",\"potentialAction\":[{\"@type\":\"ReadAction\",\"target\":[\"https:\/\/www.mobly.com.br\/blog\/dicas\/moveis-usados\/\"]}]},{\"@type\":\"ImageObject\",\"inLanguage\":\"pt-BR\",\"@id\":\"https:\/\/www.mobly.com.br\/blog\/dicas\/moveis-usados\/#primaryimage\",\"url\":\"https:\/\/www.mobly.com.br\/blog\/wp-content\/uploads\/2021\/02\/M\u00f3veis-Usados-Main.jpg\",\"contentUrl\":\"https:\/\/www.mobly.com.br\/blog\/wp-content\/uploads\/2021\/02\/M\u00f3veis-Usados-Main.jpg\",\"width\":\"1000\",\"height\":\"561\",\"caption\":\"moveis_usados_main\"},{\"@type\":\"BreadcrumbList\",\"@id\":\"https:\/\/www.mobly.com.br\/blog\/dicas\/moveis-usados\/#breadcrumb\",\"itemListElement\":[{\"@type\":\"ListItem\",\"position\":1,\"name\":\"Home\",\"item\":\"https:\/\/www.mobly.com.br\/blog\/\"},{\"@type\":\"ListItem\",\"position\":2,\"name\":\"Dicas\",\"item\":\"https:\/\/www.mobly.com.br\/blog\/dicas\/\"},{\"@type\":\"ListItem\",\"position\":3,\"name\":\"M\u00f3veis usados: 6 dicas para n\u00e3o errar na hora da escolha + 21 ambientes decorados\"}]},{\"@type\":\"WebSite\",\"@id\":\"https:\/\/www.mobly.com.br\/blog\/#website\",\"url\":\"https:\/\/www.mobly.com.br\/blog\/\",\"name\":\"Blog da Mobly\",\"description\":\"Dicas de Decora\u00e7\u00e3o, Inspira\u00e7\u00f5es e Mais\",\"potentialAction\":[{\"@type\":\"SearchAction\",\"target\":{\"@type\":\"EntryPoint\",\"urlTemplate\":\"https:\/\/www.mobly.com.br\/blog\/?s={search_term_string}\"},\"query-input\":{\"@type\":\"PropertyValueSpecification\",\"valueRequired\":true,\"valueName\":\"search_term_string\"}}],\"inLanguage\":\"pt-BR\"},{\"@type\":\"Person\",\"@id\":\"https:\/\/www.mobly.com.br\/blog\/#\/schema\/person\/db29f6ab802a7e981b7faa1a6cd02062\",\"name\":\"Jo\u00e3o Pedro Bueno Pinheiro de Andrade\",\"image\":{\"@type\":\"ImageObject\",\"inLanguage\":\"pt-BR\",\"@id\":\"https:\/\/www.mobly.com.br\/blog\/#\/schema\/person\/image\/\",\"url\":\"https:\/\/secure.gravatar.com\/avatar\/d3c171116476d726a7276d7c25b287f4?s=96&d=mm&r=g\",\"contentUrl\":\"https:\/\/secure.gravatar.com\/avatar\/d3c171116476d726a7276d7c25b287f4?s=96&d=mm&r=g\",\"caption\":\"Jo\u00e3o Pedro Bueno Pinheiro de Andrade\"},\"url\":\"https:\/\/www.mobly.com.br\/blog\/author\/joao-andrade\/\"}]}<\/script>\n<!-- \/ Yoast SEO plugin. -->","yoast_head_json":{"title":"Moveis usados: 5 dicas para n\u00e3o errar na hora da escolha | Blog da Mobly","description":"Tudo o que voc\u00ea precisa saber para comprar m\u00f3veis usados da maneira certa. A pr\u00e1tica, al\u00e9m de ser econ\u00f4mica, \u00e9 bastante ecol\u00f3gica. Clique e confira tamb\u00e9m 21 ambientes decorados para se inspirar.","robots":{"index":"index","follow":"follow","max-snippet":"max-snippet:-1","max-image-preview":"max-image-preview:large","max-video-preview":"max-video-preview:-1"},"canonical":"https:\/\/www.mobly.com.br\/blog\/dicas\/moveis-usados\/","og_locale":"pt_BR","og_type":"article","og_title":"Moveis usados: 5 dicas para n\u00e3o errar na hora da escolha | Blog da Mobly","og_description":"Tudo o que voc\u00ea precisa saber para comprar m\u00f3veis usados da maneira certa. A pr\u00e1tica, al\u00e9m de ser econ\u00f4mica, \u00e9 bastante ecol\u00f3gica. Clique e confira tamb\u00e9m 21 ambientes decorados para se inspirar.","og_url":"https:\/\/www.mobly.com.br\/blog\/dicas\/moveis-usados\/","og_site_name":"Blog da Mobly","article_published_time":"2021-02-08T11:00:45+00:00","article_modified_time":"2021-02-09T20:59:11+00:00","og_image":[{"width":1000,"height":561,"url":"https:\/\/blog.mobly.com.br\/wp-content\/uploads\/2021\/02\/M\u00f3veis-Usados-Main.jpg","type":"image\/jpeg"}],"author":"Jo\u00e3o Pedro Bueno Pinheiro de Andrade","twitter_card":"summary_large_image","twitter_misc":{"Escrito por":"Jo\u00e3o Pedro Bueno Pinheiro de Andrade","Est. tempo de leitura":"5 minutos"},"schema":{"@context":"https:\/\/schema.org","@graph":[{"@type":"WebPage","@id":"https:\/\/www.mobly.com.br\/blog\/dicas\/moveis-usados\/","url":"https:\/\/www.mobly.com.br\/blog\/dicas\/moveis-usados\/","name":"Moveis usados: 5 dicas para n\u00e3o errar na hora da escolha | Blog da Mobly","isPartOf":{"@id":"https:\/\/www.mobly.com.br\/blog\/#website"},"primaryImageOfPage":{"@id":"https:\/\/www.mobly.com.br\/blog\/dicas\/moveis-usados\/#primaryimage"},"image":{"@id":"https:\/\/www.mobly.com.br\/blog\/dicas\/moveis-usados\/#primaryimage"},"thumbnailUrl":"https:\/\/www.mobly.com.br\/blog\/wp-content\/uploads\/2021\/02\/M\u00f3veis-Usados-Main.jpg","datePublished":"2021-02-08T11:00:45+00:00","dateModified":"2021-02-09T20:59:11+00:00","author":{"@id":"https:\/\/www.mobly.com.br\/blog\/#\/schema\/person\/db29f6ab802a7e981b7faa1a6cd02062"},"description":"Tudo o que voc\u00ea precisa saber para comprar m\u00f3veis usados da maneira certa. A pr\u00e1tica, al\u00e9m de ser econ\u00f4mica, \u00e9 bastante ecol\u00f3gica. Clique e confira tamb\u00e9m 21 ambientes decorados para se inspirar.","breadcrumb":{"@id":"https:\/\/www.mobly.com.br\/blog\/dicas\/moveis-usados\/#breadcrumb"},"inLanguage":"pt-BR","potentialAction":[{"@type":"ReadAction","target":["https:\/\/www.mobly.com.br\/blog\/dicas\/moveis-usados\/"]}]},{"@type":"ImageObject","inLanguage":"pt-BR","@id":"https:\/\/www.mobly.com.br\/blog\/dicas\/moveis-usados\/#primaryimage","url":"https:\/\/www.mobly.com.br\/blog\/wp-content\/uploads\/2021\/02\/M\u00f3veis-Usados-Main.jpg","contentUrl":"https:\/\/www.mobly.com.br\/blog\/wp-content\/uploads\/2021\/02\/M\u00f3veis-Usados-Main.jpg","width":"1000","height":"561","caption":"moveis_usados_main"},{"@type":"BreadcrumbList","@id":"https:\/\/www.mobly.com.br\/blog\/dicas\/moveis-usados\/#breadcrumb","itemListElement":[{"@type":"ListItem","position":1,"name":"Home","item":"https:\/\/www.mobly.com.br\/blog\/"},{"@type":"ListItem","position":2,"name":"Dicas","item":"https:\/\/www.mobly.com.br\/blog\/dicas\/"},{"@type":"ListItem","position":3,"name":"M\u00f3veis usados: 6 dicas para n\u00e3o errar na hora da escolha + 21 ambientes decorados"}]},{"@type":"WebSite","@id":"https:\/\/www.mobly.com.br\/blog\/#website","url":"https:\/\/www.mobly.com.br\/blog\/","name":"Blog da Mobly","description":"Dicas de Decora\u00e7\u00e3o, Inspira\u00e7\u00f5es e Mais","potentialAction":[{"@type":"SearchAction","target":{"@type":"EntryPoint","urlTemplate":"https:\/\/www.mobly.com.br\/blog\/?s={search_term_string}"},"query-input":{"@type":"PropertyValueSpecification","valueRequired":true,"valueName":"search_term_string"}}],"inLanguage":"pt-BR"},{"@type":"Person","@id":"https:\/\/www.mobly.com.br\/blog\/#\/schema\/person\/db29f6ab802a7e981b7faa1a6cd02062","name":"Jo\u00e3o Pedro Bueno Pinheiro de Andrade","image":{"@type":"ImageObject","inLanguage":"pt-BR","@id":"https:\/\/www.mobly.com.br\/blog\/#\/schema\/person\/image\/","url":"https:\/\/secure.gravatar.com\/avatar\/d3c171116476d726a7276d7c25b287f4?s=96&d=mm&r=g","contentUrl":"https:\/\/secure.gravatar.com\/avatar\/d3c171116476d726a7276d7c25b287f4?s=96&d=mm&r=g","caption":"Jo\u00e3o Pedro Bueno Pinheiro de Andrade"},"url":"https:\/\/www.mobly.com.br\/blog\/author\/joao-andrade\/"}]}},"_links":{"self":[{"href":"https:\/\/www.mobly.com.br\/blog\/wp-json\/wp\/v2\/posts\/15385","targetHints":{"allow":["GET"]}}],"collection":[{"href":"https:\/\/www.mobly.com.br\/blog\/wp-json\/wp\/v2\/posts"}],"about":[{"href":"https:\/\/www.mobly.com.br\/blog\/wp-json\/wp\/v2\/types\/post"}],"author":[{"embeddable":true,"href":"https:\/\/www.mobly.com.br\/blog\/wp-json\/wp\/v2\/users\/28"}],"replies":[{"embeddable":true,"href":"https:\/\/www.mobly.com.br\/blog\/wp-json\/wp\/v2\/comments?post=15385"}],"version-history":[{"count":9,"href":"https:\/\/www.mobly.com.br\/blog\/wp-json\/wp\/v2\/posts\/15385\/revisions"}],"predecessor-version":[{"id":15572,"href":"https:\/\/www.mobly.com.br\/blog\/wp-json\/wp\/v2\/posts\/15385\/revisions\/15572"}],"wp:featuredmedia":[{"embeddable":true,"href":"https:\/\/www.mobly.com.br\/blog\/wp-json\/wp\/v2\/media\/15396"}],"wp:attachment":[{"href":"https:\/\/www.mobly.com.br\/blog\/wp-json\/wp\/v2\/media?parent=15385"}],"wp:term":[{"taxonomy":"category","embeddable":true,"href":"https:\/\/www.mobly.com.br\/blog\/wp-json\/wp\/v2\/categories?post=15385"},{"taxonomy":"post_tag","embeddable":true,"href":"https:\/\/www.mobly.com.br\/blog\/wp-json\/wp\/v2\/tags?post=15385"}],"curies":[{"name":"wp","href":"https:\/\/api.w.org\/{rel}","templated":true}]}}