{"id":14570,"date":"2021-01-11T09:00:30","date_gmt":"2021-01-11T11:00:30","guid":{"rendered":"https:\/\/www.mobly.com.br\/blog\/?p=14570"},"modified":"2021-01-11T12:38:32","modified_gmt":"2021-01-11T14:38:32","slug":"cor-pantone-2021","status":"publish","type":"post","link":"https:\/\/www.mobly.com.br\/blog\/inspiracoes\/cor-pantone-2021\/","title":{"rendered":"Ultimate Gray e Illuminating: Inspire-se com a cor Pantone 2021"},"content":{"rendered":"<p style=\"text-align: center;\"><i><span style=\"font-weight: 400;\">Cinza e amarelo se unem para trazer otimismo e for\u00e7a na <\/span><\/i><i><span style=\"font-weight: 400;\">cor Pantone 2021<\/span><\/i><\/p>\n<p><span style=\"font-weight: 400;\">Todos os anos, o Instituto Pantone, especialista em tend\u00eancias crom\u00e1ticas, escolhe um tom para reger os pr\u00f3ximos 365 dias. Essa escolha influencia em v\u00e1rios aspectos do cotidiano, desde a ind\u00fastria do entretenimento at\u00e9 o setor moveleiro, portanto \u00e9 super importante para quem trabalha nessas \u00e1reas ou gosta de se manter atualizado.<\/span><\/p>\n<p><span style=\"font-weight: 400;\">Depois de um per\u00edodo onde foi preciso muita resili\u00eancia e energia, as cores do ano trazem justamente isso com uma combina\u00e7\u00e3o forte e que pretende renovar a confian\u00e7a para o ciclo que se inicia.<\/span><\/p>\n<p><span style=\"font-weight: 400;\">Por isso, no post de hoje, trazemos algumas ideias para voc\u00ea inserir essa dupla na d\u00e9cor a\u00ed da sua casa e ficar com o lar-style em dia.<\/span><\/p>\n<p><img loading=\"lazy\" decoding=\"async\" class=\"alignnone size-full wp-image-14575\" src=\"https:\/\/blog.mobly.com.br\/wp-content\/uploads\/2021\/01\/cor-pantone-2021.jpg\" alt=\"\" width=\"1000\" height=\"273\" srcset=\"https:\/\/www.mobly.com.br\/blog\/wp-content\/uploads\/2021\/01\/cor-pantone-2021.jpg 1000w, https:\/\/www.mobly.com.br\/blog\/wp-content\/uploads\/2021\/01\/cor-pantone-2021-300x82.jpg 300w, https:\/\/www.mobly.com.br\/blog\/wp-content\/uploads\/2021\/01\/cor-pantone-2021-768x210.jpg 768w\" sizes=\"auto, (max-width: 1000px) 100vw, 1000px\" \/><\/p>\n<p><span style=\"font-weight: 400;\">Leia tamb\u00e9m: <\/span><a href=\"https:\/\/www.mobly.com.br\/blog\/inspiracoes\/decoracao-2021\/\"><span style=\"font-weight: 400;\">Decora\u00e7\u00e3o 2021 &#8211; 6 apostas de tend\u00eancias<\/span><\/a><\/p>\n<h2><span style=\"font-weight: 400;\">Neutro e contempor\u00e2neo<\/span><\/h2>\n<p><span style=\"font-weight: 400;\">A cor que resulta do equil\u00edbrio entre o preto e o branco \u00e9 perfeita para lares modernos, elegantes e que prezam por uma decora\u00e7\u00e3o harm\u00f4nica. Sendo assim,\u00a0<\/span><b>Ultimate Gray<\/b><span style=\"font-weight: 400;\"> vem para representar a metade pr\u00e1tica e persistente dessa dupla feita uma para a outra.<\/span><\/p>\n<p><img loading=\"lazy\" decoding=\"async\" class=\"alignnone size-full wp-image-14587\" src=\"https:\/\/blog.mobly.com.br\/wp-content\/uploads\/2021\/01\/cor-pantone-2021-poltrona-cinza.jpg\" alt=\"cor-pantone-2021-poltrona-cinza\" width=\"800\" height=\"647\" srcset=\"https:\/\/www.mobly.com.br\/blog\/wp-content\/uploads\/2021\/01\/cor-pantone-2021-poltrona-cinza.jpg 800w, https:\/\/www.mobly.com.br\/blog\/wp-content\/uploads\/2021\/01\/cor-pantone-2021-poltrona-cinza-300x243.jpg 300w, https:\/\/www.mobly.com.br\/blog\/wp-content\/uploads\/2021\/01\/cor-pantone-2021-poltrona-cinza-768x621.jpg 768w\" sizes=\"auto, (max-width: 800px) 100vw, 800px\" \/><\/p>\n<p><span style=\"font-weight: 400;\">No Feng Shui, o cinza \u00e9 o tom que oferece percep\u00e7\u00e3o de for\u00e7a e influencia na resili\u00eancia de todo dia.\u00a0<\/span><\/p>\n<p><span style=\"font-weight: 400;\">Outra vantagem de apostar nessa cor \u00e9 justamente a sobriedade que ela oferece para os ambientes. Seja para lares onde a decora\u00e7\u00e3o \u00e9 predominantemente s\u00f3lida e contempor\u00e2nea ou para servir como base na hora de inserir elementos coloridos, essa <\/span><span style=\"font-weight: 400;\">cor Pantone 2021<\/span><span style=\"font-weight: 400;\"> casa superbem com qualquer <\/span><a href=\"https:\/\/www.mobly.com.br\/blog\/dicas\/quais-cores-usar-para-alegrar-o-ambiente\/\"><span style=\"font-weight: 400;\">tom mais forte e vivo<\/span><\/a><span style=\"font-weight: 400;\">.<\/span><\/p>\n<p><img loading=\"lazy\" decoding=\"async\" class=\"alignnone wp-image-14657\" src=\"https:\/\/blog.mobly.com.br\/wp-content\/uploads\/2021\/01\/cor-pantone-2021-sala-cinza-escuro.jpg\" alt=\"cor-pantone-2021-sala-cinza-escuro\" width=\"405\" height=\"506\" srcset=\"https:\/\/www.mobly.com.br\/blog\/wp-content\/uploads\/2021\/01\/cor-pantone-2021-sala-cinza-escuro.jpg 536w, https:\/\/www.mobly.com.br\/blog\/wp-content\/uploads\/2021\/01\/cor-pantone-2021-sala-cinza-escuro-240x300.jpg 240w\" sizes=\"auto, (max-width: 405px) 100vw, 405px\" \/> <img loading=\"lazy\" decoding=\"async\" class=\"alignnone wp-image-14576\" src=\"https:\/\/blog.mobly.com.br\/wp-content\/uploads\/2021\/01\/cor-pantone-2021-bar-cinza-768x1024.jpg\" alt=\"cor-pantone-2021-bar-cinza\" width=\"380\" height=\"506\" srcset=\"https:\/\/www.mobly.com.br\/blog\/wp-content\/uploads\/2021\/01\/cor-pantone-2021-bar-cinza-768x1024.jpg 768w, https:\/\/www.mobly.com.br\/blog\/wp-content\/uploads\/2021\/01\/cor-pantone-2021-bar-cinza-225x300.jpg 225w, https:\/\/www.mobly.com.br\/blog\/wp-content\/uploads\/2021\/01\/cor-pantone-2021-bar-cinza.jpg 800w\" sizes=\"auto, (max-width: 380px) 100vw, 380px\" \/><\/p>\n<h2><img loading=\"lazy\" decoding=\"async\" class=\"alignnone wp-image-14590\" src=\"https:\/\/blog.mobly.com.br\/wp-content\/uploads\/2021\/01\/cor-pantone-2021-quarto-cinza.jpg\" alt=\"cor-pantone-2021-quarto-cinza\" width=\"800\" height=\"404\" srcset=\"https:\/\/www.mobly.com.br\/blog\/wp-content\/uploads\/2021\/01\/cor-pantone-2021-quarto-cinza.jpg 1000w, https:\/\/www.mobly.com.br\/blog\/wp-content\/uploads\/2021\/01\/cor-pantone-2021-quarto-cinza-300x152.jpg 300w, https:\/\/www.mobly.com.br\/blog\/wp-content\/uploads\/2021\/01\/cor-pantone-2021-quarto-cinza-768x388.jpg 768w\" sizes=\"auto, (max-width: 800px) 100vw, 800px\" \/><\/h2>\n<div id=\"metaslider-id-14603\" style=\"width: 100%; margin: 0 auto;\" class=\"ml-slider-3-27-0 metaslider metaslider-flex metaslider-14603 ml-slider slider-sku-padrao ml-slider-lightbox-1-12-0 lightbox-disabled\">\n    <div id=\"metaslider_container_14603\">\n        <div id=\"metaslider_14603\" class=\"flexslider\">\n            <ul aria-live=\"polite\" class=\"slides\">\n                <li style=\"display: none; width: 100%;\" class=\"slide-14618 ms-image\"><a href=\"https:\/\/www.mobly.com.br\/puff-rolha-fendy-pes-em-aco-carbono-542243.html\/?utm_source=blog_carrossel&amp;utm_medium=social_blog&amp;utm_campaign=_20210106\" target=\"_blank\"><img loading=\"lazy\" decoding=\"async\" src=\"https:\/\/www.mobly.com.br\/blog\/wp-content\/uploads\/2021\/01\/puff-fendy-240x240.jpg\" height=\"240\" width=\"240\" alt=\"\" class=\"slider-14603 slide-14618\" title=\"puff fendy\" \/><\/a><div class=\"caption-wrap\"><div class=\"caption\">Puff Fendy<\/div><\/div><\/li>\n                <li style=\"display: none; width: 100%;\" class=\"slide-14621 ms-image\"><a href=\"https:\/\/www.mobly.com.br\/sofa-3-lugares-kivik-capitone-cinza-178279.html\/?utm_source=blog_carrossel&amp;utm_medium=social_blog&amp;utm_campaign=_20210106\" target=\"_blank\"><img loading=\"lazy\" decoding=\"async\" src=\"https:\/\/www.mobly.com.br\/blog\/wp-content\/uploads\/2021\/01\/sof\u00e1-kivik-240x240.jpg\" height=\"240\" width=\"240\" alt=\"\" class=\"slider-14603 slide-14621\" title=\"sof\u00e1 kivik\" \/><\/a><div class=\"caption-wrap\"><div class=\"caption\">Sof\u00e1 Kivik<\/div><\/div><\/li>\n                <li style=\"display: none; width: 100%;\" class=\"slide-14617 ms-image\"><a href=\"https:\/\/www.mobly.com.br\/puff-pastilha-croche-cinza-452196.html\/?utm_source=blog_carrossel&amp;utm_medium=social_blog&amp;utm_campaign=_20210106\" target=\"_blank\"><img loading=\"lazy\" decoding=\"async\" src=\"https:\/\/www.mobly.com.br\/blog\/wp-content\/uploads\/2021\/01\/puff-croch\u00ea-240x240.jpg\" height=\"240\" width=\"240\" alt=\"\" class=\"slider-14603 slide-14617\" title=\"puff croch\u00ea\" \/><\/a><div class=\"caption-wrap\"><div class=\"caption\">Puff Croch\u00ea<\/div><\/div><\/li>\n                <li style=\"display: none; width: 100%;\" class=\"slide-14620 ms-image\"><a href=\"https:\/\/www.mobly.com.br\/sofa-3-lugares-retratil-e-reclinavel-europa-suede-cinza-770456.html\/?utm_source=blog_carrossel&amp;utm_medium=social_blog&amp;utm_campaign=_20210106\" target=\"_blank\"><img loading=\"lazy\" decoding=\"async\" src=\"https:\/\/www.mobly.com.br\/blog\/wp-content\/uploads\/2021\/01\/sof\u00e1-europa-240x240.jpg\" height=\"240\" width=\"240\" alt=\"\" class=\"slider-14603 slide-14620\" title=\"sof\u00e1 europa\" \/><\/a><div class=\"caption-wrap\"><div class=\"caption\">Sof\u00e1 Europa<\/div><\/div><\/li>\n                <li style=\"display: none; width: 100%;\" class=\"slide-14619 ms-image\"><a href=\"https:\/\/www.mobly.com.br\/puff-fofao-pop-amarelo-470195.html\/?utm_source=blog_carrossel&amp;utm_medium=social_blog&amp;utm_campaign=_20210106\" target=\"_blank\"><img loading=\"lazy\" decoding=\"async\" src=\"https:\/\/www.mobly.com.br\/blog\/wp-content\/uploads\/2021\/01\/puff-fof\u00e3o-240x240.jpg\" height=\"240\" width=\"240\" alt=\"\" class=\"slider-14603 slide-14619\" title=\"puff fof\u00e3o\" \/><\/a><div class=\"caption-wrap\"><div class=\"caption\">Puff Fof\u00e3o<\/div><\/div><\/li>\n                <li style=\"display: none; width: 100%;\" class=\"slide-14622 ms-image\"><a href=\"https:\/\/www.mobly.com.br\/conjunto-com-2-banquetas-fixas-tolix-amarelo-538792.html\/?utm_source=blog_carrossel&amp;utm_medium=social_blog&amp;utm_campaign=_20210106\" target=\"_blank\"><img loading=\"lazy\" decoding=\"async\" src=\"https:\/\/www.mobly.com.br\/blog\/wp-content\/uploads\/2021\/01\/banquetas-tolix-240x240.jpg\" height=\"240\" width=\"240\" alt=\"\" class=\"slider-14603 slide-14622\" title=\"banquetas tolix\" \/><\/a><div class=\"caption-wrap\"><div class=\"caption\">Banquetas Tolix<\/div><\/div><\/li>\n                <li style=\"display: none; width: 100%;\" class=\"slide-14624 ms-image\"><a href=\"https:\/\/www.mobly.com.br\/poltrona-stela-amarela-582660.html\/?utm_source=blog_carrossel&amp;utm_medium=social_blog&amp;utm_campaign=_20210106\" target=\"_blank\"><img loading=\"lazy\" decoding=\"async\" src=\"https:\/\/www.mobly.com.br\/blog\/wp-content\/uploads\/2021\/01\/poltrona-stella-240x240.jpg\" height=\"240\" width=\"240\" alt=\"\" class=\"slider-14603 slide-14624\" title=\"poltrona stella\" \/><\/a><div class=\"caption-wrap\"><div class=\"caption\">Poltrona Stela<\/div><\/div><\/li>\n                <li style=\"display: none; width: 100%;\" class=\"slide-14623 ms-image\"><a href=\"https:\/\/www.mobly.com.br\/poltrona-mariana-linho-mostarda-394845.html\/?utm_source=blog_carrossel&amp;utm_medium=social_blog&amp;utm_campaign=_20210106\" target=\"_blank\"><img loading=\"lazy\" decoding=\"async\" src=\"https:\/\/www.mobly.com.br\/blog\/wp-content\/uploads\/2021\/01\/poltrona-mariana-240x240.jpg\" height=\"240\" width=\"240\" alt=\"\" class=\"slider-14603 slide-14623\" title=\"poltrona mariana\" \/><\/a><div class=\"caption-wrap\"><div class=\"caption\">Poltrona  Mariana<\/div><\/div><\/li>\n            <\/ul>\n        <\/div>\n        \n    <\/div>\n<\/div>\n<p>&nbsp;<\/p>\n<h2><span style=\"font-weight: 400;\">Vibrante como um dia de ver\u00e3o<\/span><\/h2>\n<p><span style=\"font-weight: 400;\">Cor que remete \u00e0 luz solar, o amarelo desperta boas energias e oferece positividade para os c\u00f4modos. Por isso o <\/span><b>Illuminating <\/b><span style=\"font-weight: 400;\">\u00e9 uma das escolhas para a cor do ano que se inicia, trazendo o otimismo que tanto precisamos.<\/span><\/p>\n<p><img loading=\"lazy\" decoding=\"async\" class=\"alignnone size-full wp-image-14584\" src=\"https:\/\/blog.mobly.com.br\/wp-content\/uploads\/2021\/01\/cor-pantone-2021-jantar-amarelo.jpg\" alt=\"cor-pantone-2021-jantar-amarelo\" width=\"1000\" height=\"666\" srcset=\"https:\/\/www.mobly.com.br\/blog\/wp-content\/uploads\/2021\/01\/cor-pantone-2021-jantar-amarelo.jpg 1000w, https:\/\/www.mobly.com.br\/blog\/wp-content\/uploads\/2021\/01\/cor-pantone-2021-jantar-amarelo-300x200.jpg 300w, https:\/\/www.mobly.com.br\/blog\/wp-content\/uploads\/2021\/01\/cor-pantone-2021-jantar-amarelo-768x511.jpg 768w\" sizes=\"auto, (max-width: 1000px) 100vw, 1000px\" \/><\/p>\n<p><span style=\"font-weight: 400;\">Ideal para ambientes que precisam de uma dose de vitalidade, ele ilumina e deixa os c\u00f4modos cheios de boas energias. Use e abuse desse tom nos espa\u00e7os sociais! De quebra, o amarelo contrasta bem com <\/span><a href=\"https:\/\/www.mobly.com.br\/blog\/dicas\/decoracao-cores-escuras-5-dicas\/\"><span style=\"font-weight: 400;\">tons mais escuros<\/span><\/a><span style=\"font-weight: 400;\"> e ajuda a real\u00e7\u00e1-los &#8211; n\u00e3o \u00e9 \u00e0 toa que o Pantone escolheu ele para ser a contraparte do cinza, n\u00e9?<\/span><\/p>\n<p><span style=\"font-weight: 400;\">Seja atrav\u00e9s de m\u00f3veis, acess\u00f3rios ou paredes pintadas, \u00e9 f\u00e1cil transformar a cara de qualquer cantinho com essa cor alegre.<\/span><\/p>\n<p><span style=\"font-weight: 400;\">\u00a0\u00a0<img loading=\"lazy\" decoding=\"async\" class=\"alignnone wp-image-14658\" src=\"https:\/\/blog.mobly.com.br\/wp-content\/uploads\/2021\/01\/cor-pantone-2021-puff-vaso-amarelo.jpg\" alt=\"cor-pantone-2021-puff-vaso-amarelo\" width=\"384\" height=\"570\" srcset=\"https:\/\/www.mobly.com.br\/blog\/wp-content\/uploads\/2021\/01\/cor-pantone-2021-puff-vaso-amarelo.jpg 536w, https:\/\/www.mobly.com.br\/blog\/wp-content\/uploads\/2021\/01\/cor-pantone-2021-puff-vaso-amarelo-202x300.jpg 202w\" sizes=\"auto, (max-width: 384px) 100vw, 384px\" \/> <img loading=\"lazy\" decoding=\"async\" class=\"alignnone wp-image-14578\" src=\"https:\/\/blog.mobly.com.br\/wp-content\/uploads\/2021\/01\/cor-pantone-2021-cozinha-amarela-683x1024.jpg\" alt=\"cor-pantone-2021-cozinha-amarela\" width=\"380\" height=\"570\" srcset=\"https:\/\/www.mobly.com.br\/blog\/wp-content\/uploads\/2021\/01\/cor-pantone-2021-cozinha-amarela-683x1024.jpg 683w, https:\/\/www.mobly.com.br\/blog\/wp-content\/uploads\/2021\/01\/cor-pantone-2021-cozinha-amarela-200x300.jpg 200w, https:\/\/www.mobly.com.br\/blog\/wp-content\/uploads\/2021\/01\/cor-pantone-2021-cozinha-amarela-768x1152.jpg 768w, https:\/\/www.mobly.com.br\/blog\/wp-content\/uploads\/2021\/01\/cor-pantone-2021-cozinha-amarela.jpg 800w\" sizes=\"auto, (max-width: 380px) 100vw, 380px\" \/>\u00a0 \u00a0<\/span><\/p>\n<p><img loading=\"lazy\" decoding=\"async\" class=\"alignnone wp-image-14588\" src=\"https:\/\/blog.mobly.com.br\/wp-content\/uploads\/2021\/01\/cor-pantone-2021-poltronas-amarelas.jpg\" alt=\"cor-pantone-2021-poltronas-amarelas\" width=\"776\" height=\"582\" srcset=\"https:\/\/www.mobly.com.br\/blog\/wp-content\/uploads\/2021\/01\/cor-pantone-2021-poltronas-amarelas.jpg 700w, https:\/\/www.mobly.com.br\/blog\/wp-content\/uploads\/2021\/01\/cor-pantone-2021-poltronas-amarelas-300x225.jpg 300w\" sizes=\"auto, (max-width: 776px) 100vw, 776px\" \/><\/p>\n<div id=\"metaslider-id-14605\" style=\"width: 100%; margin: 0 auto;\" class=\"ml-slider-3-27-0 metaslider metaslider-flex metaslider-14605 ml-slider slider-sku-padrao ml-slider-lightbox-1-12-0 lightbox-disabled\">\n    <div id=\"metaslider_container_14605\">\n        <div id=\"metaslider_14605\" class=\"flexslider\">\n            <ul aria-live=\"polite\" class=\"slides\">\n                <li style=\"display: none; width: 100%;\" class=\"slide-14634 ms-image\"><a href=\"https:\/\/www.mobly.com.br\/comoda-infantil-ludmila-1-pt-4-gv-cinza-760439.html\/?utm_source=blog_carrossel&amp;utm_medium=social_blog&amp;utm_campaign=_20210106\" target=\"_blank\"><img loading=\"lazy\" decoding=\"async\" src=\"https:\/\/www.mobly.com.br\/blog\/wp-content\/uploads\/2021\/01\/c\u00f4moda-ludmila-240x240.jpg\" height=\"240\" width=\"240\" alt=\"\" class=\"slider-14605 slide-14634\" title=\"c\u00f4moda ludmila\" \/><\/a><div class=\"caption-wrap\"><div class=\"caption\">C\u00f4moda Ludmila<\/div><\/div><\/li>\n                <li style=\"display: none; width: 100%;\" class=\"slide-14640 ms-image\"><a href=\"https:\/\/www.mobly.com.br\/aparador-cafe-luanda-amarelo-rpm-moveis-704521.html\/?utm_source=blog_carrossel&amp;utm_medium=social_blog&amp;utm_campaign=_20210106\" target=\"_blank\"><img loading=\"lazy\" decoding=\"async\" src=\"https:\/\/www.mobly.com.br\/blog\/wp-content\/uploads\/2021\/01\/aparador-luanda-240x240.jpg\" height=\"240\" width=\"240\" alt=\"\" class=\"slider-14605 slide-14640\" title=\"aparador luanda\" \/><\/a><div class=\"caption-wrap\"><div class=\"caption\">Aparador Luanda<\/div><\/div><\/li>\n                <li style=\"display: none; width: 100%;\" class=\"slide-14637 ms-image\"><a href=\"https:\/\/www.mobly.com.br\/nicho-dominox-amarelo-35-cm-551128.html\/?utm_source=blog_carrossel&amp;utm_medium=social_blog&amp;utm_campaign=_20210106\" target=\"_blank\"><img loading=\"lazy\" decoding=\"async\" src=\"https:\/\/www.mobly.com.br\/blog\/wp-content\/uploads\/2021\/01\/nicho-dominoz-240x240.jpg\" height=\"240\" width=\"240\" alt=\"\" class=\"slider-14605 slide-14637\" title=\"nicho dominoz\" \/><\/a><div class=\"caption-wrap\"><div class=\"caption\">Nicho Dominox<\/div><\/div><\/li>\n                <li style=\"display: none; width: 100%;\" class=\"slide-14635 ms-image\"><a href=\"https:\/\/www.mobly.com.br\/estante-flerte-amarelo-647721.html\/?utm_source=blog_carrossel&amp;utm_medium=social_blog&amp;utm_campaign=_20210106\" target=\"_blank\"><img loading=\"lazy\" decoding=\"async\" src=\"https:\/\/www.mobly.com.br\/blog\/wp-content\/uploads\/2021\/01\/estante-flerte-240x240.jpg\" height=\"240\" width=\"240\" alt=\"\" class=\"slider-14605 slide-14635\" title=\"estante flerte\" \/><\/a><div class=\"caption-wrap\"><div class=\"caption\">Estante Flerte<\/div><\/div><\/li>\n                <li style=\"display: none; width: 100%;\" class=\"slide-14636 ms-image\"><a href=\"https:\/\/www.mobly.com.br\/mesa-lateral-redonda-sili-cinza-mushroom-759842.html\/?utm_source=blog_carrossel&amp;utm_medium=social_blog&amp;utm_campaign=_20210106\" target=\"_blank\"><img loading=\"lazy\" decoding=\"async\" src=\"https:\/\/www.mobly.com.br\/blog\/wp-content\/uploads\/2021\/01\/mesa-lateral-sili-240x240.jpg\" height=\"240\" width=\"240\" alt=\"\" class=\"slider-14605 slide-14636\" title=\"mesa lateral sili\" \/><\/a><div class=\"caption-wrap\"><div class=\"caption\">Mesa Latera Sili<\/div><\/div><\/li>\n                <li style=\"display: none; width: 100%;\" class=\"slide-14639 ms-image\"><a href=\"https:\/\/www.mobly.com.br\/rack-freddie-freijo-120-cm-com-2-portas-amarelo-380363.html\/?utm_source=blog_carrossel&amp;utm_medium=social_blog&amp;utm_campaign=_20210106\" target=\"_blank\"><img loading=\"lazy\" decoding=\"async\" src=\"https:\/\/www.mobly.com.br\/blog\/wp-content\/uploads\/2021\/01\/rack-freddie-240x240.jpg\" height=\"240\" width=\"240\" alt=\"\" class=\"slider-14605 slide-14639\" title=\"rack freddie\" \/><\/a><div class=\"caption-wrap\"><div class=\"caption\">Rack Freddie<\/div><\/div><\/li>\n                <li style=\"display: none; width: 100%;\" class=\"slide-14633 ms-image\"><a href=\"https:\/\/www.mobly.com.br\/cabeceira-casal-140cm-para-cama-box-sofia-suede-cinza-ds-moveis-571249.html\/?utm_source=blog_carrossel&amp;utm_medium=social_blog&amp;utm_campaign=_20210106\" target=\"_blank\"><img loading=\"lazy\" decoding=\"async\" src=\"https:\/\/www.mobly.com.br\/blog\/wp-content\/uploads\/2021\/01\/cabeceira-sofia-240x240.jpg\" height=\"240\" width=\"240\" alt=\"\" class=\"slider-14605 slide-14633\" title=\"cabeceira sofia\" \/><\/a><div class=\"caption-wrap\"><div class=\"caption\">Cabeceira Sofia<\/div><\/div><\/li>\n                <li style=\"display: none; width: 100%;\" class=\"slide-14638 ms-image\"><a href=\"https:\/\/www.mobly.com.br\/rack-madesa-dubai-para-tv-ate-65-polegadas-com-pes-cinza-branco-3z09-778692.html\/?utm_source=blog_carrossel&amp;utm_medium=social_blog&amp;utm_campaign=_20210106\" target=\"_blank\"><img loading=\"lazy\" decoding=\"async\" src=\"https:\/\/www.mobly.com.br\/blog\/wp-content\/uploads\/2021\/01\/rack-dubai-240x240.jpg\" height=\"240\" width=\"240\" alt=\"\" class=\"slider-14605 slide-14638\" title=\"rack dubai\" \/><\/a><div class=\"caption-wrap\"><div class=\"caption\">Rack Dubai<\/div><\/div><\/li>\n            <\/ul>\n        <\/div>\n        \n    <\/div>\n<\/div>\n<p>&nbsp;<\/p>\n<h2><span style=\"font-weight: 400;\">A <\/span><span style=\"font-weight: 400;\">cor Pantone 2021<\/span><span style=\"font-weight: 400;\">: Ultimate Gray e Illuminating\u00a0<\/span><\/h2>\n<p><span style=\"font-weight: 400;\">E quando a gente junta esses dois tons, um s\u00f3brio e elegante, outro arrojado e vibrante, temos a escolha da <\/span><span style=\"font-weight: 400;\">cor pantone 2021<\/span><span style=\"font-weight: 400;\">.<\/span><\/p>\n<p><span style=\"font-weight: 400;\">E n\u00e3o \u00e9 a primeira vez que o instituto nomeia dois tons como os que v\u00e3o guiar os aspectos visuais do ano, mas \u00e9 a primeira vez que duas cores opostas se unem.<\/span><\/p>\n<p><span style=\"font-weight: 400;\">Para Leatrice Eiseman, diretora executiva do Pantone, \u201ca uni\u00e3o do resiliente Ultimate Gray, com o amarelo vibrante Illuminating expressa uma mensagem de positividade apoiada pela for\u00e7a e moral.\u201d\u00a0<\/span><\/p>\n<p><span style=\"font-weight: 400;\">E quem n\u00e3o quer um lar com uma decora\u00e7\u00e3o positiva e forte?<\/span><\/p>\n<p><img loading=\"lazy\" decoding=\"async\" class=\"alignnone size-full wp-image-14577\" src=\"https:\/\/blog.mobly.com.br\/wp-content\/uploads\/2021\/01\/cor-pantone-2021-cafe-amarelo.jpg\" alt=\"cor-pantone-2021-cafe-amarelo\" width=\"1000\" height=\"666\" srcset=\"https:\/\/www.mobly.com.br\/blog\/wp-content\/uploads\/2021\/01\/cor-pantone-2021-cafe-amarelo.jpg 1000w, https:\/\/www.mobly.com.br\/blog\/wp-content\/uploads\/2021\/01\/cor-pantone-2021-cafe-amarelo-300x200.jpg 300w, https:\/\/www.mobly.com.br\/blog\/wp-content\/uploads\/2021\/01\/cor-pantone-2021-cafe-amarelo-768x511.jpg 768w\" sizes=\"auto, (max-width: 1000px) 100vw, 1000px\" \/><\/p>\n<p><span style=\"font-weight: 400;\">\u00c9 justamente isso o que torna essa combina\u00e7\u00e3o t\u00e3o charmosa para a decora\u00e7\u00e3o: apesar de distintas, elas se complementam.<\/span><\/p>\n<p><span style=\"font-weight: 400;\">E para te inspirar na hora de inserir essa dupla nos c\u00f4modos da casa, n\u00f3s trouxemos alguns ambientes decorados. Voc\u00ea vai ver que, dependendo dos elementos que destacar, a atmosfera muda completamente e se adapta \u00e0 prefer\u00eancia dos moradores. Sempre com muito bom gosto, \u00e9 claro.<\/span><\/p>\n<p><img loading=\"lazy\" decoding=\"async\" class=\"alignnone wp-image-14596\" src=\"https:\/\/blog.mobly.com.br\/wp-content\/uploads\/2021\/01\/cor-pantone-2021-sofa-amarelo-cinza.jpg\" alt=\"cor-pantone-2021-sofa-amarelo-cinza\" width=\"800\" height=\"533\" srcset=\"https:\/\/www.mobly.com.br\/blog\/wp-content\/uploads\/2021\/01\/cor-pantone-2021-sofa-amarelo-cinza.jpg 1000w, https:\/\/www.mobly.com.br\/blog\/wp-content\/uploads\/2021\/01\/cor-pantone-2021-sofa-amarelo-cinza-300x200.jpg 300w, https:\/\/www.mobly.com.br\/blog\/wp-content\/uploads\/2021\/01\/cor-pantone-2021-sofa-amarelo-cinza-768x511.jpg 768w\" sizes=\"auto, (max-width: 800px) 100vw, 800px\" \/><\/p>\n<p><img loading=\"lazy\" decoding=\"async\" class=\"alignnone wp-image-14583\" src=\"https:\/\/blog.mobly.com.br\/wp-content\/uploads\/2021\/01\/cor-pantone-2021-home-office-cinza-amarelo-747x1024.jpg\" alt=\"cor-pantone-2021-home-office-cinza-amarelo\" width=\"404\" height=\"554\" srcset=\"https:\/\/www.mobly.com.br\/blog\/wp-content\/uploads\/2021\/01\/cor-pantone-2021-home-office-cinza-amarelo-747x1024.jpg 747w, https:\/\/www.mobly.com.br\/blog\/wp-content\/uploads\/2021\/01\/cor-pantone-2021-home-office-cinza-amarelo-219x300.jpg 219w, https:\/\/www.mobly.com.br\/blog\/wp-content\/uploads\/2021\/01\/cor-pantone-2021-home-office-cinza-amarelo-768x1052.jpg 768w, https:\/\/www.mobly.com.br\/blog\/wp-content\/uploads\/2021\/01\/cor-pantone-2021-home-office-cinza-amarelo.jpg 800w\" sizes=\"auto, (max-width: 404px) 100vw, 404px\" \/> <img loading=\"lazy\" decoding=\"async\" class=\"alignnone wp-image-14582\" src=\"https:\/\/blog.mobly.com.br\/wp-content\/uploads\/2021\/01\/cor-pantone-2021-gourmet-detalhe-cinza-amarelo-683x1024.jpg\" alt=\"cor-pantone-2021-gourmet-detalhe-cinza-amarelo\" width=\"370\" height=\"554\" srcset=\"https:\/\/www.mobly.com.br\/blog\/wp-content\/uploads\/2021\/01\/cor-pantone-2021-gourmet-detalhe-cinza-amarelo-683x1024.jpg 683w, https:\/\/www.mobly.com.br\/blog\/wp-content\/uploads\/2021\/01\/cor-pantone-2021-gourmet-detalhe-cinza-amarelo-200x300.jpg 200w, https:\/\/www.mobly.com.br\/blog\/wp-content\/uploads\/2021\/01\/cor-pantone-2021-gourmet-detalhe-cinza-amarelo.jpg 700w\" sizes=\"auto, (max-width: 370px) 100vw, 370px\" \/><\/p>\n<p><img loading=\"lazy\" decoding=\"async\" class=\"alignnone wp-image-14591\" src=\"https:\/\/blog.mobly.com.br\/wp-content\/uploads\/2021\/01\/cor-pantone-2021-quarto-cinza-amarelo.jpg\" alt=\"cor-pantone-2021-quarto-cinza-amarelo\" width=\"800\" height=\"534\" srcset=\"https:\/\/www.mobly.com.br\/blog\/wp-content\/uploads\/2021\/01\/cor-pantone-2021-quarto-cinza-amarelo.jpg 1000w, https:\/\/www.mobly.com.br\/blog\/wp-content\/uploads\/2021\/01\/cor-pantone-2021-quarto-cinza-amarelo-300x200.jpg 300w, https:\/\/www.mobly.com.br\/blog\/wp-content\/uploads\/2021\/01\/cor-pantone-2021-quarto-cinza-amarelo-768x512.jpg 768w\" sizes=\"auto, (max-width: 800px) 100vw, 800px\" \/><\/p>\n<p><img loading=\"lazy\" decoding=\"async\" class=\"alignnone wp-image-14659\" src=\"https:\/\/blog.mobly.com.br\/wp-content\/uploads\/2021\/01\/cor-pantone-2021-ofice-amarelo-cinza.jpg\" alt=\"cor-pantone-2021-ofice-amarelo-cinza\" width=\"399\" height=\"542\" srcset=\"https:\/\/www.mobly.com.br\/blog\/wp-content\/uploads\/2021\/01\/cor-pantone-2021-ofice-amarelo-cinza.jpg 419w, https:\/\/www.mobly.com.br\/blog\/wp-content\/uploads\/2021\/01\/cor-pantone-2021-ofice-amarelo-cinza-221x300.jpg 221w\" sizes=\"auto, (max-width: 399px) 100vw, 399px\" \/> <img loading=\"lazy\" decoding=\"async\" class=\"alignnone wp-image-14592\" src=\"https:\/\/blog.mobly.com.br\/wp-content\/uploads\/2021\/01\/cor-pantone-2021-quarto-infantil.jpg\" alt=\"cor-pantone-2021-quarto-infantil\" width=\"385\" height=\"543\" srcset=\"https:\/\/www.mobly.com.br\/blog\/wp-content\/uploads\/2021\/01\/cor-pantone-2021-quarto-infantil.jpg 700w, https:\/\/www.mobly.com.br\/blog\/wp-content\/uploads\/2021\/01\/cor-pantone-2021-quarto-infantil-213x300.jpg 213w\" sizes=\"auto, (max-width: 385px) 100vw, 385px\" \/><\/p>\n<div id=\"metaslider-id-14607\" style=\"width: 100%; margin: 0 auto;\" class=\"ml-slider-3-27-0 metaslider metaslider-flex metaslider-14607 ml-slider slider-sku-padrao ml-slider-lightbox-1-12-0 lightbox-disabled\">\n    <div id=\"metaslider_container_14607\">\n        <div id=\"metaslider_14607\" class=\"flexslider\">\n            <ul aria-live=\"polite\" class=\"slides\">\n                <li style=\"display: none; width: 100%;\" class=\"slide-14651 ms-image\"><a href=\"https:\/\/www.mobly.com.br\/papel-de-parede-adesivo-chevron-amarelo-e-cinza-290-x-50-cm-584036.html\/?utm_source=blog_carrossel&amp;utm_medium=social_blog&amp;utm_campaign=_20210106\" target=\"_blank\"><img loading=\"lazy\" decoding=\"async\" src=\"https:\/\/www.mobly.com.br\/blog\/wp-content\/uploads\/2021\/01\/papel-de-parede-chevron-240x240.jpg\" height=\"240\" width=\"240\" alt=\"\" class=\"slider-14607 slide-14651\" title=\"papel de parede chevron\" \/><\/a><div class=\"caption-wrap\"><div class=\"caption\">Papel de Parede Chevron<\/div><\/div><\/li>\n                <li style=\"display: none; width: 100%;\" class=\"slide-14649 ms-image\"><a href=\"https:\/\/www.mobly.com.br\/almofada-pantone-amarelo-45x45cm-662890.html\/?utm_source=blog_carrossel&amp;utm_medium=social_blog&amp;utm_campaign=_20210106\" target=\"_blank\"><img loading=\"lazy\" decoding=\"async\" src=\"https:\/\/www.mobly.com.br\/blog\/wp-content\/uploads\/2021\/01\/almofada-pantone-240x240.jpg\" height=\"240\" width=\"240\" alt=\"\" class=\"slider-14607 slide-14649\" title=\"almofada pantone\" \/><\/a><div class=\"caption-wrap\"><div class=\"caption\">Almofada Pantone<\/div><\/div><\/li>\n                <li style=\"display: none; width: 100%;\" class=\"slide-14653 ms-image\"><a href=\"https:\/\/www.mobly.com.br\/pendente-tulipa-543290.html\/?utm_source=blog_carrossel&amp;utm_medium=social_blog&amp;utm_campaign=_20210106\" target=\"_blank\"><img loading=\"lazy\" decoding=\"async\" src=\"https:\/\/www.mobly.com.br\/blog\/wp-content\/uploads\/2021\/01\/pendente-tulipa-240x240.jpg\" height=\"240\" width=\"240\" alt=\"\" class=\"slider-14607 slide-14653\" title=\"pendente tulipa\" \/><\/a><div class=\"caption-wrap\"><div class=\"caption\">Pendente Tulipa<\/div><\/div><\/li>\n                <li style=\"display: none; width: 100%;\" class=\"slide-14656 ms-image\"><a href=\"https:\/\/www.mobly.com.br\/almofada-no-cinza-escandinavo-decorativa-para-quarto-sala-783595.html\/?utm_source=blog_carrossel&amp;utm_medium=social_blog&amp;utm_campaign=_20210106\" target=\"_blank\"><img loading=\"lazy\" decoding=\"async\" src=\"https:\/\/www.mobly.com.br\/blog\/wp-content\/uploads\/2021\/01\/almofada-n\u00f3-escandinavo-240x240.jpg\" height=\"240\" width=\"240\" alt=\"\" class=\"slider-14607 slide-14656\" title=\"almofada n\u00f3 escandinavo\" \/><\/a><div class=\"caption-wrap\"><div class=\"caption\">Almofada N\u00f3 Escandinavo<\/div><\/div><\/li>\n                <li style=\"display: none; width: 100%;\" class=\"slide-14655 ms-image\"><a href=\"https:\/\/www.mobly.com.br\/vaso-decorativo-de-ceramica-valencia-cinza-escuro-p-715584.html\/?utm_source=blog_carrossel&amp;utm_medium=social_blog&amp;utm_campaign=_20210106\" target=\"_blank\"><img loading=\"lazy\" decoding=\"async\" src=\"https:\/\/www.mobly.com.br\/blog\/wp-content\/uploads\/2021\/01\/vaso-val\u00eancia-240x240.jpg\" height=\"240\" width=\"240\" alt=\"\" class=\"slider-14607 slide-14655\" title=\"vaso val\u00eancia\" \/><\/a><div class=\"caption-wrap\"><div class=\"caption\">Vaso Val\u00eancia<\/div><\/div><\/li>\n                <li style=\"display: none; width: 100%;\" class=\"slide-14650 ms-image\"><a href=\"https:\/\/www.mobly.com.br\/manta-para-sofa-de-chenille-cor-cinza-claro-726998.html\/?utm_source=blog_carrossel&amp;utm_medium=social_blog&amp;utm_campaign=_20210106\" target=\"_blank\"><img loading=\"lazy\" decoding=\"async\" src=\"https:\/\/www.mobly.com.br\/blog\/wp-content\/uploads\/2021\/01\/manta-de-chenille-240x240.jpg\" height=\"240\" width=\"240\" alt=\"\" class=\"slider-14607 slide-14650\" title=\"manta de chenille\" \/><\/a><div class=\"caption-wrap\"><div class=\"caption\">Manta de Chenille<\/div><\/div><\/li>\n                <li style=\"display: none; width: 100%;\" class=\"slide-14652 ms-image\"><a href=\"https:\/\/www.mobly.com.br\/papel-de-parede-adesivo-geometrico-retro-amarelo-e-branco-290-x-50-cm-584273.html\/?utm_source=blog_carrossel&amp;utm_medium=social_blog&amp;utm_campaign=_20210106\" target=\"_blank\"><img loading=\"lazy\" decoding=\"async\" src=\"https:\/\/www.mobly.com.br\/blog\/wp-content\/uploads\/2021\/01\/papel-de-parede-geom\u00e9trico-240x240.jpg\" height=\"240\" width=\"240\" alt=\"\" class=\"slider-14607 slide-14652\" title=\"papel de parede geom\u00e9trico\" \/><\/a><div class=\"caption-wrap\"><div class=\"caption\">Papel de Parede Geom\u00e9trico<\/div><\/div><\/li>\n                <li style=\"display: none; width: 100%;\" class=\"slide-14654 ms-image\"><a href=\"https:\/\/www.mobly.com.br\/tapete-salton-iii-retangular-polipropileno-300x400cm-cinza-787522.html\/?utm_source=blog_carrossel&amp;utm_medium=social_blog&amp;utm_campaign=_20210106\" target=\"_blank\"><img loading=\"lazy\" decoding=\"async\" src=\"https:\/\/www.mobly.com.br\/blog\/wp-content\/uploads\/2021\/01\/tapete-salton-240x240.jpg\" height=\"240\" width=\"240\" alt=\"\" class=\"slider-14607 slide-14654\" title=\"tapete salton\" \/><\/a><div class=\"caption-wrap\"><div class=\"caption\">Tapete Salton<\/div><\/div><\/li>\n            <\/ul>\n        <\/div>\n        \n    <\/div>\n<\/div>\n<p>&nbsp;<\/p>\n<p><span style=\"font-weight: 400;\">\u00c9 como diz o ditado: um \u00e9 bom, mas dois \u00e9 \u00f3timo!\u00a0<\/span><\/p>\n<p><span style=\"font-weight: 400;\">A escolha da <\/span><span style=\"font-weight: 400;\">cor Pantone 2021<\/span><span style=\"font-weight: 400;\"> surpreendeu positivamente e promete marcar presen\u00e7a em v\u00e1rios aspectos visuais do ano. Pelo menos por aqui, pretendemos usar e abusar dessa combina\u00e7\u00e3o linda.\u00a0<\/span><\/p>\n<p><span style=\"font-weight: 400;\">E voc\u00ea? Pensa em trazer essa tend\u00eancia para o seu lar? Se sim, n\u00f3s queremos ver, ent\u00e3o #mandafotos l\u00e1 no nosso Instagram, o <\/span><a href=\"https:\/\/www.instagram.com\/mobly\/\"><span style=\"font-weight: 400;\">@mobly<\/span><\/a><span style=\"font-weight: 400;\">.<\/span><\/p>\n<button class=\"simplefavorite-button has-count loading\" data-postid=\"14570\" data-siteid=\"1\" data-groupid=\"1\" data-favoritecount=\"2\" style=\"\">Carregando...<span class=\"sf-icon-spinner-wrapper\"><i class=\"sf-icon-spinner\"><\/i><\/span><\/button>","protected":false},"excerpt":{"rendered":"<p>Cinza e amarelo se unem para trazer otimismo e for\u00e7a na cor Pantone 2021 Todos os anos, o Instituto Pantone, especialista em tend\u00eancias crom\u00e1ticas, escolhe um tom para reger os pr\u00f3ximos 365 dias. Essa escolha influencia em v\u00e1rios aspectos do cotidiano, desde a ind\u00fastria do entretenimento at\u00e9 o setor moveleiro, portanto \u00e9 super importante para quem trabalha nessas \u00e1reas ou gosta de se manter atualizado. Depois de um per\u00edodo onde foi preciso muita resili\u00eancia e energia, as cores do ano trazem justamente isso com uma combina\u00e7\u00e3o forte e que pretende renovar a confian\u00e7a para o ciclo que se inicia. Por isso, no post de hoje, trazemos algumas ideias para voc\u00ea inserir essa dupla na d\u00e9cor a\u00ed da sua casa e ficar com o lar-style em dia. Leia tamb\u00e9m: Decora\u00e7\u00e3o 2021 &#8211; 6 apostas de tend\u00eancias Neutro e contempor\u00e2neo A cor que resulta do equil\u00edbrio entre o preto e o branco \u00e9 perfeita para lares modernos, elegantes e que prezam por uma decora\u00e7\u00e3o harm\u00f4nica. Sendo assim,\u00a0Ultimate Gray vem para representar a metade pr\u00e1tica e persistente dessa dupla feita uma para a outra. No Feng Shui, o cinza \u00e9 o tom que oferece percep\u00e7\u00e3o de for\u00e7a e influencia na resili\u00eancia de todo [&hellip;]<\/p>\n","protected":false},"author":32,"featured_media":14585,"comment_status":"open","ping_status":"open","sticky":false,"template":"","format":"standard","meta":{"extendify_custom_stylesheet":"","_mi_skip_tracking":false,"_monsterinsights_skip_tracking":false,"_monsterinsights_sitenote_active":false,"_monsterinsights_sitenote_note":"","_monsterinsights_sitenote_category":0,"footnotes":""},"categories":[11],"tags":[358,927,645,30,928,91,389],"class_list":["post-14570","post","type-post","status-publish","format-standard","has-post-thumbnail","hentry","category-inspiracoes","tag-amarelo","tag-cinza","tag-cor-do-ano","tag-cor-pantone","tag-decoracao-amarela","tag-decoracao-cinza","tag-pantone"],"yoast_head":"<!-- This site is optimized with the Yoast SEO plugin v24.9 - https:\/\/yoast.com\/wordpress\/plugins\/seo\/ -->\n<title>Ultimate Gray e Illuminating: Inspire-se com a cor Pantone 2021| Mobly<\/title>\n<meta name=\"description\" content=\"Cinza e amarelo v\u00e3o ser refer\u00eancia de decora\u00e7\u00e3o no ano que est\u00e1 come\u00e7ando, gra\u00e7as \u00e0 vivacidade e resili\u00eancia que representam. Hoje, voc\u00ea v\u00ea dicas de como inserir a cor Pantone 2021 nos ambientes da sua casa.\" \/>\n<meta name=\"robots\" content=\"index, follow, max-snippet:-1, max-image-preview:large, max-video-preview:-1\" \/>\n<link rel=\"canonical\" href=\"https:\/\/www.mobly.com.br\/blog\/inspiracoes\/cor-pantone-2021\/\" \/>\n<meta property=\"og:locale\" content=\"pt_BR\" \/>\n<meta property=\"og:type\" content=\"article\" \/>\n<meta property=\"og:title\" content=\"Ultimate Gray e Illuminating: Inspire-se com a cor Pantone 2021| Mobly\" \/>\n<meta property=\"og:description\" content=\"Cinza e amarelo v\u00e3o ser refer\u00eancia de decora\u00e7\u00e3o no ano que est\u00e1 come\u00e7ando, gra\u00e7as \u00e0 vivacidade e resili\u00eancia que representam. Hoje, voc\u00ea v\u00ea dicas de como inserir a cor Pantone 2021 nos ambientes da sua casa.\" \/>\n<meta property=\"og:url\" content=\"https:\/\/www.mobly.com.br\/blog\/inspiracoes\/cor-pantone-2021\/\" \/>\n<meta property=\"og:site_name\" content=\"Blog da Mobly\" \/>\n<meta property=\"article:published_time\" content=\"2021-01-11T11:00:30+00:00\" \/>\n<meta property=\"article:modified_time\" content=\"2021-01-11T14:38:32+00:00\" \/>\n<meta property=\"og:image\" content=\"https:\/\/blog.mobly.com.br\/wp-content\/uploads\/2021\/01\/cor-pantone-2021-leitura-amarelo-cinza.jpg\" \/>\n\t<meta property=\"og:image:width\" content=\"1000\" \/>\n\t<meta property=\"og:image:height\" content=\"690\" \/>\n\t<meta property=\"og:image:type\" content=\"image\/jpeg\" \/>\n<meta name=\"author\" content=\"G\u00e9ssica Gomes Fernandes\" \/>\n<meta name=\"twitter:card\" content=\"summary_large_image\" \/>\n<meta name=\"twitter:label1\" content=\"Escrito por\" \/>\n\t<meta name=\"twitter:data1\" content=\"G\u00e9ssica Gomes Fernandes\" \/>\n\t<meta name=\"twitter:label2\" content=\"Est. tempo de leitura\" \/>\n\t<meta name=\"twitter:data2\" content=\"3 minutos\" \/>\n<script type=\"application\/ld+json\" class=\"yoast-schema-graph\">{\"@context\":\"https:\/\/schema.org\",\"@graph\":[{\"@type\":\"WebPage\",\"@id\":\"https:\/\/www.mobly.com.br\/blog\/inspiracoes\/cor-pantone-2021\/\",\"url\":\"https:\/\/www.mobly.com.br\/blog\/inspiracoes\/cor-pantone-2021\/\",\"name\":\"Ultimate Gray e Illuminating: Inspire-se com a cor Pantone 2021| Mobly\",\"isPartOf\":{\"@id\":\"https:\/\/www.mobly.com.br\/blog\/#website\"},\"primaryImageOfPage\":{\"@id\":\"https:\/\/www.mobly.com.br\/blog\/inspiracoes\/cor-pantone-2021\/#primaryimage\"},\"image\":{\"@id\":\"https:\/\/www.mobly.com.br\/blog\/inspiracoes\/cor-pantone-2021\/#primaryimage\"},\"thumbnailUrl\":\"https:\/\/www.mobly.com.br\/blog\/wp-content\/uploads\/2021\/01\/cor-pantone-2021-leitura-amarelo-cinza.jpg\",\"datePublished\":\"2021-01-11T11:00:30+00:00\",\"dateModified\":\"2021-01-11T14:38:32+00:00\",\"author\":{\"@id\":\"https:\/\/www.mobly.com.br\/blog\/#\/schema\/person\/360c9883a874efa24ec82b567f7ebf40\"},\"description\":\"Cinza e amarelo v\u00e3o ser refer\u00eancia de decora\u00e7\u00e3o no ano que est\u00e1 come\u00e7ando, gra\u00e7as \u00e0 vivacidade e resili\u00eancia que representam. Hoje, voc\u00ea v\u00ea dicas de como inserir a cor Pantone 2021 nos ambientes da sua casa.\",\"breadcrumb\":{\"@id\":\"https:\/\/www.mobly.com.br\/blog\/inspiracoes\/cor-pantone-2021\/#breadcrumb\"},\"inLanguage\":\"pt-BR\",\"potentialAction\":[{\"@type\":\"ReadAction\",\"target\":[\"https:\/\/www.mobly.com.br\/blog\/inspiracoes\/cor-pantone-2021\/\"]}]},{\"@type\":\"ImageObject\",\"inLanguage\":\"pt-BR\",\"@id\":\"https:\/\/www.mobly.com.br\/blog\/inspiracoes\/cor-pantone-2021\/#primaryimage\",\"url\":\"https:\/\/www.mobly.com.br\/blog\/wp-content\/uploads\/2021\/01\/cor-pantone-2021-leitura-amarelo-cinza.jpg\",\"contentUrl\":\"https:\/\/www.mobly.com.br\/blog\/wp-content\/uploads\/2021\/01\/cor-pantone-2021-leitura-amarelo-cinza.jpg\",\"width\":\"1000\",\"height\":\"690\",\"caption\":\"cor-pantone-2021-leitura-amarelo-cinza\"},{\"@type\":\"BreadcrumbList\",\"@id\":\"https:\/\/www.mobly.com.br\/blog\/inspiracoes\/cor-pantone-2021\/#breadcrumb\",\"itemListElement\":[{\"@type\":\"ListItem\",\"position\":1,\"name\":\"Home\",\"item\":\"https:\/\/www.mobly.com.br\/blog\/\"},{\"@type\":\"ListItem\",\"position\":2,\"name\":\"Inspira\u00e7\u00f5es\",\"item\":\"https:\/\/www.mobly.com.br\/blog\/inspiracoes\/\"},{\"@type\":\"ListItem\",\"position\":3,\"name\":\"Ultimate Gray e Illuminating: Inspire-se com a cor Pantone 2021\"}]},{\"@type\":\"WebSite\",\"@id\":\"https:\/\/www.mobly.com.br\/blog\/#website\",\"url\":\"https:\/\/www.mobly.com.br\/blog\/\",\"name\":\"Blog da Mobly\",\"description\":\"Dicas de Decora\u00e7\u00e3o, Inspira\u00e7\u00f5es e Mais\",\"potentialAction\":[{\"@type\":\"SearchAction\",\"target\":{\"@type\":\"EntryPoint\",\"urlTemplate\":\"https:\/\/www.mobly.com.br\/blog\/?s={search_term_string}\"},\"query-input\":{\"@type\":\"PropertyValueSpecification\",\"valueRequired\":true,\"valueName\":\"search_term_string\"}}],\"inLanguage\":\"pt-BR\"},{\"@type\":\"Person\",\"@id\":\"https:\/\/www.mobly.com.br\/blog\/#\/schema\/person\/360c9883a874efa24ec82b567f7ebf40\",\"name\":\"G\u00e9ssica Gomes Fernandes\",\"image\":{\"@type\":\"ImageObject\",\"inLanguage\":\"pt-BR\",\"@id\":\"https:\/\/www.mobly.com.br\/blog\/#\/schema\/person\/image\/\",\"url\":\"https:\/\/secure.gravatar.com\/avatar\/8f313fe12005684496a3b0648947e2b3?s=96&d=mm&r=g\",\"contentUrl\":\"https:\/\/secure.gravatar.com\/avatar\/8f313fe12005684496a3b0648947e2b3?s=96&d=mm&r=g\",\"caption\":\"G\u00e9ssica Gomes Fernandes\"},\"url\":\"https:\/\/www.mobly.com.br\/blog\/author\/gessica-fernandes\/\"}]}<\/script>\n<!-- \/ Yoast SEO plugin. -->","yoast_head_json":{"title":"Ultimate Gray e Illuminating: Inspire-se com a cor Pantone 2021| Mobly","description":"Cinza e amarelo v\u00e3o ser refer\u00eancia de decora\u00e7\u00e3o no ano que est\u00e1 come\u00e7ando, gra\u00e7as \u00e0 vivacidade e resili\u00eancia que representam. Hoje, voc\u00ea v\u00ea dicas de como inserir a cor Pantone 2021 nos ambientes da sua casa.","robots":{"index":"index","follow":"follow","max-snippet":"max-snippet:-1","max-image-preview":"max-image-preview:large","max-video-preview":"max-video-preview:-1"},"canonical":"https:\/\/www.mobly.com.br\/blog\/inspiracoes\/cor-pantone-2021\/","og_locale":"pt_BR","og_type":"article","og_title":"Ultimate Gray e Illuminating: Inspire-se com a cor Pantone 2021| Mobly","og_description":"Cinza e amarelo v\u00e3o ser refer\u00eancia de decora\u00e7\u00e3o no ano que est\u00e1 come\u00e7ando, gra\u00e7as \u00e0 vivacidade e resili\u00eancia que representam. Hoje, voc\u00ea v\u00ea dicas de como inserir a cor Pantone 2021 nos ambientes da sua casa.","og_url":"https:\/\/www.mobly.com.br\/blog\/inspiracoes\/cor-pantone-2021\/","og_site_name":"Blog da Mobly","article_published_time":"2021-01-11T11:00:30+00:00","article_modified_time":"2021-01-11T14:38:32+00:00","og_image":[{"width":1000,"height":690,"url":"https:\/\/blog.mobly.com.br\/wp-content\/uploads\/2021\/01\/cor-pantone-2021-leitura-amarelo-cinza.jpg","type":"image\/jpeg"}],"author":"G\u00e9ssica Gomes Fernandes","twitter_card":"summary_large_image","twitter_misc":{"Escrito por":"G\u00e9ssica Gomes Fernandes","Est. tempo de leitura":"3 minutos"},"schema":{"@context":"https:\/\/schema.org","@graph":[{"@type":"WebPage","@id":"https:\/\/www.mobly.com.br\/blog\/inspiracoes\/cor-pantone-2021\/","url":"https:\/\/www.mobly.com.br\/blog\/inspiracoes\/cor-pantone-2021\/","name":"Ultimate Gray e Illuminating: Inspire-se com a cor Pantone 2021| Mobly","isPartOf":{"@id":"https:\/\/www.mobly.com.br\/blog\/#website"},"primaryImageOfPage":{"@id":"https:\/\/www.mobly.com.br\/blog\/inspiracoes\/cor-pantone-2021\/#primaryimage"},"image":{"@id":"https:\/\/www.mobly.com.br\/blog\/inspiracoes\/cor-pantone-2021\/#primaryimage"},"thumbnailUrl":"https:\/\/www.mobly.com.br\/blog\/wp-content\/uploads\/2021\/01\/cor-pantone-2021-leitura-amarelo-cinza.jpg","datePublished":"2021-01-11T11:00:30+00:00","dateModified":"2021-01-11T14:38:32+00:00","author":{"@id":"https:\/\/www.mobly.com.br\/blog\/#\/schema\/person\/360c9883a874efa24ec82b567f7ebf40"},"description":"Cinza e amarelo v\u00e3o ser refer\u00eancia de decora\u00e7\u00e3o no ano que est\u00e1 come\u00e7ando, gra\u00e7as \u00e0 vivacidade e resili\u00eancia que representam. Hoje, voc\u00ea v\u00ea dicas de como inserir a cor Pantone 2021 nos ambientes da sua casa.","breadcrumb":{"@id":"https:\/\/www.mobly.com.br\/blog\/inspiracoes\/cor-pantone-2021\/#breadcrumb"},"inLanguage":"pt-BR","potentialAction":[{"@type":"ReadAction","target":["https:\/\/www.mobly.com.br\/blog\/inspiracoes\/cor-pantone-2021\/"]}]},{"@type":"ImageObject","inLanguage":"pt-BR","@id":"https:\/\/www.mobly.com.br\/blog\/inspiracoes\/cor-pantone-2021\/#primaryimage","url":"https:\/\/www.mobly.com.br\/blog\/wp-content\/uploads\/2021\/01\/cor-pantone-2021-leitura-amarelo-cinza.jpg","contentUrl":"https:\/\/www.mobly.com.br\/blog\/wp-content\/uploads\/2021\/01\/cor-pantone-2021-leitura-amarelo-cinza.jpg","width":"1000","height":"690","caption":"cor-pantone-2021-leitura-amarelo-cinza"},{"@type":"BreadcrumbList","@id":"https:\/\/www.mobly.com.br\/blog\/inspiracoes\/cor-pantone-2021\/#breadcrumb","itemListElement":[{"@type":"ListItem","position":1,"name":"Home","item":"https:\/\/www.mobly.com.br\/blog\/"},{"@type":"ListItem","position":2,"name":"Inspira\u00e7\u00f5es","item":"https:\/\/www.mobly.com.br\/blog\/inspiracoes\/"},{"@type":"ListItem","position":3,"name":"Ultimate Gray e Illuminating: Inspire-se com a cor Pantone 2021"}]},{"@type":"WebSite","@id":"https:\/\/www.mobly.com.br\/blog\/#website","url":"https:\/\/www.mobly.com.br\/blog\/","name":"Blog da Mobly","description":"Dicas de Decora\u00e7\u00e3o, Inspira\u00e7\u00f5es e Mais","potentialAction":[{"@type":"SearchAction","target":{"@type":"EntryPoint","urlTemplate":"https:\/\/www.mobly.com.br\/blog\/?s={search_term_string}"},"query-input":{"@type":"PropertyValueSpecification","valueRequired":true,"valueName":"search_term_string"}}],"inLanguage":"pt-BR"},{"@type":"Person","@id":"https:\/\/www.mobly.com.br\/blog\/#\/schema\/person\/360c9883a874efa24ec82b567f7ebf40","name":"G\u00e9ssica Gomes Fernandes","image":{"@type":"ImageObject","inLanguage":"pt-BR","@id":"https:\/\/www.mobly.com.br\/blog\/#\/schema\/person\/image\/","url":"https:\/\/secure.gravatar.com\/avatar\/8f313fe12005684496a3b0648947e2b3?s=96&d=mm&r=g","contentUrl":"https:\/\/secure.gravatar.com\/avatar\/8f313fe12005684496a3b0648947e2b3?s=96&d=mm&r=g","caption":"G\u00e9ssica Gomes Fernandes"},"url":"https:\/\/www.mobly.com.br\/blog\/author\/gessica-fernandes\/"}]}},"_links":{"self":[{"href":"https:\/\/www.mobly.com.br\/blog\/wp-json\/wp\/v2\/posts\/14570","targetHints":{"allow":["GET"]}}],"collection":[{"href":"https:\/\/www.mobly.com.br\/blog\/wp-json\/wp\/v2\/posts"}],"about":[{"href":"https:\/\/www.mobly.com.br\/blog\/wp-json\/wp\/v2\/types\/post"}],"author":[{"embeddable":true,"href":"https:\/\/www.mobly.com.br\/blog\/wp-json\/wp\/v2\/users\/32"}],"replies":[{"embeddable":true,"href":"https:\/\/www.mobly.com.br\/blog\/wp-json\/wp\/v2\/comments?post=14570"}],"version-history":[{"count":7,"href":"https:\/\/www.mobly.com.br\/blog\/wp-json\/wp\/v2\/posts\/14570\/revisions"}],"predecessor-version":[{"id":14674,"href":"https:\/\/www.mobly.com.br\/blog\/wp-json\/wp\/v2\/posts\/14570\/revisions\/14674"}],"wp:featuredmedia":[{"embeddable":true,"href":"https:\/\/www.mobly.com.br\/blog\/wp-json\/wp\/v2\/media\/14585"}],"wp:attachment":[{"href":"https:\/\/www.mobly.com.br\/blog\/wp-json\/wp\/v2\/media?parent=14570"}],"wp:term":[{"taxonomy":"category","embeddable":true,"href":"https:\/\/www.mobly.com.br\/blog\/wp-json\/wp\/v2\/categories?post=14570"},{"taxonomy":"post_tag","embeddable":true,"href":"https:\/\/www.mobly.com.br\/blog\/wp-json\/wp\/v2\/tags?post=14570"}],"curies":[{"name":"wp","href":"https:\/\/api.w.org\/{rel}","templated":true}]}}