{"id":14510,"date":"2021-01-04T09:00:10","date_gmt":"2021-01-04T11:00:10","guid":{"rendered":"https:\/\/www.mobly.com.br\/blog\/?p=14510"},"modified":"2020-12-18T17:35:26","modified_gmt":"2020-12-18T19:35:26","slug":"colchao-decoracao-quarto","status":"publish","type":"post","link":"https:\/\/www.mobly.com.br\/blog\/dicas\/colchao-decoracao-quarto\/","title":{"rendered":"Decora\u00e7\u00e3o de quarto: conhe\u00e7a os 5 sinais de que est\u00e1 na hora de trocar o seu colch\u00e3o"},"content":{"rendered":"<p><span style=\"font-weight: 400;\">Sabia que nem todo o item de\u00a0<\/span><a href=\"https:\/\/www.vivadecora.com.br\/decoracao\/quarto\" target=\"_blank\" rel=\"noopener\"><span style=\"font-weight: 400;\">decora\u00e7\u00e3o de quarto<\/span><\/a><span style=\"font-weight: 400;\"> \u00e9 para sempre? Sabemos que voc\u00ea adora se jogar naquele colch\u00e3o fofinho da sua cama. Por\u00e9m, pode ser que esta pe\u00e7a n\u00e3o esteja mais na sua melhor condi\u00e7\u00e3o! Mas ser\u00e1 que chegou mesmo a hora de troc\u00e1-la? Neste texto lhe ensinamos a identificar todos os sinais! Confira!<\/span><\/p>\n<p>Clique nas imagens para mais informa\u00e7\u00f5es.<\/p>\n<p>Leia tamb\u00e9m:\u00a0<a href=\"https:\/\/www.mobly.com.br\/blog\/dicas\/como-limpar-colchao\/\/?utm_source=blog_texto&amp;utm_medium=social_blog&amp;utm_campaign=_20201218\" target=\"_blank\" rel=\"noopener\">Saiba como limpar colch\u00e3o com 5 t\u00e9cnicas infal\u00edveis<\/a><\/p>\n<p><a href=\"https:\/\/www.guldi.com.br\/\/?utm_source=blog_texto&amp;utm_medium=social_blog&amp;utm_campaign=_20201218\" target=\"_blank\" rel=\"noopener\">Conhe\u00e7a aqui o Guldi, a linha de colch\u00f5es de mola ensacada da Mobly.\u00a0<\/a><\/p>\n<p><a href=\"https:\/\/www.vivadecora.com.br\/foto\/165054\/guarda-roupa-espelhado\" target=\"_blank\" rel=\"noopener\"><img loading=\"lazy\" decoding=\"async\" class=\"alignnone size-full wp-image-14517 aligncenter\" src=\"https:\/\/blog.mobly.com.br\/wp-content\/uploads\/2021\/01\/6.jpg\" alt=\"trocar_o_seu_colch\u00e3o_6\" width=\"700\" height=\"479\" srcset=\"https:\/\/www.mobly.com.br\/blog\/wp-content\/uploads\/2021\/01\/6.jpg 700w, https:\/\/www.mobly.com.br\/blog\/wp-content\/uploads\/2021\/01\/6-300x205.jpg 300w\" sizes=\"auto, (max-width: 700px) 100vw, 700px\" \/><\/a><\/p>\n<p style=\"text-align: right;\"><a href=\"https:\/\/www.vivadecora.com.br\/oliveiraarquitetura\/projetos\" target=\"_blank\" rel=\"noopener\"><span style=\"font-weight: 400;\">Oliveira Arquitetura<\/span><\/a><\/p>\n<p>&nbsp;<\/p>\n<h2><span style=\"font-weight: 400;\">#1 Sinais visuais e sonoros<\/span><\/h2>\n<p><span style=\"font-weight: 400;\">Um <a href=\"https:\/\/www.mobly.com.br\/moveis\/colchoes\/\/?utm_source=blog_texto&amp;utm_medium=social_blog&amp;utm_campaign=_20201218\" target=\"_blank\" rel=\"noopener\">colch\u00e3o <\/a>com formato afundado, moldado de acordo com contorno do nosso corpo, n\u00e3o pode fazer bem. Tem casos que at\u00e9 o preenchimento se desloca! De repente, o desgaste do seu di\u00e2metro come\u00e7a a ficar vis\u00edvel. Sua camada externa fica deteriorada. E ele range com qualquer movimento do usu\u00e1rio. Isto acontece porque sua validade expirou \u2013 normalmente depois de 5 ou 10 anos de uso.<\/span><\/p>\n<p><a href=\"https:\/\/www.vivadecora.com.br\/foto\/220577\/parede-com-pintura-azul-e-tapete-com-estampas\" target=\"_blank\" rel=\"noopener\"><img loading=\"lazy\" decoding=\"async\" class=\"alignnone size-full wp-image-14519 aligncenter\" src=\"https:\/\/blog.mobly.com.br\/wp-content\/uploads\/2021\/01\/8.jpg\" alt=\"trocar_o_seu_colch\u00e3o_8\" width=\"700\" height=\"473\" srcset=\"https:\/\/www.mobly.com.br\/blog\/wp-content\/uploads\/2021\/01\/8.jpg 700w, https:\/\/www.mobly.com.br\/blog\/wp-content\/uploads\/2021\/01\/8-300x203.jpg 300w\" sizes=\"auto, (max-width: 700px) 100vw, 700px\" \/><\/a><\/p>\n<p style=\"text-align: right;\"><span style=\"font-weight: 400;\"><a href=\"https:\/\/www.vivadecora.com.br\/foto\/193945\/bandeiras-de-tecido-decorativas-e-tapete-amarelo\" target=\"_blank\" rel=\"noopener\">Revista Viva Decora<\/a>; e<\/span><a href=\"https:\/\/www.vivadecora.com.br\/fernandapecanha\/projetos\" target=\"_blank\" rel=\"noopener\"><span style=\"font-weight: 400;\"> Fernanda Pe\u00e7anha<\/span><\/a><\/p>\n<div id=\"metaslider-id-14522\" style=\"width: 100%; margin: 0 auto;\" class=\"ml-slider-3-27-0 metaslider metaslider-flex metaslider-14522 ml-slider slider-sku-padrao ml-slider-lightbox-1-12-0 lightbox-disabled\">\n    <div id=\"metaslider_container_14522\">\n        <div id=\"metaslider_14522\" class=\"flexslider\">\n            <ul aria-live=\"polite\" class=\"slides\">\n                <li style=\"display: none; width: 100%;\" class=\"slide-14533 ms-image\"><a href=\" https:\/\/www.mobly.com.br\/cama-box-casal-royale-com-colchao-casal-molas-ensacadas-bege-e-branca-658769.html\/?utm_source=blog_carrossel&amp;utm_medium=social_blog&amp;utm_campaign=_20201218\" target=\"_blank\"><img loading=\"lazy\" decoding=\"async\" src=\"https:\/\/www.mobly.com.br\/blog\/wp-content\/uploads\/2020\/12\/Montreal-Cama-Box-Casal-Royale-com-ColchC3A3o-Casal-Molas-Ensacadas-Bege-e-Branca-6673-967856-1-240x240.jpg\" height=\"240\" width=\"240\" alt=\"\" class=\"slider-14522 slide-14533\" title=\"Montreal-Cama-Box-Casal-Royale-com-ColchC3A3o-Casal-Molas-Ensacadas-Bege-e-Branca-6673-967856-1\" \/><\/a><div class=\"caption-wrap\"><div class=\"caption\">Cama Box Casal Royale com Colch\u00e3o Casal Molas Ensacadas<\/div><\/div><\/li>\n                <li style=\"display: none; width: 100%;\" class=\"slide-14536 ms-image\"><a href=\" https:\/\/www.mobly.com.br\/colchao-casal-de-espuma-d45-iso-18x138x188-marrom-579781.html\/?utm_source=blog_carrossel&amp;utm_medium=social_blog&amp;utm_campaign=_20201218\" target=\"_blank\"><img loading=\"lazy\" decoding=\"async\" src=\"https:\/\/www.mobly.com.br\/blog\/wp-content\/uploads\/2020\/12\/Ortobom-ColchC3A3o-Casal-de-Espuma-D45-Iso-2818x138x18829-Marrom-5122-187975-1-240x240.jpg\" height=\"240\" width=\"240\" alt=\"\" class=\"slider-14522 slide-14536\" title=\"Ortobom-ColchC3A3o-Casal-de-Espuma-D45-Iso-2818x138x18829-Marrom-5122-187975-1\" \/><\/a><div class=\"caption-wrap\"><div class=\"caption\">Colch\u00e3o Casal de Espuma D45 <\/div><\/div><\/li>\n                <li style=\"display: none; width: 100%;\" class=\"slide-14537 ms-image\"><a href=\" https:\/\/www.mobly.com.br\/colchao-infantil-baby-light-com-espuma-d18-12x70x130-branco-761713.html\/?utm_source=blog_carrossel&amp;utm_medium=social_blog&amp;utm_campaign=_20201218\" target=\"_blank\"><img loading=\"lazy\" decoding=\"async\" src=\"https:\/\/www.mobly.com.br\/blog\/wp-content\/uploads\/2020\/12\/Ortobom-ColchC3A3o-Infantil-Baby-Light-com-Espuma-D18-2812x70x13029-Branco-8060-317167-1-240x240.jpg\" height=\"240\" width=\"240\" alt=\"\" class=\"slider-14522 slide-14537\" title=\"Ortobom-ColchC3A3o-Infantil-Baby-Light-com-Espuma-D18-2812x70x13029-Branco-8060-317167-1\" \/><\/a><div class=\"caption-wrap\"><div class=\"caption\">Colch\u00e3o Infantil Baby Light<\/div><\/div><\/li>\n                <li style=\"display: none; width: 100%;\" class=\"slide-14534 ms-image\"><a href=\" https:\/\/www.mobly.com.br\/cama-box-queen-aquila-com-colchao-queen-molas-verticoil-bege-658735.html\/?utm_source=blog_carrossel&amp;utm_medium=social_blog&amp;utm_campaign=_20201218\" target=\"_blank\"><img loading=\"lazy\" decoding=\"async\" src=\"https:\/\/www.mobly.com.br\/blog\/wp-content\/uploads\/2020\/12\/Montreal-Cama-Box-Queen-C381quila-com-ColchC3A3o-Queen-Molas-VerticC3B3il-Bege-6600-537856-1-240x240.jpg\" height=\"240\" width=\"240\" alt=\"\" class=\"slider-14522 slide-14534\" title=\"Montreal-Cama-Box-Queen-C381quila-com-ColchC3A3o-Queen-Molas-VerticC3B3il-Bege-6600-537856-1\" \/><\/a><div class=\"caption-wrap\"><div class=\"caption\">Cama Box Queen \u00c1quila com Colch\u00e3o Queen Molas Vertic\u00f3il <\/div><\/div><\/li>\n                <li style=\"display: none; width: 100%;\" class=\"slide-14535 ms-image\"><a href=\"https:\/\/www.mobly.com.br\/colchao-solteiro-gemini-molas-ensacadas-26x78x188-grafite-e-branco-657095.html\/?utm_source=blog_carrossel&amp;utm_medium=social_blog&amp;utm_campaign=_20201218\" target=\"_blank\"><img loading=\"lazy\" decoding=\"async\" src=\"https:\/\/www.mobly.com.br\/blog\/wp-content\/uploads\/2020\/12\/Montreal-ColchC3A3o-Solteiro-Gemini-Molas-Ensacadas-2826x78x18829-Grafite-e-Branco-1303-590756-1-240x240.jpg\" height=\"240\" width=\"240\" alt=\"\" class=\"slider-14522 slide-14535\" title=\"Montreal-ColchC3A3o-Solteiro-Gemini-Molas-Ensacadas-2826x78x18829-Grafite-e-Branco-1303-590756-1\" \/><\/a><div class=\"caption-wrap\"><div class=\"caption\">Colch\u00e3o Solteiro Gemini <\/div><\/div><\/li>\n            <\/ul>\n        <\/div>\n        \n    <\/div>\n<\/div>\n<h2><span style=\"font-weight: 400;\">#2 Sinais t\u00e1teis<\/span><\/h2>\n<p><span style=\"font-weight: 400;\">Um colch\u00e3o muito velho come\u00e7a a ficar com partes estranhas, totalmente irregulares. S\u00f3 num simples toque j\u00e1 pode-se perceber a perda de firmeza da sua espuma. Al\u00e9m do aparecimento de manchas em seu tecido de camada externa, come\u00e7am a surgir tamb\u00e9m pequenas bolinhas, sinais de um desgaste extremo da pe\u00e7a.<\/span><\/p>\n<p><a href=\"https:\/\/www.vivadecora.com.br\/foto\/171317\/painel-de-madeira-com-tv\" target=\"_blank\" rel=\"noopener\"><img loading=\"lazy\" decoding=\"async\" class=\"alignnone size-full wp-image-14516 aligncenter\" src=\"https:\/\/blog.mobly.com.br\/wp-content\/uploads\/2021\/01\/5.jpg\" alt=\"trocar_o_seu_colch\u00e3o_5\" width=\"700\" height=\"466\" srcset=\"https:\/\/www.mobly.com.br\/blog\/wp-content\/uploads\/2021\/01\/5.jpg 700w, https:\/\/www.mobly.com.br\/blog\/wp-content\/uploads\/2021\/01\/5-300x200.jpg 300w\" sizes=\"auto, (max-width: 700px) 100vw, 700px\" \/><\/a><\/p>\n<p style=\"text-align: right;\"><span style=\"font-weight: 400;\">ACF Arquitetura<\/span><\/p>\n<h2><span style=\"font-weight: 400;\">#3 Sa\u00fade corporal<\/span><\/h2>\n<p><span style=\"font-weight: 400;\">A maioria das pessoas s\u00f3 percebe que o colch\u00e3o de sua cama est\u00e1 velho quando fica com a sua sa\u00fade debilitada. O sinal mais \u00f3bvio s\u00e3o as constantes dores nas costas. Mas tem vezes em que a pessoa apenas acorda cansada. Ela simplesmente n\u00e3o consegue dormir, n\u00e3o completa bem o ciclo; e sente press\u00e3o em v\u00e1rias partes do seu corpo ao longo do dia. De repente, desenvolve um quadro de alergia respirat\u00f3ria. Tudo isto por conta do seu colch\u00e3o!<\/span><\/p>\n<p><span style=\"font-weight: 400;\">Ao longo de sua vida \u00fatil, o colch\u00e3o pode ser exposto a v\u00e1rias condi\u00e7\u00f5es. Por exemplo, de umidade, calor excessivo, poeiras e pragas. Muitas dessas coisas podem provocar a deteriora\u00e7\u00e3o da pe\u00e7a. Em consequ\u00eancia, tudo isto afetar\u00e1 a sa\u00fade do usu\u00e1rio \u2013 por vezes de forma bastante grave. Assim sendo, muita aten\u00e7\u00e3o! Ao primeiro sinal desses sintomas, o colch\u00e3o dever\u00e1 ser jogado fora \u2013 nem mesmo podendo ser doado!<\/span><\/p>\n<p><a href=\"https:\/\/www.vivadecora.com.br\/foto\/225625\/parede-com-pintura-escura-e-poltrona-estofada\" target=\"_blank\" rel=\"noopener\"><img loading=\"lazy\" decoding=\"async\" class=\"alignnone size-full wp-image-14513 aligncenter\" src=\"https:\/\/blog.mobly.com.br\/wp-content\/uploads\/2021\/01\/2.jpg\" alt=\"trocar_o_seu_colch\u00e3o_2\" width=\"700\" height=\"466\" srcset=\"https:\/\/www.mobly.com.br\/blog\/wp-content\/uploads\/2021\/01\/2.jpg 700w, https:\/\/www.mobly.com.br\/blog\/wp-content\/uploads\/2021\/01\/2-300x200.jpg 300w\" sizes=\"auto, (max-width: 700px) 100vw, 700px\" \/><\/a><\/p>\n<p style=\"text-align: right;\"><span style=\"font-weight: 400;\">Meraki | Engenharia e Arquitetura<\/span><\/p>\n<p>&nbsp;<\/p>\n<p><a href=\"https:\/\/www.vivadecora.com.br\/foto\/151897\/quarto-de-casal-branco-com-pendente-de-lampada\" target=\"_blank\" rel=\"noopener\"><img loading=\"lazy\" decoding=\"async\" class=\"alignnone size-full wp-image-14518 aligncenter\" src=\"https:\/\/blog.mobly.com.br\/wp-content\/uploads\/2021\/01\/7.jpg\" alt=\"trocar_o_seu_colch\u00e3o_7\" width=\"700\" height=\"467\" srcset=\"https:\/\/www.mobly.com.br\/blog\/wp-content\/uploads\/2021\/01\/7.jpg 700w, https:\/\/www.mobly.com.br\/blog\/wp-content\/uploads\/2021\/01\/7-300x200.jpg 300w\" sizes=\"auto, (max-width: 700px) 100vw, 700px\" \/><\/a><\/p>\n<p style=\"text-align: right;\"><span style=\"font-weight: 400;\">MORAR MAIS POR MENOS GOI\u00c2NIA 2017<\/span><\/p>\n<div id=\"metaslider-id-14524\" style=\"width: 100%; margin: 0 auto;\" class=\"ml-slider-3-27-0 metaslider metaslider-flex metaslider-14524 ml-slider slider-sku-padrao ml-slider-lightbox-1-12-0 lightbox-disabled\">\n    <div id=\"metaslider_container_14524\">\n        <div id=\"metaslider_14524\" class=\"flexslider\">\n            <ul aria-live=\"polite\" class=\"slides\">\n                <li style=\"display: none; width: 100%;\" class=\"slide-14547 ms-image\"><a href=\" https:\/\/www.mobly.com.br\/colchao-solteiro-de-espuma-d45-iso-18x78x188-marrom-579778.html\/?utm_source=blog_carrossel&amp;utm_medium=social_blog&amp;utm_campaign=_20201218\" target=\"_blank\"><img loading=\"lazy\" decoding=\"async\" src=\"https:\/\/www.mobly.com.br\/blog\/wp-content\/uploads\/2020\/12\/Ortobom-ColchC3A3o-Solteiro-de-Espuma-D45-Iso-2818x78x18829-Marrom-5035-877975-1-240x240.jpg\" height=\"240\" width=\"240\" alt=\"\" class=\"slider-14524 slide-14547\" title=\"Ortobom-ColchC3A3o-Solteiro-de-Espuma-D45-Iso-2818x78x18829-Marrom-5035-877975-1\" \/><\/a><div class=\"caption-wrap\"><div class=\"caption\">Colch\u00e3o Solteiro de Espuma D45 Iso<\/div><\/div><\/li>\n                <li style=\"display: none; width: 100%;\" class=\"slide-14544 ms-image\"><a href=\" https:\/\/www.mobly.com.br\/base-para-cama-box-casal-premium-com-bau-45x138x188-corino-branca-533643.html\/?utm_source=blog_carrossel&amp;utm_medium=social_blog&amp;utm_campaign=_20201218\" target=\"_blank\"><img loading=\"lazy\" decoding=\"async\" src=\"https:\/\/www.mobly.com.br\/blog\/wp-content\/uploads\/2020\/12\/Mobly-Base-para-Cama-Box-Casal-Premium-com-BaC3BA-2845x138x18829-Corino-Branca-8347-346335-1-240x240.jpg\" height=\"240\" width=\"240\" alt=\"\" class=\"slider-14524 slide-14544\" title=\"Mobly-Base-para-Cama-Box-Casal-Premium-com-BaC3BA-2845x138x18829-Corino-Branca-8347-346335-1\" \/><\/a><div class=\"caption-wrap\"><div class=\"caption\">Base para Cama Box Casal Premium com Ba\u00fa<\/div><\/div><\/li>\n                <li style=\"display: none; width: 100%;\" class=\"slide-14545 ms-image\"><a href=\" https:\/\/www.mobly.com.br\/base-box-bipartido-queen-physical-branco-514732.html\/?utm_source=blog_carrossel&amp;utm_medium=social_blog&amp;utm_campaign=_20201218\" target=\"_blank\"><img loading=\"lazy\" decoding=\"async\" src=\"https:\/\/www.mobly.com.br\/blog\/wp-content\/uploads\/2020\/12\/Ortobom-Base-Box-Bipartido-Queen-Physical-Branco-2015-237415-1-240x240.jpg\" height=\"240\" width=\"240\" alt=\"\" class=\"slider-14524 slide-14545\" title=\"Ortobom-Base-Box-Bipartido-Queen-Physical-Branco-2015-237415-1\" \/><\/a><div class=\"caption-wrap\"><div class=\"caption\">Base Box Bipartido Queen Physical <\/div><\/div><\/li>\n                <li style=\"display: none; width: 100%;\" class=\"slide-14546 ms-image\"><a href=\" https:\/\/www.mobly.com.br\/cama-box-solteiro-conjugada-union-ortopedico-d28-preta-221995.html\/?utm_source=blog_carrossel&amp;utm_medium=social_blog&amp;utm_campaign=_20201218\" target=\"_blank\"><img loading=\"lazy\" decoding=\"async\" src=\"https:\/\/www.mobly.com.br\/blog\/wp-content\/uploads\/2020\/12\/Ortobom-Cama-Box-Solteiro-Conjugada-Union-OrtopC3A9dico-D28-Preta-9337-599122-1-240x240.jpg\" height=\"240\" width=\"240\" alt=\"\" class=\"slider-14524 slide-14546\" title=\"Ortobom-Cama-Box-Solteiro-Conjugada-Union-OrtopC3A9dico-D28-Preta-9337-599122-1\" \/><\/a><div class=\"caption-wrap\"><div class=\"caption\">Cama Box Solteiro Conjugada Union Ortop\u00e9dico D28<\/div><\/div><\/li>\n                <li style=\"display: none; width: 100%;\" class=\"slide-14543 ms-image\"><a href=\" https:\/\/www.mobly.com.br\/colchao-casal-mola-ensacada-guldi-firme-25x138x188-azul-e-branco-647067.html\/?utm_source=blog_carrossel&amp;utm_medium=social_blog&amp;utm_campaign=_20201218\" target=\"_blank\"><img loading=\"lazy\" decoding=\"async\" src=\"https:\/\/www.mobly.com.br\/blog\/wp-content\/uploads\/2020\/12\/Guldi-ColchC3A3o-Casal-Mola-Ensacada-Guldi-Firme-2825x138x18829-Azul-e-Branco-0237-760746-1-240x240.jpg\" height=\"240\" width=\"240\" alt=\"\" class=\"slider-14524 slide-14543\" title=\"Guldi-ColchC3A3o-Casal-Mola-Ensacada-Guldi-Firme-2825x138x18829-Azul-e-Branco-0237-760746-1\" \/><\/a><div class=\"caption-wrap\"><div class=\"caption\">Colch\u00e3o Casal Mola Ensacada Guldi Firme (25x138x188)<\/div><\/div><\/li>\n            <\/ul>\n        <\/div>\n        \n    <\/div>\n<\/div>\n<h2><span style=\"font-weight: 400;\">#4 Mudan\u00e7a tecnol\u00f3gica<\/span><\/h2>\n<p><span style=\"font-weight: 400;\">H\u00e1 muitas outras raz\u00f5es que fazem uma pessoa preferir trocar o seu colch\u00e3o \u2013 mesmo que ele ainda esteja dentro do prazo de validade e em boas condi\u00e7\u00f5es. Por exemplo, pode acontecer dela mudar a sua condi\u00e7\u00e3o f\u00edsica ao longo dos anos e assim, preferir buscar uma nova tecnologia, que a ajude a melhorar a sua sa\u00fade. Inclusive, j\u00e1 existem alguns <a href=\"https:\/\/www.guldi.com.br\/\/?utm_source=blog_texto&amp;utm_medium=social_blog&amp;utm_campaign=_20201218\" target=\"_blank\" rel=\"noopener\">modelos de colch\u00f5es que prometem atuar na articula\u00e7\u00e3o muscular e press\u00e3o sangu\u00ednea<\/a>.<\/span><\/p>\n<p><span style=\"font-weight: 400;\">Por\u00e9m, os especialistas alertam para falsas promessas de fabricantes! O m\u00e9dico Ricardo Costa Dias ressaltou, em reportagem de G1, que <\/span><b>&#8220;Sempre que voc\u00ea procurar um produto que tem a indica\u00e7\u00e3o terap\u00eautica, veja se existe um registro na Anvisa, porque para fazer esse registro voc\u00ea precisa de pesquisa cient\u00edfica e laudos t\u00e9cnicos, o que muitas vezes voc\u00ea n\u00e3o encontra nesse tipo de produto.\u201d<\/b><span style=\"font-weight: 400;\">.<\/span><\/p>\n<p>Leia tamb\u00e9m:\u00a0<a href=\"https:\/\/www.mobly.com.br\/blog\/inspiracoes\/13-maneiras-de-ter-uma-casa-sustentavel\/\/?utm_source=blog_texto&amp;utm_medium=social_blog&amp;utm_campaign=_20201218\" target=\"_blank\" rel=\"noopener\">13 Maneiras de ter uma casa sustent\u00e1vel gastando muito pouco<\/a><\/p>\n<p><a href=\"https:\/\/www.vivadecora.com.br\/revista\/cama-box\/\" target=\"_blank\" rel=\"noopener\"><img loading=\"lazy\" decoding=\"async\" class=\"alignnone size-full wp-image-14512 aligncenter\" src=\"https:\/\/blog.mobly.com.br\/wp-content\/uploads\/2021\/01\/1.jpg\" alt=\"trocar_o_seu_colch\u00e3o_1\" width=\"700\" height=\"465\" srcset=\"https:\/\/www.mobly.com.br\/blog\/wp-content\/uploads\/2021\/01\/1.jpg 700w, https:\/\/www.mobly.com.br\/blog\/wp-content\/uploads\/2021\/01\/1-300x199.jpg 300w\" sizes=\"auto, (max-width: 700px) 100vw, 700px\" \/><\/a><\/p>\n<p style=\"text-align: right;\"><span style=\"font-weight: 400;\">Rico Mendon\u00e7a<\/span><\/p>\n<h2><span style=\"font-weight: 400;\">#5 Decora\u00e7\u00e3o<\/span><\/h2>\n<p><span style=\"font-weight: 400;\">Por fim, tem mais duas coisas que podem te convencer, neste momento, a trocar o seu\u00a0 colch\u00e3o da <a href=\"https:\/\/www.mobly.com.br\/moveis\/camas-tradicionais\/\/?utm_source=blog_texto&amp;utm_medium=social_blog&amp;utm_campaign=_20201218\" target=\"_blank\" rel=\"noopener\">cama<\/a>. A primeira delas \u00e9 a busca por mais conforto! Os colch\u00f5es de mola \u2013 principalmente para cama box \u2013 s\u00e3o bem mais resistentes e adequadamente densos a v\u00e1rios perfis f\u00edsicos &#8211; isto em compara\u00e7\u00e3o aos colch\u00f5es tradicionais, de espuma e com menos espessura.<\/span><\/p>\n<p><span style=\"font-weight: 400;\">A segunda coisa \u00e9 a melhora da decora\u00e7\u00e3o de quarto. Uma cama mais alta, por exemplo, pode deixar o c\u00f4modo parecendo mais imponente e sofisticado. E algo que desvaloriza demais o visual do cen\u00e1rio da decora\u00e7\u00e3o de quarto \u00e9 quando a pe\u00e7a de colch\u00e3o \u00e9 muito menor ou muito maior que a base da cama ou estrado. A regra \u00e9 a seguinte: que essa medida n\u00e3o ultrapasse mais do que um dedo entre a borda externa do colch\u00e3o e a borda interna da cama!<\/span><\/p>\n<p><span style=\"font-weight: 400;\">Agora, \u00e0 partir de todas as dicas que lhe passamos, voc\u00ea provavelmente j\u00e1 ser\u00e1 capaz de avaliar as condi\u00e7\u00f5es do colch\u00e3o da sua cama. V\u00e1 at\u00e9 o seu quarto e identifique os sinais! Ent\u00e3o, responda: est\u00e1 ou n\u00e3o na hora de trocar a pe\u00e7a?<\/span><\/p>\n<p>Leia tamb\u00e9m:\u00a0<a href=\"https:\/\/www.mobly.com.br\/blog\/sem-categoria\/decoracao-com-nichos-e-prateleiras\/\/?utm_source=blog_texto&amp;utm_medium=social_blog&amp;utm_campaign=_20201218\" target=\"_blank\" rel=\"noopener\">Decora\u00e7\u00e3o com nichos e prateleiras: saiba tudo sobre o assunto<\/a><\/p>\n<p><a href=\"https:\/\/www.vivadecora.com.br\/foto\/24288\/ambiente-com-moveis-de-madeira-e-colcha-listrada\" target=\"_blank\" rel=\"noopener\"><img loading=\"lazy\" decoding=\"async\" class=\"alignnone size-full wp-image-14514 aligncenter\" src=\"https:\/\/blog.mobly.com.br\/wp-content\/uploads\/2021\/01\/3.jpg\" alt=\" trocar_o_seu_colch\u00e3o_3\" width=\"700\" height=\"472\" srcset=\"https:\/\/www.mobly.com.br\/blog\/wp-content\/uploads\/2021\/01\/3.jpg 700w, https:\/\/www.mobly.com.br\/blog\/wp-content\/uploads\/2021\/01\/3-300x202.jpg 300w\" sizes=\"auto, (max-width: 700px) 100vw, 700px\" \/><\/a><\/p>\n<p style=\"text-align: right;\"><span style=\"font-weight: 400;\">Cristina Barbara<\/span><\/p>\n<p>&nbsp;<\/p>\n<p><a href=\"https:\/\/www.vivadecora.com.br\/foto\/164638\/cama-com-gavetas-embutidas\" target=\"_blank\" rel=\"noopener\"><img loading=\"lazy\" decoding=\"async\" class=\"alignnone size-full wp-image-14515 aligncenter\" src=\"https:\/\/blog.mobly.com.br\/wp-content\/uploads\/2021\/01\/4.jpg\" alt=\" trocar_o_seu_colch\u00e3o_4\" width=\"700\" height=\"526\" srcset=\"https:\/\/www.mobly.com.br\/blog\/wp-content\/uploads\/2021\/01\/4.jpg 700w, https:\/\/www.mobly.com.br\/blog\/wp-content\/uploads\/2021\/01\/4-300x225.jpg 300w\" sizes=\"auto, (max-width: 700px) 100vw, 700px\" \/><\/a><\/p>\n<p style=\"text-align: right;\"><a href=\"https:\/\/www.vivadecora.com.br\/bordinsoares\/projetos\" target=\"_blank\" rel=\"noopener\"><span style=\"font-weight: 400;\">Bordin &amp; Soares<\/span><\/a><span style=\"font-weight: 400;\">; e<\/span><a href=\"https:\/\/www.vivadecora.com.br\/revistavd\/projetos\" target=\"_blank\" rel=\"noopener\"><span style=\"font-weight: 400;\"> Revista Viva Decora<\/span><\/a><\/p>\n<p>&nbsp;<\/p>\n<p><span style=\"font-weight: 400;\">Estas dicas de decora\u00e7\u00e3o de quarto foram criadas pela equipe <\/span><a href=\"https:\/\/www.vivadecora.com.br\/\" target=\"_blank\" rel=\"noopener\"><span style=\"font-weight: 400;\">Viva Decora<\/span><\/a><span style=\"font-weight: 400;\">.<\/span><\/p>\n<div id=\"metaslider-id-14526\" style=\"width: 100%; margin: 0 auto;\" class=\"ml-slider-3-27-0 metaslider metaslider-flex metaslider-14526 ml-slider slider-sku-padrao ml-slider-lightbox-1-12-0 lightbox-disabled\">\n    <div id=\"metaslider_container_14526\">\n        <div id=\"metaslider_14526\" class=\"flexslider\">\n            <ul aria-live=\"polite\" class=\"slides\">\n                <li style=\"display: none; width: 100%;\" class=\"slide-14556 ms-image\"><a href=\" https:\/\/www.mobly.com.br\/cama-box-casal-conjugada-unyco-d28-ortopedico-floral-e-preta-572156.html\/?utm_source=blog_carrossel&amp;utm_medium=social_blog&amp;utm_campaign=_20201218\" target=\"_blank\"><img loading=\"lazy\" decoding=\"async\" src=\"https:\/\/www.mobly.com.br\/blog\/wp-content\/uploads\/2020\/12\/Mobly-Cama-Box-Casal-Conjugada-Unyco-D28-OrtopC3A9dico-Floral-e-Preta-4747-651275-1-240x240.jpg\" height=\"240\" width=\"240\" alt=\"\" class=\"slider-14526 slide-14556\" title=\"Mobly-Cama-Box-Casal-Conjugada-Unyco-D28-OrtopC3A9dico-Floral-e-Preta-4747-651275-1\" \/><\/a><div class=\"caption-wrap\"><div class=\"caption\">Cama Box Casal Conjugada Unyco D28 Ortop\u00e9dico <\/div><\/div><\/li>\n                <li style=\"display: none; width: 100%;\" class=\"slide-14553 ms-image\"><a href=\" https:\/\/www.mobly.com.br\/colchao-casal-guldi-basics-16x138x188-branco-e-azul-768535.html\/?utm_source=blog_carrossel&amp;utm_medium=social_blog&amp;utm_campaign=_20201218\" target=\"_blank\"><img loading=\"lazy\" decoding=\"async\" src=\"https:\/\/www.mobly.com.br\/blog\/wp-content\/uploads\/2020\/12\/Guldi-ColchC3A3o-Casal-Guldi-Basics-2816x138x18829-Branco-e-Azul-2174-535867-1-240x240.jpg\" height=\"240\" width=\"240\" alt=\"\" class=\"slider-14526 slide-14553\" title=\"Guldi-ColchC3A3o-Casal-Guldi-Basics-2816x138x18829-Branco-e-Azul-2174-535867-1\" \/><\/a><div class=\"caption-wrap\"><div class=\"caption\">Colch\u00e3o Casal Guldi Basics<\/div><\/div><\/li>\n                <li style=\"display: none; width: 100%;\" class=\"slide-14554 ms-image\"><a href=\" https:\/\/www.mobly.com.br\/colchao-solteiro-mola-ensacada-guldi-firme-25x88x188-azul-e-branco-647065.html\/?utm_source=blog_carrossel&amp;utm_medium=social_blog&amp;utm_campaign=_20201218\" target=\"_blank\"><img loading=\"lazy\" decoding=\"async\" src=\"https:\/\/www.mobly.com.br\/blog\/wp-content\/uploads\/2020\/12\/Guldi-ColchC3A3o-Solteiro-Mola-Ensacada-Guldi-Firme-2825x88x18829-Azul-e-Branco-9833-560746-1-240x240.jpg\" height=\"240\" width=\"240\" alt=\"\" class=\"slider-14526 slide-14554\" title=\"Guldi-ColchC3A3o-Solteiro-Mola-Ensacada-Guldi-Firme-2825x88x18829-Azul-e-Branco-9833-560746-1\" \/><\/a><div class=\"caption-wrap\"><div class=\"caption\">Colch\u00e3o Solteiro Mola Ensacada Guldi Firme (25x88x188)<\/div><\/div><\/li>\n                <li style=\"display: none; width: 100%;\" class=\"slide-14557 ms-image\"><a href=\" https:\/\/www.mobly.com.br\/base-para-cama-box-solteiro-cori-i-cinza-491842.html\/?utm_source=blog_carrossel&amp;utm_medium=social_blog&amp;utm_campaign=_20201218\" target=\"_blank\"><img loading=\"lazy\" decoding=\"async\" src=\"https:\/\/www.mobly.com.br\/blog\/wp-content\/uploads\/2020\/12\/Ortobom-Base-para-Cama-Box-Solteiro-Cori-I-Cinza-0727-248194-1-240x240.jpg\" height=\"240\" width=\"240\" alt=\"\" class=\"slider-14526 slide-14557\" title=\"Ortobom-Base-para-Cama-Box-Solteiro-Cori-I-Cinza-0727-248194-1\" \/><\/a><div class=\"caption-wrap\"><div class=\"caption\">Base para Cama Box Solteiro Cori <\/div><\/div><\/li>\n                <li style=\"display: none; width: 100%;\" class=\"slide-14555 ms-image\"><a href=\"https:\/\/www.mobly.com.br\/base-para-cama-box-queen-premium-com-bau-suede-45x158x198-bege-533641.html\/?utm_source=blog_carrossel&amp;utm_medium=social_blog&amp;utm_campaign=_20201218\" target=\"_blank\"><img loading=\"lazy\" decoding=\"async\" src=\"https:\/\/www.mobly.com.br\/blog\/wp-content\/uploads\/2020\/12\/Mobly-Base-para-Cama-Box-Queen-Premium-com-BaC3BA-Suede-2845x158x19829-Bege-4073-146335-1-240x240.jpg\" height=\"240\" width=\"240\" alt=\"\" class=\"slider-14526 slide-14555\" title=\"Mobly-Base-para-Cama-Box-Queen-Premium-com-BaC3BA-Suede-2845x158x19829-Bege-4073-146335-1\" \/><\/a><div class=\"caption-wrap\"><div class=\"caption\">Base para Cama Box Queen Premium com Ba\u00fa <\/div><\/div><\/li>\n            <\/ul>\n        <\/div>\n        \n    <\/div>\n<\/div>\n<button class=\"simplefavorite-button has-count loading\" data-postid=\"14510\" data-siteid=\"1\" data-groupid=\"1\" data-favoritecount=\"0\" style=\"\">Carregando...<span class=\"sf-icon-spinner-wrapper\"><i class=\"sf-icon-spinner\"><\/i><\/span><\/button>","protected":false},"excerpt":{"rendered":"<p>Sabia que nem todo o item de\u00a0decora\u00e7\u00e3o de quarto \u00e9 para sempre? Sabemos que voc\u00ea adora se jogar naquele colch\u00e3o fofinho da sua cama. Por\u00e9m, pode ser que esta pe\u00e7a n\u00e3o esteja mais na sua melhor condi\u00e7\u00e3o! Mas ser\u00e1 que chegou mesmo a hora de troc\u00e1-la? Neste texto lhe ensinamos a identificar todos os sinais! Confira! Clique nas imagens para mais informa\u00e7\u00f5es. Leia tamb\u00e9m:\u00a0Saiba como limpar colch\u00e3o com 5 t\u00e9cnicas infal\u00edveis Conhe\u00e7a aqui o Guldi, a linha de colch\u00f5es de mola ensacada da Mobly.\u00a0 Oliveira Arquitetura &nbsp; #1 Sinais visuais e sonoros Um colch\u00e3o com formato afundado, moldado de acordo com contorno do nosso corpo, n\u00e3o pode fazer bem. Tem casos que at\u00e9 o preenchimento se desloca! De repente, o desgaste do seu di\u00e2metro come\u00e7a a ficar vis\u00edvel. Sua camada externa fica deteriorada. E ele range com qualquer movimento do usu\u00e1rio. Isto acontece porque sua validade expirou \u2013 normalmente depois de 5 ou 10 anos de uso. Revista Viva Decora; e Fernanda Pe\u00e7anha #2 Sinais t\u00e1teis Um colch\u00e3o muito velho come\u00e7a a ficar com partes estranhas, totalmente irregulares. S\u00f3 num simples toque j\u00e1 pode-se perceber a perda de firmeza da sua espuma. Al\u00e9m do aparecimento de manchas em seu tecido [&hellip;]<\/p>\n","protected":false},"author":9,"featured_media":14514,"comment_status":"open","ping_status":"open","sticky":false,"template":"","format":"standard","meta":{"extendify_custom_stylesheet":"","_mi_skip_tracking":false,"_monsterinsights_skip_tracking":false,"_monsterinsights_sitenote_active":false,"_monsterinsights_sitenote_note":"","_monsterinsights_sitenote_category":0,"footnotes":""},"categories":[10],"tags":[440,877,306,90],"class_list":["post-14510","post","type-post","status-publish","format-standard","has-post-thumbnail","hentry","category-dicas","tag-cama","tag-colchao","tag-decoracao","tag-quarto"],"yoast_head":"<!-- This site is optimized with the Yoast SEO plugin v24.9 - https:\/\/yoast.com\/wordpress\/plugins\/seo\/ -->\n<title>Decora\u00e7\u00e3o de quarto: 5 sinais para a troca do seu colch\u00e3o<\/title>\n<meta name=\"description\" content=\"Alguns elementos na decora\u00e7\u00e3o de quarto t\u00eam prazo de validade e um deles \u00e9 o colch\u00e3o. Saiba identificar quando \u00e9 hora de trocar esta pe\u00e7a!\" \/>\n<meta name=\"robots\" content=\"index, follow, max-snippet:-1, max-image-preview:large, max-video-preview:-1\" \/>\n<link rel=\"canonical\" href=\"https:\/\/www.mobly.com.br\/blog\/dicas\/colchao-decoracao-quarto\/\" \/>\n<meta property=\"og:locale\" content=\"pt_BR\" \/>\n<meta property=\"og:type\" content=\"article\" \/>\n<meta property=\"og:title\" content=\"Decora\u00e7\u00e3o de quarto: 5 sinais para a troca do seu colch\u00e3o\" \/>\n<meta property=\"og:description\" content=\"Alguns elementos na decora\u00e7\u00e3o de quarto t\u00eam prazo de validade e um deles \u00e9 o colch\u00e3o. Saiba identificar quando \u00e9 hora de trocar esta pe\u00e7a!\" \/>\n<meta property=\"og:url\" content=\"https:\/\/www.mobly.com.br\/blog\/dicas\/colchao-decoracao-quarto\/\" \/>\n<meta property=\"og:site_name\" content=\"Blog da Mobly\" \/>\n<meta property=\"article:published_time\" content=\"2021-01-04T11:00:10+00:00\" \/>\n<meta property=\"og:image\" content=\"https:\/\/blog.mobly.com.br\/wp-content\/uploads\/2021\/01\/3.jpg\" \/>\n\t<meta property=\"og:image:width\" content=\"700\" \/>\n\t<meta property=\"og:image:height\" content=\"472\" \/>\n\t<meta property=\"og:image:type\" content=\"image\/jpeg\" \/>\n<meta name=\"author\" content=\"Viva Decora\" \/>\n<meta name=\"twitter:card\" content=\"summary_large_image\" \/>\n<meta name=\"twitter:label1\" content=\"Escrito por\" \/>\n\t<meta name=\"twitter:data1\" content=\"Viva Decora\" \/>\n\t<meta name=\"twitter:label2\" content=\"Est. tempo de leitura\" \/>\n\t<meta name=\"twitter:data2\" content=\"4 minutos\" \/>\n<script type=\"application\/ld+json\" class=\"yoast-schema-graph\">{\"@context\":\"https:\/\/schema.org\",\"@graph\":[{\"@type\":\"WebPage\",\"@id\":\"https:\/\/www.mobly.com.br\/blog\/dicas\/colchao-decoracao-quarto\/\",\"url\":\"https:\/\/www.mobly.com.br\/blog\/dicas\/colchao-decoracao-quarto\/\",\"name\":\"Decora\u00e7\u00e3o de quarto: 5 sinais para a troca do seu colch\u00e3o\",\"isPartOf\":{\"@id\":\"https:\/\/www.mobly.com.br\/blog\/#website\"},\"primaryImageOfPage\":{\"@id\":\"https:\/\/www.mobly.com.br\/blog\/dicas\/colchao-decoracao-quarto\/#primaryimage\"},\"image\":{\"@id\":\"https:\/\/www.mobly.com.br\/blog\/dicas\/colchao-decoracao-quarto\/#primaryimage\"},\"thumbnailUrl\":\"https:\/\/www.mobly.com.br\/blog\/wp-content\/uploads\/2021\/01\/3.jpg\",\"datePublished\":\"2021-01-04T11:00:10+00:00\",\"author\":{\"@id\":\"https:\/\/www.mobly.com.br\/blog\/#\/schema\/person\/380e56c588e46bb14f2b2afb4d4ee1cb\"},\"description\":\"Alguns elementos na decora\u00e7\u00e3o de quarto t\u00eam prazo de validade e um deles \u00e9 o colch\u00e3o. Saiba identificar quando \u00e9 hora de trocar esta pe\u00e7a!\",\"breadcrumb\":{\"@id\":\"https:\/\/www.mobly.com.br\/blog\/dicas\/colchao-decoracao-quarto\/#breadcrumb\"},\"inLanguage\":\"pt-BR\",\"potentialAction\":[{\"@type\":\"ReadAction\",\"target\":[\"https:\/\/www.mobly.com.br\/blog\/dicas\/colchao-decoracao-quarto\/\"]}]},{\"@type\":\"ImageObject\",\"inLanguage\":\"pt-BR\",\"@id\":\"https:\/\/www.mobly.com.br\/blog\/dicas\/colchao-decoracao-quarto\/#primaryimage\",\"url\":\"https:\/\/www.mobly.com.br\/blog\/wp-content\/uploads\/2021\/01\/3.jpg\",\"contentUrl\":\"https:\/\/www.mobly.com.br\/blog\/wp-content\/uploads\/2021\/01\/3.jpg\",\"width\":\"700\",\"height\":\"472\",\"caption\":\"trocar_o_seu_colch\u00e3o_3\"},{\"@type\":\"BreadcrumbList\",\"@id\":\"https:\/\/www.mobly.com.br\/blog\/dicas\/colchao-decoracao-quarto\/#breadcrumb\",\"itemListElement\":[{\"@type\":\"ListItem\",\"position\":1,\"name\":\"Home\",\"item\":\"https:\/\/www.mobly.com.br\/blog\/\"},{\"@type\":\"ListItem\",\"position\":2,\"name\":\"Dicas\",\"item\":\"https:\/\/www.mobly.com.br\/blog\/dicas\/\"},{\"@type\":\"ListItem\",\"position\":3,\"name\":\"Decora\u00e7\u00e3o de quarto: conhe\u00e7a os 5 sinais de que est\u00e1 na hora de trocar o seu colch\u00e3o\"}]},{\"@type\":\"WebSite\",\"@id\":\"https:\/\/www.mobly.com.br\/blog\/#website\",\"url\":\"https:\/\/www.mobly.com.br\/blog\/\",\"name\":\"Blog da Mobly\",\"description\":\"Dicas de Decora\u00e7\u00e3o, Inspira\u00e7\u00f5es e Mais\",\"potentialAction\":[{\"@type\":\"SearchAction\",\"target\":{\"@type\":\"EntryPoint\",\"urlTemplate\":\"https:\/\/www.mobly.com.br\/blog\/?s={search_term_string}\"},\"query-input\":{\"@type\":\"PropertyValueSpecification\",\"valueRequired\":true,\"valueName\":\"search_term_string\"}}],\"inLanguage\":\"pt-BR\"},{\"@type\":\"Person\",\"@id\":\"https:\/\/www.mobly.com.br\/blog\/#\/schema\/person\/380e56c588e46bb14f2b2afb4d4ee1cb\",\"name\":\"Viva Decora\",\"image\":{\"@type\":\"ImageObject\",\"inLanguage\":\"pt-BR\",\"@id\":\"https:\/\/www.mobly.com.br\/blog\/#\/schema\/person\/image\/\",\"url\":\"https:\/\/secure.gravatar.com\/avatar\/737144cce1b354b839d06ce8cb6d90d4?s=96&d=mm&r=g\",\"contentUrl\":\"https:\/\/secure.gravatar.com\/avatar\/737144cce1b354b839d06ce8cb6d90d4?s=96&d=mm&r=g\",\"caption\":\"Viva Decora\"},\"description\":\"O Viva Decora \u00e9 uma plataforma que re\u00fane ideias de decora\u00e7\u00e3o, design de interiores e arquitetura em um s\u00f3 lugar. S\u00e3o milhares de fotos de ambientes projetados por profissionais, para inspirar quem quer criar o lar dos sonhos.\",\"url\":\"https:\/\/www.mobly.com.br\/blog\/author\/viva-decora\/\"}]}<\/script>\n<!-- \/ Yoast SEO plugin. -->","yoast_head_json":{"title":"Decora\u00e7\u00e3o de quarto: 5 sinais para a troca do seu colch\u00e3o","description":"Alguns elementos na decora\u00e7\u00e3o de quarto t\u00eam prazo de validade e um deles \u00e9 o colch\u00e3o. Saiba identificar quando \u00e9 hora de trocar esta pe\u00e7a!","robots":{"index":"index","follow":"follow","max-snippet":"max-snippet:-1","max-image-preview":"max-image-preview:large","max-video-preview":"max-video-preview:-1"},"canonical":"https:\/\/www.mobly.com.br\/blog\/dicas\/colchao-decoracao-quarto\/","og_locale":"pt_BR","og_type":"article","og_title":"Decora\u00e7\u00e3o de quarto: 5 sinais para a troca do seu colch\u00e3o","og_description":"Alguns elementos na decora\u00e7\u00e3o de quarto t\u00eam prazo de validade e um deles \u00e9 o colch\u00e3o. Saiba identificar quando \u00e9 hora de trocar esta pe\u00e7a!","og_url":"https:\/\/www.mobly.com.br\/blog\/dicas\/colchao-decoracao-quarto\/","og_site_name":"Blog da Mobly","article_published_time":"2021-01-04T11:00:10+00:00","og_image":[{"width":700,"height":472,"url":"https:\/\/blog.mobly.com.br\/wp-content\/uploads\/2021\/01\/3.jpg","type":"image\/jpeg"}],"author":"Viva Decora","twitter_card":"summary_large_image","twitter_misc":{"Escrito por":"Viva Decora","Est. tempo de leitura":"4 minutos"},"schema":{"@context":"https:\/\/schema.org","@graph":[{"@type":"WebPage","@id":"https:\/\/www.mobly.com.br\/blog\/dicas\/colchao-decoracao-quarto\/","url":"https:\/\/www.mobly.com.br\/blog\/dicas\/colchao-decoracao-quarto\/","name":"Decora\u00e7\u00e3o de quarto: 5 sinais para a troca do seu colch\u00e3o","isPartOf":{"@id":"https:\/\/www.mobly.com.br\/blog\/#website"},"primaryImageOfPage":{"@id":"https:\/\/www.mobly.com.br\/blog\/dicas\/colchao-decoracao-quarto\/#primaryimage"},"image":{"@id":"https:\/\/www.mobly.com.br\/blog\/dicas\/colchao-decoracao-quarto\/#primaryimage"},"thumbnailUrl":"https:\/\/www.mobly.com.br\/blog\/wp-content\/uploads\/2021\/01\/3.jpg","datePublished":"2021-01-04T11:00:10+00:00","author":{"@id":"https:\/\/www.mobly.com.br\/blog\/#\/schema\/person\/380e56c588e46bb14f2b2afb4d4ee1cb"},"description":"Alguns elementos na decora\u00e7\u00e3o de quarto t\u00eam prazo de validade e um deles \u00e9 o colch\u00e3o. Saiba identificar quando \u00e9 hora de trocar esta pe\u00e7a!","breadcrumb":{"@id":"https:\/\/www.mobly.com.br\/blog\/dicas\/colchao-decoracao-quarto\/#breadcrumb"},"inLanguage":"pt-BR","potentialAction":[{"@type":"ReadAction","target":["https:\/\/www.mobly.com.br\/blog\/dicas\/colchao-decoracao-quarto\/"]}]},{"@type":"ImageObject","inLanguage":"pt-BR","@id":"https:\/\/www.mobly.com.br\/blog\/dicas\/colchao-decoracao-quarto\/#primaryimage","url":"https:\/\/www.mobly.com.br\/blog\/wp-content\/uploads\/2021\/01\/3.jpg","contentUrl":"https:\/\/www.mobly.com.br\/blog\/wp-content\/uploads\/2021\/01\/3.jpg","width":"700","height":"472","caption":"trocar_o_seu_colch\u00e3o_3"},{"@type":"BreadcrumbList","@id":"https:\/\/www.mobly.com.br\/blog\/dicas\/colchao-decoracao-quarto\/#breadcrumb","itemListElement":[{"@type":"ListItem","position":1,"name":"Home","item":"https:\/\/www.mobly.com.br\/blog\/"},{"@type":"ListItem","position":2,"name":"Dicas","item":"https:\/\/www.mobly.com.br\/blog\/dicas\/"},{"@type":"ListItem","position":3,"name":"Decora\u00e7\u00e3o de quarto: conhe\u00e7a os 5 sinais de que est\u00e1 na hora de trocar o seu colch\u00e3o"}]},{"@type":"WebSite","@id":"https:\/\/www.mobly.com.br\/blog\/#website","url":"https:\/\/www.mobly.com.br\/blog\/","name":"Blog da Mobly","description":"Dicas de Decora\u00e7\u00e3o, Inspira\u00e7\u00f5es e Mais","potentialAction":[{"@type":"SearchAction","target":{"@type":"EntryPoint","urlTemplate":"https:\/\/www.mobly.com.br\/blog\/?s={search_term_string}"},"query-input":{"@type":"PropertyValueSpecification","valueRequired":true,"valueName":"search_term_string"}}],"inLanguage":"pt-BR"},{"@type":"Person","@id":"https:\/\/www.mobly.com.br\/blog\/#\/schema\/person\/380e56c588e46bb14f2b2afb4d4ee1cb","name":"Viva Decora","image":{"@type":"ImageObject","inLanguage":"pt-BR","@id":"https:\/\/www.mobly.com.br\/blog\/#\/schema\/person\/image\/","url":"https:\/\/secure.gravatar.com\/avatar\/737144cce1b354b839d06ce8cb6d90d4?s=96&d=mm&r=g","contentUrl":"https:\/\/secure.gravatar.com\/avatar\/737144cce1b354b839d06ce8cb6d90d4?s=96&d=mm&r=g","caption":"Viva Decora"},"description":"O Viva Decora \u00e9 uma plataforma que re\u00fane ideias de decora\u00e7\u00e3o, design de interiores e arquitetura em um s\u00f3 lugar. S\u00e3o milhares de fotos de ambientes projetados por profissionais, para inspirar quem quer criar o lar dos sonhos.","url":"https:\/\/www.mobly.com.br\/blog\/author\/viva-decora\/"}]}},"_links":{"self":[{"href":"https:\/\/www.mobly.com.br\/blog\/wp-json\/wp\/v2\/posts\/14510","targetHints":{"allow":["GET"]}}],"collection":[{"href":"https:\/\/www.mobly.com.br\/blog\/wp-json\/wp\/v2\/posts"}],"about":[{"href":"https:\/\/www.mobly.com.br\/blog\/wp-json\/wp\/v2\/types\/post"}],"author":[{"embeddable":true,"href":"https:\/\/www.mobly.com.br\/blog\/wp-json\/wp\/v2\/users\/9"}],"replies":[{"embeddable":true,"href":"https:\/\/www.mobly.com.br\/blog\/wp-json\/wp\/v2\/comments?post=14510"}],"version-history":[{"count":4,"href":"https:\/\/www.mobly.com.br\/blog\/wp-json\/wp\/v2\/posts\/14510\/revisions"}],"predecessor-version":[{"id":14558,"href":"https:\/\/www.mobly.com.br\/blog\/wp-json\/wp\/v2\/posts\/14510\/revisions\/14558"}],"wp:featuredmedia":[{"embeddable":true,"href":"https:\/\/www.mobly.com.br\/blog\/wp-json\/wp\/v2\/media\/14514"}],"wp:attachment":[{"href":"https:\/\/www.mobly.com.br\/blog\/wp-json\/wp\/v2\/media?parent=14510"}],"wp:term":[{"taxonomy":"category","embeddable":true,"href":"https:\/\/www.mobly.com.br\/blog\/wp-json\/wp\/v2\/categories?post=14510"},{"taxonomy":"post_tag","embeddable":true,"href":"https:\/\/www.mobly.com.br\/blog\/wp-json\/wp\/v2\/tags?post=14510"}],"curies":[{"name":"wp","href":"https:\/\/api.w.org\/{rel}","templated":true}]}}