{"id":14172,"date":"2020-12-10T09:00:00","date_gmt":"2020-12-10T11:00:00","guid":{"rendered":"https:\/\/www.mobly.com.br\/blog\/?p=14172"},"modified":"2020-12-09T19:27:42","modified_gmt":"2020-12-09T21:27:42","slug":"decoracao-com-nichos-e-prateleiras","status":"publish","type":"post","link":"https:\/\/www.mobly.com.br\/blog\/sem-categoria\/decoracao-com-nichos-e-prateleiras\/","title":{"rendered":"Decora\u00e7\u00e3o com nichos e prateleiras: saiba tudo sobre o assunto"},"content":{"rendered":"<p>Organiza\u00e7\u00e3o \u00e9 o ponto principal de qualquer decora\u00e7\u00e3o. Utilizar bem o espa\u00e7o e usar as pe\u00e7as certas garante ambientes bonitos e funcionais, tornando as tarefas do dia a dia mais pr\u00e1ticas.<\/p>\n<p>Neste momento, surge a <strong>decora\u00e7\u00e3o com nichos e prateleiras<\/strong> como uma op\u00e7\u00e3o para armazenar itens decorativos, livros e outros elementos com os quais voc\u00ea possui algum tipo de rela\u00e7\u00e3o afetiva, como porta-retratos e souvenirs.<\/p>\n<p>Al\u00e9m disso, uma decora\u00e7\u00e3o com prateleiras, quando feita da maneira correta, permite praticidade e economia de espa\u00e7os, podendo substituir arm\u00e1rios e estantes.<\/p>\n<p>O que \u00e9 importante saber \u00e9 que existem diversos modelos de nichos e prateleiras para sua decora\u00e7\u00e3o. D\u00e1 pra encontrar desde vers\u00f5es r\u00fasticas at\u00e9 outras mais modernas e b\u00e1sicas.<\/p>\n<p>Pensando nisso, vamos ensinar como fazer uma decora\u00e7\u00e3o com nichos e prateleiras em v\u00e1rios c\u00f4modos da casa. Confira mais sobre os modelos e fa\u00e7a sua escolha!<\/p>\n<p><img loading=\"lazy\" decoding=\"async\" class=\"alignnone size-full wp-image-14173\" src=\"https:\/\/blog.mobly.com.br\/wp-content\/uploads\/2020\/12\/FASE-50-9.jpg\" alt=\"\" width=\"1024\" height=\"1536\" srcset=\"https:\/\/www.mobly.com.br\/blog\/wp-content\/uploads\/2020\/12\/FASE-50-9.jpg 1024w, https:\/\/www.mobly.com.br\/blog\/wp-content\/uploads\/2020\/12\/FASE-50-9-200x300.jpg 200w, https:\/\/www.mobly.com.br\/blog\/wp-content\/uploads\/2020\/12\/FASE-50-9-768x1152.jpg 768w, https:\/\/www.mobly.com.br\/blog\/wp-content\/uploads\/2020\/12\/FASE-50-9-683x1024.jpg 683w\" sizes=\"auto, (max-width: 1024px) 100vw, 1024px\" \/><\/p>\n<h2>Decora\u00e7\u00e3o com prateleiras MDF<\/h2>\n<p>As prateleiras de MDF d\u00e3o um charme em qualquer decora\u00e7\u00e3o, n\u00e3o importa o c\u00f4modo. Al\u00e9m de serem mais baratas, essa op\u00e7\u00e3o veio para substituir a madeira nobre.<\/p>\n<p>A principal vantagem das prateleiras de MDF \u00e9 o custo mais baixo, al\u00e9m de ser f\u00e1cil de ser encontrada. Temos diversas op\u00e7\u00f5es no nosso site \u2013 voc\u00ea pode optar por seguir o acabamento tradicional ou o branco.<\/p>\n<p>Ah, e se quiser deixar os ambientes ainda mais aut\u00eanticos, a instala\u00e7\u00e3o pode ser embutida para dar ideia de prateleira infinita.<\/p>\n<p><img loading=\"lazy\" decoding=\"async\" class=\"alignnone size-full wp-image-14176\" src=\"https:\/\/blog.mobly.com.br\/wp-content\/uploads\/2020\/12\/WhatsApp-Image-2020-12-09-at-17.24.29.jpeg\" alt=\"\" width=\"1024\" height=\"691\" srcset=\"https:\/\/www.mobly.com.br\/blog\/wp-content\/uploads\/2020\/12\/WhatsApp-Image-2020-12-09-at-17.24.29.jpeg 1024w, https:\/\/www.mobly.com.br\/blog\/wp-content\/uploads\/2020\/12\/WhatsApp-Image-2020-12-09-at-17.24.29-300x203.jpeg 300w, https:\/\/www.mobly.com.br\/blog\/wp-content\/uploads\/2020\/12\/WhatsApp-Image-2020-12-09-at-17.24.29-768x518.jpeg 768w\" sizes=\"auto, (max-width: 1024px) 100vw, 1024px\" \/><\/p>\n<p><img loading=\"lazy\" decoding=\"async\" class=\"alignnone size-full wp-image-14190\" src=\"https:\/\/blog.mobly.com.br\/wp-content\/uploads\/2020\/12\/WhatsApp-Image-2020-12-09-at-17.43.30.jpeg\" alt=\"\" width=\"1024\" height=\"811\" srcset=\"https:\/\/www.mobly.com.br\/blog\/wp-content\/uploads\/2020\/12\/WhatsApp-Image-2020-12-09-at-17.43.30.jpeg 1024w, https:\/\/www.mobly.com.br\/blog\/wp-content\/uploads\/2020\/12\/WhatsApp-Image-2020-12-09-at-17.43.30-300x238.jpeg 300w, https:\/\/www.mobly.com.br\/blog\/wp-content\/uploads\/2020\/12\/WhatsApp-Image-2020-12-09-at-17.43.30-768x608.jpeg 768w\" sizes=\"auto, (max-width: 1024px) 100vw, 1024px\" \/><\/p>\n<div id=\"metaslider-id-14177\" style=\"width: 100%; margin: 0 auto;\" class=\"ml-slider-3-27-0 metaslider metaslider-flex metaslider-14177 ml-slider slider-sku-padrao ml-slider-lightbox-1-12-0 lightbox-disabled\">\n    <div id=\"metaslider_container_14177\">\n        <div id=\"metaslider_14177\" class=\"flexslider\">\n            <ul aria-live=\"polite\" class=\"slides\">\n                <li style=\"display: none; width: 100%;\" class=\"slide-14185 ms-image\"><a href=\"https:\/\/www.mobly.com.br\/prateleira-basic-preta-100x30-cm-775215.html\/?utm_source=blog_carrossel&amp;utm_medium=social_blog&amp;utm_campaign=_20201209\" target=\"_blank\"><img loading=\"lazy\" decoding=\"async\" src=\"https:\/\/www.mobly.com.br\/blog\/wp-content\/uploads\/2020\/12\/1-2-240x240.jpg\" height=\"240\" width=\"240\" alt=\"\" class=\"slider-14177 slide-14185\" title=\"1-2\" \/><\/a><div class=\"caption-wrap\"><div class=\"caption\">Prateleira Basic<\/div><\/div><\/li>\n                <li style=\"display: none; width: 100%;\" class=\"slide-14186 ms-image\"><a href=\"https:\/\/www.mobly.com.br\/prateleira-corp25-cinza-775800.html\/?utm_source=blog_carrossel&amp;utm_medium=social_blog&amp;utm_campaign=_20201209\" target=\"_blank\"><img loading=\"lazy\" decoding=\"async\" src=\"https:\/\/www.mobly.com.br\/blog\/wp-content\/uploads\/2020\/12\/1-3-240x240.jpg\" height=\"240\" width=\"240\" alt=\"\" class=\"slider-14177 slide-14186\" title=\"1-3\" \/><\/a><div class=\"caption-wrap\"><div class=\"caption\">Prateleira Corp25 Cinza<\/div><\/div><\/li>\n                <li style=\"display: none; width: 100%;\" class=\"slide-14188 ms-image\"><a href=\"https:\/\/www.mobly.com.br\/prateleira-corp25-ameixa-775802.html\/?utm_source=blog_carrossel&amp;utm_medium=social_blog&amp;utm_campaign=_20201209\" target=\"_blank\"><img loading=\"lazy\" decoding=\"async\" src=\"https:\/\/www.mobly.com.br\/blog\/wp-content\/uploads\/2020\/12\/1-5-240x240.jpg\" height=\"240\" width=\"240\" alt=\"\" class=\"slider-14177 slide-14188\" title=\"1-5\" \/><\/a><div class=\"caption-wrap\"><div class=\"caption\">Prateleira Corp25 Ameixa<\/div><\/div><\/li>\n                <li style=\"display: none; width: 100%;\" class=\"slide-14187 ms-image\"><a href=\"https:\/\/www.mobly.com.br\/prateleira-corp25-carvalho-mel-775803.html\/?utm_source=blog_carrossel&amp;utm_medium=social_blog&amp;utm_campaign=_20201209\" target=\"_blank\"><img loading=\"lazy\" decoding=\"async\" src=\"https:\/\/www.mobly.com.br\/blog\/wp-content\/uploads\/2020\/12\/1-4-240x240.jpg\" height=\"240\" width=\"240\" alt=\"\" class=\"slider-14177 slide-14187\" title=\"1-4\" \/><\/a><div class=\"caption-wrap\"><div class=\"caption\">Prateleira Corp25 Carvalho<\/div><\/div><\/li>\n                <li style=\"display: none; width: 100%;\" class=\"slide-14184 ms-image\"><a href=\"https:\/\/www.mobly.com.br\/prateleira-modern-branca-1-5x100x20-719002.html\/?utm_source=blog_carrossel&amp;utm_medium=social_blog&amp;utm_campaign=_20201209\" target=\"_blank\"><img loading=\"lazy\" decoding=\"async\" src=\"https:\/\/www.mobly.com.br\/blog\/wp-content\/uploads\/2020\/12\/1-1-240x240.jpg\" height=\"240\" width=\"240\" alt=\"\" class=\"slider-14177 slide-14184\" title=\"1-1\" \/><\/a><div class=\"caption-wrap\"><div class=\"caption\">Prateleira Modern<\/div><\/div><\/li>\n            <\/ul>\n        <\/div>\n        \n    <\/div>\n<\/div>\n<p>&nbsp;<\/p>\n<h2>Prateleiras suspensas<\/h2>\n<p>As prateleiras suspensas s\u00e3o bem bonitas para decorar alguma parede vazia da sua casa. Por exemplo: sabe aquela parede da sala de estar que d\u00e1 a impress\u00e3o de &#8220;falta alguma coisa&#8221;? Ent\u00e3o, esse espa\u00e7o pode ser valorizado com uma prateleira suspensa por corda, por exemplo.<\/p>\n<p>Esse modelo de prateleira combina bastante com quem tem um estilo de decora\u00e7\u00e3o boho \u2013 muitas fibras naturais e estampas ousadas. Voc\u00ea pode usar a prateleira suspensa para comportar vasinhos pequenos de plantas e flores.<\/p>\n<p><img loading=\"lazy\" decoding=\"async\" class=\"alignnone size-full wp-image-14189\" src=\"https:\/\/blog.mobly.com.br\/wp-content\/uploads\/2020\/12\/5c53503b18ab524c5cc8a6bf.jpg\" alt=\"\" width=\"960\" height=\"504\" srcset=\"https:\/\/www.mobly.com.br\/blog\/wp-content\/uploads\/2020\/12\/5c53503b18ab524c5cc8a6bf.jpg 960w, https:\/\/www.mobly.com.br\/blog\/wp-content\/uploads\/2020\/12\/5c53503b18ab524c5cc8a6bf-300x158.jpg 300w, https:\/\/www.mobly.com.br\/blog\/wp-content\/uploads\/2020\/12\/5c53503b18ab524c5cc8a6bf-768x403.jpg 768w\" sizes=\"auto, (max-width: 960px) 100vw, 960px\" \/><\/p>\n<div id=\"metaslider-id-14191\" style=\"width: 100%; margin: 0 auto;\" class=\"ml-slider-3-27-0 metaslider metaslider-flex metaslider-14191 ml-slider slider-sku-padrao ml-slider-lightbox-1-12-0 lightbox-disabled\">\n    <div id=\"metaslider_container_14191\">\n        <div id=\"metaslider_14191\" class=\"flexslider\">\n            <ul aria-live=\"polite\" class=\"slides\">\n                <li style=\"display: none; width: 100%;\" class=\"slide-14198 ms-image\"><a href=\"https:\/\/www.mobly.com.br\/prateleira-caceres-branca-465893.htmll\/?utm_source=blog_carrossel&amp;utm_medium=social_blog&amp;utm_campaign=_20201209\" target=\"_blank\"><img loading=\"lazy\" decoding=\"async\" src=\"https:\/\/www.mobly.com.br\/blog\/wp-content\/uploads\/2020\/12\/2-1-240x240.jpg\" height=\"240\" width=\"240\" alt=\"\" class=\"slider-14191 slide-14198\" title=\"2-1\" \/><\/a><div class=\"caption-wrap\"><div class=\"caption\">Prateleira C\u00e1ceres<\/div><\/div><\/li>\n                <li style=\"display: none; width: 100%;\" class=\"slide-14200 ms-image\"><a href=\"https:\/\/www.mobly.com.br\/prateleira-slide-castanho-e-branca-757075.html\/?utm_source=blog_carrossel&amp;utm_medium=social_blog&amp;utm_campaign=_20201209\" target=\"_blank\"><img loading=\"lazy\" decoding=\"async\" src=\"https:\/\/www.mobly.com.br\/blog\/wp-content\/uploads\/2020\/12\/2-3-240x240.jpg\" height=\"240\" width=\"240\" alt=\"\" class=\"slider-14191 slide-14200\" title=\"2-3\" \/><\/a><div class=\"caption-wrap\"><div class=\"caption\">Prateleira Slide Castanho<\/div><\/div><\/li>\n                <li style=\"display: none; width: 100%;\" class=\"slide-14201 ms-image\"><a href=\"https:\/\/www.mobly.com.br\/prateleira-slide-preta-757077.html\/?utm_source=blog_carrossel&amp;utm_medium=social_blog&amp;utm_campaign=_20201209\" target=\"_blank\"><img loading=\"lazy\" decoding=\"async\" src=\"https:\/\/www.mobly.com.br\/blog\/wp-content\/uploads\/2020\/12\/2-4-240x240.jpg\" height=\"240\" width=\"240\" alt=\"\" class=\"slider-14191 slide-14201\" title=\"2-4\" \/><\/a><div class=\"caption-wrap\"><div class=\"caption\">Prateleira Slide<\/div><\/div><\/li>\n                <li style=\"display: none; width: 100%;\" class=\"slide-14202 ms-image\"><a href=\"https:\/\/www.mobly.com.br\/prateleira-decorativa-com-corda-sisal-cora-b03-branco-lyam-decor-670517.html\/?utm_source=blog_carrossel&amp;utm_medium=social_blog&amp;utm_campaign=_20201209\" target=\"_blank\"><img loading=\"lazy\" decoding=\"async\" src=\"https:\/\/www.mobly.com.br\/blog\/wp-content\/uploads\/2020\/12\/2-5-240x240.jpg\" height=\"240\" width=\"240\" alt=\"\" class=\"slider-14191 slide-14202\" title=\"2-5\" \/><\/a><div class=\"caption-wrap\"><div class=\"caption\">Prateleira Decorativa com Corda Sisal Cora<\/div><\/div><\/li>\n                <li style=\"display: none; width: 100%;\" class=\"slide-14199 ms-image\"><a href=\"https:\/\/www.mobly.com.br\/prateleira-nature-iii-preta-651965.html\/?utm_source=blog_carrossel&amp;utm_medium=social_blog&amp;utm_campaign=_20201209\" target=\"_blank\"><img loading=\"lazy\" decoding=\"async\" src=\"https:\/\/www.mobly.com.br\/blog\/wp-content\/uploads\/2020\/12\/2-2-240x240.jpg\" height=\"240\" width=\"240\" alt=\"\" class=\"slider-14191 slide-14199\" title=\"2-2\" \/><\/a><div class=\"caption-wrap\"><div class=\"caption\">Prateleira Nature III<\/div><\/div><\/li>\n            <\/ul>\n        <\/div>\n        \n    <\/div>\n<\/div>\n<p>&nbsp;<\/p>\n<h2>Decora\u00e7\u00e3o de prateleiras infantis<\/h2>\n<p>Fazer uma decora\u00e7\u00e3o de prateleiras infantis no quarto das crian\u00e7as \u00e9 importante para manter o espa\u00e7o organizado. Afinal, todo pequeno gosta de brincar e espalhar as coisas por a\u00ed, n\u00e9?<\/p>\n<p>Os modelos de prateleiras infantis possuem bordas especiais para n\u00e3o machucar as crian\u00e7as. Aproveite para comportar livros e brinquedos com seguran\u00e7a. Vale a pena conferir os modelos de prateleiras com formas especiais, como nuvem.<\/p>\n<p><img loading=\"lazy\" decoding=\"async\" class=\"alignnone size-full wp-image-14203\" src=\"https:\/\/blog.mobly.com.br\/wp-content\/uploads\/2020\/12\/FOTO_1396v2.jpg\" alt=\"\" width=\"1024\" height=\"813\" srcset=\"https:\/\/www.mobly.com.br\/blog\/wp-content\/uploads\/2020\/12\/FOTO_1396v2.jpg 1024w, https:\/\/www.mobly.com.br\/blog\/wp-content\/uploads\/2020\/12\/FOTO_1396v2-300x238.jpg 300w, https:\/\/www.mobly.com.br\/blog\/wp-content\/uploads\/2020\/12\/FOTO_1396v2-768x610.jpg 768w\" sizes=\"auto, (max-width: 1024px) 100vw, 1024px\" \/><\/p>\n<h2>Prateleira escada<\/h2>\n<p>As prateleiras de escada agregam valor na decora\u00e7\u00e3o e, claro, auxiliam na organiza\u00e7\u00e3o de in\u00fameros objetos decorativos. Essa pe\u00e7a \u00fanica \u00e9 a op\u00e7\u00e3o certa para quem procura um visual cheio de personalidade, seja na sala de estar, seja na decora\u00e7\u00e3o de quarto.<\/p>\n<p>Ah, vale lembrar que existem modelos de prateleiras escada para colocar em \u00e1reas externas e sala gourmet com vasos de plantas e outros objetos de jardinagem que voc\u00ea goste.<\/p>\n<div id=\"metaslider-id-14204\" style=\"width: 100%; margin: 0 auto;\" class=\"ml-slider-3-27-0 metaslider metaslider-flex metaslider-14204 ml-slider slider-sku-padrao ml-slider-lightbox-1-12-0 lightbox-disabled\">\n    <div id=\"metaslider_container_14204\">\n        <div id=\"metaslider_14204\" class=\"flexslider\">\n            <ul aria-live=\"polite\" class=\"slides\">\n                <li style=\"display: none; width: 100%;\" class=\"slide-14213 ms-image\"><a href=\"https:\/\/www.mobly.com.br\/estante-escada-em-5-niveis-em-pinus-natural-153-x-90-x-33-cm-713565.html\/?utm_source=blog_carrossel&amp;utm_medium=social_blog&amp;utm_campaign=_20201209\" target=\"_blank\"><img loading=\"lazy\" decoding=\"async\" src=\"https:\/\/www.mobly.com.br\/blog\/wp-content\/uploads\/2020\/12\/3-3-240x240.jpg\" height=\"240\" width=\"240\" alt=\"\" class=\"slider-14204 slide-14213\" title=\"3-3\" \/><\/a><div class=\"caption-wrap\"><div class=\"caption\">Estante Escada em 5 Niveis<\/div><\/div><\/li>\n                <li style=\"display: none; width: 100%;\" class=\"slide-14212 ms-image\"><a href=\"https:\/\/www.mobly.com.br\/estante-escada-para-escritorio-home-office-marjory-grafite-madeira-macica-rustic-brown-gran-belo-768070.html\/?utm_source=blog_carrossel&amp;utm_medium=social_blog&amp;utm_campaign=_20201209\" target=\"_blank\"><img loading=\"lazy\" decoding=\"async\" src=\"https:\/\/www.mobly.com.br\/blog\/wp-content\/uploads\/2020\/12\/3-2-240x240.jpg\" height=\"240\" width=\"240\" alt=\"\" class=\"slider-14204 slide-14212\" title=\"3-2\" \/><\/a><div class=\"caption-wrap\"><div class=\"caption\">Estante Escada para Escrit\u00f3rio Home Office Marjory<\/div><\/div><\/li>\n                <li style=\"display: none; width: 100%;\" class=\"slide-14211 ms-image\"><a href=\"https:\/\/www.mobly.com.br\/estante-escada-para-livros-com-4-prateleiras-madesa-767471.html\/?utm_source=blog_carrossel&amp;utm_medium=social_blog&amp;utm_campaign=_20201209\" target=\"_blank\"><img loading=\"lazy\" decoding=\"async\" src=\"https:\/\/www.mobly.com.br\/blog\/wp-content\/uploads\/2020\/12\/3-1-240x240.jpg\" height=\"240\" width=\"240\" alt=\"\" class=\"slider-14204 slide-14211\" title=\"3-1\" \/><\/a><div class=\"caption-wrap\"><div class=\"caption\">Estante Escada para Livros<\/div><\/div><\/li>\n                <li style=\"display: none; width: 100%;\" class=\"slide-14215 ms-image\"><a href=\"https:\/\/www.mobly.com.br\/estante-escada-aquiles-3-prateleiras-jatoba-362103.html\/?utm_source=blog_carrossel&amp;utm_medium=social_blog&amp;utm_campaign=_20201209\" target=\"_blank\"><img loading=\"lazy\" decoding=\"async\" src=\"https:\/\/www.mobly.com.br\/blog\/wp-content\/uploads\/2020\/12\/3-5-240x240.jpg\" height=\"240\" width=\"240\" alt=\"\" class=\"slider-14204 slide-14215\" title=\"3-5\" \/><\/a><div class=\"caption-wrap\"><div class=\"caption\">Estante Escada Aquiles<\/div><\/div><\/li>\n                <li style=\"display: none; width: 100%;\" class=\"slide-14214 ms-image\"><a href=\"https:\/\/www.mobly.com.br\/estante-escada-em-3-niveis-em-pinus-natural-85-x-60-x-33-cm-713564.html\/?utm_source=blog_carrossel&amp;utm_medium=social_blog&amp;utm_campaign=_20201209\" target=\"_blank\"><img loading=\"lazy\" decoding=\"async\" src=\"https:\/\/www.mobly.com.br\/blog\/wp-content\/uploads\/2020\/12\/3-4-240x240.jpg\" height=\"240\" width=\"240\" alt=\"\" class=\"slider-14204 slide-14214\" title=\"3-4\" \/><\/a><div class=\"caption-wrap\"><div class=\"caption\">Estante Escada em 3 Niveis<\/div><\/div><\/li>\n            <\/ul>\n        <\/div>\n        \n    <\/div>\n<\/div>\n<p>&nbsp;<\/p>\n<h2>Nichos triangulares<\/h2>\n<p>Versatilidade \u00e9 com os nichos triangulares. Eles servem tanto para \u00e1reas internas como externas, podendo ser usados para comportar diferentes tipos de objetos. Essa op\u00e7\u00e3o de nicho permite criar variados estilos de decora\u00e7\u00e3o, tudo depende da ideia que voc\u00ea quer transmitir.<\/p>\n<p>Uma dica \u00e9 colocar os nichos em pontos estrat\u00e9gicos da d\u00e9cor, tanto de forma alinhada quanto irregular.<\/p>\n<p><img loading=\"lazy\" decoding=\"async\" class=\"alignnone size-full wp-image-14216\" src=\"https:\/\/blog.mobly.com.br\/wp-content\/uploads\/2020\/12\/5e21b6bba936143473d4a30b.jpg\" alt=\"\" width=\"960\" height=\"1280\" srcset=\"https:\/\/www.mobly.com.br\/blog\/wp-content\/uploads\/2020\/12\/5e21b6bba936143473d4a30b.jpg 960w, https:\/\/www.mobly.com.br\/blog\/wp-content\/uploads\/2020\/12\/5e21b6bba936143473d4a30b-225x300.jpg 225w, https:\/\/www.mobly.com.br\/blog\/wp-content\/uploads\/2020\/12\/5e21b6bba936143473d4a30b-768x1024.jpg 768w\" sizes=\"auto, (max-width: 960px) 100vw, 960px\" \/><\/p>\n<div id=\"metaslider-id-14217\" style=\"width: 100%; margin: 0 auto;\" class=\"ml-slider-3-27-0 metaslider metaslider-flex metaslider-14217 ml-slider slider-sku-padrao ml-slider-lightbox-1-12-0 lightbox-disabled\">\n    <div id=\"metaslider_container_14217\">\n        <div id=\"metaslider_14217\" class=\"flexslider\">\n            <ul aria-live=\"polite\" class=\"slides\">\n                <li style=\"display: none; width: 100%;\" class=\"slide-14227 ms-image\"><a href=\"https:\/\/www.mobly.com.br\/nicho-classic-marrom-713783.html\/?utm_source=blog_carrossel&amp;utm_medium=social_blog&amp;utm_campaign=_20201209\" target=\"_blank\"><img loading=\"lazy\" decoding=\"async\" src=\"https:\/\/www.mobly.com.br\/blog\/wp-content\/uploads\/2020\/12\/4-4-240x240.jpg\" height=\"240\" width=\"240\" alt=\"\" class=\"slider-14217 slide-14227\" title=\"4-4\" \/><\/a><div class=\"caption-wrap\"><div class=\"caption\">Nicho Classic <\/div><\/div><\/li>\n                <li style=\"display: none; width: 100%;\" class=\"slide-14220 ms-image\"><a href=\"https:\/\/www.mobly.com.br\/nicho-triangular-drei-preto-e-marrom-673550.html\/?utm_source=blog_carrossel&amp;utm_medium=social_blog&amp;utm_campaign=_20201209\" target=\"_blank\"><img loading=\"lazy\" decoding=\"async\" src=\"https:\/\/www.mobly.com.br\/blog\/wp-content\/uploads\/2020\/12\/4-1-240x240.jpg\" height=\"240\" width=\"240\" alt=\"\" class=\"slider-14217 slide-14220\" title=\"4-1\" \/><\/a><div class=\"caption-wrap\"><div class=\"caption\">Nicho Triangular Drei <\/div><\/div><\/li>\n                <li style=\"display: none; width: 100%;\" class=\"slide-14228 ms-image\"><a href=\"https:\/\/www.mobly.com.br\/conjunto-03-pecas-estilo-industrial-class-demolicao-preto-milani-store-784640.html\/?utm_source=blog_carrossel&amp;utm_medium=social_blog&amp;utm_campaign=_20201209\" target=\"_blank\"><img loading=\"lazy\" decoding=\"async\" src=\"https:\/\/www.mobly.com.br\/blog\/wp-content\/uploads\/2020\/12\/4-5-240x240.jpg\" height=\"240\" width=\"240\" alt=\"\" class=\"slider-14217 slide-14228\" title=\"4-5\" \/><\/a><div class=\"caption-wrap\"><div class=\"caption\">Conjunto 03 Pe\u00e7as Estilo Industrial Class<\/div><\/div><\/li>\n                <li style=\"display: none; width: 100%;\" class=\"slide-14222 ms-image\"><a href=\"https:\/\/www.mobly.com.br\/nicho-redondo-katarine-marrom-542110.html\/?utm_source=blog_carrossel&amp;utm_medium=social_blog&amp;utm_campaign=_20201209\" target=\"_blank\"><img loading=\"lazy\" decoding=\"async\" src=\"https:\/\/www.mobly.com.br\/blog\/wp-content\/uploads\/2020\/12\/4-2-240x240.jpg\" height=\"240\" width=\"240\" alt=\"\" class=\"slider-14217 slide-14222\" title=\"4-2\" \/><\/a><div class=\"caption-wrap\"><div class=\"caption\">Nicho Redondo Katarine<\/div><\/div><\/li>\n                <li style=\"display: none; width: 100%;\" class=\"slide-14226 ms-image\"><a href=\"https:\/\/www.mobly.com.br\/nicho-com-3-prateleiras-basic-i-preto-713772.html\/?utm_source=blog_carrossel&amp;utm_medium=social_blog&amp;utm_campaign=_20201209\" target=\"_blank\"><img loading=\"lazy\" decoding=\"async\" src=\"https:\/\/www.mobly.com.br\/blog\/wp-content\/uploads\/2020\/12\/4-3-240x240.jpg\" height=\"240\" width=\"240\" alt=\"\" class=\"slider-14217 slide-14226\" title=\"4-3\" \/><\/a><div class=\"caption-wrap\"><div class=\"caption\">Nicho com 3 Prateleiras Basic<\/div><\/div><\/li>\n            <\/ul>\n        <\/div>\n        \n    <\/div>\n<\/div>\n<p>&nbsp;<\/p>\n<h2>Nichos aramados<\/h2>\n<p>Outra op\u00e7\u00e3o bem moderna para sua casa! Os nichos aramados s\u00e3o f\u00e1ceis de limpar e combinam com a maioria dos espa\u00e7os, principalmente o escrit\u00f3rio. O toque do arame \u00e9 perfeito para criar uma composi\u00e7\u00e3o industrial e r\u00fastica.<\/p>\n<p>Gostou das nossas dicas de <strong>decora\u00e7\u00e3o com nichos e prateleiras<\/strong>? Aproveite para ler o conte\u00fado que ensina como fazer parede geom\u00e9trica de maneira f\u00e1cil e r\u00e1pida. Temos \u00f3timas ideias para voc\u00ea desenvolver em casa!<\/p>\n<p>Gostou do post? Deixe seu coment\u00e1rio!<\/p>\n<button class=\"simplefavorite-button has-count loading\" data-postid=\"14172\" data-siteid=\"1\" data-groupid=\"1\" data-favoritecount=\"3\" style=\"\">Carregando...<span class=\"sf-icon-spinner-wrapper\"><i class=\"sf-icon-spinner\"><\/i><\/span><\/button>","protected":false},"excerpt":{"rendered":"<p>Organiza\u00e7\u00e3o \u00e9 o ponto principal de qualquer decora\u00e7\u00e3o. Utilizar bem o espa\u00e7o e usar as pe\u00e7as certas garante ambientes bonitos e funcionais, tornando as tarefas do dia a dia mais pr\u00e1ticas. Neste momento, surge a decora\u00e7\u00e3o com nichos e prateleiras como uma op\u00e7\u00e3o para armazenar itens decorativos, livros e outros elementos com os quais voc\u00ea possui algum tipo de rela\u00e7\u00e3o afetiva, como porta-retratos e souvenirs. Al\u00e9m disso, uma decora\u00e7\u00e3o com prateleiras, quando feita da maneira correta, permite praticidade e economia de espa\u00e7os, podendo substituir arm\u00e1rios e estantes. O que \u00e9 importante saber \u00e9 que existem diversos modelos de nichos e prateleiras para sua decora\u00e7\u00e3o. D\u00e1 pra encontrar desde vers\u00f5es r\u00fasticas at\u00e9 outras mais modernas e b\u00e1sicas. Pensando nisso, vamos ensinar como fazer uma decora\u00e7\u00e3o com nichos e prateleiras em v\u00e1rios c\u00f4modos da casa. Confira mais sobre os modelos e fa\u00e7a sua escolha! Decora\u00e7\u00e3o com prateleiras MDF As prateleiras de MDF d\u00e3o um charme em qualquer decora\u00e7\u00e3o, n\u00e3o importa o c\u00f4modo. Al\u00e9m de serem mais baratas, essa op\u00e7\u00e3o veio para substituir a madeira nobre. A principal vantagem das prateleiras de MDF \u00e9 o custo mais baixo, al\u00e9m de ser f\u00e1cil de ser encontrada. Temos diversas op\u00e7\u00f5es no nosso site \u2013 voc\u00ea [&hellip;]<\/p>\n","protected":false},"author":29,"featured_media":14176,"comment_status":"open","ping_status":"open","sticky":false,"template":"","format":"standard","meta":{"extendify_custom_stylesheet":"","_mi_skip_tracking":false,"_monsterinsights_skip_tracking":false,"_monsterinsights_sitenote_active":false,"_monsterinsights_sitenote_note":"","_monsterinsights_sitenote_category":0,"footnotes":""},"categories":[11,1],"tags":[907],"class_list":["post-14172","post","type-post","status-publish","format-standard","has-post-thumbnail","hentry","category-inspiracoes","category-sem-categoria","tag-nichos-prateleiras"],"yoast_head":"<!-- This site is optimized with the Yoast SEO plugin v24.9 - https:\/\/yoast.com\/wordpress\/plugins\/seo\/ -->\n<title>Decora\u00e7\u00e3o com nichos e prateleiras: X modelos para voc\u00ea se inspirar<\/title>\n<meta name=\"description\" content=\"Saiba como fazer uma decora\u00e7\u00e3o com nichos e prateleiras em casa para deixar tudo mais organizado e bonito.\" \/>\n<meta name=\"robots\" content=\"index, follow, max-snippet:-1, max-image-preview:large, max-video-preview:-1\" \/>\n<link rel=\"canonical\" href=\"https:\/\/www.mobly.com.br\/blog\/sem-categoria\/decoracao-com-nichos-e-prateleiras\/\" \/>\n<meta property=\"og:locale\" content=\"pt_BR\" \/>\n<meta property=\"og:type\" content=\"article\" \/>\n<meta property=\"og:title\" content=\"Decora\u00e7\u00e3o com nichos e prateleiras: X modelos para voc\u00ea se inspirar\" \/>\n<meta property=\"og:description\" content=\"Saiba como fazer uma decora\u00e7\u00e3o com nichos e prateleiras em casa para deixar tudo mais organizado e bonito.\" \/>\n<meta property=\"og:url\" content=\"https:\/\/www.mobly.com.br\/blog\/sem-categoria\/decoracao-com-nichos-e-prateleiras\/\" \/>\n<meta property=\"og:site_name\" content=\"Blog da Mobly\" \/>\n<meta property=\"article:published_time\" content=\"2020-12-10T11:00:00+00:00\" \/>\n<meta property=\"og:image\" content=\"https:\/\/blog.mobly.com.br\/wp-content\/uploads\/2020\/12\/WhatsApp-Image-2020-12-09-at-17.24.29.jpeg\" \/>\n\t<meta property=\"og:image:width\" content=\"1024\" \/>\n\t<meta property=\"og:image:height\" content=\"691\" \/>\n\t<meta property=\"og:image:type\" content=\"image\/jpeg\" \/>\n<meta name=\"author\" content=\"Matheus Augusto de Albuquerque\" \/>\n<meta name=\"twitter:card\" content=\"summary_large_image\" \/>\n<meta name=\"twitter:label1\" content=\"Escrito por\" \/>\n\t<meta name=\"twitter:data1\" content=\"Matheus Augusto de Albuquerque\" \/>\n\t<meta name=\"twitter:label2\" content=\"Est. tempo de leitura\" \/>\n\t<meta name=\"twitter:data2\" content=\"3 minutos\" \/>\n<script type=\"application\/ld+json\" class=\"yoast-schema-graph\">{\"@context\":\"https:\/\/schema.org\",\"@graph\":[{\"@type\":\"WebPage\",\"@id\":\"https:\/\/www.mobly.com.br\/blog\/sem-categoria\/decoracao-com-nichos-e-prateleiras\/\",\"url\":\"https:\/\/www.mobly.com.br\/blog\/sem-categoria\/decoracao-com-nichos-e-prateleiras\/\",\"name\":\"Decora\u00e7\u00e3o com nichos e prateleiras: X modelos para voc\u00ea se inspirar\",\"isPartOf\":{\"@id\":\"https:\/\/www.mobly.com.br\/blog\/#website\"},\"primaryImageOfPage\":{\"@id\":\"https:\/\/www.mobly.com.br\/blog\/sem-categoria\/decoracao-com-nichos-e-prateleiras\/#primaryimage\"},\"image\":{\"@id\":\"https:\/\/www.mobly.com.br\/blog\/sem-categoria\/decoracao-com-nichos-e-prateleiras\/#primaryimage\"},\"thumbnailUrl\":\"https:\/\/www.mobly.com.br\/blog\/wp-content\/uploads\/2020\/12\/WhatsApp-Image-2020-12-09-at-17.24.29.jpeg\",\"datePublished\":\"2020-12-10T11:00:00+00:00\",\"author\":{\"@id\":\"https:\/\/www.mobly.com.br\/blog\/#\/schema\/person\/ba846b13584e389d8ab81feba400a7f5\"},\"description\":\"Saiba como fazer uma decora\u00e7\u00e3o com nichos e prateleiras em casa para deixar tudo mais organizado e bonito.\",\"breadcrumb\":{\"@id\":\"https:\/\/www.mobly.com.br\/blog\/sem-categoria\/decoracao-com-nichos-e-prateleiras\/#breadcrumb\"},\"inLanguage\":\"pt-BR\",\"potentialAction\":[{\"@type\":\"ReadAction\",\"target\":[\"https:\/\/www.mobly.com.br\/blog\/sem-categoria\/decoracao-com-nichos-e-prateleiras\/\"]}]},{\"@type\":\"ImageObject\",\"inLanguage\":\"pt-BR\",\"@id\":\"https:\/\/www.mobly.com.br\/blog\/sem-categoria\/decoracao-com-nichos-e-prateleiras\/#primaryimage\",\"url\":\"https:\/\/www.mobly.com.br\/blog\/wp-content\/uploads\/2020\/12\/WhatsApp-Image-2020-12-09-at-17.24.29.jpeg\",\"contentUrl\":\"https:\/\/www.mobly.com.br\/blog\/wp-content\/uploads\/2020\/12\/WhatsApp-Image-2020-12-09-at-17.24.29.jpeg\",\"width\":1024,\"height\":691},{\"@type\":\"BreadcrumbList\",\"@id\":\"https:\/\/www.mobly.com.br\/blog\/sem-categoria\/decoracao-com-nichos-e-prateleiras\/#breadcrumb\",\"itemListElement\":[{\"@type\":\"ListItem\",\"position\":1,\"name\":\"Home\",\"item\":\"https:\/\/www.mobly.com.br\/blog\/\"},{\"@type\":\"ListItem\",\"position\":2,\"name\":\"Sem categoria\",\"item\":\"https:\/\/www.mobly.com.br\/blog\/sem-categoria\/\"},{\"@type\":\"ListItem\",\"position\":3,\"name\":\"Decora\u00e7\u00e3o com nichos e prateleiras: saiba tudo sobre o assunto\"}]},{\"@type\":\"WebSite\",\"@id\":\"https:\/\/www.mobly.com.br\/blog\/#website\",\"url\":\"https:\/\/www.mobly.com.br\/blog\/\",\"name\":\"Blog da Mobly\",\"description\":\"Dicas de Decora\u00e7\u00e3o, Inspira\u00e7\u00f5es e Mais\",\"potentialAction\":[{\"@type\":\"SearchAction\",\"target\":{\"@type\":\"EntryPoint\",\"urlTemplate\":\"https:\/\/www.mobly.com.br\/blog\/?s={search_term_string}\"},\"query-input\":{\"@type\":\"PropertyValueSpecification\",\"valueRequired\":true,\"valueName\":\"search_term_string\"}}],\"inLanguage\":\"pt-BR\"},{\"@type\":\"Person\",\"@id\":\"https:\/\/www.mobly.com.br\/blog\/#\/schema\/person\/ba846b13584e389d8ab81feba400a7f5\",\"name\":\"Matheus Augusto de Albuquerque\",\"image\":{\"@type\":\"ImageObject\",\"inLanguage\":\"pt-BR\",\"@id\":\"https:\/\/www.mobly.com.br\/blog\/#\/schema\/person\/image\/\",\"url\":\"https:\/\/secure.gravatar.com\/avatar\/36d94c15f344cc57ec1d2095798b12e2?s=96&d=mm&r=g\",\"contentUrl\":\"https:\/\/secure.gravatar.com\/avatar\/36d94c15f344cc57ec1d2095798b12e2?s=96&d=mm&r=g\",\"caption\":\"Matheus Augusto de Albuquerque\"},\"url\":\"https:\/\/www.mobly.com.br\/blog\/author\/matheus-albuquerque\/\"}]}<\/script>\n<!-- \/ Yoast SEO plugin. -->","yoast_head_json":{"title":"Decora\u00e7\u00e3o com nichos e prateleiras: X modelos para voc\u00ea se inspirar","description":"Saiba como fazer uma decora\u00e7\u00e3o com nichos e prateleiras em casa para deixar tudo mais organizado e bonito.","robots":{"index":"index","follow":"follow","max-snippet":"max-snippet:-1","max-image-preview":"max-image-preview:large","max-video-preview":"max-video-preview:-1"},"canonical":"https:\/\/www.mobly.com.br\/blog\/sem-categoria\/decoracao-com-nichos-e-prateleiras\/","og_locale":"pt_BR","og_type":"article","og_title":"Decora\u00e7\u00e3o com nichos e prateleiras: X modelos para voc\u00ea se inspirar","og_description":"Saiba como fazer uma decora\u00e7\u00e3o com nichos e prateleiras em casa para deixar tudo mais organizado e bonito.","og_url":"https:\/\/www.mobly.com.br\/blog\/sem-categoria\/decoracao-com-nichos-e-prateleiras\/","og_site_name":"Blog da Mobly","article_published_time":"2020-12-10T11:00:00+00:00","og_image":[{"width":1024,"height":691,"url":"https:\/\/blog.mobly.com.br\/wp-content\/uploads\/2020\/12\/WhatsApp-Image-2020-12-09-at-17.24.29.jpeg","type":"image\/jpeg"}],"author":"Matheus Augusto de Albuquerque","twitter_card":"summary_large_image","twitter_misc":{"Escrito por":"Matheus Augusto de Albuquerque","Est. tempo de leitura":"3 minutos"},"schema":{"@context":"https:\/\/schema.org","@graph":[{"@type":"WebPage","@id":"https:\/\/www.mobly.com.br\/blog\/sem-categoria\/decoracao-com-nichos-e-prateleiras\/","url":"https:\/\/www.mobly.com.br\/blog\/sem-categoria\/decoracao-com-nichos-e-prateleiras\/","name":"Decora\u00e7\u00e3o com nichos e prateleiras: X modelos para voc\u00ea se inspirar","isPartOf":{"@id":"https:\/\/www.mobly.com.br\/blog\/#website"},"primaryImageOfPage":{"@id":"https:\/\/www.mobly.com.br\/blog\/sem-categoria\/decoracao-com-nichos-e-prateleiras\/#primaryimage"},"image":{"@id":"https:\/\/www.mobly.com.br\/blog\/sem-categoria\/decoracao-com-nichos-e-prateleiras\/#primaryimage"},"thumbnailUrl":"https:\/\/www.mobly.com.br\/blog\/wp-content\/uploads\/2020\/12\/WhatsApp-Image-2020-12-09-at-17.24.29.jpeg","datePublished":"2020-12-10T11:00:00+00:00","author":{"@id":"https:\/\/www.mobly.com.br\/blog\/#\/schema\/person\/ba846b13584e389d8ab81feba400a7f5"},"description":"Saiba como fazer uma decora\u00e7\u00e3o com nichos e prateleiras em casa para deixar tudo mais organizado e bonito.","breadcrumb":{"@id":"https:\/\/www.mobly.com.br\/blog\/sem-categoria\/decoracao-com-nichos-e-prateleiras\/#breadcrumb"},"inLanguage":"pt-BR","potentialAction":[{"@type":"ReadAction","target":["https:\/\/www.mobly.com.br\/blog\/sem-categoria\/decoracao-com-nichos-e-prateleiras\/"]}]},{"@type":"ImageObject","inLanguage":"pt-BR","@id":"https:\/\/www.mobly.com.br\/blog\/sem-categoria\/decoracao-com-nichos-e-prateleiras\/#primaryimage","url":"https:\/\/www.mobly.com.br\/blog\/wp-content\/uploads\/2020\/12\/WhatsApp-Image-2020-12-09-at-17.24.29.jpeg","contentUrl":"https:\/\/www.mobly.com.br\/blog\/wp-content\/uploads\/2020\/12\/WhatsApp-Image-2020-12-09-at-17.24.29.jpeg","width":1024,"height":691},{"@type":"BreadcrumbList","@id":"https:\/\/www.mobly.com.br\/blog\/sem-categoria\/decoracao-com-nichos-e-prateleiras\/#breadcrumb","itemListElement":[{"@type":"ListItem","position":1,"name":"Home","item":"https:\/\/www.mobly.com.br\/blog\/"},{"@type":"ListItem","position":2,"name":"Sem categoria","item":"https:\/\/www.mobly.com.br\/blog\/sem-categoria\/"},{"@type":"ListItem","position":3,"name":"Decora\u00e7\u00e3o com nichos e prateleiras: saiba tudo sobre o assunto"}]},{"@type":"WebSite","@id":"https:\/\/www.mobly.com.br\/blog\/#website","url":"https:\/\/www.mobly.com.br\/blog\/","name":"Blog da Mobly","description":"Dicas de Decora\u00e7\u00e3o, Inspira\u00e7\u00f5es e Mais","potentialAction":[{"@type":"SearchAction","target":{"@type":"EntryPoint","urlTemplate":"https:\/\/www.mobly.com.br\/blog\/?s={search_term_string}"},"query-input":{"@type":"PropertyValueSpecification","valueRequired":true,"valueName":"search_term_string"}}],"inLanguage":"pt-BR"},{"@type":"Person","@id":"https:\/\/www.mobly.com.br\/blog\/#\/schema\/person\/ba846b13584e389d8ab81feba400a7f5","name":"Matheus Augusto de Albuquerque","image":{"@type":"ImageObject","inLanguage":"pt-BR","@id":"https:\/\/www.mobly.com.br\/blog\/#\/schema\/person\/image\/","url":"https:\/\/secure.gravatar.com\/avatar\/36d94c15f344cc57ec1d2095798b12e2?s=96&d=mm&r=g","contentUrl":"https:\/\/secure.gravatar.com\/avatar\/36d94c15f344cc57ec1d2095798b12e2?s=96&d=mm&r=g","caption":"Matheus Augusto de Albuquerque"},"url":"https:\/\/www.mobly.com.br\/blog\/author\/matheus-albuquerque\/"}]}},"_links":{"self":[{"href":"https:\/\/www.mobly.com.br\/blog\/wp-json\/wp\/v2\/posts\/14172","targetHints":{"allow":["GET"]}}],"collection":[{"href":"https:\/\/www.mobly.com.br\/blog\/wp-json\/wp\/v2\/posts"}],"about":[{"href":"https:\/\/www.mobly.com.br\/blog\/wp-json\/wp\/v2\/types\/post"}],"author":[{"embeddable":true,"href":"https:\/\/www.mobly.com.br\/blog\/wp-json\/wp\/v2\/users\/29"}],"replies":[{"embeddable":true,"href":"https:\/\/www.mobly.com.br\/blog\/wp-json\/wp\/v2\/comments?post=14172"}],"version-history":[{"count":3,"href":"https:\/\/www.mobly.com.br\/blog\/wp-json\/wp\/v2\/posts\/14172\/revisions"}],"predecessor-version":[{"id":20736,"href":"https:\/\/www.mobly.com.br\/blog\/wp-json\/wp\/v2\/posts\/14172\/revisions\/20736"}],"wp:featuredmedia":[{"embeddable":true,"href":"https:\/\/www.mobly.com.br\/blog\/wp-json\/wp\/v2\/media\/14176"}],"wp:attachment":[{"href":"https:\/\/www.mobly.com.br\/blog\/wp-json\/wp\/v2\/media?parent=14172"}],"wp:term":[{"taxonomy":"category","embeddable":true,"href":"https:\/\/www.mobly.com.br\/blog\/wp-json\/wp\/v2\/categories?post=14172"},{"taxonomy":"post_tag","embeddable":true,"href":"https:\/\/www.mobly.com.br\/blog\/wp-json\/wp\/v2\/tags?post=14172"}],"curies":[{"name":"wp","href":"https:\/\/api.w.org\/{rel}","templated":true}]}}